{"id":6187,"date":"2026-03-17T15:02:14","date_gmt":"2026-03-17T14:02:14","guid":{"rendered":"https:\/\/www.vitalibera.org\/community\/?p=6187"},"modified":"2026-03-17T15:22:20","modified_gmt":"2026-03-17T14:22:20","slug":"gesunder-schlaf-nach-neurologischen-erkrankung","status":"publish","type":"post","link":"https:\/\/www.vitalibera.org\/community\/2026\/03\/17\/gesunder-schlaf-nach-neurologischen-erkrankung\/","title":{"rendered":"Gesunder Schlaf nach neurologischen Erkrankung"},"content":{"rendered":"\n<p>Gesunder Schlaf ist nach einer neurologischen Erkrankung (z.B. <a href=\"https:\/\/www.vitalibera.org\/community\/enzyklopaedie\/schlaganfall\/\" target=\"_self\" title=\"Ein Schlaganfall, auch Hirnschlag oder Apoplex genannt, ist eine&nbsp;pl&ouml;tzlich auftretende Durchblutungsst&ouml;rung im Gehirn, die dazu f&uuml;hrt, dass Gehirnzellen nicht mehr ausreichend mit Sauerstoff und N&auml;hrstoffen versorgt werden.&nbsp;Dies kann zu bleibenden Sch&auml;den oder sogar zum Absterben von Hirnzellen f&uuml;hren, wenn die Durchblutung nicht schnell wiederhergestellt wird.&nbsp; Einfach erkl&auml;rt: Stellen Sie sich vor, ein Teil Ihres Gehirns&hellip;\" class=\"encyclopedia\">Schlaganfall<\/a>, <a href=\"https:\/\/www.vitalibera.org\/community\/enzyklopaedie\/parkinson-2\/\" target=\"_self\" title=\"Parkinson ist eine&nbsp;chronisch fortschreitende neurodegenerative Erkrankung, die durch den fortschreitenden Verlust von Nervenzellen im Gehirn verursacht wird, was zu einem Mangel am Botenstoff Dopamin f&uuml;hrt.&nbsp;Dies &auml;u&szlig;ert sich prim&auml;r in Bewegungsst&ouml;rungen wie Zittern (Tremor), verlangsamten Bewegungen (Bradykinese), Muskelsteifheit (Rigor) und Gleichgewichtsst&ouml;rungen.&nbsp;Die Krankheit betrifft h&auml;ufig das extrapyramidal-motorische System und kann je nach Ursache als idiopathisches, genetisches, atypisches&hellip;\" class=\"encyclopedia\">Parkinson<\/a>) essenziell f&uuml;r die Neurorehabilitation, da er die <a href=\"https:\/\/www.vitalibera.org\/community\/enzyklopaedie\/neuroplastizitaet\/\" target=\"_self\" title=\"Neuroplastizit&auml;t&nbsp;beschreibt die F&auml;higkeit des Gehirns, sich durch die gesamte Lebensspanne hinweg zu ver&auml;ndern, anzupassen und neue Verbindungen zwischen Nervenzellen zu bilden.&nbsp;Diese st&auml;ndige Umstrukturierung erm&ouml;glicht Lernen und Wachstum, spielt eine entscheidende Rolle bei der Genesung nach Hirnsch&auml;den wie Schlaganf&auml;llen und ist die Grundlage f&uuml;r die Entwicklung von F&auml;higkeiten und die Anpassung an die Umwelt.&nbsp;Regelm&auml;&szlig;iges &Uuml;ben und&hellip;\" class=\"encyclopedia\">Neuroplastizit&auml;t<\/a> f&ouml;rdert, kognitive Funktionen verbessert und die Regeneration gesch&auml;digter Nervennetzwerke unterst&uuml;tzt.&nbsp;Feste Schlafenszeiten, ein abgedunkeltes Schlafzimmer, Verzicht auf Alkohol\/Koffein und t&auml;gliches Tageslicht sind entscheidend.&nbsp;<\/p>\n\n\n\n<p>Warum Schlaf nach neurologischen Sch&auml;den so wichtig ist<\/p>\n\n\n\n<ul class=\"wp-block-list\">\n<li><strong><a href=\"https:\/\/www.vitalibera.org\/community\/enzyklopaedie\/neuroplastizitaet\/\" target=\"_self\" title=\"Neuroplastizit&auml;t&nbsp;beschreibt die F&auml;higkeit des Gehirns, sich durch die gesamte Lebensspanne hinweg zu ver&auml;ndern, anzupassen und neue Verbindungen zwischen Nervenzellen zu bilden.&nbsp;Diese st&auml;ndige Umstrukturierung erm&ouml;glicht Lernen und Wachstum, spielt eine entscheidende Rolle bei der Genesung nach Hirnsch&auml;den wie Schlaganf&auml;llen und ist die Grundlage f&uuml;r die Entwicklung von F&auml;higkeiten und die Anpassung an die Umwelt.&nbsp;Regelm&auml;&szlig;iges &Uuml;ben und&hellip;\" class=\"encyclopedia\">Neuroplastizit&auml;t<\/a>:<\/strong>&nbsp;Schlaf hilft dem Gehirn, sich neu zu organisieren, neue Verbindungen zu kn&uuml;pfen und verlorene Funktionen zur&uuml;ckzugewinnen.<\/li>\n\n\n\n<li><strong>Regeneration:<\/strong>&nbsp;Der Stoffwechsel im Gehirn reduziert sich, was die Erholung der <a href=\"https:\/\/www.vitalibera.org\/community\/enzyklopaedie\/nervenzellen\/\" target=\"_self\" title=\"Nervenzellen, auch Neurone genannt, sind die grundlegenden Einheiten des Nervensystems, die elektrische und chemische Signale aufnehmen, verarbeiten und weiterleiten.&nbsp;Sie erm&ouml;glichen die Kommunikation zwischen verschiedenen K&ouml;rperteilen und die Steuerung von Funktionen wie Wahrnehmung, Bewegung und Denken.&nbsp;Typischerweise bestehen sie aus einem Zellk&ouml;rper, einem langen Fortsatz (Axon) f&uuml;r die Signalabgabe und mehreren k&uuml;rzeren Forts&auml;tzen (Dendriten) f&uuml;r die Signalaufnahme.&nbsp;&nbsp;&hellip;\" class=\"encyclopedia\">Nervenzellen<\/a> erm&ouml;glicht.<\/li>\n\n\n\n<li><strong>Ged&auml;chtnis &amp; Motivation:<\/strong>&nbsp;Guter Schlaf f&ouml;rdert die kognitive Funktion und steigert die Motivation f&uuml;r Therapien.<\/li>\n\n\n\n<li><strong>Reduzierung von Komplikationen:<\/strong>&nbsp;Ausreichend Schlaf senkt den <a href=\"https:\/\/www.vitalibera.org\/community\/enzyklopaedie\/blutdruck\/\" target=\"_self\" title=\"Der Blutdruck ist der Druck des Blutes auf die Arterienw&auml;nde, gemessen in Millimeter Quecksilbers&auml;ule (mmHg).&nbsp;Ein optimaler Wert f&uuml;r Erwachsene ist unter 120\/80 mmHg, wobei Werte bis 130\/85 mmHg als normal gelten.&nbsp;Bluthochdruck (Hypertonie) liegt vor, wenn die Werte dauerhaft erh&ouml;ht sind und kann durch Lebensstilfaktoren wie Stress, ungesunde Ern&auml;hrung oder Bewegungsmangel entstehen.&nbsp;Bei Verdacht auf erh&ouml;hte Werte&hellip;\" class=\"encyclopedia\">Blutdruck<\/a> und beugt Sekund&auml;rerkrankungen vor.&nbsp;<\/li>\n<\/ul>\n\n\n\n<p><strong>Tipps f&uuml;r einen gesunden Schlaf (Schlafhygiene)<\/strong><\/p>\n\n\n\n<ul class=\"wp-block-list\">\n<li><strong>Rhythmus:<\/strong>&nbsp;Halten Sie feste Schlaf- und Aufstehzeiten ein, auch am Wochenende.<\/li>\n\n\n\n<li><strong>Umgebung:<\/strong>&nbsp;Das Schlafzimmer sollte dunkel, ruhig und gut bel&uuml;ftet sein (ggf. Ohrst&ouml;psel).<\/li>\n\n\n\n<li><strong>Tagesablauf:<\/strong>&nbsp;T&auml;glich mindestens 30 Minuten Tageslicht (z.B. Spaziergang) hilft, den Schlaf-Wach-Rhythmus zu stabilisieren.<\/li>\n\n\n\n<li><strong>Abendroutine:<\/strong>&nbsp;Entspannungstechniken (Meditation, Atem&uuml;bungen) helfen, zur Ruhe zu kommen.<\/li>\n\n\n\n<li><strong>Bildschirmfreie Zeit:<\/strong>&nbsp;Mindestens eine Stunde vor dem Schlafen keine Smartphones oder Tablets, da das blaue Licht die <a href=\"https:\/\/www.vitalibera.org\/community\/enzyklopaedie\/melatonin\/\" target=\"_self\" title=\"Melatonin ist ein&nbsp;Hormon, das der K&ouml;rper selbst in der Zirbeldr&uuml;se produziert, um den Schlaf-Wach-Rhythmus zu steuern. Es wird bei Dunkelheit ausgesch&uuml;ttet und f&ouml;rdert den Schlaf, w&auml;hrend Licht die Produktion hemmt. Synthetisch hergestelltes Melatonin wird als Nahrungserg&auml;nzungsmittel oder verschreibungspflichtiges Medikament zur kurzfristigen Behandlung von Schlafst&ouml;rungen wie Jetlag oder Insomnie eingesetzt. Funktionen und Wirkung Regulation des Schlaf-Wach-Rhythmus:&nbsp;Melatonin&hellip;\" class=\"encyclopedia\">Melatonin<\/a>produktion st&ouml;rt.<\/li>\n\n\n\n<li><strong>Bett-Regel:<\/strong>&nbsp;Das Bett nur zum Schlafen nutzen. Bei Schlaflosigkeit aufstehen und erst bei M&uuml;digkeit zur&uuml;ckkehren.<\/li>\n\n\n\n<li><strong>Verzicht:<\/strong>&nbsp;Koffein und Alkohol am Abend vermeiden.&nbsp;<\/li>\n<\/ul>\n\n\n\n<p>Umgang mit Schlafproblemen<\/p>\n\n\n\n<ul class=\"wp-block-list\">\n<li><strong>Medikamenten-Check:<\/strong>&nbsp;Sprechen Sie mit Ihrem Arzt &uuml;ber Nebenwirkungen von Medikamenten, die den Schlaf beeinflussen k&ouml;nnen.<\/li>\n\n\n\n<li><strong>Mittagsschlaf:<\/strong>&nbsp;Kurze Schl&auml;fchen am Tag begrenzen, um den Nachtschlaf nicht zu gef&auml;hrden.<\/li>\n\n\n\n<li><strong>Hilfe suchen:<\/strong>&nbsp;Bei andauernden Problemen sind Schlaflabore oder spezialisierte neurologische Zentren die richtigen Ansprechpartner.&nbsp;<\/li>\n<\/ul>\n\n\n\n<div class=\"wp-block-media-text is-stacked-on-mobile\"><figure class=\"wp-block-media-text__media\"><img fetchpriority=\"high\" decoding=\"async\" width=\"259\" height=\"240\" src=\"http:\/\/www.vitalibera.org\/community\/wp-content\/uploads\/2026\/03\/8d884cf0d4c0d0127526e5ae396128bd.jpg\" alt=\"\" class=\"wp-image-6155 size-full\"><\/figure><div class=\"wp-block-media-text__content\">\n<p><em><strong>Hinweis<\/strong>: Ausreichend Ruhe ist Teil der Genesung, aber &uuml;berm&auml;&szlig;iges Liegen im Bett ohne Schlaf sollte vermieden werden.<\/em><\/p>\n<\/div><\/div>\n\n\n\n<p><strong>Welche neurologischen Erkrankungen beeinflussen den Schlaf?<\/strong><\/p>\n\n\n\n<p>Menschen mit Hirnerkrankungen wie&nbsp;<strong><a href=\"https:\/\/www.vitalibera.org\/community\/enzyklopaedie\/parkinson-2\/\" target=\"_self\" title=\"Parkinson ist eine&nbsp;chronisch fortschreitende neurodegenerative Erkrankung, die durch den fortschreitenden Verlust von Nervenzellen im Gehirn verursacht wird, was zu einem Mangel am Botenstoff Dopamin f&uuml;hrt.&nbsp;Dies &auml;u&szlig;ert sich prim&auml;r in Bewegungsst&ouml;rungen wie Zittern (Tremor), verlangsamten Bewegungen (Bradykinese), Muskelsteifheit (Rigor) und Gleichgewichtsst&ouml;rungen.&nbsp;Die Krankheit betrifft h&auml;ufig das extrapyramidal-motorische System und kann je nach Ursache als idiopathisches, genetisches, atypisches&hellip;\" class=\"encyclopedia\">Parkinson<\/a> und Alzheimer<\/strong>&nbsp;leiden h&auml;ufig unter Schlafst&ouml;rungen. &Uuml;bergewicht ist ein Risikofaktor f&uuml;r <a href=\"https:\/\/www.vitalibera.org\/community\/enzyklopaedie\/schlafapnoe\/\" target=\"_self\" title=\"Schlafapnoe ist eine&nbsp;Schlafst&ouml;rung, bei der die Atmung w&auml;hrend des Schlafs wiederholt aussetzt.&nbsp;Dies f&uuml;hrt zu gest&ouml;rtem Schlaf und Tagesm&uuml;digkeit, da der Sauerstoffgehalt im Blut kurzzeitig sinkt.&nbsp;Die h&auml;ufigste Form ist die obstruktive Schlafapnoe, die durch eine Blockade der oberen Atemwege verursacht wird.&nbsp;Zu den Symptomen geh&ouml;ren lautes Schnarchen, starke Tagesm&uuml;digkeit und morgendliche Kopfschmerzen.&nbsp;Eine Behandlung ist wichtig, um das&hellip;\" class=\"encyclopedia\">Schlafapnoe<\/a> und <a href=\"https:\/\/www.vitalibera.org\/community\/enzyklopaedie\/schlaganfall\/\" target=\"_self\" title=\"Ein Schlaganfall, auch Hirnschlag oder Apoplex genannt, ist eine&nbsp;pl&ouml;tzlich auftretende Durchblutungsst&ouml;rung im Gehirn, die dazu f&uuml;hrt, dass Gehirnzellen nicht mehr ausreichend mit Sauerstoff und N&auml;hrstoffen versorgt werden.&nbsp;Dies kann zu bleibenden Sch&auml;den oder sogar zum Absterben von Hirnzellen f&uuml;hren, wenn die Durchblutung nicht schnell wiederhergestellt wird.&nbsp; Einfach erkl&auml;rt: Stellen Sie sich vor, ein Teil Ihres Gehirns&hellip;\" class=\"encyclopedia\">Schlaganfall<\/a>. Auch nach einer <a href=\"https:\/\/www.vitalibera.org\/community\/enzyklopaedie\/rueckenmark\/\" target=\"_self\" title=\"Das R&uuml;ckenmark ist ein&nbsp;zentraler Bestandteil des zentralen Nervensystems und verl&auml;uft als langes Nervenb&uuml;ndel durch den Wirbelkanal der Wirbels&auml;ule, um Signale zwischen Gehirn und K&ouml;rper zu &uuml;bermitteln.&nbsp;Es dient als Hauptverbindungsleitung f&uuml;r Informationen und steuert nebenbei reflexartige Bewegungen unabh&auml;ngig vom Gehirn.&nbsp; Aufbau und Funktion Signal&uuml;bertragung:&nbsp; Das R&uuml;ckenmark leitet Signale vom Gehirn an den K&ouml;rper (z. B. f&uuml;r&hellip;\" class=\"encyclopedia\">R&uuml;ckenmark<\/a>sverletzung k&ouml;nnen Schlafst&ouml;rungen auftreten.<\/p>\n\n\n\n<p><strong>Ist Schlaf gut f&uuml;r die Genesung von <a href=\"https:\/\/www.vitalibera.org\/community\/enzyklopaedie\/hirnverletzung\/\" target=\"_self\" title=\"Eine Hirnverletzung (oft als&nbsp;Sch&auml;del-Hirn-Trauma, SHT) ist eine&nbsp;Sch&auml;digung des Gehirns, verursacht durch &auml;u&szlig;ere Gewalteinwirkung (Unfall, Sturz) oder innere Faktoren (Schlaganfall, Tumor). Sie f&uuml;hrt zu k&ouml;rperlichen, kognitiven und verhaltensbezogenen Einschr&auml;nkungen, die oft unsichtbar bleiben. Symptome reichen von Kopfschmerzen bis zu schweren Behinderungen. Wichtige Aspekte der Hirnverletzung: Ursachen:&nbsp;H&auml;ufig durch Schlaganf&auml;lle, Hirnblutungen, Sauerstoffmangel oder St&uuml;rze\/Verkehrsunf&auml;lle (Sch&auml;del-Hirn-Trauma). Formen (SHT):&nbsp;Unterscheidung in&hellip;\" class=\"encyclopedia\">Hirnverletzung<\/a>en?<\/strong><\/p>\n\n\n\n<p><strong>Eine neue Studie unterstreicht, wie wichtig ungest&ouml;rter Schlaf f&uuml;r die Genesung nach einem <a href=\"https:\/\/www.vitalibera.org\/community\/enzyklopaedie\/schaedel-hirn-trauma-sht\/\" target=\"_self\" title=\"Sch&auml;del-Hirn-Trauma (SHT), eine Verletzung des Sch&auml;dels und\/oder des Gehirns, die durch eine Gewalteinwirkung verursacht wird.&nbsp;SHTs reichen von leichten Formen wie Gehirnersch&uuml;tterungen bis hin zu schweren Verletzungen, die eine sofortige medizinische Behandlung erfordern und lebensbedrohlich sein k&ouml;nnen.&nbsp;M&ouml;gliche Folgen sind vor&uuml;bergehende oder dauerhafte Einschr&auml;nkungen der Hirnfunktion sowie Blutungen.&nbsp; Ursachen &Auml;u&szlig;ere Krafteinwirkung auf den Kopf Unf&auml;lle und St&uuml;rze&hellip;\" class=\"encyclopedia\">Sch&auml;del-Hirn-Trauma<\/a> ist<\/strong>&nbsp;. Dabei wurde festgestellt, dass fragmentierter Schlaf bei verletzten M&auml;usen mit einem Verlust des <a href=\"https:\/\/www.vitalibera.org\/community\/enzyklopaedie\/rem-schlaf\/\" target=\"_self\" title=\"Der REM-Schlaf (Rapid Eye Movement) ist die&nbsp;traumintensive Phase des Schlafzyklus, gekennzeichnet durch schnelle Augenbewegungen, hohe Gehirnaktivit&auml;t, gesteigerten Puls und eine fast vollst&auml;ndige Entspannung der Muskeln&nbsp;(Atonie). Er tritt meist im letzten Drittel der Nacht auf, dauert etwa 90-120 Minuten und ist essenziell f&uuml;r die emotionale Verarbeitung, Ged&auml;chtnisbildung und Kreativit&auml;t Wichtige Fakten zum REM-Schlaf: Traumschlaf:&nbsp;In dieser Phase&hellip;\" class=\"encyclopedia\">REM-Schlaf<\/a>s (Rapid-Eye-Movement-Schlaf) und verst&auml;rkter M&uuml;digkeit einhergeht.<\/p>\n\n\n\n<p><strong>Wann erholt sich das Gehirn im Schlaf?<\/strong><\/p>\n\n\n\n<p><strong>W&auml;hrend des Schlafs erholt sich das Gehirn<\/strong>. Informationen, die es w&auml;hrend des Tages erhalten hat, werden weiterverarbeitet und im Ged&auml;chtnis gespeichert. So kann das Gehirn am n&auml;chsten Tag wieder neue Eindr&uuml;cke aufnehmen. Man vermutet, dass Tr&auml;ume dabei helfen, Informationen im Ged&auml;chtnis zu festigen.<\/p>\n\n\n\n<p><strong>Welcher Schlaf regeneriert das Gehirn?<\/strong><\/p>\n\n\n\n<p>In&nbsp;<strong>Phase 3<\/strong>&nbsp;sind Ihre Gehirnwellen langsam, aber intensiv. Ihr K&ouml;rper nutzt diese tiefe Schlafphase, um Verletzungen zu reparieren und das Immunsystem zu st&auml;rken. Die gleichen Aktivit&auml;tsspitzen im Gehirn, die in Phase 2 auftreten, k&ouml;nnen auch in Phase 3 vorkommen, und die f&uuml;r Phase 3 spezifischen Gehirnwellen helfen, diese Spitzen zu regulieren.<\/p>\n\n\n\n<p><strong>Was ist besser f&uuml;r Ihr Gehirn, <a href=\"https:\/\/www.vitalibera.org\/community\/enzyklopaedie\/rem-schlaf\/\" target=\"_self\" title=\"Der REM-Schlaf (Rapid Eye Movement) ist die&nbsp;traumintensive Phase des Schlafzyklus, gekennzeichnet durch schnelle Augenbewegungen, hohe Gehirnaktivit&auml;t, gesteigerten Puls und eine fast vollst&auml;ndige Entspannung der Muskeln&nbsp;(Atonie). Er tritt meist im letzten Drittel der Nacht auf, dauert etwa 90-120 Minuten und ist essenziell f&uuml;r die emotionale Verarbeitung, Ged&auml;chtnisbildung und Kreativit&auml;t Wichtige Fakten zum REM-Schlaf: Traumschlaf:&nbsp;In dieser Phase&hellip;\" class=\"encyclopedia\">REM-Schlaf<\/a> oder <a href=\"https:\/\/www.vitalibera.org\/community\/enzyklopaedie\/tiefschlaf\/\" target=\"_self\" title=\"Tiefschlaf ist die&nbsp;erholsamste Phase des Schlafzyklus (NREM-Schlafstadium N3), in der sich K&ouml;rper und Gehirn regenerieren, Zellen erneuern und das Immunsystem gest&auml;rkt wird. In dieser Zeit sind Puls, Atmung und Gehirnaktivit&auml;t stark verlangsamt, w&auml;hrend der K&ouml;rper meist regungslos ist. Tiefschlaf ist essenziell f&uuml;r die Verarbeitung von Informationen, Ged&auml;chtnisbildung und k&ouml;rperliche Reparaturprozesse. Wichtige Fakten zum Tiefschlaf: Zeitpunkt&hellip;\" class=\"encyclopedia\">Tiefschlaf<\/a>?<\/strong><\/p>\n\n\n\n<p><strong>Der <a href=\"https:\/\/www.vitalibera.org\/community\/enzyklopaedie\/tiefschlaf\/\" target=\"_self\" title=\"Tiefschlaf ist die&nbsp;erholsamste Phase des Schlafzyklus (NREM-Schlafstadium N3), in der sich K&ouml;rper und Gehirn regenerieren, Zellen erneuern und das Immunsystem gest&auml;rkt wird. In dieser Zeit sind Puls, Atmung und Gehirnaktivit&auml;t stark verlangsamt, w&auml;hrend der K&ouml;rper meist regungslos ist. Tiefschlaf ist essenziell f&uuml;r die Verarbeitung von Informationen, Ged&auml;chtnisbildung und k&ouml;rperliche Reparaturprozesse. Wichtige Fakten zum Tiefschlaf: Zeitpunkt&hellip;\" class=\"encyclopedia\">Tiefschlaf<\/a><\/strong>&nbsp;, auch Non-<a href=\"https:\/\/www.vitalibera.org\/community\/enzyklopaedie\/rem-schlaf\/\" target=\"_self\" title=\"Der REM-Schlaf (Rapid Eye Movement) ist die&nbsp;traumintensive Phase des Schlafzyklus, gekennzeichnet durch schnelle Augenbewegungen, hohe Gehirnaktivit&auml;t, gesteigerten Puls und eine fast vollst&auml;ndige Entspannung der Muskeln&nbsp;(Atonie). Er tritt meist im letzten Drittel der Nacht auf, dauert etwa 90-120 Minuten und ist essenziell f&uuml;r die emotionale Verarbeitung, Ged&auml;chtnisbildung und Kreativit&auml;t Wichtige Fakten zum REM-Schlaf: Traumschlaf:&nbsp;In dieser Phase&hellip;\" class=\"encyclopedia\">REM-Schlaf<\/a> genannt, ist das dritte Schlafstadium und gilt als besonders wichtig f&uuml;r die Gesundheit des Gehirns.<\/p>\n\n\n\n<div class=\"wp-block-media-text is-stacked-on-mobile is-vertically-aligned-top\"><figure class=\"wp-block-media-text__media\"><img decoding=\"async\" width=\"259\" height=\"240\" src=\"http:\/\/www.vitalibera.org\/community\/wp-content\/uploads\/2026\/03\/dbc5972683099460054d3dbc8212a892.jpg\" alt=\"\" class=\"wp-image-6119 size-full\"><\/figure><div class=\"wp-block-media-text__content\">\n<p><strong>Weitere Informtionen<\/strong><\/p>\n\n\n\n<figure class=\"wp-block-embed is-type-wp-embed is-provider-vitalibera-org wp-block-embed-vitalibera-org\"><div class=\"wp-block-embed__wrapper\">\n<blockquote class=\"wp-embedded-content\" data-secret=\"xr7pxNozhy\"><a href=\"https:\/\/www.vitalibera.org\/community\/2026\/03\/17\/schlafphasen\/\">Schlafphasen<\/a><\/blockquote><iframe class=\"wp-embedded-content\" sandbox=\"allow-scripts\" security=\"restricted\" style=\"position: absolute; visibility: hidden;\" title=\"&bdquo;Schlafphasen&ldquo; &ndash; vitalibera.org\" src=\"https:\/\/www.vitalibera.org\/community\/2026\/03\/17\/schlafphasen\/embed\/#?secret=CJh4M9Jd26#?secret=xr7pxNozhy\" data-secret=\"xr7pxNozhy\" width=\"600\" height=\"338\" frameborder=\"0\" marginwidth=\"0\" marginheight=\"0\" scrolling=\"no\"><\/iframe>\n<\/div><\/figure>\n<\/div><\/div>\n","protected":false},"excerpt":{"rendered":"<p>Gesunder Schlaf ist nach einer neurologischen Erkrankung (z.B. Schlaganfall, Parkinson) essenziell f\u00fcr die Neurorehabilitation, da er die Neuroplastizit\u00e4t f\u00f6rdert, kognitive Funktionen verbessert und die Regeneration gesch\u00e4digter Nervennetzwerke unterst\u00fctzt.&nbsp;Feste Schlafenszeiten, ein abgedunkeltes Schlafzimmer, Verzicht auf Alkohol\/Koffein und t\u00e4gliches Tageslicht sind entscheidend.&nbsp; Warum Schlaf nach neurologischen Sch\u00e4den so wichtig ist Tipps f\u00fcr einen gesunden Schlaf (Schlafhygiene) Umgang &#8230; <a title=\"Gesunder Schlaf nach neurologischen Erkrankung\" class=\"read-more\" href=\"https:\/\/www.vitalibera.org\/community\/2026\/03\/17\/gesunder-schlaf-nach-neurologischen-erkrankung\/\" aria-label=\"Mehr Informationen \u00fcber Gesunder Schlaf nach neurologischen Erkrankung\">Weiterlesen<\/a><\/p>\n","protected":false},"author":2,"featured_media":6193,"comment_status":"open","ping_status":"open","sticky":false,"template":"","format":"standard","meta":{"cybocfi_hide_featured_image":"yes","_jetpack_memberships_contains_paid_content":false,"footnotes":""},"categories":[159],"tags":[],"class_list":["post-6187","post","type-post","status-publish","format-standard","has-post-thumbnail","hentry","category-fachwissen"],"yoast_head":"<!-- This site is optimized with the Yoast SEO plugin v27.4 - https:\/\/yoast.com\/product\/yoast-seo-wordpress\/ -->\r\n<title>Gesunder Schlaf nach neurologischen Erkrankung - vitalibera.org<\/title>\r\n<meta name=\"robots\" content=\"index, follow, max-snippet:-1, max-image-preview:large, max-video-preview:-1\" \/>\r\n<link rel=\"canonical\" href=\"http:\/\/www.vitalibera.org\/community\/2026\/03\/17\/gesunder-schlaf-nach-neurologischen-erkrankung\/\" \/>\r\n<meta property=\"og:locale\" content=\"de_DE\" \/>\r\n<meta property=\"og:type\" content=\"article\" \/>\r\n<meta property=\"og:title\" content=\"Gesunder Schlaf nach neurologischen Erkrankung - vitalibera.org\" \/>\r\n<meta property=\"og:description\" content=\"Gesunder Schlaf ist nach einer neurologischen Erkrankung (z.B. Schlaganfall, Parkinson) essenziell f\u00fcr die Neurorehabilitation, da er die Neuroplastizit\u00e4t f\u00f6rdert, kognitive Funktionen verbessert und die Regeneration gesch\u00e4digter Nervennetzwerke unterst\u00fctzt.&nbsp;Feste Schlafenszeiten, ein abgedunkeltes Schlafzimmer, Verzicht auf Alkohol\/Koffein und t\u00e4gliches Tageslicht sind entscheidend.&nbsp; Warum Schlaf nach neurologischen Sch\u00e4den so wichtig ist Tipps f\u00fcr einen gesunden Schlaf (Schlafhygiene) Umgang ... Weiterlesen\" \/>\r\n<meta property=\"og:url\" content=\"http:\/\/www.vitalibera.org\/community\/2026\/03\/17\/gesunder-schlaf-nach-neurologischen-erkrankung\/\" \/>\r\n<meta property=\"og:site_name\" content=\"vitalibera.org\" \/>\r\n<meta property=\"article:publisher\" content=\"https:\/\/www.facebook.com\/groups\/2997085857140235\" \/>\r\n<meta property=\"article:published_time\" content=\"2026-03-17T14:02:14+00:00\" \/>\r\n<meta property=\"article:modified_time\" content=\"2026-03-17T14:22:20+00:00\" \/>\r\n<meta property=\"og:image\" content=\"http:\/\/www.vitalibera.org\/community\/wp-content\/uploads\/2026\/03\/brainsleep.png\" \/>\r\n\t<meta property=\"og:image:width\" content=\"520\" \/>\r\n\t<meta property=\"og:image:height\" content=\"477\" \/>\r\n\t<meta property=\"og:image:type\" content=\"image\/png\" \/>\r\n<meta name=\"author\" content=\"Andreas Jecklin\" \/>\r\n<meta name=\"twitter:card\" content=\"summary_large_image\" \/>\r\n<meta name=\"twitter:label1\" content=\"Verfasst von\" \/>\n\t<meta name=\"twitter:data1\" content=\"Andreas Jecklin\" \/>\n\t<meta name=\"twitter:label2\" content=\"Gesch\u00e4tzte Lesezeit\" \/>\n\t<meta name=\"twitter:data2\" content=\"4\u00a0Minuten\" \/>\r\n<script type=\"application\/ld+json\" class=\"yoast-schema-graph\">{\"@context\":\"https:\\\/\\\/schema.org\",\"@graph\":[{\"@type\":\"Article\",\"@id\":\"http:\\\/\\\/www.vitalibera.org\\\/community\\\/2026\\\/03\\\/17\\\/gesunder-schlaf-nach-neurologischen-erkrankung\\\/#article\",\"isPartOf\":{\"@id\":\"http:\\\/\\\/www.vitalibera.org\\\/community\\\/2026\\\/03\\\/17\\\/gesunder-schlaf-nach-neurologischen-erkrankung\\\/\"},\"author\":{\"name\":\"Andreas Jecklin\",\"@id\":\"https:\\\/\\\/www.vitalibera.org\\\/community\\\/#\\\/schema\\\/person\\\/6712387298421f222ff6d0a2e22c1534\"},\"headline\":\"Gesunder Schlaf nach neurologischen Erkrankung\",\"datePublished\":\"2026-03-17T14:02:14+00:00\",\"dateModified\":\"2026-03-17T14:22:20+00:00\",\"mainEntityOfPage\":{\"@id\":\"http:\\\/\\\/www.vitalibera.org\\\/community\\\/2026\\\/03\\\/17\\\/gesunder-schlaf-nach-neurologischen-erkrankung\\\/\"},\"wordCount\":558,\"commentCount\":0,\"publisher\":{\"@id\":\"https:\\\/\\\/www.vitalibera.org\\\/community\\\/#organization\"},\"image\":{\"@id\":\"http:\\\/\\\/www.vitalibera.org\\\/community\\\/2026\\\/03\\\/17\\\/gesunder-schlaf-nach-neurologischen-erkrankung\\\/#primaryimage\"},\"thumbnailUrl\":\"https:\\\/\\\/www.vitalibera.org\\\/community\\\/wp-content\\\/uploads\\\/2026\\\/03\\\/brainsleep.png\",\"articleSection\":[\"Fachwissen\"],\"inLanguage\":\"de\",\"potentialAction\":[{\"@type\":\"CommentAction\",\"name\":\"Comment\",\"target\":[\"http:\\\/\\\/www.vitalibera.org\\\/community\\\/2026\\\/03\\\/17\\\/gesunder-schlaf-nach-neurologischen-erkrankung\\\/#respond\"]}]},{\"@type\":\"WebPage\",\"@id\":\"http:\\\/\\\/www.vitalibera.org\\\/community\\\/2026\\\/03\\\/17\\\/gesunder-schlaf-nach-neurologischen-erkrankung\\\/\",\"url\":\"http:\\\/\\\/www.vitalibera.org\\\/community\\\/2026\\\/03\\\/17\\\/gesunder-schlaf-nach-neurologischen-erkrankung\\\/\",\"name\":\"Gesunder Schlaf nach neurologischen Erkrankung - vitalibera.org\",\"isPartOf\":{\"@id\":\"https:\\\/\\\/www.vitalibera.org\\\/community\\\/#website\"},\"primaryImageOfPage\":{\"@id\":\"http:\\\/\\\/www.vitalibera.org\\\/community\\\/2026\\\/03\\\/17\\\/gesunder-schlaf-nach-neurologischen-erkrankung\\\/#primaryimage\"},\"image\":{\"@id\":\"http:\\\/\\\/www.vitalibera.org\\\/community\\\/2026\\\/03\\\/17\\\/gesunder-schlaf-nach-neurologischen-erkrankung\\\/#primaryimage\"},\"thumbnailUrl\":\"https:\\\/\\\/www.vitalibera.org\\\/community\\\/wp-content\\\/uploads\\\/2026\\\/03\\\/brainsleep.png\",\"datePublished\":\"2026-03-17T14:02:14+00:00\",\"dateModified\":\"2026-03-17T14:22:20+00:00\",\"breadcrumb\":{\"@id\":\"http:\\\/\\\/www.vitalibera.org\\\/community\\\/2026\\\/03\\\/17\\\/gesunder-schlaf-nach-neurologischen-erkrankung\\\/#breadcrumb\"},\"inLanguage\":\"de\",\"potentialAction\":[{\"@type\":\"ReadAction\",\"target\":[\"http:\\\/\\\/www.vitalibera.org\\\/community\\\/2026\\\/03\\\/17\\\/gesunder-schlaf-nach-neurologischen-erkrankung\\\/\"]}]},{\"@type\":\"BreadcrumbList\",\"@id\":\"http:\\\/\\\/www.vitalibera.org\\\/community\\\/2026\\\/03\\\/17\\\/gesunder-schlaf-nach-neurologischen-erkrankung\\\/#breadcrumb\",\"itemListElement\":[{\"@type\":\"ListItem\",\"position\":1,\"name\":\"Startseite\",\"item\":\"https:\\\/\\\/www.vitalibera.org\\\/community\\\/\"},{\"@type\":\"ListItem\",\"position\":2,\"name\":\"Gesunder Schlaf nach neurologischen Erkrankung\"}]},{\"@type\":\"WebSite\",\"@id\":\"https:\\\/\\\/www.vitalibera.org\\\/community\\\/#website\",\"url\":\"https:\\\/\\\/www.vitalibera.org\\\/community\\\/\",\"name\":\"vitalibera.org\",\"description\":\"Mit einer Einschr&auml;nkung gestaltet sich das Leben im Alltag oft schwieriger - hier berichten wir &uuml;ber unsere Erfahrungen und Hilfsmittel um den Alltag so unbeschwert und unkompliziert wie nur m&ouml;glich geniessen zu k&ouml;nnen. Dabei richten wir unseren Fokus gezielt auf Selbst&auml;ndigkeit, Eigenst&auml;ndigkeit und Selbstbestimmung.\",\"publisher\":{\"@id\":\"https:\\\/\\\/www.vitalibera.org\\\/community\\\/#organization\"},\"potentialAction\":[{\"@type\":\"SearchAction\",\"target\":{\"@type\":\"EntryPoint\",\"urlTemplate\":\"https:\\\/\\\/www.vitalibera.org\\\/community\\\/?s={search_term_string}\"},\"query-input\":{\"@type\":\"PropertyValueSpecification\",\"valueRequired\":true,\"valueName\":\"search_term_string\"}}],\"inLanguage\":\"de\"},{\"@type\":\"Organization\",\"@id\":\"https:\\\/\\\/www.vitalibera.org\\\/community\\\/#organization\",\"name\":\"vitalibera.org\",\"url\":\"https:\\\/\\\/www.vitalibera.org\\\/community\\\/\",\"logo\":{\"@type\":\"ImageObject\",\"inLanguage\":\"de\",\"@id\":\"https:\\\/\\\/www.vitalibera.org\\\/community\\\/#\\\/schema\\\/logo\\\/image\\\/\",\"url\":\"https:\\\/\\\/www.vitalibera.org\\\/community\\\/wp-content\\\/uploads\\\/2025\\\/09\\\/cropped-banner.png\",\"contentUrl\":\"https:\\\/\\\/www.vitalibera.org\\\/community\\\/wp-content\\\/uploads\\\/2025\\\/09\\\/cropped-banner.png\",\"width\":991,\"height\":150,\"caption\":\"vitalibera.org\"},\"image\":{\"@id\":\"https:\\\/\\\/www.vitalibera.org\\\/community\\\/#\\\/schema\\\/logo\\\/image\\\/\"},\"sameAs\":[\"https:\\\/\\\/www.facebook.com\\\/groups\\\/2997085857140235\"]},{\"@type\":\"Person\",\"@id\":\"https:\\\/\\\/www.vitalibera.org\\\/community\\\/#\\\/schema\\\/person\\\/6712387298421f222ff6d0a2e22c1534\",\"name\":\"Andreas Jecklin\",\"image\":{\"@type\":\"ImageObject\",\"inLanguage\":\"de\",\"@id\":\"https:\\\/\\\/secure.gravatar.com\\\/avatar\\\/ad516503a11cd5ca435acc9bb6523536?s=96\",\"url\":\"https:\\\/\\\/secure.gravatar.com\\\/avatar\\\/ad516503a11cd5ca435acc9bb6523536?s=96\",\"contentUrl\":\"https:\\\/\\\/secure.gravatar.com\\\/avatar\\\/ad516503a11cd5ca435acc9bb6523536?s=96\",\"caption\":\"Andreas Jecklin\"},\"description\":\"Manchen gab Gott die Kraft Dinge zu ver\u00e4ndern, mir gab er die Kraft zu ertragen was nicht mehr zu \u00e4ndern ist.\",\"url\":\"https:\\\/\\\/www.vitalibera.org\\\/community\\\/author\\\/andy77\\\/\"}]}<\/script>\r\n<!-- \/ Yoast SEO plugin. -->","yoast_head_json":{"title":"Gesunder Schlaf nach neurologischen Erkrankung - vitalibera.org","robots":{"index":"index","follow":"follow","max-snippet":"max-snippet:-1","max-image-preview":"max-image-preview:large","max-video-preview":"max-video-preview:-1"},"canonical":"http:\/\/www.vitalibera.org\/community\/2026\/03\/17\/gesunder-schlaf-nach-neurologischen-erkrankung\/","og_locale":"de_DE","og_type":"article","og_title":"Gesunder Schlaf nach neurologischen Erkrankung - vitalibera.org","og_description":"Gesunder Schlaf ist nach einer neurologischen Erkrankung (z.B. Schlaganfall, Parkinson) essenziell f\u00fcr die Neurorehabilitation, da er die Neuroplastizit\u00e4t f\u00f6rdert, kognitive Funktionen verbessert und die Regeneration gesch\u00e4digter Nervennetzwerke unterst\u00fctzt.&nbsp;Feste Schlafenszeiten, ein abgedunkeltes Schlafzimmer, Verzicht auf Alkohol\/Koffein und t\u00e4gliches Tageslicht sind entscheidend.&nbsp; Warum Schlaf nach neurologischen Sch\u00e4den so wichtig ist Tipps f\u00fcr einen gesunden Schlaf (Schlafhygiene) Umgang ... Weiterlesen","og_url":"http:\/\/www.vitalibera.org\/community\/2026\/03\/17\/gesunder-schlaf-nach-neurologischen-erkrankung\/","og_site_name":"vitalibera.org","article_publisher":"https:\/\/www.facebook.com\/groups\/2997085857140235","article_published_time":"2026-03-17T14:02:14+00:00","article_modified_time":"2026-03-17T14:22:20+00:00","og_image":[{"width":520,"height":477,"url":"http:\/\/www.vitalibera.org\/community\/wp-content\/uploads\/2026\/03\/brainsleep.png","type":"image\/png"}],"author":"Andreas Jecklin","twitter_card":"summary_large_image","twitter_misc":{"Verfasst von":"Andreas Jecklin","Gesch\u00e4tzte Lesezeit":"4\u00a0Minuten"},"schema":{"@context":"https:\/\/schema.org","@graph":[{"@type":"Article","@id":"http:\/\/www.vitalibera.org\/community\/2026\/03\/17\/gesunder-schlaf-nach-neurologischen-erkrankung\/#article","isPartOf":{"@id":"http:\/\/www.vitalibera.org\/community\/2026\/03\/17\/gesunder-schlaf-nach-neurologischen-erkrankung\/"},"author":{"name":"Andreas Jecklin","@id":"https:\/\/www.vitalibera.org\/community\/#\/schema\/person\/6712387298421f222ff6d0a2e22c1534"},"headline":"Gesunder Schlaf nach neurologischen Erkrankung","datePublished":"2026-03-17T14:02:14+00:00","dateModified":"2026-03-17T14:22:20+00:00","mainEntityOfPage":{"@id":"http:\/\/www.vitalibera.org\/community\/2026\/03\/17\/gesunder-schlaf-nach-neurologischen-erkrankung\/"},"wordCount":558,"commentCount":0,"publisher":{"@id":"https:\/\/www.vitalibera.org\/community\/#organization"},"image":{"@id":"http:\/\/www.vitalibera.org\/community\/2026\/03\/17\/gesunder-schlaf-nach-neurologischen-erkrankung\/#primaryimage"},"thumbnailUrl":"https:\/\/www.vitalibera.org\/community\/wp-content\/uploads\/2026\/03\/brainsleep.png","articleSection":["Fachwissen"],"inLanguage":"de","potentialAction":[{"@type":"CommentAction","name":"Comment","target":["http:\/\/www.vitalibera.org\/community\/2026\/03\/17\/gesunder-schlaf-nach-neurologischen-erkrankung\/#respond"]}]},{"@type":"WebPage","@id":"http:\/\/www.vitalibera.org\/community\/2026\/03\/17\/gesunder-schlaf-nach-neurologischen-erkrankung\/","url":"http:\/\/www.vitalibera.org\/community\/2026\/03\/17\/gesunder-schlaf-nach-neurologischen-erkrankung\/","name":"Gesunder Schlaf nach neurologischen Erkrankung - vitalibera.org","isPartOf":{"@id":"https:\/\/www.vitalibera.org\/community\/#website"},"primaryImageOfPage":{"@id":"http:\/\/www.vitalibera.org\/community\/2026\/03\/17\/gesunder-schlaf-nach-neurologischen-erkrankung\/#primaryimage"},"image":{"@id":"http:\/\/www.vitalibera.org\/community\/2026\/03\/17\/gesunder-schlaf-nach-neurologischen-erkrankung\/#primaryimage"},"thumbnailUrl":"https:\/\/www.vitalibera.org\/community\/wp-content\/uploads\/2026\/03\/brainsleep.png","datePublished":"2026-03-17T14:02:14+00:00","dateModified":"2026-03-17T14:22:20+00:00","breadcrumb":{"@id":"http:\/\/www.vitalibera.org\/community\/2026\/03\/17\/gesunder-schlaf-nach-neurologischen-erkrankung\/#breadcrumb"},"inLanguage":"de","potentialAction":[{"@type":"ReadAction","target":["http:\/\/www.vitalibera.org\/community\/2026\/03\/17\/gesunder-schlaf-nach-neurologischen-erkrankung\/"]}]},{"@type":"BreadcrumbList","@id":"http:\/\/www.vitalibera.org\/community\/2026\/03\/17\/gesunder-schlaf-nach-neurologischen-erkrankung\/#breadcrumb","itemListElement":[{"@type":"ListItem","position":1,"name":"Startseite","item":"https:\/\/www.vitalibera.org\/community\/"},{"@type":"ListItem","position":2,"name":"Gesunder Schlaf nach neurologischen Erkrankung"}]},{"@type":"WebSite","@id":"https:\/\/www.vitalibera.org\/community\/#website","url":"https:\/\/www.vitalibera.org\/community\/","name":"vitalibera.org","description":"Mit einer Einschr&auml;nkung gestaltet sich das Leben im Alltag oft schwieriger - hier berichten wir &uuml;ber unsere Erfahrungen und Hilfsmittel um den Alltag so unbeschwert und unkompliziert wie nur m&ouml;glich geniessen zu k&ouml;nnen. Dabei richten wir unseren Fokus gezielt auf Selbst&auml;ndigkeit, Eigenst&auml;ndigkeit und Selbstbestimmung.","publisher":{"@id":"https:\/\/www.vitalibera.org\/community\/#organization"},"potentialAction":[{"@type":"SearchAction","target":{"@type":"EntryPoint","urlTemplate":"https:\/\/www.vitalibera.org\/community\/?s={search_term_string}"},"query-input":{"@type":"PropertyValueSpecification","valueRequired":true,"valueName":"search_term_string"}}],"inLanguage":"de"},{"@type":"Organization","@id":"https:\/\/www.vitalibera.org\/community\/#organization","name":"vitalibera.org","url":"https:\/\/www.vitalibera.org\/community\/","logo":{"@type":"ImageObject","inLanguage":"de","@id":"https:\/\/www.vitalibera.org\/community\/#\/schema\/logo\/image\/","url":"https:\/\/www.vitalibera.org\/community\/wp-content\/uploads\/2025\/09\/cropped-banner.png","contentUrl":"https:\/\/www.vitalibera.org\/community\/wp-content\/uploads\/2025\/09\/cropped-banner.png","width":991,"height":150,"caption":"vitalibera.org"},"image":{"@id":"https:\/\/www.vitalibera.org\/community\/#\/schema\/logo\/image\/"},"sameAs":["https:\/\/www.facebook.com\/groups\/2997085857140235"]},{"@type":"Person","@id":"https:\/\/www.vitalibera.org\/community\/#\/schema\/person\/6712387298421f222ff6d0a2e22c1534","name":"Andreas Jecklin","image":{"@type":"ImageObject","inLanguage":"de","@id":"https:\/\/secure.gravatar.com\/avatar\/ad516503a11cd5ca435acc9bb6523536?s=96","url":"https:\/\/secure.gravatar.com\/avatar\/ad516503a11cd5ca435acc9bb6523536?s=96","contentUrl":"https:\/\/secure.gravatar.com\/avatar\/ad516503a11cd5ca435acc9bb6523536?s=96","caption":"Andreas Jecklin"},"description":"Manchen gab Gott die Kraft Dinge zu ver\u00e4ndern, mir gab er die Kraft zu ertragen was nicht mehr zu \u00e4ndern ist.","url":"https:\/\/www.vitalibera.org\/community\/author\/andy77\/"}]}},"jetpack_featured_media_url":"https:\/\/www.vitalibera.org\/community\/wp-content\/uploads\/2026\/03\/brainsleep.png","jetpack_sharing_enabled":true,"jetpack-related-posts":[],"_links":{"self":[{"href":"https:\/\/www.vitalibera.org\/community\/wp-json\/wp\/v2\/posts\/6187","targetHints":{"allow":["GET"]}}],"collection":[{"href":"https:\/\/www.vitalibera.org\/community\/wp-json\/wp\/v2\/posts"}],"about":[{"href":"https:\/\/www.vitalibera.org\/community\/wp-json\/wp\/v2\/types\/post"}],"author":[{"embeddable":true,"href":"https:\/\/www.vitalibera.org\/community\/wp-json\/wp\/v2\/users\/2"}],"replies":[{"embeddable":true,"href":"https:\/\/www.vitalibera.org\/community\/wp-json\/wp\/v2\/comments?post=6187"}],"version-history":[{"count":3,"href":"https:\/\/www.vitalibera.org\/community\/wp-json\/wp\/v2\/posts\/6187\/revisions"}],"predecessor-version":[{"id":6200,"href":"https:\/\/www.vitalibera.org\/community\/wp-json\/wp\/v2\/posts\/6187\/revisions\/6200"}],"wp:featuredmedia":[{"embeddable":true,"href":"https:\/\/www.vitalibera.org\/community\/wp-json\/wp\/v2\/media\/6193"}],"wp:attachment":[{"href":"https:\/\/www.vitalibera.org\/community\/wp-json\/wp\/v2\/media?parent=6187"}],"wp:term":[{"taxonomy":"category","embeddable":true,"href":"https:\/\/www.vitalibera.org\/community\/wp-json\/wp\/v2\/categories?post=6187"},{"taxonomy":"post_tag","embeddable":true,"href":"https:\/\/www.vitalibera.org\/community\/wp-json\/wp\/v2\/tags?post=6187"}],"curies":[{"name":"wp","href":"https:\/\/api.w.org\/{rel}","templated":true}]}}