{"id":6290,"date":"2026-03-20T03:15:08","date_gmt":"2026-03-20T02:15:08","guid":{"rendered":"http:\/\/www.vitalibera.org\/community\/?p=6290"},"modified":"2026-03-23T21:14:22","modified_gmt":"2026-03-23T20:14:22","slug":"garten","status":"publish","type":"post","link":"https:\/\/www.vitalibera.org\/community\/2026\/03\/20\/garten\/","title":{"rendered":"Gartenarbeit als Therapie"},"content":{"rendered":"\n<p>Ein mutmachender Erfahrungsbericht eines vitalibera-Team-Mitglied, aus sicht einer Betroffenen &ndash; Danke liebe Heidi, das du deine Erfahrungen mit unserer Community teilst und so einmal mehr beweist, das alles m&ouml;glich ist &ndash; trotz Handicap!<\/p>\n\n\n<div class=\"postie-post\">\n<div>\n<div>\n<p dir=\"ltr\">&nbsp;<\/p>\n<h3 dir=\"ltr\">&#8203;Mein Garten im Miniaturformat: Wie ich trotz L&auml;hmung das Wachsen neu entdecke<\/h3>\n<p dir=\"ltr\">&#8203;G&auml;rtnern und drau&szlig;en zu sein, war f&uuml;r mich immer mehr als nur ein <a href=\"https:\/\/www.vitalibera.org\/community\/2026\/08\/07\/do-it-yourself-als-therapie-kreatives-bauen-fuer-ruhe-und-selbstbestimmung\/\"><font color=\"blue\"><img src=\"https:\/\/www.vitalibera.org\/community\/wp-content\/images\/link.png\" width=\"20\" height=\"20\"><u>Hobby<\/u><\/font><\/a> &ndash; es war pure Lebensqualit&auml;t. Nach dem schlimmen Schicksalsschlag und der daraus resultierenden halbseitigen L&auml;hmung schien dieser Teil meines Lebens jedoch unerreichbar. Die schwere Arbeit im Beet, das Hantieren mit gro&szlig;en Gie&szlig;kannen oder das B&uuml;cken war pl&ouml;tzlich nicht mehr m&ouml;glich. Doch ich wollte das Gef&uuml;hl von Erde an den Fingern und das Wunder des Wachstums nicht aufgeben.<\/p>\n<h5 dir=\"ltr\"><strong>&#8203;Mein Neuanfang: Das Zimmergew&auml;chshaus<\/strong><\/h5>\n<p dir=\"ltr\">&#8203;Ich habe beschlossen, klein anzufangen &ndash; und zwar auf Tischh&ouml;he. Mein wichtigster Verb&uuml;ndeter dabei ist ein Zimmergew&auml;chshaus. Es erlaubt mir, im Sitzen und in meinem eigenen Tempo zu arbeiten. Um die Herausforderungen einer Einschr&auml;nkungen&nbsp; zu meistern, habe ich einen Weg gefunden, der f&uuml;r mich perfekt funktioniert: <b>Quelltabletten<\/b>.<\/p>\n<p dir=\"ltr\">&#8203;Warum Quelltabletten f&uuml;r mich ein <b>echter Gl&uuml;cksgriff<\/b> sind:<\/p>\n<ul>\n<li dir=\"ltr\">&#8203;<b>Keine Erd-Schlacht:<\/b> Das h&auml;ndische Abf&uuml;llen von lockerer Erde in kleine T&ouml;pfe ist einh&auml;ndig oft eine schmutzige und instabile Angelegenheit. Die Tabletten lege ich trocken in die Schale, gie&szlig;e Wasser an und schaue zu, wie sie stabil aufquellen.<\/li>\n<li dir=\"ltr\">&#8203;<b>Sichere Handhabung:<\/b> Einmal vollgesogen, haben sie ein Eigengewicht, das sie am Platz h&auml;lt. Mit einem kleinen St&auml;bchen oder einem L&ouml;ffel kann ich die Samen ganz pr&auml;zise in die vorgefertigte Mulde setzen.<\/li>\n<li dir=\"ltr\">&#8203;<b>Schonendes Umtopfen: Auch f&uuml;r die pflanzen gut!&nbsp;&nbsp;<\/b>Wenn die ersten gr&uuml;nen Spitzen zu sehen sind, muss ich die empfindlichen Wurzeln nicht freilegen. Ich nehme einfach die gesamte Tablette und setze sie in einen gr&ouml;&szlig;eren K&uuml;bel.<\/li>\n<\/ul>\n<h5 dir=\"ltr\">&#8203;<strong>Geduld und neue Perspektiven<\/strong><\/h5>\n<p dir=\"ltr\">&#8203;Nat&uuml;rlich ist es anders als fr&uuml;her. Ich arbeite langsamer, ich nutze <a href=\"https:\/\/www.vitalibera.org\/community\/2026\/07\/04\/einhandfreundliche-guertel-fuer-menschen-mit-hemiparese\/\"><font color=\"blue\"><img src=\"https:\/\/www.vitalibera.org\/community\/wp-content\/images\/link.png\" width=\"20\" height=\"20\"><u>Hilfsmittel<\/u><\/font><\/a> wie Spr&uuml;hflaschen statt schwerer Kannen und ich feiere jeden noch so kleinen Keimling wie einen riesigen Sieg. Aber genau darum geht es: sich die Freude zur&uuml;ckzuholen, Schritt f&uuml;r Schritt.<\/p>\n<p dir=\"ltr\">&#8203;Das Vorziehen aus Samen hat f&uuml;r mich auch etwas Therapeutisches, wenn ich sehe, wie aus einem winzigen Korn Leben entsteht, gibt mir das die Kraft und die Zuversicht, dass auch ich mich weiterentwickeln kann.<\/p>\n<p dir=\"ltr\">&#8203;An alle, denen ihr Garten fehlt: Fangt klein an. Ein Fensterbrett, ein paar Samen und ein wenig Wasser reichen aus, um das alte Feuer wieder zu entfachen.<\/p>\n<p dir=\"ltr\">Dies gilt &uuml;brigens f&uuml;r alle Dinge, dich euch Freude machten und machen!&nbsp;<\/p>\n<\/div>\n<\/div>\n<div class=\"postie-attachments\"><a href=\"http:\/\/www.vitalibera.org\/community\/?attachment_id=6291#main\"><img decoding=\"async\" class=\"alignnone size-medium wp-image-6291\" src=\"http:\/\/www.vitalibera.org\/community\/wp-content\/uploads\/2026\/03\/1773972695045-300x256.png\" alt=\"\" width=\"300px\" height=\"256px\" srcset=\"https:\/\/www.vitalibera.org\/community\/wp-content\/uploads\/2026\/03\/1773972695045-300x256.png 300w, https:\/\/www.vitalibera.org\/community\/wp-content\/uploads\/2026\/03\/1773972695045-1024x873.png 1024w, https:\/\/www.vitalibera.org\/community\/wp-content\/uploads\/2026\/03\/1773972695045-768x655.png 768w, https:\/\/www.vitalibera.org\/community\/wp-content\/uploads\/2026\/03\/1773972695045.png 1120w\" sizes=\"(max-width: 300px) 100vw, 300px\" \/><\/a><br><a href=\"http:\/\/www.vitalibera.org\/community\/?attachment_id=6292#main\"><img decoding=\"async\" class=\"alignnone size-medium wp-image-6292\" src=\"http:\/\/www.vitalibera.org\/community\/wp-content\/uploads\/2026\/03\/1773972597873-300x256.png\" alt=\"\" width=\"300px\" height=\"256px\" srcset=\"https:\/\/www.vitalibera.org\/community\/wp-content\/uploads\/2026\/03\/1773972597873-300x256.png 300w, https:\/\/www.vitalibera.org\/community\/wp-content\/uploads\/2026\/03\/1773972597873-1024x873.png 1024w, https:\/\/www.vitalibera.org\/community\/wp-content\/uploads\/2026\/03\/1773972597873-768x655.png 768w, https:\/\/www.vitalibera.org\/community\/wp-content\/uploads\/2026\/03\/1773972597873.png 1120w\" sizes=\"(max-width: 300px) 100vw, 300px\" \/><\/a><\/div>\n<\/div>\n\n\n<p><\/p>\n","protected":false},"excerpt":{"rendered":"<p>Ein mutmachender Erfahrungsbericht eines vitalibera-Team-Mitglied, aus sicht einer Betroffenen &#8211; Danke liebe Heidi, das du deine Erfahrungen mit unserer Community teilst und so einmal mehr beweist, das alles m\u00f6glich ist &#8211; trotz Handicap! \u00a0 \u200bMein Garten im Miniaturformat: Wie ich trotz L\u00e4hmung das Wachsen neu entdecke \u200bG\u00e4rtnern und drau\u00dfen zu sein, war f\u00fcr mich immer &#8230; <a title=\"Gartenarbeit als Therapie\" class=\"read-more\" href=\"https:\/\/www.vitalibera.org\/community\/2026\/03\/20\/garten\/\" aria-label=\"Mehr Informationen \u00fcber Gartenarbeit als Therapie\">Weiterlesen<\/a><\/p>\n","protected":false},"author":3,"featured_media":6335,"comment_status":"open","ping_status":"open","sticky":false,"template":"","format":"standard","meta":{"cybocfi_hide_featured_image":"yes","_jetpack_newsletter_access":"","_jetpack_dont_email_post_to_subs":false,"_jetpack_newsletter_tier_id":0,"_jetpack_memberships_contains_paywalled_content":false,"_jetpack_feature_clip_id":0,"_jetpack_memberships_contains_paid_content":false,"footnotes":"","jetpack_publicize_message":"","jetpack_publicize_feature_enabled":true,"jetpack_social_post_already_shared":false,"jetpack_social_options":{"image_generator_settings":{"template":"highway","default_image_id":0,"font":"","enabled":false},"version":2},"jetpack_post_was_ever_published":false},"categories":[60,52],"tags":[],"class_list":["post-6290","post","type-post","status-publish","format-standard","has-post-thumbnail","hentry","category-balkon-und-garten","category-intranet-internal"],"yoast_head":"<!-- This site is optimized with the Yoast SEO plugin v28.2 - https:\/\/yoast.com\/product\/yoast-seo-wordpress\/ -->\r\n<title>Gartenarbeit als Therapie - vitalibera.org<\/title>\r\n<meta name=\"robots\" content=\"index, follow, max-snippet:-1, max-image-preview:large, max-video-preview:-1\" \/>\r\n<link rel=\"canonical\" href=\"http:\/\/www.vitalibera.org\/community\/2026\/03\/20\/garten\/\" \/>\r\n<meta property=\"og:locale\" content=\"de_DE\" \/>\r\n<meta property=\"og:type\" content=\"article\" \/>\r\n<meta property=\"og:title\" content=\"Gartenarbeit als Therapie - vitalibera.org\" \/>\r\n<meta property=\"og:description\" content=\"Ein mutmachender Erfahrungsbericht eines vitalibera-Team-Mitglied, aus sicht einer Betroffenen &#8211; Danke liebe Heidi, das du deine Erfahrungen mit unserer Community teilst und so einmal mehr beweist, das alles m\u00f6glich ist &#8211; trotz Handicap! \u00a0 \u200bMein Garten im Miniaturformat: Wie ich trotz L\u00e4hmung das Wachsen neu entdecke \u200bG\u00e4rtnern und drau\u00dfen zu sein, war f\u00fcr mich immer ... Weiterlesen\" \/>\r\n<meta property=\"og:url\" content=\"http:\/\/www.vitalibera.org\/community\/2026\/03\/20\/garten\/\" \/>\r\n<meta property=\"og:site_name\" content=\"vitalibera.org\" \/>\r\n<meta property=\"article:publisher\" content=\"https:\/\/www.facebook.com\/groups\/2997085857140235\" \/>\r\n<meta property=\"article:published_time\" content=\"2026-03-20T02:15:08+00:00\" \/>\r\n<meta property=\"article:modified_time\" content=\"2026-03-23T20:14:22+00:00\" \/>\r\n<meta property=\"og:image\" content=\"http:\/\/www.vitalibera.org\/community\/wp-content\/uploads\/2026\/03\/garden.png\" \/>\r\n\t<meta property=\"og:image:width\" content=\"689\" \/>\r\n\t<meta property=\"og:image:height\" content=\"408\" \/>\r\n\t<meta property=\"og:image:type\" content=\"image\/png\" \/>\r\n<meta name=\"author\" content=\"Heidi\" \/>\r\n<meta name=\"twitter:card\" content=\"summary_large_image\" \/>\r\n<meta name=\"twitter:label1\" content=\"Verfasst von\" \/>\n\t<meta name=\"twitter:data1\" content=\"Heidi\" \/>\n\t<meta name=\"twitter:label2\" content=\"Gesch\u00e4tzte Lesezeit\" \/>\n\t<meta name=\"twitter:data2\" content=\"3\u00a0Minuten\" \/>\r\n<script type=\"application\/ld+json\" class=\"yoast-schema-graph\">{\"@context\":\"https:\\\/\\\/schema.org\",\"@graph\":[{\"@type\":\"Article\",\"@id\":\"http:\\\/\\\/www.vitalibera.org\\\/community\\\/2026\\\/03\\\/20\\\/garten\\\/#article\",\"isPartOf\":{\"@id\":\"http:\\\/\\\/www.vitalibera.org\\\/community\\\/2026\\\/03\\\/20\\\/garten\\\/\"},\"author\":{\"name\":\"Heidi\",\"@id\":\"https:\\\/\\\/www.vitalibera.org\\\/community\\\/#\\\/schema\\\/person\\\/fbd95034e2e55dc43396976b7e9db47c\"},\"headline\":\"Gartenarbeit als Therapie\",\"datePublished\":\"2026-03-20T02:15:08+00:00\",\"dateModified\":\"2026-03-23T20:14:22+00:00\",\"mainEntityOfPage\":{\"@id\":\"http:\\\/\\\/www.vitalibera.org\\\/community\\\/2026\\\/03\\\/20\\\/garten\\\/\"},\"wordCount\":438,\"commentCount\":0,\"publisher\":{\"@id\":\"https:\\\/\\\/www.vitalibera.org\\\/community\\\/#organization\"},\"image\":{\"@id\":\"http:\\\/\\\/www.vitalibera.org\\\/community\\\/2026\\\/03\\\/20\\\/garten\\\/#primaryimage\"},\"thumbnailUrl\":\"https:\\\/\\\/www.vitalibera.org\\\/community\\\/wp-content\\\/uploads\\\/2026\\\/03\\\/garden.png\",\"articleSection\":[\"Balkon und Garten\",\"vitalibera internal\"],\"inLanguage\":\"de\",\"potentialAction\":[{\"@type\":\"CommentAction\",\"name\":\"Comment\",\"target\":[\"http:\\\/\\\/www.vitalibera.org\\\/community\\\/2026\\\/03\\\/20\\\/garten\\\/#respond\"]}]},{\"@type\":\"WebPage\",\"@id\":\"http:\\\/\\\/www.vitalibera.org\\\/community\\\/2026\\\/03\\\/20\\\/garten\\\/\",\"url\":\"http:\\\/\\\/www.vitalibera.org\\\/community\\\/2026\\\/03\\\/20\\\/garten\\\/\",\"name\":\"Gartenarbeit als Therapie - vitalibera.org\",\"isPartOf\":{\"@id\":\"https:\\\/\\\/www.vitalibera.org\\\/community\\\/#website\"},\"primaryImageOfPage\":{\"@id\":\"http:\\\/\\\/www.vitalibera.org\\\/community\\\/2026\\\/03\\\/20\\\/garten\\\/#primaryimage\"},\"image\":{\"@id\":\"http:\\\/\\\/www.vitalibera.org\\\/community\\\/2026\\\/03\\\/20\\\/garten\\\/#primaryimage\"},\"thumbnailUrl\":\"https:\\\/\\\/www.vitalibera.org\\\/community\\\/wp-content\\\/uploads\\\/2026\\\/03\\\/garden.png\",\"datePublished\":\"2026-03-20T02:15:08+00:00\",\"dateModified\":\"2026-03-23T20:14:22+00:00\",\"breadcrumb\":{\"@id\":\"http:\\\/\\\/www.vitalibera.org\\\/community\\\/2026\\\/03\\\/20\\\/garten\\\/#breadcrumb\"},\"inLanguage\":\"de\",\"potentialAction\":[{\"@type\":\"ReadAction\",\"target\":[\"http:\\\/\\\/www.vitalibera.org\\\/community\\\/2026\\\/03\\\/20\\\/garten\\\/\"]}]},{\"@type\":\"BreadcrumbList\",\"@id\":\"http:\\\/\\\/www.vitalibera.org\\\/community\\\/2026\\\/03\\\/20\\\/garten\\\/#breadcrumb\",\"itemListElement\":[{\"@type\":\"ListItem\",\"position\":1,\"name\":\"Startseite\",\"item\":\"https:\\\/\\\/www.vitalibera.org\\\/community\\\/\"},{\"@type\":\"ListItem\",\"position\":2,\"name\":\"Gartenarbeit als Therapie\"}]},{\"@type\":\"WebSite\",\"@id\":\"https:\\\/\\\/www.vitalibera.org\\\/community\\\/#website\",\"url\":\"https:\\\/\\\/www.vitalibera.org\\\/community\\\/\",\"name\":\"vitalibera.org\",\"description\":\"Mit einer Einschr&auml;nkung gestaltet sich das Leben im Alltag oft schwieriger - hier berichten wir &uuml;ber unsere Erfahrungen und Hilfsmittel um den Alltag so unbeschwert und unkompliziert wie nur m&ouml;glich geniessen zu k&ouml;nnen. Dabei richten wir unseren Fokus gezielt auf Selbst&auml;ndigkeit, Eigenst&auml;ndigkeit und Selbstbestimmung.\",\"publisher\":{\"@id\":\"https:\\\/\\\/www.vitalibera.org\\\/community\\\/#organization\"},\"potentialAction\":[{\"@type\":\"SearchAction\",\"target\":{\"@type\":\"EntryPoint\",\"urlTemplate\":\"https:\\\/\\\/www.vitalibera.org\\\/community\\\/?s={search_term_string}\"},\"query-input\":{\"@type\":\"PropertyValueSpecification\",\"valueRequired\":true,\"valueName\":\"search_term_string\"}}],\"inLanguage\":\"de\"},{\"@type\":\"Organization\",\"@id\":\"https:\\\/\\\/www.vitalibera.org\\\/community\\\/#organization\",\"name\":\"vitalibera.org\",\"url\":\"https:\\\/\\\/www.vitalibera.org\\\/community\\\/\",\"logo\":{\"@type\":\"ImageObject\",\"inLanguage\":\"de\",\"@id\":\"https:\\\/\\\/www.vitalibera.org\\\/community\\\/#\\\/schema\\\/logo\\\/image\\\/\",\"url\":\"https:\\\/\\\/www.vitalibera.org\\\/community\\\/wp-content\\\/uploads\\\/2025\\\/09\\\/cropped-banner.png\",\"contentUrl\":\"https:\\\/\\\/www.vitalibera.org\\\/community\\\/wp-content\\\/uploads\\\/2025\\\/09\\\/cropped-banner.png\",\"width\":991,\"height\":150,\"caption\":\"vitalibera.org\"},\"image\":{\"@id\":\"https:\\\/\\\/www.vitalibera.org\\\/community\\\/#\\\/schema\\\/logo\\\/image\\\/\"},\"sameAs\":[\"https:\\\/\\\/www.facebook.com\\\/groups\\\/2997085857140235\"]},{\"@type\":\"Person\",\"@id\":\"https:\\\/\\\/www.vitalibera.org\\\/community\\\/#\\\/schema\\\/person\\\/fbd95034e2e55dc43396976b7e9db47c\",\"name\":\"Heidi\",\"image\":{\"@type\":\"ImageObject\",\"inLanguage\":\"de\",\"@id\":\"https:\\\/\\\/secure.gravatar.com\\\/avatar\\\/ad516503a11cd5ca435acc9bb6523536?s=96\",\"url\":\"https:\\\/\\\/secure.gravatar.com\\\/avatar\\\/ad516503a11cd5ca435acc9bb6523536?s=96\",\"contentUrl\":\"https:\\\/\\\/secure.gravatar.com\\\/avatar\\\/ad516503a11cd5ca435acc9bb6523536?s=96\",\"caption\":\"Heidi\"},\"description\":\"Nach Schuss in den Kopf, bei Moranschlag durch polizeibekannten Verbrecher, halbseitig links gel\u00e4hmt.\",\"url\":\"https:\\\/\\\/www.vitalibera.org\\\/community\\\/author\\\/phoenix\\\/\"}]}<\/script>\r\n<!-- \/ Yoast SEO plugin. -->","yoast_head_json":{"title":"Gartenarbeit als Therapie - vitalibera.org","robots":{"index":"index","follow":"follow","max-snippet":"max-snippet:-1","max-image-preview":"max-image-preview:large","max-video-preview":"max-video-preview:-1"},"canonical":"http:\/\/www.vitalibera.org\/community\/2026\/03\/20\/garten\/","og_locale":"de_DE","og_type":"article","og_title":"Gartenarbeit als Therapie - vitalibera.org","og_description":"Ein mutmachender Erfahrungsbericht eines vitalibera-Team-Mitglied, aus sicht einer Betroffenen &#8211; Danke liebe Heidi, das du deine Erfahrungen mit unserer Community teilst und so einmal mehr beweist, das alles m\u00f6glich ist &#8211; trotz Handicap! \u00a0 \u200bMein Garten im Miniaturformat: Wie ich trotz L\u00e4hmung das Wachsen neu entdecke \u200bG\u00e4rtnern und drau\u00dfen zu sein, war f\u00fcr mich immer ... Weiterlesen","og_url":"http:\/\/www.vitalibera.org\/community\/2026\/03\/20\/garten\/","og_site_name":"vitalibera.org","article_publisher":"https:\/\/www.facebook.com\/groups\/2997085857140235","article_published_time":"2026-03-20T02:15:08+00:00","article_modified_time":"2026-03-23T20:14:22+00:00","og_image":[{"width":689,"height":408,"url":"http:\/\/www.vitalibera.org\/community\/wp-content\/uploads\/2026\/03\/garden.png","type":"image\/png"}],"author":"Heidi","twitter_card":"summary_large_image","twitter_misc":{"Verfasst von":"Heidi","Gesch\u00e4tzte Lesezeit":"3\u00a0Minuten"},"schema":{"@context":"https:\/\/schema.org","@graph":[{"@type":"Article","@id":"http:\/\/www.vitalibera.org\/community\/2026\/03\/20\/garten\/#article","isPartOf":{"@id":"http:\/\/www.vitalibera.org\/community\/2026\/03\/20\/garten\/"},"author":{"name":"Heidi","@id":"https:\/\/www.vitalibera.org\/community\/#\/schema\/person\/fbd95034e2e55dc43396976b7e9db47c"},"headline":"Gartenarbeit als Therapie","datePublished":"2026-03-20T02:15:08+00:00","dateModified":"2026-03-23T20:14:22+00:00","mainEntityOfPage":{"@id":"http:\/\/www.vitalibera.org\/community\/2026\/03\/20\/garten\/"},"wordCount":438,"commentCount":0,"publisher":{"@id":"https:\/\/www.vitalibera.org\/community\/#organization"},"image":{"@id":"http:\/\/www.vitalibera.org\/community\/2026\/03\/20\/garten\/#primaryimage"},"thumbnailUrl":"https:\/\/www.vitalibera.org\/community\/wp-content\/uploads\/2026\/03\/garden.png","articleSection":["Balkon und Garten","vitalibera internal"],"inLanguage":"de","potentialAction":[{"@type":"CommentAction","name":"Comment","target":["http:\/\/www.vitalibera.org\/community\/2026\/03\/20\/garten\/#respond"]}]},{"@type":"WebPage","@id":"http:\/\/www.vitalibera.org\/community\/2026\/03\/20\/garten\/","url":"http:\/\/www.vitalibera.org\/community\/2026\/03\/20\/garten\/","name":"Gartenarbeit als Therapie - vitalibera.org","isPartOf":{"@id":"https:\/\/www.vitalibera.org\/community\/#website"},"primaryImageOfPage":{"@id":"http:\/\/www.vitalibera.org\/community\/2026\/03\/20\/garten\/#primaryimage"},"image":{"@id":"http:\/\/www.vitalibera.org\/community\/2026\/03\/20\/garten\/#primaryimage"},"thumbnailUrl":"https:\/\/www.vitalibera.org\/community\/wp-content\/uploads\/2026\/03\/garden.png","datePublished":"2026-03-20T02:15:08+00:00","dateModified":"2026-03-23T20:14:22+00:00","breadcrumb":{"@id":"http:\/\/www.vitalibera.org\/community\/2026\/03\/20\/garten\/#breadcrumb"},"inLanguage":"de","potentialAction":[{"@type":"ReadAction","target":["http:\/\/www.vitalibera.org\/community\/2026\/03\/20\/garten\/"]}]},{"@type":"BreadcrumbList","@id":"http:\/\/www.vitalibera.org\/community\/2026\/03\/20\/garten\/#breadcrumb","itemListElement":[{"@type":"ListItem","position":1,"name":"Startseite","item":"https:\/\/www.vitalibera.org\/community\/"},{"@type":"ListItem","position":2,"name":"Gartenarbeit als Therapie"}]},{"@type":"WebSite","@id":"https:\/\/www.vitalibera.org\/community\/#website","url":"https:\/\/www.vitalibera.org\/community\/","name":"vitalibera.org","description":"Mit einer Einschr&auml;nkung gestaltet sich das Leben im Alltag oft schwieriger - hier berichten wir &uuml;ber unsere Erfahrungen und Hilfsmittel um den Alltag so unbeschwert und unkompliziert wie nur m&ouml;glich geniessen zu k&ouml;nnen. Dabei richten wir unseren Fokus gezielt auf Selbst&auml;ndigkeit, Eigenst&auml;ndigkeit und Selbstbestimmung.","publisher":{"@id":"https:\/\/www.vitalibera.org\/community\/#organization"},"potentialAction":[{"@type":"SearchAction","target":{"@type":"EntryPoint","urlTemplate":"https:\/\/www.vitalibera.org\/community\/?s={search_term_string}"},"query-input":{"@type":"PropertyValueSpecification","valueRequired":true,"valueName":"search_term_string"}}],"inLanguage":"de"},{"@type":"Organization","@id":"https:\/\/www.vitalibera.org\/community\/#organization","name":"vitalibera.org","url":"https:\/\/www.vitalibera.org\/community\/","logo":{"@type":"ImageObject","inLanguage":"de","@id":"https:\/\/www.vitalibera.org\/community\/#\/schema\/logo\/image\/","url":"https:\/\/www.vitalibera.org\/community\/wp-content\/uploads\/2025\/09\/cropped-banner.png","contentUrl":"https:\/\/www.vitalibera.org\/community\/wp-content\/uploads\/2025\/09\/cropped-banner.png","width":991,"height":150,"caption":"vitalibera.org"},"image":{"@id":"https:\/\/www.vitalibera.org\/community\/#\/schema\/logo\/image\/"},"sameAs":["https:\/\/www.facebook.com\/groups\/2997085857140235"]},{"@type":"Person","@id":"https:\/\/www.vitalibera.org\/community\/#\/schema\/person\/fbd95034e2e55dc43396976b7e9db47c","name":"Heidi","image":{"@type":"ImageObject","inLanguage":"de","@id":"https:\/\/secure.gravatar.com\/avatar\/ad516503a11cd5ca435acc9bb6523536?s=96","url":"https:\/\/secure.gravatar.com\/avatar\/ad516503a11cd5ca435acc9bb6523536?s=96","contentUrl":"https:\/\/secure.gravatar.com\/avatar\/ad516503a11cd5ca435acc9bb6523536?s=96","caption":"Heidi"},"description":"Nach Schuss in den Kopf, bei Moranschlag durch polizeibekannten Verbrecher, halbseitig links gel\u00e4hmt.","url":"https:\/\/www.vitalibera.org\/community\/author\/phoenix\/"}]}},"jetpack_publicize_connections":[],"jetpack_sharing_enabled":true,"jetpack-related-posts":[{"id":8473,"url":"https:\/\/www.vitalibera.org\/community\/2026\/07\/04\/gaertnern-und-balkonarbeit-trotz-hirnerkrankung-hemiplegie-und-spastik\/","url_meta":{"origin":6290,"position":0},"title":"G\u00e4rtnern und Balkonarbeit trotz Hirnerkrankung, Hemiplegie und Spastik","author":"Andreas Jecklin","date":"4 Juli, 2026","format":false,"excerpt":"Mit einer Hemiparese trotzdem aktiv, selbstst\u00e4ndig und kreativ im Gr\u00fcnen Eine Hirnerkrankung mit Hemiplegie und Spastik ver\u00e4ndert viele allt\u00e4gliche Abl\u00e4ufe. Dennoch muss die Freude am G\u00e4rtnern und an der Pflege von Balkonpflanzen nicht verloren gehen. Mit angepassten Arbeitsmethoden, geeigneten Hilfsmitteln und etwas Kreativit\u00e4t lassen sich viele T\u00e4tigkeiten auch einh\u00e4ndig sicher\u2026","rel":"","context":"In &quot;Balkon und Garten&quot;","block_context":{"text":"Balkon und Garten","link":"https:\/\/www.vitalibera.org\/community\/category\/beitraege\/eingeschraenkt-im-alltag\/freizeit-hobbies\/balkon-und-garten\/"},"img":{"alt_text":"","src":"https:\/\/i0.wp.com\/www.vitalibera.org\/community\/wp-content\/uploads\/2026\/07\/garten93935.png?resize=350%2C200&ssl=1","width":350,"height":200},"classes":[]},{"id":7806,"url":"https:\/\/www.vitalibera.org\/community\/2026\/06\/07\/zurueck-ins-leben-wachsen-garten-und-balkon-als-therapie-nach-neurologischen-einschnitt\/","url_meta":{"origin":6290,"position":1},"title":"Zur\u00fcck ins Leben wachsen \u2013 Garten und Balkon als Therapie nach neurologischen Einschnitt","author":"Andreas Jecklin","date":"7 Juni, 2026","format":false,"excerpt":"Nach einem neurologischen Schicksal kann der Alltag pl\u00f6tzlich ungewohnt schwer und un\u00fcbersichtlich werden. Gewohnte Abl\u00e4ufe funktionieren nicht mehr wie fr\u00fcher, Motivation fehlt und das Vertrauen in den eigenen K\u00f6rper ist ersch\u00fcttert. In dieser Situation kann die Arbeit im Garten oder auf Balkon oder Terrasse mehr sein als nur ein Zeitvertreib:\u2026","rel":"","context":"In &quot;Balkon und Garten&quot;","block_context":{"text":"Balkon und Garten","link":"https:\/\/www.vitalibera.org\/community\/category\/beitraege\/eingeschraenkt-im-alltag\/freizeit-hobbies\/balkon-und-garten\/"},"img":{"alt_text":"","src":"https:\/\/i0.wp.com\/www.vitalibera.org\/community\/wp-content\/uploads\/2026\/06\/garden5454.png?resize=350%2C200&ssl=1","width":350,"height":200},"classes":[]},{"id":3392,"url":"https:\/\/www.vitalibera.org\/community\/2025\/10\/19\/eazyhold-greifhilfe\/","url_meta":{"origin":6290,"position":2},"title":"EazyHold &#8211; Greifhilfe","author":"admin","date":"19 Oktober, 2025","format":false,"excerpt":"EazyHold\u00ae\u00a0ist die Antwort auf Probleme beim Greifen, die pflegende Angeh\u00f6rige, Ergotherapeuten, Krankenh\u00e4user, Schulen und Pflegeeinrichtungen gesucht haben. Das patentierte Design der EazyHold Universal-Manschette, die in verschiedenen Gr\u00f6\u00dfen erh\u00e4ltlich ist, erm\u00f6glicht es Kindern und Erwachsenen, viele Gegenst\u00e4nde mit Leichtigkeit zu greifen, halten und zu benutzen. Dieses\u00a02er-Set\u00a0hat besonders gro\u00dfe und weit dehnbare\u2026","rel":"","context":"In &quot;Kochen&quot;","block_context":{"text":"Kochen","link":"https:\/\/www.vitalibera.org\/community\/category\/beitraege\/eingeschraenkt-im-alltag\/alltag\/kochen\/"},"img":{"alt_text":"","src":"https:\/\/i0.wp.com\/www.vitalibera.org\/community\/wp-content\/uploads\/2025\/10\/19484_Griffhilfe_gross_1920x1920.jpg?resize=350%2C200&ssl=1","width":350,"height":200,"srcset":"https:\/\/i0.wp.com\/www.vitalibera.org\/community\/wp-content\/uploads\/2025\/10\/19484_Griffhilfe_gross_1920x1920.jpg?resize=350%2C200&ssl=1 1x, https:\/\/i0.wp.com\/www.vitalibera.org\/community\/wp-content\/uploads\/2025\/10\/19484_Griffhilfe_gross_1920x1920.jpg?resize=525%2C300&ssl=1 1.5x, https:\/\/i0.wp.com\/www.vitalibera.org\/community\/wp-content\/uploads\/2025\/10\/19484_Griffhilfe_gross_1920x1920.jpg?resize=700%2C400&ssl=1 2x, https:\/\/i0.wp.com\/www.vitalibera.org\/community\/wp-content\/uploads\/2025\/10\/19484_Griffhilfe_gross_1920x1920.jpg?resize=1050%2C600&ssl=1 3x, https:\/\/i0.wp.com\/www.vitalibera.org\/community\/wp-content\/uploads\/2025\/10\/19484_Griffhilfe_gross_1920x1920.jpg?resize=1400%2C800&ssl=1 4x"},"classes":[]},{"id":3602,"url":"https:\/\/www.vitalibera.org\/community\/2025\/10\/23\/leben-nach-dem-hirnschlag\/","url_meta":{"origin":6290,"position":3},"title":"Leben nach dem Hirnschlag","author":"admin","date":"23 Oktober, 2025","format":false,"excerpt":"Ein Hirnschlag kann jeden treffen, jederzeit. In der Schweiz ist der Hirnschlag die dritth\u00e4ufigste Todesursache und die h\u00e4ufigste Ursache einer erworbenen Behinderung. Ein Hirnschlag (oder auch Schlaganfall, Insult, Apoplexie) ist ein dramatisches Ereignis \u2013 f\u00fcr die Betroffenen und auch ihre Angeh\u00f6rigen. Innert Minuten wird jemand, der zuvor gesund und vital\u2026","rel":"","context":"In &quot;Fachwissen&quot;","block_context":{"text":"Fachwissen","link":"https:\/\/www.vitalibera.org\/community\/category\/beitraege\/fachwissen\/"},"img":{"alt_text":"","src":"https:\/\/i0.wp.com\/www.vitalibera.org\/community\/wp-content\/uploads\/2025\/10\/Verlauf-nach-Hirnblutung_credit_-Prot-Tachapani-_Canva.jpg?resize=350%2C200&ssl=1","width":350,"height":200,"srcset":"https:\/\/i0.wp.com\/www.vitalibera.org\/community\/wp-content\/uploads\/2025\/10\/Verlauf-nach-Hirnblutung_credit_-Prot-Tachapani-_Canva.jpg?resize=350%2C200&ssl=1 1x, https:\/\/i0.wp.com\/www.vitalibera.org\/community\/wp-content\/uploads\/2025\/10\/Verlauf-nach-Hirnblutung_credit_-Prot-Tachapani-_Canva.jpg?resize=525%2C300&ssl=1 1.5x, https:\/\/i0.wp.com\/www.vitalibera.org\/community\/wp-content\/uploads\/2025\/10\/Verlauf-nach-Hirnblutung_credit_-Prot-Tachapani-_Canva.jpg?resize=700%2C400&ssl=1 2x"},"classes":[]},{"id":1022,"url":"https:\/\/www.vitalibera.org\/community\/2025\/09\/01\/handgelenk-schonendes-gartenwerkzeug\/","url_meta":{"origin":6290,"position":4},"title":"Handgelenk schonendes Gartenwerkzeug","author":"admin","date":"1 September, 2025","format":false,"excerpt":"Diese Werkzeuge unterst\u00fctzen den Betroffenen bei der Gartenarbeit, indem er sich weniger anstrengen muss. Diese rostfreien Gartenwerkzeuge sind von hoher Qualit\u00e4t und haben einen speziell abgewinkelten Griff, welcher den Gebrauch \u00e4usserst angenehm macht. Der nat\u00fcrliche Winkel macht, dass weniger Zerrungen und Blasen auftreten als bei herk\u00f6mmlichen Gartenwerkzeugen. Diese Gartenwerkzeuge haben\u2026","rel":"","context":"In &quot;Balkon und Garten&quot;","block_context":{"text":"Balkon und Garten","link":"https:\/\/www.vitalibera.org\/community\/category\/beitraege\/eingeschraenkt-im-alltag\/freizeit-hobbies\/balkon-und-garten\/"},"img":{"alt_text":"","src":"https:\/\/i0.wp.com\/www.vitalibera.org\/community\/wp-content\/uploads\/2025\/09\/image001.png?resize=350%2C200&ssl=1","width":350,"height":200,"srcset":"https:\/\/i0.wp.com\/www.vitalibera.org\/community\/wp-content\/uploads\/2025\/09\/image001.png?resize=350%2C200&ssl=1 1x, https:\/\/i0.wp.com\/www.vitalibera.org\/community\/wp-content\/uploads\/2025\/09\/image001.png?resize=525%2C300&ssl=1 1.5x"},"classes":[]},{"id":8609,"url":"https:\/\/www.vitalibera.org\/community\/2026\/07\/16\/trotz-hirnverletzung-nach-vorne-schauen\/","url_meta":{"origin":6290,"position":5},"title":"Trotz Hirnverletzung nach vorne schauen","author":"Andreas Jecklin","date":"16 Juli, 2026","format":false,"excerpt":"Trauer, Frust und schwierige Tage geh\u00f6ren dazu. Dennoch ist es wichtig, nicht in Selbstmitleid zu verharren oder den Kopf in den Sand zu stecken. Die Energie, die in Resignation flie\u00dft, fehlt f\u00fcr Fortschritte, neue Erfahrungen und die Dinge, die weiterhin m\u00f6glich sind","rel":"","context":"In &quot;Eingeschr\u00e4nkt im Alltag&quot;","block_context":{"text":"Eingeschr\u00e4nkt im Alltag","link":"https:\/\/www.vitalibera.org\/community\/category\/beitraege\/eingeschraenkt-im-alltag\/"},"img":{"alt_text":"","src":"https:\/\/i0.wp.com\/www.vitalibera.org\/community\/wp-content\/uploads\/2026\/07\/fightthepower.png?resize=350%2C200&ssl=1","width":350,"height":200},"classes":[]}],"jetpack_featured_media_url":"https:\/\/www.vitalibera.org\/community\/wp-content\/uploads\/2026\/03\/garden.png","_links":{"self":[{"href":"https:\/\/www.vitalibera.org\/community\/wp-json\/wp\/v2\/posts\/6290","targetHints":{"allow":["GET"]}}],"collection":[{"href":"https:\/\/www.vitalibera.org\/community\/wp-json\/wp\/v2\/posts"}],"about":[{"href":"https:\/\/www.vitalibera.org\/community\/wp-json\/wp\/v2\/types\/post"}],"author":[{"embeddable":true,"href":"https:\/\/www.vitalibera.org\/community\/wp-json\/wp\/v2\/users\/3"}],"replies":[{"embeddable":true,"href":"https:\/\/www.vitalibera.org\/community\/wp-json\/wp\/v2\/comments?post=6290"}],"version-history":[{"count":0,"href":"https:\/\/www.vitalibera.org\/community\/wp-json\/wp\/v2\/posts\/6290\/revisions"}],"wp:featuredmedia":[{"embeddable":true,"href":"https:\/\/www.vitalibera.org\/community\/wp-json\/wp\/v2\/media\/6335"}],"wp:attachment":[{"href":"https:\/\/www.vitalibera.org\/community\/wp-json\/wp\/v2\/media?parent=6290"}],"wp:term":[{"taxonomy":"category","embeddable":true,"href":"https:\/\/www.vitalibera.org\/community\/wp-json\/wp\/v2\/categories?post=6290"},{"taxonomy":"post_tag","embeddable":true,"href":"https:\/\/www.vitalibera.org\/community\/wp-json\/wp\/v2\/tags?post=6290"}],"curies":[{"name":"wp","href":"https:\/\/api.w.org\/{rel}","templated":true}]}}