{"id":6311,"date":"2026-03-22T11:12:38","date_gmt":"2026-03-22T10:12:38","guid":{"rendered":"https:\/\/www.vitalibera.org\/community\/?p=6311"},"modified":"2026-03-22T11:20:30","modified_gmt":"2026-03-22T10:20:30","slug":"finanzielle-unterstuetzung-fuer-pflegende-angehoerige","status":"publish","type":"post","link":"https:\/\/www.vitalibera.org\/community\/2026\/03\/22\/finanzielle-unterstuetzung-fuer-pflegende-angehoerige\/","title":{"rendered":"Finanzielle Unterst\u00fctzung f\u00fcr pflegende Angeh\u00f6rige"},"content":{"rendered":"\n<div class=\"wp-block-media-text is-stacked-on-mobile\" style=\"grid-template-columns:32% auto\"><figure class=\"wp-block-media-text__media\"><img fetchpriority=\"high\" decoding=\"async\" width=\"403\" height=\"481\" src=\"https:\/\/www.vitalibera.org\/community\/wp-content\/uploads\/2026\/03\/pflegegeld2.png\" alt=\"\" class=\"wp-image-6312 size-full\" srcset=\"https:\/\/www.vitalibera.org\/community\/wp-content\/uploads\/2026\/03\/pflegegeld2.png 403w, https:\/\/www.vitalibera.org\/community\/wp-content\/uploads\/2026\/03\/pflegegeld2-251x300.png 251w\" sizes=\"(max-width: 403px) 100vw, 403px\" \/><\/figure><div class=\"wp-block-media-text__content\">\n<p>Die Schweiz kennt kein Pflegegeld als Lohnersatz, sondern leistet &uuml;ber die Krankenkasse Sachleistungen (Pflegebedarf in Minuten). Grenzg&auml;nger ben&ouml;tigen oft private Zusatzversicherungen.<\/p>\n\n\n\n<p>Deutschland bietet ein gestaffeltes&nbsp;Pflegegeld&nbsp;(347&euro;&ndash;990&euro;\/Monat) bei Pflege durch Angeh&ouml;rige, das bei Wohnsitz in der Schweiz (EU\/EWR) unter Bedingungen weitergezahlt wird. <\/p>\n\n\n\n<p><\/p>\n<\/div><\/div>\n\n\n\n<p><strong>Schweiz<\/strong><\/p>\n\n\n\n<p>Viele Menschen betreuen Eltern, Partner oder Familienangeh&ouml;rige zu Hause &ndash; oft neben Beruf und Alltag.<br>Was viele nicht wissen: In der Schweiz besteht unter bestimmten Voraussetzungen die M&ouml;glichkeit, diese Pflege offiziell anerkennen und verg&uuml;ten zu lassen.<\/p>\n\n\n\n<h6 class=\"wp-block-heading\"><strong>Unter welchen Bedingungen ist eine Entsch&auml;digung m&ouml;glich?<\/strong><\/h6>\n\n\n\n<p>Die finanzielle Verg&uuml;tung f&uuml;r pflegende Angeh&ouml;rige ist in der Schweiz m&ouml;glich &ndash; jedoch an bestimmte Voraussetzungen gebunden. Die Auszahlung erfolgt &uuml;ber eine anerkannte <a href=\"https:\/\/www.vitalibera.org\/community\/enzyklopaedie\/spitex\/\" target=\"_self\" title=\"Spitex steht f&uuml;r &bdquo;spitalexterne Hilfe und Pflege&ldquo; und umfasst Dienstleistungen, die Menschen jeden Alters zu Hause pflegen, betreuen und unterst&uuml;tzen, wenn diese krank, behindert, alt oder in einer schwierigen Lebenssituation sind. Ziel ist es, die Selbstst&auml;ndigkeit zu erhalten und den Verbleib im vertrauten Umfeld zu erm&ouml;glichen\" class=\"encyclopedia\">Spitex<\/a>-Struktur und nicht direkt vom Staat.<\/p>\n\n\n\n<p>Die folgenden Punkte geben einen &Uuml;berblick &uuml;ber die wichtigsten Bedingungen.<\/p>\n\n\n\n<h6 class=\"wp-block-heading\">Nachgewiesener Pflegebedarf<\/h6>\n\n\n\n<ul class=\"wp-block-list\">\n<li>Die betreute Person muss einen&nbsp;<strong>&auml;rztlich best&auml;tigten Pflegebedarf<\/strong>&nbsp;haben.<\/li>\n\n\n\n<li>Eine&nbsp;<strong>Pflegebedarfs-Abkl&auml;rung<\/strong>&nbsp;erfolgt durch eine&nbsp;<strong>diplomierte Pflegefachperson<\/strong>.<\/li>\n\n\n\n<li>Der&nbsp;<strong>Umfang der Pflege<\/strong>&nbsp;bestimmt die m&ouml;gliche&nbsp;<strong>Entsch&auml;digung<\/strong>.<\/li>\n<\/ul>\n\n\n\n<h6 class=\"wp-block-heading\">Zusammenarbeit mit Spitex<\/h6>\n\n\n\n<ul class=\"wp-block-list\">\n<li>Die&nbsp;<strong>Anstellung erfolgt &uuml;ber eine anerkannte <a href=\"https:\/\/www.vitalibera.org\/community\/enzyklopaedie\/spitex\/\" target=\"_self\" title=\"Spitex steht f&uuml;r &bdquo;spitalexterne Hilfe und Pflege&ldquo; und umfasst Dienstleistungen, die Menschen jeden Alters zu Hause pflegen, betreuen und unterst&uuml;tzen, wenn diese krank, behindert, alt oder in einer schwierigen Lebenssituation sind. Ziel ist es, die Selbstst&auml;ndigkeit zu erhalten und den Verbleib im vertrauten Umfeld zu erm&ouml;glichen\" class=\"encyclopedia\">Spitex<\/a>-Organisation<\/strong>.<\/li>\n\n\n\n<li>Die&nbsp;<strong>Pflegeleistungen werden korrekt mit der Krankenkasse abgerechnet<\/strong>.<\/li>\n\n\n\n<li>Die Auszahlung an Sie erfolgt als&nbsp;<strong>offizieller, sozialversicherter Lohn<\/strong><\/li>\n<\/ul>\n\n\n\n<h6 class=\"wp-block-heading\">Schulung &amp; rechtliche Struktur<\/h6>\n\n\n\n<ul class=\"wp-block-list\">\n<li>Eine&nbsp;<strong>anerkannte Schulung<\/strong>&nbsp;kann je nach Situation erforderlich sein.<\/li>\n\n\n\n<li>Die Entsch&auml;digung ist&nbsp;<strong>sozialversicherungspflichtig<\/strong>&nbsp;(AHV, IV, EO, ALV).<\/li>\n\n\n\n<li>Die T&auml;tigkeit erfolgt in einem&nbsp;<strong>rechtlich geregelten Rahmen<\/strong>&nbsp;&uuml;ber die <a href=\"https:\/\/www.vitalibera.org\/community\/enzyklopaedie\/spitex\/\" target=\"_self\" title=\"Spitex steht f&uuml;r &bdquo;spitalexterne Hilfe und Pflege&ldquo; und umfasst Dienstleistungen, die Menschen jeden Alters zu Hause pflegen, betreuen und unterst&uuml;tzen, wenn diese krank, behindert, alt oder in einer schwierigen Lebenssituation sind. Ziel ist es, die Selbstst&auml;ndigkeit zu erhalten und den Verbleib im vertrauten Umfeld zu erm&ouml;glichen\" class=\"encyclopedia\">Spitex<\/a>-Struktur.<\/li>\n<\/ul>\n\n\n\n<div class=\"wp-block-media-text is-stacked-on-mobile\"><figure class=\"wp-block-media-text__media\"><img decoding=\"async\" width=\"259\" height=\"240\" src=\"http:\/\/www.vitalibera.org\/community\/wp-content\/uploads\/2026\/03\/dbc5972683099460054d3dbc8212a892.jpg\" alt=\"\" class=\"wp-image-6119 size-full\"><\/figure><div class=\"wp-block-media-text__content\">\n<p><strong>Weiterf&uuml;hrende Informationen<\/strong><\/p>\n\n\n\n<p>Link zu <a href=\"https:\/\/pflegegeld-schweiz.ch\/\" target=\"_blank\" rel=\"noreferrer noopener\">pflegegeld-schweiz.ch<\/a><\/p>\n<\/div><\/div>\n\n\n\n<p><strong>Deutschland<\/strong><\/p>\n\n\n\n<p>Landespflegegeld gibt es in verschiedenen Bundesl&auml;ndern, aber hinter dem gleichen Namen stehen verschiedene Leistungen. Das Landespflegegeld in&nbsp;<strong>Berlin<\/strong>,&nbsp;<strong>Bremen&nbsp;<\/strong>und&nbsp;<strong>Rheinland-Pfalz<\/strong>&nbsp;bekommen Menschen mit Behinderungen. In&nbsp;<strong>Brandenburg&nbsp;<\/strong>hei&szlig;t die Leistung seit 1.7.2024 Teilhabegeld. Das Landespflegegeld wird mit dem Pflegegeld der Pflegeversicherung teilweise verrechnet. In&nbsp;<strong>Bayern&nbsp;<\/strong>bekommen alle Pflegebed&uuml;rftigen zus&auml;tzlich zum Pflegegeld der Pflegeversicherung und ab dem Pflegegrad 2 Landespflegegeld, unabh&auml;ngig vom Einkommen oder Verm&ouml;gen. In den Bundesl&auml;ndern gelten jeweils unterschiedliche Antragsvoraussetzungen.<\/p>\n\n\n\n<h6 class=\"wp-block-heading\" id=\"anrechnung-auf-andere-leistungen\"><strong>Anrechnung auf andere Leistungen<\/strong><\/h6>\n\n\n\n<p>Landespflegegeld ist nicht steuerpflichtig. Bei Menschen, die&nbsp;B&uuml;rgergeld&nbsp;(fr&uuml;her: Arbeitslosengeld II, Hartz IV) oder Sozialhilfe (Grundsicherung im Alter und bei Erwerbsminderung&nbsp;oder&nbsp;Hilfe zum Lebensunterhalt) beziehen, wird es nicht auf das Einkommen oder Verm&ouml;gen angerechnet.<\/p>\n\n\n\n<h6 class=\"wp-block-heading\" id=\"abgrenzung-zu-anderen-leistungen\"><strong>Abgrenzung zu anderen Leistungen<\/strong><\/h6>\n\n\n\n<p>Das Landespflegegeld ist eine andere Leistung als das&nbsp;Pflegegeld&nbsp;der Pflegekasse. Suchen <a href=\"https:\/\/www.vitalibera.org\/community\/2026\/04\/19\/wenn-reize-laut-werden-und-menschen-leise\/\">Betroffene<\/a> nach Informationen zum Landespflegegeld, erhalten sie oft Hinweise zum Landesblindengeld, Landespflegegeld f&uuml;r Blinde oder Blindenhilfe. Gesetzlich sind die Leistungen der Pflegeversicherung im Sozialgesetzbuch (SGB XI) geregelt, das Landespflegegeld dagegen im Landespflegegeldgesetz (LPflGG) oder im Landesblindengeldgesetz (LBIGG) des jeweiligen Landes. Das Landespflegegeld kann&nbsp;<strong>zus&auml;tzlich<\/strong>&nbsp;zu den Leistungen der Pflegeversicherung beantragt werden, wird jedoch mit diesen Leistungen verrechnet und ggf. gek&uuml;rzt. In den Bundesl&auml;ndern gelten unterschiedliche Anspruchsvoraussetzungen.<\/p>\n\n\n\n<p><\/p>\n\n\n\n<div class=\"wp-block-media-text is-stacked-on-mobile\"><figure class=\"wp-block-media-text__media\"><img decoding=\"async\" width=\"259\" height=\"240\" src=\"http:\/\/www.vitalibera.org\/community\/wp-content\/uploads\/2026\/03\/dbc5972683099460054d3dbc8212a892.jpg\" alt=\"\" class=\"wp-image-6119 size-full\"><\/figure><div class=\"wp-block-media-text__content\">\n<p><strong>Weiterf&uuml;hrende Informationen<\/strong><\/p>\n\n\n\n<p>Wer hift weiter?<\/p>\n\n\n\n<ul class=\"wp-block-list\">\n<li>Zust&auml;ndig sind in der Regel die Tr&auml;ger der Sozialhilfe. Adressen bei der Bundesarbeitsgemeinschaft der &uuml;ber&ouml;rtlichen Tr&auml;ger der Sozialhilfe und der Eingliederungshilfe (BAG&uuml;S) unter&nbsp;<a href=\"https:\/\/www.bagues.de\/de\/mitglieder\/\" target=\"_blank\" rel=\"noreferrer noopener\">www.bagues.de <\/a><\/li>\n\n\n\n<li>In Bayern ist das Bayerische Landesamt f&uuml;r Pflege unter&nbsp;<a href=\"https:\/\/www.lfp.bayern.de\/landespflegegeld\/\" target=\"_blank\" rel=\"noreferrer noopener\">www.lfp.bayern.de <\/a>&nbsp;zust&auml;ndig.<\/li>\n<\/ul>\n<\/div><\/div>\n","protected":false},"excerpt":{"rendered":"<p>Die Schweiz kennt kein Pflegegeld als Lohnersatz, sondern leistet \u00fcber die Krankenkasse Sachleistungen (Pflegebedarf in Minuten). Grenzg\u00e4nger ben\u00f6tigen oft private Zusatzversicherungen. Deutschland bietet ein gestaffeltes\u00a0Pflegegeld\u00a0(347\u20ac\u2013990\u20ac\/Monat) bei Pflege durch Angeh\u00f6rige, das bei Wohnsitz in der Schweiz (EU\/EWR) unter Bedingungen weitergezahlt wird. Schweiz Viele Menschen betreuen Eltern, Partner oder Familienangeh\u00f6rige zu Hause \u2013 oft neben Beruf und &#8230; <a title=\"Finanzielle Unterst\u00fctzung f\u00fcr pflegende Angeh\u00f6rige\" class=\"read-more\" href=\"https:\/\/www.vitalibera.org\/community\/2026\/03\/22\/finanzielle-unterstuetzung-fuer-pflegende-angehoerige\/\" aria-label=\"Mehr Informationen \u00fcber Finanzielle Unterst\u00fctzung f\u00fcr pflegende Angeh\u00f6rige\">Weiterlesen<\/a><\/p>\n","protected":false},"author":2,"featured_media":6313,"comment_status":"open","ping_status":"open","sticky":false,"template":"","format":"standard","meta":{"cybocfi_hide_featured_image":"yes","_jetpack_memberships_contains_paid_content":false,"footnotes":""},"categories":[225],"tags":[],"class_list":["post-6311","post","type-post","status-publish","format-standard","has-post-thumbnail","hentry","category-hilfe-fuer-angehoerige"],"yoast_head":"<!-- This site is optimized with the Yoast SEO plugin v27.4 - https:\/\/yoast.com\/product\/yoast-seo-wordpress\/ -->\r\n<title>Finanzielle Unterst\u00fctzung f\u00fcr pflegende Angeh\u00f6rige - vitalibera.org<\/title>\r\n<meta name=\"robots\" content=\"index, follow, max-snippet:-1, max-image-preview:large, max-video-preview:-1\" \/>\r\n<link rel=\"canonical\" href=\"http:\/\/www.vitalibera.org\/community\/2026\/03\/22\/finanzielle-unterstuetzung-fuer-pflegende-angehoerige\/\" \/>\r\n<meta property=\"og:locale\" content=\"de_DE\" \/>\r\n<meta property=\"og:type\" content=\"article\" \/>\r\n<meta property=\"og:title\" content=\"Finanzielle Unterst\u00fctzung f\u00fcr pflegende Angeh\u00f6rige - vitalibera.org\" \/>\r\n<meta property=\"og:description\" content=\"Die Schweiz kennt kein Pflegegeld als Lohnersatz, sondern leistet \u00fcber die Krankenkasse Sachleistungen (Pflegebedarf in Minuten). Grenzg\u00e4nger ben\u00f6tigen oft private Zusatzversicherungen. Deutschland bietet ein gestaffeltes\u00a0Pflegegeld\u00a0(347\u20ac\u2013990\u20ac\/Monat) bei Pflege durch Angeh\u00f6rige, das bei Wohnsitz in der Schweiz (EU\/EWR) unter Bedingungen weitergezahlt wird. Schweiz Viele Menschen betreuen Eltern, Partner oder Familienangeh\u00f6rige zu Hause \u2013 oft neben Beruf und ... Weiterlesen\" \/>\r\n<meta property=\"og:url\" content=\"http:\/\/www.vitalibera.org\/community\/2026\/03\/22\/finanzielle-unterstuetzung-fuer-pflegende-angehoerige\/\" \/>\r\n<meta property=\"og:site_name\" content=\"vitalibera.org\" \/>\r\n<meta property=\"article:publisher\" content=\"https:\/\/www.facebook.com\/groups\/2997085857140235\" \/>\r\n<meta property=\"article:published_time\" content=\"2026-03-22T10:12:38+00:00\" \/>\r\n<meta property=\"article:modified_time\" content=\"2026-03-22T10:20:30+00:00\" \/>\r\n<meta property=\"og:image\" content=\"http:\/\/www.vitalibera.org\/community\/wp-content\/uploads\/2026\/03\/pflegegeld.png\" \/>\r\n\t<meta property=\"og:image:width\" content=\"654\" \/>\r\n\t<meta property=\"og:image:height\" content=\"414\" \/>\r\n\t<meta property=\"og:image:type\" content=\"image\/png\" \/>\r\n<meta name=\"author\" content=\"Andreas Jecklin\" \/>\r\n<meta name=\"twitter:card\" content=\"summary_large_image\" \/>\r\n<meta name=\"twitter:label1\" content=\"Verfasst von\" \/>\n\t<meta name=\"twitter:data1\" content=\"Andreas Jecklin\" \/>\n\t<meta name=\"twitter:label2\" content=\"Gesch\u00e4tzte Lesezeit\" \/>\n\t<meta name=\"twitter:data2\" content=\"2\u00a0Minuten\" \/>\r\n<script type=\"application\/ld+json\" class=\"yoast-schema-graph\">{\"@context\":\"https:\\\/\\\/schema.org\",\"@graph\":[{\"@type\":\"Article\",\"@id\":\"http:\\\/\\\/www.vitalibera.org\\\/community\\\/2026\\\/03\\\/22\\\/finanzielle-unterstuetzung-fuer-pflegende-angehoerige\\\/#article\",\"isPartOf\":{\"@id\":\"http:\\\/\\\/www.vitalibera.org\\\/community\\\/2026\\\/03\\\/22\\\/finanzielle-unterstuetzung-fuer-pflegende-angehoerige\\\/\"},\"author\":{\"name\":\"Andreas Jecklin\",\"@id\":\"https:\\\/\\\/www.vitalibera.org\\\/community\\\/#\\\/schema\\\/person\\\/6712387298421f222ff6d0a2e22c1534\"},\"headline\":\"Finanzielle Unterst\u00fctzung f\u00fcr pflegende Angeh\u00f6rige\",\"datePublished\":\"2026-03-22T10:12:38+00:00\",\"dateModified\":\"2026-03-22T10:20:30+00:00\",\"mainEntityOfPage\":{\"@id\":\"http:\\\/\\\/www.vitalibera.org\\\/community\\\/2026\\\/03\\\/22\\\/finanzielle-unterstuetzung-fuer-pflegende-angehoerige\\\/\"},\"wordCount\":500,\"commentCount\":0,\"publisher\":{\"@id\":\"https:\\\/\\\/www.vitalibera.org\\\/community\\\/#organization\"},\"image\":{\"@id\":\"http:\\\/\\\/www.vitalibera.org\\\/community\\\/2026\\\/03\\\/22\\\/finanzielle-unterstuetzung-fuer-pflegende-angehoerige\\\/#primaryimage\"},\"thumbnailUrl\":\"https:\\\/\\\/www.vitalibera.org\\\/community\\\/wp-content\\\/uploads\\\/2026\\\/03\\\/pflegegeld.png\",\"articleSection\":[\"Hilfe f\u00fcr Angeh\u00f6rige\"],\"inLanguage\":\"de\",\"potentialAction\":[{\"@type\":\"CommentAction\",\"name\":\"Comment\",\"target\":[\"http:\\\/\\\/www.vitalibera.org\\\/community\\\/2026\\\/03\\\/22\\\/finanzielle-unterstuetzung-fuer-pflegende-angehoerige\\\/#respond\"]}]},{\"@type\":\"WebPage\",\"@id\":\"http:\\\/\\\/www.vitalibera.org\\\/community\\\/2026\\\/03\\\/22\\\/finanzielle-unterstuetzung-fuer-pflegende-angehoerige\\\/\",\"url\":\"http:\\\/\\\/www.vitalibera.org\\\/community\\\/2026\\\/03\\\/22\\\/finanzielle-unterstuetzung-fuer-pflegende-angehoerige\\\/\",\"name\":\"Finanzielle Unterst\u00fctzung f\u00fcr pflegende Angeh\u00f6rige - vitalibera.org\",\"isPartOf\":{\"@id\":\"https:\\\/\\\/www.vitalibera.org\\\/community\\\/#website\"},\"primaryImageOfPage\":{\"@id\":\"http:\\\/\\\/www.vitalibera.org\\\/community\\\/2026\\\/03\\\/22\\\/finanzielle-unterstuetzung-fuer-pflegende-angehoerige\\\/#primaryimage\"},\"image\":{\"@id\":\"http:\\\/\\\/www.vitalibera.org\\\/community\\\/2026\\\/03\\\/22\\\/finanzielle-unterstuetzung-fuer-pflegende-angehoerige\\\/#primaryimage\"},\"thumbnailUrl\":\"https:\\\/\\\/www.vitalibera.org\\\/community\\\/wp-content\\\/uploads\\\/2026\\\/03\\\/pflegegeld.png\",\"datePublished\":\"2026-03-22T10:12:38+00:00\",\"dateModified\":\"2026-03-22T10:20:30+00:00\",\"breadcrumb\":{\"@id\":\"http:\\\/\\\/www.vitalibera.org\\\/community\\\/2026\\\/03\\\/22\\\/finanzielle-unterstuetzung-fuer-pflegende-angehoerige\\\/#breadcrumb\"},\"inLanguage\":\"de\",\"potentialAction\":[{\"@type\":\"ReadAction\",\"target\":[\"http:\\\/\\\/www.vitalibera.org\\\/community\\\/2026\\\/03\\\/22\\\/finanzielle-unterstuetzung-fuer-pflegende-angehoerige\\\/\"]}]},{\"@type\":\"BreadcrumbList\",\"@id\":\"http:\\\/\\\/www.vitalibera.org\\\/community\\\/2026\\\/03\\\/22\\\/finanzielle-unterstuetzung-fuer-pflegende-angehoerige\\\/#breadcrumb\",\"itemListElement\":[{\"@type\":\"ListItem\",\"position\":1,\"name\":\"Startseite\",\"item\":\"https:\\\/\\\/www.vitalibera.org\\\/community\\\/\"},{\"@type\":\"ListItem\",\"position\":2,\"name\":\"Finanzielle Unterst\u00fctzung f\u00fcr pflegende Angeh\u00f6rige\"}]},{\"@type\":\"WebSite\",\"@id\":\"https:\\\/\\\/www.vitalibera.org\\\/community\\\/#website\",\"url\":\"https:\\\/\\\/www.vitalibera.org\\\/community\\\/\",\"name\":\"vitalibera.org\",\"description\":\"Mit einer Einschr&auml;nkung gestaltet sich das Leben im Alltag oft schwieriger - hier berichten wir &uuml;ber unsere Erfahrungen und Hilfsmittel um den Alltag so unbeschwert und unkompliziert wie nur m&ouml;glich geniessen zu k&ouml;nnen. Dabei richten wir unseren Fokus gezielt auf Selbst&auml;ndigkeit, Eigenst&auml;ndigkeit und Selbstbestimmung.\",\"publisher\":{\"@id\":\"https:\\\/\\\/www.vitalibera.org\\\/community\\\/#organization\"},\"potentialAction\":[{\"@type\":\"SearchAction\",\"target\":{\"@type\":\"EntryPoint\",\"urlTemplate\":\"https:\\\/\\\/www.vitalibera.org\\\/community\\\/?s={search_term_string}\"},\"query-input\":{\"@type\":\"PropertyValueSpecification\",\"valueRequired\":true,\"valueName\":\"search_term_string\"}}],\"inLanguage\":\"de\"},{\"@type\":\"Organization\",\"@id\":\"https:\\\/\\\/www.vitalibera.org\\\/community\\\/#organization\",\"name\":\"vitalibera.org\",\"url\":\"https:\\\/\\\/www.vitalibera.org\\\/community\\\/\",\"logo\":{\"@type\":\"ImageObject\",\"inLanguage\":\"de\",\"@id\":\"https:\\\/\\\/www.vitalibera.org\\\/community\\\/#\\\/schema\\\/logo\\\/image\\\/\",\"url\":\"https:\\\/\\\/www.vitalibera.org\\\/community\\\/wp-content\\\/uploads\\\/2025\\\/09\\\/cropped-banner.png\",\"contentUrl\":\"https:\\\/\\\/www.vitalibera.org\\\/community\\\/wp-content\\\/uploads\\\/2025\\\/09\\\/cropped-banner.png\",\"width\":991,\"height\":150,\"caption\":\"vitalibera.org\"},\"image\":{\"@id\":\"https:\\\/\\\/www.vitalibera.org\\\/community\\\/#\\\/schema\\\/logo\\\/image\\\/\"},\"sameAs\":[\"https:\\\/\\\/www.facebook.com\\\/groups\\\/2997085857140235\"]},{\"@type\":\"Person\",\"@id\":\"https:\\\/\\\/www.vitalibera.org\\\/community\\\/#\\\/schema\\\/person\\\/6712387298421f222ff6d0a2e22c1534\",\"name\":\"Andreas Jecklin\",\"image\":{\"@type\":\"ImageObject\",\"inLanguage\":\"de\",\"@id\":\"https:\\\/\\\/secure.gravatar.com\\\/avatar\\\/ad516503a11cd5ca435acc9bb6523536?s=96\",\"url\":\"https:\\\/\\\/secure.gravatar.com\\\/avatar\\\/ad516503a11cd5ca435acc9bb6523536?s=96\",\"contentUrl\":\"https:\\\/\\\/secure.gravatar.com\\\/avatar\\\/ad516503a11cd5ca435acc9bb6523536?s=96\",\"caption\":\"Andreas Jecklin\"},\"description\":\"Manchen gab Gott die Kraft Dinge zu ver\u00e4ndern, mir gab er die Kraft zu ertragen was nicht mehr zu \u00e4ndern ist.\",\"url\":\"https:\\\/\\\/www.vitalibera.org\\\/community\\\/author\\\/andy77\\\/\"}]}<\/script>\r\n<!-- \/ Yoast SEO plugin. -->","yoast_head_json":{"title":"Finanzielle Unterst\u00fctzung f\u00fcr pflegende Angeh\u00f6rige - vitalibera.org","robots":{"index":"index","follow":"follow","max-snippet":"max-snippet:-1","max-image-preview":"max-image-preview:large","max-video-preview":"max-video-preview:-1"},"canonical":"http:\/\/www.vitalibera.org\/community\/2026\/03\/22\/finanzielle-unterstuetzung-fuer-pflegende-angehoerige\/","og_locale":"de_DE","og_type":"article","og_title":"Finanzielle Unterst\u00fctzung f\u00fcr pflegende Angeh\u00f6rige - vitalibera.org","og_description":"Die Schweiz kennt kein Pflegegeld als Lohnersatz, sondern leistet \u00fcber die Krankenkasse Sachleistungen (Pflegebedarf in Minuten). Grenzg\u00e4nger ben\u00f6tigen oft private Zusatzversicherungen. Deutschland bietet ein gestaffeltes\u00a0Pflegegeld\u00a0(347\u20ac\u2013990\u20ac\/Monat) bei Pflege durch Angeh\u00f6rige, das bei Wohnsitz in der Schweiz (EU\/EWR) unter Bedingungen weitergezahlt wird. Schweiz Viele Menschen betreuen Eltern, Partner oder Familienangeh\u00f6rige zu Hause \u2013 oft neben Beruf und ... Weiterlesen","og_url":"http:\/\/www.vitalibera.org\/community\/2026\/03\/22\/finanzielle-unterstuetzung-fuer-pflegende-angehoerige\/","og_site_name":"vitalibera.org","article_publisher":"https:\/\/www.facebook.com\/groups\/2997085857140235","article_published_time":"2026-03-22T10:12:38+00:00","article_modified_time":"2026-03-22T10:20:30+00:00","og_image":[{"width":654,"height":414,"url":"http:\/\/www.vitalibera.org\/community\/wp-content\/uploads\/2026\/03\/pflegegeld.png","type":"image\/png"}],"author":"Andreas Jecklin","twitter_card":"summary_large_image","twitter_misc":{"Verfasst von":"Andreas Jecklin","Gesch\u00e4tzte Lesezeit":"2\u00a0Minuten"},"schema":{"@context":"https:\/\/schema.org","@graph":[{"@type":"Article","@id":"http:\/\/www.vitalibera.org\/community\/2026\/03\/22\/finanzielle-unterstuetzung-fuer-pflegende-angehoerige\/#article","isPartOf":{"@id":"http:\/\/www.vitalibera.org\/community\/2026\/03\/22\/finanzielle-unterstuetzung-fuer-pflegende-angehoerige\/"},"author":{"name":"Andreas Jecklin","@id":"https:\/\/www.vitalibera.org\/community\/#\/schema\/person\/6712387298421f222ff6d0a2e22c1534"},"headline":"Finanzielle Unterst\u00fctzung f\u00fcr pflegende Angeh\u00f6rige","datePublished":"2026-03-22T10:12:38+00:00","dateModified":"2026-03-22T10:20:30+00:00","mainEntityOfPage":{"@id":"http:\/\/www.vitalibera.org\/community\/2026\/03\/22\/finanzielle-unterstuetzung-fuer-pflegende-angehoerige\/"},"wordCount":500,"commentCount":0,"publisher":{"@id":"https:\/\/www.vitalibera.org\/community\/#organization"},"image":{"@id":"http:\/\/www.vitalibera.org\/community\/2026\/03\/22\/finanzielle-unterstuetzung-fuer-pflegende-angehoerige\/#primaryimage"},"thumbnailUrl":"https:\/\/www.vitalibera.org\/community\/wp-content\/uploads\/2026\/03\/pflegegeld.png","articleSection":["Hilfe f\u00fcr Angeh\u00f6rige"],"inLanguage":"de","potentialAction":[{"@type":"CommentAction","name":"Comment","target":["http:\/\/www.vitalibera.org\/community\/2026\/03\/22\/finanzielle-unterstuetzung-fuer-pflegende-angehoerige\/#respond"]}]},{"@type":"WebPage","@id":"http:\/\/www.vitalibera.org\/community\/2026\/03\/22\/finanzielle-unterstuetzung-fuer-pflegende-angehoerige\/","url":"http:\/\/www.vitalibera.org\/community\/2026\/03\/22\/finanzielle-unterstuetzung-fuer-pflegende-angehoerige\/","name":"Finanzielle Unterst\u00fctzung f\u00fcr pflegende Angeh\u00f6rige - vitalibera.org","isPartOf":{"@id":"https:\/\/www.vitalibera.org\/community\/#website"},"primaryImageOfPage":{"@id":"http:\/\/www.vitalibera.org\/community\/2026\/03\/22\/finanzielle-unterstuetzung-fuer-pflegende-angehoerige\/#primaryimage"},"image":{"@id":"http:\/\/www.vitalibera.org\/community\/2026\/03\/22\/finanzielle-unterstuetzung-fuer-pflegende-angehoerige\/#primaryimage"},"thumbnailUrl":"https:\/\/www.vitalibera.org\/community\/wp-content\/uploads\/2026\/03\/pflegegeld.png","datePublished":"2026-03-22T10:12:38+00:00","dateModified":"2026-03-22T10:20:30+00:00","breadcrumb":{"@id":"http:\/\/www.vitalibera.org\/community\/2026\/03\/22\/finanzielle-unterstuetzung-fuer-pflegende-angehoerige\/#breadcrumb"},"inLanguage":"de","potentialAction":[{"@type":"ReadAction","target":["http:\/\/www.vitalibera.org\/community\/2026\/03\/22\/finanzielle-unterstuetzung-fuer-pflegende-angehoerige\/"]}]},{"@type":"BreadcrumbList","@id":"http:\/\/www.vitalibera.org\/community\/2026\/03\/22\/finanzielle-unterstuetzung-fuer-pflegende-angehoerige\/#breadcrumb","itemListElement":[{"@type":"ListItem","position":1,"name":"Startseite","item":"https:\/\/www.vitalibera.org\/community\/"},{"@type":"ListItem","position":2,"name":"Finanzielle Unterst\u00fctzung f\u00fcr pflegende Angeh\u00f6rige"}]},{"@type":"WebSite","@id":"https:\/\/www.vitalibera.org\/community\/#website","url":"https:\/\/www.vitalibera.org\/community\/","name":"vitalibera.org","description":"Mit einer Einschr&auml;nkung gestaltet sich das Leben im Alltag oft schwieriger - hier berichten wir &uuml;ber unsere Erfahrungen und Hilfsmittel um den Alltag so unbeschwert und unkompliziert wie nur m&ouml;glich geniessen zu k&ouml;nnen. Dabei richten wir unseren Fokus gezielt auf Selbst&auml;ndigkeit, Eigenst&auml;ndigkeit und Selbstbestimmung.","publisher":{"@id":"https:\/\/www.vitalibera.org\/community\/#organization"},"potentialAction":[{"@type":"SearchAction","target":{"@type":"EntryPoint","urlTemplate":"https:\/\/www.vitalibera.org\/community\/?s={search_term_string}"},"query-input":{"@type":"PropertyValueSpecification","valueRequired":true,"valueName":"search_term_string"}}],"inLanguage":"de"},{"@type":"Organization","@id":"https:\/\/www.vitalibera.org\/community\/#organization","name":"vitalibera.org","url":"https:\/\/www.vitalibera.org\/community\/","logo":{"@type":"ImageObject","inLanguage":"de","@id":"https:\/\/www.vitalibera.org\/community\/#\/schema\/logo\/image\/","url":"https:\/\/www.vitalibera.org\/community\/wp-content\/uploads\/2025\/09\/cropped-banner.png","contentUrl":"https:\/\/www.vitalibera.org\/community\/wp-content\/uploads\/2025\/09\/cropped-banner.png","width":991,"height":150,"caption":"vitalibera.org"},"image":{"@id":"https:\/\/www.vitalibera.org\/community\/#\/schema\/logo\/image\/"},"sameAs":["https:\/\/www.facebook.com\/groups\/2997085857140235"]},{"@type":"Person","@id":"https:\/\/www.vitalibera.org\/community\/#\/schema\/person\/6712387298421f222ff6d0a2e22c1534","name":"Andreas Jecklin","image":{"@type":"ImageObject","inLanguage":"de","@id":"https:\/\/secure.gravatar.com\/avatar\/ad516503a11cd5ca435acc9bb6523536?s=96","url":"https:\/\/secure.gravatar.com\/avatar\/ad516503a11cd5ca435acc9bb6523536?s=96","contentUrl":"https:\/\/secure.gravatar.com\/avatar\/ad516503a11cd5ca435acc9bb6523536?s=96","caption":"Andreas Jecklin"},"description":"Manchen gab Gott die Kraft Dinge zu ver\u00e4ndern, mir gab er die Kraft zu ertragen was nicht mehr zu \u00e4ndern ist.","url":"https:\/\/www.vitalibera.org\/community\/author\/andy77\/"}]}},"jetpack_featured_media_url":"https:\/\/www.vitalibera.org\/community\/wp-content\/uploads\/2026\/03\/pflegegeld.png","jetpack_sharing_enabled":true,"jetpack-related-posts":[],"_links":{"self":[{"href":"https:\/\/www.vitalibera.org\/community\/wp-json\/wp\/v2\/posts\/6311","targetHints":{"allow":["GET"]}}],"collection":[{"href":"https:\/\/www.vitalibera.org\/community\/wp-json\/wp\/v2\/posts"}],"about":[{"href":"https:\/\/www.vitalibera.org\/community\/wp-json\/wp\/v2\/types\/post"}],"author":[{"embeddable":true,"href":"https:\/\/www.vitalibera.org\/community\/wp-json\/wp\/v2\/users\/2"}],"replies":[{"embeddable":true,"href":"https:\/\/www.vitalibera.org\/community\/wp-json\/wp\/v2\/comments?post=6311"}],"version-history":[{"count":3,"href":"https:\/\/www.vitalibera.org\/community\/wp-json\/wp\/v2\/posts\/6311\/revisions"}],"predecessor-version":[{"id":6316,"href":"https:\/\/www.vitalibera.org\/community\/wp-json\/wp\/v2\/posts\/6311\/revisions\/6316"}],"wp:featuredmedia":[{"embeddable":true,"href":"https:\/\/www.vitalibera.org\/community\/wp-json\/wp\/v2\/media\/6313"}],"wp:attachment":[{"href":"https:\/\/www.vitalibera.org\/community\/wp-json\/wp\/v2\/media?parent=6311"}],"wp:term":[{"taxonomy":"category","embeddable":true,"href":"https:\/\/www.vitalibera.org\/community\/wp-json\/wp\/v2\/categories?post=6311"},{"taxonomy":"post_tag","embeddable":true,"href":"https:\/\/www.vitalibera.org\/community\/wp-json\/wp\/v2\/tags?post=6311"}],"curies":[{"name":"wp","href":"https:\/\/api.w.org\/{rel}","templated":true}]}}