{"id":6317,"date":"2026-03-22T19:30:42","date_gmt":"2026-03-22T18:30:42","guid":{"rendered":"https:\/\/www.vitalibera.org\/community\/?p=6317"},"modified":"2026-03-22T19:41:58","modified_gmt":"2026-03-22T18:41:58","slug":"wohnungssuche-mit-einer-einschraenkung","status":"publish","type":"post","link":"https:\/\/www.vitalibera.org\/community\/2026\/03\/22\/wohnungssuche-mit-einer-einschraenkung\/","title":{"rendered":"Wohnungssuche mit einer Einschr\u00e4nkung"},"content":{"rendered":"\n<p>Die Suche nach einer Wohnung mit Einschr&auml;nkungen (barrierefrei, rollstuhlg&auml;ngig) erfordert gezielte Ma&szlig;nahmen: Nutzen Sie spezialisierte Wohnungsb&ouml;rsen (z.B.&nbsp;<a href=\"https:\/\/www.procap.ch\/angebote\/beratung-information\/hindernisfreie-wohnungen\/\" target=\"_blank\" rel=\"noreferrer noopener\">Procap<\/a>), kontaktieren Sie Behindertenverb&auml;nde (z.B.&nbsp;<a href=\"https:\/\/www.proinfirmis.ch\/inklusion\/wohnen.html\" target=\"_blank\" rel=\"noreferrer noopener\">Pro Infirmis<\/a>), das lokale Wohnungsamt f&uuml;r gef&ouml;rderten Wohnraum und beantragen Sie ggf. einen Wohnberechtigungsschein. Wichtig sind proaktive Kommunikation mit Vermietern, Besichtigung auf Barrierefreiheit (Aufzug, T&uuml;rbreiten, Dusche) und Pr&uuml;fung der Umgebung.&nbsp;<\/p>\n\n\n\n<p><strong>Wichtige Schritte und Tipps:<\/strong><\/p>\n\n\n\n<ul class=\"wp-block-list\">\n<li><strong>Spezialsuche:<\/strong>&nbsp;Nutzen Sie Plattformen wie&nbsp;<a href=\"https:\/\/www.immoscout24.ch\/c\/de\/immobilien-magazin\/mieten\/mietobjekt-finden\/barrierefreies-wohnen\" target=\"_blank\" rel=\"noreferrer noopener\">immoScout24.ch<\/a>&nbsp;f&uuml;r hindernisfreie Objekte, die stufenlosen Zugang, breite T&uuml;ren (<img decoding=\"async\" src=\"blob:https:\/\/www.vitalibera.org\/6dd74278-9871-49dc-8b76-64f2cfd20e28\"><math xmlns=\"http:\/\/www.w3.org\/1998\/Math\/MathML\"><semantics><\/semantics><\/math>&gt;&nbsp;80 cm) und befahrbare Duschen bieten.<\/li>\n\n\n\n<li><strong>Beratung nutzen:<\/strong>&nbsp;Verb&auml;nde wie Procap oder Pro Infirmis bieten Unterst&uuml;tzung und Wohnraumanpassungsberatung.<\/li>\n\n\n\n<li><strong>Finanzierung:<\/strong>&nbsp;Beantragen Sie bei Bedarf einen Wohnberechtigungsschein (WBS) f&uuml;r g&uuml;nstige, &ouml;ffentlich gef&ouml;rderte Wohnungen. In einigen Kantonen wie Basel-Stadt gibt es spezielle Angebote f&uuml;r Menschen mit Behinderungen, siehe&nbsp;<a href=\"https:\/\/www.bs.ch\/pd\/gleichstellung-und-diversitaet\/rechte-von-menschen-mit-behinderungen\/selbstbestimmtes-wohnen\" target=\"_blank\" rel=\"noreferrer noopener\">Kanton Basel-Stadt<\/a>.<\/li>\n\n\n\n<li><strong>Unterlagen:<\/strong>&nbsp;Bereiten Sie eine vollst&auml;ndige Bewerbungsmappe vor und erkl&auml;ren Sie Ihre Situation offen, aber kurz, z.B. &uuml;ber die Notwendigkeit von Barrierefreiheit.<\/li>\n\n\n\n<li><strong>Besichtigung:<\/strong>&nbsp;Achten Sie auf Bewegungsfl&auml;chen (Schwellenfreiheit und die Barrierefreiheit des Wohnumfelds<\/li>\n<\/ul>\n\n\n\n<p><\/p>\n\n\n\n<div class=\"wp-block-media-text is-stacked-on-mobile\" style=\"grid-template-columns:25% auto\"><figure class=\"wp-block-media-text__media\"><img fetchpriority=\"high\" decoding=\"async\" width=\"302\" height=\"277\" src=\"http:\/\/www.vitalibera.org\/community\/wp-content\/uploads\/2026\/03\/tip3.png\" alt=\"\" class=\"wp-image-6087 size-full\" srcset=\"https:\/\/www.vitalibera.org\/community\/wp-content\/uploads\/2026\/03\/tip3.png 302w, https:\/\/www.vitalibera.org\/community\/wp-content\/uploads\/2026\/03\/tip3-300x275.png 300w\" sizes=\"(max-width: 302px) 100vw, 302px\" \/><\/figure><div class=\"wp-block-media-text__content\">\n<p>Es ist normal, viele Absagen zu erhalten, doch gezieltes Suchen erh&ouml;ht die Chancen auf eine passende Unterkunft.<\/p>\n<\/div><\/div>\n\n\n\n<p><strong>In Deutschland<\/strong><\/p>\n\n\n\n<p>Die Suche nach einer barrierefreien Wohnung in Deutschland erfordert oft Geduld, da der Markt knapp ist.&nbsp;Nutzen Sie spezialisierte Filter auf Immobilienportalen (z.B. ImmoScout24), kontaktieren Sie Wohnungsbaugesellschaften und stellen Sie einen Antrag auf einen Wohnberechtigungsschein (WBS) beim Wohnungsamt f&uuml;r gef&ouml;rderten Wohnraum.&nbsp;<\/p>\n\n\n\n<p><strong>Wichtige Anlaufstellen &amp; Tipps:<\/strong><\/p>\n\n\n\n<ul class=\"wp-block-list\">\n<li><strong><a href=\"https:\/\/www.google.com\/search?q=Wohnungsamt&amp;sca_esv=e5620ef2793957f5&amp;biw=1920&amp;bih=911&amp;sxsrf=ANbL-n55eX3-n2RUpVqA3hu8K45V1BYv8w%3A1774203231905&amp;ei=XzHAaafrNpTs7_UP7L6sgAs&amp;ved=2ahUKEwjAm6XijrSTAxU3_rsIHZlJADEQgK4QegQIAxAB&amp;uact=5&amp;oq=wohnungssuche+mit+einer+einschr%C3%A4nkuung+deutschland&amp;gs_lp=Egxnd3Mtd2l6LXNlcnAiM3dvaG51bmdzc3VjaGUgbWl0IGVpbmVyIGVpbnNjaHLDpG5rdXVuZyBkZXV0c2NobGFuZDIHECEYoAEYCjIHECEYoAEYCjIHECEYoAEYCkidM1DDDVj1K3ABeAGQAQCYAZwBoAHyCqoBBDAuMTK4AQPIAQD4AQGYAg2gAtwLwgIKEAAYsAMY1gQYR8ICBBAhGAqYAwDiAwUSATEgQIgGAZAGCJIHBDEuMTKgB6ZPsgcEMC4xMrgH1QvCBwYwLjIuMTHIBzWACAA&amp;sclient=gws-wiz-serp\" target=\"_blank\" rel=\"noreferrer noopener\">Wohnungsamt<\/a>:<\/strong>&nbsp;Informiert &uuml;ber barrierefreie Wohnungen in kommunaler Hand und den WBS.<\/li>\n\n\n\n<li><strong><a href=\"https:\/\/www.google.com\/search?q=Behinderten-Verb%C3%A4nde&amp;sca_esv=e5620ef2793957f5&amp;biw=1920&amp;bih=911&amp;sxsrf=ANbL-n55eX3-n2RUpVqA3hu8K45V1BYv8w%3A1774203231905&amp;ei=XzHAaafrNpTs7_UP7L6sgAs&amp;ved=2ahUKEwjAm6XijrSTAxU3_rsIHZlJADEQgK4QegQIAxAD&amp;uact=5&amp;oq=wohnungssuche+mit+einer+einschr%C3%A4nkuung+deutschland&amp;gs_lp=Egxnd3Mtd2l6LXNlcnAiM3dvaG51bmdzc3VjaGUgbWl0IGVpbmVyIGVpbnNjaHLDpG5rdXVuZyBkZXV0c2NobGFuZDIHECEYoAEYCjIHECEYoAEYCjIHECEYoAEYCkidM1DDDVj1K3ABeAGQAQCYAZwBoAHyCqoBBDAuMTK4AQPIAQD4AQGYAg2gAtwLwgIKEAAYsAMY1gQYR8ICBBAhGAqYAwDiAwUSATEgQIgGAZAGCJIHBDEuMTKgB6ZPsgcEMC4xMrgH1QvCBwYwLjIuMTHIBzWACAA&amp;sclient=gws-wiz-serp\" target=\"_blank\" rel=\"noreferrer noopener\">Behinderten-Verb&auml;nde<\/a>:<\/strong>&nbsp;Bieten Unterst&uuml;tzung bei der Wohnungssuche.<\/li>\n\n\n\n<li><strong><a href=\"https:\/\/www.google.com\/search?q=Immobilienb%C3%B6rsen&amp;sca_esv=e5620ef2793957f5&amp;biw=1920&amp;bih=911&amp;sxsrf=ANbL-n55eX3-n2RUpVqA3hu8K45V1BYv8w%3A1774203231905&amp;ei=XzHAaafrNpTs7_UP7L6sgAs&amp;ved=2ahUKEwjAm6XijrSTAxU3_rsIHZlJADEQgK4QegQIAxAF&amp;uact=5&amp;oq=wohnungssuche+mit+einer+einschr%C3%A4nkuung+deutschland&amp;gs_lp=Egxnd3Mtd2l6LXNlcnAiM3dvaG51bmdzc3VjaGUgbWl0IGVpbmVyIGVpbnNjaHLDpG5rdXVuZyBkZXV0c2NobGFuZDIHECEYoAEYCjIHECEYoAEYCjIHECEYoAEYCkidM1DDDVj1K3ABeAGQAQCYAZwBoAHyCqoBBDAuMTK4AQPIAQD4AQGYAg2gAtwLwgIKEAAYsAMY1gQYR8ICBBAhGAqYAwDiAwUSATEgQIgGAZAGCJIHBDEuMTKgB6ZPsgcEMC4xMrgH1QvCBwYwLjIuMTHIBzWACAA&amp;sclient=gws-wiz-serp\" target=\"_blank\" rel=\"noreferrer noopener\">Immobilienb&ouml;rsen<\/a>:<\/strong>&nbsp;Nutzen Sie Filter wie &ldquo;rollstuhlgerecht&rdquo; oder &ldquo;barrierefrei&rdquo;.<\/li>\n\n\n\n<li><strong><a href=\"https:\/\/www.google.com\/search?q=Studierendenwerke&amp;sca_esv=e5620ef2793957f5&amp;biw=1920&amp;bih=911&amp;sxsrf=ANbL-n55eX3-n2RUpVqA3hu8K45V1BYv8w%3A1774203231905&amp;ei=XzHAaafrNpTs7_UP7L6sgAs&amp;ved=2ahUKEwjAm6XijrSTAxU3_rsIHZlJADEQgK4QegQIAxAH&amp;uact=5&amp;oq=wohnungssuche+mit+einer+einschr%C3%A4nkuung+deutschland&amp;gs_lp=Egxnd3Mtd2l6LXNlcnAiM3dvaG51bmdzc3VjaGUgbWl0IGVpbmVyIGVpbnNjaHLDpG5rdXVuZyBkZXV0c2NobGFuZDIHECEYoAEYCjIHECEYoAEYCjIHECEYoAEYCkidM1DDDVj1K3ABeAGQAQCYAZwBoAHyCqoBBDAuMTK4AQPIAQD4AQGYAg2gAtwLwgIKEAAYsAMY1gQYR8ICBBAhGAqYAwDiAwUSATEgQIgGAZAGCJIHBDEuMTKgB6ZPsgcEMC4xMrgH1QvCBwYwLjIuMTHIBzWACAA&amp;sclient=gws-wiz-serp\" target=\"_blank\" rel=\"noreferrer noopener\">Studierendenwerke<\/a>:<\/strong>&nbsp;Bieten Beratung f&uuml;r Studierende mit Behinderung.&nbsp;<\/li>\n<\/ul>\n\n\n\n<p><strong>Besonderheiten &amp; Rechte:<\/strong><\/p>\n\n\n\n<ul class=\"wp-block-list\">\n<li><strong>Bauliche Ver&auml;nderungen:<\/strong>&nbsp;Nach &sect; 554 BGB haben Menschen mit Behinderung oft das Recht auf Zustimmung des Vermieters f&uuml;r notwendige Umbauten, m&uuml;ssen diese jedoch meist selbst finanzieren.<\/li>\n\n\n\n<li><strong>Finanzierung:<\/strong>&nbsp;Krankenkassen oder Pflegekassen k&ouml;nnen Anpassungen bezuschussen.<\/li>\n\n\n\n<li><strong>Wohnumfeld:<\/strong>&nbsp;Achten Sie bei der Besichtigung auf Aufz&uuml;ge, breite T&uuml;ren und barrierefreie Infrastruktur (&Ouml;PNV, Einkaufsm&ouml;glichkeiten).<\/li>\n\n\n\n<li><strong>Wohnberechtigungsschein (WBS):<\/strong>&nbsp;Kann bei der Kommune beantragt werden, um Anspruch auf preisg&uuml;nstige Wohnungen zu haben.&nbsp;<\/li>\n<\/ul>\n\n\n\n<div class=\"wp-block-media-text is-stacked-on-mobile\" style=\"grid-template-columns:26% auto\"><figure class=\"wp-block-media-text__media\"><img fetchpriority=\"high\" decoding=\"async\" width=\"302\" height=\"277\" src=\"http:\/\/www.vitalibera.org\/community\/wp-content\/uploads\/2026\/03\/tip3.png\" alt=\"\" class=\"wp-image-6087 size-full\" srcset=\"https:\/\/www.vitalibera.org\/community\/wp-content\/uploads\/2026\/03\/tip3.png 302w, https:\/\/www.vitalibera.org\/community\/wp-content\/uploads\/2026\/03\/tip3-300x275.png 300w\" sizes=\"(max-width: 302px) 100vw, 302px\" \/><\/figure><div class=\"wp-block-media-text__content\">\n<p>Seien Sie proaktiv, lassen Sie sich bei Bedarf vom Sozialamt unterst&uuml;tzen und scheuen Sie sich nicht, spezialisierte Beratungsstellen zu kontaktieren<\/p>\n<\/div><\/div>\n\n\n\n<div class=\"wp-block-media-text is-stacked-on-mobile is-vertically-aligned-top\"><figure class=\"wp-block-media-text__media\"><img decoding=\"async\" width=\"259\" height=\"240\" src=\"http:\/\/www.vitalibera.org\/community\/wp-content\/uploads\/2026\/03\/8d884cf0d4c0d0127526e5ae396128bd.jpg\" alt=\"\" class=\"wp-image-6155 size-full\"><\/figure><div class=\"wp-block-media-text__content\">\n<p><strong>Wer zahlt die Miete bei Behinderung?<\/strong><\/p>\n\n\n\n<p>Die Kosten &uuml;bernimmt grunds&auml;tzlich die Tr&auml;gerin der Eingliederungshilfe, sofern das eigene Einkommen oder Verm&ouml;gen des Menschen mit Behinderungen nicht ausreicht. Unterhaltspflichtige (zum Beispiel Eltern) werden nicht zur Kostenbeteiligung herangezogen<\/p>\n\n\n\n<p><strong>Wie erh&ouml;he ich die Chance, eine Wohnung zu bekommen?<\/strong><\/p>\n\n\n\n<ol class=\"wp-block-list\">\n<li>Werde aktiv &hellip; und bleibe es. Wenn du nicht warten willst, bis das passende Angebot ins Haus flattert, kannst auch selbst aktiv werden. &hellip;<\/li>\n\n\n\n<li>Nimm pers&ouml;nlich Kontakt auf. &hellip;<\/li>\n\n\n\n<li>Sei gut vorbereitet. &hellip;<\/li>\n\n\n\n<li>Bleib realistisch. &hellip;<\/li>\n\n\n\n<li>Sei gut vorbereitet (nochmal) &hellip;<\/li>\n\n\n\n<li>Hinterlasse einen guten Eindruck. &hellip;<\/li>\n\n\n\n<li>Halte den Kontakt.<\/li>\n<\/ol>\n\n\n\n<p><\/p>\n<\/div><\/div>\n","protected":false},"excerpt":{"rendered":"<p>Die Suche nach einer Wohnung mit Einschr\u00e4nkungen (barrierefrei, rollstuhlg\u00e4ngig) erfordert gezielte Ma\u00dfnahmen: Nutzen Sie spezialisierte Wohnungsb\u00f6rsen (z.B.&nbsp;Procap), kontaktieren Sie Behindertenverb\u00e4nde (z.B.&nbsp;Pro Infirmis), das lokale Wohnungsamt f\u00fcr gef\u00f6rderten Wohnraum und beantragen Sie ggf. einen Wohnberechtigungsschein. Wichtig sind proaktive Kommunikation mit Vermietern, Besichtigung auf Barrierefreiheit (Aufzug, T\u00fcrbreiten, Dusche) und Pr\u00fcfung der Umgebung.&nbsp; Wichtige Schritte und Tipps: Es &#8230; <a title=\"Wohnungssuche mit einer Einschr\u00e4nkung\" class=\"read-more\" href=\"https:\/\/www.vitalibera.org\/community\/2026\/03\/22\/wohnungssuche-mit-einer-einschraenkung\/\" aria-label=\"Mehr Informationen \u00fcber Wohnungssuche mit einer Einschr\u00e4nkung\">Weiterlesen<\/a><\/p>\n","protected":false},"author":2,"featured_media":6318,"comment_status":"open","ping_status":"open","sticky":false,"template":"","format":"standard","meta":{"cybocfi_hide_featured_image":"yes","_jetpack_memberships_contains_paid_content":false,"footnotes":""},"categories":[42],"tags":[],"class_list":["post-6317","post","type-post","status-publish","format-standard","has-post-thumbnail","hentry","category-alltag"],"yoast_head":"<!-- This site is optimized with the Yoast SEO plugin v27.4 - https:\/\/yoast.com\/product\/yoast-seo-wordpress\/ -->\r\n<title>Wohnungssuche mit einer Einschr\u00e4nkung - vitalibera.org<\/title>\r\n<meta name=\"robots\" content=\"index, follow, max-snippet:-1, max-image-preview:large, max-video-preview:-1\" \/>\r\n<link rel=\"canonical\" href=\"http:\/\/www.vitalibera.org\/community\/2026\/03\/22\/wohnungssuche-mit-einer-einschraenkung\/\" \/>\r\n<meta property=\"og:locale\" content=\"de_DE\" \/>\r\n<meta property=\"og:type\" content=\"article\" \/>\r\n<meta property=\"og:title\" content=\"Wohnungssuche mit einer Einschr\u00e4nkung - vitalibera.org\" \/>\r\n<meta property=\"og:description\" content=\"Die Suche nach einer Wohnung mit Einschr\u00e4nkungen (barrierefrei, rollstuhlg\u00e4ngig) erfordert gezielte Ma\u00dfnahmen: Nutzen Sie spezialisierte Wohnungsb\u00f6rsen (z.B.&nbsp;Procap), kontaktieren Sie Behindertenverb\u00e4nde (z.B.&nbsp;Pro Infirmis), das lokale Wohnungsamt f\u00fcr gef\u00f6rderten Wohnraum und beantragen Sie ggf. einen Wohnberechtigungsschein. Wichtig sind proaktive Kommunikation mit Vermietern, Besichtigung auf Barrierefreiheit (Aufzug, T\u00fcrbreiten, Dusche) und Pr\u00fcfung der Umgebung.&nbsp; Wichtige Schritte und Tipps: Es ... Weiterlesen\" \/>\r\n<meta property=\"og:url\" content=\"http:\/\/www.vitalibera.org\/community\/2026\/03\/22\/wohnungssuche-mit-einer-einschraenkung\/\" \/>\r\n<meta property=\"og:site_name\" content=\"vitalibera.org\" \/>\r\n<meta property=\"article:publisher\" content=\"https:\/\/www.facebook.com\/groups\/2997085857140235\" \/>\r\n<meta property=\"article:published_time\" content=\"2026-03-22T18:30:42+00:00\" \/>\r\n<meta property=\"article:modified_time\" content=\"2026-03-22T18:41:58+00:00\" \/>\r\n<meta property=\"og:image\" content=\"http:\/\/www.vitalibera.org\/community\/wp-content\/uploads\/2026\/03\/wohnungssuche.png\" \/>\r\n\t<meta property=\"og:image:width\" content=\"691\" \/>\r\n\t<meta property=\"og:image:height\" content=\"406\" \/>\r\n\t<meta property=\"og:image:type\" content=\"image\/png\" \/>\r\n<meta name=\"author\" content=\"Andreas Jecklin\" \/>\r\n<meta name=\"twitter:card\" content=\"summary_large_image\" \/>\r\n<meta name=\"twitter:label1\" content=\"Verfasst von\" \/>\n\t<meta name=\"twitter:data1\" content=\"Andreas Jecklin\" \/>\n\t<meta name=\"twitter:label2\" content=\"Gesch\u00e4tzte Lesezeit\" \/>\n\t<meta name=\"twitter:data2\" content=\"4\u00a0Minuten\" \/>\r\n<script type=\"application\/ld+json\" class=\"yoast-schema-graph\">{\"@context\":\"https:\\\/\\\/schema.org\",\"@graph\":[{\"@type\":\"Article\",\"@id\":\"http:\\\/\\\/www.vitalibera.org\\\/community\\\/2026\\\/03\\\/22\\\/wohnungssuche-mit-einer-einschraenkung\\\/#article\",\"isPartOf\":{\"@id\":\"http:\\\/\\\/www.vitalibera.org\\\/community\\\/2026\\\/03\\\/22\\\/wohnungssuche-mit-einer-einschraenkung\\\/\"},\"author\":{\"name\":\"Andreas Jecklin\",\"@id\":\"https:\\\/\\\/www.vitalibera.org\\\/community\\\/#\\\/schema\\\/person\\\/6712387298421f222ff6d0a2e22c1534\"},\"headline\":\"Wohnungssuche mit einer Einschr\u00e4nkung\",\"datePublished\":\"2026-03-22T18:30:42+00:00\",\"dateModified\":\"2026-03-22T18:41:58+00:00\",\"mainEntityOfPage\":{\"@id\":\"http:\\\/\\\/www.vitalibera.org\\\/community\\\/2026\\\/03\\\/22\\\/wohnungssuche-mit-einer-einschraenkung\\\/\"},\"wordCount\":484,\"commentCount\":0,\"publisher\":{\"@id\":\"https:\\\/\\\/www.vitalibera.org\\\/community\\\/#organization\"},\"image\":{\"@id\":\"http:\\\/\\\/www.vitalibera.org\\\/community\\\/2026\\\/03\\\/22\\\/wohnungssuche-mit-einer-einschraenkung\\\/#primaryimage\"},\"thumbnailUrl\":\"https:\\\/\\\/www.vitalibera.org\\\/community\\\/wp-content\\\/uploads\\\/2026\\\/03\\\/wohnungssuche.png\",\"articleSection\":[\"Alltag\"],\"inLanguage\":\"de\",\"potentialAction\":[{\"@type\":\"CommentAction\",\"name\":\"Comment\",\"target\":[\"http:\\\/\\\/www.vitalibera.org\\\/community\\\/2026\\\/03\\\/22\\\/wohnungssuche-mit-einer-einschraenkung\\\/#respond\"]}]},{\"@type\":\"WebPage\",\"@id\":\"http:\\\/\\\/www.vitalibera.org\\\/community\\\/2026\\\/03\\\/22\\\/wohnungssuche-mit-einer-einschraenkung\\\/\",\"url\":\"http:\\\/\\\/www.vitalibera.org\\\/community\\\/2026\\\/03\\\/22\\\/wohnungssuche-mit-einer-einschraenkung\\\/\",\"name\":\"Wohnungssuche mit einer Einschr\u00e4nkung - vitalibera.org\",\"isPartOf\":{\"@id\":\"https:\\\/\\\/www.vitalibera.org\\\/community\\\/#website\"},\"primaryImageOfPage\":{\"@id\":\"http:\\\/\\\/www.vitalibera.org\\\/community\\\/2026\\\/03\\\/22\\\/wohnungssuche-mit-einer-einschraenkung\\\/#primaryimage\"},\"image\":{\"@id\":\"http:\\\/\\\/www.vitalibera.org\\\/community\\\/2026\\\/03\\\/22\\\/wohnungssuche-mit-einer-einschraenkung\\\/#primaryimage\"},\"thumbnailUrl\":\"https:\\\/\\\/www.vitalibera.org\\\/community\\\/wp-content\\\/uploads\\\/2026\\\/03\\\/wohnungssuche.png\",\"datePublished\":\"2026-03-22T18:30:42+00:00\",\"dateModified\":\"2026-03-22T18:41:58+00:00\",\"breadcrumb\":{\"@id\":\"http:\\\/\\\/www.vitalibera.org\\\/community\\\/2026\\\/03\\\/22\\\/wohnungssuche-mit-einer-einschraenkung\\\/#breadcrumb\"},\"inLanguage\":\"de\",\"potentialAction\":[{\"@type\":\"ReadAction\",\"target\":[\"http:\\\/\\\/www.vitalibera.org\\\/community\\\/2026\\\/03\\\/22\\\/wohnungssuche-mit-einer-einschraenkung\\\/\"]}]},{\"@type\":\"BreadcrumbList\",\"@id\":\"http:\\\/\\\/www.vitalibera.org\\\/community\\\/2026\\\/03\\\/22\\\/wohnungssuche-mit-einer-einschraenkung\\\/#breadcrumb\",\"itemListElement\":[{\"@type\":\"ListItem\",\"position\":1,\"name\":\"Startseite\",\"item\":\"https:\\\/\\\/www.vitalibera.org\\\/community\\\/\"},{\"@type\":\"ListItem\",\"position\":2,\"name\":\"Wohnungssuche mit einer Einschr\u00e4nkung\"}]},{\"@type\":\"WebSite\",\"@id\":\"https:\\\/\\\/www.vitalibera.org\\\/community\\\/#website\",\"url\":\"https:\\\/\\\/www.vitalibera.org\\\/community\\\/\",\"name\":\"vitalibera.org\",\"description\":\"Mit einer Einschr&auml;nkung gestaltet sich das Leben im Alltag oft schwieriger - hier berichten wir &uuml;ber unsere Erfahrungen und Hilfsmittel um den Alltag so unbeschwert und unkompliziert wie nur m&ouml;glich geniessen zu k&ouml;nnen. Dabei richten wir unseren Fokus gezielt auf Selbst&auml;ndigkeit, Eigenst&auml;ndigkeit und Selbstbestimmung.\",\"publisher\":{\"@id\":\"https:\\\/\\\/www.vitalibera.org\\\/community\\\/#organization\"},\"potentialAction\":[{\"@type\":\"SearchAction\",\"target\":{\"@type\":\"EntryPoint\",\"urlTemplate\":\"https:\\\/\\\/www.vitalibera.org\\\/community\\\/?s={search_term_string}\"},\"query-input\":{\"@type\":\"PropertyValueSpecification\",\"valueRequired\":true,\"valueName\":\"search_term_string\"}}],\"inLanguage\":\"de\"},{\"@type\":\"Organization\",\"@id\":\"https:\\\/\\\/www.vitalibera.org\\\/community\\\/#organization\",\"name\":\"vitalibera.org\",\"url\":\"https:\\\/\\\/www.vitalibera.org\\\/community\\\/\",\"logo\":{\"@type\":\"ImageObject\",\"inLanguage\":\"de\",\"@id\":\"https:\\\/\\\/www.vitalibera.org\\\/community\\\/#\\\/schema\\\/logo\\\/image\\\/\",\"url\":\"https:\\\/\\\/www.vitalibera.org\\\/community\\\/wp-content\\\/uploads\\\/2025\\\/09\\\/cropped-banner.png\",\"contentUrl\":\"https:\\\/\\\/www.vitalibera.org\\\/community\\\/wp-content\\\/uploads\\\/2025\\\/09\\\/cropped-banner.png\",\"width\":991,\"height\":150,\"caption\":\"vitalibera.org\"},\"image\":{\"@id\":\"https:\\\/\\\/www.vitalibera.org\\\/community\\\/#\\\/schema\\\/logo\\\/image\\\/\"},\"sameAs\":[\"https:\\\/\\\/www.facebook.com\\\/groups\\\/2997085857140235\"]},{\"@type\":\"Person\",\"@id\":\"https:\\\/\\\/www.vitalibera.org\\\/community\\\/#\\\/schema\\\/person\\\/6712387298421f222ff6d0a2e22c1534\",\"name\":\"Andreas Jecklin\",\"image\":{\"@type\":\"ImageObject\",\"inLanguage\":\"de\",\"@id\":\"https:\\\/\\\/secure.gravatar.com\\\/avatar\\\/ad516503a11cd5ca435acc9bb6523536?s=96\",\"url\":\"https:\\\/\\\/secure.gravatar.com\\\/avatar\\\/ad516503a11cd5ca435acc9bb6523536?s=96\",\"contentUrl\":\"https:\\\/\\\/secure.gravatar.com\\\/avatar\\\/ad516503a11cd5ca435acc9bb6523536?s=96\",\"caption\":\"Andreas Jecklin\"},\"description\":\"Manchen gab Gott die Kraft Dinge zu ver\u00e4ndern, mir gab er die Kraft zu ertragen was nicht mehr zu \u00e4ndern ist.\",\"url\":\"https:\\\/\\\/www.vitalibera.org\\\/community\\\/author\\\/andy77\\\/\"}]}<\/script>\r\n<!-- \/ Yoast SEO plugin. -->","yoast_head_json":{"title":"Wohnungssuche mit einer Einschr\u00e4nkung - vitalibera.org","robots":{"index":"index","follow":"follow","max-snippet":"max-snippet:-1","max-image-preview":"max-image-preview:large","max-video-preview":"max-video-preview:-1"},"canonical":"http:\/\/www.vitalibera.org\/community\/2026\/03\/22\/wohnungssuche-mit-einer-einschraenkung\/","og_locale":"de_DE","og_type":"article","og_title":"Wohnungssuche mit einer Einschr\u00e4nkung - vitalibera.org","og_description":"Die Suche nach einer Wohnung mit Einschr\u00e4nkungen (barrierefrei, rollstuhlg\u00e4ngig) erfordert gezielte Ma\u00dfnahmen: Nutzen Sie spezialisierte Wohnungsb\u00f6rsen (z.B.&nbsp;Procap), kontaktieren Sie Behindertenverb\u00e4nde (z.B.&nbsp;Pro Infirmis), das lokale Wohnungsamt f\u00fcr gef\u00f6rderten Wohnraum und beantragen Sie ggf. einen Wohnberechtigungsschein. Wichtig sind proaktive Kommunikation mit Vermietern, Besichtigung auf Barrierefreiheit (Aufzug, T\u00fcrbreiten, Dusche) und Pr\u00fcfung der Umgebung.&nbsp; Wichtige Schritte und Tipps: Es ... Weiterlesen","og_url":"http:\/\/www.vitalibera.org\/community\/2026\/03\/22\/wohnungssuche-mit-einer-einschraenkung\/","og_site_name":"vitalibera.org","article_publisher":"https:\/\/www.facebook.com\/groups\/2997085857140235","article_published_time":"2026-03-22T18:30:42+00:00","article_modified_time":"2026-03-22T18:41:58+00:00","og_image":[{"width":691,"height":406,"url":"http:\/\/www.vitalibera.org\/community\/wp-content\/uploads\/2026\/03\/wohnungssuche.png","type":"image\/png"}],"author":"Andreas Jecklin","twitter_card":"summary_large_image","twitter_misc":{"Verfasst von":"Andreas Jecklin","Gesch\u00e4tzte Lesezeit":"4\u00a0Minuten"},"schema":{"@context":"https:\/\/schema.org","@graph":[{"@type":"Article","@id":"http:\/\/www.vitalibera.org\/community\/2026\/03\/22\/wohnungssuche-mit-einer-einschraenkung\/#article","isPartOf":{"@id":"http:\/\/www.vitalibera.org\/community\/2026\/03\/22\/wohnungssuche-mit-einer-einschraenkung\/"},"author":{"name":"Andreas Jecklin","@id":"https:\/\/www.vitalibera.org\/community\/#\/schema\/person\/6712387298421f222ff6d0a2e22c1534"},"headline":"Wohnungssuche mit einer Einschr\u00e4nkung","datePublished":"2026-03-22T18:30:42+00:00","dateModified":"2026-03-22T18:41:58+00:00","mainEntityOfPage":{"@id":"http:\/\/www.vitalibera.org\/community\/2026\/03\/22\/wohnungssuche-mit-einer-einschraenkung\/"},"wordCount":484,"commentCount":0,"publisher":{"@id":"https:\/\/www.vitalibera.org\/community\/#organization"},"image":{"@id":"http:\/\/www.vitalibera.org\/community\/2026\/03\/22\/wohnungssuche-mit-einer-einschraenkung\/#primaryimage"},"thumbnailUrl":"https:\/\/www.vitalibera.org\/community\/wp-content\/uploads\/2026\/03\/wohnungssuche.png","articleSection":["Alltag"],"inLanguage":"de","potentialAction":[{"@type":"CommentAction","name":"Comment","target":["http:\/\/www.vitalibera.org\/community\/2026\/03\/22\/wohnungssuche-mit-einer-einschraenkung\/#respond"]}]},{"@type":"WebPage","@id":"http:\/\/www.vitalibera.org\/community\/2026\/03\/22\/wohnungssuche-mit-einer-einschraenkung\/","url":"http:\/\/www.vitalibera.org\/community\/2026\/03\/22\/wohnungssuche-mit-einer-einschraenkung\/","name":"Wohnungssuche mit einer Einschr\u00e4nkung - vitalibera.org","isPartOf":{"@id":"https:\/\/www.vitalibera.org\/community\/#website"},"primaryImageOfPage":{"@id":"http:\/\/www.vitalibera.org\/community\/2026\/03\/22\/wohnungssuche-mit-einer-einschraenkung\/#primaryimage"},"image":{"@id":"http:\/\/www.vitalibera.org\/community\/2026\/03\/22\/wohnungssuche-mit-einer-einschraenkung\/#primaryimage"},"thumbnailUrl":"https:\/\/www.vitalibera.org\/community\/wp-content\/uploads\/2026\/03\/wohnungssuche.png","datePublished":"2026-03-22T18:30:42+00:00","dateModified":"2026-03-22T18:41:58+00:00","breadcrumb":{"@id":"http:\/\/www.vitalibera.org\/community\/2026\/03\/22\/wohnungssuche-mit-einer-einschraenkung\/#breadcrumb"},"inLanguage":"de","potentialAction":[{"@type":"ReadAction","target":["http:\/\/www.vitalibera.org\/community\/2026\/03\/22\/wohnungssuche-mit-einer-einschraenkung\/"]}]},{"@type":"BreadcrumbList","@id":"http:\/\/www.vitalibera.org\/community\/2026\/03\/22\/wohnungssuche-mit-einer-einschraenkung\/#breadcrumb","itemListElement":[{"@type":"ListItem","position":1,"name":"Startseite","item":"https:\/\/www.vitalibera.org\/community\/"},{"@type":"ListItem","position":2,"name":"Wohnungssuche mit einer Einschr\u00e4nkung"}]},{"@type":"WebSite","@id":"https:\/\/www.vitalibera.org\/community\/#website","url":"https:\/\/www.vitalibera.org\/community\/","name":"vitalibera.org","description":"Mit einer Einschr&auml;nkung gestaltet sich das Leben im Alltag oft schwieriger - hier berichten wir &uuml;ber unsere Erfahrungen und Hilfsmittel um den Alltag so unbeschwert und unkompliziert wie nur m&ouml;glich geniessen zu k&ouml;nnen. Dabei richten wir unseren Fokus gezielt auf Selbst&auml;ndigkeit, Eigenst&auml;ndigkeit und Selbstbestimmung.","publisher":{"@id":"https:\/\/www.vitalibera.org\/community\/#organization"},"potentialAction":[{"@type":"SearchAction","target":{"@type":"EntryPoint","urlTemplate":"https:\/\/www.vitalibera.org\/community\/?s={search_term_string}"},"query-input":{"@type":"PropertyValueSpecification","valueRequired":true,"valueName":"search_term_string"}}],"inLanguage":"de"},{"@type":"Organization","@id":"https:\/\/www.vitalibera.org\/community\/#organization","name":"vitalibera.org","url":"https:\/\/www.vitalibera.org\/community\/","logo":{"@type":"ImageObject","inLanguage":"de","@id":"https:\/\/www.vitalibera.org\/community\/#\/schema\/logo\/image\/","url":"https:\/\/www.vitalibera.org\/community\/wp-content\/uploads\/2025\/09\/cropped-banner.png","contentUrl":"https:\/\/www.vitalibera.org\/community\/wp-content\/uploads\/2025\/09\/cropped-banner.png","width":991,"height":150,"caption":"vitalibera.org"},"image":{"@id":"https:\/\/www.vitalibera.org\/community\/#\/schema\/logo\/image\/"},"sameAs":["https:\/\/www.facebook.com\/groups\/2997085857140235"]},{"@type":"Person","@id":"https:\/\/www.vitalibera.org\/community\/#\/schema\/person\/6712387298421f222ff6d0a2e22c1534","name":"Andreas Jecklin","image":{"@type":"ImageObject","inLanguage":"de","@id":"https:\/\/secure.gravatar.com\/avatar\/ad516503a11cd5ca435acc9bb6523536?s=96","url":"https:\/\/secure.gravatar.com\/avatar\/ad516503a11cd5ca435acc9bb6523536?s=96","contentUrl":"https:\/\/secure.gravatar.com\/avatar\/ad516503a11cd5ca435acc9bb6523536?s=96","caption":"Andreas Jecklin"},"description":"Manchen gab Gott die Kraft Dinge zu ver\u00e4ndern, mir gab er die Kraft zu ertragen was nicht mehr zu \u00e4ndern ist.","url":"https:\/\/www.vitalibera.org\/community\/author\/andy77\/"}]}},"jetpack_featured_media_url":"https:\/\/www.vitalibera.org\/community\/wp-content\/uploads\/2026\/03\/wohnungssuche.png","jetpack_sharing_enabled":true,"jetpack-related-posts":[],"_links":{"self":[{"href":"https:\/\/www.vitalibera.org\/community\/wp-json\/wp\/v2\/posts\/6317","targetHints":{"allow":["GET"]}}],"collection":[{"href":"https:\/\/www.vitalibera.org\/community\/wp-json\/wp\/v2\/posts"}],"about":[{"href":"https:\/\/www.vitalibera.org\/community\/wp-json\/wp\/v2\/types\/post"}],"author":[{"embeddable":true,"href":"https:\/\/www.vitalibera.org\/community\/wp-json\/wp\/v2\/users\/2"}],"replies":[{"embeddable":true,"href":"https:\/\/www.vitalibera.org\/community\/wp-json\/wp\/v2\/comments?post=6317"}],"version-history":[{"count":2,"href":"https:\/\/www.vitalibera.org\/community\/wp-json\/wp\/v2\/posts\/6317\/revisions"}],"predecessor-version":[{"id":6321,"href":"https:\/\/www.vitalibera.org\/community\/wp-json\/wp\/v2\/posts\/6317\/revisions\/6321"}],"wp:featuredmedia":[{"embeddable":true,"href":"https:\/\/www.vitalibera.org\/community\/wp-json\/wp\/v2\/media\/6318"}],"wp:attachment":[{"href":"https:\/\/www.vitalibera.org\/community\/wp-json\/wp\/v2\/media?parent=6317"}],"wp:term":[{"taxonomy":"category","embeddable":true,"href":"https:\/\/www.vitalibera.org\/community\/wp-json\/wp\/v2\/categories?post=6317"},{"taxonomy":"post_tag","embeddable":true,"href":"https:\/\/www.vitalibera.org\/community\/wp-json\/wp\/v2\/tags?post=6317"}],"curies":[{"name":"wp","href":"https:\/\/api.w.org\/{rel}","templated":true}]}}