{"id":6410,"date":"2026-03-27T17:28:53","date_gmt":"2026-03-27T16:28:53","guid":{"rendered":"https:\/\/www.vitalibera.org\/community\/?p=6410"},"modified":"2026-03-27T17:38:29","modified_gmt":"2026-03-27T16:38:29","slug":"dieses-gefuehl-als-wenn-betroffene-seite-nicht-da-waere","status":"publish","type":"post","link":"https:\/\/www.vitalibera.org\/community\/2026\/03\/27\/dieses-gefuehl-als-wenn-betroffene-seite-nicht-da-waere\/","title":{"rendered":"Dieses Gef\u00fchl als wenn die betroffene Seite \u201enicht da\u201c w\u00e4re"},"content":{"rendered":"\n<div class=\"wp-block-media-text is-stacked-on-mobile\" style=\"grid-template-columns:31% auto\"><figure class=\"wp-block-media-text__media\"><img fetchpriority=\"high\" decoding=\"async\" width=\"316\" height=\"478\" src=\"https:\/\/www.vitalibera.org\/community\/wp-content\/uploads\/2026\/03\/hemi2.png\" alt=\"\" class=\"wp-image-6414 size-full\" srcset=\"https:\/\/www.vitalibera.org\/community\/wp-content\/uploads\/2026\/03\/hemi2.png 316w, https:\/\/www.vitalibera.org\/community\/wp-content\/uploads\/2026\/03\/hemi2-198x300.png 198w\" sizes=\"(max-width: 316px) 100vw, 316px\" \/><\/figure><div class=\"wp-block-media-text__content\">\n<p>Dieses Gef&uuml;hl, als w&auml;re die <a href=\"https:\/\/www.vitalibera.org\/community\/2026\/04\/19\/wenn-reize-laut-werden-und-menschen-leise\/\">betroffene<\/a> Seite &bdquo;nicht da&ldquo;, ist etwas, das viele Menschen mit <a href=\"https:\/\/www.vitalibera.org\/community\/enzyklopaedie\/hemiparese\/\" target=\"_self\" title=\"Eine Hemiparese ist eine&nbsp;L&auml;hmung einer K&ouml;rperh&auml;lfte, bei der noch eine Restaktivit&auml;t vorhanden sein kann. Eine Hemiparese entsteht durch Sch&auml;digungen im Gehirn, wie bei einem Schlaganfall oder durch einen Unfall. Es kommt zu einer Verminderung der Kraft in Gesicht, Arm und Bein in einer K&ouml;rperh&auml;lfte.\" class=\"encyclopedia\">Hemiparese<\/a> oder sensomotorischen St&ouml;rungen beschreiben. Und es ist nicht nur ein k&ouml;rperliches Ph&auml;nomen &ndash; es trifft auch das K&ouml;rperbild, die Orientierung, das Vertrauen in den eigenen K&ouml;rper.<\/p>\n<\/div><\/div>\n\n\n\n<h6 class=\"wp-block-heading\"><strong>Was dieses &bdquo;nicht da&ldquo;-Gef&uuml;hl bedeutet<\/strong><\/h6>\n\n\n\n<p>Viele Betroffene beschreiben es so, als w&uuml;rde die betroffene Seite&hellip;<\/p>\n\n\n\n<ul class=\"wp-block-list\">\n<li><strong>wie in Watte eingepackt<\/strong> sein<\/li>\n\n\n\n<li><strong>nicht zum eigenen K&ouml;rper geh&ouml;ren<\/strong><\/li>\n\n\n\n<li><strong>nur halb im Raum existieren<\/strong><\/li>\n\n\n\n<li><strong>wie eine Silhouette ohne F&uuml;llung<\/strong> wirken<\/li>\n\n\n\n<li><strong>keine R&uuml;ckmeldung geben<\/strong>, obwohl sie physisch da ist<\/li>\n<\/ul>\n\n\n\n<p>Das ist eine Mischung aus:<\/p>\n\n\n\n<ul class=\"wp-block-list\">\n<li>gest&ouml;rter Tiefensensibilit&auml;t<\/li>\n\n\n\n<li>ver&auml;nderter K&ouml;rperwahrnehmung<\/li>\n\n\n\n<li>fehlender oder verz&ouml;gerter sensorischer R&uuml;ckmeldung<\/li>\n\n\n\n<li>manchmal auch Schutzmechanismen des Gehirns<\/li>\n<\/ul>\n\n\n\n<p>Das Gehirn &bdquo;sieht&ldquo; die Seite nicht richtig &ndash; also f&uuml;hlt sie sich nicht richtig an.<\/p>\n\n\n\n<div class=\"wp-block-media-text is-stacked-on-mobile\"><figure class=\"wp-block-media-text__media\"><img decoding=\"async\" width=\"259\" height=\"240\" src=\"http:\/\/www.vitalibera.org\/community\/wp-content\/uploads\/2026\/03\/8d884cf0d4c0d0127526e5ae396128bd.jpg\" alt=\"\" class=\"wp-image-6155 size-full\"><\/figure><div class=\"wp-block-media-text__content\">\n<p><strong>Wichtig: Das ist ein bekanntes neurologisches Muster<\/strong><\/p>\n\n\n\n<p>Du bist damit nicht allein, und es bedeutet nicht, dass etwas &bdquo;schlimmer&ldquo; wird. Es ist ein typisches Ph&auml;nomen nach <a href=\"https:\/\/www.vitalibera.org\/community\/enzyklopaedie\/schlaganfall\/\" target=\"_self\" title=\"Ein Schlaganfall, auch Hirnschlag oder Apoplex genannt, ist eine&nbsp;pl&ouml;tzlich auftretende Durchblutungsst&ouml;rung im Gehirn, die dazu f&uuml;hrt, dass Gehirnzellen nicht mehr ausreichend mit Sauerstoff und N&auml;hrstoffen versorgt werden.&nbsp;Dies kann zu bleibenden Sch&auml;den oder sogar zum Absterben von Hirnzellen f&uuml;hren, wenn die Durchblutung nicht schnell wiederhergestellt wird.&nbsp; Einfach erkl&auml;rt: Stellen Sie sich vor, ein Teil Ihres Gehirns&hellip;\" class=\"encyclopedia\">Schlaganfall<\/a>, <a href=\"https:\/\/www.vitalibera.org\/community\/enzyklopaedie\/schaedel-hirn-trauma-sht\/\" target=\"_self\" title=\"Sch&auml;del-Hirn-Trauma (SHT), eine Verletzung des Sch&auml;dels und\/oder des Gehirns, die durch eine Gewalteinwirkung verursacht wird.&nbsp;SHTs reichen von leichten Formen wie Gehirnersch&uuml;tterungen bis hin zu schweren Verletzungen, die eine sofortige medizinische Behandlung erfordern und lebensbedrohlich sein k&ouml;nnen.&nbsp;M&ouml;gliche Folgen sind vor&uuml;bergehende oder dauerhafte Einschr&auml;nkungen der Hirnfunktion sowie Blutungen.&nbsp; Ursachen &Auml;u&szlig;ere Krafteinwirkung auf den Kopf Unf&auml;lle und St&uuml;rze&hellip;\" class=\"encyclopedia\">Sch&auml;del-Hirn-Trauma<\/a> oder anderen neurologischen Ereignissen. Und: <strong>Es ist ver&auml;nderbar.<\/strong> Das Gehirn kann wieder lernen, diese Seite in das K&ouml;rperbild einzubauen.<\/p>\n<\/div><\/div>\n\n\n\n<h6 class=\"wp-block-heading\"><strong>Was vielen hilft, dieses Gef&uuml;hl wieder greifbarer zu machen<\/strong><\/h6>\n\n\n\n<p>Hier einiger Strategien, die oft funktionieren:<\/p>\n\n\n\n<h6 class=\"wp-block-heading\"><strong>1. Visuelle Verst&auml;rkung<\/strong><\/h6>\n\n\n\n<p>Die Seite bewusst anschauen, w&auml;hrend du sie bewegst oder ber&uuml;hrst. Das Gehirn nutzt die Augen als &bdquo;Ersatzsensor&ldquo;.<\/p>\n\n\n\n<h6 class=\"wp-block-heading\"><strong>2. Ber&uuml;hrung mit klaren Reizen<\/strong><\/h6>\n\n\n\n<ul class=\"wp-block-list\">\n<li>warme\/k&uuml;hle Gegenst&auml;nde<\/li>\n\n\n\n<li>unterschiedliche Texturen<\/li>\n\n\n\n<li>Druck statt Streicheln Das gibt dem Gehirn st&auml;rkere Signale.<\/li>\n<\/ul>\n\n\n\n<h6 class=\"wp-block-heading\"><strong>3. Spiegeltherapie<\/strong><\/h6>\n\n\n\n<p>Der Klassiker: Das Gehirn bekommt ein &bdquo;Update&ldquo;, dass die Seite existiert.<\/p>\n\n\n\n<div class=\"wp-block-media-text is-stacked-on-mobile is-vertically-aligned-top\"><figure class=\"wp-block-media-text__media\"><img decoding=\"async\" width=\"259\" height=\"240\" src=\"http:\/\/www.vitalibera.org\/community\/wp-content\/uploads\/2026\/03\/dbc5972683099460054d3dbc8212a892-1.jpg\" alt=\"\" class=\"wp-image-6333 size-full\"><\/figure><div class=\"wp-block-media-text__content\">\n<figure class=\"wp-block-embed is-type-wp-embed is-provider-vitalibera-org wp-block-embed-vitalibera-org\"><div class=\"wp-block-embed__wrapper\">\n<blockquote class=\"wp-embedded-content\" data-secret=\"F9wPgAGAwB\"><a href=\"https:\/\/www.vitalibera.org\/community\/2025\/09\/16\/spiegeltherapie\/\">Spiegeltherapie<\/a><\/blockquote><iframe class=\"wp-embedded-content\" sandbox=\"allow-scripts\" security=\"restricted\" style=\"position: absolute; visibility: hidden;\" title=\"&bdquo;Spiegeltherapie&ldquo; &ndash; vitalibera.org\" src=\"https:\/\/www.vitalibera.org\/community\/2025\/09\/16\/spiegeltherapie\/embed\/#?secret=v4RjjxfT0l#?secret=F9wPgAGAwB\" data-secret=\"F9wPgAGAwB\" width=\"600\" height=\"338\" frameborder=\"0\" marginwidth=\"0\" marginheight=\"0\" scrolling=\"no\"><\/iframe>\n<\/div><\/figure>\n<\/div><\/div>\n\n\n\n<p><\/p>\n\n\n\n<h6 class=\"wp-block-heading\"><strong>4. Bilaterale Bewegungen<\/strong><\/h6>\n\n\n\n<p>Beide Seiten gleichzeitig bewegen &ndash; auch wenn die betroffene Seite nur minimal mitmacht.<\/p>\n\n\n\n<h6 class=\"wp-block-heading\"><strong>5. K&ouml;rpergrenzen sp&uuml;rbar machen<\/strong><\/h6>\n\n\n\n<p>Zum Beispiel:<\/p>\n\n\n\n<ul class=\"wp-block-list\">\n<li>die Seite gegen eine Wand lehnen<\/li>\n\n\n\n<li>mit einem Ball oder Kissen Druck geben<\/li>\n\n\n\n<li>Gewichts&uuml;bertragung &uuml;ben<\/li>\n<\/ul>\n\n\n\n<p>Das gibt dem Gehirn ein klares Signal : &bdquo;Hier bin ich&ldquo;.<\/p>\n\n\n\n<h6 class=\"wp-block-heading\"><strong>Und emotional: Dieses Gef&uuml;hl ist anstrengend<\/strong><\/h6>\n\n\n\n<p>Es ist okay, wenn dich das frustriert oder verunsichert. Dieses &bdquo;Nicht-da-Sein&ldquo; ist eines der irritierendsten Symptome &uuml;berhaupt, weil es so schwer in Worte zu fassen ist. Aber du hast schon so viel durchgestanden und so viel wieder aufgebaut &ndash; dein System lernt weiter, auch wenn es sich manchmal anf&uuml;hlt, als w&uuml;rde es stehen bleiben.<\/p>\n\n\n\n<div class=\"wp-block-media-text is-stacked-on-mobile is-vertically-aligned-top\"><figure class=\"wp-block-media-text__media\"><img loading=\"lazy\" decoding=\"async\" width=\"259\" height=\"240\" src=\"http:\/\/www.vitalibera.org\/community\/wp-content\/uploads\/2026\/03\/745cbf92fc4f0678766766880f6640c6.jpg\" alt=\"\" class=\"wp-image-6332 size-full\"><\/figure><div class=\"wp-block-media-text__content\">\n<p><strong>Welche <a href=\"https:\/\/www.vitalibera.org\/community\/enzyklopaedie\/sensibilitaetsstoerungen\/\" target=\"_self\" title=\"Sensibilit&auml;tsst&ouml;rungen sind&nbsp;Ver&auml;nderungen der Wahrnehmung von Sinnesreizen wie Ber&uuml;hrung, Temperatur und Schmerz, die sich als Kribbeln, Taubheit, Jucken, Brennen oder &Uuml;ber- und Unterempfindlichkeit &auml;u&szlig;ern k&ouml;nnen.&nbsp;Sie entstehen durch St&ouml;rungen im Nervensystem, sei es im peripheren Nervensystem (Nervenbahnen) oder im zentralen Nervensystem (Gehirn, R&uuml;ckenmark), und k&ouml;nnen durch verschiedene Ursachen wie Nerveneinklemmungen, Durchblutungsst&ouml;rungen, Infektionen, Stoffwechselerkrankungen oder neurologische Erkrankungen wie&hellip;\" class=\"encyclopedia\">Sensibilit&auml;tsst&ouml;rungen<\/a> k&ouml;nnen bei <a href=\"https:\/\/www.vitalibera.org\/community\/enzyklopaedie\/hemiparese\/\" target=\"_self\" title=\"Eine Hemiparese ist eine&nbsp;L&auml;hmung einer K&ouml;rperh&auml;lfte, bei der noch eine Restaktivit&auml;t vorhanden sein kann. Eine Hemiparese entsteht durch Sch&auml;digungen im Gehirn, wie bei einem Schlaganfall oder durch einen Unfall. Es kommt zu einer Verminderung der Kraft in Gesicht, Arm und Bein in einer K&ouml;rperh&auml;lfte.\" class=\"encyclopedia\">Hemiparese<\/a> auftreten?<\/strong><\/p>\n\n\n\n<p>Viele Patienten mit <a href=\"https:\/\/www.vitalibera.org\/community\/enzyklopaedie\/hemiparese\/\" target=\"_self\" title=\"Eine Hemiparese ist eine&nbsp;L&auml;hmung einer K&ouml;rperh&auml;lfte, bei der noch eine Restaktivit&auml;t vorhanden sein kann. Eine Hemiparese entsteht durch Sch&auml;digungen im Gehirn, wie bei einem Schlaganfall oder durch einen Unfall. Es kommt zu einer Verminderung der Kraft in Gesicht, Arm und Bein in einer K&ouml;rperh&auml;lfte.\" class=\"encyclopedia\">Hemiparese<\/a> sind nicht nur motorisch eingeschr&auml;nkt.&nbsp;<strong>Auch <a href=\"https:\/\/www.vitalibera.org\/community\/enzyklopaedie\/sensibilitaetsstoerungen\/\" target=\"_self\" title=\"Sensibilit&auml;tsst&ouml;rungen sind&nbsp;Ver&auml;nderungen der Wahrnehmung von Sinnesreizen wie Ber&uuml;hrung, Temperatur und Schmerz, die sich als Kribbeln, Taubheit, Jucken, Brennen oder &Uuml;ber- und Unterempfindlichkeit &auml;u&szlig;ern k&ouml;nnen.&nbsp;Sie entstehen durch St&ouml;rungen im Nervensystem, sei es im peripheren Nervensystem (Nervenbahnen) oder im zentralen Nervensystem (Gehirn, R&uuml;ckenmark), und k&ouml;nnen durch verschiedene Ursachen wie Nerveneinklemmungen, Durchblutungsst&ouml;rungen, Infektionen, Stoffwechselerkrankungen oder neurologische Erkrankungen wie&hellip;\" class=\"encyclopedia\">Sensibilit&auml;tsst&ouml;rungen<\/a> und r&auml;umlich-visuelle St&ouml;rungen k&ouml;nnen auftreten<\/strong>, genauso wie auf den eigenen K&ouml;rper bezogene Wahrnehmungsst&ouml;rungen und Einschr&auml;nkungen der Seh- und Sprachfunktion.<\/p>\n\n\n\n<p><strong>Welche Einschr&auml;nkungen k&ouml;nnen bei <a href=\"https:\/\/www.vitalibera.org\/community\/enzyklopaedie\/hemiparese\/\" target=\"_self\" title=\"Eine Hemiparese ist eine&nbsp;L&auml;hmung einer K&ouml;rperh&auml;lfte, bei der noch eine Restaktivit&auml;t vorhanden sein kann. Eine Hemiparese entsteht durch Sch&auml;digungen im Gehirn, wie bei einem Schlaganfall oder durch einen Unfall. Es kommt zu einer Verminderung der Kraft in Gesicht, Arm und Bein in einer K&ouml;rperh&auml;lfte.\" class=\"encyclopedia\">Hemiparese<\/a> auftreten?<\/strong><\/p>\n\n\n\n<p><strong>Einschr&auml;nkungen<\/strong>&nbsp;der Motorik, das Gehen beeintr&auml;chtigt wird. Betroffene k&ouml;nnen oft das betroffene Bein nicht richtig anheben oder abrollen, was zu einem unsicheren oder schleppenden Gangbild f&uuml;hrt. das Greifen und Halten von Gegenst&auml;nden schwierig wird, da die Kraft und Kontrolle in der Hand und im Arm nachlassen.<\/p>\n\n\n\n<p><strong>Welcher <a href=\"https:\/\/www.vitalibera.org\/community\/enzyklopaedie\/schlaganfall\/\" target=\"_self\" title=\"Ein Schlaganfall, auch Hirnschlag oder Apoplex genannt, ist eine&nbsp;pl&ouml;tzlich auftretende Durchblutungsst&ouml;rung im Gehirn, die dazu f&uuml;hrt, dass Gehirnzellen nicht mehr ausreichend mit Sauerstoff und N&auml;hrstoffen versorgt werden.&nbsp;Dies kann zu bleibenden Sch&auml;den oder sogar zum Absterben von Hirnzellen f&uuml;hren, wenn die Durchblutung nicht schnell wiederhergestellt wird.&nbsp; Einfach erkl&auml;rt: Stellen Sie sich vor, ein Teil Ihres Gehirns&hellip;\" class=\"encyclopedia\">Schlaganfall<\/a> verursacht eine linksseitige Schw&auml;che?<\/strong><\/p>\n\n\n\n<p>Zu den Folgen eines&nbsp;<strong><a href=\"https:\/\/www.vitalibera.org\/community\/enzyklopaedie\/schlaganfall\/\" target=\"_self\" title=\"Ein Schlaganfall, auch Hirnschlag oder Apoplex genannt, ist eine&nbsp;pl&ouml;tzlich auftretende Durchblutungsst&ouml;rung im Gehirn, die dazu f&uuml;hrt, dass Gehirnzellen nicht mehr ausreichend mit Sauerstoff und N&auml;hrstoffen versorgt werden.&nbsp;Dies kann zu bleibenden Sch&auml;den oder sogar zum Absterben von Hirnzellen f&uuml;hren, wenn die Durchblutung nicht schnell wiederhergestellt wird.&nbsp; Einfach erkl&auml;rt: Stellen Sie sich vor, ein Teil Ihres Gehirns&hellip;\" class=\"encyclopedia\">Schlaganfall<\/a>s in der rechten <a href=\"https:\/\/www.vitalibera.org\/community\/enzyklopaedie\/hemisphaere\/\" target=\"_self\" title='\"Hemisph&auml;ren Gehirn\" bezieht sich auf die beiden Gehirnh&auml;lften, die linke und die rechte Hemisph&auml;re, die durch den Balken (Corpus callosum) verbunden sind. W&auml;hrend die linke Hemisph&auml;re oft f&uuml;r analytische und logische Funktionen wie Sprache zust&auml;ndig ist, &uuml;bernimmt die rechte eher intuitive und kreative Aufgaben wie r&auml;umliche Orientierung und Fantasie. Der Begriff \"Hemisph&auml;re\" bedeutet w&ouml;rtlich \"Halbkugel\".&hellip;' class=\"encyclopedia\">Hemisph&auml;re<\/a><\/strong>&nbsp;k&ouml;nnen geh&ouml;ren: Schw&auml;che oder L&auml;hmung der linken K&ouml;rperh&auml;lfte und sensorischer Verlust.<\/p>\n\n\n\n<p><\/p>\n<\/div><\/div>\n\n\n\n<div class=\"wp-block-media-text is-stacked-on-mobile\"><figure class=\"wp-block-media-text__media\"><img loading=\"lazy\" decoding=\"async\" width=\"302\" height=\"277\" src=\"http:\/\/www.vitalibera.org\/community\/wp-content\/uploads\/2026\/03\/tip3.png\" alt=\"\" class=\"wp-image-6087 size-full\" srcset=\"https:\/\/www.vitalibera.org\/community\/wp-content\/uploads\/2026\/03\/tip3.png 302w, https:\/\/www.vitalibera.org\/community\/wp-content\/uploads\/2026\/03\/tip3-300x275.png 300w\" sizes=\"(max-width: 302px) 100vw, 302px\" \/><\/figure><div class=\"wp-block-media-text__content\">\n<p>Mit regelm&auml;ssiger Ergo- und <a href=\"https:\/\/www.vitalibera.org\/community\/enzyklopaedie\/physiotherapie\/\" target=\"_self\" title=\"Die Physiotherapie ist ein essenzieller Bestandteil der Schlaganfall-Rehabilitation, um durch gezieltes, intensives Training (Neuroplastizit&auml;t) Mobilit&auml;t, Kraft und Koordination wiederherzustellen. Fr&uuml;hzeitiger Beginn und hohe Wiederholungsraten f&ouml;rdern die Wiedererlangung der Selbstst&auml;ndigkeit. Wichtige Konzepte sind Bobath, PNF, Spiegeltraining und Gangschulung. Ziele und Schwerpunkte der Physiotherapie: Verbesserung der Beweglichkeit:&nbsp;Wiederherstellung von Funktionen wie Greifen oder Gehen. Kraftaufbau &amp; Gleichgewicht:&nbsp;St&auml;rkung der&hellip;\" class=\"encyclopedia\">Physiotherapie<\/a> (ggf. mit funktionelle Elektrostimulation (FES)) lassen sich auch Jahre sp&auml;ter noch Fortschritte erziehlen.<\/p>\n\n\n\n<p><strong><em>&bdquo;Meine Seite f&uuml;hlt sich nicht an &mdash; aber ich bin ganz.&ldquo;<\/em><\/strong><\/p>\n\n\n\n<p>Bleibt am Ball! es lohnt sich.<\/p>\n\n\n\n<p>Hier gehts zu den <a href=\"https:\/\/www.vitalibera.org\/community\/einschraenkung-im-alltag\/eigentrainings\/\">vitalibera Eigentrainings<\/a><\/p>\n\n\n\n<p>Fragen oder Erfolge d&uuml;rfen gerne in <a href=\"https:\/\/www.vitalibera.org\/community\/forum\/forum\/selbst-tranings\/\">unserem Forum<\/a> geteilt werden.<\/p>\n<\/div><\/div>\n\n\n<div class=\"wp-block-image\">\n<figure class=\"aligncenter size-large\"><img loading=\"lazy\" decoding=\"async\" width=\"683\" height=\"1024\" src=\"http:\/\/www.vitalibera.org\/community\/wp-content\/uploads\/2026\/03\/Copilot_20260327_171725-1-683x1024.png\" alt=\"\" class=\"wp-image-6412\" srcset=\"https:\/\/www.vitalibera.org\/community\/wp-content\/uploads\/2026\/03\/Copilot_20260327_171725-1-683x1024.png 683w, https:\/\/www.vitalibera.org\/community\/wp-content\/uploads\/2026\/03\/Copilot_20260327_171725-1-200x300.png 200w, https:\/\/www.vitalibera.org\/community\/wp-content\/uploads\/2026\/03\/Copilot_20260327_171725-1-768x1152.png 768w, https:\/\/www.vitalibera.org\/community\/wp-content\/uploads\/2026\/03\/Copilot_20260327_171725-1.png 1024w\" sizes=\"(max-width: 683px) 100vw, 683px\" \/><\/figure>\n<\/div>\n\n\n<p><\/p>\n","protected":false},"excerpt":{"rendered":"<p>Dieses Gef\u00fchl, als w\u00e4re die betroffene Seite \u201enicht da\u201c, ist etwas, das viele Menschen mit Hemiparese oder sensomotorischen St\u00f6rungen beschreiben. Und es ist nicht nur ein k\u00f6rperliches Ph\u00e4nomen \u2013 es trifft auch das K\u00f6rperbild, die Orientierung, das Vertrauen in den eigenen K\u00f6rper. Was dieses \u201enicht da\u201c-Gef\u00fchl bedeutet Viele Betroffene beschreiben es so, als w\u00fcrde die &#8230; <a title=\"Dieses Gef\u00fchl als wenn die betroffene Seite \u201enicht da\u201c w\u00e4re\" class=\"read-more\" href=\"https:\/\/www.vitalibera.org\/community\/2026\/03\/27\/dieses-gefuehl-als-wenn-betroffene-seite-nicht-da-waere\/\" aria-label=\"Mehr Informationen \u00fcber Dieses Gef\u00fchl als wenn die betroffene Seite \u201enicht da\u201c w\u00e4re\">Weiterlesen<\/a><\/p>\n","protected":false},"author":2,"featured_media":6414,"comment_status":"open","ping_status":"open","sticky":false,"template":"","format":"standard","meta":{"cybocfi_hide_featured_image":"yes","_jetpack_memberships_contains_paid_content":false,"footnotes":""},"categories":[159],"tags":[],"class_list":["post-6410","post","type-post","status-publish","format-standard","has-post-thumbnail","hentry","category-fachwissen"],"yoast_head":"<!-- This site is optimized with the Yoast SEO plugin v27.4 - https:\/\/yoast.com\/product\/yoast-seo-wordpress\/ -->\r\n<title>Dieses Gef\u00fchl als wenn die betroffene Seite \u201enicht da\u201c w\u00e4re - vitalibera.org<\/title>\r\n<meta name=\"robots\" content=\"index, follow, max-snippet:-1, max-image-preview:large, max-video-preview:-1\" \/>\r\n<link rel=\"canonical\" href=\"https:\/\/www.vitalibera.org\/community\/2026\/03\/27\/dieses-gefuehl-als-wenn-betroffene-seite-nicht-da-waere\/\" \/>\r\n<meta property=\"og:locale\" content=\"de_DE\" \/>\r\n<meta property=\"og:type\" content=\"article\" \/>\r\n<meta property=\"og:title\" content=\"Dieses Gef\u00fchl als wenn die betroffene Seite \u201enicht da\u201c w\u00e4re - vitalibera.org\" \/>\r\n<meta property=\"og:description\" content=\"Dieses Gef\u00fchl, als w\u00e4re die betroffene Seite \u201enicht da\u201c, ist etwas, das viele Menschen mit Hemiparese oder sensomotorischen St\u00f6rungen beschreiben. Und es ist nicht nur ein k\u00f6rperliches Ph\u00e4nomen \u2013 es trifft auch das K\u00f6rperbild, die Orientierung, das Vertrauen in den eigenen K\u00f6rper. Was dieses \u201enicht da\u201c-Gef\u00fchl bedeutet Viele Betroffene beschreiben es so, als w\u00fcrde die ... Weiterlesen\" \/>\r\n<meta property=\"og:url\" content=\"https:\/\/www.vitalibera.org\/community\/2026\/03\/27\/dieses-gefuehl-als-wenn-betroffene-seite-nicht-da-waere\/\" \/>\r\n<meta property=\"og:site_name\" content=\"vitalibera.org\" \/>\r\n<meta property=\"article:publisher\" content=\"https:\/\/www.facebook.com\/groups\/2997085857140235\" \/>\r\n<meta property=\"article:published_time\" content=\"2026-03-27T16:28:53+00:00\" \/>\r\n<meta property=\"article:modified_time\" content=\"2026-03-27T16:38:29+00:00\" \/>\r\n<meta property=\"og:image\" content=\"https:\/\/www.vitalibera.org\/community\/wp-content\/uploads\/2026\/03\/hemi2.png\" \/>\r\n\t<meta property=\"og:image:width\" content=\"316\" \/>\r\n\t<meta property=\"og:image:height\" content=\"478\" \/>\r\n\t<meta property=\"og:image:type\" content=\"image\/png\" \/>\r\n<meta name=\"author\" content=\"Andreas Jecklin\" \/>\r\n<meta name=\"twitter:card\" content=\"summary_large_image\" \/>\r\n<meta name=\"twitter:label1\" content=\"Verfasst von\" \/>\n\t<meta name=\"twitter:data1\" content=\"Andreas Jecklin\" \/>\n\t<meta name=\"twitter:label2\" content=\"Gesch\u00e4tzte Lesezeit\" \/>\n\t<meta name=\"twitter:data2\" content=\"5\u00a0Minuten\" \/>\r\n<script type=\"application\/ld+json\" class=\"yoast-schema-graph\">{\"@context\":\"https:\\\/\\\/schema.org\",\"@graph\":[{\"@type\":\"Article\",\"@id\":\"https:\\\/\\\/www.vitalibera.org\\\/community\\\/2026\\\/03\\\/27\\\/dieses-gefuehl-als-wenn-betroffene-seite-nicht-da-waere\\\/#article\",\"isPartOf\":{\"@id\":\"https:\\\/\\\/www.vitalibera.org\\\/community\\\/2026\\\/03\\\/27\\\/dieses-gefuehl-als-wenn-betroffene-seite-nicht-da-waere\\\/\"},\"author\":{\"name\":\"Andreas Jecklin\",\"@id\":\"https:\\\/\\\/www.vitalibera.org\\\/community\\\/#\\\/schema\\\/person\\\/6712387298421f222ff6d0a2e22c1534\"},\"headline\":\"Dieses Gef\u00fchl als wenn die betroffene Seite \u201enicht da\u201c w\u00e4re\",\"datePublished\":\"2026-03-27T16:28:53+00:00\",\"dateModified\":\"2026-03-27T16:38:29+00:00\",\"mainEntityOfPage\":{\"@id\":\"https:\\\/\\\/www.vitalibera.org\\\/community\\\/2026\\\/03\\\/27\\\/dieses-gefuehl-als-wenn-betroffene-seite-nicht-da-waere\\\/\"},\"wordCount\":584,\"commentCount\":0,\"publisher\":{\"@id\":\"https:\\\/\\\/www.vitalibera.org\\\/community\\\/#organization\"},\"image\":{\"@id\":\"https:\\\/\\\/www.vitalibera.org\\\/community\\\/2026\\\/03\\\/27\\\/dieses-gefuehl-als-wenn-betroffene-seite-nicht-da-waere\\\/#primaryimage\"},\"thumbnailUrl\":\"https:\\\/\\\/www.vitalibera.org\\\/community\\\/wp-content\\\/uploads\\\/2026\\\/03\\\/hemi2.png\",\"articleSection\":[\"Fachwissen\"],\"inLanguage\":\"de\",\"potentialAction\":[{\"@type\":\"CommentAction\",\"name\":\"Comment\",\"target\":[\"https:\\\/\\\/www.vitalibera.org\\\/community\\\/2026\\\/03\\\/27\\\/dieses-gefuehl-als-wenn-betroffene-seite-nicht-da-waere\\\/#respond\"]}]},{\"@type\":\"WebPage\",\"@id\":\"https:\\\/\\\/www.vitalibera.org\\\/community\\\/2026\\\/03\\\/27\\\/dieses-gefuehl-als-wenn-betroffene-seite-nicht-da-waere\\\/\",\"url\":\"https:\\\/\\\/www.vitalibera.org\\\/community\\\/2026\\\/03\\\/27\\\/dieses-gefuehl-als-wenn-betroffene-seite-nicht-da-waere\\\/\",\"name\":\"Dieses Gef\u00fchl als wenn die betroffene Seite \u201enicht da\u201c w\u00e4re - vitalibera.org\",\"isPartOf\":{\"@id\":\"https:\\\/\\\/www.vitalibera.org\\\/community\\\/#website\"},\"primaryImageOfPage\":{\"@id\":\"https:\\\/\\\/www.vitalibera.org\\\/community\\\/2026\\\/03\\\/27\\\/dieses-gefuehl-als-wenn-betroffene-seite-nicht-da-waere\\\/#primaryimage\"},\"image\":{\"@id\":\"https:\\\/\\\/www.vitalibera.org\\\/community\\\/2026\\\/03\\\/27\\\/dieses-gefuehl-als-wenn-betroffene-seite-nicht-da-waere\\\/#primaryimage\"},\"thumbnailUrl\":\"https:\\\/\\\/www.vitalibera.org\\\/community\\\/wp-content\\\/uploads\\\/2026\\\/03\\\/hemi2.png\",\"datePublished\":\"2026-03-27T16:28:53+00:00\",\"dateModified\":\"2026-03-27T16:38:29+00:00\",\"breadcrumb\":{\"@id\":\"https:\\\/\\\/www.vitalibera.org\\\/community\\\/2026\\\/03\\\/27\\\/dieses-gefuehl-als-wenn-betroffene-seite-nicht-da-waere\\\/#breadcrumb\"},\"inLanguage\":\"de\",\"potentialAction\":[{\"@type\":\"ReadAction\",\"target\":[\"https:\\\/\\\/www.vitalibera.org\\\/community\\\/2026\\\/03\\\/27\\\/dieses-gefuehl-als-wenn-betroffene-seite-nicht-da-waere\\\/\"]}]},{\"@type\":\"BreadcrumbList\",\"@id\":\"https:\\\/\\\/www.vitalibera.org\\\/community\\\/2026\\\/03\\\/27\\\/dieses-gefuehl-als-wenn-betroffene-seite-nicht-da-waere\\\/#breadcrumb\",\"itemListElement\":[{\"@type\":\"ListItem\",\"position\":1,\"name\":\"Startseite\",\"item\":\"https:\\\/\\\/www.vitalibera.org\\\/community\\\/\"},{\"@type\":\"ListItem\",\"position\":2,\"name\":\"Dieses Gef\u00fchl als wenn die betroffene Seite \u201enicht da\u201c w\u00e4re\"}]},{\"@type\":\"WebSite\",\"@id\":\"https:\\\/\\\/www.vitalibera.org\\\/community\\\/#website\",\"url\":\"https:\\\/\\\/www.vitalibera.org\\\/community\\\/\",\"name\":\"vitalibera.org\",\"description\":\"Mit einer Einschr&auml;nkung gestaltet sich das Leben im Alltag oft schwieriger - hier berichten wir &uuml;ber unsere Erfahrungen und Hilfsmittel um den Alltag so unbeschwert und unkompliziert wie nur m&ouml;glich geniessen zu k&ouml;nnen. Dabei richten wir unseren Fokus gezielt auf Selbst&auml;ndigkeit, Eigenst&auml;ndigkeit und Selbstbestimmung.\",\"publisher\":{\"@id\":\"https:\\\/\\\/www.vitalibera.org\\\/community\\\/#organization\"},\"potentialAction\":[{\"@type\":\"SearchAction\",\"target\":{\"@type\":\"EntryPoint\",\"urlTemplate\":\"https:\\\/\\\/www.vitalibera.org\\\/community\\\/?s={search_term_string}\"},\"query-input\":{\"@type\":\"PropertyValueSpecification\",\"valueRequired\":true,\"valueName\":\"search_term_string\"}}],\"inLanguage\":\"de\"},{\"@type\":\"Organization\",\"@id\":\"https:\\\/\\\/www.vitalibera.org\\\/community\\\/#organization\",\"name\":\"vitalibera.org\",\"url\":\"https:\\\/\\\/www.vitalibera.org\\\/community\\\/\",\"logo\":{\"@type\":\"ImageObject\",\"inLanguage\":\"de\",\"@id\":\"https:\\\/\\\/www.vitalibera.org\\\/community\\\/#\\\/schema\\\/logo\\\/image\\\/\",\"url\":\"https:\\\/\\\/www.vitalibera.org\\\/community\\\/wp-content\\\/uploads\\\/2025\\\/09\\\/cropped-banner.png\",\"contentUrl\":\"https:\\\/\\\/www.vitalibera.org\\\/community\\\/wp-content\\\/uploads\\\/2025\\\/09\\\/cropped-banner.png\",\"width\":991,\"height\":150,\"caption\":\"vitalibera.org\"},\"image\":{\"@id\":\"https:\\\/\\\/www.vitalibera.org\\\/community\\\/#\\\/schema\\\/logo\\\/image\\\/\"},\"sameAs\":[\"https:\\\/\\\/www.facebook.com\\\/groups\\\/2997085857140235\"]},{\"@type\":\"Person\",\"@id\":\"https:\\\/\\\/www.vitalibera.org\\\/community\\\/#\\\/schema\\\/person\\\/6712387298421f222ff6d0a2e22c1534\",\"name\":\"Andreas Jecklin\",\"image\":{\"@type\":\"ImageObject\",\"inLanguage\":\"de\",\"@id\":\"https:\\\/\\\/secure.gravatar.com\\\/avatar\\\/ad516503a11cd5ca435acc9bb6523536?s=96\",\"url\":\"https:\\\/\\\/secure.gravatar.com\\\/avatar\\\/ad516503a11cd5ca435acc9bb6523536?s=96\",\"contentUrl\":\"https:\\\/\\\/secure.gravatar.com\\\/avatar\\\/ad516503a11cd5ca435acc9bb6523536?s=96\",\"caption\":\"Andreas Jecklin\"},\"description\":\"Manchen gab Gott die Kraft Dinge zu ver\u00e4ndern, mir gab er die Kraft zu ertragen was nicht mehr zu \u00e4ndern ist.\",\"url\":\"https:\\\/\\\/www.vitalibera.org\\\/community\\\/author\\\/andy77\\\/\"}]}<\/script>\r\n<!-- \/ Yoast SEO plugin. -->","yoast_head_json":{"title":"Dieses Gef\u00fchl als wenn die betroffene Seite \u201enicht da\u201c w\u00e4re - vitalibera.org","robots":{"index":"index","follow":"follow","max-snippet":"max-snippet:-1","max-image-preview":"max-image-preview:large","max-video-preview":"max-video-preview:-1"},"canonical":"https:\/\/www.vitalibera.org\/community\/2026\/03\/27\/dieses-gefuehl-als-wenn-betroffene-seite-nicht-da-waere\/","og_locale":"de_DE","og_type":"article","og_title":"Dieses Gef\u00fchl als wenn die betroffene Seite \u201enicht da\u201c w\u00e4re - vitalibera.org","og_description":"Dieses Gef\u00fchl, als w\u00e4re die betroffene Seite \u201enicht da\u201c, ist etwas, das viele Menschen mit Hemiparese oder sensomotorischen St\u00f6rungen beschreiben. Und es ist nicht nur ein k\u00f6rperliches Ph\u00e4nomen \u2013 es trifft auch das K\u00f6rperbild, die Orientierung, das Vertrauen in den eigenen K\u00f6rper. Was dieses \u201enicht da\u201c-Gef\u00fchl bedeutet Viele Betroffene beschreiben es so, als w\u00fcrde die ... Weiterlesen","og_url":"https:\/\/www.vitalibera.org\/community\/2026\/03\/27\/dieses-gefuehl-als-wenn-betroffene-seite-nicht-da-waere\/","og_site_name":"vitalibera.org","article_publisher":"https:\/\/www.facebook.com\/groups\/2997085857140235","article_published_time":"2026-03-27T16:28:53+00:00","article_modified_time":"2026-03-27T16:38:29+00:00","og_image":[{"width":316,"height":478,"url":"https:\/\/www.vitalibera.org\/community\/wp-content\/uploads\/2026\/03\/hemi2.png","type":"image\/png"}],"author":"Andreas Jecklin","twitter_card":"summary_large_image","twitter_misc":{"Verfasst von":"Andreas Jecklin","Gesch\u00e4tzte Lesezeit":"5\u00a0Minuten"},"schema":{"@context":"https:\/\/schema.org","@graph":[{"@type":"Article","@id":"https:\/\/www.vitalibera.org\/community\/2026\/03\/27\/dieses-gefuehl-als-wenn-betroffene-seite-nicht-da-waere\/#article","isPartOf":{"@id":"https:\/\/www.vitalibera.org\/community\/2026\/03\/27\/dieses-gefuehl-als-wenn-betroffene-seite-nicht-da-waere\/"},"author":{"name":"Andreas Jecklin","@id":"https:\/\/www.vitalibera.org\/community\/#\/schema\/person\/6712387298421f222ff6d0a2e22c1534"},"headline":"Dieses Gef\u00fchl als wenn die betroffene Seite \u201enicht da\u201c w\u00e4re","datePublished":"2026-03-27T16:28:53+00:00","dateModified":"2026-03-27T16:38:29+00:00","mainEntityOfPage":{"@id":"https:\/\/www.vitalibera.org\/community\/2026\/03\/27\/dieses-gefuehl-als-wenn-betroffene-seite-nicht-da-waere\/"},"wordCount":584,"commentCount":0,"publisher":{"@id":"https:\/\/www.vitalibera.org\/community\/#organization"},"image":{"@id":"https:\/\/www.vitalibera.org\/community\/2026\/03\/27\/dieses-gefuehl-als-wenn-betroffene-seite-nicht-da-waere\/#primaryimage"},"thumbnailUrl":"https:\/\/www.vitalibera.org\/community\/wp-content\/uploads\/2026\/03\/hemi2.png","articleSection":["Fachwissen"],"inLanguage":"de","potentialAction":[{"@type":"CommentAction","name":"Comment","target":["https:\/\/www.vitalibera.org\/community\/2026\/03\/27\/dieses-gefuehl-als-wenn-betroffene-seite-nicht-da-waere\/#respond"]}]},{"@type":"WebPage","@id":"https:\/\/www.vitalibera.org\/community\/2026\/03\/27\/dieses-gefuehl-als-wenn-betroffene-seite-nicht-da-waere\/","url":"https:\/\/www.vitalibera.org\/community\/2026\/03\/27\/dieses-gefuehl-als-wenn-betroffene-seite-nicht-da-waere\/","name":"Dieses Gef\u00fchl als wenn die betroffene Seite \u201enicht da\u201c w\u00e4re - vitalibera.org","isPartOf":{"@id":"https:\/\/www.vitalibera.org\/community\/#website"},"primaryImageOfPage":{"@id":"https:\/\/www.vitalibera.org\/community\/2026\/03\/27\/dieses-gefuehl-als-wenn-betroffene-seite-nicht-da-waere\/#primaryimage"},"image":{"@id":"https:\/\/www.vitalibera.org\/community\/2026\/03\/27\/dieses-gefuehl-als-wenn-betroffene-seite-nicht-da-waere\/#primaryimage"},"thumbnailUrl":"https:\/\/www.vitalibera.org\/community\/wp-content\/uploads\/2026\/03\/hemi2.png","datePublished":"2026-03-27T16:28:53+00:00","dateModified":"2026-03-27T16:38:29+00:00","breadcrumb":{"@id":"https:\/\/www.vitalibera.org\/community\/2026\/03\/27\/dieses-gefuehl-als-wenn-betroffene-seite-nicht-da-waere\/#breadcrumb"},"inLanguage":"de","potentialAction":[{"@type":"ReadAction","target":["https:\/\/www.vitalibera.org\/community\/2026\/03\/27\/dieses-gefuehl-als-wenn-betroffene-seite-nicht-da-waere\/"]}]},{"@type":"BreadcrumbList","@id":"https:\/\/www.vitalibera.org\/community\/2026\/03\/27\/dieses-gefuehl-als-wenn-betroffene-seite-nicht-da-waere\/#breadcrumb","itemListElement":[{"@type":"ListItem","position":1,"name":"Startseite","item":"https:\/\/www.vitalibera.org\/community\/"},{"@type":"ListItem","position":2,"name":"Dieses Gef\u00fchl als wenn die betroffene Seite \u201enicht da\u201c w\u00e4re"}]},{"@type":"WebSite","@id":"https:\/\/www.vitalibera.org\/community\/#website","url":"https:\/\/www.vitalibera.org\/community\/","name":"vitalibera.org","description":"Mit einer Einschr&auml;nkung gestaltet sich das Leben im Alltag oft schwieriger - hier berichten wir &uuml;ber unsere Erfahrungen und Hilfsmittel um den Alltag so unbeschwert und unkompliziert wie nur m&ouml;glich geniessen zu k&ouml;nnen. Dabei richten wir unseren Fokus gezielt auf Selbst&auml;ndigkeit, Eigenst&auml;ndigkeit und Selbstbestimmung.","publisher":{"@id":"https:\/\/www.vitalibera.org\/community\/#organization"},"potentialAction":[{"@type":"SearchAction","target":{"@type":"EntryPoint","urlTemplate":"https:\/\/www.vitalibera.org\/community\/?s={search_term_string}"},"query-input":{"@type":"PropertyValueSpecification","valueRequired":true,"valueName":"search_term_string"}}],"inLanguage":"de"},{"@type":"Organization","@id":"https:\/\/www.vitalibera.org\/community\/#organization","name":"vitalibera.org","url":"https:\/\/www.vitalibera.org\/community\/","logo":{"@type":"ImageObject","inLanguage":"de","@id":"https:\/\/www.vitalibera.org\/community\/#\/schema\/logo\/image\/","url":"https:\/\/www.vitalibera.org\/community\/wp-content\/uploads\/2025\/09\/cropped-banner.png","contentUrl":"https:\/\/www.vitalibera.org\/community\/wp-content\/uploads\/2025\/09\/cropped-banner.png","width":991,"height":150,"caption":"vitalibera.org"},"image":{"@id":"https:\/\/www.vitalibera.org\/community\/#\/schema\/logo\/image\/"},"sameAs":["https:\/\/www.facebook.com\/groups\/2997085857140235"]},{"@type":"Person","@id":"https:\/\/www.vitalibera.org\/community\/#\/schema\/person\/6712387298421f222ff6d0a2e22c1534","name":"Andreas Jecklin","image":{"@type":"ImageObject","inLanguage":"de","@id":"https:\/\/secure.gravatar.com\/avatar\/ad516503a11cd5ca435acc9bb6523536?s=96","url":"https:\/\/secure.gravatar.com\/avatar\/ad516503a11cd5ca435acc9bb6523536?s=96","contentUrl":"https:\/\/secure.gravatar.com\/avatar\/ad516503a11cd5ca435acc9bb6523536?s=96","caption":"Andreas Jecklin"},"description":"Manchen gab Gott die Kraft Dinge zu ver\u00e4ndern, mir gab er die Kraft zu ertragen was nicht mehr zu \u00e4ndern ist.","url":"https:\/\/www.vitalibera.org\/community\/author\/andy77\/"}]}},"jetpack_featured_media_url":"https:\/\/www.vitalibera.org\/community\/wp-content\/uploads\/2026\/03\/hemi2.png","jetpack_sharing_enabled":true,"jetpack-related-posts":[],"_links":{"self":[{"href":"https:\/\/www.vitalibera.org\/community\/wp-json\/wp\/v2\/posts\/6410","targetHints":{"allow":["GET"]}}],"collection":[{"href":"https:\/\/www.vitalibera.org\/community\/wp-json\/wp\/v2\/posts"}],"about":[{"href":"https:\/\/www.vitalibera.org\/community\/wp-json\/wp\/v2\/types\/post"}],"author":[{"embeddable":true,"href":"https:\/\/www.vitalibera.org\/community\/wp-json\/wp\/v2\/users\/2"}],"replies":[{"embeddable":true,"href":"https:\/\/www.vitalibera.org\/community\/wp-json\/wp\/v2\/comments?post=6410"}],"version-history":[{"count":2,"href":"https:\/\/www.vitalibera.org\/community\/wp-json\/wp\/v2\/posts\/6410\/revisions"}],"predecessor-version":[{"id":6416,"href":"https:\/\/www.vitalibera.org\/community\/wp-json\/wp\/v2\/posts\/6410\/revisions\/6416"}],"wp:featuredmedia":[{"embeddable":true,"href":"https:\/\/www.vitalibera.org\/community\/wp-json\/wp\/v2\/media\/6414"}],"wp:attachment":[{"href":"https:\/\/www.vitalibera.org\/community\/wp-json\/wp\/v2\/media?parent=6410"}],"wp:term":[{"taxonomy":"category","embeddable":true,"href":"https:\/\/www.vitalibera.org\/community\/wp-json\/wp\/v2\/categories?post=6410"},{"taxonomy":"post_tag","embeddable":true,"href":"https:\/\/www.vitalibera.org\/community\/wp-json\/wp\/v2\/tags?post=6410"}],"curies":[{"name":"wp","href":"https:\/\/api.w.org\/{rel}","templated":true}]}}