{"id":6447,"date":"2026-03-30T23:59:17","date_gmt":"2026-03-30T21:59:17","guid":{"rendered":"https:\/\/www.vitalibera.org\/community\/?p=6447"},"modified":"2026-03-31T00:00:42","modified_gmt":"2026-03-30T22:00:42","slug":"smart-home-fuer-menschen-mit-hemiparese","status":"publish","type":"post","link":"https:\/\/www.vitalibera.org\/community\/2026\/03\/30\/smart-home-fuer-menschen-mit-hemiparese\/","title":{"rendered":"Smart Home f\u00fcr Menschen mit Hemiparese"},"content":{"rendered":"\n<div class=\"wp-block-media-text is-stacked-on-mobile\"><figure class=\"wp-block-media-text__media\"><img fetchpriority=\"high\" decoding=\"async\" width=\"458\" height=\"404\" src=\"https:\/\/www.vitalibera.org\/community\/wp-content\/uploads\/2026\/03\/smarthome.png\" alt=\"\" class=\"wp-image-6448 size-full\" srcset=\"https:\/\/www.vitalibera.org\/community\/wp-content\/uploads\/2026\/03\/smarthome.png 458w, https:\/\/www.vitalibera.org\/community\/wp-content\/uploads\/2026\/03\/smarthome-300x265.png 300w\" sizes=\"(max-width: 458px) 100vw, 458px\" \/><\/figure><div class=\"wp-block-media-text__content\">\n<p>Smart Home ist nicht &bdquo;Spielerei&ldquo;. Es l&ouml;st ganz konkrete Probleme, die bei <a href=\"https:\/\/www.vitalibera.org\/community\/enzyklopaedie\/hemiparese\/\" target=\"_self\" title=\"Eine Hemiparese ist eine&nbsp;L&auml;hmung einer K&ouml;rperh&auml;lfte, bei der noch eine Restaktivit&auml;t vorhanden sein kann. Eine Hemiparese entsteht durch Sch&auml;digungen im Gehirn, wie bei einem Schlaganfall oder durch einen Unfall. Es kommt zu einer Verminderung der Kraft in Gesicht, Arm und Bein in einer K&ouml;rperh&auml;lfte.\" class=\"encyclopedia\">Hemiparese<\/a> aber auch bei anderen Einschr&auml;nkungen im <a href=\"https:\/\/www.vitalibera.org\/community\/2026\/04\/30\/lapstacker-transport-gurtsystem-fuer-rollstuehle\/\"><font color=\"blue\"><img src=\"https:\/\/www.vitalibera.org\/community\/wp-content\/images\/link.png\" width=\"20\" height=\"20\"><u>Alltag<\/u><\/font><\/a> auftreten.<\/p>\n\n\n\n<p><strong>Technik ist nicht Ersatz f&uuml;r F&auml;higkeiten, sondern Verst&auml;rker von Selbstbestimmung.<\/strong><\/p>\n<\/div><\/div>\n\n\n\n<p><strong>Smart Home f&uuml;r Menschen mit <a href=\"https:\/\/www.vitalibera.org\/community\/enzyklopaedie\/hemiparese\/\" target=\"_self\" title=\"Eine Hemiparese ist eine&nbsp;L&auml;hmung einer K&ouml;rperh&auml;lfte, bei der noch eine Restaktivit&auml;t vorhanden sein kann. Eine Hemiparese entsteht durch Sch&auml;digungen im Gehirn, wie bei einem Schlaganfall oder durch einen Unfall. Es kommt zu einer Verminderung der Kraft in Gesicht, Arm und Bein in einer K&ouml;rperh&auml;lfte.\" class=\"encyclopedia\">Hemiparese<\/a> &ndash; die 4 Wirkbereiche<\/strong><\/p>\n\n\n\n<h6 class=\"wp-block-heading\">1) <strong>Erreichen &amp; Bedienen<\/strong><\/h6>\n\n\n\n<p>Viele Dinge sind schwer erreichbar oder erfordern zwei H&auml;nde. Smart Home &uuml;bernimmt:<\/p>\n\n\n\n<ul class=\"wp-block-list\">\n<li>Lichtschalter &rarr; <strong>Sprachbefehl<\/strong><\/li>\n\n\n\n<li>Rolll&auml;den &rarr; <strong>Automatik oder App<\/strong><\/li>\n\n\n\n<li>T&uuml;ren &rarr; <strong>T&uuml;r&ouml;ffner + NFC\/Handy<\/strong><\/li>\n\n\n\n<li>Steckdosen &rarr; <strong>schaltbare Plugs<\/strong><\/li>\n<\/ul>\n\n\n\n<p><em>&bdquo;Ich muss nicht &uuml;berall hinkommen &ndash; die Dinge kommen zu mir.&ldquo;<\/em><\/p>\n\n\n\n<h6 class=\"wp-block-heading\"><strong>2) Sicherheit &amp; Notfall<\/strong><\/h6>\n\n\n\n<p>Wenn eine <a href=\"https:\/\/www.vitalibera.org\/community\/2026\/08\/10\/fes-und-tens-bei-spastik-und-geschlossener-hand-orientierung-nach-hirnverletzung\/\"><font color=\"blue\"><img src=\"https:\/\/www.vitalibera.org\/community\/wp-content\/images\/link.png\" width=\"20\" height=\"20\"><u>Hand<\/u><\/font><\/a> eingeschr&auml;nkt ist, dauert vieles l&auml;nger &ndash; und St&uuml;rze sind ein Thema. Smart Home hilft:<\/p>\n\n\n\n<ul class=\"wp-block-list\">\n<li>Sturzerkennung (Apple Watch, Sensoren)<\/li>\n\n\n\n<li>Notruf per Sprachbefehl<\/li>\n\n\n\n<li>Automatische Nachtbeleuchtung<\/li>\n\n\n\n<li>T&uuml;rsensoren f&uuml;r Angeh&ouml;rige\/Assistenz<\/li>\n<\/ul>\n\n\n\n<p><em>&bdquo;Sicherheit ohne &Uuml;berwachung &ndash; Freiheit mit R&uuml;ckhalt.&ldquo;<\/em><\/p>\n\n\n\n<h6 class=\"wp-block-heading\">3) <strong>Alltagsentlastung<\/strong><\/h6>\n\n\n\n<p>Viele kleine Handgriffe summieren sich zu Ersch&ouml;pfung. Smart Home reduziert Last:<\/p>\n\n\n\n<ul class=\"wp-block-list\">\n<li>Routinen (&bdquo;Guten Morgen&ldquo; &rarr; Licht, Heizung, Musik)<\/li>\n\n\n\n<li>Einkaufslisten per Sprache<\/li>\n\n\n\n<li>Timer, Erinnerungen, Medikamentenhinweise<\/li>\n\n\n\n<li>Staubsaugerroboter<\/li>\n<\/ul>\n\n\n\n<p><em>&bdquo;Energie sparen f&uuml;r das, was wirklich z&auml;hlt.&ldquo;<\/em><\/p>\n\n\n\n<h6 class=\"wp-block-heading\"><strong>4) Selbstwirksamkeit &amp; Identit&auml;t<\/strong><\/h6>\n\n\n\n<p>Das ist der untersch&auml;tzte Teil. Smart Home gibt Menschen mit <a href=\"https:\/\/www.vitalibera.org\/community\/enzyklopaedie\/hemiparese\/\" target=\"_self\" title=\"Eine Hemiparese ist eine&nbsp;L&auml;hmung einer K&ouml;rperh&auml;lfte, bei der noch eine Restaktivit&auml;t vorhanden sein kann. Eine Hemiparese entsteht durch Sch&auml;digungen im Gehirn, wie bei einem Schlaganfall oder durch einen Unfall. Es kommt zu einer Verminderung der Kraft in Gesicht, Arm und Bein in einer K&ouml;rperh&auml;lfte.\" class=\"encyclopedia\">Hemiparese<\/a>:<\/p>\n\n\n\n<ul class=\"wp-block-list\">\n<li>Kontrolle zur&uuml;ck<\/li>\n\n\n\n<li>Handlungsspielr&auml;ume<\/li>\n\n\n\n<li>Unabh&auml;ngigkeit von Angeh&ouml;rigen<\/li>\n<\/ul>\n\n\n\n<p><em>&bdquo;Ich kann wieder Dinge selbst tun.&ldquo;<\/em><\/p>\n\n\n\n<div class=\"wp-block-media-text is-stacked-on-mobile\"><figure class=\"wp-block-media-text__media\"><img decoding=\"async\" width=\"259\" height=\"240\" src=\"http:\/\/www.vitalibera.org\/community\/wp-content\/uploads\/2026\/03\/8d884cf0d4c0d0127526e5ae396128bd.jpg\" alt=\"\" class=\"wp-image-6155 size-full\"><\/figure><div class=\"wp-block-media-text__content\">\n<p>Smart Home ist nicht Technik. Es ist <strong>W&uuml;rde<\/strong>. Es ist <strong>Autonomie<\/strong>. Es ist die M&ouml;glichkeit, wieder Entscheidungen zu treffen, die vorher verloren gingen.<\/p>\n<\/div><\/div>\n\n\n\n<div class=\"wp-block-media-text is-stacked-on-mobile\"><figure class=\"wp-block-media-text__media\"><img decoding=\"async\" width=\"302\" height=\"277\" src=\"http:\/\/www.vitalibera.org\/community\/wp-content\/uploads\/2026\/03\/tip3.png\" alt=\"\" class=\"wp-image-6087 size-full\" srcset=\"https:\/\/www.vitalibera.org\/community\/wp-content\/uploads\/2026\/03\/tip3.png 302w, https:\/\/www.vitalibera.org\/community\/wp-content\/uploads\/2026\/03\/tip3-300x275.png 300w\" sizes=\"(max-width: 302px) 100vw, 302px\" \/><\/figure><div class=\"wp-block-media-text__content\">\n<p>Der Begriff &ldquo;Smart Home&rdquo; stammt aus dem&nbsp;<strong>englischen Sprachraum<\/strong>&nbsp;und bedeutet w&ouml;rtlich &uuml;bersetzt so viel wie&nbsp;<strong>&ldquo;intelligentes Zuhause&rdquo;<\/strong>. Das Wort &ldquo;smart&rdquo; weist dabei auf die scheinbare Intelligenz des Hauses hin, Haustechnik digitalisiert zu verarbeiten, miteinander zu verkn&uuml;pfen und sogar Lerneffekte abzuleiten<\/p>\n<\/div><\/div>\n\n\n\n<figure class=\"wp-block-image size-large\"><img loading=\"lazy\" decoding=\"async\" width=\"1024\" height=\"454\" src=\"https:\/\/www.vitalibera.org\/community\/wp-content\/uploads\/2026\/03\/csm_Haustechnik_Smart_Home_Ueberblick-Geraete_Grafik_Elektro-Plus_abad592383-1024x454.jpg\" alt=\"\" class=\"wp-image-6451\" srcset=\"https:\/\/www.vitalibera.org\/community\/wp-content\/uploads\/2026\/03\/csm_Haustechnik_Smart_Home_Ueberblick-Geraete_Grafik_Elektro-Plus_abad592383-1024x454.jpg 1024w, https:\/\/www.vitalibera.org\/community\/wp-content\/uploads\/2026\/03\/csm_Haustechnik_Smart_Home_Ueberblick-Geraete_Grafik_Elektro-Plus_abad592383-300x133.jpg 300w, https:\/\/www.vitalibera.org\/community\/wp-content\/uploads\/2026\/03\/csm_Haustechnik_Smart_Home_Ueberblick-Geraete_Grafik_Elektro-Plus_abad592383-768x341.jpg 768w, https:\/\/www.vitalibera.org\/community\/wp-content\/uploads\/2026\/03\/csm_Haustechnik_Smart_Home_Ueberblick-Geraete_Grafik_Elektro-Plus_abad592383.jpg 1100w\" sizes=\"(max-width: 1024px) 100vw, 1024px\" \/><\/figure>\n","protected":false},"excerpt":{"rendered":"<p>Smart Home ist nicht \u201eSpielerei\u201c. Es l\u00f6st ganz konkrete Probleme, die bei Hemiparese aber auch bei anderen Einschr\u00e4nkungen im Alltag auftreten. Technik ist nicht Ersatz f\u00fcr F\u00e4higkeiten, sondern Verst\u00e4rker von Selbstbestimmung. Smart Home f\u00fcr Menschen mit Hemiparese \u2013 die 4 Wirkbereiche 1) Erreichen &amp; Bedienen Viele Dinge sind schwer erreichbar oder erfordern zwei H\u00e4nde. Smart &#8230; <a title=\"Smart Home f\u00fcr Menschen mit Hemiparese\" class=\"read-more\" href=\"https:\/\/www.vitalibera.org\/community\/2026\/03\/30\/smart-home-fuer-menschen-mit-hemiparese\/\" aria-label=\"Mehr Informationen \u00fcber Smart Home f\u00fcr Menschen mit Hemiparese\">Weiterlesen<\/a><\/p>\n","protected":false},"author":2,"featured_media":6450,"comment_status":"open","ping_status":"open","sticky":false,"template":"","format":"standard","meta":{"cybocfi_hide_featured_image":"yes","_jetpack_newsletter_access":"","_jetpack_dont_email_post_to_subs":false,"_jetpack_newsletter_tier_id":0,"_jetpack_memberships_contains_paywalled_content":false,"_jetpack_feature_clip_id":0,"_jetpack_memberships_contains_paid_content":false,"footnotes":"","jetpack_publicize_message":"","jetpack_publicize_feature_enabled":true,"jetpack_social_post_already_shared":false,"jetpack_social_options":{"image_generator_settings":{"template":"highway","default_image_id":0,"font":"","enabled":false},"version":2},"jetpack_post_was_ever_published":false},"categories":[42,225],"tags":[],"class_list":["post-6447","post","type-post","status-publish","format-standard","has-post-thumbnail","hentry","category-alltag","category-hilfe-fuer-angehoerige"],"yoast_head":"<!-- This site is optimized with the Yoast SEO plugin v28.2 - https:\/\/yoast.com\/product\/yoast-seo-wordpress\/ -->\r\n<title>Smart Home f\u00fcr Menschen mit Hemiparese - vitalibera.org<\/title>\r\n<meta name=\"robots\" content=\"index, follow, max-snippet:-1, max-image-preview:large, max-video-preview:-1\" \/>\r\n<link rel=\"canonical\" href=\"https:\/\/www.vitalibera.org\/community\/2026\/03\/30\/smart-home-fuer-menschen-mit-hemiparese\/\" \/>\r\n<meta property=\"og:locale\" content=\"de_DE\" \/>\r\n<meta property=\"og:type\" content=\"article\" \/>\r\n<meta property=\"og:title\" content=\"Smart Home f\u00fcr Menschen mit Hemiparese - vitalibera.org\" \/>\r\n<meta property=\"og:description\" content=\"Smart Home ist nicht \u201eSpielerei\u201c. Es l\u00f6st ganz konkrete Probleme, die bei Hemiparese aber auch bei anderen Einschr\u00e4nkungen im Alltag auftreten. Technik ist nicht Ersatz f\u00fcr F\u00e4higkeiten, sondern Verst\u00e4rker von Selbstbestimmung. Smart Home f\u00fcr Menschen mit Hemiparese \u2013 die 4 Wirkbereiche 1) Erreichen &amp; Bedienen Viele Dinge sind schwer erreichbar oder erfordern zwei H\u00e4nde. Smart ... Weiterlesen\" \/>\r\n<meta property=\"og:url\" content=\"https:\/\/www.vitalibera.org\/community\/2026\/03\/30\/smart-home-fuer-menschen-mit-hemiparese\/\" \/>\r\n<meta property=\"og:site_name\" content=\"vitalibera.org\" \/>\r\n<meta property=\"article:publisher\" content=\"https:\/\/www.facebook.com\/groups\/2997085857140235\" \/>\r\n<meta property=\"article:published_time\" content=\"2026-03-30T21:59:17+00:00\" \/>\r\n<meta property=\"article:modified_time\" content=\"2026-03-30T22:00:42+00:00\" \/>\r\n<meta property=\"og:image\" content=\"https:\/\/www.vitalibera.org\/community\/wp-content\/uploads\/2026\/03\/Screenshot-2026-03-30-235119.png\" \/>\r\n\t<meta property=\"og:image:width\" content=\"459\" \/>\r\n\t<meta property=\"og:image:height\" content=\"457\" \/>\r\n\t<meta property=\"og:image:type\" content=\"image\/png\" \/>\r\n<meta name=\"author\" content=\"Andreas Jecklin\" \/>\r\n<meta name=\"twitter:card\" content=\"summary_large_image\" \/>\r\n<meta name=\"twitter:label1\" content=\"Verfasst von\" \/>\n\t<meta name=\"twitter:data1\" content=\"Andreas Jecklin\" \/>\n\t<meta name=\"twitter:label2\" content=\"Gesch\u00e4tzte Lesezeit\" \/>\n\t<meta name=\"twitter:data2\" content=\"3\u00a0Minuten\" \/>\r\n<script type=\"application\/ld+json\" class=\"yoast-schema-graph\">{\"@context\":\"https:\\\/\\\/schema.org\",\"@graph\":[{\"@type\":\"Article\",\"@id\":\"https:\\\/\\\/www.vitalibera.org\\\/community\\\/2026\\\/03\\\/30\\\/smart-home-fuer-menschen-mit-hemiparese\\\/#article\",\"isPartOf\":{\"@id\":\"https:\\\/\\\/www.vitalibera.org\\\/community\\\/2026\\\/03\\\/30\\\/smart-home-fuer-menschen-mit-hemiparese\\\/\"},\"author\":{\"name\":\"Andreas Jecklin\",\"@id\":\"https:\\\/\\\/www.vitalibera.org\\\/community\\\/#\\\/schema\\\/person\\\/6712387298421f222ff6d0a2e22c1534\"},\"headline\":\"Smart Home f\u00fcr Menschen mit Hemiparese\",\"datePublished\":\"2026-03-30T21:59:17+00:00\",\"dateModified\":\"2026-03-30T22:00:42+00:00\",\"mainEntityOfPage\":{\"@id\":\"https:\\\/\\\/www.vitalibera.org\\\/community\\\/2026\\\/03\\\/30\\\/smart-home-fuer-menschen-mit-hemiparese\\\/\"},\"wordCount\":275,\"commentCount\":0,\"publisher\":{\"@id\":\"https:\\\/\\\/www.vitalibera.org\\\/community\\\/#organization\"},\"image\":{\"@id\":\"https:\\\/\\\/www.vitalibera.org\\\/community\\\/2026\\\/03\\\/30\\\/smart-home-fuer-menschen-mit-hemiparese\\\/#primaryimage\"},\"thumbnailUrl\":\"https:\\\/\\\/www.vitalibera.org\\\/community\\\/wp-content\\\/uploads\\\/2026\\\/03\\\/Screenshot-2026-03-30-235119.png\",\"articleSection\":[\"Alltag\",\"Hilfe f\u00fcr Angeh\u00f6rige\"],\"inLanguage\":\"de\",\"potentialAction\":[{\"@type\":\"CommentAction\",\"name\":\"Comment\",\"target\":[\"https:\\\/\\\/www.vitalibera.org\\\/community\\\/2026\\\/03\\\/30\\\/smart-home-fuer-menschen-mit-hemiparese\\\/#respond\"]}]},{\"@type\":\"WebPage\",\"@id\":\"https:\\\/\\\/www.vitalibera.org\\\/community\\\/2026\\\/03\\\/30\\\/smart-home-fuer-menschen-mit-hemiparese\\\/\",\"url\":\"https:\\\/\\\/www.vitalibera.org\\\/community\\\/2026\\\/03\\\/30\\\/smart-home-fuer-menschen-mit-hemiparese\\\/\",\"name\":\"Smart Home f\u00fcr Menschen mit Hemiparese - vitalibera.org\",\"isPartOf\":{\"@id\":\"https:\\\/\\\/www.vitalibera.org\\\/community\\\/#website\"},\"primaryImageOfPage\":{\"@id\":\"https:\\\/\\\/www.vitalibera.org\\\/community\\\/2026\\\/03\\\/30\\\/smart-home-fuer-menschen-mit-hemiparese\\\/#primaryimage\"},\"image\":{\"@id\":\"https:\\\/\\\/www.vitalibera.org\\\/community\\\/2026\\\/03\\\/30\\\/smart-home-fuer-menschen-mit-hemiparese\\\/#primaryimage\"},\"thumbnailUrl\":\"https:\\\/\\\/www.vitalibera.org\\\/community\\\/wp-content\\\/uploads\\\/2026\\\/03\\\/Screenshot-2026-03-30-235119.png\",\"datePublished\":\"2026-03-30T21:59:17+00:00\",\"dateModified\":\"2026-03-30T22:00:42+00:00\",\"breadcrumb\":{\"@id\":\"https:\\\/\\\/www.vitalibera.org\\\/community\\\/2026\\\/03\\\/30\\\/smart-home-fuer-menschen-mit-hemiparese\\\/#breadcrumb\"},\"inLanguage\":\"de\",\"potentialAction\":[{\"@type\":\"ReadAction\",\"target\":[\"https:\\\/\\\/www.vitalibera.org\\\/community\\\/2026\\\/03\\\/30\\\/smart-home-fuer-menschen-mit-hemiparese\\\/\"]}]},{\"@type\":\"BreadcrumbList\",\"@id\":\"https:\\\/\\\/www.vitalibera.org\\\/community\\\/2026\\\/03\\\/30\\\/smart-home-fuer-menschen-mit-hemiparese\\\/#breadcrumb\",\"itemListElement\":[{\"@type\":\"ListItem\",\"position\":1,\"name\":\"Startseite\",\"item\":\"https:\\\/\\\/www.vitalibera.org\\\/community\\\/\"},{\"@type\":\"ListItem\",\"position\":2,\"name\":\"Smart Home f\u00fcr Menschen mit Hemiparese\"}]},{\"@type\":\"WebSite\",\"@id\":\"https:\\\/\\\/www.vitalibera.org\\\/community\\\/#website\",\"url\":\"https:\\\/\\\/www.vitalibera.org\\\/community\\\/\",\"name\":\"vitalibera.org\",\"description\":\"Mit einer Einschr&auml;nkung gestaltet sich das Leben im Alltag oft schwieriger - hier berichten wir &uuml;ber unsere Erfahrungen und Hilfsmittel um den Alltag so unbeschwert und unkompliziert wie nur m&ouml;glich geniessen zu k&ouml;nnen. Dabei richten wir unseren Fokus gezielt auf Selbst&auml;ndigkeit, Eigenst&auml;ndigkeit und Selbstbestimmung.\",\"publisher\":{\"@id\":\"https:\\\/\\\/www.vitalibera.org\\\/community\\\/#organization\"},\"potentialAction\":[{\"@type\":\"SearchAction\",\"target\":{\"@type\":\"EntryPoint\",\"urlTemplate\":\"https:\\\/\\\/www.vitalibera.org\\\/community\\\/?s={search_term_string}\"},\"query-input\":{\"@type\":\"PropertyValueSpecification\",\"valueRequired\":true,\"valueName\":\"search_term_string\"}}],\"inLanguage\":\"de\"},{\"@type\":\"Organization\",\"@id\":\"https:\\\/\\\/www.vitalibera.org\\\/community\\\/#organization\",\"name\":\"vitalibera.org\",\"url\":\"https:\\\/\\\/www.vitalibera.org\\\/community\\\/\",\"logo\":{\"@type\":\"ImageObject\",\"inLanguage\":\"de\",\"@id\":\"https:\\\/\\\/www.vitalibera.org\\\/community\\\/#\\\/schema\\\/logo\\\/image\\\/\",\"url\":\"https:\\\/\\\/www.vitalibera.org\\\/community\\\/wp-content\\\/uploads\\\/2025\\\/09\\\/cropped-banner.png\",\"contentUrl\":\"https:\\\/\\\/www.vitalibera.org\\\/community\\\/wp-content\\\/uploads\\\/2025\\\/09\\\/cropped-banner.png\",\"width\":991,\"height\":150,\"caption\":\"vitalibera.org\"},\"image\":{\"@id\":\"https:\\\/\\\/www.vitalibera.org\\\/community\\\/#\\\/schema\\\/logo\\\/image\\\/\"},\"sameAs\":[\"https:\\\/\\\/www.facebook.com\\\/groups\\\/2997085857140235\"]},{\"@type\":\"Person\",\"@id\":\"https:\\\/\\\/www.vitalibera.org\\\/community\\\/#\\\/schema\\\/person\\\/6712387298421f222ff6d0a2e22c1534\",\"name\":\"Andreas Jecklin\",\"image\":{\"@type\":\"ImageObject\",\"inLanguage\":\"de\",\"@id\":\"https:\\\/\\\/secure.gravatar.com\\\/avatar\\\/ad516503a11cd5ca435acc9bb6523536?s=96\",\"url\":\"https:\\\/\\\/secure.gravatar.com\\\/avatar\\\/ad516503a11cd5ca435acc9bb6523536?s=96\",\"contentUrl\":\"https:\\\/\\\/secure.gravatar.com\\\/avatar\\\/ad516503a11cd5ca435acc9bb6523536?s=96\",\"caption\":\"Andreas Jecklin\"},\"description\":\"Manchen gab Gott die Kraft Dinge zu ver\u00e4ndern, mir gab er die Kraft zu ertragen was nicht mehr zu \u00e4ndern ist.\",\"url\":\"https:\\\/\\\/www.vitalibera.org\\\/community\\\/author\\\/andy77\\\/\"}]}<\/script>\r\n<!-- \/ Yoast SEO plugin. -->","yoast_head_json":{"title":"Smart Home f\u00fcr Menschen mit Hemiparese - vitalibera.org","robots":{"index":"index","follow":"follow","max-snippet":"max-snippet:-1","max-image-preview":"max-image-preview:large","max-video-preview":"max-video-preview:-1"},"canonical":"https:\/\/www.vitalibera.org\/community\/2026\/03\/30\/smart-home-fuer-menschen-mit-hemiparese\/","og_locale":"de_DE","og_type":"article","og_title":"Smart Home f\u00fcr Menschen mit Hemiparese - vitalibera.org","og_description":"Smart Home ist nicht \u201eSpielerei\u201c. Es l\u00f6st ganz konkrete Probleme, die bei Hemiparese aber auch bei anderen Einschr\u00e4nkungen im Alltag auftreten. Technik ist nicht Ersatz f\u00fcr F\u00e4higkeiten, sondern Verst\u00e4rker von Selbstbestimmung. Smart Home f\u00fcr Menschen mit Hemiparese \u2013 die 4 Wirkbereiche 1) Erreichen &amp; Bedienen Viele Dinge sind schwer erreichbar oder erfordern zwei H\u00e4nde. Smart ... Weiterlesen","og_url":"https:\/\/www.vitalibera.org\/community\/2026\/03\/30\/smart-home-fuer-menschen-mit-hemiparese\/","og_site_name":"vitalibera.org","article_publisher":"https:\/\/www.facebook.com\/groups\/2997085857140235","article_published_time":"2026-03-30T21:59:17+00:00","article_modified_time":"2026-03-30T22:00:42+00:00","og_image":[{"width":459,"height":457,"url":"https:\/\/www.vitalibera.org\/community\/wp-content\/uploads\/2026\/03\/Screenshot-2026-03-30-235119.png","type":"image\/png"}],"author":"Andreas Jecklin","twitter_card":"summary_large_image","twitter_misc":{"Verfasst von":"Andreas Jecklin","Gesch\u00e4tzte Lesezeit":"3\u00a0Minuten"},"schema":{"@context":"https:\/\/schema.org","@graph":[{"@type":"Article","@id":"https:\/\/www.vitalibera.org\/community\/2026\/03\/30\/smart-home-fuer-menschen-mit-hemiparese\/#article","isPartOf":{"@id":"https:\/\/www.vitalibera.org\/community\/2026\/03\/30\/smart-home-fuer-menschen-mit-hemiparese\/"},"author":{"name":"Andreas Jecklin","@id":"https:\/\/www.vitalibera.org\/community\/#\/schema\/person\/6712387298421f222ff6d0a2e22c1534"},"headline":"Smart Home f\u00fcr Menschen mit Hemiparese","datePublished":"2026-03-30T21:59:17+00:00","dateModified":"2026-03-30T22:00:42+00:00","mainEntityOfPage":{"@id":"https:\/\/www.vitalibera.org\/community\/2026\/03\/30\/smart-home-fuer-menschen-mit-hemiparese\/"},"wordCount":275,"commentCount":0,"publisher":{"@id":"https:\/\/www.vitalibera.org\/community\/#organization"},"image":{"@id":"https:\/\/www.vitalibera.org\/community\/2026\/03\/30\/smart-home-fuer-menschen-mit-hemiparese\/#primaryimage"},"thumbnailUrl":"https:\/\/www.vitalibera.org\/community\/wp-content\/uploads\/2026\/03\/Screenshot-2026-03-30-235119.png","articleSection":["Alltag","Hilfe f\u00fcr Angeh\u00f6rige"],"inLanguage":"de","potentialAction":[{"@type":"CommentAction","name":"Comment","target":["https:\/\/www.vitalibera.org\/community\/2026\/03\/30\/smart-home-fuer-menschen-mit-hemiparese\/#respond"]}]},{"@type":"WebPage","@id":"https:\/\/www.vitalibera.org\/community\/2026\/03\/30\/smart-home-fuer-menschen-mit-hemiparese\/","url":"https:\/\/www.vitalibera.org\/community\/2026\/03\/30\/smart-home-fuer-menschen-mit-hemiparese\/","name":"Smart Home f\u00fcr Menschen mit Hemiparese - vitalibera.org","isPartOf":{"@id":"https:\/\/www.vitalibera.org\/community\/#website"},"primaryImageOfPage":{"@id":"https:\/\/www.vitalibera.org\/community\/2026\/03\/30\/smart-home-fuer-menschen-mit-hemiparese\/#primaryimage"},"image":{"@id":"https:\/\/www.vitalibera.org\/community\/2026\/03\/30\/smart-home-fuer-menschen-mit-hemiparese\/#primaryimage"},"thumbnailUrl":"https:\/\/www.vitalibera.org\/community\/wp-content\/uploads\/2026\/03\/Screenshot-2026-03-30-235119.png","datePublished":"2026-03-30T21:59:17+00:00","dateModified":"2026-03-30T22:00:42+00:00","breadcrumb":{"@id":"https:\/\/www.vitalibera.org\/community\/2026\/03\/30\/smart-home-fuer-menschen-mit-hemiparese\/#breadcrumb"},"inLanguage":"de","potentialAction":[{"@type":"ReadAction","target":["https:\/\/www.vitalibera.org\/community\/2026\/03\/30\/smart-home-fuer-menschen-mit-hemiparese\/"]}]},{"@type":"BreadcrumbList","@id":"https:\/\/www.vitalibera.org\/community\/2026\/03\/30\/smart-home-fuer-menschen-mit-hemiparese\/#breadcrumb","itemListElement":[{"@type":"ListItem","position":1,"name":"Startseite","item":"https:\/\/www.vitalibera.org\/community\/"},{"@type":"ListItem","position":2,"name":"Smart Home f\u00fcr Menschen mit Hemiparese"}]},{"@type":"WebSite","@id":"https:\/\/www.vitalibera.org\/community\/#website","url":"https:\/\/www.vitalibera.org\/community\/","name":"vitalibera.org","description":"Mit einer Einschr&auml;nkung gestaltet sich das Leben im Alltag oft schwieriger - hier berichten wir &uuml;ber unsere Erfahrungen und Hilfsmittel um den Alltag so unbeschwert und unkompliziert wie nur m&ouml;glich geniessen zu k&ouml;nnen. Dabei richten wir unseren Fokus gezielt auf Selbst&auml;ndigkeit, Eigenst&auml;ndigkeit und Selbstbestimmung.","publisher":{"@id":"https:\/\/www.vitalibera.org\/community\/#organization"},"potentialAction":[{"@type":"SearchAction","target":{"@type":"EntryPoint","urlTemplate":"https:\/\/www.vitalibera.org\/community\/?s={search_term_string}"},"query-input":{"@type":"PropertyValueSpecification","valueRequired":true,"valueName":"search_term_string"}}],"inLanguage":"de"},{"@type":"Organization","@id":"https:\/\/www.vitalibera.org\/community\/#organization","name":"vitalibera.org","url":"https:\/\/www.vitalibera.org\/community\/","logo":{"@type":"ImageObject","inLanguage":"de","@id":"https:\/\/www.vitalibera.org\/community\/#\/schema\/logo\/image\/","url":"https:\/\/www.vitalibera.org\/community\/wp-content\/uploads\/2025\/09\/cropped-banner.png","contentUrl":"https:\/\/www.vitalibera.org\/community\/wp-content\/uploads\/2025\/09\/cropped-banner.png","width":991,"height":150,"caption":"vitalibera.org"},"image":{"@id":"https:\/\/www.vitalibera.org\/community\/#\/schema\/logo\/image\/"},"sameAs":["https:\/\/www.facebook.com\/groups\/2997085857140235"]},{"@type":"Person","@id":"https:\/\/www.vitalibera.org\/community\/#\/schema\/person\/6712387298421f222ff6d0a2e22c1534","name":"Andreas Jecklin","image":{"@type":"ImageObject","inLanguage":"de","@id":"https:\/\/secure.gravatar.com\/avatar\/ad516503a11cd5ca435acc9bb6523536?s=96","url":"https:\/\/secure.gravatar.com\/avatar\/ad516503a11cd5ca435acc9bb6523536?s=96","contentUrl":"https:\/\/secure.gravatar.com\/avatar\/ad516503a11cd5ca435acc9bb6523536?s=96","caption":"Andreas Jecklin"},"description":"Manchen gab Gott die Kraft Dinge zu ver\u00e4ndern, mir gab er die Kraft zu ertragen was nicht mehr zu \u00e4ndern ist.","url":"https:\/\/www.vitalibera.org\/community\/author\/andy77\/"}]}},"jetpack_publicize_connections":[],"jetpack_sharing_enabled":true,"jetpack-related-posts":[{"id":9174,"url":"https:\/\/www.vitalibera.org\/community\/2026\/08\/18\/digitale-helfer-die-den-alltag-nach-einer-hirnverletzung-wirklich-erleichtern\/","url_meta":{"origin":6447,"position":0},"title":"Digitale Helfer, die den Alltag nach einer Hirnverletzung wirklich erleichtern","author":"Andreas Jecklin","date":"18 August, 2026","format":false,"excerpt":"Nach einer Hirnverletzung k\u00f6nnen selbst einfache Alltagsschritte pl\u00f6tzlich enorme Energie kosten \u2013 besonders bei Hemiparese, Einh\u00e4ndigkeit, Gangunsicherheit oder Fatigue. Digitale Hilfsmittel wie Smart\u2011Home\u2011Steuerung, SmartTags, Tracker oder automatisierte Assistenzsysteme schaffen hier eine stille, aber kraftvolle Unterst\u00fctzung. Sie ersetzen keine F\u00e4higkeiten, sondern entlasten, strukturieren und sichern den Alltag, damit du deine Energie\u2026","rel":"","context":"In &quot;Alltag&quot;","block_context":{"text":"Alltag","link":"https:\/\/www.vitalibera.org\/community\/category\/beitraege\/eingeschraenkt-im-alltag\/alltag\/"},"img":{"alt_text":"","src":"https:\/\/i0.wp.com\/www.vitalibera.org\/community\/wp-content\/uploads\/2026\/08\/smarthome154633.png?resize=350%2C200&ssl=1","width":350,"height":200},"classes":[]},{"id":6454,"url":"https:\/\/www.vitalibera.org\/community\/2026\/03\/31\/ki-fuer-menschen-mit-handicap\/","url_meta":{"origin":6447,"position":1},"title":"KI f\u00fcr Menschen mit Handicap","author":"Andreas Jecklin","date":"31 M\u00e4rz, 2026","format":false,"excerpt":"Was heute schon m\u00f6glich ist \u2013 und wo das Potenzial noch riesig ist! Der entscheidende Punkt: KI ersetzt nicht \u2013 sie erweitert KI ist kein Ersatz f\u00fcr Therapie, menschliche N\u00e4he oder professionelle Begleitung. Aber sie kann: Autonomie st\u00e4rken Motivation erh\u00f6hen Barrieren abbauen Selbstwirksamkeit zur\u00fcckgeben Teilhabe erm\u00f6glichen Was heute schon m\u00f6glich\u2026","rel":"","context":"In &quot;Alltag&quot;","block_context":{"text":"Alltag","link":"https:\/\/www.vitalibera.org\/community\/category\/beitraege\/eingeschraenkt-im-alltag\/alltag\/"},"img":{"alt_text":"","src":"https:\/\/i0.wp.com\/www.vitalibera.org\/community\/wp-content\/uploads\/2026\/03\/KI.png?resize=350%2C200&ssl=1","width":350,"height":200},"classes":[]},{"id":8277,"url":"https:\/\/www.vitalibera.org\/community\/2026\/06\/27\/jalousien-selbststaendig-bedienen-trotz-hemiparese\/","url_meta":{"origin":6447,"position":2},"title":"Jalousien selbstst\u00e4ndig bedienen trotz Hemiparese","author":"Andreas Jecklin","date":"27 Juni, 2026","format":false,"excerpt":"Nach einer Gehirnverletzung kann eine einseitige L\u00e4hmung (Hemiparese) allt\u00e4gliche Handlungen deutlich erschweren. Auch scheinbar einfache Aktivit\u00e4ten wie das Hoch- und Runterdrehen einer Jalousie stellen oft eine Herausforderung dar, da Kraft, Koordination oder Greiffunktion eingeschr\u00e4nkt sind. Mit gezielten Anpassungen, geeigneten Hilfsmitteln und praktischen Strategien aus der Ergotherapie l\u00e4sst sich die Bedienung\u2026","rel":"","context":"In &quot;Haushalt&quot;","block_context":{"text":"Haushalt","link":"https:\/\/www.vitalibera.org\/community\/category\/beitraege\/eingeschraenkt-im-alltag\/alltag\/haushalt\/"},"img":{"alt_text":"","src":"https:\/\/i0.wp.com\/www.vitalibera.org\/community\/wp-content\/uploads\/2026\/06\/jalousie3.png?resize=350%2C200&ssl=1","width":350,"height":200},"classes":[]},{"id":8499,"url":"https:\/\/www.vitalibera.org\/community\/2026\/07\/06\/smarte-beleuchtung-fuer-mehr-selbststaendigkeit-im-alltag-nach-hirnverletzung\/","url_meta":{"origin":6447,"position":3},"title":"Smarte Beleuchtung f\u00fcr mehr Selbstst\u00e4ndigkeit im Alltag nach Hirnverletzung","author":"Andreas Jecklin","date":"6 Juli, 2026","format":false,"excerpt":"Eine intelligent geplante Smarthome-Beleuchtung unterst\u00fctzt dich dabei, Wege sicherer zu gestalten, unn\u00f6tige Anstrengungen zu vermeiden und allt\u00e4gliche Aufgaben selbstst\u00e4ndiger zu bew\u00e4ltigen. Automatisch gesteuertes Licht, Bewegungsmelder und Sprachbefehle sorgen daf\u00fcr, dass Beleuchtung genau dann verf\u00fcgbar ist, wenn du sie brauchst \u2013 m\u00fchelos, komfortabel und ohne zus\u00e4tzliche Belastung.","rel":"","context":"In &quot;Haushalt&quot;","block_context":{"text":"Haushalt","link":"https:\/\/www.vitalibera.org\/community\/category\/beitraege\/eingeschraenkt-im-alltag\/alltag\/haushalt\/"},"img":{"alt_text":"","src":"https:\/\/i0.wp.com\/www.vitalibera.org\/community\/wp-content\/uploads\/2026\/07\/smartled24117.png?resize=350%2C200&ssl=1","width":350,"height":200},"classes":[]},{"id":8190,"url":"https:\/\/www.vitalibera.org\/community\/2026\/06\/22\/wohnumfeldabklaerung-nach-hirnverletzung\/","url_meta":{"origin":6447,"position":4},"title":"Wohnumfeldabkl\u00e4rung nach Hirnverletzung","author":"Andreas Jecklin","date":"22 Juni, 2026","format":false,"excerpt":"Nach einer Hirnverletzung kommt es h\u00e4ufig zu funktionellen Einschr\u00e4nkungen wie Hemiparese, reduzierter Mobilit\u00e4t und Gangunsicherheit. Diese Faktoren erh\u00f6hen das Risiko f\u00fcr St\u00fcrze und erschweren die selbstst\u00e4ndige Bew\u00e4ltigung allt\u00e4glicher Aktivit\u00e4ten. Da ein grosser Teil der St\u00fcrze im h\u00e4uslichen Umfeld auftritt, ist eine gezielte Wohnumfeldabkl\u00e4rung ein zentraler Bestandteil der Rehabilitation und Nachsorge.\u2026","rel":"","context":"In &quot;Sicherheit&quot;","block_context":{"text":"Sicherheit","link":"https:\/\/www.vitalibera.org\/community\/category\/beitraege\/eingeschraenkt-im-alltag\/alltag\/sicherheit\/"},"img":{"alt_text":"","src":"https:\/\/i0.wp.com\/www.vitalibera.org\/community\/wp-content\/uploads\/2026\/06\/save950.png?resize=350%2C200&ssl=1","width":350,"height":200},"classes":[]},{"id":8200,"url":"https:\/\/www.vitalibera.org\/community\/2026\/06\/24\/digitale-hilfsmittel-klug-nutzen-wenn-das-gehirn-neue-wege-sucht\/","url_meta":{"origin":6447,"position":5},"title":"Digitale Hilfsmittel klug nutzen \u2013 wenn das Gehirn neue Wege sucht","author":"Andreas Jecklin","date":"24 Juni, 2026","format":false,"excerpt":"Nach einer Gehirnverletzung ver\u00e4ndert sich nicht nur der K\u00f6rper, sondern auch die Art, wie Informationen verarbeitet werden. Digitale Ger\u00e4te k\u00f6nnen dabei helfen, Struktur, Orientierung und Selbstst\u00e4ndigkeit zur\u00fcckzugewinnen \u2013 wenn sie bewusst eingesetzt werden. Das Ziel ist nicht, Technik perfekt zu beherrschen, sondern sie so zu nutzen, dass sie das Denken\u2026","rel":"","context":"In &quot;Alltag&quot;","block_context":{"text":"Alltag","link":"https:\/\/www.vitalibera.org\/community\/category\/beitraege\/eingeschraenkt-im-alltag\/alltag\/"},"img":{"alt_text":"","src":"https:\/\/i0.wp.com\/www.vitalibera.org\/community\/wp-content\/uploads\/2026\/06\/c1ec1a112e3cd8c5533cb8e90a8af0f5.jpg?resize=350%2C200&ssl=1","width":350,"height":200,"srcset":"https:\/\/i0.wp.com\/www.vitalibera.org\/community\/wp-content\/uploads\/2026\/06\/c1ec1a112e3cd8c5533cb8e90a8af0f5.jpg?resize=350%2C200&ssl=1 1x, https:\/\/i0.wp.com\/www.vitalibera.org\/community\/wp-content\/uploads\/2026\/06\/c1ec1a112e3cd8c5533cb8e90a8af0f5.jpg?resize=525%2C300&ssl=1 1.5x"},"classes":[]}],"jetpack_featured_media_url":"https:\/\/www.vitalibera.org\/community\/wp-content\/uploads\/2026\/03\/Screenshot-2026-03-30-235119.png","_links":{"self":[{"href":"https:\/\/www.vitalibera.org\/community\/wp-json\/wp\/v2\/posts\/6447","targetHints":{"allow":["GET"]}}],"collection":[{"href":"https:\/\/www.vitalibera.org\/community\/wp-json\/wp\/v2\/posts"}],"about":[{"href":"https:\/\/www.vitalibera.org\/community\/wp-json\/wp\/v2\/types\/post"}],"author":[{"embeddable":true,"href":"https:\/\/www.vitalibera.org\/community\/wp-json\/wp\/v2\/users\/2"}],"replies":[{"embeddable":true,"href":"https:\/\/www.vitalibera.org\/community\/wp-json\/wp\/v2\/comments?post=6447"}],"version-history":[{"count":0,"href":"https:\/\/www.vitalibera.org\/community\/wp-json\/wp\/v2\/posts\/6447\/revisions"}],"wp:featuredmedia":[{"embeddable":true,"href":"https:\/\/www.vitalibera.org\/community\/wp-json\/wp\/v2\/media\/6450"}],"wp:attachment":[{"href":"https:\/\/www.vitalibera.org\/community\/wp-json\/wp\/v2\/media?parent=6447"}],"wp:term":[{"taxonomy":"category","embeddable":true,"href":"https:\/\/www.vitalibera.org\/community\/wp-json\/wp\/v2\/categories?post=6447"},{"taxonomy":"post_tag","embeddable":true,"href":"https:\/\/www.vitalibera.org\/community\/wp-json\/wp\/v2\/tags?post=6447"}],"curies":[{"name":"wp","href":"https:\/\/api.w.org\/{rel}","templated":true}]}}