{"id":6481,"date":"2026-04-02T20:49:45","date_gmt":"2026-04-02T18:49:45","guid":{"rendered":"https:\/\/www.vitalibera.org\/community\/?p=6481"},"modified":"2026-04-02T20:51:14","modified_gmt":"2026-04-02T18:51:14","slug":"wenn-teilhabe-dann-aber-bitte-richtig","status":"publish","type":"post","link":"https:\/\/www.vitalibera.org\/community\/2026\/04\/02\/wenn-teilhabe-dann-aber-bitte-richtig\/","title":{"rendered":"Wenn Teilhabe dann aber bitte richtig!"},"content":{"rendered":"\n<div class=\"wp-block-media-text is-stacked-on-mobile is-vertically-aligned-top\"><figure class=\"wp-block-media-text__media\"><img fetchpriority=\"high\" decoding=\"async\" width=\"648\" height=\"358\" src=\"https:\/\/www.vitalibera.org\/community\/wp-content\/uploads\/2026\/04\/teilhabe3.png\" alt=\"\" class=\"wp-image-6488 size-full\" srcset=\"https:\/\/www.vitalibera.org\/community\/wp-content\/uploads\/2026\/04\/teilhabe3.png 648w, https:\/\/www.vitalibera.org\/community\/wp-content\/uploads\/2026\/04\/teilhabe3-300x166.png 300w\" sizes=\"(max-width: 648px) 100vw, 648px\" \/><\/figure><div class=\"wp-block-media-text__content\">\n<p><strong>&bdquo;Mitreden. Mitgestalten. Mitgeh&ouml;ren. Teilhabe ist Menschenrecht.&ldquo;<\/strong><br><br>Teilhabe ist kein einzelner Trick, sondern ein Zusammenspiel aus Haltung, Strukturen und konkreten Werkzeugen. Und das Spannende: Sie funktioniert &uuml;berall dort, wo Menschen ernst genommen werden &ndash; ob in der Neurorehabilitation, in der Schule, im Job oder in der Gesellschaft.<\/p>\n\n\n\n<p>Hier ist eine klare, greifbare Struktur, die zeigt, <strong>wie gute Teilhabe funktioniert<\/strong>:<\/p>\n<\/div><\/div>\n\n\n\n<h5 class=\"wp-block-heading\"><strong>Haltung: Menschen als Expert:innen ihres eigenen Lebens<\/strong><\/h5>\n\n\n\n<p>Gute Teilhabe beginnt damit, dass man nicht <em>f&uuml;r<\/em> Menschen entscheidet, sondern <em>mit<\/em> ihnen.<\/p>\n\n\n\n<ul class=\"wp-block-list\">\n<li>Entscheidungen gemeinsam treffen<\/li>\n\n\n\n<li>Bed&uuml;rfnisse und Grenzen ernst nehmen<\/li>\n\n\n\n<li>Tempo und Priorit&auml;ten der Person respektieren<\/li>\n\n\n\n<li>Fehler und R&uuml;ckschritte als normalen Teil des Prozesses sehen<\/li>\n<\/ul>\n\n\n\n<p><strong>Kernprinzip:<\/strong> <em>Nichts &uuml;ber mich ohne mich.<\/em><\/p>\n\n\n\n<h5 class=\"wp-block-heading\"><strong>Strukturen: Teilhabe braucht Rahmen, die sie erm&ouml;glichen<\/strong><\/h5>\n\n\n\n<p>Selbst die beste Haltung scheitert, wenn die Umgebung nicht mitzieht.<\/p>\n\n\n\n<ul class=\"wp-block-list\">\n<li>Barrierefreie Kommunikation (klar, einfach, visuell)<\/li>\n\n\n\n<li>Flexible Abl&auml;ufe statt starrer Regeln<\/li>\n\n\n\n<li>Zeitfenster, die echte Mitbestimmung erlauben<\/li>\n\n\n\n<li>Rollen, die Verantwortung teilen statt Macht b&uuml;ndeln<\/li>\n<\/ul>\n\n\n\n<p><strong>Gute Teilhabe ist nie Zufall &ndash; sie ist gebaut.<\/strong><\/p>\n\n\n\n<h5 class=\"wp-block-heading\"><strong>Werkzeuge: Praktische Methoden, die Teilhabe greifbar machen<\/strong><\/h5>\n\n\n\n<p>Hier wird es konkret. Gute Teilhabe zeigt sich in Tools, die Menschen bef&auml;higen, selbst aktiv zu werden.<\/p>\n\n\n\n<ul class=\"wp-block-list\">\n<li><strong>Visualisierung:<\/strong> Comics, Karten, Routinen, Icons<\/li>\n\n\n\n<li><strong>Gamification:<\/strong> XP, Missionen, Fortschrittsbalken<\/li>\n\n\n\n<li><strong>Check-ins:<\/strong> &bdquo;Wie geht&rsquo;s dir wirklich?&ldquo; &ndash; aber strukturiert<\/li>\n\n\n\n<li><strong>Wahlm&ouml;glichkeiten:<\/strong> Varianten statt Vorgaben<\/li>\n\n\n\n<li><strong>Feedback-Loops:<\/strong> Was hat funktioniert, was nicht, was &auml;ndern wir?<\/li>\n<\/ul>\n\n\n\n<p>Diese Tools machen Selbstbestimmung nicht nur m&ouml;glich, sondern <em>einfacher<\/em>.<\/p>\n\n\n\n<h5 class=\"wp-block-heading\"><strong>Beziehung: Teilhabe funktioniert nur in echter Zusammenarbeit<\/strong><\/h5>\n\n\n\n<p>Menschen beteiligen sich, wenn sie sich sicher f&uuml;hlen.<\/p>\n\n\n\n<ul class=\"wp-block-list\">\n<li>Vertrauen statt Kontrolle<\/li>\n\n\n\n<li>Zuh&ouml;ren statt Interpretieren<\/li>\n\n\n\n<li>Humor, Leichtigkeit, Menschlichkeit<\/li>\n\n\n\n<li>Gemeinsame Sprache entwickeln<\/li>\n<\/ul>\n\n\n\n<p><strong>Teilhabe ist immer ein Beziehungsgeschehen.<\/strong><\/p>\n\n\n\n<h5 class=\"wp-block-heading\"><strong>Wirkung: Woran man erkennt, dass Teilhabe funktioniert<\/strong><\/h5>\n\n\n\n<p>Wenn Teilhabe gelingt, passiert Folgendes:<\/p>\n\n\n\n<ul class=\"wp-block-list\">\n<li>Menschen &uuml;bernehmen Verantwortung<\/li>\n\n\n\n<li>Motivation steigt<\/li>\n\n\n\n<li>Konflikte werden konstruktiver<\/li>\n\n\n\n<li>Fortschritte werden sichtbarer<\/li>\n\n\n\n<li>Selbstwirksamkeit w&auml;chst<\/li>\n<\/ul>\n\n\n\n<p>Und das Wichtigste: <strong>Menschen f&uuml;hlen sich wieder als Autor:innen ihres eigenen Lebens.<\/strong><\/p>\n\n\n\n<p><strong>&bdquo;Gute Inklusion&ldquo;<\/strong> ist ein starkes, aber oft missverstandenes Konzept. Viele Institutionen benutzen das Wort, ohne wirklich zu leben, was es bedeutet. Wenn du es sagst, h&ouml;re ich sofort: <em>Wie sieht echte, funktionierende Inklusion aus &ndash; und warum gelingt sie so selten?<\/em><\/p>\n\n\n\n<div class=\"wp-block-media-text is-stacked-on-mobile is-vertically-aligned-top\"><figure class=\"wp-block-media-text__media\"><img decoding=\"async\" width=\"259\" height=\"240\" src=\"http:\/\/www.vitalibera.org\/community\/wp-content\/uploads\/2026\/03\/745cbf92fc4f0678766766880f6640c6.jpg\" alt=\"\" class=\"wp-image-6332 size-full\"><\/figure><div class=\"wp-block-media-text__content\">\n<p><strong>Was bedeutet Inklusion?<\/strong><\/p>\n\n\n\n<p>Inklusion bedeutet die&nbsp;selbstverst&auml;ndliche, gleichberechtigte Teilhabe aller Menschen am gesellschaftlichen Leben, unabh&auml;ngig von individuellen Voraussetzungen wie Behinderung, Alter oder Geschlecht. Vielfalt wird als Normalit&auml;t betrachtet, wobei Strukturen geschaffen werden, die jedem ein- und ausschlie&szlig;lichen Einschluss in allen Bereichen (Bildung, Arbeit, Freizeit) erm&ouml;glichen.<\/p>\n\n\n\n<p><strong>Was sind Beispiele f&uuml;r Inklusion?<\/strong><\/p>\n\n\n\n<p>Inklusion bedeutet, dass alle Menschen gleichberechtigt am gesellschaftlichen Leben teilhaben, unabh&auml;ngig von Behinderung, Herkunft oder anderen Merkmalen. Beispiele sind&nbsp;gemeinsamer Unterricht in Schulen, barrierefreie Zug&auml;nge (z.B. Rampen, Fahrst&uuml;hle) und inklusive Arbeitspl&auml;tze.<\/p>\n\n\n\n<p><strong>Was ist ein Beispiel f&uuml;r Inklusion?<\/strong><\/p>\n\n\n\n<p>Inklusion zielt darauf ab, dass sich alle Menschen wertgesch&auml;tzt und respektiert f&uuml;hlen. Beispiele hierf&uuml;r sind&nbsp;<strong>die Integration von Sch&uuml;lern mit Behinderungen in Regelklassen<\/strong>&nbsp;, die E<a href=\"https:\/\/www.vitalibera.org\/community\/enzyklopaedie\/inr\/\" target=\"_self\" title=\"Die&nbsp;International Normalized Ratio (INR)&nbsp;ist ein&nbsp;weltweit standardisierter Laborwert zur Messung der Blutgerinnungszeit, insbesondere bei der Einnahme von Gerinnungshemmern wie Marcumar. Ein INR-Wert um 1,0 ist normal, w&auml;hrend bei einer Therapie meist Werte zwischen 2,0 und 3,5 angestrebt werden, um Thrombosen zu verhindern.\" class=\"encyclopedia\">inr<\/a>ichtung von Mentoring-Programmen f&uuml;r unterrepr&auml;sentierte Mitarbeitergruppen und die <a href=\"https:\/\/www.vitalibera.org\/community\/enzyklopaedie\/bem\/\" target=\"_self\" title=\"Das&nbsp;Betriebliche Eingliederungsmanagement&nbsp;(BEM) ist ein gesetzlich vorgeschriebenes Verfahren (&sect; 167 Abs. 2 SGB IX) in Deutschland. Es verpflichtet Arbeitgeber, Besch&auml;ftigten, die innerhalb eines Jahres l&auml;nger als sechs Wochen ununterbrochen oder wiederholt arbeitsunf&auml;hig sind, Ma&szlig;nahmen anzubieten, um Arbeitsunf&auml;higkeit zu &uuml;berwinden, erneuter vorzubeugen und den Arbeitsplatz zu erhalten.\" class=\"encyclopedia\">Bem<\/a>&uuml;hungen, Vorurteile in Einstellungsprozessen abzubauen.<\/p>\n<\/div><\/div>\n\n\n\n<div class=\"wp-block-media-text is-stacked-on-mobile is-vertically-aligned-top\"><figure class=\"wp-block-media-text__media\"><img decoding=\"async\" width=\"259\" height=\"240\" src=\"http:\/\/www.vitalibera.org\/community\/wp-content\/uploads\/2026\/03\/dbc5972683099460054d3dbc8212a892-1.jpg\" alt=\"\" class=\"wp-image-6333 size-full\"><\/figure><div class=\"wp-block-media-text__content\">\n<figure class=\"wp-block-embed is-type-wp-embed is-provider-vitalibera-org wp-block-embed-vitalibera-org\"><div class=\"wp-block-embed__wrapper\">\n<blockquote class=\"wp-embedded-content\" data-secret=\"JfGkmDMyT6\"><a href=\"https:\/\/www.vitalibera.org\/community\/2026\/04\/02\/ausbeutung-in-behindertenwerkstaetten\/\">Ausbeutung in Behindertenwerkst&auml;tten<\/a><\/blockquote><iframe class=\"wp-embedded-content\" sandbox=\"allow-scripts\" security=\"restricted\" style=\"position: absolute; visibility: hidden;\" title=\"&bdquo;Ausbeutung in Behindertenwerkst&auml;tten&ldquo; &ndash; vitalibera.org\" src=\"https:\/\/www.vitalibera.org\/community\/2026\/04\/02\/ausbeutung-in-behindertenwerkstaetten\/embed\/#?secret=h3YvtJVKcu#?secret=JfGkmDMyT6\" data-secret=\"JfGkmDMyT6\" width=\"600\" height=\"338\" frameborder=\"0\" marginwidth=\"0\" marginheight=\"0\" scrolling=\"no\"><\/iframe>\n<\/div><\/figure>\n<\/div><\/div>\n\n\n\n<p><\/p>\n\n\n\n<p><strong>&bdquo;Mitreden. Mitgestalten. Mitgeh&ouml;ren. Teilhabe ist Menschenrecht.&ldquo;<\/strong><\/p>\n\n\n\n<p><\/p>\n","protected":false},"excerpt":{"rendered":"<p>\u201eMitreden. Mitgestalten. Mitgeh\u00f6ren. Teilhabe ist Menschenrecht.\u201c Teilhabe ist kein einzelner Trick, sondern ein Zusammenspiel aus Haltung, Strukturen und konkreten Werkzeugen. Und das Spannende: Sie funktioniert \u00fcberall dort, wo Menschen ernst genommen werden \u2013 ob in der Neurorehabilitation, in der Schule, im Job oder in der Gesellschaft. Hier ist eine klare, greifbare Struktur, die zeigt, wie &#8230; <a title=\"Wenn Teilhabe dann aber bitte richtig!\" class=\"read-more\" href=\"https:\/\/www.vitalibera.org\/community\/2026\/04\/02\/wenn-teilhabe-dann-aber-bitte-richtig\/\" aria-label=\"Mehr Informationen \u00fcber Wenn Teilhabe dann aber bitte richtig!\">Weiterlesen<\/a><\/p>\n","protected":false},"author":2,"featured_media":6488,"comment_status":"open","ping_status":"open","sticky":false,"template":"","format":"standard","meta":{"cybocfi_hide_featured_image":"yes","_jetpack_memberships_contains_paid_content":false,"footnotes":""},"categories":[25,225,271],"tags":[],"class_list":["post-6481","post","type-post","status-publish","format-standard","has-post-thumbnail","hentry","category-eingeschraenkt-im-alltag","category-hilfe-fuer-angehoerige","category-kanzlei"],"yoast_head":"<!-- This site is optimized with the Yoast SEO plugin v27.4 - https:\/\/yoast.com\/product\/yoast-seo-wordpress\/ -->\r\n<title>Wenn Teilhabe dann aber bitte richtig! - vitalibera.org<\/title>\r\n<meta name=\"robots\" content=\"index, follow, max-snippet:-1, max-image-preview:large, max-video-preview:-1\" \/>\r\n<link rel=\"canonical\" href=\"https:\/\/www.vitalibera.org\/community\/2026\/04\/02\/wenn-teilhabe-dann-aber-bitte-richtig\/\" \/>\r\n<meta property=\"og:locale\" content=\"de_DE\" \/>\r\n<meta property=\"og:type\" content=\"article\" \/>\r\n<meta property=\"og:title\" content=\"Wenn Teilhabe dann aber bitte richtig! - vitalibera.org\" \/>\r\n<meta property=\"og:description\" content=\"\u201eMitreden. Mitgestalten. Mitgeh\u00f6ren. Teilhabe ist Menschenrecht.\u201c Teilhabe ist kein einzelner Trick, sondern ein Zusammenspiel aus Haltung, Strukturen und konkreten Werkzeugen. Und das Spannende: Sie funktioniert \u00fcberall dort, wo Menschen ernst genommen werden \u2013 ob in der Neurorehabilitation, in der Schule, im Job oder in der Gesellschaft. Hier ist eine klare, greifbare Struktur, die zeigt, wie ... Weiterlesen\" \/>\r\n<meta property=\"og:url\" content=\"https:\/\/www.vitalibera.org\/community\/2026\/04\/02\/wenn-teilhabe-dann-aber-bitte-richtig\/\" \/>\r\n<meta property=\"og:site_name\" content=\"vitalibera.org\" \/>\r\n<meta property=\"article:publisher\" content=\"https:\/\/www.facebook.com\/groups\/2997085857140235\" \/>\r\n<meta property=\"article:published_time\" content=\"2026-04-02T18:49:45+00:00\" \/>\r\n<meta property=\"article:modified_time\" content=\"2026-04-02T18:51:14+00:00\" \/>\r\n<meta property=\"og:image\" content=\"https:\/\/www.vitalibera.org\/community\/wp-content\/uploads\/2026\/04\/teilhabe3.png\" \/>\r\n\t<meta property=\"og:image:width\" content=\"648\" \/>\r\n\t<meta property=\"og:image:height\" content=\"358\" \/>\r\n\t<meta property=\"og:image:type\" content=\"image\/png\" \/>\r\n<meta name=\"author\" content=\"Andreas Jecklin\" \/>\r\n<meta name=\"twitter:card\" content=\"summary_large_image\" \/>\r\n<meta name=\"twitter:label1\" content=\"Verfasst von\" \/>\n\t<meta name=\"twitter:data1\" content=\"Andreas Jecklin\" \/>\n\t<meta name=\"twitter:label2\" content=\"Gesch\u00e4tzte Lesezeit\" \/>\n\t<meta name=\"twitter:data2\" content=\"4\u00a0Minuten\" \/>\r\n<script type=\"application\/ld+json\" class=\"yoast-schema-graph\">{\"@context\":\"https:\\\/\\\/schema.org\",\"@graph\":[{\"@type\":\"Article\",\"@id\":\"https:\\\/\\\/www.vitalibera.org\\\/community\\\/2026\\\/04\\\/02\\\/wenn-teilhabe-dann-aber-bitte-richtig\\\/#article\",\"isPartOf\":{\"@id\":\"https:\\\/\\\/www.vitalibera.org\\\/community\\\/2026\\\/04\\\/02\\\/wenn-teilhabe-dann-aber-bitte-richtig\\\/\"},\"author\":{\"name\":\"Andreas Jecklin\",\"@id\":\"https:\\\/\\\/www.vitalibera.org\\\/community\\\/#\\\/schema\\\/person\\\/6712387298421f222ff6d0a2e22c1534\"},\"headline\":\"Wenn Teilhabe dann aber bitte richtig!\",\"datePublished\":\"2026-04-02T18:49:45+00:00\",\"dateModified\":\"2026-04-02T18:51:14+00:00\",\"mainEntityOfPage\":{\"@id\":\"https:\\\/\\\/www.vitalibera.org\\\/community\\\/2026\\\/04\\\/02\\\/wenn-teilhabe-dann-aber-bitte-richtig\\\/\"},\"wordCount\":505,\"commentCount\":0,\"publisher\":{\"@id\":\"https:\\\/\\\/www.vitalibera.org\\\/community\\\/#organization\"},\"image\":{\"@id\":\"https:\\\/\\\/www.vitalibera.org\\\/community\\\/2026\\\/04\\\/02\\\/wenn-teilhabe-dann-aber-bitte-richtig\\\/#primaryimage\"},\"thumbnailUrl\":\"https:\\\/\\\/www.vitalibera.org\\\/community\\\/wp-content\\\/uploads\\\/2026\\\/04\\\/teilhabe3.png\",\"articleSection\":[\"Eingeschr\u00e4nkt im Alltag\",\"Hilfe f\u00fcr Angeh\u00f6rige\",\"Kanzlei\"],\"inLanguage\":\"de\",\"potentialAction\":[{\"@type\":\"CommentAction\",\"name\":\"Comment\",\"target\":[\"https:\\\/\\\/www.vitalibera.org\\\/community\\\/2026\\\/04\\\/02\\\/wenn-teilhabe-dann-aber-bitte-richtig\\\/#respond\"]}]},{\"@type\":\"WebPage\",\"@id\":\"https:\\\/\\\/www.vitalibera.org\\\/community\\\/2026\\\/04\\\/02\\\/wenn-teilhabe-dann-aber-bitte-richtig\\\/\",\"url\":\"https:\\\/\\\/www.vitalibera.org\\\/community\\\/2026\\\/04\\\/02\\\/wenn-teilhabe-dann-aber-bitte-richtig\\\/\",\"name\":\"Wenn Teilhabe dann aber bitte richtig! - vitalibera.org\",\"isPartOf\":{\"@id\":\"https:\\\/\\\/www.vitalibera.org\\\/community\\\/#website\"},\"primaryImageOfPage\":{\"@id\":\"https:\\\/\\\/www.vitalibera.org\\\/community\\\/2026\\\/04\\\/02\\\/wenn-teilhabe-dann-aber-bitte-richtig\\\/#primaryimage\"},\"image\":{\"@id\":\"https:\\\/\\\/www.vitalibera.org\\\/community\\\/2026\\\/04\\\/02\\\/wenn-teilhabe-dann-aber-bitte-richtig\\\/#primaryimage\"},\"thumbnailUrl\":\"https:\\\/\\\/www.vitalibera.org\\\/community\\\/wp-content\\\/uploads\\\/2026\\\/04\\\/teilhabe3.png\",\"datePublished\":\"2026-04-02T18:49:45+00:00\",\"dateModified\":\"2026-04-02T18:51:14+00:00\",\"breadcrumb\":{\"@id\":\"https:\\\/\\\/www.vitalibera.org\\\/community\\\/2026\\\/04\\\/02\\\/wenn-teilhabe-dann-aber-bitte-richtig\\\/#breadcrumb\"},\"inLanguage\":\"de\",\"potentialAction\":[{\"@type\":\"ReadAction\",\"target\":[\"https:\\\/\\\/www.vitalibera.org\\\/community\\\/2026\\\/04\\\/02\\\/wenn-teilhabe-dann-aber-bitte-richtig\\\/\"]}]},{\"@type\":\"BreadcrumbList\",\"@id\":\"https:\\\/\\\/www.vitalibera.org\\\/community\\\/2026\\\/04\\\/02\\\/wenn-teilhabe-dann-aber-bitte-richtig\\\/#breadcrumb\",\"itemListElement\":[{\"@type\":\"ListItem\",\"position\":1,\"name\":\"Startseite\",\"item\":\"https:\\\/\\\/www.vitalibera.org\\\/community\\\/\"},{\"@type\":\"ListItem\",\"position\":2,\"name\":\"Wenn Teilhabe dann aber bitte richtig!\"}]},{\"@type\":\"WebSite\",\"@id\":\"https:\\\/\\\/www.vitalibera.org\\\/community\\\/#website\",\"url\":\"https:\\\/\\\/www.vitalibera.org\\\/community\\\/\",\"name\":\"vitalibera.org\",\"description\":\"Mit einer Einschr&auml;nkung gestaltet sich das Leben im Alltag oft schwieriger - hier berichten wir &uuml;ber unsere Erfahrungen und Hilfsmittel um den Alltag so unbeschwert und unkompliziert wie nur m&ouml;glich geniessen zu k&ouml;nnen. Dabei richten wir unseren Fokus gezielt auf Selbst&auml;ndigkeit, Eigenst&auml;ndigkeit und Selbstbestimmung.\",\"publisher\":{\"@id\":\"https:\\\/\\\/www.vitalibera.org\\\/community\\\/#organization\"},\"potentialAction\":[{\"@type\":\"SearchAction\",\"target\":{\"@type\":\"EntryPoint\",\"urlTemplate\":\"https:\\\/\\\/www.vitalibera.org\\\/community\\\/?s={search_term_string}\"},\"query-input\":{\"@type\":\"PropertyValueSpecification\",\"valueRequired\":true,\"valueName\":\"search_term_string\"}}],\"inLanguage\":\"de\"},{\"@type\":\"Organization\",\"@id\":\"https:\\\/\\\/www.vitalibera.org\\\/community\\\/#organization\",\"name\":\"vitalibera.org\",\"url\":\"https:\\\/\\\/www.vitalibera.org\\\/community\\\/\",\"logo\":{\"@type\":\"ImageObject\",\"inLanguage\":\"de\",\"@id\":\"https:\\\/\\\/www.vitalibera.org\\\/community\\\/#\\\/schema\\\/logo\\\/image\\\/\",\"url\":\"https:\\\/\\\/www.vitalibera.org\\\/community\\\/wp-content\\\/uploads\\\/2025\\\/09\\\/cropped-banner.png\",\"contentUrl\":\"https:\\\/\\\/www.vitalibera.org\\\/community\\\/wp-content\\\/uploads\\\/2025\\\/09\\\/cropped-banner.png\",\"width\":991,\"height\":150,\"caption\":\"vitalibera.org\"},\"image\":{\"@id\":\"https:\\\/\\\/www.vitalibera.org\\\/community\\\/#\\\/schema\\\/logo\\\/image\\\/\"},\"sameAs\":[\"https:\\\/\\\/www.facebook.com\\\/groups\\\/2997085857140235\"]},{\"@type\":\"Person\",\"@id\":\"https:\\\/\\\/www.vitalibera.org\\\/community\\\/#\\\/schema\\\/person\\\/6712387298421f222ff6d0a2e22c1534\",\"name\":\"Andreas Jecklin\",\"image\":{\"@type\":\"ImageObject\",\"inLanguage\":\"de\",\"@id\":\"https:\\\/\\\/secure.gravatar.com\\\/avatar\\\/ad516503a11cd5ca435acc9bb6523536?s=96\",\"url\":\"https:\\\/\\\/secure.gravatar.com\\\/avatar\\\/ad516503a11cd5ca435acc9bb6523536?s=96\",\"contentUrl\":\"https:\\\/\\\/secure.gravatar.com\\\/avatar\\\/ad516503a11cd5ca435acc9bb6523536?s=96\",\"caption\":\"Andreas Jecklin\"},\"description\":\"Manchen gab Gott die Kraft Dinge zu ver\u00e4ndern, mir gab er die Kraft zu ertragen was nicht mehr zu \u00e4ndern ist.\",\"url\":\"https:\\\/\\\/www.vitalibera.org\\\/community\\\/author\\\/andy77\\\/\"}]}<\/script>\r\n<!-- \/ Yoast SEO plugin. -->","yoast_head_json":{"title":"Wenn Teilhabe dann aber bitte richtig! - vitalibera.org","robots":{"index":"index","follow":"follow","max-snippet":"max-snippet:-1","max-image-preview":"max-image-preview:large","max-video-preview":"max-video-preview:-1"},"canonical":"https:\/\/www.vitalibera.org\/community\/2026\/04\/02\/wenn-teilhabe-dann-aber-bitte-richtig\/","og_locale":"de_DE","og_type":"article","og_title":"Wenn Teilhabe dann aber bitte richtig! - vitalibera.org","og_description":"\u201eMitreden. Mitgestalten. Mitgeh\u00f6ren. Teilhabe ist Menschenrecht.\u201c Teilhabe ist kein einzelner Trick, sondern ein Zusammenspiel aus Haltung, Strukturen und konkreten Werkzeugen. Und das Spannende: Sie funktioniert \u00fcberall dort, wo Menschen ernst genommen werden \u2013 ob in der Neurorehabilitation, in der Schule, im Job oder in der Gesellschaft. Hier ist eine klare, greifbare Struktur, die zeigt, wie ... Weiterlesen","og_url":"https:\/\/www.vitalibera.org\/community\/2026\/04\/02\/wenn-teilhabe-dann-aber-bitte-richtig\/","og_site_name":"vitalibera.org","article_publisher":"https:\/\/www.facebook.com\/groups\/2997085857140235","article_published_time":"2026-04-02T18:49:45+00:00","article_modified_time":"2026-04-02T18:51:14+00:00","og_image":[{"width":648,"height":358,"url":"https:\/\/www.vitalibera.org\/community\/wp-content\/uploads\/2026\/04\/teilhabe3.png","type":"image\/png"}],"author":"Andreas Jecklin","twitter_card":"summary_large_image","twitter_misc":{"Verfasst von":"Andreas Jecklin","Gesch\u00e4tzte Lesezeit":"4\u00a0Minuten"},"schema":{"@context":"https:\/\/schema.org","@graph":[{"@type":"Article","@id":"https:\/\/www.vitalibera.org\/community\/2026\/04\/02\/wenn-teilhabe-dann-aber-bitte-richtig\/#article","isPartOf":{"@id":"https:\/\/www.vitalibera.org\/community\/2026\/04\/02\/wenn-teilhabe-dann-aber-bitte-richtig\/"},"author":{"name":"Andreas Jecklin","@id":"https:\/\/www.vitalibera.org\/community\/#\/schema\/person\/6712387298421f222ff6d0a2e22c1534"},"headline":"Wenn Teilhabe dann aber bitte richtig!","datePublished":"2026-04-02T18:49:45+00:00","dateModified":"2026-04-02T18:51:14+00:00","mainEntityOfPage":{"@id":"https:\/\/www.vitalibera.org\/community\/2026\/04\/02\/wenn-teilhabe-dann-aber-bitte-richtig\/"},"wordCount":505,"commentCount":0,"publisher":{"@id":"https:\/\/www.vitalibera.org\/community\/#organization"},"image":{"@id":"https:\/\/www.vitalibera.org\/community\/2026\/04\/02\/wenn-teilhabe-dann-aber-bitte-richtig\/#primaryimage"},"thumbnailUrl":"https:\/\/www.vitalibera.org\/community\/wp-content\/uploads\/2026\/04\/teilhabe3.png","articleSection":["Eingeschr\u00e4nkt im Alltag","Hilfe f\u00fcr Angeh\u00f6rige","Kanzlei"],"inLanguage":"de","potentialAction":[{"@type":"CommentAction","name":"Comment","target":["https:\/\/www.vitalibera.org\/community\/2026\/04\/02\/wenn-teilhabe-dann-aber-bitte-richtig\/#respond"]}]},{"@type":"WebPage","@id":"https:\/\/www.vitalibera.org\/community\/2026\/04\/02\/wenn-teilhabe-dann-aber-bitte-richtig\/","url":"https:\/\/www.vitalibera.org\/community\/2026\/04\/02\/wenn-teilhabe-dann-aber-bitte-richtig\/","name":"Wenn Teilhabe dann aber bitte richtig! - vitalibera.org","isPartOf":{"@id":"https:\/\/www.vitalibera.org\/community\/#website"},"primaryImageOfPage":{"@id":"https:\/\/www.vitalibera.org\/community\/2026\/04\/02\/wenn-teilhabe-dann-aber-bitte-richtig\/#primaryimage"},"image":{"@id":"https:\/\/www.vitalibera.org\/community\/2026\/04\/02\/wenn-teilhabe-dann-aber-bitte-richtig\/#primaryimage"},"thumbnailUrl":"https:\/\/www.vitalibera.org\/community\/wp-content\/uploads\/2026\/04\/teilhabe3.png","datePublished":"2026-04-02T18:49:45+00:00","dateModified":"2026-04-02T18:51:14+00:00","breadcrumb":{"@id":"https:\/\/www.vitalibera.org\/community\/2026\/04\/02\/wenn-teilhabe-dann-aber-bitte-richtig\/#breadcrumb"},"inLanguage":"de","potentialAction":[{"@type":"ReadAction","target":["https:\/\/www.vitalibera.org\/community\/2026\/04\/02\/wenn-teilhabe-dann-aber-bitte-richtig\/"]}]},{"@type":"BreadcrumbList","@id":"https:\/\/www.vitalibera.org\/community\/2026\/04\/02\/wenn-teilhabe-dann-aber-bitte-richtig\/#breadcrumb","itemListElement":[{"@type":"ListItem","position":1,"name":"Startseite","item":"https:\/\/www.vitalibera.org\/community\/"},{"@type":"ListItem","position":2,"name":"Wenn Teilhabe dann aber bitte richtig!"}]},{"@type":"WebSite","@id":"https:\/\/www.vitalibera.org\/community\/#website","url":"https:\/\/www.vitalibera.org\/community\/","name":"vitalibera.org","description":"Mit einer Einschr&auml;nkung gestaltet sich das Leben im Alltag oft schwieriger - hier berichten wir &uuml;ber unsere Erfahrungen und Hilfsmittel um den Alltag so unbeschwert und unkompliziert wie nur m&ouml;glich geniessen zu k&ouml;nnen. Dabei richten wir unseren Fokus gezielt auf Selbst&auml;ndigkeit, Eigenst&auml;ndigkeit und Selbstbestimmung.","publisher":{"@id":"https:\/\/www.vitalibera.org\/community\/#organization"},"potentialAction":[{"@type":"SearchAction","target":{"@type":"EntryPoint","urlTemplate":"https:\/\/www.vitalibera.org\/community\/?s={search_term_string}"},"query-input":{"@type":"PropertyValueSpecification","valueRequired":true,"valueName":"search_term_string"}}],"inLanguage":"de"},{"@type":"Organization","@id":"https:\/\/www.vitalibera.org\/community\/#organization","name":"vitalibera.org","url":"https:\/\/www.vitalibera.org\/community\/","logo":{"@type":"ImageObject","inLanguage":"de","@id":"https:\/\/www.vitalibera.org\/community\/#\/schema\/logo\/image\/","url":"https:\/\/www.vitalibera.org\/community\/wp-content\/uploads\/2025\/09\/cropped-banner.png","contentUrl":"https:\/\/www.vitalibera.org\/community\/wp-content\/uploads\/2025\/09\/cropped-banner.png","width":991,"height":150,"caption":"vitalibera.org"},"image":{"@id":"https:\/\/www.vitalibera.org\/community\/#\/schema\/logo\/image\/"},"sameAs":["https:\/\/www.facebook.com\/groups\/2997085857140235"]},{"@type":"Person","@id":"https:\/\/www.vitalibera.org\/community\/#\/schema\/person\/6712387298421f222ff6d0a2e22c1534","name":"Andreas Jecklin","image":{"@type":"ImageObject","inLanguage":"de","@id":"https:\/\/secure.gravatar.com\/avatar\/ad516503a11cd5ca435acc9bb6523536?s=96","url":"https:\/\/secure.gravatar.com\/avatar\/ad516503a11cd5ca435acc9bb6523536?s=96","contentUrl":"https:\/\/secure.gravatar.com\/avatar\/ad516503a11cd5ca435acc9bb6523536?s=96","caption":"Andreas Jecklin"},"description":"Manchen gab Gott die Kraft Dinge zu ver\u00e4ndern, mir gab er die Kraft zu ertragen was nicht mehr zu \u00e4ndern ist.","url":"https:\/\/www.vitalibera.org\/community\/author\/andy77\/"}]}},"jetpack_featured_media_url":"https:\/\/www.vitalibera.org\/community\/wp-content\/uploads\/2026\/04\/teilhabe3.png","jetpack_sharing_enabled":true,"jetpack-related-posts":[],"_links":{"self":[{"href":"https:\/\/www.vitalibera.org\/community\/wp-json\/wp\/v2\/posts\/6481","targetHints":{"allow":["GET"]}}],"collection":[{"href":"https:\/\/www.vitalibera.org\/community\/wp-json\/wp\/v2\/posts"}],"about":[{"href":"https:\/\/www.vitalibera.org\/community\/wp-json\/wp\/v2\/types\/post"}],"author":[{"embeddable":true,"href":"https:\/\/www.vitalibera.org\/community\/wp-json\/wp\/v2\/users\/2"}],"replies":[{"embeddable":true,"href":"https:\/\/www.vitalibera.org\/community\/wp-json\/wp\/v2\/comments?post=6481"}],"version-history":[{"count":1,"href":"https:\/\/www.vitalibera.org\/community\/wp-json\/wp\/v2\/posts\/6481\/revisions"}],"predecessor-version":[{"id":6489,"href":"https:\/\/www.vitalibera.org\/community\/wp-json\/wp\/v2\/posts\/6481\/revisions\/6489"}],"wp:featuredmedia":[{"embeddable":true,"href":"https:\/\/www.vitalibera.org\/community\/wp-json\/wp\/v2\/media\/6488"}],"wp:attachment":[{"href":"https:\/\/www.vitalibera.org\/community\/wp-json\/wp\/v2\/media?parent=6481"}],"wp:term":[{"taxonomy":"category","embeddable":true,"href":"https:\/\/www.vitalibera.org\/community\/wp-json\/wp\/v2\/categories?post=6481"},{"taxonomy":"post_tag","embeddable":true,"href":"https:\/\/www.vitalibera.org\/community\/wp-json\/wp\/v2\/tags?post=6481"}],"curies":[{"name":"wp","href":"https:\/\/api.w.org\/{rel}","templated":true}]}}