{"id":6492,"date":"2026-04-03T08:33:36","date_gmt":"2026-04-03T06:33:36","guid":{"rendered":"https:\/\/www.vitalibera.org\/community\/?p=6492"},"modified":"2026-04-03T08:43:09","modified_gmt":"2026-04-03T06:43:09","slug":"selbstbestimmung-ist-kein-geschenk-sie-ist-ein-weg","status":"publish","type":"post","link":"https:\/\/www.vitalibera.org\/community\/2026\/04\/03\/selbstbestimmung-ist-kein-geschenk-sie-ist-ein-weg\/","title":{"rendered":"Selbstbestimmung ist kein Geschenk. Sie ist ein Weg"},"content":{"rendered":"\n<div class=\"wp-block-media-text is-stacked-on-mobile\"><figure class=\"wp-block-media-text__media\"><img fetchpriority=\"high\" decoding=\"async\" width=\"379\" height=\"448\" src=\"http:\/\/www.vitalibera.org\/community\/wp-content\/uploads\/2026\/04\/schritt.png\" alt=\"\" class=\"wp-image-6493 size-full\" srcset=\"https:\/\/www.vitalibera.org\/community\/wp-content\/uploads\/2026\/04\/schritt.png 379w, https:\/\/www.vitalibera.org\/community\/wp-content\/uploads\/2026\/04\/schritt-254x300.png 254w\" sizes=\"(max-width: 379px) 100vw, 379px\" \/><\/figure><div class=\"wp-block-media-text__content\">\n<p><strong><em>Kein Mitleid. Kein Abseits. Kein Zur&uuml;ck<\/em><\/strong>.<\/p>\n\n\n\n<p>&bdquo;Kein Mitleid&ldquo; &ndash; weil W&uuml;rde kein Trostpreis ist.<br>&bdquo;Kein Abseits&ldquo; &ndash; weil Teilhabe kein Gnadenakt ist.<br>&bdquo;Kein Zur&uuml;ck&ldquo; &ndash; weil Fortschritt nicht verhandelbar ist.<\/p>\n\n\n\n<ul class=\"wp-block-list\">\n<li>Ich warte nicht auf Erlaubnis.<\/li>\n\n\n\n<li>Ich lasse mir nichts &bdquo;gew&auml;hren&ldquo;.<\/li>\n\n\n\n<li>Ich nehme mir zur&uuml;ck, was mir zusteht.<\/li>\n\n\n\n<li>Mein Weg geh&ouml;rt mir &ndash; nicht Institutionen, nicht Heimen, nicht Erwartungen, nicht Mitleid.<\/li>\n<\/ul>\n<\/div><\/div>\n\n\n\n<h5 class=\"wp-block-heading\"><strong>Strategie: Das Leben nach einem neurologischen Schicksal zur&uuml;ckerobern<\/strong><\/h5>\n\n\n\n<h5 class=\"wp-block-heading\">1. <strong>Benennen, was verloren ging &ndash; um es zur&uuml;ckzufordern<\/strong><\/h5>\n\n\n\n<p>Nicht als Klage, sondern als Anspruch. <em>&bdquo;Ich wei&szlig;, was mir genommen wurde. Und ich wei&szlig;, was mir geh&ouml;rt.&ldquo;<\/em><\/p>\n\n\n\n<h5 class=\"wp-block-heading\">2. <strong>Den eigenen K&ouml;rper neu lesen<\/strong><\/h5>\n\n\n\n<p>Nicht als Feind, nicht als Baustelle. Als Terrain, das man wieder betritt, Schritt f&uuml;r Schritt. <em>&bdquo;Ich lerne mich neu &ndash; und ich schreibe mich neu.&ldquo;<\/em><\/p>\n\n\n\n<h5 class=\"wp-block-heading\">3. <strong>Selbstbestimmung als t&auml;gliche Handlung, nicht als Ziel<\/strong><\/h5>\n\n\n\n<p>Jede Entscheidung, jede Routine, jeder kleine Sieg ist R&uuml;ckeroberung. <em>&bdquo;Ich bestimme im Kleinen, damit ich im Gro&szlig;en wieder frei werde.&ldquo;<\/em><\/p>\n\n\n\n<h5 class=\"wp-block-heading\">4. <strong>Grenzen verschieben, ohne sich zu verlieren<\/strong><\/h5>\n\n\n\n<p>Nicht heroisch &uuml;berfordern. Sondern mutig erweitern. <em>&bdquo;Ich gehe weiter, aber ich gehe meinen Weg.&ldquo;<\/em><\/p>\n\n\n\n<h5 class=\"wp-block-heading\">5. <strong>W&uuml;rde verteidigen &ndash; gegen Systeme, Erwartungen, Mitleid<\/strong><\/h5>\n\n\n\n<p>Poetisch formuliert: <em>&bdquo;Ich lasse mich nicht verwalten. Ich werde nicht weggestellt. Ich bin kein Fall.&ldquo;<\/em><\/p>\n\n\n\n<h5 class=\"wp-block-heading\">6. <strong>Verb&uuml;ndete w&auml;hlen, nicht Betreuer<\/strong><\/h5>\n\n\n\n<p>Menschen, die st&auml;rken, nicht kleinhalten. <em>&bdquo;Ich brauche keine Retter. Ich brauche Raum.&ldquo;<\/em><\/p>\n\n\n\n<h5 class=\"wp-block-heading\">7. <strong>Die eigene Geschichte zur&uuml;ckschreiben<\/strong><\/h5>\n\n\n\n<p>Nicht die Version, die Akten erz&auml;hlen. Die Version, die du lebst. <em>&bdquo;Ich bin nicht das, was passiert ist. Ich bin das, was ich daraus mache.&ldquo;<\/em><\/p>\n\n\n\n<p><\/p>\n\n\n\n<h4 class=\"wp-block-heading\"><strong>6 Schritte, um dein Leben nach neurologischem Einschnitt zur&uuml;ckzuerobern<\/strong><\/h4>\n\n\n\n<ol start=\"1\" class=\"wp-block-list\">\n<li><strong>Standort bestimmen:<\/strong> Wo stehe ich wirklich &ndash; k&ouml;rperlich, kognitiv, sozial, emotional?<\/li>\n\n\n\n<li><strong>Mikro&#8209;Selbstbestimmung aufbauen:<\/strong> Kleine Entscheidungen zur&uuml;ckholen, jeden Tag.<\/li>\n\n\n\n<li><strong>Routinen als R&uuml;ckeroberungs&#8209;Werkzeug nutzen:<\/strong> Alltag so bauen, dass er dir dient.<\/li>\n\n\n\n<li><strong>Umfeld sortieren:<\/strong> Wer st&auml;rkt dich, wer zieht dich in die Opferrolle?<\/li>\n\n\n\n<li><strong>System konfrontieren:<\/strong> Rechte kl&auml;ren, Anspr&uuml;che formulieren, Grenzen setzen.<\/li>\n\n\n\n<li><strong>Eigene Story schreiben:<\/strong> Weg vom &bdquo;Fall&ldquo;, hin zur eigenen Erz&auml;hlung.<\/li>\n<\/ol>\n\n\n\n<h5 class=\"wp-block-heading\"><strong>Schritt 1: Standort bestimmen &ndash; brutal ehrlich, ohne Selbstabwertung<\/strong><\/h5>\n\n\n\n<ul class=\"wp-block-list\">\n<li><strong>Status checken:<\/strong> <strong>K&ouml;rper:<\/strong> Was geht gut, was geht eingeschr&auml;nkt, was gar nicht? <strong>Kopf:<\/strong> Konzentration, M&uuml;digkeit, Reizbarkeit, &Uuml;berforderung. <strong>Alltag:<\/strong> Wo brauchst du Hilfe, wo bist du schon autonom?<\/li>\n\n\n\n<li><strong>Mini&#8209;Inventar schreiben:<\/strong> <strong>Liste A:<\/strong> &bdquo;Das kann ich (wieder).&ldquo; <strong>Liste B:<\/strong> &bdquo;Hier brauche ich Unterst&uuml;tzung.&ldquo; <strong>Liste C:<\/strong> &bdquo;Hier will ich langfristig wieder hin.&ldquo;<\/li>\n<\/ul>\n\n\n\n<p>Ziel: Kein Sch&ouml;nreden, kein Dramatisieren. <strong>Klare Ausgangsbasis.<\/strong><\/p>\n\n\n\n<h5 class=\"wp-block-heading\"><strong>Schritt 2: Mikro&#8209;Selbstbestimmung &ndash; klein anfangen, konsequent durchziehen<\/strong><\/h5>\n\n\n\n<ul class=\"wp-block-list\">\n<li><strong>T&auml;gliche Mikro&#8209;Entscheidungen definieren:<\/strong> <strong>Beispiele:<\/strong> <strong>&bdquo;Ich bestimme&hellip;<\/strong> &ndash; wann ich pausiere. &ndash; welche Kleidung ich trage. &ndash; welche Musik l&auml;uft. &ndash; welche &Uuml;bung ich heute sicher auslasse, wenn es zu viel ist.&ldquo;<\/li>\n\n\n\n<li><strong>Regel:<\/strong> Jeden Tag mindestens <strong>3 bewusste Entscheidungen<\/strong>, die von dir kommen &ndash; nicht von System, nicht von Gewohnheit.<\/li>\n<\/ul>\n\n\n\n<p>Ziel: Dein Nervensystem lernt: <strong>&bdquo;Ich entscheide wieder.&ldquo;<\/strong><\/p>\n\n\n\n<h5 class=\"wp-block-heading\"><strong>Schritt 3: Routinen als R&uuml;ckeroberungs&#8209;Tool<\/strong><\/h5>\n\n\n\n<ul class=\"wp-block-list\">\n<li><strong>Morgens:<\/strong> <strong>1 feste Sache<\/strong>, die dir das Gef&uuml;hl gibt: <em>&bdquo;Ich starte meinen Tag.&ldquo;<\/em> Beispiel: Kaffee bewusst trinken, 3 Atemz&uuml;ge am offenen Fenster, kurzer Satz an dich: <strong>&bdquo;Das ist mein Tag, nicht nur mein Terminkalender.&ldquo;<\/strong><\/li>\n\n\n\n<li><strong>Tags&uuml;ber:<\/strong> <strong>Energie&#8209;Management statt Heldentum.<\/strong> Plane Pausen ein, bevor du zusammenbrichst. Das ist kein Schw&auml;chezeichen, sondern <strong>strategische Selbstbestimmung<\/strong>.<\/li>\n\n\n\n<li><strong>Abends:<\/strong> 1 Satz aufschreiben: <strong>&bdquo;Heute habe ich mir zur&uuml;ckerobert: &hellip;&ldquo;<\/strong> (z.B. &bdquo;Nein gesagt&ldquo;, &bdquo;Pause gemacht&ldquo;, &bdquo;Hilfe eingefordert&ldquo;, &bdquo;Grenze gesetzt&ldquo;)<\/li>\n<\/ul>\n\n\n\n<p>Ziel: Alltag wird nicht nur &bdquo;&uuml;berstanden&ldquo;, sondern <strong>aktiv gestaltet<\/strong>.<\/p>\n\n\n\n<h4 class=\"wp-block-heading\"><strong>Schritt 4: Umfeld sortieren &ndash; wer ist Verb&uuml;ndeter, wer macht klein?<\/strong><\/h4>\n\n\n\n<ul class=\"wp-block-list\">\n<li><strong>Drei Kategorien:<\/strong> <strong>A &ndash; Verb&uuml;ndete:<\/strong> St&auml;rken dich, h&ouml;ren zu, respektieren deine Grenzen. <strong>B &ndash; Gutmeinende Bremser:<\/strong> &bdquo;&Uuml;berfordere dich nicht&ldquo;, &bdquo;sei froh, dass&hellip;&ldquo; <strong>C &ndash; Energier&auml;uber:<\/strong> Mitleid, Abwertung, Kontrolle.<\/li>\n\n\n\n<li><strong>Konkrete Schritte:<\/strong> <strong>A:<\/strong> N&auml;he halten, offen sprechen, einbeziehen. <strong>B:<\/strong> Grenzen setzen, klar sagen, was du brauchst (&bdquo;Bitte kein Mitleid, sondern&hellip;&ldquo;). <strong>C:<\/strong> Kontakt reduzieren, Gespr&auml;che verk&uuml;rzen, Themen wechseln, notfalls klar benennen.<\/li>\n<\/ul>\n\n\n\n<p>Ziel: Dein Umfeld soll <strong>R&uuml;ckeroberung erm&ouml;glichen, nicht sabotieren.<\/strong><\/p>\n\n\n\n<h5 class=\"wp-block-heading\"><strong>Schritt 5: System konfrontieren &ndash; Rechte statt Dankbarkeit<\/strong><\/h5>\n\n\n\n<ul class=\"wp-block-list\">\n<li><strong>Fragen kl&auml;ren:<\/strong> &ndash; Welche Leistungen, Rechte, Unterst&uuml;tzung stehen dir rechtlich zu? &ndash; Wo wirst du &bdquo;verwaltet&ldquo; statt beteiligt?<\/li>\n\n\n\n<li><strong>S&auml;tze vorbereiten (wie Werkzeuge):<\/strong> &ndash; <strong>&bdquo;Ich m&ouml;chte in Entscheidungen einbezogen werden.&ldquo;<\/strong> &ndash; <strong>&bdquo;Welche Alternativen habe ich?&ldquo;<\/strong> &ndash; <strong>&bdquo;Ich brauche diese Information schriftlich.&ldquo;<\/strong> &ndash; <strong>&bdquo;Ich bin nicht nur Patient, ich bin Beteiligter.&ldquo;<\/strong><\/li>\n\n\n\n<li><strong>Dokumentieren:<\/strong> Notiere dir Gespr&auml;che, Zusagen, Fristen. Das ist nicht misstrauisch &ndash; das ist <strong>Selbstschutz und Selbstbestimmung.<\/strong><\/li>\n<\/ul>\n\n\n\n<p>Ziel: Du gehst vom <strong>Objekt der Versorgung<\/strong> zum <strong>Subjekt mit Anspruch<\/strong>.<\/p>\n\n\n\n<h5 class=\"wp-block-heading\"><strong>Schritt 6: Eigene Story schreiben &ndash; nicht die Akte, sondern du<\/strong><\/h5>\n\n\n\n<ul class=\"wp-block-list\">\n<li><strong>Alte Story erkennen:<\/strong> &bdquo;Ich hatte Pech&ldquo;, &bdquo;Ich bin ein Fall&ldquo;, &bdquo;Ich bin Belastung&ldquo; &ndash; das sind Narrative, die kleben.<\/li>\n\n\n\n<li><strong>Neue Story formulieren:<\/strong> Schreib 5&ndash;10 S&auml;tze, beginnend mit: &ndash; <strong>&bdquo;Ich bin jemand, der&hellip;&ldquo;<\/strong> &ndash; <strong>&bdquo;Mein Leben nach dem Schlag bedeutet f&uuml;r mich&hellip;&ldquo;<\/strong> &ndash; <strong>&bdquo;Ich k&auml;mpfe nicht nur ums &Uuml;berleben, sondern um&hellip;&ldquo;<\/strong><\/li>\n\n\n\n<li><strong>Leit&#8209;Satz w&auml;hlen:<\/strong> Zum Beispiel: <strong>&bdquo;Ich erobere mein Leben zur&uuml;ck &ndash; Schritt f&uuml;r Schritt.&ldquo;<\/strong> oder <strong>&bdquo;Kein Mitleid. Kein Abseits. Kein Zur&uuml;ck.&ldquo;<\/strong><\/li>\n<\/ul>\n\n\n\n<p>Ziel: Deine innere Erz&auml;hlung wird <strong>Kompass<\/strong>, nicht Kette.<\/p>\n\n\n\n<div class=\"wp-block-media-text is-stacked-on-mobile is-vertically-aligned-top\"><figure class=\"wp-block-media-text__media\"><img decoding=\"async\" width=\"259\" height=\"240\" src=\"http:\/\/www.vitalibera.org\/community\/wp-content\/uploads\/2026\/03\/dbc5972683099460054d3dbc8212a892-1.jpg\" alt=\"\" class=\"wp-image-6333 size-full\"><\/figure><div class=\"wp-block-media-text__content\">\n<p><strong>Weitere Informationen<\/strong><br><br><a href=\"https:\/\/www.vitalibera.org\/community\/2026\/04\/01\/glueck-neu-erfinden-nach-neurologischem-schicksal\/\">Gl&uuml;ck neu (er)finden nach neurologischem Schicksal<\/a><\/p>\n\n\n\n<p><a href=\"https:\/\/www.vitalibera.org\/community\/2026\/03\/07\/stigmatisierung-neurologischer-erkrankungen\/\">Stigmatisierung neurologischer Erkrankungen<\/a><\/p>\n\n\n\n<p><a href=\"https:\/\/www.vitalibera.org\/community\/2026\/03\/26\/nach-dem-schicksalsschlag-neue-wege-gehen\/\">Nach dem Schicksalsschlag neue Wege gehen<\/a><\/p>\n\n\n\n<p><a href=\"https:\/\/www.vitalibera.org\/community\/2026\/03\/08\/ehrgeiz-ist-gut-perfektion-ist-besser\/\">Ehrgeiz ist gut, Perfektion ist besser &ndash; und Fortschritt das Ziel<\/a><\/p>\n\n\n\n<p><a href=\"https:\/\/www.vitalibera.org\/community\/2026\/03\/08\/ehrgeiz-ist-gut-perfektion-ist-besser\/\">vitalibera Diskussions-Forum<\/a><\/p>\n\n\n\n<p><a href=\"https:\/\/www.facebook.com\/groups\/2997085857140235\" target=\"_blank\" rel=\"noreferrer noopener\">vitalibera Facebook-Gruppe<\/a><\/p>\n\n\n\n<p><br><br><\/p>\n<\/div><\/div>\n","protected":false},"excerpt":{"rendered":"<p>Strategie: Das Leben nach einem neurologischen Schicksal zur\u00fcckerobern 1. Benennen, was verloren ging \u2013 um es zur\u00fcckzufordern Nicht als Klage, sondern als Anspruch. \u201eIch wei\u00df, was mir genommen wurde. Und ich wei\u00df, was mir geh\u00f6rt.\u201c 2. Den eigenen K\u00f6rper neu lesen Nicht als Feind, nicht als Baustelle. Als Terrain, das man wieder betritt, Schritt f\u00fcr &#8230; <a title=\"Selbstbestimmung ist kein Geschenk. Sie ist ein Weg\" class=\"read-more\" href=\"https:\/\/www.vitalibera.org\/community\/2026\/04\/03\/selbstbestimmung-ist-kein-geschenk-sie-ist-ein-weg\/\" aria-label=\"Mehr Informationen \u00fcber Selbstbestimmung ist kein Geschenk. Sie ist ein Weg\">Weiterlesen<\/a><\/p>\n","protected":false},"author":2,"featured_media":6493,"comment_status":"open","ping_status":"open","sticky":false,"template":"","format":"standard","meta":{"cybocfi_hide_featured_image":"yes","_jetpack_memberships_contains_paid_content":false,"footnotes":""},"categories":[25,225,70],"tags":[],"class_list":["post-6492","post","type-post","status-publish","format-standard","has-post-thumbnail","hentry","category-eingeschraenkt-im-alltag","category-hilfe-fuer-angehoerige","category-strategien"],"yoast_head":"<!-- This site is optimized with the Yoast SEO plugin v27.4 - https:\/\/yoast.com\/product\/yoast-seo-wordpress\/ -->\r\n<title>Selbstbestimmung ist kein Geschenk. Sie ist ein Weg - vitalibera.org<\/title>\r\n<meta name=\"robots\" content=\"index, follow, max-snippet:-1, max-image-preview:large, max-video-preview:-1\" \/>\r\n<link rel=\"canonical\" href=\"https:\/\/www.vitalibera.org\/community\/2026\/04\/03\/selbstbestimmung-ist-kein-geschenk-sie-ist-ein-weg\/\" \/>\r\n<meta property=\"og:locale\" content=\"de_DE\" \/>\r\n<meta property=\"og:type\" content=\"article\" \/>\r\n<meta property=\"og:title\" content=\"Selbstbestimmung ist kein Geschenk. Sie ist ein Weg - vitalibera.org\" \/>\r\n<meta property=\"og:description\" content=\"Strategie: Das Leben nach einem neurologischen Schicksal zur\u00fcckerobern 1. Benennen, was verloren ging \u2013 um es zur\u00fcckzufordern Nicht als Klage, sondern als Anspruch. \u201eIch wei\u00df, was mir genommen wurde. Und ich wei\u00df, was mir geh\u00f6rt.\u201c 2. Den eigenen K\u00f6rper neu lesen Nicht als Feind, nicht als Baustelle. Als Terrain, das man wieder betritt, Schritt f\u00fcr ... Weiterlesen\" \/>\r\n<meta property=\"og:url\" content=\"https:\/\/www.vitalibera.org\/community\/2026\/04\/03\/selbstbestimmung-ist-kein-geschenk-sie-ist-ein-weg\/\" \/>\r\n<meta property=\"og:site_name\" content=\"vitalibera.org\" \/>\r\n<meta property=\"article:publisher\" content=\"https:\/\/www.facebook.com\/groups\/2997085857140235\" \/>\r\n<meta property=\"article:published_time\" content=\"2026-04-03T06:33:36+00:00\" \/>\r\n<meta property=\"article:modified_time\" content=\"2026-04-03T06:43:09+00:00\" \/>\r\n<meta property=\"og:image\" content=\"https:\/\/www.vitalibera.org\/community\/wp-content\/uploads\/2026\/04\/schritt.png\" \/>\r\n\t<meta property=\"og:image:width\" content=\"379\" \/>\r\n\t<meta property=\"og:image:height\" content=\"448\" \/>\r\n\t<meta property=\"og:image:type\" content=\"image\/png\" \/>\r\n<meta name=\"author\" content=\"Andreas Jecklin\" \/>\r\n<meta name=\"twitter:card\" content=\"summary_large_image\" \/>\r\n<meta name=\"twitter:label1\" content=\"Verfasst von\" \/>\n\t<meta name=\"twitter:data1\" content=\"Andreas Jecklin\" \/>\n\t<meta name=\"twitter:label2\" content=\"Gesch\u00e4tzte Lesezeit\" \/>\n\t<meta name=\"twitter:data2\" content=\"5\u00a0Minuten\" \/>\r\n<script type=\"application\/ld+json\" class=\"yoast-schema-graph\">{\"@context\":\"https:\\\/\\\/schema.org\",\"@graph\":[{\"@type\":\"Article\",\"@id\":\"https:\\\/\\\/www.vitalibera.org\\\/community\\\/2026\\\/04\\\/03\\\/selbstbestimmung-ist-kein-geschenk-sie-ist-ein-weg\\\/#article\",\"isPartOf\":{\"@id\":\"https:\\\/\\\/www.vitalibera.org\\\/community\\\/2026\\\/04\\\/03\\\/selbstbestimmung-ist-kein-geschenk-sie-ist-ein-weg\\\/\"},\"author\":{\"name\":\"Andreas Jecklin\",\"@id\":\"https:\\\/\\\/www.vitalibera.org\\\/community\\\/#\\\/schema\\\/person\\\/6712387298421f222ff6d0a2e22c1534\"},\"headline\":\"Selbstbestimmung ist kein Geschenk. Sie ist ein Weg\",\"datePublished\":\"2026-04-03T06:33:36+00:00\",\"dateModified\":\"2026-04-03T06:43:09+00:00\",\"mainEntityOfPage\":{\"@id\":\"https:\\\/\\\/www.vitalibera.org\\\/community\\\/2026\\\/04\\\/03\\\/selbstbestimmung-ist-kein-geschenk-sie-ist-ein-weg\\\/\"},\"wordCount\":836,\"commentCount\":0,\"publisher\":{\"@id\":\"https:\\\/\\\/www.vitalibera.org\\\/community\\\/#organization\"},\"image\":{\"@id\":\"https:\\\/\\\/www.vitalibera.org\\\/community\\\/2026\\\/04\\\/03\\\/selbstbestimmung-ist-kein-geschenk-sie-ist-ein-weg\\\/#primaryimage\"},\"thumbnailUrl\":\"https:\\\/\\\/www.vitalibera.org\\\/community\\\/wp-content\\\/uploads\\\/2026\\\/04\\\/schritt.png\",\"articleSection\":[\"Eingeschr\u00e4nkt im Alltag\",\"Hilfe f\u00fcr Angeh\u00f6rige\",\"Strategien\"],\"inLanguage\":\"de\",\"potentialAction\":[{\"@type\":\"CommentAction\",\"name\":\"Comment\",\"target\":[\"https:\\\/\\\/www.vitalibera.org\\\/community\\\/2026\\\/04\\\/03\\\/selbstbestimmung-ist-kein-geschenk-sie-ist-ein-weg\\\/#respond\"]}]},{\"@type\":\"WebPage\",\"@id\":\"https:\\\/\\\/www.vitalibera.org\\\/community\\\/2026\\\/04\\\/03\\\/selbstbestimmung-ist-kein-geschenk-sie-ist-ein-weg\\\/\",\"url\":\"https:\\\/\\\/www.vitalibera.org\\\/community\\\/2026\\\/04\\\/03\\\/selbstbestimmung-ist-kein-geschenk-sie-ist-ein-weg\\\/\",\"name\":\"Selbstbestimmung ist kein Geschenk. Sie ist ein Weg - vitalibera.org\",\"isPartOf\":{\"@id\":\"https:\\\/\\\/www.vitalibera.org\\\/community\\\/#website\"},\"primaryImageOfPage\":{\"@id\":\"https:\\\/\\\/www.vitalibera.org\\\/community\\\/2026\\\/04\\\/03\\\/selbstbestimmung-ist-kein-geschenk-sie-ist-ein-weg\\\/#primaryimage\"},\"image\":{\"@id\":\"https:\\\/\\\/www.vitalibera.org\\\/community\\\/2026\\\/04\\\/03\\\/selbstbestimmung-ist-kein-geschenk-sie-ist-ein-weg\\\/#primaryimage\"},\"thumbnailUrl\":\"https:\\\/\\\/www.vitalibera.org\\\/community\\\/wp-content\\\/uploads\\\/2026\\\/04\\\/schritt.png\",\"datePublished\":\"2026-04-03T06:33:36+00:00\",\"dateModified\":\"2026-04-03T06:43:09+00:00\",\"breadcrumb\":{\"@id\":\"https:\\\/\\\/www.vitalibera.org\\\/community\\\/2026\\\/04\\\/03\\\/selbstbestimmung-ist-kein-geschenk-sie-ist-ein-weg\\\/#breadcrumb\"},\"inLanguage\":\"de\",\"potentialAction\":[{\"@type\":\"ReadAction\",\"target\":[\"https:\\\/\\\/www.vitalibera.org\\\/community\\\/2026\\\/04\\\/03\\\/selbstbestimmung-ist-kein-geschenk-sie-ist-ein-weg\\\/\"]}]},{\"@type\":\"BreadcrumbList\",\"@id\":\"https:\\\/\\\/www.vitalibera.org\\\/community\\\/2026\\\/04\\\/03\\\/selbstbestimmung-ist-kein-geschenk-sie-ist-ein-weg\\\/#breadcrumb\",\"itemListElement\":[{\"@type\":\"ListItem\",\"position\":1,\"name\":\"Startseite\",\"item\":\"https:\\\/\\\/www.vitalibera.org\\\/community\\\/\"},{\"@type\":\"ListItem\",\"position\":2,\"name\":\"Selbstbestimmung ist kein Geschenk. Sie ist ein Weg\"}]},{\"@type\":\"WebSite\",\"@id\":\"https:\\\/\\\/www.vitalibera.org\\\/community\\\/#website\",\"url\":\"https:\\\/\\\/www.vitalibera.org\\\/community\\\/\",\"name\":\"vitalibera.org\",\"description\":\"Mit einer Einschr&auml;nkung gestaltet sich das Leben im Alltag oft schwieriger - hier berichten wir &uuml;ber unsere Erfahrungen und Hilfsmittel um den Alltag so unbeschwert und unkompliziert wie nur m&ouml;glich geniessen zu k&ouml;nnen. Dabei richten wir unseren Fokus gezielt auf Selbst&auml;ndigkeit, Eigenst&auml;ndigkeit und Selbstbestimmung.\",\"publisher\":{\"@id\":\"https:\\\/\\\/www.vitalibera.org\\\/community\\\/#organization\"},\"potentialAction\":[{\"@type\":\"SearchAction\",\"target\":{\"@type\":\"EntryPoint\",\"urlTemplate\":\"https:\\\/\\\/www.vitalibera.org\\\/community\\\/?s={search_term_string}\"},\"query-input\":{\"@type\":\"PropertyValueSpecification\",\"valueRequired\":true,\"valueName\":\"search_term_string\"}}],\"inLanguage\":\"de\"},{\"@type\":\"Organization\",\"@id\":\"https:\\\/\\\/www.vitalibera.org\\\/community\\\/#organization\",\"name\":\"vitalibera.org\",\"url\":\"https:\\\/\\\/www.vitalibera.org\\\/community\\\/\",\"logo\":{\"@type\":\"ImageObject\",\"inLanguage\":\"de\",\"@id\":\"https:\\\/\\\/www.vitalibera.org\\\/community\\\/#\\\/schema\\\/logo\\\/image\\\/\",\"url\":\"https:\\\/\\\/www.vitalibera.org\\\/community\\\/wp-content\\\/uploads\\\/2025\\\/09\\\/cropped-banner.png\",\"contentUrl\":\"https:\\\/\\\/www.vitalibera.org\\\/community\\\/wp-content\\\/uploads\\\/2025\\\/09\\\/cropped-banner.png\",\"width\":991,\"height\":150,\"caption\":\"vitalibera.org\"},\"image\":{\"@id\":\"https:\\\/\\\/www.vitalibera.org\\\/community\\\/#\\\/schema\\\/logo\\\/image\\\/\"},\"sameAs\":[\"https:\\\/\\\/www.facebook.com\\\/groups\\\/2997085857140235\"]},{\"@type\":\"Person\",\"@id\":\"https:\\\/\\\/www.vitalibera.org\\\/community\\\/#\\\/schema\\\/person\\\/6712387298421f222ff6d0a2e22c1534\",\"name\":\"Andreas Jecklin\",\"image\":{\"@type\":\"ImageObject\",\"inLanguage\":\"de\",\"@id\":\"https:\\\/\\\/secure.gravatar.com\\\/avatar\\\/ad516503a11cd5ca435acc9bb6523536?s=96\",\"url\":\"https:\\\/\\\/secure.gravatar.com\\\/avatar\\\/ad516503a11cd5ca435acc9bb6523536?s=96\",\"contentUrl\":\"https:\\\/\\\/secure.gravatar.com\\\/avatar\\\/ad516503a11cd5ca435acc9bb6523536?s=96\",\"caption\":\"Andreas Jecklin\"},\"description\":\"Manchen gab Gott die Kraft Dinge zu ver\u00e4ndern, mir gab er die Kraft zu ertragen was nicht mehr zu \u00e4ndern ist.\",\"url\":\"https:\\\/\\\/www.vitalibera.org\\\/community\\\/author\\\/andy77\\\/\"}]}<\/script>\r\n<!-- \/ Yoast SEO plugin. -->","yoast_head_json":{"title":"Selbstbestimmung ist kein Geschenk. Sie ist ein Weg - vitalibera.org","robots":{"index":"index","follow":"follow","max-snippet":"max-snippet:-1","max-image-preview":"max-image-preview:large","max-video-preview":"max-video-preview:-1"},"canonical":"https:\/\/www.vitalibera.org\/community\/2026\/04\/03\/selbstbestimmung-ist-kein-geschenk-sie-ist-ein-weg\/","og_locale":"de_DE","og_type":"article","og_title":"Selbstbestimmung ist kein Geschenk. Sie ist ein Weg - vitalibera.org","og_description":"Strategie: Das Leben nach einem neurologischen Schicksal zur\u00fcckerobern 1. Benennen, was verloren ging \u2013 um es zur\u00fcckzufordern Nicht als Klage, sondern als Anspruch. \u201eIch wei\u00df, was mir genommen wurde. Und ich wei\u00df, was mir geh\u00f6rt.\u201c 2. Den eigenen K\u00f6rper neu lesen Nicht als Feind, nicht als Baustelle. Als Terrain, das man wieder betritt, Schritt f\u00fcr ... Weiterlesen","og_url":"https:\/\/www.vitalibera.org\/community\/2026\/04\/03\/selbstbestimmung-ist-kein-geschenk-sie-ist-ein-weg\/","og_site_name":"vitalibera.org","article_publisher":"https:\/\/www.facebook.com\/groups\/2997085857140235","article_published_time":"2026-04-03T06:33:36+00:00","article_modified_time":"2026-04-03T06:43:09+00:00","og_image":[{"width":379,"height":448,"url":"https:\/\/www.vitalibera.org\/community\/wp-content\/uploads\/2026\/04\/schritt.png","type":"image\/png"}],"author":"Andreas Jecklin","twitter_card":"summary_large_image","twitter_misc":{"Verfasst von":"Andreas Jecklin","Gesch\u00e4tzte Lesezeit":"5\u00a0Minuten"},"schema":{"@context":"https:\/\/schema.org","@graph":[{"@type":"Article","@id":"https:\/\/www.vitalibera.org\/community\/2026\/04\/03\/selbstbestimmung-ist-kein-geschenk-sie-ist-ein-weg\/#article","isPartOf":{"@id":"https:\/\/www.vitalibera.org\/community\/2026\/04\/03\/selbstbestimmung-ist-kein-geschenk-sie-ist-ein-weg\/"},"author":{"name":"Andreas Jecklin","@id":"https:\/\/www.vitalibera.org\/community\/#\/schema\/person\/6712387298421f222ff6d0a2e22c1534"},"headline":"Selbstbestimmung ist kein Geschenk. Sie ist ein Weg","datePublished":"2026-04-03T06:33:36+00:00","dateModified":"2026-04-03T06:43:09+00:00","mainEntityOfPage":{"@id":"https:\/\/www.vitalibera.org\/community\/2026\/04\/03\/selbstbestimmung-ist-kein-geschenk-sie-ist-ein-weg\/"},"wordCount":836,"commentCount":0,"publisher":{"@id":"https:\/\/www.vitalibera.org\/community\/#organization"},"image":{"@id":"https:\/\/www.vitalibera.org\/community\/2026\/04\/03\/selbstbestimmung-ist-kein-geschenk-sie-ist-ein-weg\/#primaryimage"},"thumbnailUrl":"https:\/\/www.vitalibera.org\/community\/wp-content\/uploads\/2026\/04\/schritt.png","articleSection":["Eingeschr\u00e4nkt im Alltag","Hilfe f\u00fcr Angeh\u00f6rige","Strategien"],"inLanguage":"de","potentialAction":[{"@type":"CommentAction","name":"Comment","target":["https:\/\/www.vitalibera.org\/community\/2026\/04\/03\/selbstbestimmung-ist-kein-geschenk-sie-ist-ein-weg\/#respond"]}]},{"@type":"WebPage","@id":"https:\/\/www.vitalibera.org\/community\/2026\/04\/03\/selbstbestimmung-ist-kein-geschenk-sie-ist-ein-weg\/","url":"https:\/\/www.vitalibera.org\/community\/2026\/04\/03\/selbstbestimmung-ist-kein-geschenk-sie-ist-ein-weg\/","name":"Selbstbestimmung ist kein Geschenk. Sie ist ein Weg - vitalibera.org","isPartOf":{"@id":"https:\/\/www.vitalibera.org\/community\/#website"},"primaryImageOfPage":{"@id":"https:\/\/www.vitalibera.org\/community\/2026\/04\/03\/selbstbestimmung-ist-kein-geschenk-sie-ist-ein-weg\/#primaryimage"},"image":{"@id":"https:\/\/www.vitalibera.org\/community\/2026\/04\/03\/selbstbestimmung-ist-kein-geschenk-sie-ist-ein-weg\/#primaryimage"},"thumbnailUrl":"https:\/\/www.vitalibera.org\/community\/wp-content\/uploads\/2026\/04\/schritt.png","datePublished":"2026-04-03T06:33:36+00:00","dateModified":"2026-04-03T06:43:09+00:00","breadcrumb":{"@id":"https:\/\/www.vitalibera.org\/community\/2026\/04\/03\/selbstbestimmung-ist-kein-geschenk-sie-ist-ein-weg\/#breadcrumb"},"inLanguage":"de","potentialAction":[{"@type":"ReadAction","target":["https:\/\/www.vitalibera.org\/community\/2026\/04\/03\/selbstbestimmung-ist-kein-geschenk-sie-ist-ein-weg\/"]}]},{"@type":"BreadcrumbList","@id":"https:\/\/www.vitalibera.org\/community\/2026\/04\/03\/selbstbestimmung-ist-kein-geschenk-sie-ist-ein-weg\/#breadcrumb","itemListElement":[{"@type":"ListItem","position":1,"name":"Startseite","item":"https:\/\/www.vitalibera.org\/community\/"},{"@type":"ListItem","position":2,"name":"Selbstbestimmung ist kein Geschenk. Sie ist ein Weg"}]},{"@type":"WebSite","@id":"https:\/\/www.vitalibera.org\/community\/#website","url":"https:\/\/www.vitalibera.org\/community\/","name":"vitalibera.org","description":"Mit einer Einschr&auml;nkung gestaltet sich das Leben im Alltag oft schwieriger - hier berichten wir &uuml;ber unsere Erfahrungen und Hilfsmittel um den Alltag so unbeschwert und unkompliziert wie nur m&ouml;glich geniessen zu k&ouml;nnen. Dabei richten wir unseren Fokus gezielt auf Selbst&auml;ndigkeit, Eigenst&auml;ndigkeit und Selbstbestimmung.","publisher":{"@id":"https:\/\/www.vitalibera.org\/community\/#organization"},"potentialAction":[{"@type":"SearchAction","target":{"@type":"EntryPoint","urlTemplate":"https:\/\/www.vitalibera.org\/community\/?s={search_term_string}"},"query-input":{"@type":"PropertyValueSpecification","valueRequired":true,"valueName":"search_term_string"}}],"inLanguage":"de"},{"@type":"Organization","@id":"https:\/\/www.vitalibera.org\/community\/#organization","name":"vitalibera.org","url":"https:\/\/www.vitalibera.org\/community\/","logo":{"@type":"ImageObject","inLanguage":"de","@id":"https:\/\/www.vitalibera.org\/community\/#\/schema\/logo\/image\/","url":"https:\/\/www.vitalibera.org\/community\/wp-content\/uploads\/2025\/09\/cropped-banner.png","contentUrl":"https:\/\/www.vitalibera.org\/community\/wp-content\/uploads\/2025\/09\/cropped-banner.png","width":991,"height":150,"caption":"vitalibera.org"},"image":{"@id":"https:\/\/www.vitalibera.org\/community\/#\/schema\/logo\/image\/"},"sameAs":["https:\/\/www.facebook.com\/groups\/2997085857140235"]},{"@type":"Person","@id":"https:\/\/www.vitalibera.org\/community\/#\/schema\/person\/6712387298421f222ff6d0a2e22c1534","name":"Andreas Jecklin","image":{"@type":"ImageObject","inLanguage":"de","@id":"https:\/\/secure.gravatar.com\/avatar\/ad516503a11cd5ca435acc9bb6523536?s=96","url":"https:\/\/secure.gravatar.com\/avatar\/ad516503a11cd5ca435acc9bb6523536?s=96","contentUrl":"https:\/\/secure.gravatar.com\/avatar\/ad516503a11cd5ca435acc9bb6523536?s=96","caption":"Andreas Jecklin"},"description":"Manchen gab Gott die Kraft Dinge zu ver\u00e4ndern, mir gab er die Kraft zu ertragen was nicht mehr zu \u00e4ndern ist.","url":"https:\/\/www.vitalibera.org\/community\/author\/andy77\/"}]}},"jetpack_featured_media_url":"https:\/\/www.vitalibera.org\/community\/wp-content\/uploads\/2026\/04\/schritt.png","jetpack_sharing_enabled":true,"jetpack-related-posts":[],"_links":{"self":[{"href":"https:\/\/www.vitalibera.org\/community\/wp-json\/wp\/v2\/posts\/6492","targetHints":{"allow":["GET"]}}],"collection":[{"href":"https:\/\/www.vitalibera.org\/community\/wp-json\/wp\/v2\/posts"}],"about":[{"href":"https:\/\/www.vitalibera.org\/community\/wp-json\/wp\/v2\/types\/post"}],"author":[{"embeddable":true,"href":"https:\/\/www.vitalibera.org\/community\/wp-json\/wp\/v2\/users\/2"}],"replies":[{"embeddable":true,"href":"https:\/\/www.vitalibera.org\/community\/wp-json\/wp\/v2\/comments?post=6492"}],"version-history":[{"count":2,"href":"https:\/\/www.vitalibera.org\/community\/wp-json\/wp\/v2\/posts\/6492\/revisions"}],"predecessor-version":[{"id":6495,"href":"https:\/\/www.vitalibera.org\/community\/wp-json\/wp\/v2\/posts\/6492\/revisions\/6495"}],"wp:featuredmedia":[{"embeddable":true,"href":"https:\/\/www.vitalibera.org\/community\/wp-json\/wp\/v2\/media\/6493"}],"wp:attachment":[{"href":"https:\/\/www.vitalibera.org\/community\/wp-json\/wp\/v2\/media?parent=6492"}],"wp:term":[{"taxonomy":"category","embeddable":true,"href":"https:\/\/www.vitalibera.org\/community\/wp-json\/wp\/v2\/categories?post=6492"},{"taxonomy":"post_tag","embeddable":true,"href":"https:\/\/www.vitalibera.org\/community\/wp-json\/wp\/v2\/tags?post=6492"}],"curies":[{"name":"wp","href":"https:\/\/api.w.org\/{rel}","templated":true}]}}