{"id":6496,"date":"2026-04-03T13:41:12","date_gmt":"2026-04-03T11:41:12","guid":{"rendered":"https:\/\/www.vitalibera.org\/community\/?p=6496"},"modified":"2026-04-03T13:49:08","modified_gmt":"2026-04-03T11:49:08","slug":"unabhaengig-wohnen-nach-einem-neurologischem-schicksal","status":"publish","type":"post","link":"https:\/\/www.vitalibera.org\/community\/2026\/04\/03\/unabhaengig-wohnen-nach-einem-neurologischem-schicksal\/","title":{"rendered":"Unabh\u00e4ngig Wohnen nach einem neurologischem Schicksal"},"content":{"rendered":"\n<div class=\"wp-block-media-text is-stacked-on-mobile is-vertically-aligned-top\"><figure class=\"wp-block-media-text__media\"><img fetchpriority=\"high\" decoding=\"async\" width=\"610\" height=\"276\" src=\"https:\/\/www.vitalibera.org\/community\/wp-content\/uploads\/2026\/04\/homesweet.png\" alt=\"\" class=\"wp-image-6497 size-full\" srcset=\"https:\/\/www.vitalibera.org\/community\/wp-content\/uploads\/2026\/04\/homesweet.png 610w, https:\/\/www.vitalibera.org\/community\/wp-content\/uploads\/2026\/04\/homesweet-300x136.png 300w\" sizes=\"(max-width: 610px) 100vw, 610px\" \/><\/figure><div class=\"wp-block-media-text__content\">\n<p>Alleine zu wohnen <strong>nach einer neurologischen Erkrankung<\/strong> ist eine ganz eigene Kategorie von Alleinwohnen. Es ist nicht einfach &bdquo;ein Haushalt f&uuml;r sich&ldquo;, sondern ein &Uuml;bergang in ein neues Verh&auml;ltnis zu sich selbst, zum K&ouml;rper, zur Selbstst&auml;ndigkeit. Und es ist absolut legitim, dass dieser Gedanke gleichzeitig nach Freiheit und nach Risiko klingt.<\/p>\n\n\n\n<p><strong>Alleine wohnen nach einer <a href=\"https:\/\/www.vitalibera.org\/community\/enzyklopaedie\/hirnverletzung\/\" target=\"_self\" title=\"Eine Hirnverletzung (oft als&nbsp;Sch&auml;del-Hirn-Trauma, SHT) ist eine&nbsp;Sch&auml;digung des Gehirns, verursacht durch &auml;u&szlig;ere Gewalteinwirkung (Unfall, Sturz) oder innere Faktoren (Schlaganfall, Tumor). Sie f&uuml;hrt zu k&ouml;rperlichen, kognitiven und verhaltensbezogenen Einschr&auml;nkungen, die oft unsichtbar bleiben. Symptome reichen von Kopfschmerzen bis zu schweren Behinderungen. Wichtige Aspekte der Hirnverletzung: Ursachen:&nbsp;H&auml;ufig durch Schlaganf&auml;lle, Hirnblutungen, Sauerstoffmangel oder St&uuml;rze\/Verkehrsunf&auml;lle (Sch&auml;del-Hirn-Trauma). Formen (SHT):&nbsp;Unterscheidung in&hellip;\" class=\"encyclopedia\">Hirnverletzung<\/a> ist kein Beweis von St&auml;rke &ndash; es ist ein Prozess, der gestaltet werden darf.<\/strong><\/p>\n\n\n\n<p><\/p>\n<\/div><\/div>\n\n\n\n<h5 class=\"wp-block-heading\"><strong>Was sich ver&auml;ndert, wenn man nach einer neurologischen Erkrankung alleine wohnt<\/strong><\/h5>\n\n\n\n<ul class=\"wp-block-list\">\n<li><strong>Energie und Belastbarkeit<\/strong> sind anders verteilt. Dinge, die fr&uuml;her &bdquo;nebenbei&ldquo; liefen, brauchen heute Planung.<\/li>\n\n\n\n<li><strong>Reizverarbeitung<\/strong> kann schwieriger sein &ndash; aber alleine wohnen kann auch genau die Ruhe bieten, die das Nervensystem braucht.<\/li>\n\n\n\n<li><strong>Struktur<\/strong> wird wichtiger, weil sie Sicherheit gibt.<\/li>\n\n\n\n<li><strong>Selbstwirksamkeit<\/strong> wird sp&uuml;rbarer: Du merkst, was du kannst &ndash; und wo du Unterst&uuml;tzung einbauen willst, ohne dich abh&auml;ngig zu f&uuml;hlen.<\/li>\n\n\n\n<li><strong>Emotionale Wellen<\/strong> k&ouml;nnen st&auml;rker sein, weil man nicht st&auml;ndig abgelenkt ist. Das ist normal und kein Zeichen von &Uuml;berforderung.<\/li>\n<\/ul>\n\n\n\n<h5 class=\"wp-block-heading\"><strong>Was Alleinwohnen stabil macht &ndash; speziell nach neurologischer Erkrankung<\/strong><\/h5>\n\n\n\n<h6 class=\"wp-block-heading\"><strong>1. Routinen, die tragen statt &uuml;berfordern<\/strong><\/h6>\n\n\n\n<ul class=\"wp-block-list\">\n<li>Feste Morgen- und Abendanker<\/li>\n\n\n\n<li>Klare Essenszeiten<\/li>\n\n\n\n<li>Mini-Pausen, bevor das System kippt<\/li>\n\n\n\n<li>Sichtbare Erinnerungen (Whiteboard, Karten, Symbole)<\/li>\n<\/ul>\n\n\n\n<h6 class=\"wp-block-heading\"><strong>2. Unterst&uuml;tzung einbauen, ohne die Autonomie zu verlieren<\/strong><\/h6>\n\n\n\n<ul class=\"wp-block-list\">\n<li>Haushaltshilfe 1&times; pro Woche<\/li>\n\n\n\n<li>Einkaufslieferung<\/li>\n\n\n\n<li>Digitale Erinnerungen<\/li>\n\n\n\n<li>Menschen, die du aktiv einl&auml;dst, statt dass sie &bdquo;&uuml;ber dich wachen&ldquo;<\/li>\n<\/ul>\n\n\n\n<p>Das ist kein R&uuml;ckschritt, sondern ein Design-Element.<\/p>\n\n\n\n<h6 class=\"wp-block-heading\"><strong>3. Sicherheitsnetz, das nicht wie Kontrolle wirkt<\/strong><\/h6>\n\n\n\n<ul class=\"wp-block-list\">\n<li>Regelm&auml;&szlig;ige Check-ins mit einer vertrauten Person<\/li>\n\n\n\n<li>Klare Notfallstruktur (wen rufe ich an, wenn&hellip;)<\/li>\n\n\n\n<li>Medikamente und Termine sichtbar organisiert<\/li>\n\n\n\n<li>Ein Umfeld, das wei&szlig;, dass du selbstbestimmt lebst &ndash; nicht &bdquo;betreut&ldquo;<\/li>\n<\/ul>\n\n\n\n<h6 class=\"wp-block-heading\"><strong>4. Reizmanagement<\/strong><\/h6>\n\n\n\n<ul class=\"wp-block-list\">\n<li>Licht, das dich nicht &uuml;berfordert<\/li>\n\n\n\n<li>Zonen f&uuml;r Ruhe, Arbeit, Kreativit&auml;t<\/li>\n\n\n\n<li>Klare Ordnung, damit das Gehirn weniger Last tr&auml;gt<\/li>\n<\/ul>\n\n\n\n<h6 class=\"wp-block-heading\"><strong>5. Emotionale Stabilit&auml;t<\/strong><\/h6>\n\n\n\n<p>Alleinwohnen kann alte &Auml;ngste triggern: &bdquo;Was, wenn etwas passiert?&ldquo; Aber es kann auch ein unglaublicher Schritt in die eigene W&uuml;rde sein: &bdquo;Ich kann mein Leben gestalten.&ldquo;<\/p>\n\n\n\n<div class=\"wp-block-media-text is-stacked-on-mobile\"><figure class=\"wp-block-media-text__media\"><img decoding=\"async\" width=\"302\" height=\"277\" src=\"http:\/\/www.vitalibera.org\/community\/wp-content\/uploads\/2026\/03\/tip3.png\" alt=\"\" class=\"wp-image-6087 size-full\" srcset=\"https:\/\/www.vitalibera.org\/community\/wp-content\/uploads\/2026\/03\/tip3.png 302w, https:\/\/www.vitalibera.org\/community\/wp-content\/uploads\/2026\/03\/tip3-300x275.png 300w\" sizes=\"(max-width: 302px) 100vw, 302px\" \/><\/figure><div class=\"wp-block-media-text__content\">\n<p><strong>Alleine zu wohnen k&ouml;nnte f&uuml;r dich ein Raum werden, in dem du:<\/strong><\/p>\n\n\n\n<ul class=\"wp-block-list\">\n<li>deine Energie selbst einteilst<\/li>\n\n\n\n<li>deine Kreativit&auml;t ohne Reiz&uuml;berflutung entfalten kannst<\/li>\n\n\n\n<li>deine Selbstbestimmung zur&uuml;ckeroberst<\/li>\n\n\n\n<li>deine Routinen sichtbar und wirksam machst<\/li>\n\n\n\n<li>nicht mehr im &bdquo;Inklusions-Theater&ldquo; stehst, sondern in deinem eigenen Rhythmus<\/li>\n<\/ul>\n\n\n\n<p>Gleichzeitig darf es Angst machen. Das ist <strong>kein <\/strong>Zeichen von Schw&auml;che, sondern ein Zeichen, dass du bewusst planst.<\/p>\n<\/div><\/div>\n\n\n\n<p><\/p>\n\n\n\n<div class=\"wp-block-media-text is-stacked-on-mobile is-vertically-aligned-center\"><figure class=\"wp-block-media-text__media\"><img decoding=\"async\" width=\"352\" height=\"313\" src=\"http:\/\/www.vitalibera.org\/community\/wp-content\/uploads\/2026\/03\/moeglich.png\" alt=\"\" class=\"wp-image-6389 size-full\" srcset=\"https:\/\/www.vitalibera.org\/community\/wp-content\/uploads\/2026\/03\/moeglich.png 352w, https:\/\/www.vitalibera.org\/community\/wp-content\/uploads\/2026\/03\/moeglich-300x267.png 300w\" sizes=\"(max-width: 352px) 100vw, 352px\" \/><\/figure><div class=\"wp-block-media-text__content\">\n<p><strong>Das Sturzrisiko nach einer neurologischen Erkrankung ist nachweislich deutlich erh&ouml;ht &ndash; Studien zeigen, dass Menschen nach <a href=\"https:\/\/www.vitalibera.org\/community\/enzyklopaedie\/schlaganfall\/\" target=\"_self\" title=\"Ein Schlaganfall, auch Hirnschlag oder Apoplex genannt, ist eine&nbsp;pl&ouml;tzlich auftretende Durchblutungsst&ouml;rung im Gehirn, die dazu f&uuml;hrt, dass Gehirnzellen nicht mehr ausreichend mit Sauerstoff und N&auml;hrstoffen versorgt werden.&nbsp;Dies kann zu bleibenden Sch&auml;den oder sogar zum Absterben von Hirnzellen f&uuml;hren, wenn die Durchblutung nicht schnell wiederhergestellt wird.&nbsp; Einfach erkl&auml;rt: Stellen Sie sich vor, ein Teil Ihres Gehirns&hellip;\" class=\"encyclopedia\">Schlaganfall<\/a>, <a href=\"https:\/\/www.vitalibera.org\/community\/enzyklopaedie\/parkinson-2\/\" target=\"_self\" title=\"Parkinson ist eine&nbsp;chronisch fortschreitende neurodegenerative Erkrankung, die durch den fortschreitenden Verlust von Nervenzellen im Gehirn verursacht wird, was zu einem Mangel am Botenstoff Dopamin f&uuml;hrt.&nbsp;Dies &auml;u&szlig;ert sich prim&auml;r in Bewegungsst&ouml;rungen wie Zittern (Tremor), verlangsamten Bewegungen (Bradykinese), Muskelsteifheit (Rigor) und Gleichgewichtsst&ouml;rungen.&nbsp;Die Krankheit betrifft h&auml;ufig das extrapyramidal-motorische System und kann je nach Ursache als idiopathisches, genetisches, atypisches&hellip;\" class=\"encyclopedia\">Parkinson<\/a> oder anderen neurologischen Diagnosen wesentlich h&auml;ufiger st&uuml;rzen als gesunde Vergleichsgruppen.<\/strong><\/p>\n\n\n\n<p>Das bedeutet nicht, dass ein selbstbestimmtes Leben &ndash; auch alleine &ndash; unm&ouml;glich ist, sondern dass man die Risiken kennen und gezielt entsch&auml;rfen sollte.<\/p>\n<\/div><\/div>\n\n\n\n<h5 class=\"wp-block-heading\"><strong>Was du konkret tun kannst, um das Risiko zu senken<\/strong><\/h5>\n\n\n\n<h6 class=\"wp-block-heading\"><strong>1. Wohnumgebung sturzsicher machen<\/strong><\/h6>\n\n\n\n<ul class=\"wp-block-list\">\n<li>Klare Wege, keine Teppichkanten<\/li>\n\n\n\n<li>Gute Beleuchtung, besonders nachts<\/li>\n\n\n\n<li>Rutschfeste Matten im Bad<\/li>\n\n\n\n<li>Haltegriffe an neuralgischen Punkten<\/li>\n\n\n\n<li>M&ouml;bel so stellen, dass du dich orientieren kannst, ohne h&auml;ngen zu bleiben<\/li>\n<\/ul>\n\n\n\n<h6 class=\"wp-block-heading\"><strong>2. Gang- und Gleichgewichtstraining<\/strong><\/h6>\n\n\n\n<ul class=\"wp-block-list\">\n<li>Regelm&auml;&szlig;ige Physio<\/li>\n\n\n\n<li>Spezifische &Uuml;bungen f&uuml;r Gleichgewicht, Kraft und Reaktionsf&auml;higkeit<\/li>\n\n\n\n<li>Ger&auml;te oder Apps, die Feedback geben (z.&#8239;B. Balance- oder Ganganalysesysteme)<\/li>\n<\/ul>\n\n\n\n<h6 class=\"wp-block-heading\"><strong>3. Energie- und Reizmanagement<\/strong><\/h6>\n\n\n\n<ul class=\"wp-block-list\">\n<li>Pausen einplanen, bevor du m&uuml;de wirst<\/li>\n\n\n\n<li>Reizarme Zonen in der Wohnung<\/li>\n\n\n\n<li>T&auml;tigkeiten in kleine Schritte aufteilen<\/li>\n<\/ul>\n\n\n\n<h6 class=\"wp-block-heading\"><strong>4. Hilfsmittel ohne Stigma<\/strong><\/h6>\n\n\n\n<ul class=\"wp-block-list\">\n<li>Gehstock, Rollator oder Wandgriffe &ndash; nicht als &bdquo;Schw&auml;che&ldquo;, sondern als Design f&uuml;r Sicherheit<\/li>\n\n\n\n<li>Rutschfeste Schuhe<\/li>\n\n\n\n<li>Kleine Transporthilfen (Tablettwagen, K&ouml;rbchen)<\/li>\n<\/ul>\n\n\n\n<h6 class=\"wp-block-heading\"><strong>5. Check-ins &amp; Sicherheitsnetz<\/strong><\/h6>\n\n\n\n<ul class=\"wp-block-list\">\n<li>Regelm&auml;&szlig;ige Kontaktpunkte mit einer vertrauten Person<\/li>\n\n\n\n<li>Notfallplan sichtbar in der Wohnung<\/li>\n\n\n\n<li>Smartphone immer erreichbar<\/li>\n<\/ul>\n\n\n\n<div class=\"wp-block-media-text is-stacked-on-mobile\"><figure class=\"wp-block-media-text__media\"><img loading=\"lazy\" decoding=\"async\" width=\"259\" height=\"240\" src=\"http:\/\/www.vitalibera.org\/community\/wp-content\/uploads\/2026\/03\/dbc5972683099460054d3dbc8212a892-1.jpg\" alt=\"\" class=\"wp-image-6333 size-full\"><\/figure><div class=\"wp-block-media-text__content\">\n<p><strong>Weitere interessante Themen :<\/strong><br><br><a href=\"https:\/\/www.vitalibera.org\/community\/2025\/10\/12\/wohnen-mit-handicap\/\">Wohnen mit einem Handicap<\/a><\/p>\n\n\n\n<p><a href=\"https:\/\/www.vitalibera.org\/community\/2026\/03\/22\/wohnungssuche-mit-einer-einschraenkung\/\">Wohnungssuche mit einer Einschr&auml;nkung<\/a><\/p>\n\n\n\n<p><a href=\"https:\/\/www.vitalibera.org\/community\/2026\/01\/04\/alternativen-zu-pflegeheim-institutionen\/\">Alternativen zu Institutionen und Pflegeheimen<\/a><\/p>\n\n\n\n<p><a href=\"https:\/\/www.vitalibera.org\/community\/forum\/\">Zum vitalibera-Forum<\/a><\/p>\n\n\n\n<p><a href=\"https:\/\/www.facebook.com\/groups\/2997085857140235\" target=\"_blank\" rel=\"noreferrer noopener\">Zu unserer Facebook-Gruppe<\/a><\/p>\n<\/div><\/div>\n","protected":false},"excerpt":{"rendered":"<p>Alleine zu wohnen nach einer neurologischen Erkrankung ist eine ganz eigene Kategorie von Alleinwohnen. Es ist nicht einfach \u201eein Haushalt f\u00fcr sich\u201c, sondern ein \u00dcbergang in ein neues Verh\u00e4ltnis zu sich selbst, zum K\u00f6rper, zur Selbstst\u00e4ndigkeit. Und es ist absolut legitim, dass dieser Gedanke gleichzeitig nach Freiheit und nach Risiko klingt. Alleine wohnen nach einer &#8230; <a title=\"Unabh\u00e4ngig Wohnen nach einem neurologischem Schicksal\" class=\"read-more\" href=\"https:\/\/www.vitalibera.org\/community\/2026\/04\/03\/unabhaengig-wohnen-nach-einem-neurologischem-schicksal\/\" aria-label=\"Mehr Informationen \u00fcber Unabh\u00e4ngig Wohnen nach einem neurologischem Schicksal\">Weiterlesen<\/a><\/p>\n","protected":false},"author":2,"featured_media":6498,"comment_status":"open","ping_status":"open","sticky":false,"template":"","format":"standard","meta":{"cybocfi_hide_featured_image":"yes","_jetpack_memberships_contains_paid_content":false,"footnotes":""},"categories":[25,225],"tags":[],"class_list":["post-6496","post","type-post","status-publish","format-standard","has-post-thumbnail","hentry","category-eingeschraenkt-im-alltag","category-hilfe-fuer-angehoerige"],"yoast_head":"<!-- This site is optimized with the Yoast SEO plugin v27.4 - https:\/\/yoast.com\/product\/yoast-seo-wordpress\/ -->\r\n<title>Unabh\u00e4ngig Wohnen nach einem neurologischem Schicksal - vitalibera.org<\/title>\r\n<meta name=\"robots\" content=\"index, follow, max-snippet:-1, max-image-preview:large, max-video-preview:-1\" \/>\r\n<link rel=\"canonical\" href=\"https:\/\/www.vitalibera.org\/community\/2026\/04\/03\/unabhaengig-wohnen-nach-einem-neurologischem-schicksal\/\" \/>\r\n<meta property=\"og:locale\" content=\"de_DE\" \/>\r\n<meta property=\"og:type\" content=\"article\" \/>\r\n<meta property=\"og:title\" content=\"Unabh\u00e4ngig Wohnen nach einem neurologischem Schicksal - vitalibera.org\" \/>\r\n<meta property=\"og:description\" content=\"Alleine zu wohnen nach einer neurologischen Erkrankung ist eine ganz eigene Kategorie von Alleinwohnen. Es ist nicht einfach \u201eein Haushalt f\u00fcr sich\u201c, sondern ein \u00dcbergang in ein neues Verh\u00e4ltnis zu sich selbst, zum K\u00f6rper, zur Selbstst\u00e4ndigkeit. Und es ist absolut legitim, dass dieser Gedanke gleichzeitig nach Freiheit und nach Risiko klingt. Alleine wohnen nach einer ... Weiterlesen\" \/>\r\n<meta property=\"og:url\" content=\"https:\/\/www.vitalibera.org\/community\/2026\/04\/03\/unabhaengig-wohnen-nach-einem-neurologischem-schicksal\/\" \/>\r\n<meta property=\"og:site_name\" content=\"vitalibera.org\" \/>\r\n<meta property=\"article:publisher\" content=\"https:\/\/www.facebook.com\/groups\/2997085857140235\" \/>\r\n<meta property=\"article:published_time\" content=\"2026-04-03T11:41:12+00:00\" \/>\r\n<meta property=\"article:modified_time\" content=\"2026-04-03T11:49:08+00:00\" \/>\r\n<meta property=\"og:image\" content=\"https:\/\/www.vitalibera.org\/community\/wp-content\/uploads\/2026\/04\/homesweet5.png\" \/>\r\n\t<meta property=\"og:image:width\" content=\"688\" \/>\r\n\t<meta property=\"og:image:height\" content=\"462\" \/>\r\n\t<meta property=\"og:image:type\" content=\"image\/png\" \/>\r\n<meta name=\"author\" content=\"Andreas Jecklin\" \/>\r\n<meta name=\"twitter:card\" content=\"summary_large_image\" \/>\r\n<meta name=\"twitter:label1\" content=\"Verfasst von\" \/>\n\t<meta name=\"twitter:data1\" content=\"Andreas Jecklin\" \/>\n\t<meta name=\"twitter:label2\" content=\"Gesch\u00e4tzte Lesezeit\" \/>\n\t<meta name=\"twitter:data2\" content=\"5\u00a0Minuten\" \/>\r\n<script type=\"application\/ld+json\" class=\"yoast-schema-graph\">{\"@context\":\"https:\\\/\\\/schema.org\",\"@graph\":[{\"@type\":\"Article\",\"@id\":\"https:\\\/\\\/www.vitalibera.org\\\/community\\\/2026\\\/04\\\/03\\\/unabhaengig-wohnen-nach-einem-neurologischem-schicksal\\\/#article\",\"isPartOf\":{\"@id\":\"https:\\\/\\\/www.vitalibera.org\\\/community\\\/2026\\\/04\\\/03\\\/unabhaengig-wohnen-nach-einem-neurologischem-schicksal\\\/\"},\"author\":{\"name\":\"Andreas Jecklin\",\"@id\":\"https:\\\/\\\/www.vitalibera.org\\\/community\\\/#\\\/schema\\\/person\\\/6712387298421f222ff6d0a2e22c1534\"},\"headline\":\"Unabh\u00e4ngig Wohnen nach einem neurologischem Schicksal\",\"datePublished\":\"2026-04-03T11:41:12+00:00\",\"dateModified\":\"2026-04-03T11:49:08+00:00\",\"mainEntityOfPage\":{\"@id\":\"https:\\\/\\\/www.vitalibera.org\\\/community\\\/2026\\\/04\\\/03\\\/unabhaengig-wohnen-nach-einem-neurologischem-schicksal\\\/\"},\"wordCount\":600,\"commentCount\":0,\"publisher\":{\"@id\":\"https:\\\/\\\/www.vitalibera.org\\\/community\\\/#organization\"},\"image\":{\"@id\":\"https:\\\/\\\/www.vitalibera.org\\\/community\\\/2026\\\/04\\\/03\\\/unabhaengig-wohnen-nach-einem-neurologischem-schicksal\\\/#primaryimage\"},\"thumbnailUrl\":\"https:\\\/\\\/www.vitalibera.org\\\/community\\\/wp-content\\\/uploads\\\/2026\\\/04\\\/homesweet5.png\",\"articleSection\":[\"Eingeschr\u00e4nkt im Alltag\",\"Hilfe f\u00fcr Angeh\u00f6rige\"],\"inLanguage\":\"de\",\"potentialAction\":[{\"@type\":\"CommentAction\",\"name\":\"Comment\",\"target\":[\"https:\\\/\\\/www.vitalibera.org\\\/community\\\/2026\\\/04\\\/03\\\/unabhaengig-wohnen-nach-einem-neurologischem-schicksal\\\/#respond\"]}]},{\"@type\":\"WebPage\",\"@id\":\"https:\\\/\\\/www.vitalibera.org\\\/community\\\/2026\\\/04\\\/03\\\/unabhaengig-wohnen-nach-einem-neurologischem-schicksal\\\/\",\"url\":\"https:\\\/\\\/www.vitalibera.org\\\/community\\\/2026\\\/04\\\/03\\\/unabhaengig-wohnen-nach-einem-neurologischem-schicksal\\\/\",\"name\":\"Unabh\u00e4ngig Wohnen nach einem neurologischem Schicksal - vitalibera.org\",\"isPartOf\":{\"@id\":\"https:\\\/\\\/www.vitalibera.org\\\/community\\\/#website\"},\"primaryImageOfPage\":{\"@id\":\"https:\\\/\\\/www.vitalibera.org\\\/community\\\/2026\\\/04\\\/03\\\/unabhaengig-wohnen-nach-einem-neurologischem-schicksal\\\/#primaryimage\"},\"image\":{\"@id\":\"https:\\\/\\\/www.vitalibera.org\\\/community\\\/2026\\\/04\\\/03\\\/unabhaengig-wohnen-nach-einem-neurologischem-schicksal\\\/#primaryimage\"},\"thumbnailUrl\":\"https:\\\/\\\/www.vitalibera.org\\\/community\\\/wp-content\\\/uploads\\\/2026\\\/04\\\/homesweet5.png\",\"datePublished\":\"2026-04-03T11:41:12+00:00\",\"dateModified\":\"2026-04-03T11:49:08+00:00\",\"breadcrumb\":{\"@id\":\"https:\\\/\\\/www.vitalibera.org\\\/community\\\/2026\\\/04\\\/03\\\/unabhaengig-wohnen-nach-einem-neurologischem-schicksal\\\/#breadcrumb\"},\"inLanguage\":\"de\",\"potentialAction\":[{\"@type\":\"ReadAction\",\"target\":[\"https:\\\/\\\/www.vitalibera.org\\\/community\\\/2026\\\/04\\\/03\\\/unabhaengig-wohnen-nach-einem-neurologischem-schicksal\\\/\"]}]},{\"@type\":\"BreadcrumbList\",\"@id\":\"https:\\\/\\\/www.vitalibera.org\\\/community\\\/2026\\\/04\\\/03\\\/unabhaengig-wohnen-nach-einem-neurologischem-schicksal\\\/#breadcrumb\",\"itemListElement\":[{\"@type\":\"ListItem\",\"position\":1,\"name\":\"Startseite\",\"item\":\"https:\\\/\\\/www.vitalibera.org\\\/community\\\/\"},{\"@type\":\"ListItem\",\"position\":2,\"name\":\"Unabh\u00e4ngig Wohnen nach einem neurologischem Schicksal\"}]},{\"@type\":\"WebSite\",\"@id\":\"https:\\\/\\\/www.vitalibera.org\\\/community\\\/#website\",\"url\":\"https:\\\/\\\/www.vitalibera.org\\\/community\\\/\",\"name\":\"vitalibera.org\",\"description\":\"Mit einer Einschr&auml;nkung gestaltet sich das Leben im Alltag oft schwieriger - hier berichten wir &uuml;ber unsere Erfahrungen und Hilfsmittel um den Alltag so unbeschwert und unkompliziert wie nur m&ouml;glich geniessen zu k&ouml;nnen. Dabei richten wir unseren Fokus gezielt auf Selbst&auml;ndigkeit, Eigenst&auml;ndigkeit und Selbstbestimmung.\",\"publisher\":{\"@id\":\"https:\\\/\\\/www.vitalibera.org\\\/community\\\/#organization\"},\"potentialAction\":[{\"@type\":\"SearchAction\",\"target\":{\"@type\":\"EntryPoint\",\"urlTemplate\":\"https:\\\/\\\/www.vitalibera.org\\\/community\\\/?s={search_term_string}\"},\"query-input\":{\"@type\":\"PropertyValueSpecification\",\"valueRequired\":true,\"valueName\":\"search_term_string\"}}],\"inLanguage\":\"de\"},{\"@type\":\"Organization\",\"@id\":\"https:\\\/\\\/www.vitalibera.org\\\/community\\\/#organization\",\"name\":\"vitalibera.org\",\"url\":\"https:\\\/\\\/www.vitalibera.org\\\/community\\\/\",\"logo\":{\"@type\":\"ImageObject\",\"inLanguage\":\"de\",\"@id\":\"https:\\\/\\\/www.vitalibera.org\\\/community\\\/#\\\/schema\\\/logo\\\/image\\\/\",\"url\":\"https:\\\/\\\/www.vitalibera.org\\\/community\\\/wp-content\\\/uploads\\\/2025\\\/09\\\/cropped-banner.png\",\"contentUrl\":\"https:\\\/\\\/www.vitalibera.org\\\/community\\\/wp-content\\\/uploads\\\/2025\\\/09\\\/cropped-banner.png\",\"width\":991,\"height\":150,\"caption\":\"vitalibera.org\"},\"image\":{\"@id\":\"https:\\\/\\\/www.vitalibera.org\\\/community\\\/#\\\/schema\\\/logo\\\/image\\\/\"},\"sameAs\":[\"https:\\\/\\\/www.facebook.com\\\/groups\\\/2997085857140235\"]},{\"@type\":\"Person\",\"@id\":\"https:\\\/\\\/www.vitalibera.org\\\/community\\\/#\\\/schema\\\/person\\\/6712387298421f222ff6d0a2e22c1534\",\"name\":\"Andreas Jecklin\",\"image\":{\"@type\":\"ImageObject\",\"inLanguage\":\"de\",\"@id\":\"https:\\\/\\\/secure.gravatar.com\\\/avatar\\\/ad516503a11cd5ca435acc9bb6523536?s=96\",\"url\":\"https:\\\/\\\/secure.gravatar.com\\\/avatar\\\/ad516503a11cd5ca435acc9bb6523536?s=96\",\"contentUrl\":\"https:\\\/\\\/secure.gravatar.com\\\/avatar\\\/ad516503a11cd5ca435acc9bb6523536?s=96\",\"caption\":\"Andreas Jecklin\"},\"description\":\"Manchen gab Gott die Kraft Dinge zu ver\u00e4ndern, mir gab er die Kraft zu ertragen was nicht mehr zu \u00e4ndern ist.\",\"url\":\"https:\\\/\\\/www.vitalibera.org\\\/community\\\/author\\\/andy77\\\/\"}]}<\/script>\r\n<!-- \/ Yoast SEO plugin. -->","yoast_head_json":{"title":"Unabh\u00e4ngig Wohnen nach einem neurologischem Schicksal - vitalibera.org","robots":{"index":"index","follow":"follow","max-snippet":"max-snippet:-1","max-image-preview":"max-image-preview:large","max-video-preview":"max-video-preview:-1"},"canonical":"https:\/\/www.vitalibera.org\/community\/2026\/04\/03\/unabhaengig-wohnen-nach-einem-neurologischem-schicksal\/","og_locale":"de_DE","og_type":"article","og_title":"Unabh\u00e4ngig Wohnen nach einem neurologischem Schicksal - vitalibera.org","og_description":"Alleine zu wohnen nach einer neurologischen Erkrankung ist eine ganz eigene Kategorie von Alleinwohnen. Es ist nicht einfach \u201eein Haushalt f\u00fcr sich\u201c, sondern ein \u00dcbergang in ein neues Verh\u00e4ltnis zu sich selbst, zum K\u00f6rper, zur Selbstst\u00e4ndigkeit. Und es ist absolut legitim, dass dieser Gedanke gleichzeitig nach Freiheit und nach Risiko klingt. Alleine wohnen nach einer ... Weiterlesen","og_url":"https:\/\/www.vitalibera.org\/community\/2026\/04\/03\/unabhaengig-wohnen-nach-einem-neurologischem-schicksal\/","og_site_name":"vitalibera.org","article_publisher":"https:\/\/www.facebook.com\/groups\/2997085857140235","article_published_time":"2026-04-03T11:41:12+00:00","article_modified_time":"2026-04-03T11:49:08+00:00","og_image":[{"width":688,"height":462,"url":"https:\/\/www.vitalibera.org\/community\/wp-content\/uploads\/2026\/04\/homesweet5.png","type":"image\/png"}],"author":"Andreas Jecklin","twitter_card":"summary_large_image","twitter_misc":{"Verfasst von":"Andreas Jecklin","Gesch\u00e4tzte Lesezeit":"5\u00a0Minuten"},"schema":{"@context":"https:\/\/schema.org","@graph":[{"@type":"Article","@id":"https:\/\/www.vitalibera.org\/community\/2026\/04\/03\/unabhaengig-wohnen-nach-einem-neurologischem-schicksal\/#article","isPartOf":{"@id":"https:\/\/www.vitalibera.org\/community\/2026\/04\/03\/unabhaengig-wohnen-nach-einem-neurologischem-schicksal\/"},"author":{"name":"Andreas Jecklin","@id":"https:\/\/www.vitalibera.org\/community\/#\/schema\/person\/6712387298421f222ff6d0a2e22c1534"},"headline":"Unabh\u00e4ngig Wohnen nach einem neurologischem Schicksal","datePublished":"2026-04-03T11:41:12+00:00","dateModified":"2026-04-03T11:49:08+00:00","mainEntityOfPage":{"@id":"https:\/\/www.vitalibera.org\/community\/2026\/04\/03\/unabhaengig-wohnen-nach-einem-neurologischem-schicksal\/"},"wordCount":600,"commentCount":0,"publisher":{"@id":"https:\/\/www.vitalibera.org\/community\/#organization"},"image":{"@id":"https:\/\/www.vitalibera.org\/community\/2026\/04\/03\/unabhaengig-wohnen-nach-einem-neurologischem-schicksal\/#primaryimage"},"thumbnailUrl":"https:\/\/www.vitalibera.org\/community\/wp-content\/uploads\/2026\/04\/homesweet5.png","articleSection":["Eingeschr\u00e4nkt im Alltag","Hilfe f\u00fcr Angeh\u00f6rige"],"inLanguage":"de","potentialAction":[{"@type":"CommentAction","name":"Comment","target":["https:\/\/www.vitalibera.org\/community\/2026\/04\/03\/unabhaengig-wohnen-nach-einem-neurologischem-schicksal\/#respond"]}]},{"@type":"WebPage","@id":"https:\/\/www.vitalibera.org\/community\/2026\/04\/03\/unabhaengig-wohnen-nach-einem-neurologischem-schicksal\/","url":"https:\/\/www.vitalibera.org\/community\/2026\/04\/03\/unabhaengig-wohnen-nach-einem-neurologischem-schicksal\/","name":"Unabh\u00e4ngig Wohnen nach einem neurologischem Schicksal - vitalibera.org","isPartOf":{"@id":"https:\/\/www.vitalibera.org\/community\/#website"},"primaryImageOfPage":{"@id":"https:\/\/www.vitalibera.org\/community\/2026\/04\/03\/unabhaengig-wohnen-nach-einem-neurologischem-schicksal\/#primaryimage"},"image":{"@id":"https:\/\/www.vitalibera.org\/community\/2026\/04\/03\/unabhaengig-wohnen-nach-einem-neurologischem-schicksal\/#primaryimage"},"thumbnailUrl":"https:\/\/www.vitalibera.org\/community\/wp-content\/uploads\/2026\/04\/homesweet5.png","datePublished":"2026-04-03T11:41:12+00:00","dateModified":"2026-04-03T11:49:08+00:00","breadcrumb":{"@id":"https:\/\/www.vitalibera.org\/community\/2026\/04\/03\/unabhaengig-wohnen-nach-einem-neurologischem-schicksal\/#breadcrumb"},"inLanguage":"de","potentialAction":[{"@type":"ReadAction","target":["https:\/\/www.vitalibera.org\/community\/2026\/04\/03\/unabhaengig-wohnen-nach-einem-neurologischem-schicksal\/"]}]},{"@type":"BreadcrumbList","@id":"https:\/\/www.vitalibera.org\/community\/2026\/04\/03\/unabhaengig-wohnen-nach-einem-neurologischem-schicksal\/#breadcrumb","itemListElement":[{"@type":"ListItem","position":1,"name":"Startseite","item":"https:\/\/www.vitalibera.org\/community\/"},{"@type":"ListItem","position":2,"name":"Unabh\u00e4ngig Wohnen nach einem neurologischem Schicksal"}]},{"@type":"WebSite","@id":"https:\/\/www.vitalibera.org\/community\/#website","url":"https:\/\/www.vitalibera.org\/community\/","name":"vitalibera.org","description":"Mit einer Einschr&auml;nkung gestaltet sich das Leben im Alltag oft schwieriger - hier berichten wir &uuml;ber unsere Erfahrungen und Hilfsmittel um den Alltag so unbeschwert und unkompliziert wie nur m&ouml;glich geniessen zu k&ouml;nnen. Dabei richten wir unseren Fokus gezielt auf Selbst&auml;ndigkeit, Eigenst&auml;ndigkeit und Selbstbestimmung.","publisher":{"@id":"https:\/\/www.vitalibera.org\/community\/#organization"},"potentialAction":[{"@type":"SearchAction","target":{"@type":"EntryPoint","urlTemplate":"https:\/\/www.vitalibera.org\/community\/?s={search_term_string}"},"query-input":{"@type":"PropertyValueSpecification","valueRequired":true,"valueName":"search_term_string"}}],"inLanguage":"de"},{"@type":"Organization","@id":"https:\/\/www.vitalibera.org\/community\/#organization","name":"vitalibera.org","url":"https:\/\/www.vitalibera.org\/community\/","logo":{"@type":"ImageObject","inLanguage":"de","@id":"https:\/\/www.vitalibera.org\/community\/#\/schema\/logo\/image\/","url":"https:\/\/www.vitalibera.org\/community\/wp-content\/uploads\/2025\/09\/cropped-banner.png","contentUrl":"https:\/\/www.vitalibera.org\/community\/wp-content\/uploads\/2025\/09\/cropped-banner.png","width":991,"height":150,"caption":"vitalibera.org"},"image":{"@id":"https:\/\/www.vitalibera.org\/community\/#\/schema\/logo\/image\/"},"sameAs":["https:\/\/www.facebook.com\/groups\/2997085857140235"]},{"@type":"Person","@id":"https:\/\/www.vitalibera.org\/community\/#\/schema\/person\/6712387298421f222ff6d0a2e22c1534","name":"Andreas Jecklin","image":{"@type":"ImageObject","inLanguage":"de","@id":"https:\/\/secure.gravatar.com\/avatar\/ad516503a11cd5ca435acc9bb6523536?s=96","url":"https:\/\/secure.gravatar.com\/avatar\/ad516503a11cd5ca435acc9bb6523536?s=96","contentUrl":"https:\/\/secure.gravatar.com\/avatar\/ad516503a11cd5ca435acc9bb6523536?s=96","caption":"Andreas Jecklin"},"description":"Manchen gab Gott die Kraft Dinge zu ver\u00e4ndern, mir gab er die Kraft zu ertragen was nicht mehr zu \u00e4ndern ist.","url":"https:\/\/www.vitalibera.org\/community\/author\/andy77\/"}]}},"jetpack_featured_media_url":"https:\/\/www.vitalibera.org\/community\/wp-content\/uploads\/2026\/04\/homesweet5.png","jetpack_sharing_enabled":true,"jetpack-related-posts":[],"_links":{"self":[{"href":"https:\/\/www.vitalibera.org\/community\/wp-json\/wp\/v2\/posts\/6496","targetHints":{"allow":["GET"]}}],"collection":[{"href":"https:\/\/www.vitalibera.org\/community\/wp-json\/wp\/v2\/posts"}],"about":[{"href":"https:\/\/www.vitalibera.org\/community\/wp-json\/wp\/v2\/types\/post"}],"author":[{"embeddable":true,"href":"https:\/\/www.vitalibera.org\/community\/wp-json\/wp\/v2\/users\/2"}],"replies":[{"embeddable":true,"href":"https:\/\/www.vitalibera.org\/community\/wp-json\/wp\/v2\/comments?post=6496"}],"version-history":[{"count":2,"href":"https:\/\/www.vitalibera.org\/community\/wp-json\/wp\/v2\/posts\/6496\/revisions"}],"predecessor-version":[{"id":6500,"href":"https:\/\/www.vitalibera.org\/community\/wp-json\/wp\/v2\/posts\/6496\/revisions\/6500"}],"wp:featuredmedia":[{"embeddable":true,"href":"https:\/\/www.vitalibera.org\/community\/wp-json\/wp\/v2\/media\/6498"}],"wp:attachment":[{"href":"https:\/\/www.vitalibera.org\/community\/wp-json\/wp\/v2\/media?parent=6496"}],"wp:term":[{"taxonomy":"category","embeddable":true,"href":"https:\/\/www.vitalibera.org\/community\/wp-json\/wp\/v2\/categories?post=6496"},{"taxonomy":"post_tag","embeddable":true,"href":"https:\/\/www.vitalibera.org\/community\/wp-json\/wp\/v2\/tags?post=6496"}],"curies":[{"name":"wp","href":"https:\/\/api.w.org\/{rel}","templated":true}]}}