{"id":6502,"date":"2026-04-03T21:37:51","date_gmt":"2026-04-03T19:37:51","guid":{"rendered":"https:\/\/www.vitalibera.org\/community\/?p=6502"},"modified":"2026-04-03T21:44:19","modified_gmt":"2026-04-03T19:44:19","slug":"mein-leben-meine-regeln-love-it-or-leave-it","status":"publish","type":"post","link":"https:\/\/www.vitalibera.org\/community\/2026\/04\/03\/mein-leben-meine-regeln-love-it-or-leave-it\/","title":{"rendered":"Mein Leben &#8211; Meine Regeln &#8211; Love it, or leave it"},"content":{"rendered":"\n<div class=\"wp-block-media-text is-stacked-on-mobile\"><figure class=\"wp-block-media-text__media\"><img fetchpriority=\"high\" decoding=\"async\" width=\"556\" height=\"515\" src=\"https:\/\/www.vitalibera.org\/community\/wp-content\/uploads\/2026\/04\/sad.png\" alt=\"\" class=\"wp-image-6505 size-full\" srcset=\"https:\/\/www.vitalibera.org\/community\/wp-content\/uploads\/2026\/04\/sad.png 556w, https:\/\/www.vitalibera.org\/community\/wp-content\/uploads\/2026\/04\/sad-300x278.png 300w\" sizes=\"(max-width: 556px) 100vw, 556px\" \/><\/figure><div class=\"wp-block-media-text__content\">\n<p><strong>PFLEGEHEIM? NEIN DANKE.<\/strong><\/p>\n\n\n\n<ul class=\"wp-block-list\">\n<li><strong>Ich lasse mich nicht verwalten.<\/strong> <strong>Ich lebe. Ich entscheide. Ich geh&ouml;re nicht ins System.<\/strong><\/li>\n\n\n\n<li><strong>Ich bin kein Fall.<\/strong> <strong>Ich bin kein Bettplatz.<\/strong> <strong>Ich bin Selbstbestimmend!<\/strong><\/li>\n\n\n\n<li><strong>Ich bestehe auf meine Menschenw&uuml;rde<\/strong><\/li>\n\n\n\n<li><strong>Ich geh&ouml;re mir &ndash; niemand schreibt meine Zukunft f&uuml;r mich.<\/strong><\/li>\n<\/ul>\n<\/div><\/div>\n\n\n\n<p><strong>Je nach Schwere der neurologischen Erkrankung ist selbst&auml;ndiges Wohnen nicht m&ouml;glich.<\/strong> <strong>So sagt man.<\/strong> <strong>Wir sagen:<\/strong> <strong>Selbstbestimmung hat mehr Formen als eure Schubladen.<\/strong> <strong>Und Freiheit endet nicht dort, wo eure Fantasie aufh&ouml;rt.<\/strong><\/p>\n\n\n\n<p>Deshalb stellen wir das System in Frage und fordern sowohl die Gesellschaft wie auch die Politik zu einem Umdenken auf!<\/p>\n\n\n\n<p><strong>Unser Forderungskatalog<\/strong>:<\/p>\n\n\n\n<h5 class=\"wp-block-heading\"><strong>1. Recht auf selbstbestimmtes Wohnen<\/strong><\/h5>\n\n\n\n<ul class=\"wp-block-list\">\n<li>Gesetzliche Verankerung eines <strong>Anspruchs auf selbstbestimmte Wohnformen<\/strong> f&uuml;r Menschen mit Behinderungen und Pflegebedarf.<\/li>\n\n\n\n<li>Abschaffung von Regelungen, die Menschen aus Kostengr&uuml;nden in station&auml;re E<a href=\"https:\/\/www.vitalibera.org\/community\/enzyklopaedie\/inr\/\" target=\"_self\" title=\"Die&nbsp;International Normalized Ratio (INR)&nbsp;ist ein&nbsp;weltweit standardisierter Laborwert zur Messung der Blutgerinnungszeit, insbesondere bei der Einnahme von Gerinnungshemmern wie Marcumar. Ein INR-Wert um 1,0 ist normal, w&auml;hrend bei einer Therapie meist Werte zwischen 2,0 und 3,5 angestrebt werden, um Thrombosen zu verhindern.\" class=\"encyclopedia\">inr<\/a>ichtungen dr&auml;ngen.<\/li>\n\n\n\n<li>Priorisierung ambulanter und gemeinwesenorientierter Wohnmodelle in allen kantonalen und nationalen F&ouml;rderprogrammen.<\/li>\n<\/ul>\n\n\n\n<h5 class=\"wp-block-heading\"><strong>2. Pers&ouml;nliche Assistenz als Grundrecht<\/strong><\/h5>\n\n\n\n<ul class=\"wp-block-list\">\n<li>Bundesweit garantierter Zugang zu <strong>Pers&ouml;nlicher Assistenz<\/strong>, unabh&auml;ngig von Einkommen, Verm&ouml;gen oder Wohnort.<\/li>\n\n\n\n<li>Ausreichende Finanzierung, die tats&auml;chliche Lebensrealit&auml;ten abbildet &ndash; inklusive Nachtassistenz, Sozialteilhabe und beruflicher Teilhabe.<\/li>\n\n\n\n<li>Unabh&auml;ngige Beratungsstellen, die nicht von Heimbetreibern oder Ko<a href=\"https:\/\/www.vitalibera.org\/community\/enzyklopaedie\/stent\/\" target=\"_self\" title=\"Ein Stent ist eine&nbsp;k&uuml;nstliche, r&ouml;hrenf&ouml;rmige Gef&auml;&szlig;st&uuml;tze aus Metall oder Kunstfasern, die in ein verengtes oder verschlossenes Blutgef&auml;&szlig; (oder ein anderes Hohlorgan) eingesetzt wird, um es dauerhaft offen zu halten und den Blutfluss zu erm&ouml;glichen.&nbsp;Die Implantation erfolgt meist im Rahmen eines Herzkatheter-Eingriffs unter lokaler Bet&auml;ubung, bei dem ein Ballon die Verengung erweitert und der Stent dann&hellip;\" class=\"encyclopedia\">stent<\/a>r&auml;gern beeinflusst sind.<\/li>\n<\/ul>\n\n\n\n<h5 class=\"wp-block-heading\"><strong>3. Umbau der Finanzierungssysteme<\/strong><\/h5>\n\n\n\n<ul class=\"wp-block-list\">\n<li>Einf&uuml;hrung eines <strong>&bdquo;Selbstbestimmungsbudgets&ldquo;<\/strong>, das Menschen erm&ouml;glicht, Assistenz, Wohnen und Teilhabe frei zu organisieren.<\/li>\n\n\n\n<li>Abschaffung von Fehlanreizen, die station&auml;re Verwahrung finanziell beg&uuml;nstigen.<\/li>\n\n\n\n<li>Transparente Kostenstrukturen und j&auml;hrliche Berichte &uuml;ber Mittelverwendung im Bereich Pflege und Behindertenhilfe.<\/li>\n<\/ul>\n\n\n\n<h5 class=\"wp-block-heading\"><strong>4. Abbau institutioneller Pflegeheime<\/strong><\/h5>\n\n\n\n<ul class=\"wp-block-list\">\n<li>Keine Neu- oder Erweiterungsbauten von gro&szlig;en station&auml;ren E<a href=\"https:\/\/www.vitalibera.org\/community\/enzyklopaedie\/inr\/\" target=\"_self\" title=\"Die&nbsp;International Normalized Ratio (INR)&nbsp;ist ein&nbsp;weltweit standardisierter Laborwert zur Messung der Blutgerinnungszeit, insbesondere bei der Einnahme von Gerinnungshemmern wie Marcumar. Ein INR-Wert um 1,0 ist normal, w&auml;hrend bei einer Therapie meist Werte zwischen 2,0 und 3,5 angestrebt werden, um Thrombosen zu verhindern.\" class=\"encyclopedia\">inr<\/a>ichtungen.<\/li>\n\n\n\n<li>Schrittweiser R&uuml;ckbau bestehender Heime zugunsten kleiner, dezentraler, inklusiver Wohnformen.<\/li>\n\n\n\n<li>Verpflichtende Beteiligung von Betroffenen an allen Strukturreformen.<\/li>\n<\/ul>\n\n\n\n<h5 class=\"wp-block-heading\"><strong>5. Faire Arbeitsbedingungen in Pflege und Assistenz<\/strong><\/h5>\n\n\n\n<ul class=\"wp-block-list\">\n<li>Deutliche Verbesserung der L&ouml;hne, Arbeitszeiten und Ausbildungsm&ouml;glichkeiten f&uuml;r Pflege- und Assistenzkr&auml;fte.<\/li>\n\n\n\n<li>F&ouml;rderung von Assistenz als eigenst&auml;ndiges Berufsbild mit klaren Standards.<\/li>\n\n\n\n<li>Schutz vor &Uuml;berlastung durch verbindliche Personalschl&uuml;ssel.<\/li>\n<\/ul>\n\n\n\n<h5 class=\"wp-block-heading\"><strong>6. Barrierefreiheit als gesetzlicher Standard<\/strong><\/h5>\n\n\n\n<ul class=\"wp-block-list\">\n<li>Verbindliche Umsetzung von baulicher, digitaler und kommunikativer Barrierefreiheit in allen &ouml;ffentlichen und privaten E<a href=\"https:\/\/www.vitalibera.org\/community\/enzyklopaedie\/inr\/\" target=\"_self\" title=\"Die&nbsp;International Normalized Ratio (INR)&nbsp;ist ein&nbsp;weltweit standardisierter Laborwert zur Messung der Blutgerinnungszeit, insbesondere bei der Einnahme von Gerinnungshemmern wie Marcumar. Ein INR-Wert um 1,0 ist normal, w&auml;hrend bei einer Therapie meist Werte zwischen 2,0 und 3,5 angestrebt werden, um Thrombosen zu verhindern.\" class=\"encyclopedia\">inr<\/a>ichtungen.<\/li>\n\n\n\n<li>Sanktionen bei Nichteinhaltung und F&ouml;rderprogramme f&uuml;r barrierefreie Modernisierung.<\/li>\n\n\n\n<li>Verpflichtende Barrierefreiheitskonzepte f&uuml;r Gemeinden und Kantone.<\/li>\n<\/ul>\n\n\n\n<h5 class=\"wp-block-heading\"><strong>7. St&auml;rkung von Peer-Strukturen<\/strong><\/h5>\n\n\n\n<ul class=\"wp-block-list\">\n<li>Finanzierung von Peer-Beratungsstellen, Selbstvertretungsorganisationen und Betroffenenr&auml;ten.<\/li>\n\n\n\n<li>Gesetzliche Verankerung von <strong>&bdquo;Nothing about us without us&ldquo;<\/strong> in allen Entscheidungsprozessen.<\/li>\n\n\n\n<li>Beteiligung von Menschen mit Behinderungen in politischen Gremien, Aufsichtsr&auml;ten und Qualit&auml;tskommissionen.<\/li>\n<\/ul>\n\n\n\n<h5 class=\"wp-block-heading\"><strong>8. Transparenz, Kontrolle und Menschenrechte<\/strong><\/h5>\n\n\n\n<ul class=\"wp-block-list\">\n<li>Unabh&auml;ngige Kontrollinstanzen f&uuml;r Pflegee<a href=\"https:\/\/www.vitalibera.org\/community\/enzyklopaedie\/inr\/\" target=\"_self\" title=\"Die&nbsp;International Normalized Ratio (INR)&nbsp;ist ein&nbsp;weltweit standardisierter Laborwert zur Messung der Blutgerinnungszeit, insbesondere bei der Einnahme von Gerinnungshemmern wie Marcumar. Ein INR-Wert um 1,0 ist normal, w&auml;hrend bei einer Therapie meist Werte zwischen 2,0 und 3,5 angestrebt werden, um Thrombosen zu verhindern.\" class=\"encyclopedia\">inr<\/a>ichtungen mit unangek&uuml;ndigten Pr&uuml;fungen.<\/li>\n\n\n\n<li>Verpflichtende Ver&ouml;ffentlichung von Qualit&auml;tsberichten.<\/li>\n\n\n\n<li>Klare Menschenrechtsstandards, die Zwang, Fixierung und Entm&uuml;ndigung ausschlie&szlig;en.<\/li>\n<\/ul>\n\n\n\n<h5 class=\"wp-block-heading\"><strong>9. &Ouml;ffentliche Aufkl&auml;rung und Bewusstseinswandel<\/strong><\/h5>\n\n\n\n<ul class=\"wp-block-list\">\n<li>Nationale Kampagnen zu Rechten, Alternativen und Selbstbestimmung.<\/li>\n\n\n\n<li>Aufkl&auml;rung &uuml;ber diskriminierende Strukturen in traditionellen Heimsystemen.<\/li>\n\n\n\n<li>F&ouml;rderung inklusiver Nachbarschaften, Vereine und Kulturangebote.<\/li>\n<\/ul>\n\n\n\n<h5 class=\"wp-block-heading\"><strong>10. Gesellschaftliche Verantwortung statt Auslagerung<\/strong><\/h5>\n\n\n\n<p>F&ouml;rderung von Co-Housing, inklusiven Wohngemeinschaften und gemeinschaftlichen Wohnprojekten.ungskatalog<\/p>\n\n\n\n<p>Kommunen und Kantone m&uuml;ssen Verantwortung &uuml;bernehmen, statt Menschen in Institutionen abzuschieben.<\/p>\n\n\n\n<p>Aufbau lokaler Unterst&uuml;tzungsnetzwerke, die Teilhabe erm&ouml;glichen.<\/p>\n\n\n\n<div class=\"wp-block-media-text is-stacked-on-mobile is-vertically-aligned-top\"><figure class=\"wp-block-media-text__media\"><img decoding=\"async\" width=\"468\" height=\"531\" src=\"https:\/\/www.vitalibera.org\/community\/wp-content\/uploads\/2026\/04\/angry.png\" alt=\"\" class=\"wp-image-6503 size-full\" srcset=\"https:\/\/www.vitalibera.org\/community\/wp-content\/uploads\/2026\/04\/angry.png 468w, https:\/\/www.vitalibera.org\/community\/wp-content\/uploads\/2026\/04\/angry-264x300.png 264w\" sizes=\"(max-width: 468px) 100vw, 468px\" \/><\/figure><div class=\"wp-block-media-text__content\">\n<p class=\"has-medium-font-size\"><strong>Negative Stimmen von Bewohnern<\/strong><\/p>\n\n\n\n<ul class=\"wp-block-list\">\n<li><strong>&ldquo;Ich hatte ein Zimmer. Kein Leben.&ldquo;<\/strong><\/li>\n\n\n\n<li><strong>&bdquo;Man sprach &uuml;ber mich. Nicht mit mir.&ldquo;<\/strong><\/li>\n\n\n\n<li><strong>&bdquo;Ich war verwahrt, nicht begleitet.&ldquo;<\/strong><\/li>\n\n\n\n<li><strong>&bdquo;Mein Alltag war ein Ablaufplan, kein Zuhause.&ldquo;<\/strong><\/li>\n\n\n\n<li><strong>&bdquo;Ich wurde versorgt &ndash; aber nicht gesehen.&ldquo;<\/strong><\/li>\n\n\n\n<li><strong>&bdquo;Ich war ein Bettplatz mit Kostenstelle.&ldquo;<\/strong><\/li>\n\n\n\n<li><strong>&bdquo;Freiheit war ein Ausnahmezustand.&ldquo;<\/strong><\/li>\n\n\n\n<li><strong>&bdquo;Ich musste funktionieren, damit das System funktioniert.&ldquo;<\/strong><\/li>\n<\/ul>\n\n\n\n<h5 class=\"wp-block-heading\"><strong>Negative Stimmen von Pflegekr&auml;ften <\/strong><\/h5>\n\n\n\n<ul class=\"wp-block-list\">\n<li><strong>&bdquo;Wir pflegen nicht zu wenig &ndash; wir haben zu wenig Zeit zum Pflegen.&ldquo;<\/strong><\/li>\n\n\n\n<li><strong>&bdquo;Ich will Menschen begleiten, nicht Akkordarbeit leisten.&ldquo;<\/strong><\/li>\n\n\n\n<li><strong>&bdquo;Wir wissen, was gut w&auml;re &ndash; aber das System l&auml;sst es nicht zu.&ldquo;<\/strong><\/li>\n\n\n\n<li><strong>&bdquo;Ich sehe die Bewohner. Aber ich darf mir keine Zeit f&uuml;r sie nehmen.&ldquo;<\/strong><\/li>\n\n\n\n<li><strong>&bdquo;Wir verwalten Mangel, nicht Bed&uuml;rfnisse.&ldquo;<\/strong><\/li>\n\n\n\n<li><strong>&bdquo;Ich gehe jeden Tag mit schlechtem Gewissen nach Hause.&ldquo;<\/strong><\/li>\n\n\n\n<li><strong>&bdquo;Wir brennen aus, bevor wir helfen k&ouml;nnen.&ldquo;<\/strong><\/li>\n\n\n\n<li><strong>&bdquo;Das Problem sind nicht die Menschen &ndash; es ist die Struktur.&ldquo;<\/strong><\/li>\n<\/ul>\n<\/div><\/div>\n\n\n\n<div class=\"wp-block-media-text is-stacked-on-mobile is-vertically-aligned-top\"><figure class=\"wp-block-media-text__media\"><img decoding=\"async\" width=\"259\" height=\"240\" src=\"http:\/\/www.vitalibera.org\/community\/wp-content\/uploads\/2026\/03\/dbc5972683099460054d3dbc8212a892-1.jpg\" alt=\"\" class=\"wp-image-6333 size-full\"><\/figure><div class=\"wp-block-media-text__content\">\n<p><strong>Weiterf&uuml;hrende Informationen<\/strong><\/p>\n\n\n\n<ul class=\"wp-block-list\">\n<li><a href=\"https:\/\/www.vitalibera.org\/community\/2026\/01\/04\/alternativen-zu-pflegeheim-institutionen\/\">Alternativen zu Institutionen und Pflegeheimen<\/a><\/li>\n\n\n\n<li><a href=\"https:\/\/www.vitalibera.org\/community\/2026\/04\/03\/selbstbestimmung-ist-kein-geschenk-sie-ist-ein-weg\/\">Selbstbestimmung ist kein Geschenk. Sie ist ein Weg<\/a><\/li>\n\n\n\n<li><a href=\"https:\/\/www.vitalibera.org\/community\/2026\/03\/26\/nach-dem-schicksalsschlag-neue-wege-gehen\/\">Nach dem Schicksalsschlag neue Wege gehen<\/a><\/li>\n\n\n\n<li><a href=\"https:\/\/www.vitalibera.org\/community\/2026\/03\/25\/ich-will-mein-leben-zurueck\/\">Ich will mein Leben zur&uuml;ck!<\/a><\/li>\n\n\n\n<li><a href=\"https:\/\/www.vitalibera.org\/community\/2026\/03\/06\/rueckgewinnung-von-motivation-und-lebenswille\/\">R&uuml;ckgewinnung von Motivation und Lebenswille<\/a><\/li>\n\n\n\n<li><a href=\"https:\/\/www.vitalibera.org\/community\/2026\/04\/02\/inklusion-beginnt-dort-wo-das-theater-endet\/\">&bdquo;Inklusion beginnt dort, wo das Theater endet.&ldquo;<\/a><\/li>\n<\/ul>\n\n\n\n<p>Berichte uns &uuml;ber deine eigenen Erfahrungen, &Auml;ngsten oder Fragen in unserem <a href=\"https:\/\/www.vitalibera.org\/community\/forum\/\">Forum<\/a> oder in unserer <a href=\"https:\/\/www.facebook.com\/groups\/2997085857140235\" target=\"_blank\" rel=\"noreferrer noopener\">Facebook-Grupp<\/a>e.<\/p>\n\n\n\n<p><strong><em>&bdquo;Wir tragen einander &ndash; nicht Heime! <strong>&bdquo;Gemeinsam statt abgeschoben.&ldquo;<\/strong><\/em><\/strong><\/p>\n<\/div><\/div>\n\n\n<div class=\"wp-block-image\">\n<figure class=\"aligncenter size-large\"><img loading=\"lazy\" decoding=\"async\" width=\"683\" height=\"1024\" src=\"http:\/\/www.vitalibera.org\/community\/wp-content\/uploads\/2026\/04\/Copilot_20260403_204336-683x1024.png\" alt=\"\" class=\"wp-image-6504\" srcset=\"https:\/\/www.vitalibera.org\/community\/wp-content\/uploads\/2026\/04\/Copilot_20260403_204336-683x1024.png 683w, https:\/\/www.vitalibera.org\/community\/wp-content\/uploads\/2026\/04\/Copilot_20260403_204336-200x300.png 200w, https:\/\/www.vitalibera.org\/community\/wp-content\/uploads\/2026\/04\/Copilot_20260403_204336-768x1152.png 768w, https:\/\/www.vitalibera.org\/community\/wp-content\/uploads\/2026\/04\/Copilot_20260403_204336.png 1024w\" sizes=\"(max-width: 683px) 100vw, 683px\" \/><\/figure>\n<\/div>","protected":false},"excerpt":{"rendered":"<p>Je nach Schwere der neurologischen Erkrankung ist selbst\u00e4ndiges Wohnen nicht m\u00f6glich. So sagt man. Wir sagen: Selbstbestimmung hat mehr Formen als eure Schubladen. Und Freiheit endet nicht dort, wo eure Fantasie aufh\u00f6rt. Deshalb stellen wir das System in Frage und fordern sowohl die Gesellschaft wie auch die Politik zu einem Umdenken auf! Unser Forderungskatalog: 1. &#8230; <a title=\"Mein Leben &#8211; Meine Regeln &#8211; Love it, or leave it\" class=\"read-more\" href=\"https:\/\/www.vitalibera.org\/community\/2026\/04\/03\/mein-leben-meine-regeln-love-it-or-leave-it\/\" aria-label=\"Mehr Informationen \u00fcber Mein Leben &#8211; Meine Regeln &#8211; Love it, or leave it\">Weiterlesen<\/a><\/p>\n","protected":false},"author":2,"featured_media":6505,"comment_status":"open","ping_status":"open","sticky":false,"template":"","format":"standard","meta":{"cybocfi_hide_featured_image":"yes","_jetpack_memberships_contains_paid_content":false,"footnotes":""},"categories":[25,225],"tags":[],"class_list":["post-6502","post","type-post","status-publish","format-standard","has-post-thumbnail","hentry","category-eingeschraenkt-im-alltag","category-hilfe-fuer-angehoerige"],"yoast_head":"<!-- This site is optimized with the Yoast SEO plugin v27.4 - https:\/\/yoast.com\/product\/yoast-seo-wordpress\/ -->\r\n<title>Mein Leben - Meine Regeln - Love it, or leave it - vitalibera.org<\/title>\r\n<meta name=\"robots\" content=\"index, follow, max-snippet:-1, max-image-preview:large, max-video-preview:-1\" \/>\r\n<link rel=\"canonical\" href=\"http:\/\/www.vitalibera.org\/community\/2026\/04\/03\/mein-leben-meine-regeln-love-it-or-leave-it\/\" \/>\r\n<meta property=\"og:locale\" content=\"de_DE\" \/>\r\n<meta property=\"og:type\" content=\"article\" \/>\r\n<meta property=\"og:title\" content=\"Mein Leben - Meine Regeln - Love it, or leave it - vitalibera.org\" \/>\r\n<meta property=\"og:description\" content=\"Je nach Schwere der neurologischen Erkrankung ist selbst\u00e4ndiges Wohnen nicht m\u00f6glich. So sagt man. Wir sagen: Selbstbestimmung hat mehr Formen als eure Schubladen. Und Freiheit endet nicht dort, wo eure Fantasie aufh\u00f6rt. Deshalb stellen wir das System in Frage und fordern sowohl die Gesellschaft wie auch die Politik zu einem Umdenken auf! Unser Forderungskatalog: 1. ... Weiterlesen\" \/>\r\n<meta property=\"og:url\" content=\"http:\/\/www.vitalibera.org\/community\/2026\/04\/03\/mein-leben-meine-regeln-love-it-or-leave-it\/\" \/>\r\n<meta property=\"og:site_name\" content=\"vitalibera.org\" \/>\r\n<meta property=\"article:publisher\" content=\"https:\/\/www.facebook.com\/groups\/2997085857140235\" \/>\r\n<meta property=\"article:published_time\" content=\"2026-04-03T19:37:51+00:00\" \/>\r\n<meta property=\"article:modified_time\" content=\"2026-04-03T19:44:19+00:00\" \/>\r\n<meta property=\"og:image\" content=\"http:\/\/www.vitalibera.org\/community\/wp-content\/uploads\/2026\/04\/sad.png\" \/>\r\n\t<meta property=\"og:image:width\" content=\"556\" \/>\r\n\t<meta property=\"og:image:height\" content=\"515\" \/>\r\n\t<meta property=\"og:image:type\" content=\"image\/png\" \/>\r\n<meta name=\"author\" content=\"Andreas Jecklin\" \/>\r\n<meta name=\"twitter:card\" content=\"summary_large_image\" \/>\r\n<meta name=\"twitter:label1\" content=\"Verfasst von\" \/>\n\t<meta name=\"twitter:data1\" content=\"Andreas Jecklin\" \/>\n\t<meta name=\"twitter:label2\" content=\"Gesch\u00e4tzte Lesezeit\" \/>\n\t<meta name=\"twitter:data2\" content=\"5\u00a0Minuten\" \/>\r\n<script type=\"application\/ld+json\" class=\"yoast-schema-graph\">{\"@context\":\"https:\\\/\\\/schema.org\",\"@graph\":[{\"@type\":\"Article\",\"@id\":\"http:\\\/\\\/www.vitalibera.org\\\/community\\\/2026\\\/04\\\/03\\\/mein-leben-meine-regeln-love-it-or-leave-it\\\/#article\",\"isPartOf\":{\"@id\":\"http:\\\/\\\/www.vitalibera.org\\\/community\\\/2026\\\/04\\\/03\\\/mein-leben-meine-regeln-love-it-or-leave-it\\\/\"},\"author\":{\"name\":\"Andreas Jecklin\",\"@id\":\"https:\\\/\\\/www.vitalibera.org\\\/community\\\/#\\\/schema\\\/person\\\/6712387298421f222ff6d0a2e22c1534\"},\"headline\":\"Mein Leben &#8211; Meine Regeln &#8211; Love it, or leave it\",\"datePublished\":\"2026-04-03T19:37:51+00:00\",\"dateModified\":\"2026-04-03T19:44:19+00:00\",\"mainEntityOfPage\":{\"@id\":\"http:\\\/\\\/www.vitalibera.org\\\/community\\\/2026\\\/04\\\/03\\\/mein-leben-meine-regeln-love-it-or-leave-it\\\/\"},\"wordCount\":679,\"commentCount\":0,\"publisher\":{\"@id\":\"https:\\\/\\\/www.vitalibera.org\\\/community\\\/#organization\"},\"image\":{\"@id\":\"http:\\\/\\\/www.vitalibera.org\\\/community\\\/2026\\\/04\\\/03\\\/mein-leben-meine-regeln-love-it-or-leave-it\\\/#primaryimage\"},\"thumbnailUrl\":\"https:\\\/\\\/www.vitalibera.org\\\/community\\\/wp-content\\\/uploads\\\/2026\\\/04\\\/sad.png\",\"articleSection\":[\"Eingeschr\u00e4nkt im Alltag\",\"Hilfe f\u00fcr Angeh\u00f6rige\"],\"inLanguage\":\"de\",\"potentialAction\":[{\"@type\":\"CommentAction\",\"name\":\"Comment\",\"target\":[\"http:\\\/\\\/www.vitalibera.org\\\/community\\\/2026\\\/04\\\/03\\\/mein-leben-meine-regeln-love-it-or-leave-it\\\/#respond\"]}]},{\"@type\":\"WebPage\",\"@id\":\"http:\\\/\\\/www.vitalibera.org\\\/community\\\/2026\\\/04\\\/03\\\/mein-leben-meine-regeln-love-it-or-leave-it\\\/\",\"url\":\"http:\\\/\\\/www.vitalibera.org\\\/community\\\/2026\\\/04\\\/03\\\/mein-leben-meine-regeln-love-it-or-leave-it\\\/\",\"name\":\"Mein Leben - Meine Regeln - Love it, or leave it - vitalibera.org\",\"isPartOf\":{\"@id\":\"https:\\\/\\\/www.vitalibera.org\\\/community\\\/#website\"},\"primaryImageOfPage\":{\"@id\":\"http:\\\/\\\/www.vitalibera.org\\\/community\\\/2026\\\/04\\\/03\\\/mein-leben-meine-regeln-love-it-or-leave-it\\\/#primaryimage\"},\"image\":{\"@id\":\"http:\\\/\\\/www.vitalibera.org\\\/community\\\/2026\\\/04\\\/03\\\/mein-leben-meine-regeln-love-it-or-leave-it\\\/#primaryimage\"},\"thumbnailUrl\":\"https:\\\/\\\/www.vitalibera.org\\\/community\\\/wp-content\\\/uploads\\\/2026\\\/04\\\/sad.png\",\"datePublished\":\"2026-04-03T19:37:51+00:00\",\"dateModified\":\"2026-04-03T19:44:19+00:00\",\"breadcrumb\":{\"@id\":\"http:\\\/\\\/www.vitalibera.org\\\/community\\\/2026\\\/04\\\/03\\\/mein-leben-meine-regeln-love-it-or-leave-it\\\/#breadcrumb\"},\"inLanguage\":\"de\",\"potentialAction\":[{\"@type\":\"ReadAction\",\"target\":[\"http:\\\/\\\/www.vitalibera.org\\\/community\\\/2026\\\/04\\\/03\\\/mein-leben-meine-regeln-love-it-or-leave-it\\\/\"]}]},{\"@type\":\"BreadcrumbList\",\"@id\":\"http:\\\/\\\/www.vitalibera.org\\\/community\\\/2026\\\/04\\\/03\\\/mein-leben-meine-regeln-love-it-or-leave-it\\\/#breadcrumb\",\"itemListElement\":[{\"@type\":\"ListItem\",\"position\":1,\"name\":\"Startseite\",\"item\":\"https:\\\/\\\/www.vitalibera.org\\\/community\\\/\"},{\"@type\":\"ListItem\",\"position\":2,\"name\":\"Mein Leben &#8211; Meine Regeln &#8211; Love it, or leave it\"}]},{\"@type\":\"WebSite\",\"@id\":\"https:\\\/\\\/www.vitalibera.org\\\/community\\\/#website\",\"url\":\"https:\\\/\\\/www.vitalibera.org\\\/community\\\/\",\"name\":\"vitalibera.org\",\"description\":\"Mit einer Einschr&auml;nkung gestaltet sich das Leben im Alltag oft schwieriger - hier berichten wir &uuml;ber unsere Erfahrungen und Hilfsmittel um den Alltag so unbeschwert und unkompliziert wie nur m&ouml;glich geniessen zu k&ouml;nnen. Dabei richten wir unseren Fokus gezielt auf Selbst&auml;ndigkeit, Eigenst&auml;ndigkeit und Selbstbestimmung.\",\"publisher\":{\"@id\":\"https:\\\/\\\/www.vitalibera.org\\\/community\\\/#organization\"},\"potentialAction\":[{\"@type\":\"SearchAction\",\"target\":{\"@type\":\"EntryPoint\",\"urlTemplate\":\"https:\\\/\\\/www.vitalibera.org\\\/community\\\/?s={search_term_string}\"},\"query-input\":{\"@type\":\"PropertyValueSpecification\",\"valueRequired\":true,\"valueName\":\"search_term_string\"}}],\"inLanguage\":\"de\"},{\"@type\":\"Organization\",\"@id\":\"https:\\\/\\\/www.vitalibera.org\\\/community\\\/#organization\",\"name\":\"vitalibera.org\",\"url\":\"https:\\\/\\\/www.vitalibera.org\\\/community\\\/\",\"logo\":{\"@type\":\"ImageObject\",\"inLanguage\":\"de\",\"@id\":\"https:\\\/\\\/www.vitalibera.org\\\/community\\\/#\\\/schema\\\/logo\\\/image\\\/\",\"url\":\"https:\\\/\\\/www.vitalibera.org\\\/community\\\/wp-content\\\/uploads\\\/2025\\\/09\\\/cropped-banner.png\",\"contentUrl\":\"https:\\\/\\\/www.vitalibera.org\\\/community\\\/wp-content\\\/uploads\\\/2025\\\/09\\\/cropped-banner.png\",\"width\":991,\"height\":150,\"caption\":\"vitalibera.org\"},\"image\":{\"@id\":\"https:\\\/\\\/www.vitalibera.org\\\/community\\\/#\\\/schema\\\/logo\\\/image\\\/\"},\"sameAs\":[\"https:\\\/\\\/www.facebook.com\\\/groups\\\/2997085857140235\"]},{\"@type\":\"Person\",\"@id\":\"https:\\\/\\\/www.vitalibera.org\\\/community\\\/#\\\/schema\\\/person\\\/6712387298421f222ff6d0a2e22c1534\",\"name\":\"Andreas Jecklin\",\"image\":{\"@type\":\"ImageObject\",\"inLanguage\":\"de\",\"@id\":\"https:\\\/\\\/secure.gravatar.com\\\/avatar\\\/ad516503a11cd5ca435acc9bb6523536?s=96\",\"url\":\"https:\\\/\\\/secure.gravatar.com\\\/avatar\\\/ad516503a11cd5ca435acc9bb6523536?s=96\",\"contentUrl\":\"https:\\\/\\\/secure.gravatar.com\\\/avatar\\\/ad516503a11cd5ca435acc9bb6523536?s=96\",\"caption\":\"Andreas Jecklin\"},\"description\":\"Manchen gab Gott die Kraft Dinge zu ver\u00e4ndern, mir gab er die Kraft zu ertragen was nicht mehr zu \u00e4ndern ist.\",\"url\":\"https:\\\/\\\/www.vitalibera.org\\\/community\\\/author\\\/andy77\\\/\"}]}<\/script>\r\n<!-- \/ Yoast SEO plugin. -->","yoast_head_json":{"title":"Mein Leben - Meine Regeln - Love it, or leave it - vitalibera.org","robots":{"index":"index","follow":"follow","max-snippet":"max-snippet:-1","max-image-preview":"max-image-preview:large","max-video-preview":"max-video-preview:-1"},"canonical":"http:\/\/www.vitalibera.org\/community\/2026\/04\/03\/mein-leben-meine-regeln-love-it-or-leave-it\/","og_locale":"de_DE","og_type":"article","og_title":"Mein Leben - Meine Regeln - Love it, or leave it - vitalibera.org","og_description":"Je nach Schwere der neurologischen Erkrankung ist selbst\u00e4ndiges Wohnen nicht m\u00f6glich. So sagt man. Wir sagen: Selbstbestimmung hat mehr Formen als eure Schubladen. Und Freiheit endet nicht dort, wo eure Fantasie aufh\u00f6rt. Deshalb stellen wir das System in Frage und fordern sowohl die Gesellschaft wie auch die Politik zu einem Umdenken auf! Unser Forderungskatalog: 1. ... Weiterlesen","og_url":"http:\/\/www.vitalibera.org\/community\/2026\/04\/03\/mein-leben-meine-regeln-love-it-or-leave-it\/","og_site_name":"vitalibera.org","article_publisher":"https:\/\/www.facebook.com\/groups\/2997085857140235","article_published_time":"2026-04-03T19:37:51+00:00","article_modified_time":"2026-04-03T19:44:19+00:00","og_image":[{"width":556,"height":515,"url":"http:\/\/www.vitalibera.org\/community\/wp-content\/uploads\/2026\/04\/sad.png","type":"image\/png"}],"author":"Andreas Jecklin","twitter_card":"summary_large_image","twitter_misc":{"Verfasst von":"Andreas Jecklin","Gesch\u00e4tzte Lesezeit":"5\u00a0Minuten"},"schema":{"@context":"https:\/\/schema.org","@graph":[{"@type":"Article","@id":"http:\/\/www.vitalibera.org\/community\/2026\/04\/03\/mein-leben-meine-regeln-love-it-or-leave-it\/#article","isPartOf":{"@id":"http:\/\/www.vitalibera.org\/community\/2026\/04\/03\/mein-leben-meine-regeln-love-it-or-leave-it\/"},"author":{"name":"Andreas Jecklin","@id":"https:\/\/www.vitalibera.org\/community\/#\/schema\/person\/6712387298421f222ff6d0a2e22c1534"},"headline":"Mein Leben &#8211; Meine Regeln &#8211; Love it, or leave it","datePublished":"2026-04-03T19:37:51+00:00","dateModified":"2026-04-03T19:44:19+00:00","mainEntityOfPage":{"@id":"http:\/\/www.vitalibera.org\/community\/2026\/04\/03\/mein-leben-meine-regeln-love-it-or-leave-it\/"},"wordCount":679,"commentCount":0,"publisher":{"@id":"https:\/\/www.vitalibera.org\/community\/#organization"},"image":{"@id":"http:\/\/www.vitalibera.org\/community\/2026\/04\/03\/mein-leben-meine-regeln-love-it-or-leave-it\/#primaryimage"},"thumbnailUrl":"https:\/\/www.vitalibera.org\/community\/wp-content\/uploads\/2026\/04\/sad.png","articleSection":["Eingeschr\u00e4nkt im Alltag","Hilfe f\u00fcr Angeh\u00f6rige"],"inLanguage":"de","potentialAction":[{"@type":"CommentAction","name":"Comment","target":["http:\/\/www.vitalibera.org\/community\/2026\/04\/03\/mein-leben-meine-regeln-love-it-or-leave-it\/#respond"]}]},{"@type":"WebPage","@id":"http:\/\/www.vitalibera.org\/community\/2026\/04\/03\/mein-leben-meine-regeln-love-it-or-leave-it\/","url":"http:\/\/www.vitalibera.org\/community\/2026\/04\/03\/mein-leben-meine-regeln-love-it-or-leave-it\/","name":"Mein Leben - Meine Regeln - Love it, or leave it - vitalibera.org","isPartOf":{"@id":"https:\/\/www.vitalibera.org\/community\/#website"},"primaryImageOfPage":{"@id":"http:\/\/www.vitalibera.org\/community\/2026\/04\/03\/mein-leben-meine-regeln-love-it-or-leave-it\/#primaryimage"},"image":{"@id":"http:\/\/www.vitalibera.org\/community\/2026\/04\/03\/mein-leben-meine-regeln-love-it-or-leave-it\/#primaryimage"},"thumbnailUrl":"https:\/\/www.vitalibera.org\/community\/wp-content\/uploads\/2026\/04\/sad.png","datePublished":"2026-04-03T19:37:51+00:00","dateModified":"2026-04-03T19:44:19+00:00","breadcrumb":{"@id":"http:\/\/www.vitalibera.org\/community\/2026\/04\/03\/mein-leben-meine-regeln-love-it-or-leave-it\/#breadcrumb"},"inLanguage":"de","potentialAction":[{"@type":"ReadAction","target":["http:\/\/www.vitalibera.org\/community\/2026\/04\/03\/mein-leben-meine-regeln-love-it-or-leave-it\/"]}]},{"@type":"BreadcrumbList","@id":"http:\/\/www.vitalibera.org\/community\/2026\/04\/03\/mein-leben-meine-regeln-love-it-or-leave-it\/#breadcrumb","itemListElement":[{"@type":"ListItem","position":1,"name":"Startseite","item":"https:\/\/www.vitalibera.org\/community\/"},{"@type":"ListItem","position":2,"name":"Mein Leben &#8211; Meine Regeln &#8211; Love it, or leave it"}]},{"@type":"WebSite","@id":"https:\/\/www.vitalibera.org\/community\/#website","url":"https:\/\/www.vitalibera.org\/community\/","name":"vitalibera.org","description":"Mit einer Einschr&auml;nkung gestaltet sich das Leben im Alltag oft schwieriger - hier berichten wir &uuml;ber unsere Erfahrungen und Hilfsmittel um den Alltag so unbeschwert und unkompliziert wie nur m&ouml;glich geniessen zu k&ouml;nnen. Dabei richten wir unseren Fokus gezielt auf Selbst&auml;ndigkeit, Eigenst&auml;ndigkeit und Selbstbestimmung.","publisher":{"@id":"https:\/\/www.vitalibera.org\/community\/#organization"},"potentialAction":[{"@type":"SearchAction","target":{"@type":"EntryPoint","urlTemplate":"https:\/\/www.vitalibera.org\/community\/?s={search_term_string}"},"query-input":{"@type":"PropertyValueSpecification","valueRequired":true,"valueName":"search_term_string"}}],"inLanguage":"de"},{"@type":"Organization","@id":"https:\/\/www.vitalibera.org\/community\/#organization","name":"vitalibera.org","url":"https:\/\/www.vitalibera.org\/community\/","logo":{"@type":"ImageObject","inLanguage":"de","@id":"https:\/\/www.vitalibera.org\/community\/#\/schema\/logo\/image\/","url":"https:\/\/www.vitalibera.org\/community\/wp-content\/uploads\/2025\/09\/cropped-banner.png","contentUrl":"https:\/\/www.vitalibera.org\/community\/wp-content\/uploads\/2025\/09\/cropped-banner.png","width":991,"height":150,"caption":"vitalibera.org"},"image":{"@id":"https:\/\/www.vitalibera.org\/community\/#\/schema\/logo\/image\/"},"sameAs":["https:\/\/www.facebook.com\/groups\/2997085857140235"]},{"@type":"Person","@id":"https:\/\/www.vitalibera.org\/community\/#\/schema\/person\/6712387298421f222ff6d0a2e22c1534","name":"Andreas Jecklin","image":{"@type":"ImageObject","inLanguage":"de","@id":"https:\/\/secure.gravatar.com\/avatar\/ad516503a11cd5ca435acc9bb6523536?s=96","url":"https:\/\/secure.gravatar.com\/avatar\/ad516503a11cd5ca435acc9bb6523536?s=96","contentUrl":"https:\/\/secure.gravatar.com\/avatar\/ad516503a11cd5ca435acc9bb6523536?s=96","caption":"Andreas Jecklin"},"description":"Manchen gab Gott die Kraft Dinge zu ver\u00e4ndern, mir gab er die Kraft zu ertragen was nicht mehr zu \u00e4ndern ist.","url":"https:\/\/www.vitalibera.org\/community\/author\/andy77\/"}]}},"jetpack_featured_media_url":"https:\/\/www.vitalibera.org\/community\/wp-content\/uploads\/2026\/04\/sad.png","jetpack_sharing_enabled":true,"jetpack-related-posts":[],"_links":{"self":[{"href":"https:\/\/www.vitalibera.org\/community\/wp-json\/wp\/v2\/posts\/6502","targetHints":{"allow":["GET"]}}],"collection":[{"href":"https:\/\/www.vitalibera.org\/community\/wp-json\/wp\/v2\/posts"}],"about":[{"href":"https:\/\/www.vitalibera.org\/community\/wp-json\/wp\/v2\/types\/post"}],"author":[{"embeddable":true,"href":"https:\/\/www.vitalibera.org\/community\/wp-json\/wp\/v2\/users\/2"}],"replies":[{"embeddable":true,"href":"https:\/\/www.vitalibera.org\/community\/wp-json\/wp\/v2\/comments?post=6502"}],"version-history":[{"count":2,"href":"https:\/\/www.vitalibera.org\/community\/wp-json\/wp\/v2\/posts\/6502\/revisions"}],"predecessor-version":[{"id":6507,"href":"https:\/\/www.vitalibera.org\/community\/wp-json\/wp\/v2\/posts\/6502\/revisions\/6507"}],"wp:featuredmedia":[{"embeddable":true,"href":"https:\/\/www.vitalibera.org\/community\/wp-json\/wp\/v2\/media\/6505"}],"wp:attachment":[{"href":"https:\/\/www.vitalibera.org\/community\/wp-json\/wp\/v2\/media?parent=6502"}],"wp:term":[{"taxonomy":"category","embeddable":true,"href":"https:\/\/www.vitalibera.org\/community\/wp-json\/wp\/v2\/categories?post=6502"},{"taxonomy":"post_tag","embeddable":true,"href":"https:\/\/www.vitalibera.org\/community\/wp-json\/wp\/v2\/tags?post=6502"}],"curies":[{"name":"wp","href":"https:\/\/api.w.org\/{rel}","templated":true}]}}