{"id":6550,"date":"2026-04-06T00:25:05","date_gmt":"2026-04-05T22:25:05","guid":{"rendered":"https:\/\/www.vitalibera.org\/community\/?p=6550"},"modified":"2026-04-06T00:30:14","modified_gmt":"2026-04-05T22:30:14","slug":"master-frage-warum-gerade-ich","status":"publish","type":"post","link":"https:\/\/www.vitalibera.org\/community\/2026\/04\/06\/master-frage-warum-gerade-ich\/","title":{"rendered":"Master-Frage : Warum gerade ich?"},"content":{"rendered":"\n<div class=\"wp-block-media-text is-stacked-on-mobile is-vertically-aligned-top\"><figure class=\"wp-block-media-text__media\"><img fetchpriority=\"high\" decoding=\"async\" width=\"302\" height=\"368\" src=\"https:\/\/www.vitalibera.org\/community\/wp-content\/uploads\/2026\/04\/weg.png\" alt=\"\" class=\"wp-image-6551 size-full\" srcset=\"https:\/\/www.vitalibera.org\/community\/wp-content\/uploads\/2026\/04\/weg.png 302w, https:\/\/www.vitalibera.org\/community\/wp-content\/uploads\/2026\/04\/weg-246x300.png 246w\" sizes=\"(max-width: 302px) 100vw, 302px\" \/><\/figure><div class=\"wp-block-media-text__content\">\n<p>Wenn jemand &bdquo;<strong>Warum gerade ich<\/strong>&ldquo; sagt, h&ouml;rt man darin oft Schmerz, Ersch&ouml;pfung, vielleicht auch ein Gef&uuml;hl von Ungerechtigkeit oder &Uuml;berforderung. Und das ist absolut menschlich.<\/p>\n\n\n\n<h5 class=\"wp-block-heading\"><\/h5>\n\n\n\n<p>Nach einem neurologischen Ereignis, nach Beh&ouml;rdenk&auml;mpfen, nach all den Anpassungen, die du stemmen musst: Es w&auml;re fast seltsam, <strong>nicht<\/strong> irgendwann an diesen Punkt zu kommen. Menschen neigen dazu, Sinn zu suchen, besonders wenn etwas einschneidend ist. <\/p>\n\n\n\n<p>Aber harte Dinge passieren nicht, weil du sie &bdquo;verdient&ldquo; hast oder weil du der richtige Kandidat f&uuml;r Leid w&auml;rst. <\/p>\n\n\n\n<p>Sie passieren, weil Biologie, Zufall, Timing und Umst&auml;nde manchmal brutal zusammenfallen.<\/p>\n<\/div><\/div>\n\n\n\n<h5 class=\"wp-block-heading\"><strong>Vielleicht ist die eigentliche Frage eine andere<\/strong><\/h5>\n\n\n\n<p>Oft steckt hinter &bdquo;Warum gerade ich&ldquo; etwas wie:<\/p>\n\n\n\n<ul class=\"wp-block-list\">\n<li>&bdquo;Wie lange muss ich das noch tragen&ldquo;<\/li>\n\n\n\n<li>&bdquo;Wie finde ich wieder Boden unter den F&uuml;&szlig;en&ldquo;<\/li>\n\n\n\n<li>&bdquo;Wie kann ich mit dem umgehen, was passiert ist&ldquo;<\/li>\n<\/ul>\n\n\n\n<h5 class=\"wp-block-heading\"><strong>Wenn wir nach Schuld suchen<\/strong><\/h5>\n\n\n\n<p>Dann suchen wir oft eigentlich nach:<\/p>\n\n\n\n<ul class=\"wp-block-list\">\n<li><strong>Erkl&auml;rung<\/strong><\/li>\n\n\n\n<li><strong>Kontrolle<\/strong><\/li>\n\n\n\n<li><strong>Gerechtigkeit<\/strong><\/li>\n\n\n\n<li><strong>Einem klaren Gegner<\/strong>, weil das Chaos sonst zu gro&szlig; w&auml;re<\/li>\n<\/ul>\n\n\n\n<p>Das Problem: Bei neurologischen Ereignissen, bei Beh&ouml;rdenprozessen, bei medizinischen Zuf&auml;llen gibt es selten eine einzelne, klare Ursache. Und noch seltener eine Person, die &bdquo;Schuld&ldquo; tr&auml;gt.<\/p>\n\n\n\n<div class=\"wp-block-media-text is-stacked-on-mobile is-vertically-aligned-top\"><figure class=\"wp-block-media-text__media\"><img decoding=\"async\" width=\"259\" height=\"240\" src=\"http:\/\/www.vitalibera.org\/community\/wp-content\/uploads\/2026\/03\/745cbf92fc4f0678766766880f6640c6.jpg\" alt=\"\" class=\"wp-image-6332 size-full\"><\/figure><div class=\"wp-block-media-text__content\">\n<p><strong>Bei Beh&ouml;rden, Institutionen, Systemen<\/strong><\/p>\n\n\n\n<p>Hier gibt es Verantwortung, ja. Aber Verantwortung ist etwas anderes als Schuld.<\/p>\n\n\n\n<ul class=\"wp-block-list\">\n<li>Systeme k&ouml;nnen versagen<\/li>\n\n\n\n<li>Prozesse k&ouml;nnen Menschen im Stich lassen<\/li>\n\n\n\n<li>Strukturen k&ouml;nnen ungerecht sein<\/li>\n<\/ul>\n\n\n\n<p>Doch selbst dann ist es selten eine einzelne Person, die &bdquo;Schuld&ldquo; tr&auml;gt. Es ist eher ein Geflecht aus B&uuml;rokratie, &Uuml;berlastung, fehlenden Ressourcen und blinden Flecken.<\/p>\n<\/div><\/div>\n\n\n\n<div class=\"wp-block-media-text is-stacked-on-mobile is-vertically-aligned-top\"><figure class=\"wp-block-media-text__media\"><img decoding=\"async\" width=\"240\" height=\"240\" src=\"http:\/\/www.vitalibera.org\/community\/wp-content\/uploads\/2026\/03\/5ed9bcd10054acdcfd7c49b31f05bf0c-1.jpg\" alt=\"\" class=\"wp-image-6387 size-full\" srcset=\"https:\/\/www.vitalibera.org\/community\/wp-content\/uploads\/2026\/03\/5ed9bcd10054acdcfd7c49b31f05bf0c-1.jpg 240w, https:\/\/www.vitalibera.org\/community\/wp-content\/uploads\/2026\/03\/5ed9bcd10054acdcfd7c49b31f05bf0c-1-150x150.jpg 150w\" sizes=\"(max-width: 240px) 100vw, 240px\" \/><\/figure><div class=\"wp-block-media-text__content\">\n<p><strong>&bdquo;Dein Gehirn lernt &mdash; auch wenn du es nicht sp&uuml;rst.&ldquo;<\/strong><\/p>\n\n\n\n<h6 class=\"wp-block-heading\">1. &bdquo;Du musst nicht perfekt funktionieren, um wertvoll zu sein.&ldquo;<\/h6>\n\n\n\n<p>Viele Menschen mit neurologischen Herausforderungen f&uuml;hlen sich &bdquo;defekt&ldquo;. Dieser Satz trifft mitten ins Herz.<\/p>\n\n\n\n<h6 class=\"wp-block-heading\"><strong>2. &bdquo;Jeder kleine Schritt z&auml;hlt &mdash; und du machst mehr davon, als du denkst.&ldquo;<\/strong><\/h6>\n\n\n\n<p>Mikrofortschritte sichtbar machen ist enorm motivierend.<\/p>\n\n\n\n<h6 class=\"wp-block-heading\"><strong>3. &bdquo;Du bist nicht allein. Und du musst es auch nicht alleine schaffen.&ldquo;<\/strong><\/h6>\n\n\n\n<p>Verbindet, ohne zu bevormunden.<\/p>\n\n\n\n<h6 class=\"wp-block-heading\"><strong>4. &bdquo;Dein Tempo ist richtig. Punkt.&ldquo;<\/strong><\/h6>\n\n\n\n<p>Entlastet sofort.<\/p>\n\n\n\n<h6 class=\"wp-block-heading\"><strong>&bdquo;Es ist okay, m&uuml;de zu sein. Es ist nicht okay, aufzugeben &ldquo;<\/strong><\/h6>\n\n\n\n<p>Stark, aber nicht toxisch.<\/p>\n\n\n\n<h6 class=\"wp-block-heading\"><strong>&bdquo;Heute ist ein Puzzleteil. Nicht das ganze Bild.&ldquo;<\/strong><\/h6>\n\n\n\n<p>Hilft Menschen, den Druck rauszunehmen.<\/p>\n\n\n\n<h6 class=\"wp-block-heading\"><strong>Wachstum ist leise. Du merkst es erst sp&auml;ter.&ldquo;<\/strong><\/h6>\n\n\n\n<p>Nimmt die Erwartung raus, sofort Ergebnisse zu sehen.<\/p>\n\n\n\n<h6 class=\"wp-block-heading\"><strong>Motivation, die besonders gut bei Menschen mit Hirnverletzungen wirkt<\/strong><\/h6>\n\n\n\n<ul class=\"wp-block-list\">\n<li><strong>kurz<\/strong><\/li>\n\n\n\n<li><strong>konkret<\/strong><\/li>\n\n\n\n<li><strong>visuell<\/strong><\/li>\n\n\n\n<li><strong>ohne Schuld oder Druck<\/strong><\/li>\n\n\n\n<li><strong>mit Fokus auf Selbstwirksamkeit<\/strong><\/li>\n<\/ul>\n\n\n\n<p>Beispiele:<\/p>\n\n\n\n<ul class=\"wp-block-list\">\n<li>&bdquo;Du kannst das. Nicht alles auf einmal, aber Schritt f&uuml;r Schritt.&ldquo;<\/li>\n\n\n\n<li>&bdquo;Heute ist ein &Uuml;bungstag, kein Pr&uuml;fungstag.&ldquo;<\/li>\n\n\n\n<li>&bdquo;Dein Gehirn lernt &mdash; auch wenn du es nicht sp&uuml;rst.&ldquo;<\/li>\n\n\n\n<li>&bdquo;Du darfst Pausen machen. Pausen sind Training.&ldquo;<\/li>\n<\/ul>\n<\/div><\/div>\n\n\n\n<div class=\"wp-block-media-text is-stacked-on-mobile\"><figure class=\"wp-block-media-text__media\"><img loading=\"lazy\" decoding=\"async\" width=\"259\" height=\"240\" src=\"http:\/\/www.vitalibera.org\/community\/wp-content\/uploads\/2026\/03\/dbc5972683099460054d3dbc8212a892-1.jpg\" alt=\"\" class=\"wp-image-6333 size-full\"><\/figure><div class=\"wp-block-media-text__content\">\n<p>Teile deine &Auml;gste, Fragen, Erfolgserlebnisse, Tipps und Tricks und Erfahrungen in unserem <a href=\"https:\/\/www.vitalibera.org\/community\/forum\/\">Forum<\/a> oder in unserer <a href=\"https:\/\/www.facebook.com\/groups\/2997085857140235\" target=\"_blank\" rel=\"noreferrer noopener\">Facebook-Gruppe<\/a>.<\/p>\n\n\n\n<p><em><strong>&bdquo;Du musst das nicht alleine tragen.&ldquo;<\/strong><\/em> &ndash; vitalibera und seine lebendige Community sind f&uuml;r dich da! &ndash; Let&rsquo;s fight! Seite an Seite<\/p>\n\n\n\n<p><strong>Weiterf&uuml;hrende Informationen :<\/strong><\/p>\n\n\n\n<p><a href=\"https:\/\/www.vitalibera.org\/community\/2026\/03\/25\/ich-will-mein-leben-zurueck\/\">Ich will mein Leben zur&uuml;ck<\/a><\/p>\n\n\n\n<p><a href=\"https:\/\/www.vitalibera.org\/community\/2026\/03\/06\/rueckgewinnung-von-motivation-und-lebenswille\/\">R&uuml;ckgewinnung von Motivation und Lebenswille<\/a><\/p>\n\n\n\n<p><a href=\"https:\/\/www.vitalibera.org\/community\/2026\/03\/06\/das-leben-nach-einem-schlaganfall-zurueck-zu-erkaempfen\/\">Das Leben nach einem Schlaganfall zur&uuml;ck erk&auml;mpfen<\/a><br><\/p>\n<\/div><\/div>\n\n\n\n<p><\/p>\n","protected":false},"excerpt":{"rendered":"<p>Wenn jemand \u201eWarum gerade ich\u201c sagt, h\u00f6rt man darin oft Schmerz, Ersch\u00f6pfung, vielleicht auch ein Gef\u00fchl von Ungerechtigkeit oder \u00dcberforderung. Und das ist absolut menschlich. Nach einem neurologischen Ereignis, nach Beh\u00f6rdenk\u00e4mpfen, nach all den Anpassungen, die du stemmen musst: Es w\u00e4re fast seltsam, nicht irgendwann an diesen Punkt zu kommen. Menschen neigen dazu, Sinn zu &#8230; <a title=\"Master-Frage : Warum gerade ich?\" class=\"read-more\" href=\"https:\/\/www.vitalibera.org\/community\/2026\/04\/06\/master-frage-warum-gerade-ich\/\" aria-label=\"Mehr Informationen \u00fcber Master-Frage : Warum gerade ich?\">Weiterlesen<\/a><\/p>\n","protected":false},"author":2,"featured_media":6551,"comment_status":"open","ping_status":"open","sticky":false,"template":"","format":"standard","meta":{"cybocfi_hide_featured_image":"yes","_jetpack_memberships_contains_paid_content":false,"footnotes":""},"categories":[71,160],"tags":[],"class_list":["post-6550","post","type-post","status-publish","format-standard","has-post-thumbnail","hentry","category-sonstige-therapien","category-therapien"],"yoast_head":"<!-- This site is optimized with the Yoast SEO plugin v27.4 - https:\/\/yoast.com\/product\/yoast-seo-wordpress\/ -->\r\n<title>Master-Frage : Warum gerade ich? - vitalibera.org<\/title>\r\n<meta name=\"robots\" content=\"index, follow, max-snippet:-1, max-image-preview:large, max-video-preview:-1\" \/>\r\n<link rel=\"canonical\" href=\"https:\/\/www.vitalibera.org\/community\/2026\/04\/06\/master-frage-warum-gerade-ich\/\" \/>\r\n<meta property=\"og:locale\" content=\"de_DE\" \/>\r\n<meta property=\"og:type\" content=\"article\" \/>\r\n<meta property=\"og:title\" content=\"Master-Frage : Warum gerade ich? - vitalibera.org\" \/>\r\n<meta property=\"og:description\" content=\"Wenn jemand \u201eWarum gerade ich\u201c sagt, h\u00f6rt man darin oft Schmerz, Ersch\u00f6pfung, vielleicht auch ein Gef\u00fchl von Ungerechtigkeit oder \u00dcberforderung. Und das ist absolut menschlich. Nach einem neurologischen Ereignis, nach Beh\u00f6rdenk\u00e4mpfen, nach all den Anpassungen, die du stemmen musst: Es w\u00e4re fast seltsam, nicht irgendwann an diesen Punkt zu kommen. Menschen neigen dazu, Sinn zu ... Weiterlesen\" \/>\r\n<meta property=\"og:url\" content=\"https:\/\/www.vitalibera.org\/community\/2026\/04\/06\/master-frage-warum-gerade-ich\/\" \/>\r\n<meta property=\"og:site_name\" content=\"vitalibera.org\" \/>\r\n<meta property=\"article:publisher\" content=\"https:\/\/www.facebook.com\/groups\/2997085857140235\" \/>\r\n<meta property=\"article:published_time\" content=\"2026-04-05T22:25:05+00:00\" \/>\r\n<meta property=\"article:modified_time\" content=\"2026-04-05T22:30:14+00:00\" \/>\r\n<meta property=\"og:image\" content=\"https:\/\/www.vitalibera.org\/community\/wp-content\/uploads\/2026\/04\/weg.png\" \/>\r\n\t<meta property=\"og:image:width\" content=\"302\" \/>\r\n\t<meta property=\"og:image:height\" content=\"368\" \/>\r\n\t<meta property=\"og:image:type\" content=\"image\/png\" \/>\r\n<meta name=\"author\" content=\"Andreas Jecklin\" \/>\r\n<meta name=\"twitter:card\" content=\"summary_large_image\" \/>\r\n<meta name=\"twitter:label1\" content=\"Verfasst von\" \/>\n\t<meta name=\"twitter:data1\" content=\"Andreas Jecklin\" \/>\n\t<meta name=\"twitter:label2\" content=\"Gesch\u00e4tzte Lesezeit\" \/>\n\t<meta name=\"twitter:data2\" content=\"4\u00a0Minuten\" \/>\r\n<script type=\"application\/ld+json\" class=\"yoast-schema-graph\">{\"@context\":\"https:\\\/\\\/schema.org\",\"@graph\":[{\"@type\":\"Article\",\"@id\":\"https:\\\/\\\/www.vitalibera.org\\\/community\\\/2026\\\/04\\\/06\\\/master-frage-warum-gerade-ich\\\/#article\",\"isPartOf\":{\"@id\":\"https:\\\/\\\/www.vitalibera.org\\\/community\\\/2026\\\/04\\\/06\\\/master-frage-warum-gerade-ich\\\/\"},\"author\":{\"name\":\"Andreas Jecklin\",\"@id\":\"https:\\\/\\\/www.vitalibera.org\\\/community\\\/#\\\/schema\\\/person\\\/6712387298421f222ff6d0a2e22c1534\"},\"headline\":\"Master-Frage : Warum gerade ich?\",\"datePublished\":\"2026-04-05T22:25:05+00:00\",\"dateModified\":\"2026-04-05T22:30:14+00:00\",\"mainEntityOfPage\":{\"@id\":\"https:\\\/\\\/www.vitalibera.org\\\/community\\\/2026\\\/04\\\/06\\\/master-frage-warum-gerade-ich\\\/\"},\"wordCount\":502,\"commentCount\":0,\"publisher\":{\"@id\":\"https:\\\/\\\/www.vitalibera.org\\\/community\\\/#organization\"},\"image\":{\"@id\":\"https:\\\/\\\/www.vitalibera.org\\\/community\\\/2026\\\/04\\\/06\\\/master-frage-warum-gerade-ich\\\/#primaryimage\"},\"thumbnailUrl\":\"https:\\\/\\\/www.vitalibera.org\\\/community\\\/wp-content\\\/uploads\\\/2026\\\/04\\\/weg.png\",\"articleSection\":[\"sonstige Therapien\",\"Therapien\"],\"inLanguage\":\"de\",\"potentialAction\":[{\"@type\":\"CommentAction\",\"name\":\"Comment\",\"target\":[\"https:\\\/\\\/www.vitalibera.org\\\/community\\\/2026\\\/04\\\/06\\\/master-frage-warum-gerade-ich\\\/#respond\"]}]},{\"@type\":\"WebPage\",\"@id\":\"https:\\\/\\\/www.vitalibera.org\\\/community\\\/2026\\\/04\\\/06\\\/master-frage-warum-gerade-ich\\\/\",\"url\":\"https:\\\/\\\/www.vitalibera.org\\\/community\\\/2026\\\/04\\\/06\\\/master-frage-warum-gerade-ich\\\/\",\"name\":\"Master-Frage : Warum gerade ich? - vitalibera.org\",\"isPartOf\":{\"@id\":\"https:\\\/\\\/www.vitalibera.org\\\/community\\\/#website\"},\"primaryImageOfPage\":{\"@id\":\"https:\\\/\\\/www.vitalibera.org\\\/community\\\/2026\\\/04\\\/06\\\/master-frage-warum-gerade-ich\\\/#primaryimage\"},\"image\":{\"@id\":\"https:\\\/\\\/www.vitalibera.org\\\/community\\\/2026\\\/04\\\/06\\\/master-frage-warum-gerade-ich\\\/#primaryimage\"},\"thumbnailUrl\":\"https:\\\/\\\/www.vitalibera.org\\\/community\\\/wp-content\\\/uploads\\\/2026\\\/04\\\/weg.png\",\"datePublished\":\"2026-04-05T22:25:05+00:00\",\"dateModified\":\"2026-04-05T22:30:14+00:00\",\"breadcrumb\":{\"@id\":\"https:\\\/\\\/www.vitalibera.org\\\/community\\\/2026\\\/04\\\/06\\\/master-frage-warum-gerade-ich\\\/#breadcrumb\"},\"inLanguage\":\"de\",\"potentialAction\":[{\"@type\":\"ReadAction\",\"target\":[\"https:\\\/\\\/www.vitalibera.org\\\/community\\\/2026\\\/04\\\/06\\\/master-frage-warum-gerade-ich\\\/\"]}]},{\"@type\":\"BreadcrumbList\",\"@id\":\"https:\\\/\\\/www.vitalibera.org\\\/community\\\/2026\\\/04\\\/06\\\/master-frage-warum-gerade-ich\\\/#breadcrumb\",\"itemListElement\":[{\"@type\":\"ListItem\",\"position\":1,\"name\":\"Startseite\",\"item\":\"https:\\\/\\\/www.vitalibera.org\\\/community\\\/\"},{\"@type\":\"ListItem\",\"position\":2,\"name\":\"Master-Frage : Warum gerade ich?\"}]},{\"@type\":\"WebSite\",\"@id\":\"https:\\\/\\\/www.vitalibera.org\\\/community\\\/#website\",\"url\":\"https:\\\/\\\/www.vitalibera.org\\\/community\\\/\",\"name\":\"vitalibera.org\",\"description\":\"Mit einer Einschr&auml;nkung gestaltet sich das Leben im Alltag oft schwieriger - hier berichten wir &uuml;ber unsere Erfahrungen und Hilfsmittel um den Alltag so unbeschwert und unkompliziert wie nur m&ouml;glich geniessen zu k&ouml;nnen. Dabei richten wir unseren Fokus gezielt auf Selbst&auml;ndigkeit, Eigenst&auml;ndigkeit und Selbstbestimmung.\",\"publisher\":{\"@id\":\"https:\\\/\\\/www.vitalibera.org\\\/community\\\/#organization\"},\"potentialAction\":[{\"@type\":\"SearchAction\",\"target\":{\"@type\":\"EntryPoint\",\"urlTemplate\":\"https:\\\/\\\/www.vitalibera.org\\\/community\\\/?s={search_term_string}\"},\"query-input\":{\"@type\":\"PropertyValueSpecification\",\"valueRequired\":true,\"valueName\":\"search_term_string\"}}],\"inLanguage\":\"de\"},{\"@type\":\"Organization\",\"@id\":\"https:\\\/\\\/www.vitalibera.org\\\/community\\\/#organization\",\"name\":\"vitalibera.org\",\"url\":\"https:\\\/\\\/www.vitalibera.org\\\/community\\\/\",\"logo\":{\"@type\":\"ImageObject\",\"inLanguage\":\"de\",\"@id\":\"https:\\\/\\\/www.vitalibera.org\\\/community\\\/#\\\/schema\\\/logo\\\/image\\\/\",\"url\":\"https:\\\/\\\/www.vitalibera.org\\\/community\\\/wp-content\\\/uploads\\\/2025\\\/09\\\/cropped-banner.png\",\"contentUrl\":\"https:\\\/\\\/www.vitalibera.org\\\/community\\\/wp-content\\\/uploads\\\/2025\\\/09\\\/cropped-banner.png\",\"width\":991,\"height\":150,\"caption\":\"vitalibera.org\"},\"image\":{\"@id\":\"https:\\\/\\\/www.vitalibera.org\\\/community\\\/#\\\/schema\\\/logo\\\/image\\\/\"},\"sameAs\":[\"https:\\\/\\\/www.facebook.com\\\/groups\\\/2997085857140235\"]},{\"@type\":\"Person\",\"@id\":\"https:\\\/\\\/www.vitalibera.org\\\/community\\\/#\\\/schema\\\/person\\\/6712387298421f222ff6d0a2e22c1534\",\"name\":\"Andreas Jecklin\",\"image\":{\"@type\":\"ImageObject\",\"inLanguage\":\"de\",\"@id\":\"https:\\\/\\\/secure.gravatar.com\\\/avatar\\\/ad516503a11cd5ca435acc9bb6523536?s=96\",\"url\":\"https:\\\/\\\/secure.gravatar.com\\\/avatar\\\/ad516503a11cd5ca435acc9bb6523536?s=96\",\"contentUrl\":\"https:\\\/\\\/secure.gravatar.com\\\/avatar\\\/ad516503a11cd5ca435acc9bb6523536?s=96\",\"caption\":\"Andreas Jecklin\"},\"description\":\"Manchen gab Gott die Kraft Dinge zu ver\u00e4ndern, mir gab er die Kraft zu ertragen was nicht mehr zu \u00e4ndern ist.\",\"url\":\"https:\\\/\\\/www.vitalibera.org\\\/community\\\/author\\\/andy77\\\/\"}]}<\/script>\r\n<!-- \/ Yoast SEO plugin. -->","yoast_head_json":{"title":"Master-Frage : Warum gerade ich? - vitalibera.org","robots":{"index":"index","follow":"follow","max-snippet":"max-snippet:-1","max-image-preview":"max-image-preview:large","max-video-preview":"max-video-preview:-1"},"canonical":"https:\/\/www.vitalibera.org\/community\/2026\/04\/06\/master-frage-warum-gerade-ich\/","og_locale":"de_DE","og_type":"article","og_title":"Master-Frage : Warum gerade ich? - vitalibera.org","og_description":"Wenn jemand \u201eWarum gerade ich\u201c sagt, h\u00f6rt man darin oft Schmerz, Ersch\u00f6pfung, vielleicht auch ein Gef\u00fchl von Ungerechtigkeit oder \u00dcberforderung. Und das ist absolut menschlich. Nach einem neurologischen Ereignis, nach Beh\u00f6rdenk\u00e4mpfen, nach all den Anpassungen, die du stemmen musst: Es w\u00e4re fast seltsam, nicht irgendwann an diesen Punkt zu kommen. Menschen neigen dazu, Sinn zu ... Weiterlesen","og_url":"https:\/\/www.vitalibera.org\/community\/2026\/04\/06\/master-frage-warum-gerade-ich\/","og_site_name":"vitalibera.org","article_publisher":"https:\/\/www.facebook.com\/groups\/2997085857140235","article_published_time":"2026-04-05T22:25:05+00:00","article_modified_time":"2026-04-05T22:30:14+00:00","og_image":[{"width":302,"height":368,"url":"https:\/\/www.vitalibera.org\/community\/wp-content\/uploads\/2026\/04\/weg.png","type":"image\/png"}],"author":"Andreas Jecklin","twitter_card":"summary_large_image","twitter_misc":{"Verfasst von":"Andreas Jecklin","Gesch\u00e4tzte Lesezeit":"4\u00a0Minuten"},"schema":{"@context":"https:\/\/schema.org","@graph":[{"@type":"Article","@id":"https:\/\/www.vitalibera.org\/community\/2026\/04\/06\/master-frage-warum-gerade-ich\/#article","isPartOf":{"@id":"https:\/\/www.vitalibera.org\/community\/2026\/04\/06\/master-frage-warum-gerade-ich\/"},"author":{"name":"Andreas Jecklin","@id":"https:\/\/www.vitalibera.org\/community\/#\/schema\/person\/6712387298421f222ff6d0a2e22c1534"},"headline":"Master-Frage : Warum gerade ich?","datePublished":"2026-04-05T22:25:05+00:00","dateModified":"2026-04-05T22:30:14+00:00","mainEntityOfPage":{"@id":"https:\/\/www.vitalibera.org\/community\/2026\/04\/06\/master-frage-warum-gerade-ich\/"},"wordCount":502,"commentCount":0,"publisher":{"@id":"https:\/\/www.vitalibera.org\/community\/#organization"},"image":{"@id":"https:\/\/www.vitalibera.org\/community\/2026\/04\/06\/master-frage-warum-gerade-ich\/#primaryimage"},"thumbnailUrl":"https:\/\/www.vitalibera.org\/community\/wp-content\/uploads\/2026\/04\/weg.png","articleSection":["sonstige Therapien","Therapien"],"inLanguage":"de","potentialAction":[{"@type":"CommentAction","name":"Comment","target":["https:\/\/www.vitalibera.org\/community\/2026\/04\/06\/master-frage-warum-gerade-ich\/#respond"]}]},{"@type":"WebPage","@id":"https:\/\/www.vitalibera.org\/community\/2026\/04\/06\/master-frage-warum-gerade-ich\/","url":"https:\/\/www.vitalibera.org\/community\/2026\/04\/06\/master-frage-warum-gerade-ich\/","name":"Master-Frage : Warum gerade ich? - vitalibera.org","isPartOf":{"@id":"https:\/\/www.vitalibera.org\/community\/#website"},"primaryImageOfPage":{"@id":"https:\/\/www.vitalibera.org\/community\/2026\/04\/06\/master-frage-warum-gerade-ich\/#primaryimage"},"image":{"@id":"https:\/\/www.vitalibera.org\/community\/2026\/04\/06\/master-frage-warum-gerade-ich\/#primaryimage"},"thumbnailUrl":"https:\/\/www.vitalibera.org\/community\/wp-content\/uploads\/2026\/04\/weg.png","datePublished":"2026-04-05T22:25:05+00:00","dateModified":"2026-04-05T22:30:14+00:00","breadcrumb":{"@id":"https:\/\/www.vitalibera.org\/community\/2026\/04\/06\/master-frage-warum-gerade-ich\/#breadcrumb"},"inLanguage":"de","potentialAction":[{"@type":"ReadAction","target":["https:\/\/www.vitalibera.org\/community\/2026\/04\/06\/master-frage-warum-gerade-ich\/"]}]},{"@type":"BreadcrumbList","@id":"https:\/\/www.vitalibera.org\/community\/2026\/04\/06\/master-frage-warum-gerade-ich\/#breadcrumb","itemListElement":[{"@type":"ListItem","position":1,"name":"Startseite","item":"https:\/\/www.vitalibera.org\/community\/"},{"@type":"ListItem","position":2,"name":"Master-Frage : Warum gerade ich?"}]},{"@type":"WebSite","@id":"https:\/\/www.vitalibera.org\/community\/#website","url":"https:\/\/www.vitalibera.org\/community\/","name":"vitalibera.org","description":"Mit einer Einschr&auml;nkung gestaltet sich das Leben im Alltag oft schwieriger - hier berichten wir &uuml;ber unsere Erfahrungen und Hilfsmittel um den Alltag so unbeschwert und unkompliziert wie nur m&ouml;glich geniessen zu k&ouml;nnen. Dabei richten wir unseren Fokus gezielt auf Selbst&auml;ndigkeit, Eigenst&auml;ndigkeit und Selbstbestimmung.","publisher":{"@id":"https:\/\/www.vitalibera.org\/community\/#organization"},"potentialAction":[{"@type":"SearchAction","target":{"@type":"EntryPoint","urlTemplate":"https:\/\/www.vitalibera.org\/community\/?s={search_term_string}"},"query-input":{"@type":"PropertyValueSpecification","valueRequired":true,"valueName":"search_term_string"}}],"inLanguage":"de"},{"@type":"Organization","@id":"https:\/\/www.vitalibera.org\/community\/#organization","name":"vitalibera.org","url":"https:\/\/www.vitalibera.org\/community\/","logo":{"@type":"ImageObject","inLanguage":"de","@id":"https:\/\/www.vitalibera.org\/community\/#\/schema\/logo\/image\/","url":"https:\/\/www.vitalibera.org\/community\/wp-content\/uploads\/2025\/09\/cropped-banner.png","contentUrl":"https:\/\/www.vitalibera.org\/community\/wp-content\/uploads\/2025\/09\/cropped-banner.png","width":991,"height":150,"caption":"vitalibera.org"},"image":{"@id":"https:\/\/www.vitalibera.org\/community\/#\/schema\/logo\/image\/"},"sameAs":["https:\/\/www.facebook.com\/groups\/2997085857140235"]},{"@type":"Person","@id":"https:\/\/www.vitalibera.org\/community\/#\/schema\/person\/6712387298421f222ff6d0a2e22c1534","name":"Andreas Jecklin","image":{"@type":"ImageObject","inLanguage":"de","@id":"https:\/\/secure.gravatar.com\/avatar\/ad516503a11cd5ca435acc9bb6523536?s=96","url":"https:\/\/secure.gravatar.com\/avatar\/ad516503a11cd5ca435acc9bb6523536?s=96","contentUrl":"https:\/\/secure.gravatar.com\/avatar\/ad516503a11cd5ca435acc9bb6523536?s=96","caption":"Andreas Jecklin"},"description":"Manchen gab Gott die Kraft Dinge zu ver\u00e4ndern, mir gab er die Kraft zu ertragen was nicht mehr zu \u00e4ndern ist.","url":"https:\/\/www.vitalibera.org\/community\/author\/andy77\/"}]}},"jetpack_featured_media_url":"https:\/\/www.vitalibera.org\/community\/wp-content\/uploads\/2026\/04\/weg.png","jetpack_sharing_enabled":true,"jetpack-related-posts":[],"_links":{"self":[{"href":"https:\/\/www.vitalibera.org\/community\/wp-json\/wp\/v2\/posts\/6550","targetHints":{"allow":["GET"]}}],"collection":[{"href":"https:\/\/www.vitalibera.org\/community\/wp-json\/wp\/v2\/posts"}],"about":[{"href":"https:\/\/www.vitalibera.org\/community\/wp-json\/wp\/v2\/types\/post"}],"author":[{"embeddable":true,"href":"https:\/\/www.vitalibera.org\/community\/wp-json\/wp\/v2\/users\/2"}],"replies":[{"embeddable":true,"href":"https:\/\/www.vitalibera.org\/community\/wp-json\/wp\/v2\/comments?post=6550"}],"version-history":[{"count":2,"href":"https:\/\/www.vitalibera.org\/community\/wp-json\/wp\/v2\/posts\/6550\/revisions"}],"predecessor-version":[{"id":6554,"href":"https:\/\/www.vitalibera.org\/community\/wp-json\/wp\/v2\/posts\/6550\/revisions\/6554"}],"wp:featuredmedia":[{"embeddable":true,"href":"https:\/\/www.vitalibera.org\/community\/wp-json\/wp\/v2\/media\/6551"}],"wp:attachment":[{"href":"https:\/\/www.vitalibera.org\/community\/wp-json\/wp\/v2\/media?parent=6550"}],"wp:term":[{"taxonomy":"category","embeddable":true,"href":"https:\/\/www.vitalibera.org\/community\/wp-json\/wp\/v2\/categories?post=6550"},{"taxonomy":"post_tag","embeddable":true,"href":"https:\/\/www.vitalibera.org\/community\/wp-json\/wp\/v2\/tags?post=6550"}],"curies":[{"name":"wp","href":"https:\/\/api.w.org\/{rel}","templated":true}]}}