{"id":6584,"date":"2026-04-07T13:17:16","date_gmt":"2026-04-07T11:17:16","guid":{"rendered":"https:\/\/www.vitalibera.org\/community\/?p=6584"},"modified":"2026-04-07T13:18:41","modified_gmt":"2026-04-07T11:18:41","slug":"mit-rueckschlaegen-klarkommen","status":"publish","type":"post","link":"https:\/\/www.vitalibera.org\/community\/2026\/04\/07\/mit-rueckschlaegen-klarkommen\/","title":{"rendered":"Mit R\u00fcckschl\u00e4gen klarkommen"},"content":{"rendered":"\n<div class=\"wp-block-media-text is-stacked-on-mobile is-vertically-aligned-top\"><figure class=\"wp-block-media-text__media\"><img fetchpriority=\"high\" decoding=\"async\" width=\"445\" height=\"409\" src=\"https:\/\/www.vitalibera.org\/community\/wp-content\/uploads\/2026\/04\/fall.png\" alt=\"\" class=\"wp-image-6585 size-full\" srcset=\"https:\/\/www.vitalibera.org\/community\/wp-content\/uploads\/2026\/04\/fall.png 445w, https:\/\/www.vitalibera.org\/community\/wp-content\/uploads\/2026\/04\/fall-300x276.png 300w\" sizes=\"(max-width: 445px) 100vw, 445px\" \/><\/figure><div class=\"wp-block-media-text__content\">\n<p><\/p>\n\n\n\n<p>R&uuml;ckschl&auml;ge geh&ouml;ren zur Rehabilitation genauso dazu wie Fortschritte. Sie sind kein Zeichen von Scheitern, sondern ein nat&uuml;rlicher Teil des Lernprozesses, wenn K&ouml;rper und Gehirn sich neu organisieren. Manche Tage f&uuml;hlen sich schwer an, andere leichter &ndash; und beide sind wertvoll.<\/p>\n\n\n\n<p>Wichtig ist nicht, immer stark zu sein, sondern <strong>weiterzugehen<\/strong>, auch wenn es langsamer, m&uuml;hsamer oder frustrierender wird als gedacht. Jeder Versuch z&auml;hlt. Jeder kleine Schritt ist ein Zeichen von Mut.<\/p>\n\n\n\n<p>R&uuml;ckschl&auml;ge stoppen deinen Weg nicht &ndash; sie formen ihn. Und du w&auml;chst an jedem einzelnen davon.<\/p>\n<\/div><\/div>\n\n\n\n<h6 class=\"wp-block-heading\"><strong>1. R&uuml;ckschl&auml;ge sind kein R&uuml;ckfall<\/strong><\/h6>\n\n\n\n<p>Ein schlechter Tag bedeutet nicht, dass alles verloren ist. Das Gehirn lernt nicht linear &ndash; es lernt in <strong>Wellen<\/strong>. Manchmal ist die Welle oben, manchmal unten. Beides geh&ouml;rt zum Prozess.<\/p>\n\n\n\n<h6 class=\"wp-block-heading\"><strong>2. Erst f&uuml;hlen, dann einordnen<\/strong><\/h6>\n\n\n\n<ul class=\"wp-block-list\">\n<li>Frust ist normal<\/li>\n\n\n\n<li>M&uuml;digkeit ist normal<\/li>\n\n\n\n<li>Angst ist normal<\/li>\n\n\n\n<li>Zweifel sind normal<\/li>\n<\/ul>\n\n\n\n<p>Alles darf da sein. Nichts davon sagt etwas &uuml;ber deinen Wert oder deinen Fortschritt aus.<\/p>\n\n\n\n<h6 class=\"wp-block-heading\"><strong>3. &bdquo;Heute ist schwer &ndash; und das ist okay&ldquo;<\/strong><\/h6>\n\n\n\n<p>Ein Satz, der Druck rausnimmt und Raum schafft. Er ersetzt Selbstkritik durch Selbstfreundlichkeit.<\/p>\n\n\n\n<h6 class=\"wp-block-heading\"><strong>4. Mini&#8209;Reset statt Aufgeben<\/strong><\/h6>\n\n\n\n<p>Wenn etwas nicht klappt:<\/p>\n\n\n\n<ul class=\"wp-block-list\">\n<li>3 Atemz&uuml;ge<\/li>\n\n\n\n<li>1 Minute Pause<\/li>\n\n\n\n<li>Eine kleinere Version der Aufgabe w&auml;hlen<\/li>\n<\/ul>\n\n\n\n<p>Beispiel: Statt 10 Minuten &Uuml;bung &rarr; 1 Minute. Statt Spaziergang &rarr; Balkonrunde.<\/p>\n\n\n\n<h6 class=\"wp-block-heading\"><strong>5. R&uuml;ckschl&auml;ge sind Daten, keine Urteile<\/strong><\/h6>\n\n\n\n<p>Frage dich:<\/p>\n\n\n\n<ul class=\"wp-block-list\">\n<li>Was hat heute Energie gezogen<\/li>\n\n\n\n<li>Was hat geholfen<\/li>\n\n\n\n<li>Was kann ich morgen kleiner, leichter, anders machen<\/li>\n<\/ul>\n\n\n\n<p>Das ist <strong>neuroplastisches Denken<\/strong>.<\/p>\n\n\n\n<h6 class=\"wp-block-heading\"><strong>6. Verbunden bleiben<\/strong><\/h6>\n\n\n\n<p>R&uuml;ckschl&auml;ge isolieren &ndash; Verbindung entlastet. Ein kurzer Austausch mit einer vertrauten Person kann reichen: &bdquo;Heute war schwer. Ich probiere morgen weiter.&ldquo;<\/p>\n\n\n\n<h6 class=\"wp-block-heading\"><strong>7. Fortschritt sichtbar machen<\/strong><\/h6>\n\n\n\n<p>Gerade an schweren Tagen hilft:<\/p>\n\n\n\n<ul class=\"wp-block-list\">\n<li>Foto&#8209;Tagebuch<\/li>\n\n\n\n<li>Erfolgsliste<\/li>\n\n\n\n<li>Sticker&#8209;System<\/li>\n\n\n\n<li>&bdquo;Was ging heute gut?&ldquo;&#8209;Notiz<\/li>\n<\/ul>\n\n\n\n<p>So sieht man: Die schlechten Tage l&ouml;schen die guten nicht aus.<\/p>\n\n\n\n<h6 class=\"wp-block-heading\"><strong>8. Ein Ritual f&uuml;r schwere Tage<\/strong><\/h6>\n\n\n\n<p>Ein kleines, wiederholbares Zeichen:<\/p>\n\n\n\n<ul class=\"wp-block-list\">\n<li>Kerze anz&uuml;nden<\/li>\n\n\n\n<li>Hand aufs Herz<\/li>\n\n\n\n<li>Lieblingssong<\/li>\n\n\n\n<li>Warme Dusche<\/li>\n\n\n\n<li>2&#8209;Minuten&#8209;Kritzeln<\/li>\n<\/ul>\n\n\n\n<p>Ein Ritual sagt: <strong>&bdquo;Ich bleibe bei mir, auch wenn es schwer ist.&ldquo;<\/strong><\/p>\n\n\n\n<h6 class=\"wp-block-heading\"><strong>9. Der Tag endet &ndash; nicht dein Weg<\/strong><\/h6>\n\n\n\n<p>Ein schlechter Tag ist nur ein Tag. Morgen ist kein Neustart bei Null, sondern ein Weitergehen.<\/p>\n\n\n\n<div class=\"wp-block-media-text is-stacked-on-mobile\"><figure class=\"wp-block-media-text__media\"><img decoding=\"async\" width=\"302\" height=\"277\" src=\"http:\/\/www.vitalibera.org\/community\/wp-content\/uploads\/2026\/03\/tip3.png\" alt=\"\" class=\"wp-image-6087 size-full\" srcset=\"https:\/\/www.vitalibera.org\/community\/wp-content\/uploads\/2026\/03\/tip3.png 302w, https:\/\/www.vitalibera.org\/community\/wp-content\/uploads\/2026\/03\/tip3-300x275.png 300w\" sizes=\"(max-width: 302px) 100vw, 302px\" \/><\/figure><div class=\"wp-block-media-text__content\">\n<p>Wenn ein Tag schwer ist, verkleinere ihn. Nicht du musst &bdquo;mehr schaffen&ldquo; &ndash; der Tag darf <strong>weniger verlangen<\/strong>.<\/p>\n\n\n\n<p>Mach aus einem &uuml;berfordernden Tag drei kleine Inseln:<\/p>\n\n\n\n<ul class=\"wp-block-list\">\n<li><strong>Eine Sache f&uuml;r den K&ouml;rper<\/strong> (z.&#8239;B. 1 Minute Bewegung)<\/li>\n\n\n\n<li><strong>Eine Sache f&uuml;r den Alltag<\/strong> (z.&#8239;B. Tasse selbst halten)<\/li>\n\n\n\n<li><strong>Eine Sache f&uuml;r die Seele<\/strong> (z.&#8239;B. Lieblingssong)<\/li>\n<\/ul>\n\n\n\n<p>Alles dar&uuml;ber hinaus ist Bonus. Und wenn nur eine Insel klappt, z&auml;hlt sie trotzdem.<\/p>\n<\/div><\/div>\n\n\n\n<div class=\"wp-block-media-text is-stacked-on-mobile\"><figure class=\"wp-block-media-text__media\"><img decoding=\"async\" width=\"259\" height=\"240\" src=\"http:\/\/www.vitalibera.org\/community\/wp-content\/uploads\/2026\/03\/dbc5972683099460054d3dbc8212a892-1.jpg\" alt=\"\" class=\"wp-image-6333 size-full\"><\/figure><div class=\"wp-block-media-text__content\">\n<p><a href=\"https:\/\/www.vitalibera.org\/community\/2026\/04\/07\/selbstmotivation-kleine-impulse-grosse-wirkung\/\">Selbstmotivation &ndash; Kleine Impulse, gro&szlig;e Wirkung<\/a><\/p>\n\n\n\n<p><a href=\"https:\/\/www.vitalibera.org\/community\/2026\/04\/06\/energie-management-nach-schlaganfall\/\">Energie&#8209;Management nach Schlaganfall<\/a><\/p>\n\n\n\n<p><a href=\"https:\/\/www.vitalibera.org\/community\/2026\/04\/06\/master-frage-warum-gerade-ich\/\">Master-Frage : Warum gerade ich?<\/a><\/p>\n\n\n\n<p><a href=\"https:\/\/www.vitalibera.org\/community\/2026\/03\/06\/das-leben-nach-einem-schlaganfall-zurueck-zu-erkaempfen\/\">Das Leben nach einem Schlaganfall zur&uuml;ck erk&auml;mpfen<\/a><\/p>\n\n\n\n<p><a href=\"https:\/\/www.vitalibera.org\/community\/2026\/03\/25\/ich-will-mein-leben-zurueck\/\">Ich will mein Leben zur&uuml;ck!<\/a><\/p>\n<\/div><\/div>\n","protected":false},"excerpt":{"rendered":"<p>R\u00fcckschl\u00e4ge geh\u00f6ren zur Rehabilitation genauso dazu wie Fortschritte. Sie sind kein Zeichen von Scheitern, sondern ein nat\u00fcrlicher Teil des Lernprozesses, wenn K\u00f6rper und Gehirn sich neu organisieren. Manche Tage f\u00fchlen sich schwer an, andere leichter \u2013 und beide sind wertvoll. Wichtig ist nicht, immer stark zu sein, sondern weiterzugehen, auch wenn es langsamer, m\u00fchsamer oder &#8230; <a title=\"Mit R\u00fcckschl\u00e4gen klarkommen\" class=\"read-more\" href=\"https:\/\/www.vitalibera.org\/community\/2026\/04\/07\/mit-rueckschlaegen-klarkommen\/\" aria-label=\"Mehr Informationen \u00fcber Mit R\u00fcckschl\u00e4gen klarkommen\">Weiterlesen<\/a><\/p>\n","protected":false},"author":2,"featured_media":6585,"comment_status":"open","ping_status":"open","sticky":false,"template":"","format":"standard","meta":{"cybocfi_hide_featured_image":"yes","_jetpack_memberships_contains_paid_content":false,"footnotes":""},"categories":[25,225],"tags":[],"class_list":["post-6584","post","type-post","status-publish","format-standard","has-post-thumbnail","hentry","category-eingeschraenkt-im-alltag","category-hilfe-fuer-angehoerige"],"yoast_head":"<!-- This site is optimized with the Yoast SEO plugin v27.4 - https:\/\/yoast.com\/product\/yoast-seo-wordpress\/ -->\r\n<title>Mit R\u00fcckschl\u00e4gen klarkommen - vitalibera.org<\/title>\r\n<meta name=\"robots\" content=\"index, follow, max-snippet:-1, max-image-preview:large, max-video-preview:-1\" \/>\r\n<link rel=\"canonical\" href=\"https:\/\/www.vitalibera.org\/community\/2026\/04\/07\/mit-rueckschlaegen-klarkommen\/\" \/>\r\n<meta property=\"og:locale\" content=\"de_DE\" \/>\r\n<meta property=\"og:type\" content=\"article\" \/>\r\n<meta property=\"og:title\" content=\"Mit R\u00fcckschl\u00e4gen klarkommen - vitalibera.org\" \/>\r\n<meta property=\"og:description\" content=\"R\u00fcckschl\u00e4ge geh\u00f6ren zur Rehabilitation genauso dazu wie Fortschritte. Sie sind kein Zeichen von Scheitern, sondern ein nat\u00fcrlicher Teil des Lernprozesses, wenn K\u00f6rper und Gehirn sich neu organisieren. Manche Tage f\u00fchlen sich schwer an, andere leichter \u2013 und beide sind wertvoll. Wichtig ist nicht, immer stark zu sein, sondern weiterzugehen, auch wenn es langsamer, m\u00fchsamer oder ... Weiterlesen\" \/>\r\n<meta property=\"og:url\" content=\"https:\/\/www.vitalibera.org\/community\/2026\/04\/07\/mit-rueckschlaegen-klarkommen\/\" \/>\r\n<meta property=\"og:site_name\" content=\"vitalibera.org\" \/>\r\n<meta property=\"article:publisher\" content=\"https:\/\/www.facebook.com\/groups\/2997085857140235\" \/>\r\n<meta property=\"article:published_time\" content=\"2026-04-07T11:17:16+00:00\" \/>\r\n<meta property=\"article:modified_time\" content=\"2026-04-07T11:18:41+00:00\" \/>\r\n<meta property=\"og:image\" content=\"https:\/\/www.vitalibera.org\/community\/wp-content\/uploads\/2026\/04\/fall.png\" \/>\r\n\t<meta property=\"og:image:width\" content=\"445\" \/>\r\n\t<meta property=\"og:image:height\" content=\"409\" \/>\r\n\t<meta property=\"og:image:type\" content=\"image\/png\" \/>\r\n<meta name=\"author\" content=\"Andreas Jecklin\" \/>\r\n<meta name=\"twitter:card\" content=\"summary_large_image\" \/>\r\n<meta name=\"twitter:label1\" content=\"Verfasst von\" \/>\n\t<meta name=\"twitter:data1\" content=\"Andreas Jecklin\" \/>\n\t<meta name=\"twitter:label2\" content=\"Gesch\u00e4tzte Lesezeit\" \/>\n\t<meta name=\"twitter:data2\" content=\"4\u00a0Minuten\" \/>\r\n<script type=\"application\/ld+json\" class=\"yoast-schema-graph\">{\"@context\":\"https:\\\/\\\/schema.org\",\"@graph\":[{\"@type\":\"Article\",\"@id\":\"https:\\\/\\\/www.vitalibera.org\\\/community\\\/2026\\\/04\\\/07\\\/mit-rueckschlaegen-klarkommen\\\/#article\",\"isPartOf\":{\"@id\":\"https:\\\/\\\/www.vitalibera.org\\\/community\\\/2026\\\/04\\\/07\\\/mit-rueckschlaegen-klarkommen\\\/\"},\"author\":{\"name\":\"Andreas Jecklin\",\"@id\":\"https:\\\/\\\/www.vitalibera.org\\\/community\\\/#\\\/schema\\\/person\\\/6712387298421f222ff6d0a2e22c1534\"},\"headline\":\"Mit R\u00fcckschl\u00e4gen klarkommen\",\"datePublished\":\"2026-04-07T11:17:16+00:00\",\"dateModified\":\"2026-04-07T11:18:41+00:00\",\"mainEntityOfPage\":{\"@id\":\"https:\\\/\\\/www.vitalibera.org\\\/community\\\/2026\\\/04\\\/07\\\/mit-rueckschlaegen-klarkommen\\\/\"},\"wordCount\":456,\"commentCount\":0,\"publisher\":{\"@id\":\"https:\\\/\\\/www.vitalibera.org\\\/community\\\/#organization\"},\"image\":{\"@id\":\"https:\\\/\\\/www.vitalibera.org\\\/community\\\/2026\\\/04\\\/07\\\/mit-rueckschlaegen-klarkommen\\\/#primaryimage\"},\"thumbnailUrl\":\"https:\\\/\\\/www.vitalibera.org\\\/community\\\/wp-content\\\/uploads\\\/2026\\\/04\\\/fall.png\",\"articleSection\":[\"Eingeschr\u00e4nkt im Alltag\",\"Hilfe f\u00fcr Angeh\u00f6rige\"],\"inLanguage\":\"de\",\"potentialAction\":[{\"@type\":\"CommentAction\",\"name\":\"Comment\",\"target\":[\"https:\\\/\\\/www.vitalibera.org\\\/community\\\/2026\\\/04\\\/07\\\/mit-rueckschlaegen-klarkommen\\\/#respond\"]}]},{\"@type\":\"WebPage\",\"@id\":\"https:\\\/\\\/www.vitalibera.org\\\/community\\\/2026\\\/04\\\/07\\\/mit-rueckschlaegen-klarkommen\\\/\",\"url\":\"https:\\\/\\\/www.vitalibera.org\\\/community\\\/2026\\\/04\\\/07\\\/mit-rueckschlaegen-klarkommen\\\/\",\"name\":\"Mit R\u00fcckschl\u00e4gen klarkommen - vitalibera.org\",\"isPartOf\":{\"@id\":\"https:\\\/\\\/www.vitalibera.org\\\/community\\\/#website\"},\"primaryImageOfPage\":{\"@id\":\"https:\\\/\\\/www.vitalibera.org\\\/community\\\/2026\\\/04\\\/07\\\/mit-rueckschlaegen-klarkommen\\\/#primaryimage\"},\"image\":{\"@id\":\"https:\\\/\\\/www.vitalibera.org\\\/community\\\/2026\\\/04\\\/07\\\/mit-rueckschlaegen-klarkommen\\\/#primaryimage\"},\"thumbnailUrl\":\"https:\\\/\\\/www.vitalibera.org\\\/community\\\/wp-content\\\/uploads\\\/2026\\\/04\\\/fall.png\",\"datePublished\":\"2026-04-07T11:17:16+00:00\",\"dateModified\":\"2026-04-07T11:18:41+00:00\",\"breadcrumb\":{\"@id\":\"https:\\\/\\\/www.vitalibera.org\\\/community\\\/2026\\\/04\\\/07\\\/mit-rueckschlaegen-klarkommen\\\/#breadcrumb\"},\"inLanguage\":\"de\",\"potentialAction\":[{\"@type\":\"ReadAction\",\"target\":[\"https:\\\/\\\/www.vitalibera.org\\\/community\\\/2026\\\/04\\\/07\\\/mit-rueckschlaegen-klarkommen\\\/\"]}]},{\"@type\":\"BreadcrumbList\",\"@id\":\"https:\\\/\\\/www.vitalibera.org\\\/community\\\/2026\\\/04\\\/07\\\/mit-rueckschlaegen-klarkommen\\\/#breadcrumb\",\"itemListElement\":[{\"@type\":\"ListItem\",\"position\":1,\"name\":\"Startseite\",\"item\":\"https:\\\/\\\/www.vitalibera.org\\\/community\\\/\"},{\"@type\":\"ListItem\",\"position\":2,\"name\":\"Mit R\u00fcckschl\u00e4gen klarkommen\"}]},{\"@type\":\"WebSite\",\"@id\":\"https:\\\/\\\/www.vitalibera.org\\\/community\\\/#website\",\"url\":\"https:\\\/\\\/www.vitalibera.org\\\/community\\\/\",\"name\":\"vitalibera.org\",\"description\":\"Mit einer Einschr&auml;nkung gestaltet sich das Leben im Alltag oft schwieriger - hier berichten wir &uuml;ber unsere Erfahrungen und Hilfsmittel um den Alltag so unbeschwert und unkompliziert wie nur m&ouml;glich geniessen zu k&ouml;nnen. Dabei richten wir unseren Fokus gezielt auf Selbst&auml;ndigkeit, Eigenst&auml;ndigkeit und Selbstbestimmung.\",\"publisher\":{\"@id\":\"https:\\\/\\\/www.vitalibera.org\\\/community\\\/#organization\"},\"potentialAction\":[{\"@type\":\"SearchAction\",\"target\":{\"@type\":\"EntryPoint\",\"urlTemplate\":\"https:\\\/\\\/www.vitalibera.org\\\/community\\\/?s={search_term_string}\"},\"query-input\":{\"@type\":\"PropertyValueSpecification\",\"valueRequired\":true,\"valueName\":\"search_term_string\"}}],\"inLanguage\":\"de\"},{\"@type\":\"Organization\",\"@id\":\"https:\\\/\\\/www.vitalibera.org\\\/community\\\/#organization\",\"name\":\"vitalibera.org\",\"url\":\"https:\\\/\\\/www.vitalibera.org\\\/community\\\/\",\"logo\":{\"@type\":\"ImageObject\",\"inLanguage\":\"de\",\"@id\":\"https:\\\/\\\/www.vitalibera.org\\\/community\\\/#\\\/schema\\\/logo\\\/image\\\/\",\"url\":\"https:\\\/\\\/www.vitalibera.org\\\/community\\\/wp-content\\\/uploads\\\/2025\\\/09\\\/cropped-banner.png\",\"contentUrl\":\"https:\\\/\\\/www.vitalibera.org\\\/community\\\/wp-content\\\/uploads\\\/2025\\\/09\\\/cropped-banner.png\",\"width\":991,\"height\":150,\"caption\":\"vitalibera.org\"},\"image\":{\"@id\":\"https:\\\/\\\/www.vitalibera.org\\\/community\\\/#\\\/schema\\\/logo\\\/image\\\/\"},\"sameAs\":[\"https:\\\/\\\/www.facebook.com\\\/groups\\\/2997085857140235\"]},{\"@type\":\"Person\",\"@id\":\"https:\\\/\\\/www.vitalibera.org\\\/community\\\/#\\\/schema\\\/person\\\/6712387298421f222ff6d0a2e22c1534\",\"name\":\"Andreas Jecklin\",\"image\":{\"@type\":\"ImageObject\",\"inLanguage\":\"de\",\"@id\":\"https:\\\/\\\/secure.gravatar.com\\\/avatar\\\/ad516503a11cd5ca435acc9bb6523536?s=96\",\"url\":\"https:\\\/\\\/secure.gravatar.com\\\/avatar\\\/ad516503a11cd5ca435acc9bb6523536?s=96\",\"contentUrl\":\"https:\\\/\\\/secure.gravatar.com\\\/avatar\\\/ad516503a11cd5ca435acc9bb6523536?s=96\",\"caption\":\"Andreas Jecklin\"},\"description\":\"Manchen gab Gott die Kraft Dinge zu ver\u00e4ndern, mir gab er die Kraft zu ertragen was nicht mehr zu \u00e4ndern ist.\",\"url\":\"https:\\\/\\\/www.vitalibera.org\\\/community\\\/author\\\/andy77\\\/\"}]}<\/script>\r\n<!-- \/ Yoast SEO plugin. -->","yoast_head_json":{"title":"Mit R\u00fcckschl\u00e4gen klarkommen - vitalibera.org","robots":{"index":"index","follow":"follow","max-snippet":"max-snippet:-1","max-image-preview":"max-image-preview:large","max-video-preview":"max-video-preview:-1"},"canonical":"https:\/\/www.vitalibera.org\/community\/2026\/04\/07\/mit-rueckschlaegen-klarkommen\/","og_locale":"de_DE","og_type":"article","og_title":"Mit R\u00fcckschl\u00e4gen klarkommen - vitalibera.org","og_description":"R\u00fcckschl\u00e4ge geh\u00f6ren zur Rehabilitation genauso dazu wie Fortschritte. Sie sind kein Zeichen von Scheitern, sondern ein nat\u00fcrlicher Teil des Lernprozesses, wenn K\u00f6rper und Gehirn sich neu organisieren. Manche Tage f\u00fchlen sich schwer an, andere leichter \u2013 und beide sind wertvoll. Wichtig ist nicht, immer stark zu sein, sondern weiterzugehen, auch wenn es langsamer, m\u00fchsamer oder ... Weiterlesen","og_url":"https:\/\/www.vitalibera.org\/community\/2026\/04\/07\/mit-rueckschlaegen-klarkommen\/","og_site_name":"vitalibera.org","article_publisher":"https:\/\/www.facebook.com\/groups\/2997085857140235","article_published_time":"2026-04-07T11:17:16+00:00","article_modified_time":"2026-04-07T11:18:41+00:00","og_image":[{"width":445,"height":409,"url":"https:\/\/www.vitalibera.org\/community\/wp-content\/uploads\/2026\/04\/fall.png","type":"image\/png"}],"author":"Andreas Jecklin","twitter_card":"summary_large_image","twitter_misc":{"Verfasst von":"Andreas Jecklin","Gesch\u00e4tzte Lesezeit":"4\u00a0Minuten"},"schema":{"@context":"https:\/\/schema.org","@graph":[{"@type":"Article","@id":"https:\/\/www.vitalibera.org\/community\/2026\/04\/07\/mit-rueckschlaegen-klarkommen\/#article","isPartOf":{"@id":"https:\/\/www.vitalibera.org\/community\/2026\/04\/07\/mit-rueckschlaegen-klarkommen\/"},"author":{"name":"Andreas Jecklin","@id":"https:\/\/www.vitalibera.org\/community\/#\/schema\/person\/6712387298421f222ff6d0a2e22c1534"},"headline":"Mit R\u00fcckschl\u00e4gen klarkommen","datePublished":"2026-04-07T11:17:16+00:00","dateModified":"2026-04-07T11:18:41+00:00","mainEntityOfPage":{"@id":"https:\/\/www.vitalibera.org\/community\/2026\/04\/07\/mit-rueckschlaegen-klarkommen\/"},"wordCount":456,"commentCount":0,"publisher":{"@id":"https:\/\/www.vitalibera.org\/community\/#organization"},"image":{"@id":"https:\/\/www.vitalibera.org\/community\/2026\/04\/07\/mit-rueckschlaegen-klarkommen\/#primaryimage"},"thumbnailUrl":"https:\/\/www.vitalibera.org\/community\/wp-content\/uploads\/2026\/04\/fall.png","articleSection":["Eingeschr\u00e4nkt im Alltag","Hilfe f\u00fcr Angeh\u00f6rige"],"inLanguage":"de","potentialAction":[{"@type":"CommentAction","name":"Comment","target":["https:\/\/www.vitalibera.org\/community\/2026\/04\/07\/mit-rueckschlaegen-klarkommen\/#respond"]}]},{"@type":"WebPage","@id":"https:\/\/www.vitalibera.org\/community\/2026\/04\/07\/mit-rueckschlaegen-klarkommen\/","url":"https:\/\/www.vitalibera.org\/community\/2026\/04\/07\/mit-rueckschlaegen-klarkommen\/","name":"Mit R\u00fcckschl\u00e4gen klarkommen - vitalibera.org","isPartOf":{"@id":"https:\/\/www.vitalibera.org\/community\/#website"},"primaryImageOfPage":{"@id":"https:\/\/www.vitalibera.org\/community\/2026\/04\/07\/mit-rueckschlaegen-klarkommen\/#primaryimage"},"image":{"@id":"https:\/\/www.vitalibera.org\/community\/2026\/04\/07\/mit-rueckschlaegen-klarkommen\/#primaryimage"},"thumbnailUrl":"https:\/\/www.vitalibera.org\/community\/wp-content\/uploads\/2026\/04\/fall.png","datePublished":"2026-04-07T11:17:16+00:00","dateModified":"2026-04-07T11:18:41+00:00","breadcrumb":{"@id":"https:\/\/www.vitalibera.org\/community\/2026\/04\/07\/mit-rueckschlaegen-klarkommen\/#breadcrumb"},"inLanguage":"de","potentialAction":[{"@type":"ReadAction","target":["https:\/\/www.vitalibera.org\/community\/2026\/04\/07\/mit-rueckschlaegen-klarkommen\/"]}]},{"@type":"BreadcrumbList","@id":"https:\/\/www.vitalibera.org\/community\/2026\/04\/07\/mit-rueckschlaegen-klarkommen\/#breadcrumb","itemListElement":[{"@type":"ListItem","position":1,"name":"Startseite","item":"https:\/\/www.vitalibera.org\/community\/"},{"@type":"ListItem","position":2,"name":"Mit R\u00fcckschl\u00e4gen klarkommen"}]},{"@type":"WebSite","@id":"https:\/\/www.vitalibera.org\/community\/#website","url":"https:\/\/www.vitalibera.org\/community\/","name":"vitalibera.org","description":"Mit einer Einschr&auml;nkung gestaltet sich das Leben im Alltag oft schwieriger - hier berichten wir &uuml;ber unsere Erfahrungen und Hilfsmittel um den Alltag so unbeschwert und unkompliziert wie nur m&ouml;glich geniessen zu k&ouml;nnen. Dabei richten wir unseren Fokus gezielt auf Selbst&auml;ndigkeit, Eigenst&auml;ndigkeit und Selbstbestimmung.","publisher":{"@id":"https:\/\/www.vitalibera.org\/community\/#organization"},"potentialAction":[{"@type":"SearchAction","target":{"@type":"EntryPoint","urlTemplate":"https:\/\/www.vitalibera.org\/community\/?s={search_term_string}"},"query-input":{"@type":"PropertyValueSpecification","valueRequired":true,"valueName":"search_term_string"}}],"inLanguage":"de"},{"@type":"Organization","@id":"https:\/\/www.vitalibera.org\/community\/#organization","name":"vitalibera.org","url":"https:\/\/www.vitalibera.org\/community\/","logo":{"@type":"ImageObject","inLanguage":"de","@id":"https:\/\/www.vitalibera.org\/community\/#\/schema\/logo\/image\/","url":"https:\/\/www.vitalibera.org\/community\/wp-content\/uploads\/2025\/09\/cropped-banner.png","contentUrl":"https:\/\/www.vitalibera.org\/community\/wp-content\/uploads\/2025\/09\/cropped-banner.png","width":991,"height":150,"caption":"vitalibera.org"},"image":{"@id":"https:\/\/www.vitalibera.org\/community\/#\/schema\/logo\/image\/"},"sameAs":["https:\/\/www.facebook.com\/groups\/2997085857140235"]},{"@type":"Person","@id":"https:\/\/www.vitalibera.org\/community\/#\/schema\/person\/6712387298421f222ff6d0a2e22c1534","name":"Andreas Jecklin","image":{"@type":"ImageObject","inLanguage":"de","@id":"https:\/\/secure.gravatar.com\/avatar\/ad516503a11cd5ca435acc9bb6523536?s=96","url":"https:\/\/secure.gravatar.com\/avatar\/ad516503a11cd5ca435acc9bb6523536?s=96","contentUrl":"https:\/\/secure.gravatar.com\/avatar\/ad516503a11cd5ca435acc9bb6523536?s=96","caption":"Andreas Jecklin"},"description":"Manchen gab Gott die Kraft Dinge zu ver\u00e4ndern, mir gab er die Kraft zu ertragen was nicht mehr zu \u00e4ndern ist.","url":"https:\/\/www.vitalibera.org\/community\/author\/andy77\/"}]}},"jetpack_featured_media_url":"https:\/\/www.vitalibera.org\/community\/wp-content\/uploads\/2026\/04\/fall.png","jetpack_sharing_enabled":true,"jetpack-related-posts":[],"_links":{"self":[{"href":"https:\/\/www.vitalibera.org\/community\/wp-json\/wp\/v2\/posts\/6584","targetHints":{"allow":["GET"]}}],"collection":[{"href":"https:\/\/www.vitalibera.org\/community\/wp-json\/wp\/v2\/posts"}],"about":[{"href":"https:\/\/www.vitalibera.org\/community\/wp-json\/wp\/v2\/types\/post"}],"author":[{"embeddable":true,"href":"https:\/\/www.vitalibera.org\/community\/wp-json\/wp\/v2\/users\/2"}],"replies":[{"embeddable":true,"href":"https:\/\/www.vitalibera.org\/community\/wp-json\/wp\/v2\/comments?post=6584"}],"version-history":[{"count":1,"href":"https:\/\/www.vitalibera.org\/community\/wp-json\/wp\/v2\/posts\/6584\/revisions"}],"predecessor-version":[{"id":6586,"href":"https:\/\/www.vitalibera.org\/community\/wp-json\/wp\/v2\/posts\/6584\/revisions\/6586"}],"wp:featuredmedia":[{"embeddable":true,"href":"https:\/\/www.vitalibera.org\/community\/wp-json\/wp\/v2\/media\/6585"}],"wp:attachment":[{"href":"https:\/\/www.vitalibera.org\/community\/wp-json\/wp\/v2\/media?parent=6584"}],"wp:term":[{"taxonomy":"category","embeddable":true,"href":"https:\/\/www.vitalibera.org\/community\/wp-json\/wp\/v2\/categories?post=6584"},{"taxonomy":"post_tag","embeddable":true,"href":"https:\/\/www.vitalibera.org\/community\/wp-json\/wp\/v2\/tags?post=6584"}],"curies":[{"name":"wp","href":"https:\/\/api.w.org\/{rel}","templated":true}]}}