{"id":6592,"date":"2026-04-07T17:59:38","date_gmt":"2026-04-07T15:59:38","guid":{"rendered":"https:\/\/www.vitalibera.org\/community\/?p=6592"},"modified":"2026-04-07T18:03:19","modified_gmt":"2026-04-07T16:03:19","slug":"zeckenrisiko-bei-neurologischen-erkrankungen","status":"publish","type":"post","link":"https:\/\/www.vitalibera.org\/community\/2026\/04\/07\/zeckenrisiko-bei-neurologischen-erkrankungen\/","title":{"rendered":"Zeckenrisiko bei neurologischen Erkrankungen"},"content":{"rendered":"\n<div class=\"wp-block-media-text is-stacked-on-mobile\"><figure class=\"wp-block-media-text__media\"><img fetchpriority=\"high\" decoding=\"async\" width=\"700\" height=\"439\" src=\"https:\/\/www.vitalibera.org\/community\/wp-content\/uploads\/2026\/04\/zecke5.png\" alt=\"\" class=\"wp-image-6593 size-full\" srcset=\"https:\/\/www.vitalibera.org\/community\/wp-content\/uploads\/2026\/04\/zecke5.png 700w, https:\/\/www.vitalibera.org\/community\/wp-content\/uploads\/2026\/04\/zecke5-300x188.png 300w\" sizes=\"(max-width: 700px) 100vw, 700px\" \/><\/figure><div class=\"wp-block-media-text__content\">\n<p><strong>Zecken k&ouml;nnen mehrere ernsthafte neurologische Erkrankungen ausl&ouml;sen &ndash; am h&auml;ufigsten die <\/strong><em><strong>Neuroborreliose<\/strong><\/em><strong> und die <\/strong><em><strong>FSME (Fr&uuml;hsommer&#8209;Meningoenzephalitis)<\/strong><\/em><strong>. Beide treten auch in der Schweiz auf und sollten fr&uuml;h erkannt und behandelt werden.<\/strong><\/p>\n\n\n\n<p><\/p>\n<\/div><\/div>\n\n\n\n<h5 class=\"wp-block-heading\">Welche neurologischen Erkrankungen k&ouml;nnen Zecken ausl&ouml;sen?<\/h5>\n\n\n\n<h5 class=\"wp-block-heading\"><strong>Neuroborreliose (Lyme-Borreliose mit Beteiligung des Nervensystems)<\/strong><\/h5>\n\n\n\n<ul class=\"wp-block-list\">\n<li>Wird durch <em>Borrelia burgdorferi<\/em> &uuml;bertragen.<\/li>\n\n\n\n<li>In Deutschland sind ca. <strong>35&#8239;% der Zecken<\/strong> mit Borrelien infiziert, in Europa 10&ndash;30&#8239;% je nach Region.<\/li>\n\n\n\n<li>Nur ein kleiner Teil der Infizierten entwickelt tats&auml;chlich eine Neuroborreliose (ca. 3&#8239;%).<\/li>\n<\/ul>\n\n\n\n<p><strong>Typische neurologische Symptome:<\/strong><\/p>\n\n\n\n<ul class=\"wp-block-list\">\n<li>Entz&uuml;ndung der Hirnh&auml;ute und Nervenwurzeln<\/li>\n\n\n\n<li>Starke, brennende Nervenschmerzen (v.&#8239;a. nachts)<\/li>\n\n\n\n<li>Gesichtsl&auml;hmung (<a href=\"https:\/\/www.vitalibera.org\/community\/enzyklopaedie\/fazialisparese-2\/\" target=\"_self\" title=\"Eine Fazialisparese, auch Gesichtsl&auml;hmung genannt, ist eine&nbsp;L&auml;hmung des Gesichtsnervs (N. facialis), die zu einer halbseitigen Schw&auml;che der Gesichtsmuskulatur f&uuml;hrt. Sie kann durch verschiedene Ursachen wie Infektionen, Verletzungen oder Schlaganf&auml;lle hervorgerufen werden, ist aber oft idiopathisch, d.h. ohne erkennbare Ursache. Hauptsymptome sind ein h&auml;ngender Mundwinkel und die Schwierigkeit, ein Auge vollst&auml;ndig zu schlie&szlig;en, was zu Austrocknung&hellip;\" class=\"encyclopedia\">Fazialisparese<\/a>)<\/li>\n\n\n\n<li><a href=\"https:\/\/www.vitalibera.org\/community\/enzyklopaedie\/sensibilitaetsstoerungen\/\" target=\"_self\" title=\"Sensibilit&auml;tsst&ouml;rungen sind&nbsp;Ver&auml;nderungen der Wahrnehmung von Sinnesreizen wie Ber&uuml;hrung, Temperatur und Schmerz, die sich als Kribbeln, Taubheit, Jucken, Brennen oder &Uuml;ber- und Unterempfindlichkeit &auml;u&szlig;ern k&ouml;nnen.&nbsp;Sie entstehen durch St&ouml;rungen im Nervensystem, sei es im peripheren Nervensystem (Nervenbahnen) oder im zentralen Nervensystem (Gehirn, R&uuml;ckenmark), und k&ouml;nnen durch verschiedene Ursachen wie Nerveneinklemmungen, Durchblutungsst&ouml;rungen, Infektionen, Stoffwechselerkrankungen oder neurologische Erkrankungen wie&hellip;\" class=\"encyclopedia\">Sensibilit&auml;tsst&ouml;rungen<\/a>, Taubheit, Kribbeln<\/li>\n\n\n\n<li>Konzentrations- und Ged&auml;chtnisprobleme<\/li>\n\n\n\n<li>In schweren F&auml;llen: Herzrhythmusst&ouml;rungen, Augenbeteiligung<\/li>\n<\/ul>\n\n\n\n<p><strong>Zeitlicher Verlauf:<\/strong> Symptome treten meist <strong>Wochen bis Monate nach dem Zeckenstich<\/strong> auf.<\/p>\n\n\n\n<h5 class=\"wp-block-heading\"><strong>FSME &ndash; Fr&uuml;hsommer-Meningoenzephalitis<\/strong><\/h5>\n\n\n\n<ul class=\"wp-block-list\">\n<li>Wird durch ein Virus &uuml;bertragen.<\/li>\n\n\n\n<li>In der Schweiz ist FSME <strong>meldepflichtig<\/strong> und die Fallzahlen steigen seit Jahren.<\/li>\n\n\n\n<li>Besonders relevant, da <strong>fast alle Kantone (au&szlig;er Tessin)<\/strong> als Risikogebiet gelten.<\/li>\n<\/ul>\n\n\n\n<p><strong>Neurologische Symptome:<\/strong><\/p>\n\n\n\n<ul class=\"wp-block-list\">\n<li><a href=\"https:\/\/www.vitalibera.org\/community\/enzyklopaedie\/hirnhaut\/\" target=\"_self\" title='\"Hirnhaut\" (Meningen) bezieht sich auf die drei Bindegewebsschichten, die Gehirn und R&uuml;ckenmark umgeben und sch&uuml;tzen: die &auml;u&szlig;erste&nbsp;Dura mater&nbsp;(harte Hirnhaut), die mittlere&nbsp;Arachnoidea mater&nbsp;(Spinnengewebshaut) und die innerste&nbsp;Pia mater (weiche Hirnhaut). Diese Schichten umschlie&szlig;en das zentrale Nervensystem, bilden R&auml;ume f&uuml;r Liquor und Blutgef&auml;&szlig;e und setzen sich als R&uuml;ckenmarksh&auml;ute fort, wobei sie Schutz bieten und eine Barriere gegen Infektionen&hellip;' class=\"encyclopedia\">Hirnhaut<\/a>entz&uuml;ndung (<a href=\"https:\/\/www.vitalibera.org\/community\/enzyklopaedie\/meningitis\/\" target=\"_self\" title=\"Meningitis ist eine&nbsp;Entz&uuml;ndung der Hirnh&auml;ute. Ursache sind meist Viren oder Bakterien. Es handelt sich dabei um einen medizinischen Notfall und kann innerhalb weniger Stunden lebensbedrohlich werden. Eine sofortige &auml;rztliche Vorstellung ist notwendig. &nbsp;\" class=\"encyclopedia\">Meningitis<\/a>)<\/li>\n\n\n\n<li>Gehirnentz&uuml;ndung (Enzephalitis)<\/li>\n\n\n\n<li>L&auml;hmungen, Koordinationsst&ouml;rungen<\/li>\n\n\n\n<li>Langfristige neurologische Defizite m&ouml;glich<\/li>\n<\/ul>\n\n\n\n<p><strong>Wichtig:<\/strong> Gegen FSME gibt es eine <strong>Impfung<\/strong>, die in der Schweiz breit empfohlen wird.<\/p>\n\n\n\n<h5 class=\"wp-block-heading\"><strong>Wie unterscheiden sich Neuroborreliose und FSME?<\/strong><\/h5>\n\n\n\n<figure class=\"wp-block-table\"><table class=\"has-fixed-layout\"><thead><tr><th>Merkmal<\/th><th>Neuroborreliose<\/th><th>FSME<\/th><\/tr><\/thead><tbody><tr><td>Erreger<\/td><td>Bakterien (Borrelien)<\/td><td>Virus<\/td><\/tr><tr><td>Behandlung<\/td><td>Antibiotika<\/td><td>Keine spezifische Therapie<\/td><\/tr><tr><td>Impfung m&ouml;glich?<\/td><td>Nein<\/td><td>Ja<\/td><\/tr><tr><td>H&auml;ufigkeit in CH<\/td><td>H&auml;ufig (nicht meldepflichtig)<\/td><td>Weniger h&auml;ufig, aber steigend<\/td><\/tr><tr><td>Neurologische Folgen<\/td><td>Nervenwurzelentz&uuml;ndung, Gesichtsl&auml;hmung<\/td><td><a href=\"https:\/\/www.vitalibera.org\/community\/enzyklopaedie\/meningitis\/\" target=\"_self\" title=\"Meningitis ist eine&nbsp;Entz&uuml;ndung der Hirnh&auml;ute. Ursache sind meist Viren oder Bakterien. Es handelt sich dabei um einen medizinischen Notfall und kann innerhalb weniger Stunden lebensbedrohlich werden. Eine sofortige &auml;rztliche Vorstellung ist notwendig. &nbsp;\" class=\"encyclopedia\">Meningitis<\/a>\/Enzephalitis, L&auml;hmungen<\/td><\/tr><\/tbody><\/table><\/figure>\n\n\n\n<h5 class=\"wp-block-heading\"><strong>Pr&auml;vention (besonders wichtig in der Schweiz)<\/strong><\/h5>\n\n\n\n<ul class=\"wp-block-list\">\n<li>Lange Kleidung, geschlossene Schuhe<\/li>\n\n\n\n<li>Zeckenschutzmittel<\/li>\n\n\n\n<li>Nach jedem Aufenthalt im Freien K&ouml;rper &amp; Kleidung absuchen<\/li>\n\n\n\n<li>Zecken sofort entfernen und Stichstelle desinfizieren<\/li>\n\n\n\n<li>FSME&#8209;Impfung pr&uuml;fen (f&uuml;r fast alle Kantone empfohlen)<\/li>\n<\/ul>\n\n\n\n<h5 class=\"wp-block-heading\"><strong>Zeckenpr&auml;vention <\/strong><\/h5>\n\n\n\n<h6 class=\"wp-block-heading\"><strong>1. K&ouml;rperliche Schutzma&szlig;nahmen<\/strong><\/h6>\n\n\n\n<ul class=\"wp-block-list\">\n<li><strong>Lange Kleidung<\/strong>, geschlossene Schuhe, Socken &uuml;ber die Hosen.<\/li>\n\n\n\n<li><strong>Helle Kleidung<\/strong>, um Zecken schneller zu erkennen.<\/li>\n\n\n\n<li><strong>Auf Wegen bleiben<\/strong>, hohes Gras und Unterholz meiden.<\/li>\n\n\n\n<li><strong>Zeckenschutzmittel<\/strong> (Repellents) auf Haut und Kleidung anwenden.<\/li>\n<\/ul>\n\n\n\n<h6 class=\"wp-block-heading\"><strong>2. Nach dem Aufenthalt im Freien<\/strong><\/h6>\n\n\n\n<ul class=\"wp-block-list\">\n<li><strong>Gr&uuml;ndlicher Ganzk&ouml;rper&#8209;Check<\/strong>: Kniekehlen, Leisten, Achseln, Nacken, Haaransatz.<\/li>\n\n\n\n<li><strong>Zecken sofort entfernen<\/strong> (Pinzette oder Zeckenkarte).<\/li>\n\n\n\n<li><strong>Stichstelle desinfizieren<\/strong> und in den n&auml;chsten Tagen beobachten.<\/li>\n<\/ul>\n\n\n\n<h6 class=\"wp-block-heading\"><strong>3. FSME&#8209;Impfung (auch in Deutschland stark empfohlen)<\/strong><\/h6>\n\n\n\n<ul class=\"wp-block-list\">\n<li>Die FSME&#8209;Impfung ist der <strong>wirksamste Schutz<\/strong> gegen die Virusinfektion.<\/li>\n\n\n\n<li>Auch <strong>kurz vor dem Urlaub<\/strong> ist eine Immunisierung noch sinnvoll.<\/li>\n<\/ul>\n\n\n\n<h6 class=\"wp-block-heading\"><strong>4. Haustiere sch&uuml;tzen<\/strong><\/h6>\n\n\n\n<ul class=\"wp-block-list\">\n<li>Hunde und Katzen regelm&auml;&szlig;ig auf Zecken pr&uuml;fen.<\/li>\n\n\n\n<li>Tier&auml;rztlich empfohlene Spot&#8209;Ons, Halsb&auml;nder oder Tabletten nutzen.<\/li>\n<\/ul>\n\n\n\n<div class=\"wp-block-media-text is-stacked-on-mobile is-vertically-aligned-top\"><figure class=\"wp-block-media-text__media\"><img decoding=\"async\" width=\"259\" height=\"240\" src=\"http:\/\/www.vitalibera.org\/community\/wp-content\/uploads\/2026\/03\/8d884cf0d4c0d0127526e5ae396128bd.jpg\" alt=\"\" class=\"wp-image-6155 size-full\"><\/figure><div class=\"wp-block-media-text__content\">\n<p><strong>Praktische Schutz&#8209;Tipps (kurz &amp; wirksam)<\/strong><\/p>\n\n\n\n<ul class=\"wp-block-list\">\n<li>Zecke sofort entfernen + Datum notieren<\/li>\n\n\n\n<li>Lange Kleidung, Socken &uuml;ber die Hosen<\/li>\n\n\n\n<li>Anti&#8209;Zeckenspray auf Kleidung und Haut<\/li>\n\n\n\n<li>Auf breiten Wegen bleiben, Unterholz meiden<\/li>\n\n\n\n<li>\n\n\n\n<li>Nach jedem Aufenthalt draussen: <strong>K&ouml;rper &amp; Kleidung absuchen<\/strong><\/li>\n<\/ul>\n\n\n\n<h6 class=\"wp-block-heading\"><strong>Wo Zecken   besonders h&auml;ufig sind<\/strong><\/h6>\n\n\n\n<ul class=\"wp-block-list\">\n<li>Laub&#8209; und Mischw&auml;lder<\/li>\n\n\n\n<li>Waldr&auml;nder, Lichtungen<\/li>\n\n\n\n<li>Flussn&auml;he<\/li>\n\n\n\n<li>Parkanlagen bis ca. 1&rsquo;500&#8239;m &uuml;.&#8239;M.<\/li>\n\n\n\n<li>G&auml;rten und Heckenbereiche<\/li>\n<\/ul>\n<\/div><\/div>\n\n\n\n<div class=\"wp-block-media-text is-stacked-on-mobile\"><figure class=\"wp-block-media-text__media\"><img decoding=\"async\" width=\"388\" height=\"360\" src=\"http:\/\/www.vitalibera.org\/community\/wp-content\/uploads\/2026\/03\/010a78d5bf1522d8b56ea67c3c6e822b.jpg\" alt=\"\" class=\"wp-image-6303 size-full\" srcset=\"https:\/\/www.vitalibera.org\/community\/wp-content\/uploads\/2026\/03\/010a78d5bf1522d8b56ea67c3c6e822b.jpg 388w, https:\/\/www.vitalibera.org\/community\/wp-content\/uploads\/2026\/03\/010a78d5bf1522d8b56ea67c3c6e822b-300x278.jpg 300w\" sizes=\"(max-width: 388px) 100vw, 388px\" \/><\/figure><div class=\"wp-block-media-text__content\">\n<p><strong>Kann ein Zeckenstich zu <a href=\"https:\/\/www.vitalibera.org\/community\/enzyklopaedie\/schlaganfall\/\" target=\"_self\" title=\"Ein Schlaganfall, auch Hirnschlag oder Apoplex genannt, ist eine&nbsp;pl&ouml;tzlich auftretende Durchblutungsst&ouml;rung im Gehirn, die dazu f&uuml;hrt, dass Gehirnzellen nicht mehr ausreichend mit Sauerstoff und N&auml;hrstoffen versorgt werden.&nbsp;Dies kann zu bleibenden Sch&auml;den oder sogar zum Absterben von Hirnzellen f&uuml;hren, wenn die Durchblutung nicht schnell wiederhergestellt wird.&nbsp; Einfach erkl&auml;rt: Stellen Sie sich vor, ein Teil Ihres Gehirns&hellip;\" class=\"encyclopedia\">Schlaganfall<\/a> f&uuml;hren?<\/strong><\/p>\n\n\n\n<p><strong>Ja, ein Zeckenstich <\/strong><em><strong>kann<\/strong><\/em><strong> in seltenen F&auml;llen zu einem <a href=\"https:\/\/www.vitalibera.org\/community\/enzyklopaedie\/schlaganfall\/\" target=\"_self\" title=\"Ein Schlaganfall, auch Hirnschlag oder Apoplex genannt, ist eine&nbsp;pl&ouml;tzlich auftretende Durchblutungsst&ouml;rung im Gehirn, die dazu f&uuml;hrt, dass Gehirnzellen nicht mehr ausreichend mit Sauerstoff und N&auml;hrstoffen versorgt werden.&nbsp;Dies kann zu bleibenden Sch&auml;den oder sogar zum Absterben von Hirnzellen f&uuml;hren, wenn die Durchblutung nicht schnell wiederhergestellt wird.&nbsp; Einfach erkl&auml;rt: Stellen Sie sich vor, ein Teil Ihres Gehirns&hellip;\" class=\"encyclopedia\">Schlaganfall<\/a> f&uuml;hren &ndash; allerdings nur &uuml;ber den Umweg einer unbehandelten Borreliose, die eine Entz&uuml;ndung der Hirngef&auml;&szlig;e (zerebrale Vaskulitis) ausl&ouml;st.<\/strong> Das ist extrem selten, aber medizinisch gut dokumentiert.<\/p>\n<\/div><\/div>\n","protected":false},"excerpt":{"rendered":"<p>Zecken k\u00f6nnen mehrere ernsthafte neurologische Erkrankungen ausl\u00f6sen \u2013 am h\u00e4ufigsten die Neuroborreliose und die FSME (Fr\u00fchsommer\u2011Meningoenzephalitis). Beide treten auch in der Schweiz auf und sollten fr\u00fch erkannt und behandelt werden. Welche neurologischen Erkrankungen k\u00f6nnen Zecken ausl\u00f6sen? Neuroborreliose (Lyme-Borreliose mit Beteiligung des Nervensystems) Typische neurologische Symptome: Zeitlicher Verlauf: Symptome treten meist Wochen bis Monate nach dem &#8230; <a title=\"Zeckenrisiko bei neurologischen Erkrankungen\" class=\"read-more\" href=\"https:\/\/www.vitalibera.org\/community\/2026\/04\/07\/zeckenrisiko-bei-neurologischen-erkrankungen\/\" aria-label=\"Mehr Informationen \u00fcber Zeckenrisiko bei neurologischen Erkrankungen\">Weiterlesen<\/a><\/p>\n","protected":false},"author":2,"featured_media":6593,"comment_status":"open","ping_status":"open","sticky":false,"template":"","format":"standard","meta":{"cybocfi_hide_featured_image":"yes","_jetpack_memberships_contains_paid_content":false,"footnotes":""},"categories":[159],"tags":[],"class_list":["post-6592","post","type-post","status-publish","format-standard","has-post-thumbnail","hentry","category-fachwissen"],"yoast_head":"<!-- This site is optimized with the Yoast SEO plugin v27.4 - https:\/\/yoast.com\/product\/yoast-seo-wordpress\/ -->\r\n<title>Zeckenrisiko bei neurologischen Erkrankungen - vitalibera.org<\/title>\r\n<meta name=\"robots\" content=\"index, follow, max-snippet:-1, max-image-preview:large, max-video-preview:-1\" \/>\r\n<link rel=\"canonical\" href=\"https:\/\/www.vitalibera.org\/community\/2026\/04\/07\/zeckenrisiko-bei-neurologischen-erkrankungen\/\" \/>\r\n<meta property=\"og:locale\" content=\"de_DE\" \/>\r\n<meta property=\"og:type\" content=\"article\" \/>\r\n<meta property=\"og:title\" content=\"Zeckenrisiko bei neurologischen Erkrankungen - vitalibera.org\" \/>\r\n<meta property=\"og:description\" content=\"Zecken k\u00f6nnen mehrere ernsthafte neurologische Erkrankungen ausl\u00f6sen \u2013 am h\u00e4ufigsten die Neuroborreliose und die FSME (Fr\u00fchsommer\u2011Meningoenzephalitis). Beide treten auch in der Schweiz auf und sollten fr\u00fch erkannt und behandelt werden. Welche neurologischen Erkrankungen k\u00f6nnen Zecken ausl\u00f6sen? Neuroborreliose (Lyme-Borreliose mit Beteiligung des Nervensystems) Typische neurologische Symptome: Zeitlicher Verlauf: Symptome treten meist Wochen bis Monate nach dem ... Weiterlesen\" \/>\r\n<meta property=\"og:url\" content=\"https:\/\/www.vitalibera.org\/community\/2026\/04\/07\/zeckenrisiko-bei-neurologischen-erkrankungen\/\" \/>\r\n<meta property=\"og:site_name\" content=\"vitalibera.org\" \/>\r\n<meta property=\"article:publisher\" content=\"https:\/\/www.facebook.com\/groups\/2997085857140235\" \/>\r\n<meta property=\"article:published_time\" content=\"2026-04-07T15:59:38+00:00\" \/>\r\n<meta property=\"article:modified_time\" content=\"2026-04-07T16:03:19+00:00\" \/>\r\n<meta property=\"og:image\" content=\"https:\/\/www.vitalibera.org\/community\/wp-content\/uploads\/2026\/04\/zecke5.png\" \/>\r\n\t<meta property=\"og:image:width\" content=\"700\" \/>\r\n\t<meta property=\"og:image:height\" content=\"439\" \/>\r\n\t<meta property=\"og:image:type\" content=\"image\/png\" \/>\r\n<meta name=\"author\" content=\"Andreas Jecklin\" \/>\r\n<meta name=\"twitter:card\" content=\"summary_large_image\" \/>\r\n<meta name=\"twitter:label1\" content=\"Verfasst von\" \/>\n\t<meta name=\"twitter:data1\" content=\"Andreas Jecklin\" \/>\n\t<meta name=\"twitter:label2\" content=\"Gesch\u00e4tzte Lesezeit\" \/>\n\t<meta name=\"twitter:data2\" content=\"4\u00a0Minuten\" \/>\r\n<script type=\"application\/ld+json\" class=\"yoast-schema-graph\">{\"@context\":\"https:\\\/\\\/schema.org\",\"@graph\":[{\"@type\":\"Article\",\"@id\":\"https:\\\/\\\/www.vitalibera.org\\\/community\\\/2026\\\/04\\\/07\\\/zeckenrisiko-bei-neurologischen-erkrankungen\\\/#article\",\"isPartOf\":{\"@id\":\"https:\\\/\\\/www.vitalibera.org\\\/community\\\/2026\\\/04\\\/07\\\/zeckenrisiko-bei-neurologischen-erkrankungen\\\/\"},\"author\":{\"name\":\"Andreas Jecklin\",\"@id\":\"https:\\\/\\\/www.vitalibera.org\\\/community\\\/#\\\/schema\\\/person\\\/6712387298421f222ff6d0a2e22c1534\"},\"headline\":\"Zeckenrisiko bei neurologischen Erkrankungen\",\"datePublished\":\"2026-04-07T15:59:38+00:00\",\"dateModified\":\"2026-04-07T16:03:19+00:00\",\"mainEntityOfPage\":{\"@id\":\"https:\\\/\\\/www.vitalibera.org\\\/community\\\/2026\\\/04\\\/07\\\/zeckenrisiko-bei-neurologischen-erkrankungen\\\/\"},\"wordCount\":502,\"commentCount\":0,\"publisher\":{\"@id\":\"https:\\\/\\\/www.vitalibera.org\\\/community\\\/#organization\"},\"image\":{\"@id\":\"https:\\\/\\\/www.vitalibera.org\\\/community\\\/2026\\\/04\\\/07\\\/zeckenrisiko-bei-neurologischen-erkrankungen\\\/#primaryimage\"},\"thumbnailUrl\":\"https:\\\/\\\/www.vitalibera.org\\\/community\\\/wp-content\\\/uploads\\\/2026\\\/04\\\/zecke5.png\",\"articleSection\":[\"Fachwissen\"],\"inLanguage\":\"de\",\"potentialAction\":[{\"@type\":\"CommentAction\",\"name\":\"Comment\",\"target\":[\"https:\\\/\\\/www.vitalibera.org\\\/community\\\/2026\\\/04\\\/07\\\/zeckenrisiko-bei-neurologischen-erkrankungen\\\/#respond\"]}]},{\"@type\":\"WebPage\",\"@id\":\"https:\\\/\\\/www.vitalibera.org\\\/community\\\/2026\\\/04\\\/07\\\/zeckenrisiko-bei-neurologischen-erkrankungen\\\/\",\"url\":\"https:\\\/\\\/www.vitalibera.org\\\/community\\\/2026\\\/04\\\/07\\\/zeckenrisiko-bei-neurologischen-erkrankungen\\\/\",\"name\":\"Zeckenrisiko bei neurologischen Erkrankungen - vitalibera.org\",\"isPartOf\":{\"@id\":\"https:\\\/\\\/www.vitalibera.org\\\/community\\\/#website\"},\"primaryImageOfPage\":{\"@id\":\"https:\\\/\\\/www.vitalibera.org\\\/community\\\/2026\\\/04\\\/07\\\/zeckenrisiko-bei-neurologischen-erkrankungen\\\/#primaryimage\"},\"image\":{\"@id\":\"https:\\\/\\\/www.vitalibera.org\\\/community\\\/2026\\\/04\\\/07\\\/zeckenrisiko-bei-neurologischen-erkrankungen\\\/#primaryimage\"},\"thumbnailUrl\":\"https:\\\/\\\/www.vitalibera.org\\\/community\\\/wp-content\\\/uploads\\\/2026\\\/04\\\/zecke5.png\",\"datePublished\":\"2026-04-07T15:59:38+00:00\",\"dateModified\":\"2026-04-07T16:03:19+00:00\",\"breadcrumb\":{\"@id\":\"https:\\\/\\\/www.vitalibera.org\\\/community\\\/2026\\\/04\\\/07\\\/zeckenrisiko-bei-neurologischen-erkrankungen\\\/#breadcrumb\"},\"inLanguage\":\"de\",\"potentialAction\":[{\"@type\":\"ReadAction\",\"target\":[\"https:\\\/\\\/www.vitalibera.org\\\/community\\\/2026\\\/04\\\/07\\\/zeckenrisiko-bei-neurologischen-erkrankungen\\\/\"]}]},{\"@type\":\"BreadcrumbList\",\"@id\":\"https:\\\/\\\/www.vitalibera.org\\\/community\\\/2026\\\/04\\\/07\\\/zeckenrisiko-bei-neurologischen-erkrankungen\\\/#breadcrumb\",\"itemListElement\":[{\"@type\":\"ListItem\",\"position\":1,\"name\":\"Startseite\",\"item\":\"https:\\\/\\\/www.vitalibera.org\\\/community\\\/\"},{\"@type\":\"ListItem\",\"position\":2,\"name\":\"Zeckenrisiko bei neurologischen Erkrankungen\"}]},{\"@type\":\"WebSite\",\"@id\":\"https:\\\/\\\/www.vitalibera.org\\\/community\\\/#website\",\"url\":\"https:\\\/\\\/www.vitalibera.org\\\/community\\\/\",\"name\":\"vitalibera.org\",\"description\":\"Mit einer Einschr&auml;nkung gestaltet sich das Leben im Alltag oft schwieriger - hier berichten wir &uuml;ber unsere Erfahrungen und Hilfsmittel um den Alltag so unbeschwert und unkompliziert wie nur m&ouml;glich geniessen zu k&ouml;nnen. Dabei richten wir unseren Fokus gezielt auf Selbst&auml;ndigkeit, Eigenst&auml;ndigkeit und Selbstbestimmung.\",\"publisher\":{\"@id\":\"https:\\\/\\\/www.vitalibera.org\\\/community\\\/#organization\"},\"potentialAction\":[{\"@type\":\"SearchAction\",\"target\":{\"@type\":\"EntryPoint\",\"urlTemplate\":\"https:\\\/\\\/www.vitalibera.org\\\/community\\\/?s={search_term_string}\"},\"query-input\":{\"@type\":\"PropertyValueSpecification\",\"valueRequired\":true,\"valueName\":\"search_term_string\"}}],\"inLanguage\":\"de\"},{\"@type\":\"Organization\",\"@id\":\"https:\\\/\\\/www.vitalibera.org\\\/community\\\/#organization\",\"name\":\"vitalibera.org\",\"url\":\"https:\\\/\\\/www.vitalibera.org\\\/community\\\/\",\"logo\":{\"@type\":\"ImageObject\",\"inLanguage\":\"de\",\"@id\":\"https:\\\/\\\/www.vitalibera.org\\\/community\\\/#\\\/schema\\\/logo\\\/image\\\/\",\"url\":\"https:\\\/\\\/www.vitalibera.org\\\/community\\\/wp-content\\\/uploads\\\/2025\\\/09\\\/cropped-banner.png\",\"contentUrl\":\"https:\\\/\\\/www.vitalibera.org\\\/community\\\/wp-content\\\/uploads\\\/2025\\\/09\\\/cropped-banner.png\",\"width\":991,\"height\":150,\"caption\":\"vitalibera.org\"},\"image\":{\"@id\":\"https:\\\/\\\/www.vitalibera.org\\\/community\\\/#\\\/schema\\\/logo\\\/image\\\/\"},\"sameAs\":[\"https:\\\/\\\/www.facebook.com\\\/groups\\\/2997085857140235\"]},{\"@type\":\"Person\",\"@id\":\"https:\\\/\\\/www.vitalibera.org\\\/community\\\/#\\\/schema\\\/person\\\/6712387298421f222ff6d0a2e22c1534\",\"name\":\"Andreas Jecklin\",\"image\":{\"@type\":\"ImageObject\",\"inLanguage\":\"de\",\"@id\":\"https:\\\/\\\/secure.gravatar.com\\\/avatar\\\/ad516503a11cd5ca435acc9bb6523536?s=96\",\"url\":\"https:\\\/\\\/secure.gravatar.com\\\/avatar\\\/ad516503a11cd5ca435acc9bb6523536?s=96\",\"contentUrl\":\"https:\\\/\\\/secure.gravatar.com\\\/avatar\\\/ad516503a11cd5ca435acc9bb6523536?s=96\",\"caption\":\"Andreas Jecklin\"},\"description\":\"Manchen gab Gott die Kraft Dinge zu ver\u00e4ndern, mir gab er die Kraft zu ertragen was nicht mehr zu \u00e4ndern ist.\",\"url\":\"https:\\\/\\\/www.vitalibera.org\\\/community\\\/author\\\/andy77\\\/\"}]}<\/script>\r\n<!-- \/ Yoast SEO plugin. -->","yoast_head_json":{"title":"Zeckenrisiko bei neurologischen Erkrankungen - vitalibera.org","robots":{"index":"index","follow":"follow","max-snippet":"max-snippet:-1","max-image-preview":"max-image-preview:large","max-video-preview":"max-video-preview:-1"},"canonical":"https:\/\/www.vitalibera.org\/community\/2026\/04\/07\/zeckenrisiko-bei-neurologischen-erkrankungen\/","og_locale":"de_DE","og_type":"article","og_title":"Zeckenrisiko bei neurologischen Erkrankungen - vitalibera.org","og_description":"Zecken k\u00f6nnen mehrere ernsthafte neurologische Erkrankungen ausl\u00f6sen \u2013 am h\u00e4ufigsten die Neuroborreliose und die FSME (Fr\u00fchsommer\u2011Meningoenzephalitis). Beide treten auch in der Schweiz auf und sollten fr\u00fch erkannt und behandelt werden. Welche neurologischen Erkrankungen k\u00f6nnen Zecken ausl\u00f6sen? Neuroborreliose (Lyme-Borreliose mit Beteiligung des Nervensystems) Typische neurologische Symptome: Zeitlicher Verlauf: Symptome treten meist Wochen bis Monate nach dem ... Weiterlesen","og_url":"https:\/\/www.vitalibera.org\/community\/2026\/04\/07\/zeckenrisiko-bei-neurologischen-erkrankungen\/","og_site_name":"vitalibera.org","article_publisher":"https:\/\/www.facebook.com\/groups\/2997085857140235","article_published_time":"2026-04-07T15:59:38+00:00","article_modified_time":"2026-04-07T16:03:19+00:00","og_image":[{"width":700,"height":439,"url":"https:\/\/www.vitalibera.org\/community\/wp-content\/uploads\/2026\/04\/zecke5.png","type":"image\/png"}],"author":"Andreas Jecklin","twitter_card":"summary_large_image","twitter_misc":{"Verfasst von":"Andreas Jecklin","Gesch\u00e4tzte Lesezeit":"4\u00a0Minuten"},"schema":{"@context":"https:\/\/schema.org","@graph":[{"@type":"Article","@id":"https:\/\/www.vitalibera.org\/community\/2026\/04\/07\/zeckenrisiko-bei-neurologischen-erkrankungen\/#article","isPartOf":{"@id":"https:\/\/www.vitalibera.org\/community\/2026\/04\/07\/zeckenrisiko-bei-neurologischen-erkrankungen\/"},"author":{"name":"Andreas Jecklin","@id":"https:\/\/www.vitalibera.org\/community\/#\/schema\/person\/6712387298421f222ff6d0a2e22c1534"},"headline":"Zeckenrisiko bei neurologischen Erkrankungen","datePublished":"2026-04-07T15:59:38+00:00","dateModified":"2026-04-07T16:03:19+00:00","mainEntityOfPage":{"@id":"https:\/\/www.vitalibera.org\/community\/2026\/04\/07\/zeckenrisiko-bei-neurologischen-erkrankungen\/"},"wordCount":502,"commentCount":0,"publisher":{"@id":"https:\/\/www.vitalibera.org\/community\/#organization"},"image":{"@id":"https:\/\/www.vitalibera.org\/community\/2026\/04\/07\/zeckenrisiko-bei-neurologischen-erkrankungen\/#primaryimage"},"thumbnailUrl":"https:\/\/www.vitalibera.org\/community\/wp-content\/uploads\/2026\/04\/zecke5.png","articleSection":["Fachwissen"],"inLanguage":"de","potentialAction":[{"@type":"CommentAction","name":"Comment","target":["https:\/\/www.vitalibera.org\/community\/2026\/04\/07\/zeckenrisiko-bei-neurologischen-erkrankungen\/#respond"]}]},{"@type":"WebPage","@id":"https:\/\/www.vitalibera.org\/community\/2026\/04\/07\/zeckenrisiko-bei-neurologischen-erkrankungen\/","url":"https:\/\/www.vitalibera.org\/community\/2026\/04\/07\/zeckenrisiko-bei-neurologischen-erkrankungen\/","name":"Zeckenrisiko bei neurologischen Erkrankungen - vitalibera.org","isPartOf":{"@id":"https:\/\/www.vitalibera.org\/community\/#website"},"primaryImageOfPage":{"@id":"https:\/\/www.vitalibera.org\/community\/2026\/04\/07\/zeckenrisiko-bei-neurologischen-erkrankungen\/#primaryimage"},"image":{"@id":"https:\/\/www.vitalibera.org\/community\/2026\/04\/07\/zeckenrisiko-bei-neurologischen-erkrankungen\/#primaryimage"},"thumbnailUrl":"https:\/\/www.vitalibera.org\/community\/wp-content\/uploads\/2026\/04\/zecke5.png","datePublished":"2026-04-07T15:59:38+00:00","dateModified":"2026-04-07T16:03:19+00:00","breadcrumb":{"@id":"https:\/\/www.vitalibera.org\/community\/2026\/04\/07\/zeckenrisiko-bei-neurologischen-erkrankungen\/#breadcrumb"},"inLanguage":"de","potentialAction":[{"@type":"ReadAction","target":["https:\/\/www.vitalibera.org\/community\/2026\/04\/07\/zeckenrisiko-bei-neurologischen-erkrankungen\/"]}]},{"@type":"BreadcrumbList","@id":"https:\/\/www.vitalibera.org\/community\/2026\/04\/07\/zeckenrisiko-bei-neurologischen-erkrankungen\/#breadcrumb","itemListElement":[{"@type":"ListItem","position":1,"name":"Startseite","item":"https:\/\/www.vitalibera.org\/community\/"},{"@type":"ListItem","position":2,"name":"Zeckenrisiko bei neurologischen Erkrankungen"}]},{"@type":"WebSite","@id":"https:\/\/www.vitalibera.org\/community\/#website","url":"https:\/\/www.vitalibera.org\/community\/","name":"vitalibera.org","description":"Mit einer Einschr&auml;nkung gestaltet sich das Leben im Alltag oft schwieriger - hier berichten wir &uuml;ber unsere Erfahrungen und Hilfsmittel um den Alltag so unbeschwert und unkompliziert wie nur m&ouml;glich geniessen zu k&ouml;nnen. Dabei richten wir unseren Fokus gezielt auf Selbst&auml;ndigkeit, Eigenst&auml;ndigkeit und Selbstbestimmung.","publisher":{"@id":"https:\/\/www.vitalibera.org\/community\/#organization"},"potentialAction":[{"@type":"SearchAction","target":{"@type":"EntryPoint","urlTemplate":"https:\/\/www.vitalibera.org\/community\/?s={search_term_string}"},"query-input":{"@type":"PropertyValueSpecification","valueRequired":true,"valueName":"search_term_string"}}],"inLanguage":"de"},{"@type":"Organization","@id":"https:\/\/www.vitalibera.org\/community\/#organization","name":"vitalibera.org","url":"https:\/\/www.vitalibera.org\/community\/","logo":{"@type":"ImageObject","inLanguage":"de","@id":"https:\/\/www.vitalibera.org\/community\/#\/schema\/logo\/image\/","url":"https:\/\/www.vitalibera.org\/community\/wp-content\/uploads\/2025\/09\/cropped-banner.png","contentUrl":"https:\/\/www.vitalibera.org\/community\/wp-content\/uploads\/2025\/09\/cropped-banner.png","width":991,"height":150,"caption":"vitalibera.org"},"image":{"@id":"https:\/\/www.vitalibera.org\/community\/#\/schema\/logo\/image\/"},"sameAs":["https:\/\/www.facebook.com\/groups\/2997085857140235"]},{"@type":"Person","@id":"https:\/\/www.vitalibera.org\/community\/#\/schema\/person\/6712387298421f222ff6d0a2e22c1534","name":"Andreas Jecklin","image":{"@type":"ImageObject","inLanguage":"de","@id":"https:\/\/secure.gravatar.com\/avatar\/ad516503a11cd5ca435acc9bb6523536?s=96","url":"https:\/\/secure.gravatar.com\/avatar\/ad516503a11cd5ca435acc9bb6523536?s=96","contentUrl":"https:\/\/secure.gravatar.com\/avatar\/ad516503a11cd5ca435acc9bb6523536?s=96","caption":"Andreas Jecklin"},"description":"Manchen gab Gott die Kraft Dinge zu ver\u00e4ndern, mir gab er die Kraft zu ertragen was nicht mehr zu \u00e4ndern ist.","url":"https:\/\/www.vitalibera.org\/community\/author\/andy77\/"}]}},"jetpack_featured_media_url":"https:\/\/www.vitalibera.org\/community\/wp-content\/uploads\/2026\/04\/zecke5.png","jetpack_sharing_enabled":true,"jetpack-related-posts":[],"_links":{"self":[{"href":"https:\/\/www.vitalibera.org\/community\/wp-json\/wp\/v2\/posts\/6592","targetHints":{"allow":["GET"]}}],"collection":[{"href":"https:\/\/www.vitalibera.org\/community\/wp-json\/wp\/v2\/posts"}],"about":[{"href":"https:\/\/www.vitalibera.org\/community\/wp-json\/wp\/v2\/types\/post"}],"author":[{"embeddable":true,"href":"https:\/\/www.vitalibera.org\/community\/wp-json\/wp\/v2\/users\/2"}],"replies":[{"embeddable":true,"href":"https:\/\/www.vitalibera.org\/community\/wp-json\/wp\/v2\/comments?post=6592"}],"version-history":[{"count":3,"href":"https:\/\/www.vitalibera.org\/community\/wp-json\/wp\/v2\/posts\/6592\/revisions"}],"predecessor-version":[{"id":6596,"href":"https:\/\/www.vitalibera.org\/community\/wp-json\/wp\/v2\/posts\/6592\/revisions\/6596"}],"wp:featuredmedia":[{"embeddable":true,"href":"https:\/\/www.vitalibera.org\/community\/wp-json\/wp\/v2\/media\/6593"}],"wp:attachment":[{"href":"https:\/\/www.vitalibera.org\/community\/wp-json\/wp\/v2\/media?parent=6592"}],"wp:term":[{"taxonomy":"category","embeddable":true,"href":"https:\/\/www.vitalibera.org\/community\/wp-json\/wp\/v2\/categories?post=6592"},{"taxonomy":"post_tag","embeddable":true,"href":"https:\/\/www.vitalibera.org\/community\/wp-json\/wp\/v2\/tags?post=6592"}],"curies":[{"name":"wp","href":"https:\/\/api.w.org\/{rel}","templated":true}]}}