{"id":6612,"date":"2026-04-08T14:28:15","date_gmt":"2026-04-08T12:28:15","guid":{"rendered":"https:\/\/www.vitalibera.org\/community\/?p=6612"},"modified":"2026-04-08T14:29:38","modified_gmt":"2026-04-08T12:29:38","slug":"kraft-und-energie-tanken","status":"publish","type":"post","link":"https:\/\/www.vitalibera.org\/community\/2026\/04\/08\/kraft-und-energie-tanken\/","title":{"rendered":"Kraft und Energie tanken"},"content":{"rendered":"\n<div class=\"wp-block-media-text is-stacked-on-mobile\"><figure class=\"wp-block-media-text__media\"><img fetchpriority=\"high\" decoding=\"async\" width=\"450\" height=\"378\" src=\"https:\/\/www.vitalibera.org\/community\/wp-content\/uploads\/2026\/04\/brainrecharge.png\" alt=\"\" class=\"wp-image-6613 size-full\" srcset=\"https:\/\/www.vitalibera.org\/community\/wp-content\/uploads\/2026\/04\/brainrecharge.png 450w, https:\/\/www.vitalibera.org\/community\/wp-content\/uploads\/2026\/04\/brainrecharge-300x252.png 300w\" sizes=\"(max-width: 450px) 100vw, 450px\" \/><\/figure><div class=\"wp-block-media-text__content\">\n<p><strong>Kraft und Energie tanken<\/strong> kann vieles bedeuten &mdash; k&ouml;rperlich, mental, kreativ.<\/p>\n\n\n\n<p>Handy&rsquo;s, Tablet&rsquo;s oder andere technischen Ger&auml;te brauchen ebenfalls zwischendurch eine &ldquo;Aufladung&rdquo; oder eine Abk&uuml;hlung &ndash; um wieder zu Funktionieren.<\/p>\n\n\n\n<p>Wir Menschen verf&uuml;gen jedoch nicht &uuml;ber eine elektrische Lade-Buchse (zum Gl&uuml;ck) &ndash; Weil wir Menschen sind und keine Maschienen.<\/p>\n\n\n\n<p><\/p>\n<\/div><\/div>\n\n\n\n<h5 class=\"wp-block-heading\"><strong>K&ouml;rper &amp; Nervensystem: Energie zur&uuml;ckholen, nicht erzwingen<\/strong><\/h5>\n\n\n\n<p>Kurz, realistisch, sofort sp&uuml;rbar.<\/p>\n\n\n\n<ul class=\"wp-block-list\">\n<li><strong>Mikro&#8209;Entladung (30&ndash;60 Sekunden)<\/strong> Schultern hochziehen &rarr; halten &rarr; fallen lassen. Zwei tiefe Ausatmungen l&auml;nger als die Einatmung. Das parasympathische System schaltet sofort hoch.<\/li>\n\n\n\n<li><strong>&bdquo;Soft Focus&ldquo;-Pause<\/strong> 1 Minute aus dem Fenster schauen, ohne etwas zu bewerten. Das entlastet das visuelle System und gibt dem Gehirn Sauerstoff.<\/li>\n\n\n\n<li><strong><a href=\"https:\/\/www.vitalibera.org\/community\/enzyklopaedie\/soma\/\" target=\"_self\" title=\"Soma&nbsp;ist in der Medizin eine Bezeichnung f&uuml;r den&nbsp;K&ouml;rper&nbsp;des Menschen - im Gegensatz zur&nbsp;Psyche&nbsp;bzw.&nbsp;Seele. In der&nbsp;Histologie&nbsp;bezeichnet man mit Soma oder auch&nbsp;Zytosoma&nbsp;den&nbsp;Zellk&ouml;rper, d.h. den&nbsp;plasmatischen&nbsp;Bereich um den&nbsp;Zellkern&nbsp;ohne Zellforts&auml;tze. Das Zytosom der&nbsp;Neuronen&nbsp;(Nervenzellen) wird auch&nbsp;Perikaryon&nbsp;benannt.\" class=\"encyclopedia\">Soma<\/a>tische Mini-Routine f&uuml;r <a href=\"https:\/\/www.vitalibera.org\/community\/enzyklopaedie\/hemiparese\/\" target=\"_self\" title=\"Eine Hemiparese ist eine&nbsp;L&auml;hmung einer K&ouml;rperh&auml;lfte, bei der noch eine Restaktivit&auml;t vorhanden sein kann. Eine Hemiparese entsteht durch Sch&auml;digungen im Gehirn, wie bei einem Schlaganfall oder durch einen Unfall. Es kommt zu einer Verminderung der Kraft in Gesicht, Arm und Bein in einer K&ouml;rperh&auml;lfte.\" class=\"encyclopedia\">Hemiparese<\/a>&#8209;Tage<\/strong> Eine Hand auf Brustbein, die andere auf Bauch &rarr; 5 langsame Atemz&uuml;ge. Das stabilisiert den Vagus und reduziert <a href=\"https:\/\/www.vitalibera.org\/community\/enzyklopaedie\/tonus\/\" target=\"_self\" title=\"In der Medizin&nbsp;bezieht sich Tonus auf den Spannungszustand von Muskeln, Organen oder Gef&auml;&szlig;en.&nbsp;Der Muskeltonus ist die Grundspannung, die f&uuml;r Haltung und Bewegung unerl&auml;sslich ist;&nbsp;eine St&ouml;rung kann zu erh&ouml;hter Spannung (Hypertonus) oder zu verminderter Spannung (Hypotonus) f&uuml;hren.&nbsp;Ein weiterer medizinischer Begriff ist Hypertonie, eine krankhafte Erh&ouml;hung des Drucks oder der Spannung, die beispielsweise bei Bluthochdruck oder erh&ouml;hter&hellip;\" class=\"encyclopedia\">Tonus<\/a>.<\/li>\n<\/ul>\n\n\n\n<h5 class=\"wp-block-heading\"><strong>Geist &amp; Kreativit&auml;t: Energie durch Bedeutung<\/strong><\/h5>\n\n\n\n<p>Du tankst Kraft, wenn du wieder sp&uuml;rst, <em>warum<\/em> du etwas tust.<\/p>\n\n\n\n<ul class=\"wp-block-list\">\n<li><strong>Der 90&#8209;Sekunden-Reset<\/strong> Schreib 3 Stichworte: <em>Was gibt mir heute Energie?<\/em> <em>Was raubt mir Energie?<\/em> <em>Was ist das eine, das wirklich z&auml;hlt?<\/em> Das sortiert sofort.<\/li>\n\n\n\n<li><strong>&bdquo;Creative Spark&ldquo;-Ritual<\/strong> 5 Minuten etwas tun, das keinen Output braucht: Kritzeleien, Farben testen, ein Objekt fotografieren, eine Textur anfassen. Das ist wie ein Warmstart f&uuml;r dein kreatives System.<\/li>\n\n\n\n<li><strong>Energie durch Verbindung<\/strong> Du arbeitest f&uuml;r Menschen, die t&auml;glich k&auml;mpfen. Manchmal hilft es, sich <em>eine<\/em> Person vorzustellen, der du heute etwas erleichterst. Das gibt Richtung und Sinn.<\/li>\n<\/ul>\n\n\n\n<h5 class=\"wp-block-heading\"><strong>Emotionale Regeneration: Energie durch Selbstfreundlichkeit<\/strong><\/h5>\n\n\n\n<p>Gerade nach neurologischen Ereignissen ist das kein Luxus, sondern Biologie.<\/p>\n\n\n\n<ul class=\"wp-block-list\">\n<li><strong>&bdquo;Ich darf langsamer sein&ldquo;-Moment<\/strong> Ein Satz, der Druck rausnimmt: <em>&bdquo;Ich muss nicht perfekt funktionieren, um wertvoll zu sein.&ldquo;<\/em><\/li>\n\n\n\n<li><strong>Grenzen als Energiequelle<\/strong> Ein klares Nein spart mehr Kraft als jede Pause.<\/li>\n\n\n\n<li><strong>Mini-Erfolg sichtbar machen<\/strong> Schreib abends <em>eine<\/em> Sache auf, die gelungen ist. Das st&auml;rkt Selbstwirksamkeit &mdash; ein echter Energiespender.<\/li>\n<\/ul>\n\n\n\n<p>Hier kommt eine <strong>kreative &Uuml;bung<\/strong>, die perfekt zu dem Stil passt: schnell, spielerisch:<\/p>\n\n\n\n<h5 class=\"wp-block-heading\"><strong>Die &bdquo;3&#8209;Formen&#8209;Explosion&ldquo;<\/strong><\/h5>\n\n\n\n<p>Eine ultra&#8209;kurze Kreativ&uuml;bung, die dein Gehirn in den <em>Gestaltungsmodus<\/em> schaltet, ohne dass du etwas &bdquo;K&ouml;nnen&ldquo; musst.<\/p>\n\n\n\n<h6 class=\"wp-block-heading\"><strong>Schritt 1 &mdash; Drei Formen setzen (20 Sekunden)<\/strong><\/h6>\n\n\n\n<p>Nimm ein Blatt oder ein digitales Canvas. Setze <strong>drei einfache Formen<\/strong> irgendwo hin:<\/p>\n\n\n\n<ul class=\"wp-block-list\">\n<li>ein Kreis<\/li>\n\n\n\n<li>ein Rechteck<\/li>\n\n\n\n<li>eine Linie<\/li>\n<\/ul>\n\n\n\n<p>Ohne nachzudenken, einfach platzieren.<\/p>\n\n\n\n<h6 class=\"wp-block-heading\"><strong>Schritt 2 &mdash; Eine Bedeutung finden (30 Sekunden)<\/strong><\/h6>\n\n\n\n<p>Schau die drei Formen an und lass dein Gehirn <em>assoziieren<\/em>:<\/p>\n\n\n\n<ul class=\"wp-block-list\">\n<li>Was k&ouml;nnte das sein<\/li>\n\n\n\n<li>Welche Stimmung steckt drin<\/li>\n\n\n\n<li>Welche Geschichte beginnt da<\/li>\n<\/ul>\n\n\n\n<p>Wichtig: Es gibt kein &bdquo;richtig&ldquo;.<\/p>\n\n\n\n<h6 class=\"wp-block-heading\"><strong>Schritt 3 &mdash; Eine minimale Erg&auml;nzung (30&ndash;60 Sekunden)<\/strong><\/h6>\n\n\n\n<p>F&uuml;ge <strong>nur ein einziges Element<\/strong> hinzu:<\/p>\n\n\n\n<ul class=\"wp-block-list\">\n<li>eine Farbe<\/li>\n\n\n\n<li>ein Wort<\/li>\n\n\n\n<li>ein Symbol<\/li>\n\n\n\n<li>ein Schatten<\/li>\n\n\n\n<li>ein Gesichtspunkt<\/li>\n\n\n\n<li>ein Pfeil<\/li>\n<\/ul>\n\n\n\n<p>Dieses eine Element soll die Szene &bdquo;zum Leben bringen&ldquo;.<\/p>\n\n\n\n<h6 class=\"wp-block-heading\"><strong>Schritt 4 &mdash; Titel geben (10 Sekunden)<\/strong><\/h6>\n\n\n\n<p>Gib dem Mini&#8209;Werk einen Titel. Der Titel ist der eigentliche kreative Kick.<\/p>\n\n\n\n<p>Beispiele:<\/p>\n\n\n\n<ul class=\"wp-block-list\">\n<li>&bdquo;Der Moment vor der Entscheidung&ldquo;<\/li>\n\n\n\n<li>&bdquo;Balanceakt&ldquo;<\/li>\n\n\n\n<li>&bdquo;Neustart&ldquo;<\/li>\n\n\n\n<li>&bdquo;Kraftpunkt&ldquo;<\/li>\n<\/ul>\n\n\n\n<h6 class=\"wp-block-heading\"><strong>Warum das funktioniert<\/strong><\/h6>\n\n\n\n<ul class=\"wp-block-list\">\n<li>Du umgehst Perfektionismus, weil du mit Zufall startest.<\/li>\n\n\n\n<li>Dein Gehirn bekommt ein klares, kleines Problem &rarr; sofortiger Fokus.<\/li>\n\n\n\n<li>Die &Uuml;bung ist <strong>neurofreundlich<\/strong>, weil sie visuell, einfach und offen ist.<\/li>\n\n\n\n<li>Sie erzeugt Mikro&#8209;Flow, ohne Energie zu verbrauchen.<\/li>\n<\/ul>\n\n\n\n<p>Hier ist noch eine <strong>kreative &Uuml;bung speziell f&uuml;r Tage mit wenig Energie<\/strong> &mdash; neurofreundlich, sanft, ohne Druck, einh&auml;ndig machbar und trotzdem mit einem kleinen Funken Bedeutung.<\/p>\n\n\n\n<h5 class=\"wp-block-heading\"><strong>Die &bdquo;Low&#8209;Energy Linienreise&ldquo;<\/strong><\/h5>\n\n\n\n<p>Eine &Uuml;bung, die dein Gehirn beruhigt, aber gleichzeitig ein kleines kreatives Feuer anmacht.<\/p>\n\n\n\n<h6 class=\"wp-block-heading\"><strong>Schritt 1 &mdash; Eine einzige Linie (10&ndash;20 Sekunden)<\/strong><\/h6>\n\n\n\n<p>Nimm ein Blatt oder ein digitales Canvas. Zieh <strong>eine einzige Linie<\/strong>, langsam, ohne Ziel. Sie darf zittern, abbrechen, krumm sein. Je unperfekter, desto besser.<\/p>\n\n\n\n<h6 class=\"wp-block-heading\"><strong>Schritt 2 &mdash; Die Linie &bdquo;lesen&ldquo; (20 Sekunden)<\/strong><\/h6>\n\n\n\n<p>Schau sie an, als w&auml;re sie eine Landschaft. Frag dich leise:<\/p>\n\n\n\n<ul class=\"wp-block-list\">\n<li>Wo steigt sie?<\/li>\n\n\n\n<li>Wo f&auml;llt sie?<\/li>\n\n\n\n<li>Wo wird sie weich?<\/li>\n\n\n\n<li>Wo wird sie hart?<\/li>\n<\/ul>\n\n\n\n<p>Du musst nichts beantworten. Nur wahrnehmen.<\/p>\n\n\n\n<h6 class=\"wp-block-heading\"><strong>Schritt 3 &mdash; Ein Wort hinzuf&uuml;gen (10 Sekunden)<\/strong><\/h6>\n\n\n\n<p>Schreib <strong>ein einziges Wort<\/strong> an eine Stelle der Linie. Ein Wort, das die Stimmung trifft. Beispiele: &bdquo;Pause&ldquo; &ndash; &bdquo;Weiter&ldquo; &ndash; &bdquo;Trotzdem&ldquo; &ndash; &bdquo;Leise&ldquo; &ndash; &bdquo;Kraftpunkt&ldquo; &ndash; &bdquo;Heute reicht das&ldquo;<\/p>\n\n\n\n<h6 class=\"wp-block-heading\"><strong>Schritt 4 &mdash; Eine Mini-Farbe (10&ndash;20 Sekunden)<\/strong><\/h6>\n\n\n\n<p>Setz <strong>einen Farbtupfer<\/strong> irgendwo hin. Nur einen. Das gibt dem Ganzen einen emotionalen Anker.<\/p>\n\n\n\n<h6 class=\"wp-block-heading\"><strong>Schritt 5 &mdash; Fertig<\/strong><\/h6>\n\n\n\n<p>Kein Titel, kein Perfektionismus, kein &bdquo;Werk&ldquo;. Nur ein kleiner Moment, der zeigt: <em>Ich habe heute etwas geschaffen, auch wenn meine Energie niedrig ist.<\/em><\/p>\n\n\n\n<h6 class=\"wp-block-heading\"><strong>Warum diese &Uuml;bung perfekt f&uuml;r Low&#8209;Energy&#8209;Tage ist<\/strong><\/h6>\n\n\n\n<ul class=\"wp-block-list\">\n<li>Sie funktioniert <strong>einh&auml;ndig<\/strong> und ohne Kraft.<\/li>\n\n\n\n<li>Sie aktiviert Kreativit&auml;t ohne &Uuml;berforderung.<\/li>\n\n\n\n<li>Sie beruhigt das Nervensystem durch langsame Bewegung.<\/li>\n\n\n\n<li>Sie gibt dir ein Gef&uuml;hl von Kontrolle und Ausdruck.<\/li>\n\n\n\n<li>Sie ist in unter 1 Minute machbar.<\/li>\n<\/ul>\n\n\n\n<div class=\"wp-block-media-text is-stacked-on-mobile\" style=\"grid-template-columns:29% auto\"><figure class=\"wp-block-media-text__media\"><img decoding=\"async\" width=\"302\" height=\"277\" src=\"http:\/\/www.vitalibera.org\/community\/wp-content\/uploads\/2026\/03\/tip3.png\" alt=\"\" class=\"wp-image-6087 size-full\" srcset=\"https:\/\/www.vitalibera.org\/community\/wp-content\/uploads\/2026\/03\/tip3.png 302w, https:\/\/www.vitalibera.org\/community\/wp-content\/uploads\/2026\/03\/tip3-300x275.png 300w\" sizes=\"(max-width: 302px) 100vw, 302px\" \/><\/figure><div class=\"wp-block-media-text__content\">\n<p><strong>Es ist ok, still zu werden &mdash; manchmal w&auml;chst die Kraft genau dort.<\/strong><\/p>\n<\/div><\/div>\n\n\n\n<p>Hier ist noch eine <strong>ultra&#8209;sanfte, extrem energiesparende kreative &Uuml;bung<\/strong>, die selbst an Tagen funktioniert, an denen du kaum Kraft hast &mdash; k&ouml;rperlich, mental oder emotional. Sie ist so gestaltet, dass du sie <strong>einh&auml;ndig<\/strong>, im Sitzen oder Liegen machen kannst, ohne Denken, ohne Ziel, ohne Anspruch.<\/p>\n\n\n\n<h5 class=\"wp-block-heading\"><strong>Die &bdquo;Atemspur&ldquo; &ndash; Kreativit&auml;t im kleinsten m&ouml;glichen Format<\/strong><\/h5>\n\n\n\n<h6 class=\"wp-block-heading\"><strong>Schritt 1 &mdash; Ein Punkt (5 Sekunden)<\/strong><\/h6>\n\n\n\n<p>Setz <strong>einen einzigen Punkt<\/strong> aufs Papier oder aufs digitale Canvas. Mehr nicht.<\/p>\n\n\n\n<p>Wenn selbst das zu viel ist: Stell dir den Punkt nur vor. Das z&auml;hlt.<\/p>\n\n\n\n<h6 class=\"wp-block-heading\"><strong>Schritt 2 &mdash; Eine Atembewegung (10&ndash;20 Sekunden)<\/strong><\/h6>\n\n\n\n<p>Mit der n&auml;chsten Ausatmung zieh <strong>eine winzige Linie<\/strong> vom Punkt weg. So kurz, wie es heute geht. Sie darf zittern, abbrechen, kaum sichtbar sein.<\/p>\n\n\n\n<p>Die Linie ist nur eine Spur deines Atems.<\/p>\n\n\n\n<h6 class=\"wp-block-heading\"><strong>Schritt 3 &mdash; Ein Wort, das dich nicht fordert (5 Sekunden)<\/strong><\/h6>\n\n\n\n<p>Schreib ein Wort daneben, das dich nicht anstrengt. Beispiele: &bdquo;Heute&ldquo; &ndash; &bdquo;Langsam&ldquo; &ndash; &bdquo;Genug&ldquo; &ndash; &bdquo;Weich&ldquo; &ndash; &bdquo;Hier&ldquo; &ndash; &bdquo;Atmen&ldquo;<\/p>\n\n\n\n<p>Wenn Schreiben zu viel ist: Denk das Wort nur. Auch das ist kreativ.<\/p>\n\n\n\n<h6 class=\"wp-block-heading\"><strong>Schritt 4 &mdash; Stopp. Fertig.<\/strong><\/h6>\n\n\n\n<p>Kein Weiterzeichnen. Kein Verbessern. Kein &bdquo;Werk&ldquo;. Nur ein Zeichen daf&uuml;r, dass du <em>trotz Ersch&ouml;pfung<\/em> etwas erschaffen hast.<\/p>\n\n\n\n<h6 class=\"wp-block-heading\"><strong>Warum diese &Uuml;bung f&uuml;r sehr ersch&ouml;pfte Tage ideal ist<\/strong><\/h6>\n\n\n\n<ul class=\"wp-block-list\">\n<li>Sie funktioniert <strong>mit minimaler motorischer Energie<\/strong>.<\/li>\n\n\n\n<li>Sie beruhigt das Nervensystem, weil sie Atem und Bewegung verbindet.<\/li>\n\n\n\n<li>Sie gibt dir ein Gef&uuml;hl von Ausdruck, ohne Output zu verlangen.<\/li>\n\n\n\n<li>Sie ist in <strong>unter 30 Sekunden<\/strong> machbar.<\/li>\n\n\n\n<li>Sie st&auml;rkt Selbstwirksamkeit, wenn sonst nichts mehr geht.<\/li>\n<\/ul>\n\n\n\n<div class=\"wp-block-media-text is-stacked-on-mobile\"><figure class=\"wp-block-media-text__media\"><img decoding=\"async\" width=\"259\" height=\"240\" src=\"http:\/\/www.vitalibera.org\/community\/wp-content\/uploads\/2026\/03\/dbc5972683099460054d3dbc8212a892.jpg\" alt=\"\" class=\"wp-image-6119 size-full\"><\/figure><div class=\"wp-block-media-text__content\">\n<p>Oftmals hilft auch der Austausch bzw das Gespr&auml;ch mit anderen Betroffenen.  vitalibera stellt dazu das kostenlose <a href=\"https:\/\/www.vitalibera.org\/community\/forum\/\">Diskussions-Forum<\/a> zur Verf&uuml;gung. <\/p>\n\n\n\n<p>Weiter steht auch unsere v<a href=\"https:\/\/www.facebook.com\/groups\/2997085857140235\" target=\"_blank\" rel=\"noreferrer noopener\">italibera Facebook-Gruppe<\/a> f&uuml;r euch alle bereit.<\/p>\n\n\n\n<p><strong>Teilt mit uns eure Strategien, Erfolge oder Fragen und Probleme.<\/strong><\/p>\n\n\n\n<p class=\"has-medium-font-size\"><strong><em>Gemeinsam entsteht Ver&auml;nderung.<\/em><\/strong><\/p>\n<\/div><\/div>\n","protected":false},"excerpt":{"rendered":"<p>Kraft und Energie tanken kann vieles bedeuten \u2014 k\u00f6rperlich, mental, kreativ. Handy&#8217;s, Tablet&#8217;s oder andere technischen Ger\u00e4te brauchen ebenfalls zwischendurch eine &#8220;Aufladung&#8221; oder eine Abk\u00fchlung &#8211; um wieder zu Funktionieren. Wir Menschen verf\u00fcgen jedoch nicht \u00fcber eine elektrische Lade-Buchse (zum Gl\u00fcck) &#8211; Weil wir Menschen sind und keine Maschienen. K\u00f6rper &amp; Nervensystem: Energie zur\u00fcckholen, nicht &#8230; <a title=\"Kraft und Energie tanken\" class=\"read-more\" href=\"https:\/\/www.vitalibera.org\/community\/2026\/04\/08\/kraft-und-energie-tanken\/\" aria-label=\"Mehr Informationen \u00fcber Kraft und Energie tanken\">Weiterlesen<\/a><\/p>\n","protected":false},"author":2,"featured_media":6613,"comment_status":"open","ping_status":"open","sticky":false,"template":"","format":"standard","meta":{"cybocfi_hide_featured_image":"yes","_jetpack_memberships_contains_paid_content":false,"footnotes":""},"categories":[42,225,70],"tags":[],"class_list":["post-6612","post","type-post","status-publish","format-standard","has-post-thumbnail","hentry","category-alltag","category-hilfe-fuer-angehoerige","category-strategien"],"yoast_head":"<!-- This site is optimized with the Yoast SEO plugin v27.4 - https:\/\/yoast.com\/product\/yoast-seo-wordpress\/ -->\r\n<title>Kraft und Energie tanken - vitalibera.org<\/title>\r\n<meta name=\"robots\" content=\"index, follow, max-snippet:-1, max-image-preview:large, max-video-preview:-1\" \/>\r\n<link rel=\"canonical\" href=\"https:\/\/www.vitalibera.org\/community\/2026\/04\/08\/kraft-und-energie-tanken\/\" \/>\r\n<meta property=\"og:locale\" content=\"de_DE\" \/>\r\n<meta property=\"og:type\" content=\"article\" \/>\r\n<meta property=\"og:title\" content=\"Kraft und Energie tanken - vitalibera.org\" \/>\r\n<meta property=\"og:description\" content=\"Kraft und Energie tanken kann vieles bedeuten \u2014 k\u00f6rperlich, mental, kreativ. Handy&#8217;s, Tablet&#8217;s oder andere technischen Ger\u00e4te brauchen ebenfalls zwischendurch eine &#8220;Aufladung&#8221; oder eine Abk\u00fchlung &#8211; um wieder zu Funktionieren. Wir Menschen verf\u00fcgen jedoch nicht \u00fcber eine elektrische Lade-Buchse (zum Gl\u00fcck) &#8211; Weil wir Menschen sind und keine Maschienen. K\u00f6rper &amp; Nervensystem: Energie zur\u00fcckholen, nicht ... Weiterlesen\" \/>\r\n<meta property=\"og:url\" content=\"https:\/\/www.vitalibera.org\/community\/2026\/04\/08\/kraft-und-energie-tanken\/\" \/>\r\n<meta property=\"og:site_name\" content=\"vitalibera.org\" \/>\r\n<meta property=\"article:publisher\" content=\"https:\/\/www.facebook.com\/groups\/2997085857140235\" \/>\r\n<meta property=\"article:published_time\" content=\"2026-04-08T12:28:15+00:00\" \/>\r\n<meta property=\"article:modified_time\" content=\"2026-04-08T12:29:38+00:00\" \/>\r\n<meta property=\"og:image\" content=\"https:\/\/www.vitalibera.org\/community\/wp-content\/uploads\/2026\/04\/brainrecharge.png\" \/>\r\n\t<meta property=\"og:image:width\" content=\"450\" \/>\r\n\t<meta property=\"og:image:height\" content=\"378\" \/>\r\n\t<meta property=\"og:image:type\" content=\"image\/png\" \/>\r\n<meta name=\"author\" content=\"Andreas Jecklin\" \/>\r\n<meta name=\"twitter:card\" content=\"summary_large_image\" \/>\r\n<meta name=\"twitter:label1\" content=\"Verfasst von\" \/>\n\t<meta name=\"twitter:data1\" content=\"Andreas Jecklin\" \/>\n\t<meta name=\"twitter:label2\" content=\"Gesch\u00e4tzte Lesezeit\" \/>\n\t<meta name=\"twitter:data2\" content=\"7\u00a0Minuten\" \/>\r\n<script type=\"application\/ld+json\" class=\"yoast-schema-graph\">{\"@context\":\"https:\\\/\\\/schema.org\",\"@graph\":[{\"@type\":\"Article\",\"@id\":\"https:\\\/\\\/www.vitalibera.org\\\/community\\\/2026\\\/04\\\/08\\\/kraft-und-energie-tanken\\\/#article\",\"isPartOf\":{\"@id\":\"https:\\\/\\\/www.vitalibera.org\\\/community\\\/2026\\\/04\\\/08\\\/kraft-und-energie-tanken\\\/\"},\"author\":{\"name\":\"Andreas Jecklin\",\"@id\":\"https:\\\/\\\/www.vitalibera.org\\\/community\\\/#\\\/schema\\\/person\\\/6712387298421f222ff6d0a2e22c1534\"},\"headline\":\"Kraft und Energie tanken\",\"datePublished\":\"2026-04-08T12:28:15+00:00\",\"dateModified\":\"2026-04-08T12:29:38+00:00\",\"mainEntityOfPage\":{\"@id\":\"https:\\\/\\\/www.vitalibera.org\\\/community\\\/2026\\\/04\\\/08\\\/kraft-und-energie-tanken\\\/\"},\"wordCount\":1027,\"commentCount\":0,\"publisher\":{\"@id\":\"https:\\\/\\\/www.vitalibera.org\\\/community\\\/#organization\"},\"image\":{\"@id\":\"https:\\\/\\\/www.vitalibera.org\\\/community\\\/2026\\\/04\\\/08\\\/kraft-und-energie-tanken\\\/#primaryimage\"},\"thumbnailUrl\":\"https:\\\/\\\/www.vitalibera.org\\\/community\\\/wp-content\\\/uploads\\\/2026\\\/04\\\/brainrecharge.png\",\"articleSection\":[\"Alltag\",\"Hilfe f\u00fcr Angeh\u00f6rige\",\"Strategien\"],\"inLanguage\":\"de\",\"potentialAction\":[{\"@type\":\"CommentAction\",\"name\":\"Comment\",\"target\":[\"https:\\\/\\\/www.vitalibera.org\\\/community\\\/2026\\\/04\\\/08\\\/kraft-und-energie-tanken\\\/#respond\"]}]},{\"@type\":\"WebPage\",\"@id\":\"https:\\\/\\\/www.vitalibera.org\\\/community\\\/2026\\\/04\\\/08\\\/kraft-und-energie-tanken\\\/\",\"url\":\"https:\\\/\\\/www.vitalibera.org\\\/community\\\/2026\\\/04\\\/08\\\/kraft-und-energie-tanken\\\/\",\"name\":\"Kraft und Energie tanken - vitalibera.org\",\"isPartOf\":{\"@id\":\"https:\\\/\\\/www.vitalibera.org\\\/community\\\/#website\"},\"primaryImageOfPage\":{\"@id\":\"https:\\\/\\\/www.vitalibera.org\\\/community\\\/2026\\\/04\\\/08\\\/kraft-und-energie-tanken\\\/#primaryimage\"},\"image\":{\"@id\":\"https:\\\/\\\/www.vitalibera.org\\\/community\\\/2026\\\/04\\\/08\\\/kraft-und-energie-tanken\\\/#primaryimage\"},\"thumbnailUrl\":\"https:\\\/\\\/www.vitalibera.org\\\/community\\\/wp-content\\\/uploads\\\/2026\\\/04\\\/brainrecharge.png\",\"datePublished\":\"2026-04-08T12:28:15+00:00\",\"dateModified\":\"2026-04-08T12:29:38+00:00\",\"breadcrumb\":{\"@id\":\"https:\\\/\\\/www.vitalibera.org\\\/community\\\/2026\\\/04\\\/08\\\/kraft-und-energie-tanken\\\/#breadcrumb\"},\"inLanguage\":\"de\",\"potentialAction\":[{\"@type\":\"ReadAction\",\"target\":[\"https:\\\/\\\/www.vitalibera.org\\\/community\\\/2026\\\/04\\\/08\\\/kraft-und-energie-tanken\\\/\"]}]},{\"@type\":\"BreadcrumbList\",\"@id\":\"https:\\\/\\\/www.vitalibera.org\\\/community\\\/2026\\\/04\\\/08\\\/kraft-und-energie-tanken\\\/#breadcrumb\",\"itemListElement\":[{\"@type\":\"ListItem\",\"position\":1,\"name\":\"Startseite\",\"item\":\"https:\\\/\\\/www.vitalibera.org\\\/community\\\/\"},{\"@type\":\"ListItem\",\"position\":2,\"name\":\"Kraft und Energie tanken\"}]},{\"@type\":\"WebSite\",\"@id\":\"https:\\\/\\\/www.vitalibera.org\\\/community\\\/#website\",\"url\":\"https:\\\/\\\/www.vitalibera.org\\\/community\\\/\",\"name\":\"vitalibera.org\",\"description\":\"Mit einer Einschr&auml;nkung gestaltet sich das Leben im Alltag oft schwieriger - hier berichten wir &uuml;ber unsere Erfahrungen und Hilfsmittel um den Alltag so unbeschwert und unkompliziert wie nur m&ouml;glich geniessen zu k&ouml;nnen. Dabei richten wir unseren Fokus gezielt auf Selbst&auml;ndigkeit, Eigenst&auml;ndigkeit und Selbstbestimmung.\",\"publisher\":{\"@id\":\"https:\\\/\\\/www.vitalibera.org\\\/community\\\/#organization\"},\"potentialAction\":[{\"@type\":\"SearchAction\",\"target\":{\"@type\":\"EntryPoint\",\"urlTemplate\":\"https:\\\/\\\/www.vitalibera.org\\\/community\\\/?s={search_term_string}\"},\"query-input\":{\"@type\":\"PropertyValueSpecification\",\"valueRequired\":true,\"valueName\":\"search_term_string\"}}],\"inLanguage\":\"de\"},{\"@type\":\"Organization\",\"@id\":\"https:\\\/\\\/www.vitalibera.org\\\/community\\\/#organization\",\"name\":\"vitalibera.org\",\"url\":\"https:\\\/\\\/www.vitalibera.org\\\/community\\\/\",\"logo\":{\"@type\":\"ImageObject\",\"inLanguage\":\"de\",\"@id\":\"https:\\\/\\\/www.vitalibera.org\\\/community\\\/#\\\/schema\\\/logo\\\/image\\\/\",\"url\":\"https:\\\/\\\/www.vitalibera.org\\\/community\\\/wp-content\\\/uploads\\\/2025\\\/09\\\/cropped-banner.png\",\"contentUrl\":\"https:\\\/\\\/www.vitalibera.org\\\/community\\\/wp-content\\\/uploads\\\/2025\\\/09\\\/cropped-banner.png\",\"width\":991,\"height\":150,\"caption\":\"vitalibera.org\"},\"image\":{\"@id\":\"https:\\\/\\\/www.vitalibera.org\\\/community\\\/#\\\/schema\\\/logo\\\/image\\\/\"},\"sameAs\":[\"https:\\\/\\\/www.facebook.com\\\/groups\\\/2997085857140235\"]},{\"@type\":\"Person\",\"@id\":\"https:\\\/\\\/www.vitalibera.org\\\/community\\\/#\\\/schema\\\/person\\\/6712387298421f222ff6d0a2e22c1534\",\"name\":\"Andreas Jecklin\",\"image\":{\"@type\":\"ImageObject\",\"inLanguage\":\"de\",\"@id\":\"https:\\\/\\\/secure.gravatar.com\\\/avatar\\\/ad516503a11cd5ca435acc9bb6523536?s=96\",\"url\":\"https:\\\/\\\/secure.gravatar.com\\\/avatar\\\/ad516503a11cd5ca435acc9bb6523536?s=96\",\"contentUrl\":\"https:\\\/\\\/secure.gravatar.com\\\/avatar\\\/ad516503a11cd5ca435acc9bb6523536?s=96\",\"caption\":\"Andreas Jecklin\"},\"description\":\"Manchen gab Gott die Kraft Dinge zu ver\u00e4ndern, mir gab er die Kraft zu ertragen was nicht mehr zu \u00e4ndern ist.\",\"url\":\"https:\\\/\\\/www.vitalibera.org\\\/community\\\/author\\\/andy77\\\/\"}]}<\/script>\r\n<!-- \/ Yoast SEO plugin. -->","yoast_head_json":{"title":"Kraft und Energie tanken - vitalibera.org","robots":{"index":"index","follow":"follow","max-snippet":"max-snippet:-1","max-image-preview":"max-image-preview:large","max-video-preview":"max-video-preview:-1"},"canonical":"https:\/\/www.vitalibera.org\/community\/2026\/04\/08\/kraft-und-energie-tanken\/","og_locale":"de_DE","og_type":"article","og_title":"Kraft und Energie tanken - vitalibera.org","og_description":"Kraft und Energie tanken kann vieles bedeuten \u2014 k\u00f6rperlich, mental, kreativ. Handy&#8217;s, Tablet&#8217;s oder andere technischen Ger\u00e4te brauchen ebenfalls zwischendurch eine &#8220;Aufladung&#8221; oder eine Abk\u00fchlung &#8211; um wieder zu Funktionieren. Wir Menschen verf\u00fcgen jedoch nicht \u00fcber eine elektrische Lade-Buchse (zum Gl\u00fcck) &#8211; Weil wir Menschen sind und keine Maschienen. K\u00f6rper &amp; Nervensystem: Energie zur\u00fcckholen, nicht ... Weiterlesen","og_url":"https:\/\/www.vitalibera.org\/community\/2026\/04\/08\/kraft-und-energie-tanken\/","og_site_name":"vitalibera.org","article_publisher":"https:\/\/www.facebook.com\/groups\/2997085857140235","article_published_time":"2026-04-08T12:28:15+00:00","article_modified_time":"2026-04-08T12:29:38+00:00","og_image":[{"width":450,"height":378,"url":"https:\/\/www.vitalibera.org\/community\/wp-content\/uploads\/2026\/04\/brainrecharge.png","type":"image\/png"}],"author":"Andreas Jecklin","twitter_card":"summary_large_image","twitter_misc":{"Verfasst von":"Andreas Jecklin","Gesch\u00e4tzte Lesezeit":"7\u00a0Minuten"},"schema":{"@context":"https:\/\/schema.org","@graph":[{"@type":"Article","@id":"https:\/\/www.vitalibera.org\/community\/2026\/04\/08\/kraft-und-energie-tanken\/#article","isPartOf":{"@id":"https:\/\/www.vitalibera.org\/community\/2026\/04\/08\/kraft-und-energie-tanken\/"},"author":{"name":"Andreas Jecklin","@id":"https:\/\/www.vitalibera.org\/community\/#\/schema\/person\/6712387298421f222ff6d0a2e22c1534"},"headline":"Kraft und Energie tanken","datePublished":"2026-04-08T12:28:15+00:00","dateModified":"2026-04-08T12:29:38+00:00","mainEntityOfPage":{"@id":"https:\/\/www.vitalibera.org\/community\/2026\/04\/08\/kraft-und-energie-tanken\/"},"wordCount":1027,"commentCount":0,"publisher":{"@id":"https:\/\/www.vitalibera.org\/community\/#organization"},"image":{"@id":"https:\/\/www.vitalibera.org\/community\/2026\/04\/08\/kraft-und-energie-tanken\/#primaryimage"},"thumbnailUrl":"https:\/\/www.vitalibera.org\/community\/wp-content\/uploads\/2026\/04\/brainrecharge.png","articleSection":["Alltag","Hilfe f\u00fcr Angeh\u00f6rige","Strategien"],"inLanguage":"de","potentialAction":[{"@type":"CommentAction","name":"Comment","target":["https:\/\/www.vitalibera.org\/community\/2026\/04\/08\/kraft-und-energie-tanken\/#respond"]}]},{"@type":"WebPage","@id":"https:\/\/www.vitalibera.org\/community\/2026\/04\/08\/kraft-und-energie-tanken\/","url":"https:\/\/www.vitalibera.org\/community\/2026\/04\/08\/kraft-und-energie-tanken\/","name":"Kraft und Energie tanken - vitalibera.org","isPartOf":{"@id":"https:\/\/www.vitalibera.org\/community\/#website"},"primaryImageOfPage":{"@id":"https:\/\/www.vitalibera.org\/community\/2026\/04\/08\/kraft-und-energie-tanken\/#primaryimage"},"image":{"@id":"https:\/\/www.vitalibera.org\/community\/2026\/04\/08\/kraft-und-energie-tanken\/#primaryimage"},"thumbnailUrl":"https:\/\/www.vitalibera.org\/community\/wp-content\/uploads\/2026\/04\/brainrecharge.png","datePublished":"2026-04-08T12:28:15+00:00","dateModified":"2026-04-08T12:29:38+00:00","breadcrumb":{"@id":"https:\/\/www.vitalibera.org\/community\/2026\/04\/08\/kraft-und-energie-tanken\/#breadcrumb"},"inLanguage":"de","potentialAction":[{"@type":"ReadAction","target":["https:\/\/www.vitalibera.org\/community\/2026\/04\/08\/kraft-und-energie-tanken\/"]}]},{"@type":"BreadcrumbList","@id":"https:\/\/www.vitalibera.org\/community\/2026\/04\/08\/kraft-und-energie-tanken\/#breadcrumb","itemListElement":[{"@type":"ListItem","position":1,"name":"Startseite","item":"https:\/\/www.vitalibera.org\/community\/"},{"@type":"ListItem","position":2,"name":"Kraft und Energie tanken"}]},{"@type":"WebSite","@id":"https:\/\/www.vitalibera.org\/community\/#website","url":"https:\/\/www.vitalibera.org\/community\/","name":"vitalibera.org","description":"Mit einer Einschr&auml;nkung gestaltet sich das Leben im Alltag oft schwieriger - hier berichten wir &uuml;ber unsere Erfahrungen und Hilfsmittel um den Alltag so unbeschwert und unkompliziert wie nur m&ouml;glich geniessen zu k&ouml;nnen. Dabei richten wir unseren Fokus gezielt auf Selbst&auml;ndigkeit, Eigenst&auml;ndigkeit und Selbstbestimmung.","publisher":{"@id":"https:\/\/www.vitalibera.org\/community\/#organization"},"potentialAction":[{"@type":"SearchAction","target":{"@type":"EntryPoint","urlTemplate":"https:\/\/www.vitalibera.org\/community\/?s={search_term_string}"},"query-input":{"@type":"PropertyValueSpecification","valueRequired":true,"valueName":"search_term_string"}}],"inLanguage":"de"},{"@type":"Organization","@id":"https:\/\/www.vitalibera.org\/community\/#organization","name":"vitalibera.org","url":"https:\/\/www.vitalibera.org\/community\/","logo":{"@type":"ImageObject","inLanguage":"de","@id":"https:\/\/www.vitalibera.org\/community\/#\/schema\/logo\/image\/","url":"https:\/\/www.vitalibera.org\/community\/wp-content\/uploads\/2025\/09\/cropped-banner.png","contentUrl":"https:\/\/www.vitalibera.org\/community\/wp-content\/uploads\/2025\/09\/cropped-banner.png","width":991,"height":150,"caption":"vitalibera.org"},"image":{"@id":"https:\/\/www.vitalibera.org\/community\/#\/schema\/logo\/image\/"},"sameAs":["https:\/\/www.facebook.com\/groups\/2997085857140235"]},{"@type":"Person","@id":"https:\/\/www.vitalibera.org\/community\/#\/schema\/person\/6712387298421f222ff6d0a2e22c1534","name":"Andreas Jecklin","image":{"@type":"ImageObject","inLanguage":"de","@id":"https:\/\/secure.gravatar.com\/avatar\/ad516503a11cd5ca435acc9bb6523536?s=96","url":"https:\/\/secure.gravatar.com\/avatar\/ad516503a11cd5ca435acc9bb6523536?s=96","contentUrl":"https:\/\/secure.gravatar.com\/avatar\/ad516503a11cd5ca435acc9bb6523536?s=96","caption":"Andreas Jecklin"},"description":"Manchen gab Gott die Kraft Dinge zu ver\u00e4ndern, mir gab er die Kraft zu ertragen was nicht mehr zu \u00e4ndern ist.","url":"https:\/\/www.vitalibera.org\/community\/author\/andy77\/"}]}},"jetpack_featured_media_url":"https:\/\/www.vitalibera.org\/community\/wp-content\/uploads\/2026\/04\/brainrecharge.png","jetpack_sharing_enabled":true,"jetpack-related-posts":[],"_links":{"self":[{"href":"https:\/\/www.vitalibera.org\/community\/wp-json\/wp\/v2\/posts\/6612","targetHints":{"allow":["GET"]}}],"collection":[{"href":"https:\/\/www.vitalibera.org\/community\/wp-json\/wp\/v2\/posts"}],"about":[{"href":"https:\/\/www.vitalibera.org\/community\/wp-json\/wp\/v2\/types\/post"}],"author":[{"embeddable":true,"href":"https:\/\/www.vitalibera.org\/community\/wp-json\/wp\/v2\/users\/2"}],"replies":[{"embeddable":true,"href":"https:\/\/www.vitalibera.org\/community\/wp-json\/wp\/v2\/comments?post=6612"}],"version-history":[{"count":1,"href":"https:\/\/www.vitalibera.org\/community\/wp-json\/wp\/v2\/posts\/6612\/revisions"}],"predecessor-version":[{"id":6614,"href":"https:\/\/www.vitalibera.org\/community\/wp-json\/wp\/v2\/posts\/6612\/revisions\/6614"}],"wp:featuredmedia":[{"embeddable":true,"href":"https:\/\/www.vitalibera.org\/community\/wp-json\/wp\/v2\/media\/6613"}],"wp:attachment":[{"href":"https:\/\/www.vitalibera.org\/community\/wp-json\/wp\/v2\/media?parent=6612"}],"wp:term":[{"taxonomy":"category","embeddable":true,"href":"https:\/\/www.vitalibera.org\/community\/wp-json\/wp\/v2\/categories?post=6612"},{"taxonomy":"post_tag","embeddable":true,"href":"https:\/\/www.vitalibera.org\/community\/wp-json\/wp\/v2\/tags?post=6612"}],"curies":[{"name":"wp","href":"https:\/\/api.w.org\/{rel}","templated":true}]}}