{"id":6619,"date":"2026-04-09T11:51:06","date_gmt":"2026-04-09T09:51:06","guid":{"rendered":"https:\/\/www.vitalibera.org\/community\/?p=6619"},"modified":"2026-04-09T11:52:53","modified_gmt":"2026-04-09T09:52:53","slug":"wenn-strukturen-institutionen-die-autonomie-untergraben","status":"publish","type":"post","link":"https:\/\/www.vitalibera.org\/community\/2026\/04\/09\/wenn-strukturen-institutionen-die-autonomie-untergraben\/","title":{"rendered":"Wenn Strukturen &amp; Institutionen die Autonomie untergraben"},"content":{"rendered":"\n<p>Viele <a href=\"https:\/\/www.vitalibera.org\/community\/2026\/04\/19\/wenn-reize-laut-werden-und-menschen-leise\/\">Betroffene<\/a> erleben Strukturen, die Autonomie untergraben, W&uuml;rde verletzen und Menschen zu &bdquo;F&auml;llen&ldquo; statt Personen machen. Insbesondere der w&uuml;rdelose Umgang und die Fremdbestimmung kritisieren viele Pflegeheim Bewohner. Aber auch das &ldquo;&uuml;ber den Kopf hinweg entscheiden&rdquo; von selbst ernannten &ldquo;Sozialp&auml;dagogen&rdquo; st&ouml;sst vielen Betroffenen schlecht auf. <strong>Bevormundung als System<\/strong> &mdash; Entscheidungen werden &uuml;ber K&ouml;pfe hinweg getroffen, oft mit der Rechtfertigung: &bdquo;zu ihrem Besten&ldquo;. Das entm&uuml;ndigt und erzeugt Ohnmacht.<\/p>\n\n\n\n<div class=\"wp-block-media-text is-stacked-on-mobile\"><figure class=\"wp-block-media-text__media\"><img fetchpriority=\"high\" decoding=\"async\" width=\"486\" height=\"344\" src=\"https:\/\/www.vitalibera.org\/community\/wp-content\/uploads\/2026\/04\/herab5.png\" alt=\"\" class=\"wp-image-6620 size-full\" srcset=\"https:\/\/www.vitalibera.org\/community\/wp-content\/uploads\/2026\/04\/herab5.png 486w, https:\/\/www.vitalibera.org\/community\/wp-content\/uploads\/2026\/04\/herab5-300x212.png 300w\" sizes=\"(max-width: 486px) 100vw, 486px\" \/><\/figure><div class=\"wp-block-media-text__content\">\n<p>Selbstbestimmung und W&uuml;rde nach einer Dem&uuml;tigung im Pflegeheim entsteht nicht durch &bdquo;Zur&uuml;ckgehen zum alten Ich&ldquo;, sondern durch <strong>R&uuml;ckeroberung von Handlungsspielr&auml;umen<\/strong>, <strong>W&uuml;rde<\/strong> und <strong>innerer Autorit&auml;t<\/strong> &ndash; Schritt f&uuml;r Schritt, in einer Form, die deine Energie sch&uuml;tzt und deine Geschichte respektiert.<\/p>\n<\/div><\/div>\n\n\n\n<h5 class=\"wp-block-heading\"><strong>Was nach einer Dem&uuml;tigung wirklich passiert<\/strong><\/h5>\n\n\n\n<p>Eine Dem&uuml;tigung im Pflegeheim trifft nicht nur das Selbstwertgef&uuml;hl, sondern das <strong>Grundgef&uuml;hl von Sicherheit und Kontrolle<\/strong>. Viele Betroffene beschreiben danach:<\/p>\n\n\n\n<ul class=\"wp-block-list\">\n<li>ein Gef&uuml;hl von Ausgeliefertsein<\/li>\n\n\n\n<li>Scham, obwohl sie nichts falsch gemacht haben<\/li>\n\n\n\n<li>Wut, die keinen Ort findet<\/li>\n\n\n\n<li>R&uuml;ckzug, weil Vertrauen verletzt wurde<\/li>\n\n\n\n<li>das Gef&uuml;hl, &bdquo;klein gemacht&ldquo; worden zu sein<\/li>\n<\/ul>\n\n\n\n<p>Das Entscheidende: <strong>Das Problem ist nicht in dir &ndash; es ist im System, das deine W&uuml;rde verletzt hat.<\/strong> Selbstbestimmung wiederzuerlangen hei&szlig;t also nicht, &bdquo;st&auml;rker&ldquo; zu werden, sondern <strong>die eigene W&uuml;rde wieder in die Hand zu nehmen<\/strong>.<\/p>\n\n\n\n<h5 class=\"wp-block-heading\"><strong>Drei Ebenen, auf denen Selbstbestimmung zur&uuml;ckkehrt<\/strong><\/h5>\n\n\n\n<h6 class=\"wp-block-heading\"><strong>1) K&ouml;rperliche Selbstbestimmung &ndash; kleine, machbare Schritte<\/strong><\/h6>\n\n\n\n<p>Nach Dem&uuml;tigung hilft es, wieder <strong>sp&uuml;rbare Kontrolle<\/strong> &uuml;ber etwas zu haben. Das k&ouml;nnen winzige Dinge sein:<\/p>\n\n\n\n<ul class=\"wp-block-list\">\n<li>selbst entscheiden, wann du etwas tust (auch wenn es nur 5 Minuten Verschiebung sind)<\/li>\n\n\n\n<li>eine Routine, die <em>du<\/em> bestimmst<\/li>\n\n\n\n<li>ein Gegenstand, der dir Autonomie signalisiert (Notizbuch, Timer, eigener Ablaufplan)<\/li>\n\n\n\n<li>eine klare Grenze: &bdquo;Das m&ouml;chte ich so nicht.&ldquo;<\/li>\n<\/ul>\n\n\n\n<p>Diese Mikro-Entscheidungen wirken oft st&auml;rker als gro&szlig;e Pl&auml;ne.<\/p>\n\n\n\n<h6 class=\"wp-block-heading\"><strong>2) Emotionale Selbstbestimmung &ndash; deine Geschichte geh&ouml;rt dir<\/strong><\/h6>\n\n\n\n<p>Dem&uuml;tigung nimmt Menschen oft das Gef&uuml;hl, dass ihre Gef&uuml;hle legitim sind. Du holst dir das zur&uuml;ck, indem du:<\/p>\n\n\n\n<ul class=\"wp-block-list\">\n<li>benennst, was passiert ist<\/li>\n\n\n\n<li>benennst, wie es sich angef&uuml;hlt hat<\/li>\n\n\n\n<li>entscheidest, wie du dar&uuml;ber sprechen willst<\/li>\n\n\n\n<li>entscheidest, wem du es anvertraust<\/li>\n<\/ul>\n\n\n\n<p>Das ist kein &bdquo;Therapieprozess&ldquo;, sondern ein <strong>Akt der Selbst-Autorisierung<\/strong>.<\/p>\n\n\n\n<h6 class=\"wp-block-heading\"><strong>3) Soziale Selbstbestimmung &ndash; neue Regeln f&uuml;r den Umgang<\/strong><\/h6>\n\n\n\n<p>Nach einer Grenzverletzung braucht es neue Leitplanken:<\/p>\n\n\n\n<ul class=\"wp-block-list\">\n<li>klare S&auml;tze, die du jederzeit nutzen kannst<\/li>\n\n\n\n<li>eine Person, die deine Perspektive respektiert<\/li>\n\n\n\n<li>ein Umfeld, das dich nicht klein macht<\/li>\n\n\n\n<li>Strukturen, die dich st&auml;rken statt entm&uuml;ndigen<\/li>\n<\/ul>\n\n\n\n<p>Selbstbestimmung entsteht nicht im Vakuum &ndash; sie entsteht in Beziehungen, die deine W&uuml;rde spiegeln.<\/p>\n\n\n\n<div class=\"wp-block-media-text is-stacked-on-mobile\" style=\"grid-template-columns:31% auto\"><figure class=\"wp-block-media-text__media\"><img decoding=\"async\" width=\"302\" height=\"277\" src=\"http:\/\/www.vitalibera.org\/community\/wp-content\/uploads\/2026\/03\/tip3.png\" alt=\"\" class=\"wp-image-6087 size-full\" srcset=\"https:\/\/www.vitalibera.org\/community\/wp-content\/uploads\/2026\/03\/tip3.png 302w, https:\/\/www.vitalibera.org\/community\/wp-content\/uploads\/2026\/03\/tip3-300x275.png 300w\" sizes=\"(max-width: 302px) 100vw, 302px\" \/><\/figure><div class=\"wp-block-media-text__content\">\n<p>Ein Satz, der vielen hilft<\/p>\n\n\n\n<blockquote class=\"wp-block-quote is-layout-flow wp-block-quote-is-layout-flow\">\n<p><strong>&bdquo;Ich bestimme, wie mit mir gesprochen wird.&ldquo;<\/strong><\/p>\n<\/blockquote>\n\n\n\n<p>Dieser Satz ist kein Angriff, sondern eine R&uuml;ckgabe der Verantwortung an das Gegen&uuml;ber.<\/p>\n<\/div><\/div>\n\n\n\n<h5 class=\"wp-block-heading\"><strong>Grenzen-Satzbaukasten<\/strong><\/h5>\n\n\n\n<p><strong>Modular, direkt, w&uuml;rdevoll &ndash; du kombinierst nur die Bausteine, die du brauchst.<\/strong><\/p>\n\n\n\n<h6 class=\"wp-block-heading\"><strong>1) Einstiegss&auml;tze &ndash; markieren, dass etwas nicht stimmt<\/strong><\/h6>\n\n\n\n<ul class=\"wp-block-list\">\n<li>&bdquo;So m&ouml;chte ich nicht angesprochen werden.&ldquo;<\/li>\n\n\n\n<li>&bdquo;Stopp. Das f&uuml;hlt sich f&uuml;r mich nicht respektvoll an.&ldquo;<\/li>\n\n\n\n<li>&bdquo;Ich brauche hier einen anderen Umgangston.&ldquo;<\/li>\n\n\n\n<li>&bdquo;Das &uuml;berschreitet meine Grenze.&ldquo;<\/li>\n\n\n\n<li>&bdquo;So kann ich das nicht annehmen.&ldquo;<\/li>\n<\/ul>\n\n\n\n<h6 class=\"wp-block-heading\"><strong>2) Ich-Botschaften &ndash; ohne Rechtfertigung, ohne Diskussion<\/strong><\/h6>\n\n\n\n<ul class=\"wp-block-list\">\n<li>&bdquo;Ich entscheide, wie mit mir gesprochen wird.&ldquo;<\/li>\n\n\n\n<li>&bdquo;Ich brauche Klarheit und Respekt.&ldquo;<\/li>\n\n\n\n<li>&bdquo;Ich m&ouml;chte, dass meine Autonomie ernst genommen wird.&ldquo;<\/li>\n\n\n\n<li>&bdquo;Ich brauche Zeit, bevor ich weiterrede.&ldquo;<\/li>\n\n\n\n<li>&bdquo;Ich m&ouml;chte das in meinem Tempo.&ldquo;<\/li>\n<\/ul>\n\n\n\n<h6 class=\"wp-block-heading\"><strong>3) Konkrete Ansagen &ndash; was du willst (oder nicht willst)<\/strong><\/h6>\n\n\n\n<ul class=\"wp-block-list\">\n<li>&bdquo;Bitte sprechen Sie mit mir direkt, nicht &uuml;ber mich.&ldquo;<\/li>\n\n\n\n<li>&bdquo;Ich m&ouml;chte selbst entscheiden, wann wir das machen.&ldquo;<\/li>\n\n\n\n<li>&bdquo;Ich brauche eine Erkl&auml;rung, bevor etwas passiert.&ldquo;<\/li>\n\n\n\n<li>&bdquo;Ich m&ouml;chte das anders gel&ouml;st haben.&ldquo;<\/li>\n\n\n\n<li>&bdquo;Ich m&ouml;chte jetzt eine Pause.&ldquo;<\/li>\n<\/ul>\n\n\n\n<h6 class=\"wp-block-heading\"><strong>4) Grenzen mit Konsequenz &ndash; ruhig, aber unmissverst&auml;ndlich<\/strong><\/h6>\n\n\n\n<p><em>(keine Drohung, nur Klarheit)<\/em><\/p>\n\n\n\n<ul class=\"wp-block-list\">\n<li>&bdquo;Wenn der Ton so bleibt, beende ich das Gespr&auml;ch.&ldquo;<\/li>\n\n\n\n<li>&bdquo;Wenn meine Grenze nicht respektiert wird, spreche ich mit einer anderen Person.&ldquo;<\/li>\n\n\n\n<li>&bdquo;Ich mache erst weiter, wenn wir respektvoll miteinander sprechen.&ldquo;<\/li>\n\n\n\n<li>&bdquo;Ich nehme das nicht hin.&ldquo;<\/li>\n<\/ul>\n\n\n\n<h6 class=\"wp-block-heading\"><strong>5) W&uuml;rde-S&auml;tze &ndash; deine innere Autorit&auml;t st&auml;rken<\/strong><\/h6>\n\n\n\n<ul class=\"wp-block-list\">\n<li>&bdquo;Ich habe ein Recht auf Respekt.&ldquo;<\/li>\n\n\n\n<li>&bdquo;Ich bin nicht hier, um klein gemacht zu werden.&ldquo;<\/li>\n\n\n\n<li>&bdquo;Ich bestimme &uuml;ber meinen K&ouml;rper und meine Entscheidungen.&ldquo;<\/li>\n\n\n\n<li>&bdquo;Ich lasse mich nicht entm&uuml;ndigen.&ldquo;<\/li>\n\n\n\n<li>&bdquo;Meine W&uuml;rde ist nicht verhandelbar.&ldquo;<\/li>\n<\/ul>\n\n\n\n<h6 class=\"wp-block-heading\"><strong>6) Notfall-S&auml;tze &ndash; f&uuml;r Situationen, in denen du keine Energie hast<\/strong><\/h6>\n\n\n\n<p><em>(ultra-low-energy, maximal wirksam)<\/em><\/p>\n\n\n\n<ul class=\"wp-block-list\">\n<li>&bdquo;Nein.&ldquo;<\/li>\n\n\n\n<li>&bdquo;Stopp.&ldquo;<\/li>\n\n\n\n<li>&bdquo;So nicht.&ldquo;<\/li>\n\n\n\n<li>&bdquo;Ich brauche Hilfe.&ldquo;<\/li>\n\n\n\n<li>&bdquo;Ich m&ouml;chte das nicht.&ldquo;<\/li>\n<\/ul>\n\n\n\n<h6 class=\"wp-block-heading\"><strong>Wie du den Baukasten nutzt<\/strong><\/h6>\n\n\n\n<p>Du kannst die Bausteine wie Lego kombinieren:<\/p>\n\n\n\n<p><strong>Beispiel:<\/strong> &bdquo;Stopp. So m&ouml;chte ich nicht angesprochen werden. Ich brauche Respekt. Wenn das nicht m&ouml;glich ist, beende ich das Gespr&auml;ch.&ldquo;<\/p>\n\n\n\n<p>Oder ultra-minimalistisch: &bdquo;So nicht. Ich m&ouml;chte das anders.&ldquo;<\/p>\n\n\n\n<div class=\"wp-block-media-text is-stacked-on-mobile is-vertically-aligned-top\"><figure class=\"wp-block-media-text__media\"><img decoding=\"async\" width=\"259\" height=\"240\" src=\"http:\/\/www.vitalibera.org\/community\/wp-content\/uploads\/2026\/03\/8d884cf0d4c0d0127526e5ae396128bd.jpg\" alt=\"\" class=\"wp-image-6155 size-full\"><\/figure><div class=\"wp-block-media-text__content\">\n<p class=\"has-medium-font-size\"><strong>W&uuml;rde&#8209;Checkliste<\/strong><\/p>\n\n\n\n<p><strong>F&uuml;nf Fragen, die dir sofort zeigen, ob deine W&uuml;rde gewahrt wird.<\/strong><\/p>\n\n\n\n<h6 class=\"wp-block-heading\"><strong>1) Werde ich als Person angesprochen &ndash; nicht als Objekt?<\/strong><\/h6>\n\n\n\n<ul class=\"wp-block-list\">\n<li>Spricht man <em>mit<\/em> dir, nicht <em>&uuml;ber<\/em> dich<\/li>\n\n\n\n<li>Wird dein Name oder deine direkte Anrede genutzt<\/li>\n\n\n\n<li>Wird deine Perspektive ernst genommen<\/li>\n<\/ul>\n\n\n\n<p>Wenn du dich &bdquo;unsichtbar&ldquo; f&uuml;hlst, ist das ein Warnsignal.<\/p>\n\n\n\n<h6 class=\"wp-block-heading\"><strong>2) Habe ich eine echte Wahl?<\/strong><\/h6>\n\n\n\n<ul class=\"wp-block-list\">\n<li>Wirst du gefragt, bevor etwas passiert<\/li>\n\n\n\n<li>Darfst du Nein sagen<\/li>\n\n\n\n<li>Gibt es Alternativen oder Anpassungen<\/li>\n\n\n\n<li>Wird dein Tempo respektiert<\/li>\n<\/ul>\n\n\n\n<p>W&uuml;rde beginnt dort, wo <strong>du<\/strong> entscheiden darfst.<\/p>\n\n\n\n<h6 class=\"wp-block-heading\"><strong>3) Wird mein K&ouml;rper respektvoll behandelt?<\/strong><\/h6>\n\n\n\n<ul class=\"wp-block-list\">\n<li>Keine unn&ouml;tige Hast<\/li>\n\n\n\n<li>Keine entwertenden Ber&uuml;hrungen oder Kommentare<\/li>\n\n\n\n<li>Klare Erkl&auml;rung, bevor jemand etwas tut<\/li>\n\n\n\n<li>Du wirst nicht &bdquo;gef&uuml;hrt&ldquo;, sondern unterst&uuml;tzt<\/li>\n<\/ul>\n\n\n\n<p>Dein K&ouml;rper geh&ouml;rt dir &ndash; immer.<\/p>\n\n\n\n<h6 class=\"wp-block-heading\"><strong>4) Ist der Umgangston respektvoll?<\/strong><\/h6>\n\n\n\n<ul class=\"wp-block-list\">\n<li>Kein Herablassen<\/li>\n\n\n\n<li>Keine Ironie auf deine Kosten<\/li>\n\n\n\n<li>Keine Befehlsform ohne Notwendigkeit<\/li>\n\n\n\n<li>Keine Besch&auml;mung oder Abwertung<\/li>\n<\/ul>\n\n\n\n<p>Respekt ist nicht verhandelbar.<\/p>\n\n\n\n<h6 class=\"wp-block-heading\"><strong>5) F&uuml;hle ich mich sicher und ernst genommen?<\/strong><\/h6>\n\n\n\n<ul class=\"wp-block-list\">\n<li>Du kannst sagen, was du brauchst<\/li>\n\n\n\n<li>Deine Gef&uuml;hle werden nicht klein gemacht<\/li>\n\n\n\n<li>Du wirst nicht unter Druck gesetzt<\/li>\n\n\n\n<li>Du wirst nicht l&auml;cherlich gemacht<\/li>\n<\/ul>\n\n\n\n<p>W&uuml;rde zeigt sich daran, wie du dich <em>nach<\/em> der Interaktion f&uuml;hlst.<\/p>\n\n\n\n<h6 class=\"wp-block-heading\"><strong>Bonus: 10&#8209;Sekunden&#8209;W&uuml;rde&#8209;Reset<\/strong><\/h6>\n\n\n\n<p>Wenn du merkst, dass deine W&uuml;rde verletzt wurde:<\/p>\n\n\n\n<ol start=\"1\" class=\"wp-block-list\">\n<li><strong>Atme einmal bewusst aus.<\/strong><\/li>\n\n\n\n<li><strong>Sag innerlich:<\/strong> &bdquo;Ich entscheide.&ldquo;<\/li>\n\n\n\n<li><strong>Nutze einen Satz aus deinem Grenzen&#8209;Baukasten.<\/strong><\/li>\n<\/ol>\n\n\n\n<p><em><strong>Das ist ein Mini&#8209;Ritual, das deine innere Autorit&auml;t sofort zur&uuml;ckholt.<\/strong><\/em><\/p>\n<\/div><\/div>\n\n\n\n<p>Menschen &ndash; oft in Pflegeinstitutionen, Werkst&auml;tten oder <a href=\"https:\/\/www.vitalibera.org\/community\/enzyklopaedie\/tagesstruktur\/\" target=\"_self\" title=\"Eine Tagesstruktur ist ein&nbsp;geregelter Ablauf, der dem Tag durch feste Zeiten f&uuml;r Mahlzeiten, Aufgaben und Freizeit Halt, Sicherheit und Orientierung verleiht. Sie hilft, den Alltag aktiv zu gestalten, f&ouml;rdert das emotionale Wohlbefinden und ist essenziell f&uuml;r die Stabilit&auml;t, besonders bei pflegebed&uuml;rftigen Menschen oder in herausfordernden Lebenssituationen.\" class=\"encyclopedia\">Tagesstruktur<\/a>en &ndash; werden mit T&auml;tigkeiten besch&auml;ftigt, die <em>wie Arbeit aussehen<\/em>, aber keinerlei echte Wirkung, Wert oder Autonomie haben. Das ist nicht Therapie, sondern eine Form der <strong>Entm&uuml;ndigung im Arbeitskost&uuml;m<\/strong>.<\/p>\n\n\n\n<h5 class=\"wp-block-heading\"><strong>Was genau daran so verletzend ist<\/strong><\/h5>\n\n\n\n<p>Besch&auml;ftigungstherapie wird dann respektlos, wenn sie:<\/p>\n\n\n\n<ul class=\"wp-block-list\">\n<li><strong>Sinn simuliert statt Sinn erm&ouml;glicht<\/strong> &mdash; Menschen falten endlos Servietten, sortieren Schrauben, kleben Etiketten, die niemand braucht.<\/li>\n\n\n\n<li><strong>Kompetenzen klein h&auml;lt<\/strong> &mdash; statt F&auml;higkeiten zu f&ouml;rdern, werden Betroffene in &bdquo;harmlosen&ldquo; T&auml;tigkeiten geparkt.<\/li>\n\n\n\n<li><strong>Autonomie untergr&auml;bt<\/strong> &mdash; Entscheidungen &uuml;ber Tempo, Ziel oder Nutzen werden nicht gemeinsam getroffen.<\/li>\n\n\n\n<li><strong>W&uuml;rde verletzt<\/strong> &mdash; Arbeit wird zur Kulisse, nicht zur Teilhabe. Das vermittelt: <em>&bdquo;Du bist nicht f&auml;hig, du wirst besch&auml;ftigt.&ldquo;<\/em><\/li>\n<\/ul>\n\n\n\n<p>F&uuml;r Menschen mit neurologischen Verletzungen ist das besonders bitter: Sie sp&uuml;ren die Diskrepanz zwischen ihrem Potenzial und der infantilisierten Umgebung.<\/p>\n\n\n\n<h6 class=\"wp-block-heading\"><strong>Warum Institutionen das trotzdem tun<\/strong><\/h6>\n\n\n\n<p>Nicht aus Bosheit, sondern aus Strukturen:<\/p>\n\n\n\n<ul class=\"wp-block-list\">\n<li><strong>Zeitdruck und Personalmangel<\/strong> &rarr; Besch&auml;ftigung statt Begleitung.<\/li>\n\n\n\n<li><strong>Paternalistische Traditionen<\/strong> &rarr; &bdquo;Hauptsache, sie sind ruhig und besch&auml;ftigt.&ldquo;<\/li>\n\n\n\n<li><strong>Fehlende Ausbildung in neurofreundlicher Aktivierung<\/strong> &rarr; Man greift zu simplen, aber sinnlosen T&auml;tigkeiten.<\/li>\n\n\n\n<li><strong>Institutionelle Kontrolle<\/strong> &rarr; Echte Arbeit bedeutet echte Verantwortung &ndash; und die wird oft nicht zugetraut.<\/li>\n<\/ul>\n\n\n\n<h6 class=\"wp-block-heading\"><strong>Was echte, w&uuml;rdige Aktivierung w&auml;re<\/strong><\/h6>\n\n\n\n<p>Therapie oder Besch&auml;ftigung wird erst dann sinnvoll, wenn sie:<\/p>\n\n\n\n<ul class=\"wp-block-list\">\n<li><strong>echte Selbstwirksamkeit erzeugt<\/strong><\/li>\n\n\n\n<li><strong>realen Nutzen hat<\/strong> (f&uuml;r die Person selbst oder die Gemeinschaft)<\/li>\n\n\n\n<li><strong>frei gew&auml;hlt<\/strong> ist<\/li>\n\n\n\n<li><strong>Kompetenzen st&auml;rkt statt klein h&auml;lt<\/strong><\/li>\n\n\n\n<li><strong>Identit&auml;t respektiert<\/strong> (kein &bdquo;Kindchenprogramm&ldquo; f&uuml;r Erwachsene)<\/li>\n<\/ul>\n\n\n\n<p>Beispiele f&uuml;r w&uuml;rdige Alternativen:<\/p>\n\n\n\n<ul class=\"wp-block-list\">\n<li>Kleine, echte Projekte: Pflanzen pflegen, etwas reparieren, etwas gestalten.<\/li>\n\n\n\n<li>Kreative Produktion: Comics, Audio, Fotos, kurze Reels.<\/li>\n\n\n\n<li>Alltagst&auml;tigkeiten mit Bedeutung: Kochen, Organisieren, Planen.<\/li>\n\n\n\n<li>Peer&#8209;Projekte: Erfahrungen teilen, anderen helfen, Wissen weitergeben.<\/li>\n\n\n\n<li>Routinen, die Autonomie st&auml;rken: Selbstbestimmte Mini&#8209;Aufgaben, die sichtbar Wirkung haben.<\/li>\n<\/ul>\n\n\n\n<h5 class=\"wp-block-heading\"><strong>5 Kritiken &uuml;ber vorgegaukelte Arbeit<\/strong><\/h5>\n\n\n\n<h6 class=\"wp-block-heading\"><strong>1) Die &bdquo;Wichtige Aufgabe&ldquo;<\/strong><\/h6>\n\n\n\n<blockquote class=\"wp-block-quote is-layout-flow wp-block-quote-is-layout-flow\">\n<p><em>&bdquo;Wir haben heute etwas ganz Wichtiges f&uuml;r Sie: Diese Watteb&auml;llchen von links nach rechts schieben.&ldquo;<\/em> Die Betroffene: <em>&bdquo;Und morgen?&ldquo;<\/em> Antwort: <em>&bdquo;Dann schieben wir sie wieder zur&uuml;ck.&ldquo;<\/em> <strong>Kirike:<\/strong> Fortschritt im Kreis ist auch Bewegung &ndash; sagt das System.<\/p>\n<\/blockquote>\n\n\n\n<h6 class=\"wp-block-heading\"><strong>2) Die Qualit&auml;tskontrolle<\/strong><\/h6>\n\n\n\n<blockquote class=\"wp-block-quote is-layout-flow wp-block-quote-is-layout-flow\">\n<p><em>&bdquo;Bitte pr&uuml;fen Sie diese leeren Umschl&auml;ge auf Fehler.&ldquo;<\/em> Die Betroffene: <em>&bdquo;Sie sind leer.&ldquo;<\/em> Antwort: <em>&bdquo;Genau. Das macht es einfacher.&ldquo;<\/em> <strong>Kirike:<\/strong> Wenn die Aufgabe nichts enth&auml;lt, aber trotzdem Zeit frisst.<\/p>\n<\/blockquote>\n\n\n\n<h6 class=\"wp-block-heading\"><strong>3) Der simulierte Arbeitsplatz<\/strong><\/h6>\n\n\n\n<blockquote class=\"wp-block-quote is-layout-flow wp-block-quote-is-layout-flow\">\n<p><em>&bdquo;Wir &uuml;ben heute Kassieren.&ldquo;<\/em> Die Kasse: aus Holz. Die Produkte: aus Pappe. Das Geld: aus Fantasie. <strong>Kirike:<\/strong> Ein Job ohne Job &ndash; aber mit Pflichtgef&uuml;hl.<\/p>\n<\/blockquote>\n\n\n\n<h6 class=\"wp-block-heading\"><strong>4) Die therapeutische Endmontage<\/strong><\/h6>\n\n\n\n<blockquote class=\"wp-block-quote is-layout-flow wp-block-quote-is-layout-flow\">\n<p><em>&bdquo;Bitte diese Plastikdeckel auf diese Flaschen schrauben.&ldquo;<\/em> Nach 30 Minuten: <em>&bdquo;Jetzt bitte wieder abschrauben.&ldquo;<\/em> <strong>Kirike:<\/strong> Recycling, aber f&uuml;r Menschenw&uuml;rde ungeeignet.<\/p>\n<\/blockquote>\n\n\n\n<h6 class=\"wp-block-heading\"><strong>5) Die Sinnpolitur<\/strong><\/h6>\n\n\n\n<blockquote class=\"wp-block-quote is-layout-flow wp-block-quote-is-layout-flow\">\n<p><em>&bdquo;Wir polieren heute diese L&ouml;ffel.&ldquo;<\/em> Die Betroffene: <em>&bdquo;Die sind schon sauber.&ldquo;<\/em> Antwort: <em>&bdquo;Dann gl&auml;nzen sie eben doppelt.&ldquo;<\/em> <strong>Kirike:<\/strong> Wenn Glanz wichtiger ist als Selbstbestimmung.<\/p>\n<\/blockquote>\n\n\n\n<div class=\"wp-block-media-text is-stacked-on-mobile\"><figure class=\"wp-block-media-text__media\"><img loading=\"lazy\" decoding=\"async\" width=\"259\" height=\"240\" src=\"http:\/\/www.vitalibera.org\/community\/wp-content\/uploads\/2026\/03\/dbc5972683099460054d3dbc8212a892-1.jpg\" alt=\"\" class=\"wp-image-6333 size-full\"><\/figure><div class=\"wp-block-media-text__content\">\n<p>Diskutiere mit uns &uuml;ber deine eigenen Erfahrungen und Impressionen in unserem <a href=\"https:\/\/www.vitalibera.org\/community\/forum\/\">Forum <\/a>oder unserer <a href=\"https:\/\/www.facebook.com\/groups\/2997085857140235\" target=\"_blank\" rel=\"noreferrer noopener\">Facebook-Gruppe.<\/a><\/p>\n<\/div><\/div>\n","protected":false},"excerpt":{"rendered":"<p>Viele Betroffene erleben Strukturen, die Autonomie untergraben, W\u00fcrde verletzen und Menschen zu \u201eF\u00e4llen\u201c statt Personen machen. Insbesondere der w\u00fcrdelose Umgang und die Fremdbestimmung kritisieren viele Pflegeheim Bewohner. Aber auch das &#8220;\u00fcber den Kopf hinweg entscheiden&#8221; von selbst ernannten &#8220;Sozialp\u00e4dagogen&#8221; st\u00f6sst vielen Betroffenen schlecht auf. Bevormundung als System \u2014 Entscheidungen werden \u00fcber K\u00f6pfe hinweg getroffen, oft &#8230; <a title=\"Wenn Strukturen &amp; Institutionen die Autonomie untergraben\" class=\"read-more\" href=\"https:\/\/www.vitalibera.org\/community\/2026\/04\/09\/wenn-strukturen-institutionen-die-autonomie-untergraben\/\" aria-label=\"Mehr Informationen \u00fcber Wenn Strukturen &amp; Institutionen die Autonomie untergraben\">Weiterlesen<\/a><\/p>\n","protected":false},"author":2,"featured_media":6620,"comment_status":"open","ping_status":"open","sticky":false,"template":"","format":"standard","meta":{"cybocfi_hide_featured_image":"yes","_jetpack_memberships_contains_paid_content":false,"footnotes":""},"categories":[42,225],"tags":[],"class_list":["post-6619","post","type-post","status-publish","format-standard","has-post-thumbnail","hentry","category-alltag","category-hilfe-fuer-angehoerige"],"yoast_head":"<!-- This site is optimized with the Yoast SEO plugin v27.4 - https:\/\/yoast.com\/product\/yoast-seo-wordpress\/ -->\r\n<title>Wenn Strukturen &amp; Institutionen die Autonomie untergraben - vitalibera.org<\/title>\r\n<meta name=\"robots\" content=\"index, follow, max-snippet:-1, max-image-preview:large, max-video-preview:-1\" \/>\r\n<link rel=\"canonical\" href=\"https:\/\/www.vitalibera.org\/community\/2026\/04\/09\/wenn-strukturen-institutionen-die-autonomie-untergraben\/\" \/>\r\n<meta property=\"og:locale\" content=\"de_DE\" \/>\r\n<meta property=\"og:type\" content=\"article\" \/>\r\n<meta property=\"og:title\" content=\"Wenn Strukturen &amp; Institutionen die Autonomie untergraben - vitalibera.org\" \/>\r\n<meta property=\"og:description\" content=\"Viele Betroffene erleben Strukturen, die Autonomie untergraben, W\u00fcrde verletzen und Menschen zu \u201eF\u00e4llen\u201c statt Personen machen. Insbesondere der w\u00fcrdelose Umgang und die Fremdbestimmung kritisieren viele Pflegeheim Bewohner. Aber auch das &#8220;\u00fcber den Kopf hinweg entscheiden&#8221; von selbst ernannten &#8220;Sozialp\u00e4dagogen&#8221; st\u00f6sst vielen Betroffenen schlecht auf. Bevormundung als System \u2014 Entscheidungen werden \u00fcber K\u00f6pfe hinweg getroffen, oft ... Weiterlesen\" \/>\r\n<meta property=\"og:url\" content=\"https:\/\/www.vitalibera.org\/community\/2026\/04\/09\/wenn-strukturen-institutionen-die-autonomie-untergraben\/\" \/>\r\n<meta property=\"og:site_name\" content=\"vitalibera.org\" \/>\r\n<meta property=\"article:publisher\" content=\"https:\/\/www.facebook.com\/groups\/2997085857140235\" \/>\r\n<meta property=\"article:published_time\" content=\"2026-04-09T09:51:06+00:00\" \/>\r\n<meta property=\"article:modified_time\" content=\"2026-04-09T09:52:53+00:00\" \/>\r\n<meta property=\"og:image\" content=\"https:\/\/www.vitalibera.org\/community\/wp-content\/uploads\/2026\/04\/herab5.png\" \/>\r\n\t<meta property=\"og:image:width\" content=\"486\" \/>\r\n\t<meta property=\"og:image:height\" content=\"344\" \/>\r\n\t<meta property=\"og:image:type\" content=\"image\/png\" \/>\r\n<meta name=\"author\" content=\"Andreas Jecklin\" \/>\r\n<meta name=\"twitter:card\" content=\"summary_large_image\" \/>\r\n<meta name=\"twitter:label1\" content=\"Verfasst von\" \/>\n\t<meta name=\"twitter:data1\" content=\"Andreas Jecklin\" \/>\n\t<meta name=\"twitter:label2\" content=\"Gesch\u00e4tzte Lesezeit\" \/>\n\t<meta name=\"twitter:data2\" content=\"8\u00a0Minuten\" \/>\r\n<script type=\"application\/ld+json\" class=\"yoast-schema-graph\">{\"@context\":\"https:\\\/\\\/schema.org\",\"@graph\":[{\"@type\":\"Article\",\"@id\":\"https:\\\/\\\/www.vitalibera.org\\\/community\\\/2026\\\/04\\\/09\\\/wenn-strukturen-institutionen-die-autonomie-untergraben\\\/#article\",\"isPartOf\":{\"@id\":\"https:\\\/\\\/www.vitalibera.org\\\/community\\\/2026\\\/04\\\/09\\\/wenn-strukturen-institutionen-die-autonomie-untergraben\\\/\"},\"author\":{\"name\":\"Andreas Jecklin\",\"@id\":\"https:\\\/\\\/www.vitalibera.org\\\/community\\\/#\\\/schema\\\/person\\\/6712387298421f222ff6d0a2e22c1534\"},\"headline\":\"Wenn Strukturen &amp; Institutionen die Autonomie untergraben\",\"datePublished\":\"2026-04-09T09:51:06+00:00\",\"dateModified\":\"2026-04-09T09:52:53+00:00\",\"mainEntityOfPage\":{\"@id\":\"https:\\\/\\\/www.vitalibera.org\\\/community\\\/2026\\\/04\\\/09\\\/wenn-strukturen-institutionen-die-autonomie-untergraben\\\/\"},\"wordCount\":1461,\"commentCount\":0,\"publisher\":{\"@id\":\"https:\\\/\\\/www.vitalibera.org\\\/community\\\/#organization\"},\"image\":{\"@id\":\"https:\\\/\\\/www.vitalibera.org\\\/community\\\/2026\\\/04\\\/09\\\/wenn-strukturen-institutionen-die-autonomie-untergraben\\\/#primaryimage\"},\"thumbnailUrl\":\"https:\\\/\\\/www.vitalibera.org\\\/community\\\/wp-content\\\/uploads\\\/2026\\\/04\\\/herab5.png\",\"articleSection\":[\"Alltag\",\"Hilfe f\u00fcr Angeh\u00f6rige\"],\"inLanguage\":\"de\",\"potentialAction\":[{\"@type\":\"CommentAction\",\"name\":\"Comment\",\"target\":[\"https:\\\/\\\/www.vitalibera.org\\\/community\\\/2026\\\/04\\\/09\\\/wenn-strukturen-institutionen-die-autonomie-untergraben\\\/#respond\"]}]},{\"@type\":\"WebPage\",\"@id\":\"https:\\\/\\\/www.vitalibera.org\\\/community\\\/2026\\\/04\\\/09\\\/wenn-strukturen-institutionen-die-autonomie-untergraben\\\/\",\"url\":\"https:\\\/\\\/www.vitalibera.org\\\/community\\\/2026\\\/04\\\/09\\\/wenn-strukturen-institutionen-die-autonomie-untergraben\\\/\",\"name\":\"Wenn Strukturen &amp; Institutionen die Autonomie untergraben - vitalibera.org\",\"isPartOf\":{\"@id\":\"https:\\\/\\\/www.vitalibera.org\\\/community\\\/#website\"},\"primaryImageOfPage\":{\"@id\":\"https:\\\/\\\/www.vitalibera.org\\\/community\\\/2026\\\/04\\\/09\\\/wenn-strukturen-institutionen-die-autonomie-untergraben\\\/#primaryimage\"},\"image\":{\"@id\":\"https:\\\/\\\/www.vitalibera.org\\\/community\\\/2026\\\/04\\\/09\\\/wenn-strukturen-institutionen-die-autonomie-untergraben\\\/#primaryimage\"},\"thumbnailUrl\":\"https:\\\/\\\/www.vitalibera.org\\\/community\\\/wp-content\\\/uploads\\\/2026\\\/04\\\/herab5.png\",\"datePublished\":\"2026-04-09T09:51:06+00:00\",\"dateModified\":\"2026-04-09T09:52:53+00:00\",\"breadcrumb\":{\"@id\":\"https:\\\/\\\/www.vitalibera.org\\\/community\\\/2026\\\/04\\\/09\\\/wenn-strukturen-institutionen-die-autonomie-untergraben\\\/#breadcrumb\"},\"inLanguage\":\"de\",\"potentialAction\":[{\"@type\":\"ReadAction\",\"target\":[\"https:\\\/\\\/www.vitalibera.org\\\/community\\\/2026\\\/04\\\/09\\\/wenn-strukturen-institutionen-die-autonomie-untergraben\\\/\"]}]},{\"@type\":\"BreadcrumbList\",\"@id\":\"https:\\\/\\\/www.vitalibera.org\\\/community\\\/2026\\\/04\\\/09\\\/wenn-strukturen-institutionen-die-autonomie-untergraben\\\/#breadcrumb\",\"itemListElement\":[{\"@type\":\"ListItem\",\"position\":1,\"name\":\"Startseite\",\"item\":\"https:\\\/\\\/www.vitalibera.org\\\/community\\\/\"},{\"@type\":\"ListItem\",\"position\":2,\"name\":\"Wenn Strukturen &amp; Institutionen die Autonomie untergraben\"}]},{\"@type\":\"WebSite\",\"@id\":\"https:\\\/\\\/www.vitalibera.org\\\/community\\\/#website\",\"url\":\"https:\\\/\\\/www.vitalibera.org\\\/community\\\/\",\"name\":\"vitalibera.org\",\"description\":\"Mit einer Einschr&auml;nkung gestaltet sich das Leben im Alltag oft schwieriger - hier berichten wir &uuml;ber unsere Erfahrungen und Hilfsmittel um den Alltag so unbeschwert und unkompliziert wie nur m&ouml;glich geniessen zu k&ouml;nnen. Dabei richten wir unseren Fokus gezielt auf Selbst&auml;ndigkeit, Eigenst&auml;ndigkeit und Selbstbestimmung.\",\"publisher\":{\"@id\":\"https:\\\/\\\/www.vitalibera.org\\\/community\\\/#organization\"},\"potentialAction\":[{\"@type\":\"SearchAction\",\"target\":{\"@type\":\"EntryPoint\",\"urlTemplate\":\"https:\\\/\\\/www.vitalibera.org\\\/community\\\/?s={search_term_string}\"},\"query-input\":{\"@type\":\"PropertyValueSpecification\",\"valueRequired\":true,\"valueName\":\"search_term_string\"}}],\"inLanguage\":\"de\"},{\"@type\":\"Organization\",\"@id\":\"https:\\\/\\\/www.vitalibera.org\\\/community\\\/#organization\",\"name\":\"vitalibera.org\",\"url\":\"https:\\\/\\\/www.vitalibera.org\\\/community\\\/\",\"logo\":{\"@type\":\"ImageObject\",\"inLanguage\":\"de\",\"@id\":\"https:\\\/\\\/www.vitalibera.org\\\/community\\\/#\\\/schema\\\/logo\\\/image\\\/\",\"url\":\"https:\\\/\\\/www.vitalibera.org\\\/community\\\/wp-content\\\/uploads\\\/2025\\\/09\\\/cropped-banner.png\",\"contentUrl\":\"https:\\\/\\\/www.vitalibera.org\\\/community\\\/wp-content\\\/uploads\\\/2025\\\/09\\\/cropped-banner.png\",\"width\":991,\"height\":150,\"caption\":\"vitalibera.org\"},\"image\":{\"@id\":\"https:\\\/\\\/www.vitalibera.org\\\/community\\\/#\\\/schema\\\/logo\\\/image\\\/\"},\"sameAs\":[\"https:\\\/\\\/www.facebook.com\\\/groups\\\/2997085857140235\"]},{\"@type\":\"Person\",\"@id\":\"https:\\\/\\\/www.vitalibera.org\\\/community\\\/#\\\/schema\\\/person\\\/6712387298421f222ff6d0a2e22c1534\",\"name\":\"Andreas Jecklin\",\"image\":{\"@type\":\"ImageObject\",\"inLanguage\":\"de\",\"@id\":\"https:\\\/\\\/secure.gravatar.com\\\/avatar\\\/ad516503a11cd5ca435acc9bb6523536?s=96\",\"url\":\"https:\\\/\\\/secure.gravatar.com\\\/avatar\\\/ad516503a11cd5ca435acc9bb6523536?s=96\",\"contentUrl\":\"https:\\\/\\\/secure.gravatar.com\\\/avatar\\\/ad516503a11cd5ca435acc9bb6523536?s=96\",\"caption\":\"Andreas Jecklin\"},\"description\":\"Manchen gab Gott die Kraft Dinge zu ver\u00e4ndern, mir gab er die Kraft zu ertragen was nicht mehr zu \u00e4ndern ist.\",\"url\":\"https:\\\/\\\/www.vitalibera.org\\\/community\\\/author\\\/andy77\\\/\"}]}<\/script>\r\n<!-- \/ Yoast SEO plugin. -->","yoast_head_json":{"title":"Wenn Strukturen &amp; Institutionen die Autonomie untergraben - vitalibera.org","robots":{"index":"index","follow":"follow","max-snippet":"max-snippet:-1","max-image-preview":"max-image-preview:large","max-video-preview":"max-video-preview:-1"},"canonical":"https:\/\/www.vitalibera.org\/community\/2026\/04\/09\/wenn-strukturen-institutionen-die-autonomie-untergraben\/","og_locale":"de_DE","og_type":"article","og_title":"Wenn Strukturen &amp; Institutionen die Autonomie untergraben - vitalibera.org","og_description":"Viele Betroffene erleben Strukturen, die Autonomie untergraben, W\u00fcrde verletzen und Menschen zu \u201eF\u00e4llen\u201c statt Personen machen. Insbesondere der w\u00fcrdelose Umgang und die Fremdbestimmung kritisieren viele Pflegeheim Bewohner. Aber auch das &#8220;\u00fcber den Kopf hinweg entscheiden&#8221; von selbst ernannten &#8220;Sozialp\u00e4dagogen&#8221; st\u00f6sst vielen Betroffenen schlecht auf. Bevormundung als System \u2014 Entscheidungen werden \u00fcber K\u00f6pfe hinweg getroffen, oft ... Weiterlesen","og_url":"https:\/\/www.vitalibera.org\/community\/2026\/04\/09\/wenn-strukturen-institutionen-die-autonomie-untergraben\/","og_site_name":"vitalibera.org","article_publisher":"https:\/\/www.facebook.com\/groups\/2997085857140235","article_published_time":"2026-04-09T09:51:06+00:00","article_modified_time":"2026-04-09T09:52:53+00:00","og_image":[{"width":486,"height":344,"url":"https:\/\/www.vitalibera.org\/community\/wp-content\/uploads\/2026\/04\/herab5.png","type":"image\/png"}],"author":"Andreas Jecklin","twitter_card":"summary_large_image","twitter_misc":{"Verfasst von":"Andreas Jecklin","Gesch\u00e4tzte Lesezeit":"8\u00a0Minuten"},"schema":{"@context":"https:\/\/schema.org","@graph":[{"@type":"Article","@id":"https:\/\/www.vitalibera.org\/community\/2026\/04\/09\/wenn-strukturen-institutionen-die-autonomie-untergraben\/#article","isPartOf":{"@id":"https:\/\/www.vitalibera.org\/community\/2026\/04\/09\/wenn-strukturen-institutionen-die-autonomie-untergraben\/"},"author":{"name":"Andreas Jecklin","@id":"https:\/\/www.vitalibera.org\/community\/#\/schema\/person\/6712387298421f222ff6d0a2e22c1534"},"headline":"Wenn Strukturen &amp; Institutionen die Autonomie untergraben","datePublished":"2026-04-09T09:51:06+00:00","dateModified":"2026-04-09T09:52:53+00:00","mainEntityOfPage":{"@id":"https:\/\/www.vitalibera.org\/community\/2026\/04\/09\/wenn-strukturen-institutionen-die-autonomie-untergraben\/"},"wordCount":1461,"commentCount":0,"publisher":{"@id":"https:\/\/www.vitalibera.org\/community\/#organization"},"image":{"@id":"https:\/\/www.vitalibera.org\/community\/2026\/04\/09\/wenn-strukturen-institutionen-die-autonomie-untergraben\/#primaryimage"},"thumbnailUrl":"https:\/\/www.vitalibera.org\/community\/wp-content\/uploads\/2026\/04\/herab5.png","articleSection":["Alltag","Hilfe f\u00fcr Angeh\u00f6rige"],"inLanguage":"de","potentialAction":[{"@type":"CommentAction","name":"Comment","target":["https:\/\/www.vitalibera.org\/community\/2026\/04\/09\/wenn-strukturen-institutionen-die-autonomie-untergraben\/#respond"]}]},{"@type":"WebPage","@id":"https:\/\/www.vitalibera.org\/community\/2026\/04\/09\/wenn-strukturen-institutionen-die-autonomie-untergraben\/","url":"https:\/\/www.vitalibera.org\/community\/2026\/04\/09\/wenn-strukturen-institutionen-die-autonomie-untergraben\/","name":"Wenn Strukturen &amp; Institutionen die Autonomie untergraben - vitalibera.org","isPartOf":{"@id":"https:\/\/www.vitalibera.org\/community\/#website"},"primaryImageOfPage":{"@id":"https:\/\/www.vitalibera.org\/community\/2026\/04\/09\/wenn-strukturen-institutionen-die-autonomie-untergraben\/#primaryimage"},"image":{"@id":"https:\/\/www.vitalibera.org\/community\/2026\/04\/09\/wenn-strukturen-institutionen-die-autonomie-untergraben\/#primaryimage"},"thumbnailUrl":"https:\/\/www.vitalibera.org\/community\/wp-content\/uploads\/2026\/04\/herab5.png","datePublished":"2026-04-09T09:51:06+00:00","dateModified":"2026-04-09T09:52:53+00:00","breadcrumb":{"@id":"https:\/\/www.vitalibera.org\/community\/2026\/04\/09\/wenn-strukturen-institutionen-die-autonomie-untergraben\/#breadcrumb"},"inLanguage":"de","potentialAction":[{"@type":"ReadAction","target":["https:\/\/www.vitalibera.org\/community\/2026\/04\/09\/wenn-strukturen-institutionen-die-autonomie-untergraben\/"]}]},{"@type":"BreadcrumbList","@id":"https:\/\/www.vitalibera.org\/community\/2026\/04\/09\/wenn-strukturen-institutionen-die-autonomie-untergraben\/#breadcrumb","itemListElement":[{"@type":"ListItem","position":1,"name":"Startseite","item":"https:\/\/www.vitalibera.org\/community\/"},{"@type":"ListItem","position":2,"name":"Wenn Strukturen &amp; Institutionen die Autonomie untergraben"}]},{"@type":"WebSite","@id":"https:\/\/www.vitalibera.org\/community\/#website","url":"https:\/\/www.vitalibera.org\/community\/","name":"vitalibera.org","description":"Mit einer Einschr&auml;nkung gestaltet sich das Leben im Alltag oft schwieriger - hier berichten wir &uuml;ber unsere Erfahrungen und Hilfsmittel um den Alltag so unbeschwert und unkompliziert wie nur m&ouml;glich geniessen zu k&ouml;nnen. Dabei richten wir unseren Fokus gezielt auf Selbst&auml;ndigkeit, Eigenst&auml;ndigkeit und Selbstbestimmung.","publisher":{"@id":"https:\/\/www.vitalibera.org\/community\/#organization"},"potentialAction":[{"@type":"SearchAction","target":{"@type":"EntryPoint","urlTemplate":"https:\/\/www.vitalibera.org\/community\/?s={search_term_string}"},"query-input":{"@type":"PropertyValueSpecification","valueRequired":true,"valueName":"search_term_string"}}],"inLanguage":"de"},{"@type":"Organization","@id":"https:\/\/www.vitalibera.org\/community\/#organization","name":"vitalibera.org","url":"https:\/\/www.vitalibera.org\/community\/","logo":{"@type":"ImageObject","inLanguage":"de","@id":"https:\/\/www.vitalibera.org\/community\/#\/schema\/logo\/image\/","url":"https:\/\/www.vitalibera.org\/community\/wp-content\/uploads\/2025\/09\/cropped-banner.png","contentUrl":"https:\/\/www.vitalibera.org\/community\/wp-content\/uploads\/2025\/09\/cropped-banner.png","width":991,"height":150,"caption":"vitalibera.org"},"image":{"@id":"https:\/\/www.vitalibera.org\/community\/#\/schema\/logo\/image\/"},"sameAs":["https:\/\/www.facebook.com\/groups\/2997085857140235"]},{"@type":"Person","@id":"https:\/\/www.vitalibera.org\/community\/#\/schema\/person\/6712387298421f222ff6d0a2e22c1534","name":"Andreas Jecklin","image":{"@type":"ImageObject","inLanguage":"de","@id":"https:\/\/secure.gravatar.com\/avatar\/ad516503a11cd5ca435acc9bb6523536?s=96","url":"https:\/\/secure.gravatar.com\/avatar\/ad516503a11cd5ca435acc9bb6523536?s=96","contentUrl":"https:\/\/secure.gravatar.com\/avatar\/ad516503a11cd5ca435acc9bb6523536?s=96","caption":"Andreas Jecklin"},"description":"Manchen gab Gott die Kraft Dinge zu ver\u00e4ndern, mir gab er die Kraft zu ertragen was nicht mehr zu \u00e4ndern ist.","url":"https:\/\/www.vitalibera.org\/community\/author\/andy77\/"}]}},"jetpack_featured_media_url":"https:\/\/www.vitalibera.org\/community\/wp-content\/uploads\/2026\/04\/herab5.png","jetpack_sharing_enabled":true,"jetpack-related-posts":[],"_links":{"self":[{"href":"https:\/\/www.vitalibera.org\/community\/wp-json\/wp\/v2\/posts\/6619","targetHints":{"allow":["GET"]}}],"collection":[{"href":"https:\/\/www.vitalibera.org\/community\/wp-json\/wp\/v2\/posts"}],"about":[{"href":"https:\/\/www.vitalibera.org\/community\/wp-json\/wp\/v2\/types\/post"}],"author":[{"embeddable":true,"href":"https:\/\/www.vitalibera.org\/community\/wp-json\/wp\/v2\/users\/2"}],"replies":[{"embeddable":true,"href":"https:\/\/www.vitalibera.org\/community\/wp-json\/wp\/v2\/comments?post=6619"}],"version-history":[{"count":1,"href":"https:\/\/www.vitalibera.org\/community\/wp-json\/wp\/v2\/posts\/6619\/revisions"}],"predecessor-version":[{"id":6622,"href":"https:\/\/www.vitalibera.org\/community\/wp-json\/wp\/v2\/posts\/6619\/revisions\/6622"}],"wp:featuredmedia":[{"embeddable":true,"href":"https:\/\/www.vitalibera.org\/community\/wp-json\/wp\/v2\/media\/6620"}],"wp:attachment":[{"href":"https:\/\/www.vitalibera.org\/community\/wp-json\/wp\/v2\/media?parent=6619"}],"wp:term":[{"taxonomy":"category","embeddable":true,"href":"https:\/\/www.vitalibera.org\/community\/wp-json\/wp\/v2\/categories?post=6619"},{"taxonomy":"post_tag","embeddable":true,"href":"https:\/\/www.vitalibera.org\/community\/wp-json\/wp\/v2\/tags?post=6619"}],"curies":[{"name":"wp","href":"https:\/\/api.w.org\/{rel}","templated":true}]}}