{"id":6624,"date":"2026-04-10T11:40:50","date_gmt":"2026-04-10T09:40:50","guid":{"rendered":"https:\/\/www.vitalibera.org\/community\/?p=6624"},"modified":"2026-04-10T11:42:23","modified_gmt":"2026-04-10T09:42:23","slug":"ich-alleine-bestimme-meinen-weg","status":"publish","type":"post","link":"https:\/\/www.vitalibera.org\/community\/2026\/04\/10\/ich-alleine-bestimme-meinen-weg\/","title":{"rendered":"Ich alleine bestimme meinen Weg"},"content":{"rendered":"\n<div class=\"wp-block-media-text is-stacked-on-mobile is-vertically-aligned-top\"><figure class=\"wp-block-media-text__media\"><img fetchpriority=\"high\" decoding=\"async\" width=\"1024\" height=\"1024\" src=\"https:\/\/www.vitalibera.org\/community\/wp-content\/uploads\/2026\/04\/Copilot_20260410_113736.png\" alt=\"\" class=\"wp-image-6625 size-full\" srcset=\"https:\/\/www.vitalibera.org\/community\/wp-content\/uploads\/2026\/04\/Copilot_20260410_113736.png 1024w, https:\/\/www.vitalibera.org\/community\/wp-content\/uploads\/2026\/04\/Copilot_20260410_113736-300x300.png 300w, https:\/\/www.vitalibera.org\/community\/wp-content\/uploads\/2026\/04\/Copilot_20260410_113736-150x150.png 150w, https:\/\/www.vitalibera.org\/community\/wp-content\/uploads\/2026\/04\/Copilot_20260410_113736-768x768.png 768w\" sizes=\"(max-width: 1024px) 100vw, 1024px\" \/><\/figure><div class=\"wp-block-media-text__content\">\n<p>Gegen Bevormundung vorzugehen bedeutet, die eigene Autonomie aktiv zu sch&uuml;tzen &ndash; kommunikativ, strukturell und innerlich. Der Kern: <strong>klare Grenzen, transparente Entscheidungsr&auml;ume, und konsequente Selbstbestimmung<\/strong>.<\/p>\n\n\n\n<p>Bevormundung ist selten ein einzelner Akt &ndash; sie ist ein <strong>System aus kleinen Mikrohandlungen<\/strong>: ungefragte Ratschl&auml;ge, &uuml;bergriffige Hilfe, Entscheidungen ohne R&uuml;cksprache. Der wirksamste Hebel ist deshalb nicht der gro&szlig;e Konflikt, sondern <strong>konsequente Mikro&#8209;Grenzen<\/strong>. Jede kleine Klarstellung st&auml;rkt deine Autonomie.<\/p>\n<\/div><\/div>\n\n\n\n<h5 class=\"wp-block-heading\"><strong>Was &bdquo;Bevormundung&ldquo; eigentlich ist<\/strong><\/h5>\n\n\n\n<p>Bevormundung entsteht, wenn andere Menschen Entscheidungen &uuml;ber dich hinweg treffen, deine F&auml;higkeiten untersch&auml;tzen oder dir Handlungsspielr&auml;ume entziehen. Besonders im Gesundheits&#8209;, Sozial&#8209; oder Reha&#8209;Kontext passiert das schnell &ndash; oft sogar gut gemeint, aber trotzdem entm&uuml;ndigend.<\/p>\n\n\n\n<p>Unterst&uuml;tzung ist nicht nur &bdquo;Hilfe bekommen&ldquo; &ndash; es ist <strong>ein Netzwerk aus Menschen, die deine Autonomie respektieren<\/strong>. Die Qualit&auml;t der Unterst&uuml;tzung h&auml;ngt stark davon ab, ob die Stelle <strong>selbstbestimmungsorientiert<\/strong> arbeitet. Organisationen wie <a href=\"https:\/\/www.cerebral.ch\/\">Cerebral<\/a>, <a href=\"https:\/\/www.enableme.ch\/de\" target=\"_blank\" rel=\"noreferrer noopener\">EnableMe <\/a>und <a href=\"https:\/\/www.selbsthilfeschweiz.ch\/\">Selbsthilfe Schweiz<\/a> haben genau diesen Fokus. Auch in Deutschland : <a href=\"https:\/\/www.enableme.de\/de\" target=\"_blank\" rel=\"noreferrer noopener\">EnableMe Deutschland<\/a><\/p>\n\n\n\n<p><strong>Drei Ebenen, auf denen du wirksam gegen Bevormundung vorgehen kannst<\/strong><\/p>\n\n\n\n<h6 class=\"wp-block-heading\"><strong>1) Kommunikativ &ndash; klare, ruhige, souver&auml;ne Sprache<\/strong><\/h6>\n\n\n\n<p>Bevormundung bricht man nicht mit Aggression, sondern mit <strong>pr&auml;zisen Grenzformulierungen<\/strong>. Beispiele:<\/p>\n\n\n\n<ul class=\"wp-block-list\">\n<li>&bdquo;Ich entscheide das selbst.&ldquo;<\/li>\n\n\n\n<li>&bdquo;Danke f&uuml;r die Sorge, aber ich brauche Unterst&uuml;tzung nur in diesem Bereich: &hellip;&ldquo;<\/li>\n\n\n\n<li>&bdquo;Bitte sprechen Sie <em>mit<\/em> mir, nicht <em>&uuml;ber<\/em> mich.&ldquo;<\/li>\n\n\n\n<li>&bdquo;Ich m&ouml;chte Optionen, keine Vorgaben.&ldquo;<\/li>\n<\/ul>\n\n\n\n<p>Diese S&auml;tze sind kurz, w&uuml;rdevoll und schwer angreifbar.<\/p>\n\n\n\n<h6 class=\"wp-block-heading\"><strong>2) Strukturell &ndash; Entscheidungsr&auml;ume sichtbar machen<\/strong><\/h6>\n\n\n\n<p>Bevormundung entsteht oft, weil unklar ist, <strong>wer<\/strong> &uuml;ber <strong>was<\/strong> entscheidet. Hilfreich:<\/p>\n\n\n\n<ul class=\"wp-block-list\">\n<li>Eigene Priorit&auml;ten schriftlich festhalten<\/li>\n\n\n\n<li>Rollen kl&auml;ren (&bdquo;Was ist Ihre Aufgabe, was ist meine?&ldquo;)<\/li>\n\n\n\n<li>Entscheidungen in kleine, selbstbestimmte Schritte aufteilen<\/li>\n\n\n\n<li>Dokumentieren, wenn Grenzen &uuml;berschritten wurden<\/li>\n<\/ul>\n\n\n\n<p>Das schafft Transparenz &ndash; und nimmt anderen die M&ouml;glichkeit, &bdquo;f&uuml;r dich&ldquo; zu entscheiden.<\/p>\n\n\n\n<h6 class=\"wp-block-heading\"><strong>3) Innerlich &ndash; Selbstbestimmung als Haltung<\/strong><\/h6>\n\n\n\n<p>Bevormundung wirkt nur, wenn sie innerlich Raum bekommt. St&auml;rkende innere Leitlinien:<\/p>\n\n\n\n<ul class=\"wp-block-list\">\n<li>&bdquo;Ich habe das Recht, mein Leben zu gestalten.&ldquo;<\/li>\n\n\n\n<li>&bdquo;Unterst&uuml;tzung ist kein Besitzanspruch.&ldquo;<\/li>\n\n\n\n<li>&bdquo;Ich darf Fehler machen &ndash; wie jeder Mensch.&ldquo;<\/li>\n\n\n\n<li>&bdquo;Ich bin Expert:in f&uuml;r mein eigenes Erleben.&ldquo;<\/li>\n<\/ul>\n\n\n\n<p>Diese Haltung macht dich weniger angreifbar f&uuml;r paternalistische Muster.<\/p>\n\n\n\n<h5 class=\"wp-block-heading\"><strong>Wo du je nach Situation konkret ansetzen kannst<\/strong><\/h5>\n\n\n\n<h6 class=\"wp-block-heading\"><strong>A) F&uuml;r Orientierung &amp; Rechte<\/strong><\/h6>\n\n\n\n<ul class=\"wp-block-list\">\n<li>Sozialberatung (z.&#8239;B. bei Behindertenorganisationen)<\/li>\n\n\n\n<li>Case Management der IV<\/li>\n\n\n\n<li>Peer&#8209;Beratung (EnableMe, Selbsthilfegruppen)<\/li>\n<\/ul>\n\n\n\n<h6 class=\"wp-block-heading\"><strong>B) F&uuml;r Alltag &amp; Entlastung<\/strong><\/h6>\n\n\n\n<ul class=\"wp-block-list\">\n<li><a href=\"https:\/\/www.vitalibera.org\/community\/enzyklopaedie\/spitex\/\" target=\"_self\" title=\"Spitex steht f&uuml;r &bdquo;spitalexterne Hilfe und Pflege&ldquo; und umfasst Dienstleistungen, die Menschen jeden Alters zu Hause pflegen, betreuen und unterst&uuml;tzen, wenn diese krank, behindert, alt oder in einer schwierigen Lebenssituation sind. Ziel ist es, die Selbstst&auml;ndigkeit zu erhalten und den Verbleib im vertrauten Umfeld zu erm&ouml;glichen\" class=\"encyclopedia\">Spitex<\/a> (auch spezialisierte Neuro&#8209;<a href=\"https:\/\/www.vitalibera.org\/community\/enzyklopaedie\/spitex\/\" target=\"_self\" title=\"Spitex steht f&uuml;r &bdquo;spitalexterne Hilfe und Pflege&ldquo; und umfasst Dienstleistungen, die Menschen jeden Alters zu Hause pflegen, betreuen und unterst&uuml;tzen, wenn diese krank, behindert, alt oder in einer schwierigen Lebenssituation sind. Ziel ist es, die Selbstst&auml;ndigkeit zu erhalten und den Verbleib im vertrauten Umfeld zu erm&ouml;glichen\" class=\"encyclopedia\">Spitex<\/a>)<\/li>\n\n\n\n<li><a href=\"https:\/\/www.vitalibera.org\/community\/enzyklopaedie\/ergotherapie\/\" target=\"_self\" title=\"Ergotherapie&nbsp;unterst&uuml;tzt und begleitet Menschen jeden Alters, die in ihrer Handlungsf&auml;higkeit eingeschr&auml;nkt oder von Einschr&auml;nkung bedroht sind. Ziel ist, sie bei der Durchf&uuml;hrung f&uuml;r sie bedeutungsvoller Bet&auml;tigungen in den Bereichen Selbstversorgung, Produktivit&auml;t und Freizeit in ihrer pers&ouml;nlichen Umwelt zu st&auml;rken.\" class=\"encyclopedia\">Ergotherapie<\/a> \/ <a href=\"https:\/\/www.vitalibera.org\/community\/enzyklopaedie\/neuropsychologie\/\" target=\"_self\" title=\"Die Neuropsychologie ist ein interdisziplin&auml;res Teilgebiet der Psychologie und Neurowissenschaften, das den Zusammenhang zwischen Hirnfunktionen (Struktur\/Physiologie) und menschlichem Erleben, Denken und Verhalten erforscht. Sie diagnostiziert und behandelt kognitive, emotionale und verhaltensbezogene St&ouml;rungen, die durch Hirnsch&auml;digungen (Schlaganfall, Unfall, Tumor, Demenz) verursacht werden. Kernbereiche der Neuropsychologie: Diagnostik:&nbsp;Untersuchung kognitiver Leistungen wie Ged&auml;chtnis, Aufmerksamkeit, Sprache, Wahrnehmung und Exekutivfunktionen mittels&hellip;\" class=\"encyclopedia\">Neuropsychologie<\/a><\/li>\n\n\n\n<li>Tageszentren &amp; Entlastungsangebote<\/li>\n<\/ul>\n\n\n\n<h6 class=\"wp-block-heading\"><strong>C) F&uuml;r emotionale Unterst&uuml;tzung<\/strong><\/h6>\n\n\n\n<ul class=\"wp-block-list\">\n<li>Selbsthilfegruppen (Themen: <a href=\"https:\/\/www.vitalibera.org\/community\/enzyklopaedie\/schlaganfall\/\" target=\"_self\" title=\"Ein Schlaganfall, auch Hirnschlag oder Apoplex genannt, ist eine&nbsp;pl&ouml;tzlich auftretende Durchblutungsst&ouml;rung im Gehirn, die dazu f&uuml;hrt, dass Gehirnzellen nicht mehr ausreichend mit Sauerstoff und N&auml;hrstoffen versorgt werden.&nbsp;Dies kann zu bleibenden Sch&auml;den oder sogar zum Absterben von Hirnzellen f&uuml;hren, wenn die Durchblutung nicht schnell wiederhergestellt wird.&nbsp; Einfach erkl&auml;rt: Stellen Sie sich vor, ein Teil Ihres Gehirns&hellip;\" class=\"encyclopedia\">Schlaganfall<\/a>, <a href=\"https:\/\/www.vitalibera.org\/community\/enzyklopaedie\/hirnverletzung\/\" target=\"_self\" title=\"Eine Hirnverletzung (oft als&nbsp;Sch&auml;del-Hirn-Trauma, SHT) ist eine&nbsp;Sch&auml;digung des Gehirns, verursacht durch &auml;u&szlig;ere Gewalteinwirkung (Unfall, Sturz) oder innere Faktoren (Schlaganfall, Tumor). Sie f&uuml;hrt zu k&ouml;rperlichen, kognitiven und verhaltensbezogenen Einschr&auml;nkungen, die oft unsichtbar bleiben. Symptome reichen von Kopfschmerzen bis zu schweren Behinderungen. Wichtige Aspekte der Hirnverletzung: Ursachen:&nbsp;H&auml;ufig durch Schlaganf&auml;lle, Hirnblutungen, Sauerstoffmangel oder St&uuml;rze\/Verkehrsunf&auml;lle (Sch&auml;del-Hirn-Trauma). Formen (SHT):&nbsp;Unterscheidung in&hellip;\" class=\"encyclopedia\">Hirnverletzung<\/a>, Angeh&ouml;rige, Fatigue, etc.)<\/li>\n\n\n\n<li>Psychologische Beratung<\/li>\n\n\n\n<li>Peer&#8209;Austausch<\/li>\n<\/ul>\n\n\n\n<div class=\"wp-block-media-text is-stacked-on-mobile is-vertically-aligned-top\"><figure class=\"wp-block-media-text__media\"><img decoding=\"async\" width=\"1024\" height=\"797\" src=\"https:\/\/www.vitalibera.org\/community\/wp-content\/uploads\/2026\/04\/50fd93569381400d98c6e8f51676473c-1024x797.jpg\" alt=\"\" class=\"wp-image-6627 size-full\" srcset=\"https:\/\/www.vitalibera.org\/community\/wp-content\/uploads\/2026\/04\/50fd93569381400d98c6e8f51676473c-1024x797.jpg 1024w, https:\/\/www.vitalibera.org\/community\/wp-content\/uploads\/2026\/04\/50fd93569381400d98c6e8f51676473c-300x234.jpg 300w, https:\/\/www.vitalibera.org\/community\/wp-content\/uploads\/2026\/04\/50fd93569381400d98c6e8f51676473c-768x598.jpg 768w, https:\/\/www.vitalibera.org\/community\/wp-content\/uploads\/2026\/04\/50fd93569381400d98c6e8f51676473c.jpg 1139w\" sizes=\"(max-width: 1024px) 100vw, 1024px\" \/><\/figure><div class=\"wp-block-media-text__content\">\n<p>Rechtlich bist du in der Schweiz sehr gut abgesichert. Die zentralen S&auml;ulen sind <strong>Bundesverfassung (Art.&#8239;8)<\/strong>, <strong>Behindertengleichstellungsgesetz (BehiG)<\/strong> und die <strong>UNO&#8209;Behindertenrechtskonvention (UN&#8209;BRK)<\/strong>. Sie garantieren dir Gleichbehandlung, Schutz vor Bevormundung, Selbstbestimmung und das Recht, Unterst&uuml;tzung nach deinen eigenen Vorstellungen zu gestalten.<\/p>\n\n\n\n<p>Auch in Deutschland sch&uuml;tzen dich drei starke rechtliche S&auml;ulen vor Bevormundung: <strong>Grundgesetz (Art.&#8239;3)<\/strong>, <strong>UN&#8209;Behindertenrechtskonvention (UN&#8209;BRK)<\/strong> und das <strong>Sozialrecht (SGB IX + Bundesteilhabegesetz)<\/strong>. Sie garantieren dir Gleichbehandlung, Selbstbestimmung und das Recht, Unterst&uuml;tzung so zu gestalten, dass du die Kontrolle beh&auml;ltst.<\/p>\n<\/div><\/div>\n\n\n\n<p><\/p>\n","protected":false},"excerpt":{"rendered":"<p>Gegen Bevormundung vorzugehen bedeutet, die eigene Autonomie aktiv zu sch\u00fctzen \u2013 kommunikativ, strukturell und innerlich. Der Kern: klare Grenzen, transparente Entscheidungsr\u00e4ume, und konsequente Selbstbestimmung. Bevormundung ist selten ein einzelner Akt \u2013 sie ist ein System aus kleinen Mikrohandlungen: ungefragte Ratschl\u00e4ge, \u00fcbergriffige Hilfe, Entscheidungen ohne R\u00fccksprache. Der wirksamste Hebel ist deshalb nicht der gro\u00dfe Konflikt, sondern &#8230; <a title=\"Ich alleine bestimme meinen Weg\" class=\"read-more\" href=\"https:\/\/www.vitalibera.org\/community\/2026\/04\/10\/ich-alleine-bestimme-meinen-weg\/\" aria-label=\"Mehr Informationen \u00fcber Ich alleine bestimme meinen Weg\">Weiterlesen<\/a><\/p>\n","protected":false},"author":2,"featured_media":6626,"comment_status":"open","ping_status":"open","sticky":false,"template":"","format":"standard","meta":{"cybocfi_hide_featured_image":"yes","_jetpack_memberships_contains_paid_content":false,"footnotes":""},"categories":[225,271],"tags":[],"class_list":["post-6624","post","type-post","status-publish","format-standard","has-post-thumbnail","hentry","category-hilfe-fuer-angehoerige","category-kanzlei"],"yoast_head":"<!-- This site is optimized with the Yoast SEO plugin v27.4 - https:\/\/yoast.com\/product\/yoast-seo-wordpress\/ -->\r\n<title>Ich alleine bestimme meinen Weg - vitalibera.org<\/title>\r\n<meta name=\"robots\" content=\"index, follow, max-snippet:-1, max-image-preview:large, max-video-preview:-1\" \/>\r\n<link rel=\"canonical\" href=\"https:\/\/www.vitalibera.org\/community\/2026\/04\/10\/ich-alleine-bestimme-meinen-weg\/\" \/>\r\n<meta property=\"og:locale\" content=\"de_DE\" \/>\r\n<meta property=\"og:type\" content=\"article\" \/>\r\n<meta property=\"og:title\" content=\"Ich alleine bestimme meinen Weg - vitalibera.org\" \/>\r\n<meta property=\"og:description\" content=\"Gegen Bevormundung vorzugehen bedeutet, die eigene Autonomie aktiv zu sch\u00fctzen \u2013 kommunikativ, strukturell und innerlich. Der Kern: klare Grenzen, transparente Entscheidungsr\u00e4ume, und konsequente Selbstbestimmung. Bevormundung ist selten ein einzelner Akt \u2013 sie ist ein System aus kleinen Mikrohandlungen: ungefragte Ratschl\u00e4ge, \u00fcbergriffige Hilfe, Entscheidungen ohne R\u00fccksprache. Der wirksamste Hebel ist deshalb nicht der gro\u00dfe Konflikt, sondern ... Weiterlesen\" \/>\r\n<meta property=\"og:url\" content=\"https:\/\/www.vitalibera.org\/community\/2026\/04\/10\/ich-alleine-bestimme-meinen-weg\/\" \/>\r\n<meta property=\"og:site_name\" content=\"vitalibera.org\" \/>\r\n<meta property=\"article:publisher\" content=\"https:\/\/www.facebook.com\/groups\/2997085857140235\" \/>\r\n<meta property=\"article:published_time\" content=\"2026-04-10T09:40:50+00:00\" \/>\r\n<meta property=\"article:modified_time\" content=\"2026-04-10T09:42:23+00:00\" \/>\r\n<meta property=\"og:image\" content=\"https:\/\/www.vitalibera.org\/community\/wp-content\/uploads\/2026\/04\/Copilot_20260410_113558.png\" \/>\r\n\t<meta property=\"og:image:width\" content=\"1024\" \/>\r\n\t<meta property=\"og:image:height\" content=\"1024\" \/>\r\n\t<meta property=\"og:image:type\" content=\"image\/png\" \/>\r\n<meta name=\"author\" content=\"Andreas Jecklin\" \/>\r\n<meta name=\"twitter:card\" content=\"summary_large_image\" \/>\r\n<meta name=\"twitter:label1\" content=\"Verfasst von\" \/>\n\t<meta name=\"twitter:data1\" content=\"Andreas Jecklin\" \/>\n\t<meta name=\"twitter:label2\" content=\"Gesch\u00e4tzte Lesezeit\" \/>\n\t<meta name=\"twitter:data2\" content=\"4\u00a0Minuten\" \/>\r\n<script type=\"application\/ld+json\" class=\"yoast-schema-graph\">{\"@context\":\"https:\\\/\\\/schema.org\",\"@graph\":[{\"@type\":\"Article\",\"@id\":\"https:\\\/\\\/www.vitalibera.org\\\/community\\\/2026\\\/04\\\/10\\\/ich-alleine-bestimme-meinen-weg\\\/#article\",\"isPartOf\":{\"@id\":\"https:\\\/\\\/www.vitalibera.org\\\/community\\\/2026\\\/04\\\/10\\\/ich-alleine-bestimme-meinen-weg\\\/\"},\"author\":{\"name\":\"Andreas Jecklin\",\"@id\":\"https:\\\/\\\/www.vitalibera.org\\\/community\\\/#\\\/schema\\\/person\\\/6712387298421f222ff6d0a2e22c1534\"},\"headline\":\"Ich alleine bestimme meinen Weg\",\"datePublished\":\"2026-04-10T09:40:50+00:00\",\"dateModified\":\"2026-04-10T09:42:23+00:00\",\"mainEntityOfPage\":{\"@id\":\"https:\\\/\\\/www.vitalibera.org\\\/community\\\/2026\\\/04\\\/10\\\/ich-alleine-bestimme-meinen-weg\\\/\"},\"wordCount\":493,\"commentCount\":0,\"publisher\":{\"@id\":\"https:\\\/\\\/www.vitalibera.org\\\/community\\\/#organization\"},\"image\":{\"@id\":\"https:\\\/\\\/www.vitalibera.org\\\/community\\\/2026\\\/04\\\/10\\\/ich-alleine-bestimme-meinen-weg\\\/#primaryimage\"},\"thumbnailUrl\":\"https:\\\/\\\/www.vitalibera.org\\\/community\\\/wp-content\\\/uploads\\\/2026\\\/04\\\/Copilot_20260410_113558.png\",\"articleSection\":[\"Hilfe f\u00fcr Angeh\u00f6rige\",\"Kanzlei\"],\"inLanguage\":\"de\",\"potentialAction\":[{\"@type\":\"CommentAction\",\"name\":\"Comment\",\"target\":[\"https:\\\/\\\/www.vitalibera.org\\\/community\\\/2026\\\/04\\\/10\\\/ich-alleine-bestimme-meinen-weg\\\/#respond\"]}]},{\"@type\":\"WebPage\",\"@id\":\"https:\\\/\\\/www.vitalibera.org\\\/community\\\/2026\\\/04\\\/10\\\/ich-alleine-bestimme-meinen-weg\\\/\",\"url\":\"https:\\\/\\\/www.vitalibera.org\\\/community\\\/2026\\\/04\\\/10\\\/ich-alleine-bestimme-meinen-weg\\\/\",\"name\":\"Ich alleine bestimme meinen Weg - vitalibera.org\",\"isPartOf\":{\"@id\":\"https:\\\/\\\/www.vitalibera.org\\\/community\\\/#website\"},\"primaryImageOfPage\":{\"@id\":\"https:\\\/\\\/www.vitalibera.org\\\/community\\\/2026\\\/04\\\/10\\\/ich-alleine-bestimme-meinen-weg\\\/#primaryimage\"},\"image\":{\"@id\":\"https:\\\/\\\/www.vitalibera.org\\\/community\\\/2026\\\/04\\\/10\\\/ich-alleine-bestimme-meinen-weg\\\/#primaryimage\"},\"thumbnailUrl\":\"https:\\\/\\\/www.vitalibera.org\\\/community\\\/wp-content\\\/uploads\\\/2026\\\/04\\\/Copilot_20260410_113558.png\",\"datePublished\":\"2026-04-10T09:40:50+00:00\",\"dateModified\":\"2026-04-10T09:42:23+00:00\",\"breadcrumb\":{\"@id\":\"https:\\\/\\\/www.vitalibera.org\\\/community\\\/2026\\\/04\\\/10\\\/ich-alleine-bestimme-meinen-weg\\\/#breadcrumb\"},\"inLanguage\":\"de\",\"potentialAction\":[{\"@type\":\"ReadAction\",\"target\":[\"https:\\\/\\\/www.vitalibera.org\\\/community\\\/2026\\\/04\\\/10\\\/ich-alleine-bestimme-meinen-weg\\\/\"]}]},{\"@type\":\"BreadcrumbList\",\"@id\":\"https:\\\/\\\/www.vitalibera.org\\\/community\\\/2026\\\/04\\\/10\\\/ich-alleine-bestimme-meinen-weg\\\/#breadcrumb\",\"itemListElement\":[{\"@type\":\"ListItem\",\"position\":1,\"name\":\"Startseite\",\"item\":\"https:\\\/\\\/www.vitalibera.org\\\/community\\\/\"},{\"@type\":\"ListItem\",\"position\":2,\"name\":\"Ich alleine bestimme meinen Weg\"}]},{\"@type\":\"WebSite\",\"@id\":\"https:\\\/\\\/www.vitalibera.org\\\/community\\\/#website\",\"url\":\"https:\\\/\\\/www.vitalibera.org\\\/community\\\/\",\"name\":\"vitalibera.org\",\"description\":\"Mit einer Einschr&auml;nkung gestaltet sich das Leben im Alltag oft schwieriger - hier berichten wir &uuml;ber unsere Erfahrungen und Hilfsmittel um den Alltag so unbeschwert und unkompliziert wie nur m&ouml;glich geniessen zu k&ouml;nnen. Dabei richten wir unseren Fokus gezielt auf Selbst&auml;ndigkeit, Eigenst&auml;ndigkeit und Selbstbestimmung.\",\"publisher\":{\"@id\":\"https:\\\/\\\/www.vitalibera.org\\\/community\\\/#organization\"},\"potentialAction\":[{\"@type\":\"SearchAction\",\"target\":{\"@type\":\"EntryPoint\",\"urlTemplate\":\"https:\\\/\\\/www.vitalibera.org\\\/community\\\/?s={search_term_string}\"},\"query-input\":{\"@type\":\"PropertyValueSpecification\",\"valueRequired\":true,\"valueName\":\"search_term_string\"}}],\"inLanguage\":\"de\"},{\"@type\":\"Organization\",\"@id\":\"https:\\\/\\\/www.vitalibera.org\\\/community\\\/#organization\",\"name\":\"vitalibera.org\",\"url\":\"https:\\\/\\\/www.vitalibera.org\\\/community\\\/\",\"logo\":{\"@type\":\"ImageObject\",\"inLanguage\":\"de\",\"@id\":\"https:\\\/\\\/www.vitalibera.org\\\/community\\\/#\\\/schema\\\/logo\\\/image\\\/\",\"url\":\"https:\\\/\\\/www.vitalibera.org\\\/community\\\/wp-content\\\/uploads\\\/2025\\\/09\\\/cropped-banner.png\",\"contentUrl\":\"https:\\\/\\\/www.vitalibera.org\\\/community\\\/wp-content\\\/uploads\\\/2025\\\/09\\\/cropped-banner.png\",\"width\":991,\"height\":150,\"caption\":\"vitalibera.org\"},\"image\":{\"@id\":\"https:\\\/\\\/www.vitalibera.org\\\/community\\\/#\\\/schema\\\/logo\\\/image\\\/\"},\"sameAs\":[\"https:\\\/\\\/www.facebook.com\\\/groups\\\/2997085857140235\"]},{\"@type\":\"Person\",\"@id\":\"https:\\\/\\\/www.vitalibera.org\\\/community\\\/#\\\/schema\\\/person\\\/6712387298421f222ff6d0a2e22c1534\",\"name\":\"Andreas Jecklin\",\"image\":{\"@type\":\"ImageObject\",\"inLanguage\":\"de\",\"@id\":\"https:\\\/\\\/secure.gravatar.com\\\/avatar\\\/ad516503a11cd5ca435acc9bb6523536?s=96\",\"url\":\"https:\\\/\\\/secure.gravatar.com\\\/avatar\\\/ad516503a11cd5ca435acc9bb6523536?s=96\",\"contentUrl\":\"https:\\\/\\\/secure.gravatar.com\\\/avatar\\\/ad516503a11cd5ca435acc9bb6523536?s=96\",\"caption\":\"Andreas Jecklin\"},\"description\":\"Manchen gab Gott die Kraft Dinge zu ver\u00e4ndern, mir gab er die Kraft zu ertragen was nicht mehr zu \u00e4ndern ist.\",\"url\":\"https:\\\/\\\/www.vitalibera.org\\\/community\\\/author\\\/andy77\\\/\"}]}<\/script>\r\n<!-- \/ Yoast SEO plugin. -->","yoast_head_json":{"title":"Ich alleine bestimme meinen Weg - vitalibera.org","robots":{"index":"index","follow":"follow","max-snippet":"max-snippet:-1","max-image-preview":"max-image-preview:large","max-video-preview":"max-video-preview:-1"},"canonical":"https:\/\/www.vitalibera.org\/community\/2026\/04\/10\/ich-alleine-bestimme-meinen-weg\/","og_locale":"de_DE","og_type":"article","og_title":"Ich alleine bestimme meinen Weg - vitalibera.org","og_description":"Gegen Bevormundung vorzugehen bedeutet, die eigene Autonomie aktiv zu sch\u00fctzen \u2013 kommunikativ, strukturell und innerlich. Der Kern: klare Grenzen, transparente Entscheidungsr\u00e4ume, und konsequente Selbstbestimmung. Bevormundung ist selten ein einzelner Akt \u2013 sie ist ein System aus kleinen Mikrohandlungen: ungefragte Ratschl\u00e4ge, \u00fcbergriffige Hilfe, Entscheidungen ohne R\u00fccksprache. Der wirksamste Hebel ist deshalb nicht der gro\u00dfe Konflikt, sondern ... Weiterlesen","og_url":"https:\/\/www.vitalibera.org\/community\/2026\/04\/10\/ich-alleine-bestimme-meinen-weg\/","og_site_name":"vitalibera.org","article_publisher":"https:\/\/www.facebook.com\/groups\/2997085857140235","article_published_time":"2026-04-10T09:40:50+00:00","article_modified_time":"2026-04-10T09:42:23+00:00","og_image":[{"width":1024,"height":1024,"url":"https:\/\/www.vitalibera.org\/community\/wp-content\/uploads\/2026\/04\/Copilot_20260410_113558.png","type":"image\/png"}],"author":"Andreas Jecklin","twitter_card":"summary_large_image","twitter_misc":{"Verfasst von":"Andreas Jecklin","Gesch\u00e4tzte Lesezeit":"4\u00a0Minuten"},"schema":{"@context":"https:\/\/schema.org","@graph":[{"@type":"Article","@id":"https:\/\/www.vitalibera.org\/community\/2026\/04\/10\/ich-alleine-bestimme-meinen-weg\/#article","isPartOf":{"@id":"https:\/\/www.vitalibera.org\/community\/2026\/04\/10\/ich-alleine-bestimme-meinen-weg\/"},"author":{"name":"Andreas Jecklin","@id":"https:\/\/www.vitalibera.org\/community\/#\/schema\/person\/6712387298421f222ff6d0a2e22c1534"},"headline":"Ich alleine bestimme meinen Weg","datePublished":"2026-04-10T09:40:50+00:00","dateModified":"2026-04-10T09:42:23+00:00","mainEntityOfPage":{"@id":"https:\/\/www.vitalibera.org\/community\/2026\/04\/10\/ich-alleine-bestimme-meinen-weg\/"},"wordCount":493,"commentCount":0,"publisher":{"@id":"https:\/\/www.vitalibera.org\/community\/#organization"},"image":{"@id":"https:\/\/www.vitalibera.org\/community\/2026\/04\/10\/ich-alleine-bestimme-meinen-weg\/#primaryimage"},"thumbnailUrl":"https:\/\/www.vitalibera.org\/community\/wp-content\/uploads\/2026\/04\/Copilot_20260410_113558.png","articleSection":["Hilfe f\u00fcr Angeh\u00f6rige","Kanzlei"],"inLanguage":"de","potentialAction":[{"@type":"CommentAction","name":"Comment","target":["https:\/\/www.vitalibera.org\/community\/2026\/04\/10\/ich-alleine-bestimme-meinen-weg\/#respond"]}]},{"@type":"WebPage","@id":"https:\/\/www.vitalibera.org\/community\/2026\/04\/10\/ich-alleine-bestimme-meinen-weg\/","url":"https:\/\/www.vitalibera.org\/community\/2026\/04\/10\/ich-alleine-bestimme-meinen-weg\/","name":"Ich alleine bestimme meinen Weg - vitalibera.org","isPartOf":{"@id":"https:\/\/www.vitalibera.org\/community\/#website"},"primaryImageOfPage":{"@id":"https:\/\/www.vitalibera.org\/community\/2026\/04\/10\/ich-alleine-bestimme-meinen-weg\/#primaryimage"},"image":{"@id":"https:\/\/www.vitalibera.org\/community\/2026\/04\/10\/ich-alleine-bestimme-meinen-weg\/#primaryimage"},"thumbnailUrl":"https:\/\/www.vitalibera.org\/community\/wp-content\/uploads\/2026\/04\/Copilot_20260410_113558.png","datePublished":"2026-04-10T09:40:50+00:00","dateModified":"2026-04-10T09:42:23+00:00","breadcrumb":{"@id":"https:\/\/www.vitalibera.org\/community\/2026\/04\/10\/ich-alleine-bestimme-meinen-weg\/#breadcrumb"},"inLanguage":"de","potentialAction":[{"@type":"ReadAction","target":["https:\/\/www.vitalibera.org\/community\/2026\/04\/10\/ich-alleine-bestimme-meinen-weg\/"]}]},{"@type":"BreadcrumbList","@id":"https:\/\/www.vitalibera.org\/community\/2026\/04\/10\/ich-alleine-bestimme-meinen-weg\/#breadcrumb","itemListElement":[{"@type":"ListItem","position":1,"name":"Startseite","item":"https:\/\/www.vitalibera.org\/community\/"},{"@type":"ListItem","position":2,"name":"Ich alleine bestimme meinen Weg"}]},{"@type":"WebSite","@id":"https:\/\/www.vitalibera.org\/community\/#website","url":"https:\/\/www.vitalibera.org\/community\/","name":"vitalibera.org","description":"Mit einer Einschr&auml;nkung gestaltet sich das Leben im Alltag oft schwieriger - hier berichten wir &uuml;ber unsere Erfahrungen und Hilfsmittel um den Alltag so unbeschwert und unkompliziert wie nur m&ouml;glich geniessen zu k&ouml;nnen. Dabei richten wir unseren Fokus gezielt auf Selbst&auml;ndigkeit, Eigenst&auml;ndigkeit und Selbstbestimmung.","publisher":{"@id":"https:\/\/www.vitalibera.org\/community\/#organization"},"potentialAction":[{"@type":"SearchAction","target":{"@type":"EntryPoint","urlTemplate":"https:\/\/www.vitalibera.org\/community\/?s={search_term_string}"},"query-input":{"@type":"PropertyValueSpecification","valueRequired":true,"valueName":"search_term_string"}}],"inLanguage":"de"},{"@type":"Organization","@id":"https:\/\/www.vitalibera.org\/community\/#organization","name":"vitalibera.org","url":"https:\/\/www.vitalibera.org\/community\/","logo":{"@type":"ImageObject","inLanguage":"de","@id":"https:\/\/www.vitalibera.org\/community\/#\/schema\/logo\/image\/","url":"https:\/\/www.vitalibera.org\/community\/wp-content\/uploads\/2025\/09\/cropped-banner.png","contentUrl":"https:\/\/www.vitalibera.org\/community\/wp-content\/uploads\/2025\/09\/cropped-banner.png","width":991,"height":150,"caption":"vitalibera.org"},"image":{"@id":"https:\/\/www.vitalibera.org\/community\/#\/schema\/logo\/image\/"},"sameAs":["https:\/\/www.facebook.com\/groups\/2997085857140235"]},{"@type":"Person","@id":"https:\/\/www.vitalibera.org\/community\/#\/schema\/person\/6712387298421f222ff6d0a2e22c1534","name":"Andreas Jecklin","image":{"@type":"ImageObject","inLanguage":"de","@id":"https:\/\/secure.gravatar.com\/avatar\/ad516503a11cd5ca435acc9bb6523536?s=96","url":"https:\/\/secure.gravatar.com\/avatar\/ad516503a11cd5ca435acc9bb6523536?s=96","contentUrl":"https:\/\/secure.gravatar.com\/avatar\/ad516503a11cd5ca435acc9bb6523536?s=96","caption":"Andreas Jecklin"},"description":"Manchen gab Gott die Kraft Dinge zu ver\u00e4ndern, mir gab er die Kraft zu ertragen was nicht mehr zu \u00e4ndern ist.","url":"https:\/\/www.vitalibera.org\/community\/author\/andy77\/"}]}},"jetpack_featured_media_url":"https:\/\/www.vitalibera.org\/community\/wp-content\/uploads\/2026\/04\/Copilot_20260410_113558.png","jetpack_sharing_enabled":true,"jetpack-related-posts":[],"_links":{"self":[{"href":"https:\/\/www.vitalibera.org\/community\/wp-json\/wp\/v2\/posts\/6624","targetHints":{"allow":["GET"]}}],"collection":[{"href":"https:\/\/www.vitalibera.org\/community\/wp-json\/wp\/v2\/posts"}],"about":[{"href":"https:\/\/www.vitalibera.org\/community\/wp-json\/wp\/v2\/types\/post"}],"author":[{"embeddable":true,"href":"https:\/\/www.vitalibera.org\/community\/wp-json\/wp\/v2\/users\/2"}],"replies":[{"embeddable":true,"href":"https:\/\/www.vitalibera.org\/community\/wp-json\/wp\/v2\/comments?post=6624"}],"version-history":[{"count":1,"href":"https:\/\/www.vitalibera.org\/community\/wp-json\/wp\/v2\/posts\/6624\/revisions"}],"predecessor-version":[{"id":6628,"href":"https:\/\/www.vitalibera.org\/community\/wp-json\/wp\/v2\/posts\/6624\/revisions\/6628"}],"wp:featuredmedia":[{"embeddable":true,"href":"https:\/\/www.vitalibera.org\/community\/wp-json\/wp\/v2\/media\/6626"}],"wp:attachment":[{"href":"https:\/\/www.vitalibera.org\/community\/wp-json\/wp\/v2\/media?parent=6624"}],"wp:term":[{"taxonomy":"category","embeddable":true,"href":"https:\/\/www.vitalibera.org\/community\/wp-json\/wp\/v2\/categories?post=6624"},{"taxonomy":"post_tag","embeddable":true,"href":"https:\/\/www.vitalibera.org\/community\/wp-json\/wp\/v2\/tags?post=6624"}],"curies":[{"name":"wp","href":"https:\/\/api.w.org\/{rel}","templated":true}]}}