{"id":6636,"date":"2026-04-10T14:46:16","date_gmt":"2026-04-10T12:46:16","guid":{"rendered":"https:\/\/www.vitalibera.org\/community\/?p=6636"},"modified":"2026-04-10T14:47:35","modified_gmt":"2026-04-10T12:47:35","slug":"gegen-die-ketten-der-vorurteile-gegenueber-hirngeschaedigten","status":"publish","type":"post","link":"https:\/\/www.vitalibera.org\/community\/2026\/04\/10\/gegen-die-ketten-der-vorurteile-gegenueber-hirngeschaedigten\/","title":{"rendered":"Gegen die Ketten der Vorurteile gegen\u00fcber Hirngesch\u00e4digten"},"content":{"rendered":"\n<div class=\"wp-block-media-text is-stacked-on-mobile\" style=\"grid-template-columns:31% auto\"><figure class=\"wp-block-media-text__media\"><img fetchpriority=\"high\" decoding=\"async\" width=\"503\" height=\"680\" src=\"https:\/\/www.vitalibera.org\/community\/wp-content\/uploads\/2026\/04\/4b074075df93ad1e7fb04c62580e0ead.jpg\" alt=\"\" class=\"wp-image-6637 size-full\" srcset=\"https:\/\/www.vitalibera.org\/community\/wp-content\/uploads\/2026\/04\/4b074075df93ad1e7fb04c62580e0ead.jpg 503w, https:\/\/www.vitalibera.org\/community\/wp-content\/uploads\/2026\/04\/4b074075df93ad1e7fb04c62580e0ead-222x300.jpg 222w\" sizes=\"(max-width: 503px) 100vw, 503px\" \/><\/figure><div class=\"wp-block-media-text__content\">\n<p><strong>Neurologische Erkrankungen ver&auml;ndern Menschen &ndash; aber sie nehmen ihnen nicht ihre W&uuml;rde, ihre F&auml;higkeiten oder ihren Wert.<\/strong> Was sich ver&auml;ndert, ist der Weg, nicht das Ziel. Jeder Mensch bleibt ein Mensch mit Talenten, Humor, Tr&auml;umen und dem Recht auf Selbstbestimmung.<\/p>\n\n\n\n<p>Vorurteile entstehen aus Unwissen. Sie sagen: &bdquo;Das geht nicht mehr.&ldquo; Wir sagen: <strong>&bdquo;Doch &ndash; anders, aber m&ouml;glich.&ldquo;<\/strong><\/p>\n<\/div><\/div>\n\n\n\n<p>Jede Bewegung, jedes Wort, jedes kleine St&uuml;ck Alltag ist ein Akt der St&auml;rke. Menschen mit neurologischen Erkrankungen sind keine Objekte der Pflege, sondern <strong>Subjekte des Lebens<\/strong>. Sie gestalten, lernen, lachen, k&auml;mpfen &ndash; und sie brauchen keine Mitleidsgesten, sondern <strong>Respekt und Raum<\/strong>.<\/p>\n\n\n\n<p><strong>Brechen wir die Ketten der Vorurteile.<\/strong> &Ouml;ffnen wir die H&auml;nde f&uuml;r Verst&auml;ndnis, die Augen f&uuml;r Vielfalt und die Herzen f&uuml;r Gleichwertigkeit. Denn Selbstbestimmung beginnt dort, wo Vorurteile enden.<\/p>\n\n\n\n<figure class=\"wp-block-image size-large\"><img decoding=\"async\" width=\"1024\" height=\"683\" src=\"http:\/\/www.vitalibera.org\/community\/wp-content\/uploads\/2026\/04\/660824018_1730215478358540_8679168799683517188_n-1024x683.jpg\" alt=\"\" class=\"wp-image-6621\" srcset=\"https:\/\/www.vitalibera.org\/community\/wp-content\/uploads\/2026\/04\/660824018_1730215478358540_8679168799683517188_n-1024x683.jpg 1024w, https:\/\/www.vitalibera.org\/community\/wp-content\/uploads\/2026\/04\/660824018_1730215478358540_8679168799683517188_n-300x200.jpg 300w, https:\/\/www.vitalibera.org\/community\/wp-content\/uploads\/2026\/04\/660824018_1730215478358540_8679168799683517188_n-768x512.jpg 768w, https:\/\/www.vitalibera.org\/community\/wp-content\/uploads\/2026\/04\/660824018_1730215478358540_8679168799683517188_n.jpg 1536w\" sizes=\"(max-width: 1024px) 100vw, 1024px\" \/><\/figure>\n\n\n\n<p>Jede Bewegung, jedes Wort, jeder Versuch ist ein Akt der Selbstbestimmung. Jeder Tag ist ein Beweis daf&uuml;r, dass <strong>Ver&auml;nderung kein Ende, sondern ein Neubeginn<\/strong> ist.<\/p>\n\n\n\n<p><strong>Brechen wir die Ketten der Vorurteile.<\/strong> &Ouml;ffnen wir die H&auml;nde f&uuml;r Verst&auml;ndnis, die Augen f&uuml;r Vielfalt und die Herzen f&uuml;r Gleichwertigkeit. Denn Selbstbestimmung beginnt dort, wo Vorurteile enden.<\/p>\n\n\n\n<div class=\"wp-block-media-text is-stacked-on-mobile\"><figure class=\"wp-block-media-text__media\"><img decoding=\"async\" width=\"259\" height=\"240\" src=\"http:\/\/www.vitalibera.org\/community\/wp-content\/uploads\/2026\/03\/dbc5972683099460054d3dbc8212a892-1.jpg\" alt=\"\" class=\"wp-image-6333 size-full\"><\/figure><div class=\"wp-block-media-text__content\">\n<p>Werde Teil der Bewegung und diskutiere mit der Gemeinschaft in unserem <a href=\"https:\/\/www.vitalibera.org\/community\/forum\/\">Forum <\/a>oder unserer <a href=\"https:\/\/www.facebook.com\/groups\/2997085857140235\" target=\"_blank\" rel=\"noreferrer noopener\">Facebook-Gruppe<\/a>.<\/p>\n<\/div><\/div>\n","protected":false},"excerpt":{"rendered":"<p>Neurologische Erkrankungen ver\u00e4ndern Menschen \u2013 aber sie nehmen ihnen nicht ihre W\u00fcrde, ihre F\u00e4higkeiten oder ihren Wert. Was sich ver\u00e4ndert, ist der Weg, nicht das Ziel. Jeder Mensch bleibt ein Mensch mit Talenten, Humor, Tr\u00e4umen und dem Recht auf Selbstbestimmung. Vorurteile entstehen aus Unwissen. Sie sagen: \u201eDas geht nicht mehr.\u201c Wir sagen: \u201eDoch \u2013 anders, &#8230; <a title=\"Gegen die Ketten der Vorurteile gegen\u00fcber Hirngesch\u00e4digten\" class=\"read-more\" href=\"https:\/\/www.vitalibera.org\/community\/2026\/04\/10\/gegen-die-ketten-der-vorurteile-gegenueber-hirngeschaedigten\/\" aria-label=\"Mehr Informationen \u00fcber Gegen die Ketten der Vorurteile gegen\u00fcber Hirngesch\u00e4digten\">Weiterlesen<\/a><\/p>\n","protected":false},"author":2,"featured_media":6637,"comment_status":"open","ping_status":"open","sticky":false,"template":"","format":"standard","meta":{"cybocfi_hide_featured_image":"yes","_jetpack_memberships_contains_paid_content":false,"footnotes":""},"categories":[25,225],"tags":[],"class_list":["post-6636","post","type-post","status-publish","format-standard","has-post-thumbnail","hentry","category-eingeschraenkt-im-alltag","category-hilfe-fuer-angehoerige"],"yoast_head":"<!-- This site is optimized with the Yoast SEO plugin v27.4 - https:\/\/yoast.com\/product\/yoast-seo-wordpress\/ -->\r\n<title>Gegen die Ketten der Vorurteile gegen\u00fcber Hirngesch\u00e4digten - vitalibera.org<\/title>\r\n<meta name=\"robots\" content=\"index, follow, max-snippet:-1, max-image-preview:large, max-video-preview:-1\" \/>\r\n<link rel=\"canonical\" href=\"https:\/\/www.vitalibera.org\/community\/2026\/04\/10\/gegen-die-ketten-der-vorurteile-gegenueber-hirngeschaedigten\/\" \/>\r\n<meta property=\"og:locale\" content=\"de_DE\" \/>\r\n<meta property=\"og:type\" content=\"article\" \/>\r\n<meta property=\"og:title\" content=\"Gegen die Ketten der Vorurteile gegen\u00fcber Hirngesch\u00e4digten - vitalibera.org\" \/>\r\n<meta property=\"og:description\" content=\"Neurologische Erkrankungen ver\u00e4ndern Menschen \u2013 aber sie nehmen ihnen nicht ihre W\u00fcrde, ihre F\u00e4higkeiten oder ihren Wert. Was sich ver\u00e4ndert, ist der Weg, nicht das Ziel. Jeder Mensch bleibt ein Mensch mit Talenten, Humor, Tr\u00e4umen und dem Recht auf Selbstbestimmung. Vorurteile entstehen aus Unwissen. Sie sagen: \u201eDas geht nicht mehr.\u201c Wir sagen: \u201eDoch \u2013 anders, ... Weiterlesen\" \/>\r\n<meta property=\"og:url\" content=\"https:\/\/www.vitalibera.org\/community\/2026\/04\/10\/gegen-die-ketten-der-vorurteile-gegenueber-hirngeschaedigten\/\" \/>\r\n<meta property=\"og:site_name\" content=\"vitalibera.org\" \/>\r\n<meta property=\"article:publisher\" content=\"https:\/\/www.facebook.com\/groups\/2997085857140235\" \/>\r\n<meta property=\"article:published_time\" content=\"2026-04-10T12:46:16+00:00\" \/>\r\n<meta property=\"article:modified_time\" content=\"2026-04-10T12:47:35+00:00\" \/>\r\n<meta property=\"og:image\" content=\"https:\/\/www.vitalibera.org\/community\/wp-content\/uploads\/2026\/04\/4b074075df93ad1e7fb04c62580e0ead.jpg\" \/>\r\n\t<meta property=\"og:image:width\" content=\"503\" \/>\r\n\t<meta property=\"og:image:height\" content=\"680\" \/>\r\n\t<meta property=\"og:image:type\" content=\"image\/jpeg\" \/>\r\n<meta name=\"author\" content=\"Andreas Jecklin\" \/>\r\n<meta name=\"twitter:card\" content=\"summary_large_image\" \/>\r\n<meta name=\"twitter:label1\" content=\"Verfasst von\" \/>\n\t<meta name=\"twitter:data1\" content=\"Andreas Jecklin\" \/>\n\t<meta name=\"twitter:label2\" content=\"Gesch\u00e4tzte Lesezeit\" \/>\n\t<meta name=\"twitter:data2\" content=\"2\u00a0Minuten\" \/>\r\n<script type=\"application\/ld+json\" class=\"yoast-schema-graph\">{\"@context\":\"https:\\\/\\\/schema.org\",\"@graph\":[{\"@type\":\"Article\",\"@id\":\"https:\\\/\\\/www.vitalibera.org\\\/community\\\/2026\\\/04\\\/10\\\/gegen-die-ketten-der-vorurteile-gegenueber-hirngeschaedigten\\\/#article\",\"isPartOf\":{\"@id\":\"https:\\\/\\\/www.vitalibera.org\\\/community\\\/2026\\\/04\\\/10\\\/gegen-die-ketten-der-vorurteile-gegenueber-hirngeschaedigten\\\/\"},\"author\":{\"name\":\"Andreas Jecklin\",\"@id\":\"https:\\\/\\\/www.vitalibera.org\\\/community\\\/#\\\/schema\\\/person\\\/6712387298421f222ff6d0a2e22c1534\"},\"headline\":\"Gegen die Ketten der Vorurteile gegen\u00fcber Hirngesch\u00e4digten\",\"datePublished\":\"2026-04-10T12:46:16+00:00\",\"dateModified\":\"2026-04-10T12:47:35+00:00\",\"mainEntityOfPage\":{\"@id\":\"https:\\\/\\\/www.vitalibera.org\\\/community\\\/2026\\\/04\\\/10\\\/gegen-die-ketten-der-vorurteile-gegenueber-hirngeschaedigten\\\/\"},\"wordCount\":221,\"commentCount\":0,\"publisher\":{\"@id\":\"https:\\\/\\\/www.vitalibera.org\\\/community\\\/#organization\"},\"image\":{\"@id\":\"https:\\\/\\\/www.vitalibera.org\\\/community\\\/2026\\\/04\\\/10\\\/gegen-die-ketten-der-vorurteile-gegenueber-hirngeschaedigten\\\/#primaryimage\"},\"thumbnailUrl\":\"https:\\\/\\\/www.vitalibera.org\\\/community\\\/wp-content\\\/uploads\\\/2026\\\/04\\\/4b074075df93ad1e7fb04c62580e0ead.jpg\",\"articleSection\":[\"Eingeschr\u00e4nkt im Alltag\",\"Hilfe f\u00fcr Angeh\u00f6rige\"],\"inLanguage\":\"de\",\"potentialAction\":[{\"@type\":\"CommentAction\",\"name\":\"Comment\",\"target\":[\"https:\\\/\\\/www.vitalibera.org\\\/community\\\/2026\\\/04\\\/10\\\/gegen-die-ketten-der-vorurteile-gegenueber-hirngeschaedigten\\\/#respond\"]}]},{\"@type\":\"WebPage\",\"@id\":\"https:\\\/\\\/www.vitalibera.org\\\/community\\\/2026\\\/04\\\/10\\\/gegen-die-ketten-der-vorurteile-gegenueber-hirngeschaedigten\\\/\",\"url\":\"https:\\\/\\\/www.vitalibera.org\\\/community\\\/2026\\\/04\\\/10\\\/gegen-die-ketten-der-vorurteile-gegenueber-hirngeschaedigten\\\/\",\"name\":\"Gegen die Ketten der Vorurteile gegen\u00fcber Hirngesch\u00e4digten - vitalibera.org\",\"isPartOf\":{\"@id\":\"https:\\\/\\\/www.vitalibera.org\\\/community\\\/#website\"},\"primaryImageOfPage\":{\"@id\":\"https:\\\/\\\/www.vitalibera.org\\\/community\\\/2026\\\/04\\\/10\\\/gegen-die-ketten-der-vorurteile-gegenueber-hirngeschaedigten\\\/#primaryimage\"},\"image\":{\"@id\":\"https:\\\/\\\/www.vitalibera.org\\\/community\\\/2026\\\/04\\\/10\\\/gegen-die-ketten-der-vorurteile-gegenueber-hirngeschaedigten\\\/#primaryimage\"},\"thumbnailUrl\":\"https:\\\/\\\/www.vitalibera.org\\\/community\\\/wp-content\\\/uploads\\\/2026\\\/04\\\/4b074075df93ad1e7fb04c62580e0ead.jpg\",\"datePublished\":\"2026-04-10T12:46:16+00:00\",\"dateModified\":\"2026-04-10T12:47:35+00:00\",\"breadcrumb\":{\"@id\":\"https:\\\/\\\/www.vitalibera.org\\\/community\\\/2026\\\/04\\\/10\\\/gegen-die-ketten-der-vorurteile-gegenueber-hirngeschaedigten\\\/#breadcrumb\"},\"inLanguage\":\"de\",\"potentialAction\":[{\"@type\":\"ReadAction\",\"target\":[\"https:\\\/\\\/www.vitalibera.org\\\/community\\\/2026\\\/04\\\/10\\\/gegen-die-ketten-der-vorurteile-gegenueber-hirngeschaedigten\\\/\"]}]},{\"@type\":\"BreadcrumbList\",\"@id\":\"https:\\\/\\\/www.vitalibera.org\\\/community\\\/2026\\\/04\\\/10\\\/gegen-die-ketten-der-vorurteile-gegenueber-hirngeschaedigten\\\/#breadcrumb\",\"itemListElement\":[{\"@type\":\"ListItem\",\"position\":1,\"name\":\"Startseite\",\"item\":\"https:\\\/\\\/www.vitalibera.org\\\/community\\\/\"},{\"@type\":\"ListItem\",\"position\":2,\"name\":\"Gegen die Ketten der Vorurteile gegen\u00fcber Hirngesch\u00e4digten\"}]},{\"@type\":\"WebSite\",\"@id\":\"https:\\\/\\\/www.vitalibera.org\\\/community\\\/#website\",\"url\":\"https:\\\/\\\/www.vitalibera.org\\\/community\\\/\",\"name\":\"vitalibera.org\",\"description\":\"Mit einer Einschr&auml;nkung gestaltet sich das Leben im Alltag oft schwieriger - hier berichten wir &uuml;ber unsere Erfahrungen und Hilfsmittel um den Alltag so unbeschwert und unkompliziert wie nur m&ouml;glich geniessen zu k&ouml;nnen. Dabei richten wir unseren Fokus gezielt auf Selbst&auml;ndigkeit, Eigenst&auml;ndigkeit und Selbstbestimmung.\",\"publisher\":{\"@id\":\"https:\\\/\\\/www.vitalibera.org\\\/community\\\/#organization\"},\"potentialAction\":[{\"@type\":\"SearchAction\",\"target\":{\"@type\":\"EntryPoint\",\"urlTemplate\":\"https:\\\/\\\/www.vitalibera.org\\\/community\\\/?s={search_term_string}\"},\"query-input\":{\"@type\":\"PropertyValueSpecification\",\"valueRequired\":true,\"valueName\":\"search_term_string\"}}],\"inLanguage\":\"de\"},{\"@type\":\"Organization\",\"@id\":\"https:\\\/\\\/www.vitalibera.org\\\/community\\\/#organization\",\"name\":\"vitalibera.org\",\"url\":\"https:\\\/\\\/www.vitalibera.org\\\/community\\\/\",\"logo\":{\"@type\":\"ImageObject\",\"inLanguage\":\"de\",\"@id\":\"https:\\\/\\\/www.vitalibera.org\\\/community\\\/#\\\/schema\\\/logo\\\/image\\\/\",\"url\":\"https:\\\/\\\/www.vitalibera.org\\\/community\\\/wp-content\\\/uploads\\\/2025\\\/09\\\/cropped-banner.png\",\"contentUrl\":\"https:\\\/\\\/www.vitalibera.org\\\/community\\\/wp-content\\\/uploads\\\/2025\\\/09\\\/cropped-banner.png\",\"width\":991,\"height\":150,\"caption\":\"vitalibera.org\"},\"image\":{\"@id\":\"https:\\\/\\\/www.vitalibera.org\\\/community\\\/#\\\/schema\\\/logo\\\/image\\\/\"},\"sameAs\":[\"https:\\\/\\\/www.facebook.com\\\/groups\\\/2997085857140235\"]},{\"@type\":\"Person\",\"@id\":\"https:\\\/\\\/www.vitalibera.org\\\/community\\\/#\\\/schema\\\/person\\\/6712387298421f222ff6d0a2e22c1534\",\"name\":\"Andreas Jecklin\",\"image\":{\"@type\":\"ImageObject\",\"inLanguage\":\"de\",\"@id\":\"https:\\\/\\\/secure.gravatar.com\\\/avatar\\\/ad516503a11cd5ca435acc9bb6523536?s=96\",\"url\":\"https:\\\/\\\/secure.gravatar.com\\\/avatar\\\/ad516503a11cd5ca435acc9bb6523536?s=96\",\"contentUrl\":\"https:\\\/\\\/secure.gravatar.com\\\/avatar\\\/ad516503a11cd5ca435acc9bb6523536?s=96\",\"caption\":\"Andreas Jecklin\"},\"description\":\"Manchen gab Gott die Kraft Dinge zu ver\u00e4ndern, mir gab er die Kraft zu ertragen was nicht mehr zu \u00e4ndern ist.\",\"url\":\"https:\\\/\\\/www.vitalibera.org\\\/community\\\/author\\\/andy77\\\/\"}]}<\/script>\r\n<!-- \/ Yoast SEO plugin. -->","yoast_head_json":{"title":"Gegen die Ketten der Vorurteile gegen\u00fcber Hirngesch\u00e4digten - vitalibera.org","robots":{"index":"index","follow":"follow","max-snippet":"max-snippet:-1","max-image-preview":"max-image-preview:large","max-video-preview":"max-video-preview:-1"},"canonical":"https:\/\/www.vitalibera.org\/community\/2026\/04\/10\/gegen-die-ketten-der-vorurteile-gegenueber-hirngeschaedigten\/","og_locale":"de_DE","og_type":"article","og_title":"Gegen die Ketten der Vorurteile gegen\u00fcber Hirngesch\u00e4digten - vitalibera.org","og_description":"Neurologische Erkrankungen ver\u00e4ndern Menschen \u2013 aber sie nehmen ihnen nicht ihre W\u00fcrde, ihre F\u00e4higkeiten oder ihren Wert. Was sich ver\u00e4ndert, ist der Weg, nicht das Ziel. Jeder Mensch bleibt ein Mensch mit Talenten, Humor, Tr\u00e4umen und dem Recht auf Selbstbestimmung. Vorurteile entstehen aus Unwissen. Sie sagen: \u201eDas geht nicht mehr.\u201c Wir sagen: \u201eDoch \u2013 anders, ... Weiterlesen","og_url":"https:\/\/www.vitalibera.org\/community\/2026\/04\/10\/gegen-die-ketten-der-vorurteile-gegenueber-hirngeschaedigten\/","og_site_name":"vitalibera.org","article_publisher":"https:\/\/www.facebook.com\/groups\/2997085857140235","article_published_time":"2026-04-10T12:46:16+00:00","article_modified_time":"2026-04-10T12:47:35+00:00","og_image":[{"width":503,"height":680,"url":"https:\/\/www.vitalibera.org\/community\/wp-content\/uploads\/2026\/04\/4b074075df93ad1e7fb04c62580e0ead.jpg","type":"image\/jpeg"}],"author":"Andreas Jecklin","twitter_card":"summary_large_image","twitter_misc":{"Verfasst von":"Andreas Jecklin","Gesch\u00e4tzte Lesezeit":"2\u00a0Minuten"},"schema":{"@context":"https:\/\/schema.org","@graph":[{"@type":"Article","@id":"https:\/\/www.vitalibera.org\/community\/2026\/04\/10\/gegen-die-ketten-der-vorurteile-gegenueber-hirngeschaedigten\/#article","isPartOf":{"@id":"https:\/\/www.vitalibera.org\/community\/2026\/04\/10\/gegen-die-ketten-der-vorurteile-gegenueber-hirngeschaedigten\/"},"author":{"name":"Andreas Jecklin","@id":"https:\/\/www.vitalibera.org\/community\/#\/schema\/person\/6712387298421f222ff6d0a2e22c1534"},"headline":"Gegen die Ketten der Vorurteile gegen\u00fcber Hirngesch\u00e4digten","datePublished":"2026-04-10T12:46:16+00:00","dateModified":"2026-04-10T12:47:35+00:00","mainEntityOfPage":{"@id":"https:\/\/www.vitalibera.org\/community\/2026\/04\/10\/gegen-die-ketten-der-vorurteile-gegenueber-hirngeschaedigten\/"},"wordCount":221,"commentCount":0,"publisher":{"@id":"https:\/\/www.vitalibera.org\/community\/#organization"},"image":{"@id":"https:\/\/www.vitalibera.org\/community\/2026\/04\/10\/gegen-die-ketten-der-vorurteile-gegenueber-hirngeschaedigten\/#primaryimage"},"thumbnailUrl":"https:\/\/www.vitalibera.org\/community\/wp-content\/uploads\/2026\/04\/4b074075df93ad1e7fb04c62580e0ead.jpg","articleSection":["Eingeschr\u00e4nkt im Alltag","Hilfe f\u00fcr Angeh\u00f6rige"],"inLanguage":"de","potentialAction":[{"@type":"CommentAction","name":"Comment","target":["https:\/\/www.vitalibera.org\/community\/2026\/04\/10\/gegen-die-ketten-der-vorurteile-gegenueber-hirngeschaedigten\/#respond"]}]},{"@type":"WebPage","@id":"https:\/\/www.vitalibera.org\/community\/2026\/04\/10\/gegen-die-ketten-der-vorurteile-gegenueber-hirngeschaedigten\/","url":"https:\/\/www.vitalibera.org\/community\/2026\/04\/10\/gegen-die-ketten-der-vorurteile-gegenueber-hirngeschaedigten\/","name":"Gegen die Ketten der Vorurteile gegen\u00fcber Hirngesch\u00e4digten - vitalibera.org","isPartOf":{"@id":"https:\/\/www.vitalibera.org\/community\/#website"},"primaryImageOfPage":{"@id":"https:\/\/www.vitalibera.org\/community\/2026\/04\/10\/gegen-die-ketten-der-vorurteile-gegenueber-hirngeschaedigten\/#primaryimage"},"image":{"@id":"https:\/\/www.vitalibera.org\/community\/2026\/04\/10\/gegen-die-ketten-der-vorurteile-gegenueber-hirngeschaedigten\/#primaryimage"},"thumbnailUrl":"https:\/\/www.vitalibera.org\/community\/wp-content\/uploads\/2026\/04\/4b074075df93ad1e7fb04c62580e0ead.jpg","datePublished":"2026-04-10T12:46:16+00:00","dateModified":"2026-04-10T12:47:35+00:00","breadcrumb":{"@id":"https:\/\/www.vitalibera.org\/community\/2026\/04\/10\/gegen-die-ketten-der-vorurteile-gegenueber-hirngeschaedigten\/#breadcrumb"},"inLanguage":"de","potentialAction":[{"@type":"ReadAction","target":["https:\/\/www.vitalibera.org\/community\/2026\/04\/10\/gegen-die-ketten-der-vorurteile-gegenueber-hirngeschaedigten\/"]}]},{"@type":"BreadcrumbList","@id":"https:\/\/www.vitalibera.org\/community\/2026\/04\/10\/gegen-die-ketten-der-vorurteile-gegenueber-hirngeschaedigten\/#breadcrumb","itemListElement":[{"@type":"ListItem","position":1,"name":"Startseite","item":"https:\/\/www.vitalibera.org\/community\/"},{"@type":"ListItem","position":2,"name":"Gegen die Ketten der Vorurteile gegen\u00fcber Hirngesch\u00e4digten"}]},{"@type":"WebSite","@id":"https:\/\/www.vitalibera.org\/community\/#website","url":"https:\/\/www.vitalibera.org\/community\/","name":"vitalibera.org","description":"Mit einer Einschr&auml;nkung gestaltet sich das Leben im Alltag oft schwieriger - hier berichten wir &uuml;ber unsere Erfahrungen und Hilfsmittel um den Alltag so unbeschwert und unkompliziert wie nur m&ouml;glich geniessen zu k&ouml;nnen. Dabei richten wir unseren Fokus gezielt auf Selbst&auml;ndigkeit, Eigenst&auml;ndigkeit und Selbstbestimmung.","publisher":{"@id":"https:\/\/www.vitalibera.org\/community\/#organization"},"potentialAction":[{"@type":"SearchAction","target":{"@type":"EntryPoint","urlTemplate":"https:\/\/www.vitalibera.org\/community\/?s={search_term_string}"},"query-input":{"@type":"PropertyValueSpecification","valueRequired":true,"valueName":"search_term_string"}}],"inLanguage":"de"},{"@type":"Organization","@id":"https:\/\/www.vitalibera.org\/community\/#organization","name":"vitalibera.org","url":"https:\/\/www.vitalibera.org\/community\/","logo":{"@type":"ImageObject","inLanguage":"de","@id":"https:\/\/www.vitalibera.org\/community\/#\/schema\/logo\/image\/","url":"https:\/\/www.vitalibera.org\/community\/wp-content\/uploads\/2025\/09\/cropped-banner.png","contentUrl":"https:\/\/www.vitalibera.org\/community\/wp-content\/uploads\/2025\/09\/cropped-banner.png","width":991,"height":150,"caption":"vitalibera.org"},"image":{"@id":"https:\/\/www.vitalibera.org\/community\/#\/schema\/logo\/image\/"},"sameAs":["https:\/\/www.facebook.com\/groups\/2997085857140235"]},{"@type":"Person","@id":"https:\/\/www.vitalibera.org\/community\/#\/schema\/person\/6712387298421f222ff6d0a2e22c1534","name":"Andreas Jecklin","image":{"@type":"ImageObject","inLanguage":"de","@id":"https:\/\/secure.gravatar.com\/avatar\/ad516503a11cd5ca435acc9bb6523536?s=96","url":"https:\/\/secure.gravatar.com\/avatar\/ad516503a11cd5ca435acc9bb6523536?s=96","contentUrl":"https:\/\/secure.gravatar.com\/avatar\/ad516503a11cd5ca435acc9bb6523536?s=96","caption":"Andreas Jecklin"},"description":"Manchen gab Gott die Kraft Dinge zu ver\u00e4ndern, mir gab er die Kraft zu ertragen was nicht mehr zu \u00e4ndern ist.","url":"https:\/\/www.vitalibera.org\/community\/author\/andy77\/"}]}},"jetpack_featured_media_url":"https:\/\/www.vitalibera.org\/community\/wp-content\/uploads\/2026\/04\/4b074075df93ad1e7fb04c62580e0ead.jpg","jetpack_sharing_enabled":true,"jetpack-related-posts":[],"_links":{"self":[{"href":"https:\/\/www.vitalibera.org\/community\/wp-json\/wp\/v2\/posts\/6636","targetHints":{"allow":["GET"]}}],"collection":[{"href":"https:\/\/www.vitalibera.org\/community\/wp-json\/wp\/v2\/posts"}],"about":[{"href":"https:\/\/www.vitalibera.org\/community\/wp-json\/wp\/v2\/types\/post"}],"author":[{"embeddable":true,"href":"https:\/\/www.vitalibera.org\/community\/wp-json\/wp\/v2\/users\/2"}],"replies":[{"embeddable":true,"href":"https:\/\/www.vitalibera.org\/community\/wp-json\/wp\/v2\/comments?post=6636"}],"version-history":[{"count":1,"href":"https:\/\/www.vitalibera.org\/community\/wp-json\/wp\/v2\/posts\/6636\/revisions"}],"predecessor-version":[{"id":6638,"href":"https:\/\/www.vitalibera.org\/community\/wp-json\/wp\/v2\/posts\/6636\/revisions\/6638"}],"wp:featuredmedia":[{"embeddable":true,"href":"https:\/\/www.vitalibera.org\/community\/wp-json\/wp\/v2\/media\/6637"}],"wp:attachment":[{"href":"https:\/\/www.vitalibera.org\/community\/wp-json\/wp\/v2\/media?parent=6636"}],"wp:term":[{"taxonomy":"category","embeddable":true,"href":"https:\/\/www.vitalibera.org\/community\/wp-json\/wp\/v2\/categories?post=6636"},{"taxonomy":"post_tag","embeddable":true,"href":"https:\/\/www.vitalibera.org\/community\/wp-json\/wp\/v2\/tags?post=6636"}],"curies":[{"name":"wp","href":"https:\/\/api.w.org\/{rel}","templated":true}]}}