{"id":6639,"date":"2026-04-10T17:21:26","date_gmt":"2026-04-10T15:21:26","guid":{"rendered":"https:\/\/www.vitalibera.org\/community\/?p=6639"},"modified":"2026-04-10T17:27:50","modified_gmt":"2026-04-10T15:27:50","slug":"selbstschutz-gegen-aeussere-einfluesse","status":"publish","type":"post","link":"https:\/\/www.vitalibera.org\/community\/2026\/04\/10\/selbstschutz-gegen-aeussere-einfluesse\/","title":{"rendered":"Selbstschutz gegen \u00e4u\u00dfere Einfl\u00fcsse"},"content":{"rendered":"\n<div class=\"wp-block-media-text is-stacked-on-mobile\"><figure class=\"wp-block-media-text__media\"><img fetchpriority=\"high\" decoding=\"async\" width=\"600\" height=\"353\" src=\"http:\/\/www.vitalibera.org\/community\/wp-content\/uploads\/2026\/04\/reitz832.png\" alt=\"\" class=\"wp-image-6640 size-full\" srcset=\"https:\/\/www.vitalibera.org\/community\/wp-content\/uploads\/2026\/04\/reitz832.png 600w, https:\/\/www.vitalibera.org\/community\/wp-content\/uploads\/2026\/04\/reitz832-300x177.png 300w\" sizes=\"(max-width: 600px) 100vw, 600px\" \/><\/figure><div class=\"wp-block-media-text__content\">\n<p>Selbstschutz gegen &auml;u&szlig;ere Einfl&uuml;sse bedeutet, die eigene Energie, Identit&auml;t und innere Stabilit&auml;t zu bewahren &ndash; k&ouml;rperlich, emotional, sozial und kognitiv.<\/p>\n\n\n\n<p>F&uuml;r Menschen mit neurologischen Herausforderungen ist das besonders wichtig, weil Reiz&uuml;berflutung, Fremderwartungen und unklare Grenzen schnell zu Ersch&ouml;pfung f&uuml;hren.<\/p>\n<\/div><\/div>\n\n\n\n<h5 class=\"wp-block-heading\"><strong>Was Selbstschutz wirklich umfasst<\/strong><\/h5>\n\n\n\n<p><strong>1. K&ouml;rperliche Ebene &mdash; Reize filtern, Energie sch&uuml;tzen<\/strong><\/p>\n\n\n\n<ul class=\"wp-block-list\">\n<li><strong>Reizmanagement:<\/strong> Licht, L&auml;rm, Menschenmengen reduzieren; Noise-Cancelling, Sonnenbrille, Pausenr&auml;ume.<\/li>\n\n\n\n<li><strong>Energiehaushalt:<\/strong> Ultra-kurze Aktivit&auml;tsbl&ouml;cke, klare Stopps, &bdquo;Energiebudget&ldquo; pro Tag.<\/li>\n\n\n\n<li><strong>Schutzrituale:<\/strong> Atemanker, kurze Bodyscans, Mini-Stretching.<\/li>\n<\/ul>\n\n\n\n<p><strong>2. Emotionale Ebene &mdash; Gef&uuml;hle anerkennen, nicht &uuml;berrollen lassen<\/strong><\/p>\n\n\n\n<ul class=\"wp-block-list\">\n<li><strong>Benennen statt Bek&auml;mpfen:<\/strong> &bdquo;Ich merke Druck&ldquo;, &bdquo;Ich brauche Abstand&ldquo;.<\/li>\n\n\n\n<li><strong>Selbstmitgef&uuml;hl:<\/strong> Kein Vergleich mit fr&uuml;heren F&auml;higkeiten; Fokus auf Entwicklung.<\/li>\n\n\n\n<li><strong>Notfall-S&auml;tze:<\/strong> &bdquo;Ich mache jetzt eine Pause&ldquo;, &bdquo;Ich beantworte das sp&auml;ter&ldquo;.<\/li>\n<\/ul>\n\n\n\n<p><strong>3. Soziale Ebene &mdash; Grenzen setzen, Erwartungen kl&auml;ren<\/strong><\/p>\n\n\n\n<ul class=\"wp-block-list\">\n<li><strong>Grenzformeln:<\/strong>\n<ul class=\"wp-block-list\">\n<li>&bdquo;Das ist mir gerade zu viel.&ldquo;<\/li>\n\n\n\n<li>&bdquo;Ich brauche eine klare Struktur.&ldquo;<\/li>\n\n\n\n<li>&bdquo;Bitte langsamer \/ konkreter.&ldquo;<\/li>\n<\/ul>\n<\/li>\n\n\n\n<li><strong>Schutz vor &Uuml;bergriffigkeit:<\/strong> Keine Rechtfertigungen, keine Erkl&auml;rschleifen.<\/li>\n\n\n\n<li><strong>Rollenkl&auml;rung:<\/strong> Was ist mein Job, was nicht.<\/li>\n<\/ul>\n\n\n\n<p><strong>4. Kognitive Ebene &mdash; Fokus sch&uuml;tzen, &Uuml;berlastung vermeiden<\/strong><\/p>\n\n\n\n<ul class=\"wp-block-list\">\n<li><strong>Reizfilter:<\/strong> Checklisten, klare Schritte, visuelle Marker.<\/li>\n\n\n\n<li><strong>Informationsdi&auml;t:<\/strong> Weniger Nachrichten, weniger Multitasking.<\/li>\n\n\n\n<li><strong>Strukturanker:<\/strong> &bdquo;Eine Sache pro Zeitfenster&ldquo;.<\/li>\n<\/ul>\n\n\n\n<div class=\"wp-block-media-text is-stacked-on-mobile is-vertically-aligned-top\"><figure class=\"wp-block-media-text__media\"><img decoding=\"async\" width=\"1024\" height=\"809\" src=\"http:\/\/www.vitalibera.org\/community\/wp-content\/uploads\/2026\/04\/b2046b8b21d8633d7cbab418982b4b96-1024x809.jpg\" alt=\"\" class=\"wp-image-6519 size-full\" srcset=\"https:\/\/www.vitalibera.org\/community\/wp-content\/uploads\/2026\/04\/b2046b8b21d8633d7cbab418982b4b96-1024x809.jpg 1024w, https:\/\/www.vitalibera.org\/community\/wp-content\/uploads\/2026\/04\/b2046b8b21d8633d7cbab418982b4b96-300x237.jpg 300w, https:\/\/www.vitalibera.org\/community\/wp-content\/uploads\/2026\/04\/b2046b8b21d8633d7cbab418982b4b96-768x607.jpg 768w, https:\/\/www.vitalibera.org\/community\/wp-content\/uploads\/2026\/04\/b2046b8b21d8633d7cbab418982b4b96.jpg 1199w\" sizes=\"(max-width: 1024px) 100vw, 1024px\" \/><\/figure><div class=\"wp-block-media-text__content\">\n<p><strong>Neurofreundliche Schutzstrategien (besonders wirksam bei <a href=\"https:\/\/www.vitalibera.org\/community\/enzyklopaedie\/hirnverletzung\/\" target=\"_self\" title=\"Eine Hirnverletzung (oft als&nbsp;Sch&auml;del-Hirn-Trauma, SHT) ist eine&nbsp;Sch&auml;digung des Gehirns, verursacht durch &auml;u&szlig;ere Gewalteinwirkung (Unfall, Sturz) oder innere Faktoren (Schlaganfall, Tumor). Sie f&uuml;hrt zu k&ouml;rperlichen, kognitiven und verhaltensbezogenen Einschr&auml;nkungen, die oft unsichtbar bleiben. Symptome reichen von Kopfschmerzen bis zu schweren Behinderungen. Wichtige Aspekte der Hirnverletzung: Ursachen:&nbsp;H&auml;ufig durch Schlaganf&auml;lle, Hirnblutungen, Sauerstoffmangel oder St&uuml;rze\/Verkehrsunf&auml;lle (Sch&auml;del-Hirn-Trauma). Formen (SHT):&nbsp;Unterscheidung in&hellip;\" class=\"encyclopedia\">Hirnverletzung<\/a>en)<\/strong><\/p>\n\n\n\n<p><strong>&bdquo;Reizschirm&ldquo;:<\/strong> Kopfh&ouml;rer, Kappe, Sonnenbrille &ndash; nicht als Schw&auml;che, sondern als Werkzeug.<\/p>\n\n\n\n<p><strong>&bdquo;Kleine Inseln&ldquo;:<\/strong> 3&ndash;5 Minuten R&uuml;ckzug nach jeder sozialen Interaktion.<\/p>\n\n\n\n<p><strong>&bdquo;Ein-Satz-Regel&ldquo;:<\/strong> Wenn etwas &uuml;berfordert, nur einen Satz sagen m&uuml;ssen.<\/p>\n\n\n\n<p><strong>&bdquo;Visuelle Grenzen&ldquo;:<\/strong> Karten, Symbole, Farben, die signalisieren: <em>Stopp, Pause, Fokus<\/em>.<\/p>\n\n\n\n<p><strong>&bdquo;Energie-Check&ldquo;:<\/strong> Vor jeder Aktivit&auml;t: <em>Habe ich 20 %, 50 % oder 80 % Energie?<\/em><\/p>\n<\/div><\/div>\n\n\n\n<div class=\"wp-block-media-text is-stacked-on-mobile\" style=\"grid-template-columns:29% auto\"><figure class=\"wp-block-media-text__media\"><img decoding=\"async\" width=\"302\" height=\"277\" src=\"http:\/\/www.vitalibera.org\/community\/wp-content\/uploads\/2026\/03\/tip3.png\" alt=\"\" class=\"wp-image-6087 size-full\" srcset=\"https:\/\/www.vitalibera.org\/community\/wp-content\/uploads\/2026\/03\/tip3.png 302w, https:\/\/www.vitalibera.org\/community\/wp-content\/uploads\/2026\/03\/tip3-300x275.png 300w\" sizes=\"(max-width: 302px) 100vw, 302px\" \/><\/figure><div class=\"wp-block-media-text__content\">\n<p><strong>Der wichtigste Punkt<\/strong><\/p>\n\n\n\n<p>Selbstschutz ist kein R&uuml;ckzug, sondern <strong>Selbstbestimmung<\/strong>. Du sch&uuml;tzt nicht dich <em>vor<\/em> der Welt, sondern deine F&auml;higkeit, <strong>in der Welt handlungsf&auml;hig zu bleiben<\/strong>.<\/p>\n<\/div><\/div>\n\n\n\n<h5 class=\"wp-block-heading\"><strong>&bdquo;Der Reizschirm&ldquo; &ndash; Selbstschutz statt R&uuml;ckzug<\/strong><\/h5>\n\n\n\n<p><strong>Manchmal wird die Welt zu laut, zu schnell, zu viel.<\/strong> <strong>Nicht, weil man schwach ist &ndash; sondern weil das Gehirn Schutz braucht.<\/strong><\/p>\n\n\n\n<p>Der <strong>Reizschirm<\/strong> ist ein einfaches Werkzeug: Er steht f&uuml;r den Moment, in dem ich Reize filtere, Grenzen setze und meine Energie sch&uuml;tze.<\/p>\n\n\n\n<p><strong>Oben<\/strong> prallen Ger&auml;usche, Licht, Tempo und Erwartungen ab. <strong>Unten<\/strong> entsteht ein ruhiger Raum, in dem ich atmen, denken und wieder bei mir ankommen kann.<\/p>\n\n\n\n<p>Der Reizschirm sagt:<\/p>\n\n\n\n<ul class=\"wp-block-list\">\n<li>&bdquo;Ich brauche kurz Schutz.&ldquo;<\/li>\n\n\n\n<li>&bdquo;Bitte weniger Input.&ldquo;<\/li>\n\n\n\n<li>&bdquo;Langsamer, damit ich folgen kann.&ldquo;<\/li>\n\n\n\n<li>&bdquo;Ich bleibe da &ndash; aber ich sch&uuml;tze mich.&ldquo;<\/li>\n<\/ul>\n\n\n\n<p>Selbstschutz ist kein R&uuml;ckzug. Es ist <strong>Selbstbestimmung<\/strong>. Es ist die Entscheidung, die eigene Kraft zu bewahren, statt sie zu verlieren.Der Reizschirm erinnert daran: <strong>Ich darf mich sch&uuml;tzen.<\/strong> <strong>Ich darf Grenzen setzen.<\/strong> <strong>Ich darf mir Raum nehmen.<\/strong> Und genau das macht mich handlungsf&auml;hig.<\/p>\n","protected":false},"excerpt":{"rendered":"<p>Selbstschutz gegen \u00e4u\u00dfere Einfl\u00fcsse bedeutet, die eigene Energie, Identit\u00e4t und innere Stabilit\u00e4t zu bewahren \u2013 k\u00f6rperlich, emotional, sozial und kognitiv. F\u00fcr Menschen mit neurologischen Herausforderungen ist das besonders wichtig, weil Reiz\u00fcberflutung, Fremderwartungen und unklare Grenzen schnell zu Ersch\u00f6pfung f\u00fchren. Was Selbstschutz wirklich umfasst 1. K\u00f6rperliche Ebene \u2014 Reize filtern, Energie sch\u00fctzen 2. Emotionale Ebene \u2014 &#8230; <a title=\"Selbstschutz gegen \u00e4u\u00dfere Einfl\u00fcsse\" class=\"read-more\" href=\"https:\/\/www.vitalibera.org\/community\/2026\/04\/10\/selbstschutz-gegen-aeussere-einfluesse\/\" aria-label=\"Mehr Informationen \u00fcber Selbstschutz gegen \u00e4u\u00dfere Einfl\u00fcsse\">Weiterlesen<\/a><\/p>\n","protected":false},"author":2,"featured_media":6640,"comment_status":"open","ping_status":"open","sticky":false,"template":"","format":"standard","meta":{"cybocfi_hide_featured_image":"yes","_jetpack_memberships_contains_paid_content":false,"footnotes":""},"categories":[206,70,160],"tags":[],"class_list":["post-6639","post","type-post","status-publish","format-standard","has-post-thumbnail","hentry","category-selbstschutz","category-strategien","category-therapien"],"yoast_head":"<!-- This site is optimized with the Yoast SEO plugin v27.4 - https:\/\/yoast.com\/product\/yoast-seo-wordpress\/ -->\r\n<title>Selbstschutz gegen \u00e4u\u00dfere Einfl\u00fcsse - vitalibera.org<\/title>\r\n<meta name=\"robots\" content=\"index, follow, max-snippet:-1, max-image-preview:large, max-video-preview:-1\" \/>\r\n<link rel=\"canonical\" href=\"https:\/\/www.vitalibera.org\/community\/2026\/04\/10\/selbstschutz-gegen-aeussere-einfluesse\/\" \/>\r\n<meta property=\"og:locale\" content=\"de_DE\" \/>\r\n<meta property=\"og:type\" content=\"article\" \/>\r\n<meta property=\"og:title\" content=\"Selbstschutz gegen \u00e4u\u00dfere Einfl\u00fcsse - vitalibera.org\" \/>\r\n<meta property=\"og:description\" content=\"Selbstschutz gegen \u00e4u\u00dfere Einfl\u00fcsse bedeutet, die eigene Energie, Identit\u00e4t und innere Stabilit\u00e4t zu bewahren \u2013 k\u00f6rperlich, emotional, sozial und kognitiv. F\u00fcr Menschen mit neurologischen Herausforderungen ist das besonders wichtig, weil Reiz\u00fcberflutung, Fremderwartungen und unklare Grenzen schnell zu Ersch\u00f6pfung f\u00fchren. Was Selbstschutz wirklich umfasst 1. K\u00f6rperliche Ebene \u2014 Reize filtern, Energie sch\u00fctzen 2. Emotionale Ebene \u2014 ... Weiterlesen\" \/>\r\n<meta property=\"og:url\" content=\"https:\/\/www.vitalibera.org\/community\/2026\/04\/10\/selbstschutz-gegen-aeussere-einfluesse\/\" \/>\r\n<meta property=\"og:site_name\" content=\"vitalibera.org\" \/>\r\n<meta property=\"article:publisher\" content=\"https:\/\/www.facebook.com\/groups\/2997085857140235\" \/>\r\n<meta property=\"article:published_time\" content=\"2026-04-10T15:21:26+00:00\" \/>\r\n<meta property=\"article:modified_time\" content=\"2026-04-10T15:27:50+00:00\" \/>\r\n<meta property=\"og:image\" content=\"https:\/\/www.vitalibera.org\/community\/wp-content\/uploads\/2026\/04\/reitz832.png\" \/>\r\n\t<meta property=\"og:image:width\" content=\"600\" \/>\r\n\t<meta property=\"og:image:height\" content=\"353\" \/>\r\n\t<meta property=\"og:image:type\" content=\"image\/png\" \/>\r\n<meta name=\"author\" content=\"Andreas Jecklin\" \/>\r\n<meta name=\"twitter:card\" content=\"summary_large_image\" \/>\r\n<meta name=\"twitter:label1\" content=\"Verfasst von\" \/>\n\t<meta name=\"twitter:data1\" content=\"Andreas Jecklin\" \/>\n\t<meta name=\"twitter:label2\" content=\"Gesch\u00e4tzte Lesezeit\" \/>\n\t<meta name=\"twitter:data2\" content=\"3\u00a0Minuten\" \/>\r\n<script type=\"application\/ld+json\" class=\"yoast-schema-graph\">{\"@context\":\"https:\\\/\\\/schema.org\",\"@graph\":[{\"@type\":\"Article\",\"@id\":\"https:\\\/\\\/www.vitalibera.org\\\/community\\\/2026\\\/04\\\/10\\\/selbstschutz-gegen-aeussere-einfluesse\\\/#article\",\"isPartOf\":{\"@id\":\"https:\\\/\\\/www.vitalibera.org\\\/community\\\/2026\\\/04\\\/10\\\/selbstschutz-gegen-aeussere-einfluesse\\\/\"},\"author\":{\"name\":\"Andreas Jecklin\",\"@id\":\"https:\\\/\\\/www.vitalibera.org\\\/community\\\/#\\\/schema\\\/person\\\/6712387298421f222ff6d0a2e22c1534\"},\"headline\":\"Selbstschutz gegen \u00e4u\u00dfere Einfl\u00fcsse\",\"datePublished\":\"2026-04-10T15:21:26+00:00\",\"dateModified\":\"2026-04-10T15:27:50+00:00\",\"mainEntityOfPage\":{\"@id\":\"https:\\\/\\\/www.vitalibera.org\\\/community\\\/2026\\\/04\\\/10\\\/selbstschutz-gegen-aeussere-einfluesse\\\/\"},\"wordCount\":424,\"commentCount\":1,\"publisher\":{\"@id\":\"https:\\\/\\\/www.vitalibera.org\\\/community\\\/#organization\"},\"image\":{\"@id\":\"https:\\\/\\\/www.vitalibera.org\\\/community\\\/2026\\\/04\\\/10\\\/selbstschutz-gegen-aeussere-einfluesse\\\/#primaryimage\"},\"thumbnailUrl\":\"https:\\\/\\\/www.vitalibera.org\\\/community\\\/wp-content\\\/uploads\\\/2026\\\/04\\\/reitz832.png\",\"articleSection\":[\"Selbstschutz\",\"Strategien\",\"Therapien\"],\"inLanguage\":\"de\",\"potentialAction\":[{\"@type\":\"CommentAction\",\"name\":\"Comment\",\"target\":[\"https:\\\/\\\/www.vitalibera.org\\\/community\\\/2026\\\/04\\\/10\\\/selbstschutz-gegen-aeussere-einfluesse\\\/#respond\"]}]},{\"@type\":\"WebPage\",\"@id\":\"https:\\\/\\\/www.vitalibera.org\\\/community\\\/2026\\\/04\\\/10\\\/selbstschutz-gegen-aeussere-einfluesse\\\/\",\"url\":\"https:\\\/\\\/www.vitalibera.org\\\/community\\\/2026\\\/04\\\/10\\\/selbstschutz-gegen-aeussere-einfluesse\\\/\",\"name\":\"Selbstschutz gegen \u00e4u\u00dfere Einfl\u00fcsse - vitalibera.org\",\"isPartOf\":{\"@id\":\"https:\\\/\\\/www.vitalibera.org\\\/community\\\/#website\"},\"primaryImageOfPage\":{\"@id\":\"https:\\\/\\\/www.vitalibera.org\\\/community\\\/2026\\\/04\\\/10\\\/selbstschutz-gegen-aeussere-einfluesse\\\/#primaryimage\"},\"image\":{\"@id\":\"https:\\\/\\\/www.vitalibera.org\\\/community\\\/2026\\\/04\\\/10\\\/selbstschutz-gegen-aeussere-einfluesse\\\/#primaryimage\"},\"thumbnailUrl\":\"https:\\\/\\\/www.vitalibera.org\\\/community\\\/wp-content\\\/uploads\\\/2026\\\/04\\\/reitz832.png\",\"datePublished\":\"2026-04-10T15:21:26+00:00\",\"dateModified\":\"2026-04-10T15:27:50+00:00\",\"breadcrumb\":{\"@id\":\"https:\\\/\\\/www.vitalibera.org\\\/community\\\/2026\\\/04\\\/10\\\/selbstschutz-gegen-aeussere-einfluesse\\\/#breadcrumb\"},\"inLanguage\":\"de\",\"potentialAction\":[{\"@type\":\"ReadAction\",\"target\":[\"https:\\\/\\\/www.vitalibera.org\\\/community\\\/2026\\\/04\\\/10\\\/selbstschutz-gegen-aeussere-einfluesse\\\/\"]}]},{\"@type\":\"BreadcrumbList\",\"@id\":\"https:\\\/\\\/www.vitalibera.org\\\/community\\\/2026\\\/04\\\/10\\\/selbstschutz-gegen-aeussere-einfluesse\\\/#breadcrumb\",\"itemListElement\":[{\"@type\":\"ListItem\",\"position\":1,\"name\":\"Startseite\",\"item\":\"https:\\\/\\\/www.vitalibera.org\\\/community\\\/\"},{\"@type\":\"ListItem\",\"position\":2,\"name\":\"Selbstschutz gegen \u00e4u\u00dfere Einfl\u00fcsse\"}]},{\"@type\":\"WebSite\",\"@id\":\"https:\\\/\\\/www.vitalibera.org\\\/community\\\/#website\",\"url\":\"https:\\\/\\\/www.vitalibera.org\\\/community\\\/\",\"name\":\"vitalibera.org\",\"description\":\"Mit einer Einschr&auml;nkung gestaltet sich das Leben im Alltag oft schwieriger - hier berichten wir &uuml;ber unsere Erfahrungen und Hilfsmittel um den Alltag so unbeschwert und unkompliziert wie nur m&ouml;glich geniessen zu k&ouml;nnen. Dabei richten wir unseren Fokus gezielt auf Selbst&auml;ndigkeit, Eigenst&auml;ndigkeit und Selbstbestimmung.\",\"publisher\":{\"@id\":\"https:\\\/\\\/www.vitalibera.org\\\/community\\\/#organization\"},\"potentialAction\":[{\"@type\":\"SearchAction\",\"target\":{\"@type\":\"EntryPoint\",\"urlTemplate\":\"https:\\\/\\\/www.vitalibera.org\\\/community\\\/?s={search_term_string}\"},\"query-input\":{\"@type\":\"PropertyValueSpecification\",\"valueRequired\":true,\"valueName\":\"search_term_string\"}}],\"inLanguage\":\"de\"},{\"@type\":\"Organization\",\"@id\":\"https:\\\/\\\/www.vitalibera.org\\\/community\\\/#organization\",\"name\":\"vitalibera.org\",\"url\":\"https:\\\/\\\/www.vitalibera.org\\\/community\\\/\",\"logo\":{\"@type\":\"ImageObject\",\"inLanguage\":\"de\",\"@id\":\"https:\\\/\\\/www.vitalibera.org\\\/community\\\/#\\\/schema\\\/logo\\\/image\\\/\",\"url\":\"https:\\\/\\\/www.vitalibera.org\\\/community\\\/wp-content\\\/uploads\\\/2025\\\/09\\\/cropped-banner.png\",\"contentUrl\":\"https:\\\/\\\/www.vitalibera.org\\\/community\\\/wp-content\\\/uploads\\\/2025\\\/09\\\/cropped-banner.png\",\"width\":991,\"height\":150,\"caption\":\"vitalibera.org\"},\"image\":{\"@id\":\"https:\\\/\\\/www.vitalibera.org\\\/community\\\/#\\\/schema\\\/logo\\\/image\\\/\"},\"sameAs\":[\"https:\\\/\\\/www.facebook.com\\\/groups\\\/2997085857140235\"]},{\"@type\":\"Person\",\"@id\":\"https:\\\/\\\/www.vitalibera.org\\\/community\\\/#\\\/schema\\\/person\\\/6712387298421f222ff6d0a2e22c1534\",\"name\":\"Andreas Jecklin\",\"image\":{\"@type\":\"ImageObject\",\"inLanguage\":\"de\",\"@id\":\"https:\\\/\\\/secure.gravatar.com\\\/avatar\\\/ad516503a11cd5ca435acc9bb6523536?s=96\",\"url\":\"https:\\\/\\\/secure.gravatar.com\\\/avatar\\\/ad516503a11cd5ca435acc9bb6523536?s=96\",\"contentUrl\":\"https:\\\/\\\/secure.gravatar.com\\\/avatar\\\/ad516503a11cd5ca435acc9bb6523536?s=96\",\"caption\":\"Andreas Jecklin\"},\"description\":\"Manchen gab Gott die Kraft Dinge zu ver\u00e4ndern, mir gab er die Kraft zu ertragen was nicht mehr zu \u00e4ndern ist.\",\"url\":\"https:\\\/\\\/www.vitalibera.org\\\/community\\\/author\\\/andy77\\\/\"}]}<\/script>\r\n<!-- \/ Yoast SEO plugin. -->","yoast_head_json":{"title":"Selbstschutz gegen \u00e4u\u00dfere Einfl\u00fcsse - vitalibera.org","robots":{"index":"index","follow":"follow","max-snippet":"max-snippet:-1","max-image-preview":"max-image-preview:large","max-video-preview":"max-video-preview:-1"},"canonical":"https:\/\/www.vitalibera.org\/community\/2026\/04\/10\/selbstschutz-gegen-aeussere-einfluesse\/","og_locale":"de_DE","og_type":"article","og_title":"Selbstschutz gegen \u00e4u\u00dfere Einfl\u00fcsse - vitalibera.org","og_description":"Selbstschutz gegen \u00e4u\u00dfere Einfl\u00fcsse bedeutet, die eigene Energie, Identit\u00e4t und innere Stabilit\u00e4t zu bewahren \u2013 k\u00f6rperlich, emotional, sozial und kognitiv. F\u00fcr Menschen mit neurologischen Herausforderungen ist das besonders wichtig, weil Reiz\u00fcberflutung, Fremderwartungen und unklare Grenzen schnell zu Ersch\u00f6pfung f\u00fchren. Was Selbstschutz wirklich umfasst 1. K\u00f6rperliche Ebene \u2014 Reize filtern, Energie sch\u00fctzen 2. Emotionale Ebene \u2014 ... Weiterlesen","og_url":"https:\/\/www.vitalibera.org\/community\/2026\/04\/10\/selbstschutz-gegen-aeussere-einfluesse\/","og_site_name":"vitalibera.org","article_publisher":"https:\/\/www.facebook.com\/groups\/2997085857140235","article_published_time":"2026-04-10T15:21:26+00:00","article_modified_time":"2026-04-10T15:27:50+00:00","og_image":[{"width":600,"height":353,"url":"https:\/\/www.vitalibera.org\/community\/wp-content\/uploads\/2026\/04\/reitz832.png","type":"image\/png"}],"author":"Andreas Jecklin","twitter_card":"summary_large_image","twitter_misc":{"Verfasst von":"Andreas Jecklin","Gesch\u00e4tzte Lesezeit":"3\u00a0Minuten"},"schema":{"@context":"https:\/\/schema.org","@graph":[{"@type":"Article","@id":"https:\/\/www.vitalibera.org\/community\/2026\/04\/10\/selbstschutz-gegen-aeussere-einfluesse\/#article","isPartOf":{"@id":"https:\/\/www.vitalibera.org\/community\/2026\/04\/10\/selbstschutz-gegen-aeussere-einfluesse\/"},"author":{"name":"Andreas Jecklin","@id":"https:\/\/www.vitalibera.org\/community\/#\/schema\/person\/6712387298421f222ff6d0a2e22c1534"},"headline":"Selbstschutz gegen \u00e4u\u00dfere Einfl\u00fcsse","datePublished":"2026-04-10T15:21:26+00:00","dateModified":"2026-04-10T15:27:50+00:00","mainEntityOfPage":{"@id":"https:\/\/www.vitalibera.org\/community\/2026\/04\/10\/selbstschutz-gegen-aeussere-einfluesse\/"},"wordCount":424,"commentCount":1,"publisher":{"@id":"https:\/\/www.vitalibera.org\/community\/#organization"},"image":{"@id":"https:\/\/www.vitalibera.org\/community\/2026\/04\/10\/selbstschutz-gegen-aeussere-einfluesse\/#primaryimage"},"thumbnailUrl":"https:\/\/www.vitalibera.org\/community\/wp-content\/uploads\/2026\/04\/reitz832.png","articleSection":["Selbstschutz","Strategien","Therapien"],"inLanguage":"de","potentialAction":[{"@type":"CommentAction","name":"Comment","target":["https:\/\/www.vitalibera.org\/community\/2026\/04\/10\/selbstschutz-gegen-aeussere-einfluesse\/#respond"]}]},{"@type":"WebPage","@id":"https:\/\/www.vitalibera.org\/community\/2026\/04\/10\/selbstschutz-gegen-aeussere-einfluesse\/","url":"https:\/\/www.vitalibera.org\/community\/2026\/04\/10\/selbstschutz-gegen-aeussere-einfluesse\/","name":"Selbstschutz gegen \u00e4u\u00dfere Einfl\u00fcsse - vitalibera.org","isPartOf":{"@id":"https:\/\/www.vitalibera.org\/community\/#website"},"primaryImageOfPage":{"@id":"https:\/\/www.vitalibera.org\/community\/2026\/04\/10\/selbstschutz-gegen-aeussere-einfluesse\/#primaryimage"},"image":{"@id":"https:\/\/www.vitalibera.org\/community\/2026\/04\/10\/selbstschutz-gegen-aeussere-einfluesse\/#primaryimage"},"thumbnailUrl":"https:\/\/www.vitalibera.org\/community\/wp-content\/uploads\/2026\/04\/reitz832.png","datePublished":"2026-04-10T15:21:26+00:00","dateModified":"2026-04-10T15:27:50+00:00","breadcrumb":{"@id":"https:\/\/www.vitalibera.org\/community\/2026\/04\/10\/selbstschutz-gegen-aeussere-einfluesse\/#breadcrumb"},"inLanguage":"de","potentialAction":[{"@type":"ReadAction","target":["https:\/\/www.vitalibera.org\/community\/2026\/04\/10\/selbstschutz-gegen-aeussere-einfluesse\/"]}]},{"@type":"BreadcrumbList","@id":"https:\/\/www.vitalibera.org\/community\/2026\/04\/10\/selbstschutz-gegen-aeussere-einfluesse\/#breadcrumb","itemListElement":[{"@type":"ListItem","position":1,"name":"Startseite","item":"https:\/\/www.vitalibera.org\/community\/"},{"@type":"ListItem","position":2,"name":"Selbstschutz gegen \u00e4u\u00dfere Einfl\u00fcsse"}]},{"@type":"WebSite","@id":"https:\/\/www.vitalibera.org\/community\/#website","url":"https:\/\/www.vitalibera.org\/community\/","name":"vitalibera.org","description":"Mit einer Einschr&auml;nkung gestaltet sich das Leben im Alltag oft schwieriger - hier berichten wir &uuml;ber unsere Erfahrungen und Hilfsmittel um den Alltag so unbeschwert und unkompliziert wie nur m&ouml;glich geniessen zu k&ouml;nnen. Dabei richten wir unseren Fokus gezielt auf Selbst&auml;ndigkeit, Eigenst&auml;ndigkeit und Selbstbestimmung.","publisher":{"@id":"https:\/\/www.vitalibera.org\/community\/#organization"},"potentialAction":[{"@type":"SearchAction","target":{"@type":"EntryPoint","urlTemplate":"https:\/\/www.vitalibera.org\/community\/?s={search_term_string}"},"query-input":{"@type":"PropertyValueSpecification","valueRequired":true,"valueName":"search_term_string"}}],"inLanguage":"de"},{"@type":"Organization","@id":"https:\/\/www.vitalibera.org\/community\/#organization","name":"vitalibera.org","url":"https:\/\/www.vitalibera.org\/community\/","logo":{"@type":"ImageObject","inLanguage":"de","@id":"https:\/\/www.vitalibera.org\/community\/#\/schema\/logo\/image\/","url":"https:\/\/www.vitalibera.org\/community\/wp-content\/uploads\/2025\/09\/cropped-banner.png","contentUrl":"https:\/\/www.vitalibera.org\/community\/wp-content\/uploads\/2025\/09\/cropped-banner.png","width":991,"height":150,"caption":"vitalibera.org"},"image":{"@id":"https:\/\/www.vitalibera.org\/community\/#\/schema\/logo\/image\/"},"sameAs":["https:\/\/www.facebook.com\/groups\/2997085857140235"]},{"@type":"Person","@id":"https:\/\/www.vitalibera.org\/community\/#\/schema\/person\/6712387298421f222ff6d0a2e22c1534","name":"Andreas Jecklin","image":{"@type":"ImageObject","inLanguage":"de","@id":"https:\/\/secure.gravatar.com\/avatar\/ad516503a11cd5ca435acc9bb6523536?s=96","url":"https:\/\/secure.gravatar.com\/avatar\/ad516503a11cd5ca435acc9bb6523536?s=96","contentUrl":"https:\/\/secure.gravatar.com\/avatar\/ad516503a11cd5ca435acc9bb6523536?s=96","caption":"Andreas Jecklin"},"description":"Manchen gab Gott die Kraft Dinge zu ver\u00e4ndern, mir gab er die Kraft zu ertragen was nicht mehr zu \u00e4ndern ist.","url":"https:\/\/www.vitalibera.org\/community\/author\/andy77\/"}]}},"jetpack_featured_media_url":"https:\/\/www.vitalibera.org\/community\/wp-content\/uploads\/2026\/04\/reitz832.png","jetpack_sharing_enabled":true,"jetpack-related-posts":[],"_links":{"self":[{"href":"https:\/\/www.vitalibera.org\/community\/wp-json\/wp\/v2\/posts\/6639","targetHints":{"allow":["GET"]}}],"collection":[{"href":"https:\/\/www.vitalibera.org\/community\/wp-json\/wp\/v2\/posts"}],"about":[{"href":"https:\/\/www.vitalibera.org\/community\/wp-json\/wp\/v2\/types\/post"}],"author":[{"embeddable":true,"href":"https:\/\/www.vitalibera.org\/community\/wp-json\/wp\/v2\/users\/2"}],"replies":[{"embeddable":true,"href":"https:\/\/www.vitalibera.org\/community\/wp-json\/wp\/v2\/comments?post=6639"}],"version-history":[{"count":2,"href":"https:\/\/www.vitalibera.org\/community\/wp-json\/wp\/v2\/posts\/6639\/revisions"}],"predecessor-version":[{"id":6643,"href":"https:\/\/www.vitalibera.org\/community\/wp-json\/wp\/v2\/posts\/6639\/revisions\/6643"}],"wp:featuredmedia":[{"embeddable":true,"href":"https:\/\/www.vitalibera.org\/community\/wp-json\/wp\/v2\/media\/6640"}],"wp:attachment":[{"href":"https:\/\/www.vitalibera.org\/community\/wp-json\/wp\/v2\/media?parent=6639"}],"wp:term":[{"taxonomy":"category","embeddable":true,"href":"https:\/\/www.vitalibera.org\/community\/wp-json\/wp\/v2\/categories?post=6639"},{"taxonomy":"post_tag","embeddable":true,"href":"https:\/\/www.vitalibera.org\/community\/wp-json\/wp\/v2\/tags?post=6639"}],"curies":[{"name":"wp","href":"https:\/\/api.w.org\/{rel}","templated":true}]}}