{"id":6671,"date":"2026-04-11T16:00:37","date_gmt":"2026-04-11T14:00:37","guid":{"rendered":"https:\/\/www.vitalibera.org\/community\/?p=6671"},"modified":"2026-04-11T16:02:06","modified_gmt":"2026-04-11T14:02:06","slug":"neurologisch-anders-von-anfang-an-oder-ploetzlich","status":"publish","type":"post","link":"https:\/\/www.vitalibera.org\/community\/2026\/04\/11\/neurologisch-anders-von-anfang-an-oder-ploetzlich\/","title":{"rendered":"Neurologisch anders: von Anfang an oder pl\u00f6tzlich?"},"content":{"rendered":"\n<div class=\"wp-block-media-text is-stacked-on-mobile\"><figure class=\"wp-block-media-text__media\"><img fetchpriority=\"high\" decoding=\"async\" width=\"1024\" height=\"1024\" src=\"https:\/\/www.vitalibera.org\/community\/wp-content\/uploads\/2026\/04\/Copilot_20260411_155844.png\" alt=\"\" class=\"wp-image-6673 size-full\" srcset=\"https:\/\/www.vitalibera.org\/community\/wp-content\/uploads\/2026\/04\/Copilot_20260411_155844.png 1024w, https:\/\/www.vitalibera.org\/community\/wp-content\/uploads\/2026\/04\/Copilot_20260411_155844-300x300.png 300w, https:\/\/www.vitalibera.org\/community\/wp-content\/uploads\/2026\/04\/Copilot_20260411_155844-150x150.png 150w, https:\/\/www.vitalibera.org\/community\/wp-content\/uploads\/2026\/04\/Copilot_20260411_155844-768x768.png 768w\" sizes=\"(max-width: 1024px) 100vw, 1024px\" \/><\/figure><div class=\"wp-block-media-text__content\">\n<p>Neurologische Einschr&auml;nkungen k&ouml;nnen sehr unterschiedlich entstehen &ndash; manche Menschen kommen bereits damit zur Welt, andere erwerben sie erst im Laufe ihres Lebens durch Unfall, Krankheit oder eine <a href=\"https:\/\/www.vitalibera.org\/community\/enzyklopaedie\/hirnverletzung\/\" target=\"_self\" title=\"Eine Hirnverletzung (oft als&nbsp;Sch&auml;del-Hirn-Trauma, SHT) ist eine&nbsp;Sch&auml;digung des Gehirns, verursacht durch &auml;u&szlig;ere Gewalteinwirkung (Unfall, Sturz) oder innere Faktoren (Schlaganfall, Tumor). Sie f&uuml;hrt zu k&ouml;rperlichen, kognitiven und verhaltensbezogenen Einschr&auml;nkungen, die oft unsichtbar bleiben. Symptome reichen von Kopfschmerzen bis zu schweren Behinderungen. Wichtige Aspekte der Hirnverletzung: Ursachen:&nbsp;H&auml;ufig durch Schlaganf&auml;lle, Hirnblutungen, Sauerstoffmangel oder St&uuml;rze\/Verkehrsunf&auml;lle (Sch&auml;del-Hirn-Trauma). Formen (SHT):&nbsp;Unterscheidung in&hellip;\" class=\"encyclopedia\">Hirnverletzung<\/a>. <\/p>\n\n\n\n<p>Dieser Unterschied ist wichtig, weil er bestimmt, wie das Gehirn sich entwickelt, wie der Alltag erlebt wird und welche Art von Unterst&uuml;tzung hilfreich ist. W&auml;hrend angeborene Einschr&auml;nkungen von Anfang an Teil der eigenen Lebensrealit&auml;t sind, bedeuten erworbene Einschr&auml;nkungen oft eine pl&ouml;tzliche Ver&auml;nderung, die neue Wege, neues Lernen und manchmal auch ein neues Selbstbild erfordert. Beide Wege sind herausfordernd &ndash; aber sie sind grundverschieden.<\/p>\n<\/div><\/div>\n\n\n\n<p>Der Unterschied zwischen <em>angeboren<\/em> und <em>erworben<\/em> ist bei neurologischen Einschr&auml;nkungen besonders wichtig, weil er bestimmt, wie Gehirn, Identit&auml;t und Alltag damit umgehen.<\/p>\n\n\n\n<h5 class=\"wp-block-heading\"><strong>Angeborene neurologische Einschr&auml;nkung<\/strong><\/h5>\n\n\n\n<p>(z.&#8239;B. <a href=\"https:\/\/www.vitalibera.org\/community\/enzyklopaedie\/zerebralparese\/\" target=\"_self\" title=\"Zerebralparese (CP) ist eine&nbsp;Gruppe von neurologischen Erkrankungen, die durch eine nicht fortschreitende Sch&auml;digung des Gehirns vor, w&auml;hrend oder kurz nach der Geburt verursacht werden.&nbsp;Sie &auml;u&szlig;ert sich in motorischen St&ouml;rungen wie Muskelsteifheit (Spastik), Bewegungseinschr&auml;nkungen, Haltungsproblemen und Koordinationsschwierigkeiten, die lebenslang bestehen.&nbsp;Neben den motorischen Symptomen k&ouml;nnen auch andere Beeintr&auml;chtigungen wie Sprach-, Seh-, H&ouml;r- oder kognitive Probleme auftreten.&nbsp;&nbsp; Ursachen&hellip;\" class=\"encyclopedia\">Zerebralparese<\/a>, genetische Syndrome, fr&uuml;hkindliche Hirnsch&auml;digung)<\/p>\n\n\n\n<p><strong>Was bedeutet das?<\/strong> Das Gehirn entwickelt sich <strong>von Anfang an<\/strong> mit einer Besonderheit oder Sch&auml;digung.<\/p>\n\n\n\n<ul class=\"wp-block-list\">\n<li>Die Person <strong>kennt sich nie anders<\/strong> &ndash; kein Verlustgef&uuml;hl.<\/li>\n\n\n\n<li>Das Gehirn baut <strong>kompensierende Netzwerke<\/strong> schon w&auml;hrend der Entwicklung auf.<\/li>\n\n\n\n<li>Strategien, Routinen und Bewegungsmuster entstehen <strong>automatisch &uuml;ber die Jahre<\/strong>.<\/li>\n\n\n\n<li>Herausforderungen kommen oft von <strong>Barrieren im Umfeld<\/strong>, nicht vom Vergleich mit einem fr&uuml;heren Zustand.<\/li>\n\n\n\n<li>Emotionale Themen drehen sich eher um <strong>Autonomie, Teilhabe und Selbstbestimmung<\/strong>.<\/li>\n<\/ul>\n\n\n\n<p><strong>Alltagsbild:<\/strong> Ein Kind mit angeborener motorischer Einschr&auml;nkung lernt von Anfang an alternative Wege &ndash; Greifen, Fortbewegen, Kommunizieren.<\/p>\n\n\n\n<h5 class=\"wp-block-heading\"><strong>Erworbene neurologische Einschr&auml;nkung<\/strong><\/h5>\n\n\n\n<p>(z.&#8239;B. <a href=\"https:\/\/www.vitalibera.org\/community\/enzyklopaedie\/schlaganfall\/\" target=\"_self\" title=\"Ein Schlaganfall, auch Hirnschlag oder Apoplex genannt, ist eine&nbsp;pl&ouml;tzlich auftretende Durchblutungsst&ouml;rung im Gehirn, die dazu f&uuml;hrt, dass Gehirnzellen nicht mehr ausreichend mit Sauerstoff und N&auml;hrstoffen versorgt werden.&nbsp;Dies kann zu bleibenden Sch&auml;den oder sogar zum Absterben von Hirnzellen f&uuml;hren, wenn die Durchblutung nicht schnell wiederhergestellt wird.&nbsp; Einfach erkl&auml;rt: Stellen Sie sich vor, ein Teil Ihres Gehirns&hellip;\" class=\"encyclopedia\">Schlaganfall<\/a>, <a href=\"https:\/\/www.vitalibera.org\/community\/enzyklopaedie\/schaedel-hirn-trauma-sht\/\" target=\"_self\" title=\"Sch&auml;del-Hirn-Trauma (SHT), eine Verletzung des Sch&auml;dels und\/oder des Gehirns, die durch eine Gewalteinwirkung verursacht wird.&nbsp;SHTs reichen von leichten Formen wie Gehirnersch&uuml;tterungen bis hin zu schweren Verletzungen, die eine sofortige medizinische Behandlung erfordern und lebensbedrohlich sein k&ouml;nnen.&nbsp;M&ouml;gliche Folgen sind vor&uuml;bergehende oder dauerhafte Einschr&auml;nkungen der Hirnfunktion sowie Blutungen.&nbsp; Ursachen &Auml;u&szlig;ere Krafteinwirkung auf den Kopf Unf&auml;lle und St&uuml;rze&hellip;\" class=\"encyclopedia\">Sch&auml;del-Hirn-Trauma<\/a>, MS-Schub, <a href=\"https:\/\/www.vitalibera.org\/community\/enzyklopaedie\/hypoxie\/\" target=\"_self\" title=\"Hypoxie oder Sauerstoffmangel bezeichnet eine den ganzen K&ouml;rper eines Lebewesens oder Teile davon betreffende Mangelversorgung mit Sauerstoff.\" class=\"encyclopedia\">Hypoxie<\/a>, Tumorfolgen)<\/p>\n\n\n\n<p><strong>Was bedeutet das?<\/strong> Das Gehirn war vorher <strong>voll funktionsf&auml;hig<\/strong> und wird dann pl&ouml;tzlich oder schleichend beeintr&auml;chtigt.<\/p>\n\n\n\n<ul class=\"wp-block-list\">\n<li>Es gibt ein <strong>Vorher<\/strong> und ein <strong>Nachher<\/strong>.<\/li>\n\n\n\n<li>F&auml;higkeiten gehen verloren &ndash; das erzeugt oft <strong>Trauer, Wut, Identit&auml;tskrisen<\/strong>.<\/li>\n\n\n\n<li>Das Gehirn muss <strong>neu lernen<\/strong>, was fr&uuml;her selbstverst&auml;ndlich war (<a href=\"https:\/\/www.vitalibera.org\/community\/enzyklopaedie\/neuroplastizitaet\/\" target=\"_self\" title=\"Neuroplastizit&auml;t&nbsp;beschreibt die F&auml;higkeit des Gehirns, sich durch die gesamte Lebensspanne hinweg zu ver&auml;ndern, anzupassen und neue Verbindungen zwischen Nervenzellen zu bilden.&nbsp;Diese st&auml;ndige Umstrukturierung erm&ouml;glicht Lernen und Wachstum, spielt eine entscheidende Rolle bei der Genesung nach Hirnsch&auml;den wie Schlaganf&auml;llen und ist die Grundlage f&uuml;r die Entwicklung von F&auml;higkeiten und die Anpassung an die Umwelt.&nbsp;Regelm&auml;&szlig;iges &Uuml;ben und&hellip;\" class=\"encyclopedia\">Neuroplastizit&auml;t<\/a>).<\/li>\n\n\n\n<li>Alltag, Rollen, Beziehungen und Selbstbild geraten <strong>durcheinander<\/strong>.<\/li>\n\n\n\n<li>Das Umfeld muss sich <strong>mitver&auml;ndern<\/strong>, was oft zu &Uuml;berbeh&uuml;tung oder Unsicherheit f&uuml;hrt.<\/li>\n<\/ul>\n\n\n\n<p><strong>Alltagsbild:<\/strong> Eine Person nach einem <a href=\"https:\/\/www.vitalibera.org\/community\/enzyklopaedie\/schlaganfall\/\" target=\"_self\" title=\"Ein Schlaganfall, auch Hirnschlag oder Apoplex genannt, ist eine&nbsp;pl&ouml;tzlich auftretende Durchblutungsst&ouml;rung im Gehirn, die dazu f&uuml;hrt, dass Gehirnzellen nicht mehr ausreichend mit Sauerstoff und N&auml;hrstoffen versorgt werden.&nbsp;Dies kann zu bleibenden Sch&auml;den oder sogar zum Absterben von Hirnzellen f&uuml;hren, wenn die Durchblutung nicht schnell wiederhergestellt wird.&nbsp; Einfach erkl&auml;rt: Stellen Sie sich vor, ein Teil Ihres Gehirns&hellip;\" class=\"encyclopedia\">Schlaganfall<\/a> muss Sprache, Aufmerksamkeit, Motorik oder Alltagsschritte neu aufbauen &ndash; und gleichzeitig den Verlust des fr&uuml;heren Lebens verarbeiten.<\/p>\n\n\n\n<div class=\"wp-block-media-text is-stacked-on-mobile\"><figure class=\"wp-block-media-text__media\"><img decoding=\"async\" width=\"800\" height=\"800\" src=\"http:\/\/www.vitalibera.org\/community\/wp-content\/uploads\/2026\/03\/bc8dd8359666dc99305c3f310d264466.jpg\" alt=\"\" class=\"wp-image-6152 size-full\" srcset=\"https:\/\/www.vitalibera.org\/community\/wp-content\/uploads\/2026\/03\/bc8dd8359666dc99305c3f310d264466.jpg 800w, https:\/\/www.vitalibera.org\/community\/wp-content\/uploads\/2026\/03\/bc8dd8359666dc99305c3f310d264466-300x300.jpg 300w, https:\/\/www.vitalibera.org\/community\/wp-content\/uploads\/2026\/03\/bc8dd8359666dc99305c3f310d264466-150x150.jpg 150w, https:\/\/www.vitalibera.org\/community\/wp-content\/uploads\/2026\/03\/bc8dd8359666dc99305c3f310d264466-768x768.jpg 768w\" sizes=\"(max-width: 800px) 100vw, 800px\" \/><\/figure><div class=\"wp-block-media-text__content\">\n<p><strong>Der Kernunterschied bei neurologischen Erkrankungen<\/strong><\/p>\n\n\n\n<ul class=\"wp-block-list\">\n<li><strong>Angeboren:<\/strong> Das Gehirn entwickelt sich <em>mit<\/em> der Besonderheit.<\/li>\n\n\n\n<li><strong>Erworben:<\/strong> Das Gehirn muss sich <em>nachtr&auml;glich<\/em> an eine Ver&auml;nderung anpassen.<\/li>\n<\/ul>\n\n\n\n<p>Beides ist neurologisch komplex &ndash; aber die psychologische, soziale und rehabilitative Reise ist komplett unterschiedlich.<\/p>\n<\/div><\/div>\n\n\n\n<p><\/p>\n","protected":false},"excerpt":{"rendered":"<p>Neurologische Einschr\u00e4nkungen k\u00f6nnen sehr unterschiedlich entstehen \u2013 manche Menschen kommen bereits damit zur Welt, andere erwerben sie erst im Laufe ihres Lebens durch Unfall, Krankheit oder eine Hirnverletzung. Dieser Unterschied ist wichtig, weil er bestimmt, wie das Gehirn sich entwickelt, wie der Alltag erlebt wird und welche Art von Unterst\u00fctzung hilfreich ist. W\u00e4hrend angeborene Einschr\u00e4nkungen &#8230; <a title=\"Neurologisch anders: von Anfang an oder pl\u00f6tzlich?\" class=\"read-more\" href=\"https:\/\/www.vitalibera.org\/community\/2026\/04\/11\/neurologisch-anders-von-anfang-an-oder-ploetzlich\/\" aria-label=\"Mehr Informationen \u00fcber Neurologisch anders: von Anfang an oder pl\u00f6tzlich?\">Weiterlesen<\/a><\/p>\n","protected":false},"author":2,"featured_media":6673,"comment_status":"open","ping_status":"open","sticky":false,"template":"","format":"standard","meta":{"cybocfi_hide_featured_image":"yes","_jetpack_memberships_contains_paid_content":false,"footnotes":""},"categories":[159,225,461],"tags":[],"class_list":["post-6671","post","type-post","status-publish","format-standard","has-post-thumbnail","hentry","category-fachwissen","category-hilfe-fuer-angehoerige","category-hilfe-fuer-kinder-von-betroffenen"],"yoast_head":"<!-- This site is optimized with the Yoast SEO plugin v27.4 - https:\/\/yoast.com\/product\/yoast-seo-wordpress\/ -->\r\n<title>Neurologisch anders: von Anfang an oder pl\u00f6tzlich? - vitalibera.org<\/title>\r\n<meta name=\"robots\" content=\"index, follow, max-snippet:-1, max-image-preview:large, max-video-preview:-1\" \/>\r\n<link rel=\"canonical\" href=\"http:\/\/www.vitalibera.org\/community\/2026\/04\/11\/neurologisch-anders-von-anfang-an-oder-ploetzlich\/\" \/>\r\n<meta property=\"og:locale\" content=\"de_DE\" \/>\r\n<meta property=\"og:type\" content=\"article\" \/>\r\n<meta property=\"og:title\" content=\"Neurologisch anders: von Anfang an oder pl\u00f6tzlich? - vitalibera.org\" \/>\r\n<meta property=\"og:description\" content=\"Neurologische Einschr\u00e4nkungen k\u00f6nnen sehr unterschiedlich entstehen \u2013 manche Menschen kommen bereits damit zur Welt, andere erwerben sie erst im Laufe ihres Lebens durch Unfall, Krankheit oder eine Hirnverletzung. Dieser Unterschied ist wichtig, weil er bestimmt, wie das Gehirn sich entwickelt, wie der Alltag erlebt wird und welche Art von Unterst\u00fctzung hilfreich ist. W\u00e4hrend angeborene Einschr\u00e4nkungen ... Weiterlesen\" \/>\r\n<meta property=\"og:url\" content=\"http:\/\/www.vitalibera.org\/community\/2026\/04\/11\/neurologisch-anders-von-anfang-an-oder-ploetzlich\/\" \/>\r\n<meta property=\"og:site_name\" content=\"vitalibera.org\" \/>\r\n<meta property=\"article:publisher\" content=\"https:\/\/www.facebook.com\/groups\/2997085857140235\" \/>\r\n<meta property=\"article:published_time\" content=\"2026-04-11T14:00:37+00:00\" \/>\r\n<meta property=\"article:modified_time\" content=\"2026-04-11T14:02:06+00:00\" \/>\r\n<meta property=\"og:image\" content=\"http:\/\/www.vitalibera.org\/community\/wp-content\/uploads\/2026\/04\/Copilot_20260411_155844.png\" \/>\r\n\t<meta property=\"og:image:width\" content=\"1024\" \/>\r\n\t<meta property=\"og:image:height\" content=\"1024\" \/>\r\n\t<meta property=\"og:image:type\" content=\"image\/png\" \/>\r\n<meta name=\"author\" content=\"Andreas Jecklin\" \/>\r\n<meta name=\"twitter:card\" content=\"summary_large_image\" \/>\r\n<meta name=\"twitter:label1\" content=\"Verfasst von\" \/>\n\t<meta name=\"twitter:data1\" content=\"Andreas Jecklin\" \/>\n\t<meta name=\"twitter:label2\" content=\"Gesch\u00e4tzte Lesezeit\" \/>\n\t<meta name=\"twitter:data2\" content=\"3\u00a0Minuten\" \/>\r\n<script type=\"application\/ld+json\" class=\"yoast-schema-graph\">{\"@context\":\"https:\\\/\\\/schema.org\",\"@graph\":[{\"@type\":\"Article\",\"@id\":\"http:\\\/\\\/www.vitalibera.org\\\/community\\\/2026\\\/04\\\/11\\\/neurologisch-anders-von-anfang-an-oder-ploetzlich\\\/#article\",\"isPartOf\":{\"@id\":\"http:\\\/\\\/www.vitalibera.org\\\/community\\\/2026\\\/04\\\/11\\\/neurologisch-anders-von-anfang-an-oder-ploetzlich\\\/\"},\"author\":{\"name\":\"Andreas Jecklin\",\"@id\":\"https:\\\/\\\/www.vitalibera.org\\\/community\\\/#\\\/schema\\\/person\\\/6712387298421f222ff6d0a2e22c1534\"},\"headline\":\"Neurologisch anders: von Anfang an oder pl\u00f6tzlich?\",\"datePublished\":\"2026-04-11T14:00:37+00:00\",\"dateModified\":\"2026-04-11T14:02:06+00:00\",\"mainEntityOfPage\":{\"@id\":\"http:\\\/\\\/www.vitalibera.org\\\/community\\\/2026\\\/04\\\/11\\\/neurologisch-anders-von-anfang-an-oder-ploetzlich\\\/\"},\"wordCount\":376,\"commentCount\":0,\"publisher\":{\"@id\":\"https:\\\/\\\/www.vitalibera.org\\\/community\\\/#organization\"},\"image\":{\"@id\":\"http:\\\/\\\/www.vitalibera.org\\\/community\\\/2026\\\/04\\\/11\\\/neurologisch-anders-von-anfang-an-oder-ploetzlich\\\/#primaryimage\"},\"thumbnailUrl\":\"https:\\\/\\\/www.vitalibera.org\\\/community\\\/wp-content\\\/uploads\\\/2026\\\/04\\\/Copilot_20260411_155844.png\",\"articleSection\":[\"Fachwissen\",\"Hilfe f\u00fcr Angeh\u00f6rige\",\"Hilfe f\u00fcr Kinder von Betroffenen\"],\"inLanguage\":\"de\",\"potentialAction\":[{\"@type\":\"CommentAction\",\"name\":\"Comment\",\"target\":[\"http:\\\/\\\/www.vitalibera.org\\\/community\\\/2026\\\/04\\\/11\\\/neurologisch-anders-von-anfang-an-oder-ploetzlich\\\/#respond\"]}]},{\"@type\":\"WebPage\",\"@id\":\"http:\\\/\\\/www.vitalibera.org\\\/community\\\/2026\\\/04\\\/11\\\/neurologisch-anders-von-anfang-an-oder-ploetzlich\\\/\",\"url\":\"http:\\\/\\\/www.vitalibera.org\\\/community\\\/2026\\\/04\\\/11\\\/neurologisch-anders-von-anfang-an-oder-ploetzlich\\\/\",\"name\":\"Neurologisch anders: von Anfang an oder pl\u00f6tzlich? - vitalibera.org\",\"isPartOf\":{\"@id\":\"https:\\\/\\\/www.vitalibera.org\\\/community\\\/#website\"},\"primaryImageOfPage\":{\"@id\":\"http:\\\/\\\/www.vitalibera.org\\\/community\\\/2026\\\/04\\\/11\\\/neurologisch-anders-von-anfang-an-oder-ploetzlich\\\/#primaryimage\"},\"image\":{\"@id\":\"http:\\\/\\\/www.vitalibera.org\\\/community\\\/2026\\\/04\\\/11\\\/neurologisch-anders-von-anfang-an-oder-ploetzlich\\\/#primaryimage\"},\"thumbnailUrl\":\"https:\\\/\\\/www.vitalibera.org\\\/community\\\/wp-content\\\/uploads\\\/2026\\\/04\\\/Copilot_20260411_155844.png\",\"datePublished\":\"2026-04-11T14:00:37+00:00\",\"dateModified\":\"2026-04-11T14:02:06+00:00\",\"breadcrumb\":{\"@id\":\"http:\\\/\\\/www.vitalibera.org\\\/community\\\/2026\\\/04\\\/11\\\/neurologisch-anders-von-anfang-an-oder-ploetzlich\\\/#breadcrumb\"},\"inLanguage\":\"de\",\"potentialAction\":[{\"@type\":\"ReadAction\",\"target\":[\"http:\\\/\\\/www.vitalibera.org\\\/community\\\/2026\\\/04\\\/11\\\/neurologisch-anders-von-anfang-an-oder-ploetzlich\\\/\"]}]},{\"@type\":\"BreadcrumbList\",\"@id\":\"http:\\\/\\\/www.vitalibera.org\\\/community\\\/2026\\\/04\\\/11\\\/neurologisch-anders-von-anfang-an-oder-ploetzlich\\\/#breadcrumb\",\"itemListElement\":[{\"@type\":\"ListItem\",\"position\":1,\"name\":\"Startseite\",\"item\":\"https:\\\/\\\/www.vitalibera.org\\\/community\\\/\"},{\"@type\":\"ListItem\",\"position\":2,\"name\":\"Neurologisch anders: von Anfang an oder pl\u00f6tzlich?\"}]},{\"@type\":\"WebSite\",\"@id\":\"https:\\\/\\\/www.vitalibera.org\\\/community\\\/#website\",\"url\":\"https:\\\/\\\/www.vitalibera.org\\\/community\\\/\",\"name\":\"vitalibera.org\",\"description\":\"Mit einer Einschr&auml;nkung gestaltet sich das Leben im Alltag oft schwieriger - hier berichten wir &uuml;ber unsere Erfahrungen und Hilfsmittel um den Alltag so unbeschwert und unkompliziert wie nur m&ouml;glich geniessen zu k&ouml;nnen. Dabei richten wir unseren Fokus gezielt auf Selbst&auml;ndigkeit, Eigenst&auml;ndigkeit und Selbstbestimmung.\",\"publisher\":{\"@id\":\"https:\\\/\\\/www.vitalibera.org\\\/community\\\/#organization\"},\"potentialAction\":[{\"@type\":\"SearchAction\",\"target\":{\"@type\":\"EntryPoint\",\"urlTemplate\":\"https:\\\/\\\/www.vitalibera.org\\\/community\\\/?s={search_term_string}\"},\"query-input\":{\"@type\":\"PropertyValueSpecification\",\"valueRequired\":true,\"valueName\":\"search_term_string\"}}],\"inLanguage\":\"de\"},{\"@type\":\"Organization\",\"@id\":\"https:\\\/\\\/www.vitalibera.org\\\/community\\\/#organization\",\"name\":\"vitalibera.org\",\"url\":\"https:\\\/\\\/www.vitalibera.org\\\/community\\\/\",\"logo\":{\"@type\":\"ImageObject\",\"inLanguage\":\"de\",\"@id\":\"https:\\\/\\\/www.vitalibera.org\\\/community\\\/#\\\/schema\\\/logo\\\/image\\\/\",\"url\":\"https:\\\/\\\/www.vitalibera.org\\\/community\\\/wp-content\\\/uploads\\\/2025\\\/09\\\/cropped-banner.png\",\"contentUrl\":\"https:\\\/\\\/www.vitalibera.org\\\/community\\\/wp-content\\\/uploads\\\/2025\\\/09\\\/cropped-banner.png\",\"width\":991,\"height\":150,\"caption\":\"vitalibera.org\"},\"image\":{\"@id\":\"https:\\\/\\\/www.vitalibera.org\\\/community\\\/#\\\/schema\\\/logo\\\/image\\\/\"},\"sameAs\":[\"https:\\\/\\\/www.facebook.com\\\/groups\\\/2997085857140235\"]},{\"@type\":\"Person\",\"@id\":\"https:\\\/\\\/www.vitalibera.org\\\/community\\\/#\\\/schema\\\/person\\\/6712387298421f222ff6d0a2e22c1534\",\"name\":\"Andreas Jecklin\",\"image\":{\"@type\":\"ImageObject\",\"inLanguage\":\"de\",\"@id\":\"https:\\\/\\\/secure.gravatar.com\\\/avatar\\\/ad516503a11cd5ca435acc9bb6523536?s=96\",\"url\":\"https:\\\/\\\/secure.gravatar.com\\\/avatar\\\/ad516503a11cd5ca435acc9bb6523536?s=96\",\"contentUrl\":\"https:\\\/\\\/secure.gravatar.com\\\/avatar\\\/ad516503a11cd5ca435acc9bb6523536?s=96\",\"caption\":\"Andreas Jecklin\"},\"description\":\"Manchen gab Gott die Kraft Dinge zu ver\u00e4ndern, mir gab er die Kraft zu ertragen was nicht mehr zu \u00e4ndern ist.\",\"url\":\"https:\\\/\\\/www.vitalibera.org\\\/community\\\/author\\\/andy77\\\/\"}]}<\/script>\r\n<!-- \/ Yoast SEO plugin. -->","yoast_head_json":{"title":"Neurologisch anders: von Anfang an oder pl\u00f6tzlich? - vitalibera.org","robots":{"index":"index","follow":"follow","max-snippet":"max-snippet:-1","max-image-preview":"max-image-preview:large","max-video-preview":"max-video-preview:-1"},"canonical":"http:\/\/www.vitalibera.org\/community\/2026\/04\/11\/neurologisch-anders-von-anfang-an-oder-ploetzlich\/","og_locale":"de_DE","og_type":"article","og_title":"Neurologisch anders: von Anfang an oder pl\u00f6tzlich? - vitalibera.org","og_description":"Neurologische Einschr\u00e4nkungen k\u00f6nnen sehr unterschiedlich entstehen \u2013 manche Menschen kommen bereits damit zur Welt, andere erwerben sie erst im Laufe ihres Lebens durch Unfall, Krankheit oder eine Hirnverletzung. Dieser Unterschied ist wichtig, weil er bestimmt, wie das Gehirn sich entwickelt, wie der Alltag erlebt wird und welche Art von Unterst\u00fctzung hilfreich ist. W\u00e4hrend angeborene Einschr\u00e4nkungen ... Weiterlesen","og_url":"http:\/\/www.vitalibera.org\/community\/2026\/04\/11\/neurologisch-anders-von-anfang-an-oder-ploetzlich\/","og_site_name":"vitalibera.org","article_publisher":"https:\/\/www.facebook.com\/groups\/2997085857140235","article_published_time":"2026-04-11T14:00:37+00:00","article_modified_time":"2026-04-11T14:02:06+00:00","og_image":[{"width":1024,"height":1024,"url":"http:\/\/www.vitalibera.org\/community\/wp-content\/uploads\/2026\/04\/Copilot_20260411_155844.png","type":"image\/png"}],"author":"Andreas Jecklin","twitter_card":"summary_large_image","twitter_misc":{"Verfasst von":"Andreas Jecklin","Gesch\u00e4tzte Lesezeit":"3\u00a0Minuten"},"schema":{"@context":"https:\/\/schema.org","@graph":[{"@type":"Article","@id":"http:\/\/www.vitalibera.org\/community\/2026\/04\/11\/neurologisch-anders-von-anfang-an-oder-ploetzlich\/#article","isPartOf":{"@id":"http:\/\/www.vitalibera.org\/community\/2026\/04\/11\/neurologisch-anders-von-anfang-an-oder-ploetzlich\/"},"author":{"name":"Andreas Jecklin","@id":"https:\/\/www.vitalibera.org\/community\/#\/schema\/person\/6712387298421f222ff6d0a2e22c1534"},"headline":"Neurologisch anders: von Anfang an oder pl\u00f6tzlich?","datePublished":"2026-04-11T14:00:37+00:00","dateModified":"2026-04-11T14:02:06+00:00","mainEntityOfPage":{"@id":"http:\/\/www.vitalibera.org\/community\/2026\/04\/11\/neurologisch-anders-von-anfang-an-oder-ploetzlich\/"},"wordCount":376,"commentCount":0,"publisher":{"@id":"https:\/\/www.vitalibera.org\/community\/#organization"},"image":{"@id":"http:\/\/www.vitalibera.org\/community\/2026\/04\/11\/neurologisch-anders-von-anfang-an-oder-ploetzlich\/#primaryimage"},"thumbnailUrl":"https:\/\/www.vitalibera.org\/community\/wp-content\/uploads\/2026\/04\/Copilot_20260411_155844.png","articleSection":["Fachwissen","Hilfe f\u00fcr Angeh\u00f6rige","Hilfe f\u00fcr Kinder von Betroffenen"],"inLanguage":"de","potentialAction":[{"@type":"CommentAction","name":"Comment","target":["http:\/\/www.vitalibera.org\/community\/2026\/04\/11\/neurologisch-anders-von-anfang-an-oder-ploetzlich\/#respond"]}]},{"@type":"WebPage","@id":"http:\/\/www.vitalibera.org\/community\/2026\/04\/11\/neurologisch-anders-von-anfang-an-oder-ploetzlich\/","url":"http:\/\/www.vitalibera.org\/community\/2026\/04\/11\/neurologisch-anders-von-anfang-an-oder-ploetzlich\/","name":"Neurologisch anders: von Anfang an oder pl\u00f6tzlich? - vitalibera.org","isPartOf":{"@id":"https:\/\/www.vitalibera.org\/community\/#website"},"primaryImageOfPage":{"@id":"http:\/\/www.vitalibera.org\/community\/2026\/04\/11\/neurologisch-anders-von-anfang-an-oder-ploetzlich\/#primaryimage"},"image":{"@id":"http:\/\/www.vitalibera.org\/community\/2026\/04\/11\/neurologisch-anders-von-anfang-an-oder-ploetzlich\/#primaryimage"},"thumbnailUrl":"https:\/\/www.vitalibera.org\/community\/wp-content\/uploads\/2026\/04\/Copilot_20260411_155844.png","datePublished":"2026-04-11T14:00:37+00:00","dateModified":"2026-04-11T14:02:06+00:00","breadcrumb":{"@id":"http:\/\/www.vitalibera.org\/community\/2026\/04\/11\/neurologisch-anders-von-anfang-an-oder-ploetzlich\/#breadcrumb"},"inLanguage":"de","potentialAction":[{"@type":"ReadAction","target":["http:\/\/www.vitalibera.org\/community\/2026\/04\/11\/neurologisch-anders-von-anfang-an-oder-ploetzlich\/"]}]},{"@type":"BreadcrumbList","@id":"http:\/\/www.vitalibera.org\/community\/2026\/04\/11\/neurologisch-anders-von-anfang-an-oder-ploetzlich\/#breadcrumb","itemListElement":[{"@type":"ListItem","position":1,"name":"Startseite","item":"https:\/\/www.vitalibera.org\/community\/"},{"@type":"ListItem","position":2,"name":"Neurologisch anders: von Anfang an oder pl\u00f6tzlich?"}]},{"@type":"WebSite","@id":"https:\/\/www.vitalibera.org\/community\/#website","url":"https:\/\/www.vitalibera.org\/community\/","name":"vitalibera.org","description":"Mit einer Einschr&auml;nkung gestaltet sich das Leben im Alltag oft schwieriger - hier berichten wir &uuml;ber unsere Erfahrungen und Hilfsmittel um den Alltag so unbeschwert und unkompliziert wie nur m&ouml;glich geniessen zu k&ouml;nnen. Dabei richten wir unseren Fokus gezielt auf Selbst&auml;ndigkeit, Eigenst&auml;ndigkeit und Selbstbestimmung.","publisher":{"@id":"https:\/\/www.vitalibera.org\/community\/#organization"},"potentialAction":[{"@type":"SearchAction","target":{"@type":"EntryPoint","urlTemplate":"https:\/\/www.vitalibera.org\/community\/?s={search_term_string}"},"query-input":{"@type":"PropertyValueSpecification","valueRequired":true,"valueName":"search_term_string"}}],"inLanguage":"de"},{"@type":"Organization","@id":"https:\/\/www.vitalibera.org\/community\/#organization","name":"vitalibera.org","url":"https:\/\/www.vitalibera.org\/community\/","logo":{"@type":"ImageObject","inLanguage":"de","@id":"https:\/\/www.vitalibera.org\/community\/#\/schema\/logo\/image\/","url":"https:\/\/www.vitalibera.org\/community\/wp-content\/uploads\/2025\/09\/cropped-banner.png","contentUrl":"https:\/\/www.vitalibera.org\/community\/wp-content\/uploads\/2025\/09\/cropped-banner.png","width":991,"height":150,"caption":"vitalibera.org"},"image":{"@id":"https:\/\/www.vitalibera.org\/community\/#\/schema\/logo\/image\/"},"sameAs":["https:\/\/www.facebook.com\/groups\/2997085857140235"]},{"@type":"Person","@id":"https:\/\/www.vitalibera.org\/community\/#\/schema\/person\/6712387298421f222ff6d0a2e22c1534","name":"Andreas Jecklin","image":{"@type":"ImageObject","inLanguage":"de","@id":"https:\/\/secure.gravatar.com\/avatar\/ad516503a11cd5ca435acc9bb6523536?s=96","url":"https:\/\/secure.gravatar.com\/avatar\/ad516503a11cd5ca435acc9bb6523536?s=96","contentUrl":"https:\/\/secure.gravatar.com\/avatar\/ad516503a11cd5ca435acc9bb6523536?s=96","caption":"Andreas Jecklin"},"description":"Manchen gab Gott die Kraft Dinge zu ver\u00e4ndern, mir gab er die Kraft zu ertragen was nicht mehr zu \u00e4ndern ist.","url":"https:\/\/www.vitalibera.org\/community\/author\/andy77\/"}]}},"jetpack_featured_media_url":"https:\/\/www.vitalibera.org\/community\/wp-content\/uploads\/2026\/04\/Copilot_20260411_155844.png","jetpack_sharing_enabled":true,"jetpack-related-posts":[],"_links":{"self":[{"href":"https:\/\/www.vitalibera.org\/community\/wp-json\/wp\/v2\/posts\/6671","targetHints":{"allow":["GET"]}}],"collection":[{"href":"https:\/\/www.vitalibera.org\/community\/wp-json\/wp\/v2\/posts"}],"about":[{"href":"https:\/\/www.vitalibera.org\/community\/wp-json\/wp\/v2\/types\/post"}],"author":[{"embeddable":true,"href":"https:\/\/www.vitalibera.org\/community\/wp-json\/wp\/v2\/users\/2"}],"replies":[{"embeddable":true,"href":"https:\/\/www.vitalibera.org\/community\/wp-json\/wp\/v2\/comments?post=6671"}],"version-history":[{"count":1,"href":"https:\/\/www.vitalibera.org\/community\/wp-json\/wp\/v2\/posts\/6671\/revisions"}],"predecessor-version":[{"id":6674,"href":"https:\/\/www.vitalibera.org\/community\/wp-json\/wp\/v2\/posts\/6671\/revisions\/6674"}],"wp:featuredmedia":[{"embeddable":true,"href":"https:\/\/www.vitalibera.org\/community\/wp-json\/wp\/v2\/media\/6673"}],"wp:attachment":[{"href":"https:\/\/www.vitalibera.org\/community\/wp-json\/wp\/v2\/media?parent=6671"}],"wp:term":[{"taxonomy":"category","embeddable":true,"href":"https:\/\/www.vitalibera.org\/community\/wp-json\/wp\/v2\/categories?post=6671"},{"taxonomy":"post_tag","embeddable":true,"href":"https:\/\/www.vitalibera.org\/community\/wp-json\/wp\/v2\/tags?post=6671"}],"curies":[{"name":"wp","href":"https:\/\/api.w.org\/{rel}","templated":true}]}}