{"id":6681,"date":"2026-04-12T15:22:35","date_gmt":"2026-04-12T13:22:35","guid":{"rendered":"https:\/\/www.vitalibera.org\/community\/?p=6681"},"modified":"2026-04-12T15:23:52","modified_gmt":"2026-04-12T13:23:52","slug":"wenn-dir-alles-zu-viel-wird-und-ueber-den-kopf-waechst","status":"publish","type":"post","link":"https:\/\/www.vitalibera.org\/community\/2026\/04\/12\/wenn-dir-alles-zu-viel-wird-und-ueber-den-kopf-waechst\/","title":{"rendered":"Wenn dir alles zu viel wird und \u00fcber den Kopf w\u00e4chst"},"content":{"rendered":"\n<div class=\"wp-block-media-text is-stacked-on-mobile\"><figure class=\"wp-block-media-text__media\"><img fetchpriority=\"high\" decoding=\"async\" width=\"486\" height=\"309\" src=\"https:\/\/www.vitalibera.org\/community\/wp-content\/uploads\/2026\/04\/overloaded.png\" alt=\"\" class=\"wp-image-6682 size-full\" srcset=\"https:\/\/www.vitalibera.org\/community\/wp-content\/uploads\/2026\/04\/overloaded.png 486w, https:\/\/www.vitalibera.org\/community\/wp-content\/uploads\/2026\/04\/overloaded-300x191.png 300w\" sizes=\"(max-width: 486px) 100vw, 486px\" \/><\/figure><div class=\"wp-block-media-text__content\">\n<p>Wenn dir alles zu viel wird und &uuml;ber den Kopf w&auml;chst, ist das kein pers&ouml;nliches Versagen &ndash; es ist ein Signal. Ein Stopp&#8209;Schild. <\/p>\n\n\n\n<p>Ein &bdquo;Das System verlangt mehr, als ein Mensch gerade leisten kann&ldquo;. Und gerade nach neurologischen Ereignissen ist dieses Gef&uuml;hl <strong>normal<\/strong>, <strong>verst&auml;ndlich<\/strong> und <strong>kein Zeichen von Schw&auml;che<\/strong>.<\/p>\n<\/div><\/div>\n\n\n\n<h5 class=\"wp-block-heading\"><strong>Was dieses Gef&uuml;hl wirklich bedeutet<\/strong><\/h5>\n\n\n\n<ul class=\"wp-block-list\">\n<li><strong>Zu viele Anforderungen gleichzeitig<\/strong> &ndash; Formulare, Termine, Erwartungen, Reha, Alltag.<\/li>\n\n\n\n<li><strong>Zu wenig Energie<\/strong> &ndash; das Gehirn arbeitet langsamer, braucht mehr Pausen, sortiert sich neu.<\/li>\n\n\n\n<li><strong>Zu wenig Orientierung<\/strong> &ndash; niemand erkl&auml;rt, was jetzt wichtig ist und was warten kann.<\/li>\n\n\n\n<li><strong>Zu viel Druck von au&szlig;en<\/strong> &ndash; funktionieren, reagieren, entscheiden, obwohl innen Chaos herrscht.<\/li>\n<\/ul>\n\n\n\n<p>Dieses &bdquo;&Uuml;ber-den-Kopf-Wachsen&ldquo; ist kein pers&ouml;nliches Problem, sondern ein <strong>Mismatch zwischen Belastung und Kapazit&auml;t<\/strong>.<\/p>\n\n\n\n<div class=\"wp-block-media-text is-stacked-on-mobile\"><figure class=\"wp-block-media-text__media\"><img decoding=\"async\" width=\"1024\" height=\"1024\" src=\"http:\/\/www.vitalibera.org\/community\/wp-content\/uploads\/2026\/04\/7493fd5f0bcc018c46871888643e95a1-1024x1024.jpg\" alt=\"\" class=\"wp-image-6512 size-full\" srcset=\"https:\/\/www.vitalibera.org\/community\/wp-content\/uploads\/2026\/04\/7493fd5f0bcc018c46871888643e95a1-1024x1024.jpg 1024w, https:\/\/www.vitalibera.org\/community\/wp-content\/uploads\/2026\/04\/7493fd5f0bcc018c46871888643e95a1-300x300.jpg 300w, https:\/\/www.vitalibera.org\/community\/wp-content\/uploads\/2026\/04\/7493fd5f0bcc018c46871888643e95a1-150x150.jpg 150w, https:\/\/www.vitalibera.org\/community\/wp-content\/uploads\/2026\/04\/7493fd5f0bcc018c46871888643e95a1-768x768.jpg 768w, https:\/\/www.vitalibera.org\/community\/wp-content\/uploads\/2026\/04\/7493fd5f0bcc018c46871888643e95a1.jpg 1200w\" sizes=\"(max-width: 1024px) 100vw, 1024px\" \/><\/figure><div class=\"wp-block-media-text__content\">\n<p><strong>Neurofreundliche Re&#8209;Frames<\/strong><\/p>\n\n\n\n<p>Nicht: <em>&bdquo;Andere schaffen das auch.&ldquo;<\/em> Sondern: <strong>&bdquo;Mein Weg ist anders &ndash; und g&uuml;ltig.&ldquo;<\/strong><\/p>\n\n\n\n<p>Nicht: <em>&bdquo;Ich schaffe das nicht.&ldquo;<\/em> Sondern: <strong>&bdquo;Das ist gerade zu viel f&uuml;r mein System.&ldquo;<\/strong><\/p>\n\n\n\n<p>Nicht: <em>&bdquo;Ich m&uuml;sste doch&hellip;&ldquo;<\/em> Sondern: <strong>&bdquo;Ich priorisiere, was mein Gehirn jetzt leisten kann.&ldquo;<\/strong><\/p>\n<\/div><\/div>\n\n\n\n<h5 class=\"wp-block-heading\"><strong>Mini&#8209;Strategien, die sofort entlasten<\/strong><\/h5>\n\n\n\n<ul class=\"wp-block-list\">\n<li><strong>1 Aufgabe pro Zeitfenster<\/strong> &ndash; nicht alles gleichzeitig.<\/li>\n\n\n\n<li><strong>Radikale Vereinfachung<\/strong> &ndash; nur das N&ouml;tigste, alles andere parken.<\/li>\n\n\n\n<li><strong>Externe Entlastung<\/strong> &ndash; jemand liest Formulare, sortiert Post, strukturiert Schritte.<\/li>\n\n\n\n<li><strong>Energiemanagement<\/strong> &ndash; Pausen als Pflicht, nicht als Belohnung.<\/li>\n\n\n\n<li><strong>S&auml;tze, die sch&uuml;tzen<\/strong>: &bdquo;Ich brauche mehr Zeit.&ldquo; &bdquo;Ich kann das gerade nicht priorisieren.&ldquo; &bdquo;Bitte in einfachen Schritten.&ldquo;<\/li>\n<\/ul>\n\n\n\n<h5 class=\"wp-block-heading\">Detaillierte Strategien gegen &Uuml;berforderung<\/h5>\n\n\n\n<p><strong>Strukturiert in 4 Ebenen<\/strong>, damit du sie modular in deiner Advocacy&#8209;Arbeit oder f&uuml;r <a href=\"https:\/\/www.vitalibera.org\/community\/2026\/04\/19\/wenn-reize-laut-werden-und-menschen-leise\/\">Betroffene<\/a> einsetzen kannst.<\/p>\n\n\n\n<h6 class=\"wp-block-heading\"><strong>Sofort&#8209;Entlastung (innerhalb von 2&ndash;5 Minuten)<\/strong><\/h6>\n\n\n\n<p>Diese Ebene stoppt den akuten Overload, bevor du funktional wirst.<\/p>\n\n\n\n<ul class=\"wp-block-list\">\n<li><strong>Reiz-Stopp<\/strong> &mdash; Augen schlie&szlig;en, Ger&auml;usche reduzieren, 3 tiefe Atemz&uuml;ge. <em>Ziel:<\/em> Nervensystem runterfahren, bevor Denken wieder m&ouml;glich wird.<\/li>\n\n\n\n<li><strong>Mini&#8209;Bodenanker<\/strong> &mdash; 5 Dinge sehen, 4 f&uuml;hlen, 3 h&ouml;ren, 2 riechen, 1 schmecken. <em>Ziel:<\/em> Aus dem Strudel zur&uuml;ck in den K&ouml;rper.<\/li>\n\n\n\n<li><strong>&bdquo;System-Reset&ldquo;-Satz<\/strong> <strong>&bdquo;Ich pausiere. Mein Gehirn sortiert sich.&ldquo;<\/strong> <em>Ziel:<\/em> Schuldgef&uuml;hle rausnehmen, Priorisierung erm&ouml;glichen.<\/li>\n\n\n\n<li><strong>1-Minuten&#8209;Entscheidungsfilter<\/strong>\n<ul class=\"wp-block-list\">\n<li>Muss das <em>jetzt<\/em>?<\/li>\n\n\n\n<li>Muss das <em>ich<\/em>?<\/li>\n\n\n\n<li>Muss das <em>&uuml;berhaupt<\/em>? <em>Ziel:<\/em> Sofortige Reduktion von falschem Druck.<\/li>\n<\/ul>\n<\/li>\n<\/ul>\n\n\n\n<h6 class=\"wp-block-heading\"><strong>Struktur gegen Chaos (f&uuml;r den Tag)<\/strong><\/h6>\n\n\n\n<p>Diese Ebene verhindert, dass alles gleichzeitig auf dich einprasselt.<\/p>\n\n\n\n<ul class=\"wp-block-list\">\n<li><strong>Die 3&#8209;K&ouml;rbe&#8209;Methode<\/strong>\n<ul class=\"wp-block-list\">\n<li><strong>Korb A:<\/strong> Heute<\/li>\n\n\n\n<li><strong>Korb B:<\/strong> Diese Woche<\/li>\n\n\n\n<li><strong>Korb C:<\/strong> Sp&auml;ter \/ Parkieren <em>Ziel:<\/em> Das Gehirn muss nicht mehr alles gleichzeitig halten.<\/li>\n<\/ul>\n<\/li>\n\n\n\n<li><strong>1 Aufgabe pro Zeitfenster<\/strong> Kein Multitasking. <em>Ziel:<\/em> Kognitive Last halbieren.<\/li>\n\n\n\n<li><strong>&bdquo;Energie vor Wichtigkeit&ldquo;-Prinzip<\/strong> Nicht: Was ist wichtig? Sondern: Was kann mein Gehirn <em>jetzt<\/em> leisten? <em>Ziel:<\/em> Realistische Planung statt Selbst&uuml;berforderung.<\/li>\n\n\n\n<li><strong>Externe Entlastung aktiv einbauen<\/strong> Jemand liest Formulare, sortiert Post, erkl&auml;rt Schritte. <em>Ziel:<\/em> Kognitive Delegation.<\/li>\n<\/ul>\n\n\n\n<h6 class=\"wp-block-heading\"><strong>Systemische Entlastung (f&uuml;r Wochen\/Monate)<\/strong><\/h6>\n\n\n\n<p>Diese Ebene adressiert das, was Menschen mit neurologischen Einschr&auml;nkungen am meisten belastet: <strong>das System, nicht die Person.<\/strong><\/p>\n\n\n\n<ul class=\"wp-block-list\">\n<li><strong>B&uuml;rokratie in Module zerlegen<\/strong>\n<ul class=\"wp-block-list\">\n<li>Modul 1: Verstehen<\/li>\n\n\n\n<li>Modul 2: Sammeln<\/li>\n\n\n\n<li>Modul 3: Ausf&uuml;llen<\/li>\n\n\n\n<li>Modul 4: Kontrolle<\/li>\n\n\n\n<li>Modul 5: Abschicken <em>Ziel:<\/em> Kein &bdquo;Monster&ldquo;, sondern 5 kleine Schritte.<\/li>\n<\/ul>\n<\/li>\n\n\n\n<li><strong>&bdquo;Begleitperson f&uuml;r kognitive Last&ldquo;<\/strong> Eine Person, die mitliest, mitdenkt, mitordnet. <em>Ziel:<\/em> Entlastung des Arbeitsged&auml;chtnisses.<\/li>\n\n\n\n<li><strong>Schutzs&auml;tze f&uuml;r &Auml;mter &amp; Fachpersonen<\/strong>\n<ul class=\"wp-block-list\">\n<li>&bdquo;Bitte in einfachen Schritten.&ldquo;<\/li>\n\n\n\n<li>&bdquo;Ich brauche mehr Zeit.&ldquo;<\/li>\n\n\n\n<li>&bdquo;Ich kann das gerade nicht priorisieren.&ldquo; <em>Ziel:<\/em> Selbstschutz ohne Rechtfertigung.<\/li>\n<\/ul>\n<\/li>\n\n\n\n<li><strong>Routinen statt Entscheidungen<\/strong> Je weniger Entscheidungen, desto weniger Energieverlust. <em>Ziel:<\/em> Automatisierung.<\/li>\n<\/ul>\n\n\n\n<h6 class=\"wp-block-heading\"><strong>Langfristige Resilienz (f&uuml;r Monate\/Jahre)<\/strong><\/h6>\n\n\n\n<p>Diese Ebene baut ein System, das &Uuml;berforderung gar nicht erst entstehen l&auml;sst.<\/p>\n\n\n\n<ul class=\"wp-block-list\">\n<li><strong>Neurofreundliche Wochenstruktur<\/strong> Fixe Erholungstage, fixe &bdquo;Papierkram&ldquo;-Tage, fixe Pausen. <em>Ziel:<\/em> Vorhersehbarkeit f&uuml;r das Gehirn.<\/li>\n\n\n\n<li><strong>Energie&#8209;Budgetierung<\/strong> Jeder Mensch hat ein Tagesbudget. Nach neurologischen Ereignissen ist es kleiner &ndash; aber planbar. <em>Ziel:<\/em> Kein &bdquo;Crash&ldquo;, sondern dosierte Belastung.<\/li>\n\n\n\n<li><strong>Identit&auml;ts&#8209;Reframing<\/strong> Nicht: &bdquo;Ich bin weniger als fr&uuml;her.&ldquo; Sondern: <strong>&bdquo;Ich bin anders &ndash; und g&uuml;ltig.&ldquo;<\/strong> <em>Ziel:<\/em> Selbstwert stabilisieren.<\/li>\n\n\n\n<li><strong>Regelm&auml;&szlig;ige Entlastungsinseln<\/strong> 10&ndash;20 Minuten t&auml;glich f&uuml;r etwas, das nichts &bdquo;bringen&ldquo; muss. <em>Ziel:<\/em> Nervensystem regenerieren.<\/li>\n<\/ul>\n\n\n\n<div class=\"wp-block-media-text is-stacked-on-mobile is-vertically-aligned-top\"><figure class=\"wp-block-media-text__media\"><img decoding=\"async\" width=\"302\" height=\"277\" src=\"http:\/\/www.vitalibera.org\/community\/wp-content\/uploads\/2026\/03\/tip3.png\" alt=\"\" class=\"wp-image-6087 size-full\" srcset=\"https:\/\/www.vitalibera.org\/community\/wp-content\/uploads\/2026\/03\/tip3.png 302w, https:\/\/www.vitalibera.org\/community\/wp-content\/uploads\/2026\/03\/tip3-300x275.png 300w\" sizes=\"(max-width: 302px) 100vw, 302px\" \/><\/figure><div class=\"wp-block-media-text__content\">\n<p><strong>Eigenre<a href=\"https:\/\/www.vitalibera.org\/community\/enzyklopaedie\/flexion-3\/\" target=\"_self\" title=\"Flexion&nbsp;(Beugung) beschreibt zwei Hauptkonzepte:&nbsp;in der&nbsp;Anatomie&nbsp;die Bewegung, bei der der Winkel zwischen K&ouml;rperteilen kleiner wird (z. B. beim Beugen des Ellenbogens), und in der&nbsp;Grammatik&nbsp;die Ver&auml;nderung eines Wortes (Endung, Stamm), um seine grammatische Funktion auszudr&uuml;cken (z. B. Deklination von Nomen oder Konjugation von Verben). Die Gegenbewegung ist die&nbsp;Extension (Streckung). Definition:&nbsp;Eine Bewegung, die ein Gelenk beugt, wodurch sich&hellip;\" class=\"encyclopedia\">flexion<\/a>s&#8209;Checkliste bei &Uuml;berforderung<\/strong><\/p>\n\n\n\n<p><strong>Vier Bereiche &ndash; K&ouml;rper, Energie, Kopf, Kontext.<\/strong> Jeder Bereich enth&auml;lt kurze, eindeutige Fragen, die dein System sortieren, nicht bewerten.<\/p>\n\n\n\n<h6 class=\"wp-block-heading\"><strong>K&ouml;rper-Check: &bdquo;Wie geht&rsquo;s meinem System gerade?&ldquo;<\/strong><\/h6>\n\n\n\n<ul class=\"wp-block-list\">\n<li>Habe ich Hunger, Durst oder Unterzucker?<\/li>\n\n\n\n<li>Habe ich genug geschlafen oder bin ich ersch&ouml;pft?<\/li>\n\n\n\n<li>Ist mein K&ouml;rper angespannt (Schultern, Kiefer, Brust)?<\/li>\n\n\n\n<li>Brauche ich eine Pause, bevor ich weitermache?<\/li>\n\n\n\n<li>Ist mein Atem flach oder hektisch?<\/li>\n<\/ul>\n\n\n\n<p><strong>Wenn 2+ Fragen &bdquo;Ja&ldquo; &rarr; Pause vor Entscheidung.<\/strong><\/p>\n\n\n\n<h6 class=\"wp-block-heading\"><strong>Energie-Check: &bdquo;Was kann mein Gehirn JETZT leisten?<\/strong>&ldquo;<\/h6>\n\n\n\n<ul class=\"wp-block-list\">\n<li>Habe ich mentale Kapazit&auml;t f&uuml;r eine Aufgabe?<\/li>\n\n\n\n<li>Reicht meine Energie f&uuml;r 5 Minuten? F&uuml;r 10?<\/li>\n\n\n\n<li>Ist mein Kopf gerade im &bdquo;Nebel&ldquo;?<\/li>\n\n\n\n<li>Brauche ich zuerst Klarheit, bevor ich handle?<\/li>\n\n\n\n<li>Ist heute ein Tag f&uuml;r <em>leichte<\/em> statt <em>schwere<\/em> Aufgaben?<\/li>\n<\/ul>\n\n\n\n<p><strong>Wenn Energie niedrig &rarr; Aufgaben vereinfachen oder parken.<\/strong><\/p>\n\n\n\n<h6 class=\"wp-block-heading\"><strong>Kopf-Check: &bdquo;Was &uuml;berfordert mich konkret?<\/strong>&ldquo;<\/h6>\n\n\n\n<ul class=\"wp-block-list\">\n<li>Ist es zu viel Information?<\/li>\n\n\n\n<li>Zu viele Schritte auf einmal?<\/li>\n\n\n\n<li>Zu viele Erwartungen von au&szlig;en?<\/li>\n\n\n\n<li>Unklarheit, was zuerst kommt?<\/li>\n\n\n\n<li>Angst, etwas falsch zu machen?<\/li>\n\n\n\n<li>Druck, &bdquo;funktionieren&ldquo; zu m&uuml;ssen?<\/li>\n<\/ul>\n\n\n\n<p><strong>Wenn unklar &rarr; Aufgabe in 1&ndash;3 Mini&#8209;Schritte zerlegen.<\/strong><\/p>\n\n\n\n<h6 class=\"wp-block-heading\"><strong>Kontext-Check: &bdquo;Was ist wirklich JETZT wichtig?<\/strong>&ldquo;<\/h6>\n\n\n\n<ul class=\"wp-block-list\">\n<li>Muss das heute passieren?<\/li>\n\n\n\n<li>Muss das ich tun?<\/li>\n\n\n\n<li>Muss das &uuml;berhaupt?<\/li>\n\n\n\n<li>Kann ich etwas delegieren?<\/li>\n\n\n\n<li>Kann ich um Vereinfachung bitten?<\/li>\n\n\n\n<li>Kann ich mir mehr Zeit nehmen?<\/li>\n<\/ul>\n\n\n\n<p><strong>Wenn 3+ Fragen &bdquo;Nein&ldquo; &rarr; Entlastung sofort m&ouml;glich.<\/strong><\/p>\n\n\n\n<h6 class=\"wp-block-heading\"><strong>30&#8209;Sekunden&#8209;Selbstschutz&#8209;Block<\/strong><\/h6>\n\n\n\n<p>Wenn du merkst, dass du in den Strudel rutschst:<\/p>\n\n\n\n<ul class=\"wp-block-list\">\n<li><strong>&bdquo;Ich stoppe kurz.&ldquo;<\/strong><\/li>\n\n\n\n<li><strong>&bdquo;Ich sortiere.&ldquo;<\/strong><\/li>\n\n\n\n<li><strong>&bdquo;Ich mache nur den n&auml;chsten kleinen Schritt.&ldquo;<\/strong><\/li>\n<\/ul>\n\n\n\n<p>Das ist kein R&uuml;ckzug, sondern <strong>Regulation<\/strong>.<\/p>\n<\/div><\/div>\n\n\n\n<div class=\"wp-block-media-text is-stacked-on-mobile is-vertically-aligned-top\"><figure class=\"wp-block-media-text__media\"><img loading=\"lazy\" decoding=\"async\" width=\"259\" height=\"240\" src=\"http:\/\/www.vitalibera.org\/community\/wp-content\/uploads\/2026\/03\/dbc5972683099460054d3dbc8212a892-1.jpg\" alt=\"\" class=\"wp-image-6333 size-full\"><\/figure><div class=\"wp-block-media-text__content\">\n<p><strong>Weiterf&uuml;hrende Informationen<\/strong><\/p>\n\n\n\n<p><a href=\"https:\/\/www.vitalibera.org\/community\/2026\/04\/12\/erschlagende-buerokratie-nach-neurologischem-schicksal\/\">Erschlagende B&uuml;rokratie nach neurologischem Schicksal<\/a><\/p>\n\n\n\n<p><a href=\"https:\/\/www.vitalibera.org\/community\/2026\/04\/11\/wenn-der-alte-weg-nicht-mehr-geht-wie-neue-strategien-tueren-oeffnen\/\">Wenn der alte Weg nicht mehr geht: Wie neue Strategien T&uuml;ren &ouml;ffnen<\/a><\/p>\n\n\n\n<p><a href=\"https:\/\/www.vitalibera.org\/community\/2026\/04\/10\/selbstschutz-gegen-aeussere-einfluesse\/\">Selbstschutz gegen &auml;u&szlig;ere Einfl&uuml;sse<\/a><\/p>\n\n\n\n<p><a href=\"https:\/\/www.vitalibera.org\/community\/2026\/03\/06\/rueckgewinnung-von-motivation-und-lebenswille\/\">R&uuml;ckgewinnung von Motivation und Lebenswille<\/a><\/p>\n\n\n\n<p><\/p>\n<\/div><\/div>\n\n\n\n<div class=\"wp-block-file\"><a id=\"wp-block-file--media-dcc187d0-87dc-478e-9304-d9e893a58f4f\" href=\"https:\/\/www.vitalibera.org\/community\/wp-content\/uploads\/2026\/04\/Selbstcheck-BinIchUeberfordert.pdf\" target=\"_blank\" rel=\"noreferrer noopener\">Selbstcheck-Bin Ich &Uuml;berfordert<\/a><a href=\"https:\/\/www.vitalibera.org\/community\/wp-content\/uploads\/2026\/04\/Selbstcheck-BinIchUeberfordert.pdf\" class=\"wp-block-file__button wp-element-button\" download aria-describedby=\"wp-block-file--media-dcc187d0-87dc-478e-9304-d9e893a58f4f\">Herunterladen<\/a><\/div>\n\n\n\n<p><\/p>\n","protected":false},"excerpt":{"rendered":"<p>Wenn dir alles zu viel wird und \u00fcber den Kopf w\u00e4chst, ist das kein pers\u00f6nliches Versagen \u2013 es ist ein Signal. Ein Stopp\u2011Schild. Ein \u201eDas System verlangt mehr, als ein Mensch gerade leisten kann\u201c. Und gerade nach neurologischen Ereignissen ist dieses Gef\u00fchl normal, verst\u00e4ndlich und kein Zeichen von Schw\u00e4che. Was dieses Gef\u00fchl wirklich bedeutet Dieses &#8230; <a title=\"Wenn dir alles zu viel wird und \u00fcber den Kopf w\u00e4chst\" class=\"read-more\" href=\"https:\/\/www.vitalibera.org\/community\/2026\/04\/12\/wenn-dir-alles-zu-viel-wird-und-ueber-den-kopf-waechst\/\" aria-label=\"Mehr Informationen \u00fcber Wenn dir alles zu viel wird und \u00fcber den Kopf w\u00e4chst\">Weiterlesen<\/a><\/p>\n","protected":false},"author":2,"featured_media":6682,"comment_status":"open","ping_status":"open","sticky":false,"template":"","format":"standard","meta":{"cybocfi_hide_featured_image":"yes","_jetpack_memberships_contains_paid_content":false,"footnotes":""},"categories":[225],"tags":[],"class_list":["post-6681","post","type-post","status-publish","format-standard","has-post-thumbnail","hentry","category-hilfe-fuer-angehoerige"],"yoast_head":"<!-- This site is optimized with the Yoast SEO plugin v27.4 - https:\/\/yoast.com\/product\/yoast-seo-wordpress\/ -->\r\n<title>Wenn dir alles zu viel wird und \u00fcber den Kopf w\u00e4chst - vitalibera.org<\/title>\r\n<meta name=\"robots\" content=\"index, follow, max-snippet:-1, max-image-preview:large, max-video-preview:-1\" \/>\r\n<link rel=\"canonical\" href=\"http:\/\/www.vitalibera.org\/community\/2026\/04\/12\/wenn-dir-alles-zu-viel-wird-und-ueber-den-kopf-waechst\/\" \/>\r\n<meta property=\"og:locale\" content=\"de_DE\" \/>\r\n<meta property=\"og:type\" content=\"article\" \/>\r\n<meta property=\"og:title\" content=\"Wenn dir alles zu viel wird und \u00fcber den Kopf w\u00e4chst - vitalibera.org\" \/>\r\n<meta property=\"og:description\" content=\"Wenn dir alles zu viel wird und \u00fcber den Kopf w\u00e4chst, ist das kein pers\u00f6nliches Versagen \u2013 es ist ein Signal. Ein Stopp\u2011Schild. Ein \u201eDas System verlangt mehr, als ein Mensch gerade leisten kann\u201c. Und gerade nach neurologischen Ereignissen ist dieses Gef\u00fchl normal, verst\u00e4ndlich und kein Zeichen von Schw\u00e4che. Was dieses Gef\u00fchl wirklich bedeutet Dieses ... Weiterlesen\" \/>\r\n<meta property=\"og:url\" content=\"http:\/\/www.vitalibera.org\/community\/2026\/04\/12\/wenn-dir-alles-zu-viel-wird-und-ueber-den-kopf-waechst\/\" \/>\r\n<meta property=\"og:site_name\" content=\"vitalibera.org\" \/>\r\n<meta property=\"article:publisher\" content=\"https:\/\/www.facebook.com\/groups\/2997085857140235\" \/>\r\n<meta property=\"article:published_time\" content=\"2026-04-12T13:22:35+00:00\" \/>\r\n<meta property=\"article:modified_time\" content=\"2026-04-12T13:23:52+00:00\" \/>\r\n<meta property=\"og:image\" content=\"http:\/\/www.vitalibera.org\/community\/wp-content\/uploads\/2026\/04\/overloaded.png\" \/>\r\n\t<meta property=\"og:image:width\" content=\"486\" \/>\r\n\t<meta property=\"og:image:height\" content=\"309\" \/>\r\n\t<meta property=\"og:image:type\" content=\"image\/png\" \/>\r\n<meta name=\"author\" content=\"Andreas Jecklin\" \/>\r\n<meta name=\"twitter:card\" content=\"summary_large_image\" \/>\r\n<meta name=\"twitter:label1\" content=\"Verfasst von\" \/>\n\t<meta name=\"twitter:data1\" content=\"Andreas Jecklin\" \/>\n\t<meta name=\"twitter:label2\" content=\"Gesch\u00e4tzte Lesezeit\" \/>\n\t<meta name=\"twitter:data2\" content=\"6\u00a0Minuten\" \/>\r\n<script type=\"application\/ld+json\" class=\"yoast-schema-graph\">{\"@context\":\"https:\\\/\\\/schema.org\",\"@graph\":[{\"@type\":\"Article\",\"@id\":\"http:\\\/\\\/www.vitalibera.org\\\/community\\\/2026\\\/04\\\/12\\\/wenn-dir-alles-zu-viel-wird-und-ueber-den-kopf-waechst\\\/#article\",\"isPartOf\":{\"@id\":\"http:\\\/\\\/www.vitalibera.org\\\/community\\\/2026\\\/04\\\/12\\\/wenn-dir-alles-zu-viel-wird-und-ueber-den-kopf-waechst\\\/\"},\"author\":{\"name\":\"Andreas Jecklin\",\"@id\":\"https:\\\/\\\/www.vitalibera.org\\\/community\\\/#\\\/schema\\\/person\\\/6712387298421f222ff6d0a2e22c1534\"},\"headline\":\"Wenn dir alles zu viel wird und \u00fcber den Kopf w\u00e4chst\",\"datePublished\":\"2026-04-12T13:22:35+00:00\",\"dateModified\":\"2026-04-12T13:23:52+00:00\",\"mainEntityOfPage\":{\"@id\":\"http:\\\/\\\/www.vitalibera.org\\\/community\\\/2026\\\/04\\\/12\\\/wenn-dir-alles-zu-viel-wird-und-ueber-den-kopf-waechst\\\/\"},\"wordCount\":897,\"commentCount\":0,\"publisher\":{\"@id\":\"https:\\\/\\\/www.vitalibera.org\\\/community\\\/#organization\"},\"image\":{\"@id\":\"http:\\\/\\\/www.vitalibera.org\\\/community\\\/2026\\\/04\\\/12\\\/wenn-dir-alles-zu-viel-wird-und-ueber-den-kopf-waechst\\\/#primaryimage\"},\"thumbnailUrl\":\"https:\\\/\\\/www.vitalibera.org\\\/community\\\/wp-content\\\/uploads\\\/2026\\\/04\\\/overloaded.png\",\"articleSection\":[\"Hilfe f\u00fcr Angeh\u00f6rige\"],\"inLanguage\":\"de\",\"potentialAction\":[{\"@type\":\"CommentAction\",\"name\":\"Comment\",\"target\":[\"http:\\\/\\\/www.vitalibera.org\\\/community\\\/2026\\\/04\\\/12\\\/wenn-dir-alles-zu-viel-wird-und-ueber-den-kopf-waechst\\\/#respond\"]}]},{\"@type\":\"WebPage\",\"@id\":\"http:\\\/\\\/www.vitalibera.org\\\/community\\\/2026\\\/04\\\/12\\\/wenn-dir-alles-zu-viel-wird-und-ueber-den-kopf-waechst\\\/\",\"url\":\"http:\\\/\\\/www.vitalibera.org\\\/community\\\/2026\\\/04\\\/12\\\/wenn-dir-alles-zu-viel-wird-und-ueber-den-kopf-waechst\\\/\",\"name\":\"Wenn dir alles zu viel wird und \u00fcber den Kopf w\u00e4chst - vitalibera.org\",\"isPartOf\":{\"@id\":\"https:\\\/\\\/www.vitalibera.org\\\/community\\\/#website\"},\"primaryImageOfPage\":{\"@id\":\"http:\\\/\\\/www.vitalibera.org\\\/community\\\/2026\\\/04\\\/12\\\/wenn-dir-alles-zu-viel-wird-und-ueber-den-kopf-waechst\\\/#primaryimage\"},\"image\":{\"@id\":\"http:\\\/\\\/www.vitalibera.org\\\/community\\\/2026\\\/04\\\/12\\\/wenn-dir-alles-zu-viel-wird-und-ueber-den-kopf-waechst\\\/#primaryimage\"},\"thumbnailUrl\":\"https:\\\/\\\/www.vitalibera.org\\\/community\\\/wp-content\\\/uploads\\\/2026\\\/04\\\/overloaded.png\",\"datePublished\":\"2026-04-12T13:22:35+00:00\",\"dateModified\":\"2026-04-12T13:23:52+00:00\",\"breadcrumb\":{\"@id\":\"http:\\\/\\\/www.vitalibera.org\\\/community\\\/2026\\\/04\\\/12\\\/wenn-dir-alles-zu-viel-wird-und-ueber-den-kopf-waechst\\\/#breadcrumb\"},\"inLanguage\":\"de\",\"potentialAction\":[{\"@type\":\"ReadAction\",\"target\":[\"http:\\\/\\\/www.vitalibera.org\\\/community\\\/2026\\\/04\\\/12\\\/wenn-dir-alles-zu-viel-wird-und-ueber-den-kopf-waechst\\\/\"]}]},{\"@type\":\"BreadcrumbList\",\"@id\":\"http:\\\/\\\/www.vitalibera.org\\\/community\\\/2026\\\/04\\\/12\\\/wenn-dir-alles-zu-viel-wird-und-ueber-den-kopf-waechst\\\/#breadcrumb\",\"itemListElement\":[{\"@type\":\"ListItem\",\"position\":1,\"name\":\"Startseite\",\"item\":\"https:\\\/\\\/www.vitalibera.org\\\/community\\\/\"},{\"@type\":\"ListItem\",\"position\":2,\"name\":\"Wenn dir alles zu viel wird und \u00fcber den Kopf w\u00e4chst\"}]},{\"@type\":\"WebSite\",\"@id\":\"https:\\\/\\\/www.vitalibera.org\\\/community\\\/#website\",\"url\":\"https:\\\/\\\/www.vitalibera.org\\\/community\\\/\",\"name\":\"vitalibera.org\",\"description\":\"Mit einer Einschr&auml;nkung gestaltet sich das Leben im Alltag oft schwieriger - hier berichten wir &uuml;ber unsere Erfahrungen und Hilfsmittel um den Alltag so unbeschwert und unkompliziert wie nur m&ouml;glich geniessen zu k&ouml;nnen. Dabei richten wir unseren Fokus gezielt auf Selbst&auml;ndigkeit, Eigenst&auml;ndigkeit und Selbstbestimmung.\",\"publisher\":{\"@id\":\"https:\\\/\\\/www.vitalibera.org\\\/community\\\/#organization\"},\"potentialAction\":[{\"@type\":\"SearchAction\",\"target\":{\"@type\":\"EntryPoint\",\"urlTemplate\":\"https:\\\/\\\/www.vitalibera.org\\\/community\\\/?s={search_term_string}\"},\"query-input\":{\"@type\":\"PropertyValueSpecification\",\"valueRequired\":true,\"valueName\":\"search_term_string\"}}],\"inLanguage\":\"de\"},{\"@type\":\"Organization\",\"@id\":\"https:\\\/\\\/www.vitalibera.org\\\/community\\\/#organization\",\"name\":\"vitalibera.org\",\"url\":\"https:\\\/\\\/www.vitalibera.org\\\/community\\\/\",\"logo\":{\"@type\":\"ImageObject\",\"inLanguage\":\"de\",\"@id\":\"https:\\\/\\\/www.vitalibera.org\\\/community\\\/#\\\/schema\\\/logo\\\/image\\\/\",\"url\":\"https:\\\/\\\/www.vitalibera.org\\\/community\\\/wp-content\\\/uploads\\\/2025\\\/09\\\/cropped-banner.png\",\"contentUrl\":\"https:\\\/\\\/www.vitalibera.org\\\/community\\\/wp-content\\\/uploads\\\/2025\\\/09\\\/cropped-banner.png\",\"width\":991,\"height\":150,\"caption\":\"vitalibera.org\"},\"image\":{\"@id\":\"https:\\\/\\\/www.vitalibera.org\\\/community\\\/#\\\/schema\\\/logo\\\/image\\\/\"},\"sameAs\":[\"https:\\\/\\\/www.facebook.com\\\/groups\\\/2997085857140235\"]},{\"@type\":\"Person\",\"@id\":\"https:\\\/\\\/www.vitalibera.org\\\/community\\\/#\\\/schema\\\/person\\\/6712387298421f222ff6d0a2e22c1534\",\"name\":\"Andreas Jecklin\",\"image\":{\"@type\":\"ImageObject\",\"inLanguage\":\"de\",\"@id\":\"https:\\\/\\\/secure.gravatar.com\\\/avatar\\\/ad516503a11cd5ca435acc9bb6523536?s=96\",\"url\":\"https:\\\/\\\/secure.gravatar.com\\\/avatar\\\/ad516503a11cd5ca435acc9bb6523536?s=96\",\"contentUrl\":\"https:\\\/\\\/secure.gravatar.com\\\/avatar\\\/ad516503a11cd5ca435acc9bb6523536?s=96\",\"caption\":\"Andreas Jecklin\"},\"description\":\"Manchen gab Gott die Kraft Dinge zu ver\u00e4ndern, mir gab er die Kraft zu ertragen was nicht mehr zu \u00e4ndern ist.\",\"url\":\"https:\\\/\\\/www.vitalibera.org\\\/community\\\/author\\\/andy77\\\/\"}]}<\/script>\r\n<!-- \/ Yoast SEO plugin. -->","yoast_head_json":{"title":"Wenn dir alles zu viel wird und \u00fcber den Kopf w\u00e4chst - vitalibera.org","robots":{"index":"index","follow":"follow","max-snippet":"max-snippet:-1","max-image-preview":"max-image-preview:large","max-video-preview":"max-video-preview:-1"},"canonical":"http:\/\/www.vitalibera.org\/community\/2026\/04\/12\/wenn-dir-alles-zu-viel-wird-und-ueber-den-kopf-waechst\/","og_locale":"de_DE","og_type":"article","og_title":"Wenn dir alles zu viel wird und \u00fcber den Kopf w\u00e4chst - vitalibera.org","og_description":"Wenn dir alles zu viel wird und \u00fcber den Kopf w\u00e4chst, ist das kein pers\u00f6nliches Versagen \u2013 es ist ein Signal. Ein Stopp\u2011Schild. Ein \u201eDas System verlangt mehr, als ein Mensch gerade leisten kann\u201c. Und gerade nach neurologischen Ereignissen ist dieses Gef\u00fchl normal, verst\u00e4ndlich und kein Zeichen von Schw\u00e4che. Was dieses Gef\u00fchl wirklich bedeutet Dieses ... Weiterlesen","og_url":"http:\/\/www.vitalibera.org\/community\/2026\/04\/12\/wenn-dir-alles-zu-viel-wird-und-ueber-den-kopf-waechst\/","og_site_name":"vitalibera.org","article_publisher":"https:\/\/www.facebook.com\/groups\/2997085857140235","article_published_time":"2026-04-12T13:22:35+00:00","article_modified_time":"2026-04-12T13:23:52+00:00","og_image":[{"width":486,"height":309,"url":"http:\/\/www.vitalibera.org\/community\/wp-content\/uploads\/2026\/04\/overloaded.png","type":"image\/png"}],"author":"Andreas Jecklin","twitter_card":"summary_large_image","twitter_misc":{"Verfasst von":"Andreas Jecklin","Gesch\u00e4tzte Lesezeit":"6\u00a0Minuten"},"schema":{"@context":"https:\/\/schema.org","@graph":[{"@type":"Article","@id":"http:\/\/www.vitalibera.org\/community\/2026\/04\/12\/wenn-dir-alles-zu-viel-wird-und-ueber-den-kopf-waechst\/#article","isPartOf":{"@id":"http:\/\/www.vitalibera.org\/community\/2026\/04\/12\/wenn-dir-alles-zu-viel-wird-und-ueber-den-kopf-waechst\/"},"author":{"name":"Andreas Jecklin","@id":"https:\/\/www.vitalibera.org\/community\/#\/schema\/person\/6712387298421f222ff6d0a2e22c1534"},"headline":"Wenn dir alles zu viel wird und \u00fcber den Kopf w\u00e4chst","datePublished":"2026-04-12T13:22:35+00:00","dateModified":"2026-04-12T13:23:52+00:00","mainEntityOfPage":{"@id":"http:\/\/www.vitalibera.org\/community\/2026\/04\/12\/wenn-dir-alles-zu-viel-wird-und-ueber-den-kopf-waechst\/"},"wordCount":897,"commentCount":0,"publisher":{"@id":"https:\/\/www.vitalibera.org\/community\/#organization"},"image":{"@id":"http:\/\/www.vitalibera.org\/community\/2026\/04\/12\/wenn-dir-alles-zu-viel-wird-und-ueber-den-kopf-waechst\/#primaryimage"},"thumbnailUrl":"https:\/\/www.vitalibera.org\/community\/wp-content\/uploads\/2026\/04\/overloaded.png","articleSection":["Hilfe f\u00fcr Angeh\u00f6rige"],"inLanguage":"de","potentialAction":[{"@type":"CommentAction","name":"Comment","target":["http:\/\/www.vitalibera.org\/community\/2026\/04\/12\/wenn-dir-alles-zu-viel-wird-und-ueber-den-kopf-waechst\/#respond"]}]},{"@type":"WebPage","@id":"http:\/\/www.vitalibera.org\/community\/2026\/04\/12\/wenn-dir-alles-zu-viel-wird-und-ueber-den-kopf-waechst\/","url":"http:\/\/www.vitalibera.org\/community\/2026\/04\/12\/wenn-dir-alles-zu-viel-wird-und-ueber-den-kopf-waechst\/","name":"Wenn dir alles zu viel wird und \u00fcber den Kopf w\u00e4chst - vitalibera.org","isPartOf":{"@id":"https:\/\/www.vitalibera.org\/community\/#website"},"primaryImageOfPage":{"@id":"http:\/\/www.vitalibera.org\/community\/2026\/04\/12\/wenn-dir-alles-zu-viel-wird-und-ueber-den-kopf-waechst\/#primaryimage"},"image":{"@id":"http:\/\/www.vitalibera.org\/community\/2026\/04\/12\/wenn-dir-alles-zu-viel-wird-und-ueber-den-kopf-waechst\/#primaryimage"},"thumbnailUrl":"https:\/\/www.vitalibera.org\/community\/wp-content\/uploads\/2026\/04\/overloaded.png","datePublished":"2026-04-12T13:22:35+00:00","dateModified":"2026-04-12T13:23:52+00:00","breadcrumb":{"@id":"http:\/\/www.vitalibera.org\/community\/2026\/04\/12\/wenn-dir-alles-zu-viel-wird-und-ueber-den-kopf-waechst\/#breadcrumb"},"inLanguage":"de","potentialAction":[{"@type":"ReadAction","target":["http:\/\/www.vitalibera.org\/community\/2026\/04\/12\/wenn-dir-alles-zu-viel-wird-und-ueber-den-kopf-waechst\/"]}]},{"@type":"BreadcrumbList","@id":"http:\/\/www.vitalibera.org\/community\/2026\/04\/12\/wenn-dir-alles-zu-viel-wird-und-ueber-den-kopf-waechst\/#breadcrumb","itemListElement":[{"@type":"ListItem","position":1,"name":"Startseite","item":"https:\/\/www.vitalibera.org\/community\/"},{"@type":"ListItem","position":2,"name":"Wenn dir alles zu viel wird und \u00fcber den Kopf w\u00e4chst"}]},{"@type":"WebSite","@id":"https:\/\/www.vitalibera.org\/community\/#website","url":"https:\/\/www.vitalibera.org\/community\/","name":"vitalibera.org","description":"Mit einer Einschr&auml;nkung gestaltet sich das Leben im Alltag oft schwieriger - hier berichten wir &uuml;ber unsere Erfahrungen und Hilfsmittel um den Alltag so unbeschwert und unkompliziert wie nur m&ouml;glich geniessen zu k&ouml;nnen. Dabei richten wir unseren Fokus gezielt auf Selbst&auml;ndigkeit, Eigenst&auml;ndigkeit und Selbstbestimmung.","publisher":{"@id":"https:\/\/www.vitalibera.org\/community\/#organization"},"potentialAction":[{"@type":"SearchAction","target":{"@type":"EntryPoint","urlTemplate":"https:\/\/www.vitalibera.org\/community\/?s={search_term_string}"},"query-input":{"@type":"PropertyValueSpecification","valueRequired":true,"valueName":"search_term_string"}}],"inLanguage":"de"},{"@type":"Organization","@id":"https:\/\/www.vitalibera.org\/community\/#organization","name":"vitalibera.org","url":"https:\/\/www.vitalibera.org\/community\/","logo":{"@type":"ImageObject","inLanguage":"de","@id":"https:\/\/www.vitalibera.org\/community\/#\/schema\/logo\/image\/","url":"https:\/\/www.vitalibera.org\/community\/wp-content\/uploads\/2025\/09\/cropped-banner.png","contentUrl":"https:\/\/www.vitalibera.org\/community\/wp-content\/uploads\/2025\/09\/cropped-banner.png","width":991,"height":150,"caption":"vitalibera.org"},"image":{"@id":"https:\/\/www.vitalibera.org\/community\/#\/schema\/logo\/image\/"},"sameAs":["https:\/\/www.facebook.com\/groups\/2997085857140235"]},{"@type":"Person","@id":"https:\/\/www.vitalibera.org\/community\/#\/schema\/person\/6712387298421f222ff6d0a2e22c1534","name":"Andreas Jecklin","image":{"@type":"ImageObject","inLanguage":"de","@id":"https:\/\/secure.gravatar.com\/avatar\/ad516503a11cd5ca435acc9bb6523536?s=96","url":"https:\/\/secure.gravatar.com\/avatar\/ad516503a11cd5ca435acc9bb6523536?s=96","contentUrl":"https:\/\/secure.gravatar.com\/avatar\/ad516503a11cd5ca435acc9bb6523536?s=96","caption":"Andreas Jecklin"},"description":"Manchen gab Gott die Kraft Dinge zu ver\u00e4ndern, mir gab er die Kraft zu ertragen was nicht mehr zu \u00e4ndern ist.","url":"https:\/\/www.vitalibera.org\/community\/author\/andy77\/"}]}},"jetpack_featured_media_url":"https:\/\/www.vitalibera.org\/community\/wp-content\/uploads\/2026\/04\/overloaded.png","jetpack_sharing_enabled":true,"jetpack-related-posts":[],"_links":{"self":[{"href":"https:\/\/www.vitalibera.org\/community\/wp-json\/wp\/v2\/posts\/6681","targetHints":{"allow":["GET"]}}],"collection":[{"href":"https:\/\/www.vitalibera.org\/community\/wp-json\/wp\/v2\/posts"}],"about":[{"href":"https:\/\/www.vitalibera.org\/community\/wp-json\/wp\/v2\/types\/post"}],"author":[{"embeddable":true,"href":"https:\/\/www.vitalibera.org\/community\/wp-json\/wp\/v2\/users\/2"}],"replies":[{"embeddable":true,"href":"https:\/\/www.vitalibera.org\/community\/wp-json\/wp\/v2\/comments?post=6681"}],"version-history":[{"count":1,"href":"https:\/\/www.vitalibera.org\/community\/wp-json\/wp\/v2\/posts\/6681\/revisions"}],"predecessor-version":[{"id":6684,"href":"https:\/\/www.vitalibera.org\/community\/wp-json\/wp\/v2\/posts\/6681\/revisions\/6684"}],"wp:featuredmedia":[{"embeddable":true,"href":"https:\/\/www.vitalibera.org\/community\/wp-json\/wp\/v2\/media\/6682"}],"wp:attachment":[{"href":"https:\/\/www.vitalibera.org\/community\/wp-json\/wp\/v2\/media?parent=6681"}],"wp:term":[{"taxonomy":"category","embeddable":true,"href":"https:\/\/www.vitalibera.org\/community\/wp-json\/wp\/v2\/categories?post=6681"},{"taxonomy":"post_tag","embeddable":true,"href":"https:\/\/www.vitalibera.org\/community\/wp-json\/wp\/v2\/tags?post=6681"}],"curies":[{"name":"wp","href":"https:\/\/api.w.org\/{rel}","templated":true}]}}