{"id":6692,"date":"2026-04-12T17:56:28","date_gmt":"2026-04-12T15:56:28","guid":{"rendered":"https:\/\/www.vitalibera.org\/community\/?p=6692"},"modified":"2026-04-12T18:00:58","modified_gmt":"2026-04-12T16:00:58","slug":"akku-leer-zeit-fuer-energie-reload","status":"publish","type":"post","link":"https:\/\/www.vitalibera.org\/community\/2026\/04\/12\/akku-leer-zeit-fuer-energie-reload\/","title":{"rendered":"Akku leer? Zeit f\u00fcr Energie\u2011Reload!"},"content":{"rendered":"\n<div class=\"wp-block-media-text is-stacked-on-mobile\"><figure class=\"wp-block-media-text__media\"><img fetchpriority=\"high\" decoding=\"async\" width=\"376\" height=\"376\" src=\"http:\/\/www.vitalibera.org\/community\/wp-content\/uploads\/2026\/04\/load1.png\" alt=\"\" class=\"wp-image-6694 size-full\" srcset=\"https:\/\/www.vitalibera.org\/community\/wp-content\/uploads\/2026\/04\/load1.png 376w, https:\/\/www.vitalibera.org\/community\/wp-content\/uploads\/2026\/04\/load1-300x300.png 300w, https:\/\/www.vitalibera.org\/community\/wp-content\/uploads\/2026\/04\/load1-150x150.png 150w\" sizes=\"(max-width: 376px) 100vw, 376px\" \/><\/figure><div class=\"wp-block-media-text__content\">\n<p>Manchmal ist der Akku nicht leer, sondern einfach &uuml;berlastet. Das Gehirn sendet Signale, dass es eine Pause braucht, bevor es weiterarbeiten kann. <\/p>\n\n\n\n<p>Ein Energie&#8209;Refresh ist kein Luxus, sondern ein notwendiger Reset, damit dein System wieder stabil l&auml;uft.<\/p>\n\n\n\n<p><strong>Energie tanken beginnt dort, wo du kurz inneh&auml;ltst. Ein Atemzug. Ein Moment Ruhe. Ein kleiner Schritt zur&uuml;ck, damit dein System wieder nach vorne kann<\/strong>.<\/p>\n<\/div><\/div>\n\n\n\n<h5 class=\"wp-block-heading\"><strong>Neurofreundliche Energie&#8209;Refresh&#8209;Strategie<\/strong><\/h5>\n\n\n\n<h6 class=\"wp-block-heading\"><strong>K&ouml;rper aktivieren &ndash; aber sanft<\/strong><\/h6>\n\n\n\n<ul class=\"wp-block-list\">\n<li><strong>Bewegung mit wenig Reiz:<\/strong> 2&ndash;3 Minuten Schulterkr<a href=\"https:\/\/www.vitalibera.org\/community\/enzyklopaedie\/eisen\/\" target=\"_self\" title=\"Eisen&nbsp;ist das im K&ouml;rper am meisten vorkommende Spurenelement. Es ist ein wesentlicher Bestandteil des roten Blutfarbstoffs (H&auml;moglobin) und f&uuml;r den Sauerstofftransport wichtig. Weitere Aufgaben erf&uuml;llt Eisen in der Muskulatur, wo es in Form des Eiwei&szlig;stoffes Myoglobin der Sauerstoffspeicherung dient. Dar&uuml;ber hinaus ist Eisen generell f&uuml;r alle rasch wachsenden Gewebe des K&ouml;rpers erforderlich. Im Labor ist&hellip;\" class=\"encyclopedia\">eisen<\/a>, Dehnen, leichtes Sch&uuml;tteln.<\/li>\n\n\n\n<li><strong>Atmung verl&auml;ngern:<\/strong> 4 Sekunden ein, 6 Sekunden aus.<\/li>\n\n\n\n<li><strong>Mini&#8209;W&auml;rme oder K&auml;lte:<\/strong> H&auml;nde unter warmes Wasser oder kalten Lappen auf Stirn. &rarr; <em>Signal an das Nervensystem: &bdquo;Ich bin sicher.&ldquo;<\/em><\/li>\n<\/ul>\n\n\n\n<h6 class=\"wp-block-heading\"><strong>Sinnes&#8209;Reset<\/strong><\/h6>\n\n\n\n<ul class=\"wp-block-list\">\n<li><strong>Licht reduzieren:<\/strong> kurz Augen schlie&szlig;en oder Sonnenbrille aufsetzen.<\/li>\n\n\n\n<li><strong>Ger&auml;usche filtern:<\/strong> Ohrst&ouml;psel oder ruhige Musik mit gleichm&auml;&szlig;igem Rhythmus.<\/li>\n\n\n\n<li><strong>Geruch als Anker:<\/strong> Lieblingsduft, Kaffee, &auml;therisches &Ouml;l. &rarr; <em>Hilft, Reiz&uuml;berflutung zu stoppen.<\/em><\/li>\n<\/ul>\n\n\n\n<h6 class=\"wp-block-heading\"><strong>Mentale Entlastung<\/strong><\/h6>\n\n\n\n<ul class=\"wp-block-list\">\n<li><strong>Gedanken parken:<\/strong> Notiere alles auf ein Blatt &ndash; kein Sortieren, nur Abladen.<\/li>\n\n\n\n<li><strong>Mini&#8209;Mantra:<\/strong> &bdquo;Ich darf jetzt nichts leisten.&ldquo;<\/li>\n\n\n\n<li><strong>Visualisierung:<\/strong> Stell dir vor, dein Akku l&auml;dt sich wie ein Handy auf. &rarr; <em>Kognitive Last sinkt, Energie steigt.<\/em><\/li>\n<\/ul>\n\n\n\n<h6 class=\"wp-block-heading\"><strong>Soziale und emotionale Regeneration<\/strong><\/h6>\n\n\n\n<ul class=\"wp-block-list\">\n<li><strong>Kurze Verbindung:<\/strong> Nachricht an vertraute Person &ndash; kein Gespr&auml;ch, nur &bdquo;Ich bin da.&ldquo;<\/li>\n\n\n\n<li><strong>Selbstmitgef&uuml;hl aktivieren:<\/strong> &bdquo;Ich tue mein Bestes mit dem, was ich habe.&ldquo;<\/li>\n\n\n\n<li><strong>Humor oder Leichtigkeit:<\/strong> Comic, Meme, Ger&auml;usch, das dich schmunzeln l&auml;sst. &rarr; <em>Emotionale Energie ist echte Energie.<\/em><\/li>\n<\/ul>\n\n\n\n<h6 class=\"wp-block-heading\"><strong>Abschluss&#8209;Ritual<\/strong><\/h6>\n\n\n\n<ul class=\"wp-block-list\">\n<li><strong>1 Glas Wasser.<\/strong><\/li>\n\n\n\n<li><strong>1 bewusster Atemzug.<\/strong><\/li>\n\n\n\n<li><strong>1 Satz:<\/strong> &bdquo;Ich bin wieder im System.&ldquo;<\/li>\n<\/ul>\n\n\n\n<div class=\"wp-block-media-text is-stacked-on-mobile is-vertically-aligned-top\"><figure class=\"wp-block-media-text__media\"><img decoding=\"async\" width=\"302\" height=\"277\" src=\"http:\/\/www.vitalibera.org\/community\/wp-content\/uploads\/2026\/03\/tip3.png\" alt=\"\" class=\"wp-image-6087 size-full\" srcset=\"https:\/\/www.vitalibera.org\/community\/wp-content\/uploads\/2026\/03\/tip3.png 302w, https:\/\/www.vitalibera.org\/community\/wp-content\/uploads\/2026\/03\/tip3-300x275.png 300w\" sizes=\"(max-width: 302px) 100vw, 302px\" \/><\/figure><div class=\"wp-block-media-text__content\">\n<p><strong>&Uuml;bung: &bdquo;Energie&#8209;Refresh in 5 Schritten&ldquo;<\/strong><\/p>\n\n\n\n<p><strong>Dauer:<\/strong> 3&ndash;6 Minuten <strong>Ziel:<\/strong> Nervensystem beruhigen, Energie zur&uuml;ckholen, Kopf sortieren<\/p>\n\n\n\n<h6 class=\"wp-block-heading\"><strong>System runterfahren (30&ndash;60 Sekunden)<\/strong><\/h6>\n\n\n\n<p><strong>Ziel:<\/strong> Reize reduzieren, Nervensystem beruhigen.<\/p>\n\n\n\n<ul class=\"wp-block-list\">\n<li>Setz dich hin oder lehn dich an.<\/li>\n\n\n\n<li>Schlie&szlig;e die Augen oder senke den Blick.<\/li>\n\n\n\n<li>Atme einmal tief ein und doppelt so lang aus.<\/li>\n\n\n\n<li>Lass Schultern und Kiefer bewusst sinken.<\/li>\n<\/ul>\n\n\n\n<p><strong>Mini&#8209;Satz:<\/strong> <em>&bdquo;Ich muss gerade nichts leisten.&ldquo;<\/em><\/p>\n\n\n\n<h6 class=\"wp-block-heading\"><strong>K&ouml;rper aktivieren (60 Sekunden)<\/strong><\/h6>\n\n\n\n<p><strong>Ziel:<\/strong> Spannung l&ouml;sen, Energie mobilisieren.<\/p>\n\n\n\n<ul class=\"wp-block-list\">\n<li>Kreise langsam die Schultern 5&times; nach hinten.<\/li>\n\n\n\n<li>Sch&uuml;ttle H&auml;nde und Unterarme 10 Sekunden aus.<\/li>\n\n\n\n<li>Lege eine Hand auf Brust oder Bauch und atme 3&times; ruhig ein und aus.<\/li>\n<\/ul>\n\n\n\n<p><strong>Wirkung:<\/strong> K&ouml;rperliche Mikro&#8209;Bewegung signalisiert Sicherheit &rarr; Energie steigt.<\/p>\n\n\n\n<h6 class=\"wp-block-heading\"><strong>Sinnes&#8209;Reset (60&ndash;90 Sekunden)<\/strong><\/h6>\n\n\n\n<p><strong>Ziel:<\/strong> Reiz&uuml;berflutung stoppen, Klarheit schaffen.<\/p>\n\n\n\n<p>W&auml;hle <strong>eine<\/strong> der folgenden Optionen:<\/p>\n\n\n\n<ul class=\"wp-block-list\">\n<li><strong>K&auml;lte:<\/strong> kalter Lappen auf Stirn oder Nacken.<\/li>\n\n\n\n<li><strong>W&auml;rme:<\/strong> H&auml;nde an eine Tasse oder W&auml;rmekissen.<\/li>\n\n\n\n<li><strong>Geruch:<\/strong> Lieblingsduft, Kaffee, &auml;therisches &Ouml;l.<\/li>\n\n\n\n<li><strong>Licht:<\/strong> Augen schlie&szlig;en oder Sonnenbrille aufsetzen.<\/li>\n<\/ul>\n\n\n\n<p><strong>Wirkung:<\/strong> Das Gehirn bekommt einen klaren, einfachen Reiz &rarr; Reset.<\/p>\n\n\n\n<h6 class=\"wp-block-heading\"><strong>Kopf entlasten (60&ndash;90 Sekunden)<\/strong><\/h6>\n\n\n\n<p><strong>Ziel:<\/strong> Gedanken sortieren, Druck rausnehmen.<\/p>\n\n\n\n<ul class=\"wp-block-list\">\n<li>Nimm ein Blatt oder Handy.<\/li>\n\n\n\n<li>Schreibe <strong>alles<\/strong>, was im Kopf ist, ungefiltert auf.<\/li>\n\n\n\n<li>Keine Struktur, keine Priorisierung &ndash; nur abladen.<\/li>\n<\/ul>\n\n\n\n<p><strong>Mini&#8209;Satz:<\/strong> <em>&bdquo;Ich parke das. Ich muss es nicht tragen.&ldquo;<\/em><\/p>\n\n\n\n<h6 class=\"wp-block-heading\"><strong>Energie b&uuml;ndeln (30 Sekunden)<\/strong><\/h6>\n\n\n\n<p><strong>Ziel:<\/strong> Fokus zur&uuml;ckholen, &Uuml;berforderung reduzieren.<\/p>\n\n\n\n<ul class=\"wp-block-list\">\n<li>Lies deine Notizen kurz durch.<\/li>\n\n\n\n<li>W&auml;hle <strong>eine einzige<\/strong> Sache, die jetzt realistisch ist.<\/li>\n\n\n\n<li>Alles andere bleibt geparkt.<\/li>\n<\/ul>\n\n\n\n<p><strong>Mini&#8209;Satz:<\/strong> <em>&bdquo;Nur ein Schritt. Nicht mehr.&ldquo;<\/em><\/p>\n\n\n\n<h6 class=\"wp-block-heading\"><strong>Optionaler Abschluss (10 Sekunden)<\/strong><\/h6>\n\n\n\n<ul class=\"wp-block-list\">\n<li>Trink ein Glas Wasser.<\/li>\n\n\n\n<li>Atme einmal tief ein.<\/li>\n\n\n\n<li>Richte dich auf.<\/li>\n<\/ul>\n\n\n\n<p><strong>Fertig. Dein System ist wieder im gr&uuml;nen Bereich.<\/strong><\/p>\n\n\n\n<p>Diese Strategie l&auml;sst sich optimal in deinen Alltag einbauen.<\/p>\n\n\n\n<p><\/p>\n<\/div><\/div>\n","protected":false},"excerpt":{"rendered":"<p>Manchmal ist der Akku nicht leer, sondern einfach \u00fcberlastet. Das Gehirn sendet Signale, dass es eine Pause braucht, bevor es weiterarbeiten kann. Ein Energie\u2011Refresh ist kein Luxus, sondern ein notwendiger Reset, damit dein System wieder stabil l\u00e4uft. Energie tanken beginnt dort, wo du kurz inneh\u00e4ltst. Ein Atemzug. Ein Moment Ruhe. Ein kleiner Schritt zur\u00fcck, damit &#8230; <a title=\"Akku leer? Zeit f\u00fcr Energie\u2011Reload!\" class=\"read-more\" href=\"https:\/\/www.vitalibera.org\/community\/2026\/04\/12\/akku-leer-zeit-fuer-energie-reload\/\" aria-label=\"Mehr Informationen \u00fcber Akku leer? Zeit f\u00fcr Energie\u2011Reload!\">Weiterlesen<\/a><\/p>\n","protected":false},"author":2,"featured_media":6694,"comment_status":"open","ping_status":"open","sticky":false,"template":"","format":"standard","meta":{"cybocfi_hide_featured_image":"yes","_jetpack_memberships_contains_paid_content":false,"footnotes":""},"categories":[225,70,160],"tags":[],"class_list":["post-6692","post","type-post","status-publish","format-standard","has-post-thumbnail","hentry","category-hilfe-fuer-angehoerige","category-strategien","category-therapien"],"yoast_head":"<!-- This site is optimized with the Yoast SEO plugin v27.4 - https:\/\/yoast.com\/product\/yoast-seo-wordpress\/ -->\r\n<title>Akku leer? Zeit f\u00fcr Energie\u2011Reload! - vitalibera.org<\/title>\r\n<meta name=\"robots\" content=\"index, follow, max-snippet:-1, max-image-preview:large, max-video-preview:-1\" \/>\r\n<link rel=\"canonical\" href=\"http:\/\/www.vitalibera.org\/community\/2026\/04\/12\/akku-leer-zeit-fuer-energie-reload\/\" \/>\r\n<meta property=\"og:locale\" content=\"de_DE\" \/>\r\n<meta property=\"og:type\" content=\"article\" \/>\r\n<meta property=\"og:title\" content=\"Akku leer? Zeit f\u00fcr Energie\u2011Reload! - vitalibera.org\" \/>\r\n<meta property=\"og:description\" content=\"Manchmal ist der Akku nicht leer, sondern einfach \u00fcberlastet. Das Gehirn sendet Signale, dass es eine Pause braucht, bevor es weiterarbeiten kann. Ein Energie\u2011Refresh ist kein Luxus, sondern ein notwendiger Reset, damit dein System wieder stabil l\u00e4uft. Energie tanken beginnt dort, wo du kurz inneh\u00e4ltst. Ein Atemzug. Ein Moment Ruhe. Ein kleiner Schritt zur\u00fcck, damit ... Weiterlesen\" \/>\r\n<meta property=\"og:url\" content=\"http:\/\/www.vitalibera.org\/community\/2026\/04\/12\/akku-leer-zeit-fuer-energie-reload\/\" \/>\r\n<meta property=\"og:site_name\" content=\"vitalibera.org\" \/>\r\n<meta property=\"article:publisher\" content=\"https:\/\/www.facebook.com\/groups\/2997085857140235\" \/>\r\n<meta property=\"article:published_time\" content=\"2026-04-12T15:56:28+00:00\" \/>\r\n<meta property=\"article:modified_time\" content=\"2026-04-12T16:00:58+00:00\" \/>\r\n<meta property=\"og:image\" content=\"http:\/\/www.vitalibera.org\/community\/wp-content\/uploads\/2026\/04\/load1.png\" \/>\r\n\t<meta property=\"og:image:width\" content=\"376\" \/>\r\n\t<meta property=\"og:image:height\" content=\"376\" \/>\r\n\t<meta property=\"og:image:type\" content=\"image\/png\" \/>\r\n<meta name=\"author\" content=\"Andreas Jecklin\" \/>\r\n<meta name=\"twitter:card\" content=\"summary_large_image\" \/>\r\n<meta name=\"twitter:label1\" content=\"Verfasst von\" \/>\n\t<meta name=\"twitter:data1\" content=\"Andreas Jecklin\" \/>\n\t<meta name=\"twitter:label2\" content=\"Gesch\u00e4tzte Lesezeit\" \/>\n\t<meta name=\"twitter:data2\" content=\"4\u00a0Minuten\" \/>\r\n<script type=\"application\/ld+json\" class=\"yoast-schema-graph\">{\"@context\":\"https:\\\/\\\/schema.org\",\"@graph\":[{\"@type\":\"Article\",\"@id\":\"http:\\\/\\\/www.vitalibera.org\\\/community\\\/2026\\\/04\\\/12\\\/akku-leer-zeit-fuer-energie-reload\\\/#article\",\"isPartOf\":{\"@id\":\"http:\\\/\\\/www.vitalibera.org\\\/community\\\/2026\\\/04\\\/12\\\/akku-leer-zeit-fuer-energie-reload\\\/\"},\"author\":{\"name\":\"Andreas Jecklin\",\"@id\":\"https:\\\/\\\/www.vitalibera.org\\\/community\\\/#\\\/schema\\\/person\\\/6712387298421f222ff6d0a2e22c1534\"},\"headline\":\"Akku leer? Zeit f\u00fcr Energie\u2011Reload!\",\"datePublished\":\"2026-04-12T15:56:28+00:00\",\"dateModified\":\"2026-04-12T16:00:58+00:00\",\"mainEntityOfPage\":{\"@id\":\"http:\\\/\\\/www.vitalibera.org\\\/community\\\/2026\\\/04\\\/12\\\/akku-leer-zeit-fuer-energie-reload\\\/\"},\"wordCount\":517,\"commentCount\":0,\"publisher\":{\"@id\":\"https:\\\/\\\/www.vitalibera.org\\\/community\\\/#organization\"},\"image\":{\"@id\":\"http:\\\/\\\/www.vitalibera.org\\\/community\\\/2026\\\/04\\\/12\\\/akku-leer-zeit-fuer-energie-reload\\\/#primaryimage\"},\"thumbnailUrl\":\"https:\\\/\\\/www.vitalibera.org\\\/community\\\/wp-content\\\/uploads\\\/2026\\\/04\\\/load1.png\",\"articleSection\":[\"Hilfe f\u00fcr Angeh\u00f6rige\",\"Strategien\",\"Therapien\"],\"inLanguage\":\"de\",\"potentialAction\":[{\"@type\":\"CommentAction\",\"name\":\"Comment\",\"target\":[\"http:\\\/\\\/www.vitalibera.org\\\/community\\\/2026\\\/04\\\/12\\\/akku-leer-zeit-fuer-energie-reload\\\/#respond\"]}]},{\"@type\":\"WebPage\",\"@id\":\"http:\\\/\\\/www.vitalibera.org\\\/community\\\/2026\\\/04\\\/12\\\/akku-leer-zeit-fuer-energie-reload\\\/\",\"url\":\"http:\\\/\\\/www.vitalibera.org\\\/community\\\/2026\\\/04\\\/12\\\/akku-leer-zeit-fuer-energie-reload\\\/\",\"name\":\"Akku leer? Zeit f\u00fcr Energie\u2011Reload! - vitalibera.org\",\"isPartOf\":{\"@id\":\"https:\\\/\\\/www.vitalibera.org\\\/community\\\/#website\"},\"primaryImageOfPage\":{\"@id\":\"http:\\\/\\\/www.vitalibera.org\\\/community\\\/2026\\\/04\\\/12\\\/akku-leer-zeit-fuer-energie-reload\\\/#primaryimage\"},\"image\":{\"@id\":\"http:\\\/\\\/www.vitalibera.org\\\/community\\\/2026\\\/04\\\/12\\\/akku-leer-zeit-fuer-energie-reload\\\/#primaryimage\"},\"thumbnailUrl\":\"https:\\\/\\\/www.vitalibera.org\\\/community\\\/wp-content\\\/uploads\\\/2026\\\/04\\\/load1.png\",\"datePublished\":\"2026-04-12T15:56:28+00:00\",\"dateModified\":\"2026-04-12T16:00:58+00:00\",\"breadcrumb\":{\"@id\":\"http:\\\/\\\/www.vitalibera.org\\\/community\\\/2026\\\/04\\\/12\\\/akku-leer-zeit-fuer-energie-reload\\\/#breadcrumb\"},\"inLanguage\":\"de\",\"potentialAction\":[{\"@type\":\"ReadAction\",\"target\":[\"http:\\\/\\\/www.vitalibera.org\\\/community\\\/2026\\\/04\\\/12\\\/akku-leer-zeit-fuer-energie-reload\\\/\"]}]},{\"@type\":\"BreadcrumbList\",\"@id\":\"http:\\\/\\\/www.vitalibera.org\\\/community\\\/2026\\\/04\\\/12\\\/akku-leer-zeit-fuer-energie-reload\\\/#breadcrumb\",\"itemListElement\":[{\"@type\":\"ListItem\",\"position\":1,\"name\":\"Startseite\",\"item\":\"https:\\\/\\\/www.vitalibera.org\\\/community\\\/\"},{\"@type\":\"ListItem\",\"position\":2,\"name\":\"Akku leer? Zeit f\u00fcr Energie\u2011Reload!\"}]},{\"@type\":\"WebSite\",\"@id\":\"https:\\\/\\\/www.vitalibera.org\\\/community\\\/#website\",\"url\":\"https:\\\/\\\/www.vitalibera.org\\\/community\\\/\",\"name\":\"vitalibera.org\",\"description\":\"Mit einer Einschr&auml;nkung gestaltet sich das Leben im Alltag oft schwieriger - hier berichten wir &uuml;ber unsere Erfahrungen und Hilfsmittel um den Alltag so unbeschwert und unkompliziert wie nur m&ouml;glich geniessen zu k&ouml;nnen. Dabei richten wir unseren Fokus gezielt auf Selbst&auml;ndigkeit, Eigenst&auml;ndigkeit und Selbstbestimmung.\",\"publisher\":{\"@id\":\"https:\\\/\\\/www.vitalibera.org\\\/community\\\/#organization\"},\"potentialAction\":[{\"@type\":\"SearchAction\",\"target\":{\"@type\":\"EntryPoint\",\"urlTemplate\":\"https:\\\/\\\/www.vitalibera.org\\\/community\\\/?s={search_term_string}\"},\"query-input\":{\"@type\":\"PropertyValueSpecification\",\"valueRequired\":true,\"valueName\":\"search_term_string\"}}],\"inLanguage\":\"de\"},{\"@type\":\"Organization\",\"@id\":\"https:\\\/\\\/www.vitalibera.org\\\/community\\\/#organization\",\"name\":\"vitalibera.org\",\"url\":\"https:\\\/\\\/www.vitalibera.org\\\/community\\\/\",\"logo\":{\"@type\":\"ImageObject\",\"inLanguage\":\"de\",\"@id\":\"https:\\\/\\\/www.vitalibera.org\\\/community\\\/#\\\/schema\\\/logo\\\/image\\\/\",\"url\":\"https:\\\/\\\/www.vitalibera.org\\\/community\\\/wp-content\\\/uploads\\\/2025\\\/09\\\/cropped-banner.png\",\"contentUrl\":\"https:\\\/\\\/www.vitalibera.org\\\/community\\\/wp-content\\\/uploads\\\/2025\\\/09\\\/cropped-banner.png\",\"width\":991,\"height\":150,\"caption\":\"vitalibera.org\"},\"image\":{\"@id\":\"https:\\\/\\\/www.vitalibera.org\\\/community\\\/#\\\/schema\\\/logo\\\/image\\\/\"},\"sameAs\":[\"https:\\\/\\\/www.facebook.com\\\/groups\\\/2997085857140235\"]},{\"@type\":\"Person\",\"@id\":\"https:\\\/\\\/www.vitalibera.org\\\/community\\\/#\\\/schema\\\/person\\\/6712387298421f222ff6d0a2e22c1534\",\"name\":\"Andreas Jecklin\",\"image\":{\"@type\":\"ImageObject\",\"inLanguage\":\"de\",\"@id\":\"https:\\\/\\\/secure.gravatar.com\\\/avatar\\\/ad516503a11cd5ca435acc9bb6523536?s=96\",\"url\":\"https:\\\/\\\/secure.gravatar.com\\\/avatar\\\/ad516503a11cd5ca435acc9bb6523536?s=96\",\"contentUrl\":\"https:\\\/\\\/secure.gravatar.com\\\/avatar\\\/ad516503a11cd5ca435acc9bb6523536?s=96\",\"caption\":\"Andreas Jecklin\"},\"description\":\"Manchen gab Gott die Kraft Dinge zu ver\u00e4ndern, mir gab er die Kraft zu ertragen was nicht mehr zu \u00e4ndern ist.\",\"url\":\"https:\\\/\\\/www.vitalibera.org\\\/community\\\/author\\\/andy77\\\/\"}]}<\/script>\r\n<!-- \/ Yoast SEO plugin. -->","yoast_head_json":{"title":"Akku leer? Zeit f\u00fcr Energie\u2011Reload! - vitalibera.org","robots":{"index":"index","follow":"follow","max-snippet":"max-snippet:-1","max-image-preview":"max-image-preview:large","max-video-preview":"max-video-preview:-1"},"canonical":"http:\/\/www.vitalibera.org\/community\/2026\/04\/12\/akku-leer-zeit-fuer-energie-reload\/","og_locale":"de_DE","og_type":"article","og_title":"Akku leer? Zeit f\u00fcr Energie\u2011Reload! - vitalibera.org","og_description":"Manchmal ist der Akku nicht leer, sondern einfach \u00fcberlastet. Das Gehirn sendet Signale, dass es eine Pause braucht, bevor es weiterarbeiten kann. Ein Energie\u2011Refresh ist kein Luxus, sondern ein notwendiger Reset, damit dein System wieder stabil l\u00e4uft. Energie tanken beginnt dort, wo du kurz inneh\u00e4ltst. Ein Atemzug. Ein Moment Ruhe. Ein kleiner Schritt zur\u00fcck, damit ... Weiterlesen","og_url":"http:\/\/www.vitalibera.org\/community\/2026\/04\/12\/akku-leer-zeit-fuer-energie-reload\/","og_site_name":"vitalibera.org","article_publisher":"https:\/\/www.facebook.com\/groups\/2997085857140235","article_published_time":"2026-04-12T15:56:28+00:00","article_modified_time":"2026-04-12T16:00:58+00:00","og_image":[{"width":376,"height":376,"url":"http:\/\/www.vitalibera.org\/community\/wp-content\/uploads\/2026\/04\/load1.png","type":"image\/png"}],"author":"Andreas Jecklin","twitter_card":"summary_large_image","twitter_misc":{"Verfasst von":"Andreas Jecklin","Gesch\u00e4tzte Lesezeit":"4\u00a0Minuten"},"schema":{"@context":"https:\/\/schema.org","@graph":[{"@type":"Article","@id":"http:\/\/www.vitalibera.org\/community\/2026\/04\/12\/akku-leer-zeit-fuer-energie-reload\/#article","isPartOf":{"@id":"http:\/\/www.vitalibera.org\/community\/2026\/04\/12\/akku-leer-zeit-fuer-energie-reload\/"},"author":{"name":"Andreas Jecklin","@id":"https:\/\/www.vitalibera.org\/community\/#\/schema\/person\/6712387298421f222ff6d0a2e22c1534"},"headline":"Akku leer? Zeit f\u00fcr Energie\u2011Reload!","datePublished":"2026-04-12T15:56:28+00:00","dateModified":"2026-04-12T16:00:58+00:00","mainEntityOfPage":{"@id":"http:\/\/www.vitalibera.org\/community\/2026\/04\/12\/akku-leer-zeit-fuer-energie-reload\/"},"wordCount":517,"commentCount":0,"publisher":{"@id":"https:\/\/www.vitalibera.org\/community\/#organization"},"image":{"@id":"http:\/\/www.vitalibera.org\/community\/2026\/04\/12\/akku-leer-zeit-fuer-energie-reload\/#primaryimage"},"thumbnailUrl":"https:\/\/www.vitalibera.org\/community\/wp-content\/uploads\/2026\/04\/load1.png","articleSection":["Hilfe f\u00fcr Angeh\u00f6rige","Strategien","Therapien"],"inLanguage":"de","potentialAction":[{"@type":"CommentAction","name":"Comment","target":["http:\/\/www.vitalibera.org\/community\/2026\/04\/12\/akku-leer-zeit-fuer-energie-reload\/#respond"]}]},{"@type":"WebPage","@id":"http:\/\/www.vitalibera.org\/community\/2026\/04\/12\/akku-leer-zeit-fuer-energie-reload\/","url":"http:\/\/www.vitalibera.org\/community\/2026\/04\/12\/akku-leer-zeit-fuer-energie-reload\/","name":"Akku leer? Zeit f\u00fcr Energie\u2011Reload! - vitalibera.org","isPartOf":{"@id":"https:\/\/www.vitalibera.org\/community\/#website"},"primaryImageOfPage":{"@id":"http:\/\/www.vitalibera.org\/community\/2026\/04\/12\/akku-leer-zeit-fuer-energie-reload\/#primaryimage"},"image":{"@id":"http:\/\/www.vitalibera.org\/community\/2026\/04\/12\/akku-leer-zeit-fuer-energie-reload\/#primaryimage"},"thumbnailUrl":"https:\/\/www.vitalibera.org\/community\/wp-content\/uploads\/2026\/04\/load1.png","datePublished":"2026-04-12T15:56:28+00:00","dateModified":"2026-04-12T16:00:58+00:00","breadcrumb":{"@id":"http:\/\/www.vitalibera.org\/community\/2026\/04\/12\/akku-leer-zeit-fuer-energie-reload\/#breadcrumb"},"inLanguage":"de","potentialAction":[{"@type":"ReadAction","target":["http:\/\/www.vitalibera.org\/community\/2026\/04\/12\/akku-leer-zeit-fuer-energie-reload\/"]}]},{"@type":"BreadcrumbList","@id":"http:\/\/www.vitalibera.org\/community\/2026\/04\/12\/akku-leer-zeit-fuer-energie-reload\/#breadcrumb","itemListElement":[{"@type":"ListItem","position":1,"name":"Startseite","item":"https:\/\/www.vitalibera.org\/community\/"},{"@type":"ListItem","position":2,"name":"Akku leer? Zeit f\u00fcr Energie\u2011Reload!"}]},{"@type":"WebSite","@id":"https:\/\/www.vitalibera.org\/community\/#website","url":"https:\/\/www.vitalibera.org\/community\/","name":"vitalibera.org","description":"Mit einer Einschr&auml;nkung gestaltet sich das Leben im Alltag oft schwieriger - hier berichten wir &uuml;ber unsere Erfahrungen und Hilfsmittel um den Alltag so unbeschwert und unkompliziert wie nur m&ouml;glich geniessen zu k&ouml;nnen. Dabei richten wir unseren Fokus gezielt auf Selbst&auml;ndigkeit, Eigenst&auml;ndigkeit und Selbstbestimmung.","publisher":{"@id":"https:\/\/www.vitalibera.org\/community\/#organization"},"potentialAction":[{"@type":"SearchAction","target":{"@type":"EntryPoint","urlTemplate":"https:\/\/www.vitalibera.org\/community\/?s={search_term_string}"},"query-input":{"@type":"PropertyValueSpecification","valueRequired":true,"valueName":"search_term_string"}}],"inLanguage":"de"},{"@type":"Organization","@id":"https:\/\/www.vitalibera.org\/community\/#organization","name":"vitalibera.org","url":"https:\/\/www.vitalibera.org\/community\/","logo":{"@type":"ImageObject","inLanguage":"de","@id":"https:\/\/www.vitalibera.org\/community\/#\/schema\/logo\/image\/","url":"https:\/\/www.vitalibera.org\/community\/wp-content\/uploads\/2025\/09\/cropped-banner.png","contentUrl":"https:\/\/www.vitalibera.org\/community\/wp-content\/uploads\/2025\/09\/cropped-banner.png","width":991,"height":150,"caption":"vitalibera.org"},"image":{"@id":"https:\/\/www.vitalibera.org\/community\/#\/schema\/logo\/image\/"},"sameAs":["https:\/\/www.facebook.com\/groups\/2997085857140235"]},{"@type":"Person","@id":"https:\/\/www.vitalibera.org\/community\/#\/schema\/person\/6712387298421f222ff6d0a2e22c1534","name":"Andreas Jecklin","image":{"@type":"ImageObject","inLanguage":"de","@id":"https:\/\/secure.gravatar.com\/avatar\/ad516503a11cd5ca435acc9bb6523536?s=96","url":"https:\/\/secure.gravatar.com\/avatar\/ad516503a11cd5ca435acc9bb6523536?s=96","contentUrl":"https:\/\/secure.gravatar.com\/avatar\/ad516503a11cd5ca435acc9bb6523536?s=96","caption":"Andreas Jecklin"},"description":"Manchen gab Gott die Kraft Dinge zu ver\u00e4ndern, mir gab er die Kraft zu ertragen was nicht mehr zu \u00e4ndern ist.","url":"https:\/\/www.vitalibera.org\/community\/author\/andy77\/"}]}},"jetpack_featured_media_url":"https:\/\/www.vitalibera.org\/community\/wp-content\/uploads\/2026\/04\/load1.png","jetpack_sharing_enabled":true,"jetpack-related-posts":[],"_links":{"self":[{"href":"https:\/\/www.vitalibera.org\/community\/wp-json\/wp\/v2\/posts\/6692","targetHints":{"allow":["GET"]}}],"collection":[{"href":"https:\/\/www.vitalibera.org\/community\/wp-json\/wp\/v2\/posts"}],"about":[{"href":"https:\/\/www.vitalibera.org\/community\/wp-json\/wp\/v2\/types\/post"}],"author":[{"embeddable":true,"href":"https:\/\/www.vitalibera.org\/community\/wp-json\/wp\/v2\/users\/2"}],"replies":[{"embeddable":true,"href":"https:\/\/www.vitalibera.org\/community\/wp-json\/wp\/v2\/comments?post=6692"}],"version-history":[{"count":2,"href":"https:\/\/www.vitalibera.org\/community\/wp-json\/wp\/v2\/posts\/6692\/revisions"}],"predecessor-version":[{"id":6697,"href":"https:\/\/www.vitalibera.org\/community\/wp-json\/wp\/v2\/posts\/6692\/revisions\/6697"}],"wp:featuredmedia":[{"embeddable":true,"href":"https:\/\/www.vitalibera.org\/community\/wp-json\/wp\/v2\/media\/6694"}],"wp:attachment":[{"href":"https:\/\/www.vitalibera.org\/community\/wp-json\/wp\/v2\/media?parent=6692"}],"wp:term":[{"taxonomy":"category","embeddable":true,"href":"https:\/\/www.vitalibera.org\/community\/wp-json\/wp\/v2\/categories?post=6692"},{"taxonomy":"post_tag","embeddable":true,"href":"https:\/\/www.vitalibera.org\/community\/wp-json\/wp\/v2\/tags?post=6692"}],"curies":[{"name":"wp","href":"https:\/\/api.w.org\/{rel}","templated":true}]}}