{"id":6698,"date":"2026-04-13T00:01:07","date_gmt":"2026-04-12T22:01:07","guid":{"rendered":"https:\/\/www.vitalibera.org\/community\/?p=6698"},"modified":"2026-04-13T00:02:27","modified_gmt":"2026-04-12T22:02:27","slug":"wenn-behoerden-und-aemter-nur-vertroesten","status":"publish","type":"post","link":"https:\/\/www.vitalibera.org\/community\/2026\/04\/13\/wenn-behoerden-und-aemter-nur-vertroesten\/","title":{"rendered":"Wenn Beh\u00f6rden und \u00c4mter nur vertr\u00f6sten"},"content":{"rendered":"\n<div class=\"wp-block-media-text is-stacked-on-mobile\"><figure class=\"wp-block-media-text__media\"><img fetchpriority=\"high\" decoding=\"async\" width=\"361\" height=\"395\" src=\"https:\/\/www.vitalibera.org\/community\/wp-content\/uploads\/2026\/04\/behoerde1.png\" alt=\"\" class=\"wp-image-6701 size-full\" srcset=\"https:\/\/www.vitalibera.org\/community\/wp-content\/uploads\/2026\/04\/behoerde1.png 361w, https:\/\/www.vitalibera.org\/community\/wp-content\/uploads\/2026\/04\/behoerde1-274x300.png 274w\" sizes=\"(max-width: 361px) 100vw, 361px\" \/><\/figure><div class=\"wp-block-media-text__content\">\n<p>Wenn <strong>Beh&ouml;rden und &Auml;mter dich nur vertr&ouml;sten<\/strong>, passiert etwas Hochgef&auml;hrliches: <\/p>\n\n\n\n<p>Nicht nur deine Zeit wird gestohlen &ndash; <strong>deine Energie, deine Gesundheit und deine Selbstwirksamkeit<\/strong> werden angegriffen. Und genau das trifft Menschen mit neurologischen Einschr&auml;nkungen besonders hart, weil jeder zus&auml;tzliche Schritt Kraft kostet, die du nicht unbegrenzt hast.<\/p>\n\n\n\n<p><strong>Das Problem bist nicht du. Das Problem ist ein System, das Verz&ouml;gerung als Standardkommunikation nutzt.<\/strong><\/p>\n<\/div><\/div>\n\n\n\n<h5 class=\"wp-block-heading\"><strong>Warum Beh&ouml;rden vertr&ouml;sten<\/strong><\/h5>\n\n\n\n<ul class=\"wp-block-list\">\n<li><strong>Strukturelle &Uuml;berlastung<\/strong> &rarr; sie schieben F&auml;lle, statt sie zu l&ouml;sen.<\/li>\n\n\n\n<li><strong>Verantwortungsdiffusion<\/strong> &rarr; niemand f&uuml;hlt sich zust&auml;ndig.<\/li>\n\n\n\n<li><strong>Machtasymmetrie<\/strong> &rarr; sie k&ouml;nnen warten, du nicht.<\/li>\n\n\n\n<li><strong>Unsichtbare Einschr&auml;nkungen<\/strong> &rarr; du wirst nicht als &bdquo;dringend&ldquo; wahrgenommen.<\/li>\n\n\n\n<li><strong>B&uuml;rokratische Sprache<\/strong> &rarr; erzeugt Unsicherheit und Abh&auml;ngigkeit.<\/li>\n<\/ul>\n\n\n\n<p>F&uuml;r Menschen nach neurologischen Ereignissen ist das besonders brutal, weil dein Nervensystem ohnehin schon mit Reizlast, Ersch&ouml;pfung und Unsicherheit k&auml;mpft.<\/p>\n\n\n\n<div class=\"wp-block-media-text is-stacked-on-mobile is-vertically-aligned-top\" style=\"grid-template-columns:36% auto\"><figure class=\"wp-block-media-text__media\"><img decoding=\"async\" width=\"302\" height=\"277\" src=\"http:\/\/www.vitalibera.org\/community\/wp-content\/uploads\/2026\/03\/tip3.png\" alt=\"\" class=\"wp-image-6087 size-full\" srcset=\"https:\/\/www.vitalibera.org\/community\/wp-content\/uploads\/2026\/03\/tip3.png 302w, https:\/\/www.vitalibera.org\/community\/wp-content\/uploads\/2026\/03\/tip3-300x275.png 300w\" sizes=\"(max-width: 302px) 100vw, 302px\" \/><\/figure><div class=\"wp-block-media-text__content\">\n<p><strong>Das Wichtigste: Du musst nicht &bdquo;brav warten&ldquo;<\/strong><\/p>\n\n\n\n<p>Es gibt drei Wege, wie man aus dem &bdquo;Vertr&ouml;stungs&#8209;Loop&ldquo; aussteigt &ndash; ohne Kampfmodus, aber mit <strong>klarer Struktur<\/strong>.<\/p>\n\n\n\n<p><strong>1. Kommunikation umdrehen: Von passiv zu aktiv<\/strong><\/p>\n\n\n\n<p>Statt: &bdquo;Wann kann ich mit einer Antwort rechnen?&ldquo; &rarr; Das l&auml;dt zum Vertr&ouml;sten ein.<\/p>\n\n\n\n<p>Besser: &bdquo;Ich ben&ouml;tige eine verbindliche R&uuml;ckmeldung bis [Datum]. Bitte best&auml;tigen Sie mir schriftlich, dass Sie diese Frist einhalten.&ldquo;<\/p>\n\n\n\n<p>Das verschiebt die Verantwortung zur&uuml;ck zu ihnen.<\/p>\n\n\n\n<h6 class=\"wp-block-heading\"><strong>2. Dokumentation als Schutzschild<\/strong><\/h6>\n\n\n\n<p>Alles schriftlich. Alles datiert. Alles archiviert. Warum? Weil Beh&ouml;rden pl&ouml;tzlich sehr schnell werden, wenn klar ist, dass du dokumentierst.<\/p>\n\n\n\n<p>Mini&#8209;System:<\/p>\n\n\n\n<ul class=\"wp-block-list\">\n<li>Datum des Anrufs<\/li>\n\n\n\n<li>Name der Person<\/li>\n\n\n\n<li>Inhalt<\/li>\n\n\n\n<li>Was zugesagt wurde<\/li>\n\n\n\n<li>Bis wann<\/li>\n<\/ul>\n\n\n\n<p>Das ist kein Misstrauen &ndash; das ist Selbstschutz.<\/p>\n\n\n\n<h6 class=\"wp-block-heading\"><strong>3. Externe Instanzen einschalten (ohne Eskalation)<\/strong><\/h6>\n\n\n\n<p>In der Schweiz und in Deutschland wirkt schon die blo&szlig;e Erw&auml;hnung von Unterst&uuml;tzung:<\/p>\n\n\n\n<ul class=\"wp-block-list\">\n<li><strong>Pro Infirmis \/ Procap \/ Fragile Suisse<\/strong><\/li>\n\n\n\n<li><strong>Sozialdienste der Gemeinde \/ des Kantons<\/strong><\/li>\n\n\n\n<li><strong>Unabh&auml;ngige Rechtsberatungen<\/strong><\/li>\n\n\n\n<li><strong>Behindertenbeauftragte<\/strong><\/li>\n\n\n\n<li><strong>Patientenstellen<\/strong><\/li>\n<\/ul>\n\n\n\n<p><em>Du musst k&auml;mpfen &ndash; aber du musst nur nicht allein k&auml;mpfen.<\/em><\/p>\n<\/div><\/div>\n\n\n\n<p>Wenn es <strong>finanziell an die Existenz geht<\/strong>, ver&auml;ndert sich alles. Dann reden wir nicht mehr &uuml;ber &bdquo;Vertr&ouml;stungen&ldquo; oder &bdquo;b&uuml;rokratische Verz&ouml;gerungen&ldquo;, sondern &uuml;ber <strong>Gef&auml;hrdung deiner Grundbed&uuml;rfnisse<\/strong> &ndash; und das ist ein Zustand, den kein Amt ignorieren darf.<\/p>\n\n\n\n<h5 class=\"wp-block-heading\"><strong>1. Was in dir passiert (und warum das v&ouml;llig logisch ist)<\/strong><\/h5>\n\n\n\n<p>Wenn Geld fehlt oder unsicher ist, passiert im Nervensystem:<\/p>\n\n\n\n<ul class=\"wp-block-list\">\n<li>Dauerstress &rarr; <a href=\"https:\/\/www.vitalibera.org\/community\/enzyklopaedie\/cortisol\/\" target=\"_self\" title=\"Cortisol ist ein lebenswichtiges Hormon, das von der Nebennierenrinde produziert wird, um auf Stress zu reagieren, den Stoffwechsel zu regulieren und Entz&uuml;ndungen zu hemmen. Es ist auch bekannt als&nbsp;Stresshormon, da der Spiegel bei starkem Stress ansteigt.&nbsp;Langfristig erh&ouml;hte Cortisolwerte k&ouml;nnen jedoch gesundheitliche Probleme verursachen. Funktionen von Cortisol: Stressbew&auml;ltigung:&nbsp;Es hilft dem K&ouml;rper, in akuten Stresssituationen leistungsf&auml;hig zu&hellip;\" class=\"encyclopedia\">Cortisol<\/a> hoch, Fokus runter<\/li>\n\n\n\n<li>Entscheidungsf&auml;higkeit sinkt<\/li>\n\n\n\n<li>Ersch&ouml;pfung steigt<\/li>\n\n\n\n<li>Zukunftsangst blockiert Handlung<\/li>\n\n\n\n<li>Selbstwert rutscht ab (&bdquo;Warum schaffe ich das nicht?&ldquo;)<\/li>\n<\/ul>\n\n\n\n<p>Das ist keine Schw&auml;che. Das ist <strong>Biologie unter Druck<\/strong>.<\/p>\n\n\n\n<h5 class=\"wp-block-heading\"><strong>2. Was Beh&ouml;rden <em>eigentlich<\/em> tun m&uuml;ssten<\/strong><\/h5>\n\n\n\n<p>Sobald deine Existenz bedroht ist, haben &Auml;mter eine <strong>gesetzliche Pflicht<\/strong>, zu handeln:<\/p>\n\n\n\n<ul class=\"wp-block-list\">\n<li><strong>Dringlichkeitsbehandlung<\/strong><\/li>\n\n\n\n<li><strong>Zwischenl&ouml;sungen<\/strong> (Vorsch&uuml;sse, &Uuml;berbr&uuml;ckungen)<\/li>\n\n\n\n<li><strong>Schriftliche Entscheide in angemessener Frist<\/strong><\/li>\n\n\n\n<li><strong>Transparente Kommunikation<\/strong><\/li>\n<\/ul>\n\n\n\n<p>Wenn sie das nicht tun, ist das kein &bdquo;Missverst&auml;ndnis&ldquo; &ndash; es ist ein <strong>Systemversagen<\/strong>, das dich trifft.<\/p>\n\n\n\n<h5 class=\"wp-block-heading\"><strong>3. Was du JETZT tun kannst (ohne dich zu &uuml;berfordern)<\/strong><\/h5>\n\n\n\n<p>Ich gebe dir eine neurofreundliche, klare Struktur, die dich sch&uuml;tzt und handlungsf&auml;hig macht.<\/p>\n\n\n\n<h6 class=\"wp-block-heading\"><strong>Schritt 1: Schriftlich melden, dass deine Existenz gef&auml;hrdet ist<\/strong><\/h6>\n\n\n\n<p>Ein Satz reicht: &bdquo;Meine finanzielle Existenz ist akut gef&auml;hrdet. Ich ben&ouml;tige eine sofortige Kl&auml;rung und eine schriftliche R&uuml;ckmeldung bis [Datum].&ldquo;<\/p>\n\n\n\n<p>Das Wort <strong>&bdquo;existenzgef&auml;hrdend&ldquo;<\/strong> l&ouml;st intern andere Prozesse aus.<\/p>\n\n\n\n<h6 class=\"wp-block-heading\"><strong>Schritt 2: Unterst&uuml;tzung einschalten (du musst das nicht allein tun)<\/strong><\/h6>\n\n\n\n<p>In der Schweiz reagieren Beh&ouml;rden deutlich schneller, wenn eine Organisation mitliest:<\/p>\n\n\n\n<ul class=\"wp-block-list\">\n<li><strong>Pro Infirmis<\/strong><\/li>\n\n\n\n<li><strong>Procap<\/strong><\/li>\n\n\n\n<li><strong>Fragile Suisse<\/strong><\/li>\n\n\n\n<li><strong>Sozialdienst der Gemeinde<\/strong><\/li>\n\n\n\n<li><strong>Rechtsberatungen f&uuml;r Menschen mit Behinderung<\/strong><\/li>\n<\/ul>\n\n\n\n<p>Schon die Erw&auml;hnung &bdquo;Ich werde mich parallel an Pro Infirmis wenden&ldquo; ver&auml;ndert die Dynamik.<\/p>\n\n\n\n<h6 class=\"wp-block-heading\"><strong>Schritt 3: Sofortige &Uuml;berbr&uuml;ckung pr&uuml;fen<\/strong><\/h6>\n\n\n\n<p>Es gibt M&ouml;glichkeiten, die oft vergessen werden:<\/p>\n\n\n\n<ul class=\"wp-block-list\">\n<li><strong>Nothilfe \/ &Uuml;berbr&uuml;ckungsleistungen<\/strong><\/li>\n\n\n\n<li><strong>Vorsch&uuml;sse der IV \/ Gemeinde<\/strong><\/li>\n\n\n\n<li><strong>Sozialhilfe als tempor&auml;re Absicherung<\/strong><\/li>\n\n\n\n<li><strong>H&auml;rtefallregelungen<\/strong><\/li>\n<\/ul>\n\n\n\n<p>Das ist kein Scheitern. Das ist <strong>&Uuml;berleben<\/strong>, bis das System endlich tut, was es tun muss.<\/p>\n\n\n\n<h5 class=\"wp-block-heading\"><strong>4. Psychische Last reduzieren (damit du nicht zusammenbrichst)<\/strong><\/h5>\n\n\n\n<p>Wenn die Existenz bedroht ist, wird alles zu viel. Deshalb:<\/p>\n\n\n\n<ul class=\"wp-block-list\">\n<li><strong>Ein einziger Kontaktpunkt pro Tag<\/strong><\/li>\n\n\n\n<li><strong>Ein einziges Ziel pro Woche<\/strong><\/li>\n\n\n\n<li><strong>Alles schriftlich, nichts telefonisch<\/strong><\/li>\n\n\n\n<li><strong>Mini&#8209;Schritte statt Marathon<\/strong><\/li>\n<\/ul>\n\n\n\n<p>Das sch&uuml;tzt dein Nervensystem.<\/p>\n\n\n\n<div class=\"wp-block-media-text is-stacked-on-mobile is-vertically-aligned-top\" style=\"grid-template-columns:35% auto\"><figure class=\"wp-block-media-text__media\"><img decoding=\"async\" width=\"302\" height=\"277\" src=\"http:\/\/www.vitalibera.org\/community\/wp-content\/uploads\/2026\/03\/tip3.png\" alt=\"\" class=\"wp-image-6087 size-full\" srcset=\"https:\/\/www.vitalibera.org\/community\/wp-content\/uploads\/2026\/03\/tip3.png 302w, https:\/\/www.vitalibera.org\/community\/wp-content\/uploads\/2026\/03\/tip3-300x275.png 300w\" sizes=\"(max-width: 302px) 100vw, 302px\" \/><\/figure><div class=\"wp-block-media-text__content\">\n<p><strong>Vorlage: Klare Nachricht an die Beh&ouml;rde<\/strong><\/p>\n\n\n\n<p><strong>Betreff:<\/strong> Dringende Kl&auml;rung &ndash; finanzielle Existenzgef&auml;hrdung<\/p>\n\n\n\n<p>Sehr geehrte Damen und Herren<\/p>\n\n\n\n<p>ich wende mich heute an Sie, weil meine finanzielle Situation <strong>akut existenzgef&auml;hrdend<\/strong> ist. Ich ben&ouml;tige dringend eine <strong>verbindliche schriftliche R&uuml;ckmeldung<\/strong> zu meinem laufenden Verfahren sowie zu m&ouml;glichen <strong>&Uuml;berbr&uuml;ckungs- oder &Uuml;bergangsl&ouml;sungen<\/strong>.<\/p>\n\n\n\n<p>Bitte teilen Sie mir <strong>bis sp&auml;testens [Datum, z.&#8239;B. in 5&ndash;7 Tagen]<\/strong> mit,<\/p>\n\n\n\n<ul class=\"wp-block-list\">\n<li>wie der aktuelle Stand ist,<\/li>\n\n\n\n<li>welche Schritte als N&auml;chstes erfolgen,<\/li>\n\n\n\n<li>und welche sofortigen Ma&szlig;nahmen zur Sicherung meiner Existenz eingeleitet werden k&ouml;nnen.<\/li>\n<\/ul>\n\n\n\n<p>Da meine Situation zeitkritisch ist, werde ich mich parallel an <strong>Pro Infirmis \/ Procap \/ Fragile Suisse<\/strong> wenden, um Unterst&uuml;tzung bei der Kl&auml;rung zu erhalten.<\/p>\n\n\n\n<p>Vielen Dank f&uuml;r Ihre zeitnahe R&uuml;ckmeldung.<\/p>\n\n\n\n<p>Mit freundlichen Gr&uuml;&szlig;en [Vorname] [Nachname]<\/p>\n<\/div><\/div>\n\n\n\n<figure class=\"wp-block-image size-full\"><img decoding=\"async\" width=\"1024\" height=\"1024\" src=\"https:\/\/www.vitalibera.org\/community\/wp-content\/uploads\/2026\/04\/Copilot_20260412_235032.png\" alt=\"\" class=\"wp-image-6699\" srcset=\"https:\/\/www.vitalibera.org\/community\/wp-content\/uploads\/2026\/04\/Copilot_20260412_235032.png 1024w, https:\/\/www.vitalibera.org\/community\/wp-content\/uploads\/2026\/04\/Copilot_20260412_235032-300x300.png 300w, https:\/\/www.vitalibera.org\/community\/wp-content\/uploads\/2026\/04\/Copilot_20260412_235032-150x150.png 150w, https:\/\/www.vitalibera.org\/community\/wp-content\/uploads\/2026\/04\/Copilot_20260412_235032-768x768.png 768w\" sizes=\"(max-width: 1024px) 100vw, 1024px\" \/><\/figure>\n","protected":false},"excerpt":{"rendered":"<p>Wenn Beh\u00f6rden und \u00c4mter dich nur vertr\u00f6sten, passiert etwas Hochgef\u00e4hrliches: Nicht nur deine Zeit wird gestohlen \u2013 deine Energie, deine Gesundheit und deine Selbstwirksamkeit werden angegriffen. Und genau das trifft Menschen mit neurologischen Einschr\u00e4nkungen besonders hart, weil jeder zus\u00e4tzliche Schritt Kraft kostet, die du nicht unbegrenzt hast. Das Problem bist nicht du. Das Problem ist &#8230; <a title=\"Wenn Beh\u00f6rden und \u00c4mter nur vertr\u00f6sten\" class=\"read-more\" href=\"https:\/\/www.vitalibera.org\/community\/2026\/04\/13\/wenn-behoerden-und-aemter-nur-vertroesten\/\" aria-label=\"Mehr Informationen \u00fcber Wenn Beh\u00f6rden und \u00c4mter nur vertr\u00f6sten\">Weiterlesen<\/a><\/p>\n","protected":false},"author":2,"featured_media":6701,"comment_status":"open","ping_status":"open","sticky":false,"template":"","format":"standard","meta":{"cybocfi_hide_featured_image":"yes","_jetpack_memberships_contains_paid_content":false,"footnotes":""},"categories":[225,271],"tags":[],"class_list":["post-6698","post","type-post","status-publish","format-standard","has-post-thumbnail","hentry","category-hilfe-fuer-angehoerige","category-kanzlei"],"yoast_head":"<!-- This site is optimized with the Yoast SEO plugin v27.4 - https:\/\/yoast.com\/product\/yoast-seo-wordpress\/ -->\r\n<title>Wenn Beh\u00f6rden und \u00c4mter nur vertr\u00f6sten - vitalibera.org<\/title>\r\n<meta name=\"robots\" content=\"index, follow, max-snippet:-1, max-image-preview:large, max-video-preview:-1\" \/>\r\n<link rel=\"canonical\" href=\"http:\/\/www.vitalibera.org\/community\/2026\/04\/13\/wenn-behoerden-und-aemter-nur-vertroesten\/\" \/>\r\n<meta property=\"og:locale\" content=\"de_DE\" \/>\r\n<meta property=\"og:type\" content=\"article\" \/>\r\n<meta property=\"og:title\" content=\"Wenn Beh\u00f6rden und \u00c4mter nur vertr\u00f6sten - vitalibera.org\" \/>\r\n<meta property=\"og:description\" content=\"Wenn Beh\u00f6rden und \u00c4mter dich nur vertr\u00f6sten, passiert etwas Hochgef\u00e4hrliches: Nicht nur deine Zeit wird gestohlen \u2013 deine Energie, deine Gesundheit und deine Selbstwirksamkeit werden angegriffen. Und genau das trifft Menschen mit neurologischen Einschr\u00e4nkungen besonders hart, weil jeder zus\u00e4tzliche Schritt Kraft kostet, die du nicht unbegrenzt hast. Das Problem bist nicht du. Das Problem ist ... Weiterlesen\" \/>\r\n<meta property=\"og:url\" content=\"http:\/\/www.vitalibera.org\/community\/2026\/04\/13\/wenn-behoerden-und-aemter-nur-vertroesten\/\" \/>\r\n<meta property=\"og:site_name\" content=\"vitalibera.org\" \/>\r\n<meta property=\"article:publisher\" content=\"https:\/\/www.facebook.com\/groups\/2997085857140235\" \/>\r\n<meta property=\"article:published_time\" content=\"2026-04-12T22:01:07+00:00\" \/>\r\n<meta property=\"article:modified_time\" content=\"2026-04-12T22:02:27+00:00\" \/>\r\n<meta property=\"og:image\" content=\"http:\/\/www.vitalibera.org\/community\/wp-content\/uploads\/2026\/04\/behoerde1.png\" \/>\r\n\t<meta property=\"og:image:width\" content=\"361\" \/>\r\n\t<meta property=\"og:image:height\" content=\"395\" \/>\r\n\t<meta property=\"og:image:type\" content=\"image\/png\" \/>\r\n<meta name=\"author\" content=\"Andreas Jecklin\" \/>\r\n<meta name=\"twitter:card\" content=\"summary_large_image\" \/>\r\n<meta name=\"twitter:label1\" content=\"Verfasst von\" \/>\n\t<meta name=\"twitter:data1\" content=\"Andreas Jecklin\" \/>\n\t<meta name=\"twitter:label2\" content=\"Gesch\u00e4tzte Lesezeit\" \/>\n\t<meta name=\"twitter:data2\" content=\"5\u00a0Minuten\" \/>\r\n<script type=\"application\/ld+json\" class=\"yoast-schema-graph\">{\"@context\":\"https:\\\/\\\/schema.org\",\"@graph\":[{\"@type\":\"Article\",\"@id\":\"http:\\\/\\\/www.vitalibera.org\\\/community\\\/2026\\\/04\\\/13\\\/wenn-behoerden-und-aemter-nur-vertroesten\\\/#article\",\"isPartOf\":{\"@id\":\"http:\\\/\\\/www.vitalibera.org\\\/community\\\/2026\\\/04\\\/13\\\/wenn-behoerden-und-aemter-nur-vertroesten\\\/\"},\"author\":{\"name\":\"Andreas Jecklin\",\"@id\":\"https:\\\/\\\/www.vitalibera.org\\\/community\\\/#\\\/schema\\\/person\\\/6712387298421f222ff6d0a2e22c1534\"},\"headline\":\"Wenn Beh\u00f6rden und \u00c4mter nur vertr\u00f6sten\",\"datePublished\":\"2026-04-12T22:01:07+00:00\",\"dateModified\":\"2026-04-12T22:02:27+00:00\",\"mainEntityOfPage\":{\"@id\":\"http:\\\/\\\/www.vitalibera.org\\\/community\\\/2026\\\/04\\\/13\\\/wenn-behoerden-und-aemter-nur-vertroesten\\\/\"},\"wordCount\":791,\"commentCount\":0,\"publisher\":{\"@id\":\"https:\\\/\\\/www.vitalibera.org\\\/community\\\/#organization\"},\"image\":{\"@id\":\"http:\\\/\\\/www.vitalibera.org\\\/community\\\/2026\\\/04\\\/13\\\/wenn-behoerden-und-aemter-nur-vertroesten\\\/#primaryimage\"},\"thumbnailUrl\":\"https:\\\/\\\/www.vitalibera.org\\\/community\\\/wp-content\\\/uploads\\\/2026\\\/04\\\/behoerde1.png\",\"articleSection\":[\"Hilfe f\u00fcr Angeh\u00f6rige\",\"Kanzlei\"],\"inLanguage\":\"de\",\"potentialAction\":[{\"@type\":\"CommentAction\",\"name\":\"Comment\",\"target\":[\"http:\\\/\\\/www.vitalibera.org\\\/community\\\/2026\\\/04\\\/13\\\/wenn-behoerden-und-aemter-nur-vertroesten\\\/#respond\"]}]},{\"@type\":\"WebPage\",\"@id\":\"http:\\\/\\\/www.vitalibera.org\\\/community\\\/2026\\\/04\\\/13\\\/wenn-behoerden-und-aemter-nur-vertroesten\\\/\",\"url\":\"http:\\\/\\\/www.vitalibera.org\\\/community\\\/2026\\\/04\\\/13\\\/wenn-behoerden-und-aemter-nur-vertroesten\\\/\",\"name\":\"Wenn Beh\u00f6rden und \u00c4mter nur vertr\u00f6sten - vitalibera.org\",\"isPartOf\":{\"@id\":\"https:\\\/\\\/www.vitalibera.org\\\/community\\\/#website\"},\"primaryImageOfPage\":{\"@id\":\"http:\\\/\\\/www.vitalibera.org\\\/community\\\/2026\\\/04\\\/13\\\/wenn-behoerden-und-aemter-nur-vertroesten\\\/#primaryimage\"},\"image\":{\"@id\":\"http:\\\/\\\/www.vitalibera.org\\\/community\\\/2026\\\/04\\\/13\\\/wenn-behoerden-und-aemter-nur-vertroesten\\\/#primaryimage\"},\"thumbnailUrl\":\"https:\\\/\\\/www.vitalibera.org\\\/community\\\/wp-content\\\/uploads\\\/2026\\\/04\\\/behoerde1.png\",\"datePublished\":\"2026-04-12T22:01:07+00:00\",\"dateModified\":\"2026-04-12T22:02:27+00:00\",\"breadcrumb\":{\"@id\":\"http:\\\/\\\/www.vitalibera.org\\\/community\\\/2026\\\/04\\\/13\\\/wenn-behoerden-und-aemter-nur-vertroesten\\\/#breadcrumb\"},\"inLanguage\":\"de\",\"potentialAction\":[{\"@type\":\"ReadAction\",\"target\":[\"http:\\\/\\\/www.vitalibera.org\\\/community\\\/2026\\\/04\\\/13\\\/wenn-behoerden-und-aemter-nur-vertroesten\\\/\"]}]},{\"@type\":\"BreadcrumbList\",\"@id\":\"http:\\\/\\\/www.vitalibera.org\\\/community\\\/2026\\\/04\\\/13\\\/wenn-behoerden-und-aemter-nur-vertroesten\\\/#breadcrumb\",\"itemListElement\":[{\"@type\":\"ListItem\",\"position\":1,\"name\":\"Startseite\",\"item\":\"https:\\\/\\\/www.vitalibera.org\\\/community\\\/\"},{\"@type\":\"ListItem\",\"position\":2,\"name\":\"Wenn Beh\u00f6rden und \u00c4mter nur vertr\u00f6sten\"}]},{\"@type\":\"WebSite\",\"@id\":\"https:\\\/\\\/www.vitalibera.org\\\/community\\\/#website\",\"url\":\"https:\\\/\\\/www.vitalibera.org\\\/community\\\/\",\"name\":\"vitalibera.org\",\"description\":\"Mit einer Einschr&auml;nkung gestaltet sich das Leben im Alltag oft schwieriger - hier berichten wir &uuml;ber unsere Erfahrungen und Hilfsmittel um den Alltag so unbeschwert und unkompliziert wie nur m&ouml;glich geniessen zu k&ouml;nnen. Dabei richten wir unseren Fokus gezielt auf Selbst&auml;ndigkeit, Eigenst&auml;ndigkeit und Selbstbestimmung.\",\"publisher\":{\"@id\":\"https:\\\/\\\/www.vitalibera.org\\\/community\\\/#organization\"},\"potentialAction\":[{\"@type\":\"SearchAction\",\"target\":{\"@type\":\"EntryPoint\",\"urlTemplate\":\"https:\\\/\\\/www.vitalibera.org\\\/community\\\/?s={search_term_string}\"},\"query-input\":{\"@type\":\"PropertyValueSpecification\",\"valueRequired\":true,\"valueName\":\"search_term_string\"}}],\"inLanguage\":\"de\"},{\"@type\":\"Organization\",\"@id\":\"https:\\\/\\\/www.vitalibera.org\\\/community\\\/#organization\",\"name\":\"vitalibera.org\",\"url\":\"https:\\\/\\\/www.vitalibera.org\\\/community\\\/\",\"logo\":{\"@type\":\"ImageObject\",\"inLanguage\":\"de\",\"@id\":\"https:\\\/\\\/www.vitalibera.org\\\/community\\\/#\\\/schema\\\/logo\\\/image\\\/\",\"url\":\"https:\\\/\\\/www.vitalibera.org\\\/community\\\/wp-content\\\/uploads\\\/2025\\\/09\\\/cropped-banner.png\",\"contentUrl\":\"https:\\\/\\\/www.vitalibera.org\\\/community\\\/wp-content\\\/uploads\\\/2025\\\/09\\\/cropped-banner.png\",\"width\":991,\"height\":150,\"caption\":\"vitalibera.org\"},\"image\":{\"@id\":\"https:\\\/\\\/www.vitalibera.org\\\/community\\\/#\\\/schema\\\/logo\\\/image\\\/\"},\"sameAs\":[\"https:\\\/\\\/www.facebook.com\\\/groups\\\/2997085857140235\"]},{\"@type\":\"Person\",\"@id\":\"https:\\\/\\\/www.vitalibera.org\\\/community\\\/#\\\/schema\\\/person\\\/6712387298421f222ff6d0a2e22c1534\",\"name\":\"Andreas Jecklin\",\"image\":{\"@type\":\"ImageObject\",\"inLanguage\":\"de\",\"@id\":\"https:\\\/\\\/secure.gravatar.com\\\/avatar\\\/ad516503a11cd5ca435acc9bb6523536?s=96\",\"url\":\"https:\\\/\\\/secure.gravatar.com\\\/avatar\\\/ad516503a11cd5ca435acc9bb6523536?s=96\",\"contentUrl\":\"https:\\\/\\\/secure.gravatar.com\\\/avatar\\\/ad516503a11cd5ca435acc9bb6523536?s=96\",\"caption\":\"Andreas Jecklin\"},\"description\":\"Manchen gab Gott die Kraft Dinge zu ver\u00e4ndern, mir gab er die Kraft zu ertragen was nicht mehr zu \u00e4ndern ist.\",\"url\":\"https:\\\/\\\/www.vitalibera.org\\\/community\\\/author\\\/andy77\\\/\"}]}<\/script>\r\n<!-- \/ Yoast SEO plugin. -->","yoast_head_json":{"title":"Wenn Beh\u00f6rden und \u00c4mter nur vertr\u00f6sten - vitalibera.org","robots":{"index":"index","follow":"follow","max-snippet":"max-snippet:-1","max-image-preview":"max-image-preview:large","max-video-preview":"max-video-preview:-1"},"canonical":"http:\/\/www.vitalibera.org\/community\/2026\/04\/13\/wenn-behoerden-und-aemter-nur-vertroesten\/","og_locale":"de_DE","og_type":"article","og_title":"Wenn Beh\u00f6rden und \u00c4mter nur vertr\u00f6sten - vitalibera.org","og_description":"Wenn Beh\u00f6rden und \u00c4mter dich nur vertr\u00f6sten, passiert etwas Hochgef\u00e4hrliches: Nicht nur deine Zeit wird gestohlen \u2013 deine Energie, deine Gesundheit und deine Selbstwirksamkeit werden angegriffen. Und genau das trifft Menschen mit neurologischen Einschr\u00e4nkungen besonders hart, weil jeder zus\u00e4tzliche Schritt Kraft kostet, die du nicht unbegrenzt hast. Das Problem bist nicht du. Das Problem ist ... Weiterlesen","og_url":"http:\/\/www.vitalibera.org\/community\/2026\/04\/13\/wenn-behoerden-und-aemter-nur-vertroesten\/","og_site_name":"vitalibera.org","article_publisher":"https:\/\/www.facebook.com\/groups\/2997085857140235","article_published_time":"2026-04-12T22:01:07+00:00","article_modified_time":"2026-04-12T22:02:27+00:00","og_image":[{"width":361,"height":395,"url":"http:\/\/www.vitalibera.org\/community\/wp-content\/uploads\/2026\/04\/behoerde1.png","type":"image\/png"}],"author":"Andreas Jecklin","twitter_card":"summary_large_image","twitter_misc":{"Verfasst von":"Andreas Jecklin","Gesch\u00e4tzte Lesezeit":"5\u00a0Minuten"},"schema":{"@context":"https:\/\/schema.org","@graph":[{"@type":"Article","@id":"http:\/\/www.vitalibera.org\/community\/2026\/04\/13\/wenn-behoerden-und-aemter-nur-vertroesten\/#article","isPartOf":{"@id":"http:\/\/www.vitalibera.org\/community\/2026\/04\/13\/wenn-behoerden-und-aemter-nur-vertroesten\/"},"author":{"name":"Andreas Jecklin","@id":"https:\/\/www.vitalibera.org\/community\/#\/schema\/person\/6712387298421f222ff6d0a2e22c1534"},"headline":"Wenn Beh\u00f6rden und \u00c4mter nur vertr\u00f6sten","datePublished":"2026-04-12T22:01:07+00:00","dateModified":"2026-04-12T22:02:27+00:00","mainEntityOfPage":{"@id":"http:\/\/www.vitalibera.org\/community\/2026\/04\/13\/wenn-behoerden-und-aemter-nur-vertroesten\/"},"wordCount":791,"commentCount":0,"publisher":{"@id":"https:\/\/www.vitalibera.org\/community\/#organization"},"image":{"@id":"http:\/\/www.vitalibera.org\/community\/2026\/04\/13\/wenn-behoerden-und-aemter-nur-vertroesten\/#primaryimage"},"thumbnailUrl":"https:\/\/www.vitalibera.org\/community\/wp-content\/uploads\/2026\/04\/behoerde1.png","articleSection":["Hilfe f\u00fcr Angeh\u00f6rige","Kanzlei"],"inLanguage":"de","potentialAction":[{"@type":"CommentAction","name":"Comment","target":["http:\/\/www.vitalibera.org\/community\/2026\/04\/13\/wenn-behoerden-und-aemter-nur-vertroesten\/#respond"]}]},{"@type":"WebPage","@id":"http:\/\/www.vitalibera.org\/community\/2026\/04\/13\/wenn-behoerden-und-aemter-nur-vertroesten\/","url":"http:\/\/www.vitalibera.org\/community\/2026\/04\/13\/wenn-behoerden-und-aemter-nur-vertroesten\/","name":"Wenn Beh\u00f6rden und \u00c4mter nur vertr\u00f6sten - vitalibera.org","isPartOf":{"@id":"https:\/\/www.vitalibera.org\/community\/#website"},"primaryImageOfPage":{"@id":"http:\/\/www.vitalibera.org\/community\/2026\/04\/13\/wenn-behoerden-und-aemter-nur-vertroesten\/#primaryimage"},"image":{"@id":"http:\/\/www.vitalibera.org\/community\/2026\/04\/13\/wenn-behoerden-und-aemter-nur-vertroesten\/#primaryimage"},"thumbnailUrl":"https:\/\/www.vitalibera.org\/community\/wp-content\/uploads\/2026\/04\/behoerde1.png","datePublished":"2026-04-12T22:01:07+00:00","dateModified":"2026-04-12T22:02:27+00:00","breadcrumb":{"@id":"http:\/\/www.vitalibera.org\/community\/2026\/04\/13\/wenn-behoerden-und-aemter-nur-vertroesten\/#breadcrumb"},"inLanguage":"de","potentialAction":[{"@type":"ReadAction","target":["http:\/\/www.vitalibera.org\/community\/2026\/04\/13\/wenn-behoerden-und-aemter-nur-vertroesten\/"]}]},{"@type":"BreadcrumbList","@id":"http:\/\/www.vitalibera.org\/community\/2026\/04\/13\/wenn-behoerden-und-aemter-nur-vertroesten\/#breadcrumb","itemListElement":[{"@type":"ListItem","position":1,"name":"Startseite","item":"https:\/\/www.vitalibera.org\/community\/"},{"@type":"ListItem","position":2,"name":"Wenn Beh\u00f6rden und \u00c4mter nur vertr\u00f6sten"}]},{"@type":"WebSite","@id":"https:\/\/www.vitalibera.org\/community\/#website","url":"https:\/\/www.vitalibera.org\/community\/","name":"vitalibera.org","description":"Mit einer Einschr&auml;nkung gestaltet sich das Leben im Alltag oft schwieriger - hier berichten wir &uuml;ber unsere Erfahrungen und Hilfsmittel um den Alltag so unbeschwert und unkompliziert wie nur m&ouml;glich geniessen zu k&ouml;nnen. Dabei richten wir unseren Fokus gezielt auf Selbst&auml;ndigkeit, Eigenst&auml;ndigkeit und Selbstbestimmung.","publisher":{"@id":"https:\/\/www.vitalibera.org\/community\/#organization"},"potentialAction":[{"@type":"SearchAction","target":{"@type":"EntryPoint","urlTemplate":"https:\/\/www.vitalibera.org\/community\/?s={search_term_string}"},"query-input":{"@type":"PropertyValueSpecification","valueRequired":true,"valueName":"search_term_string"}}],"inLanguage":"de"},{"@type":"Organization","@id":"https:\/\/www.vitalibera.org\/community\/#organization","name":"vitalibera.org","url":"https:\/\/www.vitalibera.org\/community\/","logo":{"@type":"ImageObject","inLanguage":"de","@id":"https:\/\/www.vitalibera.org\/community\/#\/schema\/logo\/image\/","url":"https:\/\/www.vitalibera.org\/community\/wp-content\/uploads\/2025\/09\/cropped-banner.png","contentUrl":"https:\/\/www.vitalibera.org\/community\/wp-content\/uploads\/2025\/09\/cropped-banner.png","width":991,"height":150,"caption":"vitalibera.org"},"image":{"@id":"https:\/\/www.vitalibera.org\/community\/#\/schema\/logo\/image\/"},"sameAs":["https:\/\/www.facebook.com\/groups\/2997085857140235"]},{"@type":"Person","@id":"https:\/\/www.vitalibera.org\/community\/#\/schema\/person\/6712387298421f222ff6d0a2e22c1534","name":"Andreas Jecklin","image":{"@type":"ImageObject","inLanguage":"de","@id":"https:\/\/secure.gravatar.com\/avatar\/ad516503a11cd5ca435acc9bb6523536?s=96","url":"https:\/\/secure.gravatar.com\/avatar\/ad516503a11cd5ca435acc9bb6523536?s=96","contentUrl":"https:\/\/secure.gravatar.com\/avatar\/ad516503a11cd5ca435acc9bb6523536?s=96","caption":"Andreas Jecklin"},"description":"Manchen gab Gott die Kraft Dinge zu ver\u00e4ndern, mir gab er die Kraft zu ertragen was nicht mehr zu \u00e4ndern ist.","url":"https:\/\/www.vitalibera.org\/community\/author\/andy77\/"}]}},"jetpack_featured_media_url":"https:\/\/www.vitalibera.org\/community\/wp-content\/uploads\/2026\/04\/behoerde1.png","jetpack_sharing_enabled":true,"jetpack-related-posts":[],"_links":{"self":[{"href":"https:\/\/www.vitalibera.org\/community\/wp-json\/wp\/v2\/posts\/6698","targetHints":{"allow":["GET"]}}],"collection":[{"href":"https:\/\/www.vitalibera.org\/community\/wp-json\/wp\/v2\/posts"}],"about":[{"href":"https:\/\/www.vitalibera.org\/community\/wp-json\/wp\/v2\/types\/post"}],"author":[{"embeddable":true,"href":"https:\/\/www.vitalibera.org\/community\/wp-json\/wp\/v2\/users\/2"}],"replies":[{"embeddable":true,"href":"https:\/\/www.vitalibera.org\/community\/wp-json\/wp\/v2\/comments?post=6698"}],"version-history":[{"count":1,"href":"https:\/\/www.vitalibera.org\/community\/wp-json\/wp\/v2\/posts\/6698\/revisions"}],"predecessor-version":[{"id":6702,"href":"https:\/\/www.vitalibera.org\/community\/wp-json\/wp\/v2\/posts\/6698\/revisions\/6702"}],"wp:featuredmedia":[{"embeddable":true,"href":"https:\/\/www.vitalibera.org\/community\/wp-json\/wp\/v2\/media\/6701"}],"wp:attachment":[{"href":"https:\/\/www.vitalibera.org\/community\/wp-json\/wp\/v2\/media?parent=6698"}],"wp:term":[{"taxonomy":"category","embeddable":true,"href":"https:\/\/www.vitalibera.org\/community\/wp-json\/wp\/v2\/categories?post=6698"},{"taxonomy":"post_tag","embeddable":true,"href":"https:\/\/www.vitalibera.org\/community\/wp-json\/wp\/v2\/tags?post=6698"}],"curies":[{"name":"wp","href":"https:\/\/api.w.org\/{rel}","templated":true}]}}