{"id":6709,"date":"2026-04-13T13:25:25","date_gmt":"2026-04-13T11:25:25","guid":{"rendered":"https:\/\/www.vitalibera.org\/community\/?p=6709"},"modified":"2026-04-13T13:32:01","modified_gmt":"2026-04-13T11:32:01","slug":"neurofatigue-kognitive-erschoepfung","status":"publish","type":"post","link":"https:\/\/www.vitalibera.org\/community\/2026\/04\/13\/neurofatigue-kognitive-erschoepfung\/","title":{"rendered":"Neurofatigue\u00a0(kognitive Ersch\u00f6pfung)"},"content":{"rendered":"\n<div class=\"wp-block-media-text is-stacked-on-mobile\"><figure class=\"wp-block-media-text__media\"><img fetchpriority=\"high\" decoding=\"async\" width=\"1024\" height=\"1024\" src=\"https:\/\/www.vitalibera.org\/community\/wp-content\/uploads\/2026\/04\/BCO.46d64fec-ff1a-42ab-89cf-a2ab123d2432.png\" alt=\"\" class=\"wp-image-6710 size-full\" srcset=\"https:\/\/www.vitalibera.org\/community\/wp-content\/uploads\/2026\/04\/BCO.46d64fec-ff1a-42ab-89cf-a2ab123d2432.png 1024w, https:\/\/www.vitalibera.org\/community\/wp-content\/uploads\/2026\/04\/BCO.46d64fec-ff1a-42ab-89cf-a2ab123d2432-300x300.png 300w, https:\/\/www.vitalibera.org\/community\/wp-content\/uploads\/2026\/04\/BCO.46d64fec-ff1a-42ab-89cf-a2ab123d2432-150x150.png 150w, https:\/\/www.vitalibera.org\/community\/wp-content\/uploads\/2026\/04\/BCO.46d64fec-ff1a-42ab-89cf-a2ab123d2432-768x768.png 768w\" sizes=\"(max-width: 1024px) 100vw, 1024px\" \/><\/figure><div class=\"wp-block-media-text__content\">\n<p>Neurofatigue&nbsp;(kognitive Ersch&ouml;pfung) ist ein&nbsp;intensiver, nicht durch Schlaf behebbarer Ersch&ouml;pfungszustand, der typischerweise nach <a href=\"https:\/\/www.vitalibera.org\/community\/enzyklopaedie\/hirnverletzung\/\" target=\"_self\" title=\"Eine Hirnverletzung (oft als&nbsp;Sch&auml;del-Hirn-Trauma, SHT) ist eine&nbsp;Sch&auml;digung des Gehirns, verursacht durch &auml;u&szlig;ere Gewalteinwirkung (Unfall, Sturz) oder innere Faktoren (Schlaganfall, Tumor). Sie f&uuml;hrt zu k&ouml;rperlichen, kognitiven und verhaltensbezogenen Einschr&auml;nkungen, die oft unsichtbar bleiben. Symptome reichen von Kopfschmerzen bis zu schweren Behinderungen. Wichtige Aspekte der Hirnverletzung: Ursachen:&nbsp;H&auml;ufig durch Schlaganf&auml;lle, Hirnblutungen, Sauerstoffmangel oder St&uuml;rze\/Verkehrsunf&auml;lle (Sch&auml;del-Hirn-Trauma). Formen (SHT):&nbsp;Unterscheidung in&hellip;\" class=\"encyclopedia\">Hirnverletzung<\/a>en, Schlaganf&auml;llen oder bei Long-<a href=\"https:\/\/www.vitalibera.org\/community\/enzyklopaedie\/covid\/\" target=\"_self\" title=\"COVID-19 (Coronavirus Disease 2019) ist eine&nbsp;infekti&ouml;se Atemwegserkrankung, die durch das Virus SARS-CoV-2 verursacht wird. Sie trat erstmals Ende 2019 auf und zeichnet sich durch ein breites Spektrum an Symptomen aus, das von symptomlosen Verl&auml;ufen bis hin zu schweren Lungenentz&uuml;ndungen mit t&ouml;dlichem Ausgang reicht.&nbsp; Wichtige Fakten zur Definition: Erreger:&nbsp;Das Virus&nbsp;SARS-CoV-2&nbsp;(Severe Acute Respiratory Syndrome Coronavirus 2). &Uuml;bertragung:&nbsp;Haupts&auml;chlich&hellip;\" class=\"encyclopedia\">COVID<\/a> auftritt. <\/p>\n\n\n\n<p>Es &auml;u&szlig;ert sich durch extreme mentale M&uuml;digkeit, Konzentrationsschw&auml;che, Reizbarkeit und &ldquo;Brain Fog&rdquo; (Gehirnnebel). Anders als normale M&uuml;digkeit ist sie Folge einer gest&ouml;rten EnergieRegulation im Gehirn.&nbsp;<\/p>\n<\/div><\/div>\n\n\n\n<p><strong>Kernmerkmale und Symptome von Neurofatigue:<\/strong><\/p>\n\n\n\n<ul class=\"wp-block-list\">\n<li><strong>Keine Erholung durch Schlaf:<\/strong>&nbsp;Die Ersch&ouml;pfung bleibt auch nach Ruhephasen bestehen.<\/li>\n\n\n\n<li><strong>Mentale Ersch&ouml;pfung:<\/strong>&nbsp;Schwierigkeiten bei Konzentration, Ged&auml;chtnis und Wortfindung (Brain Fog).<\/li>\n\n\n\n<li><strong>Physische Schwere:<\/strong>&nbsp;Gef&uuml;hl von bleiernen Gliedern oder &Uuml;berforderung bei einfachen Aufgaben.<\/li>\n\n\n\n<li><strong>Sensorische &Uuml;berlastung:<\/strong>&nbsp;Empfindlichkeit gegen&uuml;ber Licht, L&auml;rm oder vielen Menschen.<\/li>\n\n\n\n<li><strong>K&ouml;rperliche Anzeichen:<\/strong>&nbsp;Kopfschmerzen, blasse Gesichtsfarbe, glasige Augen und Verspannungen im Nacken\/Schulterbereich.&nbsp;<\/li>\n<\/ul>\n\n\n\n<p><strong>Ursachen und Hintergr&uuml;nde:<\/strong><\/p>\n\n\n\n<ul class=\"wp-block-list\">\n<li><strong>Hirnsch&auml;digungen:<\/strong>&nbsp;H&auml;ufig bei <a href=\"https:\/\/www.vitalibera.org\/community\/enzyklopaedie\/schaedel-hirn-trauma-sht\/\" target=\"_self\" title=\"Sch&auml;del-Hirn-Trauma (SHT), eine Verletzung des Sch&auml;dels und\/oder des Gehirns, die durch eine Gewalteinwirkung verursacht wird.&nbsp;SHTs reichen von leichten Formen wie Gehirnersch&uuml;tterungen bis hin zu schweren Verletzungen, die eine sofortige medizinische Behandlung erfordern und lebensbedrohlich sein k&ouml;nnen.&nbsp;M&ouml;gliche Folgen sind vor&uuml;bergehende oder dauerhafte Einschr&auml;nkungen der Hirnfunktion sowie Blutungen.&nbsp; Ursachen &Auml;u&szlig;ere Krafteinwirkung auf den Kopf Unf&auml;lle und St&uuml;rze&hellip;\" class=\"encyclopedia\">Sch&auml;del-Hirn-Trauma<\/a> (SHT), <a href=\"https:\/\/www.vitalibera.org\/community\/enzyklopaedie\/schlaganfall\/\" target=\"_self\" title=\"Ein Schlaganfall, auch Hirnschlag oder Apoplex genannt, ist eine&nbsp;pl&ouml;tzlich auftretende Durchblutungsst&ouml;rung im Gehirn, die dazu f&uuml;hrt, dass Gehirnzellen nicht mehr ausreichend mit Sauerstoff und N&auml;hrstoffen versorgt werden.&nbsp;Dies kann zu bleibenden Sch&auml;den oder sogar zum Absterben von Hirnzellen f&uuml;hren, wenn die Durchblutung nicht schnell wiederhergestellt wird.&nbsp; Einfach erkl&auml;rt: Stellen Sie sich vor, ein Teil Ihres Gehirns&hellip;\" class=\"encyclopedia\">Schlaganfall<\/a> oder <a href=\"https:\/\/www.vitalibera.org\/community\/enzyklopaedie\/multipler-sklerose\/\" target=\"_self\" title=\"Multiple Sklerose (MS) ist eine&nbsp;autoimmune, chronisch-entz&uuml;ndliche Erkrankung des zentralen Nervensystems. MS verl&auml;uft meist in Sch&uuml;ben und kann unterschiedliche Verlaufsformen haben. Vor&uuml;bergehende Empfindungsst&ouml;rungen, Sehst&ouml;rungen und Muskell&auml;hmungen sind die h&auml;ufigsten Fr&uuml;hzeichen.\" class=\"encyclopedia\">Multipler Sklerose<\/a>.<\/li>\n\n\n\n<li><strong>Postvirale Zust&auml;nde:<\/strong>&nbsp;Bekannt als Symptom bei Long-<a href=\"https:\/\/www.vitalibera.org\/community\/enzyklopaedie\/covid\/\" target=\"_self\" title=\"COVID-19 (Coronavirus Disease 2019) ist eine&nbsp;infekti&ouml;se Atemwegserkrankung, die durch das Virus SARS-CoV-2 verursacht wird. Sie trat erstmals Ende 2019 auf und zeichnet sich durch ein breites Spektrum an Symptomen aus, das von symptomlosen Verl&auml;ufen bis hin zu schweren Lungenentz&uuml;ndungen mit t&ouml;dlichem Ausgang reicht.&nbsp; Wichtige Fakten zur Definition: Erreger:&nbsp;Das Virus&nbsp;SARS-CoV-2&nbsp;(Severe Acute Respiratory Syndrome Coronavirus 2). &Uuml;bertragung:&nbsp;Haupts&auml;chlich&hellip;\" class=\"encyclopedia\">COVID<\/a>.<\/li>\n\n\n\n<li><strong>Mechanismus:<\/strong>&nbsp;Das Gehirn arbeitet ineffizient, ben&ouml;tigt mehr Anstrengung f&uuml;r normale Aufgaben und leidet unter gest&ouml;rter Reizverarbeitung.&nbsp;<\/li>\n<\/ul>\n\n\n\n<p><strong>Umgang und Management:<\/strong><\/p>\n\n\n\n<ul class=\"wp-block-list\">\n<li><strong>Pacing:<\/strong>&nbsp;Aktivit&auml;ten planen und Pausen einlegen,&nbsp;<em>bevor<\/em>&nbsp;die Ersch&ouml;pfung einsetzt.<\/li>\n\n\n\n<li><strong>Reizreduktion:<\/strong>&nbsp;Eine reizarme Umgebung schaffen, um das Gehirn zu entlasten.<\/li>\n\n\n\n<li><strong>Akzeptanz:<\/strong>&nbsp;Verst&auml;ndnis, dass es sich um ein echtes neurologisches Symptom und nicht um Faulheit handelt.<\/li>\n<\/ul>\n\n\n\n<p>Neurofatigue kann den Alltag massiv einschr&auml;nken und erfordert oft eine Anpassung des Lebensstils<\/p>\n\n\n\n<div class=\"wp-block-media-text is-stacked-on-mobile\"><figure class=\"wp-block-media-text__media\"><img decoding=\"async\" width=\"388\" height=\"360\" src=\"http:\/\/www.vitalibera.org\/community\/wp-content\/uploads\/2026\/03\/010a78d5bf1522d8b56ea67c3c6e822b.jpg\" alt=\"\" class=\"wp-image-6303 size-full\" srcset=\"https:\/\/www.vitalibera.org\/community\/wp-content\/uploads\/2026\/03\/010a78d5bf1522d8b56ea67c3c6e822b.jpg 388w, https:\/\/www.vitalibera.org\/community\/wp-content\/uploads\/2026\/03\/010a78d5bf1522d8b56ea67c3c6e822b-300x278.jpg 300w\" sizes=\"(max-width: 388px) 100vw, 388px\" \/><\/figure><div class=\"wp-block-media-text__content\">\n<p><strong>Wie wird das chronische Fatigue Syndrom behandelt?<\/strong><\/p>\n\n\n\n<ul class=\"wp-block-list\">\n<li>Kognitives Training (z.B. Gehirnjogging)<\/li>\n\n\n\n<li>Sanftes Ausdauertraining (z.B. Soft-Walking)<\/li>\n\n\n\n<li>Psychologische Unterst&uuml;tzung.<\/li>\n\n\n\n<li><a href=\"https:\/\/www.vitalibera.org\/community\/enzyklopaedie\/ergotherapie\/\" target=\"_self\" title=\"Ergotherapie&nbsp;unterst&uuml;tzt und begleitet Menschen jeden Alters, die in ihrer Handlungsf&auml;higkeit eingeschr&auml;nkt oder von Einschr&auml;nkung bedroht sind. Ziel ist, sie bei der Durchf&uuml;hrung f&uuml;r sie bedeutungsvoller Bet&auml;tigungen in den Bereichen Selbstversorgung, Produktivit&auml;t und Freizeit in ihrer pers&ouml;nlichen Umwelt zu st&auml;rken.\" class=\"encyclopedia\">Ergotherapie<\/a> (z.B. <a href=\"https:\/\/www.vitalibera.org\/community\/2026\/01\/03\/kunsttherapie-bei-hemiplegie\/\">Kunsttherapie<\/a>)<\/li>\n<\/ul>\n\n\n\n<p><strong>Was macht Fatigue mit der Psyche?<\/strong><\/p>\n\n\n\n<p>Kognitive Symptome<br><br>Fatigue wirkt sich nicht nur auf den K&ouml;rper, sondern auch auf kognitive Funktionen aus.&nbsp;<strong><a href=\"https:\/\/www.vitalibera.org\/community\/2026\/04\/19\/wenn-reize-laut-werden-und-menschen-leise\/\">Betroffene<\/a> haben oft Schwierigkeiten, sich zu konzentrieren und aufmerksam zu bleiben<\/strong>. Auch das Ged&auml;chtnis kann beeintr&auml;chtigt sind.<\/p>\n\n\n\n<p><strong>Welcher Arzt ist f&uuml;r Fatigue zust&auml;ndig?<\/strong><\/p>\n\n\n\n<p>das Chronische Fatigue Syndrom sind in der Internationalen Klassifikation der Krankheiten (ICD-10) unter G93. 3 als neurologische Krankheiten codiert.&nbsp;<strong>Generell kann jeder Arzt\/jede &Auml;rztin (Haus- oder Facharzt) die Diagnose anhand etablierter klinischer Kriterien stellen<\/strong>.<\/p>\n\n\n\n<p><\/p>\n<\/div><\/div>\n\n\n\n<div class=\"wp-block-media-text is-stacked-on-mobile\"><figure class=\"wp-block-media-text__media\"><img decoding=\"async\" width=\"302\" height=\"277\" src=\"http:\/\/www.vitalibera.org\/community\/wp-content\/uploads\/2026\/03\/tip3.png\" alt=\"\" class=\"wp-image-6087 size-full\" srcset=\"https:\/\/www.vitalibera.org\/community\/wp-content\/uploads\/2026\/03\/tip3.png 302w, https:\/\/www.vitalibera.org\/community\/wp-content\/uploads\/2026\/03\/tip3-300x275.png 300w\" sizes=\"(max-width: 302px) 100vw, 302px\" \/><\/figure><div class=\"wp-block-media-text__content\">\n<p>Die wirksamsten Strategien gegen <strong>Neurofatigue<\/strong> sind: <strong>Energie kennen<\/strong>, <strong>Energie planen<\/strong>, <strong>Energie sch&uuml;tzen<\/strong>. <\/p>\n\n\n\n<p>Das ist nicht nur Theorie &ndash; es ist das, was Studien, Kliniken und neurorehabilitative Praxis als Kern empfehlen. Die Struktur unten kombiniert die wichtigsten Erkenntnisse aus Forschung, <a href=\"https:\/\/www.vitalibera.org\/community\/enzyklopaedie\/ergotherapie\/\" target=\"_self\" title=\"Ergotherapie&nbsp;unterst&uuml;tzt und begleitet Menschen jeden Alters, die in ihrer Handlungsf&auml;higkeit eingeschr&auml;nkt oder von Einschr&auml;nkung bedroht sind. Ziel ist, sie bei der Durchf&uuml;hrung f&uuml;r sie bedeutungsvoller Bet&auml;tigungen in den Bereichen Selbstversorgung, Produktivit&auml;t und Freizeit in ihrer pers&ouml;nlichen Umwelt zu st&auml;rken.\" class=\"encyclopedia\">Ergotherapie<\/a>&#8209;Programmen und neurofreundlichen Methoden.<\/p>\n<\/div><\/div>\n\n\n\n<div class=\"wp-block-media-text is-stacked-on-mobile\"><figure class=\"wp-block-media-text__media\"><img loading=\"lazy\" decoding=\"async\" width=\"259\" height=\"240\" src=\"http:\/\/www.vitalibera.org\/community\/wp-content\/uploads\/2026\/03\/dbc5972683099460054d3dbc8212a892-1.jpg\" alt=\"\" class=\"wp-image-6333 size-full\"><\/figure><div class=\"wp-block-media-text__content\">\n<p>Weiterf&uuml;hrende Informationen<strong>:<\/strong><\/p>\n\n\n\n<p><a href=\"https:\/\/www.vitalibera.org\/community\/2026\/04\/13\/energie-einteilungsstrategie-fuer-neurofatigue\/\">Energie&#8209;Einteilungsstrategie f&uuml;r neurofatigue<\/a><\/p>\n\n\n\n<p><a href=\"https:\/\/www.vitalibera.org\/community\/2026\/04\/12\/akku-leer-zeit-fuer-energie-reload\/\">Akku leer? Zeit f&uuml;r Energie&#8209;Reload!<\/a><\/p>\n\n\n\n<p><a href=\"https:\/\/www.vitalibera.org\/community\/2026\/04\/12\/wenn-dir-alles-zu-viel-wird-und-ueber-den-kopf-waechst\/\">Wenn dir alles zu viel wird und &uuml;ber den Kopf w&auml;chst<\/a><\/p>\n\n\n\n<p><a href=\"https:\/\/www.vitalibera.org\/community\/2026\/03\/17\/wirkung-von-farben-in-der-ergotherapie\/\">Wirkung von Farben in der Ergotherapie<\/a><\/p>\n\n\n\n<p><\/p>\n<\/div><\/div>\n","protected":false},"excerpt":{"rendered":"<p>Neurofatigue\u00a0(kognitive Ersch\u00f6pfung) ist ein\u00a0intensiver, nicht durch Schlaf behebbarer Ersch\u00f6pfungszustand, der typischerweise nach Hirnverletzungen, Schlaganf\u00e4llen oder bei Long-COVID auftritt. Es \u00e4u\u00dfert sich durch extreme mentale M\u00fcdigkeit, Konzentrationsschw\u00e4che, Reizbarkeit und &#8220;Brain Fog&#8221; (Gehirnnebel). Anders als normale M\u00fcdigkeit ist sie Folge einer gest\u00f6rten EnergieRegulation im Gehirn.\u00a0 Kernmerkmale und Symptome von Neurofatigue: Ursachen und Hintergr\u00fcnde: Umgang und Management: Neurofatigue &#8230; <a title=\"Neurofatigue\u00a0(kognitive Ersch\u00f6pfung)\" class=\"read-more\" href=\"https:\/\/www.vitalibera.org\/community\/2026\/04\/13\/neurofatigue-kognitive-erschoepfung\/\" aria-label=\"Mehr Informationen \u00fcber Neurofatigue\u00a0(kognitive Ersch\u00f6pfung)\">Weiterlesen<\/a><\/p>\n","protected":false},"author":2,"featured_media":6711,"comment_status":"open","ping_status":"open","sticky":false,"template":"","format":"standard","meta":{"cybocfi_hide_featured_image":"yes","_jetpack_memberships_contains_paid_content":false,"footnotes":""},"categories":[159],"tags":[],"class_list":["post-6709","post","type-post","status-publish","format-standard","has-post-thumbnail","hentry","category-fachwissen"],"yoast_head":"<!-- This site is optimized with the Yoast SEO plugin v27.4 - https:\/\/yoast.com\/product\/yoast-seo-wordpress\/ -->\r\n<title>Neurofatigue\u00a0(kognitive Ersch\u00f6pfung) - vitalibera.org<\/title>\r\n<meta name=\"robots\" content=\"index, follow, max-snippet:-1, max-image-preview:large, max-video-preview:-1\" \/>\r\n<link rel=\"canonical\" href=\"http:\/\/www.vitalibera.org\/community\/2026\/04\/13\/neurofatigue-kognitive-erschoepfung\/\" \/>\r\n<meta property=\"og:locale\" content=\"de_DE\" \/>\r\n<meta property=\"og:type\" content=\"article\" \/>\r\n<meta property=\"og:title\" content=\"Neurofatigue\u00a0(kognitive Ersch\u00f6pfung) - vitalibera.org\" \/>\r\n<meta property=\"og:description\" content=\"Neurofatigue\u00a0(kognitive Ersch\u00f6pfung) ist ein\u00a0intensiver, nicht durch Schlaf behebbarer Ersch\u00f6pfungszustand, der typischerweise nach Hirnverletzungen, Schlaganf\u00e4llen oder bei Long-COVID auftritt. Es \u00e4u\u00dfert sich durch extreme mentale M\u00fcdigkeit, Konzentrationsschw\u00e4che, Reizbarkeit und &#8220;Brain Fog&#8221; (Gehirnnebel). Anders als normale M\u00fcdigkeit ist sie Folge einer gest\u00f6rten EnergieRegulation im Gehirn.\u00a0 Kernmerkmale und Symptome von Neurofatigue: Ursachen und Hintergr\u00fcnde: Umgang und Management: Neurofatigue ... Weiterlesen\" \/>\r\n<meta property=\"og:url\" content=\"http:\/\/www.vitalibera.org\/community\/2026\/04\/13\/neurofatigue-kognitive-erschoepfung\/\" \/>\r\n<meta property=\"og:site_name\" content=\"vitalibera.org\" \/>\r\n<meta property=\"article:publisher\" content=\"https:\/\/www.facebook.com\/groups\/2997085857140235\" \/>\r\n<meta property=\"article:published_time\" content=\"2026-04-13T11:25:25+00:00\" \/>\r\n<meta property=\"article:modified_time\" content=\"2026-04-13T11:32:01+00:00\" \/>\r\n<meta property=\"og:image\" content=\"http:\/\/www.vitalibera.org\/community\/wp-content\/uploads\/2026\/04\/BCO.46d64fec-ff1a-42ab-89cf-a2ab123d2432-1.png\" \/>\r\n\t<meta property=\"og:image:width\" content=\"1024\" \/>\r\n\t<meta property=\"og:image:height\" content=\"1024\" \/>\r\n\t<meta property=\"og:image:type\" content=\"image\/png\" \/>\r\n<meta name=\"author\" content=\"Andreas Jecklin\" \/>\r\n<meta name=\"twitter:card\" content=\"summary_large_image\" \/>\r\n<meta name=\"twitter:label1\" content=\"Verfasst von\" \/>\n\t<meta name=\"twitter:data1\" content=\"Andreas Jecklin\" \/>\n\t<meta name=\"twitter:label2\" content=\"Gesch\u00e4tzte Lesezeit\" \/>\n\t<meta name=\"twitter:data2\" content=\"3\u00a0Minuten\" \/>\r\n<script type=\"application\/ld+json\" class=\"yoast-schema-graph\">{\"@context\":\"https:\\\/\\\/schema.org\",\"@graph\":[{\"@type\":\"Article\",\"@id\":\"http:\\\/\\\/www.vitalibera.org\\\/community\\\/2026\\\/04\\\/13\\\/neurofatigue-kognitive-erschoepfung\\\/#article\",\"isPartOf\":{\"@id\":\"http:\\\/\\\/www.vitalibera.org\\\/community\\\/2026\\\/04\\\/13\\\/neurofatigue-kognitive-erschoepfung\\\/\"},\"author\":{\"name\":\"Andreas Jecklin\",\"@id\":\"https:\\\/\\\/www.vitalibera.org\\\/community\\\/#\\\/schema\\\/person\\\/6712387298421f222ff6d0a2e22c1534\"},\"headline\":\"Neurofatigue\u00a0(kognitive Ersch\u00f6pfung)\",\"datePublished\":\"2026-04-13T11:25:25+00:00\",\"dateModified\":\"2026-04-13T11:32:01+00:00\",\"mainEntityOfPage\":{\"@id\":\"http:\\\/\\\/www.vitalibera.org\\\/community\\\/2026\\\/04\\\/13\\\/neurofatigue-kognitive-erschoepfung\\\/\"},\"wordCount\":407,\"commentCount\":1,\"publisher\":{\"@id\":\"https:\\\/\\\/www.vitalibera.org\\\/community\\\/#organization\"},\"image\":{\"@id\":\"http:\\\/\\\/www.vitalibera.org\\\/community\\\/2026\\\/04\\\/13\\\/neurofatigue-kognitive-erschoepfung\\\/#primaryimage\"},\"thumbnailUrl\":\"https:\\\/\\\/www.vitalibera.org\\\/community\\\/wp-content\\\/uploads\\\/2026\\\/04\\\/BCO.46d64fec-ff1a-42ab-89cf-a2ab123d2432-1.png\",\"articleSection\":[\"Fachwissen\"],\"inLanguage\":\"de\",\"potentialAction\":[{\"@type\":\"CommentAction\",\"name\":\"Comment\",\"target\":[\"http:\\\/\\\/www.vitalibera.org\\\/community\\\/2026\\\/04\\\/13\\\/neurofatigue-kognitive-erschoepfung\\\/#respond\"]}]},{\"@type\":\"WebPage\",\"@id\":\"http:\\\/\\\/www.vitalibera.org\\\/community\\\/2026\\\/04\\\/13\\\/neurofatigue-kognitive-erschoepfung\\\/\",\"url\":\"http:\\\/\\\/www.vitalibera.org\\\/community\\\/2026\\\/04\\\/13\\\/neurofatigue-kognitive-erschoepfung\\\/\",\"name\":\"Neurofatigue\u00a0(kognitive Ersch\u00f6pfung) - vitalibera.org\",\"isPartOf\":{\"@id\":\"https:\\\/\\\/www.vitalibera.org\\\/community\\\/#website\"},\"primaryImageOfPage\":{\"@id\":\"http:\\\/\\\/www.vitalibera.org\\\/community\\\/2026\\\/04\\\/13\\\/neurofatigue-kognitive-erschoepfung\\\/#primaryimage\"},\"image\":{\"@id\":\"http:\\\/\\\/www.vitalibera.org\\\/community\\\/2026\\\/04\\\/13\\\/neurofatigue-kognitive-erschoepfung\\\/#primaryimage\"},\"thumbnailUrl\":\"https:\\\/\\\/www.vitalibera.org\\\/community\\\/wp-content\\\/uploads\\\/2026\\\/04\\\/BCO.46d64fec-ff1a-42ab-89cf-a2ab123d2432-1.png\",\"datePublished\":\"2026-04-13T11:25:25+00:00\",\"dateModified\":\"2026-04-13T11:32:01+00:00\",\"breadcrumb\":{\"@id\":\"http:\\\/\\\/www.vitalibera.org\\\/community\\\/2026\\\/04\\\/13\\\/neurofatigue-kognitive-erschoepfung\\\/#breadcrumb\"},\"inLanguage\":\"de\",\"potentialAction\":[{\"@type\":\"ReadAction\",\"target\":[\"http:\\\/\\\/www.vitalibera.org\\\/community\\\/2026\\\/04\\\/13\\\/neurofatigue-kognitive-erschoepfung\\\/\"]}]},{\"@type\":\"BreadcrumbList\",\"@id\":\"http:\\\/\\\/www.vitalibera.org\\\/community\\\/2026\\\/04\\\/13\\\/neurofatigue-kognitive-erschoepfung\\\/#breadcrumb\",\"itemListElement\":[{\"@type\":\"ListItem\",\"position\":1,\"name\":\"Startseite\",\"item\":\"https:\\\/\\\/www.vitalibera.org\\\/community\\\/\"},{\"@type\":\"ListItem\",\"position\":2,\"name\":\"Neurofatigue\u00a0(kognitive Ersch\u00f6pfung)\"}]},{\"@type\":\"WebSite\",\"@id\":\"https:\\\/\\\/www.vitalibera.org\\\/community\\\/#website\",\"url\":\"https:\\\/\\\/www.vitalibera.org\\\/community\\\/\",\"name\":\"vitalibera.org\",\"description\":\"Mit einer Einschr&auml;nkung gestaltet sich das Leben im Alltag oft schwieriger - hier berichten wir &uuml;ber unsere Erfahrungen und Hilfsmittel um den Alltag so unbeschwert und unkompliziert wie nur m&ouml;glich geniessen zu k&ouml;nnen. Dabei richten wir unseren Fokus gezielt auf Selbst&auml;ndigkeit, Eigenst&auml;ndigkeit und Selbstbestimmung.\",\"publisher\":{\"@id\":\"https:\\\/\\\/www.vitalibera.org\\\/community\\\/#organization\"},\"potentialAction\":[{\"@type\":\"SearchAction\",\"target\":{\"@type\":\"EntryPoint\",\"urlTemplate\":\"https:\\\/\\\/www.vitalibera.org\\\/community\\\/?s={search_term_string}\"},\"query-input\":{\"@type\":\"PropertyValueSpecification\",\"valueRequired\":true,\"valueName\":\"search_term_string\"}}],\"inLanguage\":\"de\"},{\"@type\":\"Organization\",\"@id\":\"https:\\\/\\\/www.vitalibera.org\\\/community\\\/#organization\",\"name\":\"vitalibera.org\",\"url\":\"https:\\\/\\\/www.vitalibera.org\\\/community\\\/\",\"logo\":{\"@type\":\"ImageObject\",\"inLanguage\":\"de\",\"@id\":\"https:\\\/\\\/www.vitalibera.org\\\/community\\\/#\\\/schema\\\/logo\\\/image\\\/\",\"url\":\"https:\\\/\\\/www.vitalibera.org\\\/community\\\/wp-content\\\/uploads\\\/2025\\\/09\\\/cropped-banner.png\",\"contentUrl\":\"https:\\\/\\\/www.vitalibera.org\\\/community\\\/wp-content\\\/uploads\\\/2025\\\/09\\\/cropped-banner.png\",\"width\":991,\"height\":150,\"caption\":\"vitalibera.org\"},\"image\":{\"@id\":\"https:\\\/\\\/www.vitalibera.org\\\/community\\\/#\\\/schema\\\/logo\\\/image\\\/\"},\"sameAs\":[\"https:\\\/\\\/www.facebook.com\\\/groups\\\/2997085857140235\"]},{\"@type\":\"Person\",\"@id\":\"https:\\\/\\\/www.vitalibera.org\\\/community\\\/#\\\/schema\\\/person\\\/6712387298421f222ff6d0a2e22c1534\",\"name\":\"Andreas Jecklin\",\"image\":{\"@type\":\"ImageObject\",\"inLanguage\":\"de\",\"@id\":\"https:\\\/\\\/secure.gravatar.com\\\/avatar\\\/ad516503a11cd5ca435acc9bb6523536?s=96\",\"url\":\"https:\\\/\\\/secure.gravatar.com\\\/avatar\\\/ad516503a11cd5ca435acc9bb6523536?s=96\",\"contentUrl\":\"https:\\\/\\\/secure.gravatar.com\\\/avatar\\\/ad516503a11cd5ca435acc9bb6523536?s=96\",\"caption\":\"Andreas Jecklin\"},\"description\":\"Manchen gab Gott die Kraft Dinge zu ver\u00e4ndern, mir gab er die Kraft zu ertragen was nicht mehr zu \u00e4ndern ist.\",\"url\":\"https:\\\/\\\/www.vitalibera.org\\\/community\\\/author\\\/andy77\\\/\"}]}<\/script>\r\n<!-- \/ Yoast SEO plugin. -->","yoast_head_json":{"title":"Neurofatigue\u00a0(kognitive Ersch\u00f6pfung) - vitalibera.org","robots":{"index":"index","follow":"follow","max-snippet":"max-snippet:-1","max-image-preview":"max-image-preview:large","max-video-preview":"max-video-preview:-1"},"canonical":"http:\/\/www.vitalibera.org\/community\/2026\/04\/13\/neurofatigue-kognitive-erschoepfung\/","og_locale":"de_DE","og_type":"article","og_title":"Neurofatigue\u00a0(kognitive Ersch\u00f6pfung) - vitalibera.org","og_description":"Neurofatigue\u00a0(kognitive Ersch\u00f6pfung) ist ein\u00a0intensiver, nicht durch Schlaf behebbarer Ersch\u00f6pfungszustand, der typischerweise nach Hirnverletzungen, Schlaganf\u00e4llen oder bei Long-COVID auftritt. Es \u00e4u\u00dfert sich durch extreme mentale M\u00fcdigkeit, Konzentrationsschw\u00e4che, Reizbarkeit und &#8220;Brain Fog&#8221; (Gehirnnebel). Anders als normale M\u00fcdigkeit ist sie Folge einer gest\u00f6rten EnergieRegulation im Gehirn.\u00a0 Kernmerkmale und Symptome von Neurofatigue: Ursachen und Hintergr\u00fcnde: Umgang und Management: Neurofatigue ... Weiterlesen","og_url":"http:\/\/www.vitalibera.org\/community\/2026\/04\/13\/neurofatigue-kognitive-erschoepfung\/","og_site_name":"vitalibera.org","article_publisher":"https:\/\/www.facebook.com\/groups\/2997085857140235","article_published_time":"2026-04-13T11:25:25+00:00","article_modified_time":"2026-04-13T11:32:01+00:00","og_image":[{"width":1024,"height":1024,"url":"http:\/\/www.vitalibera.org\/community\/wp-content\/uploads\/2026\/04\/BCO.46d64fec-ff1a-42ab-89cf-a2ab123d2432-1.png","type":"image\/png"}],"author":"Andreas Jecklin","twitter_card":"summary_large_image","twitter_misc":{"Verfasst von":"Andreas Jecklin","Gesch\u00e4tzte Lesezeit":"3\u00a0Minuten"},"schema":{"@context":"https:\/\/schema.org","@graph":[{"@type":"Article","@id":"http:\/\/www.vitalibera.org\/community\/2026\/04\/13\/neurofatigue-kognitive-erschoepfung\/#article","isPartOf":{"@id":"http:\/\/www.vitalibera.org\/community\/2026\/04\/13\/neurofatigue-kognitive-erschoepfung\/"},"author":{"name":"Andreas Jecklin","@id":"https:\/\/www.vitalibera.org\/community\/#\/schema\/person\/6712387298421f222ff6d0a2e22c1534"},"headline":"Neurofatigue\u00a0(kognitive Ersch\u00f6pfung)","datePublished":"2026-04-13T11:25:25+00:00","dateModified":"2026-04-13T11:32:01+00:00","mainEntityOfPage":{"@id":"http:\/\/www.vitalibera.org\/community\/2026\/04\/13\/neurofatigue-kognitive-erschoepfung\/"},"wordCount":407,"commentCount":1,"publisher":{"@id":"https:\/\/www.vitalibera.org\/community\/#organization"},"image":{"@id":"http:\/\/www.vitalibera.org\/community\/2026\/04\/13\/neurofatigue-kognitive-erschoepfung\/#primaryimage"},"thumbnailUrl":"https:\/\/www.vitalibera.org\/community\/wp-content\/uploads\/2026\/04\/BCO.46d64fec-ff1a-42ab-89cf-a2ab123d2432-1.png","articleSection":["Fachwissen"],"inLanguage":"de","potentialAction":[{"@type":"CommentAction","name":"Comment","target":["http:\/\/www.vitalibera.org\/community\/2026\/04\/13\/neurofatigue-kognitive-erschoepfung\/#respond"]}]},{"@type":"WebPage","@id":"http:\/\/www.vitalibera.org\/community\/2026\/04\/13\/neurofatigue-kognitive-erschoepfung\/","url":"http:\/\/www.vitalibera.org\/community\/2026\/04\/13\/neurofatigue-kognitive-erschoepfung\/","name":"Neurofatigue\u00a0(kognitive Ersch\u00f6pfung) - vitalibera.org","isPartOf":{"@id":"https:\/\/www.vitalibera.org\/community\/#website"},"primaryImageOfPage":{"@id":"http:\/\/www.vitalibera.org\/community\/2026\/04\/13\/neurofatigue-kognitive-erschoepfung\/#primaryimage"},"image":{"@id":"http:\/\/www.vitalibera.org\/community\/2026\/04\/13\/neurofatigue-kognitive-erschoepfung\/#primaryimage"},"thumbnailUrl":"https:\/\/www.vitalibera.org\/community\/wp-content\/uploads\/2026\/04\/BCO.46d64fec-ff1a-42ab-89cf-a2ab123d2432-1.png","datePublished":"2026-04-13T11:25:25+00:00","dateModified":"2026-04-13T11:32:01+00:00","breadcrumb":{"@id":"http:\/\/www.vitalibera.org\/community\/2026\/04\/13\/neurofatigue-kognitive-erschoepfung\/#breadcrumb"},"inLanguage":"de","potentialAction":[{"@type":"ReadAction","target":["http:\/\/www.vitalibera.org\/community\/2026\/04\/13\/neurofatigue-kognitive-erschoepfung\/"]}]},{"@type":"BreadcrumbList","@id":"http:\/\/www.vitalibera.org\/community\/2026\/04\/13\/neurofatigue-kognitive-erschoepfung\/#breadcrumb","itemListElement":[{"@type":"ListItem","position":1,"name":"Startseite","item":"https:\/\/www.vitalibera.org\/community\/"},{"@type":"ListItem","position":2,"name":"Neurofatigue\u00a0(kognitive Ersch\u00f6pfung)"}]},{"@type":"WebSite","@id":"https:\/\/www.vitalibera.org\/community\/#website","url":"https:\/\/www.vitalibera.org\/community\/","name":"vitalibera.org","description":"Mit einer Einschr&auml;nkung gestaltet sich das Leben im Alltag oft schwieriger - hier berichten wir &uuml;ber unsere Erfahrungen und Hilfsmittel um den Alltag so unbeschwert und unkompliziert wie nur m&ouml;glich geniessen zu k&ouml;nnen. Dabei richten wir unseren Fokus gezielt auf Selbst&auml;ndigkeit, Eigenst&auml;ndigkeit und Selbstbestimmung.","publisher":{"@id":"https:\/\/www.vitalibera.org\/community\/#organization"},"potentialAction":[{"@type":"SearchAction","target":{"@type":"EntryPoint","urlTemplate":"https:\/\/www.vitalibera.org\/community\/?s={search_term_string}"},"query-input":{"@type":"PropertyValueSpecification","valueRequired":true,"valueName":"search_term_string"}}],"inLanguage":"de"},{"@type":"Organization","@id":"https:\/\/www.vitalibera.org\/community\/#organization","name":"vitalibera.org","url":"https:\/\/www.vitalibera.org\/community\/","logo":{"@type":"ImageObject","inLanguage":"de","@id":"https:\/\/www.vitalibera.org\/community\/#\/schema\/logo\/image\/","url":"https:\/\/www.vitalibera.org\/community\/wp-content\/uploads\/2025\/09\/cropped-banner.png","contentUrl":"https:\/\/www.vitalibera.org\/community\/wp-content\/uploads\/2025\/09\/cropped-banner.png","width":991,"height":150,"caption":"vitalibera.org"},"image":{"@id":"https:\/\/www.vitalibera.org\/community\/#\/schema\/logo\/image\/"},"sameAs":["https:\/\/www.facebook.com\/groups\/2997085857140235"]},{"@type":"Person","@id":"https:\/\/www.vitalibera.org\/community\/#\/schema\/person\/6712387298421f222ff6d0a2e22c1534","name":"Andreas Jecklin","image":{"@type":"ImageObject","inLanguage":"de","@id":"https:\/\/secure.gravatar.com\/avatar\/ad516503a11cd5ca435acc9bb6523536?s=96","url":"https:\/\/secure.gravatar.com\/avatar\/ad516503a11cd5ca435acc9bb6523536?s=96","contentUrl":"https:\/\/secure.gravatar.com\/avatar\/ad516503a11cd5ca435acc9bb6523536?s=96","caption":"Andreas Jecklin"},"description":"Manchen gab Gott die Kraft Dinge zu ver\u00e4ndern, mir gab er die Kraft zu ertragen was nicht mehr zu \u00e4ndern ist.","url":"https:\/\/www.vitalibera.org\/community\/author\/andy77\/"}]}},"jetpack_featured_media_url":"https:\/\/www.vitalibera.org\/community\/wp-content\/uploads\/2026\/04\/BCO.46d64fec-ff1a-42ab-89cf-a2ab123d2432-1.png","jetpack_sharing_enabled":true,"jetpack-related-posts":[],"_links":{"self":[{"href":"https:\/\/www.vitalibera.org\/community\/wp-json\/wp\/v2\/posts\/6709","targetHints":{"allow":["GET"]}}],"collection":[{"href":"https:\/\/www.vitalibera.org\/community\/wp-json\/wp\/v2\/posts"}],"about":[{"href":"https:\/\/www.vitalibera.org\/community\/wp-json\/wp\/v2\/types\/post"}],"author":[{"embeddable":true,"href":"https:\/\/www.vitalibera.org\/community\/wp-json\/wp\/v2\/users\/2"}],"replies":[{"embeddable":true,"href":"https:\/\/www.vitalibera.org\/community\/wp-json\/wp\/v2\/comments?post=6709"}],"version-history":[{"count":3,"href":"https:\/\/www.vitalibera.org\/community\/wp-json\/wp\/v2\/posts\/6709\/revisions"}],"predecessor-version":[{"id":6715,"href":"https:\/\/www.vitalibera.org\/community\/wp-json\/wp\/v2\/posts\/6709\/revisions\/6715"}],"wp:featuredmedia":[{"embeddable":true,"href":"https:\/\/www.vitalibera.org\/community\/wp-json\/wp\/v2\/media\/6711"}],"wp:attachment":[{"href":"https:\/\/www.vitalibera.org\/community\/wp-json\/wp\/v2\/media?parent=6709"}],"wp:term":[{"taxonomy":"category","embeddable":true,"href":"https:\/\/www.vitalibera.org\/community\/wp-json\/wp\/v2\/categories?post=6709"},{"taxonomy":"post_tag","embeddable":true,"href":"https:\/\/www.vitalibera.org\/community\/wp-json\/wp\/v2\/tags?post=6709"}],"curies":[{"name":"wp","href":"https:\/\/api.w.org\/{rel}","templated":true}]}}