{"id":6736,"date":"2026-04-14T17:28:13","date_gmt":"2026-04-14T15:28:13","guid":{"rendered":"https:\/\/www.vitalibera.org\/community\/?p=6736"},"modified":"2026-04-14T19:26:57","modified_gmt":"2026-04-14T17:26:57","slug":"macht-ihr-erstmal-das-durch-was-ich-hinter-mir-habe","status":"publish","type":"post","link":"https:\/\/www.vitalibera.org\/community\/2026\/04\/14\/macht-ihr-erstmal-das-durch-was-ich-hinter-mir-habe\/","title":{"rendered":"Macht ihr erstmal das durch, was ich hinter mir habe"},"content":{"rendered":"\n<div class=\"wp-block-media-text is-stacked-on-mobile is-vertically-aligned-top\"><figure class=\"wp-block-media-text__media\"><img fetchpriority=\"high\" decoding=\"async\" width=\"250\" height=\"257\" src=\"https:\/\/www.vitalibera.org\/community\/wp-content\/uploads\/2026\/04\/4.png\" alt=\"\" class=\"wp-image-6737 size-full\"><\/figure><div class=\"wp-block-media-text__content\">\n<p><strong>Erst verstehen, dann begleiten &ndash; Erfahrung ist kein Lehrbuch, sondern ein K&ouml;rper<\/strong><\/p>\n\n\n\n<p>Diskrepanz zwischen Theorie und gelebter Erfahrung<\/p>\n\n\n\n<p>Viele Systeme, Fachleute oder Institutionen &bdquo;machen durch&ldquo;, was sie <em>denken<\/em>, dass du brauchst &mdash; wissen aber nicht, was du <strong>tats&auml;chlich durchgemacht hast<\/strong>.<\/p>\n\n\n\n<p>Das ist der Kern des Problems:<\/p>\n\n\n\n<ul class=\"wp-block-list\">\n<li><strong>Reha&#8209;Strukturen sind linear<\/strong>, dein Weg ist es nicht.<\/li>\n\n\n\n<li><strong>Du hast Krisen, Kontrollverlust, Angst, Neuaufbau<\/strong> erlebt &mdash; das kann man nicht simulieren, nur ernst nehmen.<\/li>\n\n\n\n<li><strong>Empathie entsteht nicht aus Konzepten<\/strong>, sondern aus Begegnung mit Menschen, die selbst durch diesen Bruch gegangen sind. Und genau aus diesem Grund existiert vitalibera.org!<\/li>\n<\/ul>\n\n\n\n<p><em>Erfahrung ist kein Lehrbuch, sondern ein K&ouml;rper<\/em><\/p>\n\n\n\n<p>Besonders in der Nachsorge nach einer <a href=\"https:\/\/www.vitalibera.org\/community\/enzyklopaedie\/hirnverletzung\/\" target=\"_self\" title=\"Eine Hirnverletzung (oft als&nbsp;Sch&auml;del-Hirn-Trauma, SHT) ist eine&nbsp;Sch&auml;digung des Gehirns, verursacht durch &auml;u&szlig;ere Gewalteinwirkung (Unfall, Sturz) oder innere Faktoren (Schlaganfall, Tumor). Sie f&uuml;hrt zu k&ouml;rperlichen, kognitiven und verhaltensbezogenen Einschr&auml;nkungen, die oft unsichtbar bleiben. Symptome reichen von Kopfschmerzen bis zu schweren Behinderungen. Wichtige Aspekte der Hirnverletzung: Ursachen:&nbsp;H&auml;ufig durch Schlaganf&auml;lle, Hirnblutungen, Sauerstoffmangel oder St&uuml;rze\/Verkehrsunf&auml;lle (Sch&auml;del-Hirn-Trauma). Formen (SHT):&nbsp;Unterscheidung in&hellip;\" class=\"encyclopedia\">Hirnverletzung<\/a> sind <strong>W&uuml;rde<\/strong> und <strong>Selbstbestimmung<\/strong> nicht &bdquo;nice to have&ldquo;, sondern <strong>medizinisch, psychologisch und sozial essenziell<\/strong>. Ohne sie stagniert Heilung. Ein essenzieller Punkt welche leider viele Institutionen und Pflegeheime g&auml;nzlich vernachl&auml;ssigen.<\/p>\n\n\n\n<p>&bdquo;Heilung beginnt dort, wo das Umfeld w&uuml;rdevoll wird.&ldquo;<\/p>\n\n\n\n<ul class=\"wp-block-list\">\n<li>W&uuml;rde stabilisiert Identit&auml;t<\/li>\n\n\n\n<li>Selbstbestimmung aktiviert <a href=\"https:\/\/www.vitalibera.org\/community\/enzyklopaedie\/neuroplastizitaet\/\" target=\"_self\" title=\"Neuroplastizit&auml;t&nbsp;beschreibt die F&auml;higkeit des Gehirns, sich durch die gesamte Lebensspanne hinweg zu ver&auml;ndern, anzupassen und neue Verbindungen zwischen Nervenzellen zu bilden.&nbsp;Diese st&auml;ndige Umstrukturierung erm&ouml;glicht Lernen und Wachstum, spielt eine entscheidende Rolle bei der Genesung nach Hirnsch&auml;den wie Schlaganf&auml;llen und ist die Grundlage f&uuml;r die Entwicklung von F&auml;higkeiten und die Anpassung an die Umwelt.&nbsp;Regelm&auml;&szlig;iges &Uuml;ben und&hellip;\" class=\"encyclopedia\">Neuroplastizit&auml;t<\/a><\/li>\n\n\n\n<li>W&uuml;rde verhindert &Uuml;bergriffigkeit im System<\/li>\n\n\n\n<li>Selbstbestimmung sch&uuml;tzt Energie<\/li>\n<\/ul>\n\n\n\n<p>&bdquo;Heilung beginnt dort, wo das Umfeld w&uuml;rdevoll wird.&ldquo;<\/p>\n<\/div><\/div>\n\n\n\n<div class=\"wp-block-media-text is-stacked-on-mobile\" style=\"grid-template-columns:24% auto\"><figure class=\"wp-block-media-text__media\"><img decoding=\"async\" width=\"302\" height=\"277\" src=\"http:\/\/www.vitalibera.org\/community\/wp-content\/uploads\/2026\/03\/tip3.png\" alt=\"\" class=\"wp-image-6087 size-full\" srcset=\"https:\/\/www.vitalibera.org\/community\/wp-content\/uploads\/2026\/03\/tip3.png 302w, https:\/\/www.vitalibera.org\/community\/wp-content\/uploads\/2026\/03\/tip3-300x275.png 300w\" sizes=\"(max-width: 302px) 100vw, 302px\" \/><\/figure><div class=\"wp-block-media-text__content\">\n<p class=\"has-medium-font-size\"><strong><em>Wer begleitet, muss zuh&ouml;ren &ndash; nicht belehren!<\/em><\/strong><\/p>\n<\/div><\/div>\n\n\n\n<p>In der Rehabilitation geht es nicht nur um Therapiepl&auml;ne und medizinische Ma&szlig;nahmen. Es geht um den gelebten Bruch, um den tiefen Einschnitt im Leben, der nicht einfach mit Worten erkl&auml;rt werden kann. Unsere Kampagnenzeile &bdquo;Macht ihr erstmal das durch, was ich hinter mir habe&ldquo; bringt diese Erfahrung auf den Punkt und fordert Respekt und echte Empathie.<\/p>\n\n\n\n<h5 class=\"wp-block-heading\"><strong>Die Bedeutung von Erfahrung in der Reha<\/strong><\/h5>\n\n\n\n<p>Erfahrung ist mehr als Wissen aus B&uuml;chern oder Theorien. Sie ist k&ouml;rperlich, emotional und existenziell. Menschen, die eine Rehabilitation durchlaufen haben, tragen Narben, die man nicht sieht, und Geschichten, die man h&ouml;ren muss. Diese Erfahrung ist die Grundlage f&uuml;r echte Augenh&ouml;he im Umgang miteinander.<\/p>\n\n\n\n<h5 class=\"wp-block-heading\"><strong>Warum Bevormundung schadet<\/strong><\/h5>\n\n\n\n<p>Zu oft erleben <a href=\"https:\/\/www.vitalibera.org\/community\/2026\/04\/19\/wenn-reize-laut-werden-und-menschen-leise\/\">Betroffene<\/a>, dass ihre Erfahrungen und ihr Wissen ignoriert oder klein geredet werden. Bevormundung f&uuml;hrt zu Frustration, Resignation und einem Gef&uuml;hl der Ohnmacht. Unsere Kampagnenzeile stellt sich genau dagegen und fordert, dass Fachkr&auml;fte und Begleiter*innen zuh&ouml;ren und auf Augenh&ouml;he begegnen.<\/p>\n\n\n\n<h5 class=\"wp-block-heading\"><strong>Empowerment durch Authentizit&auml;t<\/strong><\/h5>\n\n\n\n<p>Die Botschaft ist klar: Es geht nicht darum, Mitleid zu erregen, sondern um Selbstbestimmung und Respekt. Die Zeile ist ein Aufruf, die Perspektive der Betroffenen ernst zu nehmen und sie als Expert*innen ihrer eigenen Lebensrealit&auml;t anzuerkennen.<\/p>\n\n\n\n<h5 class=\"wp-block-heading\"><strong>Fazit<\/strong><\/h5>\n\n\n\n<p>&bdquo;Macht ihr erstmal das durch, was ich hinter mir habe&ldquo; ist mehr als ein Slogan. Es ist ein Statement f&uuml;r Respekt, Empathie und echte Teilhabe. Es fordert alle, die in der Rehabilitation t&auml;tig sind, dazu auf, zuzuh&ouml;ren, zu verstehen und gemeinsam auf Augenh&ouml;he zu arbeiten.<\/p>\n\n\n\n<div class=\"wp-block-media-text is-stacked-on-mobile is-vertically-aligned-top\"><figure class=\"wp-block-media-text__media\"><img decoding=\"async\" width=\"259\" height=\"240\" src=\"http:\/\/www.vitalibera.org\/community\/wp-content\/uploads\/2026\/03\/8d884cf0d4c0d0127526e5ae396128bd.jpg\" alt=\"\" class=\"wp-image-6155 size-full\"><\/figure><div class=\"wp-block-media-text__content\">\n<p>Insbesondere Institutionen und Pflegeheime verstossen grundlegend gegen diese Punkte indem sie &uuml;ber jemanden Bestimmen wollen anstatt mit der betroffenen Person zusammen zu arbeiten.  <\/p>\n\n\n\n<p>In einigen F&auml;llen leidet darunter nicht nur die Psyche sondern auch der hart erarbeitete Reha-Fortschritt stagniert oder es entstehen im schlimmsten Fall sogar R&uuml;ckschritte.<\/p>\n\n\n\n<p>Weiter leidet sowohl die Menschenw&uuml;rde wie auch die Selbstbestimmung darunter massiv! <\/p>\n\n\n\n<p>-&gt; <a href=\"https:\/\/www.vitalibera.org\/community\/2026\/01\/04\/alternativen-zu-pflegeheim-institutionen\/\">Alternativen zu Pflegeheim\/Institutionen<\/a><\/p>\n<\/div><\/div>\n\n\n\n<p>In der Nachsorge nach einer <a href=\"https:\/\/www.vitalibera.org\/community\/enzyklopaedie\/hirnverletzung\/\" target=\"_self\" title=\"Eine Hirnverletzung (oft als&nbsp;Sch&auml;del-Hirn-Trauma, SHT) ist eine&nbsp;Sch&auml;digung des Gehirns, verursacht durch &auml;u&szlig;ere Gewalteinwirkung (Unfall, Sturz) oder innere Faktoren (Schlaganfall, Tumor). Sie f&uuml;hrt zu k&ouml;rperlichen, kognitiven und verhaltensbezogenen Einschr&auml;nkungen, die oft unsichtbar bleiben. Symptome reichen von Kopfschmerzen bis zu schweren Behinderungen. Wichtige Aspekte der Hirnverletzung: Ursachen:&nbsp;H&auml;ufig durch Schlaganf&auml;lle, Hirnblutungen, Sauerstoffmangel oder St&uuml;rze\/Verkehrsunf&auml;lle (Sch&auml;del-Hirn-Trauma). Formen (SHT):&nbsp;Unterscheidung in&hellip;\" class=\"encyclopedia\">Hirnverletzung<\/a> sind W&uuml;rde und Selbstbestimmung kein Luxus &ndash; sie sind die Grundlage jeder echten Rehabilitation. Menschen brauchen Entscheidungsr&auml;ume, klare Rollen und die Freiheit, ihr Tempo selbst zu bestimmen. Nur so entsteht Heilung, die nicht von au&szlig;en aufgezwungen wird, sondern von innen w&auml;chst. Selbstbestimmung st&auml;rkt Identit&auml;t, sch&uuml;tzt Energie und verhindert Bevormundung. W&uuml;rde bedeutet: Ich bleibe Subjekt meines Lebens &ndash; auch in der Nachsorge.&ldquo;<\/p>\n\n\n\n<p><em><strong>&bdquo;Meine Stimme geh&ouml;rt mir &ndash; und ich nutze sie.&ldquo;<\/strong><\/em><\/p>\n\n\n<div class=\"wp-block-image\">\n<figure class=\"aligncenter size-large\"><img loading=\"lazy\" decoding=\"async\" width=\"1024\" height=\"683\" src=\"http:\/\/www.vitalibera.org\/community\/wp-content\/uploads\/2026\/04\/660824018_1730215478358540_8679168799683517188_n-1024x683.jpg\" alt=\"\" class=\"wp-image-6621\" srcset=\"https:\/\/www.vitalibera.org\/community\/wp-content\/uploads\/2026\/04\/660824018_1730215478358540_8679168799683517188_n-1024x683.jpg 1024w, https:\/\/www.vitalibera.org\/community\/wp-content\/uploads\/2026\/04\/660824018_1730215478358540_8679168799683517188_n-300x200.jpg 300w, https:\/\/www.vitalibera.org\/community\/wp-content\/uploads\/2026\/04\/660824018_1730215478358540_8679168799683517188_n-768x512.jpg 768w, https:\/\/www.vitalibera.org\/community\/wp-content\/uploads\/2026\/04\/660824018_1730215478358540_8679168799683517188_n.jpg 1536w\" sizes=\"(max-width: 1024px) 100vw, 1024px\" \/><\/figure>\n<\/div>","protected":false},"excerpt":{"rendered":"<p>Wer begleitet, muss zuh\u00f6ren \u2013 nicht belehren! In der Rehabilitation geht es nicht nur um Therapiepl\u00e4ne und medizinische Ma\u00dfnahmen. Es geht um den gelebten Bruch, um den tiefen Einschnitt im Leben, der nicht einfach mit Worten erkl\u00e4rt werden kann. Unsere Kampagnenzeile \u201eMacht ihr erstmal das durch, was ich hinter mir habe\u201c bringt diese Erfahrung auf &#8230; <a title=\"Macht ihr erstmal das durch, was ich hinter mir habe\" class=\"read-more\" href=\"https:\/\/www.vitalibera.org\/community\/2026\/04\/14\/macht-ihr-erstmal-das-durch-was-ich-hinter-mir-habe\/\" aria-label=\"Mehr Informationen \u00fcber Macht ihr erstmal das durch, was ich hinter mir habe\">Weiterlesen<\/a><\/p>\n","protected":false},"author":2,"featured_media":6737,"comment_status":"open","ping_status":"open","sticky":false,"template":"","format":"standard","meta":{"cybocfi_hide_featured_image":"yes","_jetpack_memberships_contains_paid_content":false,"footnotes":""},"categories":[225],"tags":[],"class_list":["post-6736","post","type-post","status-publish","format-standard","has-post-thumbnail","hentry","category-hilfe-fuer-angehoerige"],"yoast_head":"<!-- This site is optimized with the Yoast SEO plugin v27.4 - https:\/\/yoast.com\/product\/yoast-seo-wordpress\/ -->\r\n<title>Macht ihr erstmal das durch, was ich hinter mir habe - vitalibera.org<\/title>\r\n<meta name=\"robots\" content=\"index, follow, max-snippet:-1, max-image-preview:large, max-video-preview:-1\" \/>\r\n<link rel=\"canonical\" href=\"http:\/\/www.vitalibera.org\/community\/2026\/04\/14\/macht-ihr-erstmal-das-durch-was-ich-hinter-mir-habe\/\" \/>\r\n<meta property=\"og:locale\" content=\"de_DE\" \/>\r\n<meta property=\"og:type\" content=\"article\" \/>\r\n<meta property=\"og:title\" content=\"Macht ihr erstmal das durch, was ich hinter mir habe - vitalibera.org\" \/>\r\n<meta property=\"og:description\" content=\"Wer begleitet, muss zuh\u00f6ren \u2013 nicht belehren! In der Rehabilitation geht es nicht nur um Therapiepl\u00e4ne und medizinische Ma\u00dfnahmen. Es geht um den gelebten Bruch, um den tiefen Einschnitt im Leben, der nicht einfach mit Worten erkl\u00e4rt werden kann. Unsere Kampagnenzeile \u201eMacht ihr erstmal das durch, was ich hinter mir habe\u201c bringt diese Erfahrung auf ... Weiterlesen\" \/>\r\n<meta property=\"og:url\" content=\"http:\/\/www.vitalibera.org\/community\/2026\/04\/14\/macht-ihr-erstmal-das-durch-was-ich-hinter-mir-habe\/\" \/>\r\n<meta property=\"og:site_name\" content=\"vitalibera.org\" \/>\r\n<meta property=\"article:publisher\" content=\"https:\/\/www.facebook.com\/groups\/2997085857140235\" \/>\r\n<meta property=\"article:published_time\" content=\"2026-04-14T15:28:13+00:00\" \/>\r\n<meta property=\"article:modified_time\" content=\"2026-04-14T17:26:57+00:00\" \/>\r\n<meta property=\"og:image\" content=\"http:\/\/www.vitalibera.org\/community\/wp-content\/uploads\/2026\/04\/4.png\" \/>\r\n\t<meta property=\"og:image:width\" content=\"250\" \/>\r\n\t<meta property=\"og:image:height\" content=\"257\" \/>\r\n\t<meta property=\"og:image:type\" content=\"image\/png\" \/>\r\n<meta name=\"author\" content=\"Andreas Jecklin\" \/>\r\n<meta name=\"twitter:card\" content=\"summary_large_image\" \/>\r\n<meta name=\"twitter:label1\" content=\"Verfasst von\" \/>\n\t<meta name=\"twitter:data1\" content=\"Andreas Jecklin\" \/>\n\t<meta name=\"twitter:label2\" content=\"Gesch\u00e4tzte Lesezeit\" \/>\n\t<meta name=\"twitter:data2\" content=\"5\u00a0Minuten\" \/>\r\n<script type=\"application\/ld+json\" class=\"yoast-schema-graph\">{\"@context\":\"https:\\\/\\\/schema.org\",\"@graph\":[{\"@type\":\"Article\",\"@id\":\"http:\\\/\\\/www.vitalibera.org\\\/community\\\/2026\\\/04\\\/14\\\/macht-ihr-erstmal-das-durch-was-ich-hinter-mir-habe\\\/#article\",\"isPartOf\":{\"@id\":\"http:\\\/\\\/www.vitalibera.org\\\/community\\\/2026\\\/04\\\/14\\\/macht-ihr-erstmal-das-durch-was-ich-hinter-mir-habe\\\/\"},\"author\":{\"name\":\"Andreas Jecklin\",\"@id\":\"https:\\\/\\\/www.vitalibera.org\\\/community\\\/#\\\/schema\\\/person\\\/6712387298421f222ff6d0a2e22c1534\"},\"headline\":\"Macht ihr erstmal das durch, was ich hinter mir habe\",\"datePublished\":\"2026-04-14T15:28:13+00:00\",\"dateModified\":\"2026-04-14T17:26:57+00:00\",\"mainEntityOfPage\":{\"@id\":\"http:\\\/\\\/www.vitalibera.org\\\/community\\\/2026\\\/04\\\/14\\\/macht-ihr-erstmal-das-durch-was-ich-hinter-mir-habe\\\/\"},\"wordCount\":604,\"commentCount\":0,\"publisher\":{\"@id\":\"https:\\\/\\\/www.vitalibera.org\\\/community\\\/#organization\"},\"image\":{\"@id\":\"http:\\\/\\\/www.vitalibera.org\\\/community\\\/2026\\\/04\\\/14\\\/macht-ihr-erstmal-das-durch-was-ich-hinter-mir-habe\\\/#primaryimage\"},\"thumbnailUrl\":\"https:\\\/\\\/www.vitalibera.org\\\/community\\\/wp-content\\\/uploads\\\/2026\\\/04\\\/4.png\",\"articleSection\":[\"Hilfe f\u00fcr Angeh\u00f6rige\"],\"inLanguage\":\"de\",\"potentialAction\":[{\"@type\":\"CommentAction\",\"name\":\"Comment\",\"target\":[\"http:\\\/\\\/www.vitalibera.org\\\/community\\\/2026\\\/04\\\/14\\\/macht-ihr-erstmal-das-durch-was-ich-hinter-mir-habe\\\/#respond\"]}]},{\"@type\":\"WebPage\",\"@id\":\"http:\\\/\\\/www.vitalibera.org\\\/community\\\/2026\\\/04\\\/14\\\/macht-ihr-erstmal-das-durch-was-ich-hinter-mir-habe\\\/\",\"url\":\"http:\\\/\\\/www.vitalibera.org\\\/community\\\/2026\\\/04\\\/14\\\/macht-ihr-erstmal-das-durch-was-ich-hinter-mir-habe\\\/\",\"name\":\"Macht ihr erstmal das durch, was ich hinter mir habe - vitalibera.org\",\"isPartOf\":{\"@id\":\"https:\\\/\\\/www.vitalibera.org\\\/community\\\/#website\"},\"primaryImageOfPage\":{\"@id\":\"http:\\\/\\\/www.vitalibera.org\\\/community\\\/2026\\\/04\\\/14\\\/macht-ihr-erstmal-das-durch-was-ich-hinter-mir-habe\\\/#primaryimage\"},\"image\":{\"@id\":\"http:\\\/\\\/www.vitalibera.org\\\/community\\\/2026\\\/04\\\/14\\\/macht-ihr-erstmal-das-durch-was-ich-hinter-mir-habe\\\/#primaryimage\"},\"thumbnailUrl\":\"https:\\\/\\\/www.vitalibera.org\\\/community\\\/wp-content\\\/uploads\\\/2026\\\/04\\\/4.png\",\"datePublished\":\"2026-04-14T15:28:13+00:00\",\"dateModified\":\"2026-04-14T17:26:57+00:00\",\"breadcrumb\":{\"@id\":\"http:\\\/\\\/www.vitalibera.org\\\/community\\\/2026\\\/04\\\/14\\\/macht-ihr-erstmal-das-durch-was-ich-hinter-mir-habe\\\/#breadcrumb\"},\"inLanguage\":\"de\",\"potentialAction\":[{\"@type\":\"ReadAction\",\"target\":[\"http:\\\/\\\/www.vitalibera.org\\\/community\\\/2026\\\/04\\\/14\\\/macht-ihr-erstmal-das-durch-was-ich-hinter-mir-habe\\\/\"]}]},{\"@type\":\"BreadcrumbList\",\"@id\":\"http:\\\/\\\/www.vitalibera.org\\\/community\\\/2026\\\/04\\\/14\\\/macht-ihr-erstmal-das-durch-was-ich-hinter-mir-habe\\\/#breadcrumb\",\"itemListElement\":[{\"@type\":\"ListItem\",\"position\":1,\"name\":\"Startseite\",\"item\":\"https:\\\/\\\/www.vitalibera.org\\\/community\\\/\"},{\"@type\":\"ListItem\",\"position\":2,\"name\":\"Macht ihr erstmal das durch, was ich hinter mir habe\"}]},{\"@type\":\"WebSite\",\"@id\":\"https:\\\/\\\/www.vitalibera.org\\\/community\\\/#website\",\"url\":\"https:\\\/\\\/www.vitalibera.org\\\/community\\\/\",\"name\":\"vitalibera.org\",\"description\":\"Mit einer Einschr&auml;nkung gestaltet sich das Leben im Alltag oft schwieriger - hier berichten wir &uuml;ber unsere Erfahrungen und Hilfsmittel um den Alltag so unbeschwert und unkompliziert wie nur m&ouml;glich geniessen zu k&ouml;nnen. Dabei richten wir unseren Fokus gezielt auf Selbst&auml;ndigkeit, Eigenst&auml;ndigkeit und Selbstbestimmung.\",\"publisher\":{\"@id\":\"https:\\\/\\\/www.vitalibera.org\\\/community\\\/#organization\"},\"potentialAction\":[{\"@type\":\"SearchAction\",\"target\":{\"@type\":\"EntryPoint\",\"urlTemplate\":\"https:\\\/\\\/www.vitalibera.org\\\/community\\\/?s={search_term_string}\"},\"query-input\":{\"@type\":\"PropertyValueSpecification\",\"valueRequired\":true,\"valueName\":\"search_term_string\"}}],\"inLanguage\":\"de\"},{\"@type\":\"Organization\",\"@id\":\"https:\\\/\\\/www.vitalibera.org\\\/community\\\/#organization\",\"name\":\"vitalibera.org\",\"url\":\"https:\\\/\\\/www.vitalibera.org\\\/community\\\/\",\"logo\":{\"@type\":\"ImageObject\",\"inLanguage\":\"de\",\"@id\":\"https:\\\/\\\/www.vitalibera.org\\\/community\\\/#\\\/schema\\\/logo\\\/image\\\/\",\"url\":\"https:\\\/\\\/www.vitalibera.org\\\/community\\\/wp-content\\\/uploads\\\/2025\\\/09\\\/cropped-banner.png\",\"contentUrl\":\"https:\\\/\\\/www.vitalibera.org\\\/community\\\/wp-content\\\/uploads\\\/2025\\\/09\\\/cropped-banner.png\",\"width\":991,\"height\":150,\"caption\":\"vitalibera.org\"},\"image\":{\"@id\":\"https:\\\/\\\/www.vitalibera.org\\\/community\\\/#\\\/schema\\\/logo\\\/image\\\/\"},\"sameAs\":[\"https:\\\/\\\/www.facebook.com\\\/groups\\\/2997085857140235\"]},{\"@type\":\"Person\",\"@id\":\"https:\\\/\\\/www.vitalibera.org\\\/community\\\/#\\\/schema\\\/person\\\/6712387298421f222ff6d0a2e22c1534\",\"name\":\"Andreas Jecklin\",\"image\":{\"@type\":\"ImageObject\",\"inLanguage\":\"de\",\"@id\":\"https:\\\/\\\/secure.gravatar.com\\\/avatar\\\/ad516503a11cd5ca435acc9bb6523536?s=96\",\"url\":\"https:\\\/\\\/secure.gravatar.com\\\/avatar\\\/ad516503a11cd5ca435acc9bb6523536?s=96\",\"contentUrl\":\"https:\\\/\\\/secure.gravatar.com\\\/avatar\\\/ad516503a11cd5ca435acc9bb6523536?s=96\",\"caption\":\"Andreas Jecklin\"},\"description\":\"Manchen gab Gott die Kraft Dinge zu ver\u00e4ndern, mir gab er die Kraft zu ertragen was nicht mehr zu \u00e4ndern ist.\",\"url\":\"https:\\\/\\\/www.vitalibera.org\\\/community\\\/author\\\/andy77\\\/\"}]}<\/script>\r\n<!-- \/ Yoast SEO plugin. -->","yoast_head_json":{"title":"Macht ihr erstmal das durch, was ich hinter mir habe - vitalibera.org","robots":{"index":"index","follow":"follow","max-snippet":"max-snippet:-1","max-image-preview":"max-image-preview:large","max-video-preview":"max-video-preview:-1"},"canonical":"http:\/\/www.vitalibera.org\/community\/2026\/04\/14\/macht-ihr-erstmal-das-durch-was-ich-hinter-mir-habe\/","og_locale":"de_DE","og_type":"article","og_title":"Macht ihr erstmal das durch, was ich hinter mir habe - vitalibera.org","og_description":"Wer begleitet, muss zuh\u00f6ren \u2013 nicht belehren! In der Rehabilitation geht es nicht nur um Therapiepl\u00e4ne und medizinische Ma\u00dfnahmen. Es geht um den gelebten Bruch, um den tiefen Einschnitt im Leben, der nicht einfach mit Worten erkl\u00e4rt werden kann. Unsere Kampagnenzeile \u201eMacht ihr erstmal das durch, was ich hinter mir habe\u201c bringt diese Erfahrung auf ... Weiterlesen","og_url":"http:\/\/www.vitalibera.org\/community\/2026\/04\/14\/macht-ihr-erstmal-das-durch-was-ich-hinter-mir-habe\/","og_site_name":"vitalibera.org","article_publisher":"https:\/\/www.facebook.com\/groups\/2997085857140235","article_published_time":"2026-04-14T15:28:13+00:00","article_modified_time":"2026-04-14T17:26:57+00:00","og_image":[{"width":250,"height":257,"url":"http:\/\/www.vitalibera.org\/community\/wp-content\/uploads\/2026\/04\/4.png","type":"image\/png"}],"author":"Andreas Jecklin","twitter_card":"summary_large_image","twitter_misc":{"Verfasst von":"Andreas Jecklin","Gesch\u00e4tzte Lesezeit":"5\u00a0Minuten"},"schema":{"@context":"https:\/\/schema.org","@graph":[{"@type":"Article","@id":"http:\/\/www.vitalibera.org\/community\/2026\/04\/14\/macht-ihr-erstmal-das-durch-was-ich-hinter-mir-habe\/#article","isPartOf":{"@id":"http:\/\/www.vitalibera.org\/community\/2026\/04\/14\/macht-ihr-erstmal-das-durch-was-ich-hinter-mir-habe\/"},"author":{"name":"Andreas Jecklin","@id":"https:\/\/www.vitalibera.org\/community\/#\/schema\/person\/6712387298421f222ff6d0a2e22c1534"},"headline":"Macht ihr erstmal das durch, was ich hinter mir habe","datePublished":"2026-04-14T15:28:13+00:00","dateModified":"2026-04-14T17:26:57+00:00","mainEntityOfPage":{"@id":"http:\/\/www.vitalibera.org\/community\/2026\/04\/14\/macht-ihr-erstmal-das-durch-was-ich-hinter-mir-habe\/"},"wordCount":604,"commentCount":0,"publisher":{"@id":"https:\/\/www.vitalibera.org\/community\/#organization"},"image":{"@id":"http:\/\/www.vitalibera.org\/community\/2026\/04\/14\/macht-ihr-erstmal-das-durch-was-ich-hinter-mir-habe\/#primaryimage"},"thumbnailUrl":"https:\/\/www.vitalibera.org\/community\/wp-content\/uploads\/2026\/04\/4.png","articleSection":["Hilfe f\u00fcr Angeh\u00f6rige"],"inLanguage":"de","potentialAction":[{"@type":"CommentAction","name":"Comment","target":["http:\/\/www.vitalibera.org\/community\/2026\/04\/14\/macht-ihr-erstmal-das-durch-was-ich-hinter-mir-habe\/#respond"]}]},{"@type":"WebPage","@id":"http:\/\/www.vitalibera.org\/community\/2026\/04\/14\/macht-ihr-erstmal-das-durch-was-ich-hinter-mir-habe\/","url":"http:\/\/www.vitalibera.org\/community\/2026\/04\/14\/macht-ihr-erstmal-das-durch-was-ich-hinter-mir-habe\/","name":"Macht ihr erstmal das durch, was ich hinter mir habe - vitalibera.org","isPartOf":{"@id":"https:\/\/www.vitalibera.org\/community\/#website"},"primaryImageOfPage":{"@id":"http:\/\/www.vitalibera.org\/community\/2026\/04\/14\/macht-ihr-erstmal-das-durch-was-ich-hinter-mir-habe\/#primaryimage"},"image":{"@id":"http:\/\/www.vitalibera.org\/community\/2026\/04\/14\/macht-ihr-erstmal-das-durch-was-ich-hinter-mir-habe\/#primaryimage"},"thumbnailUrl":"https:\/\/www.vitalibera.org\/community\/wp-content\/uploads\/2026\/04\/4.png","datePublished":"2026-04-14T15:28:13+00:00","dateModified":"2026-04-14T17:26:57+00:00","breadcrumb":{"@id":"http:\/\/www.vitalibera.org\/community\/2026\/04\/14\/macht-ihr-erstmal-das-durch-was-ich-hinter-mir-habe\/#breadcrumb"},"inLanguage":"de","potentialAction":[{"@type":"ReadAction","target":["http:\/\/www.vitalibera.org\/community\/2026\/04\/14\/macht-ihr-erstmal-das-durch-was-ich-hinter-mir-habe\/"]}]},{"@type":"BreadcrumbList","@id":"http:\/\/www.vitalibera.org\/community\/2026\/04\/14\/macht-ihr-erstmal-das-durch-was-ich-hinter-mir-habe\/#breadcrumb","itemListElement":[{"@type":"ListItem","position":1,"name":"Startseite","item":"https:\/\/www.vitalibera.org\/community\/"},{"@type":"ListItem","position":2,"name":"Macht ihr erstmal das durch, was ich hinter mir habe"}]},{"@type":"WebSite","@id":"https:\/\/www.vitalibera.org\/community\/#website","url":"https:\/\/www.vitalibera.org\/community\/","name":"vitalibera.org","description":"Mit einer Einschr&auml;nkung gestaltet sich das Leben im Alltag oft schwieriger - hier berichten wir &uuml;ber unsere Erfahrungen und Hilfsmittel um den Alltag so unbeschwert und unkompliziert wie nur m&ouml;glich geniessen zu k&ouml;nnen. Dabei richten wir unseren Fokus gezielt auf Selbst&auml;ndigkeit, Eigenst&auml;ndigkeit und Selbstbestimmung.","publisher":{"@id":"https:\/\/www.vitalibera.org\/community\/#organization"},"potentialAction":[{"@type":"SearchAction","target":{"@type":"EntryPoint","urlTemplate":"https:\/\/www.vitalibera.org\/community\/?s={search_term_string}"},"query-input":{"@type":"PropertyValueSpecification","valueRequired":true,"valueName":"search_term_string"}}],"inLanguage":"de"},{"@type":"Organization","@id":"https:\/\/www.vitalibera.org\/community\/#organization","name":"vitalibera.org","url":"https:\/\/www.vitalibera.org\/community\/","logo":{"@type":"ImageObject","inLanguage":"de","@id":"https:\/\/www.vitalibera.org\/community\/#\/schema\/logo\/image\/","url":"https:\/\/www.vitalibera.org\/community\/wp-content\/uploads\/2025\/09\/cropped-banner.png","contentUrl":"https:\/\/www.vitalibera.org\/community\/wp-content\/uploads\/2025\/09\/cropped-banner.png","width":991,"height":150,"caption":"vitalibera.org"},"image":{"@id":"https:\/\/www.vitalibera.org\/community\/#\/schema\/logo\/image\/"},"sameAs":["https:\/\/www.facebook.com\/groups\/2997085857140235"]},{"@type":"Person","@id":"https:\/\/www.vitalibera.org\/community\/#\/schema\/person\/6712387298421f222ff6d0a2e22c1534","name":"Andreas Jecklin","image":{"@type":"ImageObject","inLanguage":"de","@id":"https:\/\/secure.gravatar.com\/avatar\/ad516503a11cd5ca435acc9bb6523536?s=96","url":"https:\/\/secure.gravatar.com\/avatar\/ad516503a11cd5ca435acc9bb6523536?s=96","contentUrl":"https:\/\/secure.gravatar.com\/avatar\/ad516503a11cd5ca435acc9bb6523536?s=96","caption":"Andreas Jecklin"},"description":"Manchen gab Gott die Kraft Dinge zu ver\u00e4ndern, mir gab er die Kraft zu ertragen was nicht mehr zu \u00e4ndern ist.","url":"https:\/\/www.vitalibera.org\/community\/author\/andy77\/"}]}},"jetpack_featured_media_url":"https:\/\/www.vitalibera.org\/community\/wp-content\/uploads\/2026\/04\/4.png","jetpack_sharing_enabled":true,"jetpack-related-posts":[],"_links":{"self":[{"href":"https:\/\/www.vitalibera.org\/community\/wp-json\/wp\/v2\/posts\/6736","targetHints":{"allow":["GET"]}}],"collection":[{"href":"https:\/\/www.vitalibera.org\/community\/wp-json\/wp\/v2\/posts"}],"about":[{"href":"https:\/\/www.vitalibera.org\/community\/wp-json\/wp\/v2\/types\/post"}],"author":[{"embeddable":true,"href":"https:\/\/www.vitalibera.org\/community\/wp-json\/wp\/v2\/users\/2"}],"replies":[{"embeddable":true,"href":"https:\/\/www.vitalibera.org\/community\/wp-json\/wp\/v2\/comments?post=6736"}],"version-history":[{"count":5,"href":"https:\/\/www.vitalibera.org\/community\/wp-json\/wp\/v2\/posts\/6736\/revisions"}],"predecessor-version":[{"id":6746,"href":"https:\/\/www.vitalibera.org\/community\/wp-json\/wp\/v2\/posts\/6736\/revisions\/6746"}],"wp:featuredmedia":[{"embeddable":true,"href":"https:\/\/www.vitalibera.org\/community\/wp-json\/wp\/v2\/media\/6737"}],"wp:attachment":[{"href":"https:\/\/www.vitalibera.org\/community\/wp-json\/wp\/v2\/media?parent=6736"}],"wp:term":[{"taxonomy":"category","embeddable":true,"href":"https:\/\/www.vitalibera.org\/community\/wp-json\/wp\/v2\/categories?post=6736"},{"taxonomy":"post_tag","embeddable":true,"href":"https:\/\/www.vitalibera.org\/community\/wp-json\/wp\/v2\/tags?post=6736"}],"curies":[{"name":"wp","href":"https:\/\/api.w.org\/{rel}","templated":true}]}}