{"id":6750,"date":"2026-04-15T09:21:07","date_gmt":"2026-04-15T07:21:07","guid":{"rendered":"https:\/\/www.vitalibera.org\/community\/?p=6750"},"modified":"2026-04-15T09:45:40","modified_gmt":"2026-04-15T07:45:40","slug":"6750","status":"publish","type":"post","link":"https:\/\/www.vitalibera.org\/community\/2026\/04\/15\/6750\/","title":{"rendered":"Wenn Pflege zur Fremdbestimmung wird"},"content":{"rendered":"\n<div class=\"wp-block-media-text is-stacked-on-mobile is-vertically-aligned-top\"><figure class=\"wp-block-media-text__media\"><img fetchpriority=\"high\" decoding=\"async\" width=\"300\" height=\"300\" src=\"https:\/\/www.vitalibera.org\/community\/wp-content\/uploads\/2026\/04\/entm09.png\" alt=\"\" class=\"wp-image-6754 size-full\" srcset=\"https:\/\/www.vitalibera.org\/community\/wp-content\/uploads\/2026\/04\/entm09.png 300w, https:\/\/www.vitalibera.org\/community\/wp-content\/uploads\/2026\/04\/entm09-150x150.png 150w\" sizes=\"(max-width: 300px) 100vw, 300px\" \/><\/figure><div class=\"wp-block-media-text__content\">\n<p>Wir k&auml;mpfen gegen das Pflegeheim&#8209;System, weil zu viele Menschen nach einem Schicksalsschlag nicht Unterst&uuml;tzung, sondern Entm&uuml;ndigung erfahren. <\/p>\n\n\n\n<p>Weil ein System, das eigentlich sch&uuml;tzen soll, oft Strukturen reproduziert, die Freiheit, W&uuml;rde und Selbstbestimmung einschr&auml;nken. <\/p>\n\n\n\n<p>Viele <a href=\"https:\/\/www.vitalibera.org\/community\/2026\/04\/19\/wenn-reize-laut-werden-und-menschen-leise\/\">Betroffene<\/a> berichten, dass Entscheidungen &uuml;ber ihren Alltag, ihre Zukunft und ihren Lebensort nicht mit ihnen, sondern &uuml;ber sie getroffen werden. <strong>Das ist kein individuelles Versagen &ndash; es ist ein strukturelles Problem.<\/strong><\/p>\n\n\n\n<p>Wir setzen uns daf&uuml;r ein, dass Pflege nicht bedeutet, Menschen aus ihrem Leben herauszurei&szlig;en, sondern ihnen Wege zu er&ouml;ffnen, ihr Leben weiterzuf&uuml;hren. Dass Unterst&uuml;tzung nicht an Bedingungen gekn&uuml;pft ist, die Autonomie zerst&ouml;ren. Und dass niemand gezwungen wird, in einer Umgebung zu leben, die mehr Kontrolle als F&uuml;rsorge bietet.<\/p>\n\n\n\n<p>Wir stellen uns nicht <strong>nicht <\/strong>gegen Pflegekr&auml;fte, sondern gegen ein System, das Menschen zu F&auml;llen macht und Lebenswege in Schubladen sortiert. Wir k&auml;mpfen f&uuml;r Alternativen, f&uuml;r echte Wahlm&ouml;glichkeiten und f&uuml;r ein Verst&auml;ndnis von Pflege, das Menschen st&auml;rkt statt sie zu verwalten.<\/p>\n<\/div><\/div>\n\n\n\n<h5 class=\"wp-block-heading\"><strong>Warum das Thema an die &Ouml;ffentlichkeit muss<\/strong><\/h5>\n\n\n\n<p>Das Thema muss an die &Ouml;ffentlichkeit, weil zu viele Erfahrungen im Verborgenen bleiben. Pflegeheime und Fremdbestimmung sind kein Randproblem, sondern ein strukturelles Muster, das Menschen trifft, sobald sie verletzlich werden. Was hinter geschlossenen T&uuml;ren passiert, betrifft nicht nur Einzelne &ndash; es betrifft uns als Gesellschaft.<\/p>\n\n\n\n<p>Solange Betroffene isoliert sind, k&ouml;nnen Missst&auml;nde als Einzelf&auml;lle abgetan werden. Solange Angeh&ouml;rige schweigen, weil sie sich sch&auml;men oder &uuml;berfordert sind, bleibt das System unangetastet. Und solange die &Ouml;ffentlichkeit glaubt, Pflegeheime seien der &bdquo;normale&ldquo; oder &bdquo;einzige&ldquo; Weg, wird es keine Alternativen geben.<\/p>\n\n\n\n<p>Dieses Thema geh&ouml;rt ins Licht, weil Transparenz Schutz schafft. Weil Menschenrechte nicht privat verhandelt werden d&uuml;rfen. Weil Selbstbestimmung kein Luxus ist, sondern ein Grundrecht. Und weil ein System, das Menschen verwahrt statt begleitet, nur dann ver&auml;ndert wird, wenn viele hinsehen &ndash; nicht nur die, die betroffen sind.<\/p>\n\n\n\n<p>Wir bringen das Thema an die &Ouml;ffentlichkeit, damit niemand mehr sagen kann: &bdquo;Ich habe es nicht gewusst.&ldquo; Und damit niemand mehr erleben muss, was heute noch viel zu viele erleben.<\/p>\n\n\n\n<h5 class=\"wp-block-heading\"><strong>Es gibt positive Pflegeeinrichtungen &ndash; aber sie sind leider sehr selten<\/strong><\/h5>\n\n\n\n<p>Es gibt Pflegee<a href=\"https:\/\/www.vitalibera.org\/community\/enzyklopaedie\/inr\/\" target=\"_self\" title=\"Die&nbsp;International Normalized Ratio (INR)&nbsp;ist ein&nbsp;weltweit standardisierter Laborwert zur Messung der Blutgerinnungszeit, insbesondere bei der Einnahme von Gerinnungshemmern wie Marcumar. Ein INR-Wert um 1,0 ist normal, w&auml;hrend bei einer Therapie meist Werte zwischen 2,0 und 3,5 angestrebt werden, um Thrombosen zu verhindern.\" class=\"encyclopedia\">inr<\/a>ichtungen, in denen Menschen mit Respekt behandelt werden, in denen Selbstbestimmung ernst genommen wird und in denen Teams mit Herz und Professionalit&auml;t arbeiten. Diese Orte existieren &ndash; und sie zeigen, dass gute Pflege m&ouml;glich ist. Sie bew<a href=\"https:\/\/www.vitalibera.org\/community\/enzyklopaedie\/eisen\/\" target=\"_self\" title=\"Eisen&nbsp;ist das im K&ouml;rper am meisten vorkommende Spurenelement. Es ist ein wesentlicher Bestandteil des roten Blutfarbstoffs (H&auml;moglobin) und f&uuml;r den Sauerstofftransport wichtig. Weitere Aufgaben erf&uuml;llt Eisen in der Muskulatur, wo es in Form des Eiwei&szlig;stoffes Myoglobin der Sauerstoffspeicherung dient. Dar&uuml;ber hinaus ist Eisen generell f&uuml;r alle rasch wachsenden Gewebe des K&ouml;rpers erforderlich. Im Labor ist&hellip;\" class=\"encyclopedia\">eisen<\/a>, dass W&uuml;rde, Teilhabe und Menschlichkeit nicht utopisch sind, sondern real gelebt werden k&ouml;nnen.<\/p>\n\n\n\n<p>Doch genau diese positiven Beispiele sind leider selten. Nicht, weil es an guten Menschen fehlt, sondern weil das System ihnen kaum Raum l&auml;sst. Gute E<a href=\"https:\/\/www.vitalibera.org\/community\/enzyklopaedie\/inr\/\" target=\"_self\" title=\"Die&nbsp;International Normalized Ratio (INR)&nbsp;ist ein&nbsp;weltweit standardisierter Laborwert zur Messung der Blutgerinnungszeit, insbesondere bei der Einnahme von Gerinnungshemmern wie Marcumar. Ein INR-Wert um 1,0 ist normal, w&auml;hrend bei einer Therapie meist Werte zwischen 2,0 und 3,5 angestrebt werden, um Thrombosen zu verhindern.\" class=\"encyclopedia\">inr<\/a>ichtungen k&auml;mpfen gegen Personalmangel, Zeitdruck, starre Vorgaben, &ouml;konomische Zw&auml;nge und Strukturen, die eher Verwaltung als Beziehung f&ouml;rdern. Viele wollen besser arbeiten, d&uuml;rfen aber nicht. Andere schaffen es &ndash; aber nur, weil einzelne Teams &uuml;ber sich hinauswachsen und L&uuml;cken stopfen, die das System offenl&auml;sst.<\/p>\n\n\n\n<p>Dass gute Pflegee<a href=\"https:\/\/www.vitalibera.org\/community\/enzyklopaedie\/inr\/\" target=\"_self\" title=\"Die&nbsp;International Normalized Ratio (INR)&nbsp;ist ein&nbsp;weltweit standardisierter Laborwert zur Messung der Blutgerinnungszeit, insbesondere bei der Einnahme von Gerinnungshemmern wie Marcumar. Ein INR-Wert um 1,0 ist normal, w&auml;hrend bei einer Therapie meist Werte zwischen 2,0 und 3,5 angestrebt werden, um Thrombosen zu verhindern.\" class=\"encyclopedia\">inr<\/a>ichtungen rar sind, ist kein Naturgesetz. Es ist ein Hinweis darauf, dass das System nicht auf W&uuml;rde ausgerichtet ist, sondern auf Effizienz, Kontrolle und Standardisierung. Und genau deshalb m&uuml;ssen wir dar&uuml;ber sprechen: damit die wenigen positiven Beispiele nicht die Ausnahme bleiben, sondern zur Regel werden.<\/p>\n\n\n\n<div class=\"wp-block-media-text is-stacked-on-mobile\"><figure class=\"wp-block-media-text__media\"><img decoding=\"async\" width=\"259\" height=\"240\" src=\"http:\/\/www.vitalibera.org\/community\/wp-content\/uploads\/2026\/03\/dbc5972683099460054d3dbc8212a892-1.jpg\" alt=\"\" class=\"wp-image-6333 size-full\"><\/figure><div class=\"wp-block-media-text__content\">\n<p><a href=\"https:\/\/www.vitalibera.org\/community\/2026\/04\/14\/warum-wuerde-selbstbestimmung-in-der-nachsorge-unverzichtbar-sind\/\">Warum W&uuml;rde &amp; Selbstbestimmung in der Nachsorge unverzichtbar sind<\/a><\/p>\n\n\n\n<p><a href=\"https:\/\/www.vitalibera.org\/community\/2026\/04\/14\/macht-ihr-erstmal-das-durch-was-ich-hinter-mir-habe\/\">Macht ihr erstmal das durch, was ich hinter mir habe<\/a><\/p>\n\n\n\n<p><a href=\"https:\/\/www.vitalibera.org\/community\/2026\/04\/03\/mein-leben-meine-regeln-love-it-or-leave-it\/\">Mein Leben &ndash; Meine Regeln &ndash; Love it, or leave it<\/a><\/p>\n\n\n\n<p><a href=\"https:\/\/www.vitalibera.org\/community\/2026\/01\/04\/alternativen-zu-pflegeheim-institutionen\/\">Alternativen zu Pflegeheim\/Institutionen<\/a><\/p>\n<\/div><\/div>\n\n\n\n<p><strong>Ein kollektives Narrativ statt Einzelstimmen :<\/strong> Teilt mit uns eure eigenen Erfahrungen in unserem <a href=\"https:\/\/www.vitalibera.org\/community\/forum\/\">Forum <\/a>oder in unserer <a href=\"https:\/\/www.facebook.com\/groups\/2997085857140235\" target=\"_blank\" rel=\"noreferrer noopener\">Facebook-Gruppe<\/a> &ndash;  Gemeinsam sind wir lauter und verschaffen uns somit mehr Geh&ouml;r.<\/p>\n\n\n\n<p><\/p>\n","protected":false},"excerpt":{"rendered":"<p>Wir k\u00e4mpfen gegen das Pflegeheim\u2011System, weil zu viele Menschen nach einem Schicksalsschlag nicht Unterst\u00fctzung, sondern Entm\u00fcndigung erfahren. Weil ein System, das eigentlich sch\u00fctzen soll, oft Strukturen reproduziert, die Freiheit, W\u00fcrde und Selbstbestimmung einschr\u00e4nken. Viele Betroffene berichten, dass Entscheidungen \u00fcber ihren Alltag, ihre Zukunft und ihren Lebensort nicht mit ihnen, sondern \u00fcber sie getroffen werden. Das &#8230; <a title=\"Wenn Pflege zur Fremdbestimmung wird\" class=\"read-more\" href=\"https:\/\/www.vitalibera.org\/community\/2026\/04\/15\/6750\/\" aria-label=\"Mehr Informationen \u00fcber Wenn Pflege zur Fremdbestimmung wird\">Weiterlesen<\/a><\/p>\n","protected":false},"author":2,"featured_media":6754,"comment_status":"open","ping_status":"open","sticky":false,"template":"","format":"standard","meta":{"cybocfi_hide_featured_image":"yes","_jetpack_memberships_contains_paid_content":false,"footnotes":""},"categories":[225],"tags":[],"class_list":["post-6750","post","type-post","status-publish","format-standard","has-post-thumbnail","hentry","category-hilfe-fuer-angehoerige"],"yoast_head":"<!-- This site is optimized with the Yoast SEO plugin v27.4 - https:\/\/yoast.com\/product\/yoast-seo-wordpress\/ -->\r\n<title>Wenn Pflege zur Fremdbestimmung wird - vitalibera.org<\/title>\r\n<meta name=\"robots\" content=\"index, follow, max-snippet:-1, max-image-preview:large, max-video-preview:-1\" \/>\r\n<link rel=\"canonical\" href=\"http:\/\/www.vitalibera.org\/community\/2026\/04\/15\/6750\/\" \/>\r\n<meta property=\"og:locale\" content=\"de_DE\" \/>\r\n<meta property=\"og:type\" content=\"article\" \/>\r\n<meta property=\"og:title\" content=\"Wenn Pflege zur Fremdbestimmung wird - vitalibera.org\" \/>\r\n<meta property=\"og:description\" content=\"Wir k\u00e4mpfen gegen das Pflegeheim\u2011System, weil zu viele Menschen nach einem Schicksalsschlag nicht Unterst\u00fctzung, sondern Entm\u00fcndigung erfahren. Weil ein System, das eigentlich sch\u00fctzen soll, oft Strukturen reproduziert, die Freiheit, W\u00fcrde und Selbstbestimmung einschr\u00e4nken. Viele Betroffene berichten, dass Entscheidungen \u00fcber ihren Alltag, ihre Zukunft und ihren Lebensort nicht mit ihnen, sondern \u00fcber sie getroffen werden. Das ... Weiterlesen\" \/>\r\n<meta property=\"og:url\" content=\"http:\/\/www.vitalibera.org\/community\/2026\/04\/15\/6750\/\" \/>\r\n<meta property=\"og:site_name\" content=\"vitalibera.org\" \/>\r\n<meta property=\"article:publisher\" content=\"https:\/\/www.facebook.com\/groups\/2997085857140235\" \/>\r\n<meta property=\"article:published_time\" content=\"2026-04-15T07:21:07+00:00\" \/>\r\n<meta property=\"article:modified_time\" content=\"2026-04-15T07:45:40+00:00\" \/>\r\n<meta property=\"og:image\" content=\"http:\/\/www.vitalibera.org\/community\/wp-content\/uploads\/2026\/04\/entm09.png\" \/>\r\n\t<meta property=\"og:image:width\" content=\"300\" \/>\r\n\t<meta property=\"og:image:height\" content=\"300\" \/>\r\n\t<meta property=\"og:image:type\" content=\"image\/png\" \/>\r\n<meta name=\"author\" content=\"Andreas Jecklin\" \/>\r\n<meta name=\"twitter:card\" content=\"summary_large_image\" \/>\r\n<meta name=\"twitter:label1\" content=\"Verfasst von\" \/>\n\t<meta name=\"twitter:data1\" content=\"Andreas Jecklin\" \/>\n\t<meta name=\"twitter:label2\" content=\"Gesch\u00e4tzte Lesezeit\" \/>\n\t<meta name=\"twitter:data2\" content=\"4\u00a0Minuten\" \/>\r\n<script type=\"application\/ld+json\" class=\"yoast-schema-graph\">{\"@context\":\"https:\\\/\\\/schema.org\",\"@graph\":[{\"@type\":\"Article\",\"@id\":\"http:\\\/\\\/www.vitalibera.org\\\/community\\\/2026\\\/04\\\/15\\\/6750\\\/#article\",\"isPartOf\":{\"@id\":\"http:\\\/\\\/www.vitalibera.org\\\/community\\\/2026\\\/04\\\/15\\\/6750\\\/\"},\"author\":{\"name\":\"Andreas Jecklin\",\"@id\":\"https:\\\/\\\/www.vitalibera.org\\\/community\\\/#\\\/schema\\\/person\\\/6712387298421f222ff6d0a2e22c1534\"},\"headline\":\"Wenn Pflege zur Fremdbestimmung wird\",\"datePublished\":\"2026-04-15T07:21:07+00:00\",\"dateModified\":\"2026-04-15T07:45:40+00:00\",\"mainEntityOfPage\":{\"@id\":\"http:\\\/\\\/www.vitalibera.org\\\/community\\\/2026\\\/04\\\/15\\\/6750\\\/\"},\"wordCount\":610,\"commentCount\":0,\"publisher\":{\"@id\":\"https:\\\/\\\/www.vitalibera.org\\\/community\\\/#organization\"},\"image\":{\"@id\":\"http:\\\/\\\/www.vitalibera.org\\\/community\\\/2026\\\/04\\\/15\\\/6750\\\/#primaryimage\"},\"thumbnailUrl\":\"https:\\\/\\\/www.vitalibera.org\\\/community\\\/wp-content\\\/uploads\\\/2026\\\/04\\\/entm09.png\",\"articleSection\":[\"Hilfe f\u00fcr Angeh\u00f6rige\"],\"inLanguage\":\"de\",\"potentialAction\":[{\"@type\":\"CommentAction\",\"name\":\"Comment\",\"target\":[\"http:\\\/\\\/www.vitalibera.org\\\/community\\\/2026\\\/04\\\/15\\\/6750\\\/#respond\"]}]},{\"@type\":\"WebPage\",\"@id\":\"http:\\\/\\\/www.vitalibera.org\\\/community\\\/2026\\\/04\\\/15\\\/6750\\\/\",\"url\":\"http:\\\/\\\/www.vitalibera.org\\\/community\\\/2026\\\/04\\\/15\\\/6750\\\/\",\"name\":\"Wenn Pflege zur Fremdbestimmung wird - vitalibera.org\",\"isPartOf\":{\"@id\":\"https:\\\/\\\/www.vitalibera.org\\\/community\\\/#website\"},\"primaryImageOfPage\":{\"@id\":\"http:\\\/\\\/www.vitalibera.org\\\/community\\\/2026\\\/04\\\/15\\\/6750\\\/#primaryimage\"},\"image\":{\"@id\":\"http:\\\/\\\/www.vitalibera.org\\\/community\\\/2026\\\/04\\\/15\\\/6750\\\/#primaryimage\"},\"thumbnailUrl\":\"https:\\\/\\\/www.vitalibera.org\\\/community\\\/wp-content\\\/uploads\\\/2026\\\/04\\\/entm09.png\",\"datePublished\":\"2026-04-15T07:21:07+00:00\",\"dateModified\":\"2026-04-15T07:45:40+00:00\",\"breadcrumb\":{\"@id\":\"http:\\\/\\\/www.vitalibera.org\\\/community\\\/2026\\\/04\\\/15\\\/6750\\\/#breadcrumb\"},\"inLanguage\":\"de\",\"potentialAction\":[{\"@type\":\"ReadAction\",\"target\":[\"http:\\\/\\\/www.vitalibera.org\\\/community\\\/2026\\\/04\\\/15\\\/6750\\\/\"]}]},{\"@type\":\"BreadcrumbList\",\"@id\":\"http:\\\/\\\/www.vitalibera.org\\\/community\\\/2026\\\/04\\\/15\\\/6750\\\/#breadcrumb\",\"itemListElement\":[{\"@type\":\"ListItem\",\"position\":1,\"name\":\"Startseite\",\"item\":\"https:\\\/\\\/www.vitalibera.org\\\/community\\\/\"},{\"@type\":\"ListItem\",\"position\":2,\"name\":\"Wenn Pflege zur Fremdbestimmung wird\"}]},{\"@type\":\"WebSite\",\"@id\":\"https:\\\/\\\/www.vitalibera.org\\\/community\\\/#website\",\"url\":\"https:\\\/\\\/www.vitalibera.org\\\/community\\\/\",\"name\":\"vitalibera.org\",\"description\":\"Mit einer Einschr&auml;nkung gestaltet sich das Leben im Alltag oft schwieriger - hier berichten wir &uuml;ber unsere Erfahrungen und Hilfsmittel um den Alltag so unbeschwert und unkompliziert wie nur m&ouml;glich geniessen zu k&ouml;nnen. Dabei richten wir unseren Fokus gezielt auf Selbst&auml;ndigkeit, Eigenst&auml;ndigkeit und Selbstbestimmung.\",\"publisher\":{\"@id\":\"https:\\\/\\\/www.vitalibera.org\\\/community\\\/#organization\"},\"potentialAction\":[{\"@type\":\"SearchAction\",\"target\":{\"@type\":\"EntryPoint\",\"urlTemplate\":\"https:\\\/\\\/www.vitalibera.org\\\/community\\\/?s={search_term_string}\"},\"query-input\":{\"@type\":\"PropertyValueSpecification\",\"valueRequired\":true,\"valueName\":\"search_term_string\"}}],\"inLanguage\":\"de\"},{\"@type\":\"Organization\",\"@id\":\"https:\\\/\\\/www.vitalibera.org\\\/community\\\/#organization\",\"name\":\"vitalibera.org\",\"url\":\"https:\\\/\\\/www.vitalibera.org\\\/community\\\/\",\"logo\":{\"@type\":\"ImageObject\",\"inLanguage\":\"de\",\"@id\":\"https:\\\/\\\/www.vitalibera.org\\\/community\\\/#\\\/schema\\\/logo\\\/image\\\/\",\"url\":\"https:\\\/\\\/www.vitalibera.org\\\/community\\\/wp-content\\\/uploads\\\/2025\\\/09\\\/cropped-banner.png\",\"contentUrl\":\"https:\\\/\\\/www.vitalibera.org\\\/community\\\/wp-content\\\/uploads\\\/2025\\\/09\\\/cropped-banner.png\",\"width\":991,\"height\":150,\"caption\":\"vitalibera.org\"},\"image\":{\"@id\":\"https:\\\/\\\/www.vitalibera.org\\\/community\\\/#\\\/schema\\\/logo\\\/image\\\/\"},\"sameAs\":[\"https:\\\/\\\/www.facebook.com\\\/groups\\\/2997085857140235\"]},{\"@type\":\"Person\",\"@id\":\"https:\\\/\\\/www.vitalibera.org\\\/community\\\/#\\\/schema\\\/person\\\/6712387298421f222ff6d0a2e22c1534\",\"name\":\"Andreas Jecklin\",\"image\":{\"@type\":\"ImageObject\",\"inLanguage\":\"de\",\"@id\":\"https:\\\/\\\/secure.gravatar.com\\\/avatar\\\/ad516503a11cd5ca435acc9bb6523536?s=96\",\"url\":\"https:\\\/\\\/secure.gravatar.com\\\/avatar\\\/ad516503a11cd5ca435acc9bb6523536?s=96\",\"contentUrl\":\"https:\\\/\\\/secure.gravatar.com\\\/avatar\\\/ad516503a11cd5ca435acc9bb6523536?s=96\",\"caption\":\"Andreas Jecklin\"},\"description\":\"Manchen gab Gott die Kraft Dinge zu ver\u00e4ndern, mir gab er die Kraft zu ertragen was nicht mehr zu \u00e4ndern ist.\",\"url\":\"https:\\\/\\\/www.vitalibera.org\\\/community\\\/author\\\/andy77\\\/\"}]}<\/script>\r\n<!-- \/ Yoast SEO plugin. -->","yoast_head_json":{"title":"Wenn Pflege zur Fremdbestimmung wird - vitalibera.org","robots":{"index":"index","follow":"follow","max-snippet":"max-snippet:-1","max-image-preview":"max-image-preview:large","max-video-preview":"max-video-preview:-1"},"canonical":"http:\/\/www.vitalibera.org\/community\/2026\/04\/15\/6750\/","og_locale":"de_DE","og_type":"article","og_title":"Wenn Pflege zur Fremdbestimmung wird - vitalibera.org","og_description":"Wir k\u00e4mpfen gegen das Pflegeheim\u2011System, weil zu viele Menschen nach einem Schicksalsschlag nicht Unterst\u00fctzung, sondern Entm\u00fcndigung erfahren. Weil ein System, das eigentlich sch\u00fctzen soll, oft Strukturen reproduziert, die Freiheit, W\u00fcrde und Selbstbestimmung einschr\u00e4nken. Viele Betroffene berichten, dass Entscheidungen \u00fcber ihren Alltag, ihre Zukunft und ihren Lebensort nicht mit ihnen, sondern \u00fcber sie getroffen werden. Das ... Weiterlesen","og_url":"http:\/\/www.vitalibera.org\/community\/2026\/04\/15\/6750\/","og_site_name":"vitalibera.org","article_publisher":"https:\/\/www.facebook.com\/groups\/2997085857140235","article_published_time":"2026-04-15T07:21:07+00:00","article_modified_time":"2026-04-15T07:45:40+00:00","og_image":[{"width":300,"height":300,"url":"http:\/\/www.vitalibera.org\/community\/wp-content\/uploads\/2026\/04\/entm09.png","type":"image\/png"}],"author":"Andreas Jecklin","twitter_card":"summary_large_image","twitter_misc":{"Verfasst von":"Andreas Jecklin","Gesch\u00e4tzte Lesezeit":"4\u00a0Minuten"},"schema":{"@context":"https:\/\/schema.org","@graph":[{"@type":"Article","@id":"http:\/\/www.vitalibera.org\/community\/2026\/04\/15\/6750\/#article","isPartOf":{"@id":"http:\/\/www.vitalibera.org\/community\/2026\/04\/15\/6750\/"},"author":{"name":"Andreas Jecklin","@id":"https:\/\/www.vitalibera.org\/community\/#\/schema\/person\/6712387298421f222ff6d0a2e22c1534"},"headline":"Wenn Pflege zur Fremdbestimmung wird","datePublished":"2026-04-15T07:21:07+00:00","dateModified":"2026-04-15T07:45:40+00:00","mainEntityOfPage":{"@id":"http:\/\/www.vitalibera.org\/community\/2026\/04\/15\/6750\/"},"wordCount":610,"commentCount":0,"publisher":{"@id":"https:\/\/www.vitalibera.org\/community\/#organization"},"image":{"@id":"http:\/\/www.vitalibera.org\/community\/2026\/04\/15\/6750\/#primaryimage"},"thumbnailUrl":"https:\/\/www.vitalibera.org\/community\/wp-content\/uploads\/2026\/04\/entm09.png","articleSection":["Hilfe f\u00fcr Angeh\u00f6rige"],"inLanguage":"de","potentialAction":[{"@type":"CommentAction","name":"Comment","target":["http:\/\/www.vitalibera.org\/community\/2026\/04\/15\/6750\/#respond"]}]},{"@type":"WebPage","@id":"http:\/\/www.vitalibera.org\/community\/2026\/04\/15\/6750\/","url":"http:\/\/www.vitalibera.org\/community\/2026\/04\/15\/6750\/","name":"Wenn Pflege zur Fremdbestimmung wird - vitalibera.org","isPartOf":{"@id":"https:\/\/www.vitalibera.org\/community\/#website"},"primaryImageOfPage":{"@id":"http:\/\/www.vitalibera.org\/community\/2026\/04\/15\/6750\/#primaryimage"},"image":{"@id":"http:\/\/www.vitalibera.org\/community\/2026\/04\/15\/6750\/#primaryimage"},"thumbnailUrl":"https:\/\/www.vitalibera.org\/community\/wp-content\/uploads\/2026\/04\/entm09.png","datePublished":"2026-04-15T07:21:07+00:00","dateModified":"2026-04-15T07:45:40+00:00","breadcrumb":{"@id":"http:\/\/www.vitalibera.org\/community\/2026\/04\/15\/6750\/#breadcrumb"},"inLanguage":"de","potentialAction":[{"@type":"ReadAction","target":["http:\/\/www.vitalibera.org\/community\/2026\/04\/15\/6750\/"]}]},{"@type":"BreadcrumbList","@id":"http:\/\/www.vitalibera.org\/community\/2026\/04\/15\/6750\/#breadcrumb","itemListElement":[{"@type":"ListItem","position":1,"name":"Startseite","item":"https:\/\/www.vitalibera.org\/community\/"},{"@type":"ListItem","position":2,"name":"Wenn Pflege zur Fremdbestimmung wird"}]},{"@type":"WebSite","@id":"https:\/\/www.vitalibera.org\/community\/#website","url":"https:\/\/www.vitalibera.org\/community\/","name":"vitalibera.org","description":"Mit einer Einschr&auml;nkung gestaltet sich das Leben im Alltag oft schwieriger - hier berichten wir &uuml;ber unsere Erfahrungen und Hilfsmittel um den Alltag so unbeschwert und unkompliziert wie nur m&ouml;glich geniessen zu k&ouml;nnen. Dabei richten wir unseren Fokus gezielt auf Selbst&auml;ndigkeit, Eigenst&auml;ndigkeit und Selbstbestimmung.","publisher":{"@id":"https:\/\/www.vitalibera.org\/community\/#organization"},"potentialAction":[{"@type":"SearchAction","target":{"@type":"EntryPoint","urlTemplate":"https:\/\/www.vitalibera.org\/community\/?s={search_term_string}"},"query-input":{"@type":"PropertyValueSpecification","valueRequired":true,"valueName":"search_term_string"}}],"inLanguage":"de"},{"@type":"Organization","@id":"https:\/\/www.vitalibera.org\/community\/#organization","name":"vitalibera.org","url":"https:\/\/www.vitalibera.org\/community\/","logo":{"@type":"ImageObject","inLanguage":"de","@id":"https:\/\/www.vitalibera.org\/community\/#\/schema\/logo\/image\/","url":"https:\/\/www.vitalibera.org\/community\/wp-content\/uploads\/2025\/09\/cropped-banner.png","contentUrl":"https:\/\/www.vitalibera.org\/community\/wp-content\/uploads\/2025\/09\/cropped-banner.png","width":991,"height":150,"caption":"vitalibera.org"},"image":{"@id":"https:\/\/www.vitalibera.org\/community\/#\/schema\/logo\/image\/"},"sameAs":["https:\/\/www.facebook.com\/groups\/2997085857140235"]},{"@type":"Person","@id":"https:\/\/www.vitalibera.org\/community\/#\/schema\/person\/6712387298421f222ff6d0a2e22c1534","name":"Andreas Jecklin","image":{"@type":"ImageObject","inLanguage":"de","@id":"https:\/\/secure.gravatar.com\/avatar\/ad516503a11cd5ca435acc9bb6523536?s=96","url":"https:\/\/secure.gravatar.com\/avatar\/ad516503a11cd5ca435acc9bb6523536?s=96","contentUrl":"https:\/\/secure.gravatar.com\/avatar\/ad516503a11cd5ca435acc9bb6523536?s=96","caption":"Andreas Jecklin"},"description":"Manchen gab Gott die Kraft Dinge zu ver\u00e4ndern, mir gab er die Kraft zu ertragen was nicht mehr zu \u00e4ndern ist.","url":"https:\/\/www.vitalibera.org\/community\/author\/andy77\/"}]}},"jetpack_featured_media_url":"https:\/\/www.vitalibera.org\/community\/wp-content\/uploads\/2026\/04\/entm09.png","jetpack_sharing_enabled":true,"jetpack-related-posts":[],"_links":{"self":[{"href":"https:\/\/www.vitalibera.org\/community\/wp-json\/wp\/v2\/posts\/6750","targetHints":{"allow":["GET"]}}],"collection":[{"href":"https:\/\/www.vitalibera.org\/community\/wp-json\/wp\/v2\/posts"}],"about":[{"href":"https:\/\/www.vitalibera.org\/community\/wp-json\/wp\/v2\/types\/post"}],"author":[{"embeddable":true,"href":"https:\/\/www.vitalibera.org\/community\/wp-json\/wp\/v2\/users\/2"}],"replies":[{"embeddable":true,"href":"https:\/\/www.vitalibera.org\/community\/wp-json\/wp\/v2\/comments?post=6750"}],"version-history":[{"count":4,"href":"https:\/\/www.vitalibera.org\/community\/wp-json\/wp\/v2\/posts\/6750\/revisions"}],"predecessor-version":[{"id":6757,"href":"https:\/\/www.vitalibera.org\/community\/wp-json\/wp\/v2\/posts\/6750\/revisions\/6757"}],"wp:featuredmedia":[{"embeddable":true,"href":"https:\/\/www.vitalibera.org\/community\/wp-json\/wp\/v2\/media\/6754"}],"wp:attachment":[{"href":"https:\/\/www.vitalibera.org\/community\/wp-json\/wp\/v2\/media?parent=6750"}],"wp:term":[{"taxonomy":"category","embeddable":true,"href":"https:\/\/www.vitalibera.org\/community\/wp-json\/wp\/v2\/categories?post=6750"},{"taxonomy":"post_tag","embeddable":true,"href":"https:\/\/www.vitalibera.org\/community\/wp-json\/wp\/v2\/tags?post=6750"}],"curies":[{"name":"wp","href":"https:\/\/api.w.org\/{rel}","templated":true}]}}