{"id":6768,"date":"2026-04-16T13:22:03","date_gmt":"2026-04-16T11:22:03","guid":{"rendered":"https:\/\/www.vitalibera.org\/community\/?p=6768"},"modified":"2026-04-22T14:34:14","modified_gmt":"2026-04-22T12:34:14","slug":"ueberwaeltigung-durch-das-aussen","status":"publish","type":"post","link":"https:\/\/www.vitalibera.org\/community\/2026\/04\/16\/ueberwaeltigung-durch-das-aussen\/","title":{"rendered":"\u00dcberw\u00e4ltigung durch das Aussen"},"content":{"rendered":"\n<p><\/p>\n\n\n\n<div class=\"wp-block-media-text is-stacked-on-mobile\"><figure class=\"wp-block-media-text__media\"><img fetchpriority=\"high\" decoding=\"async\" width=\"300\" height=\"300\" src=\"https:\/\/www.vitalibera.org\/community\/wp-content\/uploads\/2026\/04\/glaskugeldruck.png\" alt=\"\" class=\"wp-image-6769 size-full\" srcset=\"https:\/\/www.vitalibera.org\/community\/wp-content\/uploads\/2026\/04\/glaskugeldruck.png 300w, https:\/\/www.vitalibera.org\/community\/wp-content\/uploads\/2026\/04\/glaskugeldruck-150x150.png 150w\" sizes=\"(max-width: 300px) 100vw, 300px\" \/><\/figure><div class=\"wp-block-media-text__content\">\n<p>Wenn der gesellschaftliche Druck <em>&uuml;berm&auml;chtig<\/em> zu werden scheint, brauchst du kein &bdquo;mehr Durchhalten&ldquo; &ndash; du brauchst eine <strong>Gegenmacht<\/strong>, die dich innerlich stabilisiert, deinen Raum sch&uuml;tzt und die Erwartungen der Au&szlig;enwelt auf Normalma&szlig; schrumpft.<\/p>\n\n\n\n<p><\/p>\n<\/div><\/div>\n\n\n\n<h5 class=\"wp-block-heading\"><strong>Wenn gesellschaftlicher Druck &uuml;berm&auml;chtig wirkt<\/strong><\/h5>\n\n\n\n<p><em>(f&uuml;r Momente, in denen Erwartungen gr&ouml;&szlig;er erscheinen als deine eigene Stimme)<\/em><\/p>\n\n\n\n<h6 class=\"wp-block-heading\"><strong>1. Sofort entmachten<\/strong><\/h6>\n\n\n\n<ul class=\"wp-block-list\">\n<li>Innerer Satz: <strong>&bdquo;Das ist ein Bild von au&szlig;en, kein Urteil &uuml;ber mich.&ldquo;<\/strong><\/li>\n\n\n\n<li>K&ouml;rper: Schultern senken, H&auml;nde &ouml;ffnen<\/li>\n\n\n\n<li>Mini-Pause: 10&ndash;20 Sekunden Blick auf einen ruhigen Punkt<\/li>\n<\/ul>\n\n\n\n<h6 class=\"wp-block-heading\"><strong>2. Das &Uuml;berm&auml;chtige benennen<\/strong><\/h6>\n\n\n\n<p>Nicht analysieren &ndash; nur benennen:<\/p>\n\n\n\n<ul class=\"wp-block-list\">\n<li><strong>&bdquo;Zu viele Erwartungen.&ldquo;<\/strong><\/li>\n\n\n\n<li><strong>&bdquo;Zu wenig Verst&auml;ndnis.&ldquo;<\/strong><\/li>\n\n\n\n<li><strong>&bdquo;Zu viel Tempo.&ldquo;<\/strong><\/li>\n\n\n\n<li><strong>&bdquo;Zu wenig Raum f&uuml;r meine Realit&auml;t.&ldquo;<\/strong> &rarr; Ein Punkt reicht. Das reduziert die Wucht.<\/li>\n<\/ul>\n\n\n\n<h6 class=\"wp-block-heading\"><strong>3. Perspektive zur&uuml;ckholen<\/strong><\/h6>\n\n\n\n<p>Diese S&auml;tze wirken wie ein innerer Anker:<\/p>\n\n\n\n<ul class=\"wp-block-list\">\n<li><strong>&bdquo;Ich bin nicht verpflichtet, gesellschaftliche Fantasien zu erf&uuml;llen.&ldquo;<\/strong><\/li>\n\n\n\n<li><strong>&bdquo;Mein Wert h&auml;ngt nicht an Leistung.&ldquo;<\/strong><\/li>\n\n\n\n<li><strong>&bdquo;Ich darf anders sein, ohne mich zu rechtfertigen.&ldquo;<\/strong><\/li>\n\n\n\n<li><strong>&bdquo;Ich entscheide, was f&uuml;r mich m&ouml;glich ist.&ldquo;<\/strong><\/li>\n<\/ul>\n\n\n\n<h6 class=\"wp-block-heading\"><strong>4. Druck auf Normalma&szlig; schrumpfen<\/strong><\/h6>\n\n\n\n<ul class=\"wp-block-list\">\n<li>Nur <strong>eine<\/strong> Interaktion heute<\/li>\n\n\n\n<li>Nur <strong>eine<\/strong> Entscheidung<\/li>\n\n\n\n<li>Nur <strong>eine<\/strong> R&uuml;ckmeldung<\/li>\n\n\n\n<li>Alles andere: <strong>&bdquo;Nicht heute.&ldquo;<\/strong><\/li>\n\n\n\n<li>Wenn m&ouml;glich: <strong>Schriftlich statt m&uuml;ndlich<\/strong> &rarr; mehr Kontrolle, weniger Druck<\/li>\n<\/ul>\n\n\n\n<h6 class=\"wp-block-heading\"><strong>5. Schutzs&auml;tze f&uuml;r Au&szlig;enkontakte<\/strong><\/h6>\n\n\n\n<ul class=\"wp-block-list\">\n<li>&bdquo;Ich brauche mehr Zeit.&ldquo;<\/li>\n\n\n\n<li>&bdquo;Bitte in einfachen Schritten.&ldquo;<\/li>\n\n\n\n<li>&bdquo;Das ist f&uuml;r mich zu viel Tempo.&ldquo;<\/li>\n\n\n\n<li>&bdquo;Ich kann das gerade nicht leisten.&ldquo;<\/li>\n\n\n\n<li>&bdquo;Ich melde mich, wenn Kapazit&auml;t da ist.&ldquo;<\/li>\n<\/ul>\n\n\n\n<h6 class=\"wp-block-heading\"><strong>6. Selbstschutz aktivieren<\/strong><\/h6>\n\n\n\n<ul class=\"wp-block-list\">\n<li>Ger&auml;usche reduzieren<\/li>\n\n\n\n<li>Handy auf &bdquo;Nicht st&ouml;ren&ldquo;<\/li>\n\n\n\n<li>10 Minuten R&uuml;ckzug<\/li>\n\n\n\n<li>Eine kleine, machbare Handlung &rarr; Selbstwirksamkeit zur&uuml;ckholen<\/li>\n<\/ul>\n\n\n\n<div class=\"wp-block-media-text is-stacked-on-mobile\" style=\"grid-template-columns:29% auto\"><figure class=\"wp-block-media-text__media\"><img decoding=\"async\" width=\"302\" height=\"277\" src=\"http:\/\/www.vitalibera.org\/community\/wp-content\/uploads\/2026\/03\/tip3.png\" alt=\"\" class=\"wp-image-6087 size-full\" srcset=\"https:\/\/www.vitalibera.org\/community\/wp-content\/uploads\/2026\/03\/tip3.png 302w, https:\/\/www.vitalibera.org\/community\/wp-content\/uploads\/2026\/03\/tip3-300x275.png 300w\" sizes=\"(max-width: 302px) 100vw, 302px\" \/><\/figure><div class=\"wp-block-media-text__content\">\n<p>Drei Worte, die dir die Macht zur&uuml;ckgeben: <strong>&bdquo;Ich bleibe bei mir.&ldquo;<\/strong> <strong>&bdquo;Ich bin genug.&ldquo;<\/strong> <strong>&bdquo;Ich darf anders.&ldquo;<\/strong><\/p>\n<\/div><\/div>\n\n\n\n<h5 class=\"wp-block-heading\"><strong>Was du JETZT tun kannst, wenn es zu viel wird<\/strong><\/h5>\n\n\n\n<p>Eine neurofreundliche Sofort&#8209;Strategie:<\/p>\n\n\n\n<ol start=\"1\" class=\"wp-block-list\">\n<li><strong>Druck benennen<\/strong> &bdquo;Der aktuelle Druck von Beh&ouml;rden und gesellschaftlichen Erwartungen &uuml;berfordert mich.&ldquo;<\/li>\n\n\n\n<li><strong>Schutz aktivieren<\/strong> Eine externe Stelle einschalten &ndash; sie &uuml;bernehmen den Teil, der dich erdr&uuml;ckt.<\/li>\n\n\n\n<li><strong>Last teilen<\/strong> Eine Person ins Boot holen, die mitliest, mitdenkt oder mitformuliert.<\/li>\n\n\n\n<li><strong>Tempo reduzieren<\/strong> Ein Ziel pro Tag, ein Kontaktpunkt pro Tag.<\/li>\n<\/ol>\n\n\n\n<h5 class=\"wp-block-heading\"><strong>Unterst&uuml;tzungsstellen Schweiz<\/strong><\/h5>\n\n\n\n<h6 class=\"wp-block-heading\"><strong>Rechte, Beh&ouml;rden, Selbstbestimmung<\/strong><\/h6>\n\n\n\n<ul class=\"wp-block-list\">\n<li><strong><a href=\"https:\/\/www.proinfirmis.ch\/\" target=\"_blank\" rel=\"noreferrer noopener\">Pro Infirmis<\/a><\/strong> &ndash; Rechtsberatung, Konflikte mit Beh&ouml;rden, Unterst&uuml;tzung bei Antr&auml;gen<\/li>\n\n\n\n<li><strong><a href=\"https:\/\/agile.ch\/\" target=\"_blank\" rel=\"noreferrer noopener\">Agile.ch<\/a><\/strong> &ndash; Selbstbestimmung, Assistenz, Anti&#8209;Bevormundung<\/li>\n\n\n\n<li><strong><a href=\"https:\/\/www.inclusion-handicap.ch\/\" target=\"_blank\" rel=\"noreferrer noopener\">Inclusion Handicap<\/a><\/strong> &ndash; Dachverband, strategische Rechtsf&auml;lle, Diskriminierung<\/li>\n\n\n\n<li><strong>Ombudsstellen der Kantone<\/strong> &ndash; Vermittlung bei Beh&ouml;rdenkonflikten<\/li>\n\n\n\n<li><strong>Behindertenbeauftragte der Kantone<\/strong> &ndash; strukturelle Probleme adressieren<\/li>\n<\/ul>\n\n\n\n<h6 class=\"wp-block-heading\"><strong>Psychosoziale Entlastung<\/strong><\/h6>\n\n\n\n<ul class=\"wp-block-list\">\n<li><strong>Sozialpsychiatrische Dienste (SPDi)<\/strong> &ndash; Krisen, &Uuml;berlastung, Gespr&auml;che<\/li>\n\n\n\n<li><strong><a href=\"https:\/\/www.143.ch\/\" target=\"_blank\" rel=\"noreferrer noopener\">Dargebotene Hand (143)<\/a><\/strong> &ndash; anonym, sofortige Entlastung<\/li>\n\n\n\n<li><strong>Selbsthilfe Schweiz<\/strong> &ndash; Gruppen zu Behinderung, Beh&ouml;rdenstress, &Uuml;berforderung<\/li>\n<\/ul>\n\n\n\n<h6 class=\"wp-block-heading\"><strong>Alltag, Assistenz, Entlastung<\/strong><\/h6>\n\n\n\n<ul class=\"wp-block-list\">\n<li><strong><a href=\"https:\/\/www.vitalibera.org\/community\/enzyklopaedie\/spitex\/\" target=\"_self\" title=\"Spitex steht f&uuml;r &bdquo;spitalexterne Hilfe und Pflege&ldquo; und umfasst Dienstleistungen, die Menschen jeden Alters zu Hause pflegen, betreuen und unterst&uuml;tzen, wenn diese krank, behindert, alt oder in einer schwierigen Lebenssituation sind. Ziel ist es, die Selbstst&auml;ndigkeit zu erhalten und den Verbleib im vertrauten Umfeld zu erm&ouml;glichen\" class=\"encyclopedia\">Spitex<\/a><\/strong> &ndash; ambulante Unterst&uuml;tzung<\/li>\n\n\n\n<li><strong>Assistenzmodelle (kantonal)<\/strong> &ndash; Pers&ouml;nliche Assistenz, Selbstbestimmung<\/li>\n\n\n\n<li><strong>Ergo \/ <a href=\"https:\/\/www.vitalibera.org\/community\/enzyklopaedie\/neuropsychologie\/\" target=\"_self\" title=\"Die Neuropsychologie ist ein interdisziplin&auml;res Teilgebiet der Psychologie und Neurowissenschaften, das den Zusammenhang zwischen Hirnfunktionen (Struktur\/Physiologie) und menschlichem Erleben, Denken und Verhalten erforscht. Sie diagnostiziert und behandelt kognitive, emotionale und verhaltensbezogene St&ouml;rungen, die durch Hirnsch&auml;digungen (Schlaganfall, Unfall, Tumor, Demenz) verursacht werden. Kernbereiche der Neuropsychologie: Diagnostik:&nbsp;Untersuchung kognitiver Leistungen wie Ged&auml;chtnis, Aufmerksamkeit, Sprache, Wahrnehmung und Exekutivfunktionen mittels&hellip;\" class=\"encyclopedia\">Neuropsychologie<\/a><\/strong> &ndash; Struktur, Alltag, kognitive Entlastung<\/li>\n\n\n\n<li><strong>Entlastungsdienste Schweiz<\/strong> &ndash; stundenweise Unterst&uuml;tzung<\/li>\n<\/ul>\n\n\n\n<h6 class=\"wp-block-heading\"><strong>Selbstbestimmung &amp; Anti&#8209;Bevormundung<\/strong><\/h6>\n\n\n\n<ul class=\"wp-block-list\">\n<li><strong>ZSL Schweiz (<a href=\"https:\/\/www.ssbl.ch\/\" target=\"_blank\" rel=\"noreferrer noopener\">Zentrum f&uuml;r Selbstbestimmtes Leben<\/a>)<\/strong> &ndash; Peer&#8209;Beratung, Assistenz<\/li>\n\n\n\n<li><strong><a href=\"https:\/\/abilitywatch.de\/\" target=\"_blank\" rel=\"noreferrer noopener\">AbilityWatch <\/a>CH (lokale Gruppen)<\/strong> &ndash; Monitoring, Anti&#8209;Heim&#8209;Bewegung<\/li>\n\n\n\n<li><strong><a href=\"https:\/\/www.fragile.ch\" target=\"_blank\" rel=\"noreferrer noopener\">Fragile Suisse<\/a><\/strong> &ndash; besonders bei neurologischen Erkrankungen<\/li>\n<\/ul>\n\n\n\n<p><\/p>\n\n\n\n<p class=\"has-medium-font-size\"><strong>Unterst&uuml;tzungsstellen Deutschland<\/strong><\/p>\n\n\n\n<h6 class=\"wp-block-heading\"><strong>Rechte, Beh&ouml;rden, Selbstbestimmung<\/strong><\/h6>\n\n\n\n<ul class=\"wp-block-list\">\n<li><strong><a href=\"https:\/\/www.teilhabeberatung.de\/\" target=\"_blank\" rel=\"noreferrer noopener\">EUTB<\/a> &ndash; Erg&auml;nzende unabh&auml;ngige Teilhabeberatung<\/strong> Unabh&auml;ngig, kostenlos, extrem hilfreich bei Beh&ouml;rdenstress.<\/li>\n\n\n\n<li><strong><a href=\"https:\/\/www.vdk.de\/\" target=\"_blank\" rel=\"noreferrer noopener\">VdK Deutschland<\/a><\/strong> &ndash; Rechtsberatung, Widerspr&uuml;che, Sozialrecht<\/li>\n\n\n\n<li><a href=\"https:\/\/www.sovd.de\/\" target=\"_blank\" rel=\"noreferrer noopener\"><strong>SoVD<\/strong> <\/a>&ndash; Unterst&uuml;tzung bei Bescheiden, Gutachten, Beh&ouml;rden<\/li>\n\n\n\n<li><strong>Behindertenbeauftragte der L&auml;nder \/ Kommunen<\/strong> &ndash; Vermittlung, Druck rausnehmen<\/li>\n\n\n\n<li><strong>Sozial&auml;mter \/ Sozialberatungen<\/strong> &ndash; Existenzsicherung, Hilfen, Budget<\/li>\n<\/ul>\n\n\n\n<h6 class=\"wp-block-heading\"><strong> Psychosoziale Entlastung<\/strong><\/h6>\n\n\n\n<ul class=\"wp-block-list\">\n<li><strong><a href=\"https:\/\/www.telefonseelsorge.de\/\" target=\"_blank\" rel=\"noreferrer noopener\">TelefonSeelsorge<\/a><\/strong> &ndash; anonym, sofortige Entlastung<\/li>\n\n\n\n<li><strong>Sozialpsychiatrische Dienste (SPDi)<\/strong> &ndash; Krisenintervention, Begleitung<\/li>\n\n\n\n<li><strong><a href=\"https:\/\/www.nakos.de\/\" target=\"_blank\" rel=\"noreferrer noopener\">NAKOS <\/a>\/ Selbsthilfekontaktstellen<\/strong> &ndash; Gruppen zu Behinderung, Beh&ouml;rdenstress<\/li>\n\n\n\n<li><strong>Peer&#8209;Beratung<\/strong> &ndash; &uuml;ber EUTB oder Selbstbestimmt&#8209;Leben&#8209;Zentren<\/li>\n<\/ul>\n\n\n\n<h6 class=\"wp-block-heading\"><strong>Alltag, Assistenz, Entlastung<\/strong><\/h6>\n\n\n\n<ul class=\"wp-block-list\">\n<li><strong>Assistenzdienste<\/strong> &ndash; Pers&ouml;nliches Budget, selbstbestimmte Unterst&uuml;tzung<\/li>\n\n\n\n<li><strong>Pflegedienste \/ ambulante Dienste<\/strong> &ndash; Alltag, Struktur, Begleitung<\/li>\n\n\n\n<li><strong><a href=\"https:\/\/www.vitalibera.org\/community\/enzyklopaedie\/ergotherapie\/\" target=\"_self\" title=\"Ergotherapie&nbsp;unterst&uuml;tzt und begleitet Menschen jeden Alters, die in ihrer Handlungsf&auml;higkeit eingeschr&auml;nkt oder von Einschr&auml;nkung bedroht sind. Ziel ist, sie bei der Durchf&uuml;hrung f&uuml;r sie bedeutungsvoller Bet&auml;tigungen in den Bereichen Selbstversorgung, Produktivit&auml;t und Freizeit in ihrer pers&ouml;nlichen Umwelt zu st&auml;rken.\" class=\"encyclopedia\">Ergotherapie<\/a> \/ <a href=\"https:\/\/www.vitalibera.org\/community\/enzyklopaedie\/neuropsychologie\/\" target=\"_self\" title=\"Die Neuropsychologie ist ein interdisziplin&auml;res Teilgebiet der Psychologie und Neurowissenschaften, das den Zusammenhang zwischen Hirnfunktionen (Struktur\/Physiologie) und menschlichem Erleben, Denken und Verhalten erforscht. Sie diagnostiziert und behandelt kognitive, emotionale und verhaltensbezogene St&ouml;rungen, die durch Hirnsch&auml;digungen (Schlaganfall, Unfall, Tumor, Demenz) verursacht werden. Kernbereiche der Neuropsychologie: Diagnostik:&nbsp;Untersuchung kognitiver Leistungen wie Ged&auml;chtnis, Aufmerksamkeit, Sprache, Wahrnehmung und Exekutivfunktionen mittels&hellip;\" class=\"encyclopedia\">Neuropsychologie<\/a><\/strong> &ndash; Struktur, Alltag, Entlastung<\/li>\n\n\n\n<li><strong>Familienentlastende Dienste (FED)<\/strong> &ndash; stundenweise Unterst&uuml;tzung<\/li>\n<\/ul>\n\n\n\n<h6 class=\"wp-block-heading\"><strong>Selbstbestimmung &amp; Anti&#8209;Bevormundung<\/strong><\/h6>\n\n\n\n<ul class=\"wp-block-list\">\n<li><strong>ISL &ndash; <a href=\"https:\/\/isl-ev.de\/\" target=\"_blank\" rel=\"noreferrer noopener\">Interessenvertretung Selbstbestimmt Leben<\/a><\/strong><\/li>\n\n\n\n<li><strong>ZsL (<a href=\"https:\/\/www.adberlin.com\/neu\/weiterfuerende-informationen\/zentren-fuer-selbstbestimmtes-leben-in-deutschland\" target=\"_blank\" rel=\"noreferrer noopener\">Zentren f&uuml;r selbstbestimmtes Leben<\/a>)<\/strong> &ndash; Peer&#8209;Beratung, Assistenz<\/li>\n\n\n\n<li><a href=\"https:\/\/abilitywatch.de\/\" target=\"_blank\" rel=\"noreferrer noopener\"><strong>AbilityWatch<\/strong> <\/a>&ndash; Monitoring, Anti&#8209;Heim&#8209;Bewegung<\/li>\n\n\n\n<li><strong>AbilityNow<\/strong> &ndash; Empowerment, Aktivismus<\/li>\n<\/ul>\n\n\n\n<div class=\"wp-block-media-text is-stacked-on-mobile\"><figure class=\"wp-block-media-text__media\"><img decoding=\"async\" width=\"259\" height=\"240\" src=\"http:\/\/www.vitalibera.org\/community\/wp-content\/uploads\/2026\/03\/8d884cf0d4c0d0127526e5ae396128bd.jpg\" alt=\"\" class=\"wp-image-6155 size-full\"><\/figure><div class=\"wp-block-media-text__content\">\n<p>Wenn der Druck akut wird<\/p>\n\n\n\n<p>Die <strong>besten Sofort&#8209;Anlaufstellen<\/strong>, die wirklich Druck rausnehmen:<\/p>\n\n\n\n<ul class=\"wp-block-list\">\n<li><strong>Schweiz:<\/strong> Pro Infirmis, Agile.ch, SPDi<\/li>\n\n\n\n<li><strong>Deutschland:<\/strong> EUTB, SPDi, VdK\/SoVD<\/li>\n<\/ul>\n\n\n\n<p>Diese Stellen k&ouml;nnen <strong>mit Beh&ouml;rden sprechen<\/strong>, <strong>Fristen kl&auml;ren<\/strong>, <strong>Druck abfedern<\/strong> und <strong>dich vertreten<\/strong>, damit du wieder atmen kannst.<\/p>\n<\/div><\/div>\n\n\n\n<p><\/p>\n","protected":false},"excerpt":{"rendered":"<p>Wenn der gesellschaftliche Druck \u00fcberm\u00e4chtig zu werden scheint, brauchst du kein \u201emehr Durchhalten\u201c \u2013 du brauchst eine Gegenmacht, die dich innerlich stabilisiert, deinen Raum sch\u00fctzt und die Erwartungen der Au\u00dfenwelt auf Normalma\u00df schrumpft. Wenn gesellschaftlicher Druck \u00fcberm\u00e4chtig wirkt (f\u00fcr Momente, in denen Erwartungen gr\u00f6\u00dfer erscheinen als deine eigene Stimme) 1. Sofort entmachten 2. Das \u00dcberm\u00e4chtige &#8230; <a title=\"\u00dcberw\u00e4ltigung durch das Aussen\" class=\"read-more\" href=\"https:\/\/www.vitalibera.org\/community\/2026\/04\/16\/ueberwaeltigung-durch-das-aussen\/\" aria-label=\"Mehr Informationen \u00fcber \u00dcberw\u00e4ltigung durch das Aussen\">Weiterlesen<\/a><\/p>\n","protected":false},"author":2,"featured_media":6769,"comment_status":"open","ping_status":"open","sticky":false,"template":"","format":"standard","meta":{"cybocfi_hide_featured_image":"yes","_jetpack_memberships_contains_paid_content":false,"footnotes":""},"categories":[225],"tags":[493],"class_list":["post-6768","post","type-post","status-publish","format-standard","has-post-thumbnail","hentry","category-hilfe-fuer-angehoerige","tag-schlaganfall"],"yoast_head":"<!-- This site is optimized with the Yoast SEO plugin v27.4 - https:\/\/yoast.com\/product\/yoast-seo-wordpress\/ -->\r\n<title>\u00dcberw\u00e4ltigung durch das Aussen - vitalibera.org<\/title>\r\n<meta name=\"robots\" content=\"index, follow, max-snippet:-1, max-image-preview:large, max-video-preview:-1\" \/>\r\n<link rel=\"canonical\" href=\"https:\/\/www.vitalibera.org\/community\/2026\/04\/16\/ueberwaeltigung-durch-das-aussen\/\" \/>\r\n<meta property=\"og:locale\" content=\"de_DE\" \/>\r\n<meta property=\"og:type\" content=\"article\" \/>\r\n<meta property=\"og:title\" content=\"\u00dcberw\u00e4ltigung durch das Aussen - vitalibera.org\" \/>\r\n<meta property=\"og:description\" content=\"Wenn der gesellschaftliche Druck \u00fcberm\u00e4chtig zu werden scheint, brauchst du kein \u201emehr Durchhalten\u201c \u2013 du brauchst eine Gegenmacht, die dich innerlich stabilisiert, deinen Raum sch\u00fctzt und die Erwartungen der Au\u00dfenwelt auf Normalma\u00df schrumpft. Wenn gesellschaftlicher Druck \u00fcberm\u00e4chtig wirkt (f\u00fcr Momente, in denen Erwartungen gr\u00f6\u00dfer erscheinen als deine eigene Stimme) 1. Sofort entmachten 2. Das \u00dcberm\u00e4chtige ... Weiterlesen\" \/>\r\n<meta property=\"og:url\" content=\"https:\/\/www.vitalibera.org\/community\/2026\/04\/16\/ueberwaeltigung-durch-das-aussen\/\" \/>\r\n<meta property=\"og:site_name\" content=\"vitalibera.org\" \/>\r\n<meta property=\"article:publisher\" content=\"https:\/\/www.facebook.com\/groups\/2997085857140235\" \/>\r\n<meta property=\"article:published_time\" content=\"2026-04-16T11:22:03+00:00\" \/>\r\n<meta property=\"article:modified_time\" content=\"2026-04-22T12:34:14+00:00\" \/>\r\n<meta property=\"og:image\" content=\"http:\/\/www.vitalibera.org\/community\/wp-content\/uploads\/2026\/04\/glaskugeldruck.png\" \/>\r\n\t<meta property=\"og:image:width\" content=\"300\" \/>\r\n\t<meta property=\"og:image:height\" content=\"300\" \/>\r\n\t<meta property=\"og:image:type\" content=\"image\/png\" \/>\r\n<meta name=\"author\" content=\"Andreas Jecklin\" \/>\r\n<meta name=\"twitter:card\" content=\"summary_large_image\" \/>\r\n<meta name=\"twitter:label1\" content=\"Verfasst von\" \/>\n\t<meta name=\"twitter:data1\" content=\"Andreas Jecklin\" \/>\n\t<meta name=\"twitter:label2\" content=\"Gesch\u00e4tzte Lesezeit\" \/>\n\t<meta name=\"twitter:data2\" content=\"4\u00a0Minuten\" \/>\r\n<script type=\"application\/ld+json\" class=\"yoast-schema-graph\">{\"@context\":\"https:\\\/\\\/schema.org\",\"@graph\":[{\"@type\":\"Article\",\"@id\":\"https:\\\/\\\/www.vitalibera.org\\\/community\\\/2026\\\/04\\\/16\\\/ueberwaeltigung-durch-das-aussen\\\/#article\",\"isPartOf\":{\"@id\":\"https:\\\/\\\/www.vitalibera.org\\\/community\\\/2026\\\/04\\\/16\\\/ueberwaeltigung-durch-das-aussen\\\/\"},\"author\":{\"name\":\"Andreas Jecklin\",\"@id\":\"https:\\\/\\\/www.vitalibera.org\\\/community\\\/#\\\/schema\\\/person\\\/6712387298421f222ff6d0a2e22c1534\"},\"headline\":\"\u00dcberw\u00e4ltigung durch das Aussen\",\"datePublished\":\"2026-04-16T11:22:03+00:00\",\"dateModified\":\"2026-04-22T12:34:14+00:00\",\"mainEntityOfPage\":{\"@id\":\"https:\\\/\\\/www.vitalibera.org\\\/community\\\/2026\\\/04\\\/16\\\/ueberwaeltigung-durch-das-aussen\\\/\"},\"wordCount\":623,\"commentCount\":0,\"publisher\":{\"@id\":\"https:\\\/\\\/www.vitalibera.org\\\/community\\\/#organization\"},\"image\":{\"@id\":\"https:\\\/\\\/www.vitalibera.org\\\/community\\\/2026\\\/04\\\/16\\\/ueberwaeltigung-durch-das-aussen\\\/#primaryimage\"},\"thumbnailUrl\":\"https:\\\/\\\/www.vitalibera.org\\\/community\\\/wp-content\\\/uploads\\\/2026\\\/04\\\/glaskugeldruck.png\",\"keywords\":[\"Schlaganfall\"],\"articleSection\":[\"Hilfe f\u00fcr Angeh\u00f6rige\"],\"inLanguage\":\"de\",\"potentialAction\":[{\"@type\":\"CommentAction\",\"name\":\"Comment\",\"target\":[\"https:\\\/\\\/www.vitalibera.org\\\/community\\\/2026\\\/04\\\/16\\\/ueberwaeltigung-durch-das-aussen\\\/#respond\"]}]},{\"@type\":\"WebPage\",\"@id\":\"https:\\\/\\\/www.vitalibera.org\\\/community\\\/2026\\\/04\\\/16\\\/ueberwaeltigung-durch-das-aussen\\\/\",\"url\":\"https:\\\/\\\/www.vitalibera.org\\\/community\\\/2026\\\/04\\\/16\\\/ueberwaeltigung-durch-das-aussen\\\/\",\"name\":\"\u00dcberw\u00e4ltigung durch das Aussen - vitalibera.org\",\"isPartOf\":{\"@id\":\"https:\\\/\\\/www.vitalibera.org\\\/community\\\/#website\"},\"primaryImageOfPage\":{\"@id\":\"https:\\\/\\\/www.vitalibera.org\\\/community\\\/2026\\\/04\\\/16\\\/ueberwaeltigung-durch-das-aussen\\\/#primaryimage\"},\"image\":{\"@id\":\"https:\\\/\\\/www.vitalibera.org\\\/community\\\/2026\\\/04\\\/16\\\/ueberwaeltigung-durch-das-aussen\\\/#primaryimage\"},\"thumbnailUrl\":\"https:\\\/\\\/www.vitalibera.org\\\/community\\\/wp-content\\\/uploads\\\/2026\\\/04\\\/glaskugeldruck.png\",\"datePublished\":\"2026-04-16T11:22:03+00:00\",\"dateModified\":\"2026-04-22T12:34:14+00:00\",\"breadcrumb\":{\"@id\":\"https:\\\/\\\/www.vitalibera.org\\\/community\\\/2026\\\/04\\\/16\\\/ueberwaeltigung-durch-das-aussen\\\/#breadcrumb\"},\"inLanguage\":\"de\",\"potentialAction\":[{\"@type\":\"ReadAction\",\"target\":[\"https:\\\/\\\/www.vitalibera.org\\\/community\\\/2026\\\/04\\\/16\\\/ueberwaeltigung-durch-das-aussen\\\/\"]}]},{\"@type\":\"BreadcrumbList\",\"@id\":\"https:\\\/\\\/www.vitalibera.org\\\/community\\\/2026\\\/04\\\/16\\\/ueberwaeltigung-durch-das-aussen\\\/#breadcrumb\",\"itemListElement\":[{\"@type\":\"ListItem\",\"position\":1,\"name\":\"Startseite\",\"item\":\"https:\\\/\\\/www.vitalibera.org\\\/community\\\/\"},{\"@type\":\"ListItem\",\"position\":2,\"name\":\"\u00dcberw\u00e4ltigung durch das Aussen\"}]},{\"@type\":\"WebSite\",\"@id\":\"https:\\\/\\\/www.vitalibera.org\\\/community\\\/#website\",\"url\":\"https:\\\/\\\/www.vitalibera.org\\\/community\\\/\",\"name\":\"vitalibera.org\",\"description\":\"Mit einer Einschr&auml;nkung gestaltet sich das Leben im Alltag oft schwieriger - hier berichten wir &uuml;ber unsere Erfahrungen und Hilfsmittel um den Alltag so unbeschwert und unkompliziert wie nur m&ouml;glich geniessen zu k&ouml;nnen. Dabei richten wir unseren Fokus gezielt auf Selbst&auml;ndigkeit, Eigenst&auml;ndigkeit und Selbstbestimmung.\",\"publisher\":{\"@id\":\"https:\\\/\\\/www.vitalibera.org\\\/community\\\/#organization\"},\"potentialAction\":[{\"@type\":\"SearchAction\",\"target\":{\"@type\":\"EntryPoint\",\"urlTemplate\":\"https:\\\/\\\/www.vitalibera.org\\\/community\\\/?s={search_term_string}\"},\"query-input\":{\"@type\":\"PropertyValueSpecification\",\"valueRequired\":true,\"valueName\":\"search_term_string\"}}],\"inLanguage\":\"de\"},{\"@type\":\"Organization\",\"@id\":\"https:\\\/\\\/www.vitalibera.org\\\/community\\\/#organization\",\"name\":\"vitalibera.org\",\"url\":\"https:\\\/\\\/www.vitalibera.org\\\/community\\\/\",\"logo\":{\"@type\":\"ImageObject\",\"inLanguage\":\"de\",\"@id\":\"https:\\\/\\\/www.vitalibera.org\\\/community\\\/#\\\/schema\\\/logo\\\/image\\\/\",\"url\":\"https:\\\/\\\/www.vitalibera.org\\\/community\\\/wp-content\\\/uploads\\\/2025\\\/09\\\/cropped-banner.png\",\"contentUrl\":\"https:\\\/\\\/www.vitalibera.org\\\/community\\\/wp-content\\\/uploads\\\/2025\\\/09\\\/cropped-banner.png\",\"width\":991,\"height\":150,\"caption\":\"vitalibera.org\"},\"image\":{\"@id\":\"https:\\\/\\\/www.vitalibera.org\\\/community\\\/#\\\/schema\\\/logo\\\/image\\\/\"},\"sameAs\":[\"https:\\\/\\\/www.facebook.com\\\/groups\\\/2997085857140235\"]},{\"@type\":\"Person\",\"@id\":\"https:\\\/\\\/www.vitalibera.org\\\/community\\\/#\\\/schema\\\/person\\\/6712387298421f222ff6d0a2e22c1534\",\"name\":\"Andreas Jecklin\",\"image\":{\"@type\":\"ImageObject\",\"inLanguage\":\"de\",\"@id\":\"https:\\\/\\\/secure.gravatar.com\\\/avatar\\\/ad516503a11cd5ca435acc9bb6523536?s=96\",\"url\":\"https:\\\/\\\/secure.gravatar.com\\\/avatar\\\/ad516503a11cd5ca435acc9bb6523536?s=96\",\"contentUrl\":\"https:\\\/\\\/secure.gravatar.com\\\/avatar\\\/ad516503a11cd5ca435acc9bb6523536?s=96\",\"caption\":\"Andreas Jecklin\"},\"description\":\"Manchen gab Gott die Kraft Dinge zu ver\u00e4ndern, mir gab er die Kraft zu ertragen was nicht mehr zu \u00e4ndern ist.\",\"url\":\"https:\\\/\\\/www.vitalibera.org\\\/community\\\/author\\\/andy77\\\/\"}]}<\/script>\r\n<!-- \/ Yoast SEO plugin. -->","yoast_head_json":{"title":"\u00dcberw\u00e4ltigung durch das Aussen - vitalibera.org","robots":{"index":"index","follow":"follow","max-snippet":"max-snippet:-1","max-image-preview":"max-image-preview:large","max-video-preview":"max-video-preview:-1"},"canonical":"https:\/\/www.vitalibera.org\/community\/2026\/04\/16\/ueberwaeltigung-durch-das-aussen\/","og_locale":"de_DE","og_type":"article","og_title":"\u00dcberw\u00e4ltigung durch das Aussen - vitalibera.org","og_description":"Wenn der gesellschaftliche Druck \u00fcberm\u00e4chtig zu werden scheint, brauchst du kein \u201emehr Durchhalten\u201c \u2013 du brauchst eine Gegenmacht, die dich innerlich stabilisiert, deinen Raum sch\u00fctzt und die Erwartungen der Au\u00dfenwelt auf Normalma\u00df schrumpft. Wenn gesellschaftlicher Druck \u00fcberm\u00e4chtig wirkt (f\u00fcr Momente, in denen Erwartungen gr\u00f6\u00dfer erscheinen als deine eigene Stimme) 1. Sofort entmachten 2. Das \u00dcberm\u00e4chtige ... Weiterlesen","og_url":"https:\/\/www.vitalibera.org\/community\/2026\/04\/16\/ueberwaeltigung-durch-das-aussen\/","og_site_name":"vitalibera.org","article_publisher":"https:\/\/www.facebook.com\/groups\/2997085857140235","article_published_time":"2026-04-16T11:22:03+00:00","article_modified_time":"2026-04-22T12:34:14+00:00","og_image":[{"width":300,"height":300,"url":"http:\/\/www.vitalibera.org\/community\/wp-content\/uploads\/2026\/04\/glaskugeldruck.png","type":"image\/png"}],"author":"Andreas Jecklin","twitter_card":"summary_large_image","twitter_misc":{"Verfasst von":"Andreas Jecklin","Gesch\u00e4tzte Lesezeit":"4\u00a0Minuten"},"schema":{"@context":"https:\/\/schema.org","@graph":[{"@type":"Article","@id":"https:\/\/www.vitalibera.org\/community\/2026\/04\/16\/ueberwaeltigung-durch-das-aussen\/#article","isPartOf":{"@id":"https:\/\/www.vitalibera.org\/community\/2026\/04\/16\/ueberwaeltigung-durch-das-aussen\/"},"author":{"name":"Andreas Jecklin","@id":"https:\/\/www.vitalibera.org\/community\/#\/schema\/person\/6712387298421f222ff6d0a2e22c1534"},"headline":"\u00dcberw\u00e4ltigung durch das Aussen","datePublished":"2026-04-16T11:22:03+00:00","dateModified":"2026-04-22T12:34:14+00:00","mainEntityOfPage":{"@id":"https:\/\/www.vitalibera.org\/community\/2026\/04\/16\/ueberwaeltigung-durch-das-aussen\/"},"wordCount":623,"commentCount":0,"publisher":{"@id":"https:\/\/www.vitalibera.org\/community\/#organization"},"image":{"@id":"https:\/\/www.vitalibera.org\/community\/2026\/04\/16\/ueberwaeltigung-durch-das-aussen\/#primaryimage"},"thumbnailUrl":"https:\/\/www.vitalibera.org\/community\/wp-content\/uploads\/2026\/04\/glaskugeldruck.png","keywords":["Schlaganfall"],"articleSection":["Hilfe f\u00fcr Angeh\u00f6rige"],"inLanguage":"de","potentialAction":[{"@type":"CommentAction","name":"Comment","target":["https:\/\/www.vitalibera.org\/community\/2026\/04\/16\/ueberwaeltigung-durch-das-aussen\/#respond"]}]},{"@type":"WebPage","@id":"https:\/\/www.vitalibera.org\/community\/2026\/04\/16\/ueberwaeltigung-durch-das-aussen\/","url":"https:\/\/www.vitalibera.org\/community\/2026\/04\/16\/ueberwaeltigung-durch-das-aussen\/","name":"\u00dcberw\u00e4ltigung durch das Aussen - vitalibera.org","isPartOf":{"@id":"https:\/\/www.vitalibera.org\/community\/#website"},"primaryImageOfPage":{"@id":"https:\/\/www.vitalibera.org\/community\/2026\/04\/16\/ueberwaeltigung-durch-das-aussen\/#primaryimage"},"image":{"@id":"https:\/\/www.vitalibera.org\/community\/2026\/04\/16\/ueberwaeltigung-durch-das-aussen\/#primaryimage"},"thumbnailUrl":"https:\/\/www.vitalibera.org\/community\/wp-content\/uploads\/2026\/04\/glaskugeldruck.png","datePublished":"2026-04-16T11:22:03+00:00","dateModified":"2026-04-22T12:34:14+00:00","breadcrumb":{"@id":"https:\/\/www.vitalibera.org\/community\/2026\/04\/16\/ueberwaeltigung-durch-das-aussen\/#breadcrumb"},"inLanguage":"de","potentialAction":[{"@type":"ReadAction","target":["https:\/\/www.vitalibera.org\/community\/2026\/04\/16\/ueberwaeltigung-durch-das-aussen\/"]}]},{"@type":"BreadcrumbList","@id":"https:\/\/www.vitalibera.org\/community\/2026\/04\/16\/ueberwaeltigung-durch-das-aussen\/#breadcrumb","itemListElement":[{"@type":"ListItem","position":1,"name":"Startseite","item":"https:\/\/www.vitalibera.org\/community\/"},{"@type":"ListItem","position":2,"name":"\u00dcberw\u00e4ltigung durch das Aussen"}]},{"@type":"WebSite","@id":"https:\/\/www.vitalibera.org\/community\/#website","url":"https:\/\/www.vitalibera.org\/community\/","name":"vitalibera.org","description":"Mit einer Einschr&auml;nkung gestaltet sich das Leben im Alltag oft schwieriger - hier berichten wir &uuml;ber unsere Erfahrungen und Hilfsmittel um den Alltag so unbeschwert und unkompliziert wie nur m&ouml;glich geniessen zu k&ouml;nnen. Dabei richten wir unseren Fokus gezielt auf Selbst&auml;ndigkeit, Eigenst&auml;ndigkeit und Selbstbestimmung.","publisher":{"@id":"https:\/\/www.vitalibera.org\/community\/#organization"},"potentialAction":[{"@type":"SearchAction","target":{"@type":"EntryPoint","urlTemplate":"https:\/\/www.vitalibera.org\/community\/?s={search_term_string}"},"query-input":{"@type":"PropertyValueSpecification","valueRequired":true,"valueName":"search_term_string"}}],"inLanguage":"de"},{"@type":"Organization","@id":"https:\/\/www.vitalibera.org\/community\/#organization","name":"vitalibera.org","url":"https:\/\/www.vitalibera.org\/community\/","logo":{"@type":"ImageObject","inLanguage":"de","@id":"https:\/\/www.vitalibera.org\/community\/#\/schema\/logo\/image\/","url":"https:\/\/www.vitalibera.org\/community\/wp-content\/uploads\/2025\/09\/cropped-banner.png","contentUrl":"https:\/\/www.vitalibera.org\/community\/wp-content\/uploads\/2025\/09\/cropped-banner.png","width":991,"height":150,"caption":"vitalibera.org"},"image":{"@id":"https:\/\/www.vitalibera.org\/community\/#\/schema\/logo\/image\/"},"sameAs":["https:\/\/www.facebook.com\/groups\/2997085857140235"]},{"@type":"Person","@id":"https:\/\/www.vitalibera.org\/community\/#\/schema\/person\/6712387298421f222ff6d0a2e22c1534","name":"Andreas Jecklin","image":{"@type":"ImageObject","inLanguage":"de","@id":"https:\/\/secure.gravatar.com\/avatar\/ad516503a11cd5ca435acc9bb6523536?s=96","url":"https:\/\/secure.gravatar.com\/avatar\/ad516503a11cd5ca435acc9bb6523536?s=96","contentUrl":"https:\/\/secure.gravatar.com\/avatar\/ad516503a11cd5ca435acc9bb6523536?s=96","caption":"Andreas Jecklin"},"description":"Manchen gab Gott die Kraft Dinge zu ver\u00e4ndern, mir gab er die Kraft zu ertragen was nicht mehr zu \u00e4ndern ist.","url":"https:\/\/www.vitalibera.org\/community\/author\/andy77\/"}]}},"jetpack_featured_media_url":"https:\/\/www.vitalibera.org\/community\/wp-content\/uploads\/2026\/04\/glaskugeldruck.png","jetpack_sharing_enabled":true,"jetpack-related-posts":[],"_links":{"self":[{"href":"https:\/\/www.vitalibera.org\/community\/wp-json\/wp\/v2\/posts\/6768","targetHints":{"allow":["GET"]}}],"collection":[{"href":"https:\/\/www.vitalibera.org\/community\/wp-json\/wp\/v2\/posts"}],"about":[{"href":"https:\/\/www.vitalibera.org\/community\/wp-json\/wp\/v2\/types\/post"}],"author":[{"embeddable":true,"href":"https:\/\/www.vitalibera.org\/community\/wp-json\/wp\/v2\/users\/2"}],"replies":[{"embeddable":true,"href":"https:\/\/www.vitalibera.org\/community\/wp-json\/wp\/v2\/comments?post=6768"}],"version-history":[{"count":2,"href":"https:\/\/www.vitalibera.org\/community\/wp-json\/wp\/v2\/posts\/6768\/revisions"}],"predecessor-version":[{"id":6772,"href":"https:\/\/www.vitalibera.org\/community\/wp-json\/wp\/v2\/posts\/6768\/revisions\/6772"}],"wp:featuredmedia":[{"embeddable":true,"href":"https:\/\/www.vitalibera.org\/community\/wp-json\/wp\/v2\/media\/6769"}],"wp:attachment":[{"href":"https:\/\/www.vitalibera.org\/community\/wp-json\/wp\/v2\/media?parent=6768"}],"wp:term":[{"taxonomy":"category","embeddable":true,"href":"https:\/\/www.vitalibera.org\/community\/wp-json\/wp\/v2\/categories?post=6768"},{"taxonomy":"post_tag","embeddable":true,"href":"https:\/\/www.vitalibera.org\/community\/wp-json\/wp\/v2\/tags?post=6768"}],"curies":[{"name":"wp","href":"https:\/\/api.w.org\/{rel}","templated":true}]}}