{"id":6776,"date":"2026-04-16T17:49:33","date_gmt":"2026-04-16T15:49:33","guid":{"rendered":"https:\/\/www.vitalibera.org\/community\/?p=6776"},"modified":"2026-04-18T21:24:38","modified_gmt":"2026-04-18T19:24:38","slug":"mein-nein-schuetzt-mein-nervensystem","status":"publish","type":"post","link":"https:\/\/www.vitalibera.org\/community\/2026\/04\/16\/mein-nein-schuetzt-mein-nervensystem\/","title":{"rendered":"Mein Nein sch\u00fctzt mein Nervensystem"},"content":{"rendered":"\n<div class=\"wp-block-media-text is-stacked-on-mobile is-vertically-aligned-top\"><figure class=\"wp-block-media-text__media\"><img fetchpriority=\"high\" decoding=\"async\" width=\"470\" height=\"600\" src=\"https:\/\/www.vitalibera.org\/community\/wp-content\/uploads\/2026\/04\/2ef25648bc7af1cc678f979e7c45a853.jpg\" alt=\"\" class=\"wp-image-6777 size-full\" srcset=\"https:\/\/www.vitalibera.org\/community\/wp-content\/uploads\/2026\/04\/2ef25648bc7af1cc678f979e7c45a853.jpg 470w, https:\/\/www.vitalibera.org\/community\/wp-content\/uploads\/2026\/04\/2ef25648bc7af1cc678f979e7c45a853-235x300.jpg 235w\" sizes=\"(max-width: 470px) 100vw, 470px\" \/><\/figure><div class=\"wp-block-media-text__content\">\n<p>Nach einer neurologischen Erkrankung ver&auml;ndert sich nicht nur der K&ouml;rper &ndash; auch die Art, wie man Grenzen setzt, wird neu.<\/p>\n\n\n\n<p>Viele <a href=\"https:\/\/www.vitalibera.org\/community\/2026\/04\/19\/wenn-reize-laut-werden-und-menschen-leise\/\">Betroffene<\/a> sagen &bdquo;Ja&ldquo;, obwohl sie innerlich l&auml;ngst am Limit sind: aus H&ouml;flichkeit, aus Angst vor Missverst&auml;ndnissen, aus dem alten Reflex, funktionieren zu m&uuml;ssen.<\/p>\n\n\n\n<p>Doch das Nervensystem arbeitet jetzt anders. Energie ist begrenzt. Reize wirken st&auml;rker. &Uuml;berforderung kommt schneller. Darum ist ein Nein kein R&uuml;ckzug und kein Versagen. Es ist ein Teil der Rehabilitation. Ein Nein sch&uuml;tzt deine Kraft, deine Konzentration, deine Stabilit&auml;t. Es schafft Raum f&uuml;r das, was wirklich m&ouml;glich ist &ndash; in deinem Tempo, mit deinen Ressourcen. <\/p>\n\n\n\n<p>Nein sagen nach einer neurologischen Erkrankung bedeutet: <em>Ich nehme mich ernst. Ich achte auf meinen K&ouml;rper. Ich &uuml;berfordere mich nicht mehr f&uuml;r Erwartungen, die mich ersch&ouml;pfen.<\/em><\/p>\n<\/div><\/div>\n\n\n\n<h5 class=\"wp-block-heading\"><strong>Strategie: Nein sagen als Selbstschutz<\/strong><\/h5>\n\n\n\n<h6 class=\"wp-block-heading\"><strong>1. Wahrnehmen<\/strong><\/h6>\n\n\n\n<p>Bevor du reagierst, halte kurz inne. Frage dich: <em>&bdquo;Habe ich genug Energie f&uuml;r das, was verlangt wird?&ldquo;<\/em> Wenn dein K&ouml;rper oder Kopf &bdquo;Nein&ldquo; signalisiert &ndash; das ist bereits die Antwort.<\/p>\n\n\n\n<h6 class=\"wp-block-heading\"><strong>2. Inneres Erlauben<\/strong><\/h6>\n\n\n\n<p>Sag dir: <strong>&bdquo;Ich darf Nein sagen, auch wenn andere das nicht verstehen.&ldquo;<\/strong> Das ist kein Egoismus, sondern Teil deiner neurologischen Selbstf&uuml;rsorge.<\/p>\n\n\n\n<h6 class=\"wp-block-heading\"><strong>3. &Auml;u&szlig;ern<\/strong><\/h6>\n\n\n\n<p>Nutze klare, kurze S&auml;tze:<\/p>\n\n\n\n<ul class=\"wp-block-list\">\n<li>&bdquo;Nein, das &uuml;berfordert mich gerade.&ldquo;<\/li>\n\n\n\n<li>&bdquo;Ich brauche Pause.&ldquo;<\/li>\n\n\n\n<li>&bdquo;Ich kann das nicht &uuml;bernehmen.&ldquo; Kein &bdquo;weil&ldquo; &ndash; keine Rechtfertigung.<\/li>\n<\/ul>\n\n\n\n<h6 class=\"wp-block-heading\"><strong>4. Nachsp&uuml;ren<\/strong><\/h6>\n\n\n\n<p>Nach dem Nein: atme. Sp&uuml;re, wie dein Nervensystem reagiert. Wenn Ruhe entsteht, war das Nein richtig.<\/p>\n\n\n\n<h6 class=\"wp-block-heading\"><strong>5. Routine<\/strong><\/h6>\n\n\n\n<p>Wiederhole t&auml;glich einen Satz: <strong>&bdquo;Mein Nein sch&uuml;tzt meine Zukunftsf&auml;higkeit.&ldquo;<\/strong> So wird das Nein zu einem stabilen Reflex, nicht zu einem Kampf.<\/p>\n\n\n\n<div class=\"wp-block-media-text is-stacked-on-mobile is-vertically-aligned-top\" style=\"grid-template-columns:35% auto\"><figure class=\"wp-block-media-text__media\"><img decoding=\"async\" width=\"302\" height=\"277\" src=\"http:\/\/www.vitalibera.org\/community\/wp-content\/uploads\/2026\/03\/tip3.png\" alt=\"\" class=\"wp-image-6087 size-full\" srcset=\"https:\/\/www.vitalibera.org\/community\/wp-content\/uploads\/2026\/03\/tip3.png 302w, https:\/\/www.vitalibera.org\/community\/wp-content\/uploads\/2026\/03\/tip3-300x275.png 300w\" sizes=\"(max-width: 302px) 100vw, 302px\" \/><\/figure><div class=\"wp-block-media-text__content\">\n<p><strong>Mach dein Nein so klein, dass du es aussprechen kannst &ndash; und so klar, dass niemand daran r&uuml;ttelt.<\/strong><\/p>\n\n\n\n<p>Ein Satz. Kein &bdquo;weil&ldquo;. Kein Erkl&auml;ren. Dein K&ouml;rper entscheidet, nicht die Erwartung.<\/p>\n\n\n\n<p>Nach einer neurologischen Erkrankung ist Nein sagen nicht nur erlaubt &ndash; es ist notwendig. Dein Nervensystem hat Grenzen, die ernst genommen werden m&uuml;ssen. Ein Nein bedeutet nicht Ablehnung, nicht Schw&auml;che, nicht Unh&ouml;flichkeit. <\/p>\n\n\n\n<p><strong>Ein Nein bedeutet: Ich sch&uuml;tze meine Energie. Ich achte auf meinen K&ouml;rper. Ich bleibe stabil.<\/strong> Nein sagen ist kein Problem. Es ist ein Zeichen von Selbstf&uuml;rsorge und Zukunftsf&auml;higkeit.<\/p>\n<\/div><\/div>\n","protected":false},"excerpt":{"rendered":"<p>Nach einer neurologischen Erkrankung ver\u00e4ndert sich nicht nur der K\u00f6rper \u2013 auch die Art, wie man Grenzen setzt, wird neu. Viele Betroffene sagen \u201eJa\u201c, obwohl sie innerlich l\u00e4ngst am Limit sind: aus H\u00f6flichkeit, aus Angst vor Missverst\u00e4ndnissen, aus dem alten Reflex, funktionieren zu m\u00fcssen. Doch das Nervensystem arbeitet jetzt anders. Energie ist begrenzt. Reize wirken &#8230; <a title=\"Mein Nein sch\u00fctzt mein Nervensystem\" class=\"read-more\" href=\"https:\/\/www.vitalibera.org\/community\/2026\/04\/16\/mein-nein-schuetzt-mein-nervensystem\/\" aria-label=\"Mehr Informationen \u00fcber Mein Nein sch\u00fctzt mein Nervensystem\">Weiterlesen<\/a><\/p>\n","protected":false},"author":2,"featured_media":6777,"comment_status":"open","ping_status":"open","sticky":false,"template":"","format":"standard","meta":{"cybocfi_hide_featured_image":"yes","_jetpack_memberships_contains_paid_content":false,"footnotes":""},"categories":[492,159],"tags":[],"class_list":["post-6776","post","type-post","status-publish","format-standard","has-post-thumbnail","hentry","category-alltagsnavigation","category-fachwissen"],"yoast_head":"<!-- This site is optimized with the Yoast SEO plugin v27.4 - https:\/\/yoast.com\/product\/yoast-seo-wordpress\/ -->\r\n<title>Mein Nein sch\u00fctzt mein Nervensystem - vitalibera.org<\/title>\r\n<meta name=\"robots\" content=\"index, follow, max-snippet:-1, max-image-preview:large, max-video-preview:-1\" \/>\r\n<link rel=\"canonical\" href=\"http:\/\/www.vitalibera.org\/community\/2026\/04\/16\/mein-nein-schuetzt-mein-nervensystem\/\" \/>\r\n<meta property=\"og:locale\" content=\"de_DE\" \/>\r\n<meta property=\"og:type\" content=\"article\" \/>\r\n<meta property=\"og:title\" content=\"Mein Nein sch\u00fctzt mein Nervensystem - vitalibera.org\" \/>\r\n<meta property=\"og:description\" content=\"Nach einer neurologischen Erkrankung ver\u00e4ndert sich nicht nur der K\u00f6rper \u2013 auch die Art, wie man Grenzen setzt, wird neu. Viele Betroffene sagen \u201eJa\u201c, obwohl sie innerlich l\u00e4ngst am Limit sind: aus H\u00f6flichkeit, aus Angst vor Missverst\u00e4ndnissen, aus dem alten Reflex, funktionieren zu m\u00fcssen. Doch das Nervensystem arbeitet jetzt anders. Energie ist begrenzt. Reize wirken ... Weiterlesen\" \/>\r\n<meta property=\"og:url\" content=\"http:\/\/www.vitalibera.org\/community\/2026\/04\/16\/mein-nein-schuetzt-mein-nervensystem\/\" \/>\r\n<meta property=\"og:site_name\" content=\"vitalibera.org\" \/>\r\n<meta property=\"article:publisher\" content=\"https:\/\/www.facebook.com\/groups\/2997085857140235\" \/>\r\n<meta property=\"article:published_time\" content=\"2026-04-16T15:49:33+00:00\" \/>\r\n<meta property=\"article:modified_time\" content=\"2026-04-18T19:24:38+00:00\" \/>\r\n<meta property=\"og:image\" content=\"http:\/\/www.vitalibera.org\/community\/wp-content\/uploads\/2026\/04\/2ef25648bc7af1cc678f979e7c45a853.jpg\" \/>\r\n\t<meta property=\"og:image:width\" content=\"470\" \/>\r\n\t<meta property=\"og:image:height\" content=\"600\" \/>\r\n\t<meta property=\"og:image:type\" content=\"image\/jpeg\" \/>\r\n<meta name=\"author\" content=\"Andreas Jecklin\" \/>\r\n<meta name=\"twitter:card\" content=\"summary_large_image\" \/>\r\n<meta name=\"twitter:label1\" content=\"Verfasst von\" \/>\n\t<meta name=\"twitter:data1\" content=\"Andreas Jecklin\" \/>\n\t<meta name=\"twitter:label2\" content=\"Gesch\u00e4tzte Lesezeit\" \/>\n\t<meta name=\"twitter:data2\" content=\"3\u00a0Minuten\" \/>\r\n<script type=\"application\/ld+json\" class=\"yoast-schema-graph\">{\"@context\":\"https:\\\/\\\/schema.org\",\"@graph\":[{\"@type\":\"Article\",\"@id\":\"http:\\\/\\\/www.vitalibera.org\\\/community\\\/2026\\\/04\\\/16\\\/mein-nein-schuetzt-mein-nervensystem\\\/#article\",\"isPartOf\":{\"@id\":\"http:\\\/\\\/www.vitalibera.org\\\/community\\\/2026\\\/04\\\/16\\\/mein-nein-schuetzt-mein-nervensystem\\\/\"},\"author\":{\"name\":\"Andreas Jecklin\",\"@id\":\"https:\\\/\\\/www.vitalibera.org\\\/community\\\/#\\\/schema\\\/person\\\/6712387298421f222ff6d0a2e22c1534\"},\"headline\":\"Mein Nein sch\u00fctzt mein Nervensystem\",\"datePublished\":\"2026-04-16T15:49:33+00:00\",\"dateModified\":\"2026-04-18T19:24:38+00:00\",\"mainEntityOfPage\":{\"@id\":\"http:\\\/\\\/www.vitalibera.org\\\/community\\\/2026\\\/04\\\/16\\\/mein-nein-schuetzt-mein-nervensystem\\\/\"},\"wordCount\":371,\"commentCount\":0,\"publisher\":{\"@id\":\"https:\\\/\\\/www.vitalibera.org\\\/community\\\/#organization\"},\"image\":{\"@id\":\"http:\\\/\\\/www.vitalibera.org\\\/community\\\/2026\\\/04\\\/16\\\/mein-nein-schuetzt-mein-nervensystem\\\/#primaryimage\"},\"thumbnailUrl\":\"https:\\\/\\\/www.vitalibera.org\\\/community\\\/wp-content\\\/uploads\\\/2026\\\/04\\\/2ef25648bc7af1cc678f979e7c45a853.jpg\",\"articleSection\":[\"Alltagsnavigation\",\"Fachwissen\"],\"inLanguage\":\"de\",\"potentialAction\":[{\"@type\":\"CommentAction\",\"name\":\"Comment\",\"target\":[\"http:\\\/\\\/www.vitalibera.org\\\/community\\\/2026\\\/04\\\/16\\\/mein-nein-schuetzt-mein-nervensystem\\\/#respond\"]}]},{\"@type\":\"WebPage\",\"@id\":\"http:\\\/\\\/www.vitalibera.org\\\/community\\\/2026\\\/04\\\/16\\\/mein-nein-schuetzt-mein-nervensystem\\\/\",\"url\":\"http:\\\/\\\/www.vitalibera.org\\\/community\\\/2026\\\/04\\\/16\\\/mein-nein-schuetzt-mein-nervensystem\\\/\",\"name\":\"Mein Nein sch\u00fctzt mein Nervensystem - vitalibera.org\",\"isPartOf\":{\"@id\":\"https:\\\/\\\/www.vitalibera.org\\\/community\\\/#website\"},\"primaryImageOfPage\":{\"@id\":\"http:\\\/\\\/www.vitalibera.org\\\/community\\\/2026\\\/04\\\/16\\\/mein-nein-schuetzt-mein-nervensystem\\\/#primaryimage\"},\"image\":{\"@id\":\"http:\\\/\\\/www.vitalibera.org\\\/community\\\/2026\\\/04\\\/16\\\/mein-nein-schuetzt-mein-nervensystem\\\/#primaryimage\"},\"thumbnailUrl\":\"https:\\\/\\\/www.vitalibera.org\\\/community\\\/wp-content\\\/uploads\\\/2026\\\/04\\\/2ef25648bc7af1cc678f979e7c45a853.jpg\",\"datePublished\":\"2026-04-16T15:49:33+00:00\",\"dateModified\":\"2026-04-18T19:24:38+00:00\",\"breadcrumb\":{\"@id\":\"http:\\\/\\\/www.vitalibera.org\\\/community\\\/2026\\\/04\\\/16\\\/mein-nein-schuetzt-mein-nervensystem\\\/#breadcrumb\"},\"inLanguage\":\"de\",\"potentialAction\":[{\"@type\":\"ReadAction\",\"target\":[\"http:\\\/\\\/www.vitalibera.org\\\/community\\\/2026\\\/04\\\/16\\\/mein-nein-schuetzt-mein-nervensystem\\\/\"]}]},{\"@type\":\"BreadcrumbList\",\"@id\":\"http:\\\/\\\/www.vitalibera.org\\\/community\\\/2026\\\/04\\\/16\\\/mein-nein-schuetzt-mein-nervensystem\\\/#breadcrumb\",\"itemListElement\":[{\"@type\":\"ListItem\",\"position\":1,\"name\":\"Startseite\",\"item\":\"https:\\\/\\\/www.vitalibera.org\\\/community\\\/\"},{\"@type\":\"ListItem\",\"position\":2,\"name\":\"Mein Nein sch\u00fctzt mein Nervensystem\"}]},{\"@type\":\"WebSite\",\"@id\":\"https:\\\/\\\/www.vitalibera.org\\\/community\\\/#website\",\"url\":\"https:\\\/\\\/www.vitalibera.org\\\/community\\\/\",\"name\":\"vitalibera.org\",\"description\":\"Mit einer Einschr&auml;nkung gestaltet sich das Leben im Alltag oft schwieriger - hier berichten wir &uuml;ber unsere Erfahrungen und Hilfsmittel um den Alltag so unbeschwert und unkompliziert wie nur m&ouml;glich geniessen zu k&ouml;nnen. Dabei richten wir unseren Fokus gezielt auf Selbst&auml;ndigkeit, Eigenst&auml;ndigkeit und Selbstbestimmung.\",\"publisher\":{\"@id\":\"https:\\\/\\\/www.vitalibera.org\\\/community\\\/#organization\"},\"potentialAction\":[{\"@type\":\"SearchAction\",\"target\":{\"@type\":\"EntryPoint\",\"urlTemplate\":\"https:\\\/\\\/www.vitalibera.org\\\/community\\\/?s={search_term_string}\"},\"query-input\":{\"@type\":\"PropertyValueSpecification\",\"valueRequired\":true,\"valueName\":\"search_term_string\"}}],\"inLanguage\":\"de\"},{\"@type\":\"Organization\",\"@id\":\"https:\\\/\\\/www.vitalibera.org\\\/community\\\/#organization\",\"name\":\"vitalibera.org\",\"url\":\"https:\\\/\\\/www.vitalibera.org\\\/community\\\/\",\"logo\":{\"@type\":\"ImageObject\",\"inLanguage\":\"de\",\"@id\":\"https:\\\/\\\/www.vitalibera.org\\\/community\\\/#\\\/schema\\\/logo\\\/image\\\/\",\"url\":\"https:\\\/\\\/www.vitalibera.org\\\/community\\\/wp-content\\\/uploads\\\/2025\\\/09\\\/cropped-banner.png\",\"contentUrl\":\"https:\\\/\\\/www.vitalibera.org\\\/community\\\/wp-content\\\/uploads\\\/2025\\\/09\\\/cropped-banner.png\",\"width\":991,\"height\":150,\"caption\":\"vitalibera.org\"},\"image\":{\"@id\":\"https:\\\/\\\/www.vitalibera.org\\\/community\\\/#\\\/schema\\\/logo\\\/image\\\/\"},\"sameAs\":[\"https:\\\/\\\/www.facebook.com\\\/groups\\\/2997085857140235\"]},{\"@type\":\"Person\",\"@id\":\"https:\\\/\\\/www.vitalibera.org\\\/community\\\/#\\\/schema\\\/person\\\/6712387298421f222ff6d0a2e22c1534\",\"name\":\"Andreas Jecklin\",\"image\":{\"@type\":\"ImageObject\",\"inLanguage\":\"de\",\"@id\":\"https:\\\/\\\/secure.gravatar.com\\\/avatar\\\/ad516503a11cd5ca435acc9bb6523536?s=96\",\"url\":\"https:\\\/\\\/secure.gravatar.com\\\/avatar\\\/ad516503a11cd5ca435acc9bb6523536?s=96\",\"contentUrl\":\"https:\\\/\\\/secure.gravatar.com\\\/avatar\\\/ad516503a11cd5ca435acc9bb6523536?s=96\",\"caption\":\"Andreas Jecklin\"},\"description\":\"Manchen gab Gott die Kraft Dinge zu ver\u00e4ndern, mir gab er die Kraft zu ertragen was nicht mehr zu \u00e4ndern ist.\",\"url\":\"https:\\\/\\\/www.vitalibera.org\\\/community\\\/author\\\/andy77\\\/\"}]}<\/script>\r\n<!-- \/ Yoast SEO plugin. -->","yoast_head_json":{"title":"Mein Nein sch\u00fctzt mein Nervensystem - vitalibera.org","robots":{"index":"index","follow":"follow","max-snippet":"max-snippet:-1","max-image-preview":"max-image-preview:large","max-video-preview":"max-video-preview:-1"},"canonical":"http:\/\/www.vitalibera.org\/community\/2026\/04\/16\/mein-nein-schuetzt-mein-nervensystem\/","og_locale":"de_DE","og_type":"article","og_title":"Mein Nein sch\u00fctzt mein Nervensystem - vitalibera.org","og_description":"Nach einer neurologischen Erkrankung ver\u00e4ndert sich nicht nur der K\u00f6rper \u2013 auch die Art, wie man Grenzen setzt, wird neu. Viele Betroffene sagen \u201eJa\u201c, obwohl sie innerlich l\u00e4ngst am Limit sind: aus H\u00f6flichkeit, aus Angst vor Missverst\u00e4ndnissen, aus dem alten Reflex, funktionieren zu m\u00fcssen. Doch das Nervensystem arbeitet jetzt anders. Energie ist begrenzt. Reize wirken ... Weiterlesen","og_url":"http:\/\/www.vitalibera.org\/community\/2026\/04\/16\/mein-nein-schuetzt-mein-nervensystem\/","og_site_name":"vitalibera.org","article_publisher":"https:\/\/www.facebook.com\/groups\/2997085857140235","article_published_time":"2026-04-16T15:49:33+00:00","article_modified_time":"2026-04-18T19:24:38+00:00","og_image":[{"width":470,"height":600,"url":"http:\/\/www.vitalibera.org\/community\/wp-content\/uploads\/2026\/04\/2ef25648bc7af1cc678f979e7c45a853.jpg","type":"image\/jpeg"}],"author":"Andreas Jecklin","twitter_card":"summary_large_image","twitter_misc":{"Verfasst von":"Andreas Jecklin","Gesch\u00e4tzte Lesezeit":"3\u00a0Minuten"},"schema":{"@context":"https:\/\/schema.org","@graph":[{"@type":"Article","@id":"http:\/\/www.vitalibera.org\/community\/2026\/04\/16\/mein-nein-schuetzt-mein-nervensystem\/#article","isPartOf":{"@id":"http:\/\/www.vitalibera.org\/community\/2026\/04\/16\/mein-nein-schuetzt-mein-nervensystem\/"},"author":{"name":"Andreas Jecklin","@id":"https:\/\/www.vitalibera.org\/community\/#\/schema\/person\/6712387298421f222ff6d0a2e22c1534"},"headline":"Mein Nein sch\u00fctzt mein Nervensystem","datePublished":"2026-04-16T15:49:33+00:00","dateModified":"2026-04-18T19:24:38+00:00","mainEntityOfPage":{"@id":"http:\/\/www.vitalibera.org\/community\/2026\/04\/16\/mein-nein-schuetzt-mein-nervensystem\/"},"wordCount":371,"commentCount":0,"publisher":{"@id":"https:\/\/www.vitalibera.org\/community\/#organization"},"image":{"@id":"http:\/\/www.vitalibera.org\/community\/2026\/04\/16\/mein-nein-schuetzt-mein-nervensystem\/#primaryimage"},"thumbnailUrl":"https:\/\/www.vitalibera.org\/community\/wp-content\/uploads\/2026\/04\/2ef25648bc7af1cc678f979e7c45a853.jpg","articleSection":["Alltagsnavigation","Fachwissen"],"inLanguage":"de","potentialAction":[{"@type":"CommentAction","name":"Comment","target":["http:\/\/www.vitalibera.org\/community\/2026\/04\/16\/mein-nein-schuetzt-mein-nervensystem\/#respond"]}]},{"@type":"WebPage","@id":"http:\/\/www.vitalibera.org\/community\/2026\/04\/16\/mein-nein-schuetzt-mein-nervensystem\/","url":"http:\/\/www.vitalibera.org\/community\/2026\/04\/16\/mein-nein-schuetzt-mein-nervensystem\/","name":"Mein Nein sch\u00fctzt mein Nervensystem - vitalibera.org","isPartOf":{"@id":"https:\/\/www.vitalibera.org\/community\/#website"},"primaryImageOfPage":{"@id":"http:\/\/www.vitalibera.org\/community\/2026\/04\/16\/mein-nein-schuetzt-mein-nervensystem\/#primaryimage"},"image":{"@id":"http:\/\/www.vitalibera.org\/community\/2026\/04\/16\/mein-nein-schuetzt-mein-nervensystem\/#primaryimage"},"thumbnailUrl":"https:\/\/www.vitalibera.org\/community\/wp-content\/uploads\/2026\/04\/2ef25648bc7af1cc678f979e7c45a853.jpg","datePublished":"2026-04-16T15:49:33+00:00","dateModified":"2026-04-18T19:24:38+00:00","breadcrumb":{"@id":"http:\/\/www.vitalibera.org\/community\/2026\/04\/16\/mein-nein-schuetzt-mein-nervensystem\/#breadcrumb"},"inLanguage":"de","potentialAction":[{"@type":"ReadAction","target":["http:\/\/www.vitalibera.org\/community\/2026\/04\/16\/mein-nein-schuetzt-mein-nervensystem\/"]}]},{"@type":"BreadcrumbList","@id":"http:\/\/www.vitalibera.org\/community\/2026\/04\/16\/mein-nein-schuetzt-mein-nervensystem\/#breadcrumb","itemListElement":[{"@type":"ListItem","position":1,"name":"Startseite","item":"https:\/\/www.vitalibera.org\/community\/"},{"@type":"ListItem","position":2,"name":"Mein Nein sch\u00fctzt mein Nervensystem"}]},{"@type":"WebSite","@id":"https:\/\/www.vitalibera.org\/community\/#website","url":"https:\/\/www.vitalibera.org\/community\/","name":"vitalibera.org","description":"Mit einer Einschr&auml;nkung gestaltet sich das Leben im Alltag oft schwieriger - hier berichten wir &uuml;ber unsere Erfahrungen und Hilfsmittel um den Alltag so unbeschwert und unkompliziert wie nur m&ouml;glich geniessen zu k&ouml;nnen. Dabei richten wir unseren Fokus gezielt auf Selbst&auml;ndigkeit, Eigenst&auml;ndigkeit und Selbstbestimmung.","publisher":{"@id":"https:\/\/www.vitalibera.org\/community\/#organization"},"potentialAction":[{"@type":"SearchAction","target":{"@type":"EntryPoint","urlTemplate":"https:\/\/www.vitalibera.org\/community\/?s={search_term_string}"},"query-input":{"@type":"PropertyValueSpecification","valueRequired":true,"valueName":"search_term_string"}}],"inLanguage":"de"},{"@type":"Organization","@id":"https:\/\/www.vitalibera.org\/community\/#organization","name":"vitalibera.org","url":"https:\/\/www.vitalibera.org\/community\/","logo":{"@type":"ImageObject","inLanguage":"de","@id":"https:\/\/www.vitalibera.org\/community\/#\/schema\/logo\/image\/","url":"https:\/\/www.vitalibera.org\/community\/wp-content\/uploads\/2025\/09\/cropped-banner.png","contentUrl":"https:\/\/www.vitalibera.org\/community\/wp-content\/uploads\/2025\/09\/cropped-banner.png","width":991,"height":150,"caption":"vitalibera.org"},"image":{"@id":"https:\/\/www.vitalibera.org\/community\/#\/schema\/logo\/image\/"},"sameAs":["https:\/\/www.facebook.com\/groups\/2997085857140235"]},{"@type":"Person","@id":"https:\/\/www.vitalibera.org\/community\/#\/schema\/person\/6712387298421f222ff6d0a2e22c1534","name":"Andreas Jecklin","image":{"@type":"ImageObject","inLanguage":"de","@id":"https:\/\/secure.gravatar.com\/avatar\/ad516503a11cd5ca435acc9bb6523536?s=96","url":"https:\/\/secure.gravatar.com\/avatar\/ad516503a11cd5ca435acc9bb6523536?s=96","contentUrl":"https:\/\/secure.gravatar.com\/avatar\/ad516503a11cd5ca435acc9bb6523536?s=96","caption":"Andreas Jecklin"},"description":"Manchen gab Gott die Kraft Dinge zu ver\u00e4ndern, mir gab er die Kraft zu ertragen was nicht mehr zu \u00e4ndern ist.","url":"https:\/\/www.vitalibera.org\/community\/author\/andy77\/"}]}},"jetpack_featured_media_url":"https:\/\/www.vitalibera.org\/community\/wp-content\/uploads\/2026\/04\/2ef25648bc7af1cc678f979e7c45a853.jpg","jetpack_sharing_enabled":true,"jetpack-related-posts":[],"_links":{"self":[{"href":"https:\/\/www.vitalibera.org\/community\/wp-json\/wp\/v2\/posts\/6776","targetHints":{"allow":["GET"]}}],"collection":[{"href":"https:\/\/www.vitalibera.org\/community\/wp-json\/wp\/v2\/posts"}],"about":[{"href":"https:\/\/www.vitalibera.org\/community\/wp-json\/wp\/v2\/types\/post"}],"author":[{"embeddable":true,"href":"https:\/\/www.vitalibera.org\/community\/wp-json\/wp\/v2\/users\/2"}],"replies":[{"embeddable":true,"href":"https:\/\/www.vitalibera.org\/community\/wp-json\/wp\/v2\/comments?post=6776"}],"version-history":[{"count":1,"href":"https:\/\/www.vitalibera.org\/community\/wp-json\/wp\/v2\/posts\/6776\/revisions"}],"predecessor-version":[{"id":6778,"href":"https:\/\/www.vitalibera.org\/community\/wp-json\/wp\/v2\/posts\/6776\/revisions\/6778"}],"wp:featuredmedia":[{"embeddable":true,"href":"https:\/\/www.vitalibera.org\/community\/wp-json\/wp\/v2\/media\/6777"}],"wp:attachment":[{"href":"https:\/\/www.vitalibera.org\/community\/wp-json\/wp\/v2\/media?parent=6776"}],"wp:term":[{"taxonomy":"category","embeddable":true,"href":"https:\/\/www.vitalibera.org\/community\/wp-json\/wp\/v2\/categories?post=6776"},{"taxonomy":"post_tag","embeddable":true,"href":"https:\/\/www.vitalibera.org\/community\/wp-json\/wp\/v2\/tags?post=6776"}],"curies":[{"name":"wp","href":"https:\/\/api.w.org\/{rel}","templated":true}]}}