{"id":6790,"date":"2026-04-16T22:39:34","date_gmt":"2026-04-16T20:39:34","guid":{"rendered":"https:\/\/www.vitalibera.org\/community\/?p=6790"},"modified":"2026-04-18T21:12:51","modified_gmt":"2026-04-18T19:12:51","slug":"richtig-reagieren-bei-brandausbruch-trotz-einschraenkung","status":"publish","type":"post","link":"https:\/\/www.vitalibera.org\/community\/2026\/04\/16\/richtig-reagieren-bei-brandausbruch-trotz-einschraenkung\/","title":{"rendered":"Richtig reagieren bei Brandausbruch trotz Einschr\u00e4nkung"},"content":{"rendered":"\n<div class=\"wp-block-media-text is-stacked-on-mobile\"><figure class=\"wp-block-media-text__media\"><img fetchpriority=\"high\" decoding=\"async\" width=\"300\" height=\"300\" src=\"https:\/\/www.vitalibera.org\/community\/wp-content\/uploads\/2026\/04\/feuer6.png\" alt=\"\" class=\"wp-image-6791 size-full\" srcset=\"https:\/\/www.vitalibera.org\/community\/wp-content\/uploads\/2026\/04\/feuer6.png 300w, https:\/\/www.vitalibera.org\/community\/wp-content\/uploads\/2026\/04\/feuer6-150x150.png 150w\" sizes=\"(max-width: 300px) 100vw, 300px\" \/><\/figure><div class=\"wp-block-media-text__content\">\n<p>Ein Brand ist f&uuml;r jeden eine Ausnahmesituation &ndash; und f&uuml;r Menschen mit eingeschr&auml;nkter Mobilit&auml;t erst recht. <\/p>\n\n\n\n<p>Doch Sicherheit entsteht nicht aus Schnelligkeit, sondern aus Klarheit. Wenn Bewegungen langsamer sind, Hilfsmittel gebraucht werden oder nur eine Hand zur Verf&uuml;gung steht, braucht es einen Plan, der auch unter Stress funktioniert.<\/p>\n\n\n\n<p>Dieser Text zeigt, wie Selbstschutz trotz k&ouml;rperlicher Grenzen m&ouml;glich bleibt: mit einfachen Schritten, die Orientierung geben, Panik reduzieren und echte Handlungskraft freisetzen.<\/p>\n<\/div><\/div>\n\n\n\n<p><\/p>\n\n\n\n<p>Bei <strong>Brand mit <a href=\"https:\/\/www.vitalibera.org\/community\/enzyklopaedie\/hemiplegie\/\" target=\"_self\" title=\"Hemiplegie ist die&nbsp;vollst&auml;ndige L&auml;hmung einer K&ouml;rperh&auml;lfte, die meist durch eine Sch&auml;digung einer Gehirnh&auml;lfte verursacht wird, oft infolge eines Schlaganfalls.&nbsp;Sie kann auch Arme, Beine und Gesichtsmuskulatur umfassen und geht oft mit einer eingeschr&auml;nkten oder aufgehobenen Sensibilit&auml;t sowie Sprachst&ouml;rungen einher.&nbsp;Die Rehabilitation konzentriert sich auf die Wiederherstellung der Bewegung durch Physiotherapie und die Vorbeugung von Komplikationen wie Muskelverk&uuml;rzungen.&nbsp;&hellip;\" class=\"encyclopedia\">Hemiplegie<\/a> oder eingeschr&auml;nkter Mobilit&auml;t<\/strong> gilt: Sicherheit durch Vorbereitung und klare, k&ouml;rpergerechte Abl&auml;ufe. <\/p>\n\n\n\n<h5 class=\"wp-block-heading\"><strong>Strategie: Selbstschutz bei Feuer mit eingeschr&auml;nkter Mobilit&auml;t<\/strong><\/h5>\n\n\n\n<h6 class=\"wp-block-heading\"><strong>1. Stabilisieren &ndash; &Uuml;berblick gewinnen<\/strong><\/h6>\n\n\n\n<ul class=\"wp-block-list\">\n<li>Einmal <strong>ausatmen<\/strong>, Blick orientieren.<\/li>\n\n\n\n<li>Pr&uuml;fen: <em>Wo ist Rauch? Wo ist der n&auml;chste sichere Bereich?<\/em><\/li>\n\n\n\n<li>Bewegungsf&auml;higkeit einsch&auml;tzen: <em>Rollstuhl? Gehhilfe? Transfer m&ouml;glich?<\/em><\/li>\n<\/ul>\n\n\n\n<h6 class=\"wp-block-heading\"><strong>2. Rauch vermeiden &ndash; T&uuml;ren schliessen<\/strong><\/h6>\n\n\n\n<ul class=\"wp-block-list\">\n<li><strong>T&uuml;ren hinter dir schliessen<\/strong>, nicht abschliessen.<\/li>\n\n\n\n<li>Wenn Rauch im Flur: <strong>nicht hinausfahren<\/strong>.<\/li>\n\n\n\n<li>Mund\/Nase mit Stoff bedecken, so tief wie m&ouml;glich bleiben.<\/li>\n<\/ul>\n\n\n\n<h6 class=\"wp-block-heading\"><strong>3. Zwei Wege pr&uuml;fen: Flucht oder Schutzraum<\/strong><\/h6>\n\n\n\n<h6 class=\"wp-block-heading\"><strong>A) Wenn Flucht m&ouml;glich ist<\/strong><\/h6>\n\n\n\n<ul class=\"wp-block-list\">\n<li>Rollstuhl\/Gehhilfe Richtung Ausgang.<\/li>\n\n\n\n<li>Lift nie benutzen.<\/li>\n\n\n\n<li>Nur durch rauchfreie Bereiche bewegen.<\/li>\n<\/ul>\n\n\n\n<h6 class=\"wp-block-heading\"><strong>B) Wenn Flucht NICHT m&ouml;glich ist<\/strong><\/h6>\n\n\n\n<ul class=\"wp-block-list\">\n<li>In der Wohnung bleiben &ndash; das ist <strong>offizielle Feuerwehrstrategie<\/strong>.<\/li>\n\n\n\n<li>Rollstuhl\/Bett <strong>ans Fenster oder an die T&uuml;r<\/strong> fahren.<\/li>\n\n\n\n<li>Sichtbar machen: Licht, Tuch, Handy.<\/li>\n<\/ul>\n\n\n\n<h6 class=\"wp-block-heading\"><strong>4. Alarmieren &ndash; kurz und klar<\/strong><\/h6>\n\n\n\n<ul class=\"wp-block-list\">\n<li>Feuerwehr <strong>118<\/strong>.<\/li>\n\n\n\n<li>Satzstruktur, die auch mit Stress funktioniert: <strong>&bdquo;Brand &ndash; eingeschr&auml;nkte Mobilit&auml;t &ndash; Adresse &ndash; ich bin am Fenster.&ldquo;<\/strong><\/li>\n<\/ul>\n\n\n\n<h6 class=\"wp-block-heading\"><strong>5. Warten &ndash; sichtbar bleiben &ndash; Energie sparen<\/strong><\/h6>\n\n\n\n<ul class=\"wp-block-list\">\n<li>Fenster nur &ouml;ffnen, wenn kein Rauch eindringt.<\/li>\n\n\n\n<li>Hilfsmittel bei sich behalten.<\/li>\n\n\n\n<li>Wenn m&ouml;glich: T&uuml;rspalt abdichten (Tuch, Kleidung).<\/li>\n<\/ul>\n\n\n\n<h6 class=\"wp-block-heading\"><strong>6. Nach der Rettung<\/strong><\/h6>\n\n\n\n<ul class=\"wp-block-list\">\n<li>Nicht zur&uuml;ck ins Geb&auml;ude.<\/li>\n\n\n\n<li>Frische Luft, Wasser, Ruhe.<\/li>\n\n\n\n<li>Reizreduktion (Licht, L&auml;rm, Menschen).<\/li>\n<\/ul>\n\n\n\n<h6 class=\"wp-block-heading\"><\/h6>\n\n\n\n<div class=\"wp-block-media-text is-stacked-on-mobile\"><figure class=\"wp-block-media-text__media\"><img decoding=\"async\" width=\"259\" height=\"240\" src=\"http:\/\/www.vitalibera.org\/community\/wp-content\/uploads\/2026\/03\/8d884cf0d4c0d0127526e5ae396128bd.jpg\" alt=\"\" class=\"wp-image-6155 size-full\"><\/figure><div class=\"wp-block-media-text__content\">\n<p><strong>Warum diese Strategie funktioniert<\/strong><\/p>\n\n\n\n<ul class=\"wp-block-list\">\n<li>Sie folgt Feuerwehr&#8209; und Brandschutzlogik.<\/li>\n\n\n\n<li>Sie ist k&ouml;rpergerecht f&uuml;r <a href=\"https:\/\/www.vitalibera.org\/community\/enzyklopaedie\/hemiplegie\/\" target=\"_self\" title=\"Hemiplegie ist die&nbsp;vollst&auml;ndige L&auml;hmung einer K&ouml;rperh&auml;lfte, die meist durch eine Sch&auml;digung einer Gehirnh&auml;lfte verursacht wird, oft infolge eines Schlaganfalls.&nbsp;Sie kann auch Arme, Beine und Gesichtsmuskulatur umfassen und geht oft mit einer eingeschr&auml;nkten oder aufgehobenen Sensibilit&auml;t sowie Sprachst&ouml;rungen einher.&nbsp;Die Rehabilitation konzentriert sich auf die Wiederherstellung der Bewegung durch Physiotherapie und die Vorbeugung von Komplikationen wie Muskelverk&uuml;rzungen.&nbsp;&hellip;\" class=\"encyclopedia\">Hemiplegie<\/a>, Rollstuhl, Gangunsicherheit.<\/li>\n\n\n\n<li>Sie reduziert Stress, indem sie nur <strong>entscheidende Schritte<\/strong> enth&auml;lt.<\/li>\n\n\n\n<li>Sie st&auml;rkt Selbstwirksamkeit statt Angst.<\/li>\n<\/ul>\n<\/div><\/div>\n\n\n\n<p><\/p>\n","protected":false},"excerpt":{"rendered":"<p>Ein Brand ist f\u00fcr jeden eine Ausnahmesituation \u2013 und f\u00fcr Menschen mit eingeschr\u00e4nkter Mobilit\u00e4t erst recht. Doch Sicherheit entsteht nicht aus Schnelligkeit, sondern aus Klarheit. Wenn Bewegungen langsamer sind, Hilfsmittel gebraucht werden oder nur eine Hand zur Verf\u00fcgung steht, braucht es einen Plan, der auch unter Stress funktioniert. Dieser Text zeigt, wie Selbstschutz trotz k\u00f6rperlicher &#8230; <a title=\"Richtig reagieren bei Brandausbruch trotz Einschr\u00e4nkung\" class=\"read-more\" href=\"https:\/\/www.vitalibera.org\/community\/2026\/04\/16\/richtig-reagieren-bei-brandausbruch-trotz-einschraenkung\/\" aria-label=\"Mehr Informationen \u00fcber Richtig reagieren bei Brandausbruch trotz Einschr\u00e4nkung\">Weiterlesen<\/a><\/p>\n","protected":false},"author":2,"featured_media":6791,"comment_status":"closed","ping_status":"open","sticky":false,"template":"","format":"standard","meta":{"cybocfi_hide_featured_image":"yes","_jetpack_memberships_contains_paid_content":false,"footnotes":""},"categories":[492,206],"tags":[],"class_list":["post-6790","post","type-post","status-publish","format-standard","has-post-thumbnail","hentry","category-alltagsnavigation","category-selbstschutz"],"yoast_head":"<!-- This site is optimized with the Yoast SEO plugin v27.4 - https:\/\/yoast.com\/product\/yoast-seo-wordpress\/ -->\r\n<title>Richtig reagieren bei Brandausbruch trotz Einschr\u00e4nkung - vitalibera.org<\/title>\r\n<meta name=\"robots\" content=\"index, follow, max-snippet:-1, max-image-preview:large, max-video-preview:-1\" \/>\r\n<link rel=\"canonical\" href=\"http:\/\/www.vitalibera.org\/community\/2026\/04\/16\/richtig-reagieren-bei-brandausbruch-trotz-einschraenkung\/\" \/>\r\n<meta property=\"og:locale\" content=\"de_DE\" \/>\r\n<meta property=\"og:type\" content=\"article\" \/>\r\n<meta property=\"og:title\" content=\"Richtig reagieren bei Brandausbruch trotz Einschr\u00e4nkung - vitalibera.org\" \/>\r\n<meta property=\"og:description\" content=\"Ein Brand ist f\u00fcr jeden eine Ausnahmesituation \u2013 und f\u00fcr Menschen mit eingeschr\u00e4nkter Mobilit\u00e4t erst recht. Doch Sicherheit entsteht nicht aus Schnelligkeit, sondern aus Klarheit. Wenn Bewegungen langsamer sind, Hilfsmittel gebraucht werden oder nur eine Hand zur Verf\u00fcgung steht, braucht es einen Plan, der auch unter Stress funktioniert. Dieser Text zeigt, wie Selbstschutz trotz k\u00f6rperlicher ... Weiterlesen\" \/>\r\n<meta property=\"og:url\" content=\"http:\/\/www.vitalibera.org\/community\/2026\/04\/16\/richtig-reagieren-bei-brandausbruch-trotz-einschraenkung\/\" \/>\r\n<meta property=\"og:site_name\" content=\"vitalibera.org\" \/>\r\n<meta property=\"article:publisher\" content=\"https:\/\/www.facebook.com\/groups\/2997085857140235\" \/>\r\n<meta property=\"article:published_time\" content=\"2026-04-16T20:39:34+00:00\" \/>\r\n<meta property=\"article:modified_time\" content=\"2026-04-18T19:12:51+00:00\" \/>\r\n<meta property=\"og:image\" content=\"http:\/\/www.vitalibera.org\/community\/wp-content\/uploads\/2026\/04\/feuer6.png\" \/>\r\n\t<meta property=\"og:image:width\" content=\"300\" \/>\r\n\t<meta property=\"og:image:height\" content=\"300\" \/>\r\n\t<meta property=\"og:image:type\" content=\"image\/png\" \/>\r\n<meta name=\"author\" content=\"Andreas Jecklin\" \/>\r\n<meta name=\"twitter:card\" content=\"summary_large_image\" \/>\r\n<meta name=\"twitter:label1\" content=\"Verfasst von\" \/>\n\t<meta name=\"twitter:data1\" content=\"Andreas Jecklin\" \/>\n\t<meta name=\"twitter:label2\" content=\"Gesch\u00e4tzte Lesezeit\" \/>\n\t<meta name=\"twitter:data2\" content=\"3\u00a0Minuten\" \/>\r\n<script type=\"application\/ld+json\" class=\"yoast-schema-graph\">{\"@context\":\"https:\\\/\\\/schema.org\",\"@graph\":[{\"@type\":\"Article\",\"@id\":\"http:\\\/\\\/www.vitalibera.org\\\/community\\\/2026\\\/04\\\/16\\\/richtig-reagieren-bei-brandausbruch-trotz-einschraenkung\\\/#article\",\"isPartOf\":{\"@id\":\"http:\\\/\\\/www.vitalibera.org\\\/community\\\/2026\\\/04\\\/16\\\/richtig-reagieren-bei-brandausbruch-trotz-einschraenkung\\\/\"},\"author\":{\"name\":\"Andreas Jecklin\",\"@id\":\"https:\\\/\\\/www.vitalibera.org\\\/community\\\/#\\\/schema\\\/person\\\/6712387298421f222ff6d0a2e22c1534\"},\"headline\":\"Richtig reagieren bei Brandausbruch trotz Einschr\u00e4nkung\",\"datePublished\":\"2026-04-16T20:39:34+00:00\",\"dateModified\":\"2026-04-18T19:12:51+00:00\",\"mainEntityOfPage\":{\"@id\":\"http:\\\/\\\/www.vitalibera.org\\\/community\\\/2026\\\/04\\\/16\\\/richtig-reagieren-bei-brandausbruch-trotz-einschraenkung\\\/\"},\"wordCount\":320,\"publisher\":{\"@id\":\"https:\\\/\\\/www.vitalibera.org\\\/community\\\/#organization\"},\"image\":{\"@id\":\"http:\\\/\\\/www.vitalibera.org\\\/community\\\/2026\\\/04\\\/16\\\/richtig-reagieren-bei-brandausbruch-trotz-einschraenkung\\\/#primaryimage\"},\"thumbnailUrl\":\"https:\\\/\\\/www.vitalibera.org\\\/community\\\/wp-content\\\/uploads\\\/2026\\\/04\\\/feuer6.png\",\"articleSection\":[\"Alltagsnavigation\",\"Selbstschutz\"],\"inLanguage\":\"de\"},{\"@type\":\"WebPage\",\"@id\":\"http:\\\/\\\/www.vitalibera.org\\\/community\\\/2026\\\/04\\\/16\\\/richtig-reagieren-bei-brandausbruch-trotz-einschraenkung\\\/\",\"url\":\"http:\\\/\\\/www.vitalibera.org\\\/community\\\/2026\\\/04\\\/16\\\/richtig-reagieren-bei-brandausbruch-trotz-einschraenkung\\\/\",\"name\":\"Richtig reagieren bei Brandausbruch trotz Einschr\u00e4nkung - vitalibera.org\",\"isPartOf\":{\"@id\":\"https:\\\/\\\/www.vitalibera.org\\\/community\\\/#website\"},\"primaryImageOfPage\":{\"@id\":\"http:\\\/\\\/www.vitalibera.org\\\/community\\\/2026\\\/04\\\/16\\\/richtig-reagieren-bei-brandausbruch-trotz-einschraenkung\\\/#primaryimage\"},\"image\":{\"@id\":\"http:\\\/\\\/www.vitalibera.org\\\/community\\\/2026\\\/04\\\/16\\\/richtig-reagieren-bei-brandausbruch-trotz-einschraenkung\\\/#primaryimage\"},\"thumbnailUrl\":\"https:\\\/\\\/www.vitalibera.org\\\/community\\\/wp-content\\\/uploads\\\/2026\\\/04\\\/feuer6.png\",\"datePublished\":\"2026-04-16T20:39:34+00:00\",\"dateModified\":\"2026-04-18T19:12:51+00:00\",\"breadcrumb\":{\"@id\":\"http:\\\/\\\/www.vitalibera.org\\\/community\\\/2026\\\/04\\\/16\\\/richtig-reagieren-bei-brandausbruch-trotz-einschraenkung\\\/#breadcrumb\"},\"inLanguage\":\"de\",\"potentialAction\":[{\"@type\":\"ReadAction\",\"target\":[\"http:\\\/\\\/www.vitalibera.org\\\/community\\\/2026\\\/04\\\/16\\\/richtig-reagieren-bei-brandausbruch-trotz-einschraenkung\\\/\"]}]},{\"@type\":\"BreadcrumbList\",\"@id\":\"http:\\\/\\\/www.vitalibera.org\\\/community\\\/2026\\\/04\\\/16\\\/richtig-reagieren-bei-brandausbruch-trotz-einschraenkung\\\/#breadcrumb\",\"itemListElement\":[{\"@type\":\"ListItem\",\"position\":1,\"name\":\"Startseite\",\"item\":\"https:\\\/\\\/www.vitalibera.org\\\/community\\\/\"},{\"@type\":\"ListItem\",\"position\":2,\"name\":\"Richtig reagieren bei Brandausbruch trotz Einschr\u00e4nkung\"}]},{\"@type\":\"WebSite\",\"@id\":\"https:\\\/\\\/www.vitalibera.org\\\/community\\\/#website\",\"url\":\"https:\\\/\\\/www.vitalibera.org\\\/community\\\/\",\"name\":\"vitalibera.org\",\"description\":\"Mit einer Einschr&auml;nkung gestaltet sich das Leben im Alltag oft schwieriger - hier berichten wir &uuml;ber unsere Erfahrungen und Hilfsmittel um den Alltag so unbeschwert und unkompliziert wie nur m&ouml;glich geniessen zu k&ouml;nnen. Dabei richten wir unseren Fokus gezielt auf Selbst&auml;ndigkeit, Eigenst&auml;ndigkeit und Selbstbestimmung.\",\"publisher\":{\"@id\":\"https:\\\/\\\/www.vitalibera.org\\\/community\\\/#organization\"},\"potentialAction\":[{\"@type\":\"SearchAction\",\"target\":{\"@type\":\"EntryPoint\",\"urlTemplate\":\"https:\\\/\\\/www.vitalibera.org\\\/community\\\/?s={search_term_string}\"},\"query-input\":{\"@type\":\"PropertyValueSpecification\",\"valueRequired\":true,\"valueName\":\"search_term_string\"}}],\"inLanguage\":\"de\"},{\"@type\":\"Organization\",\"@id\":\"https:\\\/\\\/www.vitalibera.org\\\/community\\\/#organization\",\"name\":\"vitalibera.org\",\"url\":\"https:\\\/\\\/www.vitalibera.org\\\/community\\\/\",\"logo\":{\"@type\":\"ImageObject\",\"inLanguage\":\"de\",\"@id\":\"https:\\\/\\\/www.vitalibera.org\\\/community\\\/#\\\/schema\\\/logo\\\/image\\\/\",\"url\":\"https:\\\/\\\/www.vitalibera.org\\\/community\\\/wp-content\\\/uploads\\\/2025\\\/09\\\/cropped-banner.png\",\"contentUrl\":\"https:\\\/\\\/www.vitalibera.org\\\/community\\\/wp-content\\\/uploads\\\/2025\\\/09\\\/cropped-banner.png\",\"width\":991,\"height\":150,\"caption\":\"vitalibera.org\"},\"image\":{\"@id\":\"https:\\\/\\\/www.vitalibera.org\\\/community\\\/#\\\/schema\\\/logo\\\/image\\\/\"},\"sameAs\":[\"https:\\\/\\\/www.facebook.com\\\/groups\\\/2997085857140235\"]},{\"@type\":\"Person\",\"@id\":\"https:\\\/\\\/www.vitalibera.org\\\/community\\\/#\\\/schema\\\/person\\\/6712387298421f222ff6d0a2e22c1534\",\"name\":\"Andreas Jecklin\",\"image\":{\"@type\":\"ImageObject\",\"inLanguage\":\"de\",\"@id\":\"https:\\\/\\\/secure.gravatar.com\\\/avatar\\\/ad516503a11cd5ca435acc9bb6523536?s=96\",\"url\":\"https:\\\/\\\/secure.gravatar.com\\\/avatar\\\/ad516503a11cd5ca435acc9bb6523536?s=96\",\"contentUrl\":\"https:\\\/\\\/secure.gravatar.com\\\/avatar\\\/ad516503a11cd5ca435acc9bb6523536?s=96\",\"caption\":\"Andreas Jecklin\"},\"description\":\"Manchen gab Gott die Kraft Dinge zu ver\u00e4ndern, mir gab er die Kraft zu ertragen was nicht mehr zu \u00e4ndern ist.\",\"url\":\"https:\\\/\\\/www.vitalibera.org\\\/community\\\/author\\\/andy77\\\/\"}]}<\/script>\r\n<!-- \/ Yoast SEO plugin. -->","yoast_head_json":{"title":"Richtig reagieren bei Brandausbruch trotz Einschr\u00e4nkung - vitalibera.org","robots":{"index":"index","follow":"follow","max-snippet":"max-snippet:-1","max-image-preview":"max-image-preview:large","max-video-preview":"max-video-preview:-1"},"canonical":"http:\/\/www.vitalibera.org\/community\/2026\/04\/16\/richtig-reagieren-bei-brandausbruch-trotz-einschraenkung\/","og_locale":"de_DE","og_type":"article","og_title":"Richtig reagieren bei Brandausbruch trotz Einschr\u00e4nkung - vitalibera.org","og_description":"Ein Brand ist f\u00fcr jeden eine Ausnahmesituation \u2013 und f\u00fcr Menschen mit eingeschr\u00e4nkter Mobilit\u00e4t erst recht. Doch Sicherheit entsteht nicht aus Schnelligkeit, sondern aus Klarheit. Wenn Bewegungen langsamer sind, Hilfsmittel gebraucht werden oder nur eine Hand zur Verf\u00fcgung steht, braucht es einen Plan, der auch unter Stress funktioniert. Dieser Text zeigt, wie Selbstschutz trotz k\u00f6rperlicher ... Weiterlesen","og_url":"http:\/\/www.vitalibera.org\/community\/2026\/04\/16\/richtig-reagieren-bei-brandausbruch-trotz-einschraenkung\/","og_site_name":"vitalibera.org","article_publisher":"https:\/\/www.facebook.com\/groups\/2997085857140235","article_published_time":"2026-04-16T20:39:34+00:00","article_modified_time":"2026-04-18T19:12:51+00:00","og_image":[{"width":300,"height":300,"url":"http:\/\/www.vitalibera.org\/community\/wp-content\/uploads\/2026\/04\/feuer6.png","type":"image\/png"}],"author":"Andreas Jecklin","twitter_card":"summary_large_image","twitter_misc":{"Verfasst von":"Andreas Jecklin","Gesch\u00e4tzte Lesezeit":"3\u00a0Minuten"},"schema":{"@context":"https:\/\/schema.org","@graph":[{"@type":"Article","@id":"http:\/\/www.vitalibera.org\/community\/2026\/04\/16\/richtig-reagieren-bei-brandausbruch-trotz-einschraenkung\/#article","isPartOf":{"@id":"http:\/\/www.vitalibera.org\/community\/2026\/04\/16\/richtig-reagieren-bei-brandausbruch-trotz-einschraenkung\/"},"author":{"name":"Andreas Jecklin","@id":"https:\/\/www.vitalibera.org\/community\/#\/schema\/person\/6712387298421f222ff6d0a2e22c1534"},"headline":"Richtig reagieren bei Brandausbruch trotz Einschr\u00e4nkung","datePublished":"2026-04-16T20:39:34+00:00","dateModified":"2026-04-18T19:12:51+00:00","mainEntityOfPage":{"@id":"http:\/\/www.vitalibera.org\/community\/2026\/04\/16\/richtig-reagieren-bei-brandausbruch-trotz-einschraenkung\/"},"wordCount":320,"publisher":{"@id":"https:\/\/www.vitalibera.org\/community\/#organization"},"image":{"@id":"http:\/\/www.vitalibera.org\/community\/2026\/04\/16\/richtig-reagieren-bei-brandausbruch-trotz-einschraenkung\/#primaryimage"},"thumbnailUrl":"https:\/\/www.vitalibera.org\/community\/wp-content\/uploads\/2026\/04\/feuer6.png","articleSection":["Alltagsnavigation","Selbstschutz"],"inLanguage":"de"},{"@type":"WebPage","@id":"http:\/\/www.vitalibera.org\/community\/2026\/04\/16\/richtig-reagieren-bei-brandausbruch-trotz-einschraenkung\/","url":"http:\/\/www.vitalibera.org\/community\/2026\/04\/16\/richtig-reagieren-bei-brandausbruch-trotz-einschraenkung\/","name":"Richtig reagieren bei Brandausbruch trotz Einschr\u00e4nkung - vitalibera.org","isPartOf":{"@id":"https:\/\/www.vitalibera.org\/community\/#website"},"primaryImageOfPage":{"@id":"http:\/\/www.vitalibera.org\/community\/2026\/04\/16\/richtig-reagieren-bei-brandausbruch-trotz-einschraenkung\/#primaryimage"},"image":{"@id":"http:\/\/www.vitalibera.org\/community\/2026\/04\/16\/richtig-reagieren-bei-brandausbruch-trotz-einschraenkung\/#primaryimage"},"thumbnailUrl":"https:\/\/www.vitalibera.org\/community\/wp-content\/uploads\/2026\/04\/feuer6.png","datePublished":"2026-04-16T20:39:34+00:00","dateModified":"2026-04-18T19:12:51+00:00","breadcrumb":{"@id":"http:\/\/www.vitalibera.org\/community\/2026\/04\/16\/richtig-reagieren-bei-brandausbruch-trotz-einschraenkung\/#breadcrumb"},"inLanguage":"de","potentialAction":[{"@type":"ReadAction","target":["http:\/\/www.vitalibera.org\/community\/2026\/04\/16\/richtig-reagieren-bei-brandausbruch-trotz-einschraenkung\/"]}]},{"@type":"BreadcrumbList","@id":"http:\/\/www.vitalibera.org\/community\/2026\/04\/16\/richtig-reagieren-bei-brandausbruch-trotz-einschraenkung\/#breadcrumb","itemListElement":[{"@type":"ListItem","position":1,"name":"Startseite","item":"https:\/\/www.vitalibera.org\/community\/"},{"@type":"ListItem","position":2,"name":"Richtig reagieren bei Brandausbruch trotz Einschr\u00e4nkung"}]},{"@type":"WebSite","@id":"https:\/\/www.vitalibera.org\/community\/#website","url":"https:\/\/www.vitalibera.org\/community\/","name":"vitalibera.org","description":"Mit einer Einschr&auml;nkung gestaltet sich das Leben im Alltag oft schwieriger - hier berichten wir &uuml;ber unsere Erfahrungen und Hilfsmittel um den Alltag so unbeschwert und unkompliziert wie nur m&ouml;glich geniessen zu k&ouml;nnen. Dabei richten wir unseren Fokus gezielt auf Selbst&auml;ndigkeit, Eigenst&auml;ndigkeit und Selbstbestimmung.","publisher":{"@id":"https:\/\/www.vitalibera.org\/community\/#organization"},"potentialAction":[{"@type":"SearchAction","target":{"@type":"EntryPoint","urlTemplate":"https:\/\/www.vitalibera.org\/community\/?s={search_term_string}"},"query-input":{"@type":"PropertyValueSpecification","valueRequired":true,"valueName":"search_term_string"}}],"inLanguage":"de"},{"@type":"Organization","@id":"https:\/\/www.vitalibera.org\/community\/#organization","name":"vitalibera.org","url":"https:\/\/www.vitalibera.org\/community\/","logo":{"@type":"ImageObject","inLanguage":"de","@id":"https:\/\/www.vitalibera.org\/community\/#\/schema\/logo\/image\/","url":"https:\/\/www.vitalibera.org\/community\/wp-content\/uploads\/2025\/09\/cropped-banner.png","contentUrl":"https:\/\/www.vitalibera.org\/community\/wp-content\/uploads\/2025\/09\/cropped-banner.png","width":991,"height":150,"caption":"vitalibera.org"},"image":{"@id":"https:\/\/www.vitalibera.org\/community\/#\/schema\/logo\/image\/"},"sameAs":["https:\/\/www.facebook.com\/groups\/2997085857140235"]},{"@type":"Person","@id":"https:\/\/www.vitalibera.org\/community\/#\/schema\/person\/6712387298421f222ff6d0a2e22c1534","name":"Andreas Jecklin","image":{"@type":"ImageObject","inLanguage":"de","@id":"https:\/\/secure.gravatar.com\/avatar\/ad516503a11cd5ca435acc9bb6523536?s=96","url":"https:\/\/secure.gravatar.com\/avatar\/ad516503a11cd5ca435acc9bb6523536?s=96","contentUrl":"https:\/\/secure.gravatar.com\/avatar\/ad516503a11cd5ca435acc9bb6523536?s=96","caption":"Andreas Jecklin"},"description":"Manchen gab Gott die Kraft Dinge zu ver\u00e4ndern, mir gab er die Kraft zu ertragen was nicht mehr zu \u00e4ndern ist.","url":"https:\/\/www.vitalibera.org\/community\/author\/andy77\/"}]}},"jetpack_featured_media_url":"https:\/\/www.vitalibera.org\/community\/wp-content\/uploads\/2026\/04\/feuer6.png","jetpack_sharing_enabled":true,"jetpack-related-posts":[],"_links":{"self":[{"href":"https:\/\/www.vitalibera.org\/community\/wp-json\/wp\/v2\/posts\/6790","targetHints":{"allow":["GET"]}}],"collection":[{"href":"https:\/\/www.vitalibera.org\/community\/wp-json\/wp\/v2\/posts"}],"about":[{"href":"https:\/\/www.vitalibera.org\/community\/wp-json\/wp\/v2\/types\/post"}],"author":[{"embeddable":true,"href":"https:\/\/www.vitalibera.org\/community\/wp-json\/wp\/v2\/users\/2"}],"replies":[{"embeddable":true,"href":"https:\/\/www.vitalibera.org\/community\/wp-json\/wp\/v2\/comments?post=6790"}],"version-history":[{"count":2,"href":"https:\/\/www.vitalibera.org\/community\/wp-json\/wp\/v2\/posts\/6790\/revisions"}],"predecessor-version":[{"id":6794,"href":"https:\/\/www.vitalibera.org\/community\/wp-json\/wp\/v2\/posts\/6790\/revisions\/6794"}],"wp:featuredmedia":[{"embeddable":true,"href":"https:\/\/www.vitalibera.org\/community\/wp-json\/wp\/v2\/media\/6791"}],"wp:attachment":[{"href":"https:\/\/www.vitalibera.org\/community\/wp-json\/wp\/v2\/media?parent=6790"}],"wp:term":[{"taxonomy":"category","embeddable":true,"href":"https:\/\/www.vitalibera.org\/community\/wp-json\/wp\/v2\/categories?post=6790"},{"taxonomy":"post_tag","embeddable":true,"href":"https:\/\/www.vitalibera.org\/community\/wp-json\/wp\/v2\/tags?post=6790"}],"curies":[{"name":"wp","href":"https:\/\/api.w.org\/{rel}","templated":true}]}}