{"id":6795,"date":"2026-04-17T12:03:53","date_gmt":"2026-04-17T10:03:53","guid":{"rendered":"https:\/\/www.vitalibera.org\/community\/?p=6795"},"modified":"2026-04-18T21:08:55","modified_gmt":"2026-04-18T19:08:55","slug":"trotz-einschraenkung-bei-bedrohungen-richtig-handeln","status":"publish","type":"post","link":"https:\/\/www.vitalibera.org\/community\/2026\/04\/17\/trotz-einschraenkung-bei-bedrohungen-richtig-handeln\/","title":{"rendered":"Trotz Einschr\u00e4nkung &#8211; bei Bedrohungen richtig handeln"},"content":{"rendered":"\n<div class=\"wp-block-media-text is-stacked-on-mobile\"><figure class=\"wp-block-media-text__media\"><img decoding=\"async\" width=\"200\" height=\"200\" src=\"https:\/\/www.vitalibera.org\/community\/wp-content\/uploads\/2026\/04\/bedroh7.png\" alt=\"\" class=\"wp-image-6796 size-full\" srcset=\"https:\/\/www.vitalibera.org\/community\/wp-content\/uploads\/2026\/04\/bedroh7.png 200w, https:\/\/www.vitalibera.org\/community\/wp-content\/uploads\/2026\/04\/bedroh7-150x150.png 150w\" sizes=\"(max-width: 200px) 100vw, 200px\" \/><\/figure><div class=\"wp-block-media-text__content\">\n<p>Wenn du eine <strong>k&ouml;rperliche, neurologische oder sensorische Einschr&auml;nkung<\/strong> hast, brauchst du keine heroischen Notfallpl&auml;ne, sondern <strong>realistische, machbare Schritte<\/strong>, die dein Nervensystem sch&uuml;tzen und trotzdem Sicherheit geben.<\/p>\n\n\n\n<p><strong>&bdquo;Ich handle nicht perfekt &ndash; ich handle sicher und angepasst an meine M&ouml;glichkeiten.&ldquo;<\/strong><\/p>\n<\/div><\/div>\n\n\n\n<h6 class=\"wp-block-heading\"><strong>1. Sofort stabilisieren &ndash; bevor du irgendetwas tust<\/strong><\/h6>\n\n\n\n<p><strong>Ziel:<\/strong> Dein Nervensystem beruhigen, damit du klar handeln kannst.<\/p>\n\n\n\n<ul class=\"wp-block-list\">\n<li>4 Sekunden ein, 6 Sekunden aus<\/li>\n\n\n\n<li>Schultern senken, H&auml;nde &ouml;ffnen<\/li>\n\n\n\n<li>Einen Punkt fixieren<\/li>\n\n\n\n<li>Innerlich: <em>&bdquo;Ich handle Schritt f&uuml;r Schritt.&ldquo;<\/em><\/li>\n<\/ul>\n\n\n\n<p><strong>Warum:<\/strong> Panik blockiert Entscheidungen &ndash; Stabilit&auml;t schafft Handlungsspielraum.<\/p>\n\n\n\n<h6 class=\"wp-block-heading\"><strong>2. Gefahr einsch&auml;tzen &ndash; angepasst an deine Einschr&auml;nkung<\/strong><\/h6>\n\n\n\n<p><strong>Ziel:<\/strong> Realistische Optionen statt &Uuml;berforderung.<\/p>\n\n\n\n<ul class=\"wp-block-list\">\n<li>Kannst du <strong>gehen<\/strong>, <strong>stehen<\/strong>, <strong>sprechen<\/strong>, <strong>telefonieren<\/strong>?<\/li>\n\n\n\n<li>Welche Bewegungen sind <strong>m&ouml;glich<\/strong>, welche <strong>nicht<\/strong>?<\/li>\n\n\n\n<li>Welche Reize (L&auml;rm, Licht, Chaos) musst du <strong>abschirmen<\/strong>?<\/li>\n<\/ul>\n\n\n\n<p><strong>Warum:<\/strong> Katastrophenpl&auml;ne m&uuml;ssen zu deinem K&ouml;rper passen, nicht umgekehrt.<\/p>\n\n\n\n<h6 class=\"wp-block-heading\"><strong>3. Hilfe aktivieren &ndash; fr&uuml;h, klar, ohne Erkl&auml;rungsdruck<\/strong><\/h6>\n\n\n\n<p><strong>Ziel:<\/strong> Unterst&uuml;tzung holen, bevor du an Grenzen kommst.<\/p>\n\n\n\n<ul class=\"wp-block-list\">\n<li>Kurzer Satz reicht: <strong>&bdquo;Ich habe eine Einschr&auml;nkung und brauche sofort Unterst&uuml;tzung.&ldquo;<\/strong><\/li>\n\n\n\n<li>Notruf, Nachbarn, Angeh&ouml;rige, Hausverwaltung, Rettungsdienst<\/li>\n\n\n\n<li>Wenn m&ouml;glich: Standort teilen, T&uuml;r &ouml;ffnen, Licht einschalten<\/li>\n<\/ul>\n\n\n\n<p><strong>Warum:<\/strong> Fr&uuml;hzeitige Hilfe verhindert Eskalation.<\/p>\n\n\n\n<h6 class=\"wp-block-heading\"><strong>4. Vereinfachte Handlungen &ndash; nur das, was machbar ist<\/strong><\/h6>\n\n\n\n<p><strong>Ziel:<\/strong> Energie sparen, Sicherheit erh&ouml;hen.<\/p>\n\n\n\n<ul class=\"wp-block-list\">\n<li>Wenn Evakuation n&ouml;tig: <strong>k&uuml;rzester Weg<\/strong>, nicht der perfekte<\/li>\n\n\n\n<li>Wenn Bewegung eingeschr&auml;nkt: <strong>Sitzen bleiben<\/strong>, <strong>T&uuml;r schliessen<\/strong>, <strong>Hilfe signalisieren<\/strong><\/li>\n\n\n\n<li>Wenn Reize zu stark: <strong>Kopfh&ouml;rer<\/strong>, <strong>Hand auf Brustkorb<\/strong>, <strong>Augen halb schlie&szlig;en<\/strong><\/li>\n<\/ul>\n\n\n\n<p><strong>Warum:<\/strong> Kleine, machbare Schritte sind sicherer als &uuml;berfordernde Pl&auml;ne.<\/p>\n\n\n\n<h6 class=\"wp-block-heading\"><strong>5. Nachsorge &ndash; Nervensystem sch&uuml;tzen, bevor du funktionierst<\/strong><\/h6>\n\n\n\n<p><strong>Ziel:<\/strong> Stabilisierung nach dem Ereignis.<\/p>\n\n\n\n<ul class=\"wp-block-list\">\n<li>Reizreduktion: Licht dimmen, L&auml;rm raus<\/li>\n\n\n\n<li>Warme Decke, Wasser, ruhiger Raum<\/li>\n\n\n\n<li>Kurz notieren, was passiert ist (f&uuml;r Beh&ouml;rden\/Versicherung)<\/li>\n\n\n\n<li>Unterst&uuml;tzung aktivieren: Vertrauensperson, Opferhilfe, Arztpraxis<\/li>\n<\/ul>\n\n\n\n<p><strong>Warum:<\/strong> Nach Katastrophen ist &Uuml;berlastung h&auml;ufig &ndash; Stabilisierung verhindert Folgesch&auml;den.<\/p>\n\n\n\n<h5 class=\"wp-block-heading\"><strong>Was wenn Krieg ausbricht? &ndash; richtig handeln mit Mobilit&auml;tseinschr&auml;nkung<\/strong><\/h5>\n\n\n\n<p>Ein Kriegsszenario ist extrem belastend &ndash; und mit einer k&ouml;rperlichen oder neurologischen Einschr&auml;nkung gelten <strong>andere Priorit&auml;ten<\/strong>. Es geht nicht um Fluchtreflexe oder Heldentum, sondern um <strong>Sicherheit, Klarheit und realistische Schritte<\/strong>, die dein Nervensystem und deinen K&ouml;rper sch&uuml;tzen.<\/p>\n\n\n\n<h6 class=\"wp-block-heading\"><strong>1. Sofort stabilisieren &ndash; Nervensystem zuerst<\/strong><\/h6>\n\n\n\n<p>Bevor du irgendetwas planst oder entscheidest:<\/p>\n\n\n\n<ul class=\"wp-block-list\">\n<li>4 Sekunden ein, 6 Sekunden aus<\/li>\n\n\n\n<li>Schultern senken, H&auml;nde &ouml;ffnen<\/li>\n\n\n\n<li>Einen Punkt fixieren<\/li>\n\n\n\n<li>Innerlich: <strong>&bdquo;Ich handle Schritt f&uuml;r Schritt.&ldquo;<\/strong><\/li>\n<\/ul>\n\n\n\n<p><strong>Warum:<\/strong> Krieg l&ouml;st Schock, Panik und Reiz&uuml;berflutung aus. Stabilit&auml;t ist die Grundlage jeder Entscheidung.<\/p>\n\n\n\n<h6 class=\"wp-block-heading\"><strong>2. Lage einsch&auml;tzen &ndash; angepasst an deine Einschr&auml;nkung<\/strong><\/h6>\n\n\n\n<p>Nicht jeder kann rennen, tragen, Treppen steigen oder schnell reagieren. Frage dich:<\/p>\n\n\n\n<ul class=\"wp-block-list\">\n<li><strong>Welche Bewegungen sind m&ouml;glich?<\/strong><\/li>\n\n\n\n<li><strong>Kann ich mich selbstst&auml;ndig in einen sicheren Raum bringen?<\/strong><\/li>\n\n\n\n<li><strong>Welche Reize (L&auml;rm, Chaos) muss ich abschirmen?<\/strong><\/li>\n\n\n\n<li><strong>Welche Hilfsmittel brauche ich unbedingt?<\/strong> (Rollator, St&uuml;tze, Medikamente, Kommunikationshilfe)<\/li>\n<\/ul>\n\n\n\n<p><strong>Warum:<\/strong> Ein realistischer Plan sch&uuml;tzt dich besser als ein idealer.<\/p>\n\n\n\n<h6 class=\"wp-block-heading\"><strong>3. Schutzraum statt Flucht &ndash; sichere Zone definieren<\/strong><\/h6>\n\n\n\n<p>F&uuml;r Menschen mit Mobilit&auml;tseinschr&auml;nkung ist <strong>Schutz oft sicherer als Flucht<\/strong>.<\/p>\n\n\n\n<ul class=\"wp-block-list\">\n<li>Innenraum ohne Fenster oder mit stabilen W&auml;nden<\/li>\n\n\n\n<li>T&uuml;r schliessen, Licht aus<\/li>\n\n\n\n<li>Handy, Wasser, Medikamente griffbereit<\/li>\n\n\n\n<li>Wenn m&ouml;glich: <strong>Nachbarn informieren<\/strong>, dass du Unterst&uuml;tzung brauchst<\/li>\n<\/ul>\n\n\n\n<p><strong>Warum:<\/strong> Viele Verletzungen entstehen durch &uuml;berst&uuml;rzte Fluchtversuche.<\/p>\n\n\n\n<h6 class=\"wp-block-heading\"><strong>4. Hilfe aktivieren &ndash; fr&uuml;h, klar, ohne Erkl&auml;rungsdruck<\/strong><\/h6>\n\n\n\n<ul class=\"wp-block-list\">\n<li>Kurzer Satz reicht: <strong>&bdquo;Ich habe eine Einschr&auml;nkung und brauche Unterst&uuml;tzung.&ldquo;<\/strong><\/li>\n\n\n\n<li>Kontakt: Nachbarn, Angeh&ouml;rige, Hausverwaltung, Zivilschutz, Rettungsdienst<\/li>\n\n\n\n<li>Standort teilen, T&uuml;r &ouml;ffnen, wenn sicher<\/li>\n\n\n\n<li>Wenn m&ouml;glich: <strong>Notfallpass sichtbar platzieren<\/strong><\/li>\n<\/ul>\n\n\n\n<p><strong>Warum:<\/strong> Fr&uuml;hzeitige Unterst&uuml;tzung verhindert Eskalation.<\/p>\n\n\n\n<h6 class=\"wp-block-heading\"><strong>5. Minimaler Notfallplan &ndash; nur das, was du tragen kannst<\/strong><\/h6>\n\n\n\n<p>Ein Notfallset f&uuml;r Menschen mit Einschr&auml;nkung ist <strong>leicht, klein und realistisch<\/strong>:<\/p>\n\n\n\n<ul class=\"wp-block-list\">\n<li>Medikamente f&uuml;r 24&ndash;48 Stunden<\/li>\n\n\n\n<li>Wasserflasche<\/li>\n\n\n\n<li>Handy + Powerbank<\/li>\n\n\n\n<li>Dokumente \/ Notfallpass<\/li>\n\n\n\n<li>Kleine Decke oder Schal<\/li>\n\n\n\n<li>Kopfh&ouml;rer (Reizschutz)<\/li>\n\n\n\n<li>Snacks \/ Energiequelle<\/li>\n<\/ul>\n\n\n\n<p><strong>Warum:<\/strong> Ein &uuml;berladenes Set ist nutzlos, wenn du es nicht tragen kannst.<\/p>\n\n\n\n<div class=\"wp-block-media-text is-stacked-on-mobile\"><figure class=\"wp-block-media-text__media\"><img fetchpriority=\"high\" decoding=\"async\" width=\"259\" height=\"240\" src=\"http:\/\/www.vitalibera.org\/community\/wp-content\/uploads\/2026\/03\/dbc5972683099460054d3dbc8212a892-1.jpg\" alt=\"\" class=\"wp-image-6333 size-full\"><\/figure><div class=\"wp-block-media-text__content\">\n<p>Weitere Informationen<\/p>\n\n\n\n<p><a href=\"https:\/\/www.vitalibera.org\/community\/2026\/04\/16\/richtig-reagieren-bei-brandausbruch-trotz-einschraenkung\/\">Richtig reagieren bei Brandausbruch trotz Einschr&auml;nkung<\/a><\/p>\n<\/div><\/div>\n\n\n\n<div class=\"wp-block-media-text is-stacked-on-mobile\"><figure class=\"wp-block-media-text__media\"><img decoding=\"async\" width=\"302\" height=\"277\" src=\"http:\/\/www.vitalibera.org\/community\/wp-content\/uploads\/2026\/03\/tip3.png\" alt=\"\" class=\"wp-image-6087 size-full\" srcset=\"https:\/\/www.vitalibera.org\/community\/wp-content\/uploads\/2026\/03\/tip3.png 302w, https:\/\/www.vitalibera.org\/community\/wp-content\/uploads\/2026\/03\/tip3-300x275.png 300w\" sizes=\"(max-width: 302px) 100vw, 302px\" \/><\/figure><div class=\"wp-block-media-text__content\">\n<p>Eine &ldquo;Notfall-Box&rdquo; l&auml;sst sich prima im Vorfeld vorbereiten und in greifbarer N&auml;he sicher verstauen, sodass diese bei einer Not-Situation leicht zu erreichen ist! Jedoch immer in der Hoffung das wir diese Vorbereitung nie in einem Ernstfall wirklich ben&ouml;tigen werden.<\/p>\n\n\n\n<p><\/p>\n<\/div><\/div>\n","protected":false},"excerpt":{"rendered":"<p>Wenn du eine k\u00f6rperliche, neurologische oder sensorische Einschr\u00e4nkung hast, brauchst du keine heroischen Notfallpl\u00e4ne, sondern realistische, machbare Schritte, die dein Nervensystem sch\u00fctzen und trotzdem Sicherheit geben. \u201eIch handle nicht perfekt \u2013 ich handle sicher und angepasst an meine M\u00f6glichkeiten.\u201c 1. Sofort stabilisieren \u2013 bevor du irgendetwas tust Ziel: Dein Nervensystem beruhigen, damit du klar handeln &#8230; <a title=\"Trotz Einschr\u00e4nkung &#8211; bei Bedrohungen richtig handeln\" class=\"read-more\" href=\"https:\/\/www.vitalibera.org\/community\/2026\/04\/17\/trotz-einschraenkung-bei-bedrohungen-richtig-handeln\/\" aria-label=\"Mehr Informationen \u00fcber Trotz Einschr\u00e4nkung &#8211; bei Bedrohungen richtig handeln\">Weiterlesen<\/a><\/p>\n","protected":false},"author":2,"featured_media":6796,"comment_status":"open","ping_status":"open","sticky":false,"template":"","format":"standard","meta":{"cybocfi_hide_featured_image":"yes","_jetpack_memberships_contains_paid_content":false,"footnotes":""},"categories":[492,225,206],"tags":[],"class_list":["post-6795","post","type-post","status-publish","format-standard","has-post-thumbnail","hentry","category-alltagsnavigation","category-hilfe-fuer-angehoerige","category-selbstschutz"],"yoast_head":"<!-- This site is optimized with the Yoast SEO plugin v27.4 - https:\/\/yoast.com\/product\/yoast-seo-wordpress\/ -->\r\n<title>Trotz Einschr\u00e4nkung - bei Bedrohungen richtig handeln - vitalibera.org<\/title>\r\n<meta name=\"robots\" content=\"index, follow, max-snippet:-1, max-image-preview:large, max-video-preview:-1\" \/>\r\n<link rel=\"canonical\" href=\"http:\/\/www.vitalibera.org\/community\/2026\/04\/17\/trotz-einschraenkung-bei-bedrohungen-richtig-handeln\/\" \/>\r\n<meta property=\"og:locale\" content=\"de_DE\" \/>\r\n<meta property=\"og:type\" content=\"article\" \/>\r\n<meta property=\"og:title\" content=\"Trotz Einschr\u00e4nkung - bei Bedrohungen richtig handeln - vitalibera.org\" \/>\r\n<meta property=\"og:description\" content=\"Wenn du eine k\u00f6rperliche, neurologische oder sensorische Einschr\u00e4nkung hast, brauchst du keine heroischen Notfallpl\u00e4ne, sondern realistische, machbare Schritte, die dein Nervensystem sch\u00fctzen und trotzdem Sicherheit geben. \u201eIch handle nicht perfekt \u2013 ich handle sicher und angepasst an meine M\u00f6glichkeiten.\u201c 1. Sofort stabilisieren \u2013 bevor du irgendetwas tust Ziel: Dein Nervensystem beruhigen, damit du klar handeln ... Weiterlesen\" \/>\r\n<meta property=\"og:url\" content=\"http:\/\/www.vitalibera.org\/community\/2026\/04\/17\/trotz-einschraenkung-bei-bedrohungen-richtig-handeln\/\" \/>\r\n<meta property=\"og:site_name\" content=\"vitalibera.org\" \/>\r\n<meta property=\"article:publisher\" content=\"https:\/\/www.facebook.com\/groups\/2997085857140235\" \/>\r\n<meta property=\"article:published_time\" content=\"2026-04-17T10:03:53+00:00\" \/>\r\n<meta property=\"article:modified_time\" content=\"2026-04-18T19:08:55+00:00\" \/>\r\n<meta property=\"og:image\" content=\"http:\/\/www.vitalibera.org\/community\/wp-content\/uploads\/2026\/04\/bedroh7.png\" \/>\r\n\t<meta property=\"og:image:width\" content=\"200\" \/>\r\n\t<meta property=\"og:image:height\" content=\"200\" \/>\r\n\t<meta property=\"og:image:type\" content=\"image\/png\" \/>\r\n<meta name=\"author\" content=\"Andreas Jecklin\" \/>\r\n<meta name=\"twitter:card\" content=\"summary_large_image\" \/>\r\n<meta name=\"twitter:label1\" content=\"Verfasst von\" \/>\n\t<meta name=\"twitter:data1\" content=\"Andreas Jecklin\" \/>\n\t<meta name=\"twitter:label2\" content=\"Gesch\u00e4tzte Lesezeit\" \/>\n\t<meta name=\"twitter:data2\" content=\"5\u00a0Minuten\" \/>\r\n<script type=\"application\/ld+json\" class=\"yoast-schema-graph\">{\"@context\":\"https:\\\/\\\/schema.org\",\"@graph\":[{\"@type\":\"Article\",\"@id\":\"http:\\\/\\\/www.vitalibera.org\\\/community\\\/2026\\\/04\\\/17\\\/trotz-einschraenkung-bei-bedrohungen-richtig-handeln\\\/#article\",\"isPartOf\":{\"@id\":\"http:\\\/\\\/www.vitalibera.org\\\/community\\\/2026\\\/04\\\/17\\\/trotz-einschraenkung-bei-bedrohungen-richtig-handeln\\\/\"},\"author\":{\"name\":\"Andreas Jecklin\",\"@id\":\"https:\\\/\\\/www.vitalibera.org\\\/community\\\/#\\\/schema\\\/person\\\/6712387298421f222ff6d0a2e22c1534\"},\"headline\":\"Trotz Einschr\u00e4nkung &#8211; bei Bedrohungen richtig handeln\",\"datePublished\":\"2026-04-17T10:03:53+00:00\",\"dateModified\":\"2026-04-18T19:08:55+00:00\",\"mainEntityOfPage\":{\"@id\":\"http:\\\/\\\/www.vitalibera.org\\\/community\\\/2026\\\/04\\\/17\\\/trotz-einschraenkung-bei-bedrohungen-richtig-handeln\\\/\"},\"wordCount\":663,\"commentCount\":0,\"publisher\":{\"@id\":\"https:\\\/\\\/www.vitalibera.org\\\/community\\\/#organization\"},\"image\":{\"@id\":\"http:\\\/\\\/www.vitalibera.org\\\/community\\\/2026\\\/04\\\/17\\\/trotz-einschraenkung-bei-bedrohungen-richtig-handeln\\\/#primaryimage\"},\"thumbnailUrl\":\"https:\\\/\\\/www.vitalibera.org\\\/community\\\/wp-content\\\/uploads\\\/2026\\\/04\\\/bedroh7.png\",\"articleSection\":[\"Alltagsnavigation\",\"Hilfe f\u00fcr Angeh\u00f6rige\",\"Selbstschutz\"],\"inLanguage\":\"de\",\"potentialAction\":[{\"@type\":\"CommentAction\",\"name\":\"Comment\",\"target\":[\"http:\\\/\\\/www.vitalibera.org\\\/community\\\/2026\\\/04\\\/17\\\/trotz-einschraenkung-bei-bedrohungen-richtig-handeln\\\/#respond\"]}]},{\"@type\":\"WebPage\",\"@id\":\"http:\\\/\\\/www.vitalibera.org\\\/community\\\/2026\\\/04\\\/17\\\/trotz-einschraenkung-bei-bedrohungen-richtig-handeln\\\/\",\"url\":\"http:\\\/\\\/www.vitalibera.org\\\/community\\\/2026\\\/04\\\/17\\\/trotz-einschraenkung-bei-bedrohungen-richtig-handeln\\\/\",\"name\":\"Trotz Einschr\u00e4nkung - bei Bedrohungen richtig handeln - vitalibera.org\",\"isPartOf\":{\"@id\":\"https:\\\/\\\/www.vitalibera.org\\\/community\\\/#website\"},\"primaryImageOfPage\":{\"@id\":\"http:\\\/\\\/www.vitalibera.org\\\/community\\\/2026\\\/04\\\/17\\\/trotz-einschraenkung-bei-bedrohungen-richtig-handeln\\\/#primaryimage\"},\"image\":{\"@id\":\"http:\\\/\\\/www.vitalibera.org\\\/community\\\/2026\\\/04\\\/17\\\/trotz-einschraenkung-bei-bedrohungen-richtig-handeln\\\/#primaryimage\"},\"thumbnailUrl\":\"https:\\\/\\\/www.vitalibera.org\\\/community\\\/wp-content\\\/uploads\\\/2026\\\/04\\\/bedroh7.png\",\"datePublished\":\"2026-04-17T10:03:53+00:00\",\"dateModified\":\"2026-04-18T19:08:55+00:00\",\"breadcrumb\":{\"@id\":\"http:\\\/\\\/www.vitalibera.org\\\/community\\\/2026\\\/04\\\/17\\\/trotz-einschraenkung-bei-bedrohungen-richtig-handeln\\\/#breadcrumb\"},\"inLanguage\":\"de\",\"potentialAction\":[{\"@type\":\"ReadAction\",\"target\":[\"http:\\\/\\\/www.vitalibera.org\\\/community\\\/2026\\\/04\\\/17\\\/trotz-einschraenkung-bei-bedrohungen-richtig-handeln\\\/\"]}]},{\"@type\":\"BreadcrumbList\",\"@id\":\"http:\\\/\\\/www.vitalibera.org\\\/community\\\/2026\\\/04\\\/17\\\/trotz-einschraenkung-bei-bedrohungen-richtig-handeln\\\/#breadcrumb\",\"itemListElement\":[{\"@type\":\"ListItem\",\"position\":1,\"name\":\"Startseite\",\"item\":\"https:\\\/\\\/www.vitalibera.org\\\/community\\\/\"},{\"@type\":\"ListItem\",\"position\":2,\"name\":\"Trotz Einschr\u00e4nkung &#8211; bei Bedrohungen richtig handeln\"}]},{\"@type\":\"WebSite\",\"@id\":\"https:\\\/\\\/www.vitalibera.org\\\/community\\\/#website\",\"url\":\"https:\\\/\\\/www.vitalibera.org\\\/community\\\/\",\"name\":\"vitalibera.org\",\"description\":\"Mit einer Einschr&auml;nkung gestaltet sich das Leben im Alltag oft schwieriger - hier berichten wir &uuml;ber unsere Erfahrungen und Hilfsmittel um den Alltag so unbeschwert und unkompliziert wie nur m&ouml;glich geniessen zu k&ouml;nnen. Dabei richten wir unseren Fokus gezielt auf Selbst&auml;ndigkeit, Eigenst&auml;ndigkeit und Selbstbestimmung.\",\"publisher\":{\"@id\":\"https:\\\/\\\/www.vitalibera.org\\\/community\\\/#organization\"},\"potentialAction\":[{\"@type\":\"SearchAction\",\"target\":{\"@type\":\"EntryPoint\",\"urlTemplate\":\"https:\\\/\\\/www.vitalibera.org\\\/community\\\/?s={search_term_string}\"},\"query-input\":{\"@type\":\"PropertyValueSpecification\",\"valueRequired\":true,\"valueName\":\"search_term_string\"}}],\"inLanguage\":\"de\"},{\"@type\":\"Organization\",\"@id\":\"https:\\\/\\\/www.vitalibera.org\\\/community\\\/#organization\",\"name\":\"vitalibera.org\",\"url\":\"https:\\\/\\\/www.vitalibera.org\\\/community\\\/\",\"logo\":{\"@type\":\"ImageObject\",\"inLanguage\":\"de\",\"@id\":\"https:\\\/\\\/www.vitalibera.org\\\/community\\\/#\\\/schema\\\/logo\\\/image\\\/\",\"url\":\"https:\\\/\\\/www.vitalibera.org\\\/community\\\/wp-content\\\/uploads\\\/2025\\\/09\\\/cropped-banner.png\",\"contentUrl\":\"https:\\\/\\\/www.vitalibera.org\\\/community\\\/wp-content\\\/uploads\\\/2025\\\/09\\\/cropped-banner.png\",\"width\":991,\"height\":150,\"caption\":\"vitalibera.org\"},\"image\":{\"@id\":\"https:\\\/\\\/www.vitalibera.org\\\/community\\\/#\\\/schema\\\/logo\\\/image\\\/\"},\"sameAs\":[\"https:\\\/\\\/www.facebook.com\\\/groups\\\/2997085857140235\"]},{\"@type\":\"Person\",\"@id\":\"https:\\\/\\\/www.vitalibera.org\\\/community\\\/#\\\/schema\\\/person\\\/6712387298421f222ff6d0a2e22c1534\",\"name\":\"Andreas Jecklin\",\"image\":{\"@type\":\"ImageObject\",\"inLanguage\":\"de\",\"@id\":\"https:\\\/\\\/secure.gravatar.com\\\/avatar\\\/ad516503a11cd5ca435acc9bb6523536?s=96\",\"url\":\"https:\\\/\\\/secure.gravatar.com\\\/avatar\\\/ad516503a11cd5ca435acc9bb6523536?s=96\",\"contentUrl\":\"https:\\\/\\\/secure.gravatar.com\\\/avatar\\\/ad516503a11cd5ca435acc9bb6523536?s=96\",\"caption\":\"Andreas Jecklin\"},\"description\":\"Manchen gab Gott die Kraft Dinge zu ver\u00e4ndern, mir gab er die Kraft zu ertragen was nicht mehr zu \u00e4ndern ist.\",\"url\":\"https:\\\/\\\/www.vitalibera.org\\\/community\\\/author\\\/andy77\\\/\"}]}<\/script>\r\n<!-- \/ Yoast SEO plugin. -->","yoast_head_json":{"title":"Trotz Einschr\u00e4nkung - bei Bedrohungen richtig handeln - vitalibera.org","robots":{"index":"index","follow":"follow","max-snippet":"max-snippet:-1","max-image-preview":"max-image-preview:large","max-video-preview":"max-video-preview:-1"},"canonical":"http:\/\/www.vitalibera.org\/community\/2026\/04\/17\/trotz-einschraenkung-bei-bedrohungen-richtig-handeln\/","og_locale":"de_DE","og_type":"article","og_title":"Trotz Einschr\u00e4nkung - bei Bedrohungen richtig handeln - vitalibera.org","og_description":"Wenn du eine k\u00f6rperliche, neurologische oder sensorische Einschr\u00e4nkung hast, brauchst du keine heroischen Notfallpl\u00e4ne, sondern realistische, machbare Schritte, die dein Nervensystem sch\u00fctzen und trotzdem Sicherheit geben. \u201eIch handle nicht perfekt \u2013 ich handle sicher und angepasst an meine M\u00f6glichkeiten.\u201c 1. Sofort stabilisieren \u2013 bevor du irgendetwas tust Ziel: Dein Nervensystem beruhigen, damit du klar handeln ... Weiterlesen","og_url":"http:\/\/www.vitalibera.org\/community\/2026\/04\/17\/trotz-einschraenkung-bei-bedrohungen-richtig-handeln\/","og_site_name":"vitalibera.org","article_publisher":"https:\/\/www.facebook.com\/groups\/2997085857140235","article_published_time":"2026-04-17T10:03:53+00:00","article_modified_time":"2026-04-18T19:08:55+00:00","og_image":[{"width":200,"height":200,"url":"http:\/\/www.vitalibera.org\/community\/wp-content\/uploads\/2026\/04\/bedroh7.png","type":"image\/png"}],"author":"Andreas Jecklin","twitter_card":"summary_large_image","twitter_misc":{"Verfasst von":"Andreas Jecklin","Gesch\u00e4tzte Lesezeit":"5\u00a0Minuten"},"schema":{"@context":"https:\/\/schema.org","@graph":[{"@type":"Article","@id":"http:\/\/www.vitalibera.org\/community\/2026\/04\/17\/trotz-einschraenkung-bei-bedrohungen-richtig-handeln\/#article","isPartOf":{"@id":"http:\/\/www.vitalibera.org\/community\/2026\/04\/17\/trotz-einschraenkung-bei-bedrohungen-richtig-handeln\/"},"author":{"name":"Andreas Jecklin","@id":"https:\/\/www.vitalibera.org\/community\/#\/schema\/person\/6712387298421f222ff6d0a2e22c1534"},"headline":"Trotz Einschr\u00e4nkung &#8211; bei Bedrohungen richtig handeln","datePublished":"2026-04-17T10:03:53+00:00","dateModified":"2026-04-18T19:08:55+00:00","mainEntityOfPage":{"@id":"http:\/\/www.vitalibera.org\/community\/2026\/04\/17\/trotz-einschraenkung-bei-bedrohungen-richtig-handeln\/"},"wordCount":663,"commentCount":0,"publisher":{"@id":"https:\/\/www.vitalibera.org\/community\/#organization"},"image":{"@id":"http:\/\/www.vitalibera.org\/community\/2026\/04\/17\/trotz-einschraenkung-bei-bedrohungen-richtig-handeln\/#primaryimage"},"thumbnailUrl":"https:\/\/www.vitalibera.org\/community\/wp-content\/uploads\/2026\/04\/bedroh7.png","articleSection":["Alltagsnavigation","Hilfe f\u00fcr Angeh\u00f6rige","Selbstschutz"],"inLanguage":"de","potentialAction":[{"@type":"CommentAction","name":"Comment","target":["http:\/\/www.vitalibera.org\/community\/2026\/04\/17\/trotz-einschraenkung-bei-bedrohungen-richtig-handeln\/#respond"]}]},{"@type":"WebPage","@id":"http:\/\/www.vitalibera.org\/community\/2026\/04\/17\/trotz-einschraenkung-bei-bedrohungen-richtig-handeln\/","url":"http:\/\/www.vitalibera.org\/community\/2026\/04\/17\/trotz-einschraenkung-bei-bedrohungen-richtig-handeln\/","name":"Trotz Einschr\u00e4nkung - bei Bedrohungen richtig handeln - vitalibera.org","isPartOf":{"@id":"https:\/\/www.vitalibera.org\/community\/#website"},"primaryImageOfPage":{"@id":"http:\/\/www.vitalibera.org\/community\/2026\/04\/17\/trotz-einschraenkung-bei-bedrohungen-richtig-handeln\/#primaryimage"},"image":{"@id":"http:\/\/www.vitalibera.org\/community\/2026\/04\/17\/trotz-einschraenkung-bei-bedrohungen-richtig-handeln\/#primaryimage"},"thumbnailUrl":"https:\/\/www.vitalibera.org\/community\/wp-content\/uploads\/2026\/04\/bedroh7.png","datePublished":"2026-04-17T10:03:53+00:00","dateModified":"2026-04-18T19:08:55+00:00","breadcrumb":{"@id":"http:\/\/www.vitalibera.org\/community\/2026\/04\/17\/trotz-einschraenkung-bei-bedrohungen-richtig-handeln\/#breadcrumb"},"inLanguage":"de","potentialAction":[{"@type":"ReadAction","target":["http:\/\/www.vitalibera.org\/community\/2026\/04\/17\/trotz-einschraenkung-bei-bedrohungen-richtig-handeln\/"]}]},{"@type":"BreadcrumbList","@id":"http:\/\/www.vitalibera.org\/community\/2026\/04\/17\/trotz-einschraenkung-bei-bedrohungen-richtig-handeln\/#breadcrumb","itemListElement":[{"@type":"ListItem","position":1,"name":"Startseite","item":"https:\/\/www.vitalibera.org\/community\/"},{"@type":"ListItem","position":2,"name":"Trotz Einschr\u00e4nkung &#8211; bei Bedrohungen richtig handeln"}]},{"@type":"WebSite","@id":"https:\/\/www.vitalibera.org\/community\/#website","url":"https:\/\/www.vitalibera.org\/community\/","name":"vitalibera.org","description":"Mit einer Einschr&auml;nkung gestaltet sich das Leben im Alltag oft schwieriger - hier berichten wir &uuml;ber unsere Erfahrungen und Hilfsmittel um den Alltag so unbeschwert und unkompliziert wie nur m&ouml;glich geniessen zu k&ouml;nnen. Dabei richten wir unseren Fokus gezielt auf Selbst&auml;ndigkeit, Eigenst&auml;ndigkeit und Selbstbestimmung.","publisher":{"@id":"https:\/\/www.vitalibera.org\/community\/#organization"},"potentialAction":[{"@type":"SearchAction","target":{"@type":"EntryPoint","urlTemplate":"https:\/\/www.vitalibera.org\/community\/?s={search_term_string}"},"query-input":{"@type":"PropertyValueSpecification","valueRequired":true,"valueName":"search_term_string"}}],"inLanguage":"de"},{"@type":"Organization","@id":"https:\/\/www.vitalibera.org\/community\/#organization","name":"vitalibera.org","url":"https:\/\/www.vitalibera.org\/community\/","logo":{"@type":"ImageObject","inLanguage":"de","@id":"https:\/\/www.vitalibera.org\/community\/#\/schema\/logo\/image\/","url":"https:\/\/www.vitalibera.org\/community\/wp-content\/uploads\/2025\/09\/cropped-banner.png","contentUrl":"https:\/\/www.vitalibera.org\/community\/wp-content\/uploads\/2025\/09\/cropped-banner.png","width":991,"height":150,"caption":"vitalibera.org"},"image":{"@id":"https:\/\/www.vitalibera.org\/community\/#\/schema\/logo\/image\/"},"sameAs":["https:\/\/www.facebook.com\/groups\/2997085857140235"]},{"@type":"Person","@id":"https:\/\/www.vitalibera.org\/community\/#\/schema\/person\/6712387298421f222ff6d0a2e22c1534","name":"Andreas Jecklin","image":{"@type":"ImageObject","inLanguage":"de","@id":"https:\/\/secure.gravatar.com\/avatar\/ad516503a11cd5ca435acc9bb6523536?s=96","url":"https:\/\/secure.gravatar.com\/avatar\/ad516503a11cd5ca435acc9bb6523536?s=96","contentUrl":"https:\/\/secure.gravatar.com\/avatar\/ad516503a11cd5ca435acc9bb6523536?s=96","caption":"Andreas Jecklin"},"description":"Manchen gab Gott die Kraft Dinge zu ver\u00e4ndern, mir gab er die Kraft zu ertragen was nicht mehr zu \u00e4ndern ist.","url":"https:\/\/www.vitalibera.org\/community\/author\/andy77\/"}]}},"jetpack_featured_media_url":"https:\/\/www.vitalibera.org\/community\/wp-content\/uploads\/2026\/04\/bedroh7.png","jetpack_sharing_enabled":true,"jetpack-related-posts":[],"_links":{"self":[{"href":"https:\/\/www.vitalibera.org\/community\/wp-json\/wp\/v2\/posts\/6795","targetHints":{"allow":["GET"]}}],"collection":[{"href":"https:\/\/www.vitalibera.org\/community\/wp-json\/wp\/v2\/posts"}],"about":[{"href":"https:\/\/www.vitalibera.org\/community\/wp-json\/wp\/v2\/types\/post"}],"author":[{"embeddable":true,"href":"https:\/\/www.vitalibera.org\/community\/wp-json\/wp\/v2\/users\/2"}],"replies":[{"embeddable":true,"href":"https:\/\/www.vitalibera.org\/community\/wp-json\/wp\/v2\/comments?post=6795"}],"version-history":[{"count":1,"href":"https:\/\/www.vitalibera.org\/community\/wp-json\/wp\/v2\/posts\/6795\/revisions"}],"predecessor-version":[{"id":6797,"href":"https:\/\/www.vitalibera.org\/community\/wp-json\/wp\/v2\/posts\/6795\/revisions\/6797"}],"wp:featuredmedia":[{"embeddable":true,"href":"https:\/\/www.vitalibera.org\/community\/wp-json\/wp\/v2\/media\/6796"}],"wp:attachment":[{"href":"https:\/\/www.vitalibera.org\/community\/wp-json\/wp\/v2\/media?parent=6795"}],"wp:term":[{"taxonomy":"category","embeddable":true,"href":"https:\/\/www.vitalibera.org\/community\/wp-json\/wp\/v2\/categories?post=6795"},{"taxonomy":"post_tag","embeddable":true,"href":"https:\/\/www.vitalibera.org\/community\/wp-json\/wp\/v2\/tags?post=6795"}],"curies":[{"name":"wp","href":"https:\/\/api.w.org\/{rel}","templated":true}]}}