{"id":6798,"date":"2026-04-17T21:40:06","date_gmt":"2026-04-17T19:40:06","guid":{"rendered":"https:\/\/www.vitalibera.org\/community\/?p=6798"},"modified":"2026-04-18T21:08:24","modified_gmt":"2026-04-18T19:08:24","slug":"warum-austausch-mit-anderen-betroffenen-so-wichtig-ist","status":"publish","type":"post","link":"https:\/\/www.vitalibera.org\/community\/2026\/04\/17\/warum-austausch-mit-anderen-betroffenen-so-wichtig-ist\/","title":{"rendered":"Warum Austausch mit anderen Betroffenen so wichtig ist"},"content":{"rendered":"\n<div class=\"wp-block-media-text is-stacked-on-mobile\"><figure class=\"wp-block-media-text__media\"><img fetchpriority=\"high\" decoding=\"async\" width=\"300\" height=\"300\" src=\"https:\/\/www.vitalibera.org\/community\/wp-content\/uploads\/2026\/04\/3.png\" alt=\"\" class=\"wp-image-6799 size-full\" srcset=\"https:\/\/www.vitalibera.org\/community\/wp-content\/uploads\/2026\/04\/3.png 300w, https:\/\/www.vitalibera.org\/community\/wp-content\/uploads\/2026\/04\/3-150x150.png 150w\" sizes=\"(max-width: 300px) 100vw, 300px\" \/><\/figure><div class=\"wp-block-media-text__content\">\n<p>Der Austausch mit anderen Betroffenen ist kein &bdquo;Nice to have&ldquo;, sondern ein <strong>zentraler Teil der neurologischen Rehabilitation<\/strong>. <\/p>\n\n\n\n<p>Er wirkt auf Bereiche, die kein Arzt, keine Therapie und kein Angeh&ouml;riger in dieser Form erreichen kann: Identit&auml;t, Selbstwert, Orientierung, Entlastung und Zugeh&ouml;rigkeit.<br><br><em>&bdquo;Betroffene geben einander das, was das System nicht geben kann: <strong>echtes Verstehen<\/strong>.&ldquo;<\/em><\/p>\n<\/div><\/div>\n\n\n\n<h6 class=\"wp-block-heading\"><strong>1) Erkennen: &bdquo;Ich bin nicht allein&ldquo;<\/strong><\/h6>\n\n\n\n<p>Nach einem <a href=\"https:\/\/www.vitalibera.org\/community\/enzyklopaedie\/schlaganfall\/\" target=\"_self\" title=\"Ein Schlaganfall, auch Hirnschlag oder Apoplex genannt, ist eine&nbsp;pl&ouml;tzlich auftretende Durchblutungsst&ouml;rung im Gehirn, die dazu f&uuml;hrt, dass Gehirnzellen nicht mehr ausreichend mit Sauerstoff und N&auml;hrstoffen versorgt werden.&nbsp;Dies kann zu bleibenden Sch&auml;den oder sogar zum Absterben von Hirnzellen f&uuml;hren, wenn die Durchblutung nicht schnell wiederhergestellt wird.&nbsp; Einfach erkl&auml;rt: Stellen Sie sich vor, ein Teil Ihres Gehirns&hellip;\" class=\"encyclopedia\">Schlaganfall<\/a> entsteht oft das Gef&uuml;hl, isoliert zu sein &ndash; k&ouml;rperlich, emotional, sozial. Andere <a href=\"https:\/\/www.vitalibera.org\/community\/2026\/04\/19\/wenn-reize-laut-werden-und-menschen-leise\/\">Betroffene<\/a> zeigen: <strong>&bdquo;Das, was du erlebst, ist real. Und es passiert nicht nur dir.&ldquo;<\/strong> Das nimmt Druck, Scham und das Gef&uuml;hl, sich erkl&auml;ren zu m&uuml;ssen.<\/p>\n\n\n\n<h6 class=\"wp-block-heading\"><strong>2) Wissen, das nur Betroffene haben<\/strong><\/h6>\n\n\n\n<p>Es gibt zwei Arten von Wissen:<\/p>\n\n\n\n<ul class=\"wp-block-list\">\n<li>medizinisches Wissen<\/li>\n\n\n\n<li><strong>Erfahrungswissen<\/strong><\/li>\n<\/ul>\n\n\n\n<p>Letzteres entsteht nur durch Leben mit einer neurologischen Ver&auml;nderung. Betroffene verstehen Fatigue, Reiz&uuml;berflutung, Identit&auml;tsbr&uuml;che, Tempo&#8209;Konflikte und Unsicherheiten <strong>aus dem Inneren heraus<\/strong>. Dieses Wissen ist oft pr&auml;ziser, ehrlicher und alltagsn&auml;her als jede Fachinformation.<\/p>\n\n\n\n<h6 class=\"wp-block-heading\"><strong>3) Spiegelung der eigenen Entwicklung<\/strong><\/h6>\n\n\n\n<p>Andere Betroffene zeigen dir:<\/p>\n\n\n\n<ul class=\"wp-block-list\">\n<li>was m&ouml;glich ist<\/li>\n\n\n\n<li>was normal ist<\/li>\n\n\n\n<li>was Mut macht<\/li>\n\n\n\n<li>was Grenzen sind<\/li>\n\n\n\n<li>was du selbst schon geschafft hast<\/li>\n<\/ul>\n\n\n\n<p>Das st&auml;rkt Selbstwirksamkeit und Orientierung.<\/p>\n\n\n\n<h6 class=\"wp-block-heading\"><strong>4) Entlastung f&uuml;r Angeh&ouml;rige<\/strong><\/h6>\n\n\n\n<p>Wenn Betroffene miteinander sprechen, m&uuml;ssen Angeh&ouml;rige <strong>nicht alles auffangen<\/strong>. Das sch&uuml;tzt Beziehungen und reduziert &Uuml;berforderung.<\/p>\n\n\n\n<h6 class=\"wp-block-heading\"><strong>5) Neue Formen von Freundschaft und Zugeh&ouml;rigkeit<\/strong><\/h6>\n\n\n\n<p>Viele Betroffene finden in Gruppen oder Communities Menschen, die sie <strong>ohne Erkl&auml;rungen<\/strong> verstehen. Das schafft eine neue Art von sozialer Sicherheit &ndash; oft stabiler als alte Freundschaften.<\/p>\n\n\n\n<h6 class=\"wp-block-heading\"><strong>6) Aktivismus und Selbstbestimmung<\/strong><\/h6>\n\n\n\n<p>Gemeinsame Stimmen sind lauter. Austausch schafft:<\/p>\n\n\n\n<ul class=\"wp-block-list\">\n<li>Sichtbarkeit<\/li>\n\n\n\n<li>politische Kraft<\/li>\n\n\n\n<li>kollektive Forderungen<\/li>\n\n\n\n<li>Empowerment<\/li>\n<\/ul>\n\n\n\n<p>Es ist der Schritt von &bdquo;Ich k&auml;mpfe allein&ldquo; zu <strong>&bdquo;Wir ver&auml;ndern das System&ldquo;<\/strong>.<\/p>\n\n\n\n<p>&bdquo;Betroffene geben einander das, was das System nicht geben kann: echtes Verstehen.&ldquo;<\/p>\n\n\n\n<div class=\"wp-block-media-text is-stacked-on-mobile is-vertically-aligned-top\" style=\"grid-template-columns:49% auto\"><figure class=\"wp-block-media-text__media\"><img decoding=\"async\" width=\"302\" height=\"277\" src=\"http:\/\/www.vitalibera.org\/community\/wp-content\/uploads\/2026\/03\/tip3.png\" alt=\"\" class=\"wp-image-6087 size-full\" srcset=\"https:\/\/www.vitalibera.org\/community\/wp-content\/uploads\/2026\/03\/tip3.png 302w, https:\/\/www.vitalibera.org\/community\/wp-content\/uploads\/2026\/03\/tip3-300x275.png 300w\" sizes=\"(max-width: 302px) 100vw, 302px\" \/><\/figure><div class=\"wp-block-media-text__content\">\n<p><strong>Warum Freundschaften nach <a href=\"https:\/\/www.vitalibera.org\/community\/enzyklopaedie\/schlaganfall\/\" target=\"_self\" title=\"Ein Schlaganfall, auch Hirnschlag oder Apoplex genannt, ist eine&nbsp;pl&ouml;tzlich auftretende Durchblutungsst&ouml;rung im Gehirn, die dazu f&uuml;hrt, dass Gehirnzellen nicht mehr ausreichend mit Sauerstoff und N&auml;hrstoffen versorgt werden.&nbsp;Dies kann zu bleibenden Sch&auml;den oder sogar zum Absterben von Hirnzellen f&uuml;hren, wenn die Durchblutung nicht schnell wiederhergestellt wird.&nbsp; Einfach erkl&auml;rt: Stellen Sie sich vor, ein Teil Ihres Gehirns&hellip;\" class=\"encyclopedia\">Schlaganfall<\/a> oft wegbrechen<\/strong><\/p>\n\n\n\n<ul class=\"wp-block-list\">\n<li><strong>Unsicherheit:<\/strong> &bdquo;Was sage ich? Wie verhalte ich mich?&ldquo;<\/li>\n\n\n\n<li><strong>Angst vor &Uuml;berforderung:<\/strong> Viele f&uuml;rchten, etwas falsch zu machen.<\/li>\n\n\n\n<li><strong>Falsche Erwartungen:<\/strong> &bdquo;Du bist doch wieder zuhause, also geht&rsquo;s dir gut.&ldquo;<\/li>\n\n\n\n<li><strong>Tempo&#8209;Konflikte:<\/strong> Betroffene leben langsamer, Freunde oft im alten Tempo.<\/li>\n\n\n\n<li><strong>Reiz&uuml;berflutung:<\/strong> Treffen, L&auml;rm, Gruppen &ndash; f&uuml;r viele Betroffene zu viel.<\/li>\n\n\n\n<li><strong>Rollenwechsel:<\/strong> Vom &bdquo;starken Freund&ldquo; zur &bdquo;unterst&uuml;tzenden Person&ldquo; f&auml;llt vielen schwer.<\/li>\n<\/ul>\n\n\n\n<p>Das ist kein pers&ouml;nliches Versagen &ndash; es ist ein <strong>Systemproblem<\/strong>: Gesellschaft versteht neurologische Folgen schlecht.<\/p>\n\n\n\n<p><strong>Selbstschutz: Was du NICHT mehr leisten musst<\/strong><\/p>\n\n\n\n<ul class=\"wp-block-list\">\n<li>Du musst niemandem erkl&auml;ren, warum du anders funktionierst.<\/li>\n\n\n\n<li>Du musst dich nicht rechtfertigen, wenn du absagst.<\/li>\n\n\n\n<li>Du musst keine alten Rollen erf&uuml;llen.<\/li>\n\n\n\n<li>Du musst niemanden &bdquo;beruhigen&ldquo;, der mit deiner Situation nicht umgehen kann.<\/li>\n<\/ul>\n\n\n\n<p>Du bist <strong>Angeh&ouml;riger von dir selbst<\/strong> &ndash; das ist die neue Basis.<\/p>\n<\/div><\/div>\n\n\n\n<div class=\"wp-block-media-text is-stacked-on-mobile\"><figure class=\"wp-block-media-text__media\"><img decoding=\"async\" width=\"259\" height=\"240\" src=\"http:\/\/www.vitalibera.org\/community\/wp-content\/uploads\/2026\/03\/dbc5972683099460054d3dbc8212a892-1.jpg\" alt=\"\" class=\"wp-image-6333 size-full\"><\/figure><div class=\"wp-block-media-text__content\">\n<p>Hier gelangst du zu unserem <a href=\"https:\/\/www.vitalibera.org\/community\/forum\/\">Forum<\/a> oder beteilige dich in unserer<a href=\"https:\/\/www.facebook.com\/groups\/2997085857140235\" target=\"_blank\" rel=\"noreferrer noopener\"> Facebook-Gruppe<\/a>.<\/p>\n<\/div><\/div>\n\n\n\n<p><\/p>\n","protected":false},"excerpt":{"rendered":"<p>Der Austausch mit anderen Betroffenen ist kein \u201eNice to have\u201c, sondern ein zentraler Teil der neurologischen Rehabilitation. Er wirkt auf Bereiche, die kein Arzt, keine Therapie und kein Angeh\u00f6riger in dieser Form erreichen kann: Identit\u00e4t, Selbstwert, Orientierung, Entlastung und Zugeh\u00f6rigkeit. \u201eBetroffene geben einander das, was das System nicht geben kann: echtes Verstehen.\u201c 1) Erkennen: \u201eIch &#8230; <a title=\"Warum Austausch mit anderen Betroffenen so wichtig ist\" class=\"read-more\" href=\"https:\/\/www.vitalibera.org\/community\/2026\/04\/17\/warum-austausch-mit-anderen-betroffenen-so-wichtig-ist\/\" aria-label=\"Mehr Informationen \u00fcber Warum Austausch mit anderen Betroffenen so wichtig ist\">Weiterlesen<\/a><\/p>\n","protected":false},"author":2,"featured_media":6799,"comment_status":"open","ping_status":"open","sticky":false,"template":"","format":"standard","meta":{"cybocfi_hide_featured_image":"yes","_jetpack_memberships_contains_paid_content":false,"footnotes":""},"categories":[492,159],"tags":[],"class_list":["post-6798","post","type-post","status-publish","format-standard","has-post-thumbnail","hentry","category-alltagsnavigation","category-fachwissen"],"yoast_head":"<!-- This site is optimized with the Yoast SEO plugin v27.4 - https:\/\/yoast.com\/product\/yoast-seo-wordpress\/ -->\r\n<title>Warum Austausch mit anderen Betroffenen so wichtig ist - vitalibera.org<\/title>\r\n<meta name=\"robots\" content=\"index, follow, max-snippet:-1, max-image-preview:large, max-video-preview:-1\" \/>\r\n<link rel=\"canonical\" href=\"https:\/\/www.vitalibera.org\/community\/2026\/04\/17\/warum-austausch-mit-anderen-betroffenen-so-wichtig-ist\/\" \/>\r\n<meta property=\"og:locale\" content=\"de_DE\" \/>\r\n<meta property=\"og:type\" content=\"article\" \/>\r\n<meta property=\"og:title\" content=\"Warum Austausch mit anderen Betroffenen so wichtig ist - vitalibera.org\" \/>\r\n<meta property=\"og:description\" content=\"Der Austausch mit anderen Betroffenen ist kein \u201eNice to have\u201c, sondern ein zentraler Teil der neurologischen Rehabilitation. Er wirkt auf Bereiche, die kein Arzt, keine Therapie und kein Angeh\u00f6riger in dieser Form erreichen kann: Identit\u00e4t, Selbstwert, Orientierung, Entlastung und Zugeh\u00f6rigkeit. \u201eBetroffene geben einander das, was das System nicht geben kann: echtes Verstehen.\u201c 1) Erkennen: \u201eIch ... Weiterlesen\" \/>\r\n<meta property=\"og:url\" content=\"https:\/\/www.vitalibera.org\/community\/2026\/04\/17\/warum-austausch-mit-anderen-betroffenen-so-wichtig-ist\/\" \/>\r\n<meta property=\"og:site_name\" content=\"vitalibera.org\" \/>\r\n<meta property=\"article:publisher\" content=\"https:\/\/www.facebook.com\/groups\/2997085857140235\" \/>\r\n<meta property=\"article:published_time\" content=\"2026-04-17T19:40:06+00:00\" \/>\r\n<meta property=\"article:modified_time\" content=\"2026-04-18T19:08:24+00:00\" \/>\r\n<meta property=\"og:image\" content=\"https:\/\/www.vitalibera.org\/community\/wp-content\/uploads\/2026\/04\/3.png\" \/>\r\n\t<meta property=\"og:image:width\" content=\"300\" \/>\r\n\t<meta property=\"og:image:height\" content=\"300\" \/>\r\n\t<meta property=\"og:image:type\" content=\"image\/png\" \/>\r\n<meta name=\"author\" content=\"Andreas Jecklin\" \/>\r\n<meta name=\"twitter:card\" content=\"summary_large_image\" \/>\r\n<meta name=\"twitter:label1\" content=\"Verfasst von\" \/>\n\t<meta name=\"twitter:data1\" content=\"Andreas Jecklin\" \/>\n\t<meta name=\"twitter:label2\" content=\"Gesch\u00e4tzte Lesezeit\" \/>\n\t<meta name=\"twitter:data2\" content=\"4\u00a0Minuten\" \/>\r\n<script type=\"application\/ld+json\" class=\"yoast-schema-graph\">{\"@context\":\"https:\\\/\\\/schema.org\",\"@graph\":[{\"@type\":\"Article\",\"@id\":\"https:\\\/\\\/www.vitalibera.org\\\/community\\\/2026\\\/04\\\/17\\\/warum-austausch-mit-anderen-betroffenen-so-wichtig-ist\\\/#article\",\"isPartOf\":{\"@id\":\"https:\\\/\\\/www.vitalibera.org\\\/community\\\/2026\\\/04\\\/17\\\/warum-austausch-mit-anderen-betroffenen-so-wichtig-ist\\\/\"},\"author\":{\"name\":\"Andreas Jecklin\",\"@id\":\"https:\\\/\\\/www.vitalibera.org\\\/community\\\/#\\\/schema\\\/person\\\/6712387298421f222ff6d0a2e22c1534\"},\"headline\":\"Warum Austausch mit anderen Betroffenen so wichtig ist\",\"datePublished\":\"2026-04-17T19:40:06+00:00\",\"dateModified\":\"2026-04-18T19:08:24+00:00\",\"mainEntityOfPage\":{\"@id\":\"https:\\\/\\\/www.vitalibera.org\\\/community\\\/2026\\\/04\\\/17\\\/warum-austausch-mit-anderen-betroffenen-so-wichtig-ist\\\/\"},\"wordCount\":448,\"commentCount\":0,\"publisher\":{\"@id\":\"https:\\\/\\\/www.vitalibera.org\\\/community\\\/#organization\"},\"image\":{\"@id\":\"https:\\\/\\\/www.vitalibera.org\\\/community\\\/2026\\\/04\\\/17\\\/warum-austausch-mit-anderen-betroffenen-so-wichtig-ist\\\/#primaryimage\"},\"thumbnailUrl\":\"https:\\\/\\\/www.vitalibera.org\\\/community\\\/wp-content\\\/uploads\\\/2026\\\/04\\\/3.png\",\"articleSection\":[\"Alltagsnavigation\",\"Fachwissen\"],\"inLanguage\":\"de\",\"potentialAction\":[{\"@type\":\"CommentAction\",\"name\":\"Comment\",\"target\":[\"https:\\\/\\\/www.vitalibera.org\\\/community\\\/2026\\\/04\\\/17\\\/warum-austausch-mit-anderen-betroffenen-so-wichtig-ist\\\/#respond\"]}]},{\"@type\":\"WebPage\",\"@id\":\"https:\\\/\\\/www.vitalibera.org\\\/community\\\/2026\\\/04\\\/17\\\/warum-austausch-mit-anderen-betroffenen-so-wichtig-ist\\\/\",\"url\":\"https:\\\/\\\/www.vitalibera.org\\\/community\\\/2026\\\/04\\\/17\\\/warum-austausch-mit-anderen-betroffenen-so-wichtig-ist\\\/\",\"name\":\"Warum Austausch mit anderen Betroffenen so wichtig ist - vitalibera.org\",\"isPartOf\":{\"@id\":\"https:\\\/\\\/www.vitalibera.org\\\/community\\\/#website\"},\"primaryImageOfPage\":{\"@id\":\"https:\\\/\\\/www.vitalibera.org\\\/community\\\/2026\\\/04\\\/17\\\/warum-austausch-mit-anderen-betroffenen-so-wichtig-ist\\\/#primaryimage\"},\"image\":{\"@id\":\"https:\\\/\\\/www.vitalibera.org\\\/community\\\/2026\\\/04\\\/17\\\/warum-austausch-mit-anderen-betroffenen-so-wichtig-ist\\\/#primaryimage\"},\"thumbnailUrl\":\"https:\\\/\\\/www.vitalibera.org\\\/community\\\/wp-content\\\/uploads\\\/2026\\\/04\\\/3.png\",\"datePublished\":\"2026-04-17T19:40:06+00:00\",\"dateModified\":\"2026-04-18T19:08:24+00:00\",\"breadcrumb\":{\"@id\":\"https:\\\/\\\/www.vitalibera.org\\\/community\\\/2026\\\/04\\\/17\\\/warum-austausch-mit-anderen-betroffenen-so-wichtig-ist\\\/#breadcrumb\"},\"inLanguage\":\"de\",\"potentialAction\":[{\"@type\":\"ReadAction\",\"target\":[\"https:\\\/\\\/www.vitalibera.org\\\/community\\\/2026\\\/04\\\/17\\\/warum-austausch-mit-anderen-betroffenen-so-wichtig-ist\\\/\"]}]},{\"@type\":\"BreadcrumbList\",\"@id\":\"https:\\\/\\\/www.vitalibera.org\\\/community\\\/2026\\\/04\\\/17\\\/warum-austausch-mit-anderen-betroffenen-so-wichtig-ist\\\/#breadcrumb\",\"itemListElement\":[{\"@type\":\"ListItem\",\"position\":1,\"name\":\"Startseite\",\"item\":\"https:\\\/\\\/www.vitalibera.org\\\/community\\\/\"},{\"@type\":\"ListItem\",\"position\":2,\"name\":\"Warum Austausch mit anderen Betroffenen so wichtig ist\"}]},{\"@type\":\"WebSite\",\"@id\":\"https:\\\/\\\/www.vitalibera.org\\\/community\\\/#website\",\"url\":\"https:\\\/\\\/www.vitalibera.org\\\/community\\\/\",\"name\":\"vitalibera.org\",\"description\":\"Mit einer Einschr&auml;nkung gestaltet sich das Leben im Alltag oft schwieriger - hier berichten wir &uuml;ber unsere Erfahrungen und Hilfsmittel um den Alltag so unbeschwert und unkompliziert wie nur m&ouml;glich geniessen zu k&ouml;nnen. Dabei richten wir unseren Fokus gezielt auf Selbst&auml;ndigkeit, Eigenst&auml;ndigkeit und Selbstbestimmung.\",\"publisher\":{\"@id\":\"https:\\\/\\\/www.vitalibera.org\\\/community\\\/#organization\"},\"potentialAction\":[{\"@type\":\"SearchAction\",\"target\":{\"@type\":\"EntryPoint\",\"urlTemplate\":\"https:\\\/\\\/www.vitalibera.org\\\/community\\\/?s={search_term_string}\"},\"query-input\":{\"@type\":\"PropertyValueSpecification\",\"valueRequired\":true,\"valueName\":\"search_term_string\"}}],\"inLanguage\":\"de\"},{\"@type\":\"Organization\",\"@id\":\"https:\\\/\\\/www.vitalibera.org\\\/community\\\/#organization\",\"name\":\"vitalibera.org\",\"url\":\"https:\\\/\\\/www.vitalibera.org\\\/community\\\/\",\"logo\":{\"@type\":\"ImageObject\",\"inLanguage\":\"de\",\"@id\":\"https:\\\/\\\/www.vitalibera.org\\\/community\\\/#\\\/schema\\\/logo\\\/image\\\/\",\"url\":\"https:\\\/\\\/www.vitalibera.org\\\/community\\\/wp-content\\\/uploads\\\/2025\\\/09\\\/cropped-banner.png\",\"contentUrl\":\"https:\\\/\\\/www.vitalibera.org\\\/community\\\/wp-content\\\/uploads\\\/2025\\\/09\\\/cropped-banner.png\",\"width\":991,\"height\":150,\"caption\":\"vitalibera.org\"},\"image\":{\"@id\":\"https:\\\/\\\/www.vitalibera.org\\\/community\\\/#\\\/schema\\\/logo\\\/image\\\/\"},\"sameAs\":[\"https:\\\/\\\/www.facebook.com\\\/groups\\\/2997085857140235\"]},{\"@type\":\"Person\",\"@id\":\"https:\\\/\\\/www.vitalibera.org\\\/community\\\/#\\\/schema\\\/person\\\/6712387298421f222ff6d0a2e22c1534\",\"name\":\"Andreas Jecklin\",\"image\":{\"@type\":\"ImageObject\",\"inLanguage\":\"de\",\"@id\":\"https:\\\/\\\/secure.gravatar.com\\\/avatar\\\/ad516503a11cd5ca435acc9bb6523536?s=96\",\"url\":\"https:\\\/\\\/secure.gravatar.com\\\/avatar\\\/ad516503a11cd5ca435acc9bb6523536?s=96\",\"contentUrl\":\"https:\\\/\\\/secure.gravatar.com\\\/avatar\\\/ad516503a11cd5ca435acc9bb6523536?s=96\",\"caption\":\"Andreas Jecklin\"},\"description\":\"Manchen gab Gott die Kraft Dinge zu ver\u00e4ndern, mir gab er die Kraft zu ertragen was nicht mehr zu \u00e4ndern ist.\",\"url\":\"https:\\\/\\\/www.vitalibera.org\\\/community\\\/author\\\/andy77\\\/\"}]}<\/script>\r\n<!-- \/ Yoast SEO plugin. -->","yoast_head_json":{"title":"Warum Austausch mit anderen Betroffenen so wichtig ist - vitalibera.org","robots":{"index":"index","follow":"follow","max-snippet":"max-snippet:-1","max-image-preview":"max-image-preview:large","max-video-preview":"max-video-preview:-1"},"canonical":"https:\/\/www.vitalibera.org\/community\/2026\/04\/17\/warum-austausch-mit-anderen-betroffenen-so-wichtig-ist\/","og_locale":"de_DE","og_type":"article","og_title":"Warum Austausch mit anderen Betroffenen so wichtig ist - vitalibera.org","og_description":"Der Austausch mit anderen Betroffenen ist kein \u201eNice to have\u201c, sondern ein zentraler Teil der neurologischen Rehabilitation. Er wirkt auf Bereiche, die kein Arzt, keine Therapie und kein Angeh\u00f6riger in dieser Form erreichen kann: Identit\u00e4t, Selbstwert, Orientierung, Entlastung und Zugeh\u00f6rigkeit. \u201eBetroffene geben einander das, was das System nicht geben kann: echtes Verstehen.\u201c 1) Erkennen: \u201eIch ... Weiterlesen","og_url":"https:\/\/www.vitalibera.org\/community\/2026\/04\/17\/warum-austausch-mit-anderen-betroffenen-so-wichtig-ist\/","og_site_name":"vitalibera.org","article_publisher":"https:\/\/www.facebook.com\/groups\/2997085857140235","article_published_time":"2026-04-17T19:40:06+00:00","article_modified_time":"2026-04-18T19:08:24+00:00","og_image":[{"width":300,"height":300,"url":"https:\/\/www.vitalibera.org\/community\/wp-content\/uploads\/2026\/04\/3.png","type":"image\/png"}],"author":"Andreas Jecklin","twitter_card":"summary_large_image","twitter_misc":{"Verfasst von":"Andreas Jecklin","Gesch\u00e4tzte Lesezeit":"4\u00a0Minuten"},"schema":{"@context":"https:\/\/schema.org","@graph":[{"@type":"Article","@id":"https:\/\/www.vitalibera.org\/community\/2026\/04\/17\/warum-austausch-mit-anderen-betroffenen-so-wichtig-ist\/#article","isPartOf":{"@id":"https:\/\/www.vitalibera.org\/community\/2026\/04\/17\/warum-austausch-mit-anderen-betroffenen-so-wichtig-ist\/"},"author":{"name":"Andreas Jecklin","@id":"https:\/\/www.vitalibera.org\/community\/#\/schema\/person\/6712387298421f222ff6d0a2e22c1534"},"headline":"Warum Austausch mit anderen Betroffenen so wichtig ist","datePublished":"2026-04-17T19:40:06+00:00","dateModified":"2026-04-18T19:08:24+00:00","mainEntityOfPage":{"@id":"https:\/\/www.vitalibera.org\/community\/2026\/04\/17\/warum-austausch-mit-anderen-betroffenen-so-wichtig-ist\/"},"wordCount":448,"commentCount":0,"publisher":{"@id":"https:\/\/www.vitalibera.org\/community\/#organization"},"image":{"@id":"https:\/\/www.vitalibera.org\/community\/2026\/04\/17\/warum-austausch-mit-anderen-betroffenen-so-wichtig-ist\/#primaryimage"},"thumbnailUrl":"https:\/\/www.vitalibera.org\/community\/wp-content\/uploads\/2026\/04\/3.png","articleSection":["Alltagsnavigation","Fachwissen"],"inLanguage":"de","potentialAction":[{"@type":"CommentAction","name":"Comment","target":["https:\/\/www.vitalibera.org\/community\/2026\/04\/17\/warum-austausch-mit-anderen-betroffenen-so-wichtig-ist\/#respond"]}]},{"@type":"WebPage","@id":"https:\/\/www.vitalibera.org\/community\/2026\/04\/17\/warum-austausch-mit-anderen-betroffenen-so-wichtig-ist\/","url":"https:\/\/www.vitalibera.org\/community\/2026\/04\/17\/warum-austausch-mit-anderen-betroffenen-so-wichtig-ist\/","name":"Warum Austausch mit anderen Betroffenen so wichtig ist - vitalibera.org","isPartOf":{"@id":"https:\/\/www.vitalibera.org\/community\/#website"},"primaryImageOfPage":{"@id":"https:\/\/www.vitalibera.org\/community\/2026\/04\/17\/warum-austausch-mit-anderen-betroffenen-so-wichtig-ist\/#primaryimage"},"image":{"@id":"https:\/\/www.vitalibera.org\/community\/2026\/04\/17\/warum-austausch-mit-anderen-betroffenen-so-wichtig-ist\/#primaryimage"},"thumbnailUrl":"https:\/\/www.vitalibera.org\/community\/wp-content\/uploads\/2026\/04\/3.png","datePublished":"2026-04-17T19:40:06+00:00","dateModified":"2026-04-18T19:08:24+00:00","breadcrumb":{"@id":"https:\/\/www.vitalibera.org\/community\/2026\/04\/17\/warum-austausch-mit-anderen-betroffenen-so-wichtig-ist\/#breadcrumb"},"inLanguage":"de","potentialAction":[{"@type":"ReadAction","target":["https:\/\/www.vitalibera.org\/community\/2026\/04\/17\/warum-austausch-mit-anderen-betroffenen-so-wichtig-ist\/"]}]},{"@type":"BreadcrumbList","@id":"https:\/\/www.vitalibera.org\/community\/2026\/04\/17\/warum-austausch-mit-anderen-betroffenen-so-wichtig-ist\/#breadcrumb","itemListElement":[{"@type":"ListItem","position":1,"name":"Startseite","item":"https:\/\/www.vitalibera.org\/community\/"},{"@type":"ListItem","position":2,"name":"Warum Austausch mit anderen Betroffenen so wichtig ist"}]},{"@type":"WebSite","@id":"https:\/\/www.vitalibera.org\/community\/#website","url":"https:\/\/www.vitalibera.org\/community\/","name":"vitalibera.org","description":"Mit einer Einschr&auml;nkung gestaltet sich das Leben im Alltag oft schwieriger - hier berichten wir &uuml;ber unsere Erfahrungen und Hilfsmittel um den Alltag so unbeschwert und unkompliziert wie nur m&ouml;glich geniessen zu k&ouml;nnen. Dabei richten wir unseren Fokus gezielt auf Selbst&auml;ndigkeit, Eigenst&auml;ndigkeit und Selbstbestimmung.","publisher":{"@id":"https:\/\/www.vitalibera.org\/community\/#organization"},"potentialAction":[{"@type":"SearchAction","target":{"@type":"EntryPoint","urlTemplate":"https:\/\/www.vitalibera.org\/community\/?s={search_term_string}"},"query-input":{"@type":"PropertyValueSpecification","valueRequired":true,"valueName":"search_term_string"}}],"inLanguage":"de"},{"@type":"Organization","@id":"https:\/\/www.vitalibera.org\/community\/#organization","name":"vitalibera.org","url":"https:\/\/www.vitalibera.org\/community\/","logo":{"@type":"ImageObject","inLanguage":"de","@id":"https:\/\/www.vitalibera.org\/community\/#\/schema\/logo\/image\/","url":"https:\/\/www.vitalibera.org\/community\/wp-content\/uploads\/2025\/09\/cropped-banner.png","contentUrl":"https:\/\/www.vitalibera.org\/community\/wp-content\/uploads\/2025\/09\/cropped-banner.png","width":991,"height":150,"caption":"vitalibera.org"},"image":{"@id":"https:\/\/www.vitalibera.org\/community\/#\/schema\/logo\/image\/"},"sameAs":["https:\/\/www.facebook.com\/groups\/2997085857140235"]},{"@type":"Person","@id":"https:\/\/www.vitalibera.org\/community\/#\/schema\/person\/6712387298421f222ff6d0a2e22c1534","name":"Andreas Jecklin","image":{"@type":"ImageObject","inLanguage":"de","@id":"https:\/\/secure.gravatar.com\/avatar\/ad516503a11cd5ca435acc9bb6523536?s=96","url":"https:\/\/secure.gravatar.com\/avatar\/ad516503a11cd5ca435acc9bb6523536?s=96","contentUrl":"https:\/\/secure.gravatar.com\/avatar\/ad516503a11cd5ca435acc9bb6523536?s=96","caption":"Andreas Jecklin"},"description":"Manchen gab Gott die Kraft Dinge zu ver\u00e4ndern, mir gab er die Kraft zu ertragen was nicht mehr zu \u00e4ndern ist.","url":"https:\/\/www.vitalibera.org\/community\/author\/andy77\/"}]}},"jetpack_featured_media_url":"https:\/\/www.vitalibera.org\/community\/wp-content\/uploads\/2026\/04\/3.png","jetpack_sharing_enabled":true,"jetpack-related-posts":[],"_links":{"self":[{"href":"https:\/\/www.vitalibera.org\/community\/wp-json\/wp\/v2\/posts\/6798","targetHints":{"allow":["GET"]}}],"collection":[{"href":"https:\/\/www.vitalibera.org\/community\/wp-json\/wp\/v2\/posts"}],"about":[{"href":"https:\/\/www.vitalibera.org\/community\/wp-json\/wp\/v2\/types\/post"}],"author":[{"embeddable":true,"href":"https:\/\/www.vitalibera.org\/community\/wp-json\/wp\/v2\/users\/2"}],"replies":[{"embeddable":true,"href":"https:\/\/www.vitalibera.org\/community\/wp-json\/wp\/v2\/comments?post=6798"}],"version-history":[{"count":1,"href":"https:\/\/www.vitalibera.org\/community\/wp-json\/wp\/v2\/posts\/6798\/revisions"}],"predecessor-version":[{"id":6800,"href":"https:\/\/www.vitalibera.org\/community\/wp-json\/wp\/v2\/posts\/6798\/revisions\/6800"}],"wp:featuredmedia":[{"embeddable":true,"href":"https:\/\/www.vitalibera.org\/community\/wp-json\/wp\/v2\/media\/6799"}],"wp:attachment":[{"href":"https:\/\/www.vitalibera.org\/community\/wp-json\/wp\/v2\/media?parent=6798"}],"wp:term":[{"taxonomy":"category","embeddable":true,"href":"https:\/\/www.vitalibera.org\/community\/wp-json\/wp\/v2\/categories?post=6798"},{"taxonomy":"post_tag","embeddable":true,"href":"https:\/\/www.vitalibera.org\/community\/wp-json\/wp\/v2\/tags?post=6798"}],"curies":[{"name":"wp","href":"https:\/\/api.w.org\/{rel}","templated":true}]}}