{"id":6809,"date":"2026-04-18T12:24:51","date_gmt":"2026-04-18T10:24:51","guid":{"rendered":"https:\/\/www.vitalibera.org\/community\/?p=6809"},"modified":"2026-04-18T20:45:20","modified_gmt":"2026-04-18T18:45:20","slug":"neurologische-grenzen-die-niemand-sieht","status":"publish","type":"post","link":"https:\/\/www.vitalibera.org\/community\/2026\/04\/18\/neurologische-grenzen-die-niemand-sieht\/","title":{"rendered":"Neurologische Grenzen, die niemand sieht"},"content":{"rendered":"\n<div class=\"wp-block-media-text is-stacked-on-mobile\"><figure class=\"wp-block-media-text__media\"><img fetchpriority=\"high\" decoding=\"async\" width=\"300\" height=\"200\" src=\"https:\/\/www.vitalibera.org\/community\/wp-content\/uploads\/2026\/04\/barriere2134.png\" alt=\"\" class=\"wp-image-6810 size-full\"><\/figure><div class=\"wp-block-media-text__content\">\n<p>Manchmal liegt die gr&ouml;&szlig;te H&uuml;rde nicht in unserem K&ouml;rper oder unserem Gehirn, sondern in der Welt um uns herum. <\/p>\n\n\n\n<p>In Formularen, Erwartungen, Abl&auml;ufen und Blicken, die uns klein machen. Nicht wir sind das Problem &mdash; wir werden behindert. Und genau deshalb brauchen wir R&auml;ume, in denen wir atmen k&ouml;nnen, uns orientieren k&ouml;nnen und unseren eigenen Weg bestimmen.<\/p>\n<\/div><\/div>\n\n\n\n<p><\/p>\n\n\n\n<h5 class=\"wp-block-heading\"><strong>Warum neurologische Erkrankungen besonders oft &bdquo;unsichtbar behindern&ldquo;<\/strong><\/h5>\n\n\n\n<p>Neurologische Erkrankungen haben eine Besonderheit: <strong>Das, was am meisten einschr&auml;nkt, sieht man von au&szlig;en oft nicht.<\/strong><\/p>\n\n\n\n<p>Das f&uuml;hrt zu mehreren Mechanismen, die <a href=\"https:\/\/www.vitalibera.org\/community\/2026\/04\/19\/wenn-reize-laut-werden-und-menschen-leise\/\">Betroffene<\/a> stark belasten:<\/p>\n\n\n\n<ul class=\"wp-block-list\">\n<li><strong>Unsichtbare Symptome wirken f&uuml;r Au&szlig;enstehende &bdquo;unlogisch&ldquo;.<\/strong> Fatigue, Reiz&uuml;berflutung, Wortfindungsst&ouml;rungen, Konzentrationsabbr&uuml;che, sensorische &Uuml;berlastung &ndash; nichts davon ist sichtbar, aber alles davon ist real.<\/li>\n\n\n\n<li><strong>Das Umfeld orientiert sich am &auml;u&szlig;eren Erscheinungsbild.<\/strong> &bdquo;Du siehst doch fit aus&ldquo; wird zu einer Form von strukturellem Gaslighting.<\/li>\n\n\n\n<li><strong>Neurologische Belastungsgrenzen sind dynamisch.<\/strong> An einem Tag geht etwas, am n&auml;chsten nicht. F&uuml;r viele Au&szlig;enstehende wirkt das &bdquo;inkonsequent&ldquo;, dabei ist es neurobiologisch normal.<\/li>\n\n\n\n<li><strong>Die Welt erwartet lineare Leistungsf&auml;higkeit.<\/strong> Neurologische Erkrankungen funktionieren aber nicht linear. Das erzeugt Druck, &Uuml;berforderung und Missverst&auml;ndnisse.<\/li>\n\n\n\n<li><strong>Beh&ouml;rden und Systeme arbeiten mit starren Kategorien.<\/strong> Unsichtbare Einschr&auml;nkungen passen nicht in diese Raster &ndash; und genau dadurch entsteht Behinderung.<\/li>\n<\/ul>\n\n\n\n<div class=\"wp-block-media-text is-stacked-on-mobile is-vertically-aligned-top\" style=\"grid-template-columns:31% auto\"><figure class=\"wp-block-media-text__media\"><img decoding=\"async\" width=\"302\" height=\"277\" src=\"http:\/\/www.vitalibera.org\/community\/wp-content\/uploads\/2026\/03\/tip3.png\" alt=\"\" class=\"wp-image-6087 size-full\" srcset=\"https:\/\/www.vitalibera.org\/community\/wp-content\/uploads\/2026\/03\/tip3.png 302w, https:\/\/www.vitalibera.org\/community\/wp-content\/uploads\/2026\/03\/tip3-300x275.png 300w\" sizes=\"(max-width: 302px) 100vw, 302px\" \/><\/figure><div class=\"wp-block-media-text__content\">\n<p><strong>Neurologische Erkrankungen ver&auml;ndern das Leben &ndash; oft ohne sichtbare Spuren.<\/strong> <\/p>\n\n\n\n<p>Die gr&ouml;&szlig;ten Einschr&auml;nkungen passieren im Inneren: im Energiehaushalt, in der Reizverarbeitung, im Denken, in der Belastbarkeit. <\/p>\n\n\n\n<p>Weil man all das nicht sieht, wird es h&auml;ufig &uuml;bersehen. Und genau dadurch entsteht Behinderung: durch Erwartungen, Tempo, B&uuml;rokratie und Strukturen, die unsichtbare Grenzen nicht erkennen. Nicht der Mensch ist das Problem. Die Barrieren sind es.<\/p>\n<\/div><\/div>\n\n\n\n<h5 class=\"wp-block-heading\"><strong>Strategie f&uuml;r Betroffene bei unsichtbaren neurologischen Einschr&auml;nkungen<\/strong><\/h5>\n\n\n\n<h6 class=\"wp-block-heading\"><strong>Eigene Grenzen kl&auml;ren<\/strong><\/h6>\n\n\n\n<p>Basis<\/p>\n\n\n\n<p>Unsichtbare Symptome brauchen klare innere Orientierung, damit du dich nicht &uuml;berforderst.<\/p>\n\n\n\n<p>Satzhilfe: <strong>&ldquo;Ich habe eine neurologische Erkrankung. Man sieht es nicht, aber meine Belastbarkeit ist begrenzt.&rdquo;<\/strong><\/p>\n\n\n\n<ul class=\"wp-block-list\">\n<li>Erkenne deine Belastungsgrenzen: Energie, Reize, Tempo, Konzentration<\/li>\n\n\n\n<li>Formuliere 1&ndash;2 S&auml;tze, die deine Situation erkl&auml;ren, ohne dich zu rechtfertigen<\/li>\n\n\n\n<li>Entscheide, was heute m&ouml;glich ist &ndash; und was nicht<\/li>\n\n\n\n<li>\n<\/ul>\n\n\n\n<h6 class=\"wp-block-heading\"><strong>Unsichtbares sichtbar machen<\/strong><\/h6>\n\n\n\n<p>Kommunikation<\/p>\n\n\n\n<p>Weil man deine Einschr&auml;nkungen nicht sieht, musst du sie aktiv benennen &ndash; kurz, klar, ohne Rechtfertigung.<\/p>\n\n\n\n<p>Satzhilfe: <strong>&ldquo;Ich brauche Pausen und weniger Reize, sonst bricht meine Leistungsf&auml;higkeit abrupt ein.&rdquo;<\/strong><\/p>\n\n\n\n<ul class=\"wp-block-list\">\n<li>Verwende kurze, wiederholbare Standards&auml;tze<\/li>\n\n\n\n<li>Benenne konkrete Auswirkungen statt Diagnosen<\/li>\n\n\n\n<li>Setze Erwartungen: Was geht, was geht nicht, wie lange geht etwas<\/li>\n<\/ul>\n\n\n\n<h6 class=\"wp-block-heading\"><strong>Tempo selbst bestimmen<\/strong><\/h6>\n\n\n\n<p>Schutz<\/p>\n\n\n\n<p>Neurologische Erkrankungen folgen keinem linearen Verlauf &ndash; deshalb bestimmst du das Tempo, nicht dein Umfeld.<\/p>\n\n\n\n<p>Satzhilfe: <strong>&ldquo;Ich kann das machen, aber nur in meinem Tempo und mit Pausen.&rdquo;<\/strong><\/p>\n\n\n\n<ul class=\"wp-block-list\">\n<li>Plane Puffer ein, auch wenn du dich gut f&uuml;hlst<\/li>\n\n\n\n<li>Stoppe Aktivit&auml;ten fr&uuml;hzeitig, bevor &Uuml;berlastung entsteht<\/li>\n\n\n\n<li>Nutze schriftliche Kommunikation, um Tempo rauszunehmen<\/li>\n\n\n\n<li>\n<\/ul>\n\n\n\n<h6 class=\"wp-block-heading\"><strong>Barrieren benennen &ndash; nicht dich selbst<\/strong><\/h6>\n\n\n\n<p>Selbstbestimmung<\/p>\n\n\n\n<p>Der Fokus liegt nicht auf deinem Defizit, sondern auf &auml;u&szlig;eren Bedingungen, die dich behindern.<\/p>\n\n\n\n<p>Satzhilfe: <strong>&ldquo;Ich werde durch Reiz&uuml;berflutung behindert. Ich brauche eine ruhigere Umgebung, um teilnehmen zu k&ouml;nnen.&rdquo;<\/strong><\/p>\n\n\n\n<ul class=\"wp-block-list\">\n<li>Benenne konkret, <em>welche<\/em> Barriere dich behindert (L&auml;rm, B&uuml;rokratie, Zeitdruck)<\/li>\n\n\n\n<li>Fordere angemessene Vorkehrungen ein<\/li>\n\n\n\n<li>Vermeide Rechtfertigungen &ndash; bleibe bei Fakten<\/li>\n<\/ul>\n\n\n\n<h6 class=\"wp-block-heading\"><strong>Unterst&uuml;tzung aktiv einfordern<\/strong><\/h6>\n\n\n\n<p>Rechte<\/p>\n\n\n\n<p>Unsichtbare Einschr&auml;nkungen werden oft &uuml;bersehen &ndash; deshalb musst du Unterst&uuml;tzung klar einfordern.<\/p>\n\n\n\n<p>Satzhilfe: <strong>&ldquo;Damit ich teilnehmen kann, brauche ich diese Anpassung. Das ist eine angemessene Vorkehrung.&rdquo;<\/strong><\/p>\n\n\n\n<ul class=\"wp-block-list\">\n<li>Bitte um konkrete Anpassungen: Pausen, schriftliche Infos, reduzierte Reize<\/li>\n\n\n\n<li>Nutze dein Recht auf angemessene Vorkehrungen (UN&#8209;BRK)<\/li>\n\n\n\n<li>Hole dir Unterst&uuml;tzung von Beratungsstellen, wenn n&ouml;tig<\/li>\n<\/ul>\n\n\n\n<h6 class=\"wp-block-heading\"><strong>Energie sch&uuml;tzen wie eine Ressource<\/strong><\/h6>\n\n\n\n<p>Stabilit&auml;t<\/p>\n\n\n\n<p>Neurologische Energie ist begrenzt und regeneriert anders &ndash; deshalb ist Energiemanagement zentral.<\/p>\n\n\n\n<p>Satzhilfe: <strong>&ldquo;Ich mache jetzt eine Pause, damit ich stabil bleibe.&rdquo;<\/strong><\/p>\n\n\n\n<ul class=\"wp-block-list\">\n<li>Arbeite mit Mini&#8209;Schritten statt gro&szlig;en Bl&ouml;cken<\/li>\n\n\n\n<li>Nutze Reizschutz, Timer, Pausen, R&uuml;ckzugsorte<\/li>\n\n\n\n<li>Plane Erholung <em>vor<\/em> Belastung ein, nicht erst danach<\/li>\n<\/ul>\n\n\n\n<div class=\"wp-block-media-text is-stacked-on-mobile\"><figure class=\"wp-block-media-text__media\"><img decoding=\"async\" width=\"259\" height=\"240\" src=\"http:\/\/www.vitalibera.org\/community\/wp-content\/uploads\/2026\/03\/8d884cf0d4c0d0127526e5ae396128bd.jpg\" alt=\"\" class=\"wp-image-6155 size-full\"><\/figure><div class=\"wp-block-media-text__content\">\n<p><strong>Was diese Strategie bewirkt<\/strong><\/p>\n\n\n\n<ul class=\"wp-block-list\">\n<li>Du st&auml;rkst deine Selbstbestimmung im Alltag, in Reha, im Job und gegen&uuml;ber Beh&ouml;rden<\/li>\n\n\n\n<li>Du sch&uuml;tzt dein Nervensystem, statt dich zu &uuml;berfordern<\/li>\n\n\n\n<li>Du kommunizierst klar, ohne dich zu rechtfertigen<\/li>\n\n\n\n<li>Du verschiebst Verantwortung von dir weg &ndash; hin zu den Barrieren<\/li>\n<\/ul>\n<\/div><\/div>\n\n\n<p>[buddybot_chat id=1]<\/p>\n\n\n\n<p><\/p>\n","protected":false},"excerpt":{"rendered":"<p>Manchmal liegt die gr\u00f6\u00dfte H\u00fcrde nicht in unserem K\u00f6rper oder unserem Gehirn, sondern in der Welt um uns herum. In Formularen, Erwartungen, Abl\u00e4ufen und Blicken, die uns klein machen. Nicht wir sind das Problem \u2014 wir werden behindert. Und genau deshalb brauchen wir R\u00e4ume, in denen wir atmen k\u00f6nnen, uns orientieren k\u00f6nnen und unseren eigenen &#8230; <a title=\"Neurologische Grenzen, die niemand sieht\" class=\"read-more\" href=\"https:\/\/www.vitalibera.org\/community\/2026\/04\/18\/neurologische-grenzen-die-niemand-sieht\/\" aria-label=\"Mehr Informationen \u00fcber Neurologische Grenzen, die niemand sieht\">Weiterlesen<\/a><\/p>\n","protected":false},"author":2,"featured_media":6812,"comment_status":"open","ping_status":"open","sticky":false,"template":"","format":"standard","meta":{"cybocfi_hide_featured_image":"yes","_jetpack_memberships_contains_paid_content":false,"footnotes":""},"categories":[492,225],"tags":[],"class_list":["post-6809","post","type-post","status-publish","format-standard","has-post-thumbnail","hentry","category-alltagsnavigation","category-hilfe-fuer-angehoerige"],"yoast_head":"<!-- This site is optimized with the Yoast SEO plugin v27.4 - https:\/\/yoast.com\/product\/yoast-seo-wordpress\/ -->\r\n<title>Neurologische Grenzen, die niemand sieht - vitalibera.org<\/title>\r\n<meta name=\"robots\" content=\"index, follow, max-snippet:-1, max-image-preview:large, max-video-preview:-1\" \/>\r\n<link rel=\"canonical\" href=\"https:\/\/www.vitalibera.org\/community\/2026\/04\/18\/neurologische-grenzen-die-niemand-sieht\/\" \/>\r\n<meta property=\"og:locale\" content=\"de_DE\" \/>\r\n<meta property=\"og:type\" content=\"article\" \/>\r\n<meta property=\"og:title\" content=\"Neurologische Grenzen, die niemand sieht - vitalibera.org\" \/>\r\n<meta property=\"og:description\" content=\"Manchmal liegt die gr\u00f6\u00dfte H\u00fcrde nicht in unserem K\u00f6rper oder unserem Gehirn, sondern in der Welt um uns herum. In Formularen, Erwartungen, Abl\u00e4ufen und Blicken, die uns klein machen. Nicht wir sind das Problem \u2014 wir werden behindert. Und genau deshalb brauchen wir R\u00e4ume, in denen wir atmen k\u00f6nnen, uns orientieren k\u00f6nnen und unseren eigenen ... Weiterlesen\" \/>\r\n<meta property=\"og:url\" content=\"https:\/\/www.vitalibera.org\/community\/2026\/04\/18\/neurologische-grenzen-die-niemand-sieht\/\" \/>\r\n<meta property=\"og:site_name\" content=\"vitalibera.org\" \/>\r\n<meta property=\"article:publisher\" content=\"https:\/\/www.facebook.com\/groups\/2997085857140235\" \/>\r\n<meta property=\"article:published_time\" content=\"2026-04-18T10:24:51+00:00\" \/>\r\n<meta property=\"article:modified_time\" content=\"2026-04-18T18:45:20+00:00\" \/>\r\n<meta property=\"og:image\" content=\"https:\/\/www.vitalibera.org\/community\/wp-content\/uploads\/2026\/04\/barr22441.png\" \/>\r\n\t<meta property=\"og:image:width\" content=\"250\" \/>\r\n\t<meta property=\"og:image:height\" content=\"167\" \/>\r\n\t<meta property=\"og:image:type\" content=\"image\/png\" \/>\r\n<meta name=\"author\" content=\"Andreas Jecklin\" \/>\r\n<meta name=\"twitter:card\" content=\"summary_large_image\" \/>\r\n<meta name=\"twitter:label1\" content=\"Verfasst von\" \/>\n\t<meta name=\"twitter:data1\" content=\"Andreas Jecklin\" \/>\n\t<meta name=\"twitter:label2\" content=\"Gesch\u00e4tzte Lesezeit\" \/>\n\t<meta name=\"twitter:data2\" content=\"5\u00a0Minuten\" \/>\r\n<script type=\"application\/ld+json\" class=\"yoast-schema-graph\">{\"@context\":\"https:\\\/\\\/schema.org\",\"@graph\":[{\"@type\":\"Article\",\"@id\":\"https:\\\/\\\/www.vitalibera.org\\\/community\\\/2026\\\/04\\\/18\\\/neurologische-grenzen-die-niemand-sieht\\\/#article\",\"isPartOf\":{\"@id\":\"https:\\\/\\\/www.vitalibera.org\\\/community\\\/2026\\\/04\\\/18\\\/neurologische-grenzen-die-niemand-sieht\\\/\"},\"author\":{\"name\":\"Andreas Jecklin\",\"@id\":\"https:\\\/\\\/www.vitalibera.org\\\/community\\\/#\\\/schema\\\/person\\\/6712387298421f222ff6d0a2e22c1534\"},\"headline\":\"Neurologische Grenzen, die niemand sieht\",\"datePublished\":\"2026-04-18T10:24:51+00:00\",\"dateModified\":\"2026-04-18T18:45:20+00:00\",\"mainEntityOfPage\":{\"@id\":\"https:\\\/\\\/www.vitalibera.org\\\/community\\\/2026\\\/04\\\/18\\\/neurologische-grenzen-die-niemand-sieht\\\/\"},\"wordCount\":676,\"commentCount\":0,\"publisher\":{\"@id\":\"https:\\\/\\\/www.vitalibera.org\\\/community\\\/#organization\"},\"image\":{\"@id\":\"https:\\\/\\\/www.vitalibera.org\\\/community\\\/2026\\\/04\\\/18\\\/neurologische-grenzen-die-niemand-sieht\\\/#primaryimage\"},\"thumbnailUrl\":\"https:\\\/\\\/www.vitalibera.org\\\/community\\\/wp-content\\\/uploads\\\/2026\\\/04\\\/barr22441.png\",\"articleSection\":[\"Alltagsnavigation\",\"Hilfe f\u00fcr Angeh\u00f6rige\"],\"inLanguage\":\"de\",\"potentialAction\":[{\"@type\":\"CommentAction\",\"name\":\"Comment\",\"target\":[\"https:\\\/\\\/www.vitalibera.org\\\/community\\\/2026\\\/04\\\/18\\\/neurologische-grenzen-die-niemand-sieht\\\/#respond\"]}]},{\"@type\":\"WebPage\",\"@id\":\"https:\\\/\\\/www.vitalibera.org\\\/community\\\/2026\\\/04\\\/18\\\/neurologische-grenzen-die-niemand-sieht\\\/\",\"url\":\"https:\\\/\\\/www.vitalibera.org\\\/community\\\/2026\\\/04\\\/18\\\/neurologische-grenzen-die-niemand-sieht\\\/\",\"name\":\"Neurologische Grenzen, die niemand sieht - vitalibera.org\",\"isPartOf\":{\"@id\":\"https:\\\/\\\/www.vitalibera.org\\\/community\\\/#website\"},\"primaryImageOfPage\":{\"@id\":\"https:\\\/\\\/www.vitalibera.org\\\/community\\\/2026\\\/04\\\/18\\\/neurologische-grenzen-die-niemand-sieht\\\/#primaryimage\"},\"image\":{\"@id\":\"https:\\\/\\\/www.vitalibera.org\\\/community\\\/2026\\\/04\\\/18\\\/neurologische-grenzen-die-niemand-sieht\\\/#primaryimage\"},\"thumbnailUrl\":\"https:\\\/\\\/www.vitalibera.org\\\/community\\\/wp-content\\\/uploads\\\/2026\\\/04\\\/barr22441.png\",\"datePublished\":\"2026-04-18T10:24:51+00:00\",\"dateModified\":\"2026-04-18T18:45:20+00:00\",\"breadcrumb\":{\"@id\":\"https:\\\/\\\/www.vitalibera.org\\\/community\\\/2026\\\/04\\\/18\\\/neurologische-grenzen-die-niemand-sieht\\\/#breadcrumb\"},\"inLanguage\":\"de\",\"potentialAction\":[{\"@type\":\"ReadAction\",\"target\":[\"https:\\\/\\\/www.vitalibera.org\\\/community\\\/2026\\\/04\\\/18\\\/neurologische-grenzen-die-niemand-sieht\\\/\"]}]},{\"@type\":\"BreadcrumbList\",\"@id\":\"https:\\\/\\\/www.vitalibera.org\\\/community\\\/2026\\\/04\\\/18\\\/neurologische-grenzen-die-niemand-sieht\\\/#breadcrumb\",\"itemListElement\":[{\"@type\":\"ListItem\",\"position\":1,\"name\":\"Startseite\",\"item\":\"https:\\\/\\\/www.vitalibera.org\\\/community\\\/\"},{\"@type\":\"ListItem\",\"position\":2,\"name\":\"Neurologische Grenzen, die niemand sieht\"}]},{\"@type\":\"WebSite\",\"@id\":\"https:\\\/\\\/www.vitalibera.org\\\/community\\\/#website\",\"url\":\"https:\\\/\\\/www.vitalibera.org\\\/community\\\/\",\"name\":\"vitalibera.org\",\"description\":\"Mit einer Einschr&auml;nkung gestaltet sich das Leben im Alltag oft schwieriger - hier berichten wir &uuml;ber unsere Erfahrungen und Hilfsmittel um den Alltag so unbeschwert und unkompliziert wie nur m&ouml;glich geniessen zu k&ouml;nnen. Dabei richten wir unseren Fokus gezielt auf Selbst&auml;ndigkeit, Eigenst&auml;ndigkeit und Selbstbestimmung.\",\"publisher\":{\"@id\":\"https:\\\/\\\/www.vitalibera.org\\\/community\\\/#organization\"},\"potentialAction\":[{\"@type\":\"SearchAction\",\"target\":{\"@type\":\"EntryPoint\",\"urlTemplate\":\"https:\\\/\\\/www.vitalibera.org\\\/community\\\/?s={search_term_string}\"},\"query-input\":{\"@type\":\"PropertyValueSpecification\",\"valueRequired\":true,\"valueName\":\"search_term_string\"}}],\"inLanguage\":\"de\"},{\"@type\":\"Organization\",\"@id\":\"https:\\\/\\\/www.vitalibera.org\\\/community\\\/#organization\",\"name\":\"vitalibera.org\",\"url\":\"https:\\\/\\\/www.vitalibera.org\\\/community\\\/\",\"logo\":{\"@type\":\"ImageObject\",\"inLanguage\":\"de\",\"@id\":\"https:\\\/\\\/www.vitalibera.org\\\/community\\\/#\\\/schema\\\/logo\\\/image\\\/\",\"url\":\"https:\\\/\\\/www.vitalibera.org\\\/community\\\/wp-content\\\/uploads\\\/2025\\\/09\\\/cropped-banner.png\",\"contentUrl\":\"https:\\\/\\\/www.vitalibera.org\\\/community\\\/wp-content\\\/uploads\\\/2025\\\/09\\\/cropped-banner.png\",\"width\":991,\"height\":150,\"caption\":\"vitalibera.org\"},\"image\":{\"@id\":\"https:\\\/\\\/www.vitalibera.org\\\/community\\\/#\\\/schema\\\/logo\\\/image\\\/\"},\"sameAs\":[\"https:\\\/\\\/www.facebook.com\\\/groups\\\/2997085857140235\"]},{\"@type\":\"Person\",\"@id\":\"https:\\\/\\\/www.vitalibera.org\\\/community\\\/#\\\/schema\\\/person\\\/6712387298421f222ff6d0a2e22c1534\",\"name\":\"Andreas Jecklin\",\"image\":{\"@type\":\"ImageObject\",\"inLanguage\":\"de\",\"@id\":\"https:\\\/\\\/secure.gravatar.com\\\/avatar\\\/ad516503a11cd5ca435acc9bb6523536?s=96\",\"url\":\"https:\\\/\\\/secure.gravatar.com\\\/avatar\\\/ad516503a11cd5ca435acc9bb6523536?s=96\",\"contentUrl\":\"https:\\\/\\\/secure.gravatar.com\\\/avatar\\\/ad516503a11cd5ca435acc9bb6523536?s=96\",\"caption\":\"Andreas Jecklin\"},\"description\":\"Manchen gab Gott die Kraft Dinge zu ver\u00e4ndern, mir gab er die Kraft zu ertragen was nicht mehr zu \u00e4ndern ist.\",\"url\":\"https:\\\/\\\/www.vitalibera.org\\\/community\\\/author\\\/andy77\\\/\"}]}<\/script>\r\n<!-- \/ Yoast SEO plugin. -->","yoast_head_json":{"title":"Neurologische Grenzen, die niemand sieht - vitalibera.org","robots":{"index":"index","follow":"follow","max-snippet":"max-snippet:-1","max-image-preview":"max-image-preview:large","max-video-preview":"max-video-preview:-1"},"canonical":"https:\/\/www.vitalibera.org\/community\/2026\/04\/18\/neurologische-grenzen-die-niemand-sieht\/","og_locale":"de_DE","og_type":"article","og_title":"Neurologische Grenzen, die niemand sieht - vitalibera.org","og_description":"Manchmal liegt die gr\u00f6\u00dfte H\u00fcrde nicht in unserem K\u00f6rper oder unserem Gehirn, sondern in der Welt um uns herum. In Formularen, Erwartungen, Abl\u00e4ufen und Blicken, die uns klein machen. Nicht wir sind das Problem \u2014 wir werden behindert. Und genau deshalb brauchen wir R\u00e4ume, in denen wir atmen k\u00f6nnen, uns orientieren k\u00f6nnen und unseren eigenen ... Weiterlesen","og_url":"https:\/\/www.vitalibera.org\/community\/2026\/04\/18\/neurologische-grenzen-die-niemand-sieht\/","og_site_name":"vitalibera.org","article_publisher":"https:\/\/www.facebook.com\/groups\/2997085857140235","article_published_time":"2026-04-18T10:24:51+00:00","article_modified_time":"2026-04-18T18:45:20+00:00","og_image":[{"width":250,"height":167,"url":"https:\/\/www.vitalibera.org\/community\/wp-content\/uploads\/2026\/04\/barr22441.png","type":"image\/png"}],"author":"Andreas Jecklin","twitter_card":"summary_large_image","twitter_misc":{"Verfasst von":"Andreas Jecklin","Gesch\u00e4tzte Lesezeit":"5\u00a0Minuten"},"schema":{"@context":"https:\/\/schema.org","@graph":[{"@type":"Article","@id":"https:\/\/www.vitalibera.org\/community\/2026\/04\/18\/neurologische-grenzen-die-niemand-sieht\/#article","isPartOf":{"@id":"https:\/\/www.vitalibera.org\/community\/2026\/04\/18\/neurologische-grenzen-die-niemand-sieht\/"},"author":{"name":"Andreas Jecklin","@id":"https:\/\/www.vitalibera.org\/community\/#\/schema\/person\/6712387298421f222ff6d0a2e22c1534"},"headline":"Neurologische Grenzen, die niemand sieht","datePublished":"2026-04-18T10:24:51+00:00","dateModified":"2026-04-18T18:45:20+00:00","mainEntityOfPage":{"@id":"https:\/\/www.vitalibera.org\/community\/2026\/04\/18\/neurologische-grenzen-die-niemand-sieht\/"},"wordCount":676,"commentCount":0,"publisher":{"@id":"https:\/\/www.vitalibera.org\/community\/#organization"},"image":{"@id":"https:\/\/www.vitalibera.org\/community\/2026\/04\/18\/neurologische-grenzen-die-niemand-sieht\/#primaryimage"},"thumbnailUrl":"https:\/\/www.vitalibera.org\/community\/wp-content\/uploads\/2026\/04\/barr22441.png","articleSection":["Alltagsnavigation","Hilfe f\u00fcr Angeh\u00f6rige"],"inLanguage":"de","potentialAction":[{"@type":"CommentAction","name":"Comment","target":["https:\/\/www.vitalibera.org\/community\/2026\/04\/18\/neurologische-grenzen-die-niemand-sieht\/#respond"]}]},{"@type":"WebPage","@id":"https:\/\/www.vitalibera.org\/community\/2026\/04\/18\/neurologische-grenzen-die-niemand-sieht\/","url":"https:\/\/www.vitalibera.org\/community\/2026\/04\/18\/neurologische-grenzen-die-niemand-sieht\/","name":"Neurologische Grenzen, die niemand sieht - vitalibera.org","isPartOf":{"@id":"https:\/\/www.vitalibera.org\/community\/#website"},"primaryImageOfPage":{"@id":"https:\/\/www.vitalibera.org\/community\/2026\/04\/18\/neurologische-grenzen-die-niemand-sieht\/#primaryimage"},"image":{"@id":"https:\/\/www.vitalibera.org\/community\/2026\/04\/18\/neurologische-grenzen-die-niemand-sieht\/#primaryimage"},"thumbnailUrl":"https:\/\/www.vitalibera.org\/community\/wp-content\/uploads\/2026\/04\/barr22441.png","datePublished":"2026-04-18T10:24:51+00:00","dateModified":"2026-04-18T18:45:20+00:00","breadcrumb":{"@id":"https:\/\/www.vitalibera.org\/community\/2026\/04\/18\/neurologische-grenzen-die-niemand-sieht\/#breadcrumb"},"inLanguage":"de","potentialAction":[{"@type":"ReadAction","target":["https:\/\/www.vitalibera.org\/community\/2026\/04\/18\/neurologische-grenzen-die-niemand-sieht\/"]}]},{"@type":"BreadcrumbList","@id":"https:\/\/www.vitalibera.org\/community\/2026\/04\/18\/neurologische-grenzen-die-niemand-sieht\/#breadcrumb","itemListElement":[{"@type":"ListItem","position":1,"name":"Startseite","item":"https:\/\/www.vitalibera.org\/community\/"},{"@type":"ListItem","position":2,"name":"Neurologische Grenzen, die niemand sieht"}]},{"@type":"WebSite","@id":"https:\/\/www.vitalibera.org\/community\/#website","url":"https:\/\/www.vitalibera.org\/community\/","name":"vitalibera.org","description":"Mit einer Einschr&auml;nkung gestaltet sich das Leben im Alltag oft schwieriger - hier berichten wir &uuml;ber unsere Erfahrungen und Hilfsmittel um den Alltag so unbeschwert und unkompliziert wie nur m&ouml;glich geniessen zu k&ouml;nnen. Dabei richten wir unseren Fokus gezielt auf Selbst&auml;ndigkeit, Eigenst&auml;ndigkeit und Selbstbestimmung.","publisher":{"@id":"https:\/\/www.vitalibera.org\/community\/#organization"},"potentialAction":[{"@type":"SearchAction","target":{"@type":"EntryPoint","urlTemplate":"https:\/\/www.vitalibera.org\/community\/?s={search_term_string}"},"query-input":{"@type":"PropertyValueSpecification","valueRequired":true,"valueName":"search_term_string"}}],"inLanguage":"de"},{"@type":"Organization","@id":"https:\/\/www.vitalibera.org\/community\/#organization","name":"vitalibera.org","url":"https:\/\/www.vitalibera.org\/community\/","logo":{"@type":"ImageObject","inLanguage":"de","@id":"https:\/\/www.vitalibera.org\/community\/#\/schema\/logo\/image\/","url":"https:\/\/www.vitalibera.org\/community\/wp-content\/uploads\/2025\/09\/cropped-banner.png","contentUrl":"https:\/\/www.vitalibera.org\/community\/wp-content\/uploads\/2025\/09\/cropped-banner.png","width":991,"height":150,"caption":"vitalibera.org"},"image":{"@id":"https:\/\/www.vitalibera.org\/community\/#\/schema\/logo\/image\/"},"sameAs":["https:\/\/www.facebook.com\/groups\/2997085857140235"]},{"@type":"Person","@id":"https:\/\/www.vitalibera.org\/community\/#\/schema\/person\/6712387298421f222ff6d0a2e22c1534","name":"Andreas Jecklin","image":{"@type":"ImageObject","inLanguage":"de","@id":"https:\/\/secure.gravatar.com\/avatar\/ad516503a11cd5ca435acc9bb6523536?s=96","url":"https:\/\/secure.gravatar.com\/avatar\/ad516503a11cd5ca435acc9bb6523536?s=96","contentUrl":"https:\/\/secure.gravatar.com\/avatar\/ad516503a11cd5ca435acc9bb6523536?s=96","caption":"Andreas Jecklin"},"description":"Manchen gab Gott die Kraft Dinge zu ver\u00e4ndern, mir gab er die Kraft zu ertragen was nicht mehr zu \u00e4ndern ist.","url":"https:\/\/www.vitalibera.org\/community\/author\/andy77\/"}]}},"jetpack_featured_media_url":"https:\/\/www.vitalibera.org\/community\/wp-content\/uploads\/2026\/04\/barr22441.png","jetpack_sharing_enabled":true,"jetpack-related-posts":[],"_links":{"self":[{"href":"https:\/\/www.vitalibera.org\/community\/wp-json\/wp\/v2\/posts\/6809","targetHints":{"allow":["GET"]}}],"collection":[{"href":"https:\/\/www.vitalibera.org\/community\/wp-json\/wp\/v2\/posts"}],"about":[{"href":"https:\/\/www.vitalibera.org\/community\/wp-json\/wp\/v2\/types\/post"}],"author":[{"embeddable":true,"href":"https:\/\/www.vitalibera.org\/community\/wp-json\/wp\/v2\/users\/2"}],"replies":[{"embeddable":true,"href":"https:\/\/www.vitalibera.org\/community\/wp-json\/wp\/v2\/comments?post=6809"}],"version-history":[{"count":2,"href":"https:\/\/www.vitalibera.org\/community\/wp-json\/wp\/v2\/posts\/6809\/revisions"}],"predecessor-version":[{"id":6813,"href":"https:\/\/www.vitalibera.org\/community\/wp-json\/wp\/v2\/posts\/6809\/revisions\/6813"}],"wp:featuredmedia":[{"embeddable":true,"href":"https:\/\/www.vitalibera.org\/community\/wp-json\/wp\/v2\/media\/6812"}],"wp:attachment":[{"href":"https:\/\/www.vitalibera.org\/community\/wp-json\/wp\/v2\/media?parent=6809"}],"wp:term":[{"taxonomy":"category","embeddable":true,"href":"https:\/\/www.vitalibera.org\/community\/wp-json\/wp\/v2\/categories?post=6809"},{"taxonomy":"post_tag","embeddable":true,"href":"https:\/\/www.vitalibera.org\/community\/wp-json\/wp\/v2\/tags?post=6809"}],"curies":[{"name":"wp","href":"https:\/\/api.w.org\/{rel}","templated":true}]}}