{"id":6836,"date":"2026-04-18T21:53:39","date_gmt":"2026-04-18T19:53:39","guid":{"rendered":"https:\/\/www.vitalibera.org\/community\/?p=6836"},"modified":"2026-04-18T21:54:53","modified_gmt":"2026-04-18T19:54:53","slug":"alle-reden-auf-mich-ein-aber-meine-entscheidungen-treffe-ich-selbst","status":"publish","type":"post","link":"https:\/\/www.vitalibera.org\/community\/2026\/04\/18\/alle-reden-auf-mich-ein-aber-meine-entscheidungen-treffe-ich-selbst\/","title":{"rendered":"Alle reden auf mich ein \u2013 aber meine Entscheidungen treffe ich selbst"},"content":{"rendered":"\n<div class=\"wp-block-media-text is-stacked-on-mobile\"><figure class=\"wp-block-media-text__media\"><img fetchpriority=\"high\" decoding=\"async\" width=\"832\" height=\"904\" src=\"https:\/\/www.vitalibera.org\/community\/wp-content\/uploads\/2026\/04\/toomuch.jpg\" alt=\"\" class=\"wp-image-6837 size-full\" srcset=\"https:\/\/www.vitalibera.org\/community\/wp-content\/uploads\/2026\/04\/toomuch.jpg 832w, https:\/\/www.vitalibera.org\/community\/wp-content\/uploads\/2026\/04\/toomuch-276x300.jpg 276w, https:\/\/www.vitalibera.org\/community\/wp-content\/uploads\/2026\/04\/toomuch-768x834.jpg 768w\" sizes=\"(max-width: 832px) 100vw, 832px\" \/><\/figure><div class=\"wp-block-media-text__content\">\n<p><strong>Alle reden auf mich ein &ndash; aber meine Entscheidungen treffe ich selbst.<\/strong> Ich lasse mich nicht &uuml;berrollen. Ich h&ouml;re zu, wenn ich will. Ich stoppe, wenn es zu viel wird. Meine Stimme bleibt die wichtigste in meinem Leben.<\/p>\n\n\n\n<p>Geh&ouml;rt werden ist kein Zufall. Es ist eine Strategie aus Klarheit, Struktur und Selbstschutz.Wir geben dir eine neurofreundliche, aktivistische 4&#8209;Schritte&#8209;Strategie. <br><br><strong>Klar, w&uuml;rdevoll, ohne Drama, mit Fokus auf Selbstbestimmung.<\/strong><\/p>\n<\/div><\/div>\n\n\n\n<h5 class=\"wp-block-heading\"><strong>Strategie: Geh&ouml;rt werden, ohne sich zu verlieren<\/strong><\/h5>\n\n\n\n<h6 class=\"wp-block-heading\"><strong>Vor dem Sprechen: Fokus setzen<\/strong><\/h6>\n\n\n\n<p>Bevor du reagierst, kl&auml;rst du f&uuml;r dich: <em>Was ist meine eine Kernbotschaft?<\/em> Nicht drei Punkte, nicht ein langer Kontext. <strong>Ein Satz.<\/strong> Das macht dich h&ouml;rbar, auch wenn andere laut sind.<\/p>\n\n\n\n<h6 class=\"wp-block-heading\"><strong>Beim Sprechen: klare Struktur<\/strong><\/h6>\n\n\n\n<ul class=\"wp-block-list\">\n<li><strong>Kurz:<\/strong> maximal 1&ndash;2 S&auml;tze.<\/li>\n\n\n\n<li><strong>Kontextfrei:<\/strong> so formuliert, dass niemand &bdquo;aber&hellip;&ldquo; anh&auml;ngen kann.<\/li>\n\n\n\n<li><strong>Ich&#8209;Form:<\/strong> &bdquo;Ich brauche&hellip;&ldquo;, &bdquo;Ich entscheide&hellip;&ldquo;, &bdquo;Ich stoppe&hellip;&ldquo;. So entsteht Autorit&auml;t ohne H&auml;rte.<\/li>\n<\/ul>\n\n\n\n<h6 class=\"wp-block-heading\"><strong>Nach dem Sprechen: Raum halten<\/strong><\/h6>\n\n\n\n<p>Sag deinen Satz &ndash; und schweige bewusst. Der Moment danach ist der st&auml;rkste. Viele Menschen reden nur weiter, weil sie die Stille f&uuml;llen wollen. Du nicht. <strong>Stille ist deine Macht.<\/strong><\/p>\n\n\n\n<h6 class=\"wp-block-heading\"><strong>Grenze setzen, wenn man dich &uuml;bergeht<\/strong><\/h6>\n\n\n\n<p>Eine klare, wiederholbare Linie:<\/p>\n\n\n\n<ul class=\"wp-block-list\">\n<li>&bdquo;Ich habe meinen Punkt gesagt.&ldquo;<\/li>\n\n\n\n<li>&bdquo;Ich bleibe bei meiner Entscheidung.&ldquo;<\/li>\n\n\n\n<li>&bdquo;Ich h&ouml;re erst weiter zu, wenn mein Satz respektiert wurde.&ldquo;<\/li>\n<\/ul>\n\n\n\n<p>Keine Rechtfertigung. Keine Erkl&auml;rungen. Nur Wiederholung.<\/p>\n\n\n\n<div class=\"wp-block-media-text is-stacked-on-mobile\"><figure class=\"wp-block-media-text__media\"><img decoding=\"async\" width=\"302\" height=\"277\" src=\"http:\/\/www.vitalibera.org\/community\/wp-content\/uploads\/2026\/03\/tip3.png\" alt=\"\" class=\"wp-image-6087 size-full\" srcset=\"https:\/\/www.vitalibera.org\/community\/wp-content\/uploads\/2026\/03\/tip3.png 302w, https:\/\/www.vitalibera.org\/community\/wp-content\/uploads\/2026\/03\/tip3-300x275.png 300w\" sizes=\"(max-width: 302px) 100vw, 302px\" \/><\/figure><div class=\"wp-block-media-text__content\">\n<p><strong>klar, knapp, wirksam<\/strong><\/p>\n\n\n\n<ul class=\"wp-block-list\">\n<li><strong>Klarheit vor Inhalt:<\/strong> Eine Botschaft, ein Satz, kein Nebel.<\/li>\n\n\n\n<li><strong>K&uuml;rze als Macht:<\/strong> Je k&uuml;rzer du sprichst, desto weniger Angriffsfl&auml;che entsteht.<\/li>\n\n\n\n<li><strong>Stille als Werkzeug:<\/strong> Nach deinem Satz entsteht Wirkung &ndash; nicht im Reden, sondern im Raum.<\/li>\n\n\n\n<li><strong>Konsequenz statt Erkl&auml;rung:<\/strong> Wiederhole deine Linie, ohne dich zu rechtfertigen.<\/li>\n<\/ul>\n\n\n\n<p>So entsteht Pr&auml;senz, selbst wenn alle auf dich e<a href=\"https:\/\/www.vitalibera.org\/community\/enzyklopaedie\/inr\/\" target=\"_self\" title=\"Die&nbsp;International Normalized Ratio (INR)&nbsp;ist ein&nbsp;weltweit standardisierter Laborwert zur Messung der Blutgerinnungszeit, insbesondere bei der Einnahme von Gerinnungshemmern wie Marcumar. Ein INR-Wert um 1,0 ist normal, w&auml;hrend bei einer Therapie meist Werte zwischen 2,0 und 3,5 angestrebt werden, um Thrombosen zu verhindern.\" class=\"encyclopedia\">inr<\/a>eden.<\/p>\n<\/div><\/div>\n","protected":false},"excerpt":{"rendered":"<p>Alle reden auf mich ein \u2013 aber meine Entscheidungen treffe ich selbst. Ich lasse mich nicht \u00fcberrollen. Ich h\u00f6re zu, wenn ich will. Ich stoppe, wenn es zu viel wird. Meine Stimme bleibt die wichtigste in meinem Leben. Geh\u00f6rt werden ist kein Zufall. Es ist eine Strategie aus Klarheit, Struktur und Selbstschutz.Wir geben dir eine &#8230; <a title=\"Alle reden auf mich ein \u2013 aber meine Entscheidungen treffe ich selbst\" class=\"read-more\" href=\"https:\/\/www.vitalibera.org\/community\/2026\/04\/18\/alle-reden-auf-mich-ein-aber-meine-entscheidungen-treffe-ich-selbst\/\" aria-label=\"Mehr Informationen \u00fcber Alle reden auf mich ein \u2013 aber meine Entscheidungen treffe ich selbst\">Weiterlesen<\/a><\/p>\n","protected":false},"author":2,"featured_media":6837,"comment_status":"open","ping_status":"open","sticky":false,"template":"","format":"standard","meta":{"cybocfi_hide_featured_image":"yes","_jetpack_memberships_contains_paid_content":false,"footnotes":""},"categories":[492],"tags":[],"class_list":["post-6836","post","type-post","status-publish","format-standard","has-post-thumbnail","hentry","category-alltagsnavigation"],"yoast_head":"<!-- This site is optimized with the Yoast SEO plugin v27.4 - https:\/\/yoast.com\/product\/yoast-seo-wordpress\/ -->\r\n<title>Alle reden auf mich ein \u2013 aber meine Entscheidungen treffe ich selbst - vitalibera.org<\/title>\r\n<meta name=\"robots\" content=\"index, follow, max-snippet:-1, max-image-preview:large, max-video-preview:-1\" \/>\r\n<link rel=\"canonical\" href=\"http:\/\/www.vitalibera.org\/community\/2026\/04\/18\/alle-reden-auf-mich-ein-aber-meine-entscheidungen-treffe-ich-selbst\/\" \/>\r\n<meta property=\"og:locale\" content=\"de_DE\" \/>\r\n<meta property=\"og:type\" content=\"article\" \/>\r\n<meta property=\"og:title\" content=\"Alle reden auf mich ein \u2013 aber meine Entscheidungen treffe ich selbst - vitalibera.org\" \/>\r\n<meta property=\"og:description\" content=\"Alle reden auf mich ein \u2013 aber meine Entscheidungen treffe ich selbst. Ich lasse mich nicht \u00fcberrollen. Ich h\u00f6re zu, wenn ich will. Ich stoppe, wenn es zu viel wird. Meine Stimme bleibt die wichtigste in meinem Leben. Geh\u00f6rt werden ist kein Zufall. Es ist eine Strategie aus Klarheit, Struktur und Selbstschutz.Wir geben dir eine ... Weiterlesen\" \/>\r\n<meta property=\"og:url\" content=\"http:\/\/www.vitalibera.org\/community\/2026\/04\/18\/alle-reden-auf-mich-ein-aber-meine-entscheidungen-treffe-ich-selbst\/\" \/>\r\n<meta property=\"og:site_name\" content=\"vitalibera.org\" \/>\r\n<meta property=\"article:publisher\" content=\"https:\/\/www.facebook.com\/groups\/2997085857140235\" \/>\r\n<meta property=\"article:published_time\" content=\"2026-04-18T19:53:39+00:00\" \/>\r\n<meta property=\"article:modified_time\" content=\"2026-04-18T19:54:53+00:00\" \/>\r\n<meta property=\"og:image\" content=\"http:\/\/www.vitalibera.org\/community\/wp-content\/uploads\/2026\/04\/toomuch.jpg\" \/>\r\n\t<meta property=\"og:image:width\" content=\"832\" \/>\r\n\t<meta property=\"og:image:height\" content=\"904\" \/>\r\n\t<meta property=\"og:image:type\" content=\"image\/jpeg\" \/>\r\n<meta name=\"author\" content=\"Andreas Jecklin\" \/>\r\n<meta name=\"twitter:card\" content=\"summary_large_image\" \/>\r\n<meta name=\"twitter:label1\" content=\"Verfasst von\" \/>\n\t<meta name=\"twitter:data1\" content=\"Andreas Jecklin\" \/>\n\t<meta name=\"twitter:label2\" content=\"Gesch\u00e4tzte Lesezeit\" \/>\n\t<meta name=\"twitter:data2\" content=\"3\u00a0Minuten\" \/>\r\n<script type=\"application\/ld+json\" class=\"yoast-schema-graph\">{\"@context\":\"https:\\\/\\\/schema.org\",\"@graph\":[{\"@type\":\"Article\",\"@id\":\"http:\\\/\\\/www.vitalibera.org\\\/community\\\/2026\\\/04\\\/18\\\/alle-reden-auf-mich-ein-aber-meine-entscheidungen-treffe-ich-selbst\\\/#article\",\"isPartOf\":{\"@id\":\"http:\\\/\\\/www.vitalibera.org\\\/community\\\/2026\\\/04\\\/18\\\/alle-reden-auf-mich-ein-aber-meine-entscheidungen-treffe-ich-selbst\\\/\"},\"author\":{\"name\":\"Andreas Jecklin\",\"@id\":\"https:\\\/\\\/www.vitalibera.org\\\/community\\\/#\\\/schema\\\/person\\\/6712387298421f222ff6d0a2e22c1534\"},\"headline\":\"Alle reden auf mich ein \u2013 aber meine Entscheidungen treffe ich selbst\",\"datePublished\":\"2026-04-18T19:53:39+00:00\",\"dateModified\":\"2026-04-18T19:54:53+00:00\",\"mainEntityOfPage\":{\"@id\":\"http:\\\/\\\/www.vitalibera.org\\\/community\\\/2026\\\/04\\\/18\\\/alle-reden-auf-mich-ein-aber-meine-entscheidungen-treffe-ich-selbst\\\/\"},\"wordCount\":294,\"commentCount\":0,\"publisher\":{\"@id\":\"https:\\\/\\\/www.vitalibera.org\\\/community\\\/#organization\"},\"image\":{\"@id\":\"http:\\\/\\\/www.vitalibera.org\\\/community\\\/2026\\\/04\\\/18\\\/alle-reden-auf-mich-ein-aber-meine-entscheidungen-treffe-ich-selbst\\\/#primaryimage\"},\"thumbnailUrl\":\"https:\\\/\\\/www.vitalibera.org\\\/community\\\/wp-content\\\/uploads\\\/2026\\\/04\\\/toomuch.jpg\",\"articleSection\":[\"Alltagsnavigation\"],\"inLanguage\":\"de\",\"potentialAction\":[{\"@type\":\"CommentAction\",\"name\":\"Comment\",\"target\":[\"http:\\\/\\\/www.vitalibera.org\\\/community\\\/2026\\\/04\\\/18\\\/alle-reden-auf-mich-ein-aber-meine-entscheidungen-treffe-ich-selbst\\\/#respond\"]}]},{\"@type\":\"WebPage\",\"@id\":\"http:\\\/\\\/www.vitalibera.org\\\/community\\\/2026\\\/04\\\/18\\\/alle-reden-auf-mich-ein-aber-meine-entscheidungen-treffe-ich-selbst\\\/\",\"url\":\"http:\\\/\\\/www.vitalibera.org\\\/community\\\/2026\\\/04\\\/18\\\/alle-reden-auf-mich-ein-aber-meine-entscheidungen-treffe-ich-selbst\\\/\",\"name\":\"Alle reden auf mich ein \u2013 aber meine Entscheidungen treffe ich selbst - vitalibera.org\",\"isPartOf\":{\"@id\":\"https:\\\/\\\/www.vitalibera.org\\\/community\\\/#website\"},\"primaryImageOfPage\":{\"@id\":\"http:\\\/\\\/www.vitalibera.org\\\/community\\\/2026\\\/04\\\/18\\\/alle-reden-auf-mich-ein-aber-meine-entscheidungen-treffe-ich-selbst\\\/#primaryimage\"},\"image\":{\"@id\":\"http:\\\/\\\/www.vitalibera.org\\\/community\\\/2026\\\/04\\\/18\\\/alle-reden-auf-mich-ein-aber-meine-entscheidungen-treffe-ich-selbst\\\/#primaryimage\"},\"thumbnailUrl\":\"https:\\\/\\\/www.vitalibera.org\\\/community\\\/wp-content\\\/uploads\\\/2026\\\/04\\\/toomuch.jpg\",\"datePublished\":\"2026-04-18T19:53:39+00:00\",\"dateModified\":\"2026-04-18T19:54:53+00:00\",\"breadcrumb\":{\"@id\":\"http:\\\/\\\/www.vitalibera.org\\\/community\\\/2026\\\/04\\\/18\\\/alle-reden-auf-mich-ein-aber-meine-entscheidungen-treffe-ich-selbst\\\/#breadcrumb\"},\"inLanguage\":\"de\",\"potentialAction\":[{\"@type\":\"ReadAction\",\"target\":[\"http:\\\/\\\/www.vitalibera.org\\\/community\\\/2026\\\/04\\\/18\\\/alle-reden-auf-mich-ein-aber-meine-entscheidungen-treffe-ich-selbst\\\/\"]}]},{\"@type\":\"BreadcrumbList\",\"@id\":\"http:\\\/\\\/www.vitalibera.org\\\/community\\\/2026\\\/04\\\/18\\\/alle-reden-auf-mich-ein-aber-meine-entscheidungen-treffe-ich-selbst\\\/#breadcrumb\",\"itemListElement\":[{\"@type\":\"ListItem\",\"position\":1,\"name\":\"Startseite\",\"item\":\"https:\\\/\\\/www.vitalibera.org\\\/community\\\/\"},{\"@type\":\"ListItem\",\"position\":2,\"name\":\"Alle reden auf mich ein \u2013 aber meine Entscheidungen treffe ich selbst\"}]},{\"@type\":\"WebSite\",\"@id\":\"https:\\\/\\\/www.vitalibera.org\\\/community\\\/#website\",\"url\":\"https:\\\/\\\/www.vitalibera.org\\\/community\\\/\",\"name\":\"vitalibera.org\",\"description\":\"Mit einer Einschr&auml;nkung gestaltet sich das Leben im Alltag oft schwieriger - hier berichten wir &uuml;ber unsere Erfahrungen und Hilfsmittel um den Alltag so unbeschwert und unkompliziert wie nur m&ouml;glich geniessen zu k&ouml;nnen. Dabei richten wir unseren Fokus gezielt auf Selbst&auml;ndigkeit, Eigenst&auml;ndigkeit und Selbstbestimmung.\",\"publisher\":{\"@id\":\"https:\\\/\\\/www.vitalibera.org\\\/community\\\/#organization\"},\"potentialAction\":[{\"@type\":\"SearchAction\",\"target\":{\"@type\":\"EntryPoint\",\"urlTemplate\":\"https:\\\/\\\/www.vitalibera.org\\\/community\\\/?s={search_term_string}\"},\"query-input\":{\"@type\":\"PropertyValueSpecification\",\"valueRequired\":true,\"valueName\":\"search_term_string\"}}],\"inLanguage\":\"de\"},{\"@type\":\"Organization\",\"@id\":\"https:\\\/\\\/www.vitalibera.org\\\/community\\\/#organization\",\"name\":\"vitalibera.org\",\"url\":\"https:\\\/\\\/www.vitalibera.org\\\/community\\\/\",\"logo\":{\"@type\":\"ImageObject\",\"inLanguage\":\"de\",\"@id\":\"https:\\\/\\\/www.vitalibera.org\\\/community\\\/#\\\/schema\\\/logo\\\/image\\\/\",\"url\":\"https:\\\/\\\/www.vitalibera.org\\\/community\\\/wp-content\\\/uploads\\\/2025\\\/09\\\/cropped-banner.png\",\"contentUrl\":\"https:\\\/\\\/www.vitalibera.org\\\/community\\\/wp-content\\\/uploads\\\/2025\\\/09\\\/cropped-banner.png\",\"width\":991,\"height\":150,\"caption\":\"vitalibera.org\"},\"image\":{\"@id\":\"https:\\\/\\\/www.vitalibera.org\\\/community\\\/#\\\/schema\\\/logo\\\/image\\\/\"},\"sameAs\":[\"https:\\\/\\\/www.facebook.com\\\/groups\\\/2997085857140235\"]},{\"@type\":\"Person\",\"@id\":\"https:\\\/\\\/www.vitalibera.org\\\/community\\\/#\\\/schema\\\/person\\\/6712387298421f222ff6d0a2e22c1534\",\"name\":\"Andreas Jecklin\",\"image\":{\"@type\":\"ImageObject\",\"inLanguage\":\"de\",\"@id\":\"https:\\\/\\\/secure.gravatar.com\\\/avatar\\\/ad516503a11cd5ca435acc9bb6523536?s=96\",\"url\":\"https:\\\/\\\/secure.gravatar.com\\\/avatar\\\/ad516503a11cd5ca435acc9bb6523536?s=96\",\"contentUrl\":\"https:\\\/\\\/secure.gravatar.com\\\/avatar\\\/ad516503a11cd5ca435acc9bb6523536?s=96\",\"caption\":\"Andreas Jecklin\"},\"description\":\"Manchen gab Gott die Kraft Dinge zu ver\u00e4ndern, mir gab er die Kraft zu ertragen was nicht mehr zu \u00e4ndern ist.\",\"url\":\"https:\\\/\\\/www.vitalibera.org\\\/community\\\/author\\\/andy77\\\/\"}]}<\/script>\r\n<!-- \/ Yoast SEO plugin. -->","yoast_head_json":{"title":"Alle reden auf mich ein \u2013 aber meine Entscheidungen treffe ich selbst - vitalibera.org","robots":{"index":"index","follow":"follow","max-snippet":"max-snippet:-1","max-image-preview":"max-image-preview:large","max-video-preview":"max-video-preview:-1"},"canonical":"http:\/\/www.vitalibera.org\/community\/2026\/04\/18\/alle-reden-auf-mich-ein-aber-meine-entscheidungen-treffe-ich-selbst\/","og_locale":"de_DE","og_type":"article","og_title":"Alle reden auf mich ein \u2013 aber meine Entscheidungen treffe ich selbst - vitalibera.org","og_description":"Alle reden auf mich ein \u2013 aber meine Entscheidungen treffe ich selbst. Ich lasse mich nicht \u00fcberrollen. Ich h\u00f6re zu, wenn ich will. Ich stoppe, wenn es zu viel wird. Meine Stimme bleibt die wichtigste in meinem Leben. Geh\u00f6rt werden ist kein Zufall. Es ist eine Strategie aus Klarheit, Struktur und Selbstschutz.Wir geben dir eine ... Weiterlesen","og_url":"http:\/\/www.vitalibera.org\/community\/2026\/04\/18\/alle-reden-auf-mich-ein-aber-meine-entscheidungen-treffe-ich-selbst\/","og_site_name":"vitalibera.org","article_publisher":"https:\/\/www.facebook.com\/groups\/2997085857140235","article_published_time":"2026-04-18T19:53:39+00:00","article_modified_time":"2026-04-18T19:54:53+00:00","og_image":[{"width":832,"height":904,"url":"http:\/\/www.vitalibera.org\/community\/wp-content\/uploads\/2026\/04\/toomuch.jpg","type":"image\/jpeg"}],"author":"Andreas Jecklin","twitter_card":"summary_large_image","twitter_misc":{"Verfasst von":"Andreas Jecklin","Gesch\u00e4tzte Lesezeit":"3\u00a0Minuten"},"schema":{"@context":"https:\/\/schema.org","@graph":[{"@type":"Article","@id":"http:\/\/www.vitalibera.org\/community\/2026\/04\/18\/alle-reden-auf-mich-ein-aber-meine-entscheidungen-treffe-ich-selbst\/#article","isPartOf":{"@id":"http:\/\/www.vitalibera.org\/community\/2026\/04\/18\/alle-reden-auf-mich-ein-aber-meine-entscheidungen-treffe-ich-selbst\/"},"author":{"name":"Andreas Jecklin","@id":"https:\/\/www.vitalibera.org\/community\/#\/schema\/person\/6712387298421f222ff6d0a2e22c1534"},"headline":"Alle reden auf mich ein \u2013 aber meine Entscheidungen treffe ich selbst","datePublished":"2026-04-18T19:53:39+00:00","dateModified":"2026-04-18T19:54:53+00:00","mainEntityOfPage":{"@id":"http:\/\/www.vitalibera.org\/community\/2026\/04\/18\/alle-reden-auf-mich-ein-aber-meine-entscheidungen-treffe-ich-selbst\/"},"wordCount":294,"commentCount":0,"publisher":{"@id":"https:\/\/www.vitalibera.org\/community\/#organization"},"image":{"@id":"http:\/\/www.vitalibera.org\/community\/2026\/04\/18\/alle-reden-auf-mich-ein-aber-meine-entscheidungen-treffe-ich-selbst\/#primaryimage"},"thumbnailUrl":"https:\/\/www.vitalibera.org\/community\/wp-content\/uploads\/2026\/04\/toomuch.jpg","articleSection":["Alltagsnavigation"],"inLanguage":"de","potentialAction":[{"@type":"CommentAction","name":"Comment","target":["http:\/\/www.vitalibera.org\/community\/2026\/04\/18\/alle-reden-auf-mich-ein-aber-meine-entscheidungen-treffe-ich-selbst\/#respond"]}]},{"@type":"WebPage","@id":"http:\/\/www.vitalibera.org\/community\/2026\/04\/18\/alle-reden-auf-mich-ein-aber-meine-entscheidungen-treffe-ich-selbst\/","url":"http:\/\/www.vitalibera.org\/community\/2026\/04\/18\/alle-reden-auf-mich-ein-aber-meine-entscheidungen-treffe-ich-selbst\/","name":"Alle reden auf mich ein \u2013 aber meine Entscheidungen treffe ich selbst - vitalibera.org","isPartOf":{"@id":"https:\/\/www.vitalibera.org\/community\/#website"},"primaryImageOfPage":{"@id":"http:\/\/www.vitalibera.org\/community\/2026\/04\/18\/alle-reden-auf-mich-ein-aber-meine-entscheidungen-treffe-ich-selbst\/#primaryimage"},"image":{"@id":"http:\/\/www.vitalibera.org\/community\/2026\/04\/18\/alle-reden-auf-mich-ein-aber-meine-entscheidungen-treffe-ich-selbst\/#primaryimage"},"thumbnailUrl":"https:\/\/www.vitalibera.org\/community\/wp-content\/uploads\/2026\/04\/toomuch.jpg","datePublished":"2026-04-18T19:53:39+00:00","dateModified":"2026-04-18T19:54:53+00:00","breadcrumb":{"@id":"http:\/\/www.vitalibera.org\/community\/2026\/04\/18\/alle-reden-auf-mich-ein-aber-meine-entscheidungen-treffe-ich-selbst\/#breadcrumb"},"inLanguage":"de","potentialAction":[{"@type":"ReadAction","target":["http:\/\/www.vitalibera.org\/community\/2026\/04\/18\/alle-reden-auf-mich-ein-aber-meine-entscheidungen-treffe-ich-selbst\/"]}]},{"@type":"BreadcrumbList","@id":"http:\/\/www.vitalibera.org\/community\/2026\/04\/18\/alle-reden-auf-mich-ein-aber-meine-entscheidungen-treffe-ich-selbst\/#breadcrumb","itemListElement":[{"@type":"ListItem","position":1,"name":"Startseite","item":"https:\/\/www.vitalibera.org\/community\/"},{"@type":"ListItem","position":2,"name":"Alle reden auf mich ein \u2013 aber meine Entscheidungen treffe ich selbst"}]},{"@type":"WebSite","@id":"https:\/\/www.vitalibera.org\/community\/#website","url":"https:\/\/www.vitalibera.org\/community\/","name":"vitalibera.org","description":"Mit einer Einschr&auml;nkung gestaltet sich das Leben im Alltag oft schwieriger - hier berichten wir &uuml;ber unsere Erfahrungen und Hilfsmittel um den Alltag so unbeschwert und unkompliziert wie nur m&ouml;glich geniessen zu k&ouml;nnen. Dabei richten wir unseren Fokus gezielt auf Selbst&auml;ndigkeit, Eigenst&auml;ndigkeit und Selbstbestimmung.","publisher":{"@id":"https:\/\/www.vitalibera.org\/community\/#organization"},"potentialAction":[{"@type":"SearchAction","target":{"@type":"EntryPoint","urlTemplate":"https:\/\/www.vitalibera.org\/community\/?s={search_term_string}"},"query-input":{"@type":"PropertyValueSpecification","valueRequired":true,"valueName":"search_term_string"}}],"inLanguage":"de"},{"@type":"Organization","@id":"https:\/\/www.vitalibera.org\/community\/#organization","name":"vitalibera.org","url":"https:\/\/www.vitalibera.org\/community\/","logo":{"@type":"ImageObject","inLanguage":"de","@id":"https:\/\/www.vitalibera.org\/community\/#\/schema\/logo\/image\/","url":"https:\/\/www.vitalibera.org\/community\/wp-content\/uploads\/2025\/09\/cropped-banner.png","contentUrl":"https:\/\/www.vitalibera.org\/community\/wp-content\/uploads\/2025\/09\/cropped-banner.png","width":991,"height":150,"caption":"vitalibera.org"},"image":{"@id":"https:\/\/www.vitalibera.org\/community\/#\/schema\/logo\/image\/"},"sameAs":["https:\/\/www.facebook.com\/groups\/2997085857140235"]},{"@type":"Person","@id":"https:\/\/www.vitalibera.org\/community\/#\/schema\/person\/6712387298421f222ff6d0a2e22c1534","name":"Andreas Jecklin","image":{"@type":"ImageObject","inLanguage":"de","@id":"https:\/\/secure.gravatar.com\/avatar\/ad516503a11cd5ca435acc9bb6523536?s=96","url":"https:\/\/secure.gravatar.com\/avatar\/ad516503a11cd5ca435acc9bb6523536?s=96","contentUrl":"https:\/\/secure.gravatar.com\/avatar\/ad516503a11cd5ca435acc9bb6523536?s=96","caption":"Andreas Jecklin"},"description":"Manchen gab Gott die Kraft Dinge zu ver\u00e4ndern, mir gab er die Kraft zu ertragen was nicht mehr zu \u00e4ndern ist.","url":"https:\/\/www.vitalibera.org\/community\/author\/andy77\/"}]}},"jetpack_featured_media_url":"https:\/\/www.vitalibera.org\/community\/wp-content\/uploads\/2026\/04\/toomuch.jpg","jetpack_sharing_enabled":true,"jetpack-related-posts":[],"_links":{"self":[{"href":"https:\/\/www.vitalibera.org\/community\/wp-json\/wp\/v2\/posts\/6836","targetHints":{"allow":["GET"]}}],"collection":[{"href":"https:\/\/www.vitalibera.org\/community\/wp-json\/wp\/v2\/posts"}],"about":[{"href":"https:\/\/www.vitalibera.org\/community\/wp-json\/wp\/v2\/types\/post"}],"author":[{"embeddable":true,"href":"https:\/\/www.vitalibera.org\/community\/wp-json\/wp\/v2\/users\/2"}],"replies":[{"embeddable":true,"href":"https:\/\/www.vitalibera.org\/community\/wp-json\/wp\/v2\/comments?post=6836"}],"version-history":[{"count":1,"href":"https:\/\/www.vitalibera.org\/community\/wp-json\/wp\/v2\/posts\/6836\/revisions"}],"predecessor-version":[{"id":6838,"href":"https:\/\/www.vitalibera.org\/community\/wp-json\/wp\/v2\/posts\/6836\/revisions\/6838"}],"wp:featuredmedia":[{"embeddable":true,"href":"https:\/\/www.vitalibera.org\/community\/wp-json\/wp\/v2\/media\/6837"}],"wp:attachment":[{"href":"https:\/\/www.vitalibera.org\/community\/wp-json\/wp\/v2\/media?parent=6836"}],"wp:term":[{"taxonomy":"category","embeddable":true,"href":"https:\/\/www.vitalibera.org\/community\/wp-json\/wp\/v2\/categories?post=6836"},{"taxonomy":"post_tag","embeddable":true,"href":"https:\/\/www.vitalibera.org\/community\/wp-json\/wp\/v2\/tags?post=6836"}],"curies":[{"name":"wp","href":"https:\/\/api.w.org\/{rel}","templated":true}]}}