{"id":6914,"date":"2026-04-25T08:31:16","date_gmt":"2026-04-25T06:31:16","guid":{"rendered":"https:\/\/www.vitalibera.org\/community\/?p=6914"},"modified":"2026-04-25T08:33:01","modified_gmt":"2026-04-25T06:33:01","slug":"klar-komme-ich-klar-nur-nicht-mit-euren-annahmen","status":"publish","type":"post","link":"https:\/\/www.vitalibera.org\/community\/2026\/04\/25\/klar-komme-ich-klar-nur-nicht-mit-euren-annahmen\/","title":{"rendered":"Klar komme ich klar \u2013 nur nicht mit euren Annahmen!"},"content":{"rendered":"\n<div class=\"wp-block-media-text is-stacked-on-mobile\" style=\"grid-template-columns:33% auto\"><figure class=\"wp-block-media-text__media\"><img fetchpriority=\"high\" decoding=\"async\" width=\"345\" height=\"489\" src=\"https:\/\/www.vitalibera.org\/community\/wp-content\/uploads\/2026\/04\/4ab95bb85a376c22e68b1e9f888cd82a.jpg\" alt=\"\" class=\"wp-image-6915 size-full\" srcset=\"https:\/\/www.vitalibera.org\/community\/wp-content\/uploads\/2026\/04\/4ab95bb85a376c22e68b1e9f888cd82a.jpg 345w, https:\/\/www.vitalibera.org\/community\/wp-content\/uploads\/2026\/04\/4ab95bb85a376c22e68b1e9f888cd82a-212x300.jpg 212w\" sizes=\"(max-width: 345px) 100vw, 345px\" \/><\/figure><div class=\"wp-block-media-text__content\">\n<p>Wenn ein Schicksalsschlag das Leben ver&auml;ndert, reden viele von au&szlig;en pl&ouml;tzlich mit. Sie erkl&auml;ren, wie man sich f&uuml;hlen sollte, was &bdquo;normal&ldquo; w&auml;re oder warum man angeblich nur &bdquo;nicht klarkommt&ldquo;. Genau in solchen Momenten wird der Austausch mit anderen Betroffenen unverzichtbar.<\/p>\n\n\n\n<p><strong>Dass andere einem e<a href=\"https:\/\/www.vitalibera.org\/community\/enzyklopaedie\/inr\/\" target=\"_self\" title=\"Die&nbsp;International Normalized Ratio (INR)&nbsp;ist ein&nbsp;weltweit standardisierter Laborwert zur Messung der Blutgerinnungszeit, insbesondere bei der Einnahme von Gerinnungshemmern wie Marcumar. Ein INR-Wert um 1,0 ist normal, w&auml;hrend bei einer Therapie meist Werte zwischen 2,0 und 3,5 angestrebt werden, um Thrombosen zu verhindern.\" class=\"encyclopedia\">inr<\/a>eden wollen, das Problem sei nicht der Schicksalsschlag &ndash; sondern man selbst, weil man &bdquo;nicht klarkomme&ldquo;.<\/strong> Das ist eine subtile Form von Schuldumkehr. Und sie passiert Betroffenen leider st&auml;ndig.<\/p>\n\n\n\n<p>&ldquo;<strong><em>Ich bleibe bei mir, auch wenn andere es anders sehen.<\/em><\/strong>&ldquo;<\/p>\n<\/div><\/div>\n\n\n\n<h5 class=\"wp-block-heading\"><strong>Was dahinter steckt<\/strong><\/h5>\n\n\n\n<ul class=\"wp-block-list\">\n<li><strong>Systeme, die &uuml;berfordert sind<\/strong>, schieben Verantwortung gern auf die Einzelperson.<\/li>\n\n\n\n<li><strong>Angeh&ouml;rige oder Fachpersonen<\/strong>, die keine Worte f&uuml;r das Ausma&szlig; der Ver&auml;nderung haben, greifen zu psychologisierenden Erkl&auml;rungen.<\/li>\n\n\n\n<li><strong>Die Gesellschaft<\/strong> liebt die Erz&auml;hlung vom &bdquo;starken K&auml;mpfer&ldquo;, der alles wegsteckt &ndash; und blendet aus, dass echte Barrieren strukturell sind.<\/li>\n<\/ul>\n\n\n\n<h5 class=\"wp-block-heading\"><strong>Was in Wahrheit stimmt<\/strong><\/h5>\n\n\n\n<ul class=\"wp-block-list\">\n<li>Ein Schicksalsschlag ver&auml;ndert Rahmenbedingungen, nicht den Kern des Ich.<\/li>\n\n\n\n<li>Schwierigkeiten entstehen <strong>nicht<\/strong>, weil man &bdquo;nicht klarkommt&ldquo;, sondern weil man <strong>unterst&uuml;tzt, entlastet, ernst genommen und autonom gelassen werden muss<\/strong>.<\/li>\n\n\n\n<li>Die Anpassung ist kein pers&ouml;nliches Versagen, sondern eine <strong>normale Reaktion auf eine unnormale Situation<\/strong>.<\/li>\n<\/ul>\n\n\n\n<h5 class=\"wp-block-heading\"><strong>Ein Satz, der das auf den Punkt bringt<\/strong><\/h5>\n\n\n\n<blockquote class=\"wp-block-quote is-layout-flow wp-block-quote-is-layout-flow\">\n<p><strong>&bdquo;Ich komme klar &ndash; nur nicht mit den Barrieren, die ihr mir hinstellt.&ldquo;<\/strong><\/p>\n\n\n\n<p>Oder noch sch&auml;rfer: <strong>&bdquo;Nicht ich bin das Problem. Das Problem ist, dass ihr meinen Schicksalsschlag falsch deutet.&ldquo;<\/strong><\/p>\n<\/blockquote>\n\n\n\n<div class=\"wp-block-media-text is-stacked-on-mobile is-vertically-aligned-top\" style=\"grid-template-columns:36% auto\"><figure class=\"wp-block-media-text__media\"><img decoding=\"async\" width=\"302\" height=\"277\" src=\"http:\/\/www.vitalibera.org\/community\/wp-content\/uploads\/2026\/03\/tip3.png\" alt=\"\" class=\"wp-image-6087 size-full\" srcset=\"https:\/\/www.vitalibera.org\/community\/wp-content\/uploads\/2026\/03\/tip3.png 302w, https:\/\/www.vitalibera.org\/community\/wp-content\/uploads\/2026\/03\/tip3-300x275.png 300w\" sizes=\"(max-width: 302px) 100vw, 302px\" \/><\/figure><div class=\"wp-block-media-text__content\">\n<p>Manchmal reden andere so laut &uuml;ber dein Leben, dass sie vergessen, wer es eigentlich lebt. Sie erkl&auml;ren dir, wie du dich f&uuml;hlen solltest. Wie schnell du &bdquo;wieder funktionieren&ldquo; m&uuml;sstest. Was normal w&auml;re. Was angeblich dein Problem ist.<\/p>\n\n\n\n<p>Doch das ist nicht ihre Entscheidung.<\/p>\n\n\n\n<p>Ein Schicksalsschlag ver&auml;ndert vieles &ndash; aber nicht deine Deutungshoheit. Du wei&szlig;t, was du erlebst. Du wei&szlig;t, was schwer ist. Du wei&szlig;t, was hilft und was schadet.<\/p>\n\n\n\n<p>Sich nichts e<a href=\"https:\/\/www.vitalibera.org\/community\/enzyklopaedie\/inr\/\" target=\"_self\" title=\"Die&nbsp;International Normalized Ratio (INR)&nbsp;ist ein&nbsp;weltweit standardisierter Laborwert zur Messung der Blutgerinnungszeit, insbesondere bei der Einnahme von Gerinnungshemmern wie Marcumar. Ein INR-Wert um 1,0 ist normal, w&auml;hrend bei einer Therapie meist Werte zwischen 2,0 und 3,5 angestrebt werden, um Thrombosen zu verhindern.\" class=\"encyclopedia\">inr<\/a>eden zu lassen hei&szlig;t nicht, stur zu sein. Es hei&szlig;t: <strong>bei sich bleiben<\/strong>, auch wenn andere ihre Geschichten &uuml;ber dich schreiben wollen. Es hei&szlig;t: <strong>dein Erleben ernst nehmen<\/strong>, auch wenn andere es kle<a href=\"https:\/\/www.vitalibera.org\/community\/enzyklopaedie\/inr\/\" target=\"_self\" title=\"Die&nbsp;International Normalized Ratio (INR)&nbsp;ist ein&nbsp;weltweit standardisierter Laborwert zur Messung der Blutgerinnungszeit, insbesondere bei der Einnahme von Gerinnungshemmern wie Marcumar. Ein INR-Wert um 1,0 ist normal, w&auml;hrend bei einer Therapie meist Werte zwischen 2,0 und 3,5 angestrebt werden, um Thrombosen zu verhindern.\" class=\"encyclopedia\">inr<\/a>eden. Es hei&szlig;t: <strong>deine Grenzen sch&uuml;tzen<\/strong>, auch wenn andere sie nicht sehen.<\/p>\n\n\n\n<p>Du bist nicht verpflichtet, fremde Erkl&auml;rungen zu &uuml;bernehmen. Du bist verpflichtet, dir selbst treu zu bleiben.<\/p>\n\n\n\n<p>Hier ist ein <strong>sofort entsch&auml;rfter, kurzer Satz<\/strong>, der die gleiche Botschaft tr&auml;gt &ndash; aber ruhiger, weniger konfrontativ, ohne Sch&auml;rfe:<\/p>\n\n\n\n<p><strong>&bdquo;Ich bleibe bei meinem eigenen Erleben.&ldquo;<\/strong><\/p>\n\n\n\n<p>Weitere sanfte Varianten, je nach Ton:<\/p>\n\n\n\n<ul class=\"wp-block-list\">\n<li><strong>&bdquo;Ich h&ouml;re zu &ndash; aber ich &uuml;bernehme nicht alles.&ldquo;<\/strong><\/li>\n\n\n\n<li><strong>&bdquo;Ich pr&uuml;fe, was f&uuml;r mich stimmt.&ldquo;<\/strong><\/li>\n\n\n\n<li><strong>&bdquo;Ich lasse Raum f&uuml;r meine eigene Sicht.&ldquo;<\/strong><\/li>\n\n\n\n<li><strong>&bdquo;Ich nehme ernst, was ich selbst wahrnehme.&ldquo;<\/strong><\/li>\n<\/ul>\n\n\n\n<p>Der Austausch mit anderen Betroffenen ist hier <strong>nicht nur hilfreich &ndash; er ist der Schl&uuml;ssel<\/strong>, um sich <em>nichts e<a href=\"https:\/\/www.vitalibera.org\/community\/enzyklopaedie\/inr\/\" target=\"_self\" title=\"Die&nbsp;International Normalized Ratio (INR)&nbsp;ist ein&nbsp;weltweit standardisierter Laborwert zur Messung der Blutgerinnungszeit, insbesondere bei der Einnahme von Gerinnungshemmern wie Marcumar. Ein INR-Wert um 1,0 ist normal, w&auml;hrend bei einer Therapie meist Werte zwischen 2,0 und 3,5 angestrebt werden, um Thrombosen zu verhindern.\" class=\"encyclopedia\">inr<\/a>eden zu lassen<\/em> und bei der eigenen Wahrnehmung zu bleiben.<\/p>\n<\/div><\/div>\n\n\n\n<h5 class=\"wp-block-heading\"><strong>Warum Austausch genau in diesem Kontext so wichtig ist<\/strong><\/h5>\n\n\n\n<h6 class=\"wp-block-heading\"><strong>1) Best&auml;tigung der eigenen Realit&auml;t<\/strong><\/h6>\n\n\n\n<p>Wenn andere dir etwas e<a href=\"https:\/\/www.vitalibera.org\/community\/enzyklopaedie\/inr\/\" target=\"_self\" title=\"Die&nbsp;International Normalized Ratio (INR)&nbsp;ist ein&nbsp;weltweit standardisierter Laborwert zur Messung der Blutgerinnungszeit, insbesondere bei der Einnahme von Gerinnungshemmern wie Marcumar. Ein INR-Wert um 1,0 ist normal, w&auml;hrend bei einer Therapie meist Werte zwischen 2,0 und 3,5 angestrebt werden, um Thrombosen zu verhindern.\" class=\"encyclopedia\">inr<\/a>eden wollen (&bdquo;du kommst nur nicht klar&ldquo;, &bdquo;du &uuml;bertreibst&ldquo;), entsteht schnell Selbstzweifel. Andere <a href=\"https:\/\/www.vitalibera.org\/community\/2026\/04\/19\/wenn-reize-laut-werden-und-menschen-leise\/\">Betroffene<\/a> sagen dir: <strong>&bdquo;Nein, du bildest dir das nicht ein. Ich kenne das. Es ist real.&ldquo;<\/strong> Diese Spiegelung stabilisiert.<\/p>\n\n\n\n<h6 class=\"wp-block-heading\"><strong>2) Schutz vor Fremdnarrativen<\/strong><\/h6>\n\n\n\n<p>Fremde Deutungen wirken schw&auml;cher, wenn du Stimmen h&ouml;rst, die dein Erleben teilen. Gemeinschaft macht dich widerstandsf&auml;higer gegen Schuldumkehr und Psychologisierung.<\/p>\n\n\n\n<h6 class=\"wp-block-heading\"><strong>3) Erfahrungswissen statt Theorie<\/strong><\/h6>\n\n\n\n<p>Betroffene haben Wissen, das kein Lehrbuch liefert:<\/p>\n\n\n\n<ul class=\"wp-block-list\">\n<li>Wie Fatigue sich <em>wirklich<\/em> anf&uuml;hlt<\/li>\n\n\n\n<li>Wie Reiz&uuml;berflutung den Alltag ver&auml;ndert<\/li>\n\n\n\n<li>Wie soziale Dynamiken kippen Dieses Wissen hilft dir, deine eigene Wahrnehmung einzuordnen &ndash; und nicht zu &uuml;bernehmen, was andere behaupten.<\/li>\n<\/ul>\n\n\n\n<h6 class=\"wp-block-heading\"><strong>4) St&auml;rkung der eigenen Deutungshoheit<\/strong><\/h6>\n\n\n\n<p>Im Austausch lernst du, deine Grenzen klarer zu benennen. Du merkst: <strong>&bdquo;Ich darf meine Sicht behalten &ndash; auch wenn andere sie nicht verstehen.&ldquo;<\/strong><\/p>\n\n\n\n<h6 class=\"wp-block-heading\"><strong>5) Gemeinsame Sprache, gemeinsamer Mut<\/strong><\/h6>\n\n\n\n<p>Betroffene finden Worte, die du selbst vielleicht noch suchst. Das macht es leichter, gegen&uuml;ber Au&szlig;enstehenden ruhig und klar zu bleiben.<\/p>\n\n\n\n<div class=\"wp-block-media-text is-stacked-on-mobile is-vertically-aligned-top\"><figure class=\"wp-block-media-text__media\"><img decoding=\"async\" width=\"259\" height=\"240\" src=\"http:\/\/www.vitalibera.org\/community\/wp-content\/uploads\/2026\/03\/dbc5972683099460054d3dbc8212a892-1.jpg\" alt=\"\" class=\"wp-image-6333 size-full\"><\/figure><div class=\"wp-block-media-text__content\">\n<p><em>&bdquo;Austausch sch&uuml;tzt vor E<a href=\"https:\/\/www.vitalibera.org\/community\/enzyklopaedie\/inr\/\" target=\"_self\" title=\"Die&nbsp;International Normalized Ratio (INR)&nbsp;ist ein&nbsp;weltweit standardisierter Laborwert zur Messung der Blutgerinnungszeit, insbesondere bei der Einnahme von Gerinnungshemmern wie Marcumar. Ein INR-Wert um 1,0 ist normal, w&auml;hrend bei einer Therapie meist Werte zwischen 2,0 und 3,5 angestrebt werden, um Thrombosen zu verhindern.\" class=\"encyclopedia\">inr<\/a>eden &ndash; weil Betroffene einander die Realit&auml;t zur&uuml;ckgeben.&ldquo;<\/em><\/p>\n\n\n\n<p>Denn Menschen, die &Auml;hnliches erlebt haben, best&auml;tigen nicht nur die eigene Wahrnehmung &ndash; sie geben Sprache, Orientierung und Halt. Sie wissen aus Erfahrung, wie sich Ver&auml;nderungen wirklich anf&uuml;hlen, welche Barrieren im Alltag auftauchen und wie schnell Au&szlig;enstehende falsche Deutungen setzen.<\/p>\n\n\n\n<p>Im Gespr&auml;ch mit Betroffenen entsteht ein Raum, in dem man nichts erkl&auml;ren oder rechtfertigen muss. Ein Raum, in dem das eigene Erleben z&auml;hlt. Und genau dieser Raum macht es leichter, bei sich zu bleiben und sich nichts e<a href=\"https:\/\/www.vitalibera.org\/community\/enzyklopaedie\/inr\/\" target=\"_self\" title=\"Die&nbsp;International Normalized Ratio (INR)&nbsp;ist ein&nbsp;weltweit standardisierter Laborwert zur Messung der Blutgerinnungszeit, insbesondere bei der Einnahme von Gerinnungshemmern wie Marcumar. Ein INR-Wert um 1,0 ist normal, w&auml;hrend bei einer Therapie meist Werte zwischen 2,0 und 3,5 angestrebt werden, um Thrombosen zu verhindern.\" class=\"encyclopedia\">inr<\/a>eden zu lassen.<\/p>\n\n\n\n<p>Hier geht es direkt zum vitalibera <a href=\"https:\/\/www.vitalibera.org\/community\/forum\/\">Gespr&auml;chsforum<\/a> oder zu unserer <a href=\"https:\/\/www.facebook.com\/groups\/2997085857140235\" target=\"_blank\" rel=\"noreferrer noopener\">Facebook-Gruppe<\/a><\/p>\n<\/div><\/div>\n","protected":false},"excerpt":{"rendered":"<p>Wenn ein Schicksalsschlag das Leben ver\u00e4ndert, reden viele von au\u00dfen pl\u00f6tzlich mit. Sie erkl\u00e4ren, wie man sich f\u00fchlen sollte, was \u201enormal\u201c w\u00e4re oder warum man angeblich nur \u201enicht klarkommt\u201c. Genau in solchen Momenten wird der Austausch mit anderen Betroffenen unverzichtbar. Dass andere einem einreden wollen, das Problem sei nicht der Schicksalsschlag \u2013 sondern man selbst, &#8230; <a title=\"Klar komme ich klar \u2013 nur nicht mit euren Annahmen!\" class=\"read-more\" href=\"https:\/\/www.vitalibera.org\/community\/2026\/04\/25\/klar-komme-ich-klar-nur-nicht-mit-euren-annahmen\/\" aria-label=\"Mehr Informationen \u00fcber Klar komme ich klar \u2013 nur nicht mit euren Annahmen!\">Weiterlesen<\/a><\/p>\n","protected":false},"author":2,"featured_media":6915,"comment_status":"open","ping_status":"open","sticky":false,"template":"","format":"standard","meta":{"cybocfi_hide_featured_image":"yes","_jetpack_memberships_contains_paid_content":false,"footnotes":""},"categories":[492,225],"tags":[],"class_list":["post-6914","post","type-post","status-publish","format-standard","has-post-thumbnail","hentry","category-alltagsnavigation","category-hilfe-fuer-angehoerige"],"yoast_head":"<!-- This site is optimized with the Yoast SEO plugin v27.4 - https:\/\/yoast.com\/product\/yoast-seo-wordpress\/ -->\r\n<title>Klar komme ich klar \u2013 nur nicht mit euren Annahmen! - vitalibera.org<\/title>\r\n<meta name=\"robots\" content=\"index, follow, max-snippet:-1, max-image-preview:large, max-video-preview:-1\" \/>\r\n<link rel=\"canonical\" href=\"https:\/\/www.vitalibera.org\/community\/2026\/04\/25\/klar-komme-ich-klar-nur-nicht-mit-euren-annahmen\/\" \/>\r\n<meta property=\"og:locale\" content=\"de_DE\" \/>\r\n<meta property=\"og:type\" content=\"article\" \/>\r\n<meta property=\"og:title\" content=\"Klar komme ich klar \u2013 nur nicht mit euren Annahmen! - vitalibera.org\" \/>\r\n<meta property=\"og:description\" content=\"Wenn ein Schicksalsschlag das Leben ver\u00e4ndert, reden viele von au\u00dfen pl\u00f6tzlich mit. Sie erkl\u00e4ren, wie man sich f\u00fchlen sollte, was \u201enormal\u201c w\u00e4re oder warum man angeblich nur \u201enicht klarkommt\u201c. Genau in solchen Momenten wird der Austausch mit anderen Betroffenen unverzichtbar. Dass andere einem einreden wollen, das Problem sei nicht der Schicksalsschlag \u2013 sondern man selbst, ... Weiterlesen\" \/>\r\n<meta property=\"og:url\" content=\"https:\/\/www.vitalibera.org\/community\/2026\/04\/25\/klar-komme-ich-klar-nur-nicht-mit-euren-annahmen\/\" \/>\r\n<meta property=\"og:site_name\" content=\"vitalibera.org\" \/>\r\n<meta property=\"article:publisher\" content=\"https:\/\/www.facebook.com\/groups\/2997085857140235\" \/>\r\n<meta property=\"article:published_time\" content=\"2026-04-25T06:31:16+00:00\" \/>\r\n<meta property=\"article:modified_time\" content=\"2026-04-25T06:33:01+00:00\" \/>\r\n<meta property=\"og:image\" content=\"http:\/\/www.vitalibera.org\/community\/wp-content\/uploads\/2026\/04\/4ab95bb85a376c22e68b1e9f888cd82a.jpg\" \/>\r\n\t<meta property=\"og:image:width\" content=\"345\" \/>\r\n\t<meta property=\"og:image:height\" content=\"489\" \/>\r\n\t<meta property=\"og:image:type\" content=\"image\/jpeg\" \/>\r\n<meta name=\"author\" content=\"Andreas Jecklin\" \/>\r\n<meta name=\"twitter:card\" content=\"summary_large_image\" \/>\r\n<meta name=\"twitter:label1\" content=\"Verfasst von\" \/>\n\t<meta name=\"twitter:data1\" content=\"Andreas Jecklin\" \/>\n\t<meta name=\"twitter:label2\" content=\"Gesch\u00e4tzte Lesezeit\" \/>\n\t<meta name=\"twitter:data2\" content=\"5\u00a0Minuten\" \/>\r\n<script type=\"application\/ld+json\" class=\"yoast-schema-graph\">{\"@context\":\"https:\\\/\\\/schema.org\",\"@graph\":[{\"@type\":\"Article\",\"@id\":\"https:\\\/\\\/www.vitalibera.org\\\/community\\\/2026\\\/04\\\/25\\\/klar-komme-ich-klar-nur-nicht-mit-euren-annahmen\\\/#article\",\"isPartOf\":{\"@id\":\"https:\\\/\\\/www.vitalibera.org\\\/community\\\/2026\\\/04\\\/25\\\/klar-komme-ich-klar-nur-nicht-mit-euren-annahmen\\\/\"},\"author\":{\"name\":\"Andreas Jecklin\",\"@id\":\"https:\\\/\\\/www.vitalibera.org\\\/community\\\/#\\\/schema\\\/person\\\/6712387298421f222ff6d0a2e22c1534\"},\"headline\":\"Klar komme ich klar \u2013 nur nicht mit euren Annahmen!\",\"datePublished\":\"2026-04-25T06:31:16+00:00\",\"dateModified\":\"2026-04-25T06:33:01+00:00\",\"mainEntityOfPage\":{\"@id\":\"https:\\\/\\\/www.vitalibera.org\\\/community\\\/2026\\\/04\\\/25\\\/klar-komme-ich-klar-nur-nicht-mit-euren-annahmen\\\/\"},\"wordCount\":758,\"commentCount\":0,\"publisher\":{\"@id\":\"https:\\\/\\\/www.vitalibera.org\\\/community\\\/#organization\"},\"image\":{\"@id\":\"https:\\\/\\\/www.vitalibera.org\\\/community\\\/2026\\\/04\\\/25\\\/klar-komme-ich-klar-nur-nicht-mit-euren-annahmen\\\/#primaryimage\"},\"thumbnailUrl\":\"https:\\\/\\\/www.vitalibera.org\\\/community\\\/wp-content\\\/uploads\\\/2026\\\/04\\\/4ab95bb85a376c22e68b1e9f888cd82a.jpg\",\"articleSection\":[\"Alltagsnavigation\",\"Hilfe f\u00fcr Angeh\u00f6rige\"],\"inLanguage\":\"de\",\"potentialAction\":[{\"@type\":\"CommentAction\",\"name\":\"Comment\",\"target\":[\"https:\\\/\\\/www.vitalibera.org\\\/community\\\/2026\\\/04\\\/25\\\/klar-komme-ich-klar-nur-nicht-mit-euren-annahmen\\\/#respond\"]}]},{\"@type\":\"WebPage\",\"@id\":\"https:\\\/\\\/www.vitalibera.org\\\/community\\\/2026\\\/04\\\/25\\\/klar-komme-ich-klar-nur-nicht-mit-euren-annahmen\\\/\",\"url\":\"https:\\\/\\\/www.vitalibera.org\\\/community\\\/2026\\\/04\\\/25\\\/klar-komme-ich-klar-nur-nicht-mit-euren-annahmen\\\/\",\"name\":\"Klar komme ich klar \u2013 nur nicht mit euren Annahmen! - vitalibera.org\",\"isPartOf\":{\"@id\":\"https:\\\/\\\/www.vitalibera.org\\\/community\\\/#website\"},\"primaryImageOfPage\":{\"@id\":\"https:\\\/\\\/www.vitalibera.org\\\/community\\\/2026\\\/04\\\/25\\\/klar-komme-ich-klar-nur-nicht-mit-euren-annahmen\\\/#primaryimage\"},\"image\":{\"@id\":\"https:\\\/\\\/www.vitalibera.org\\\/community\\\/2026\\\/04\\\/25\\\/klar-komme-ich-klar-nur-nicht-mit-euren-annahmen\\\/#primaryimage\"},\"thumbnailUrl\":\"https:\\\/\\\/www.vitalibera.org\\\/community\\\/wp-content\\\/uploads\\\/2026\\\/04\\\/4ab95bb85a376c22e68b1e9f888cd82a.jpg\",\"datePublished\":\"2026-04-25T06:31:16+00:00\",\"dateModified\":\"2026-04-25T06:33:01+00:00\",\"breadcrumb\":{\"@id\":\"https:\\\/\\\/www.vitalibera.org\\\/community\\\/2026\\\/04\\\/25\\\/klar-komme-ich-klar-nur-nicht-mit-euren-annahmen\\\/#breadcrumb\"},\"inLanguage\":\"de\",\"potentialAction\":[{\"@type\":\"ReadAction\",\"target\":[\"https:\\\/\\\/www.vitalibera.org\\\/community\\\/2026\\\/04\\\/25\\\/klar-komme-ich-klar-nur-nicht-mit-euren-annahmen\\\/\"]}]},{\"@type\":\"BreadcrumbList\",\"@id\":\"https:\\\/\\\/www.vitalibera.org\\\/community\\\/2026\\\/04\\\/25\\\/klar-komme-ich-klar-nur-nicht-mit-euren-annahmen\\\/#breadcrumb\",\"itemListElement\":[{\"@type\":\"ListItem\",\"position\":1,\"name\":\"Startseite\",\"item\":\"https:\\\/\\\/www.vitalibera.org\\\/community\\\/\"},{\"@type\":\"ListItem\",\"position\":2,\"name\":\"Klar komme ich klar \u2013 nur nicht mit euren Annahmen!\"}]},{\"@type\":\"WebSite\",\"@id\":\"https:\\\/\\\/www.vitalibera.org\\\/community\\\/#website\",\"url\":\"https:\\\/\\\/www.vitalibera.org\\\/community\\\/\",\"name\":\"vitalibera.org\",\"description\":\"Mit einer Einschr&auml;nkung gestaltet sich das Leben im Alltag oft schwieriger - hier berichten wir &uuml;ber unsere Erfahrungen und Hilfsmittel um den Alltag so unbeschwert und unkompliziert wie nur m&ouml;glich geniessen zu k&ouml;nnen. Dabei richten wir unseren Fokus gezielt auf Selbst&auml;ndigkeit, Eigenst&auml;ndigkeit und Selbstbestimmung.\",\"publisher\":{\"@id\":\"https:\\\/\\\/www.vitalibera.org\\\/community\\\/#organization\"},\"potentialAction\":[{\"@type\":\"SearchAction\",\"target\":{\"@type\":\"EntryPoint\",\"urlTemplate\":\"https:\\\/\\\/www.vitalibera.org\\\/community\\\/?s={search_term_string}\"},\"query-input\":{\"@type\":\"PropertyValueSpecification\",\"valueRequired\":true,\"valueName\":\"search_term_string\"}}],\"inLanguage\":\"de\"},{\"@type\":\"Organization\",\"@id\":\"https:\\\/\\\/www.vitalibera.org\\\/community\\\/#organization\",\"name\":\"vitalibera.org\",\"url\":\"https:\\\/\\\/www.vitalibera.org\\\/community\\\/\",\"logo\":{\"@type\":\"ImageObject\",\"inLanguage\":\"de\",\"@id\":\"https:\\\/\\\/www.vitalibera.org\\\/community\\\/#\\\/schema\\\/logo\\\/image\\\/\",\"url\":\"https:\\\/\\\/www.vitalibera.org\\\/community\\\/wp-content\\\/uploads\\\/2025\\\/09\\\/cropped-banner.png\",\"contentUrl\":\"https:\\\/\\\/www.vitalibera.org\\\/community\\\/wp-content\\\/uploads\\\/2025\\\/09\\\/cropped-banner.png\",\"width\":991,\"height\":150,\"caption\":\"vitalibera.org\"},\"image\":{\"@id\":\"https:\\\/\\\/www.vitalibera.org\\\/community\\\/#\\\/schema\\\/logo\\\/image\\\/\"},\"sameAs\":[\"https:\\\/\\\/www.facebook.com\\\/groups\\\/2997085857140235\"]},{\"@type\":\"Person\",\"@id\":\"https:\\\/\\\/www.vitalibera.org\\\/community\\\/#\\\/schema\\\/person\\\/6712387298421f222ff6d0a2e22c1534\",\"name\":\"Andreas Jecklin\",\"image\":{\"@type\":\"ImageObject\",\"inLanguage\":\"de\",\"@id\":\"https:\\\/\\\/secure.gravatar.com\\\/avatar\\\/ad516503a11cd5ca435acc9bb6523536?s=96\",\"url\":\"https:\\\/\\\/secure.gravatar.com\\\/avatar\\\/ad516503a11cd5ca435acc9bb6523536?s=96\",\"contentUrl\":\"https:\\\/\\\/secure.gravatar.com\\\/avatar\\\/ad516503a11cd5ca435acc9bb6523536?s=96\",\"caption\":\"Andreas Jecklin\"},\"description\":\"Manchen gab Gott die Kraft Dinge zu ver\u00e4ndern, mir gab er die Kraft zu ertragen was nicht mehr zu \u00e4ndern ist.\",\"url\":\"https:\\\/\\\/www.vitalibera.org\\\/community\\\/author\\\/andy77\\\/\"}]}<\/script>\r\n<!-- \/ Yoast SEO plugin. -->","yoast_head_json":{"title":"Klar komme ich klar \u2013 nur nicht mit euren Annahmen! - vitalibera.org","robots":{"index":"index","follow":"follow","max-snippet":"max-snippet:-1","max-image-preview":"max-image-preview:large","max-video-preview":"max-video-preview:-1"},"canonical":"https:\/\/www.vitalibera.org\/community\/2026\/04\/25\/klar-komme-ich-klar-nur-nicht-mit-euren-annahmen\/","og_locale":"de_DE","og_type":"article","og_title":"Klar komme ich klar \u2013 nur nicht mit euren Annahmen! - vitalibera.org","og_description":"Wenn ein Schicksalsschlag das Leben ver\u00e4ndert, reden viele von au\u00dfen pl\u00f6tzlich mit. Sie erkl\u00e4ren, wie man sich f\u00fchlen sollte, was \u201enormal\u201c w\u00e4re oder warum man angeblich nur \u201enicht klarkommt\u201c. Genau in solchen Momenten wird der Austausch mit anderen Betroffenen unverzichtbar. Dass andere einem einreden wollen, das Problem sei nicht der Schicksalsschlag \u2013 sondern man selbst, ... Weiterlesen","og_url":"https:\/\/www.vitalibera.org\/community\/2026\/04\/25\/klar-komme-ich-klar-nur-nicht-mit-euren-annahmen\/","og_site_name":"vitalibera.org","article_publisher":"https:\/\/www.facebook.com\/groups\/2997085857140235","article_published_time":"2026-04-25T06:31:16+00:00","article_modified_time":"2026-04-25T06:33:01+00:00","og_image":[{"width":345,"height":489,"url":"http:\/\/www.vitalibera.org\/community\/wp-content\/uploads\/2026\/04\/4ab95bb85a376c22e68b1e9f888cd82a.jpg","type":"image\/jpeg"}],"author":"Andreas Jecklin","twitter_card":"summary_large_image","twitter_misc":{"Verfasst von":"Andreas Jecklin","Gesch\u00e4tzte Lesezeit":"5\u00a0Minuten"},"schema":{"@context":"https:\/\/schema.org","@graph":[{"@type":"Article","@id":"https:\/\/www.vitalibera.org\/community\/2026\/04\/25\/klar-komme-ich-klar-nur-nicht-mit-euren-annahmen\/#article","isPartOf":{"@id":"https:\/\/www.vitalibera.org\/community\/2026\/04\/25\/klar-komme-ich-klar-nur-nicht-mit-euren-annahmen\/"},"author":{"name":"Andreas Jecklin","@id":"https:\/\/www.vitalibera.org\/community\/#\/schema\/person\/6712387298421f222ff6d0a2e22c1534"},"headline":"Klar komme ich klar \u2013 nur nicht mit euren Annahmen!","datePublished":"2026-04-25T06:31:16+00:00","dateModified":"2026-04-25T06:33:01+00:00","mainEntityOfPage":{"@id":"https:\/\/www.vitalibera.org\/community\/2026\/04\/25\/klar-komme-ich-klar-nur-nicht-mit-euren-annahmen\/"},"wordCount":758,"commentCount":0,"publisher":{"@id":"https:\/\/www.vitalibera.org\/community\/#organization"},"image":{"@id":"https:\/\/www.vitalibera.org\/community\/2026\/04\/25\/klar-komme-ich-klar-nur-nicht-mit-euren-annahmen\/#primaryimage"},"thumbnailUrl":"https:\/\/www.vitalibera.org\/community\/wp-content\/uploads\/2026\/04\/4ab95bb85a376c22e68b1e9f888cd82a.jpg","articleSection":["Alltagsnavigation","Hilfe f\u00fcr Angeh\u00f6rige"],"inLanguage":"de","potentialAction":[{"@type":"CommentAction","name":"Comment","target":["https:\/\/www.vitalibera.org\/community\/2026\/04\/25\/klar-komme-ich-klar-nur-nicht-mit-euren-annahmen\/#respond"]}]},{"@type":"WebPage","@id":"https:\/\/www.vitalibera.org\/community\/2026\/04\/25\/klar-komme-ich-klar-nur-nicht-mit-euren-annahmen\/","url":"https:\/\/www.vitalibera.org\/community\/2026\/04\/25\/klar-komme-ich-klar-nur-nicht-mit-euren-annahmen\/","name":"Klar komme ich klar \u2013 nur nicht mit euren Annahmen! - vitalibera.org","isPartOf":{"@id":"https:\/\/www.vitalibera.org\/community\/#website"},"primaryImageOfPage":{"@id":"https:\/\/www.vitalibera.org\/community\/2026\/04\/25\/klar-komme-ich-klar-nur-nicht-mit-euren-annahmen\/#primaryimage"},"image":{"@id":"https:\/\/www.vitalibera.org\/community\/2026\/04\/25\/klar-komme-ich-klar-nur-nicht-mit-euren-annahmen\/#primaryimage"},"thumbnailUrl":"https:\/\/www.vitalibera.org\/community\/wp-content\/uploads\/2026\/04\/4ab95bb85a376c22e68b1e9f888cd82a.jpg","datePublished":"2026-04-25T06:31:16+00:00","dateModified":"2026-04-25T06:33:01+00:00","breadcrumb":{"@id":"https:\/\/www.vitalibera.org\/community\/2026\/04\/25\/klar-komme-ich-klar-nur-nicht-mit-euren-annahmen\/#breadcrumb"},"inLanguage":"de","potentialAction":[{"@type":"ReadAction","target":["https:\/\/www.vitalibera.org\/community\/2026\/04\/25\/klar-komme-ich-klar-nur-nicht-mit-euren-annahmen\/"]}]},{"@type":"BreadcrumbList","@id":"https:\/\/www.vitalibera.org\/community\/2026\/04\/25\/klar-komme-ich-klar-nur-nicht-mit-euren-annahmen\/#breadcrumb","itemListElement":[{"@type":"ListItem","position":1,"name":"Startseite","item":"https:\/\/www.vitalibera.org\/community\/"},{"@type":"ListItem","position":2,"name":"Klar komme ich klar \u2013 nur nicht mit euren Annahmen!"}]},{"@type":"WebSite","@id":"https:\/\/www.vitalibera.org\/community\/#website","url":"https:\/\/www.vitalibera.org\/community\/","name":"vitalibera.org","description":"Mit einer Einschr&auml;nkung gestaltet sich das Leben im Alltag oft schwieriger - hier berichten wir &uuml;ber unsere Erfahrungen und Hilfsmittel um den Alltag so unbeschwert und unkompliziert wie nur m&ouml;glich geniessen zu k&ouml;nnen. Dabei richten wir unseren Fokus gezielt auf Selbst&auml;ndigkeit, Eigenst&auml;ndigkeit und Selbstbestimmung.","publisher":{"@id":"https:\/\/www.vitalibera.org\/community\/#organization"},"potentialAction":[{"@type":"SearchAction","target":{"@type":"EntryPoint","urlTemplate":"https:\/\/www.vitalibera.org\/community\/?s={search_term_string}"},"query-input":{"@type":"PropertyValueSpecification","valueRequired":true,"valueName":"search_term_string"}}],"inLanguage":"de"},{"@type":"Organization","@id":"https:\/\/www.vitalibera.org\/community\/#organization","name":"vitalibera.org","url":"https:\/\/www.vitalibera.org\/community\/","logo":{"@type":"ImageObject","inLanguage":"de","@id":"https:\/\/www.vitalibera.org\/community\/#\/schema\/logo\/image\/","url":"https:\/\/www.vitalibera.org\/community\/wp-content\/uploads\/2025\/09\/cropped-banner.png","contentUrl":"https:\/\/www.vitalibera.org\/community\/wp-content\/uploads\/2025\/09\/cropped-banner.png","width":991,"height":150,"caption":"vitalibera.org"},"image":{"@id":"https:\/\/www.vitalibera.org\/community\/#\/schema\/logo\/image\/"},"sameAs":["https:\/\/www.facebook.com\/groups\/2997085857140235"]},{"@type":"Person","@id":"https:\/\/www.vitalibera.org\/community\/#\/schema\/person\/6712387298421f222ff6d0a2e22c1534","name":"Andreas Jecklin","image":{"@type":"ImageObject","inLanguage":"de","@id":"https:\/\/secure.gravatar.com\/avatar\/ad516503a11cd5ca435acc9bb6523536?s=96","url":"https:\/\/secure.gravatar.com\/avatar\/ad516503a11cd5ca435acc9bb6523536?s=96","contentUrl":"https:\/\/secure.gravatar.com\/avatar\/ad516503a11cd5ca435acc9bb6523536?s=96","caption":"Andreas Jecklin"},"description":"Manchen gab Gott die Kraft Dinge zu ver\u00e4ndern, mir gab er die Kraft zu ertragen was nicht mehr zu \u00e4ndern ist.","url":"https:\/\/www.vitalibera.org\/community\/author\/andy77\/"}]}},"jetpack_featured_media_url":"https:\/\/www.vitalibera.org\/community\/wp-content\/uploads\/2026\/04\/4ab95bb85a376c22e68b1e9f888cd82a.jpg","jetpack_sharing_enabled":true,"jetpack-related-posts":[],"_links":{"self":[{"href":"https:\/\/www.vitalibera.org\/community\/wp-json\/wp\/v2\/posts\/6914","targetHints":{"allow":["GET"]}}],"collection":[{"href":"https:\/\/www.vitalibera.org\/community\/wp-json\/wp\/v2\/posts"}],"about":[{"href":"https:\/\/www.vitalibera.org\/community\/wp-json\/wp\/v2\/types\/post"}],"author":[{"embeddable":true,"href":"https:\/\/www.vitalibera.org\/community\/wp-json\/wp\/v2\/users\/2"}],"replies":[{"embeddable":true,"href":"https:\/\/www.vitalibera.org\/community\/wp-json\/wp\/v2\/comments?post=6914"}],"version-history":[{"count":1,"href":"https:\/\/www.vitalibera.org\/community\/wp-json\/wp\/v2\/posts\/6914\/revisions"}],"predecessor-version":[{"id":6916,"href":"https:\/\/www.vitalibera.org\/community\/wp-json\/wp\/v2\/posts\/6914\/revisions\/6916"}],"wp:featuredmedia":[{"embeddable":true,"href":"https:\/\/www.vitalibera.org\/community\/wp-json\/wp\/v2\/media\/6915"}],"wp:attachment":[{"href":"https:\/\/www.vitalibera.org\/community\/wp-json\/wp\/v2\/media?parent=6914"}],"wp:term":[{"taxonomy":"category","embeddable":true,"href":"https:\/\/www.vitalibera.org\/community\/wp-json\/wp\/v2\/categories?post=6914"},{"taxonomy":"post_tag","embeddable":true,"href":"https:\/\/www.vitalibera.org\/community\/wp-json\/wp\/v2\/tags?post=6914"}],"curies":[{"name":"wp","href":"https:\/\/api.w.org\/{rel}","templated":true}]}}