{"id":6934,"date":"2026-04-25T17:34:23","date_gmt":"2026-04-25T15:34:23","guid":{"rendered":"https:\/\/www.vitalibera.org\/community\/?p=6934"},"modified":"2026-04-25T17:35:55","modified_gmt":"2026-04-25T15:35:55","slug":"mein-gehirn-hat-ein-update-keinen-absturz","status":"publish","type":"post","link":"https:\/\/www.vitalibera.org\/community\/2026\/04\/25\/mein-gehirn-hat-ein-update-keinen-absturz\/","title":{"rendered":"Mein Gehirn hat ein Update \u2013 keinen Absturz!"},"content":{"rendered":"\n<div class=\"wp-block-media-text is-stacked-on-mobile is-vertically-aligned-top\"><figure class=\"wp-block-media-text__media\"><img fetchpriority=\"high\" decoding=\"async\" width=\"238\" height=\"250\" src=\"https:\/\/www.vitalibera.org\/community\/wp-content\/uploads\/2026\/04\/dffd3d0693f609a1e86ca5bea9f39525.jpg\" alt=\"\" class=\"wp-image-6935 size-full\"><\/figure><div class=\"wp-block-media-text__content\">\n<p><strong>Neurodivergent und stolz: Kein Bug, ein Feature!<\/strong><\/p>\n\n\n\n<p>Eine <a href=\"https:\/\/www.vitalibera.org\/community\/enzyklopaedie\/hirnverletzung\/\" target=\"_self\" title=\"Eine Hirnverletzung (oft als&nbsp;Sch&auml;del-Hirn-Trauma, SHT) ist eine&nbsp;Sch&auml;digung des Gehirns, verursacht durch &auml;u&szlig;ere Gewalteinwirkung (Unfall, Sturz) oder innere Faktoren (Schlaganfall, Tumor). Sie f&uuml;hrt zu k&ouml;rperlichen, kognitiven und verhaltensbezogenen Einschr&auml;nkungen, die oft unsichtbar bleiben. Symptome reichen von Kopfschmerzen bis zu schweren Behinderungen. Wichtige Aspekte der Hirnverletzung: Ursachen:&nbsp;H&auml;ufig durch Schlaganf&auml;lle, Hirnblutungen, Sauerstoffmangel oder St&uuml;rze\/Verkehrsunf&auml;lle (Sch&auml;del-Hirn-Trauma). Formen (SHT):&nbsp;Unterscheidung in&hellip;\" class=\"encyclopedia\">Hirnverletzung<\/a> ver&auml;ndert vieles &ndash; aber sie macht niemanden dumm. Sie beeinflusst Reizverarbeitung, Tempo, Energie und Belastbarkeit, nicht Intelligenz oder Pers&ouml;nlichkeit. <\/p>\n\n\n\n<p>Trotzdem begegnen <a href=\"https:\/\/www.vitalibera.org\/community\/2026\/04\/19\/wenn-reize-laut-werden-und-menschen-leise\/\">Betroffene<\/a> immer wieder der gleichen Reaktion: Man wird untersch&auml;tzt, belehrt oder behandelt, als h&auml;tte man den &Uuml;berblick verloren. Das liegt nicht an dir, sondern an gesellschaftlichen Vorstellungen, die Leistung mit Wert verwechseln und sichtbare Behinderungen ernster nehmen als unsichtbare. <\/p>\n\n\n\n<p>Wenn das Gehirn anders arbeitet, sehen viele nur das &bdquo;anders&ldquo; &ndash; und nicht den Menschen dahinter. Genau deshalb braucht es klare Sprache, Aufkl&auml;rung und Strukturen, die zeigen: <strong>Eine <a href=\"https:\/\/www.vitalibera.org\/community\/enzyklopaedie\/hirnverletzung\/\" target=\"_self\" title=\"Eine Hirnverletzung (oft als&nbsp;Sch&auml;del-Hirn-Trauma, SHT) ist eine&nbsp;Sch&auml;digung des Gehirns, verursacht durch &auml;u&szlig;ere Gewalteinwirkung (Unfall, Sturz) oder innere Faktoren (Schlaganfall, Tumor). Sie f&uuml;hrt zu k&ouml;rperlichen, kognitiven und verhaltensbezogenen Einschr&auml;nkungen, die oft unsichtbar bleiben. Symptome reichen von Kopfschmerzen bis zu schweren Behinderungen. Wichtige Aspekte der Hirnverletzung: Ursachen:&nbsp;H&auml;ufig durch Schlaganf&auml;lle, Hirnblutungen, Sauerstoffmangel oder St&uuml;rze\/Verkehrsunf&auml;lle (Sch&auml;del-Hirn-Trauma). Formen (SHT):&nbsp;Unterscheidung in&hellip;\" class=\"encyclopedia\">Hirnverletzung<\/a> ver&auml;ndert Funktionen, aber nicht den Kern eines Menschen<\/strong>.<br><br><\/p>\n<\/div><\/div>\n\n\n\n<p>Hier ist ein <strong>kleines, klares 1&times;1<\/strong>, wie du mit der Situation umgehen kannst, dass Menschen nach einer <a href=\"https:\/\/www.vitalibera.org\/community\/enzyklopaedie\/hirnverletzung\/\" target=\"_self\" title=\"Eine Hirnverletzung (oft als&nbsp;Sch&auml;del-Hirn-Trauma, SHT) ist eine&nbsp;Sch&auml;digung des Gehirns, verursacht durch &auml;u&szlig;ere Gewalteinwirkung (Unfall, Sturz) oder innere Faktoren (Schlaganfall, Tumor). Sie f&uuml;hrt zu k&ouml;rperlichen, kognitiven und verhaltensbezogenen Einschr&auml;nkungen, die oft unsichtbar bleiben. Symptome reichen von Kopfschmerzen bis zu schweren Behinderungen. Wichtige Aspekte der Hirnverletzung: Ursachen:&nbsp;H&auml;ufig durch Schlaganf&auml;lle, Hirnblutungen, Sauerstoffmangel oder St&uuml;rze\/Verkehrsunf&auml;lle (Sch&auml;del-Hirn-Trauma). Formen (SHT):&nbsp;Unterscheidung in&hellip;\" class=\"encyclopedia\">Hirnverletzung<\/a> oft automatisch an deiner Kompetenz zweifeln. Kurz, direkt, neurofreundlich &ndash; ein Werkzeug, kein Vortrag.<\/p>\n\n\n\n<h5 class=\"wp-block-heading\"><strong>Das kleine 1&times;1: &bdquo;Ich bin kein Idiot &ndash; ich habe eine Hirnverletzung.&ldquo;<\/strong><\/h5>\n\n\n\n<h6 class=\"wp-block-heading\"><strong>1. Benenne die Realit&auml;t, nicht die Bewertung<\/strong><\/h6>\n\n\n\n<ul class=\"wp-block-list\">\n<li><em>&bdquo;Mein Gehirn arbeitet anders, nicht schlechter.&ldquo;<\/em><\/li>\n\n\n\n<li><em>&bdquo;Ich brauche mehr Energie f&uuml;r Dinge, die fr&uuml;her automatisch gingen.&ldquo;<\/em> Das nimmt dir nichts &ndash; es erkl&auml;rt nur die Bedingungen.<\/li>\n<\/ul>\n\n\n\n<h6 class=\"wp-block-heading\"><strong>2. Trenne Tempo von Intelligenz<\/strong><\/h6>\n\n\n\n<p>Langsam hei&szlig;t nicht dumm.<\/p>\n\n\n\n<ul class=\"wp-block-list\">\n<li>Reizfilter anders<\/li>\n\n\n\n<li>Energie schneller leer<\/li>\n\n\n\n<li>Verarbeitung variabler Das ist Neurologie, kein Charakterurteil.<\/li>\n<\/ul>\n\n\n\n<h6 class=\"wp-block-heading\"><strong>3. Setze klare Grenzen bei Abwertung<\/strong><\/h6>\n\n\n\n<p>Kurz, ruhig, ohne Diskussion:<\/p>\n\n\n\n<ul class=\"wp-block-list\">\n<li><em>&bdquo;So meine ich das nicht.&ldquo;<\/em><\/li>\n\n\n\n<li><em>&bdquo;Bitte nicht f&uuml;r mich denken.&ldquo;<\/em><\/li>\n\n\n\n<li><em>&bdquo;Ich entscheide selbst, ich brauche nur mehr Zeit.&ldquo;<\/em><\/li>\n<\/ul>\n\n\n\n<h6 class=\"wp-block-heading\"><strong>4. Nutze Struktur statt Rechtfertigung<\/strong><\/h6>\n\n\n\n<p>Statt dich zu erkl&auml;ren:<\/p>\n\n\n\n<ul class=\"wp-block-list\">\n<li>Schritt f&uuml;r Schritt<\/li>\n\n\n\n<li>kurze Infos<\/li>\n\n\n\n<li>klare Priorit&auml;ten Das zeigt Kompetenz, ohne Energie zu verbrennen.<\/li>\n<\/ul>\n\n\n\n<h6 class=\"wp-block-heading\"><strong>5. Erkenne gesellschaftliche Muster &ndash; sie sind nicht dein Fehler<\/strong><\/h6>\n\n\n\n<p>Viele Menschen:<\/p>\n\n\n\n<ul class=\"wp-block-list\">\n<li>verwechseln &bdquo;schnell&ldquo; mit &bdquo;klug&ldquo;<\/li>\n\n\n\n<li>verstehen unsichtbare Behinderungen nicht<\/li>\n\n\n\n<li>&uuml;bersch&auml;tzen ihre eigene Wahrnehmung Das ist ein Systemproblem, kein pers&ouml;nliches.<\/li>\n<\/ul>\n\n\n\n<h6 class=\"wp-block-heading\"><strong>6. Halte deine Selbstdefinition fest<\/strong><\/h6>\n\n\n\n<p>Du bist:<\/p>\n\n\n\n<ul class=\"wp-block-list\">\n<li>derselbe Mensch<\/li>\n\n\n\n<li>mit derselben Intelligenz<\/li>\n\n\n\n<li>mit denselben Werten Nur das Betriebssystem hat ein paar neue Regeln.<\/li>\n<\/ul>\n\n\n\n<h6 class=\"wp-block-heading\"><strong>7. Baue ein Umfeld, das dich nicht klein macht<\/strong><\/h6>\n\n\n\n<p>Weniger Menschen, aber die richtigen:<\/p>\n\n\n\n<ul class=\"wp-block-list\">\n<li>klar<\/li>\n\n\n\n<li>respektvoll<\/li>\n\n\n\n<li>nicht bevormundend Das sch&uuml;tzt deine Energie und deine W&uuml;rde.<\/li>\n<\/ul>\n\n\n\n<div class=\"wp-block-media-text is-stacked-on-mobile\" style=\"grid-template-columns:34% auto\"><figure class=\"wp-block-media-text__media\"><img decoding=\"async\" width=\"302\" height=\"277\" src=\"http:\/\/www.vitalibera.org\/community\/wp-content\/uploads\/2026\/03\/tip3.png\" alt=\"\" class=\"wp-image-6087 size-full\" srcset=\"https:\/\/www.vitalibera.org\/community\/wp-content\/uploads\/2026\/03\/tip3.png 302w, https:\/\/www.vitalibera.org\/community\/wp-content\/uploads\/2026\/03\/tip3-300x275.png 300w\" sizes=\"(max-width: 302px) 100vw, 302px\" \/><\/figure><div class=\"wp-block-media-text__content\">\n<p><strong>Mach innerlich einen Mini&#8209;Stopp und nimm dir 3 Sekunden, bevor du reagierst.<\/strong> <\/p>\n\n\n\n<p>Dieser Mikro&#8209;Break sch&uuml;tzt dich vor Fremddeutungen, &Uuml;berforderung und vorschnellen Bewertungen. Er gibt deinem Gehirn genau den Moment, den es braucht, um wieder selbst zu steuern.<\/p>\n<\/div><\/div>\n","protected":false},"excerpt":{"rendered":"<p>Neurodivergent und stolz: Kein Bug, ein Feature! Eine Hirnverletzung ver\u00e4ndert vieles \u2013 aber sie macht niemanden dumm. Sie beeinflusst Reizverarbeitung, Tempo, Energie und Belastbarkeit, nicht Intelligenz oder Pers\u00f6nlichkeit. Trotzdem begegnen Betroffene immer wieder der gleichen Reaktion: Man wird untersch\u00e4tzt, belehrt oder behandelt, als h\u00e4tte man den \u00dcberblick verloren. Das liegt nicht an dir, sondern an &#8230; <a title=\"Mein Gehirn hat ein Update \u2013 keinen Absturz!\" class=\"read-more\" href=\"https:\/\/www.vitalibera.org\/community\/2026\/04\/25\/mein-gehirn-hat-ein-update-keinen-absturz\/\" aria-label=\"Mehr Informationen \u00fcber Mein Gehirn hat ein Update \u2013 keinen Absturz!\">Weiterlesen<\/a><\/p>\n","protected":false},"author":2,"featured_media":6935,"comment_status":"open","ping_status":"open","sticky":false,"template":"","format":"standard","meta":{"cybocfi_hide_featured_image":"yes","_jetpack_memberships_contains_paid_content":false,"footnotes":""},"categories":[492,225],"tags":[],"class_list":["post-6934","post","type-post","status-publish","format-standard","has-post-thumbnail","hentry","category-alltagsnavigation","category-hilfe-fuer-angehoerige"],"yoast_head":"<!-- This site is optimized with the Yoast SEO plugin v27.4 - https:\/\/yoast.com\/product\/yoast-seo-wordpress\/ -->\r\n<title>Mein Gehirn hat ein Update \u2013 keinen Absturz! - vitalibera.org<\/title>\r\n<meta name=\"robots\" content=\"index, follow, max-snippet:-1, max-image-preview:large, max-video-preview:-1\" \/>\r\n<link rel=\"canonical\" href=\"https:\/\/www.vitalibera.org\/community\/2026\/04\/25\/mein-gehirn-hat-ein-update-keinen-absturz\/\" \/>\r\n<meta property=\"og:locale\" content=\"de_DE\" \/>\r\n<meta property=\"og:type\" content=\"article\" \/>\r\n<meta property=\"og:title\" content=\"Mein Gehirn hat ein Update \u2013 keinen Absturz! - vitalibera.org\" \/>\r\n<meta property=\"og:description\" content=\"Neurodivergent und stolz: Kein Bug, ein Feature! Eine Hirnverletzung ver\u00e4ndert vieles \u2013 aber sie macht niemanden dumm. Sie beeinflusst Reizverarbeitung, Tempo, Energie und Belastbarkeit, nicht Intelligenz oder Pers\u00f6nlichkeit. Trotzdem begegnen Betroffene immer wieder der gleichen Reaktion: Man wird untersch\u00e4tzt, belehrt oder behandelt, als h\u00e4tte man den \u00dcberblick verloren. Das liegt nicht an dir, sondern an ... Weiterlesen\" \/>\r\n<meta property=\"og:url\" content=\"https:\/\/www.vitalibera.org\/community\/2026\/04\/25\/mein-gehirn-hat-ein-update-keinen-absturz\/\" \/>\r\n<meta property=\"og:site_name\" content=\"vitalibera.org\" \/>\r\n<meta property=\"article:publisher\" content=\"https:\/\/www.facebook.com\/groups\/2997085857140235\" \/>\r\n<meta property=\"article:published_time\" content=\"2026-04-25T15:34:23+00:00\" \/>\r\n<meta property=\"article:modified_time\" content=\"2026-04-25T15:35:55+00:00\" \/>\r\n<meta property=\"og:image\" content=\"http:\/\/www.vitalibera.org\/community\/wp-content\/uploads\/2026\/04\/dffd3d0693f609a1e86ca5bea9f39525.jpg\" \/>\r\n\t<meta property=\"og:image:width\" content=\"238\" \/>\r\n\t<meta property=\"og:image:height\" content=\"250\" \/>\r\n\t<meta property=\"og:image:type\" content=\"image\/jpeg\" \/>\r\n<meta name=\"author\" content=\"Andreas Jecklin\" \/>\r\n<meta name=\"twitter:card\" content=\"summary_large_image\" \/>\r\n<meta name=\"twitter:label1\" content=\"Verfasst von\" \/>\n\t<meta name=\"twitter:data1\" content=\"Andreas Jecklin\" \/>\n\t<meta name=\"twitter:label2\" content=\"Gesch\u00e4tzte Lesezeit\" \/>\n\t<meta name=\"twitter:data2\" content=\"3\u00a0Minuten\" \/>\r\n<script type=\"application\/ld+json\" class=\"yoast-schema-graph\">{\"@context\":\"https:\\\/\\\/schema.org\",\"@graph\":[{\"@type\":\"Article\",\"@id\":\"https:\\\/\\\/www.vitalibera.org\\\/community\\\/2026\\\/04\\\/25\\\/mein-gehirn-hat-ein-update-keinen-absturz\\\/#article\",\"isPartOf\":{\"@id\":\"https:\\\/\\\/www.vitalibera.org\\\/community\\\/2026\\\/04\\\/25\\\/mein-gehirn-hat-ein-update-keinen-absturz\\\/\"},\"author\":{\"name\":\"Andreas Jecklin\",\"@id\":\"https:\\\/\\\/www.vitalibera.org\\\/community\\\/#\\\/schema\\\/person\\\/6712387298421f222ff6d0a2e22c1534\"},\"headline\":\"Mein Gehirn hat ein Update \u2013 keinen Absturz!\",\"datePublished\":\"2026-04-25T15:34:23+00:00\",\"dateModified\":\"2026-04-25T15:35:55+00:00\",\"mainEntityOfPage\":{\"@id\":\"https:\\\/\\\/www.vitalibera.org\\\/community\\\/2026\\\/04\\\/25\\\/mein-gehirn-hat-ein-update-keinen-absturz\\\/\"},\"wordCount\":383,\"commentCount\":0,\"publisher\":{\"@id\":\"https:\\\/\\\/www.vitalibera.org\\\/community\\\/#organization\"},\"image\":{\"@id\":\"https:\\\/\\\/www.vitalibera.org\\\/community\\\/2026\\\/04\\\/25\\\/mein-gehirn-hat-ein-update-keinen-absturz\\\/#primaryimage\"},\"thumbnailUrl\":\"https:\\\/\\\/www.vitalibera.org\\\/community\\\/wp-content\\\/uploads\\\/2026\\\/04\\\/dffd3d0693f609a1e86ca5bea9f39525.jpg\",\"articleSection\":[\"Alltagsnavigation\",\"Hilfe f\u00fcr Angeh\u00f6rige\"],\"inLanguage\":\"de\",\"potentialAction\":[{\"@type\":\"CommentAction\",\"name\":\"Comment\",\"target\":[\"https:\\\/\\\/www.vitalibera.org\\\/community\\\/2026\\\/04\\\/25\\\/mein-gehirn-hat-ein-update-keinen-absturz\\\/#respond\"]}]},{\"@type\":\"WebPage\",\"@id\":\"https:\\\/\\\/www.vitalibera.org\\\/community\\\/2026\\\/04\\\/25\\\/mein-gehirn-hat-ein-update-keinen-absturz\\\/\",\"url\":\"https:\\\/\\\/www.vitalibera.org\\\/community\\\/2026\\\/04\\\/25\\\/mein-gehirn-hat-ein-update-keinen-absturz\\\/\",\"name\":\"Mein Gehirn hat ein Update \u2013 keinen Absturz! - vitalibera.org\",\"isPartOf\":{\"@id\":\"https:\\\/\\\/www.vitalibera.org\\\/community\\\/#website\"},\"primaryImageOfPage\":{\"@id\":\"https:\\\/\\\/www.vitalibera.org\\\/community\\\/2026\\\/04\\\/25\\\/mein-gehirn-hat-ein-update-keinen-absturz\\\/#primaryimage\"},\"image\":{\"@id\":\"https:\\\/\\\/www.vitalibera.org\\\/community\\\/2026\\\/04\\\/25\\\/mein-gehirn-hat-ein-update-keinen-absturz\\\/#primaryimage\"},\"thumbnailUrl\":\"https:\\\/\\\/www.vitalibera.org\\\/community\\\/wp-content\\\/uploads\\\/2026\\\/04\\\/dffd3d0693f609a1e86ca5bea9f39525.jpg\",\"datePublished\":\"2026-04-25T15:34:23+00:00\",\"dateModified\":\"2026-04-25T15:35:55+00:00\",\"breadcrumb\":{\"@id\":\"https:\\\/\\\/www.vitalibera.org\\\/community\\\/2026\\\/04\\\/25\\\/mein-gehirn-hat-ein-update-keinen-absturz\\\/#breadcrumb\"},\"inLanguage\":\"de\",\"potentialAction\":[{\"@type\":\"ReadAction\",\"target\":[\"https:\\\/\\\/www.vitalibera.org\\\/community\\\/2026\\\/04\\\/25\\\/mein-gehirn-hat-ein-update-keinen-absturz\\\/\"]}]},{\"@type\":\"BreadcrumbList\",\"@id\":\"https:\\\/\\\/www.vitalibera.org\\\/community\\\/2026\\\/04\\\/25\\\/mein-gehirn-hat-ein-update-keinen-absturz\\\/#breadcrumb\",\"itemListElement\":[{\"@type\":\"ListItem\",\"position\":1,\"name\":\"Startseite\",\"item\":\"https:\\\/\\\/www.vitalibera.org\\\/community\\\/\"},{\"@type\":\"ListItem\",\"position\":2,\"name\":\"Mein Gehirn hat ein Update \u2013 keinen Absturz!\"}]},{\"@type\":\"WebSite\",\"@id\":\"https:\\\/\\\/www.vitalibera.org\\\/community\\\/#website\",\"url\":\"https:\\\/\\\/www.vitalibera.org\\\/community\\\/\",\"name\":\"vitalibera.org\",\"description\":\"Mit einer Einschr&auml;nkung gestaltet sich das Leben im Alltag oft schwieriger - hier berichten wir &uuml;ber unsere Erfahrungen und Hilfsmittel um den Alltag so unbeschwert und unkompliziert wie nur m&ouml;glich geniessen zu k&ouml;nnen. Dabei richten wir unseren Fokus gezielt auf Selbst&auml;ndigkeit, Eigenst&auml;ndigkeit und Selbstbestimmung.\",\"publisher\":{\"@id\":\"https:\\\/\\\/www.vitalibera.org\\\/community\\\/#organization\"},\"potentialAction\":[{\"@type\":\"SearchAction\",\"target\":{\"@type\":\"EntryPoint\",\"urlTemplate\":\"https:\\\/\\\/www.vitalibera.org\\\/community\\\/?s={search_term_string}\"},\"query-input\":{\"@type\":\"PropertyValueSpecification\",\"valueRequired\":true,\"valueName\":\"search_term_string\"}}],\"inLanguage\":\"de\"},{\"@type\":\"Organization\",\"@id\":\"https:\\\/\\\/www.vitalibera.org\\\/community\\\/#organization\",\"name\":\"vitalibera.org\",\"url\":\"https:\\\/\\\/www.vitalibera.org\\\/community\\\/\",\"logo\":{\"@type\":\"ImageObject\",\"inLanguage\":\"de\",\"@id\":\"https:\\\/\\\/www.vitalibera.org\\\/community\\\/#\\\/schema\\\/logo\\\/image\\\/\",\"url\":\"https:\\\/\\\/www.vitalibera.org\\\/community\\\/wp-content\\\/uploads\\\/2025\\\/09\\\/cropped-banner.png\",\"contentUrl\":\"https:\\\/\\\/www.vitalibera.org\\\/community\\\/wp-content\\\/uploads\\\/2025\\\/09\\\/cropped-banner.png\",\"width\":991,\"height\":150,\"caption\":\"vitalibera.org\"},\"image\":{\"@id\":\"https:\\\/\\\/www.vitalibera.org\\\/community\\\/#\\\/schema\\\/logo\\\/image\\\/\"},\"sameAs\":[\"https:\\\/\\\/www.facebook.com\\\/groups\\\/2997085857140235\"]},{\"@type\":\"Person\",\"@id\":\"https:\\\/\\\/www.vitalibera.org\\\/community\\\/#\\\/schema\\\/person\\\/6712387298421f222ff6d0a2e22c1534\",\"name\":\"Andreas Jecklin\",\"image\":{\"@type\":\"ImageObject\",\"inLanguage\":\"de\",\"@id\":\"https:\\\/\\\/secure.gravatar.com\\\/avatar\\\/ad516503a11cd5ca435acc9bb6523536?s=96\",\"url\":\"https:\\\/\\\/secure.gravatar.com\\\/avatar\\\/ad516503a11cd5ca435acc9bb6523536?s=96\",\"contentUrl\":\"https:\\\/\\\/secure.gravatar.com\\\/avatar\\\/ad516503a11cd5ca435acc9bb6523536?s=96\",\"caption\":\"Andreas Jecklin\"},\"description\":\"Manchen gab Gott die Kraft Dinge zu ver\u00e4ndern, mir gab er die Kraft zu ertragen was nicht mehr zu \u00e4ndern ist.\",\"url\":\"https:\\\/\\\/www.vitalibera.org\\\/community\\\/author\\\/andy77\\\/\"}]}<\/script>\r\n<!-- \/ Yoast SEO plugin. -->","yoast_head_json":{"title":"Mein Gehirn hat ein Update \u2013 keinen Absturz! - vitalibera.org","robots":{"index":"index","follow":"follow","max-snippet":"max-snippet:-1","max-image-preview":"max-image-preview:large","max-video-preview":"max-video-preview:-1"},"canonical":"https:\/\/www.vitalibera.org\/community\/2026\/04\/25\/mein-gehirn-hat-ein-update-keinen-absturz\/","og_locale":"de_DE","og_type":"article","og_title":"Mein Gehirn hat ein Update \u2013 keinen Absturz! - vitalibera.org","og_description":"Neurodivergent und stolz: Kein Bug, ein Feature! Eine Hirnverletzung ver\u00e4ndert vieles \u2013 aber sie macht niemanden dumm. Sie beeinflusst Reizverarbeitung, Tempo, Energie und Belastbarkeit, nicht Intelligenz oder Pers\u00f6nlichkeit. Trotzdem begegnen Betroffene immer wieder der gleichen Reaktion: Man wird untersch\u00e4tzt, belehrt oder behandelt, als h\u00e4tte man den \u00dcberblick verloren. Das liegt nicht an dir, sondern an ... Weiterlesen","og_url":"https:\/\/www.vitalibera.org\/community\/2026\/04\/25\/mein-gehirn-hat-ein-update-keinen-absturz\/","og_site_name":"vitalibera.org","article_publisher":"https:\/\/www.facebook.com\/groups\/2997085857140235","article_published_time":"2026-04-25T15:34:23+00:00","article_modified_time":"2026-04-25T15:35:55+00:00","og_image":[{"width":238,"height":250,"url":"http:\/\/www.vitalibera.org\/community\/wp-content\/uploads\/2026\/04\/dffd3d0693f609a1e86ca5bea9f39525.jpg","type":"image\/jpeg"}],"author":"Andreas Jecklin","twitter_card":"summary_large_image","twitter_misc":{"Verfasst von":"Andreas Jecklin","Gesch\u00e4tzte Lesezeit":"3\u00a0Minuten"},"schema":{"@context":"https:\/\/schema.org","@graph":[{"@type":"Article","@id":"https:\/\/www.vitalibera.org\/community\/2026\/04\/25\/mein-gehirn-hat-ein-update-keinen-absturz\/#article","isPartOf":{"@id":"https:\/\/www.vitalibera.org\/community\/2026\/04\/25\/mein-gehirn-hat-ein-update-keinen-absturz\/"},"author":{"name":"Andreas Jecklin","@id":"https:\/\/www.vitalibera.org\/community\/#\/schema\/person\/6712387298421f222ff6d0a2e22c1534"},"headline":"Mein Gehirn hat ein Update \u2013 keinen Absturz!","datePublished":"2026-04-25T15:34:23+00:00","dateModified":"2026-04-25T15:35:55+00:00","mainEntityOfPage":{"@id":"https:\/\/www.vitalibera.org\/community\/2026\/04\/25\/mein-gehirn-hat-ein-update-keinen-absturz\/"},"wordCount":383,"commentCount":0,"publisher":{"@id":"https:\/\/www.vitalibera.org\/community\/#organization"},"image":{"@id":"https:\/\/www.vitalibera.org\/community\/2026\/04\/25\/mein-gehirn-hat-ein-update-keinen-absturz\/#primaryimage"},"thumbnailUrl":"https:\/\/www.vitalibera.org\/community\/wp-content\/uploads\/2026\/04\/dffd3d0693f609a1e86ca5bea9f39525.jpg","articleSection":["Alltagsnavigation","Hilfe f\u00fcr Angeh\u00f6rige"],"inLanguage":"de","potentialAction":[{"@type":"CommentAction","name":"Comment","target":["https:\/\/www.vitalibera.org\/community\/2026\/04\/25\/mein-gehirn-hat-ein-update-keinen-absturz\/#respond"]}]},{"@type":"WebPage","@id":"https:\/\/www.vitalibera.org\/community\/2026\/04\/25\/mein-gehirn-hat-ein-update-keinen-absturz\/","url":"https:\/\/www.vitalibera.org\/community\/2026\/04\/25\/mein-gehirn-hat-ein-update-keinen-absturz\/","name":"Mein Gehirn hat ein Update \u2013 keinen Absturz! - vitalibera.org","isPartOf":{"@id":"https:\/\/www.vitalibera.org\/community\/#website"},"primaryImageOfPage":{"@id":"https:\/\/www.vitalibera.org\/community\/2026\/04\/25\/mein-gehirn-hat-ein-update-keinen-absturz\/#primaryimage"},"image":{"@id":"https:\/\/www.vitalibera.org\/community\/2026\/04\/25\/mein-gehirn-hat-ein-update-keinen-absturz\/#primaryimage"},"thumbnailUrl":"https:\/\/www.vitalibera.org\/community\/wp-content\/uploads\/2026\/04\/dffd3d0693f609a1e86ca5bea9f39525.jpg","datePublished":"2026-04-25T15:34:23+00:00","dateModified":"2026-04-25T15:35:55+00:00","breadcrumb":{"@id":"https:\/\/www.vitalibera.org\/community\/2026\/04\/25\/mein-gehirn-hat-ein-update-keinen-absturz\/#breadcrumb"},"inLanguage":"de","potentialAction":[{"@type":"ReadAction","target":["https:\/\/www.vitalibera.org\/community\/2026\/04\/25\/mein-gehirn-hat-ein-update-keinen-absturz\/"]}]},{"@type":"BreadcrumbList","@id":"https:\/\/www.vitalibera.org\/community\/2026\/04\/25\/mein-gehirn-hat-ein-update-keinen-absturz\/#breadcrumb","itemListElement":[{"@type":"ListItem","position":1,"name":"Startseite","item":"https:\/\/www.vitalibera.org\/community\/"},{"@type":"ListItem","position":2,"name":"Mein Gehirn hat ein Update \u2013 keinen Absturz!"}]},{"@type":"WebSite","@id":"https:\/\/www.vitalibera.org\/community\/#website","url":"https:\/\/www.vitalibera.org\/community\/","name":"vitalibera.org","description":"Mit einer Einschr&auml;nkung gestaltet sich das Leben im Alltag oft schwieriger - hier berichten wir &uuml;ber unsere Erfahrungen und Hilfsmittel um den Alltag so unbeschwert und unkompliziert wie nur m&ouml;glich geniessen zu k&ouml;nnen. Dabei richten wir unseren Fokus gezielt auf Selbst&auml;ndigkeit, Eigenst&auml;ndigkeit und Selbstbestimmung.","publisher":{"@id":"https:\/\/www.vitalibera.org\/community\/#organization"},"potentialAction":[{"@type":"SearchAction","target":{"@type":"EntryPoint","urlTemplate":"https:\/\/www.vitalibera.org\/community\/?s={search_term_string}"},"query-input":{"@type":"PropertyValueSpecification","valueRequired":true,"valueName":"search_term_string"}}],"inLanguage":"de"},{"@type":"Organization","@id":"https:\/\/www.vitalibera.org\/community\/#organization","name":"vitalibera.org","url":"https:\/\/www.vitalibera.org\/community\/","logo":{"@type":"ImageObject","inLanguage":"de","@id":"https:\/\/www.vitalibera.org\/community\/#\/schema\/logo\/image\/","url":"https:\/\/www.vitalibera.org\/community\/wp-content\/uploads\/2025\/09\/cropped-banner.png","contentUrl":"https:\/\/www.vitalibera.org\/community\/wp-content\/uploads\/2025\/09\/cropped-banner.png","width":991,"height":150,"caption":"vitalibera.org"},"image":{"@id":"https:\/\/www.vitalibera.org\/community\/#\/schema\/logo\/image\/"},"sameAs":["https:\/\/www.facebook.com\/groups\/2997085857140235"]},{"@type":"Person","@id":"https:\/\/www.vitalibera.org\/community\/#\/schema\/person\/6712387298421f222ff6d0a2e22c1534","name":"Andreas Jecklin","image":{"@type":"ImageObject","inLanguage":"de","@id":"https:\/\/secure.gravatar.com\/avatar\/ad516503a11cd5ca435acc9bb6523536?s=96","url":"https:\/\/secure.gravatar.com\/avatar\/ad516503a11cd5ca435acc9bb6523536?s=96","contentUrl":"https:\/\/secure.gravatar.com\/avatar\/ad516503a11cd5ca435acc9bb6523536?s=96","caption":"Andreas Jecklin"},"description":"Manchen gab Gott die Kraft Dinge zu ver\u00e4ndern, mir gab er die Kraft zu ertragen was nicht mehr zu \u00e4ndern ist.","url":"https:\/\/www.vitalibera.org\/community\/author\/andy77\/"}]}},"jetpack_featured_media_url":"https:\/\/www.vitalibera.org\/community\/wp-content\/uploads\/2026\/04\/dffd3d0693f609a1e86ca5bea9f39525.jpg","jetpack_sharing_enabled":true,"jetpack-related-posts":[],"_links":{"self":[{"href":"https:\/\/www.vitalibera.org\/community\/wp-json\/wp\/v2\/posts\/6934","targetHints":{"allow":["GET"]}}],"collection":[{"href":"https:\/\/www.vitalibera.org\/community\/wp-json\/wp\/v2\/posts"}],"about":[{"href":"https:\/\/www.vitalibera.org\/community\/wp-json\/wp\/v2\/types\/post"}],"author":[{"embeddable":true,"href":"https:\/\/www.vitalibera.org\/community\/wp-json\/wp\/v2\/users\/2"}],"replies":[{"embeddable":true,"href":"https:\/\/www.vitalibera.org\/community\/wp-json\/wp\/v2\/comments?post=6934"}],"version-history":[{"count":1,"href":"https:\/\/www.vitalibera.org\/community\/wp-json\/wp\/v2\/posts\/6934\/revisions"}],"predecessor-version":[{"id":6936,"href":"https:\/\/www.vitalibera.org\/community\/wp-json\/wp\/v2\/posts\/6934\/revisions\/6936"}],"wp:featuredmedia":[{"embeddable":true,"href":"https:\/\/www.vitalibera.org\/community\/wp-json\/wp\/v2\/media\/6935"}],"wp:attachment":[{"href":"https:\/\/www.vitalibera.org\/community\/wp-json\/wp\/v2\/media?parent=6934"}],"wp:term":[{"taxonomy":"category","embeddable":true,"href":"https:\/\/www.vitalibera.org\/community\/wp-json\/wp\/v2\/categories?post=6934"},{"taxonomy":"post_tag","embeddable":true,"href":"https:\/\/www.vitalibera.org\/community\/wp-json\/wp\/v2\/tags?post=6934"}],"curies":[{"name":"wp","href":"https:\/\/api.w.org\/{rel}","templated":true}]}}