{"id":6944,"date":"2026-04-25T21:02:15","date_gmt":"2026-04-25T19:02:15","guid":{"rendered":"https:\/\/www.vitalibera.org\/community\/?p=6944"},"modified":"2026-04-25T21:03:48","modified_gmt":"2026-04-25T19:03:48","slug":"entlassen-und-dann-selbst-kaempfen","status":"publish","type":"post","link":"https:\/\/www.vitalibera.org\/community\/2026\/04\/25\/entlassen-und-dann-selbst-kaempfen\/","title":{"rendered":"Entlassen \u2013 und dann? Selbst k\u00e4mpfen!"},"content":{"rendered":"\n<div class=\"wp-block-media-text is-stacked-on-mobile is-vertically-aligned-top\"><figure class=\"wp-block-media-text__media\"><img fetchpriority=\"high\" decoding=\"async\" width=\"381\" height=\"360\" src=\"http:\/\/www.vitalibera.org\/community\/wp-content\/uploads\/2026\/04\/meinweg90.png\" alt=\"\" class=\"wp-image-6946 size-full\" srcset=\"https:\/\/www.vitalibera.org\/community\/wp-content\/uploads\/2026\/04\/meinweg90.png 381w, https:\/\/www.vitalibera.org\/community\/wp-content\/uploads\/2026\/04\/meinweg90-300x283.png 300w\" sizes=\"(max-width: 381px) 100vw, 381px\" \/><\/figure><div class=\"wp-block-media-text__content\">\n<p><strong>Kein Netz. Kein Auffangplan. Nur ich.<\/strong><\/p>\n\n\n\n<p>Nach der Rehabilitation musst du selber aktiv werden &ndash; weil das System dich nach der Entlassung oft einfach stehen l&auml;sst. Keine Anleitung, keine Struktur, keine echte Begleitung. Pl&ouml;tzlich sollst du funktionieren, Entscheidungen treffen, Antr&auml;ge ausf&uuml;llen, Therapien organisieren und deinen Alltag stemmen, w&auml;hrend dein Gehirn noch damit besch&auml;ftigt ist, &uuml;berhaupt klarzukommen.<\/p>\n\n\n\n<p>Es ist hart, aber es ist die Realit&auml;t: <strong>Nach der Reha beginnt der Teil, den niemand f&uuml;r dich &uuml;bernimmt.<\/strong><\/p>\n\n\n\n<p>Du musst dir Wege suchen, Unterst&uuml;tzung einfordern, Grenzen setzen, Energie sch&uuml;tzen und deinen Alltag neu bauen. Nicht, weil du es willst &ndash; sondern weil es sonst niemand tut.<\/p>\n\n\n\n<p>Und genau deshalb ist Selbstbestimmung kein Luxus, sondern &Uuml;berlebensstrategie.<\/p>\n<\/div><\/div>\n\n\n\n<h5 class=\"wp-block-heading\"><strong>Wichtige Schritte nach der Reha &ndash; f&uuml;r ein selbstbestimmtes Leben<\/strong><\/h5>\n\n\n\n<h6 class=\"wp-block-heading\"><strong>1. Medizinische Basis sichern &ndash; sofort und ohne L&uuml;cken<\/strong><\/h6>\n\n\n\n<ul class=\"wp-block-list\">\n<li>Hausarzt fixieren, Termin direkt nach Entlassung.<\/li>\n\n\n\n<li>Therapien weiterf&uuml;hren (Physio, Ergo, Logo, <a href=\"https:\/\/www.vitalibera.org\/community\/enzyklopaedie\/neuropsychologie\/\" target=\"_self\" title=\"Die Neuropsychologie ist ein interdisziplin&auml;res Teilgebiet der Psychologie und Neurowissenschaften, das den Zusammenhang zwischen Hirnfunktionen (Struktur\/Physiologie) und menschlichem Erleben, Denken und Verhalten erforscht. Sie diagnostiziert und behandelt kognitive, emotionale und verhaltensbezogene St&ouml;rungen, die durch Hirnsch&auml;digungen (Schlaganfall, Unfall, Tumor, Demenz) verursacht werden. Kernbereiche der Neuropsychologie: Diagnostik:&nbsp;Untersuchung kognitiver Leistungen wie Ged&auml;chtnis, Aufmerksamkeit, Sprache, Wahrnehmung und Exekutivfunktionen mittels&hellip;\" class=\"encyclopedia\">Neuropsychologie<\/a>).<\/li>\n\n\n\n<li>Medikamentenplan kl&auml;ren und stabil halten.<\/li>\n\n\n\n<li>Notfallstrategie definieren: Wen rufe ich an, wenn etwas kippt?<\/li>\n<\/ul>\n\n\n\n<p><strong>Warum:<\/strong> Stabilit&auml;t entsteht nicht von selbst &ndash; du musst sie aktiv bauen.<\/p>\n\n\n\n<h6 class=\"wp-block-heading\"><strong>Energie- und Reizmanagement als t&auml;gliche Pflicht<\/strong><\/h6>\n\n\n\n<ul class=\"wp-block-list\">\n<li>Reizlevel morgens&ndash;mittags&ndash;abends checken.<\/li>\n\n\n\n<li>Pausen einplanen, bevor du sie brauchst.<\/li>\n\n\n\n<li>Termine k&uuml;rzen, streichen oder verschieben.<\/li>\n\n\n\n<li>Reizfreie Zone definieren (Stuhl, Raum, Kopfh&ouml;rer).<\/li>\n<\/ul>\n\n\n\n<p><strong>Warum:<\/strong> Dein Nervensystem entscheidet, was m&ouml;glich ist &ndash; nicht der Kalender.<\/p>\n\n\n\n<h6 class=\"wp-block-heading\"><strong>Alltag neu strukturieren &ndash; klein, klar, machbar<\/strong><\/h6>\n\n\n\n<ul class=\"wp-block-list\">\n<li>Mini&#8209;Moves statt Gro&szlig;projekte (5&#8209;Minuten&#8209;Regel).<\/li>\n\n\n\n<li>Feste Grundstruktur: Morgen &ndash; Mitte &ndash; Abend.<\/li>\n\n\n\n<li>Haushalt in kleine Schritte zerlegen.<\/li>\n\n\n\n<li>Ein Ort f&uuml;r alle Dokumente.<\/li>\n<\/ul>\n\n\n\n<p><strong>Warum:<\/strong> Struktur sch&uuml;tzt dich vor &Uuml;berforderung und Chaos.<\/p>\n\n\n\n<h6 class=\"wp-block-heading\"><strong>Grenzen setzen &ndash; sofort, klar, ohne Erkl&auml;rung<\/strong><\/h6>\n\n\n\n<ul class=\"wp-block-list\">\n<li>&bdquo;Das ist meine Entscheidung.&ldquo;<\/li>\n\n\n\n<li>&bdquo;So mache ich das.&ldquo;<\/li>\n\n\n\n<li>&bdquo;Nein, passt nicht.&ldquo;<\/li>\n<\/ul>\n\n\n\n<p><strong>Warum:<\/strong> Wenn du deine Grenzen nicht setzt, setzt sie niemand.<\/p>\n\n\n\n<h6 class=\"wp-block-heading\"><strong>Systeml&uuml;cken aktiv schlie&szlig;en<\/strong><\/h6>\n\n\n\n<ul class=\"wp-block-list\">\n<li>Antr&auml;ge (IV, Hilfsmittel, Therapien) in kleinen Portionen erledigen.<\/li>\n\n\n\n<li>Unterst&uuml;tzung einfordern, nicht erbitten.<\/li>\n\n\n\n<li>Peer&#8209;Kontakt suchen, um nicht allein durch den B&uuml;rokratie&#8209;Dschungel zu m&uuml;ssen.<\/li>\n\n\n\n<li>Reha&#8209;Berichte und Befunde sammeln.<\/li>\n<\/ul>\n\n\n\n<p><strong>Warum:<\/strong> Das System f&auml;ngt dich nicht auf &ndash; du musst dir selbst Halt bauen.<\/p>\n\n\n\n<h6 class=\"wp-block-heading\"><strong>Psychische Stabilit&auml;t sichern<\/strong><\/h6>\n\n\n\n<ul class=\"wp-block-list\">\n<li>Warnsignale erkennen: &Uuml;berlastung, R&uuml;ckzug, Gereiztheit.<\/li>\n\n\n\n<li>Entlastende Rituale: kurze Pausen, Atem, R&uuml;ckzug.<\/li>\n\n\n\n<li>Psychotherapie oder <a href=\"https:\/\/www.vitalibera.org\/community\/enzyklopaedie\/neuropsychologie\/\" target=\"_self\" title=\"Die Neuropsychologie ist ein interdisziplin&auml;res Teilgebiet der Psychologie und Neurowissenschaften, das den Zusammenhang zwischen Hirnfunktionen (Struktur\/Physiologie) und menschlichem Erleben, Denken und Verhalten erforscht. Sie diagnostiziert und behandelt kognitive, emotionale und verhaltensbezogene St&ouml;rungen, die durch Hirnsch&auml;digungen (Schlaganfall, Unfall, Tumor, Demenz) verursacht werden. Kernbereiche der Neuropsychologie: Diagnostik:&nbsp;Untersuchung kognitiver Leistungen wie Ged&auml;chtnis, Aufmerksamkeit, Sprache, Wahrnehmung und Exekutivfunktionen mittels&hellip;\" class=\"encyclopedia\">Neuropsychologie<\/a> weiterf&uuml;hren, wenn n&ouml;tig.<\/li>\n<\/ul>\n\n\n\n<p><strong>Warum:<\/strong> Selbstbestimmung braucht innere Stabilit&auml;t.<\/p>\n\n\n\n<h6 class=\"wp-block-heading\"><strong>Soziale Erwartungen radikal filtern<\/strong><\/h6>\n\n\n\n<ul class=\"wp-block-list\">\n<li>Kein Pflichtprogramm: Dankbarkeit, Tapferkeit, &bdquo;Du bist doch wieder fit&ldquo;.<\/li>\n\n\n\n<li>Erwartungen anderer = deren Problem.<\/li>\n\n\n\n<li>Du bestimmst Tempo, Grenzen, Priorit&auml;ten.<\/li>\n<\/ul>\n\n\n\n<p><strong>Warum:<\/strong> Fremder Druck zerst&ouml;rt deine Energie schneller als jede k&ouml;rperliche Belastung.<\/p>\n\n\n\n<h6 class=\"wp-block-heading\"><strong>Eigene Regeln leben &ndash; jeden Tag<\/strong><\/h6>\n\n\n\n<ul class=\"wp-block-list\">\n<li>Du musst nicht funktionieren wie fr&uuml;her.<\/li>\n\n\n\n<li>Du musst niemandem etwas bew<a href=\"https:\/\/www.vitalibera.org\/community\/enzyklopaedie\/eisen\/\" target=\"_self\" title=\"Eisen&nbsp;ist das im K&ouml;rper am meisten vorkommende Spurenelement. Es ist ein wesentlicher Bestandteil des roten Blutfarbstoffs (H&auml;moglobin) und f&uuml;r den Sauerstofftransport wichtig. Weitere Aufgaben erf&uuml;llt Eisen in der Muskulatur, wo es in Form des Eiwei&szlig;stoffes Myoglobin der Sauerstoffspeicherung dient. Dar&uuml;ber hinaus ist Eisen generell f&uuml;r alle rasch wachsenden Gewebe des K&ouml;rpers erforderlich. Im Labor ist&hellip;\" class=\"encyclopedia\">eisen<\/a>.<\/li>\n\n\n\n<li>Du baust dein Leben neu &ndash; nach deinen Bedingungen.<\/li>\n<\/ul>\n\n\n\n<p><strong>Warum:<\/strong> Selbstbestimmung ist kein Gef&uuml;hl, sondern t&auml;gliche Praxis.<\/p>\n\n\n\n<h5 class=\"wp-block-heading\"><strong>Wo du Hilfe anfordern kannst &ndash; ohne vertr&ouml;stet zu werden<\/strong><\/h5>\n\n\n\n<h6 class=\"wp-block-heading\"><strong>1. Medizin &amp; Therapie (direkt, ohne Umwege)<\/strong><\/h6>\n\n\n\n<ul class=\"wp-block-list\">\n<li><strong>Hausarzt \/ Neurologe<\/strong> &rarr; Rezepte, Therapien, Berichte, Weiterbehandlungen<\/li>\n\n\n\n<li><strong>Physio \/ Ergo \/ Logo \/ <a href=\"https:\/\/www.vitalibera.org\/community\/enzyklopaedie\/neuropsychologie\/\" target=\"_self\" title=\"Die Neuropsychologie ist ein interdisziplin&auml;res Teilgebiet der Psychologie und Neurowissenschaften, das den Zusammenhang zwischen Hirnfunktionen (Struktur\/Physiologie) und menschlichem Erleben, Denken und Verhalten erforscht. Sie diagnostiziert und behandelt kognitive, emotionale und verhaltensbezogene St&ouml;rungen, die durch Hirnsch&auml;digungen (Schlaganfall, Unfall, Tumor, Demenz) verursacht werden. Kernbereiche der Neuropsychologie: Diagnostik:&nbsp;Untersuchung kognitiver Leistungen wie Ged&auml;chtnis, Aufmerksamkeit, Sprache, Wahrnehmung und Exekutivfunktionen mittels&hellip;\" class=\"encyclopedia\">Neuropsychologie<\/a><\/strong> &rarr; direkt Termine machen, nicht warten<\/li>\n\n\n\n<li><strong><a href=\"https:\/\/www.vitalibera.org\/community\/enzyklopaedie\/spitex\/\" target=\"_self\" title=\"Spitex steht f&uuml;r &bdquo;spitalexterne Hilfe und Pflege&ldquo; und umfasst Dienstleistungen, die Menschen jeden Alters zu Hause pflegen, betreuen und unterst&uuml;tzen, wenn diese krank, behindert, alt oder in einer schwierigen Lebenssituation sind. Ziel ist es, die Selbstst&auml;ndigkeit zu erhalten und den Verbleib im vertrauten Umfeld zu erm&ouml;glichen\" class=\"encyclopedia\">Spitex<\/a> (CH) \/ Ambulante Dienste (DE)<\/strong> &rarr; Alltagshilfe, K&ouml;rperpflege, Haushalt, Begleitung<\/li>\n<\/ul>\n\n\n\n<p><strong>Warum wichtig:<\/strong> Das System ruft dich nicht an. Du musst die F&auml;den selbst ziehen.<\/p>\n\n\n\n<h6 class=\"wp-block-heading\"><strong>2. Beh&ouml;rden &amp; finanzielle Unterst&uuml;tzung<\/strong><\/h6>\n\n\n\n<h6 class=\"wp-block-heading\"><strong>Schweiz<\/strong><\/h6>\n\n\n\n<ul class=\"wp-block-list\">\n<li><strong>IV-Stelle<\/strong> &rarr; Rente, Hilfsmittel, berufliche <a href=\"https:\/\/www.vitalibera.org\/community\/enzyklopaedie\/wiedereingliederung\/\" target=\"_self\" title=\"Die Wiedereingliederung (oft als &bdquo;Hamburger Modell&ldquo; bezeichnet) ist eine&nbsp;medizinische Rehabilitationsma&szlig;nahme, die Arbeitnehmer nach l&auml;ngerer Krankheit stufenweise an ihren Arbeitsplatz zur&uuml;ckf&uuml;hrt. Sie dient der Wiederherstellung der Arbeitsf&auml;higkeit, wobei der Mitarbeiter w&auml;hrend des Prozesses offiziell arbeitsunf&auml;hig bleibt und die Arbeitszeit schrittweise steigert.\" class=\"encyclopedia\">Wiedereingliederung<\/a><\/li>\n\n\n\n<li><strong>Erg&auml;nzungsleistungen (EL)<\/strong> &rarr; wenn Einkommen nicht reicht<\/li>\n\n\n\n<li><strong>Sozialdienst der Gemeinde<\/strong> &rarr; &Uuml;berbr&uuml;ckung, Beratung, Unterst&uuml;tzung<\/li>\n<\/ul>\n\n\n\n<h6 class=\"wp-block-heading\"><strong>Deutschland<\/strong><\/h6>\n\n\n\n<ul class=\"wp-block-list\">\n<li><strong>Pflegekasse<\/strong> &rarr; Pflegegrad, Hilfsmittel, Entlastungsleistungen<\/li>\n\n\n\n<li><strong>Sozialamt<\/strong> &rarr; Grundsicherung, Hilfe im Alltag<\/li>\n\n\n\n<li><strong>Integrationsfachdienst<\/strong> &rarr; Arbeit &amp; Teilhabe<\/li>\n<\/ul>\n\n\n\n<p><strong>Warum wichtig:<\/strong> Ohne Antr&auml;ge bekommst du nichts &ndash; und niemand erinnert dich daran.<\/p>\n\n\n\n<h6 class=\"wp-block-heading\"><strong>3. Alltag &amp; Entlastung<\/strong><\/h6>\n\n\n\n<ul class=\"wp-block-list\">\n<li><strong><a href=\"https:\/\/www.vitalibera.org\/community\/enzyklopaedie\/spitex\/\" target=\"_self\" title=\"Spitex steht f&uuml;r &bdquo;spitalexterne Hilfe und Pflege&ldquo; und umfasst Dienstleistungen, die Menschen jeden Alters zu Hause pflegen, betreuen und unterst&uuml;tzen, wenn diese krank, behindert, alt oder in einer schwierigen Lebenssituation sind. Ziel ist es, die Selbstst&auml;ndigkeit zu erhalten und den Verbleib im vertrauten Umfeld zu erm&ouml;glichen\" class=\"encyclopedia\">Spitex<\/a> \/ Mobile Dienste<\/strong> &rarr; Haushalt, Einkaufen, Begleitung<\/li>\n\n\n\n<li><strong>Pro Infirmis (CH)<\/strong> &rarr; Beratung, Alltagshilfe, Entlastung<\/li>\n\n\n\n<li><strong>EUTB (DE)<\/strong> &rarr; unabh&auml;ngige Teilhabeberatung<\/li>\n\n\n\n<li><strong>Selbsthilfegruppen \/ Peer&#8209;Netzwerke<\/strong> &rarr; echte Erfahrung statt Brosch&uuml;ren<\/li>\n<\/ul>\n\n\n\n<p><strong>Warum wichtig:<\/strong> Entlastung ist kein Luxus, sondern Schutz f&uuml;r dein Nervensystem.<\/p>\n\n\n\n<h6 class=\"wp-block-heading\"><strong>4. Rechte &amp; Durchsetzung<\/strong><\/h6>\n\n\n\n<ul class=\"wp-block-list\">\n<li><strong>Procap (CH)<\/strong> &rarr; Rechtsberatung, IV&#8209;Begleitung<\/li>\n\n\n\n<li><strong>Insieme \/ Pro Mente Sana (CH)<\/strong> &rarr; psychosoziale Unterst&uuml;tzung<\/li>\n\n\n\n<li><strong>VdK (DE)<\/strong> &rarr; Widerspr&uuml;che, Antr&auml;ge, Rechtsvertretung<\/li>\n\n\n\n<li><strong>Sozialverb&auml;nde<\/strong> &rarr; helfen, wenn &Auml;mter blockieren<\/li>\n<\/ul>\n\n\n\n<p><strong>Warum wichtig:<\/strong> Wenn das System dich h&auml;ngen l&auml;sst, brauchst du jemanden, der Druck macht.<\/p>\n\n\n\n<h6 class=\"wp-block-heading\"><strong>5. Psychische Stabilit&auml;t<\/strong><\/h6>\n\n\n\n<ul class=\"wp-block-list\">\n<li><strong><a href=\"https:\/\/www.vitalibera.org\/community\/enzyklopaedie\/neuropsychologie\/\" target=\"_self\" title=\"Die Neuropsychologie ist ein interdisziplin&auml;res Teilgebiet der Psychologie und Neurowissenschaften, das den Zusammenhang zwischen Hirnfunktionen (Struktur\/Physiologie) und menschlichem Erleben, Denken und Verhalten erforscht. Sie diagnostiziert und behandelt kognitive, emotionale und verhaltensbezogene St&ouml;rungen, die durch Hirnsch&auml;digungen (Schlaganfall, Unfall, Tumor, Demenz) verursacht werden. Kernbereiche der Neuropsychologie: Diagnostik:&nbsp;Untersuchung kognitiver Leistungen wie Ged&auml;chtnis, Aufmerksamkeit, Sprache, Wahrnehmung und Exekutivfunktionen mittels&hellip;\" class=\"encyclopedia\">Neuropsychologie<\/a><\/strong> &rarr; Reizmanagement, Kognition, Alltag<\/li>\n\n\n\n<li><strong>Psychotherapie<\/strong> &rarr; Stabilit&auml;t, Umgang mit &Uuml;berforderung<\/li>\n\n\n\n<li><strong>Krisendienste<\/strong> &rarr; wenn es kippt<\/li>\n<\/ul>\n\n\n\n<p><strong>Warum wichtig:<\/strong> Selbstbestimmung braucht innere Stabilit&auml;t.<\/p>\n\n\n\n<div class=\"wp-block-media-text is-stacked-on-mobile\" style=\"grid-template-columns:35% auto\"><figure class=\"wp-block-media-text__media\"><img decoding=\"async\" width=\"302\" height=\"277\" src=\"http:\/\/www.vitalibera.org\/community\/wp-content\/uploads\/2026\/03\/tip3.png\" alt=\"\" class=\"wp-image-6087 size-full\" srcset=\"https:\/\/www.vitalibera.org\/community\/wp-content\/uploads\/2026\/03\/tip3.png 302w, https:\/\/www.vitalibera.org\/community\/wp-content\/uploads\/2026\/03\/tip3-300x275.png 300w\" sizes=\"(max-width: 302px) 100vw, 302px\" \/><\/figure><div class=\"wp-block-media-text__content\">\n<p><strong> Wo du sofort ansetzen kannst<\/strong><\/p>\n\n\n\n<ul class=\"wp-block-list\">\n<li><strong>Procap \/ VdK<\/strong> &ndash; Rechte durchsetzen<\/li>\n\n\n\n<li><strong>Hausarzt \/ Neurologe<\/strong> &ndash; medizinische Basis sichern<\/li>\n\n\n\n<li><strong>Therapien weiterf&uuml;hren<\/strong> &ndash; Physio, Ergo, Logo, <a href=\"https:\/\/www.vitalibera.org\/community\/enzyklopaedie\/neuropsychologie\/\" target=\"_self\" title=\"Die Neuropsychologie ist ein interdisziplin&auml;res Teilgebiet der Psychologie und Neurowissenschaften, das den Zusammenhang zwischen Hirnfunktionen (Struktur\/Physiologie) und menschlichem Erleben, Denken und Verhalten erforscht. Sie diagnostiziert und behandelt kognitive, emotionale und verhaltensbezogene St&ouml;rungen, die durch Hirnsch&auml;digungen (Schlaganfall, Unfall, Tumor, Demenz) verursacht werden. Kernbereiche der Neuropsychologie: Diagnostik:&nbsp;Untersuchung kognitiver Leistungen wie Ged&auml;chtnis, Aufmerksamkeit, Sprache, Wahrnehmung und Exekutivfunktionen mittels&hellip;\" class=\"encyclopedia\">Neuropsychologie<\/a><\/li>\n\n\n\n<li><strong><a href=\"https:\/\/www.vitalibera.org\/community\/enzyklopaedie\/spitex\/\" target=\"_self\" title=\"Spitex steht f&uuml;r &bdquo;spitalexterne Hilfe und Pflege&ldquo; und umfasst Dienstleistungen, die Menschen jeden Alters zu Hause pflegen, betreuen und unterst&uuml;tzen, wenn diese krank, behindert, alt oder in einer schwierigen Lebenssituation sind. Ziel ist es, die Selbstst&auml;ndigkeit zu erhalten und den Verbleib im vertrauten Umfeld zu erm&ouml;glichen\" class=\"encyclopedia\">Spitex<\/a> \/ ambulante Dienste<\/strong> &ndash; Alltag entlasten<\/li>\n\n\n\n<li><strong>IV \/ Pflegekasse \/ Sozialamt<\/strong> &ndash; finanzielle Stabilit&auml;t<\/li>\n\n\n\n<li><strong>Peer&#8209;Kontakt<\/strong> &ndash; echte Unterst&uuml;tzung, kein Papierkram&#8209;Gerede<\/li>\n<\/ul>\n<\/div><\/div>\n\n\n\n<p><\/p>\n","protected":false},"excerpt":{"rendered":"<p>Kein Netz. Kein Auffangplan. Nur ich. Nach der Rehabilitation musst du selber aktiv werden \u2013 weil das System dich nach der Entlassung oft einfach stehen l\u00e4sst. Keine Anleitung, keine Struktur, keine echte Begleitung. Pl\u00f6tzlich sollst du funktionieren, Entscheidungen treffen, Antr\u00e4ge ausf\u00fcllen, Therapien organisieren und deinen Alltag stemmen, w\u00e4hrend dein Gehirn noch damit besch\u00e4ftigt ist, \u00fcberhaupt &#8230; <a title=\"Entlassen \u2013 und dann? Selbst k\u00e4mpfen!\" class=\"read-more\" href=\"https:\/\/www.vitalibera.org\/community\/2026\/04\/25\/entlassen-und-dann-selbst-kaempfen\/\" aria-label=\"Mehr Informationen \u00fcber Entlassen \u2013 und dann? Selbst k\u00e4mpfen!\">Weiterlesen<\/a><\/p>\n","protected":false},"author":2,"featured_media":6946,"comment_status":"open","ping_status":"open","sticky":false,"template":"","format":"standard","meta":{"cybocfi_hide_featured_image":"yes","_jetpack_memberships_contains_paid_content":false,"footnotes":""},"categories":[492,225],"tags":[],"class_list":["post-6944","post","type-post","status-publish","format-standard","has-post-thumbnail","hentry","category-alltagsnavigation","category-hilfe-fuer-angehoerige"],"yoast_head":"<!-- This site is optimized with the Yoast SEO plugin v27.4 - https:\/\/yoast.com\/product\/yoast-seo-wordpress\/ -->\r\n<title>Entlassen \u2013 und dann? Selbst k\u00e4mpfen! - vitalibera.org<\/title>\r\n<meta name=\"robots\" content=\"index, follow, max-snippet:-1, max-image-preview:large, max-video-preview:-1\" \/>\r\n<link rel=\"canonical\" href=\"https:\/\/www.vitalibera.org\/community\/2026\/04\/25\/entlassen-und-dann-selbst-kaempfen\/\" \/>\r\n<meta property=\"og:locale\" content=\"de_DE\" \/>\r\n<meta property=\"og:type\" content=\"article\" \/>\r\n<meta property=\"og:title\" content=\"Entlassen \u2013 und dann? Selbst k\u00e4mpfen! - vitalibera.org\" \/>\r\n<meta property=\"og:description\" content=\"Kein Netz. Kein Auffangplan. Nur ich. Nach der Rehabilitation musst du selber aktiv werden \u2013 weil das System dich nach der Entlassung oft einfach stehen l\u00e4sst. Keine Anleitung, keine Struktur, keine echte Begleitung. Pl\u00f6tzlich sollst du funktionieren, Entscheidungen treffen, Antr\u00e4ge ausf\u00fcllen, Therapien organisieren und deinen Alltag stemmen, w\u00e4hrend dein Gehirn noch damit besch\u00e4ftigt ist, \u00fcberhaupt ... Weiterlesen\" \/>\r\n<meta property=\"og:url\" content=\"https:\/\/www.vitalibera.org\/community\/2026\/04\/25\/entlassen-und-dann-selbst-kaempfen\/\" \/>\r\n<meta property=\"og:site_name\" content=\"vitalibera.org\" \/>\r\n<meta property=\"article:publisher\" content=\"https:\/\/www.facebook.com\/groups\/2997085857140235\" \/>\r\n<meta property=\"article:published_time\" content=\"2026-04-25T19:02:15+00:00\" \/>\r\n<meta property=\"article:modified_time\" content=\"2026-04-25T19:03:48+00:00\" \/>\r\n<meta property=\"og:image\" content=\"http:\/\/www.vitalibera.org\/community\/wp-content\/uploads\/2026\/04\/meinweg90.png\" \/>\r\n\t<meta property=\"og:image:width\" content=\"381\" \/>\r\n\t<meta property=\"og:image:height\" content=\"360\" \/>\r\n\t<meta property=\"og:image:type\" content=\"image\/png\" \/>\r\n<meta name=\"author\" content=\"Andreas Jecklin\" \/>\r\n<meta name=\"twitter:card\" content=\"summary_large_image\" \/>\r\n<meta name=\"twitter:label1\" content=\"Verfasst von\" \/>\n\t<meta name=\"twitter:data1\" content=\"Andreas Jecklin\" \/>\n\t<meta name=\"twitter:label2\" content=\"Gesch\u00e4tzte Lesezeit\" \/>\n\t<meta name=\"twitter:data2\" content=\"5\u00a0Minuten\" \/>\r\n<script type=\"application\/ld+json\" class=\"yoast-schema-graph\">{\"@context\":\"https:\\\/\\\/schema.org\",\"@graph\":[{\"@type\":\"Article\",\"@id\":\"https:\\\/\\\/www.vitalibera.org\\\/community\\\/2026\\\/04\\\/25\\\/entlassen-und-dann-selbst-kaempfen\\\/#article\",\"isPartOf\":{\"@id\":\"https:\\\/\\\/www.vitalibera.org\\\/community\\\/2026\\\/04\\\/25\\\/entlassen-und-dann-selbst-kaempfen\\\/\"},\"author\":{\"name\":\"Andreas Jecklin\",\"@id\":\"https:\\\/\\\/www.vitalibera.org\\\/community\\\/#\\\/schema\\\/person\\\/6712387298421f222ff6d0a2e22c1534\"},\"headline\":\"Entlassen \u2013 und dann? Selbst k\u00e4mpfen!\",\"datePublished\":\"2026-04-25T19:02:15+00:00\",\"dateModified\":\"2026-04-25T19:03:48+00:00\",\"mainEntityOfPage\":{\"@id\":\"https:\\\/\\\/www.vitalibera.org\\\/community\\\/2026\\\/04\\\/25\\\/entlassen-und-dann-selbst-kaempfen\\\/\"},\"wordCount\":705,\"commentCount\":0,\"publisher\":{\"@id\":\"https:\\\/\\\/www.vitalibera.org\\\/community\\\/#organization\"},\"image\":{\"@id\":\"https:\\\/\\\/www.vitalibera.org\\\/community\\\/2026\\\/04\\\/25\\\/entlassen-und-dann-selbst-kaempfen\\\/#primaryimage\"},\"thumbnailUrl\":\"https:\\\/\\\/www.vitalibera.org\\\/community\\\/wp-content\\\/uploads\\\/2026\\\/04\\\/meinweg90.png\",\"articleSection\":[\"Alltagsnavigation\",\"Hilfe f\u00fcr Angeh\u00f6rige\"],\"inLanguage\":\"de\",\"potentialAction\":[{\"@type\":\"CommentAction\",\"name\":\"Comment\",\"target\":[\"https:\\\/\\\/www.vitalibera.org\\\/community\\\/2026\\\/04\\\/25\\\/entlassen-und-dann-selbst-kaempfen\\\/#respond\"]}]},{\"@type\":\"WebPage\",\"@id\":\"https:\\\/\\\/www.vitalibera.org\\\/community\\\/2026\\\/04\\\/25\\\/entlassen-und-dann-selbst-kaempfen\\\/\",\"url\":\"https:\\\/\\\/www.vitalibera.org\\\/community\\\/2026\\\/04\\\/25\\\/entlassen-und-dann-selbst-kaempfen\\\/\",\"name\":\"Entlassen \u2013 und dann? Selbst k\u00e4mpfen! - vitalibera.org\",\"isPartOf\":{\"@id\":\"https:\\\/\\\/www.vitalibera.org\\\/community\\\/#website\"},\"primaryImageOfPage\":{\"@id\":\"https:\\\/\\\/www.vitalibera.org\\\/community\\\/2026\\\/04\\\/25\\\/entlassen-und-dann-selbst-kaempfen\\\/#primaryimage\"},\"image\":{\"@id\":\"https:\\\/\\\/www.vitalibera.org\\\/community\\\/2026\\\/04\\\/25\\\/entlassen-und-dann-selbst-kaempfen\\\/#primaryimage\"},\"thumbnailUrl\":\"https:\\\/\\\/www.vitalibera.org\\\/community\\\/wp-content\\\/uploads\\\/2026\\\/04\\\/meinweg90.png\",\"datePublished\":\"2026-04-25T19:02:15+00:00\",\"dateModified\":\"2026-04-25T19:03:48+00:00\",\"breadcrumb\":{\"@id\":\"https:\\\/\\\/www.vitalibera.org\\\/community\\\/2026\\\/04\\\/25\\\/entlassen-und-dann-selbst-kaempfen\\\/#breadcrumb\"},\"inLanguage\":\"de\",\"potentialAction\":[{\"@type\":\"ReadAction\",\"target\":[\"https:\\\/\\\/www.vitalibera.org\\\/community\\\/2026\\\/04\\\/25\\\/entlassen-und-dann-selbst-kaempfen\\\/\"]}]},{\"@type\":\"BreadcrumbList\",\"@id\":\"https:\\\/\\\/www.vitalibera.org\\\/community\\\/2026\\\/04\\\/25\\\/entlassen-und-dann-selbst-kaempfen\\\/#breadcrumb\",\"itemListElement\":[{\"@type\":\"ListItem\",\"position\":1,\"name\":\"Startseite\",\"item\":\"https:\\\/\\\/www.vitalibera.org\\\/community\\\/\"},{\"@type\":\"ListItem\",\"position\":2,\"name\":\"Entlassen \u2013 und dann? Selbst k\u00e4mpfen!\"}]},{\"@type\":\"WebSite\",\"@id\":\"https:\\\/\\\/www.vitalibera.org\\\/community\\\/#website\",\"url\":\"https:\\\/\\\/www.vitalibera.org\\\/community\\\/\",\"name\":\"vitalibera.org\",\"description\":\"Mit einer Einschr&auml;nkung gestaltet sich das Leben im Alltag oft schwieriger - hier berichten wir &uuml;ber unsere Erfahrungen und Hilfsmittel um den Alltag so unbeschwert und unkompliziert wie nur m&ouml;glich geniessen zu k&ouml;nnen. Dabei richten wir unseren Fokus gezielt auf Selbst&auml;ndigkeit, Eigenst&auml;ndigkeit und Selbstbestimmung.\",\"publisher\":{\"@id\":\"https:\\\/\\\/www.vitalibera.org\\\/community\\\/#organization\"},\"potentialAction\":[{\"@type\":\"SearchAction\",\"target\":{\"@type\":\"EntryPoint\",\"urlTemplate\":\"https:\\\/\\\/www.vitalibera.org\\\/community\\\/?s={search_term_string}\"},\"query-input\":{\"@type\":\"PropertyValueSpecification\",\"valueRequired\":true,\"valueName\":\"search_term_string\"}}],\"inLanguage\":\"de\"},{\"@type\":\"Organization\",\"@id\":\"https:\\\/\\\/www.vitalibera.org\\\/community\\\/#organization\",\"name\":\"vitalibera.org\",\"url\":\"https:\\\/\\\/www.vitalibera.org\\\/community\\\/\",\"logo\":{\"@type\":\"ImageObject\",\"inLanguage\":\"de\",\"@id\":\"https:\\\/\\\/www.vitalibera.org\\\/community\\\/#\\\/schema\\\/logo\\\/image\\\/\",\"url\":\"https:\\\/\\\/www.vitalibera.org\\\/community\\\/wp-content\\\/uploads\\\/2025\\\/09\\\/cropped-banner.png\",\"contentUrl\":\"https:\\\/\\\/www.vitalibera.org\\\/community\\\/wp-content\\\/uploads\\\/2025\\\/09\\\/cropped-banner.png\",\"width\":991,\"height\":150,\"caption\":\"vitalibera.org\"},\"image\":{\"@id\":\"https:\\\/\\\/www.vitalibera.org\\\/community\\\/#\\\/schema\\\/logo\\\/image\\\/\"},\"sameAs\":[\"https:\\\/\\\/www.facebook.com\\\/groups\\\/2997085857140235\"]},{\"@type\":\"Person\",\"@id\":\"https:\\\/\\\/www.vitalibera.org\\\/community\\\/#\\\/schema\\\/person\\\/6712387298421f222ff6d0a2e22c1534\",\"name\":\"Andreas Jecklin\",\"image\":{\"@type\":\"ImageObject\",\"inLanguage\":\"de\",\"@id\":\"https:\\\/\\\/secure.gravatar.com\\\/avatar\\\/ad516503a11cd5ca435acc9bb6523536?s=96\",\"url\":\"https:\\\/\\\/secure.gravatar.com\\\/avatar\\\/ad516503a11cd5ca435acc9bb6523536?s=96\",\"contentUrl\":\"https:\\\/\\\/secure.gravatar.com\\\/avatar\\\/ad516503a11cd5ca435acc9bb6523536?s=96\",\"caption\":\"Andreas Jecklin\"},\"description\":\"Manchen gab Gott die Kraft Dinge zu ver\u00e4ndern, mir gab er die Kraft zu ertragen was nicht mehr zu \u00e4ndern ist.\",\"url\":\"https:\\\/\\\/www.vitalibera.org\\\/community\\\/author\\\/andy77\\\/\"}]}<\/script>\r\n<!-- \/ Yoast SEO plugin. -->","yoast_head_json":{"title":"Entlassen \u2013 und dann? Selbst k\u00e4mpfen! - vitalibera.org","robots":{"index":"index","follow":"follow","max-snippet":"max-snippet:-1","max-image-preview":"max-image-preview:large","max-video-preview":"max-video-preview:-1"},"canonical":"https:\/\/www.vitalibera.org\/community\/2026\/04\/25\/entlassen-und-dann-selbst-kaempfen\/","og_locale":"de_DE","og_type":"article","og_title":"Entlassen \u2013 und dann? Selbst k\u00e4mpfen! - vitalibera.org","og_description":"Kein Netz. Kein Auffangplan. Nur ich. Nach der Rehabilitation musst du selber aktiv werden \u2013 weil das System dich nach der Entlassung oft einfach stehen l\u00e4sst. Keine Anleitung, keine Struktur, keine echte Begleitung. Pl\u00f6tzlich sollst du funktionieren, Entscheidungen treffen, Antr\u00e4ge ausf\u00fcllen, Therapien organisieren und deinen Alltag stemmen, w\u00e4hrend dein Gehirn noch damit besch\u00e4ftigt ist, \u00fcberhaupt ... Weiterlesen","og_url":"https:\/\/www.vitalibera.org\/community\/2026\/04\/25\/entlassen-und-dann-selbst-kaempfen\/","og_site_name":"vitalibera.org","article_publisher":"https:\/\/www.facebook.com\/groups\/2997085857140235","article_published_time":"2026-04-25T19:02:15+00:00","article_modified_time":"2026-04-25T19:03:48+00:00","og_image":[{"width":381,"height":360,"url":"http:\/\/www.vitalibera.org\/community\/wp-content\/uploads\/2026\/04\/meinweg90.png","type":"image\/png"}],"author":"Andreas Jecklin","twitter_card":"summary_large_image","twitter_misc":{"Verfasst von":"Andreas Jecklin","Gesch\u00e4tzte Lesezeit":"5\u00a0Minuten"},"schema":{"@context":"https:\/\/schema.org","@graph":[{"@type":"Article","@id":"https:\/\/www.vitalibera.org\/community\/2026\/04\/25\/entlassen-und-dann-selbst-kaempfen\/#article","isPartOf":{"@id":"https:\/\/www.vitalibera.org\/community\/2026\/04\/25\/entlassen-und-dann-selbst-kaempfen\/"},"author":{"name":"Andreas Jecklin","@id":"https:\/\/www.vitalibera.org\/community\/#\/schema\/person\/6712387298421f222ff6d0a2e22c1534"},"headline":"Entlassen \u2013 und dann? Selbst k\u00e4mpfen!","datePublished":"2026-04-25T19:02:15+00:00","dateModified":"2026-04-25T19:03:48+00:00","mainEntityOfPage":{"@id":"https:\/\/www.vitalibera.org\/community\/2026\/04\/25\/entlassen-und-dann-selbst-kaempfen\/"},"wordCount":705,"commentCount":0,"publisher":{"@id":"https:\/\/www.vitalibera.org\/community\/#organization"},"image":{"@id":"https:\/\/www.vitalibera.org\/community\/2026\/04\/25\/entlassen-und-dann-selbst-kaempfen\/#primaryimage"},"thumbnailUrl":"https:\/\/www.vitalibera.org\/community\/wp-content\/uploads\/2026\/04\/meinweg90.png","articleSection":["Alltagsnavigation","Hilfe f\u00fcr Angeh\u00f6rige"],"inLanguage":"de","potentialAction":[{"@type":"CommentAction","name":"Comment","target":["https:\/\/www.vitalibera.org\/community\/2026\/04\/25\/entlassen-und-dann-selbst-kaempfen\/#respond"]}]},{"@type":"WebPage","@id":"https:\/\/www.vitalibera.org\/community\/2026\/04\/25\/entlassen-und-dann-selbst-kaempfen\/","url":"https:\/\/www.vitalibera.org\/community\/2026\/04\/25\/entlassen-und-dann-selbst-kaempfen\/","name":"Entlassen \u2013 und dann? Selbst k\u00e4mpfen! - vitalibera.org","isPartOf":{"@id":"https:\/\/www.vitalibera.org\/community\/#website"},"primaryImageOfPage":{"@id":"https:\/\/www.vitalibera.org\/community\/2026\/04\/25\/entlassen-und-dann-selbst-kaempfen\/#primaryimage"},"image":{"@id":"https:\/\/www.vitalibera.org\/community\/2026\/04\/25\/entlassen-und-dann-selbst-kaempfen\/#primaryimage"},"thumbnailUrl":"https:\/\/www.vitalibera.org\/community\/wp-content\/uploads\/2026\/04\/meinweg90.png","datePublished":"2026-04-25T19:02:15+00:00","dateModified":"2026-04-25T19:03:48+00:00","breadcrumb":{"@id":"https:\/\/www.vitalibera.org\/community\/2026\/04\/25\/entlassen-und-dann-selbst-kaempfen\/#breadcrumb"},"inLanguage":"de","potentialAction":[{"@type":"ReadAction","target":["https:\/\/www.vitalibera.org\/community\/2026\/04\/25\/entlassen-und-dann-selbst-kaempfen\/"]}]},{"@type":"BreadcrumbList","@id":"https:\/\/www.vitalibera.org\/community\/2026\/04\/25\/entlassen-und-dann-selbst-kaempfen\/#breadcrumb","itemListElement":[{"@type":"ListItem","position":1,"name":"Startseite","item":"https:\/\/www.vitalibera.org\/community\/"},{"@type":"ListItem","position":2,"name":"Entlassen \u2013 und dann? Selbst k\u00e4mpfen!"}]},{"@type":"WebSite","@id":"https:\/\/www.vitalibera.org\/community\/#website","url":"https:\/\/www.vitalibera.org\/community\/","name":"vitalibera.org","description":"Mit einer Einschr&auml;nkung gestaltet sich das Leben im Alltag oft schwieriger - hier berichten wir &uuml;ber unsere Erfahrungen und Hilfsmittel um den Alltag so unbeschwert und unkompliziert wie nur m&ouml;glich geniessen zu k&ouml;nnen. Dabei richten wir unseren Fokus gezielt auf Selbst&auml;ndigkeit, Eigenst&auml;ndigkeit und Selbstbestimmung.","publisher":{"@id":"https:\/\/www.vitalibera.org\/community\/#organization"},"potentialAction":[{"@type":"SearchAction","target":{"@type":"EntryPoint","urlTemplate":"https:\/\/www.vitalibera.org\/community\/?s={search_term_string}"},"query-input":{"@type":"PropertyValueSpecification","valueRequired":true,"valueName":"search_term_string"}}],"inLanguage":"de"},{"@type":"Organization","@id":"https:\/\/www.vitalibera.org\/community\/#organization","name":"vitalibera.org","url":"https:\/\/www.vitalibera.org\/community\/","logo":{"@type":"ImageObject","inLanguage":"de","@id":"https:\/\/www.vitalibera.org\/community\/#\/schema\/logo\/image\/","url":"https:\/\/www.vitalibera.org\/community\/wp-content\/uploads\/2025\/09\/cropped-banner.png","contentUrl":"https:\/\/www.vitalibera.org\/community\/wp-content\/uploads\/2025\/09\/cropped-banner.png","width":991,"height":150,"caption":"vitalibera.org"},"image":{"@id":"https:\/\/www.vitalibera.org\/community\/#\/schema\/logo\/image\/"},"sameAs":["https:\/\/www.facebook.com\/groups\/2997085857140235"]},{"@type":"Person","@id":"https:\/\/www.vitalibera.org\/community\/#\/schema\/person\/6712387298421f222ff6d0a2e22c1534","name":"Andreas Jecklin","image":{"@type":"ImageObject","inLanguage":"de","@id":"https:\/\/secure.gravatar.com\/avatar\/ad516503a11cd5ca435acc9bb6523536?s=96","url":"https:\/\/secure.gravatar.com\/avatar\/ad516503a11cd5ca435acc9bb6523536?s=96","contentUrl":"https:\/\/secure.gravatar.com\/avatar\/ad516503a11cd5ca435acc9bb6523536?s=96","caption":"Andreas Jecklin"},"description":"Manchen gab Gott die Kraft Dinge zu ver\u00e4ndern, mir gab er die Kraft zu ertragen was nicht mehr zu \u00e4ndern ist.","url":"https:\/\/www.vitalibera.org\/community\/author\/andy77\/"}]}},"jetpack_featured_media_url":"https:\/\/www.vitalibera.org\/community\/wp-content\/uploads\/2026\/04\/meinweg90.png","jetpack_sharing_enabled":true,"jetpack-related-posts":[],"_links":{"self":[{"href":"https:\/\/www.vitalibera.org\/community\/wp-json\/wp\/v2\/posts\/6944","targetHints":{"allow":["GET"]}}],"collection":[{"href":"https:\/\/www.vitalibera.org\/community\/wp-json\/wp\/v2\/posts"}],"about":[{"href":"https:\/\/www.vitalibera.org\/community\/wp-json\/wp\/v2\/types\/post"}],"author":[{"embeddable":true,"href":"https:\/\/www.vitalibera.org\/community\/wp-json\/wp\/v2\/users\/2"}],"replies":[{"embeddable":true,"href":"https:\/\/www.vitalibera.org\/community\/wp-json\/wp\/v2\/comments?post=6944"}],"version-history":[{"count":1,"href":"https:\/\/www.vitalibera.org\/community\/wp-json\/wp\/v2\/posts\/6944\/revisions"}],"predecessor-version":[{"id":6947,"href":"https:\/\/www.vitalibera.org\/community\/wp-json\/wp\/v2\/posts\/6944\/revisions\/6947"}],"wp:featuredmedia":[{"embeddable":true,"href":"https:\/\/www.vitalibera.org\/community\/wp-json\/wp\/v2\/media\/6946"}],"wp:attachment":[{"href":"https:\/\/www.vitalibera.org\/community\/wp-json\/wp\/v2\/media?parent=6944"}],"wp:term":[{"taxonomy":"category","embeddable":true,"href":"https:\/\/www.vitalibera.org\/community\/wp-json\/wp\/v2\/categories?post=6944"},{"taxonomy":"post_tag","embeddable":true,"href":"https:\/\/www.vitalibera.org\/community\/wp-json\/wp\/v2\/tags?post=6944"}],"curies":[{"name":"wp","href":"https:\/\/api.w.org\/{rel}","templated":true}]}}