{"id":6980,"date":"2026-04-26T21:58:47","date_gmt":"2026-04-26T19:58:47","guid":{"rendered":"https:\/\/www.vitalibera.org\/community\/?p=6980"},"modified":"2026-04-26T22:02:59","modified_gmt":"2026-04-26T20:02:59","slug":"neurologisches-schicksal-klare-identitaet","status":"publish","type":"post","link":"https:\/\/www.vitalibera.org\/community\/2026\/04\/26\/neurologisches-schicksal-klare-identitaet\/","title":{"rendered":"Neurologisches Schicksal &#8211; Klare Identit\u00e4t"},"content":{"rendered":"\n<div class=\"wp-block-media-text is-stacked-on-mobile\" style=\"grid-template-columns:31% auto\"><figure class=\"wp-block-media-text__media\"><img fetchpriority=\"high\" decoding=\"async\" width=\"725\" height=\"1024\" src=\"https:\/\/www.vitalibera.org\/community\/wp-content\/uploads\/2026\/04\/mirrorb642f0-725x1024.png\" alt=\"\" class=\"wp-image-6982 size-full\" srcset=\"https:\/\/www.vitalibera.org\/community\/wp-content\/uploads\/2026\/04\/mirrorb642f0-725x1024.png 725w, https:\/\/www.vitalibera.org\/community\/wp-content\/uploads\/2026\/04\/mirrorb642f0-213x300.png 213w, https:\/\/www.vitalibera.org\/community\/wp-content\/uploads\/2026\/04\/mirrorb642f0-768x1084.png 768w, https:\/\/www.vitalibera.org\/community\/wp-content\/uploads\/2026\/04\/mirrorb642f0.png 894w\" sizes=\"(max-width: 725px) 100vw, 725px\" \/><\/figure><div class=\"wp-block-media-text__content\">\n<p>Ein neurologisches Schicksal ver&auml;ndert, wie man sich selbst erlebt &ndash; nicht wer man ist. <\/p>\n\n\n\n<p>Vieles braucht heute mehr Energie, mehr Struktur und mehr Bewusstsein, und genau das verschiebt die eigene Wahrnehmung. Man sp&uuml;rt Grenzen fr&uuml;her, Reize st&auml;rker und Tempo anders. Gleichzeitig prallen gesellschaftliche Erwartungen auf diese neue Realit&auml;t und verzerren oft das Fremdbild. <\/p>\n\n\n\n<p>Selbstwahrnehmung bedeutet hier: klar sehen, was wirklich von der Neurologie kommt, was von &Uuml;berlastung und was von au&szlig;en. Sie hilft, den eigenen Kern sichtbar zu halten &ndash; trotz neuer Bedingungen.<\/p>\n<\/div><\/div>\n\n\n\n<h5 class=\"wp-block-heading\"><strong>Fremdbild nicht &uuml;bernehmen<\/strong><\/h5>\n\n\n\n<p>Menschen urteilen schnell, besonders wenn sie etwas nicht verstehen. Eine neurologische Ver&auml;nderung macht dich in ihren Augen pl&ouml;tzlich &bdquo;unsicher&ldquo;, &bdquo;langsam&ldquo; oder &bdquo;hilfsbed&uuml;rftig&ldquo;. Viele reagieren nicht aus Bosheit, sondern aus Unwissen, aus eigenen &Auml;ngsten oder aus gesellschaftlichen Mustern, die alles Abweichende sofort abwerten. Aber: <strong>Das Fremdbild anderer ist kein Spiegel. Es ist ein Projektor.<\/strong><\/p>\n\n\n\n<p>Wenn jemand dich untersch&auml;tzt, sagt das nichts &uuml;ber deine F&auml;higkeiten aus. Es zeigt nur, wie begrenzt ihr Blick ist. Wie wenig sie &uuml;ber Neurologie wissen. Wie sehr sie Tempo mit Intelligenz verwechseln. Wie schnell sie aus Unsicherheit Kontrolle aus&uuml;ben wollen. Das ist <em>deren<\/em> Wahrnehmung &ndash; nicht deine Realit&auml;t.<\/p>\n\n\n\n<p>Du musst das nicht korrigieren. Du musst dich nicht erkl&auml;ren. Du musst dich nicht kleiner machen, um in ihr Bild zu passen.<\/p>\n\n\n\n<p>Deine Aufgabe ist nur eine: <strong>nicht &uuml;bernehmen, was nie f&uuml;r dich bestimmt war.<\/strong> Nicht jedes Urteil geh&ouml;rt in dein System. Nicht jede Meinung verdient Platz in deinem Kopf. Nicht jede Fremdwahrnehmung hat das Recht, deine Selbstwahrnehmung zu verzerren.<\/p>\n\n\n\n<ul class=\"wp-block-list\">\n<li>Du wei&szlig;t, wer du bist. <\/li>\n\n\n\n<li>Du wei&szlig;t, was du kannst. <\/li>\n\n\n\n<li>Du wei&szlig;t, was dein Gehirn braucht. <\/li>\n\n\n\n<li>Und du wei&szlig;t, dass Kompetenz nicht verschwindet, nur weil jemand sie nicht erkennt.<\/li>\n<\/ul>\n\n\n\n<p class=\"has-medium-font-size\"><strong>Fremdbild ist L&auml;rm. Selbstbild ist Wahrheit.<\/strong><\/p>\n","protected":false},"excerpt":{"rendered":"<p>Ein neurologisches Schicksal ver\u00e4ndert, wie man sich selbst erlebt \u2013 nicht wer man ist. Vieles braucht heute mehr Energie, mehr Struktur und mehr Bewusstsein, und genau das verschiebt die eigene Wahrnehmung. Man sp\u00fcrt Grenzen fr\u00fcher, Reize st\u00e4rker und Tempo anders. Gleichzeitig prallen gesellschaftliche Erwartungen auf diese neue Realit\u00e4t und verzerren oft das Fremdbild. Selbstwahrnehmung bedeutet &#8230; <a title=\"Neurologisches Schicksal &#8211; Klare Identit\u00e4t\" class=\"read-more\" href=\"https:\/\/www.vitalibera.org\/community\/2026\/04\/26\/neurologisches-schicksal-klare-identitaet\/\" aria-label=\"Mehr Informationen \u00fcber Neurologisches Schicksal &#8211; Klare Identit\u00e4t\">Weiterlesen<\/a><\/p>\n","protected":false},"author":2,"featured_media":6982,"comment_status":"open","ping_status":"open","sticky":false,"template":"","format":"standard","meta":{"cybocfi_hide_featured_image":"yes","_jetpack_memberships_contains_paid_content":false,"footnotes":""},"categories":[159],"tags":[],"class_list":["post-6980","post","type-post","status-publish","format-standard","has-post-thumbnail","hentry","category-fachwissen"],"yoast_head":"<!-- This site is optimized with the Yoast SEO plugin v27.4 - https:\/\/yoast.com\/product\/yoast-seo-wordpress\/ -->\r\n<title>Neurologisches Schicksal - Klare Identit\u00e4t - vitalibera.org<\/title>\r\n<meta name=\"robots\" content=\"index, follow, max-snippet:-1, max-image-preview:large, max-video-preview:-1\" \/>\r\n<link rel=\"canonical\" href=\"https:\/\/www.vitalibera.org\/community\/2026\/04\/26\/neurologisches-schicksal-klare-identitaet\/\" \/>\r\n<meta property=\"og:locale\" content=\"de_DE\" \/>\r\n<meta property=\"og:type\" content=\"article\" \/>\r\n<meta property=\"og:title\" content=\"Neurologisches Schicksal - Klare Identit\u00e4t - vitalibera.org\" \/>\r\n<meta property=\"og:description\" content=\"Ein neurologisches Schicksal ver\u00e4ndert, wie man sich selbst erlebt \u2013 nicht wer man ist. Vieles braucht heute mehr Energie, mehr Struktur und mehr Bewusstsein, und genau das verschiebt die eigene Wahrnehmung. Man sp\u00fcrt Grenzen fr\u00fcher, Reize st\u00e4rker und Tempo anders. Gleichzeitig prallen gesellschaftliche Erwartungen auf diese neue Realit\u00e4t und verzerren oft das Fremdbild. Selbstwahrnehmung bedeutet ... Weiterlesen\" \/>\r\n<meta property=\"og:url\" content=\"https:\/\/www.vitalibera.org\/community\/2026\/04\/26\/neurologisches-schicksal-klare-identitaet\/\" \/>\r\n<meta property=\"og:site_name\" content=\"vitalibera.org\" \/>\r\n<meta property=\"article:publisher\" content=\"https:\/\/www.facebook.com\/groups\/2997085857140235\" \/>\r\n<meta property=\"article:published_time\" content=\"2026-04-26T19:58:47+00:00\" \/>\r\n<meta property=\"article:modified_time\" content=\"2026-04-26T20:02:59+00:00\" \/>\r\n<meta property=\"og:image\" content=\"http:\/\/www.vitalibera.org\/community\/wp-content\/uploads\/2026\/04\/mirrorb642f0.png\" \/>\r\n\t<meta property=\"og:image:width\" content=\"894\" \/>\r\n\t<meta property=\"og:image:height\" content=\"1262\" \/>\r\n\t<meta property=\"og:image:type\" content=\"image\/png\" \/>\r\n<meta name=\"author\" content=\"Andreas Jecklin\" \/>\r\n<meta name=\"twitter:card\" content=\"summary_large_image\" \/>\r\n<meta name=\"twitter:label1\" content=\"Verfasst von\" \/>\n\t<meta name=\"twitter:data1\" content=\"Andreas Jecklin\" \/>\n\t<meta name=\"twitter:label2\" content=\"Gesch\u00e4tzte Lesezeit\" \/>\n\t<meta name=\"twitter:data2\" content=\"2\u00a0Minuten\" \/>\r\n<script type=\"application\/ld+json\" class=\"yoast-schema-graph\">{\"@context\":\"https:\\\/\\\/schema.org\",\"@graph\":[{\"@type\":\"Article\",\"@id\":\"https:\\\/\\\/www.vitalibera.org\\\/community\\\/2026\\\/04\\\/26\\\/neurologisches-schicksal-klare-identitaet\\\/#article\",\"isPartOf\":{\"@id\":\"https:\\\/\\\/www.vitalibera.org\\\/community\\\/2026\\\/04\\\/26\\\/neurologisches-schicksal-klare-identitaet\\\/\"},\"author\":{\"name\":\"Andreas Jecklin\",\"@id\":\"https:\\\/\\\/www.vitalibera.org\\\/community\\\/#\\\/schema\\\/person\\\/6712387298421f222ff6d0a2e22c1534\"},\"headline\":\"Neurologisches Schicksal &#8211; Klare Identit\u00e4t\",\"datePublished\":\"2026-04-26T19:58:47+00:00\",\"dateModified\":\"2026-04-26T20:02:59+00:00\",\"mainEntityOfPage\":{\"@id\":\"https:\\\/\\\/www.vitalibera.org\\\/community\\\/2026\\\/04\\\/26\\\/neurologisches-schicksal-klare-identitaet\\\/\"},\"wordCount\":306,\"commentCount\":0,\"publisher\":{\"@id\":\"https:\\\/\\\/www.vitalibera.org\\\/community\\\/#organization\"},\"image\":{\"@id\":\"https:\\\/\\\/www.vitalibera.org\\\/community\\\/2026\\\/04\\\/26\\\/neurologisches-schicksal-klare-identitaet\\\/#primaryimage\"},\"thumbnailUrl\":\"https:\\\/\\\/www.vitalibera.org\\\/community\\\/wp-content\\\/uploads\\\/2026\\\/04\\\/mirrorb642f0.png\",\"articleSection\":[\"Fachwissen\"],\"inLanguage\":\"de\",\"potentialAction\":[{\"@type\":\"CommentAction\",\"name\":\"Comment\",\"target\":[\"https:\\\/\\\/www.vitalibera.org\\\/community\\\/2026\\\/04\\\/26\\\/neurologisches-schicksal-klare-identitaet\\\/#respond\"]}]},{\"@type\":\"WebPage\",\"@id\":\"https:\\\/\\\/www.vitalibera.org\\\/community\\\/2026\\\/04\\\/26\\\/neurologisches-schicksal-klare-identitaet\\\/\",\"url\":\"https:\\\/\\\/www.vitalibera.org\\\/community\\\/2026\\\/04\\\/26\\\/neurologisches-schicksal-klare-identitaet\\\/\",\"name\":\"Neurologisches Schicksal - Klare Identit\u00e4t - vitalibera.org\",\"isPartOf\":{\"@id\":\"https:\\\/\\\/www.vitalibera.org\\\/community\\\/#website\"},\"primaryImageOfPage\":{\"@id\":\"https:\\\/\\\/www.vitalibera.org\\\/community\\\/2026\\\/04\\\/26\\\/neurologisches-schicksal-klare-identitaet\\\/#primaryimage\"},\"image\":{\"@id\":\"https:\\\/\\\/www.vitalibera.org\\\/community\\\/2026\\\/04\\\/26\\\/neurologisches-schicksal-klare-identitaet\\\/#primaryimage\"},\"thumbnailUrl\":\"https:\\\/\\\/www.vitalibera.org\\\/community\\\/wp-content\\\/uploads\\\/2026\\\/04\\\/mirrorb642f0.png\",\"datePublished\":\"2026-04-26T19:58:47+00:00\",\"dateModified\":\"2026-04-26T20:02:59+00:00\",\"breadcrumb\":{\"@id\":\"https:\\\/\\\/www.vitalibera.org\\\/community\\\/2026\\\/04\\\/26\\\/neurologisches-schicksal-klare-identitaet\\\/#breadcrumb\"},\"inLanguage\":\"de\",\"potentialAction\":[{\"@type\":\"ReadAction\",\"target\":[\"https:\\\/\\\/www.vitalibera.org\\\/community\\\/2026\\\/04\\\/26\\\/neurologisches-schicksal-klare-identitaet\\\/\"]}]},{\"@type\":\"BreadcrumbList\",\"@id\":\"https:\\\/\\\/www.vitalibera.org\\\/community\\\/2026\\\/04\\\/26\\\/neurologisches-schicksal-klare-identitaet\\\/#breadcrumb\",\"itemListElement\":[{\"@type\":\"ListItem\",\"position\":1,\"name\":\"Startseite\",\"item\":\"https:\\\/\\\/www.vitalibera.org\\\/community\\\/\"},{\"@type\":\"ListItem\",\"position\":2,\"name\":\"Neurologisches Schicksal &#8211; Klare Identit\u00e4t\"}]},{\"@type\":\"WebSite\",\"@id\":\"https:\\\/\\\/www.vitalibera.org\\\/community\\\/#website\",\"url\":\"https:\\\/\\\/www.vitalibera.org\\\/community\\\/\",\"name\":\"vitalibera.org\",\"description\":\"Mit einer Einschr&auml;nkung gestaltet sich das Leben im Alltag oft schwieriger - hier berichten wir &uuml;ber unsere Erfahrungen und Hilfsmittel um den Alltag so unbeschwert und unkompliziert wie nur m&ouml;glich geniessen zu k&ouml;nnen. Dabei richten wir unseren Fokus gezielt auf Selbst&auml;ndigkeit, Eigenst&auml;ndigkeit und Selbstbestimmung.\",\"publisher\":{\"@id\":\"https:\\\/\\\/www.vitalibera.org\\\/community\\\/#organization\"},\"potentialAction\":[{\"@type\":\"SearchAction\",\"target\":{\"@type\":\"EntryPoint\",\"urlTemplate\":\"https:\\\/\\\/www.vitalibera.org\\\/community\\\/?s={search_term_string}\"},\"query-input\":{\"@type\":\"PropertyValueSpecification\",\"valueRequired\":true,\"valueName\":\"search_term_string\"}}],\"inLanguage\":\"de\"},{\"@type\":\"Organization\",\"@id\":\"https:\\\/\\\/www.vitalibera.org\\\/community\\\/#organization\",\"name\":\"vitalibera.org\",\"url\":\"https:\\\/\\\/www.vitalibera.org\\\/community\\\/\",\"logo\":{\"@type\":\"ImageObject\",\"inLanguage\":\"de\",\"@id\":\"https:\\\/\\\/www.vitalibera.org\\\/community\\\/#\\\/schema\\\/logo\\\/image\\\/\",\"url\":\"https:\\\/\\\/www.vitalibera.org\\\/community\\\/wp-content\\\/uploads\\\/2025\\\/09\\\/cropped-banner.png\",\"contentUrl\":\"https:\\\/\\\/www.vitalibera.org\\\/community\\\/wp-content\\\/uploads\\\/2025\\\/09\\\/cropped-banner.png\",\"width\":991,\"height\":150,\"caption\":\"vitalibera.org\"},\"image\":{\"@id\":\"https:\\\/\\\/www.vitalibera.org\\\/community\\\/#\\\/schema\\\/logo\\\/image\\\/\"},\"sameAs\":[\"https:\\\/\\\/www.facebook.com\\\/groups\\\/2997085857140235\"]},{\"@type\":\"Person\",\"@id\":\"https:\\\/\\\/www.vitalibera.org\\\/community\\\/#\\\/schema\\\/person\\\/6712387298421f222ff6d0a2e22c1534\",\"name\":\"Andreas Jecklin\",\"image\":{\"@type\":\"ImageObject\",\"inLanguage\":\"de\",\"@id\":\"https:\\\/\\\/secure.gravatar.com\\\/avatar\\\/ad516503a11cd5ca435acc9bb6523536?s=96\",\"url\":\"https:\\\/\\\/secure.gravatar.com\\\/avatar\\\/ad516503a11cd5ca435acc9bb6523536?s=96\",\"contentUrl\":\"https:\\\/\\\/secure.gravatar.com\\\/avatar\\\/ad516503a11cd5ca435acc9bb6523536?s=96\",\"caption\":\"Andreas Jecklin\"},\"description\":\"Manchen gab Gott die Kraft Dinge zu ver\u00e4ndern, mir gab er die Kraft zu ertragen was nicht mehr zu \u00e4ndern ist.\",\"url\":\"https:\\\/\\\/www.vitalibera.org\\\/community\\\/author\\\/andy77\\\/\"}]}<\/script>\r\n<!-- \/ Yoast SEO plugin. -->","yoast_head_json":{"title":"Neurologisches Schicksal - Klare Identit\u00e4t - vitalibera.org","robots":{"index":"index","follow":"follow","max-snippet":"max-snippet:-1","max-image-preview":"max-image-preview:large","max-video-preview":"max-video-preview:-1"},"canonical":"https:\/\/www.vitalibera.org\/community\/2026\/04\/26\/neurologisches-schicksal-klare-identitaet\/","og_locale":"de_DE","og_type":"article","og_title":"Neurologisches Schicksal - Klare Identit\u00e4t - vitalibera.org","og_description":"Ein neurologisches Schicksal ver\u00e4ndert, wie man sich selbst erlebt \u2013 nicht wer man ist. Vieles braucht heute mehr Energie, mehr Struktur und mehr Bewusstsein, und genau das verschiebt die eigene Wahrnehmung. Man sp\u00fcrt Grenzen fr\u00fcher, Reize st\u00e4rker und Tempo anders. Gleichzeitig prallen gesellschaftliche Erwartungen auf diese neue Realit\u00e4t und verzerren oft das Fremdbild. Selbstwahrnehmung bedeutet ... Weiterlesen","og_url":"https:\/\/www.vitalibera.org\/community\/2026\/04\/26\/neurologisches-schicksal-klare-identitaet\/","og_site_name":"vitalibera.org","article_publisher":"https:\/\/www.facebook.com\/groups\/2997085857140235","article_published_time":"2026-04-26T19:58:47+00:00","article_modified_time":"2026-04-26T20:02:59+00:00","og_image":[{"width":894,"height":1262,"url":"http:\/\/www.vitalibera.org\/community\/wp-content\/uploads\/2026\/04\/mirrorb642f0.png","type":"image\/png"}],"author":"Andreas Jecklin","twitter_card":"summary_large_image","twitter_misc":{"Verfasst von":"Andreas Jecklin","Gesch\u00e4tzte Lesezeit":"2\u00a0Minuten"},"schema":{"@context":"https:\/\/schema.org","@graph":[{"@type":"Article","@id":"https:\/\/www.vitalibera.org\/community\/2026\/04\/26\/neurologisches-schicksal-klare-identitaet\/#article","isPartOf":{"@id":"https:\/\/www.vitalibera.org\/community\/2026\/04\/26\/neurologisches-schicksal-klare-identitaet\/"},"author":{"name":"Andreas Jecklin","@id":"https:\/\/www.vitalibera.org\/community\/#\/schema\/person\/6712387298421f222ff6d0a2e22c1534"},"headline":"Neurologisches Schicksal &#8211; Klare Identit\u00e4t","datePublished":"2026-04-26T19:58:47+00:00","dateModified":"2026-04-26T20:02:59+00:00","mainEntityOfPage":{"@id":"https:\/\/www.vitalibera.org\/community\/2026\/04\/26\/neurologisches-schicksal-klare-identitaet\/"},"wordCount":306,"commentCount":0,"publisher":{"@id":"https:\/\/www.vitalibera.org\/community\/#organization"},"image":{"@id":"https:\/\/www.vitalibera.org\/community\/2026\/04\/26\/neurologisches-schicksal-klare-identitaet\/#primaryimage"},"thumbnailUrl":"https:\/\/www.vitalibera.org\/community\/wp-content\/uploads\/2026\/04\/mirrorb642f0.png","articleSection":["Fachwissen"],"inLanguage":"de","potentialAction":[{"@type":"CommentAction","name":"Comment","target":["https:\/\/www.vitalibera.org\/community\/2026\/04\/26\/neurologisches-schicksal-klare-identitaet\/#respond"]}]},{"@type":"WebPage","@id":"https:\/\/www.vitalibera.org\/community\/2026\/04\/26\/neurologisches-schicksal-klare-identitaet\/","url":"https:\/\/www.vitalibera.org\/community\/2026\/04\/26\/neurologisches-schicksal-klare-identitaet\/","name":"Neurologisches Schicksal - Klare Identit\u00e4t - vitalibera.org","isPartOf":{"@id":"https:\/\/www.vitalibera.org\/community\/#website"},"primaryImageOfPage":{"@id":"https:\/\/www.vitalibera.org\/community\/2026\/04\/26\/neurologisches-schicksal-klare-identitaet\/#primaryimage"},"image":{"@id":"https:\/\/www.vitalibera.org\/community\/2026\/04\/26\/neurologisches-schicksal-klare-identitaet\/#primaryimage"},"thumbnailUrl":"https:\/\/www.vitalibera.org\/community\/wp-content\/uploads\/2026\/04\/mirrorb642f0.png","datePublished":"2026-04-26T19:58:47+00:00","dateModified":"2026-04-26T20:02:59+00:00","breadcrumb":{"@id":"https:\/\/www.vitalibera.org\/community\/2026\/04\/26\/neurologisches-schicksal-klare-identitaet\/#breadcrumb"},"inLanguage":"de","potentialAction":[{"@type":"ReadAction","target":["https:\/\/www.vitalibera.org\/community\/2026\/04\/26\/neurologisches-schicksal-klare-identitaet\/"]}]},{"@type":"BreadcrumbList","@id":"https:\/\/www.vitalibera.org\/community\/2026\/04\/26\/neurologisches-schicksal-klare-identitaet\/#breadcrumb","itemListElement":[{"@type":"ListItem","position":1,"name":"Startseite","item":"https:\/\/www.vitalibera.org\/community\/"},{"@type":"ListItem","position":2,"name":"Neurologisches Schicksal &#8211; Klare Identit\u00e4t"}]},{"@type":"WebSite","@id":"https:\/\/www.vitalibera.org\/community\/#website","url":"https:\/\/www.vitalibera.org\/community\/","name":"vitalibera.org","description":"Mit einer Einschr&auml;nkung gestaltet sich das Leben im Alltag oft schwieriger - hier berichten wir &uuml;ber unsere Erfahrungen und Hilfsmittel um den Alltag so unbeschwert und unkompliziert wie nur m&ouml;glich geniessen zu k&ouml;nnen. Dabei richten wir unseren Fokus gezielt auf Selbst&auml;ndigkeit, Eigenst&auml;ndigkeit und Selbstbestimmung.","publisher":{"@id":"https:\/\/www.vitalibera.org\/community\/#organization"},"potentialAction":[{"@type":"SearchAction","target":{"@type":"EntryPoint","urlTemplate":"https:\/\/www.vitalibera.org\/community\/?s={search_term_string}"},"query-input":{"@type":"PropertyValueSpecification","valueRequired":true,"valueName":"search_term_string"}}],"inLanguage":"de"},{"@type":"Organization","@id":"https:\/\/www.vitalibera.org\/community\/#organization","name":"vitalibera.org","url":"https:\/\/www.vitalibera.org\/community\/","logo":{"@type":"ImageObject","inLanguage":"de","@id":"https:\/\/www.vitalibera.org\/community\/#\/schema\/logo\/image\/","url":"https:\/\/www.vitalibera.org\/community\/wp-content\/uploads\/2025\/09\/cropped-banner.png","contentUrl":"https:\/\/www.vitalibera.org\/community\/wp-content\/uploads\/2025\/09\/cropped-banner.png","width":991,"height":150,"caption":"vitalibera.org"},"image":{"@id":"https:\/\/www.vitalibera.org\/community\/#\/schema\/logo\/image\/"},"sameAs":["https:\/\/www.facebook.com\/groups\/2997085857140235"]},{"@type":"Person","@id":"https:\/\/www.vitalibera.org\/community\/#\/schema\/person\/6712387298421f222ff6d0a2e22c1534","name":"Andreas Jecklin","image":{"@type":"ImageObject","inLanguage":"de","@id":"https:\/\/secure.gravatar.com\/avatar\/ad516503a11cd5ca435acc9bb6523536?s=96","url":"https:\/\/secure.gravatar.com\/avatar\/ad516503a11cd5ca435acc9bb6523536?s=96","contentUrl":"https:\/\/secure.gravatar.com\/avatar\/ad516503a11cd5ca435acc9bb6523536?s=96","caption":"Andreas Jecklin"},"description":"Manchen gab Gott die Kraft Dinge zu ver\u00e4ndern, mir gab er die Kraft zu ertragen was nicht mehr zu \u00e4ndern ist.","url":"https:\/\/www.vitalibera.org\/community\/author\/andy77\/"}]}},"jetpack_featured_media_url":"https:\/\/www.vitalibera.org\/community\/wp-content\/uploads\/2026\/04\/mirrorb642f0.png","jetpack_sharing_enabled":true,"jetpack-related-posts":[],"_links":{"self":[{"href":"https:\/\/www.vitalibera.org\/community\/wp-json\/wp\/v2\/posts\/6980","targetHints":{"allow":["GET"]}}],"collection":[{"href":"https:\/\/www.vitalibera.org\/community\/wp-json\/wp\/v2\/posts"}],"about":[{"href":"https:\/\/www.vitalibera.org\/community\/wp-json\/wp\/v2\/types\/post"}],"author":[{"embeddable":true,"href":"https:\/\/www.vitalibera.org\/community\/wp-json\/wp\/v2\/users\/2"}],"replies":[{"embeddable":true,"href":"https:\/\/www.vitalibera.org\/community\/wp-json\/wp\/v2\/comments?post=6980"}],"version-history":[{"count":2,"href":"https:\/\/www.vitalibera.org\/community\/wp-json\/wp\/v2\/posts\/6980\/revisions"}],"predecessor-version":[{"id":6985,"href":"https:\/\/www.vitalibera.org\/community\/wp-json\/wp\/v2\/posts\/6980\/revisions\/6985"}],"wp:featuredmedia":[{"embeddable":true,"href":"https:\/\/www.vitalibera.org\/community\/wp-json\/wp\/v2\/media\/6982"}],"wp:attachment":[{"href":"https:\/\/www.vitalibera.org\/community\/wp-json\/wp\/v2\/media?parent=6980"}],"wp:term":[{"taxonomy":"category","embeddable":true,"href":"https:\/\/www.vitalibera.org\/community\/wp-json\/wp\/v2\/categories?post=6980"},{"taxonomy":"post_tag","embeddable":true,"href":"https:\/\/www.vitalibera.org\/community\/wp-json\/wp\/v2\/tags?post=6980"}],"curies":[{"name":"wp","href":"https:\/\/api.w.org\/{rel}","templated":true}]}}