{"id":6986,"date":"2026-04-27T09:06:19","date_gmt":"2026-04-27T07:06:19","guid":{"rendered":"https:\/\/www.vitalibera.org\/community\/?p=6986"},"modified":"2026-04-27T09:08:05","modified_gmt":"2026-04-27T07:08:05","slug":"rueckschlag-heisst-nicht-rueckfall","status":"publish","type":"post","link":"https:\/\/www.vitalibera.org\/community\/2026\/04\/27\/rueckschlag-heisst-nicht-rueckfall\/","title":{"rendered":"R\u00fcckschlag hei\u00dft nicht R\u00fcckfall"},"content":{"rendered":"\n<div class=\"wp-block-media-text is-stacked-on-mobile\" style=\"grid-template-columns:40% auto\"><figure class=\"wp-block-media-text__media\"><img fetchpriority=\"high\" decoding=\"async\" width=\"736\" height=\"736\" src=\"https:\/\/www.vitalibera.org\/community\/wp-content\/uploads\/2026\/04\/4c032a0d1df7db19c73702ccc4700838.jpg\" alt=\"\" class=\"wp-image-6987 size-full\" srcset=\"https:\/\/www.vitalibera.org\/community\/wp-content\/uploads\/2026\/04\/4c032a0d1df7db19c73702ccc4700838.jpg 736w, https:\/\/www.vitalibera.org\/community\/wp-content\/uploads\/2026\/04\/4c032a0d1df7db19c73702ccc4700838-300x300.jpg 300w, https:\/\/www.vitalibera.org\/community\/wp-content\/uploads\/2026\/04\/4c032a0d1df7db19c73702ccc4700838-150x150.jpg 150w\" sizes=\"(max-width: 736px) 100vw, 736px\" \/><\/figure><div class=\"wp-block-media-text__content\">\n<p><strong>Dort, wo es weh tut, w&auml;chst leise meine St&auml;rke<\/strong><\/p>\n\n\n\n<p>Trauer nach einem neurologischen Schicksal ist kein &bdquo;Gef&uuml;hl&ldquo;, das man wegatmen soll &ndash; es ist eine Reaktion auf einen realen Verlust: F&auml;higkeiten, Tempo, Sicherheit, Selbstverst&auml;ndlichkeit.<\/p>\n\n\n\n<p>R&uuml;ckschl&auml;ge geh&ouml;ren dazu, weil das System sensibel ist und schnell kippt. Das ist keine Schw&auml;che, sondern Biologie.<\/p>\n\n\n\n<p><strong>Wichtig ist:<\/strong> Du musst Trauer nicht &bdquo;l&ouml;sen&ldquo;. Du musst nur verhindern, dass sie dich definiert.<\/p>\n<\/div><\/div>\n\n\n\n<h5 class=\"wp-block-heading\"><strong>Was wirklich hilft<\/strong><\/h5>\n\n\n\n<h6 class=\"wp-block-heading\"><strong>1. Trauer anerkennen, ohne in ihr zu wohnen<\/strong><\/h6>\n\n\n\n<p>Du darfst entt&auml;uscht, w&uuml;tend, m&uuml;de sein. Aber du musst nicht in jedem Gef&uuml;hl eine Bedeutung suchen. Manchmal ist es einfach ein schlechter Tag, kein R&uuml;ckfall deines Lebens.<\/p>\n\n\n\n<h6 class=\"wp-block-heading\"><strong>2. R&uuml;ckschl&auml;ge als Information sehen, nicht als Urteil<\/strong><\/h6>\n\n\n\n<p>Ein schlechter Tag sagt nichts &uuml;ber deine Zukunft. Er sagt nur: <em>&bdquo;Heute war zu viel.&ldquo;<\/em> Das ist ein Hinweis, kein Absturz.<\/p>\n\n\n\n<h6 class=\"wp-block-heading\"><strong>3. Mini&#8209;Stabilit&auml;t statt gro&szlig;e L&ouml;sungen<\/strong><\/h6>\n\n\n\n<ul class=\"wp-block-list\">\n<li>1 Pause<\/li>\n\n\n\n<li>1 klare Aufgabe<\/li>\n\n\n\n<li>1 sichere Person Mehr braucht es nicht, um wieder Boden zu bekommen.<\/li>\n<\/ul>\n\n\n\n<h6 class=\"wp-block-heading\"><strong>4. Nicht vergleichen &ndash; weder mit fr&uuml;her noch mit anderen<\/strong><\/h6>\n\n\n\n<p>Vergleiche zerst&ouml;ren Selbstwert schneller als jeder R&uuml;ckschlag. Dein Weg hat andere Regeln. Punkt.<\/p>\n\n\n\n<h6 class=\"wp-block-heading\"><strong>5. Energie sch&uuml;tzen wie ein Organ<\/strong><\/h6>\n\n\n\n<p>Trauer wird schwerer, wenn du &uuml;berlastet bist. Stabilit&auml;t entsteht durch Reizschutz, Pausen und klare Grenzen.<\/p>\n\n\n\n<h6 class=\"wp-block-heading\"><strong>6. Verbindung statt R&uuml;ckzug<\/strong><\/h6>\n\n\n\n<p>Nicht viele Menschen &ndash; die richtigen. Menschen, die dich nicht reparieren wollen, sondern verstehen.<\/p>\n\n\n\n<h6 class=\"wp-block-heading\"><strong>7. Dich selbst nicht verlieren<\/strong><\/h6>\n\n\n\n<p>Du bist nicht deine Trauer. Du bist nicht dein R&uuml;ckschlag. Du bist der Mensch, der jeden Tag trotzdem weitermacht.<\/p>\n\n\n\n<div class=\"wp-block-media-text is-stacked-on-mobile\" style=\"grid-template-columns:25% auto\"><figure class=\"wp-block-media-text__media\"><img decoding=\"async\" width=\"302\" height=\"277\" src=\"http:\/\/www.vitalibera.org\/community\/wp-content\/uploads\/2026\/03\/tip3.png\" alt=\"\" class=\"wp-image-6087 size-full\" srcset=\"https:\/\/www.vitalibera.org\/community\/wp-content\/uploads\/2026\/03\/tip3.png 302w, https:\/\/www.vitalibera.org\/community\/wp-content\/uploads\/2026\/03\/tip3-300x275.png 300w\" sizes=\"(max-width: 302px) 100vw, 302px\" \/><\/figure><div class=\"wp-block-media-text__content\">\n<p><strong>Behandle R&uuml;ckschl&auml;ge wie Wetter, nicht wie Urteile.<\/strong> Ein schlechter Tag sagt nichts &uuml;ber dich aus. Er sagt nur: <em>&bdquo;Heute war zu viel.&ldquo;<\/em> <\/p>\n\n\n\n<p>Das entlastet, ohne etwas sch&ouml;nzureden.<\/p>\n<\/div><\/div>\n\n\n\n<div class=\"wp-block-media-text is-stacked-on-mobile\"><figure class=\"wp-block-media-text__media\"><img decoding=\"async\" width=\"259\" height=\"240\" src=\"http:\/\/www.vitalibera.org\/community\/wp-content\/uploads\/2026\/03\/dbc5972683099460054d3dbc8212a892-1.jpg\" alt=\"\" class=\"wp-image-6333 size-full\"><\/figure><div class=\"wp-block-media-text__content\">\n<p><strong>Weitere Informationen<\/strong><\/p>\n\n\n\n<p><a href=\"https:\/\/www.vitalibera.org\/community\/2026\/02\/26\/depressive-stimmung\/\">Depressive Stimmung bei neurologischen Erkrankungen<\/a><\/p>\n\n\n\n<p><a href=\"https:\/\/www.vitalibera.org\/community\/2025\/10\/05\/post-stroke-depression-psd\/\">Post-Stroke-Depression (PSD)<\/a><\/p>\n\n\n\n<p><a href=\"https:\/\/www.vitalibera.org\/community\/2026\/02\/07\/mentale-staerke-nach-schlaganfall-aufbauen\/\">Mentale St&auml;rke nach Schlaganfall aufbauen<\/a><\/p>\n\n\n\n<p><a href=\"https:\/\/www.vitalibera.org\/community\/2026\/01\/14\/wesens-persoenlichkeitsveraenderungen-nach-schlaganfall\/\">Wesens- \/ Pers&ouml;nlichkeitsver&auml;nderungen nach Schlaganfall<\/a><\/p>\n\n\n\n<p><a href=\"https:\/\/www.vitalibera.org\/community\/2026\/02\/26\/immer-erschoepft-welche-behandlung-gibt-es-bei-fatigue\/\">Immer ersch&ouml;pft: Welche Behandlung gibt es bei Fatigue?<\/a><\/p>\n\n\n\n<p><\/p>\n\n\n\n<p><\/p>\n<\/div><\/div>\n\n\n\n<p><\/p>\n","protected":false},"excerpt":{"rendered":"<p>Dort, wo es weh tut, w\u00e4chst leise meine St\u00e4rke Trauer nach einem neurologischen Schicksal ist kein \u201eGef\u00fchl\u201c, das man wegatmen soll \u2013 es ist eine Reaktion auf einen realen Verlust: F\u00e4higkeiten, Tempo, Sicherheit, Selbstverst\u00e4ndlichkeit. R\u00fcckschl\u00e4ge geh\u00f6ren dazu, weil das System sensibel ist und schnell kippt. Das ist keine Schw\u00e4che, sondern Biologie. Wichtig ist: Du musst &#8230; <a title=\"R\u00fcckschlag hei\u00dft nicht R\u00fcckfall\" class=\"read-more\" href=\"https:\/\/www.vitalibera.org\/community\/2026\/04\/27\/rueckschlag-heisst-nicht-rueckfall\/\" aria-label=\"Mehr Informationen \u00fcber R\u00fcckschlag hei\u00dft nicht R\u00fcckfall\">Weiterlesen<\/a><\/p>\n","protected":false},"author":2,"featured_media":6987,"comment_status":"open","ping_status":"open","sticky":false,"template":"","format":"standard","meta":{"cybocfi_hide_featured_image":"yes","_jetpack_memberships_contains_paid_content":false,"footnotes":""},"categories":[492,225],"tags":[504,505,503],"class_list":["post-6986","post","type-post","status-publish","format-standard","has-post-thumbnail","hentry","category-alltagsnavigation","category-hilfe-fuer-angehoerige","tag-rueckschlag","tag-rueckschlaege","tag-trauer"],"yoast_head":"<!-- This site is optimized with the Yoast SEO plugin v27.4 - https:\/\/yoast.com\/product\/yoast-seo-wordpress\/ -->\r\n<title>R\u00fcckschlag hei\u00dft nicht R\u00fcckfall - vitalibera.org<\/title>\r\n<meta name=\"robots\" content=\"index, follow, max-snippet:-1, max-image-preview:large, max-video-preview:-1\" \/>\r\n<link rel=\"canonical\" href=\"https:\/\/www.vitalibera.org\/community\/2026\/04\/27\/rueckschlag-heisst-nicht-rueckfall\/\" \/>\r\n<meta property=\"og:locale\" content=\"de_DE\" \/>\r\n<meta property=\"og:type\" content=\"article\" \/>\r\n<meta property=\"og:title\" content=\"R\u00fcckschlag hei\u00dft nicht R\u00fcckfall - vitalibera.org\" \/>\r\n<meta property=\"og:description\" content=\"Dort, wo es weh tut, w\u00e4chst leise meine St\u00e4rke Trauer nach einem neurologischen Schicksal ist kein \u201eGef\u00fchl\u201c, das man wegatmen soll \u2013 es ist eine Reaktion auf einen realen Verlust: F\u00e4higkeiten, Tempo, Sicherheit, Selbstverst\u00e4ndlichkeit. R\u00fcckschl\u00e4ge geh\u00f6ren dazu, weil das System sensibel ist und schnell kippt. Das ist keine Schw\u00e4che, sondern Biologie. Wichtig ist: Du musst ... Weiterlesen\" \/>\r\n<meta property=\"og:url\" content=\"https:\/\/www.vitalibera.org\/community\/2026\/04\/27\/rueckschlag-heisst-nicht-rueckfall\/\" \/>\r\n<meta property=\"og:site_name\" content=\"vitalibera.org\" \/>\r\n<meta property=\"article:publisher\" content=\"https:\/\/www.facebook.com\/groups\/2997085857140235\" \/>\r\n<meta property=\"article:published_time\" content=\"2026-04-27T07:06:19+00:00\" \/>\r\n<meta property=\"article:modified_time\" content=\"2026-04-27T07:08:05+00:00\" \/>\r\n<meta property=\"og:image\" content=\"http:\/\/www.vitalibera.org\/community\/wp-content\/uploads\/2026\/04\/4c032a0d1df7db19c73702ccc4700838.jpg\" \/>\r\n\t<meta property=\"og:image:width\" content=\"736\" \/>\r\n\t<meta property=\"og:image:height\" content=\"736\" \/>\r\n\t<meta property=\"og:image:type\" content=\"image\/jpeg\" \/>\r\n<meta name=\"author\" content=\"Andreas Jecklin\" \/>\r\n<meta name=\"twitter:card\" content=\"summary_large_image\" \/>\r\n<meta name=\"twitter:label1\" content=\"Verfasst von\" \/>\n\t<meta name=\"twitter:data1\" content=\"Andreas Jecklin\" \/>\n\t<meta name=\"twitter:label2\" content=\"Gesch\u00e4tzte Lesezeit\" \/>\n\t<meta name=\"twitter:data2\" content=\"3\u00a0Minuten\" \/>\r\n<script type=\"application\/ld+json\" class=\"yoast-schema-graph\">{\"@context\":\"https:\\\/\\\/schema.org\",\"@graph\":[{\"@type\":\"Article\",\"@id\":\"https:\\\/\\\/www.vitalibera.org\\\/community\\\/2026\\\/04\\\/27\\\/rueckschlag-heisst-nicht-rueckfall\\\/#article\",\"isPartOf\":{\"@id\":\"https:\\\/\\\/www.vitalibera.org\\\/community\\\/2026\\\/04\\\/27\\\/rueckschlag-heisst-nicht-rueckfall\\\/\"},\"author\":{\"name\":\"Andreas Jecklin\",\"@id\":\"https:\\\/\\\/www.vitalibera.org\\\/community\\\/#\\\/schema\\\/person\\\/6712387298421f222ff6d0a2e22c1534\"},\"headline\":\"R\u00fcckschlag hei\u00dft nicht R\u00fcckfall\",\"datePublished\":\"2026-04-27T07:06:19+00:00\",\"dateModified\":\"2026-04-27T07:08:05+00:00\",\"mainEntityOfPage\":{\"@id\":\"https:\\\/\\\/www.vitalibera.org\\\/community\\\/2026\\\/04\\\/27\\\/rueckschlag-heisst-nicht-rueckfall\\\/\"},\"wordCount\":323,\"commentCount\":0,\"publisher\":{\"@id\":\"https:\\\/\\\/www.vitalibera.org\\\/community\\\/#organization\"},\"image\":{\"@id\":\"https:\\\/\\\/www.vitalibera.org\\\/community\\\/2026\\\/04\\\/27\\\/rueckschlag-heisst-nicht-rueckfall\\\/#primaryimage\"},\"thumbnailUrl\":\"https:\\\/\\\/www.vitalibera.org\\\/community\\\/wp-content\\\/uploads\\\/2026\\\/04\\\/4c032a0d1df7db19c73702ccc4700838.jpg\",\"keywords\":[\"r\u00fcckschlag\",\"r\u00fcckschl\u00e4ge\",\"trauer\"],\"articleSection\":[\"Alltagsnavigation\",\"Hilfe f\u00fcr Angeh\u00f6rige\"],\"inLanguage\":\"de\",\"potentialAction\":[{\"@type\":\"CommentAction\",\"name\":\"Comment\",\"target\":[\"https:\\\/\\\/www.vitalibera.org\\\/community\\\/2026\\\/04\\\/27\\\/rueckschlag-heisst-nicht-rueckfall\\\/#respond\"]}]},{\"@type\":\"WebPage\",\"@id\":\"https:\\\/\\\/www.vitalibera.org\\\/community\\\/2026\\\/04\\\/27\\\/rueckschlag-heisst-nicht-rueckfall\\\/\",\"url\":\"https:\\\/\\\/www.vitalibera.org\\\/community\\\/2026\\\/04\\\/27\\\/rueckschlag-heisst-nicht-rueckfall\\\/\",\"name\":\"R\u00fcckschlag hei\u00dft nicht R\u00fcckfall - vitalibera.org\",\"isPartOf\":{\"@id\":\"https:\\\/\\\/www.vitalibera.org\\\/community\\\/#website\"},\"primaryImageOfPage\":{\"@id\":\"https:\\\/\\\/www.vitalibera.org\\\/community\\\/2026\\\/04\\\/27\\\/rueckschlag-heisst-nicht-rueckfall\\\/#primaryimage\"},\"image\":{\"@id\":\"https:\\\/\\\/www.vitalibera.org\\\/community\\\/2026\\\/04\\\/27\\\/rueckschlag-heisst-nicht-rueckfall\\\/#primaryimage\"},\"thumbnailUrl\":\"https:\\\/\\\/www.vitalibera.org\\\/community\\\/wp-content\\\/uploads\\\/2026\\\/04\\\/4c032a0d1df7db19c73702ccc4700838.jpg\",\"datePublished\":\"2026-04-27T07:06:19+00:00\",\"dateModified\":\"2026-04-27T07:08:05+00:00\",\"breadcrumb\":{\"@id\":\"https:\\\/\\\/www.vitalibera.org\\\/community\\\/2026\\\/04\\\/27\\\/rueckschlag-heisst-nicht-rueckfall\\\/#breadcrumb\"},\"inLanguage\":\"de\",\"potentialAction\":[{\"@type\":\"ReadAction\",\"target\":[\"https:\\\/\\\/www.vitalibera.org\\\/community\\\/2026\\\/04\\\/27\\\/rueckschlag-heisst-nicht-rueckfall\\\/\"]}]},{\"@type\":\"BreadcrumbList\",\"@id\":\"https:\\\/\\\/www.vitalibera.org\\\/community\\\/2026\\\/04\\\/27\\\/rueckschlag-heisst-nicht-rueckfall\\\/#breadcrumb\",\"itemListElement\":[{\"@type\":\"ListItem\",\"position\":1,\"name\":\"Startseite\",\"item\":\"https:\\\/\\\/www.vitalibera.org\\\/community\\\/\"},{\"@type\":\"ListItem\",\"position\":2,\"name\":\"R\u00fcckschlag hei\u00dft nicht R\u00fcckfall\"}]},{\"@type\":\"WebSite\",\"@id\":\"https:\\\/\\\/www.vitalibera.org\\\/community\\\/#website\",\"url\":\"https:\\\/\\\/www.vitalibera.org\\\/community\\\/\",\"name\":\"vitalibera.org\",\"description\":\"Mit einer Einschr&auml;nkung gestaltet sich das Leben im Alltag oft schwieriger - hier berichten wir &uuml;ber unsere Erfahrungen und Hilfsmittel um den Alltag so unbeschwert und unkompliziert wie nur m&ouml;glich geniessen zu k&ouml;nnen. Dabei richten wir unseren Fokus gezielt auf Selbst&auml;ndigkeit, Eigenst&auml;ndigkeit und Selbstbestimmung.\",\"publisher\":{\"@id\":\"https:\\\/\\\/www.vitalibera.org\\\/community\\\/#organization\"},\"potentialAction\":[{\"@type\":\"SearchAction\",\"target\":{\"@type\":\"EntryPoint\",\"urlTemplate\":\"https:\\\/\\\/www.vitalibera.org\\\/community\\\/?s={search_term_string}\"},\"query-input\":{\"@type\":\"PropertyValueSpecification\",\"valueRequired\":true,\"valueName\":\"search_term_string\"}}],\"inLanguage\":\"de\"},{\"@type\":\"Organization\",\"@id\":\"https:\\\/\\\/www.vitalibera.org\\\/community\\\/#organization\",\"name\":\"vitalibera.org\",\"url\":\"https:\\\/\\\/www.vitalibera.org\\\/community\\\/\",\"logo\":{\"@type\":\"ImageObject\",\"inLanguage\":\"de\",\"@id\":\"https:\\\/\\\/www.vitalibera.org\\\/community\\\/#\\\/schema\\\/logo\\\/image\\\/\",\"url\":\"https:\\\/\\\/www.vitalibera.org\\\/community\\\/wp-content\\\/uploads\\\/2025\\\/09\\\/cropped-banner.png\",\"contentUrl\":\"https:\\\/\\\/www.vitalibera.org\\\/community\\\/wp-content\\\/uploads\\\/2025\\\/09\\\/cropped-banner.png\",\"width\":991,\"height\":150,\"caption\":\"vitalibera.org\"},\"image\":{\"@id\":\"https:\\\/\\\/www.vitalibera.org\\\/community\\\/#\\\/schema\\\/logo\\\/image\\\/\"},\"sameAs\":[\"https:\\\/\\\/www.facebook.com\\\/groups\\\/2997085857140235\"]},{\"@type\":\"Person\",\"@id\":\"https:\\\/\\\/www.vitalibera.org\\\/community\\\/#\\\/schema\\\/person\\\/6712387298421f222ff6d0a2e22c1534\",\"name\":\"Andreas Jecklin\",\"image\":{\"@type\":\"ImageObject\",\"inLanguage\":\"de\",\"@id\":\"https:\\\/\\\/secure.gravatar.com\\\/avatar\\\/ad516503a11cd5ca435acc9bb6523536?s=96\",\"url\":\"https:\\\/\\\/secure.gravatar.com\\\/avatar\\\/ad516503a11cd5ca435acc9bb6523536?s=96\",\"contentUrl\":\"https:\\\/\\\/secure.gravatar.com\\\/avatar\\\/ad516503a11cd5ca435acc9bb6523536?s=96\",\"caption\":\"Andreas Jecklin\"},\"description\":\"Manchen gab Gott die Kraft Dinge zu ver\u00e4ndern, mir gab er die Kraft zu ertragen was nicht mehr zu \u00e4ndern ist.\",\"url\":\"https:\\\/\\\/www.vitalibera.org\\\/community\\\/author\\\/andy77\\\/\"}]}<\/script>\r\n<!-- \/ Yoast SEO plugin. -->","yoast_head_json":{"title":"R\u00fcckschlag hei\u00dft nicht R\u00fcckfall - vitalibera.org","robots":{"index":"index","follow":"follow","max-snippet":"max-snippet:-1","max-image-preview":"max-image-preview:large","max-video-preview":"max-video-preview:-1"},"canonical":"https:\/\/www.vitalibera.org\/community\/2026\/04\/27\/rueckschlag-heisst-nicht-rueckfall\/","og_locale":"de_DE","og_type":"article","og_title":"R\u00fcckschlag hei\u00dft nicht R\u00fcckfall - vitalibera.org","og_description":"Dort, wo es weh tut, w\u00e4chst leise meine St\u00e4rke Trauer nach einem neurologischen Schicksal ist kein \u201eGef\u00fchl\u201c, das man wegatmen soll \u2013 es ist eine Reaktion auf einen realen Verlust: F\u00e4higkeiten, Tempo, Sicherheit, Selbstverst\u00e4ndlichkeit. R\u00fcckschl\u00e4ge geh\u00f6ren dazu, weil das System sensibel ist und schnell kippt. Das ist keine Schw\u00e4che, sondern Biologie. Wichtig ist: Du musst ... Weiterlesen","og_url":"https:\/\/www.vitalibera.org\/community\/2026\/04\/27\/rueckschlag-heisst-nicht-rueckfall\/","og_site_name":"vitalibera.org","article_publisher":"https:\/\/www.facebook.com\/groups\/2997085857140235","article_published_time":"2026-04-27T07:06:19+00:00","article_modified_time":"2026-04-27T07:08:05+00:00","og_image":[{"width":736,"height":736,"url":"http:\/\/www.vitalibera.org\/community\/wp-content\/uploads\/2026\/04\/4c032a0d1df7db19c73702ccc4700838.jpg","type":"image\/jpeg"}],"author":"Andreas Jecklin","twitter_card":"summary_large_image","twitter_misc":{"Verfasst von":"Andreas Jecklin","Gesch\u00e4tzte Lesezeit":"3\u00a0Minuten"},"schema":{"@context":"https:\/\/schema.org","@graph":[{"@type":"Article","@id":"https:\/\/www.vitalibera.org\/community\/2026\/04\/27\/rueckschlag-heisst-nicht-rueckfall\/#article","isPartOf":{"@id":"https:\/\/www.vitalibera.org\/community\/2026\/04\/27\/rueckschlag-heisst-nicht-rueckfall\/"},"author":{"name":"Andreas Jecklin","@id":"https:\/\/www.vitalibera.org\/community\/#\/schema\/person\/6712387298421f222ff6d0a2e22c1534"},"headline":"R\u00fcckschlag hei\u00dft nicht R\u00fcckfall","datePublished":"2026-04-27T07:06:19+00:00","dateModified":"2026-04-27T07:08:05+00:00","mainEntityOfPage":{"@id":"https:\/\/www.vitalibera.org\/community\/2026\/04\/27\/rueckschlag-heisst-nicht-rueckfall\/"},"wordCount":323,"commentCount":0,"publisher":{"@id":"https:\/\/www.vitalibera.org\/community\/#organization"},"image":{"@id":"https:\/\/www.vitalibera.org\/community\/2026\/04\/27\/rueckschlag-heisst-nicht-rueckfall\/#primaryimage"},"thumbnailUrl":"https:\/\/www.vitalibera.org\/community\/wp-content\/uploads\/2026\/04\/4c032a0d1df7db19c73702ccc4700838.jpg","keywords":["r\u00fcckschlag","r\u00fcckschl\u00e4ge","trauer"],"articleSection":["Alltagsnavigation","Hilfe f\u00fcr Angeh\u00f6rige"],"inLanguage":"de","potentialAction":[{"@type":"CommentAction","name":"Comment","target":["https:\/\/www.vitalibera.org\/community\/2026\/04\/27\/rueckschlag-heisst-nicht-rueckfall\/#respond"]}]},{"@type":"WebPage","@id":"https:\/\/www.vitalibera.org\/community\/2026\/04\/27\/rueckschlag-heisst-nicht-rueckfall\/","url":"https:\/\/www.vitalibera.org\/community\/2026\/04\/27\/rueckschlag-heisst-nicht-rueckfall\/","name":"R\u00fcckschlag hei\u00dft nicht R\u00fcckfall - vitalibera.org","isPartOf":{"@id":"https:\/\/www.vitalibera.org\/community\/#website"},"primaryImageOfPage":{"@id":"https:\/\/www.vitalibera.org\/community\/2026\/04\/27\/rueckschlag-heisst-nicht-rueckfall\/#primaryimage"},"image":{"@id":"https:\/\/www.vitalibera.org\/community\/2026\/04\/27\/rueckschlag-heisst-nicht-rueckfall\/#primaryimage"},"thumbnailUrl":"https:\/\/www.vitalibera.org\/community\/wp-content\/uploads\/2026\/04\/4c032a0d1df7db19c73702ccc4700838.jpg","datePublished":"2026-04-27T07:06:19+00:00","dateModified":"2026-04-27T07:08:05+00:00","breadcrumb":{"@id":"https:\/\/www.vitalibera.org\/community\/2026\/04\/27\/rueckschlag-heisst-nicht-rueckfall\/#breadcrumb"},"inLanguage":"de","potentialAction":[{"@type":"ReadAction","target":["https:\/\/www.vitalibera.org\/community\/2026\/04\/27\/rueckschlag-heisst-nicht-rueckfall\/"]}]},{"@type":"BreadcrumbList","@id":"https:\/\/www.vitalibera.org\/community\/2026\/04\/27\/rueckschlag-heisst-nicht-rueckfall\/#breadcrumb","itemListElement":[{"@type":"ListItem","position":1,"name":"Startseite","item":"https:\/\/www.vitalibera.org\/community\/"},{"@type":"ListItem","position":2,"name":"R\u00fcckschlag hei\u00dft nicht R\u00fcckfall"}]},{"@type":"WebSite","@id":"https:\/\/www.vitalibera.org\/community\/#website","url":"https:\/\/www.vitalibera.org\/community\/","name":"vitalibera.org","description":"Mit einer Einschr&auml;nkung gestaltet sich das Leben im Alltag oft schwieriger - hier berichten wir &uuml;ber unsere Erfahrungen und Hilfsmittel um den Alltag so unbeschwert und unkompliziert wie nur m&ouml;glich geniessen zu k&ouml;nnen. Dabei richten wir unseren Fokus gezielt auf Selbst&auml;ndigkeit, Eigenst&auml;ndigkeit und Selbstbestimmung.","publisher":{"@id":"https:\/\/www.vitalibera.org\/community\/#organization"},"potentialAction":[{"@type":"SearchAction","target":{"@type":"EntryPoint","urlTemplate":"https:\/\/www.vitalibera.org\/community\/?s={search_term_string}"},"query-input":{"@type":"PropertyValueSpecification","valueRequired":true,"valueName":"search_term_string"}}],"inLanguage":"de"},{"@type":"Organization","@id":"https:\/\/www.vitalibera.org\/community\/#organization","name":"vitalibera.org","url":"https:\/\/www.vitalibera.org\/community\/","logo":{"@type":"ImageObject","inLanguage":"de","@id":"https:\/\/www.vitalibera.org\/community\/#\/schema\/logo\/image\/","url":"https:\/\/www.vitalibera.org\/community\/wp-content\/uploads\/2025\/09\/cropped-banner.png","contentUrl":"https:\/\/www.vitalibera.org\/community\/wp-content\/uploads\/2025\/09\/cropped-banner.png","width":991,"height":150,"caption":"vitalibera.org"},"image":{"@id":"https:\/\/www.vitalibera.org\/community\/#\/schema\/logo\/image\/"},"sameAs":["https:\/\/www.facebook.com\/groups\/2997085857140235"]},{"@type":"Person","@id":"https:\/\/www.vitalibera.org\/community\/#\/schema\/person\/6712387298421f222ff6d0a2e22c1534","name":"Andreas Jecklin","image":{"@type":"ImageObject","inLanguage":"de","@id":"https:\/\/secure.gravatar.com\/avatar\/ad516503a11cd5ca435acc9bb6523536?s=96","url":"https:\/\/secure.gravatar.com\/avatar\/ad516503a11cd5ca435acc9bb6523536?s=96","contentUrl":"https:\/\/secure.gravatar.com\/avatar\/ad516503a11cd5ca435acc9bb6523536?s=96","caption":"Andreas Jecklin"},"description":"Manchen gab Gott die Kraft Dinge zu ver\u00e4ndern, mir gab er die Kraft zu ertragen was nicht mehr zu \u00e4ndern ist.","url":"https:\/\/www.vitalibera.org\/community\/author\/andy77\/"}]}},"jetpack_featured_media_url":"https:\/\/www.vitalibera.org\/community\/wp-content\/uploads\/2026\/04\/4c032a0d1df7db19c73702ccc4700838.jpg","jetpack_sharing_enabled":true,"jetpack-related-posts":[],"_links":{"self":[{"href":"https:\/\/www.vitalibera.org\/community\/wp-json\/wp\/v2\/posts\/6986","targetHints":{"allow":["GET"]}}],"collection":[{"href":"https:\/\/www.vitalibera.org\/community\/wp-json\/wp\/v2\/posts"}],"about":[{"href":"https:\/\/www.vitalibera.org\/community\/wp-json\/wp\/v2\/types\/post"}],"author":[{"embeddable":true,"href":"https:\/\/www.vitalibera.org\/community\/wp-json\/wp\/v2\/users\/2"}],"replies":[{"embeddable":true,"href":"https:\/\/www.vitalibera.org\/community\/wp-json\/wp\/v2\/comments?post=6986"}],"version-history":[{"count":1,"href":"https:\/\/www.vitalibera.org\/community\/wp-json\/wp\/v2\/posts\/6986\/revisions"}],"predecessor-version":[{"id":6988,"href":"https:\/\/www.vitalibera.org\/community\/wp-json\/wp\/v2\/posts\/6986\/revisions\/6988"}],"wp:featuredmedia":[{"embeddable":true,"href":"https:\/\/www.vitalibera.org\/community\/wp-json\/wp\/v2\/media\/6987"}],"wp:attachment":[{"href":"https:\/\/www.vitalibera.org\/community\/wp-json\/wp\/v2\/media?parent=6986"}],"wp:term":[{"taxonomy":"category","embeddable":true,"href":"https:\/\/www.vitalibera.org\/community\/wp-json\/wp\/v2\/categories?post=6986"},{"taxonomy":"post_tag","embeddable":true,"href":"https:\/\/www.vitalibera.org\/community\/wp-json\/wp\/v2\/tags?post=6986"}],"curies":[{"name":"wp","href":"https:\/\/api.w.org\/{rel}","templated":true}]}}