{"id":7008,"date":"2026-04-28T12:00:37","date_gmt":"2026-04-28T10:00:37","guid":{"rendered":"https:\/\/www.vitalibera.org\/community\/?p=7008"},"modified":"2026-04-28T12:02:10","modified_gmt":"2026-04-28T10:02:10","slug":"wo-die-hirnverletzung-mich-ins-offene-wasser-wirft-suche-ich-meine-insel","status":"publish","type":"post","link":"https:\/\/www.vitalibera.org\/community\/2026\/04\/28\/wo-die-hirnverletzung-mich-ins-offene-wasser-wirft-suche-ich-meine-insel\/","title":{"rendered":"Wo die Hirnverletzung mich ins offene Wasser wirft, suche ich meine Insel"},"content":{"rendered":"\n<div class=\"wp-block-media-text is-stacked-on-mobile is-vertically-aligned-top\"><figure class=\"wp-block-media-text__media\"><img fetchpriority=\"high\" decoding=\"async\" width=\"313\" height=\"250\" src=\"https:\/\/www.vitalibera.org\/community\/wp-content\/uploads\/2026\/04\/2c1a2b1a4d652346e55c54ba9137e011.jpg\" alt=\"\" class=\"wp-image-7009 size-full\" srcset=\"https:\/\/www.vitalibera.org\/community\/wp-content\/uploads\/2026\/04\/2c1a2b1a4d652346e55c54ba9137e011.jpg 313w, https:\/\/www.vitalibera.org\/community\/wp-content\/uploads\/2026\/04\/2c1a2b1a4d652346e55c54ba9137e011-300x240.jpg 300w\" sizes=\"(max-width: 313px) 100vw, 313px\" \/><\/figure><div class=\"wp-block-media-text__content\">\n<p>Nach einer <a href=\"https:\/\/www.vitalibera.org\/community\/enzyklopaedie\/hirnverletzung\/\" target=\"_self\" title=\"Eine Hirnverletzung (oft als&nbsp;Sch&auml;del-Hirn-Trauma, SHT) ist eine&nbsp;Sch&auml;digung des Gehirns, verursacht durch &auml;u&szlig;ere Gewalteinwirkung (Unfall, Sturz) oder innere Faktoren (Schlaganfall, Tumor). Sie f&uuml;hrt zu k&ouml;rperlichen, kognitiven und verhaltensbezogenen Einschr&auml;nkungen, die oft unsichtbar bleiben. Symptome reichen von Kopfschmerzen bis zu schweren Behinderungen. Wichtige Aspekte der Hirnverletzung: Ursachen:&nbsp;H&auml;ufig durch Schlaganf&auml;lle, Hirnblutungen, Sauerstoffmangel oder St&uuml;rze\/Verkehrsunf&auml;lle (Sch&auml;del-Hirn-Trauma). Formen (SHT):&nbsp;Unterscheidung in&hellip;\" class=\"encyclopedia\">Hirnverletzung<\/a> f&uuml;hlt sich der Boden oft an wie Wasser. Nichts ist fest, nichts vertraut, nichts selbstverst&auml;ndlich. Der K&ouml;rper reagiert anders, der Kopf denkt anders, die Welt wirkt fremd. Und mitten darin stehst du &mdash; suchend, tastend, balancierend.<\/p>\n\n\n\n<p>Das Streben nach &bdquo;Land unter den F&uuml;&szlig;en&ldquo; ist kein Wunsch nach dem alten Leben. Es ist der Wunsch nach <strong>Halt<\/strong>, nach <strong>Orientierung<\/strong>, nach einem Punkt, an dem man wieder stehen kann, ohne zu kippen.<\/p>\n\n\n\n<p>Dieses Land entsteht nicht pl&ouml;tzlich. Es w&auml;chst langsam: in kleinen Routinen, in Momenten der Klarheit, in Grenzen, die du setzt, in Pausen, die du dir erlaubst, in S&auml;tzen, die du &uuml;ber dich selbst neu formulierst.<\/p>\n\n\n\n<p>Manchmal ist es nur ein schmaler Streifen Erde. Manchmal nur ein Stein. Manchmal nur ein Atemzug, der sich stabil anf&uuml;hlt.<\/p>\n\n\n\n<p>Aber genau daraus entsteht wieder Boden. Nicht der alte &mdash; der neue. Nicht der perfekte &mdash; der tragf&auml;hige.<\/p>\n\n\n\n<p>Und irgendwann merkst du: Du stehst. Noch wackelig, noch vorsichtig, aber du stehst. Weil du dir dein eigenes Land gebaut hast, Schritt f&uuml;r Schritt, ohne Eile, ohne Druck.<\/p>\n<\/div><\/div>\n\n\n\n<p>Eine <a href=\"https:\/\/www.vitalibera.org\/community\/enzyklopaedie\/hirnverletzung\/\" target=\"_self\" title=\"Eine Hirnverletzung (oft als&nbsp;Sch&auml;del-Hirn-Trauma, SHT) ist eine&nbsp;Sch&auml;digung des Gehirns, verursacht durch &auml;u&szlig;ere Gewalteinwirkung (Unfall, Sturz) oder innere Faktoren (Schlaganfall, Tumor). Sie f&uuml;hrt zu k&ouml;rperlichen, kognitiven und verhaltensbezogenen Einschr&auml;nkungen, die oft unsichtbar bleiben. Symptome reichen von Kopfschmerzen bis zu schweren Behinderungen. Wichtige Aspekte der Hirnverletzung: Ursachen:&nbsp;H&auml;ufig durch Schlaganf&auml;lle, Hirnblutungen, Sauerstoffmangel oder St&uuml;rze\/Verkehrsunf&auml;lle (Sch&auml;del-Hirn-Trauma). Formen (SHT):&nbsp;Unterscheidung in&hellip;\" class=\"encyclopedia\">Hirnverletzung<\/a> ver&auml;ndert vieles, aber sie macht einen Menschen nicht zu einer Kategorie. Nicht zu einem Fall. Nicht zu einer Schublade. Nicht zu einer vereinfachten Version seiner selbst.<\/p>\n\n\n\n<p>Was <a href=\"https:\/\/www.vitalibera.org\/community\/2026\/04\/19\/wenn-reize-laut-werden-und-menschen-leise\/\">Betroffene<\/a> brauchen, ist keine Einordnung, sondern <strong>Akzeptanz<\/strong>. Akzeptanz bedeutet: dass man gesehen wird, ohne reduziert zu werden. dass man ernst genommen wird, ohne erkl&auml;rt zu werden. dass man Raum bekommt, statt eine Rolle zugeschoben zu bekommen.<\/p>\n\n\n\n<p>Schubladen entstehen dort, wo Menschen zu schnell urteilen und zu wenig zuh&ouml;ren. Doch eine <a href=\"https:\/\/www.vitalibera.org\/community\/enzyklopaedie\/hirnverletzung\/\" target=\"_self\" title=\"Eine Hirnverletzung (oft als&nbsp;Sch&auml;del-Hirn-Trauma, SHT) ist eine&nbsp;Sch&auml;digung des Gehirns, verursacht durch &auml;u&szlig;ere Gewalteinwirkung (Unfall, Sturz) oder innere Faktoren (Schlaganfall, Tumor). Sie f&uuml;hrt zu k&ouml;rperlichen, kognitiven und verhaltensbezogenen Einschr&auml;nkungen, die oft unsichtbar bleiben. Symptome reichen von Kopfschmerzen bis zu schweren Behinderungen. Wichtige Aspekte der Hirnverletzung: Ursachen:&nbsp;H&auml;ufig durch Schlaganf&auml;lle, Hirnblutungen, Sauerstoffmangel oder St&uuml;rze\/Verkehrsunf&auml;lle (Sch&auml;del-Hirn-Trauma). Formen (SHT):&nbsp;Unterscheidung in&hellip;\" class=\"encyclopedia\">Hirnverletzung<\/a> ist kein Etikett, sondern ein Lebensereignis. Und jeder Mensch geht anders damit um.<\/p>\n\n\n\n<p>Akzeptanz hei&szlig;t: <strong>Ich darf komplex sein.<\/strong> <strong>Ich darf anders funktionieren.<\/strong> <strong>Ich darf mich ver&auml;ndern, ohne mich rechtfertigen zu m&uuml;ssen.<\/strong><\/p>\n\n\n\n<p>Wer wirklich akzeptiert, fragt nicht: &bdquo;In welche Kategorie geh&ouml;rst du jetzt?&ldquo; Sondern: &bdquo;Was brauchst du, damit dein Weg tragbar bleibt?&ldquo; Und genau das ist der Punkt: Nicht die Schublade hilft &ndash; sondern der Blick, der offen bleibt.<\/p>\n\n\n\n<div class=\"wp-block-media-text is-stacked-on-mobile is-vertically-aligned-top\" style=\"grid-template-columns:35% auto\"><figure class=\"wp-block-media-text__media\"><img decoding=\"async\" width=\"302\" height=\"277\" src=\"http:\/\/www.vitalibera.org\/community\/wp-content\/uploads\/2026\/03\/tip3.png\" alt=\"\" class=\"wp-image-6087 size-full\" srcset=\"https:\/\/www.vitalibera.org\/community\/wp-content\/uploads\/2026\/03\/tip3.png 302w, https:\/\/www.vitalibera.org\/community\/wp-content\/uploads\/2026\/03\/tip3-300x275.png 300w\" sizes=\"(max-width: 302px) 100vw, 302px\" \/><\/figure><div class=\"wp-block-media-text__content\">\n<p>Nach der Reha beginnt kein &bdquo;Zur&uuml;ck&ldquo;, sondern ein <strong>Neubau<\/strong>. Selbstbestimmung entsteht im Kleinen: durch Routinen, die dich stabilisieren, durch Grenzen, die dich sch&uuml;tzen, und durch Entscheidungen, die deinem Tempo folgen.<\/p>\n\n\n\n<p>Du w&auml;hlst, was dir guttut. Du sortierst aus, was dich schw&auml;cht. Du strukturierst deinen Alltag so, dass er dich tr&auml;gt &ndash; nicht &uuml;berfordert.<\/p>\n\n\n\n<p>Eine <a href=\"https:\/\/www.vitalibera.org\/community\/enzyklopaedie\/hirnverletzung\/\" target=\"_self\" title=\"Eine Hirnverletzung (oft als&nbsp;Sch&auml;del-Hirn-Trauma, SHT) ist eine&nbsp;Sch&auml;digung des Gehirns, verursacht durch &auml;u&szlig;ere Gewalteinwirkung (Unfall, Sturz) oder innere Faktoren (Schlaganfall, Tumor). Sie f&uuml;hrt zu k&ouml;rperlichen, kognitiven und verhaltensbezogenen Einschr&auml;nkungen, die oft unsichtbar bleiben. Symptome reichen von Kopfschmerzen bis zu schweren Behinderungen. Wichtige Aspekte der Hirnverletzung: Ursachen:&nbsp;H&auml;ufig durch Schlaganf&auml;lle, Hirnblutungen, Sauerstoffmangel oder St&uuml;rze\/Verkehrsunf&auml;lle (Sch&auml;del-Hirn-Trauma). Formen (SHT):&nbsp;Unterscheidung in&hellip;\" class=\"encyclopedia\">Hirnverletzung<\/a> definiert dich nicht. Du bestimmst, wer du jetzt bist, was m&ouml;glich ist und wie dein Weg aussieht. Jeder Tag, an dem du dir selbst treu bleibst, ist ein Schritt auf festeren Boden.<\/p>\n<\/div><\/div>\n","protected":false},"excerpt":{"rendered":"<p>Nach einer Hirnverletzung f\u00fchlt sich der Boden oft an wie Wasser. Nichts ist fest, nichts vertraut, nichts selbstverst\u00e4ndlich. Der K\u00f6rper reagiert anders, der Kopf denkt anders, die Welt wirkt fremd. Und mitten darin stehst du \u2014 suchend, tastend, balancierend. Das Streben nach \u201eLand unter den F\u00fc\u00dfen\u201c ist kein Wunsch nach dem alten Leben. Es ist &#8230; <a title=\"Wo die Hirnverletzung mich ins offene Wasser wirft, suche ich meine Insel\" class=\"read-more\" href=\"https:\/\/www.vitalibera.org\/community\/2026\/04\/28\/wo-die-hirnverletzung-mich-ins-offene-wasser-wirft-suche-ich-meine-insel\/\" aria-label=\"Mehr Informationen \u00fcber Wo die Hirnverletzung mich ins offene Wasser wirft, suche ich meine Insel\">Weiterlesen<\/a><\/p>\n","protected":false},"author":2,"featured_media":7009,"comment_status":"open","ping_status":"open","sticky":false,"template":"","format":"standard","meta":{"cybocfi_hide_featured_image":"yes","_jetpack_memberships_contains_paid_content":false,"footnotes":""},"categories":[492,225],"tags":[],"class_list":["post-7008","post","type-post","status-publish","format-standard","has-post-thumbnail","hentry","category-alltagsnavigation","category-hilfe-fuer-angehoerige"],"yoast_head":"<!-- This site is optimized with the Yoast SEO plugin v27.4 - https:\/\/yoast.com\/product\/yoast-seo-wordpress\/ -->\r\n<title>Wo die Hirnverletzung mich ins offene Wasser wirft, suche ich meine Insel - vitalibera.org<\/title>\r\n<meta name=\"robots\" content=\"index, follow, max-snippet:-1, max-image-preview:large, max-video-preview:-1\" \/>\r\n<link rel=\"canonical\" href=\"https:\/\/www.vitalibera.org\/community\/2026\/04\/28\/wo-die-hirnverletzung-mich-ins-offene-wasser-wirft-suche-ich-meine-insel\/\" \/>\r\n<meta property=\"og:locale\" content=\"de_DE\" \/>\r\n<meta property=\"og:type\" content=\"article\" \/>\r\n<meta property=\"og:title\" content=\"Wo die Hirnverletzung mich ins offene Wasser wirft, suche ich meine Insel - vitalibera.org\" \/>\r\n<meta property=\"og:description\" content=\"Nach einer Hirnverletzung f\u00fchlt sich der Boden oft an wie Wasser. Nichts ist fest, nichts vertraut, nichts selbstverst\u00e4ndlich. Der K\u00f6rper reagiert anders, der Kopf denkt anders, die Welt wirkt fremd. Und mitten darin stehst du \u2014 suchend, tastend, balancierend. Das Streben nach \u201eLand unter den F\u00fc\u00dfen\u201c ist kein Wunsch nach dem alten Leben. Es ist ... Weiterlesen\" \/>\r\n<meta property=\"og:url\" content=\"https:\/\/www.vitalibera.org\/community\/2026\/04\/28\/wo-die-hirnverletzung-mich-ins-offene-wasser-wirft-suche-ich-meine-insel\/\" \/>\r\n<meta property=\"og:site_name\" content=\"vitalibera.org\" \/>\r\n<meta property=\"article:publisher\" content=\"https:\/\/www.facebook.com\/groups\/2997085857140235\" \/>\r\n<meta property=\"article:published_time\" content=\"2026-04-28T10:00:37+00:00\" \/>\r\n<meta property=\"article:modified_time\" content=\"2026-04-28T10:02:10+00:00\" \/>\r\n<meta property=\"og:image\" content=\"http:\/\/www.vitalibera.org\/community\/wp-content\/uploads\/2026\/04\/2c1a2b1a4d652346e55c54ba9137e011.jpg\" \/>\r\n\t<meta property=\"og:image:width\" content=\"313\" \/>\r\n\t<meta property=\"og:image:height\" content=\"250\" \/>\r\n\t<meta property=\"og:image:type\" content=\"image\/jpeg\" \/>\r\n<meta name=\"author\" content=\"Andreas Jecklin\" \/>\r\n<meta name=\"twitter:card\" content=\"summary_large_image\" \/>\r\n<meta name=\"twitter:label1\" content=\"Verfasst von\" \/>\n\t<meta name=\"twitter:data1\" content=\"Andreas Jecklin\" \/>\n\t<meta name=\"twitter:label2\" content=\"Gesch\u00e4tzte Lesezeit\" \/>\n\t<meta name=\"twitter:data2\" content=\"3\u00a0Minuten\" \/>\r\n<script type=\"application\/ld+json\" class=\"yoast-schema-graph\">{\"@context\":\"https:\\\/\\\/schema.org\",\"@graph\":[{\"@type\":\"Article\",\"@id\":\"https:\\\/\\\/www.vitalibera.org\\\/community\\\/2026\\\/04\\\/28\\\/wo-die-hirnverletzung-mich-ins-offene-wasser-wirft-suche-ich-meine-insel\\\/#article\",\"isPartOf\":{\"@id\":\"https:\\\/\\\/www.vitalibera.org\\\/community\\\/2026\\\/04\\\/28\\\/wo-die-hirnverletzung-mich-ins-offene-wasser-wirft-suche-ich-meine-insel\\\/\"},\"author\":{\"name\":\"Andreas Jecklin\",\"@id\":\"https:\\\/\\\/www.vitalibera.org\\\/community\\\/#\\\/schema\\\/person\\\/6712387298421f222ff6d0a2e22c1534\"},\"headline\":\"Wo die Hirnverletzung mich ins offene Wasser wirft, suche ich meine Insel\",\"datePublished\":\"2026-04-28T10:00:37+00:00\",\"dateModified\":\"2026-04-28T10:02:10+00:00\",\"mainEntityOfPage\":{\"@id\":\"https:\\\/\\\/www.vitalibera.org\\\/community\\\/2026\\\/04\\\/28\\\/wo-die-hirnverletzung-mich-ins-offene-wasser-wirft-suche-ich-meine-insel\\\/\"},\"wordCount\":440,\"commentCount\":0,\"publisher\":{\"@id\":\"https:\\\/\\\/www.vitalibera.org\\\/community\\\/#organization\"},\"image\":{\"@id\":\"https:\\\/\\\/www.vitalibera.org\\\/community\\\/2026\\\/04\\\/28\\\/wo-die-hirnverletzung-mich-ins-offene-wasser-wirft-suche-ich-meine-insel\\\/#primaryimage\"},\"thumbnailUrl\":\"https:\\\/\\\/www.vitalibera.org\\\/community\\\/wp-content\\\/uploads\\\/2026\\\/04\\\/2c1a2b1a4d652346e55c54ba9137e011.jpg\",\"articleSection\":[\"Alltagsnavigation\",\"Hilfe f\u00fcr Angeh\u00f6rige\"],\"inLanguage\":\"de\",\"potentialAction\":[{\"@type\":\"CommentAction\",\"name\":\"Comment\",\"target\":[\"https:\\\/\\\/www.vitalibera.org\\\/community\\\/2026\\\/04\\\/28\\\/wo-die-hirnverletzung-mich-ins-offene-wasser-wirft-suche-ich-meine-insel\\\/#respond\"]}]},{\"@type\":\"WebPage\",\"@id\":\"https:\\\/\\\/www.vitalibera.org\\\/community\\\/2026\\\/04\\\/28\\\/wo-die-hirnverletzung-mich-ins-offene-wasser-wirft-suche-ich-meine-insel\\\/\",\"url\":\"https:\\\/\\\/www.vitalibera.org\\\/community\\\/2026\\\/04\\\/28\\\/wo-die-hirnverletzung-mich-ins-offene-wasser-wirft-suche-ich-meine-insel\\\/\",\"name\":\"Wo die Hirnverletzung mich ins offene Wasser wirft, suche ich meine Insel - vitalibera.org\",\"isPartOf\":{\"@id\":\"https:\\\/\\\/www.vitalibera.org\\\/community\\\/#website\"},\"primaryImageOfPage\":{\"@id\":\"https:\\\/\\\/www.vitalibera.org\\\/community\\\/2026\\\/04\\\/28\\\/wo-die-hirnverletzung-mich-ins-offene-wasser-wirft-suche-ich-meine-insel\\\/#primaryimage\"},\"image\":{\"@id\":\"https:\\\/\\\/www.vitalibera.org\\\/community\\\/2026\\\/04\\\/28\\\/wo-die-hirnverletzung-mich-ins-offene-wasser-wirft-suche-ich-meine-insel\\\/#primaryimage\"},\"thumbnailUrl\":\"https:\\\/\\\/www.vitalibera.org\\\/community\\\/wp-content\\\/uploads\\\/2026\\\/04\\\/2c1a2b1a4d652346e55c54ba9137e011.jpg\",\"datePublished\":\"2026-04-28T10:00:37+00:00\",\"dateModified\":\"2026-04-28T10:02:10+00:00\",\"breadcrumb\":{\"@id\":\"https:\\\/\\\/www.vitalibera.org\\\/community\\\/2026\\\/04\\\/28\\\/wo-die-hirnverletzung-mich-ins-offene-wasser-wirft-suche-ich-meine-insel\\\/#breadcrumb\"},\"inLanguage\":\"de\",\"potentialAction\":[{\"@type\":\"ReadAction\",\"target\":[\"https:\\\/\\\/www.vitalibera.org\\\/community\\\/2026\\\/04\\\/28\\\/wo-die-hirnverletzung-mich-ins-offene-wasser-wirft-suche-ich-meine-insel\\\/\"]}]},{\"@type\":\"BreadcrumbList\",\"@id\":\"https:\\\/\\\/www.vitalibera.org\\\/community\\\/2026\\\/04\\\/28\\\/wo-die-hirnverletzung-mich-ins-offene-wasser-wirft-suche-ich-meine-insel\\\/#breadcrumb\",\"itemListElement\":[{\"@type\":\"ListItem\",\"position\":1,\"name\":\"Startseite\",\"item\":\"https:\\\/\\\/www.vitalibera.org\\\/community\\\/\"},{\"@type\":\"ListItem\",\"position\":2,\"name\":\"Wo die Hirnverletzung mich ins offene Wasser wirft, suche ich meine Insel\"}]},{\"@type\":\"WebSite\",\"@id\":\"https:\\\/\\\/www.vitalibera.org\\\/community\\\/#website\",\"url\":\"https:\\\/\\\/www.vitalibera.org\\\/community\\\/\",\"name\":\"vitalibera.org\",\"description\":\"Mit einer Einschr&auml;nkung gestaltet sich das Leben im Alltag oft schwieriger - hier berichten wir &uuml;ber unsere Erfahrungen und Hilfsmittel um den Alltag so unbeschwert und unkompliziert wie nur m&ouml;glich geniessen zu k&ouml;nnen. Dabei richten wir unseren Fokus gezielt auf Selbst&auml;ndigkeit, Eigenst&auml;ndigkeit und Selbstbestimmung.\",\"publisher\":{\"@id\":\"https:\\\/\\\/www.vitalibera.org\\\/community\\\/#organization\"},\"potentialAction\":[{\"@type\":\"SearchAction\",\"target\":{\"@type\":\"EntryPoint\",\"urlTemplate\":\"https:\\\/\\\/www.vitalibera.org\\\/community\\\/?s={search_term_string}\"},\"query-input\":{\"@type\":\"PropertyValueSpecification\",\"valueRequired\":true,\"valueName\":\"search_term_string\"}}],\"inLanguage\":\"de\"},{\"@type\":\"Organization\",\"@id\":\"https:\\\/\\\/www.vitalibera.org\\\/community\\\/#organization\",\"name\":\"vitalibera.org\",\"url\":\"https:\\\/\\\/www.vitalibera.org\\\/community\\\/\",\"logo\":{\"@type\":\"ImageObject\",\"inLanguage\":\"de\",\"@id\":\"https:\\\/\\\/www.vitalibera.org\\\/community\\\/#\\\/schema\\\/logo\\\/image\\\/\",\"url\":\"https:\\\/\\\/www.vitalibera.org\\\/community\\\/wp-content\\\/uploads\\\/2025\\\/09\\\/cropped-banner.png\",\"contentUrl\":\"https:\\\/\\\/www.vitalibera.org\\\/community\\\/wp-content\\\/uploads\\\/2025\\\/09\\\/cropped-banner.png\",\"width\":991,\"height\":150,\"caption\":\"vitalibera.org\"},\"image\":{\"@id\":\"https:\\\/\\\/www.vitalibera.org\\\/community\\\/#\\\/schema\\\/logo\\\/image\\\/\"},\"sameAs\":[\"https:\\\/\\\/www.facebook.com\\\/groups\\\/2997085857140235\"]},{\"@type\":\"Person\",\"@id\":\"https:\\\/\\\/www.vitalibera.org\\\/community\\\/#\\\/schema\\\/person\\\/6712387298421f222ff6d0a2e22c1534\",\"name\":\"Andreas Jecklin\",\"image\":{\"@type\":\"ImageObject\",\"inLanguage\":\"de\",\"@id\":\"https:\\\/\\\/secure.gravatar.com\\\/avatar\\\/ad516503a11cd5ca435acc9bb6523536?s=96\",\"url\":\"https:\\\/\\\/secure.gravatar.com\\\/avatar\\\/ad516503a11cd5ca435acc9bb6523536?s=96\",\"contentUrl\":\"https:\\\/\\\/secure.gravatar.com\\\/avatar\\\/ad516503a11cd5ca435acc9bb6523536?s=96\",\"caption\":\"Andreas Jecklin\"},\"description\":\"Manchen gab Gott die Kraft Dinge zu ver\u00e4ndern, mir gab er die Kraft zu ertragen was nicht mehr zu \u00e4ndern ist.\",\"url\":\"https:\\\/\\\/www.vitalibera.org\\\/community\\\/author\\\/andy77\\\/\"}]}<\/script>\r\n<!-- \/ Yoast SEO plugin. -->","yoast_head_json":{"title":"Wo die Hirnverletzung mich ins offene Wasser wirft, suche ich meine Insel - vitalibera.org","robots":{"index":"index","follow":"follow","max-snippet":"max-snippet:-1","max-image-preview":"max-image-preview:large","max-video-preview":"max-video-preview:-1"},"canonical":"https:\/\/www.vitalibera.org\/community\/2026\/04\/28\/wo-die-hirnverletzung-mich-ins-offene-wasser-wirft-suche-ich-meine-insel\/","og_locale":"de_DE","og_type":"article","og_title":"Wo die Hirnverletzung mich ins offene Wasser wirft, suche ich meine Insel - vitalibera.org","og_description":"Nach einer Hirnverletzung f\u00fchlt sich der Boden oft an wie Wasser. Nichts ist fest, nichts vertraut, nichts selbstverst\u00e4ndlich. Der K\u00f6rper reagiert anders, der Kopf denkt anders, die Welt wirkt fremd. Und mitten darin stehst du \u2014 suchend, tastend, balancierend. Das Streben nach \u201eLand unter den F\u00fc\u00dfen\u201c ist kein Wunsch nach dem alten Leben. Es ist ... Weiterlesen","og_url":"https:\/\/www.vitalibera.org\/community\/2026\/04\/28\/wo-die-hirnverletzung-mich-ins-offene-wasser-wirft-suche-ich-meine-insel\/","og_site_name":"vitalibera.org","article_publisher":"https:\/\/www.facebook.com\/groups\/2997085857140235","article_published_time":"2026-04-28T10:00:37+00:00","article_modified_time":"2026-04-28T10:02:10+00:00","og_image":[{"width":313,"height":250,"url":"http:\/\/www.vitalibera.org\/community\/wp-content\/uploads\/2026\/04\/2c1a2b1a4d652346e55c54ba9137e011.jpg","type":"image\/jpeg"}],"author":"Andreas Jecklin","twitter_card":"summary_large_image","twitter_misc":{"Verfasst von":"Andreas Jecklin","Gesch\u00e4tzte Lesezeit":"3\u00a0Minuten"},"schema":{"@context":"https:\/\/schema.org","@graph":[{"@type":"Article","@id":"https:\/\/www.vitalibera.org\/community\/2026\/04\/28\/wo-die-hirnverletzung-mich-ins-offene-wasser-wirft-suche-ich-meine-insel\/#article","isPartOf":{"@id":"https:\/\/www.vitalibera.org\/community\/2026\/04\/28\/wo-die-hirnverletzung-mich-ins-offene-wasser-wirft-suche-ich-meine-insel\/"},"author":{"name":"Andreas Jecklin","@id":"https:\/\/www.vitalibera.org\/community\/#\/schema\/person\/6712387298421f222ff6d0a2e22c1534"},"headline":"Wo die Hirnverletzung mich ins offene Wasser wirft, suche ich meine Insel","datePublished":"2026-04-28T10:00:37+00:00","dateModified":"2026-04-28T10:02:10+00:00","mainEntityOfPage":{"@id":"https:\/\/www.vitalibera.org\/community\/2026\/04\/28\/wo-die-hirnverletzung-mich-ins-offene-wasser-wirft-suche-ich-meine-insel\/"},"wordCount":440,"commentCount":0,"publisher":{"@id":"https:\/\/www.vitalibera.org\/community\/#organization"},"image":{"@id":"https:\/\/www.vitalibera.org\/community\/2026\/04\/28\/wo-die-hirnverletzung-mich-ins-offene-wasser-wirft-suche-ich-meine-insel\/#primaryimage"},"thumbnailUrl":"https:\/\/www.vitalibera.org\/community\/wp-content\/uploads\/2026\/04\/2c1a2b1a4d652346e55c54ba9137e011.jpg","articleSection":["Alltagsnavigation","Hilfe f\u00fcr Angeh\u00f6rige"],"inLanguage":"de","potentialAction":[{"@type":"CommentAction","name":"Comment","target":["https:\/\/www.vitalibera.org\/community\/2026\/04\/28\/wo-die-hirnverletzung-mich-ins-offene-wasser-wirft-suche-ich-meine-insel\/#respond"]}]},{"@type":"WebPage","@id":"https:\/\/www.vitalibera.org\/community\/2026\/04\/28\/wo-die-hirnverletzung-mich-ins-offene-wasser-wirft-suche-ich-meine-insel\/","url":"https:\/\/www.vitalibera.org\/community\/2026\/04\/28\/wo-die-hirnverletzung-mich-ins-offene-wasser-wirft-suche-ich-meine-insel\/","name":"Wo die Hirnverletzung mich ins offene Wasser wirft, suche ich meine Insel - vitalibera.org","isPartOf":{"@id":"https:\/\/www.vitalibera.org\/community\/#website"},"primaryImageOfPage":{"@id":"https:\/\/www.vitalibera.org\/community\/2026\/04\/28\/wo-die-hirnverletzung-mich-ins-offene-wasser-wirft-suche-ich-meine-insel\/#primaryimage"},"image":{"@id":"https:\/\/www.vitalibera.org\/community\/2026\/04\/28\/wo-die-hirnverletzung-mich-ins-offene-wasser-wirft-suche-ich-meine-insel\/#primaryimage"},"thumbnailUrl":"https:\/\/www.vitalibera.org\/community\/wp-content\/uploads\/2026\/04\/2c1a2b1a4d652346e55c54ba9137e011.jpg","datePublished":"2026-04-28T10:00:37+00:00","dateModified":"2026-04-28T10:02:10+00:00","breadcrumb":{"@id":"https:\/\/www.vitalibera.org\/community\/2026\/04\/28\/wo-die-hirnverletzung-mich-ins-offene-wasser-wirft-suche-ich-meine-insel\/#breadcrumb"},"inLanguage":"de","potentialAction":[{"@type":"ReadAction","target":["https:\/\/www.vitalibera.org\/community\/2026\/04\/28\/wo-die-hirnverletzung-mich-ins-offene-wasser-wirft-suche-ich-meine-insel\/"]}]},{"@type":"BreadcrumbList","@id":"https:\/\/www.vitalibera.org\/community\/2026\/04\/28\/wo-die-hirnverletzung-mich-ins-offene-wasser-wirft-suche-ich-meine-insel\/#breadcrumb","itemListElement":[{"@type":"ListItem","position":1,"name":"Startseite","item":"https:\/\/www.vitalibera.org\/community\/"},{"@type":"ListItem","position":2,"name":"Wo die Hirnverletzung mich ins offene Wasser wirft, suche ich meine Insel"}]},{"@type":"WebSite","@id":"https:\/\/www.vitalibera.org\/community\/#website","url":"https:\/\/www.vitalibera.org\/community\/","name":"vitalibera.org","description":"Mit einer Einschr&auml;nkung gestaltet sich das Leben im Alltag oft schwieriger - hier berichten wir &uuml;ber unsere Erfahrungen und Hilfsmittel um den Alltag so unbeschwert und unkompliziert wie nur m&ouml;glich geniessen zu k&ouml;nnen. Dabei richten wir unseren Fokus gezielt auf Selbst&auml;ndigkeit, Eigenst&auml;ndigkeit und Selbstbestimmung.","publisher":{"@id":"https:\/\/www.vitalibera.org\/community\/#organization"},"potentialAction":[{"@type":"SearchAction","target":{"@type":"EntryPoint","urlTemplate":"https:\/\/www.vitalibera.org\/community\/?s={search_term_string}"},"query-input":{"@type":"PropertyValueSpecification","valueRequired":true,"valueName":"search_term_string"}}],"inLanguage":"de"},{"@type":"Organization","@id":"https:\/\/www.vitalibera.org\/community\/#organization","name":"vitalibera.org","url":"https:\/\/www.vitalibera.org\/community\/","logo":{"@type":"ImageObject","inLanguage":"de","@id":"https:\/\/www.vitalibera.org\/community\/#\/schema\/logo\/image\/","url":"https:\/\/www.vitalibera.org\/community\/wp-content\/uploads\/2025\/09\/cropped-banner.png","contentUrl":"https:\/\/www.vitalibera.org\/community\/wp-content\/uploads\/2025\/09\/cropped-banner.png","width":991,"height":150,"caption":"vitalibera.org"},"image":{"@id":"https:\/\/www.vitalibera.org\/community\/#\/schema\/logo\/image\/"},"sameAs":["https:\/\/www.facebook.com\/groups\/2997085857140235"]},{"@type":"Person","@id":"https:\/\/www.vitalibera.org\/community\/#\/schema\/person\/6712387298421f222ff6d0a2e22c1534","name":"Andreas Jecklin","image":{"@type":"ImageObject","inLanguage":"de","@id":"https:\/\/secure.gravatar.com\/avatar\/ad516503a11cd5ca435acc9bb6523536?s=96","url":"https:\/\/secure.gravatar.com\/avatar\/ad516503a11cd5ca435acc9bb6523536?s=96","contentUrl":"https:\/\/secure.gravatar.com\/avatar\/ad516503a11cd5ca435acc9bb6523536?s=96","caption":"Andreas Jecklin"},"description":"Manchen gab Gott die Kraft Dinge zu ver\u00e4ndern, mir gab er die Kraft zu ertragen was nicht mehr zu \u00e4ndern ist.","url":"https:\/\/www.vitalibera.org\/community\/author\/andy77\/"}]}},"jetpack_featured_media_url":"https:\/\/www.vitalibera.org\/community\/wp-content\/uploads\/2026\/04\/2c1a2b1a4d652346e55c54ba9137e011.jpg","jetpack_sharing_enabled":true,"jetpack-related-posts":[],"_links":{"self":[{"href":"https:\/\/www.vitalibera.org\/community\/wp-json\/wp\/v2\/posts\/7008","targetHints":{"allow":["GET"]}}],"collection":[{"href":"https:\/\/www.vitalibera.org\/community\/wp-json\/wp\/v2\/posts"}],"about":[{"href":"https:\/\/www.vitalibera.org\/community\/wp-json\/wp\/v2\/types\/post"}],"author":[{"embeddable":true,"href":"https:\/\/www.vitalibera.org\/community\/wp-json\/wp\/v2\/users\/2"}],"replies":[{"embeddable":true,"href":"https:\/\/www.vitalibera.org\/community\/wp-json\/wp\/v2\/comments?post=7008"}],"version-history":[{"count":1,"href":"https:\/\/www.vitalibera.org\/community\/wp-json\/wp\/v2\/posts\/7008\/revisions"}],"predecessor-version":[{"id":7010,"href":"https:\/\/www.vitalibera.org\/community\/wp-json\/wp\/v2\/posts\/7008\/revisions\/7010"}],"wp:featuredmedia":[{"embeddable":true,"href":"https:\/\/www.vitalibera.org\/community\/wp-json\/wp\/v2\/media\/7009"}],"wp:attachment":[{"href":"https:\/\/www.vitalibera.org\/community\/wp-json\/wp\/v2\/media?parent=7008"}],"wp:term":[{"taxonomy":"category","embeddable":true,"href":"https:\/\/www.vitalibera.org\/community\/wp-json\/wp\/v2\/categories?post=7008"},{"taxonomy":"post_tag","embeddable":true,"href":"https:\/\/www.vitalibera.org\/community\/wp-json\/wp\/v2\/tags?post=7008"}],"curies":[{"name":"wp","href":"https:\/\/api.w.org\/{rel}","templated":true}]}}