{"id":7011,"date":"2026-04-28T14:15:27","date_gmt":"2026-04-28T12:15:27","guid":{"rendered":"https:\/\/www.vitalibera.org\/community\/?p=7011"},"modified":"2026-04-28T14:21:03","modified_gmt":"2026-04-28T12:21:03","slug":"gemeinsam-verarbeiten-statt-allein-kaempfen","status":"publish","type":"post","link":"https:\/\/www.vitalibera.org\/community\/2026\/04\/28\/gemeinsam-verarbeiten-statt-allein-kaempfen\/","title":{"rendered":"Gemeinsam verarbeiten \u2013 statt allein k\u00e4mpfen"},"content":{"rendered":"\n<div class=\"wp-block-media-text is-stacked-on-mobile is-vertically-aligned-top\"><figure class=\"wp-block-media-text__media\"><img fetchpriority=\"high\" decoding=\"async\" width=\"350\" height=\"240\" src=\"http:\/\/www.vitalibera.org\/community\/wp-content\/uploads\/2026\/04\/7bf7b6300efdb8192393ce0545a2cd0e.jpg\" alt=\"\" class=\"wp-image-7014 size-full\" srcset=\"https:\/\/www.vitalibera.org\/community\/wp-content\/uploads\/2026\/04\/7bf7b6300efdb8192393ce0545a2cd0e.jpg 350w, https:\/\/www.vitalibera.org\/community\/wp-content\/uploads\/2026\/04\/7bf7b6300efdb8192393ce0545a2cd0e-300x206.jpg 300w\" sizes=\"(max-width: 350px) 100vw, 350px\" \/><\/figure><div class=\"wp-block-media-text__content\">\n<p>Nach einer <a href=\"https:\/\/www.vitalibera.org\/community\/enzyklopaedie\/hirnverletzung\/\" target=\"_self\" title=\"Eine Hirnverletzung (oft als&nbsp;Sch&auml;del-Hirn-Trauma, SHT) ist eine&nbsp;Sch&auml;digung des Gehirns, verursacht durch &auml;u&szlig;ere Gewalteinwirkung (Unfall, Sturz) oder innere Faktoren (Schlaganfall, Tumor). Sie f&uuml;hrt zu k&ouml;rperlichen, kognitiven und verhaltensbezogenen Einschr&auml;nkungen, die oft unsichtbar bleiben. Symptome reichen von Kopfschmerzen bis zu schweren Behinderungen. Wichtige Aspekte der Hirnverletzung: Ursachen:&nbsp;H&auml;ufig durch Schlaganf&auml;lle, Hirnblutungen, Sauerstoffmangel oder St&uuml;rze\/Verkehrsunf&auml;lle (Sch&auml;del-Hirn-Trauma). Formen (SHT):&nbsp;Unterscheidung in&hellip;\" class=\"encyclopedia\">Hirnverletzung<\/a> ver&auml;ndert sich nicht nur der K&ouml;rper, sondern auch die Welt um einen herum. Vieles wird lauter, schneller, unklarer. Alle reden, wenige verstehen. Gemeinsam zu verarbeiten bedeutet: nicht allein durch dieses neue Terrain zu m&uuml;ssen. Es bedeutet, Erfahrungen zu teilen, die andere wirklich kennen &ndash; nicht aus B&uuml;chern, sondern aus ihrem eigenen Alltag.<\/p>\n\n\n\n<p>In diesem gemeinsamen Raum z&auml;hlt nicht Leistung, nicht Tempo, nicht &bdquo;wieder funktionieren&ldquo;. Hier z&auml;hlt Wahrnehmung. Hier z&auml;hlt Ehrlichkeit. Hier z&auml;hlt, dass niemand erkl&auml;ren muss, warum etwas schwer ist.<\/p>\n\n\n\n<p>Gemeinsam verarbeiten hei&szlig;t:<\/p>\n\n\n\n<ul class=\"wp-block-list\">\n<li>Realit&auml;t best&auml;tigen statt anzuzweifeln<\/li>\n\n\n\n<li>Sprache finden, die nicht &uuml;berfordert<\/li>\n\n\n\n<li>Mut teilen, wenn der eigene gerade d&uuml;nn ist<\/li>\n\n\n\n<li>Grenzen respektieren, ohne sie zu kommentieren<\/li>\n\n\n\n<li>Schritt f&uuml;r Schritt Stabilit&auml;t zur&uuml;ckholen<\/li>\n<\/ul>\n\n\n\n<p>Es ist kein &bdquo;Wir schaffen das schon&ldquo;, sondern ein &bdquo;Wir m&uuml;ssen es nicht alleine schaffen&ldquo;.<\/p>\n<\/div><\/div>\n\n\n\n<p>Es trifft auch die, die bleiben. Die, die halten. Die, die versuchen zu verstehen, was sich nicht erkl&auml;ren l&auml;sst.<\/p>\n\n\n\n<p>Angeh&ouml;rige tragen oft zwei Lasten gleichzeitig: die Sorge um den geliebten Menschen &ndash; und das eigene, stille Chaos. Zwischen Verantwortung, Ersch&ouml;pfung, Loyalit&auml;t und Unsicherheit bleibt wenig Raum f&uuml;r die eigene Wahrheit.<\/p>\n\n\n\n<p>Genau hier wird Austausch wichtig. Nicht als Pflicht, nicht als &bdquo;Selbsthilfe&ldquo;, sondern als <strong>Ort, an dem Angeh&ouml;rige nicht funktionieren m&uuml;ssen<\/strong>.<\/p>\n\n\n\n<p>Austausch f&uuml;r Angeh&ouml;rige bedeutet:<\/p>\n\n\n\n<ul class=\"wp-block-list\">\n<li>Gef&uuml;hle aussprechen, die man zuhause nicht sagen kann<\/li>\n\n\n\n<li>Entlastung sp&uuml;ren, ohne sich rechtfertigen zu m&uuml;ssen<\/li>\n\n\n\n<li>zu h&ouml;ren: &bdquo;Ja, ich kenne das&ldquo; &ndash; und zu merken, wie viel das ver&auml;ndert<\/li>\n\n\n\n<li>Grenzen benennen, ohne schlechtes Gewissen<\/li>\n\n\n\n<li>zu verstehen, dass &Uuml;berforderung kein Versagen ist<\/li>\n\n\n\n<li>zu merken, dass man nicht allein durch diese neue Realit&auml;t geht<\/li>\n<\/ul>\n\n\n\n<p>Austausch unter Angeh&ouml;rigen schafft einen Raum, in dem N&auml;he nicht erdr&uuml;ckt, sondern getragen wird. Einen Raum, in dem niemand erkl&auml;ren muss, warum Liebe manchmal schwer ist. Einen Raum, in dem das Erlebte nicht klein geredet wird.<\/p>\n\n\n\n<p><strong>Angeh&ouml;rige brauchen denselben Halt wie <a href=\"https:\/\/www.vitalibera.org\/community\/2026\/04\/19\/wenn-reize-laut-werden-und-menschen-leise\/\">Betroffene<\/a> &ndash; nur auf ihre Weise.<\/strong> <strong>Und sie verdienen einen Ort, an dem auch ihre Geschichte z&auml;hlt.<\/strong><\/p>\n\n\n\n<p>vitalibera steht daf&uuml;r, dass niemand diese Erfahrung allein tragen muss. Nicht Betroffene. Nicht Angeh&ouml;rige.<\/p>\n\n\n\n<p>Wir schaffen R&auml;ume, in denen:<\/p>\n\n\n\n<ul class=\"wp-block-list\">\n<li>Erfahrungen nebeneinander stehen d&uuml;rfen, ohne verglichen zu werden<\/li>\n\n\n\n<li>Angeh&ouml;rige nicht funktionieren m&uuml;ssen, um &bdquo;stark&ldquo; zu wirken<\/li>\n\n\n\n<li>Betroffene nicht erkl&auml;ren m&uuml;ssen, warum etwas schwer ist<\/li>\n\n\n\n<li>Grenzen respektiert werden &ndash; auf beiden Seiten<\/li>\n\n\n\n<li>Austausch entlastet, statt zu &uuml;berfordern<\/li>\n\n\n\n<li>Realit&auml;t Platz hat, auch wenn sie unbequem ist<\/li>\n<\/ul>\n\n\n\n<p>Unterst&uuml;tzung hei&szlig;t f&uuml;r uns: <strong>Wissen teilen, Orientierung geben, Alltag erleichtern, Selbstbestimmung st&auml;rken &ndash; f&uuml;r Betroffene und Angeh&ouml;rige gleicherma&szlig;en.<\/strong><\/p>\n\n\n\n<p>vitalibera ist kein Ort f&uuml;r Mitleid. Es ist ein Ort f&uuml;r Klarheit, Verst&auml;ndnis und echte Gemeinschaft. Ein Ort, an dem das Erlebte nicht kleingeredet wird. Ein Ort, an dem beide Seiten Halt finden.<\/p>\n\n\n\n<p><strong>Betroffene und Angeh&ouml;rige. Zwei Perspektiven. Ein gemeinsamer Weg.<\/strong><\/p>\n\n\n\n<div class=\"wp-block-media-text is-stacked-on-mobile\"><figure class=\"wp-block-media-text__media\"><img decoding=\"async\" width=\"259\" height=\"240\" src=\"http:\/\/www.vitalibera.org\/community\/wp-content\/uploads\/2026\/03\/dbc5972683099460054d3dbc8212a892-1.jpg\" alt=\"\" class=\"wp-image-6333 size-full\"><\/figure><div class=\"wp-block-media-text__content\">\n<p>Zu unserem <a href=\"https:\/\/www.vitalibera.org\/community\/forum\/\">Forum<\/a><\/p>\n\n\n\n<p>Zu unserem<a href=\"https:\/\/www.vitalibera.org\/community\/forum\/forum\/austausch-fuer-angehoerige\/\"> Forum spzeiell f&uuml;r Angeh&ouml;rige<\/a><\/p>\n\n\n\n<p>oder dem<a href=\"https:\/\/www.vitalibera.org\/community\/chat\/\"> Vitalibera Chat<\/a><\/p>\n\n\n\n<p>auch unsere <a href=\"https:\/\/www.facebook.com\/groups\/2997085857140235\" target=\"_blank\" rel=\"noreferrer noopener\">Facebook Gruppe<\/a> bietet Platz f&uuml;r Betroffene und Angeh&ouml;rige<\/p>\n<\/div><\/div>\n","protected":false},"excerpt":{"rendered":"<p>Es trifft auch die, die bleiben. Die, die halten. Die, die versuchen zu verstehen, was sich nicht erkl\u00e4ren l\u00e4sst. Angeh\u00f6rige tragen oft zwei Lasten gleichzeitig: die Sorge um den geliebten Menschen \u2013 und das eigene, stille Chaos. Zwischen Verantwortung, Ersch\u00f6pfung, Loyalit\u00e4t und Unsicherheit bleibt wenig Raum f\u00fcr die eigene Wahrheit. Genau hier wird Austausch wichtig. &#8230; <a title=\"Gemeinsam verarbeiten \u2013 statt allein k\u00e4mpfen\" class=\"read-more\" href=\"https:\/\/www.vitalibera.org\/community\/2026\/04\/28\/gemeinsam-verarbeiten-statt-allein-kaempfen\/\" aria-label=\"Mehr Informationen \u00fcber Gemeinsam verarbeiten \u2013 statt allein k\u00e4mpfen\">Weiterlesen<\/a><\/p>\n","protected":false},"author":2,"featured_media":7016,"comment_status":"open","ping_status":"open","sticky":false,"template":"","format":"standard","meta":{"cybocfi_hide_featured_image":"yes","_jetpack_memberships_contains_paid_content":false,"footnotes":""},"categories":[492,225],"tags":[],"class_list":["post-7011","post","type-post","status-publish","format-standard","has-post-thumbnail","hentry","category-alltagsnavigation","category-hilfe-fuer-angehoerige"],"yoast_head":"<!-- This site is optimized with the Yoast SEO plugin v27.4 - https:\/\/yoast.com\/product\/yoast-seo-wordpress\/ -->\r\n<title>Gemeinsam verarbeiten \u2013 statt allein k\u00e4mpfen - vitalibera.org<\/title>\r\n<meta name=\"robots\" content=\"index, follow, max-snippet:-1, max-image-preview:large, max-video-preview:-1\" \/>\r\n<link rel=\"canonical\" href=\"https:\/\/www.vitalibera.org\/community\/2026\/04\/28\/gemeinsam-verarbeiten-statt-allein-kaempfen\/\" \/>\r\n<meta property=\"og:locale\" content=\"de_DE\" \/>\r\n<meta property=\"og:type\" content=\"article\" \/>\r\n<meta property=\"og:title\" content=\"Gemeinsam verarbeiten \u2013 statt allein k\u00e4mpfen - vitalibera.org\" \/>\r\n<meta property=\"og:description\" content=\"Es trifft auch die, die bleiben. Die, die halten. Die, die versuchen zu verstehen, was sich nicht erkl\u00e4ren l\u00e4sst. Angeh\u00f6rige tragen oft zwei Lasten gleichzeitig: die Sorge um den geliebten Menschen \u2013 und das eigene, stille Chaos. Zwischen Verantwortung, Ersch\u00f6pfung, Loyalit\u00e4t und Unsicherheit bleibt wenig Raum f\u00fcr die eigene Wahrheit. Genau hier wird Austausch wichtig. ... Weiterlesen\" \/>\r\n<meta property=\"og:url\" content=\"https:\/\/www.vitalibera.org\/community\/2026\/04\/28\/gemeinsam-verarbeiten-statt-allein-kaempfen\/\" \/>\r\n<meta property=\"og:site_name\" content=\"vitalibera.org\" \/>\r\n<meta property=\"article:publisher\" content=\"https:\/\/www.facebook.com\/groups\/2997085857140235\" \/>\r\n<meta property=\"article:published_time\" content=\"2026-04-28T12:15:27+00:00\" \/>\r\n<meta property=\"article:modified_time\" content=\"2026-04-28T12:21:03+00:00\" \/>\r\n<meta property=\"og:image\" content=\"http:\/\/www.vitalibera.org\/community\/wp-content\/uploads\/2026\/04\/ea66eba21d4d58bb7fccc3f0fbc74019.jpg\" \/>\r\n\t<meta property=\"og:image:width\" content=\"491\" \/>\r\n\t<meta property=\"og:image:height\" content=\"360\" \/>\r\n\t<meta property=\"og:image:type\" content=\"image\/jpeg\" \/>\r\n<meta name=\"author\" content=\"Andreas Jecklin\" \/>\r\n<meta name=\"twitter:card\" content=\"summary_large_image\" \/>\r\n<meta name=\"twitter:label1\" content=\"Verfasst von\" \/>\n\t<meta name=\"twitter:data1\" content=\"Andreas Jecklin\" \/>\n\t<meta name=\"twitter:label2\" content=\"Gesch\u00e4tzte Lesezeit\" \/>\n\t<meta name=\"twitter:data2\" content=\"4\u00a0Minuten\" \/>\r\n<script type=\"application\/ld+json\" class=\"yoast-schema-graph\">{\"@context\":\"https:\\\/\\\/schema.org\",\"@graph\":[{\"@type\":\"Article\",\"@id\":\"https:\\\/\\\/www.vitalibera.org\\\/community\\\/2026\\\/04\\\/28\\\/gemeinsam-verarbeiten-statt-allein-kaempfen\\\/#article\",\"isPartOf\":{\"@id\":\"https:\\\/\\\/www.vitalibera.org\\\/community\\\/2026\\\/04\\\/28\\\/gemeinsam-verarbeiten-statt-allein-kaempfen\\\/\"},\"author\":{\"name\":\"Andreas Jecklin\",\"@id\":\"https:\\\/\\\/www.vitalibera.org\\\/community\\\/#\\\/schema\\\/person\\\/6712387298421f222ff6d0a2e22c1534\"},\"headline\":\"Gemeinsam verarbeiten \u2013 statt allein k\u00e4mpfen\",\"datePublished\":\"2026-04-28T12:15:27+00:00\",\"dateModified\":\"2026-04-28T12:21:03+00:00\",\"mainEntityOfPage\":{\"@id\":\"https:\\\/\\\/www.vitalibera.org\\\/community\\\/2026\\\/04\\\/28\\\/gemeinsam-verarbeiten-statt-allein-kaempfen\\\/\"},\"wordCount\":521,\"commentCount\":0,\"publisher\":{\"@id\":\"https:\\\/\\\/www.vitalibera.org\\\/community\\\/#organization\"},\"image\":{\"@id\":\"https:\\\/\\\/www.vitalibera.org\\\/community\\\/2026\\\/04\\\/28\\\/gemeinsam-verarbeiten-statt-allein-kaempfen\\\/#primaryimage\"},\"thumbnailUrl\":\"https:\\\/\\\/www.vitalibera.org\\\/community\\\/wp-content\\\/uploads\\\/2026\\\/04\\\/ea66eba21d4d58bb7fccc3f0fbc74019.jpg\",\"articleSection\":[\"Alltagsnavigation\",\"Hilfe f\u00fcr Angeh\u00f6rige\"],\"inLanguage\":\"de\",\"potentialAction\":[{\"@type\":\"CommentAction\",\"name\":\"Comment\",\"target\":[\"https:\\\/\\\/www.vitalibera.org\\\/community\\\/2026\\\/04\\\/28\\\/gemeinsam-verarbeiten-statt-allein-kaempfen\\\/#respond\"]}]},{\"@type\":\"WebPage\",\"@id\":\"https:\\\/\\\/www.vitalibera.org\\\/community\\\/2026\\\/04\\\/28\\\/gemeinsam-verarbeiten-statt-allein-kaempfen\\\/\",\"url\":\"https:\\\/\\\/www.vitalibera.org\\\/community\\\/2026\\\/04\\\/28\\\/gemeinsam-verarbeiten-statt-allein-kaempfen\\\/\",\"name\":\"Gemeinsam verarbeiten \u2013 statt allein k\u00e4mpfen - vitalibera.org\",\"isPartOf\":{\"@id\":\"https:\\\/\\\/www.vitalibera.org\\\/community\\\/#website\"},\"primaryImageOfPage\":{\"@id\":\"https:\\\/\\\/www.vitalibera.org\\\/community\\\/2026\\\/04\\\/28\\\/gemeinsam-verarbeiten-statt-allein-kaempfen\\\/#primaryimage\"},\"image\":{\"@id\":\"https:\\\/\\\/www.vitalibera.org\\\/community\\\/2026\\\/04\\\/28\\\/gemeinsam-verarbeiten-statt-allein-kaempfen\\\/#primaryimage\"},\"thumbnailUrl\":\"https:\\\/\\\/www.vitalibera.org\\\/community\\\/wp-content\\\/uploads\\\/2026\\\/04\\\/ea66eba21d4d58bb7fccc3f0fbc74019.jpg\",\"datePublished\":\"2026-04-28T12:15:27+00:00\",\"dateModified\":\"2026-04-28T12:21:03+00:00\",\"breadcrumb\":{\"@id\":\"https:\\\/\\\/www.vitalibera.org\\\/community\\\/2026\\\/04\\\/28\\\/gemeinsam-verarbeiten-statt-allein-kaempfen\\\/#breadcrumb\"},\"inLanguage\":\"de\",\"potentialAction\":[{\"@type\":\"ReadAction\",\"target\":[\"https:\\\/\\\/www.vitalibera.org\\\/community\\\/2026\\\/04\\\/28\\\/gemeinsam-verarbeiten-statt-allein-kaempfen\\\/\"]}]},{\"@type\":\"BreadcrumbList\",\"@id\":\"https:\\\/\\\/www.vitalibera.org\\\/community\\\/2026\\\/04\\\/28\\\/gemeinsam-verarbeiten-statt-allein-kaempfen\\\/#breadcrumb\",\"itemListElement\":[{\"@type\":\"ListItem\",\"position\":1,\"name\":\"Startseite\",\"item\":\"https:\\\/\\\/www.vitalibera.org\\\/community\\\/\"},{\"@type\":\"ListItem\",\"position\":2,\"name\":\"Gemeinsam verarbeiten \u2013 statt allein k\u00e4mpfen\"}]},{\"@type\":\"WebSite\",\"@id\":\"https:\\\/\\\/www.vitalibera.org\\\/community\\\/#website\",\"url\":\"https:\\\/\\\/www.vitalibera.org\\\/community\\\/\",\"name\":\"vitalibera.org\",\"description\":\"Mit einer Einschr&auml;nkung gestaltet sich das Leben im Alltag oft schwieriger - hier berichten wir &uuml;ber unsere Erfahrungen und Hilfsmittel um den Alltag so unbeschwert und unkompliziert wie nur m&ouml;glich geniessen zu k&ouml;nnen. Dabei richten wir unseren Fokus gezielt auf Selbst&auml;ndigkeit, Eigenst&auml;ndigkeit und Selbstbestimmung.\",\"publisher\":{\"@id\":\"https:\\\/\\\/www.vitalibera.org\\\/community\\\/#organization\"},\"potentialAction\":[{\"@type\":\"SearchAction\",\"target\":{\"@type\":\"EntryPoint\",\"urlTemplate\":\"https:\\\/\\\/www.vitalibera.org\\\/community\\\/?s={search_term_string}\"},\"query-input\":{\"@type\":\"PropertyValueSpecification\",\"valueRequired\":true,\"valueName\":\"search_term_string\"}}],\"inLanguage\":\"de\"},{\"@type\":\"Organization\",\"@id\":\"https:\\\/\\\/www.vitalibera.org\\\/community\\\/#organization\",\"name\":\"vitalibera.org\",\"url\":\"https:\\\/\\\/www.vitalibera.org\\\/community\\\/\",\"logo\":{\"@type\":\"ImageObject\",\"inLanguage\":\"de\",\"@id\":\"https:\\\/\\\/www.vitalibera.org\\\/community\\\/#\\\/schema\\\/logo\\\/image\\\/\",\"url\":\"https:\\\/\\\/www.vitalibera.org\\\/community\\\/wp-content\\\/uploads\\\/2025\\\/09\\\/cropped-banner.png\",\"contentUrl\":\"https:\\\/\\\/www.vitalibera.org\\\/community\\\/wp-content\\\/uploads\\\/2025\\\/09\\\/cropped-banner.png\",\"width\":991,\"height\":150,\"caption\":\"vitalibera.org\"},\"image\":{\"@id\":\"https:\\\/\\\/www.vitalibera.org\\\/community\\\/#\\\/schema\\\/logo\\\/image\\\/\"},\"sameAs\":[\"https:\\\/\\\/www.facebook.com\\\/groups\\\/2997085857140235\"]},{\"@type\":\"Person\",\"@id\":\"https:\\\/\\\/www.vitalibera.org\\\/community\\\/#\\\/schema\\\/person\\\/6712387298421f222ff6d0a2e22c1534\",\"name\":\"Andreas Jecklin\",\"image\":{\"@type\":\"ImageObject\",\"inLanguage\":\"de\",\"@id\":\"https:\\\/\\\/secure.gravatar.com\\\/avatar\\\/ad516503a11cd5ca435acc9bb6523536?s=96\",\"url\":\"https:\\\/\\\/secure.gravatar.com\\\/avatar\\\/ad516503a11cd5ca435acc9bb6523536?s=96\",\"contentUrl\":\"https:\\\/\\\/secure.gravatar.com\\\/avatar\\\/ad516503a11cd5ca435acc9bb6523536?s=96\",\"caption\":\"Andreas Jecklin\"},\"description\":\"Manchen gab Gott die Kraft Dinge zu ver\u00e4ndern, mir gab er die Kraft zu ertragen was nicht mehr zu \u00e4ndern ist.\",\"url\":\"https:\\\/\\\/www.vitalibera.org\\\/community\\\/author\\\/andy77\\\/\"}]}<\/script>\r\n<!-- \/ Yoast SEO plugin. -->","yoast_head_json":{"title":"Gemeinsam verarbeiten \u2013 statt allein k\u00e4mpfen - vitalibera.org","robots":{"index":"index","follow":"follow","max-snippet":"max-snippet:-1","max-image-preview":"max-image-preview:large","max-video-preview":"max-video-preview:-1"},"canonical":"https:\/\/www.vitalibera.org\/community\/2026\/04\/28\/gemeinsam-verarbeiten-statt-allein-kaempfen\/","og_locale":"de_DE","og_type":"article","og_title":"Gemeinsam verarbeiten \u2013 statt allein k\u00e4mpfen - vitalibera.org","og_description":"Es trifft auch die, die bleiben. Die, die halten. Die, die versuchen zu verstehen, was sich nicht erkl\u00e4ren l\u00e4sst. Angeh\u00f6rige tragen oft zwei Lasten gleichzeitig: die Sorge um den geliebten Menschen \u2013 und das eigene, stille Chaos. Zwischen Verantwortung, Ersch\u00f6pfung, Loyalit\u00e4t und Unsicherheit bleibt wenig Raum f\u00fcr die eigene Wahrheit. Genau hier wird Austausch wichtig. ... Weiterlesen","og_url":"https:\/\/www.vitalibera.org\/community\/2026\/04\/28\/gemeinsam-verarbeiten-statt-allein-kaempfen\/","og_site_name":"vitalibera.org","article_publisher":"https:\/\/www.facebook.com\/groups\/2997085857140235","article_published_time":"2026-04-28T12:15:27+00:00","article_modified_time":"2026-04-28T12:21:03+00:00","og_image":[{"width":491,"height":360,"url":"http:\/\/www.vitalibera.org\/community\/wp-content\/uploads\/2026\/04\/ea66eba21d4d58bb7fccc3f0fbc74019.jpg","type":"image\/jpeg"}],"author":"Andreas Jecklin","twitter_card":"summary_large_image","twitter_misc":{"Verfasst von":"Andreas Jecklin","Gesch\u00e4tzte Lesezeit":"4\u00a0Minuten"},"schema":{"@context":"https:\/\/schema.org","@graph":[{"@type":"Article","@id":"https:\/\/www.vitalibera.org\/community\/2026\/04\/28\/gemeinsam-verarbeiten-statt-allein-kaempfen\/#article","isPartOf":{"@id":"https:\/\/www.vitalibera.org\/community\/2026\/04\/28\/gemeinsam-verarbeiten-statt-allein-kaempfen\/"},"author":{"name":"Andreas Jecklin","@id":"https:\/\/www.vitalibera.org\/community\/#\/schema\/person\/6712387298421f222ff6d0a2e22c1534"},"headline":"Gemeinsam verarbeiten \u2013 statt allein k\u00e4mpfen","datePublished":"2026-04-28T12:15:27+00:00","dateModified":"2026-04-28T12:21:03+00:00","mainEntityOfPage":{"@id":"https:\/\/www.vitalibera.org\/community\/2026\/04\/28\/gemeinsam-verarbeiten-statt-allein-kaempfen\/"},"wordCount":521,"commentCount":0,"publisher":{"@id":"https:\/\/www.vitalibera.org\/community\/#organization"},"image":{"@id":"https:\/\/www.vitalibera.org\/community\/2026\/04\/28\/gemeinsam-verarbeiten-statt-allein-kaempfen\/#primaryimage"},"thumbnailUrl":"https:\/\/www.vitalibera.org\/community\/wp-content\/uploads\/2026\/04\/ea66eba21d4d58bb7fccc3f0fbc74019.jpg","articleSection":["Alltagsnavigation","Hilfe f\u00fcr Angeh\u00f6rige"],"inLanguage":"de","potentialAction":[{"@type":"CommentAction","name":"Comment","target":["https:\/\/www.vitalibera.org\/community\/2026\/04\/28\/gemeinsam-verarbeiten-statt-allein-kaempfen\/#respond"]}]},{"@type":"WebPage","@id":"https:\/\/www.vitalibera.org\/community\/2026\/04\/28\/gemeinsam-verarbeiten-statt-allein-kaempfen\/","url":"https:\/\/www.vitalibera.org\/community\/2026\/04\/28\/gemeinsam-verarbeiten-statt-allein-kaempfen\/","name":"Gemeinsam verarbeiten \u2013 statt allein k\u00e4mpfen - vitalibera.org","isPartOf":{"@id":"https:\/\/www.vitalibera.org\/community\/#website"},"primaryImageOfPage":{"@id":"https:\/\/www.vitalibera.org\/community\/2026\/04\/28\/gemeinsam-verarbeiten-statt-allein-kaempfen\/#primaryimage"},"image":{"@id":"https:\/\/www.vitalibera.org\/community\/2026\/04\/28\/gemeinsam-verarbeiten-statt-allein-kaempfen\/#primaryimage"},"thumbnailUrl":"https:\/\/www.vitalibera.org\/community\/wp-content\/uploads\/2026\/04\/ea66eba21d4d58bb7fccc3f0fbc74019.jpg","datePublished":"2026-04-28T12:15:27+00:00","dateModified":"2026-04-28T12:21:03+00:00","breadcrumb":{"@id":"https:\/\/www.vitalibera.org\/community\/2026\/04\/28\/gemeinsam-verarbeiten-statt-allein-kaempfen\/#breadcrumb"},"inLanguage":"de","potentialAction":[{"@type":"ReadAction","target":["https:\/\/www.vitalibera.org\/community\/2026\/04\/28\/gemeinsam-verarbeiten-statt-allein-kaempfen\/"]}]},{"@type":"BreadcrumbList","@id":"https:\/\/www.vitalibera.org\/community\/2026\/04\/28\/gemeinsam-verarbeiten-statt-allein-kaempfen\/#breadcrumb","itemListElement":[{"@type":"ListItem","position":1,"name":"Startseite","item":"https:\/\/www.vitalibera.org\/community\/"},{"@type":"ListItem","position":2,"name":"Gemeinsam verarbeiten \u2013 statt allein k\u00e4mpfen"}]},{"@type":"WebSite","@id":"https:\/\/www.vitalibera.org\/community\/#website","url":"https:\/\/www.vitalibera.org\/community\/","name":"vitalibera.org","description":"Mit einer Einschr&auml;nkung gestaltet sich das Leben im Alltag oft schwieriger - hier berichten wir &uuml;ber unsere Erfahrungen und Hilfsmittel um den Alltag so unbeschwert und unkompliziert wie nur m&ouml;glich geniessen zu k&ouml;nnen. Dabei richten wir unseren Fokus gezielt auf Selbst&auml;ndigkeit, Eigenst&auml;ndigkeit und Selbstbestimmung.","publisher":{"@id":"https:\/\/www.vitalibera.org\/community\/#organization"},"potentialAction":[{"@type":"SearchAction","target":{"@type":"EntryPoint","urlTemplate":"https:\/\/www.vitalibera.org\/community\/?s={search_term_string}"},"query-input":{"@type":"PropertyValueSpecification","valueRequired":true,"valueName":"search_term_string"}}],"inLanguage":"de"},{"@type":"Organization","@id":"https:\/\/www.vitalibera.org\/community\/#organization","name":"vitalibera.org","url":"https:\/\/www.vitalibera.org\/community\/","logo":{"@type":"ImageObject","inLanguage":"de","@id":"https:\/\/www.vitalibera.org\/community\/#\/schema\/logo\/image\/","url":"https:\/\/www.vitalibera.org\/community\/wp-content\/uploads\/2025\/09\/cropped-banner.png","contentUrl":"https:\/\/www.vitalibera.org\/community\/wp-content\/uploads\/2025\/09\/cropped-banner.png","width":991,"height":150,"caption":"vitalibera.org"},"image":{"@id":"https:\/\/www.vitalibera.org\/community\/#\/schema\/logo\/image\/"},"sameAs":["https:\/\/www.facebook.com\/groups\/2997085857140235"]},{"@type":"Person","@id":"https:\/\/www.vitalibera.org\/community\/#\/schema\/person\/6712387298421f222ff6d0a2e22c1534","name":"Andreas Jecklin","image":{"@type":"ImageObject","inLanguage":"de","@id":"https:\/\/secure.gravatar.com\/avatar\/ad516503a11cd5ca435acc9bb6523536?s=96","url":"https:\/\/secure.gravatar.com\/avatar\/ad516503a11cd5ca435acc9bb6523536?s=96","contentUrl":"https:\/\/secure.gravatar.com\/avatar\/ad516503a11cd5ca435acc9bb6523536?s=96","caption":"Andreas Jecklin"},"description":"Manchen gab Gott die Kraft Dinge zu ver\u00e4ndern, mir gab er die Kraft zu ertragen was nicht mehr zu \u00e4ndern ist.","url":"https:\/\/www.vitalibera.org\/community\/author\/andy77\/"}]}},"jetpack_featured_media_url":"https:\/\/www.vitalibera.org\/community\/wp-content\/uploads\/2026\/04\/ea66eba21d4d58bb7fccc3f0fbc74019.jpg","jetpack_sharing_enabled":true,"jetpack-related-posts":[],"_links":{"self":[{"href":"https:\/\/www.vitalibera.org\/community\/wp-json\/wp\/v2\/posts\/7011","targetHints":{"allow":["GET"]}}],"collection":[{"href":"https:\/\/www.vitalibera.org\/community\/wp-json\/wp\/v2\/posts"}],"about":[{"href":"https:\/\/www.vitalibera.org\/community\/wp-json\/wp\/v2\/types\/post"}],"author":[{"embeddable":true,"href":"https:\/\/www.vitalibera.org\/community\/wp-json\/wp\/v2\/users\/2"}],"replies":[{"embeddable":true,"href":"https:\/\/www.vitalibera.org\/community\/wp-json\/wp\/v2\/comments?post=7011"}],"version-history":[{"count":2,"href":"https:\/\/www.vitalibera.org\/community\/wp-json\/wp\/v2\/posts\/7011\/revisions"}],"predecessor-version":[{"id":7017,"href":"https:\/\/www.vitalibera.org\/community\/wp-json\/wp\/v2\/posts\/7011\/revisions\/7017"}],"wp:featuredmedia":[{"embeddable":true,"href":"https:\/\/www.vitalibera.org\/community\/wp-json\/wp\/v2\/media\/7016"}],"wp:attachment":[{"href":"https:\/\/www.vitalibera.org\/community\/wp-json\/wp\/v2\/media?parent=7011"}],"wp:term":[{"taxonomy":"category","embeddable":true,"href":"https:\/\/www.vitalibera.org\/community\/wp-json\/wp\/v2\/categories?post=7011"},{"taxonomy":"post_tag","embeddable":true,"href":"https:\/\/www.vitalibera.org\/community\/wp-json\/wp\/v2\/tags?post=7011"}],"curies":[{"name":"wp","href":"https:\/\/api.w.org\/{rel}","templated":true}]}}