{"id":7018,"date":"2026-04-28T17:09:06","date_gmt":"2026-04-28T15:09:06","guid":{"rendered":"https:\/\/www.vitalibera.org\/community\/?p=7018"},"modified":"2026-04-28T17:14:18","modified_gmt":"2026-04-28T15:14:18","slug":"wenn-der-schlag-nachhallt-rituale-die-tragen","status":"publish","type":"post","link":"https:\/\/www.vitalibera.org\/community\/2026\/04\/28\/wenn-der-schlag-nachhallt-rituale-die-tragen\/","title":{"rendered":"Wenn der Schlag nachhallt: Rituale, die tragen"},"content":{"rendered":"\n<div class=\"wp-block-media-text is-stacked-on-mobile is-vertically-aligned-top\"><figure class=\"wp-block-media-text__media\"><img fetchpriority=\"high\" decoding=\"async\" width=\"800\" height=\"525\" src=\"https:\/\/www.vitalibera.org\/community\/wp-content\/uploads\/2026\/04\/1ccf91e69032b842a3230d12938c7b2d-1.jpg\" alt=\"\" class=\"wp-image-7019 size-full\" srcset=\"https:\/\/www.vitalibera.org\/community\/wp-content\/uploads\/2026\/04\/1ccf91e69032b842a3230d12938c7b2d-1.jpg 800w, https:\/\/www.vitalibera.org\/community\/wp-content\/uploads\/2026\/04\/1ccf91e69032b842a3230d12938c7b2d-1-300x197.jpg 300w, https:\/\/www.vitalibera.org\/community\/wp-content\/uploads\/2026\/04\/1ccf91e69032b842a3230d12938c7b2d-1-768x504.jpg 768w\" sizes=\"(max-width: 800px) 100vw, 800px\" \/><\/figure><div class=\"wp-block-media-text__content\">\n<p>Der Schlag kam &ndash; und er hat Spuren hinterlassen. Nicht nur im K&ouml;rper, sondern im Alltag, im Denken, im Tempo.<br>Erschlagen zu sein hei&szlig;t nicht &bdquo;schwach&ldquo;, sondern &bdquo;verwundet&ldquo;.<\/p>\n\n\n\n<p>Wer das anerkennt, schafft Raum f&uuml;r eigene Regeln, eigenes Tempo, eigene Grenzen.<br>Hier entsteht Selbstbestimmung neu.<\/p>\n<\/div><\/div>\n\n\n\n<p>Nach einem Schlag ver&auml;ndert sich alles &ndash; Tempo, Belastbarkeit, Wahrnehmung, Selbstverst&auml;ndlichkeit. Viele beschreiben das Gef&uuml;hl, <strong>vom Schlag erschlagen zu sein<\/strong>: zu viel, zu laut, zu schnell, zu dicht. Nicht, weil sie &bdquo;&uuml;berempfindlich&ldquo; w&auml;ren, sondern weil das Nervensystem getroffen wurde und jetzt Schutz braucht.<\/p>\n\n\n\n<p>Dieser Workshop beginnt genau hier: bei der Realit&auml;t eines K&ouml;rpers, der ein Ereignis &uuml;berlebt hat, und bei einem Alltag, der sich nicht mehr anf&uuml;hlt wie vorher.<\/p>\n\n\n\n<p>Wir arbeiten nicht mit Erwartungen, sondern mit <strong>Wahrnehmung<\/strong>. Nicht mit &bdquo;du musst&ldquo;, sondern mit <strong>was ist gerade m&ouml;glich<\/strong>. Nicht mit Fremdbildern, sondern mit <strong>eigener Autorit&auml;t<\/strong>.<\/p>\n\n\n\n<p>Das Ziel ist nicht, &bdquo;wieder zu funktionieren&ldquo;. Das Ziel ist, <strong>eigene Regeln zu entwickeln<\/strong>, eigene Grenzen zu erkennen, und einen Alltag zu gestalten, der nicht gegen dich arbeitet, sondern mit dir.<\/p>\n\n\n\n<h5 class=\"wp-block-heading\"><strong>Ritual f&uuml;r Betroffene: &bdquo;Ich komme an &ndash; ohne funktionieren zu m&uuml;ssen&ldquo;<\/strong><\/h5>\n\n\n\n<p><em>(2&ndash;3 Minuten, neurofreundlich, sicher, entlastend)<\/em><\/p>\n\n\n\n<h6 class=\"wp-block-heading\"><strong>1. Schritt: Position finden<\/strong><\/h6>\n\n\n\n<p>Sitzen, lehnen, stehen &ndash; alles erlaubt. Wichtig ist nur: <strong>kein M&uuml;ssen<\/strong>.: <strong>&bdquo;Du darfst ankommen, ohne etwas leisten zu m&uuml;ssen.&ldquo;<\/strong><\/p>\n\n\n\n<h6 class=\"wp-block-heading\"><strong>2. Schritt: Reize reduzieren<\/strong><\/h6>\n\n\n\n<p>Blick senken. Nicht schlie&szlig;en m&uuml;ssen &ndash; nur weniger Input. Der K&ouml;rper entscheidet.<\/p>\n\n\n\n<h6 class=\"wp-block-heading\"><strong>3. Schritt: Ein Atemzug, der nichts fordert<\/strong><\/h6>\n\n\n\n<p>Einatmen normal. Ausatmen etwas l&auml;nger. Nur einmal. (Alles Weitere ist optional, nicht erwartet.)<\/p>\n\n\n\n<h6 class=\"wp-block-heading\"><strong>4. Schritt: Der K&ouml;rper darf sprechen<\/strong><\/h6>\n\n\n\n<p>Frage an dich selber &ndash; still, f&uuml;r dich: <strong>&bdquo;Was in mir ist gerade laut?&ldquo;<\/strong> Keine Analyse. Nur wahrnehmen.<\/p>\n\n\n\n<h6 class=\"wp-block-heading\"><strong>5. Schritt: Der 1&#8209;Meter&#8209;Anker<\/strong><\/h6>\n\n\n\n<p>Such dir im eigenen Radius etwas, das tr&auml;gt: Stuhl. Boden. Wand. Kleidung. Atem. Und sagt innerlich: <strong>&bdquo;Das hier unterst&uuml;tzt mich.&ldquo;<\/strong><\/p>\n\n\n\n<h6 class=\"wp-block-heading\"><strong>6. Schritt: Selbstbestimmung aktivieren<\/strong><\/h6>\n\n\n\n<p>Abschluss-Satz: <strong>&bdquo;Ich bestimme mein Tempo. Der Raum passt sich mir an &ndash; nicht umgekehrt.&ldquo;<\/strong><\/p>\n\n\n\n<div class=\"wp-block-media-text is-stacked-on-mobile\"><figure class=\"wp-block-media-text__media\"><img decoding=\"async\" width=\"724\" height=\"1024\" src=\"http:\/\/www.vitalibera.org\/community\/wp-content\/uploads\/2026\/04\/57cfabb053bfef56e36e059cee3886f8-724x1024.jpg\" alt=\"\" class=\"wp-image-6958 size-full\" srcset=\"https:\/\/www.vitalibera.org\/community\/wp-content\/uploads\/2026\/04\/57cfabb053bfef56e36e059cee3886f8-724x1024.jpg 724w, https:\/\/www.vitalibera.org\/community\/wp-content\/uploads\/2026\/04\/57cfabb053bfef56e36e059cee3886f8-212x300.jpg 212w, https:\/\/www.vitalibera.org\/community\/wp-content\/uploads\/2026\/04\/57cfabb053bfef56e36e059cee3886f8-768x1086.jpg 768w, https:\/\/www.vitalibera.org\/community\/wp-content\/uploads\/2026\/04\/57cfabb053bfef56e36e059cee3886f8-1087x1536.jpg 1087w, https:\/\/www.vitalibera.org\/community\/wp-content\/uploads\/2026\/04\/57cfabb053bfef56e36e059cee3886f8.jpg 1132w\" sizes=\"(max-width: 724px) 100vw, 724px\" \/><\/figure><div class=\"wp-block-media-text__content\">\n<p><strong>Ritual f&uuml;r &Uuml;berg&auml;nge (T&uuml;rrahmen&#8209;Reset)<\/strong><\/p>\n\n\n\n<p>Perfekt f&uuml;r Reha, Klinik, Alltag, Gruppensituationen. Beim Durchgehen durch eine T&uuml;r:<\/p>\n\n\n\n<ul class=\"wp-block-list\">\n<li>kurz den Rahmen ber&uuml;hren<\/li>\n\n\n\n<li>ein Atemzug<\/li>\n\n\n\n<li>Satz: <strong>&bdquo;Neuer Raum. Neues Tempo.&ldquo;<\/strong><\/li>\n<\/ul>\n\n\n\n<p>Dieses Ritual stabilisiert Menschen, die nach einem Schlag M&uuml;he mit &Uuml;berg&auml;ngen, Reizwechseln oder Raumwechseln haben.<\/p>\n<\/div><\/div>\n\n\n\n<h5 class=\"wp-block-heading\"><strong>Ritual f&uuml;r Angeh&ouml;rige: &bdquo;Ich bin da &ndash; ohne zu dr&auml;ngen&ldquo;<\/strong><\/h5>\n\n\n\n<p><em>(2 Minuten, sicher, entlastend, beziehungsfreundlich)<\/em><\/p>\n\n\n\n<h6 class=\"wp-block-heading\"><strong>1. Schritt: Gemeinsames Ankommen<\/strong><\/h6>\n\n\n\n<p>Angeh&ouml;rige und <a href=\"https:\/\/www.vitalibera.org\/community\/2026\/04\/19\/wenn-reize-laut-werden-und-menschen-leise\/\">Betroffene<\/a> sitzen oder stehen nebeneinander, nicht gegen&uuml;ber. Kein Blickkontakt n&ouml;tig. Satz der Angeh&ouml;rigen: <strong>&bdquo;Ich bin hier. Du musst nichts leisten.&ldquo;<\/strong><\/p>\n\n\n\n<h6 class=\"wp-block-heading\"><strong>2. Schritt: Reize reduzieren &ndash; f&uuml;r beide<\/strong><\/h6>\n\n\n\n<p>Angeh&ouml;rige senken bewusst den Blick oder schauen auf einen Punkt im Raum. Betroffene d&uuml;rfen das Gleiche tun &ndash; oder nicht. Signal: <em>Wir nehmen Druck raus.<\/em><\/p>\n\n\n\n<h6 class=\"wp-block-heading\"><strong>3. Schritt: Gemeinsamer Atemzug<\/strong><\/h6>\n\n\n\n<p>Einmal gemeinsam einatmen. Einmal gemeinsam ausatmen. Nicht synchron. Nicht perfekt. Nur: gleichzeitig im selben Raum sein.<\/p>\n\n\n\n<h6 class=\"wp-block-heading\"><strong>4. Schritt: Der 1&#8209;Meter&#8209;Raum<\/strong><\/h6>\n\n\n\n<p>Angeh&ouml;rige fragen nicht &bdquo;Wie geht&rsquo;s dir?&ldquo;, sondern sagen: <strong>&bdquo;Was in deinem 1&#8209;Meter&#8209;Raum unterst&uuml;tzt dich gerade?&ldquo;<\/strong> Wenn Betroffene nicht antworten wollen: v&ouml;llig okay. Angeh&ouml;rige k&ouml;nnen stattdessen sagen: <strong>&bdquo;Ich sehe den Stuhl \/ die Wand \/ das Wasser. Das kann tragen.&ldquo;<\/strong><\/p>\n\n\n\n<h6 class=\"wp-block-heading\"><strong>5. Schritt: Abschluss-Satz der Angeh&ouml;rigen<\/strong><\/h6>\n\n\n\n<p><strong>&bdquo;Ich begleite dich &ndash; aber du bestimmst das Tempo.&ldquo;<\/strong><\/p>\n\n\n\n<div class=\"wp-block-media-text is-stacked-on-mobile\" style=\"grid-template-columns:32% auto\"><figure class=\"wp-block-media-text__media\"><img decoding=\"async\" width=\"302\" height=\"277\" src=\"http:\/\/www.vitalibera.org\/community\/wp-content\/uploads\/2026\/03\/tip3.png\" alt=\"\" class=\"wp-image-6087 size-full\" srcset=\"https:\/\/www.vitalibera.org\/community\/wp-content\/uploads\/2026\/03\/tip3.png 302w, https:\/\/www.vitalibera.org\/community\/wp-content\/uploads\/2026\/03\/tip3-300x275.png 300w\" sizes=\"(max-width: 302px) 100vw, 302px\" \/><\/figure><div class=\"wp-block-media-text__content\">\n<p><strong>Ritual f&uuml;r Angeh&ouml;rige bei &Uuml;berforderung des Betroffenen<\/strong><\/p>\n\n\n\n<p><em>(Notfall&#8209;Version, 20 Sekunden)<\/em><\/p>\n\n\n\n<ul class=\"wp-block-list\">\n<li>Angeh&ouml;rige senken die Stimme.<\/li>\n\n\n\n<li>Einen Schritt zur&uuml;ck, nicht n&auml;her.<\/li>\n\n\n\n<li>Satz: <strong>&bdquo;Ich gebe dir Raum. Ich bleibe in der N&auml;he.&ldquo;<\/strong><\/li>\n\n\n\n<li>Kein Fragen. Kein Dr&auml;ngen. Kein Fixen.<\/li>\n<\/ul>\n\n\n\n<p>Dieses Ritual sch&uuml;tzt Betroffene UND Angeh&ouml;rige.<\/p>\n<\/div><\/div>\n\n\n\n<p><\/p>\n","protected":false},"excerpt":{"rendered":"<p>Der Schlag kam \u2013 und er hat Spuren hinterlassen. Nicht nur im K\u00f6rper, sondern im Alltag, im Denken, im Tempo.Erschlagen zu sein hei\u00dft nicht \u201eschwach\u201c, sondern \u201everwundet\u201c. Wer das anerkennt, schafft Raum f\u00fcr eigene Regeln, eigenes Tempo, eigene Grenzen.Hier entsteht Selbstbestimmung neu. Nach einem Schlag ver\u00e4ndert sich alles \u2013 Tempo, Belastbarkeit, Wahrnehmung, Selbstverst\u00e4ndlichkeit. Viele beschreiben &#8230; <a title=\"Wenn der Schlag nachhallt: Rituale, die tragen\" class=\"read-more\" href=\"https:\/\/www.vitalibera.org\/community\/2026\/04\/28\/wenn-der-schlag-nachhallt-rituale-die-tragen\/\" aria-label=\"Mehr Informationen \u00fcber Wenn der Schlag nachhallt: Rituale, die tragen\">Weiterlesen<\/a><\/p>\n","protected":false},"author":2,"featured_media":7019,"comment_status":"open","ping_status":"open","sticky":false,"template":"","format":"standard","meta":{"cybocfi_hide_featured_image":"yes","_jetpack_memberships_contains_paid_content":false,"footnotes":""},"categories":[492,225,70],"tags":[495,508,498],"class_list":["post-7018","post","type-post","status-publish","format-standard","has-post-thumbnail","hentry","category-alltagsnavigation","category-hilfe-fuer-angehoerige","category-strategien","tag-alltag","tag-angehoerige","tag-betroffene"],"yoast_head":"<!-- This site is optimized with the Yoast SEO plugin v27.4 - https:\/\/yoast.com\/product\/yoast-seo-wordpress\/ -->\r\n<title>Wenn der Schlag nachhallt: Rituale, die tragen - vitalibera.org<\/title>\r\n<meta name=\"robots\" content=\"index, follow, max-snippet:-1, max-image-preview:large, max-video-preview:-1\" \/>\r\n<link rel=\"canonical\" href=\"https:\/\/www.vitalibera.org\/community\/2026\/04\/28\/wenn-der-schlag-nachhallt-rituale-die-tragen\/\" \/>\r\n<meta property=\"og:locale\" content=\"de_DE\" \/>\r\n<meta property=\"og:type\" content=\"article\" \/>\r\n<meta property=\"og:title\" content=\"Wenn der Schlag nachhallt: Rituale, die tragen - vitalibera.org\" \/>\r\n<meta property=\"og:description\" content=\"Der Schlag kam \u2013 und er hat Spuren hinterlassen. Nicht nur im K\u00f6rper, sondern im Alltag, im Denken, im Tempo.Erschlagen zu sein hei\u00dft nicht \u201eschwach\u201c, sondern \u201everwundet\u201c. Wer das anerkennt, schafft Raum f\u00fcr eigene Regeln, eigenes Tempo, eigene Grenzen.Hier entsteht Selbstbestimmung neu. Nach einem Schlag ver\u00e4ndert sich alles \u2013 Tempo, Belastbarkeit, Wahrnehmung, Selbstverst\u00e4ndlichkeit. Viele beschreiben ... Weiterlesen\" \/>\r\n<meta property=\"og:url\" content=\"https:\/\/www.vitalibera.org\/community\/2026\/04\/28\/wenn-der-schlag-nachhallt-rituale-die-tragen\/\" \/>\r\n<meta property=\"og:site_name\" content=\"vitalibera.org\" \/>\r\n<meta property=\"article:publisher\" content=\"https:\/\/www.facebook.com\/groups\/2997085857140235\" \/>\r\n<meta property=\"article:published_time\" content=\"2026-04-28T15:09:06+00:00\" \/>\r\n<meta property=\"article:modified_time\" content=\"2026-04-28T15:14:18+00:00\" \/>\r\n<meta property=\"og:image\" content=\"http:\/\/www.vitalibera.org\/community\/wp-content\/uploads\/2026\/04\/1ccf91e69032b842a3230d12938c7b2d-1.jpg\" \/>\r\n\t<meta property=\"og:image:width\" content=\"800\" \/>\r\n\t<meta property=\"og:image:height\" content=\"525\" \/>\r\n\t<meta property=\"og:image:type\" content=\"image\/jpeg\" \/>\r\n<meta name=\"author\" content=\"Andreas Jecklin\" \/>\r\n<meta name=\"twitter:card\" content=\"summary_large_image\" \/>\r\n<meta name=\"twitter:label1\" content=\"Verfasst von\" \/>\n\t<meta name=\"twitter:data1\" content=\"Andreas Jecklin\" \/>\n\t<meta name=\"twitter:label2\" content=\"Gesch\u00e4tzte Lesezeit\" \/>\n\t<meta name=\"twitter:data2\" content=\"4\u00a0Minuten\" \/>\r\n<script type=\"application\/ld+json\" class=\"yoast-schema-graph\">{\"@context\":\"https:\\\/\\\/schema.org\",\"@graph\":[{\"@type\":\"Article\",\"@id\":\"https:\\\/\\\/www.vitalibera.org\\\/community\\\/2026\\\/04\\\/28\\\/wenn-der-schlag-nachhallt-rituale-die-tragen\\\/#article\",\"isPartOf\":{\"@id\":\"https:\\\/\\\/www.vitalibera.org\\\/community\\\/2026\\\/04\\\/28\\\/wenn-der-schlag-nachhallt-rituale-die-tragen\\\/\"},\"author\":{\"name\":\"Andreas Jecklin\",\"@id\":\"https:\\\/\\\/www.vitalibera.org\\\/community\\\/#\\\/schema\\\/person\\\/6712387298421f222ff6d0a2e22c1534\"},\"headline\":\"Wenn der Schlag nachhallt: Rituale, die tragen\",\"datePublished\":\"2026-04-28T15:09:06+00:00\",\"dateModified\":\"2026-04-28T15:14:18+00:00\",\"mainEntityOfPage\":{\"@id\":\"https:\\\/\\\/www.vitalibera.org\\\/community\\\/2026\\\/04\\\/28\\\/wenn-der-schlag-nachhallt-rituale-die-tragen\\\/\"},\"wordCount\":585,\"commentCount\":0,\"publisher\":{\"@id\":\"https:\\\/\\\/www.vitalibera.org\\\/community\\\/#organization\"},\"image\":{\"@id\":\"https:\\\/\\\/www.vitalibera.org\\\/community\\\/2026\\\/04\\\/28\\\/wenn-der-schlag-nachhallt-rituale-die-tragen\\\/#primaryimage\"},\"thumbnailUrl\":\"https:\\\/\\\/www.vitalibera.org\\\/community\\\/wp-content\\\/uploads\\\/2026\\\/04\\\/1ccf91e69032b842a3230d12938c7b2d-1.jpg\",\"keywords\":[\"alltag\",\"Angeh\u00f6rige\",\"betroffene\"],\"articleSection\":[\"Alltagsnavigation\",\"Hilfe f\u00fcr Angeh\u00f6rige\",\"Strategien\"],\"inLanguage\":\"de\",\"potentialAction\":[{\"@type\":\"CommentAction\",\"name\":\"Comment\",\"target\":[\"https:\\\/\\\/www.vitalibera.org\\\/community\\\/2026\\\/04\\\/28\\\/wenn-der-schlag-nachhallt-rituale-die-tragen\\\/#respond\"]}]},{\"@type\":\"WebPage\",\"@id\":\"https:\\\/\\\/www.vitalibera.org\\\/community\\\/2026\\\/04\\\/28\\\/wenn-der-schlag-nachhallt-rituale-die-tragen\\\/\",\"url\":\"https:\\\/\\\/www.vitalibera.org\\\/community\\\/2026\\\/04\\\/28\\\/wenn-der-schlag-nachhallt-rituale-die-tragen\\\/\",\"name\":\"Wenn der Schlag nachhallt: Rituale, die tragen - vitalibera.org\",\"isPartOf\":{\"@id\":\"https:\\\/\\\/www.vitalibera.org\\\/community\\\/#website\"},\"primaryImageOfPage\":{\"@id\":\"https:\\\/\\\/www.vitalibera.org\\\/community\\\/2026\\\/04\\\/28\\\/wenn-der-schlag-nachhallt-rituale-die-tragen\\\/#primaryimage\"},\"image\":{\"@id\":\"https:\\\/\\\/www.vitalibera.org\\\/community\\\/2026\\\/04\\\/28\\\/wenn-der-schlag-nachhallt-rituale-die-tragen\\\/#primaryimage\"},\"thumbnailUrl\":\"https:\\\/\\\/www.vitalibera.org\\\/community\\\/wp-content\\\/uploads\\\/2026\\\/04\\\/1ccf91e69032b842a3230d12938c7b2d-1.jpg\",\"datePublished\":\"2026-04-28T15:09:06+00:00\",\"dateModified\":\"2026-04-28T15:14:18+00:00\",\"breadcrumb\":{\"@id\":\"https:\\\/\\\/www.vitalibera.org\\\/community\\\/2026\\\/04\\\/28\\\/wenn-der-schlag-nachhallt-rituale-die-tragen\\\/#breadcrumb\"},\"inLanguage\":\"de\",\"potentialAction\":[{\"@type\":\"ReadAction\",\"target\":[\"https:\\\/\\\/www.vitalibera.org\\\/community\\\/2026\\\/04\\\/28\\\/wenn-der-schlag-nachhallt-rituale-die-tragen\\\/\"]}]},{\"@type\":\"BreadcrumbList\",\"@id\":\"https:\\\/\\\/www.vitalibera.org\\\/community\\\/2026\\\/04\\\/28\\\/wenn-der-schlag-nachhallt-rituale-die-tragen\\\/#breadcrumb\",\"itemListElement\":[{\"@type\":\"ListItem\",\"position\":1,\"name\":\"Startseite\",\"item\":\"https:\\\/\\\/www.vitalibera.org\\\/community\\\/\"},{\"@type\":\"ListItem\",\"position\":2,\"name\":\"Wenn der Schlag nachhallt: Rituale, die tragen\"}]},{\"@type\":\"WebSite\",\"@id\":\"https:\\\/\\\/www.vitalibera.org\\\/community\\\/#website\",\"url\":\"https:\\\/\\\/www.vitalibera.org\\\/community\\\/\",\"name\":\"vitalibera.org\",\"description\":\"Mit einer Einschr&auml;nkung gestaltet sich das Leben im Alltag oft schwieriger - hier berichten wir &uuml;ber unsere Erfahrungen und Hilfsmittel um den Alltag so unbeschwert und unkompliziert wie nur m&ouml;glich geniessen zu k&ouml;nnen. Dabei richten wir unseren Fokus gezielt auf Selbst&auml;ndigkeit, Eigenst&auml;ndigkeit und Selbstbestimmung.\",\"publisher\":{\"@id\":\"https:\\\/\\\/www.vitalibera.org\\\/community\\\/#organization\"},\"potentialAction\":[{\"@type\":\"SearchAction\",\"target\":{\"@type\":\"EntryPoint\",\"urlTemplate\":\"https:\\\/\\\/www.vitalibera.org\\\/community\\\/?s={search_term_string}\"},\"query-input\":{\"@type\":\"PropertyValueSpecification\",\"valueRequired\":true,\"valueName\":\"search_term_string\"}}],\"inLanguage\":\"de\"},{\"@type\":\"Organization\",\"@id\":\"https:\\\/\\\/www.vitalibera.org\\\/community\\\/#organization\",\"name\":\"vitalibera.org\",\"url\":\"https:\\\/\\\/www.vitalibera.org\\\/community\\\/\",\"logo\":{\"@type\":\"ImageObject\",\"inLanguage\":\"de\",\"@id\":\"https:\\\/\\\/www.vitalibera.org\\\/community\\\/#\\\/schema\\\/logo\\\/image\\\/\",\"url\":\"https:\\\/\\\/www.vitalibera.org\\\/community\\\/wp-content\\\/uploads\\\/2025\\\/09\\\/cropped-banner.png\",\"contentUrl\":\"https:\\\/\\\/www.vitalibera.org\\\/community\\\/wp-content\\\/uploads\\\/2025\\\/09\\\/cropped-banner.png\",\"width\":991,\"height\":150,\"caption\":\"vitalibera.org\"},\"image\":{\"@id\":\"https:\\\/\\\/www.vitalibera.org\\\/community\\\/#\\\/schema\\\/logo\\\/image\\\/\"},\"sameAs\":[\"https:\\\/\\\/www.facebook.com\\\/groups\\\/2997085857140235\"]},{\"@type\":\"Person\",\"@id\":\"https:\\\/\\\/www.vitalibera.org\\\/community\\\/#\\\/schema\\\/person\\\/6712387298421f222ff6d0a2e22c1534\",\"name\":\"Andreas Jecklin\",\"image\":{\"@type\":\"ImageObject\",\"inLanguage\":\"de\",\"@id\":\"https:\\\/\\\/secure.gravatar.com\\\/avatar\\\/ad516503a11cd5ca435acc9bb6523536?s=96\",\"url\":\"https:\\\/\\\/secure.gravatar.com\\\/avatar\\\/ad516503a11cd5ca435acc9bb6523536?s=96\",\"contentUrl\":\"https:\\\/\\\/secure.gravatar.com\\\/avatar\\\/ad516503a11cd5ca435acc9bb6523536?s=96\",\"caption\":\"Andreas Jecklin\"},\"description\":\"Manchen gab Gott die Kraft Dinge zu ver\u00e4ndern, mir gab er die Kraft zu ertragen was nicht mehr zu \u00e4ndern ist.\",\"url\":\"https:\\\/\\\/www.vitalibera.org\\\/community\\\/author\\\/andy77\\\/\"}]}<\/script>\r\n<!-- \/ Yoast SEO plugin. -->","yoast_head_json":{"title":"Wenn der Schlag nachhallt: Rituale, die tragen - vitalibera.org","robots":{"index":"index","follow":"follow","max-snippet":"max-snippet:-1","max-image-preview":"max-image-preview:large","max-video-preview":"max-video-preview:-1"},"canonical":"https:\/\/www.vitalibera.org\/community\/2026\/04\/28\/wenn-der-schlag-nachhallt-rituale-die-tragen\/","og_locale":"de_DE","og_type":"article","og_title":"Wenn der Schlag nachhallt: Rituale, die tragen - vitalibera.org","og_description":"Der Schlag kam \u2013 und er hat Spuren hinterlassen. Nicht nur im K\u00f6rper, sondern im Alltag, im Denken, im Tempo.Erschlagen zu sein hei\u00dft nicht \u201eschwach\u201c, sondern \u201everwundet\u201c. Wer das anerkennt, schafft Raum f\u00fcr eigene Regeln, eigenes Tempo, eigene Grenzen.Hier entsteht Selbstbestimmung neu. Nach einem Schlag ver\u00e4ndert sich alles \u2013 Tempo, Belastbarkeit, Wahrnehmung, Selbstverst\u00e4ndlichkeit. Viele beschreiben ... Weiterlesen","og_url":"https:\/\/www.vitalibera.org\/community\/2026\/04\/28\/wenn-der-schlag-nachhallt-rituale-die-tragen\/","og_site_name":"vitalibera.org","article_publisher":"https:\/\/www.facebook.com\/groups\/2997085857140235","article_published_time":"2026-04-28T15:09:06+00:00","article_modified_time":"2026-04-28T15:14:18+00:00","og_image":[{"width":800,"height":525,"url":"http:\/\/www.vitalibera.org\/community\/wp-content\/uploads\/2026\/04\/1ccf91e69032b842a3230d12938c7b2d-1.jpg","type":"image\/jpeg"}],"author":"Andreas Jecklin","twitter_card":"summary_large_image","twitter_misc":{"Verfasst von":"Andreas Jecklin","Gesch\u00e4tzte Lesezeit":"4\u00a0Minuten"},"schema":{"@context":"https:\/\/schema.org","@graph":[{"@type":"Article","@id":"https:\/\/www.vitalibera.org\/community\/2026\/04\/28\/wenn-der-schlag-nachhallt-rituale-die-tragen\/#article","isPartOf":{"@id":"https:\/\/www.vitalibera.org\/community\/2026\/04\/28\/wenn-der-schlag-nachhallt-rituale-die-tragen\/"},"author":{"name":"Andreas Jecklin","@id":"https:\/\/www.vitalibera.org\/community\/#\/schema\/person\/6712387298421f222ff6d0a2e22c1534"},"headline":"Wenn der Schlag nachhallt: Rituale, die tragen","datePublished":"2026-04-28T15:09:06+00:00","dateModified":"2026-04-28T15:14:18+00:00","mainEntityOfPage":{"@id":"https:\/\/www.vitalibera.org\/community\/2026\/04\/28\/wenn-der-schlag-nachhallt-rituale-die-tragen\/"},"wordCount":585,"commentCount":0,"publisher":{"@id":"https:\/\/www.vitalibera.org\/community\/#organization"},"image":{"@id":"https:\/\/www.vitalibera.org\/community\/2026\/04\/28\/wenn-der-schlag-nachhallt-rituale-die-tragen\/#primaryimage"},"thumbnailUrl":"https:\/\/www.vitalibera.org\/community\/wp-content\/uploads\/2026\/04\/1ccf91e69032b842a3230d12938c7b2d-1.jpg","keywords":["alltag","Angeh\u00f6rige","betroffene"],"articleSection":["Alltagsnavigation","Hilfe f\u00fcr Angeh\u00f6rige","Strategien"],"inLanguage":"de","potentialAction":[{"@type":"CommentAction","name":"Comment","target":["https:\/\/www.vitalibera.org\/community\/2026\/04\/28\/wenn-der-schlag-nachhallt-rituale-die-tragen\/#respond"]}]},{"@type":"WebPage","@id":"https:\/\/www.vitalibera.org\/community\/2026\/04\/28\/wenn-der-schlag-nachhallt-rituale-die-tragen\/","url":"https:\/\/www.vitalibera.org\/community\/2026\/04\/28\/wenn-der-schlag-nachhallt-rituale-die-tragen\/","name":"Wenn der Schlag nachhallt: Rituale, die tragen - vitalibera.org","isPartOf":{"@id":"https:\/\/www.vitalibera.org\/community\/#website"},"primaryImageOfPage":{"@id":"https:\/\/www.vitalibera.org\/community\/2026\/04\/28\/wenn-der-schlag-nachhallt-rituale-die-tragen\/#primaryimage"},"image":{"@id":"https:\/\/www.vitalibera.org\/community\/2026\/04\/28\/wenn-der-schlag-nachhallt-rituale-die-tragen\/#primaryimage"},"thumbnailUrl":"https:\/\/www.vitalibera.org\/community\/wp-content\/uploads\/2026\/04\/1ccf91e69032b842a3230d12938c7b2d-1.jpg","datePublished":"2026-04-28T15:09:06+00:00","dateModified":"2026-04-28T15:14:18+00:00","breadcrumb":{"@id":"https:\/\/www.vitalibera.org\/community\/2026\/04\/28\/wenn-der-schlag-nachhallt-rituale-die-tragen\/#breadcrumb"},"inLanguage":"de","potentialAction":[{"@type":"ReadAction","target":["https:\/\/www.vitalibera.org\/community\/2026\/04\/28\/wenn-der-schlag-nachhallt-rituale-die-tragen\/"]}]},{"@type":"BreadcrumbList","@id":"https:\/\/www.vitalibera.org\/community\/2026\/04\/28\/wenn-der-schlag-nachhallt-rituale-die-tragen\/#breadcrumb","itemListElement":[{"@type":"ListItem","position":1,"name":"Startseite","item":"https:\/\/www.vitalibera.org\/community\/"},{"@type":"ListItem","position":2,"name":"Wenn der Schlag nachhallt: Rituale, die tragen"}]},{"@type":"WebSite","@id":"https:\/\/www.vitalibera.org\/community\/#website","url":"https:\/\/www.vitalibera.org\/community\/","name":"vitalibera.org","description":"Mit einer Einschr&auml;nkung gestaltet sich das Leben im Alltag oft schwieriger - hier berichten wir &uuml;ber unsere Erfahrungen und Hilfsmittel um den Alltag so unbeschwert und unkompliziert wie nur m&ouml;glich geniessen zu k&ouml;nnen. Dabei richten wir unseren Fokus gezielt auf Selbst&auml;ndigkeit, Eigenst&auml;ndigkeit und Selbstbestimmung.","publisher":{"@id":"https:\/\/www.vitalibera.org\/community\/#organization"},"potentialAction":[{"@type":"SearchAction","target":{"@type":"EntryPoint","urlTemplate":"https:\/\/www.vitalibera.org\/community\/?s={search_term_string}"},"query-input":{"@type":"PropertyValueSpecification","valueRequired":true,"valueName":"search_term_string"}}],"inLanguage":"de"},{"@type":"Organization","@id":"https:\/\/www.vitalibera.org\/community\/#organization","name":"vitalibera.org","url":"https:\/\/www.vitalibera.org\/community\/","logo":{"@type":"ImageObject","inLanguage":"de","@id":"https:\/\/www.vitalibera.org\/community\/#\/schema\/logo\/image\/","url":"https:\/\/www.vitalibera.org\/community\/wp-content\/uploads\/2025\/09\/cropped-banner.png","contentUrl":"https:\/\/www.vitalibera.org\/community\/wp-content\/uploads\/2025\/09\/cropped-banner.png","width":991,"height":150,"caption":"vitalibera.org"},"image":{"@id":"https:\/\/www.vitalibera.org\/community\/#\/schema\/logo\/image\/"},"sameAs":["https:\/\/www.facebook.com\/groups\/2997085857140235"]},{"@type":"Person","@id":"https:\/\/www.vitalibera.org\/community\/#\/schema\/person\/6712387298421f222ff6d0a2e22c1534","name":"Andreas Jecklin","image":{"@type":"ImageObject","inLanguage":"de","@id":"https:\/\/secure.gravatar.com\/avatar\/ad516503a11cd5ca435acc9bb6523536?s=96","url":"https:\/\/secure.gravatar.com\/avatar\/ad516503a11cd5ca435acc9bb6523536?s=96","contentUrl":"https:\/\/secure.gravatar.com\/avatar\/ad516503a11cd5ca435acc9bb6523536?s=96","caption":"Andreas Jecklin"},"description":"Manchen gab Gott die Kraft Dinge zu ver\u00e4ndern, mir gab er die Kraft zu ertragen was nicht mehr zu \u00e4ndern ist.","url":"https:\/\/www.vitalibera.org\/community\/author\/andy77\/"}]}},"jetpack_featured_media_url":"https:\/\/www.vitalibera.org\/community\/wp-content\/uploads\/2026\/04\/1ccf91e69032b842a3230d12938c7b2d-1.jpg","jetpack_sharing_enabled":true,"jetpack-related-posts":[],"_links":{"self":[{"href":"https:\/\/www.vitalibera.org\/community\/wp-json\/wp\/v2\/posts\/7018","targetHints":{"allow":["GET"]}}],"collection":[{"href":"https:\/\/www.vitalibera.org\/community\/wp-json\/wp\/v2\/posts"}],"about":[{"href":"https:\/\/www.vitalibera.org\/community\/wp-json\/wp\/v2\/types\/post"}],"author":[{"embeddable":true,"href":"https:\/\/www.vitalibera.org\/community\/wp-json\/wp\/v2\/users\/2"}],"replies":[{"embeddable":true,"href":"https:\/\/www.vitalibera.org\/community\/wp-json\/wp\/v2\/comments?post=7018"}],"version-history":[{"count":2,"href":"https:\/\/www.vitalibera.org\/community\/wp-json\/wp\/v2\/posts\/7018\/revisions"}],"predecessor-version":[{"id":7022,"href":"https:\/\/www.vitalibera.org\/community\/wp-json\/wp\/v2\/posts\/7018\/revisions\/7022"}],"wp:featuredmedia":[{"embeddable":true,"href":"https:\/\/www.vitalibera.org\/community\/wp-json\/wp\/v2\/media\/7019"}],"wp:attachment":[{"href":"https:\/\/www.vitalibera.org\/community\/wp-json\/wp\/v2\/media?parent=7018"}],"wp:term":[{"taxonomy":"category","embeddable":true,"href":"https:\/\/www.vitalibera.org\/community\/wp-json\/wp\/v2\/categories?post=7018"},{"taxonomy":"post_tag","embeddable":true,"href":"https:\/\/www.vitalibera.org\/community\/wp-json\/wp\/v2\/tags?post=7018"}],"curies":[{"name":"wp","href":"https:\/\/api.w.org\/{rel}","templated":true}]}}