{"id":7036,"date":"2026-04-28T21:26:40","date_gmt":"2026-04-28T19:26:40","guid":{"rendered":"https:\/\/www.vitalibera.org\/community\/?p=7036"},"modified":"2026-04-28T21:27:56","modified_gmt":"2026-04-28T19:27:56","slug":"aktiv-bleiben-trotz-hirnerkrankung-erst-recht-mit-einschraenkungen","status":"publish","type":"post","link":"https:\/\/www.vitalibera.org\/community\/2026\/04\/28\/aktiv-bleiben-trotz-hirnerkrankung-erst-recht-mit-einschraenkungen\/","title":{"rendered":"Aktiv bleiben \u2013 trotz Hirnerkrankung, erst recht mit Einschr\u00e4nkungen"},"content":{"rendered":"\n<div class=\"wp-block-media-text is-stacked-on-mobile is-vertically-aligned-top\"><figure class=\"wp-block-media-text__media\"><img fetchpriority=\"high\" decoding=\"async\" width=\"395\" height=\"403\" src=\"https:\/\/www.vitalibera.org\/community\/wp-content\/uploads\/2026\/04\/28eab64a893158f49dbb8b6104b0e7f9.jpg\" alt=\"\" class=\"wp-image-7037 size-full\" srcset=\"https:\/\/www.vitalibera.org\/community\/wp-content\/uploads\/2026\/04\/28eab64a893158f49dbb8b6104b0e7f9.jpg 395w, https:\/\/www.vitalibera.org\/community\/wp-content\/uploads\/2026\/04\/28eab64a893158f49dbb8b6104b0e7f9-294x300.jpg 294w\" sizes=\"(max-width: 395px) 100vw, 395px\" \/><\/figure><div class=\"wp-block-media-text__content\">\n<p>Mein Leben geht weiter: Hobbys und Bewegung auf meine Weise<\/p>\n\n\n\n<p>Eine Hirnerkrankung ver&auml;ndert vieles, aber sie nimmt dir nicht die M&ouml;glichkeit, aktiv am Leben teilzunehmen. <\/p>\n\n\n\n<p>Mobilit&auml;tseinschr&auml;nkungen bedeuten nicht Stillstand &ndash; sie bedeuten, dass Wege anders werden. Langsamer vielleicht, bewusster, aber nicht weniger wertvoll.<\/p>\n\n\n\n<p>Aktiv sein hei&szlig;t nicht, &bdquo;funktionieren&ldquo; zu m&uuml;ssen. Aktiv sein hei&szlig;t: <strong>dabei sein<\/strong>, <strong>Freude sp&uuml;ren<\/strong>, <strong>Neugier behalten<\/strong>, <strong>Bewegung finden, die zu deinem K&ouml;rper passt<\/strong>. Hobbys und Sport m&uuml;ssen nicht gro&szlig; oder schnell sein. Sie m&uuml;ssen nur eines: <strong>dein Tempo respektieren<\/strong>.<\/p>\n\n\n\n<p>Es geht nicht darum, etwas zu bew<a href=\"https:\/\/www.vitalibera.org\/community\/enzyklopaedie\/eisen\/\" target=\"_self\" title=\"Eisen&nbsp;ist das im K&ouml;rper am meisten vorkommende Spurenelement. Es ist ein wesentlicher Bestandteil des roten Blutfarbstoffs (H&auml;moglobin) und f&uuml;r den Sauerstofftransport wichtig. Weitere Aufgaben erf&uuml;llt Eisen in der Muskulatur, wo es in Form des Eiwei&szlig;stoffes Myoglobin der Sauerstoffspeicherung dient. Dar&uuml;ber hinaus ist Eisen generell f&uuml;r alle rasch wachsenden Gewebe des K&ouml;rpers erforderlich. Im Labor ist&hellip;\" class=\"encyclopedia\">eisen<\/a>. Es geht darum, dir R&auml;ume zur&uuml;ckzuholen, die dir guttun. R&auml;ume, in denen du dich lebendig f&uuml;hlst &ndash; trotz Hirnerkrankung, trotz Einschr&auml;nkungen, vielleicht sogar gerade deshalb.<\/p>\n<\/div><\/div>\n\n\n\n<h5 class=\"wp-block-heading\"><strong>Strategieplan: Aktiv am Leben teilnehmen trotz Hirnerkrankung und Mobilit&auml;tseinschr&auml;nkungen<\/strong><\/h5>\n\n\n\n<h6 class=\"wp-block-heading\"><strong>1. Stabilit&auml;t sichern &ndash; bevor Aktivit&auml;t beginnt<\/strong><\/h6>\n\n\n\n<ul class=\"wp-block-list\">\n<li>Reizschutz kl&auml;ren (Licht, L&auml;rm, Tempo).<\/li>\n\n\n\n<li>Pausen definieren, bevor du sie brauchst.<\/li>\n\n\n\n<li>Mini&#8209;Routinen festlegen, die dich erden (Atmen, kurze Bewegung, Lage checken). <strong>Ziel:<\/strong> Ein sicherer Grundzustand, auf dem Aktivit&auml;t &uuml;berhaupt m&ouml;glich wird.<\/li>\n<\/ul>\n\n\n\n<h6 class=\"wp-block-heading\"><strong>2. Aktivit&auml;t neu definieren &ndash; nach deinem K&ouml;rper, nicht nach Normen<\/strong><\/h6>\n\n\n\n<ul class=\"wp-block-list\">\n<li>&bdquo;Aktiv&ldquo; hei&szlig;t: beteiligt, neugierig, verbunden &ndash; nicht schnell oder leistungsf&auml;hig.<\/li>\n\n\n\n<li>W&auml;hle Hobbys und Sportarten, die <strong>dein Tempo<\/strong> respektieren.<\/li>\n\n\n\n<li>Ersetze alte Erwartungen durch neue M&ouml;glichkeiten. <strong>Ziel:<\/strong> Teilhabe ohne Anpassungsdruck.<\/li>\n<\/ul>\n\n\n\n<h6 class=\"wp-block-heading\"><strong>3. Mobilit&auml;t anders denken &ndash; Wege finden statt Wege verlieren<\/strong><\/h6>\n\n\n\n<ul class=\"wp-block-list\">\n<li>Nutze Hilfsmittel als Werkzeuge, nicht als Stempel.<\/li>\n\n\n\n<li>Plane Wege in Etappen statt in Distanzen.<\/li>\n\n\n\n<li>W&auml;hle Orte, die barrierearm sind und Energie sparen. <strong>Ziel:<\/strong> Bewegung erm&ouml;glichen, nicht erzwingen.<\/li>\n<\/ul>\n\n\n\n<h6 class=\"wp-block-heading\"><strong>4. Grenzen setzen &ndash; klar, fr&uuml;h, ohne Rechtfertigung<\/strong><\/h6>\n\n\n\n<ul class=\"wp-block-list\">\n<li>&bdquo;So geht es f&uuml;r mich.&ldquo;<\/li>\n\n\n\n<li>&bdquo;Das ist zu viel.&ldquo;<\/li>\n\n\n\n<li>&bdquo;Ich brauche eine Pause.&ldquo; Grenzen sch&uuml;tzen deine Energie und verhindern &Uuml;berlastung. <strong>Ziel:<\/strong> Selbstbestimmung statt Anpassung.<\/li>\n<\/ul>\n\n\n\n<h6 class=\"wp-block-heading\"><strong>5. Freude priorisieren &ndash; nicht Funktion<\/strong><\/h6>\n\n\n\n<ul class=\"wp-block-list\">\n<li>W&auml;hle Aktivit&auml;ten, die dich innerlich aufladen.<\/li>\n\n\n\n<li>Kleine Einheiten reichen: 5 Minuten z&auml;hlen.<\/li>\n\n\n\n<li>Erfolge definierst du selbst, nicht die Au&szlig;enwelt. <strong>Ziel:<\/strong> Lebendigkeit sp&uuml;ren, nicht Leistung.<\/li>\n<\/ul>\n\n\n\n<h6 class=\"wp-block-heading\"><strong>6. Unterst&uuml;tzung w&auml;hlen &ndash; nicht ertragen<\/strong><\/h6>\n\n\n\n<ul class=\"wp-block-list\">\n<li>Menschen, die dich sehen, bleiben.<\/li>\n\n\n\n<li>Menschen, die dich in Schubladen stecken, gehen.<\/li>\n\n\n\n<li>Peer&#8209;Kontakt nutzen, wenn er st&auml;rkt. <strong>Ziel:<\/strong> Ein Umfeld, das deine Selbstbestimmung tr&auml;gt.<\/li>\n<\/ul>\n\n\n\n<h6 class=\"wp-block-heading\"><strong>7. Kontinuit&auml;t klein halten &ndash; aber halten<\/strong><\/h6>\n\n\n\n<ul class=\"wp-block-list\">\n<li>Lieber t&auml;glich 3 Minuten als einmal 30.<\/li>\n\n\n\n<li>Lieber ein Hobby in Mini&#8209;Form als gar keines.<\/li>\n\n\n\n<li>Lieber ein kurzer Spaziergang als ein geplanter, der nie stattfindet. <strong>Ziel:<\/strong> Aktivit&auml;t wird Teil des Alltags, ohne Druck.<\/li>\n<\/ul>\n\n\n\n<h6 class=\"wp-block-heading\"><strong>8. Identit&auml;t zur&uuml;ckholen &ndash; auf deine Weise<\/strong><\/h6>\n\n\n\n<ul class=\"wp-block-list\">\n<li>Du bist nicht die Einschr&auml;nkung.<\/li>\n\n\n\n<li>Du bist nicht die Diagnose.<\/li>\n\n\n\n<li>Du bist der Mensch, der trotz allem gestaltet. <strong>Ziel:<\/strong> Selbstbild st&auml;rken, Schubladen vermeiden.<\/li>\n<\/ul>\n\n\n\n<div class=\"wp-block-media-text is-stacked-on-mobile is-vertically-aligned-top\" style=\"grid-template-columns:34% auto\"><figure class=\"wp-block-media-text__media\"><img decoding=\"async\" width=\"302\" height=\"277\" src=\"http:\/\/www.vitalibera.org\/community\/wp-content\/uploads\/2026\/03\/tip3.png\" alt=\"\" class=\"wp-image-6087 size-full\" srcset=\"https:\/\/www.vitalibera.org\/community\/wp-content\/uploads\/2026\/03\/tip3.png 302w, https:\/\/www.vitalibera.org\/community\/wp-content\/uploads\/2026\/03\/tip3-300x275.png 300w\" sizes=\"(max-width: 302px) 100vw, 302px\" \/><\/figure><div class=\"wp-block-media-text__content\">\n<p>Wenn eine Hirnerkrankung deinen Alltag ver&auml;ndert, f&uuml;hlt sich Aktivit&auml;t oft an wie ein Berg. Zu gro&szlig;, zu weit weg, zu viel. Genau deshalb wirken Mini&#8209;Aktionen so stark: Sie sind klein genug, um machbar zu sein, und gro&szlig; genug, um dir das Gef&uuml;hl zur&uuml;ckzugeben, dass du dein Leben wieder mitgestaltest.<\/p>\n\n\n\n<p>Eine Mini&#8209;Aktion ist kein Training, kein Fortschritt, kein &bdquo;Ich muss&ldquo;. Sie ist ein <strong>Lebenszeichen nach innen<\/strong>. Ein Moment, in dem du sagst: <em>Ich bin noch da. Ich bewege mich. Ich gestalte.<\/em><\/p>\n\n\n\n<p>Das k&ouml;nnen zwei Minuten sein: ein kurzer Stretch, ein Blick aus dem Fenster, ein Lied, das dich hebt, ein kleiner Handgriff an deinem Hobby, ein Schritt vor die T&uuml;r, ein Gedanke, den du aufschreibst.<\/p>\n\n\n\n<p>Diese Mini&#8209;Aktionen sind wie kleine Steine, die du ins Wasser legst. Nicht spektakul&auml;r, aber tragf&auml;hig. Mit jedem Stein w&auml;chst dein Weg, deine Insel, dein Halt.<\/p>\n\n\n\n<p>Und das Entscheidende: Du bestimmst, wann, wie und wof&uuml;r. Nicht die Reha, nicht die Gesellschaft, nicht die Erwartungen anderer.<\/p>\n\n\n\n<p>Mini&#8209;Aktionen sind Selbstbestimmung im Alltag &mdash; leise, aber wirksam.<\/p>\n<\/div><\/div>\n\n\n\n<div class=\"wp-block-media-text is-stacked-on-mobile\"><figure class=\"wp-block-media-text__media\"><img decoding=\"async\" width=\"259\" height=\"240\" src=\"http:\/\/www.vitalibera.org\/community\/wp-content\/uploads\/2026\/03\/dbc5972683099460054d3dbc8212a892-1.jpg\" alt=\"\" class=\"wp-image-6333 size-full\"><\/figure><div class=\"wp-block-media-text__content\">\n<p>Zu den <a href=\"https:\/\/www.vitalibera.org\/community\/freizeit-und-hobbies\/\">vitalibera Anregungen f&uuml;r Hobbies trotz Hemiparese<\/a> und Handicap.<\/p>\n\n\n\n<p><a href=\"https:\/\/www.vitalibera.org\/community\/2026\/03\/12\/sport\/\">Zur&uuml;ck zur Bewegung &amp; Sport<\/a><\/p>\n\n\n\n<p><a href=\"https:\/\/www.vitalibera.org\/community\/2026\/03\/12\/reise\/\">Reisen mit Beeintr&auml;chtigung<\/a><\/p>\n<\/div><\/div>\n","protected":false},"excerpt":{"rendered":"<p>Mein Leben geht weiter: Hobbys und Bewegung auf meine Weise Eine Hirnerkrankung ver\u00e4ndert vieles, aber sie nimmt dir nicht die M\u00f6glichkeit, aktiv am Leben teilzunehmen. Mobilit\u00e4tseinschr\u00e4nkungen bedeuten nicht Stillstand \u2013 sie bedeuten, dass Wege anders werden. Langsamer vielleicht, bewusster, aber nicht weniger wertvoll. Aktiv sein hei\u00dft nicht, \u201efunktionieren\u201c zu m\u00fcssen. Aktiv sein hei\u00dft: dabei sein, &#8230; <a title=\"Aktiv bleiben \u2013 trotz Hirnerkrankung, erst recht mit Einschr\u00e4nkungen\" class=\"read-more\" href=\"https:\/\/www.vitalibera.org\/community\/2026\/04\/28\/aktiv-bleiben-trotz-hirnerkrankung-erst-recht-mit-einschraenkungen\/\" aria-label=\"Mehr Informationen \u00fcber Aktiv bleiben \u2013 trotz Hirnerkrankung, erst recht mit Einschr\u00e4nkungen\">Weiterlesen<\/a><\/p>\n","protected":false},"author":2,"featured_media":7038,"comment_status":"open","ping_status":"open","sticky":false,"template":"","format":"standard","meta":{"cybocfi_hide_featured_image":"yes","_jetpack_memberships_contains_paid_content":false,"footnotes":""},"categories":[41],"tags":[],"class_list":["post-7036","post","type-post","status-publish","format-standard","has-post-thumbnail","hentry","category-freizeit-hobbies"],"yoast_head":"<!-- This site is optimized with the Yoast SEO plugin v27.4 - https:\/\/yoast.com\/product\/yoast-seo-wordpress\/ -->\r\n<title>Aktiv bleiben \u2013 trotz Hirnerkrankung, erst recht mit Einschr\u00e4nkungen - vitalibera.org<\/title>\r\n<meta name=\"robots\" content=\"index, follow, max-snippet:-1, max-image-preview:large, max-video-preview:-1\" \/>\r\n<link rel=\"canonical\" href=\"https:\/\/www.vitalibera.org\/community\/2026\/04\/28\/aktiv-bleiben-trotz-hirnerkrankung-erst-recht-mit-einschraenkungen\/\" \/>\r\n<meta property=\"og:locale\" content=\"de_DE\" \/>\r\n<meta property=\"og:type\" content=\"article\" \/>\r\n<meta property=\"og:title\" content=\"Aktiv bleiben \u2013 trotz Hirnerkrankung, erst recht mit Einschr\u00e4nkungen - vitalibera.org\" \/>\r\n<meta property=\"og:description\" content=\"Mein Leben geht weiter: Hobbys und Bewegung auf meine Weise Eine Hirnerkrankung ver\u00e4ndert vieles, aber sie nimmt dir nicht die M\u00f6glichkeit, aktiv am Leben teilzunehmen. Mobilit\u00e4tseinschr\u00e4nkungen bedeuten nicht Stillstand \u2013 sie bedeuten, dass Wege anders werden. Langsamer vielleicht, bewusster, aber nicht weniger wertvoll. Aktiv sein hei\u00dft nicht, \u201efunktionieren\u201c zu m\u00fcssen. Aktiv sein hei\u00dft: dabei sein, ... Weiterlesen\" \/>\r\n<meta property=\"og:url\" content=\"https:\/\/www.vitalibera.org\/community\/2026\/04\/28\/aktiv-bleiben-trotz-hirnerkrankung-erst-recht-mit-einschraenkungen\/\" \/>\r\n<meta property=\"og:site_name\" content=\"vitalibera.org\" \/>\r\n<meta property=\"article:publisher\" content=\"https:\/\/www.facebook.com\/groups\/2997085857140235\" \/>\r\n<meta property=\"article:published_time\" content=\"2026-04-28T19:26:40+00:00\" \/>\r\n<meta property=\"article:modified_time\" content=\"2026-04-28T19:27:56+00:00\" \/>\r\n<meta property=\"og:image\" content=\"http:\/\/www.vitalibera.org\/community\/wp-content\/uploads\/2026\/04\/425f9de7aaadc2de6969be3cb0eb5df4.jpg\" \/>\r\n\t<meta property=\"og:image:width\" content=\"969\" \/>\r\n\t<meta property=\"og:image:height\" content=\"656\" \/>\r\n\t<meta property=\"og:image:type\" content=\"image\/jpeg\" \/>\r\n<meta name=\"author\" content=\"Andreas Jecklin\" \/>\r\n<meta name=\"twitter:card\" content=\"summary_large_image\" \/>\r\n<meta name=\"twitter:label1\" content=\"Verfasst von\" \/>\n\t<meta name=\"twitter:data1\" content=\"Andreas Jecklin\" \/>\n\t<meta name=\"twitter:label2\" content=\"Gesch\u00e4tzte Lesezeit\" \/>\n\t<meta name=\"twitter:data2\" content=\"4\u00a0Minuten\" \/>\r\n<script type=\"application\/ld+json\" class=\"yoast-schema-graph\">{\"@context\":\"https:\\\/\\\/schema.org\",\"@graph\":[{\"@type\":\"Article\",\"@id\":\"https:\\\/\\\/www.vitalibera.org\\\/community\\\/2026\\\/04\\\/28\\\/aktiv-bleiben-trotz-hirnerkrankung-erst-recht-mit-einschraenkungen\\\/#article\",\"isPartOf\":{\"@id\":\"https:\\\/\\\/www.vitalibera.org\\\/community\\\/2026\\\/04\\\/28\\\/aktiv-bleiben-trotz-hirnerkrankung-erst-recht-mit-einschraenkungen\\\/\"},\"author\":{\"name\":\"Andreas Jecklin\",\"@id\":\"https:\\\/\\\/www.vitalibera.org\\\/community\\\/#\\\/schema\\\/person\\\/6712387298421f222ff6d0a2e22c1534\"},\"headline\":\"Aktiv bleiben \u2013 trotz Hirnerkrankung, erst recht mit Einschr\u00e4nkungen\",\"datePublished\":\"2026-04-28T19:26:40+00:00\",\"dateModified\":\"2026-04-28T19:27:56+00:00\",\"mainEntityOfPage\":{\"@id\":\"https:\\\/\\\/www.vitalibera.org\\\/community\\\/2026\\\/04\\\/28\\\/aktiv-bleiben-trotz-hirnerkrankung-erst-recht-mit-einschraenkungen\\\/\"},\"wordCount\":643,\"commentCount\":0,\"publisher\":{\"@id\":\"https:\\\/\\\/www.vitalibera.org\\\/community\\\/#organization\"},\"image\":{\"@id\":\"https:\\\/\\\/www.vitalibera.org\\\/community\\\/2026\\\/04\\\/28\\\/aktiv-bleiben-trotz-hirnerkrankung-erst-recht-mit-einschraenkungen\\\/#primaryimage\"},\"thumbnailUrl\":\"https:\\\/\\\/www.vitalibera.org\\\/community\\\/wp-content\\\/uploads\\\/2026\\\/04\\\/425f9de7aaadc2de6969be3cb0eb5df4.jpg\",\"articleSection\":[\"Freizeit &amp; Hobbies\"],\"inLanguage\":\"de\",\"potentialAction\":[{\"@type\":\"CommentAction\",\"name\":\"Comment\",\"target\":[\"https:\\\/\\\/www.vitalibera.org\\\/community\\\/2026\\\/04\\\/28\\\/aktiv-bleiben-trotz-hirnerkrankung-erst-recht-mit-einschraenkungen\\\/#respond\"]}]},{\"@type\":\"WebPage\",\"@id\":\"https:\\\/\\\/www.vitalibera.org\\\/community\\\/2026\\\/04\\\/28\\\/aktiv-bleiben-trotz-hirnerkrankung-erst-recht-mit-einschraenkungen\\\/\",\"url\":\"https:\\\/\\\/www.vitalibera.org\\\/community\\\/2026\\\/04\\\/28\\\/aktiv-bleiben-trotz-hirnerkrankung-erst-recht-mit-einschraenkungen\\\/\",\"name\":\"Aktiv bleiben \u2013 trotz Hirnerkrankung, erst recht mit Einschr\u00e4nkungen - vitalibera.org\",\"isPartOf\":{\"@id\":\"https:\\\/\\\/www.vitalibera.org\\\/community\\\/#website\"},\"primaryImageOfPage\":{\"@id\":\"https:\\\/\\\/www.vitalibera.org\\\/community\\\/2026\\\/04\\\/28\\\/aktiv-bleiben-trotz-hirnerkrankung-erst-recht-mit-einschraenkungen\\\/#primaryimage\"},\"image\":{\"@id\":\"https:\\\/\\\/www.vitalibera.org\\\/community\\\/2026\\\/04\\\/28\\\/aktiv-bleiben-trotz-hirnerkrankung-erst-recht-mit-einschraenkungen\\\/#primaryimage\"},\"thumbnailUrl\":\"https:\\\/\\\/www.vitalibera.org\\\/community\\\/wp-content\\\/uploads\\\/2026\\\/04\\\/425f9de7aaadc2de6969be3cb0eb5df4.jpg\",\"datePublished\":\"2026-04-28T19:26:40+00:00\",\"dateModified\":\"2026-04-28T19:27:56+00:00\",\"breadcrumb\":{\"@id\":\"https:\\\/\\\/www.vitalibera.org\\\/community\\\/2026\\\/04\\\/28\\\/aktiv-bleiben-trotz-hirnerkrankung-erst-recht-mit-einschraenkungen\\\/#breadcrumb\"},\"inLanguage\":\"de\",\"potentialAction\":[{\"@type\":\"ReadAction\",\"target\":[\"https:\\\/\\\/www.vitalibera.org\\\/community\\\/2026\\\/04\\\/28\\\/aktiv-bleiben-trotz-hirnerkrankung-erst-recht-mit-einschraenkungen\\\/\"]}]},{\"@type\":\"BreadcrumbList\",\"@id\":\"https:\\\/\\\/www.vitalibera.org\\\/community\\\/2026\\\/04\\\/28\\\/aktiv-bleiben-trotz-hirnerkrankung-erst-recht-mit-einschraenkungen\\\/#breadcrumb\",\"itemListElement\":[{\"@type\":\"ListItem\",\"position\":1,\"name\":\"Startseite\",\"item\":\"https:\\\/\\\/www.vitalibera.org\\\/community\\\/\"},{\"@type\":\"ListItem\",\"position\":2,\"name\":\"Aktiv bleiben \u2013 trotz Hirnerkrankung, erst recht mit Einschr\u00e4nkungen\"}]},{\"@type\":\"WebSite\",\"@id\":\"https:\\\/\\\/www.vitalibera.org\\\/community\\\/#website\",\"url\":\"https:\\\/\\\/www.vitalibera.org\\\/community\\\/\",\"name\":\"vitalibera.org\",\"description\":\"Mit einer Einschr&auml;nkung gestaltet sich das Leben im Alltag oft schwieriger - hier berichten wir &uuml;ber unsere Erfahrungen und Hilfsmittel um den Alltag so unbeschwert und unkompliziert wie nur m&ouml;glich geniessen zu k&ouml;nnen. Dabei richten wir unseren Fokus gezielt auf Selbst&auml;ndigkeit, Eigenst&auml;ndigkeit und Selbstbestimmung.\",\"publisher\":{\"@id\":\"https:\\\/\\\/www.vitalibera.org\\\/community\\\/#organization\"},\"potentialAction\":[{\"@type\":\"SearchAction\",\"target\":{\"@type\":\"EntryPoint\",\"urlTemplate\":\"https:\\\/\\\/www.vitalibera.org\\\/community\\\/?s={search_term_string}\"},\"query-input\":{\"@type\":\"PropertyValueSpecification\",\"valueRequired\":true,\"valueName\":\"search_term_string\"}}],\"inLanguage\":\"de\"},{\"@type\":\"Organization\",\"@id\":\"https:\\\/\\\/www.vitalibera.org\\\/community\\\/#organization\",\"name\":\"vitalibera.org\",\"url\":\"https:\\\/\\\/www.vitalibera.org\\\/community\\\/\",\"logo\":{\"@type\":\"ImageObject\",\"inLanguage\":\"de\",\"@id\":\"https:\\\/\\\/www.vitalibera.org\\\/community\\\/#\\\/schema\\\/logo\\\/image\\\/\",\"url\":\"https:\\\/\\\/www.vitalibera.org\\\/community\\\/wp-content\\\/uploads\\\/2025\\\/09\\\/cropped-banner.png\",\"contentUrl\":\"https:\\\/\\\/www.vitalibera.org\\\/community\\\/wp-content\\\/uploads\\\/2025\\\/09\\\/cropped-banner.png\",\"width\":991,\"height\":150,\"caption\":\"vitalibera.org\"},\"image\":{\"@id\":\"https:\\\/\\\/www.vitalibera.org\\\/community\\\/#\\\/schema\\\/logo\\\/image\\\/\"},\"sameAs\":[\"https:\\\/\\\/www.facebook.com\\\/groups\\\/2997085857140235\"]},{\"@type\":\"Person\",\"@id\":\"https:\\\/\\\/www.vitalibera.org\\\/community\\\/#\\\/schema\\\/person\\\/6712387298421f222ff6d0a2e22c1534\",\"name\":\"Andreas Jecklin\",\"image\":{\"@type\":\"ImageObject\",\"inLanguage\":\"de\",\"@id\":\"https:\\\/\\\/secure.gravatar.com\\\/avatar\\\/ad516503a11cd5ca435acc9bb6523536?s=96\",\"url\":\"https:\\\/\\\/secure.gravatar.com\\\/avatar\\\/ad516503a11cd5ca435acc9bb6523536?s=96\",\"contentUrl\":\"https:\\\/\\\/secure.gravatar.com\\\/avatar\\\/ad516503a11cd5ca435acc9bb6523536?s=96\",\"caption\":\"Andreas Jecklin\"},\"description\":\"Manchen gab Gott die Kraft Dinge zu ver\u00e4ndern, mir gab er die Kraft zu ertragen was nicht mehr zu \u00e4ndern ist.\",\"url\":\"https:\\\/\\\/www.vitalibera.org\\\/community\\\/author\\\/andy77\\\/\"}]}<\/script>\r\n<!-- \/ Yoast SEO plugin. -->","yoast_head_json":{"title":"Aktiv bleiben \u2013 trotz Hirnerkrankung, erst recht mit Einschr\u00e4nkungen - vitalibera.org","robots":{"index":"index","follow":"follow","max-snippet":"max-snippet:-1","max-image-preview":"max-image-preview:large","max-video-preview":"max-video-preview:-1"},"canonical":"https:\/\/www.vitalibera.org\/community\/2026\/04\/28\/aktiv-bleiben-trotz-hirnerkrankung-erst-recht-mit-einschraenkungen\/","og_locale":"de_DE","og_type":"article","og_title":"Aktiv bleiben \u2013 trotz Hirnerkrankung, erst recht mit Einschr\u00e4nkungen - vitalibera.org","og_description":"Mein Leben geht weiter: Hobbys und Bewegung auf meine Weise Eine Hirnerkrankung ver\u00e4ndert vieles, aber sie nimmt dir nicht die M\u00f6glichkeit, aktiv am Leben teilzunehmen. Mobilit\u00e4tseinschr\u00e4nkungen bedeuten nicht Stillstand \u2013 sie bedeuten, dass Wege anders werden. Langsamer vielleicht, bewusster, aber nicht weniger wertvoll. Aktiv sein hei\u00dft nicht, \u201efunktionieren\u201c zu m\u00fcssen. Aktiv sein hei\u00dft: dabei sein, ... Weiterlesen","og_url":"https:\/\/www.vitalibera.org\/community\/2026\/04\/28\/aktiv-bleiben-trotz-hirnerkrankung-erst-recht-mit-einschraenkungen\/","og_site_name":"vitalibera.org","article_publisher":"https:\/\/www.facebook.com\/groups\/2997085857140235","article_published_time":"2026-04-28T19:26:40+00:00","article_modified_time":"2026-04-28T19:27:56+00:00","og_image":[{"width":969,"height":656,"url":"http:\/\/www.vitalibera.org\/community\/wp-content\/uploads\/2026\/04\/425f9de7aaadc2de6969be3cb0eb5df4.jpg","type":"image\/jpeg"}],"author":"Andreas Jecklin","twitter_card":"summary_large_image","twitter_misc":{"Verfasst von":"Andreas Jecklin","Gesch\u00e4tzte Lesezeit":"4\u00a0Minuten"},"schema":{"@context":"https:\/\/schema.org","@graph":[{"@type":"Article","@id":"https:\/\/www.vitalibera.org\/community\/2026\/04\/28\/aktiv-bleiben-trotz-hirnerkrankung-erst-recht-mit-einschraenkungen\/#article","isPartOf":{"@id":"https:\/\/www.vitalibera.org\/community\/2026\/04\/28\/aktiv-bleiben-trotz-hirnerkrankung-erst-recht-mit-einschraenkungen\/"},"author":{"name":"Andreas Jecklin","@id":"https:\/\/www.vitalibera.org\/community\/#\/schema\/person\/6712387298421f222ff6d0a2e22c1534"},"headline":"Aktiv bleiben \u2013 trotz Hirnerkrankung, erst recht mit Einschr\u00e4nkungen","datePublished":"2026-04-28T19:26:40+00:00","dateModified":"2026-04-28T19:27:56+00:00","mainEntityOfPage":{"@id":"https:\/\/www.vitalibera.org\/community\/2026\/04\/28\/aktiv-bleiben-trotz-hirnerkrankung-erst-recht-mit-einschraenkungen\/"},"wordCount":643,"commentCount":0,"publisher":{"@id":"https:\/\/www.vitalibera.org\/community\/#organization"},"image":{"@id":"https:\/\/www.vitalibera.org\/community\/2026\/04\/28\/aktiv-bleiben-trotz-hirnerkrankung-erst-recht-mit-einschraenkungen\/#primaryimage"},"thumbnailUrl":"https:\/\/www.vitalibera.org\/community\/wp-content\/uploads\/2026\/04\/425f9de7aaadc2de6969be3cb0eb5df4.jpg","articleSection":["Freizeit &amp; Hobbies"],"inLanguage":"de","potentialAction":[{"@type":"CommentAction","name":"Comment","target":["https:\/\/www.vitalibera.org\/community\/2026\/04\/28\/aktiv-bleiben-trotz-hirnerkrankung-erst-recht-mit-einschraenkungen\/#respond"]}]},{"@type":"WebPage","@id":"https:\/\/www.vitalibera.org\/community\/2026\/04\/28\/aktiv-bleiben-trotz-hirnerkrankung-erst-recht-mit-einschraenkungen\/","url":"https:\/\/www.vitalibera.org\/community\/2026\/04\/28\/aktiv-bleiben-trotz-hirnerkrankung-erst-recht-mit-einschraenkungen\/","name":"Aktiv bleiben \u2013 trotz Hirnerkrankung, erst recht mit Einschr\u00e4nkungen - vitalibera.org","isPartOf":{"@id":"https:\/\/www.vitalibera.org\/community\/#website"},"primaryImageOfPage":{"@id":"https:\/\/www.vitalibera.org\/community\/2026\/04\/28\/aktiv-bleiben-trotz-hirnerkrankung-erst-recht-mit-einschraenkungen\/#primaryimage"},"image":{"@id":"https:\/\/www.vitalibera.org\/community\/2026\/04\/28\/aktiv-bleiben-trotz-hirnerkrankung-erst-recht-mit-einschraenkungen\/#primaryimage"},"thumbnailUrl":"https:\/\/www.vitalibera.org\/community\/wp-content\/uploads\/2026\/04\/425f9de7aaadc2de6969be3cb0eb5df4.jpg","datePublished":"2026-04-28T19:26:40+00:00","dateModified":"2026-04-28T19:27:56+00:00","breadcrumb":{"@id":"https:\/\/www.vitalibera.org\/community\/2026\/04\/28\/aktiv-bleiben-trotz-hirnerkrankung-erst-recht-mit-einschraenkungen\/#breadcrumb"},"inLanguage":"de","potentialAction":[{"@type":"ReadAction","target":["https:\/\/www.vitalibera.org\/community\/2026\/04\/28\/aktiv-bleiben-trotz-hirnerkrankung-erst-recht-mit-einschraenkungen\/"]}]},{"@type":"BreadcrumbList","@id":"https:\/\/www.vitalibera.org\/community\/2026\/04\/28\/aktiv-bleiben-trotz-hirnerkrankung-erst-recht-mit-einschraenkungen\/#breadcrumb","itemListElement":[{"@type":"ListItem","position":1,"name":"Startseite","item":"https:\/\/www.vitalibera.org\/community\/"},{"@type":"ListItem","position":2,"name":"Aktiv bleiben \u2013 trotz Hirnerkrankung, erst recht mit Einschr\u00e4nkungen"}]},{"@type":"WebSite","@id":"https:\/\/www.vitalibera.org\/community\/#website","url":"https:\/\/www.vitalibera.org\/community\/","name":"vitalibera.org","description":"Mit einer Einschr&auml;nkung gestaltet sich das Leben im Alltag oft schwieriger - hier berichten wir &uuml;ber unsere Erfahrungen und Hilfsmittel um den Alltag so unbeschwert und unkompliziert wie nur m&ouml;glich geniessen zu k&ouml;nnen. Dabei richten wir unseren Fokus gezielt auf Selbst&auml;ndigkeit, Eigenst&auml;ndigkeit und Selbstbestimmung.","publisher":{"@id":"https:\/\/www.vitalibera.org\/community\/#organization"},"potentialAction":[{"@type":"SearchAction","target":{"@type":"EntryPoint","urlTemplate":"https:\/\/www.vitalibera.org\/community\/?s={search_term_string}"},"query-input":{"@type":"PropertyValueSpecification","valueRequired":true,"valueName":"search_term_string"}}],"inLanguage":"de"},{"@type":"Organization","@id":"https:\/\/www.vitalibera.org\/community\/#organization","name":"vitalibera.org","url":"https:\/\/www.vitalibera.org\/community\/","logo":{"@type":"ImageObject","inLanguage":"de","@id":"https:\/\/www.vitalibera.org\/community\/#\/schema\/logo\/image\/","url":"https:\/\/www.vitalibera.org\/community\/wp-content\/uploads\/2025\/09\/cropped-banner.png","contentUrl":"https:\/\/www.vitalibera.org\/community\/wp-content\/uploads\/2025\/09\/cropped-banner.png","width":991,"height":150,"caption":"vitalibera.org"},"image":{"@id":"https:\/\/www.vitalibera.org\/community\/#\/schema\/logo\/image\/"},"sameAs":["https:\/\/www.facebook.com\/groups\/2997085857140235"]},{"@type":"Person","@id":"https:\/\/www.vitalibera.org\/community\/#\/schema\/person\/6712387298421f222ff6d0a2e22c1534","name":"Andreas Jecklin","image":{"@type":"ImageObject","inLanguage":"de","@id":"https:\/\/secure.gravatar.com\/avatar\/ad516503a11cd5ca435acc9bb6523536?s=96","url":"https:\/\/secure.gravatar.com\/avatar\/ad516503a11cd5ca435acc9bb6523536?s=96","contentUrl":"https:\/\/secure.gravatar.com\/avatar\/ad516503a11cd5ca435acc9bb6523536?s=96","caption":"Andreas Jecklin"},"description":"Manchen gab Gott die Kraft Dinge zu ver\u00e4ndern, mir gab er die Kraft zu ertragen was nicht mehr zu \u00e4ndern ist.","url":"https:\/\/www.vitalibera.org\/community\/author\/andy77\/"}]}},"jetpack_featured_media_url":"https:\/\/www.vitalibera.org\/community\/wp-content\/uploads\/2026\/04\/425f9de7aaadc2de6969be3cb0eb5df4.jpg","jetpack_sharing_enabled":true,"jetpack-related-posts":[],"_links":{"self":[{"href":"https:\/\/www.vitalibera.org\/community\/wp-json\/wp\/v2\/posts\/7036","targetHints":{"allow":["GET"]}}],"collection":[{"href":"https:\/\/www.vitalibera.org\/community\/wp-json\/wp\/v2\/posts"}],"about":[{"href":"https:\/\/www.vitalibera.org\/community\/wp-json\/wp\/v2\/types\/post"}],"author":[{"embeddable":true,"href":"https:\/\/www.vitalibera.org\/community\/wp-json\/wp\/v2\/users\/2"}],"replies":[{"embeddable":true,"href":"https:\/\/www.vitalibera.org\/community\/wp-json\/wp\/v2\/comments?post=7036"}],"version-history":[{"count":1,"href":"https:\/\/www.vitalibera.org\/community\/wp-json\/wp\/v2\/posts\/7036\/revisions"}],"predecessor-version":[{"id":7039,"href":"https:\/\/www.vitalibera.org\/community\/wp-json\/wp\/v2\/posts\/7036\/revisions\/7039"}],"wp:featuredmedia":[{"embeddable":true,"href":"https:\/\/www.vitalibera.org\/community\/wp-json\/wp\/v2\/media\/7038"}],"wp:attachment":[{"href":"https:\/\/www.vitalibera.org\/community\/wp-json\/wp\/v2\/media?parent=7036"}],"wp:term":[{"taxonomy":"category","embeddable":true,"href":"https:\/\/www.vitalibera.org\/community\/wp-json\/wp\/v2\/categories?post=7036"},{"taxonomy":"post_tag","embeddable":true,"href":"https:\/\/www.vitalibera.org\/community\/wp-json\/wp\/v2\/tags?post=7036"}],"curies":[{"name":"wp","href":"https:\/\/api.w.org\/{rel}","templated":true}]}}