{"id":7040,"date":"2026-04-28T21:43:55","date_gmt":"2026-04-28T19:43:55","guid":{"rendered":"https:\/\/www.vitalibera.org\/community\/?p=7040"},"modified":"2026-04-28T21:48:02","modified_gmt":"2026-04-28T19:48:02","slug":"7040","status":"publish","type":"post","link":"https:\/\/www.vitalibera.org\/community\/2026\/04\/28\/7040\/","title":{"rendered":"Wenn der Schlaf anders klingt"},"content":{"rendered":"\n<div class=\"wp-block-media-text is-stacked-on-mobile\"><figure class=\"wp-block-media-text__media\"><img fetchpriority=\"high\" decoding=\"async\" width=\"917\" height=\"771\" src=\"https:\/\/www.vitalibera.org\/community\/wp-content\/uploads\/2026\/04\/bd12ba25e1443756a414535cbbb4835b.jpg\" alt=\"\" class=\"wp-image-7041 size-full\" srcset=\"https:\/\/www.vitalibera.org\/community\/wp-content\/uploads\/2026\/04\/bd12ba25e1443756a414535cbbb4835b.jpg 917w, https:\/\/www.vitalibera.org\/community\/wp-content\/uploads\/2026\/04\/bd12ba25e1443756a414535cbbb4835b-300x252.jpg 300w, https:\/\/www.vitalibera.org\/community\/wp-content\/uploads\/2026\/04\/bd12ba25e1443756a414535cbbb4835b-768x646.jpg 768w\" sizes=\"(max-width: 917px) 100vw, 917px\" \/><\/figure><div class=\"wp-block-media-text__content\">\n<p>Nach einer Hirnerkrankung ver&auml;ndert sich nicht nur Denken, Wahrnehmen oder Bewegung &ndash; auch der K&ouml;rper selbst reagiert anders. Schnarchen kann pl&ouml;tzlich auftreten oder st&auml;rker werden, und das f&uuml;hlt sich oft irritierend an: ein Ger&auml;usch, das man fr&uuml;her nicht kannte, ein Zeichen, dass der K&ouml;rper anders arbeitet als vorher.<\/p>\n\n\n\n<p><strong>Wichtig <\/strong>ist: Schnarchen bedeutet nicht, dass du &bdquo;schlechter&ldquo; geworden bist. Es bedeutet, dass dein K&ouml;rper neue Wege sucht, um Funktionen zu regulieren, die fr&uuml;her automatisch liefen<\/p>\n<\/div><\/div>\n\n\n\n<p>Nach neurologischen Ereignissen k&ouml;nnen sich Dinge ver&auml;ndern wie:<\/p>\n\n\n\n<ul class=\"wp-block-list\">\n<li>Muskelspannung im Hals- und Rachenraum<\/li>\n\n\n\n<li>Atemrhythmus im Schlaf<\/li>\n\n\n\n<li>Schlafpositionen durch eingeschr&auml;nkte Mobilit&auml;t<\/li>\n\n\n\n<li>Ersch&ouml;pfung, die den Schlaf tiefer oder unruhiger macht<\/li>\n\n\n\n<li>Medikamente, die die Atemmuskulatur beeinflussen<\/li>\n<\/ul>\n\n\n\n<p>Schnarchen ist also kein pers&ouml;nliches Versagen. Es ist ein <strong>k&ouml;rperliches Signal<\/strong>, das zeigt: &bdquo;Hier hat sich etwas verschoben.&ldquo;<\/p>\n\n\n\n<p>Und genau hier beginnt Selbstbestimmung: Du kannst beobachten, anpassen, ausprobieren &ndash; ohne Druck, ohne Scham, ohne Rechtfertigung. Manchmal hilft schon eine andere Schlafposition, ein anderes Kissen, ein ruhigerer Tagesrhythmus oder weniger Reiz&uuml;berflutung vor dem Schlaf.<\/p>\n\n\n\n<p>Schnarchen nach einer Hirnerkrankung ist kein Makel. Es ist ein Teil der neuen K&ouml;rperrealit&auml;t &ndash; und du darfst Wege finden, die f&uuml;r dich funktionieren.<\/p>\n\n\n\n<div class=\"wp-block-media-text is-stacked-on-mobile\" style=\"grid-template-columns:36% auto\"><figure class=\"wp-block-media-text__media\"><img decoding=\"async\" width=\"302\" height=\"277\" src=\"http:\/\/www.vitalibera.org\/community\/wp-content\/uploads\/2026\/03\/tip3.png\" alt=\"\" class=\"wp-image-6087 size-full\" srcset=\"https:\/\/www.vitalibera.org\/community\/wp-content\/uploads\/2026\/03\/tip3.png 302w, https:\/\/www.vitalibera.org\/community\/wp-content\/uploads\/2026\/03\/tip3-300x275.png 300w\" sizes=\"(max-width: 302px) 100vw, 302px\" \/><\/figure><div class=\"wp-block-media-text__content\">\n<p><strong>Begegne deinem Schnarchen wie einem neuen Ger&auml;usch deines K&ouml;rpers &ndash; ohne Urteil, nur mit Neugier.<\/strong> <\/p>\n\n\n\n<p>Manchmal hilft es schon, nicht dagegen anzuk&auml;mpfen, sondern ihm Raum zu geben, bis du sp&uuml;rst, was dir guttut.<\/p>\n<\/div><\/div>\n","protected":false},"excerpt":{"rendered":"<p>Nach einer Hirnerkrankung ver\u00e4ndert sich nicht nur Denken, Wahrnehmen oder Bewegung \u2013 auch der K\u00f6rper selbst reagiert anders. Schnarchen kann pl\u00f6tzlich auftreten oder st\u00e4rker werden, und das f\u00fchlt sich oft irritierend an: ein Ger\u00e4usch, das man fr\u00fcher nicht kannte, ein Zeichen, dass der K\u00f6rper anders arbeitet als vorher. Wichtig ist: Schnarchen bedeutet nicht, dass du &#8230; <a title=\"Wenn der Schlaf anders klingt\" class=\"read-more\" href=\"https:\/\/www.vitalibera.org\/community\/2026\/04\/28\/7040\/\" aria-label=\"Mehr Informationen \u00fcber Wenn der Schlaf anders klingt\">Weiterlesen<\/a><\/p>\n","protected":false},"author":2,"featured_media":7041,"comment_status":"open","ping_status":"open","sticky":false,"template":"","format":"standard","meta":{"cybocfi_hide_featured_image":"yes","_jetpack_memberships_contains_paid_content":false,"footnotes":""},"categories":[159],"tags":[],"class_list":["post-7040","post","type-post","status-publish","format-standard","has-post-thumbnail","hentry","category-fachwissen"],"yoast_head":"<!-- This site is optimized with the Yoast SEO plugin v27.4 - https:\/\/yoast.com\/product\/yoast-seo-wordpress\/ -->\r\n<title>Wenn der Schlaf anders klingt - vitalibera.org<\/title>\r\n<meta name=\"robots\" content=\"index, follow, max-snippet:-1, max-image-preview:large, max-video-preview:-1\" \/>\r\n<link rel=\"canonical\" href=\"https:\/\/www.vitalibera.org\/community\/2026\/04\/28\/7040\/\" \/>\r\n<meta property=\"og:locale\" content=\"de_DE\" \/>\r\n<meta property=\"og:type\" content=\"article\" \/>\r\n<meta property=\"og:title\" content=\"Wenn der Schlaf anders klingt - vitalibera.org\" \/>\r\n<meta property=\"og:description\" content=\"Nach einer Hirnerkrankung ver\u00e4ndert sich nicht nur Denken, Wahrnehmen oder Bewegung \u2013 auch der K\u00f6rper selbst reagiert anders. Schnarchen kann pl\u00f6tzlich auftreten oder st\u00e4rker werden, und das f\u00fchlt sich oft irritierend an: ein Ger\u00e4usch, das man fr\u00fcher nicht kannte, ein Zeichen, dass der K\u00f6rper anders arbeitet als vorher. Wichtig ist: Schnarchen bedeutet nicht, dass du ... Weiterlesen\" \/>\r\n<meta property=\"og:url\" content=\"https:\/\/www.vitalibera.org\/community\/2026\/04\/28\/7040\/\" \/>\r\n<meta property=\"og:site_name\" content=\"vitalibera.org\" \/>\r\n<meta property=\"article:publisher\" content=\"https:\/\/www.facebook.com\/groups\/2997085857140235\" \/>\r\n<meta property=\"article:published_time\" content=\"2026-04-28T19:43:55+00:00\" \/>\r\n<meta property=\"article:modified_time\" content=\"2026-04-28T19:48:02+00:00\" \/>\r\n<meta property=\"og:image\" content=\"http:\/\/www.vitalibera.org\/community\/wp-content\/uploads\/2026\/04\/bd12ba25e1443756a414535cbbb4835b.jpg\" \/>\r\n\t<meta property=\"og:image:width\" content=\"917\" \/>\r\n\t<meta property=\"og:image:height\" content=\"771\" \/>\r\n\t<meta property=\"og:image:type\" content=\"image\/jpeg\" \/>\r\n<meta name=\"author\" content=\"Andreas Jecklin\" \/>\r\n<meta name=\"twitter:card\" content=\"summary_large_image\" \/>\r\n<meta name=\"twitter:label1\" content=\"Verfasst von\" \/>\n\t<meta name=\"twitter:data1\" content=\"Andreas Jecklin\" \/>\n\t<meta name=\"twitter:label2\" content=\"Gesch\u00e4tzte Lesezeit\" \/>\n\t<meta name=\"twitter:data2\" content=\"2\u00a0Minuten\" \/>\r\n<script type=\"application\/ld+json\" class=\"yoast-schema-graph\">{\"@context\":\"https:\\\/\\\/schema.org\",\"@graph\":[{\"@type\":\"Article\",\"@id\":\"https:\\\/\\\/www.vitalibera.org\\\/community\\\/2026\\\/04\\\/28\\\/7040\\\/#article\",\"isPartOf\":{\"@id\":\"https:\\\/\\\/www.vitalibera.org\\\/community\\\/2026\\\/04\\\/28\\\/7040\\\/\"},\"author\":{\"name\":\"Andreas Jecklin\",\"@id\":\"https:\\\/\\\/www.vitalibera.org\\\/community\\\/#\\\/schema\\\/person\\\/6712387298421f222ff6d0a2e22c1534\"},\"headline\":\"Wenn der Schlaf anders klingt\",\"datePublished\":\"2026-04-28T19:43:55+00:00\",\"dateModified\":\"2026-04-28T19:48:02+00:00\",\"mainEntityOfPage\":{\"@id\":\"https:\\\/\\\/www.vitalibera.org\\\/community\\\/2026\\\/04\\\/28\\\/7040\\\/\"},\"wordCount\":243,\"commentCount\":0,\"publisher\":{\"@id\":\"https:\\\/\\\/www.vitalibera.org\\\/community\\\/#organization\"},\"image\":{\"@id\":\"https:\\\/\\\/www.vitalibera.org\\\/community\\\/2026\\\/04\\\/28\\\/7040\\\/#primaryimage\"},\"thumbnailUrl\":\"https:\\\/\\\/www.vitalibera.org\\\/community\\\/wp-content\\\/uploads\\\/2026\\\/04\\\/bd12ba25e1443756a414535cbbb4835b.jpg\",\"articleSection\":[\"Fachwissen\"],\"inLanguage\":\"de\",\"potentialAction\":[{\"@type\":\"CommentAction\",\"name\":\"Comment\",\"target\":[\"https:\\\/\\\/www.vitalibera.org\\\/community\\\/2026\\\/04\\\/28\\\/7040\\\/#respond\"]}]},{\"@type\":\"WebPage\",\"@id\":\"https:\\\/\\\/www.vitalibera.org\\\/community\\\/2026\\\/04\\\/28\\\/7040\\\/\",\"url\":\"https:\\\/\\\/www.vitalibera.org\\\/community\\\/2026\\\/04\\\/28\\\/7040\\\/\",\"name\":\"Wenn der Schlaf anders klingt - vitalibera.org\",\"isPartOf\":{\"@id\":\"https:\\\/\\\/www.vitalibera.org\\\/community\\\/#website\"},\"primaryImageOfPage\":{\"@id\":\"https:\\\/\\\/www.vitalibera.org\\\/community\\\/2026\\\/04\\\/28\\\/7040\\\/#primaryimage\"},\"image\":{\"@id\":\"https:\\\/\\\/www.vitalibera.org\\\/community\\\/2026\\\/04\\\/28\\\/7040\\\/#primaryimage\"},\"thumbnailUrl\":\"https:\\\/\\\/www.vitalibera.org\\\/community\\\/wp-content\\\/uploads\\\/2026\\\/04\\\/bd12ba25e1443756a414535cbbb4835b.jpg\",\"datePublished\":\"2026-04-28T19:43:55+00:00\",\"dateModified\":\"2026-04-28T19:48:02+00:00\",\"breadcrumb\":{\"@id\":\"https:\\\/\\\/www.vitalibera.org\\\/community\\\/2026\\\/04\\\/28\\\/7040\\\/#breadcrumb\"},\"inLanguage\":\"de\",\"potentialAction\":[{\"@type\":\"ReadAction\",\"target\":[\"https:\\\/\\\/www.vitalibera.org\\\/community\\\/2026\\\/04\\\/28\\\/7040\\\/\"]}]},{\"@type\":\"BreadcrumbList\",\"@id\":\"https:\\\/\\\/www.vitalibera.org\\\/community\\\/2026\\\/04\\\/28\\\/7040\\\/#breadcrumb\",\"itemListElement\":[{\"@type\":\"ListItem\",\"position\":1,\"name\":\"Startseite\",\"item\":\"https:\\\/\\\/www.vitalibera.org\\\/community\\\/\"},{\"@type\":\"ListItem\",\"position\":2,\"name\":\"Wenn der Schlaf anders klingt\"}]},{\"@type\":\"WebSite\",\"@id\":\"https:\\\/\\\/www.vitalibera.org\\\/community\\\/#website\",\"url\":\"https:\\\/\\\/www.vitalibera.org\\\/community\\\/\",\"name\":\"vitalibera.org\",\"description\":\"Mit einer Einschr&auml;nkung gestaltet sich das Leben im Alltag oft schwieriger - hier berichten wir &uuml;ber unsere Erfahrungen und Hilfsmittel um den Alltag so unbeschwert und unkompliziert wie nur m&ouml;glich geniessen zu k&ouml;nnen. Dabei richten wir unseren Fokus gezielt auf Selbst&auml;ndigkeit, Eigenst&auml;ndigkeit und Selbstbestimmung.\",\"publisher\":{\"@id\":\"https:\\\/\\\/www.vitalibera.org\\\/community\\\/#organization\"},\"potentialAction\":[{\"@type\":\"SearchAction\",\"target\":{\"@type\":\"EntryPoint\",\"urlTemplate\":\"https:\\\/\\\/www.vitalibera.org\\\/community\\\/?s={search_term_string}\"},\"query-input\":{\"@type\":\"PropertyValueSpecification\",\"valueRequired\":true,\"valueName\":\"search_term_string\"}}],\"inLanguage\":\"de\"},{\"@type\":\"Organization\",\"@id\":\"https:\\\/\\\/www.vitalibera.org\\\/community\\\/#organization\",\"name\":\"vitalibera.org\",\"url\":\"https:\\\/\\\/www.vitalibera.org\\\/community\\\/\",\"logo\":{\"@type\":\"ImageObject\",\"inLanguage\":\"de\",\"@id\":\"https:\\\/\\\/www.vitalibera.org\\\/community\\\/#\\\/schema\\\/logo\\\/image\\\/\",\"url\":\"https:\\\/\\\/www.vitalibera.org\\\/community\\\/wp-content\\\/uploads\\\/2025\\\/09\\\/cropped-banner.png\",\"contentUrl\":\"https:\\\/\\\/www.vitalibera.org\\\/community\\\/wp-content\\\/uploads\\\/2025\\\/09\\\/cropped-banner.png\",\"width\":991,\"height\":150,\"caption\":\"vitalibera.org\"},\"image\":{\"@id\":\"https:\\\/\\\/www.vitalibera.org\\\/community\\\/#\\\/schema\\\/logo\\\/image\\\/\"},\"sameAs\":[\"https:\\\/\\\/www.facebook.com\\\/groups\\\/2997085857140235\"]},{\"@type\":\"Person\",\"@id\":\"https:\\\/\\\/www.vitalibera.org\\\/community\\\/#\\\/schema\\\/person\\\/6712387298421f222ff6d0a2e22c1534\",\"name\":\"Andreas Jecklin\",\"image\":{\"@type\":\"ImageObject\",\"inLanguage\":\"de\",\"@id\":\"https:\\\/\\\/secure.gravatar.com\\\/avatar\\\/ad516503a11cd5ca435acc9bb6523536?s=96\",\"url\":\"https:\\\/\\\/secure.gravatar.com\\\/avatar\\\/ad516503a11cd5ca435acc9bb6523536?s=96\",\"contentUrl\":\"https:\\\/\\\/secure.gravatar.com\\\/avatar\\\/ad516503a11cd5ca435acc9bb6523536?s=96\",\"caption\":\"Andreas Jecklin\"},\"description\":\"Manchen gab Gott die Kraft Dinge zu ver\u00e4ndern, mir gab er die Kraft zu ertragen was nicht mehr zu \u00e4ndern ist.\",\"url\":\"https:\\\/\\\/www.vitalibera.org\\\/community\\\/author\\\/andy77\\\/\"}]}<\/script>\r\n<!-- \/ Yoast SEO plugin. -->","yoast_head_json":{"title":"Wenn der Schlaf anders klingt - vitalibera.org","robots":{"index":"index","follow":"follow","max-snippet":"max-snippet:-1","max-image-preview":"max-image-preview:large","max-video-preview":"max-video-preview:-1"},"canonical":"https:\/\/www.vitalibera.org\/community\/2026\/04\/28\/7040\/","og_locale":"de_DE","og_type":"article","og_title":"Wenn der Schlaf anders klingt - vitalibera.org","og_description":"Nach einer Hirnerkrankung ver\u00e4ndert sich nicht nur Denken, Wahrnehmen oder Bewegung \u2013 auch der K\u00f6rper selbst reagiert anders. Schnarchen kann pl\u00f6tzlich auftreten oder st\u00e4rker werden, und das f\u00fchlt sich oft irritierend an: ein Ger\u00e4usch, das man fr\u00fcher nicht kannte, ein Zeichen, dass der K\u00f6rper anders arbeitet als vorher. Wichtig ist: Schnarchen bedeutet nicht, dass du ... Weiterlesen","og_url":"https:\/\/www.vitalibera.org\/community\/2026\/04\/28\/7040\/","og_site_name":"vitalibera.org","article_publisher":"https:\/\/www.facebook.com\/groups\/2997085857140235","article_published_time":"2026-04-28T19:43:55+00:00","article_modified_time":"2026-04-28T19:48:02+00:00","og_image":[{"width":917,"height":771,"url":"http:\/\/www.vitalibera.org\/community\/wp-content\/uploads\/2026\/04\/bd12ba25e1443756a414535cbbb4835b.jpg","type":"image\/jpeg"}],"author":"Andreas Jecklin","twitter_card":"summary_large_image","twitter_misc":{"Verfasst von":"Andreas Jecklin","Gesch\u00e4tzte Lesezeit":"2\u00a0Minuten"},"schema":{"@context":"https:\/\/schema.org","@graph":[{"@type":"Article","@id":"https:\/\/www.vitalibera.org\/community\/2026\/04\/28\/7040\/#article","isPartOf":{"@id":"https:\/\/www.vitalibera.org\/community\/2026\/04\/28\/7040\/"},"author":{"name":"Andreas Jecklin","@id":"https:\/\/www.vitalibera.org\/community\/#\/schema\/person\/6712387298421f222ff6d0a2e22c1534"},"headline":"Wenn der Schlaf anders klingt","datePublished":"2026-04-28T19:43:55+00:00","dateModified":"2026-04-28T19:48:02+00:00","mainEntityOfPage":{"@id":"https:\/\/www.vitalibera.org\/community\/2026\/04\/28\/7040\/"},"wordCount":243,"commentCount":0,"publisher":{"@id":"https:\/\/www.vitalibera.org\/community\/#organization"},"image":{"@id":"https:\/\/www.vitalibera.org\/community\/2026\/04\/28\/7040\/#primaryimage"},"thumbnailUrl":"https:\/\/www.vitalibera.org\/community\/wp-content\/uploads\/2026\/04\/bd12ba25e1443756a414535cbbb4835b.jpg","articleSection":["Fachwissen"],"inLanguage":"de","potentialAction":[{"@type":"CommentAction","name":"Comment","target":["https:\/\/www.vitalibera.org\/community\/2026\/04\/28\/7040\/#respond"]}]},{"@type":"WebPage","@id":"https:\/\/www.vitalibera.org\/community\/2026\/04\/28\/7040\/","url":"https:\/\/www.vitalibera.org\/community\/2026\/04\/28\/7040\/","name":"Wenn der Schlaf anders klingt - vitalibera.org","isPartOf":{"@id":"https:\/\/www.vitalibera.org\/community\/#website"},"primaryImageOfPage":{"@id":"https:\/\/www.vitalibera.org\/community\/2026\/04\/28\/7040\/#primaryimage"},"image":{"@id":"https:\/\/www.vitalibera.org\/community\/2026\/04\/28\/7040\/#primaryimage"},"thumbnailUrl":"https:\/\/www.vitalibera.org\/community\/wp-content\/uploads\/2026\/04\/bd12ba25e1443756a414535cbbb4835b.jpg","datePublished":"2026-04-28T19:43:55+00:00","dateModified":"2026-04-28T19:48:02+00:00","breadcrumb":{"@id":"https:\/\/www.vitalibera.org\/community\/2026\/04\/28\/7040\/#breadcrumb"},"inLanguage":"de","potentialAction":[{"@type":"ReadAction","target":["https:\/\/www.vitalibera.org\/community\/2026\/04\/28\/7040\/"]}]},{"@type":"BreadcrumbList","@id":"https:\/\/www.vitalibera.org\/community\/2026\/04\/28\/7040\/#breadcrumb","itemListElement":[{"@type":"ListItem","position":1,"name":"Startseite","item":"https:\/\/www.vitalibera.org\/community\/"},{"@type":"ListItem","position":2,"name":"Wenn der Schlaf anders klingt"}]},{"@type":"WebSite","@id":"https:\/\/www.vitalibera.org\/community\/#website","url":"https:\/\/www.vitalibera.org\/community\/","name":"vitalibera.org","description":"Mit einer Einschr&auml;nkung gestaltet sich das Leben im Alltag oft schwieriger - hier berichten wir &uuml;ber unsere Erfahrungen und Hilfsmittel um den Alltag so unbeschwert und unkompliziert wie nur m&ouml;glich geniessen zu k&ouml;nnen. Dabei richten wir unseren Fokus gezielt auf Selbst&auml;ndigkeit, Eigenst&auml;ndigkeit und Selbstbestimmung.","publisher":{"@id":"https:\/\/www.vitalibera.org\/community\/#organization"},"potentialAction":[{"@type":"SearchAction","target":{"@type":"EntryPoint","urlTemplate":"https:\/\/www.vitalibera.org\/community\/?s={search_term_string}"},"query-input":{"@type":"PropertyValueSpecification","valueRequired":true,"valueName":"search_term_string"}}],"inLanguage":"de"},{"@type":"Organization","@id":"https:\/\/www.vitalibera.org\/community\/#organization","name":"vitalibera.org","url":"https:\/\/www.vitalibera.org\/community\/","logo":{"@type":"ImageObject","inLanguage":"de","@id":"https:\/\/www.vitalibera.org\/community\/#\/schema\/logo\/image\/","url":"https:\/\/www.vitalibera.org\/community\/wp-content\/uploads\/2025\/09\/cropped-banner.png","contentUrl":"https:\/\/www.vitalibera.org\/community\/wp-content\/uploads\/2025\/09\/cropped-banner.png","width":991,"height":150,"caption":"vitalibera.org"},"image":{"@id":"https:\/\/www.vitalibera.org\/community\/#\/schema\/logo\/image\/"},"sameAs":["https:\/\/www.facebook.com\/groups\/2997085857140235"]},{"@type":"Person","@id":"https:\/\/www.vitalibera.org\/community\/#\/schema\/person\/6712387298421f222ff6d0a2e22c1534","name":"Andreas Jecklin","image":{"@type":"ImageObject","inLanguage":"de","@id":"https:\/\/secure.gravatar.com\/avatar\/ad516503a11cd5ca435acc9bb6523536?s=96","url":"https:\/\/secure.gravatar.com\/avatar\/ad516503a11cd5ca435acc9bb6523536?s=96","contentUrl":"https:\/\/secure.gravatar.com\/avatar\/ad516503a11cd5ca435acc9bb6523536?s=96","caption":"Andreas Jecklin"},"description":"Manchen gab Gott die Kraft Dinge zu ver\u00e4ndern, mir gab er die Kraft zu ertragen was nicht mehr zu \u00e4ndern ist.","url":"https:\/\/www.vitalibera.org\/community\/author\/andy77\/"}]}},"jetpack_featured_media_url":"https:\/\/www.vitalibera.org\/community\/wp-content\/uploads\/2026\/04\/bd12ba25e1443756a414535cbbb4835b.jpg","jetpack_sharing_enabled":true,"jetpack-related-posts":[],"_links":{"self":[{"href":"https:\/\/www.vitalibera.org\/community\/wp-json\/wp\/v2\/posts\/7040","targetHints":{"allow":["GET"]}}],"collection":[{"href":"https:\/\/www.vitalibera.org\/community\/wp-json\/wp\/v2\/posts"}],"about":[{"href":"https:\/\/www.vitalibera.org\/community\/wp-json\/wp\/v2\/types\/post"}],"author":[{"embeddable":true,"href":"https:\/\/www.vitalibera.org\/community\/wp-json\/wp\/v2\/users\/2"}],"replies":[{"embeddable":true,"href":"https:\/\/www.vitalibera.org\/community\/wp-json\/wp\/v2\/comments?post=7040"}],"version-history":[{"count":2,"href":"https:\/\/www.vitalibera.org\/community\/wp-json\/wp\/v2\/posts\/7040\/revisions"}],"predecessor-version":[{"id":7044,"href":"https:\/\/www.vitalibera.org\/community\/wp-json\/wp\/v2\/posts\/7040\/revisions\/7044"}],"wp:featuredmedia":[{"embeddable":true,"href":"https:\/\/www.vitalibera.org\/community\/wp-json\/wp\/v2\/media\/7041"}],"wp:attachment":[{"href":"https:\/\/www.vitalibera.org\/community\/wp-json\/wp\/v2\/media?parent=7040"}],"wp:term":[{"taxonomy":"category","embeddable":true,"href":"https:\/\/www.vitalibera.org\/community\/wp-json\/wp\/v2\/categories?post=7040"},{"taxonomy":"post_tag","embeddable":true,"href":"https:\/\/www.vitalibera.org\/community\/wp-json\/wp\/v2\/tags?post=7040"}],"curies":[{"name":"wp","href":"https:\/\/api.w.org\/{rel}","templated":true}]}}