{"id":7048,"date":"2026-04-28T23:05:50","date_gmt":"2026-04-28T21:05:50","guid":{"rendered":"https:\/\/www.vitalibera.org\/community\/?p=7048"},"modified":"2026-04-28T23:14:52","modified_gmt":"2026-04-28T21:14:52","slug":"selbstwahrnehmung-klarer-als-frueher-anders-als-frueher","status":"publish","type":"post","link":"https:\/\/www.vitalibera.org\/community\/2026\/04\/28\/selbstwahrnehmung-klarer-als-frueher-anders-als-frueher\/","title":{"rendered":"Selbstwahrnehmung: Klarer als fr\u00fcher, anders als fr\u00fcher"},"content":{"rendered":"\n<div class=\"wp-block-media-text is-stacked-on-mobile is-vertically-aligned-top\"><figure class=\"wp-block-media-text__media\"><img fetchpriority=\"high\" decoding=\"async\" width=\"928\" height=\"926\" src=\"https:\/\/www.vitalibera.org\/community\/wp-content\/uploads\/2026\/04\/3241c9579c6126c5f87722ed1aa59ad9.jpg\" alt=\"\" class=\"wp-image-7049 size-full\" srcset=\"https:\/\/www.vitalibera.org\/community\/wp-content\/uploads\/2026\/04\/3241c9579c6126c5f87722ed1aa59ad9.jpg 928w, https:\/\/www.vitalibera.org\/community\/wp-content\/uploads\/2026\/04\/3241c9579c6126c5f87722ed1aa59ad9-300x300.jpg 300w, https:\/\/www.vitalibera.org\/community\/wp-content\/uploads\/2026\/04\/3241c9579c6126c5f87722ed1aa59ad9-150x150.jpg 150w, https:\/\/www.vitalibera.org\/community\/wp-content\/uploads\/2026\/04\/3241c9579c6126c5f87722ed1aa59ad9-768x766.jpg 768w\" sizes=\"(max-width: 928px) 100vw, 928px\" \/><\/figure><div class=\"wp-block-media-text__content\">\n<p>Nach einer <a href=\"https:\/\/www.vitalibera.org\/community\/enzyklopaedie\/hirnverletzung\/\" target=\"_self\" title=\"Eine Hirnverletzung (oft als&nbsp;Sch&auml;del-Hirn-Trauma, SHT) ist eine&nbsp;Sch&auml;digung des Gehirns, verursacht durch &auml;u&szlig;ere Gewalteinwirkung (Unfall, Sturz) oder innere Faktoren (Schlaganfall, Tumor). Sie f&uuml;hrt zu k&ouml;rperlichen, kognitiven und verhaltensbezogenen Einschr&auml;nkungen, die oft unsichtbar bleiben. Symptome reichen von Kopfschmerzen bis zu schweren Behinderungen. Wichtige Aspekte der Hirnverletzung: Ursachen:&nbsp;H&auml;ufig durch Schlaganf&auml;lle, Hirnblutungen, Sauerstoffmangel oder St&uuml;rze\/Verkehrsunf&auml;lle (Sch&auml;del-Hirn-Trauma). Formen (SHT):&nbsp;Unterscheidung in&hellip;\" class=\"encyclopedia\">Hirnverletzung<\/a> ver&auml;ndert sich nicht nur der K&ouml;rper &ndash; auch die Art, wie man sich selbst wahrnimmt und &uuml;ber sich nachdenkt, verschiebt sich. <\/p>\n\n\n\n<p>Selbstwahrnehmung wird genauer, direkter, manchmal schonungslos ehrlich. Dinge, die fr&uuml;her im Hintergrund liefen, stehen pl&ouml;tzlich im Vordergrund: Energie, Reize, Grenzen, Stabilit&auml;t.<\/p>\n\n\n\n<p><a href=\"https:\/\/www.vitalibera.org\/community\/enzyklopaedie\/selbstreflexion\/\" target=\"_self\" title=\"Selbstreflexion ist die&nbsp;bewusste Analyse des eigenen Denkens, F&uuml;hlens und Handelns, um Verhaltensmuster zu erkennen und die pers&ouml;nliche Weiterentwicklung zu f&ouml;rdern. Sie beinhaltet, sich selbst objektiv zu beobachten, Werte zu hinterfragen und aus Fehlern zu lernen. Methoden wie Tagebuchschreiben, gezielte Fragen oder Feedback helfen dabei.\" class=\"encyclopedia\">Selbstreflexion<\/a> bekommt dadurch eine neue Bedeutung. Sie ist nicht mehr ein &bdquo;Wie kann ich besser funktionieren?&ldquo;, sondern ein &bdquo;Was brauche ich, damit ich stabil bleibe?&ldquo;. Sie wird zu einem Werkzeug, das hilft, den Alltag zu strukturieren, &Uuml;berlastung zu vermeiden und die eigene Identit&auml;t nicht von au&szlig;en definieren zu lassen.<\/p>\n\n\n\n<p>Selbstwahrnehmung zeigt dir, wie dein Gehirn heute arbeitet. <a href=\"https:\/\/www.vitalibera.org\/community\/enzyklopaedie\/selbstreflexion\/\" target=\"_self\" title=\"Selbstreflexion ist die&nbsp;bewusste Analyse des eigenen Denkens, F&uuml;hlens und Handelns, um Verhaltensmuster zu erkennen und die pers&ouml;nliche Weiterentwicklung zu f&ouml;rdern. Sie beinhaltet, sich selbst objektiv zu beobachten, Werte zu hinterfragen und aus Fehlern zu lernen. Methoden wie Tagebuchschreiben, gezielte Fragen oder Feedback helfen dabei.\" class=\"encyclopedia\">Selbstreflexion<\/a> hilft dir zu entscheiden, wie du damit umgehen willst.<\/p>\n\n\n\n<p>Beides zusammen ist kein Zeichen von Schw&auml;che. Es ist eine Form von Klarheit, die viele Menschen ohne <a href=\"https:\/\/www.vitalibera.org\/community\/enzyklopaedie\/hirnverletzung\/\" target=\"_self\" title=\"Eine Hirnverletzung (oft als&nbsp;Sch&auml;del-Hirn-Trauma, SHT) ist eine&nbsp;Sch&auml;digung des Gehirns, verursacht durch &auml;u&szlig;ere Gewalteinwirkung (Unfall, Sturz) oder innere Faktoren (Schlaganfall, Tumor). Sie f&uuml;hrt zu k&ouml;rperlichen, kognitiven und verhaltensbezogenen Einschr&auml;nkungen, die oft unsichtbar bleiben. Symptome reichen von Kopfschmerzen bis zu schweren Behinderungen. Wichtige Aspekte der Hirnverletzung: Ursachen:&nbsp;H&auml;ufig durch Schlaganf&auml;lle, Hirnblutungen, Sauerstoffmangel oder St&uuml;rze\/Verkehrsunf&auml;lle (Sch&auml;del-Hirn-Trauma). Formen (SHT):&nbsp;Unterscheidung in&hellip;\" class=\"encyclopedia\">Hirnverletzung<\/a> nie erreichen. Eine Klarheit, die dir erm&ouml;glicht, dein Tempo, deine Grenzen und deine Priorit&auml;ten selbst zu bestimmen &ndash; ohne Rechtfertigung, ohne Schubladen, ohne Druck.<\/p>\n<\/div><\/div>\n\n\n\n<h5 class=\"wp-block-heading\"><strong>Selbstreflexion (kurz, klar, alltagstauglich)<\/strong><\/h5>\n\n\n\n<ul class=\"wp-block-list\">\n<li><strong>1. Was passiert gerade in mir?<\/strong> Sp&uuml;re ich &Uuml;berlastung, Reizdruck, Ersch&ouml;pfung, inneren Stress, Chaos im Kopf?<\/li>\n\n\n\n<li><strong>2. Was davon geh&ouml;rt zur <a href=\"https:\/\/www.vitalibera.org\/community\/enzyklopaedie\/hirnverletzung\/\" target=\"_self\" title=\"Eine Hirnverletzung (oft als&nbsp;Sch&auml;del-Hirn-Trauma, SHT) ist eine&nbsp;Sch&auml;digung des Gehirns, verursacht durch &auml;u&szlig;ere Gewalteinwirkung (Unfall, Sturz) oder innere Faktoren (Schlaganfall, Tumor). Sie f&uuml;hrt zu k&ouml;rperlichen, kognitiven und verhaltensbezogenen Einschr&auml;nkungen, die oft unsichtbar bleiben. Symptome reichen von Kopfschmerzen bis zu schweren Behinderungen. Wichtige Aspekte der Hirnverletzung: Ursachen:&nbsp;H&auml;ufig durch Schlaganf&auml;lle, Hirnblutungen, Sauerstoffmangel oder St&uuml;rze\/Verkehrsunf&auml;lle (Sch&auml;del-Hirn-Trauma). Formen (SHT):&nbsp;Unterscheidung in&hellip;\" class=\"encyclopedia\">Hirnverletzung<\/a> &ndash; und nicht zu mir als Person?<\/strong> Ist es Reizverarbeitung, Energiegrenze, Tempo, Konzentration, Nervensystem?<\/li>\n\n\n\n<li><strong>3. Was brauche ich JETZT, um stabil zu bleiben?<\/strong> Weniger Reize, mehr Zeit, Abstand, Pause, Klarheit, Struktur, Ruhe.<\/li>\n\n\n\n<li><strong>4. Was ist meine Wahrheit in dieser Situation?<\/strong> Ich bin nicht langsam, sondern gr&uuml;ndlich. Ich bin nicht &uuml;berfordert, sondern &uuml;berlastet. Ich bin nicht schwierig, sondern sch&uuml;tze mein Nervensystem.<\/li>\n\n\n\n<li><strong>5. Was ist der n&auml;chste kleine Schritt?<\/strong> Eine Sache. Ein Atemzug. Eine Pause. Ein klarer Cut. Mehr muss es nicht sein.<\/li>\n<\/ul>\n\n\n\n<div class=\"wp-block-media-text is-stacked-on-mobile is-vertically-aligned-top\" style=\"grid-template-columns:35% auto\"><figure class=\"wp-block-media-text__media\"><img decoding=\"async\" width=\"800\" height=\"800\" src=\"http:\/\/www.vitalibera.org\/community\/wp-content\/uploads\/2026\/03\/bc8dd8359666dc99305c3f310d264466.jpg\" alt=\"\" class=\"wp-image-6152 size-full\" srcset=\"https:\/\/www.vitalibera.org\/community\/wp-content\/uploads\/2026\/03\/bc8dd8359666dc99305c3f310d264466.jpg 800w, https:\/\/www.vitalibera.org\/community\/wp-content\/uploads\/2026\/03\/bc8dd8359666dc99305c3f310d264466-300x300.jpg 300w, https:\/\/www.vitalibera.org\/community\/wp-content\/uploads\/2026\/03\/bc8dd8359666dc99305c3f310d264466-150x150.jpg 150w, https:\/\/www.vitalibera.org\/community\/wp-content\/uploads\/2026\/03\/bc8dd8359666dc99305c3f310d264466-768x768.jpg 768w\" sizes=\"(max-width: 800px) 100vw, 800px\" \/><\/figure><div class=\"wp-block-media-text__content\">\n<p><strong>Fachbegriff<\/strong><\/p>\n\n\n\n<p>Der treffendste medizinisch&#8209;neuropsychologische Begriff ist:<\/p>\n\n\n\n<h5 class=\"wp-block-heading\"><strong>&bdquo;Metakognition&ldquo;<\/strong><\/h5>\n\n\n\n<p>= die F&auml;higkeit, &uuml;ber das eigene Denken, F&uuml;hlen, Handeln und die eigenen Grenzen nachzudenken.<\/p>\n\n\n\n<p>Er umfasst genau das, was sich nach einer <a href=\"https:\/\/www.vitalibera.org\/community\/enzyklopaedie\/hirnverletzung\/\" target=\"_self\" title=\"Eine Hirnverletzung (oft als&nbsp;Sch&auml;del-Hirn-Trauma, SHT) ist eine&nbsp;Sch&auml;digung des Gehirns, verursacht durch &auml;u&szlig;ere Gewalteinwirkung (Unfall, Sturz) oder innere Faktoren (Schlaganfall, Tumor). Sie f&uuml;hrt zu k&ouml;rperlichen, kognitiven und verhaltensbezogenen Einschr&auml;nkungen, die oft unsichtbar bleiben. Symptome reichen von Kopfschmerzen bis zu schweren Behinderungen. Wichtige Aspekte der Hirnverletzung: Ursachen:&nbsp;H&auml;ufig durch Schlaganf&auml;lle, Hirnblutungen, Sauerstoffmangel oder St&uuml;rze\/Verkehrsunf&auml;lle (Sch&auml;del-Hirn-Trauma). Formen (SHT):&nbsp;Unterscheidung in&hellip;\" class=\"encyclopedia\">Hirnverletzung<\/a> ver&auml;ndert:<\/p>\n\n\n\n<ul class=\"wp-block-list\">\n<li>das Einsch&auml;tzen der eigenen Leistungsf&auml;higkeit<\/li>\n\n\n\n<li>das Erkennen von &Uuml;berlastung<\/li>\n\n\n\n<li>das Bewerten des eigenen Verhaltens<\/li>\n\n\n\n<li>das Anpassen des eigenen Handelns<\/li>\n<\/ul>\n\n\n\n<p>Weitere passende Fachbegriffe, je nach Schwerpunkt:<\/p>\n\n\n\n<ul class=\"wp-block-list\">\n<li><strong>&bdquo;Selbstwahrnehmung&ldquo; &rarr; &bdquo;Interozeption&ldquo;<\/strong> (Wahrnehmung innerer Zust&auml;nde)<\/li>\n\n\n\n<li><strong>&bdquo;<a href=\"https:\/\/www.vitalibera.org\/community\/enzyklopaedie\/selbstreflexion\/\" target=\"_self\" title=\"Selbstreflexion ist die&nbsp;bewusste Analyse des eigenen Denkens, F&uuml;hlens und Handelns, um Verhaltensmuster zu erkennen und die pers&ouml;nliche Weiterentwicklung zu f&ouml;rdern. Sie beinhaltet, sich selbst objektiv zu beobachten, Werte zu hinterfragen und aus Fehlern zu lernen. Methoden wie Tagebuchschreiben, gezielte Fragen oder Feedback helfen dabei.\" class=\"encyclopedia\">Selbstreflexion<\/a>&ldquo; &rarr; &bdquo;Exekutive Funktionen: Monitoring&ldquo;<\/strong><\/li>\n\n\n\n<li><strong>&bdquo;Selbstbeobachtung&ldquo; &rarr; &bdquo;Selbstmonitoring&ldquo;<\/strong><\/li>\n\n\n\n<li><strong>&bdquo;Einsch&auml;tzung eigener F&auml;higkeiten&ldquo; &rarr; &bdquo;<a href=\"https:\/\/www.vitalibera.org\/community\/enzyklopaedie\/anosognosie\/\" target=\"_self\" title=\"Anosognosie ist eine&nbsp;hirnorganisch bedingte Unf&auml;higkeit, die eigene Erkrankung, Behinderung oder k&ouml;rperliche Einschr&auml;nkungen (wie L&auml;hmungen oder Ged&auml;chtnisverluste) zu erkennen oder wahrzunehmen. Betroffene verhalten sich, als sei ihre Beeintr&auml;chtigung nicht vorhanden, was keine psychische Verweigerung, sondern Teil der neurologischen St&ouml;rung ist. Sie tritt oft bei Schlaganf&auml;llen, Demenz oder frontotemporaler Demenz (FTD) auf. Kernmerkmale und Symptome: Mangelnde Einsicht:&nbsp;Patienten&hellip;\" class=\"encyclopedia\">Anosognosie<\/a> \/ eingeschr&auml;nkte Krankheitseinsicht&ldquo;<\/strong> (nur wenn stark beeintr&auml;chtigt)<\/li>\n<\/ul>\n<\/div><\/div>\n","protected":false},"excerpt":{"rendered":"<p>Nach einer Hirnverletzung ver\u00e4ndert sich nicht nur der K\u00f6rper \u2013 auch die Art, wie man sich selbst wahrnimmt und \u00fcber sich nachdenkt, verschiebt sich. Selbstwahrnehmung wird genauer, direkter, manchmal schonungslos ehrlich. Dinge, die fr\u00fcher im Hintergrund liefen, stehen pl\u00f6tzlich im Vordergrund: Energie, Reize, Grenzen, Stabilit\u00e4t. Selbstreflexion bekommt dadurch eine neue Bedeutung. Sie ist nicht mehr &#8230; <a title=\"Selbstwahrnehmung: Klarer als fr\u00fcher, anders als fr\u00fcher\" class=\"read-more\" href=\"https:\/\/www.vitalibera.org\/community\/2026\/04\/28\/selbstwahrnehmung-klarer-als-frueher-anders-als-frueher\/\" aria-label=\"Mehr Informationen \u00fcber Selbstwahrnehmung: Klarer als fr\u00fcher, anders als fr\u00fcher\">Weiterlesen<\/a><\/p>\n","protected":false},"author":2,"featured_media":7049,"comment_status":"closed","ping_status":"open","sticky":false,"template":"","format":"standard","meta":{"cybocfi_hide_featured_image":"yes","_jetpack_memberships_contains_paid_content":false,"footnotes":""},"categories":[159],"tags":[],"class_list":["post-7048","post","type-post","status-publish","format-standard","has-post-thumbnail","hentry","category-fachwissen"],"yoast_head":"<!-- This site is optimized with the Yoast SEO plugin v27.4 - https:\/\/yoast.com\/product\/yoast-seo-wordpress\/ -->\r\n<title>Selbstwahrnehmung: Klarer als fr\u00fcher, anders als fr\u00fcher - vitalibera.org<\/title>\r\n<meta name=\"robots\" content=\"index, follow, max-snippet:-1, max-image-preview:large, max-video-preview:-1\" \/>\r\n<link rel=\"canonical\" href=\"https:\/\/www.vitalibera.org\/community\/2026\/04\/28\/selbstwahrnehmung-klarer-als-frueher-anders-als-frueher\/\" \/>\r\n<meta property=\"og:locale\" content=\"de_DE\" \/>\r\n<meta property=\"og:type\" content=\"article\" \/>\r\n<meta property=\"og:title\" content=\"Selbstwahrnehmung: Klarer als fr\u00fcher, anders als fr\u00fcher - vitalibera.org\" \/>\r\n<meta property=\"og:description\" content=\"Nach einer Hirnverletzung ver\u00e4ndert sich nicht nur der K\u00f6rper \u2013 auch die Art, wie man sich selbst wahrnimmt und \u00fcber sich nachdenkt, verschiebt sich. Selbstwahrnehmung wird genauer, direkter, manchmal schonungslos ehrlich. Dinge, die fr\u00fcher im Hintergrund liefen, stehen pl\u00f6tzlich im Vordergrund: Energie, Reize, Grenzen, Stabilit\u00e4t. Selbstreflexion bekommt dadurch eine neue Bedeutung. Sie ist nicht mehr ... Weiterlesen\" \/>\r\n<meta property=\"og:url\" content=\"https:\/\/www.vitalibera.org\/community\/2026\/04\/28\/selbstwahrnehmung-klarer-als-frueher-anders-als-frueher\/\" \/>\r\n<meta property=\"og:site_name\" content=\"vitalibera.org\" \/>\r\n<meta property=\"article:publisher\" content=\"https:\/\/www.facebook.com\/groups\/2997085857140235\" \/>\r\n<meta property=\"article:published_time\" content=\"2026-04-28T21:05:50+00:00\" \/>\r\n<meta property=\"article:modified_time\" content=\"2026-04-28T21:14:52+00:00\" \/>\r\n<meta property=\"og:image\" content=\"http:\/\/www.vitalibera.org\/community\/wp-content\/uploads\/2026\/04\/3241c9579c6126c5f87722ed1aa59ad9.jpg\" \/>\r\n\t<meta property=\"og:image:width\" content=\"928\" \/>\r\n\t<meta property=\"og:image:height\" content=\"926\" \/>\r\n\t<meta property=\"og:image:type\" content=\"image\/jpeg\" \/>\r\n<meta name=\"author\" content=\"Andreas Jecklin\" \/>\r\n<meta name=\"twitter:card\" content=\"summary_large_image\" \/>\r\n<meta name=\"twitter:label1\" content=\"Verfasst von\" \/>\n\t<meta name=\"twitter:data1\" content=\"Andreas Jecklin\" \/>\n\t<meta name=\"twitter:label2\" content=\"Gesch\u00e4tzte Lesezeit\" \/>\n\t<meta name=\"twitter:data2\" content=\"3\u00a0Minuten\" \/>\r\n<script type=\"application\/ld+json\" class=\"yoast-schema-graph\">{\"@context\":\"https:\\\/\\\/schema.org\",\"@graph\":[{\"@type\":\"Article\",\"@id\":\"https:\\\/\\\/www.vitalibera.org\\\/community\\\/2026\\\/04\\\/28\\\/selbstwahrnehmung-klarer-als-frueher-anders-als-frueher\\\/#article\",\"isPartOf\":{\"@id\":\"https:\\\/\\\/www.vitalibera.org\\\/community\\\/2026\\\/04\\\/28\\\/selbstwahrnehmung-klarer-als-frueher-anders-als-frueher\\\/\"},\"author\":{\"name\":\"Andreas Jecklin\",\"@id\":\"https:\\\/\\\/www.vitalibera.org\\\/community\\\/#\\\/schema\\\/person\\\/6712387298421f222ff6d0a2e22c1534\"},\"headline\":\"Selbstwahrnehmung: Klarer als fr\u00fcher, anders als fr\u00fcher\",\"datePublished\":\"2026-04-28T21:05:50+00:00\",\"dateModified\":\"2026-04-28T21:14:52+00:00\",\"mainEntityOfPage\":{\"@id\":\"https:\\\/\\\/www.vitalibera.org\\\/community\\\/2026\\\/04\\\/28\\\/selbstwahrnehmung-klarer-als-frueher-anders-als-frueher\\\/\"},\"wordCount\":365,\"publisher\":{\"@id\":\"https:\\\/\\\/www.vitalibera.org\\\/community\\\/#organization\"},\"image\":{\"@id\":\"https:\\\/\\\/www.vitalibera.org\\\/community\\\/2026\\\/04\\\/28\\\/selbstwahrnehmung-klarer-als-frueher-anders-als-frueher\\\/#primaryimage\"},\"thumbnailUrl\":\"https:\\\/\\\/www.vitalibera.org\\\/community\\\/wp-content\\\/uploads\\\/2026\\\/04\\\/3241c9579c6126c5f87722ed1aa59ad9.jpg\",\"articleSection\":[\"Fachwissen\"],\"inLanguage\":\"de\"},{\"@type\":\"WebPage\",\"@id\":\"https:\\\/\\\/www.vitalibera.org\\\/community\\\/2026\\\/04\\\/28\\\/selbstwahrnehmung-klarer-als-frueher-anders-als-frueher\\\/\",\"url\":\"https:\\\/\\\/www.vitalibera.org\\\/community\\\/2026\\\/04\\\/28\\\/selbstwahrnehmung-klarer-als-frueher-anders-als-frueher\\\/\",\"name\":\"Selbstwahrnehmung: Klarer als fr\u00fcher, anders als fr\u00fcher - vitalibera.org\",\"isPartOf\":{\"@id\":\"https:\\\/\\\/www.vitalibera.org\\\/community\\\/#website\"},\"primaryImageOfPage\":{\"@id\":\"https:\\\/\\\/www.vitalibera.org\\\/community\\\/2026\\\/04\\\/28\\\/selbstwahrnehmung-klarer-als-frueher-anders-als-frueher\\\/#primaryimage\"},\"image\":{\"@id\":\"https:\\\/\\\/www.vitalibera.org\\\/community\\\/2026\\\/04\\\/28\\\/selbstwahrnehmung-klarer-als-frueher-anders-als-frueher\\\/#primaryimage\"},\"thumbnailUrl\":\"https:\\\/\\\/www.vitalibera.org\\\/community\\\/wp-content\\\/uploads\\\/2026\\\/04\\\/3241c9579c6126c5f87722ed1aa59ad9.jpg\",\"datePublished\":\"2026-04-28T21:05:50+00:00\",\"dateModified\":\"2026-04-28T21:14:52+00:00\",\"breadcrumb\":{\"@id\":\"https:\\\/\\\/www.vitalibera.org\\\/community\\\/2026\\\/04\\\/28\\\/selbstwahrnehmung-klarer-als-frueher-anders-als-frueher\\\/#breadcrumb\"},\"inLanguage\":\"de\",\"potentialAction\":[{\"@type\":\"ReadAction\",\"target\":[\"https:\\\/\\\/www.vitalibera.org\\\/community\\\/2026\\\/04\\\/28\\\/selbstwahrnehmung-klarer-als-frueher-anders-als-frueher\\\/\"]}]},{\"@type\":\"BreadcrumbList\",\"@id\":\"https:\\\/\\\/www.vitalibera.org\\\/community\\\/2026\\\/04\\\/28\\\/selbstwahrnehmung-klarer-als-frueher-anders-als-frueher\\\/#breadcrumb\",\"itemListElement\":[{\"@type\":\"ListItem\",\"position\":1,\"name\":\"Startseite\",\"item\":\"https:\\\/\\\/www.vitalibera.org\\\/community\\\/\"},{\"@type\":\"ListItem\",\"position\":2,\"name\":\"Selbstwahrnehmung: Klarer als fr\u00fcher, anders als fr\u00fcher\"}]},{\"@type\":\"WebSite\",\"@id\":\"https:\\\/\\\/www.vitalibera.org\\\/community\\\/#website\",\"url\":\"https:\\\/\\\/www.vitalibera.org\\\/community\\\/\",\"name\":\"vitalibera.org\",\"description\":\"Mit einer Einschr&auml;nkung gestaltet sich das Leben im Alltag oft schwieriger - hier berichten wir &uuml;ber unsere Erfahrungen und Hilfsmittel um den Alltag so unbeschwert und unkompliziert wie nur m&ouml;glich geniessen zu k&ouml;nnen. Dabei richten wir unseren Fokus gezielt auf Selbst&auml;ndigkeit, Eigenst&auml;ndigkeit und Selbstbestimmung.\",\"publisher\":{\"@id\":\"https:\\\/\\\/www.vitalibera.org\\\/community\\\/#organization\"},\"potentialAction\":[{\"@type\":\"SearchAction\",\"target\":{\"@type\":\"EntryPoint\",\"urlTemplate\":\"https:\\\/\\\/www.vitalibera.org\\\/community\\\/?s={search_term_string}\"},\"query-input\":{\"@type\":\"PropertyValueSpecification\",\"valueRequired\":true,\"valueName\":\"search_term_string\"}}],\"inLanguage\":\"de\"},{\"@type\":\"Organization\",\"@id\":\"https:\\\/\\\/www.vitalibera.org\\\/community\\\/#organization\",\"name\":\"vitalibera.org\",\"url\":\"https:\\\/\\\/www.vitalibera.org\\\/community\\\/\",\"logo\":{\"@type\":\"ImageObject\",\"inLanguage\":\"de\",\"@id\":\"https:\\\/\\\/www.vitalibera.org\\\/community\\\/#\\\/schema\\\/logo\\\/image\\\/\",\"url\":\"https:\\\/\\\/www.vitalibera.org\\\/community\\\/wp-content\\\/uploads\\\/2025\\\/09\\\/cropped-banner.png\",\"contentUrl\":\"https:\\\/\\\/www.vitalibera.org\\\/community\\\/wp-content\\\/uploads\\\/2025\\\/09\\\/cropped-banner.png\",\"width\":991,\"height\":150,\"caption\":\"vitalibera.org\"},\"image\":{\"@id\":\"https:\\\/\\\/www.vitalibera.org\\\/community\\\/#\\\/schema\\\/logo\\\/image\\\/\"},\"sameAs\":[\"https:\\\/\\\/www.facebook.com\\\/groups\\\/2997085857140235\"]},{\"@type\":\"Person\",\"@id\":\"https:\\\/\\\/www.vitalibera.org\\\/community\\\/#\\\/schema\\\/person\\\/6712387298421f222ff6d0a2e22c1534\",\"name\":\"Andreas Jecklin\",\"image\":{\"@type\":\"ImageObject\",\"inLanguage\":\"de\",\"@id\":\"https:\\\/\\\/secure.gravatar.com\\\/avatar\\\/ad516503a11cd5ca435acc9bb6523536?s=96\",\"url\":\"https:\\\/\\\/secure.gravatar.com\\\/avatar\\\/ad516503a11cd5ca435acc9bb6523536?s=96\",\"contentUrl\":\"https:\\\/\\\/secure.gravatar.com\\\/avatar\\\/ad516503a11cd5ca435acc9bb6523536?s=96\",\"caption\":\"Andreas Jecklin\"},\"description\":\"Manchen gab Gott die Kraft Dinge zu ver\u00e4ndern, mir gab er die Kraft zu ertragen was nicht mehr zu \u00e4ndern ist.\",\"url\":\"https:\\\/\\\/www.vitalibera.org\\\/community\\\/author\\\/andy77\\\/\"}]}<\/script>\r\n<!-- \/ Yoast SEO plugin. -->","yoast_head_json":{"title":"Selbstwahrnehmung: Klarer als fr\u00fcher, anders als fr\u00fcher - vitalibera.org","robots":{"index":"index","follow":"follow","max-snippet":"max-snippet:-1","max-image-preview":"max-image-preview:large","max-video-preview":"max-video-preview:-1"},"canonical":"https:\/\/www.vitalibera.org\/community\/2026\/04\/28\/selbstwahrnehmung-klarer-als-frueher-anders-als-frueher\/","og_locale":"de_DE","og_type":"article","og_title":"Selbstwahrnehmung: Klarer als fr\u00fcher, anders als fr\u00fcher - vitalibera.org","og_description":"Nach einer Hirnverletzung ver\u00e4ndert sich nicht nur der K\u00f6rper \u2013 auch die Art, wie man sich selbst wahrnimmt und \u00fcber sich nachdenkt, verschiebt sich. Selbstwahrnehmung wird genauer, direkter, manchmal schonungslos ehrlich. Dinge, die fr\u00fcher im Hintergrund liefen, stehen pl\u00f6tzlich im Vordergrund: Energie, Reize, Grenzen, Stabilit\u00e4t. Selbstreflexion bekommt dadurch eine neue Bedeutung. Sie ist nicht mehr ... Weiterlesen","og_url":"https:\/\/www.vitalibera.org\/community\/2026\/04\/28\/selbstwahrnehmung-klarer-als-frueher-anders-als-frueher\/","og_site_name":"vitalibera.org","article_publisher":"https:\/\/www.facebook.com\/groups\/2997085857140235","article_published_time":"2026-04-28T21:05:50+00:00","article_modified_time":"2026-04-28T21:14:52+00:00","og_image":[{"width":928,"height":926,"url":"http:\/\/www.vitalibera.org\/community\/wp-content\/uploads\/2026\/04\/3241c9579c6126c5f87722ed1aa59ad9.jpg","type":"image\/jpeg"}],"author":"Andreas Jecklin","twitter_card":"summary_large_image","twitter_misc":{"Verfasst von":"Andreas Jecklin","Gesch\u00e4tzte Lesezeit":"3\u00a0Minuten"},"schema":{"@context":"https:\/\/schema.org","@graph":[{"@type":"Article","@id":"https:\/\/www.vitalibera.org\/community\/2026\/04\/28\/selbstwahrnehmung-klarer-als-frueher-anders-als-frueher\/#article","isPartOf":{"@id":"https:\/\/www.vitalibera.org\/community\/2026\/04\/28\/selbstwahrnehmung-klarer-als-frueher-anders-als-frueher\/"},"author":{"name":"Andreas Jecklin","@id":"https:\/\/www.vitalibera.org\/community\/#\/schema\/person\/6712387298421f222ff6d0a2e22c1534"},"headline":"Selbstwahrnehmung: Klarer als fr\u00fcher, anders als fr\u00fcher","datePublished":"2026-04-28T21:05:50+00:00","dateModified":"2026-04-28T21:14:52+00:00","mainEntityOfPage":{"@id":"https:\/\/www.vitalibera.org\/community\/2026\/04\/28\/selbstwahrnehmung-klarer-als-frueher-anders-als-frueher\/"},"wordCount":365,"publisher":{"@id":"https:\/\/www.vitalibera.org\/community\/#organization"},"image":{"@id":"https:\/\/www.vitalibera.org\/community\/2026\/04\/28\/selbstwahrnehmung-klarer-als-frueher-anders-als-frueher\/#primaryimage"},"thumbnailUrl":"https:\/\/www.vitalibera.org\/community\/wp-content\/uploads\/2026\/04\/3241c9579c6126c5f87722ed1aa59ad9.jpg","articleSection":["Fachwissen"],"inLanguage":"de"},{"@type":"WebPage","@id":"https:\/\/www.vitalibera.org\/community\/2026\/04\/28\/selbstwahrnehmung-klarer-als-frueher-anders-als-frueher\/","url":"https:\/\/www.vitalibera.org\/community\/2026\/04\/28\/selbstwahrnehmung-klarer-als-frueher-anders-als-frueher\/","name":"Selbstwahrnehmung: Klarer als fr\u00fcher, anders als fr\u00fcher - vitalibera.org","isPartOf":{"@id":"https:\/\/www.vitalibera.org\/community\/#website"},"primaryImageOfPage":{"@id":"https:\/\/www.vitalibera.org\/community\/2026\/04\/28\/selbstwahrnehmung-klarer-als-frueher-anders-als-frueher\/#primaryimage"},"image":{"@id":"https:\/\/www.vitalibera.org\/community\/2026\/04\/28\/selbstwahrnehmung-klarer-als-frueher-anders-als-frueher\/#primaryimage"},"thumbnailUrl":"https:\/\/www.vitalibera.org\/community\/wp-content\/uploads\/2026\/04\/3241c9579c6126c5f87722ed1aa59ad9.jpg","datePublished":"2026-04-28T21:05:50+00:00","dateModified":"2026-04-28T21:14:52+00:00","breadcrumb":{"@id":"https:\/\/www.vitalibera.org\/community\/2026\/04\/28\/selbstwahrnehmung-klarer-als-frueher-anders-als-frueher\/#breadcrumb"},"inLanguage":"de","potentialAction":[{"@type":"ReadAction","target":["https:\/\/www.vitalibera.org\/community\/2026\/04\/28\/selbstwahrnehmung-klarer-als-frueher-anders-als-frueher\/"]}]},{"@type":"BreadcrumbList","@id":"https:\/\/www.vitalibera.org\/community\/2026\/04\/28\/selbstwahrnehmung-klarer-als-frueher-anders-als-frueher\/#breadcrumb","itemListElement":[{"@type":"ListItem","position":1,"name":"Startseite","item":"https:\/\/www.vitalibera.org\/community\/"},{"@type":"ListItem","position":2,"name":"Selbstwahrnehmung: Klarer als fr\u00fcher, anders als fr\u00fcher"}]},{"@type":"WebSite","@id":"https:\/\/www.vitalibera.org\/community\/#website","url":"https:\/\/www.vitalibera.org\/community\/","name":"vitalibera.org","description":"Mit einer Einschr&auml;nkung gestaltet sich das Leben im Alltag oft schwieriger - hier berichten wir &uuml;ber unsere Erfahrungen und Hilfsmittel um den Alltag so unbeschwert und unkompliziert wie nur m&ouml;glich geniessen zu k&ouml;nnen. Dabei richten wir unseren Fokus gezielt auf Selbst&auml;ndigkeit, Eigenst&auml;ndigkeit und Selbstbestimmung.","publisher":{"@id":"https:\/\/www.vitalibera.org\/community\/#organization"},"potentialAction":[{"@type":"SearchAction","target":{"@type":"EntryPoint","urlTemplate":"https:\/\/www.vitalibera.org\/community\/?s={search_term_string}"},"query-input":{"@type":"PropertyValueSpecification","valueRequired":true,"valueName":"search_term_string"}}],"inLanguage":"de"},{"@type":"Organization","@id":"https:\/\/www.vitalibera.org\/community\/#organization","name":"vitalibera.org","url":"https:\/\/www.vitalibera.org\/community\/","logo":{"@type":"ImageObject","inLanguage":"de","@id":"https:\/\/www.vitalibera.org\/community\/#\/schema\/logo\/image\/","url":"https:\/\/www.vitalibera.org\/community\/wp-content\/uploads\/2025\/09\/cropped-banner.png","contentUrl":"https:\/\/www.vitalibera.org\/community\/wp-content\/uploads\/2025\/09\/cropped-banner.png","width":991,"height":150,"caption":"vitalibera.org"},"image":{"@id":"https:\/\/www.vitalibera.org\/community\/#\/schema\/logo\/image\/"},"sameAs":["https:\/\/www.facebook.com\/groups\/2997085857140235"]},{"@type":"Person","@id":"https:\/\/www.vitalibera.org\/community\/#\/schema\/person\/6712387298421f222ff6d0a2e22c1534","name":"Andreas Jecklin","image":{"@type":"ImageObject","inLanguage":"de","@id":"https:\/\/secure.gravatar.com\/avatar\/ad516503a11cd5ca435acc9bb6523536?s=96","url":"https:\/\/secure.gravatar.com\/avatar\/ad516503a11cd5ca435acc9bb6523536?s=96","contentUrl":"https:\/\/secure.gravatar.com\/avatar\/ad516503a11cd5ca435acc9bb6523536?s=96","caption":"Andreas Jecklin"},"description":"Manchen gab Gott die Kraft Dinge zu ver\u00e4ndern, mir gab er die Kraft zu ertragen was nicht mehr zu \u00e4ndern ist.","url":"https:\/\/www.vitalibera.org\/community\/author\/andy77\/"}]}},"jetpack_featured_media_url":"https:\/\/www.vitalibera.org\/community\/wp-content\/uploads\/2026\/04\/3241c9579c6126c5f87722ed1aa59ad9.jpg","jetpack_sharing_enabled":true,"jetpack-related-posts":[],"_links":{"self":[{"href":"https:\/\/www.vitalibera.org\/community\/wp-json\/wp\/v2\/posts\/7048","targetHints":{"allow":["GET"]}}],"collection":[{"href":"https:\/\/www.vitalibera.org\/community\/wp-json\/wp\/v2\/posts"}],"about":[{"href":"https:\/\/www.vitalibera.org\/community\/wp-json\/wp\/v2\/types\/post"}],"author":[{"embeddable":true,"href":"https:\/\/www.vitalibera.org\/community\/wp-json\/wp\/v2\/users\/2"}],"replies":[{"embeddable":true,"href":"https:\/\/www.vitalibera.org\/community\/wp-json\/wp\/v2\/comments?post=7048"}],"version-history":[{"count":3,"href":"https:\/\/www.vitalibera.org\/community\/wp-json\/wp\/v2\/posts\/7048\/revisions"}],"predecessor-version":[{"id":7054,"href":"https:\/\/www.vitalibera.org\/community\/wp-json\/wp\/v2\/posts\/7048\/revisions\/7054"}],"wp:featuredmedia":[{"embeddable":true,"href":"https:\/\/www.vitalibera.org\/community\/wp-json\/wp\/v2\/media\/7049"}],"wp:attachment":[{"href":"https:\/\/www.vitalibera.org\/community\/wp-json\/wp\/v2\/media?parent=7048"}],"wp:term":[{"taxonomy":"category","embeddable":true,"href":"https:\/\/www.vitalibera.org\/community\/wp-json\/wp\/v2\/categories?post=7048"},{"taxonomy":"post_tag","embeddable":true,"href":"https:\/\/www.vitalibera.org\/community\/wp-json\/wp\/v2\/tags?post=7048"}],"curies":[{"name":"wp","href":"https:\/\/api.w.org\/{rel}","templated":true}]}}