{"id":7067,"date":"2026-04-30T08:59:53","date_gmt":"2026-04-30T06:59:53","guid":{"rendered":"https:\/\/www.vitalibera.org\/community\/?p=7067"},"modified":"2026-04-30T09:08:54","modified_gmt":"2026-04-30T07:08:54","slug":"neurologische-erkrankung-aber-ich-tanze-nicht-fuer-erwartungen","status":"publish","type":"post","link":"https:\/\/www.vitalibera.org\/community\/2026\/04\/30\/neurologische-erkrankung-aber-ich-tanze-nicht-fuer-erwartungen\/","title":{"rendered":"Neurologische Erkrankung \u2013 aber ich tanze nicht f\u00fcr Erwartungen"},"content":{"rendered":"\n<div class=\"wp-block-media-text is-stacked-on-mobile\"><figure class=\"wp-block-media-text__media\"><img fetchpriority=\"high\" decoding=\"async\" width=\"374\" height=\"483\" src=\"https:\/\/www.vitalibera.org\/community\/wp-content\/uploads\/2026\/04\/hampelhirn4-30-084226.png\" alt=\"\" class=\"wp-image-7068 size-full\" srcset=\"https:\/\/www.vitalibera.org\/community\/wp-content\/uploads\/2026\/04\/hampelhirn4-30-084226.png 374w, https:\/\/www.vitalibera.org\/community\/wp-content\/uploads\/2026\/04\/hampelhirn4-30-084226-232x300.png 232w\" sizes=\"(max-width: 374px) 100vw, 374px\" \/><\/figure><div class=\"wp-block-media-text__content\">\n<p><strong>Neurologisch betroffen. W&uuml;rde unantastbar<\/strong><\/p>\n\n\n\n<p>Man kann eingeschr&auml;nkt sein, ohne sich einschr&auml;nken zu lassen. Der K&ouml;rper setzt Grenzen, aber nicht die Rolle. Ich bin kein Hampelmann, der f&uuml;r Erwartungen tanzt, sich vorf&uuml;hren l&auml;sst oder in Schubladen passt. Ich navigiere meinen Alltag selbstbestimmt, mit Anpassungen, Klarheit und Haltung. <\/p>\n\n\n\n<p>Einschr&auml;nkung ist ein Zustand &ndash; kein Status, keine B&uuml;hne und kein Auftrag, mich kleinzumachen.<\/p>\n<\/div><\/div>\n\n\n\n<p>Eine neurologische Erkrankung ver&auml;ndert vieles &ndash; Bewegungen, Tempo, Belastbarkeit, Reizverarbeitung. Aber sie macht mich nicht zum Hampelmann. Ich bin eingeschr&auml;nkt, ja, aber nicht verf&uuml;gbar f&uuml;r fremde Erwartungen, Vorf&uuml;hrrollen oder gut gemeinte Bevormundung. Meine Einschr&auml;nkung ist medizinisch. Meine Haltung ist es nicht. Ich gestalte meinen Alltag selbstbestimmt, in meinem Rhythmus, mit klaren Grenzen. Die Erkrankung definiert meinen K&ouml;rper &ndash; nicht meinen Status und schon gar nicht meine Rolle.<\/p>\n\n\n\n<div class=\"wp-block-media-text is-stacked-on-mobile\"><figure class=\"wp-block-media-text__media\"><img decoding=\"async\" width=\"377\" height=\"521\" src=\"https:\/\/www.vitalibera.org\/community\/wp-content\/uploads\/2026\/04\/bevormundung648-1.png\" alt=\"\" class=\"wp-image-7072 size-full\" srcset=\"https:\/\/www.vitalibera.org\/community\/wp-content\/uploads\/2026\/04\/bevormundung648-1.png 377w, https:\/\/www.vitalibera.org\/community\/wp-content\/uploads\/2026\/04\/bevormundung648-1-217x300.png 217w\" sizes=\"(max-width: 377px) 100vw, 377px\" \/><\/figure><div class=\"wp-block-media-text__content\">\n<p class=\"has-medium-font-size\"><strong>Pflege ist kein Kindergarten f&uuml;r Erwachsene.<\/strong><\/p>\n\n\n\n<p><strong>&bdquo;Pflegeheim ist kein Ort der F&uuml;rsorge &ndash; es ist das Ende der Selbstbestimmung.&ldquo;<\/strong><\/p>\n\n\n\n<p>Wer Menschen mit neurologischen Erkrankungen wegsperrt, nennt das Versorgung. In Wahrheit ist es Entm&uuml;ndigung im Namen der Ordnung. Pflege darf nicht bedeuten: Kontrolle, Isolation, Verwahrung. Sie muss bedeuten: Freiheit, Teilhabe, Unterst&uuml;tzung. Alles andere ist Systemversagen.<\/p>\n<\/div><\/div>\n\n\n\n<div class=\"wp-block-media-text is-stacked-on-mobile\" style=\"grid-template-columns:27% auto\"><figure class=\"wp-block-media-text__media\"><img decoding=\"async\" width=\"302\" height=\"277\" src=\"http:\/\/www.vitalibera.org\/community\/wp-content\/uploads\/2026\/03\/tip3.png\" alt=\"\" class=\"wp-image-6087 size-full\" srcset=\"https:\/\/www.vitalibera.org\/community\/wp-content\/uploads\/2026\/03\/tip3.png 302w, https:\/\/www.vitalibera.org\/community\/wp-content\/uploads\/2026\/03\/tip3-300x275.png 300w\" sizes=\"(max-width: 302px) 100vw, 302px\" \/><\/figure><div class=\"wp-block-media-text__content\">\n<p><strong>&bdquo;Wenn sie dich pflegen wollen, pr&uuml;fe zuerst, ob sie dich bevormunden.&ldquo;<\/strong><\/p>\n\n\n\n<p>Pflege darf nicht zur Entm&uuml;ndigung werden. Eine neurologische Erkrankung braucht Unterst&uuml;tzung &ndash; keine Kontrolle. Sag klar: <strong>&bdquo;Ich entscheide, was Hilfe ist. Nicht ihr.&ldquo;<\/strong><\/p>\n<\/div><\/div>\n\n\n\n<p class=\"has-medium-font-size\"><strong>Wie du aus einem Pflegeheim herauskommst &ndash; Schritt f&uuml;r Schritt, rechtlich und praktisch<\/strong><\/p>\n\n\n\n<h6 class=\"wp-block-heading\"><strong>1. Dein Wille z&auml;hlt &ndash; und ist rechtlich entscheidend<\/strong><\/h6>\n\n\n\n<p>Solange du <strong>urteilsf&auml;hig<\/strong> bist, darf dich niemand gegen deinen Willen im Heim behalten. Das gilt in <strong>Deutschland<\/strong> wie in der <strong>Schweiz<\/strong>. Du hast das Recht, deinen Wohnort selbst zu bestimmen &ndash; auch mit neurologischer Erkrankung.<\/p>\n\n\n\n<p>Formuliere klar:<\/p>\n\n\n\n<blockquote class=\"wp-block-quote is-layout-flow wp-block-quote-is-layout-flow\">\n<p><strong>&bdquo;Ich bin urteilsf&auml;hig und m&ouml;chte au&szlig;erhalb des Heims leben.<\/strong> <strong>Bitte unterst&uuml;tzen Sie meinen Auszug und die Organisation der h&auml;uslichen Versorgung.&ldquo;<\/strong><\/p>\n<\/blockquote>\n\n\n\n<h6 class=\"wp-block-heading\"><strong>2. Rechtliche Grundlage<\/strong><\/h6>\n\n\n\n<p><em>Schweiz :<\/em><\/p>\n\n\n\n<p><strong>Wenn du urteilsf&auml;hig bist, darf dich niemand im Heim behalten. Punkt.<\/strong> Die wichtigsten Grundlagen:<\/p>\n\n\n\n<ul class=\"wp-block-list\">\n<li><strong>Art.&#8239;10 BV &ndash; pers&ouml;nliche Freiheit:<\/strong> Niemand darf gegen seinen Willen festgehalten werden.<\/li>\n\n\n\n<li><strong>Art.&#8239;7 BV &ndash; Menschenw&uuml;rde:<\/strong> Bevormundung ist unzul&auml;ssig.<\/li>\n\n\n\n<li><strong>Art.&#8239;11 ZGB &ndash; Rechtsf&auml;higkeit:<\/strong> Eine neurologische Erkrankung nimmt dir keine Rechte.<\/li>\n\n\n\n<li><strong>Urteilsf&auml;higkeit:<\/strong> Solange du urteilsf&auml;hig bist, entscheidest <strong>du<\/strong> &uuml;ber deinen Wohnort.<\/li>\n\n\n\n<li><strong>Art.&#8239;426&ndash;439 ZGB &ndash; FU:<\/strong> Zwangseinweisung nur bei akuter Gef&auml;hrdung, nicht wegen Behinderung.<\/li>\n\n\n\n<li><strong>UN&#8209;BRK Art.&#8239;19:<\/strong> Recht, selbst zu w&auml;hlen, wo und mit wem du lebst.<\/li>\n<\/ul>\n\n\n\n<p><strong>Konsequenz:<\/strong> Du kannst jederzeit sagen: <strong>&bdquo;Ich m&ouml;chte ausziehen.&ldquo;<\/strong> Das Heim muss dich gehen lassen. KESB darf nur eingreifen, wenn echte Gefahr besteht &ndash; nicht wegen neurologischer Diagnose.<\/p>\n\n\n\n<p><em>Deutschland :<\/em><\/p>\n\n\n\n<ul class=\"wp-block-list\">\n<li><strong>&sect; 104 ff. BGB<\/strong>: Selbstbestimmung bleibt bestehen, solange keine rechtliche Betreuung mit Wohnortbeschr&auml;nkung angeordnet ist.<\/li>\n\n\n\n<li><strong>&sect; 1896 BGB<\/strong>: Eine Betreuung darf nur eingerichtet werden, wenn sie <em>notwendig<\/em> ist &ndash; nicht, weil jemand meint, du seist &bdquo;besser aufgehoben&ldquo;.<\/li>\n\n\n\n<li><strong>Pflegeversicherung (&sect; 37 SGB XI)<\/strong>: Du kannst Pflegegeld erhalten und selbst Pflege organisieren &ndash; ambulant statt station&auml;r.<\/li>\n\n\n\n<li><strong>&bdquo;Ambulant vor station&auml;r&ldquo;<\/strong> ist Grundsatz der Pflegepolitik.<\/li>\n<\/ul>\n\n\n\n<h6 class=\"wp-block-heading\"><strong>3. Praktische Schritte<\/strong><\/h6>\n\n\n\n<ol start=\"1\" class=\"wp-block-list\">\n<li><strong>Schriftlich den Auszugswunsch erkl&auml;ren<\/strong> &ndash; an Heimleitung, Betreuer (falls vorhanden), Angeh&ouml;rige.<\/li>\n\n\n\n<li><strong>Hausarzt oder Neurologe<\/strong> einbeziehen &ndash; f&uuml;r medizinische Begr&uuml;ndung, dass h&auml;usliche Versorgung m&ouml;glich ist.<\/li>\n\n\n\n<li><strong>Pflegestufe\/Pflegegrad pr&uuml;fen<\/strong> &ndash; Pflegegeld beantragen oder umwandeln.<\/li>\n\n\n\n<li><strong>Wohnung sichern<\/strong> &ndash; ggf. mit Unterst&uuml;tzung von Sozialdienst, Angeh&ouml;rigen oder Assistenz.<\/li>\n\n\n\n<li><strong><a href=\"https:\/\/www.vitalibera.org\/community\/enzyklopaedie\/spitex\/\" target=\"_self\" title=\"Spitex steht f&uuml;r &bdquo;spitalexterne Hilfe und Pflege&ldquo; und umfasst Dienstleistungen, die Menschen jeden Alters zu Hause pflegen, betreuen und unterst&uuml;tzen, wenn diese krank, behindert, alt oder in einer schwierigen Lebenssituation sind. Ziel ist es, die Selbstst&auml;ndigkeit zu erhalten und den Verbleib im vertrauten Umfeld zu erm&ouml;glichen\" class=\"encyclopedia\">Spitex<\/a> \/ ambulante Pflegedienste \/ Assistenzkr&auml;fte<\/strong> organisieren.<\/li>\n\n\n\n<li><strong>Hilfsmittel und Umbauten<\/strong> beantragen (Pflegekasse, Krankenkasse, Sozialamt).<\/li>\n\n\n\n<li><strong>Transport und &Uuml;bergang planen<\/strong> &ndash; z.&#8239;B. Kurzzeitpflege oder Reha als Zwischenschritt.<\/li>\n<\/ol>\n\n\n\n<h6 class=\"wp-block-heading\"><strong>4. Wenn Druck gemacht wird<\/strong><\/h6>\n\n\n\n<p>Sag ruhig, aber klar:<\/p>\n\n\n\n<blockquote class=\"wp-block-quote is-layout-flow wp-block-quote-is-layout-flow\">\n<p><strong>&bdquo;Ich bin nicht hier, weil ich muss, sondern weil andere entschieden haben.<\/strong> <strong>Ich entscheide jetzt selbst &ndash; ich gehe.&ldquo;<\/strong><\/p>\n<\/blockquote>\n\n\n\n<p>Wenn jemand dich &bdquo;sch&uuml;tzen&ldquo; will, sag:<\/p>\n\n\n\n<blockquote class=\"wp-block-quote is-layout-flow wp-block-quote-is-layout-flow\">\n<p><strong>&bdquo;Schutz hei&szlig;t Unterst&uuml;tzung, nicht Einsperrung.&ldquo;<\/strong><\/p>\n<\/blockquote>\n\n\n\n<p><\/p>\n","protected":false},"excerpt":{"rendered":"<p>Neurologisch betroffen. W\u00fcrde unantastbar Man kann eingeschr\u00e4nkt sein, ohne sich einschr\u00e4nken zu lassen. Der K\u00f6rper setzt Grenzen, aber nicht die Rolle. Ich bin kein Hampelmann, der f\u00fcr Erwartungen tanzt, sich vorf\u00fchren l\u00e4sst oder in Schubladen passt. Ich navigiere meinen Alltag selbstbestimmt, mit Anpassungen, Klarheit und Haltung. Einschr\u00e4nkung ist ein Zustand \u2013 kein Status, keine B\u00fchne &#8230; <a title=\"Neurologische Erkrankung \u2013 aber ich tanze nicht f\u00fcr Erwartungen\" class=\"read-more\" href=\"https:\/\/www.vitalibera.org\/community\/2026\/04\/30\/neurologische-erkrankung-aber-ich-tanze-nicht-fuer-erwartungen\/\" aria-label=\"Mehr Informationen \u00fcber Neurologische Erkrankung \u2013 aber ich tanze nicht f\u00fcr Erwartungen\">Weiterlesen<\/a><\/p>\n","protected":false},"author":2,"featured_media":7068,"comment_status":"open","ping_status":"open","sticky":false,"template":"","format":"standard","meta":{"cybocfi_hide_featured_image":"yes","_jetpack_memberships_contains_paid_content":false,"footnotes":""},"categories":[492,225],"tags":[],"class_list":["post-7067","post","type-post","status-publish","format-standard","has-post-thumbnail","hentry","category-alltagsnavigation","category-hilfe-fuer-angehoerige"],"yoast_head":"<!-- This site is optimized with the Yoast SEO plugin v27.4 - https:\/\/yoast.com\/product\/yoast-seo-wordpress\/ -->\r\n<title>Neurologische Erkrankung \u2013 aber ich tanze nicht f\u00fcr Erwartungen - vitalibera.org<\/title>\r\n<meta name=\"robots\" content=\"index, follow, max-snippet:-1, max-image-preview:large, max-video-preview:-1\" \/>\r\n<link rel=\"canonical\" href=\"https:\/\/www.vitalibera.org\/community\/2026\/04\/30\/neurologische-erkrankung-aber-ich-tanze-nicht-fuer-erwartungen\/\" \/>\r\n<meta property=\"og:locale\" content=\"de_DE\" \/>\r\n<meta property=\"og:type\" content=\"article\" \/>\r\n<meta property=\"og:title\" content=\"Neurologische Erkrankung \u2013 aber ich tanze nicht f\u00fcr Erwartungen - vitalibera.org\" \/>\r\n<meta property=\"og:description\" content=\"Neurologisch betroffen. W\u00fcrde unantastbar Man kann eingeschr\u00e4nkt sein, ohne sich einschr\u00e4nken zu lassen. Der K\u00f6rper setzt Grenzen, aber nicht die Rolle. Ich bin kein Hampelmann, der f\u00fcr Erwartungen tanzt, sich vorf\u00fchren l\u00e4sst oder in Schubladen passt. Ich navigiere meinen Alltag selbstbestimmt, mit Anpassungen, Klarheit und Haltung. Einschr\u00e4nkung ist ein Zustand \u2013 kein Status, keine B\u00fchne ... Weiterlesen\" \/>\r\n<meta property=\"og:url\" content=\"https:\/\/www.vitalibera.org\/community\/2026\/04\/30\/neurologische-erkrankung-aber-ich-tanze-nicht-fuer-erwartungen\/\" \/>\r\n<meta property=\"og:site_name\" content=\"vitalibera.org\" \/>\r\n<meta property=\"article:publisher\" content=\"https:\/\/www.facebook.com\/groups\/2997085857140235\" \/>\r\n<meta property=\"article:published_time\" content=\"2026-04-30T06:59:53+00:00\" \/>\r\n<meta property=\"article:modified_time\" content=\"2026-04-30T07:08:54+00:00\" \/>\r\n<meta property=\"og:image\" content=\"http:\/\/www.vitalibera.org\/community\/wp-content\/uploads\/2026\/04\/hampelhirn4-30-084226.png\" \/>\r\n\t<meta property=\"og:image:width\" content=\"374\" \/>\r\n\t<meta property=\"og:image:height\" content=\"483\" \/>\r\n\t<meta property=\"og:image:type\" content=\"image\/png\" \/>\r\n<meta name=\"author\" content=\"Andreas Jecklin\" \/>\r\n<meta name=\"twitter:card\" content=\"summary_large_image\" \/>\r\n<meta name=\"twitter:label1\" content=\"Verfasst von\" \/>\n\t<meta name=\"twitter:data1\" content=\"Andreas Jecklin\" \/>\n\t<meta name=\"twitter:label2\" content=\"Gesch\u00e4tzte Lesezeit\" \/>\n\t<meta name=\"twitter:data2\" content=\"4\u00a0Minuten\" \/>\r\n<script type=\"application\/ld+json\" class=\"yoast-schema-graph\">{\"@context\":\"https:\\\/\\\/schema.org\",\"@graph\":[{\"@type\":\"Article\",\"@id\":\"https:\\\/\\\/www.vitalibera.org\\\/community\\\/2026\\\/04\\\/30\\\/neurologische-erkrankung-aber-ich-tanze-nicht-fuer-erwartungen\\\/#article\",\"isPartOf\":{\"@id\":\"https:\\\/\\\/www.vitalibera.org\\\/community\\\/2026\\\/04\\\/30\\\/neurologische-erkrankung-aber-ich-tanze-nicht-fuer-erwartungen\\\/\"},\"author\":{\"name\":\"Andreas Jecklin\",\"@id\":\"https:\\\/\\\/www.vitalibera.org\\\/community\\\/#\\\/schema\\\/person\\\/6712387298421f222ff6d0a2e22c1534\"},\"headline\":\"Neurologische Erkrankung \u2013 aber ich tanze nicht f\u00fcr Erwartungen\",\"datePublished\":\"2026-04-30T06:59:53+00:00\",\"dateModified\":\"2026-04-30T07:08:54+00:00\",\"mainEntityOfPage\":{\"@id\":\"https:\\\/\\\/www.vitalibera.org\\\/community\\\/2026\\\/04\\\/30\\\/neurologische-erkrankung-aber-ich-tanze-nicht-fuer-erwartungen\\\/\"},\"wordCount\":610,\"commentCount\":0,\"publisher\":{\"@id\":\"https:\\\/\\\/www.vitalibera.org\\\/community\\\/#organization\"},\"image\":{\"@id\":\"https:\\\/\\\/www.vitalibera.org\\\/community\\\/2026\\\/04\\\/30\\\/neurologische-erkrankung-aber-ich-tanze-nicht-fuer-erwartungen\\\/#primaryimage\"},\"thumbnailUrl\":\"https:\\\/\\\/www.vitalibera.org\\\/community\\\/wp-content\\\/uploads\\\/2026\\\/04\\\/hampelhirn4-30-084226.png\",\"articleSection\":[\"Alltagsnavigation\",\"Hilfe f\u00fcr Angeh\u00f6rige\"],\"inLanguage\":\"de\",\"potentialAction\":[{\"@type\":\"CommentAction\",\"name\":\"Comment\",\"target\":[\"https:\\\/\\\/www.vitalibera.org\\\/community\\\/2026\\\/04\\\/30\\\/neurologische-erkrankung-aber-ich-tanze-nicht-fuer-erwartungen\\\/#respond\"]}]},{\"@type\":\"WebPage\",\"@id\":\"https:\\\/\\\/www.vitalibera.org\\\/community\\\/2026\\\/04\\\/30\\\/neurologische-erkrankung-aber-ich-tanze-nicht-fuer-erwartungen\\\/\",\"url\":\"https:\\\/\\\/www.vitalibera.org\\\/community\\\/2026\\\/04\\\/30\\\/neurologische-erkrankung-aber-ich-tanze-nicht-fuer-erwartungen\\\/\",\"name\":\"Neurologische Erkrankung \u2013 aber ich tanze nicht f\u00fcr Erwartungen - vitalibera.org\",\"isPartOf\":{\"@id\":\"https:\\\/\\\/www.vitalibera.org\\\/community\\\/#website\"},\"primaryImageOfPage\":{\"@id\":\"https:\\\/\\\/www.vitalibera.org\\\/community\\\/2026\\\/04\\\/30\\\/neurologische-erkrankung-aber-ich-tanze-nicht-fuer-erwartungen\\\/#primaryimage\"},\"image\":{\"@id\":\"https:\\\/\\\/www.vitalibera.org\\\/community\\\/2026\\\/04\\\/30\\\/neurologische-erkrankung-aber-ich-tanze-nicht-fuer-erwartungen\\\/#primaryimage\"},\"thumbnailUrl\":\"https:\\\/\\\/www.vitalibera.org\\\/community\\\/wp-content\\\/uploads\\\/2026\\\/04\\\/hampelhirn4-30-084226.png\",\"datePublished\":\"2026-04-30T06:59:53+00:00\",\"dateModified\":\"2026-04-30T07:08:54+00:00\",\"breadcrumb\":{\"@id\":\"https:\\\/\\\/www.vitalibera.org\\\/community\\\/2026\\\/04\\\/30\\\/neurologische-erkrankung-aber-ich-tanze-nicht-fuer-erwartungen\\\/#breadcrumb\"},\"inLanguage\":\"de\",\"potentialAction\":[{\"@type\":\"ReadAction\",\"target\":[\"https:\\\/\\\/www.vitalibera.org\\\/community\\\/2026\\\/04\\\/30\\\/neurologische-erkrankung-aber-ich-tanze-nicht-fuer-erwartungen\\\/\"]}]},{\"@type\":\"BreadcrumbList\",\"@id\":\"https:\\\/\\\/www.vitalibera.org\\\/community\\\/2026\\\/04\\\/30\\\/neurologische-erkrankung-aber-ich-tanze-nicht-fuer-erwartungen\\\/#breadcrumb\",\"itemListElement\":[{\"@type\":\"ListItem\",\"position\":1,\"name\":\"Startseite\",\"item\":\"https:\\\/\\\/www.vitalibera.org\\\/community\\\/\"},{\"@type\":\"ListItem\",\"position\":2,\"name\":\"Neurologische Erkrankung \u2013 aber ich tanze nicht f\u00fcr Erwartungen\"}]},{\"@type\":\"WebSite\",\"@id\":\"https:\\\/\\\/www.vitalibera.org\\\/community\\\/#website\",\"url\":\"https:\\\/\\\/www.vitalibera.org\\\/community\\\/\",\"name\":\"vitalibera.org\",\"description\":\"Mit einer Einschr&auml;nkung gestaltet sich das Leben im Alltag oft schwieriger - hier berichten wir &uuml;ber unsere Erfahrungen und Hilfsmittel um den Alltag so unbeschwert und unkompliziert wie nur m&ouml;glich geniessen zu k&ouml;nnen. Dabei richten wir unseren Fokus gezielt auf Selbst&auml;ndigkeit, Eigenst&auml;ndigkeit und Selbstbestimmung.\",\"publisher\":{\"@id\":\"https:\\\/\\\/www.vitalibera.org\\\/community\\\/#organization\"},\"potentialAction\":[{\"@type\":\"SearchAction\",\"target\":{\"@type\":\"EntryPoint\",\"urlTemplate\":\"https:\\\/\\\/www.vitalibera.org\\\/community\\\/?s={search_term_string}\"},\"query-input\":{\"@type\":\"PropertyValueSpecification\",\"valueRequired\":true,\"valueName\":\"search_term_string\"}}],\"inLanguage\":\"de\"},{\"@type\":\"Organization\",\"@id\":\"https:\\\/\\\/www.vitalibera.org\\\/community\\\/#organization\",\"name\":\"vitalibera.org\",\"url\":\"https:\\\/\\\/www.vitalibera.org\\\/community\\\/\",\"logo\":{\"@type\":\"ImageObject\",\"inLanguage\":\"de\",\"@id\":\"https:\\\/\\\/www.vitalibera.org\\\/community\\\/#\\\/schema\\\/logo\\\/image\\\/\",\"url\":\"https:\\\/\\\/www.vitalibera.org\\\/community\\\/wp-content\\\/uploads\\\/2025\\\/09\\\/cropped-banner.png\",\"contentUrl\":\"https:\\\/\\\/www.vitalibera.org\\\/community\\\/wp-content\\\/uploads\\\/2025\\\/09\\\/cropped-banner.png\",\"width\":991,\"height\":150,\"caption\":\"vitalibera.org\"},\"image\":{\"@id\":\"https:\\\/\\\/www.vitalibera.org\\\/community\\\/#\\\/schema\\\/logo\\\/image\\\/\"},\"sameAs\":[\"https:\\\/\\\/www.facebook.com\\\/groups\\\/2997085857140235\"]},{\"@type\":\"Person\",\"@id\":\"https:\\\/\\\/www.vitalibera.org\\\/community\\\/#\\\/schema\\\/person\\\/6712387298421f222ff6d0a2e22c1534\",\"name\":\"Andreas Jecklin\",\"image\":{\"@type\":\"ImageObject\",\"inLanguage\":\"de\",\"@id\":\"https:\\\/\\\/secure.gravatar.com\\\/avatar\\\/ad516503a11cd5ca435acc9bb6523536?s=96\",\"url\":\"https:\\\/\\\/secure.gravatar.com\\\/avatar\\\/ad516503a11cd5ca435acc9bb6523536?s=96\",\"contentUrl\":\"https:\\\/\\\/secure.gravatar.com\\\/avatar\\\/ad516503a11cd5ca435acc9bb6523536?s=96\",\"caption\":\"Andreas Jecklin\"},\"description\":\"Manchen gab Gott die Kraft Dinge zu ver\u00e4ndern, mir gab er die Kraft zu ertragen was nicht mehr zu \u00e4ndern ist.\",\"url\":\"https:\\\/\\\/www.vitalibera.org\\\/community\\\/author\\\/andy77\\\/\"}]}<\/script>\r\n<!-- \/ Yoast SEO plugin. -->","yoast_head_json":{"title":"Neurologische Erkrankung \u2013 aber ich tanze nicht f\u00fcr Erwartungen - vitalibera.org","robots":{"index":"index","follow":"follow","max-snippet":"max-snippet:-1","max-image-preview":"max-image-preview:large","max-video-preview":"max-video-preview:-1"},"canonical":"https:\/\/www.vitalibera.org\/community\/2026\/04\/30\/neurologische-erkrankung-aber-ich-tanze-nicht-fuer-erwartungen\/","og_locale":"de_DE","og_type":"article","og_title":"Neurologische Erkrankung \u2013 aber ich tanze nicht f\u00fcr Erwartungen - vitalibera.org","og_description":"Neurologisch betroffen. W\u00fcrde unantastbar Man kann eingeschr\u00e4nkt sein, ohne sich einschr\u00e4nken zu lassen. Der K\u00f6rper setzt Grenzen, aber nicht die Rolle. Ich bin kein Hampelmann, der f\u00fcr Erwartungen tanzt, sich vorf\u00fchren l\u00e4sst oder in Schubladen passt. Ich navigiere meinen Alltag selbstbestimmt, mit Anpassungen, Klarheit und Haltung. Einschr\u00e4nkung ist ein Zustand \u2013 kein Status, keine B\u00fchne ... Weiterlesen","og_url":"https:\/\/www.vitalibera.org\/community\/2026\/04\/30\/neurologische-erkrankung-aber-ich-tanze-nicht-fuer-erwartungen\/","og_site_name":"vitalibera.org","article_publisher":"https:\/\/www.facebook.com\/groups\/2997085857140235","article_published_time":"2026-04-30T06:59:53+00:00","article_modified_time":"2026-04-30T07:08:54+00:00","og_image":[{"width":374,"height":483,"url":"http:\/\/www.vitalibera.org\/community\/wp-content\/uploads\/2026\/04\/hampelhirn4-30-084226.png","type":"image\/png"}],"author":"Andreas Jecklin","twitter_card":"summary_large_image","twitter_misc":{"Verfasst von":"Andreas Jecklin","Gesch\u00e4tzte Lesezeit":"4\u00a0Minuten"},"schema":{"@context":"https:\/\/schema.org","@graph":[{"@type":"Article","@id":"https:\/\/www.vitalibera.org\/community\/2026\/04\/30\/neurologische-erkrankung-aber-ich-tanze-nicht-fuer-erwartungen\/#article","isPartOf":{"@id":"https:\/\/www.vitalibera.org\/community\/2026\/04\/30\/neurologische-erkrankung-aber-ich-tanze-nicht-fuer-erwartungen\/"},"author":{"name":"Andreas Jecklin","@id":"https:\/\/www.vitalibera.org\/community\/#\/schema\/person\/6712387298421f222ff6d0a2e22c1534"},"headline":"Neurologische Erkrankung \u2013 aber ich tanze nicht f\u00fcr Erwartungen","datePublished":"2026-04-30T06:59:53+00:00","dateModified":"2026-04-30T07:08:54+00:00","mainEntityOfPage":{"@id":"https:\/\/www.vitalibera.org\/community\/2026\/04\/30\/neurologische-erkrankung-aber-ich-tanze-nicht-fuer-erwartungen\/"},"wordCount":610,"commentCount":0,"publisher":{"@id":"https:\/\/www.vitalibera.org\/community\/#organization"},"image":{"@id":"https:\/\/www.vitalibera.org\/community\/2026\/04\/30\/neurologische-erkrankung-aber-ich-tanze-nicht-fuer-erwartungen\/#primaryimage"},"thumbnailUrl":"https:\/\/www.vitalibera.org\/community\/wp-content\/uploads\/2026\/04\/hampelhirn4-30-084226.png","articleSection":["Alltagsnavigation","Hilfe f\u00fcr Angeh\u00f6rige"],"inLanguage":"de","potentialAction":[{"@type":"CommentAction","name":"Comment","target":["https:\/\/www.vitalibera.org\/community\/2026\/04\/30\/neurologische-erkrankung-aber-ich-tanze-nicht-fuer-erwartungen\/#respond"]}]},{"@type":"WebPage","@id":"https:\/\/www.vitalibera.org\/community\/2026\/04\/30\/neurologische-erkrankung-aber-ich-tanze-nicht-fuer-erwartungen\/","url":"https:\/\/www.vitalibera.org\/community\/2026\/04\/30\/neurologische-erkrankung-aber-ich-tanze-nicht-fuer-erwartungen\/","name":"Neurologische Erkrankung \u2013 aber ich tanze nicht f\u00fcr Erwartungen - vitalibera.org","isPartOf":{"@id":"https:\/\/www.vitalibera.org\/community\/#website"},"primaryImageOfPage":{"@id":"https:\/\/www.vitalibera.org\/community\/2026\/04\/30\/neurologische-erkrankung-aber-ich-tanze-nicht-fuer-erwartungen\/#primaryimage"},"image":{"@id":"https:\/\/www.vitalibera.org\/community\/2026\/04\/30\/neurologische-erkrankung-aber-ich-tanze-nicht-fuer-erwartungen\/#primaryimage"},"thumbnailUrl":"https:\/\/www.vitalibera.org\/community\/wp-content\/uploads\/2026\/04\/hampelhirn4-30-084226.png","datePublished":"2026-04-30T06:59:53+00:00","dateModified":"2026-04-30T07:08:54+00:00","breadcrumb":{"@id":"https:\/\/www.vitalibera.org\/community\/2026\/04\/30\/neurologische-erkrankung-aber-ich-tanze-nicht-fuer-erwartungen\/#breadcrumb"},"inLanguage":"de","potentialAction":[{"@type":"ReadAction","target":["https:\/\/www.vitalibera.org\/community\/2026\/04\/30\/neurologische-erkrankung-aber-ich-tanze-nicht-fuer-erwartungen\/"]}]},{"@type":"BreadcrumbList","@id":"https:\/\/www.vitalibera.org\/community\/2026\/04\/30\/neurologische-erkrankung-aber-ich-tanze-nicht-fuer-erwartungen\/#breadcrumb","itemListElement":[{"@type":"ListItem","position":1,"name":"Startseite","item":"https:\/\/www.vitalibera.org\/community\/"},{"@type":"ListItem","position":2,"name":"Neurologische Erkrankung \u2013 aber ich tanze nicht f\u00fcr Erwartungen"}]},{"@type":"WebSite","@id":"https:\/\/www.vitalibera.org\/community\/#website","url":"https:\/\/www.vitalibera.org\/community\/","name":"vitalibera.org","description":"Mit einer Einschr&auml;nkung gestaltet sich das Leben im Alltag oft schwieriger - hier berichten wir &uuml;ber unsere Erfahrungen und Hilfsmittel um den Alltag so unbeschwert und unkompliziert wie nur m&ouml;glich geniessen zu k&ouml;nnen. Dabei richten wir unseren Fokus gezielt auf Selbst&auml;ndigkeit, Eigenst&auml;ndigkeit und Selbstbestimmung.","publisher":{"@id":"https:\/\/www.vitalibera.org\/community\/#organization"},"potentialAction":[{"@type":"SearchAction","target":{"@type":"EntryPoint","urlTemplate":"https:\/\/www.vitalibera.org\/community\/?s={search_term_string}"},"query-input":{"@type":"PropertyValueSpecification","valueRequired":true,"valueName":"search_term_string"}}],"inLanguage":"de"},{"@type":"Organization","@id":"https:\/\/www.vitalibera.org\/community\/#organization","name":"vitalibera.org","url":"https:\/\/www.vitalibera.org\/community\/","logo":{"@type":"ImageObject","inLanguage":"de","@id":"https:\/\/www.vitalibera.org\/community\/#\/schema\/logo\/image\/","url":"https:\/\/www.vitalibera.org\/community\/wp-content\/uploads\/2025\/09\/cropped-banner.png","contentUrl":"https:\/\/www.vitalibera.org\/community\/wp-content\/uploads\/2025\/09\/cropped-banner.png","width":991,"height":150,"caption":"vitalibera.org"},"image":{"@id":"https:\/\/www.vitalibera.org\/community\/#\/schema\/logo\/image\/"},"sameAs":["https:\/\/www.facebook.com\/groups\/2997085857140235"]},{"@type":"Person","@id":"https:\/\/www.vitalibera.org\/community\/#\/schema\/person\/6712387298421f222ff6d0a2e22c1534","name":"Andreas Jecklin","image":{"@type":"ImageObject","inLanguage":"de","@id":"https:\/\/secure.gravatar.com\/avatar\/ad516503a11cd5ca435acc9bb6523536?s=96","url":"https:\/\/secure.gravatar.com\/avatar\/ad516503a11cd5ca435acc9bb6523536?s=96","contentUrl":"https:\/\/secure.gravatar.com\/avatar\/ad516503a11cd5ca435acc9bb6523536?s=96","caption":"Andreas Jecklin"},"description":"Manchen gab Gott die Kraft Dinge zu ver\u00e4ndern, mir gab er die Kraft zu ertragen was nicht mehr zu \u00e4ndern ist.","url":"https:\/\/www.vitalibera.org\/community\/author\/andy77\/"}]}},"jetpack_featured_media_url":"https:\/\/www.vitalibera.org\/community\/wp-content\/uploads\/2026\/04\/hampelhirn4-30-084226.png","jetpack_sharing_enabled":true,"jetpack-related-posts":[],"_links":{"self":[{"href":"https:\/\/www.vitalibera.org\/community\/wp-json\/wp\/v2\/posts\/7067","targetHints":{"allow":["GET"]}}],"collection":[{"href":"https:\/\/www.vitalibera.org\/community\/wp-json\/wp\/v2\/posts"}],"about":[{"href":"https:\/\/www.vitalibera.org\/community\/wp-json\/wp\/v2\/types\/post"}],"author":[{"embeddable":true,"href":"https:\/\/www.vitalibera.org\/community\/wp-json\/wp\/v2\/users\/2"}],"replies":[{"embeddable":true,"href":"https:\/\/www.vitalibera.org\/community\/wp-json\/wp\/v2\/comments?post=7067"}],"version-history":[{"count":3,"href":"https:\/\/www.vitalibera.org\/community\/wp-json\/wp\/v2\/posts\/7067\/revisions"}],"predecessor-version":[{"id":7074,"href":"https:\/\/www.vitalibera.org\/community\/wp-json\/wp\/v2\/posts\/7067\/revisions\/7074"}],"wp:featuredmedia":[{"embeddable":true,"href":"https:\/\/www.vitalibera.org\/community\/wp-json\/wp\/v2\/media\/7068"}],"wp:attachment":[{"href":"https:\/\/www.vitalibera.org\/community\/wp-json\/wp\/v2\/media?parent=7067"}],"wp:term":[{"taxonomy":"category","embeddable":true,"href":"https:\/\/www.vitalibera.org\/community\/wp-json\/wp\/v2\/categories?post=7067"},{"taxonomy":"post_tag","embeddable":true,"href":"https:\/\/www.vitalibera.org\/community\/wp-json\/wp\/v2\/tags?post=7067"}],"curies":[{"name":"wp","href":"https:\/\/api.w.org\/{rel}","templated":true}]}}