{"id":7082,"date":"2026-04-30T13:19:05","date_gmt":"2026-04-30T11:19:05","guid":{"rendered":"https:\/\/www.vitalibera.org\/community\/?p=7082"},"modified":"2026-04-30T13:20:37","modified_gmt":"2026-04-30T11:20:37","slug":"fahrradfahren-nach-hirnverletzung-sicherheit-vor-tempo","status":"publish","type":"post","link":"https:\/\/www.vitalibera.org\/community\/2026\/04\/30\/fahrradfahren-nach-hirnverletzung-sicherheit-vor-tempo\/","title":{"rendered":"Fahrradfahren nach Hirnverletzung: Sicherheit vor Tempo"},"content":{"rendered":"\n<div class=\"wp-block-media-text is-stacked-on-mobile is-vertically-aligned-top\"><figure class=\"wp-block-media-text__media\"><img fetchpriority=\"high\" decoding=\"async\" width=\"355\" height=\"249\" src=\"https:\/\/www.vitalibera.org\/community\/wp-content\/uploads\/2026\/04\/fahrrad556.png\" alt=\"\" class=\"wp-image-7083 size-full\" srcset=\"https:\/\/www.vitalibera.org\/community\/wp-content\/uploads\/2026\/04\/fahrrad556.png 355w, https:\/\/www.vitalibera.org\/community\/wp-content\/uploads\/2026\/04\/fahrrad556-300x210.png 300w\" sizes=\"(max-width: 355px) 100vw, 355px\" \/><\/figure><div class=\"wp-block-media-text__content\">\n<p>Nach einer Hirnverletzung ver\u00e4ndert sich die Art, wie der K\u00f6rper Gleichgewicht, Reaktion und Aufmerksamkeit steuert. <\/p>\n\n\n\n<p>Was fr\u00fcher selbstverst\u00e4ndlich war \u2013 zwei R\u00e4der, ein kurzer Weg, ein Gef\u00fchl von Freiheit \u2013 wird pl\u00f6tzlich zu einer Aufgabe, die mehr verlangt, als das Nervensystem gerade leisten kann. Fahrradfahren ist kein einfacher Alltagsschritt, sondern eine komplexe Koordinationsleistung, die Stabilit\u00e4t, Tempo und schnelle Entscheidungen braucht.<\/p>\n\n\n\n<p>Darum geht es hier nicht um Mut oder Ehrgeiz, sondern um Sicherheit. Das Gehirn braucht Schutzr\u00e4ume, klare Strukturen und Bewegungsformen, die nicht \u00fcberfordern. Mobilit\u00e4t bleibt m\u00f6glich \u2013 aber nicht um den Preis eines Sturzes oder R\u00fcckschritts. Der Weg zur\u00fcck beginnt nicht auf der Stra\u00dfe, sondern mit realistischen Alternativen und Entscheidungen, die den K\u00f6rper unterst\u00fctzen statt testen.<\/p>\n<\/div><\/div>\n\n\n\n<h5 class=\"wp-block-heading\"><strong>Fahrradfahren nach einer Hirnverletzung \u2013 warum es heikel ist<\/strong><\/h5>\n\n\n\n<h6 class=\"wp-block-heading\"><strong>1. Fahrradfahren ist ein Hochkomplex\u2011Task<\/strong><\/h6>\n\n\n\n<p>Es braucht gleichzeitig:<\/p>\n\n\n\n<ul class=\"wp-block-list\">\n<li>Gleichgewicht<\/li>\n\n\n\n<li>schnelle Reaktionen<\/li>\n\n\n\n<li>visuelle Orientierung<\/li>\n\n\n\n<li>Kraftdosierung<\/li>\n\n\n\n<li>Koordination beider K\u00f6rperseiten<\/li>\n\n\n\n<li>Aufmerksamkeit f\u00fcr Verkehr, Ger\u00e4usche, Hindernisse<\/li>\n<\/ul>\n\n\n\n<p>Nach einer Hirnverletzung sind genau diese Systeme oft <strong>instabil, verlangsamt oder unzuverl\u00e4ssig<\/strong>.<\/p>\n\n\n\n<h6 class=\"wp-block-heading\"><strong>2. Das Risiko ist nicht theoretisch \u2013 es ist strukturell<\/strong><\/h6>\n\n\n\n<ul class=\"wp-block-list\">\n<li>Ein kleiner Balancefehler \u2192 Sturz<\/li>\n\n\n\n<li>Verz\u00f6gerte Reaktion \u2192 Unfall<\/li>\n\n\n\n<li>Tonuswechsel\/Spastik \u2192 Lenker verrei\u00dft<\/li>\n\n\n\n<li>Fatigue \u2192 pl\u00f6tzlicher Leistungsabfall<\/li>\n\n\n\n<li>Reiz\u00fcberflutung \u2192 Kontrollverlust<\/li>\n<\/ul>\n\n\n\n<p>Das ist kein \u201ebisschen unsicher\u201c, sondern eine <strong>Hochrisiko\u2011Situation<\/strong>.<\/p>\n\n\n\n<h6 class=\"wp-block-heading\"><strong>3. Was sicherer ist als ein normales Fahrrad<\/strong><\/h6>\n\n\n\n<p>Wenn Mobilit\u00e4t wichtig ist, gibt es Alternativen, die Stabilit\u00e4t bieten:<\/p>\n\n\n\n<ul class=\"wp-block-list\">\n<li><strong>Dreirad \/ Trike<\/strong> (kippsicher, kein Balancebedarf)<\/li>\n\n\n\n<li><strong>Liegedreirad<\/strong> (extrem stabil, gelenkschonend)<\/li>\n\n\n\n<li><strong>Therapierad<\/strong> (Einhandlenkung, Einhandbremse, Fixierungen)<\/li>\n\n\n\n<li><strong>Ergometer<\/strong> (Training ohne Sturzrisiko)<\/li>\n<\/ul>\n\n\n\n<p>Das sind keine \u201eErsatzl\u00f6sungen\u201c, sondern <strong>sichere Mobilit\u00e4tsformen<\/strong>.<\/p>\n\n\n\n<h6 class=\"wp-block-heading\"><strong>4. Wenn man trotzdem fahren m\u00f6chte<\/strong><\/h6>\n\n\n\n<p>Dann nur:<\/p>\n\n\n\n<ul class=\"wp-block-list\">\n<li>auf abgesperrtem Gel\u00e4nde<\/li>\n\n\n\n<li>mit Begleitperson<\/li>\n\n\n\n<li>ohne Verkehr<\/li>\n\n\n\n<li>mit Helm und Protektoren<\/li>\n\n\n\n<li>in kurzen, klar dosierten Intervallen<\/li>\n\n\n\n<li>nach professioneller Einsch\u00e4tzung<\/li>\n<\/ul>\n\n\n\n<p>Und niemals als \u201eSelbsttest\u201c, um herauszufinden, ob es \u201enoch geht\u201c.<\/p>\n\n\n\n<h6 class=\"wp-block-heading\"><strong>5. Die neurofreundliche Kernbotschaft<\/strong><\/h6>\n\n\n\n<p>Fahrradfahren ist kein Beweis f\u00fcr St\u00e4rke oder Genesung. Es ist eine Aufgabe, die Stabilit\u00e4t verlangt \u2013 nicht Mut.<\/p>\n\n\n\n<h4 class=\"wp-block-heading\"><strong>Fahrradfahren mit Hemiparese \u2013 was du wissen musst<\/strong><\/h4>\n\n\n\n<h6 class=\"wp-block-heading\"><strong>1. Warum es schwierig ist<\/strong><\/h6>\n\n\n\n<p>Hemiparese betrifft:<\/p>\n\n\n\n<ul class=\"wp-block-list\">\n<li><strong>Gleichgewicht<\/strong><\/li>\n\n\n\n<li><strong>Reaktionszeit<\/strong><\/li>\n\n\n\n<li><strong>Kraftverteilung<\/strong><\/li>\n\n\n\n<li><strong>Koordination zwischen Armen und Beinen<\/strong><\/li>\n\n\n\n<li><strong>Stabilit\u00e4t beim schnellen Richtungswechsel<\/strong><\/li>\n<\/ul>\n\n\n\n<p>Ein Fahrrad verlangt aber genau diese F\u00e4higkeiten gleichzeitig und unter Zeitdruck. Das macht es zu einer der komplexesten Bewegungsaufgaben \u00fcberhaupt.<\/p>\n\n\n\n<h6 class=\"wp-block-heading\"><strong>2. Wo die echten Risiken liegen<\/strong><\/h6>\n\n\n\n<ul class=\"wp-block-list\">\n<li><strong>Einseitige Schw\u00e4che<\/strong> \u2192 Fahrrad kippt leichter zur betroffenen Seite<\/li>\n\n\n\n<li><strong>Verz\u00f6gerte Reaktionen<\/strong> \u2192 Bremsen, Ausweichen, Balance halten wird schwieriger<\/li>\n\n\n\n<li><strong>Spastik oder Tonuswechsel<\/strong> \u2192 kann pl\u00f6tzlich ins Pedal oder den Lenker fahren<\/li>\n\n\n\n<li><strong>Visuelle oder r\u00e4umliche Probleme<\/strong> \u2192 Gefahr im Verkehr<\/li>\n\n\n\n<li><strong>Fatigue<\/strong> \u2192 Leistung bricht pl\u00f6tzlich ein<\/li>\n<\/ul>\n\n\n\n<p>Das Risiko ist nicht \u201eein bisschen h\u00f6her\u201c, sondern <strong>strukturell erh\u00f6ht<\/strong>.<\/p>\n\n\n\n<h6 class=\"wp-block-heading\"><strong>3. Was <em>sicherer<\/em> ist als normales Fahrradfahren<\/strong><\/h6>\n\n\n\n<p>Wenn Fahrradfahren wichtig f\u00fcr dich ist, gibt es Alternativen, die deutlich stabiler sind:<\/p>\n\n\n\n<h6 class=\"wp-block-heading\"><strong>Option A: Dreirad (Trike)<\/strong><\/h6>\n\n\n\n<ul class=\"wp-block-list\">\n<li>kippsicher<\/li>\n\n\n\n<li>kein Balancebedarf<\/li>\n\n\n\n<li>beide H\u00e4nde k\u00f6nnen unterschiedlich viel leisten<\/li>\n\n\n\n<li>ideal f\u00fcr l\u00e4ngere Strecken<\/li>\n<\/ul>\n\n\n\n<h6 class=\"wp-block-heading\"><strong>Option B: Liegedreirad<\/strong><\/h6>\n\n\n\n<ul class=\"wp-block-list\">\n<li>extrem stabil<\/li>\n\n\n\n<li>sehr gelenkschonend<\/li>\n\n\n\n<li>kein Sturz nach vorne m\u00f6glich<\/li>\n<\/ul>\n\n\n\n<h6 class=\"wp-block-heading\"><strong>Option C: Therapierad<\/strong><\/h6>\n\n\n\n<ul class=\"wp-block-list\">\n<li>mit Einhandlenkung<\/li>\n\n\n\n<li>Einhandbremse<\/li>\n\n\n\n<li>Fixierung f\u00fcr <a href=\"https:\/\/www.vitalibera.org\/community\/2026\/04\/19\/wenn-reize-laut-werden-und-menschen-leise\/\">betroffene<\/a> Hand\/Arm<\/li>\n\n\n\n<li>breiter Radstand<\/li>\n<\/ul>\n\n\n\n<h6 class=\"wp-block-heading\"><strong>Option D: Ergometer \/ Heimtrainer<\/strong><\/h6>\n\n\n\n<ul class=\"wp-block-list\">\n<li>sicher<\/li>\n\n\n\n<li>kontrollierbar<\/li>\n\n\n\n<li>ideal f\u00fcr Ausdauer ohne Sturzrisiko<\/li>\n<\/ul>\n\n\n\n<h6 class=\"wp-block-heading\"><strong>4. Wenn du trotzdem Fahrrad fahren willst<\/strong><\/h6>\n\n\n\n<p>Dann nur unter <strong>kontrollierten Bedingungen<\/strong>:<\/p>\n\n\n\n<ul class=\"wp-block-list\">\n<li>abgesperrter Platz<\/li>\n\n\n\n<li>Begleitperson<\/li>\n\n\n\n<li>Helm + Protektoren<\/li>\n\n\n\n<li>keine Stra\u00dfen, kein Verkehr<\/li>\n\n\n\n<li>kurze Intervalle<\/li>\n\n\n\n<li>vorherige Einsch\u00e4tzung durch Physio\/Ergo<\/li>\n<\/ul>\n\n\n\n<p>Und: <strong>kein Selbstexperiment<\/strong>. Nicht \u201emal probieren, ob es noch geht\u201c. Das Gehirn meldet \u00dcberlastung zu sp\u00e4t.<\/p>\n","protected":false},"excerpt":{"rendered":"<p>Nach einer Hirnverletzung ver\u00e4ndert sich die Art, wie der K\u00f6rper Gleichgewicht, Reaktion und Aufmerksamkeit steuert. Was fr\u00fcher selbstverst\u00e4ndlich war \u2013 zwei R\u00e4der, ein kurzer Weg, ein Gef\u00fchl von Freiheit \u2013 wird pl\u00f6tzlich zu einer Aufgabe, die mehr verlangt, als das Nervensystem gerade leisten kann. Fahrradfahren ist kein einfacher Alltagsschritt, sondern eine komplexe Koordinationsleistung, die Stabilit\u00e4t, &#8230; <a title=\"Fahrradfahren nach Hirnverletzung: Sicherheit vor Tempo\" class=\"read-more\" href=\"https:\/\/www.vitalibera.org\/community\/2026\/04\/30\/fahrradfahren-nach-hirnverletzung-sicherheit-vor-tempo\/\" aria-label=\"Mehr Informationen \u00fcber Fahrradfahren nach Hirnverletzung: Sicherheit vor Tempo\">Weiterlesen<\/a><\/p>\n","protected":false},"author":2,"featured_media":7084,"comment_status":"open","ping_status":"open","sticky":false,"template":"","format":"standard","meta":{"cybocfi_hide_featured_image":"yes","_jetpack_memberships_contains_paid_content":false,"footnotes":""},"categories":[41,75],"tags":[],"class_list":["post-7082","post","type-post","status-publish","format-standard","has-post-thumbnail","hentry","category-freizeit-hobbies","category-mobilitaet"],"yoast_head":"<!-- This site is optimized with the Yoast SEO plugin v27.4 - https:\/\/yoast.com\/product\/yoast-seo-wordpress\/ -->\r\n<title>Fahrradfahren nach Hirnverletzung: Sicherheit vor Tempo - vitalibera.org<\/title>\r\n<meta name=\"robots\" content=\"index, follow, max-snippet:-1, max-image-preview:large, max-video-preview:-1\" \/>\r\n<link rel=\"canonical\" href=\"https:\/\/www.vitalibera.org\/community\/2026\/04\/30\/fahrradfahren-nach-hirnverletzung-sicherheit-vor-tempo\/\" \/>\r\n<meta property=\"og:locale\" content=\"de_DE\" \/>\r\n<meta property=\"og:type\" content=\"article\" \/>\r\n<meta property=\"og:title\" content=\"Fahrradfahren nach Hirnverletzung: Sicherheit vor Tempo - vitalibera.org\" \/>\r\n<meta property=\"og:description\" content=\"Nach einer Hirnverletzung ver\u00e4ndert sich die Art, wie der K\u00f6rper Gleichgewicht, Reaktion und Aufmerksamkeit steuert. Was fr\u00fcher selbstverst\u00e4ndlich war \u2013 zwei R\u00e4der, ein kurzer Weg, ein Gef\u00fchl von Freiheit \u2013 wird pl\u00f6tzlich zu einer Aufgabe, die mehr verlangt, als das Nervensystem gerade leisten kann. Fahrradfahren ist kein einfacher Alltagsschritt, sondern eine komplexe Koordinationsleistung, die Stabilit\u00e4t, ... Weiterlesen\" \/>\r\n<meta property=\"og:url\" content=\"https:\/\/www.vitalibera.org\/community\/2026\/04\/30\/fahrradfahren-nach-hirnverletzung-sicherheit-vor-tempo\/\" \/>\r\n<meta property=\"og:site_name\" content=\"vitalibera.org\" \/>\r\n<meta property=\"article:publisher\" content=\"https:\/\/www.facebook.com\/groups\/2997085857140235\" \/>\r\n<meta property=\"article:published_time\" content=\"2026-04-30T11:19:05+00:00\" \/>\r\n<meta property=\"article:modified_time\" content=\"2026-04-30T11:20:37+00:00\" \/>\r\n<meta property=\"og:image\" content=\"http:\/\/www.vitalibera.org\/community\/wp-content\/uploads\/2026\/04\/velo1809.png\" \/>\r\n\t<meta property=\"og:image:width\" content=\"870\" \/>\r\n\t<meta property=\"og:image:height\" content=\"598\" \/>\r\n\t<meta property=\"og:image:type\" content=\"image\/png\" \/>\r\n<meta name=\"author\" content=\"Andreas Jecklin\" \/>\r\n<meta name=\"twitter:card\" content=\"summary_large_image\" \/>\r\n<meta name=\"twitter:label1\" content=\"Verfasst von\" \/>\n\t<meta name=\"twitter:data1\" content=\"Andreas Jecklin\" \/>\n\t<meta name=\"twitter:label2\" content=\"Gesch\u00e4tzte Lesezeit\" \/>\n\t<meta name=\"twitter:data2\" content=\"4\u00a0Minuten\" \/>\r\n<script type=\"application\/ld+json\" class=\"yoast-schema-graph\">{\"@context\":\"https:\\\/\\\/schema.org\",\"@graph\":[{\"@type\":\"Article\",\"@id\":\"https:\\\/\\\/www.vitalibera.org\\\/community\\\/2026\\\/04\\\/30\\\/fahrradfahren-nach-hirnverletzung-sicherheit-vor-tempo\\\/#article\",\"isPartOf\":{\"@id\":\"https:\\\/\\\/www.vitalibera.org\\\/community\\\/2026\\\/04\\\/30\\\/fahrradfahren-nach-hirnverletzung-sicherheit-vor-tempo\\\/\"},\"author\":{\"name\":\"Andreas Jecklin\",\"@id\":\"https:\\\/\\\/www.vitalibera.org\\\/community\\\/#\\\/schema\\\/person\\\/6712387298421f222ff6d0a2e22c1534\"},\"headline\":\"Fahrradfahren nach Hirnverletzung: Sicherheit vor Tempo\",\"datePublished\":\"2026-04-30T11:19:05+00:00\",\"dateModified\":\"2026-04-30T11:20:37+00:00\",\"mainEntityOfPage\":{\"@id\":\"https:\\\/\\\/www.vitalibera.org\\\/community\\\/2026\\\/04\\\/30\\\/fahrradfahren-nach-hirnverletzung-sicherheit-vor-tempo\\\/\"},\"wordCount\":559,\"commentCount\":0,\"publisher\":{\"@id\":\"https:\\\/\\\/www.vitalibera.org\\\/community\\\/#organization\"},\"image\":{\"@id\":\"https:\\\/\\\/www.vitalibera.org\\\/community\\\/2026\\\/04\\\/30\\\/fahrradfahren-nach-hirnverletzung-sicherheit-vor-tempo\\\/#primaryimage\"},\"thumbnailUrl\":\"https:\\\/\\\/www.vitalibera.org\\\/community\\\/wp-content\\\/uploads\\\/2026\\\/04\\\/velo1809.png\",\"articleSection\":[\"Freizeit &amp; Hobbies\",\"Mobilit\u00e4t\"],\"inLanguage\":\"de\",\"potentialAction\":[{\"@type\":\"CommentAction\",\"name\":\"Comment\",\"target\":[\"https:\\\/\\\/www.vitalibera.org\\\/community\\\/2026\\\/04\\\/30\\\/fahrradfahren-nach-hirnverletzung-sicherheit-vor-tempo\\\/#respond\"]}]},{\"@type\":\"WebPage\",\"@id\":\"https:\\\/\\\/www.vitalibera.org\\\/community\\\/2026\\\/04\\\/30\\\/fahrradfahren-nach-hirnverletzung-sicherheit-vor-tempo\\\/\",\"url\":\"https:\\\/\\\/www.vitalibera.org\\\/community\\\/2026\\\/04\\\/30\\\/fahrradfahren-nach-hirnverletzung-sicherheit-vor-tempo\\\/\",\"name\":\"Fahrradfahren nach Hirnverletzung: Sicherheit vor Tempo - vitalibera.org\",\"isPartOf\":{\"@id\":\"https:\\\/\\\/www.vitalibera.org\\\/community\\\/#website\"},\"primaryImageOfPage\":{\"@id\":\"https:\\\/\\\/www.vitalibera.org\\\/community\\\/2026\\\/04\\\/30\\\/fahrradfahren-nach-hirnverletzung-sicherheit-vor-tempo\\\/#primaryimage\"},\"image\":{\"@id\":\"https:\\\/\\\/www.vitalibera.org\\\/community\\\/2026\\\/04\\\/30\\\/fahrradfahren-nach-hirnverletzung-sicherheit-vor-tempo\\\/#primaryimage\"},\"thumbnailUrl\":\"https:\\\/\\\/www.vitalibera.org\\\/community\\\/wp-content\\\/uploads\\\/2026\\\/04\\\/velo1809.png\",\"datePublished\":\"2026-04-30T11:19:05+00:00\",\"dateModified\":\"2026-04-30T11:20:37+00:00\",\"breadcrumb\":{\"@id\":\"https:\\\/\\\/www.vitalibera.org\\\/community\\\/2026\\\/04\\\/30\\\/fahrradfahren-nach-hirnverletzung-sicherheit-vor-tempo\\\/#breadcrumb\"},\"inLanguage\":\"de\",\"potentialAction\":[{\"@type\":\"ReadAction\",\"target\":[\"https:\\\/\\\/www.vitalibera.org\\\/community\\\/2026\\\/04\\\/30\\\/fahrradfahren-nach-hirnverletzung-sicherheit-vor-tempo\\\/\"]}]},{\"@type\":\"BreadcrumbList\",\"@id\":\"https:\\\/\\\/www.vitalibera.org\\\/community\\\/2026\\\/04\\\/30\\\/fahrradfahren-nach-hirnverletzung-sicherheit-vor-tempo\\\/#breadcrumb\",\"itemListElement\":[{\"@type\":\"ListItem\",\"position\":1,\"name\":\"Startseite\",\"item\":\"https:\\\/\\\/www.vitalibera.org\\\/community\\\/\"},{\"@type\":\"ListItem\",\"position\":2,\"name\":\"Fahrradfahren nach Hirnverletzung: Sicherheit vor Tempo\"}]},{\"@type\":\"WebSite\",\"@id\":\"https:\\\/\\\/www.vitalibera.org\\\/community\\\/#website\",\"url\":\"https:\\\/\\\/www.vitalibera.org\\\/community\\\/\",\"name\":\"vitalibera.org\",\"description\":\"Mit einer Einschr&auml;nkung gestaltet sich das Leben im Alltag oft schwieriger - hier berichten wir &uuml;ber unsere Erfahrungen und Hilfsmittel um den Alltag so unbeschwert und unkompliziert wie nur m&ouml;glich geniessen zu k&ouml;nnen. Dabei richten wir unseren Fokus gezielt auf Selbst&auml;ndigkeit, Eigenst&auml;ndigkeit und Selbstbestimmung.\",\"publisher\":{\"@id\":\"https:\\\/\\\/www.vitalibera.org\\\/community\\\/#organization\"},\"potentialAction\":[{\"@type\":\"SearchAction\",\"target\":{\"@type\":\"EntryPoint\",\"urlTemplate\":\"https:\\\/\\\/www.vitalibera.org\\\/community\\\/?s={search_term_string}\"},\"query-input\":{\"@type\":\"PropertyValueSpecification\",\"valueRequired\":true,\"valueName\":\"search_term_string\"}}],\"inLanguage\":\"de\"},{\"@type\":\"Organization\",\"@id\":\"https:\\\/\\\/www.vitalibera.org\\\/community\\\/#organization\",\"name\":\"vitalibera.org\",\"url\":\"https:\\\/\\\/www.vitalibera.org\\\/community\\\/\",\"logo\":{\"@type\":\"ImageObject\",\"inLanguage\":\"de\",\"@id\":\"https:\\\/\\\/www.vitalibera.org\\\/community\\\/#\\\/schema\\\/logo\\\/image\\\/\",\"url\":\"https:\\\/\\\/www.vitalibera.org\\\/community\\\/wp-content\\\/uploads\\\/2025\\\/09\\\/cropped-banner.png\",\"contentUrl\":\"https:\\\/\\\/www.vitalibera.org\\\/community\\\/wp-content\\\/uploads\\\/2025\\\/09\\\/cropped-banner.png\",\"width\":991,\"height\":150,\"caption\":\"vitalibera.org\"},\"image\":{\"@id\":\"https:\\\/\\\/www.vitalibera.org\\\/community\\\/#\\\/schema\\\/logo\\\/image\\\/\"},\"sameAs\":[\"https:\\\/\\\/www.facebook.com\\\/groups\\\/2997085857140235\"]},{\"@type\":\"Person\",\"@id\":\"https:\\\/\\\/www.vitalibera.org\\\/community\\\/#\\\/schema\\\/person\\\/6712387298421f222ff6d0a2e22c1534\",\"name\":\"Andreas Jecklin\",\"image\":{\"@type\":\"ImageObject\",\"inLanguage\":\"de\",\"@id\":\"https:\\\/\\\/secure.gravatar.com\\\/avatar\\\/ad516503a11cd5ca435acc9bb6523536?s=96\",\"url\":\"https:\\\/\\\/secure.gravatar.com\\\/avatar\\\/ad516503a11cd5ca435acc9bb6523536?s=96\",\"contentUrl\":\"https:\\\/\\\/secure.gravatar.com\\\/avatar\\\/ad516503a11cd5ca435acc9bb6523536?s=96\",\"caption\":\"Andreas Jecklin\"},\"description\":\"Manchen gab Gott die Kraft Dinge zu ver\u00e4ndern, mir gab er die Kraft zu ertragen was nicht mehr zu \u00e4ndern ist.\",\"url\":\"https:\\\/\\\/www.vitalibera.org\\\/community\\\/author\\\/andy77\\\/\"}]}<\/script>\r\n<!-- \/ Yoast SEO plugin. -->","yoast_head_json":{"title":"Fahrradfahren nach Hirnverletzung: Sicherheit vor Tempo - vitalibera.org","robots":{"index":"index","follow":"follow","max-snippet":"max-snippet:-1","max-image-preview":"max-image-preview:large","max-video-preview":"max-video-preview:-1"},"canonical":"https:\/\/www.vitalibera.org\/community\/2026\/04\/30\/fahrradfahren-nach-hirnverletzung-sicherheit-vor-tempo\/","og_locale":"de_DE","og_type":"article","og_title":"Fahrradfahren nach Hirnverletzung: Sicherheit vor Tempo - vitalibera.org","og_description":"Nach einer Hirnverletzung ver\u00e4ndert sich die Art, wie der K\u00f6rper Gleichgewicht, Reaktion und Aufmerksamkeit steuert. Was fr\u00fcher selbstverst\u00e4ndlich war \u2013 zwei R\u00e4der, ein kurzer Weg, ein Gef\u00fchl von Freiheit \u2013 wird pl\u00f6tzlich zu einer Aufgabe, die mehr verlangt, als das Nervensystem gerade leisten kann. Fahrradfahren ist kein einfacher Alltagsschritt, sondern eine komplexe Koordinationsleistung, die Stabilit\u00e4t, ... Weiterlesen","og_url":"https:\/\/www.vitalibera.org\/community\/2026\/04\/30\/fahrradfahren-nach-hirnverletzung-sicherheit-vor-tempo\/","og_site_name":"vitalibera.org","article_publisher":"https:\/\/www.facebook.com\/groups\/2997085857140235","article_published_time":"2026-04-30T11:19:05+00:00","article_modified_time":"2026-04-30T11:20:37+00:00","og_image":[{"width":870,"height":598,"url":"http:\/\/www.vitalibera.org\/community\/wp-content\/uploads\/2026\/04\/velo1809.png","type":"image\/png"}],"author":"Andreas Jecklin","twitter_card":"summary_large_image","twitter_misc":{"Verfasst von":"Andreas Jecklin","Gesch\u00e4tzte Lesezeit":"4\u00a0Minuten"},"schema":{"@context":"https:\/\/schema.org","@graph":[{"@type":"Article","@id":"https:\/\/www.vitalibera.org\/community\/2026\/04\/30\/fahrradfahren-nach-hirnverletzung-sicherheit-vor-tempo\/#article","isPartOf":{"@id":"https:\/\/www.vitalibera.org\/community\/2026\/04\/30\/fahrradfahren-nach-hirnverletzung-sicherheit-vor-tempo\/"},"author":{"name":"Andreas Jecklin","@id":"https:\/\/www.vitalibera.org\/community\/#\/schema\/person\/6712387298421f222ff6d0a2e22c1534"},"headline":"Fahrradfahren nach Hirnverletzung: Sicherheit vor Tempo","datePublished":"2026-04-30T11:19:05+00:00","dateModified":"2026-04-30T11:20:37+00:00","mainEntityOfPage":{"@id":"https:\/\/www.vitalibera.org\/community\/2026\/04\/30\/fahrradfahren-nach-hirnverletzung-sicherheit-vor-tempo\/"},"wordCount":559,"commentCount":0,"publisher":{"@id":"https:\/\/www.vitalibera.org\/community\/#organization"},"image":{"@id":"https:\/\/www.vitalibera.org\/community\/2026\/04\/30\/fahrradfahren-nach-hirnverletzung-sicherheit-vor-tempo\/#primaryimage"},"thumbnailUrl":"https:\/\/www.vitalibera.org\/community\/wp-content\/uploads\/2026\/04\/velo1809.png","articleSection":["Freizeit &amp; Hobbies","Mobilit\u00e4t"],"inLanguage":"de","potentialAction":[{"@type":"CommentAction","name":"Comment","target":["https:\/\/www.vitalibera.org\/community\/2026\/04\/30\/fahrradfahren-nach-hirnverletzung-sicherheit-vor-tempo\/#respond"]}]},{"@type":"WebPage","@id":"https:\/\/www.vitalibera.org\/community\/2026\/04\/30\/fahrradfahren-nach-hirnverletzung-sicherheit-vor-tempo\/","url":"https:\/\/www.vitalibera.org\/community\/2026\/04\/30\/fahrradfahren-nach-hirnverletzung-sicherheit-vor-tempo\/","name":"Fahrradfahren nach Hirnverletzung: Sicherheit vor Tempo - vitalibera.org","isPartOf":{"@id":"https:\/\/www.vitalibera.org\/community\/#website"},"primaryImageOfPage":{"@id":"https:\/\/www.vitalibera.org\/community\/2026\/04\/30\/fahrradfahren-nach-hirnverletzung-sicherheit-vor-tempo\/#primaryimage"},"image":{"@id":"https:\/\/www.vitalibera.org\/community\/2026\/04\/30\/fahrradfahren-nach-hirnverletzung-sicherheit-vor-tempo\/#primaryimage"},"thumbnailUrl":"https:\/\/www.vitalibera.org\/community\/wp-content\/uploads\/2026\/04\/velo1809.png","datePublished":"2026-04-30T11:19:05+00:00","dateModified":"2026-04-30T11:20:37+00:00","breadcrumb":{"@id":"https:\/\/www.vitalibera.org\/community\/2026\/04\/30\/fahrradfahren-nach-hirnverletzung-sicherheit-vor-tempo\/#breadcrumb"},"inLanguage":"de","potentialAction":[{"@type":"ReadAction","target":["https:\/\/www.vitalibera.org\/community\/2026\/04\/30\/fahrradfahren-nach-hirnverletzung-sicherheit-vor-tempo\/"]}]},{"@type":"BreadcrumbList","@id":"https:\/\/www.vitalibera.org\/community\/2026\/04\/30\/fahrradfahren-nach-hirnverletzung-sicherheit-vor-tempo\/#breadcrumb","itemListElement":[{"@type":"ListItem","position":1,"name":"Startseite","item":"https:\/\/www.vitalibera.org\/community\/"},{"@type":"ListItem","position":2,"name":"Fahrradfahren nach Hirnverletzung: Sicherheit vor Tempo"}]},{"@type":"WebSite","@id":"https:\/\/www.vitalibera.org\/community\/#website","url":"https:\/\/www.vitalibera.org\/community\/","name":"vitalibera.org","description":"Mit einer Einschr&auml;nkung gestaltet sich das Leben im Alltag oft schwieriger - hier berichten wir &uuml;ber unsere Erfahrungen und Hilfsmittel um den Alltag so unbeschwert und unkompliziert wie nur m&ouml;glich geniessen zu k&ouml;nnen. Dabei richten wir unseren Fokus gezielt auf Selbst&auml;ndigkeit, Eigenst&auml;ndigkeit und Selbstbestimmung.","publisher":{"@id":"https:\/\/www.vitalibera.org\/community\/#organization"},"potentialAction":[{"@type":"SearchAction","target":{"@type":"EntryPoint","urlTemplate":"https:\/\/www.vitalibera.org\/community\/?s={search_term_string}"},"query-input":{"@type":"PropertyValueSpecification","valueRequired":true,"valueName":"search_term_string"}}],"inLanguage":"de"},{"@type":"Organization","@id":"https:\/\/www.vitalibera.org\/community\/#organization","name":"vitalibera.org","url":"https:\/\/www.vitalibera.org\/community\/","logo":{"@type":"ImageObject","inLanguage":"de","@id":"https:\/\/www.vitalibera.org\/community\/#\/schema\/logo\/image\/","url":"https:\/\/www.vitalibera.org\/community\/wp-content\/uploads\/2025\/09\/cropped-banner.png","contentUrl":"https:\/\/www.vitalibera.org\/community\/wp-content\/uploads\/2025\/09\/cropped-banner.png","width":991,"height":150,"caption":"vitalibera.org"},"image":{"@id":"https:\/\/www.vitalibera.org\/community\/#\/schema\/logo\/image\/"},"sameAs":["https:\/\/www.facebook.com\/groups\/2997085857140235"]},{"@type":"Person","@id":"https:\/\/www.vitalibera.org\/community\/#\/schema\/person\/6712387298421f222ff6d0a2e22c1534","name":"Andreas Jecklin","image":{"@type":"ImageObject","inLanguage":"de","@id":"https:\/\/secure.gravatar.com\/avatar\/ad516503a11cd5ca435acc9bb6523536?s=96","url":"https:\/\/secure.gravatar.com\/avatar\/ad516503a11cd5ca435acc9bb6523536?s=96","contentUrl":"https:\/\/secure.gravatar.com\/avatar\/ad516503a11cd5ca435acc9bb6523536?s=96","caption":"Andreas Jecklin"},"description":"Manchen gab Gott die Kraft Dinge zu ver\u00e4ndern, mir gab er die Kraft zu ertragen was nicht mehr zu \u00e4ndern ist.","url":"https:\/\/www.vitalibera.org\/community\/author\/andy77\/"}]}},"jetpack_featured_media_url":"https:\/\/www.vitalibera.org\/community\/wp-content\/uploads\/2026\/04\/velo1809.png","jetpack_sharing_enabled":true,"jetpack-related-posts":[],"_links":{"self":[{"href":"https:\/\/www.vitalibera.org\/community\/wp-json\/wp\/v2\/posts\/7082","targetHints":{"allow":["GET"]}}],"collection":[{"href":"https:\/\/www.vitalibera.org\/community\/wp-json\/wp\/v2\/posts"}],"about":[{"href":"https:\/\/www.vitalibera.org\/community\/wp-json\/wp\/v2\/types\/post"}],"author":[{"embeddable":true,"href":"https:\/\/www.vitalibera.org\/community\/wp-json\/wp\/v2\/users\/2"}],"replies":[{"embeddable":true,"href":"https:\/\/www.vitalibera.org\/community\/wp-json\/wp\/v2\/comments?post=7082"}],"version-history":[{"count":1,"href":"https:\/\/www.vitalibera.org\/community\/wp-json\/wp\/v2\/posts\/7082\/revisions"}],"predecessor-version":[{"id":7085,"href":"https:\/\/www.vitalibera.org\/community\/wp-json\/wp\/v2\/posts\/7082\/revisions\/7085"}],"wp:featuredmedia":[{"embeddable":true,"href":"https:\/\/www.vitalibera.org\/community\/wp-json\/wp\/v2\/media\/7084"}],"wp:attachment":[{"href":"https:\/\/www.vitalibera.org\/community\/wp-json\/wp\/v2\/media?parent=7082"}],"wp:term":[{"taxonomy":"category","embeddable":true,"href":"https:\/\/www.vitalibera.org\/community\/wp-json\/wp\/v2\/categories?post=7082"},{"taxonomy":"post_tag","embeddable":true,"href":"https:\/\/www.vitalibera.org\/community\/wp-json\/wp\/v2\/tags?post=7082"}],"curies":[{"name":"wp","href":"https:\/\/api.w.org\/{rel}","templated":true}]}}