{"id":7086,"date":"2026-04-30T14:11:35","date_gmt":"2026-04-30T12:11:35","guid":{"rendered":"https:\/\/www.vitalibera.org\/community\/?p=7086"},"modified":"2026-04-30T14:12:50","modified_gmt":"2026-04-30T12:12:50","slug":"fragen-ordnen-kopf-entlasten","status":"publish","type":"post","link":"https:\/\/www.vitalibera.org\/community\/2026\/04\/30\/fragen-ordnen-kopf-entlasten\/","title":{"rendered":"Fragen ordnen, Kopf entlasten"},"content":{"rendered":"\n<div class=\"wp-block-media-text is-stacked-on-mobile\"><figure class=\"wp-block-media-text__media\"><img fetchpriority=\"high\" decoding=\"async\" width=\"1000\" height=\"1000\" src=\"https:\/\/www.vitalibera.org\/community\/wp-content\/uploads\/2026\/04\/e5db1fa54a6b76c48c2291e2d7b86372-1.jpg\" alt=\"\" class=\"wp-image-7087 size-full\" srcset=\"https:\/\/www.vitalibera.org\/community\/wp-content\/uploads\/2026\/04\/e5db1fa54a6b76c48c2291e2d7b86372-1.jpg 1000w, https:\/\/www.vitalibera.org\/community\/wp-content\/uploads\/2026\/04\/e5db1fa54a6b76c48c2291e2d7b86372-1-300x300.jpg 300w, https:\/\/www.vitalibera.org\/community\/wp-content\/uploads\/2026\/04\/e5db1fa54a6b76c48c2291e2d7b86372-1-150x150.jpg 150w, https:\/\/www.vitalibera.org\/community\/wp-content\/uploads\/2026\/04\/e5db1fa54a6b76c48c2291e2d7b86372-1-768x768.jpg 768w\" sizes=\"(max-width: 1000px) 100vw, 1000px\" \/><\/figure><div class=\"wp-block-media-text__content\">\n<p>Nach einer Hirnverletzung tauchen pl\u00f6tzlich Fragen auf, die vorher nie eine Rolle gespielt haben. Manche sind medizinisch, andere praktisch, wieder andere betreffen Identit\u00e4t, Alltag oder Grenzen. <\/p>\n\n\n\n<p>Das kann sich schnell wie ein un\u00fcbersichtlicher Berg anf\u00fchlen. Doch Fragen sind kein Problem und kein Zeichen von Unsicherheit \u2013 sie sind ein Werkzeug. Sie helfen, Orientierung zur\u00fcckzugewinnen, Entscheidungen bewusst zu treffen und den eigenen Weg zu strukturieren.<\/p>\n\n\n\n<p>Eine gute Fragen\u2011Checkliste entlastet das Denken: Sie sortiert, was wichtig ist, h\u00e4lt fest, was gekl\u00e4rt werden muss, und sch\u00fctzt davor, in Terminen etwas zu vergessen. So entsteht Klarheit, Schritt f\u00fcr Schritt, ohne \u00dcberforderung.<\/p>\n<\/div><\/div>\n\n\n\n<h6 class=\"wp-block-heading\"><strong>1. Sortiere nach Zweck, nicht nach Thema<\/strong><\/h6>\n\n\n\n<ul class=\"wp-block-list\">\n<li><strong>Verstehen:<\/strong> Was passiert im K\u00f6rper, im Gehirn, in der Reha<\/li>\n\n\n\n<li><strong>Entscheiden:<\/strong> Was betrifft Therapie, Alltag, Arbeit, Rechte<\/li>\n\n\n\n<li><strong>Abgrenzen:<\/strong> Was geh\u00f6rt zu dir \u2013 was zu \u00c4rzt:innen, Beh\u00f6rden, Umfeld<\/li>\n<\/ul>\n\n\n\n<p>\u2192 Jede Frage bekommt ihren Platz, nicht ihren Stapel.<\/p>\n\n\n\n<h6 class=\"wp-block-heading\"><strong>2. Nutze Formate, die dein Denken entlasten<\/strong><\/h6>\n\n\n\n<ul class=\"wp-block-list\">\n<li><strong>Fragenlisten<\/strong> (kurz, klar, 3\u20135 Punkte pro Termin)<\/li>\n\n\n\n<li><strong>Karten oder Sticker<\/strong> mit Kernfragen (\u201eWas hilft mir konkret?\u201c)<\/li>\n\n\n\n<li><strong>Comic\u2011 oder Symbolform<\/strong> f\u00fcr komplexe Themen (z.\u202fB. \u201eDas Gehirn testet nicht \u2013 es lernt\u201c)<\/li>\n<\/ul>\n\n\n\n<p>\u2192 So bleibt der \u00dcberblick erhalten, auch bei Fatigue oder Reizflut.<\/p>\n\n\n\n<h6 class=\"wp-block-heading\"><strong>3. Baue eine kleine \u201eFragen\u2011Werkstatt\u201c<\/strong><\/h6>\n\n\n\n<p>Ein Ordner oder digitales Dokument mit Rubriken:<\/p>\n\n\n\n<ul class=\"wp-block-list\">\n<li><strong>Medizinisch<\/strong><\/li>\n\n\n\n<li><strong>Therapeutisch<\/strong><\/li>\n\n\n\n<li><strong>Alltag &amp; Energie<\/strong><\/li>\n\n\n\n<li><strong>Selbstbestimmung &amp; Rechte<\/strong><\/li>\n\n\n\n<li><strong>Emotion &amp; Identit\u00e4t<\/strong><\/li>\n<\/ul>\n\n\n\n<p>\u2192 Jede neue Frage landet dort, bis du entscheidest, ob sie wichtig, beantwortet oder \u00fcberfl\u00fcssig ist.<\/p>\n\n\n\n<h4 class=\"wp-block-heading\">\u201e<em><strong>Fragen sind kein Chaos \u2013 sie sind Orientierung.\u201c<\/strong><\/em><\/h4>\n\n\n\n<div class=\"wp-block-media-text is-stacked-on-mobile is-vertically-aligned-top\"><figure class=\"wp-block-media-text__media\"><img decoding=\"async\" width=\"405\" height=\"240\" src=\"http:\/\/www.vitalibera.org\/community\/wp-content\/uploads\/2026\/04\/52045b3b46e0bb7d23c97b984893abe5.jpg\" alt=\"\" class=\"wp-image-7089 size-full\" srcset=\"https:\/\/www.vitalibera.org\/community\/wp-content\/uploads\/2026\/04\/52045b3b46e0bb7d23c97b984893abe5.jpg 405w, https:\/\/www.vitalibera.org\/community\/wp-content\/uploads\/2026\/04\/52045b3b46e0bb7d23c97b984893abe5-300x178.jpg 300w\" sizes=\"(max-width: 405px) 100vw, 405px\" \/><\/figure><div class=\"wp-block-media-text__content\">\n<p><strong>Neurofreundliche Fragen\u2011Checkliste<\/strong><\/p>\n\n\n\n<h6 class=\"wp-block-heading\"><strong>1. Verst\u00e4ndnis<\/strong><\/h6>\n\n\n\n<ul class=\"wp-block-list\">\n<li>Was bedeutet das in einfachen Worten?<\/li>\n\n\n\n<li>Welche Funktion hat der <a href=\"https:\/\/www.vitalibera.org\/community\/2026\/04\/19\/wenn-reize-laut-werden-und-menschen-leise\/\">betroffene<\/a> Bereich?<\/li>\n\n\n\n<li>Was ist die wahrscheinlichste Erkl\u00e4rung f\u00fcr meine Beschwerden?<\/li>\n<\/ul>\n\n\n\n<h6 class=\"wp-block-heading\"><strong>2. Untersuchung &amp; Diagnose<\/strong><\/h6>\n\n\n\n<ul class=\"wp-block-list\">\n<li>Warum empfehlen Sie diese Untersuchung?<\/li>\n\n\n\n<li>Was soll damit ausgeschlossen oder best\u00e4tigt werden?<\/li>\n\n\n\n<li>Gibt es eine weniger belastende Alternative?<\/li>\n<\/ul>\n\n\n\n<h6 class=\"wp-block-heading\"><strong>3. Behandlung &amp; Entscheidung<\/strong><\/h6>\n\n\n\n<ul class=\"wp-block-list\">\n<li>Welche Optionen habe ich \u2013 und was spricht f\u00fcr welche?<\/li>\n\n\n\n<li>Was passiert, wenn ich erstmal abwarte?<\/li>\n\n\n\n<li>Welche Risiken muss ich realistisch kennen?<\/li>\n<\/ul>\n\n\n\n<h6 class=\"wp-block-heading\"><strong>4. Alltag &amp; Belastung<\/strong><\/h6>\n\n\n\n<ul class=\"wp-block-list\">\n<li>Was darf ich tun, was sollte ich vermeiden?<\/li>\n\n\n\n<li>Woran erkenne ich, dass ich zu viel mache?<\/li>\n\n\n\n<li>Welche Warnsignale w\u00e4ren wichtig?<\/li>\n<\/ul>\n\n\n\n<h6 class=\"wp-block-heading\"><strong>5. Organisation &amp; Orientierung<\/strong><\/h6>\n\n\n\n<ul class=\"wp-block-list\">\n<li>Was sind die n\u00e4chsten Schritte \u2013 und in welcher Reihenfolge?<\/li>\n\n\n\n<li>Wann sollte ich wiederkommen?<\/li>\n\n\n\n<li>K\u00f6nnen Sie mir das schriftlich geben?<\/li>\n<\/ul>\n\n\n\n<h6 class=\"wp-block-heading\"><strong>Kurzformel<\/strong><\/h6>\n\n\n\n<p>\u201eIch brauche klare, einfache Informationen und Orientierung, was jetzt wichtig ist.\u201c<\/p>\n<\/div><\/div>\n\n\n\n<div class=\"wp-block-media-text is-stacked-on-mobile\" style=\"grid-template-columns:34% auto\"><figure class=\"wp-block-media-text__media\"><img decoding=\"async\" width=\"302\" height=\"277\" src=\"http:\/\/www.vitalibera.org\/community\/wp-content\/uploads\/2026\/03\/tip3.png\" alt=\"\" class=\"wp-image-6087 size-full\" srcset=\"https:\/\/www.vitalibera.org\/community\/wp-content\/uploads\/2026\/03\/tip3.png 302w, https:\/\/www.vitalibera.org\/community\/wp-content\/uploads\/2026\/03\/tip3-300x275.png 300w\" sizes=\"(max-width: 302px) 100vw, 302px\" \/><\/figure><div class=\"wp-block-media-text__content\">\n<p><strong>\u201eMach aus jeder gro\u00dfen Frage eine kleine Entscheidung: Was ist <\/strong><em><strong>jetzt<\/strong><\/em><strong> wichtig, was kann warten.\u201c<\/strong><\/p>\n\n\n\n<p>Das entlastet dein System, stoppt das Gedankenkreisen und gibt dir sofort wieder Orientierung.<\/p>\n<\/div><\/div>\n","protected":false},"excerpt":{"rendered":"<p>Nach einer Hirnverletzung tauchen pl\u00f6tzlich Fragen auf, die vorher nie eine Rolle gespielt haben. Manche sind medizinisch, andere praktisch, wieder andere betreffen Identit\u00e4t, Alltag oder Grenzen. Das kann sich schnell wie ein un\u00fcbersichtlicher Berg anf\u00fchlen. Doch Fragen sind kein Problem und kein Zeichen von Unsicherheit \u2013 sie sind ein Werkzeug. Sie helfen, Orientierung zur\u00fcckzugewinnen, Entscheidungen &#8230; <a title=\"Fragen ordnen, Kopf entlasten\" class=\"read-more\" href=\"https:\/\/www.vitalibera.org\/community\/2026\/04\/30\/fragen-ordnen-kopf-entlasten\/\" aria-label=\"Mehr Informationen \u00fcber Fragen ordnen, Kopf entlasten\">Weiterlesen<\/a><\/p>\n","protected":false},"author":2,"featured_media":7087,"comment_status":"open","ping_status":"open","sticky":false,"template":"","format":"standard","meta":{"cybocfi_hide_featured_image":"yes","_jetpack_memberships_contains_paid_content":false,"footnotes":""},"categories":[225],"tags":[],"class_list":["post-7086","post","type-post","status-publish","format-standard","has-post-thumbnail","hentry","category-hilfe-fuer-angehoerige"],"yoast_head":"<!-- This site is optimized with the Yoast SEO plugin v27.4 - https:\/\/yoast.com\/product\/yoast-seo-wordpress\/ -->\r\n<title>Fragen ordnen, Kopf entlasten - vitalibera.org<\/title>\r\n<meta name=\"robots\" content=\"index, follow, max-snippet:-1, max-image-preview:large, max-video-preview:-1\" \/>\r\n<link rel=\"canonical\" href=\"https:\/\/www.vitalibera.org\/community\/2026\/04\/30\/fragen-ordnen-kopf-entlasten\/\" \/>\r\n<meta property=\"og:locale\" content=\"de_DE\" \/>\r\n<meta property=\"og:type\" content=\"article\" \/>\r\n<meta property=\"og:title\" content=\"Fragen ordnen, Kopf entlasten - vitalibera.org\" \/>\r\n<meta property=\"og:description\" content=\"Nach einer Hirnverletzung tauchen pl\u00f6tzlich Fragen auf, die vorher nie eine Rolle gespielt haben. Manche sind medizinisch, andere praktisch, wieder andere betreffen Identit\u00e4t, Alltag oder Grenzen. Das kann sich schnell wie ein un\u00fcbersichtlicher Berg anf\u00fchlen. Doch Fragen sind kein Problem und kein Zeichen von Unsicherheit \u2013 sie sind ein Werkzeug. Sie helfen, Orientierung zur\u00fcckzugewinnen, Entscheidungen ... Weiterlesen\" \/>\r\n<meta property=\"og:url\" content=\"https:\/\/www.vitalibera.org\/community\/2026\/04\/30\/fragen-ordnen-kopf-entlasten\/\" \/>\r\n<meta property=\"og:site_name\" content=\"vitalibera.org\" \/>\r\n<meta property=\"article:publisher\" content=\"https:\/\/www.facebook.com\/groups\/2997085857140235\" \/>\r\n<meta property=\"article:published_time\" content=\"2026-04-30T12:11:35+00:00\" \/>\r\n<meta property=\"article:modified_time\" content=\"2026-04-30T12:12:50+00:00\" \/>\r\n<meta property=\"og:image\" content=\"http:\/\/www.vitalibera.org\/community\/wp-content\/uploads\/2026\/04\/e5db1fa54a6b76c48c2291e2d7b86372-1.jpg\" \/>\r\n\t<meta property=\"og:image:width\" content=\"1000\" \/>\r\n\t<meta property=\"og:image:height\" content=\"1000\" \/>\r\n\t<meta property=\"og:image:type\" content=\"image\/jpeg\" \/>\r\n<meta name=\"author\" content=\"Andreas Jecklin\" \/>\r\n<meta name=\"twitter:card\" content=\"summary_large_image\" \/>\r\n<meta name=\"twitter:label1\" content=\"Verfasst von\" \/>\n\t<meta name=\"twitter:data1\" content=\"Andreas Jecklin\" \/>\n\t<meta name=\"twitter:label2\" content=\"Gesch\u00e4tzte Lesezeit\" \/>\n\t<meta name=\"twitter:data2\" content=\"3\u00a0Minuten\" \/>\r\n<script type=\"application\/ld+json\" class=\"yoast-schema-graph\">{\"@context\":\"https:\\\/\\\/schema.org\",\"@graph\":[{\"@type\":\"Article\",\"@id\":\"https:\\\/\\\/www.vitalibera.org\\\/community\\\/2026\\\/04\\\/30\\\/fragen-ordnen-kopf-entlasten\\\/#article\",\"isPartOf\":{\"@id\":\"https:\\\/\\\/www.vitalibera.org\\\/community\\\/2026\\\/04\\\/30\\\/fragen-ordnen-kopf-entlasten\\\/\"},\"author\":{\"name\":\"Andreas Jecklin\",\"@id\":\"https:\\\/\\\/www.vitalibera.org\\\/community\\\/#\\\/schema\\\/person\\\/6712387298421f222ff6d0a2e22c1534\"},\"headline\":\"Fragen ordnen, Kopf entlasten\",\"datePublished\":\"2026-04-30T12:11:35+00:00\",\"dateModified\":\"2026-04-30T12:12:50+00:00\",\"mainEntityOfPage\":{\"@id\":\"https:\\\/\\\/www.vitalibera.org\\\/community\\\/2026\\\/04\\\/30\\\/fragen-ordnen-kopf-entlasten\\\/\"},\"wordCount\":411,\"commentCount\":0,\"publisher\":{\"@id\":\"https:\\\/\\\/www.vitalibera.org\\\/community\\\/#organization\"},\"image\":{\"@id\":\"https:\\\/\\\/www.vitalibera.org\\\/community\\\/2026\\\/04\\\/30\\\/fragen-ordnen-kopf-entlasten\\\/#primaryimage\"},\"thumbnailUrl\":\"https:\\\/\\\/www.vitalibera.org\\\/community\\\/wp-content\\\/uploads\\\/2026\\\/04\\\/e5db1fa54a6b76c48c2291e2d7b86372-1.jpg\",\"articleSection\":[\"Hilfe f\u00fcr Angeh\u00f6rige\"],\"inLanguage\":\"de\",\"potentialAction\":[{\"@type\":\"CommentAction\",\"name\":\"Comment\",\"target\":[\"https:\\\/\\\/www.vitalibera.org\\\/community\\\/2026\\\/04\\\/30\\\/fragen-ordnen-kopf-entlasten\\\/#respond\"]}]},{\"@type\":\"WebPage\",\"@id\":\"https:\\\/\\\/www.vitalibera.org\\\/community\\\/2026\\\/04\\\/30\\\/fragen-ordnen-kopf-entlasten\\\/\",\"url\":\"https:\\\/\\\/www.vitalibera.org\\\/community\\\/2026\\\/04\\\/30\\\/fragen-ordnen-kopf-entlasten\\\/\",\"name\":\"Fragen ordnen, Kopf entlasten - vitalibera.org\",\"isPartOf\":{\"@id\":\"https:\\\/\\\/www.vitalibera.org\\\/community\\\/#website\"},\"primaryImageOfPage\":{\"@id\":\"https:\\\/\\\/www.vitalibera.org\\\/community\\\/2026\\\/04\\\/30\\\/fragen-ordnen-kopf-entlasten\\\/#primaryimage\"},\"image\":{\"@id\":\"https:\\\/\\\/www.vitalibera.org\\\/community\\\/2026\\\/04\\\/30\\\/fragen-ordnen-kopf-entlasten\\\/#primaryimage\"},\"thumbnailUrl\":\"https:\\\/\\\/www.vitalibera.org\\\/community\\\/wp-content\\\/uploads\\\/2026\\\/04\\\/e5db1fa54a6b76c48c2291e2d7b86372-1.jpg\",\"datePublished\":\"2026-04-30T12:11:35+00:00\",\"dateModified\":\"2026-04-30T12:12:50+00:00\",\"breadcrumb\":{\"@id\":\"https:\\\/\\\/www.vitalibera.org\\\/community\\\/2026\\\/04\\\/30\\\/fragen-ordnen-kopf-entlasten\\\/#breadcrumb\"},\"inLanguage\":\"de\",\"potentialAction\":[{\"@type\":\"ReadAction\",\"target\":[\"https:\\\/\\\/www.vitalibera.org\\\/community\\\/2026\\\/04\\\/30\\\/fragen-ordnen-kopf-entlasten\\\/\"]}]},{\"@type\":\"BreadcrumbList\",\"@id\":\"https:\\\/\\\/www.vitalibera.org\\\/community\\\/2026\\\/04\\\/30\\\/fragen-ordnen-kopf-entlasten\\\/#breadcrumb\",\"itemListElement\":[{\"@type\":\"ListItem\",\"position\":1,\"name\":\"Startseite\",\"item\":\"https:\\\/\\\/www.vitalibera.org\\\/community\\\/\"},{\"@type\":\"ListItem\",\"position\":2,\"name\":\"Fragen ordnen, Kopf entlasten\"}]},{\"@type\":\"WebSite\",\"@id\":\"https:\\\/\\\/www.vitalibera.org\\\/community\\\/#website\",\"url\":\"https:\\\/\\\/www.vitalibera.org\\\/community\\\/\",\"name\":\"vitalibera.org\",\"description\":\"Mit einer Einschr&auml;nkung gestaltet sich das Leben im Alltag oft schwieriger - hier berichten wir &uuml;ber unsere Erfahrungen und Hilfsmittel um den Alltag so unbeschwert und unkompliziert wie nur m&ouml;glich geniessen zu k&ouml;nnen. Dabei richten wir unseren Fokus gezielt auf Selbst&auml;ndigkeit, Eigenst&auml;ndigkeit und Selbstbestimmung.\",\"publisher\":{\"@id\":\"https:\\\/\\\/www.vitalibera.org\\\/community\\\/#organization\"},\"potentialAction\":[{\"@type\":\"SearchAction\",\"target\":{\"@type\":\"EntryPoint\",\"urlTemplate\":\"https:\\\/\\\/www.vitalibera.org\\\/community\\\/?s={search_term_string}\"},\"query-input\":{\"@type\":\"PropertyValueSpecification\",\"valueRequired\":true,\"valueName\":\"search_term_string\"}}],\"inLanguage\":\"de\"},{\"@type\":\"Organization\",\"@id\":\"https:\\\/\\\/www.vitalibera.org\\\/community\\\/#organization\",\"name\":\"vitalibera.org\",\"url\":\"https:\\\/\\\/www.vitalibera.org\\\/community\\\/\",\"logo\":{\"@type\":\"ImageObject\",\"inLanguage\":\"de\",\"@id\":\"https:\\\/\\\/www.vitalibera.org\\\/community\\\/#\\\/schema\\\/logo\\\/image\\\/\",\"url\":\"https:\\\/\\\/www.vitalibera.org\\\/community\\\/wp-content\\\/uploads\\\/2025\\\/09\\\/cropped-banner.png\",\"contentUrl\":\"https:\\\/\\\/www.vitalibera.org\\\/community\\\/wp-content\\\/uploads\\\/2025\\\/09\\\/cropped-banner.png\",\"width\":991,\"height\":150,\"caption\":\"vitalibera.org\"},\"image\":{\"@id\":\"https:\\\/\\\/www.vitalibera.org\\\/community\\\/#\\\/schema\\\/logo\\\/image\\\/\"},\"sameAs\":[\"https:\\\/\\\/www.facebook.com\\\/groups\\\/2997085857140235\"]},{\"@type\":\"Person\",\"@id\":\"https:\\\/\\\/www.vitalibera.org\\\/community\\\/#\\\/schema\\\/person\\\/6712387298421f222ff6d0a2e22c1534\",\"name\":\"Andreas Jecklin\",\"image\":{\"@type\":\"ImageObject\",\"inLanguage\":\"de\",\"@id\":\"https:\\\/\\\/secure.gravatar.com\\\/avatar\\\/ad516503a11cd5ca435acc9bb6523536?s=96\",\"url\":\"https:\\\/\\\/secure.gravatar.com\\\/avatar\\\/ad516503a11cd5ca435acc9bb6523536?s=96\",\"contentUrl\":\"https:\\\/\\\/secure.gravatar.com\\\/avatar\\\/ad516503a11cd5ca435acc9bb6523536?s=96\",\"caption\":\"Andreas Jecklin\"},\"description\":\"Manchen gab Gott die Kraft Dinge zu ver\u00e4ndern, mir gab er die Kraft zu ertragen was nicht mehr zu \u00e4ndern ist.\",\"url\":\"https:\\\/\\\/www.vitalibera.org\\\/community\\\/author\\\/andy77\\\/\"}]}<\/script>\r\n<!-- \/ Yoast SEO plugin. -->","yoast_head_json":{"title":"Fragen ordnen, Kopf entlasten - vitalibera.org","robots":{"index":"index","follow":"follow","max-snippet":"max-snippet:-1","max-image-preview":"max-image-preview:large","max-video-preview":"max-video-preview:-1"},"canonical":"https:\/\/www.vitalibera.org\/community\/2026\/04\/30\/fragen-ordnen-kopf-entlasten\/","og_locale":"de_DE","og_type":"article","og_title":"Fragen ordnen, Kopf entlasten - vitalibera.org","og_description":"Nach einer Hirnverletzung tauchen pl\u00f6tzlich Fragen auf, die vorher nie eine Rolle gespielt haben. Manche sind medizinisch, andere praktisch, wieder andere betreffen Identit\u00e4t, Alltag oder Grenzen. Das kann sich schnell wie ein un\u00fcbersichtlicher Berg anf\u00fchlen. Doch Fragen sind kein Problem und kein Zeichen von Unsicherheit \u2013 sie sind ein Werkzeug. Sie helfen, Orientierung zur\u00fcckzugewinnen, Entscheidungen ... Weiterlesen","og_url":"https:\/\/www.vitalibera.org\/community\/2026\/04\/30\/fragen-ordnen-kopf-entlasten\/","og_site_name":"vitalibera.org","article_publisher":"https:\/\/www.facebook.com\/groups\/2997085857140235","article_published_time":"2026-04-30T12:11:35+00:00","article_modified_time":"2026-04-30T12:12:50+00:00","og_image":[{"width":1000,"height":1000,"url":"http:\/\/www.vitalibera.org\/community\/wp-content\/uploads\/2026\/04\/e5db1fa54a6b76c48c2291e2d7b86372-1.jpg","type":"image\/jpeg"}],"author":"Andreas Jecklin","twitter_card":"summary_large_image","twitter_misc":{"Verfasst von":"Andreas Jecklin","Gesch\u00e4tzte Lesezeit":"3\u00a0Minuten"},"schema":{"@context":"https:\/\/schema.org","@graph":[{"@type":"Article","@id":"https:\/\/www.vitalibera.org\/community\/2026\/04\/30\/fragen-ordnen-kopf-entlasten\/#article","isPartOf":{"@id":"https:\/\/www.vitalibera.org\/community\/2026\/04\/30\/fragen-ordnen-kopf-entlasten\/"},"author":{"name":"Andreas Jecklin","@id":"https:\/\/www.vitalibera.org\/community\/#\/schema\/person\/6712387298421f222ff6d0a2e22c1534"},"headline":"Fragen ordnen, Kopf entlasten","datePublished":"2026-04-30T12:11:35+00:00","dateModified":"2026-04-30T12:12:50+00:00","mainEntityOfPage":{"@id":"https:\/\/www.vitalibera.org\/community\/2026\/04\/30\/fragen-ordnen-kopf-entlasten\/"},"wordCount":411,"commentCount":0,"publisher":{"@id":"https:\/\/www.vitalibera.org\/community\/#organization"},"image":{"@id":"https:\/\/www.vitalibera.org\/community\/2026\/04\/30\/fragen-ordnen-kopf-entlasten\/#primaryimage"},"thumbnailUrl":"https:\/\/www.vitalibera.org\/community\/wp-content\/uploads\/2026\/04\/e5db1fa54a6b76c48c2291e2d7b86372-1.jpg","articleSection":["Hilfe f\u00fcr Angeh\u00f6rige"],"inLanguage":"de","potentialAction":[{"@type":"CommentAction","name":"Comment","target":["https:\/\/www.vitalibera.org\/community\/2026\/04\/30\/fragen-ordnen-kopf-entlasten\/#respond"]}]},{"@type":"WebPage","@id":"https:\/\/www.vitalibera.org\/community\/2026\/04\/30\/fragen-ordnen-kopf-entlasten\/","url":"https:\/\/www.vitalibera.org\/community\/2026\/04\/30\/fragen-ordnen-kopf-entlasten\/","name":"Fragen ordnen, Kopf entlasten - vitalibera.org","isPartOf":{"@id":"https:\/\/www.vitalibera.org\/community\/#website"},"primaryImageOfPage":{"@id":"https:\/\/www.vitalibera.org\/community\/2026\/04\/30\/fragen-ordnen-kopf-entlasten\/#primaryimage"},"image":{"@id":"https:\/\/www.vitalibera.org\/community\/2026\/04\/30\/fragen-ordnen-kopf-entlasten\/#primaryimage"},"thumbnailUrl":"https:\/\/www.vitalibera.org\/community\/wp-content\/uploads\/2026\/04\/e5db1fa54a6b76c48c2291e2d7b86372-1.jpg","datePublished":"2026-04-30T12:11:35+00:00","dateModified":"2026-04-30T12:12:50+00:00","breadcrumb":{"@id":"https:\/\/www.vitalibera.org\/community\/2026\/04\/30\/fragen-ordnen-kopf-entlasten\/#breadcrumb"},"inLanguage":"de","potentialAction":[{"@type":"ReadAction","target":["https:\/\/www.vitalibera.org\/community\/2026\/04\/30\/fragen-ordnen-kopf-entlasten\/"]}]},{"@type":"BreadcrumbList","@id":"https:\/\/www.vitalibera.org\/community\/2026\/04\/30\/fragen-ordnen-kopf-entlasten\/#breadcrumb","itemListElement":[{"@type":"ListItem","position":1,"name":"Startseite","item":"https:\/\/www.vitalibera.org\/community\/"},{"@type":"ListItem","position":2,"name":"Fragen ordnen, Kopf entlasten"}]},{"@type":"WebSite","@id":"https:\/\/www.vitalibera.org\/community\/#website","url":"https:\/\/www.vitalibera.org\/community\/","name":"vitalibera.org","description":"Mit einer Einschr&auml;nkung gestaltet sich das Leben im Alltag oft schwieriger - hier berichten wir &uuml;ber unsere Erfahrungen und Hilfsmittel um den Alltag so unbeschwert und unkompliziert wie nur m&ouml;glich geniessen zu k&ouml;nnen. Dabei richten wir unseren Fokus gezielt auf Selbst&auml;ndigkeit, Eigenst&auml;ndigkeit und Selbstbestimmung.","publisher":{"@id":"https:\/\/www.vitalibera.org\/community\/#organization"},"potentialAction":[{"@type":"SearchAction","target":{"@type":"EntryPoint","urlTemplate":"https:\/\/www.vitalibera.org\/community\/?s={search_term_string}"},"query-input":{"@type":"PropertyValueSpecification","valueRequired":true,"valueName":"search_term_string"}}],"inLanguage":"de"},{"@type":"Organization","@id":"https:\/\/www.vitalibera.org\/community\/#organization","name":"vitalibera.org","url":"https:\/\/www.vitalibera.org\/community\/","logo":{"@type":"ImageObject","inLanguage":"de","@id":"https:\/\/www.vitalibera.org\/community\/#\/schema\/logo\/image\/","url":"https:\/\/www.vitalibera.org\/community\/wp-content\/uploads\/2025\/09\/cropped-banner.png","contentUrl":"https:\/\/www.vitalibera.org\/community\/wp-content\/uploads\/2025\/09\/cropped-banner.png","width":991,"height":150,"caption":"vitalibera.org"},"image":{"@id":"https:\/\/www.vitalibera.org\/community\/#\/schema\/logo\/image\/"},"sameAs":["https:\/\/www.facebook.com\/groups\/2997085857140235"]},{"@type":"Person","@id":"https:\/\/www.vitalibera.org\/community\/#\/schema\/person\/6712387298421f222ff6d0a2e22c1534","name":"Andreas Jecklin","image":{"@type":"ImageObject","inLanguage":"de","@id":"https:\/\/secure.gravatar.com\/avatar\/ad516503a11cd5ca435acc9bb6523536?s=96","url":"https:\/\/secure.gravatar.com\/avatar\/ad516503a11cd5ca435acc9bb6523536?s=96","contentUrl":"https:\/\/secure.gravatar.com\/avatar\/ad516503a11cd5ca435acc9bb6523536?s=96","caption":"Andreas Jecklin"},"description":"Manchen gab Gott die Kraft Dinge zu ver\u00e4ndern, mir gab er die Kraft zu ertragen was nicht mehr zu \u00e4ndern ist.","url":"https:\/\/www.vitalibera.org\/community\/author\/andy77\/"}]}},"jetpack_featured_media_url":"https:\/\/www.vitalibera.org\/community\/wp-content\/uploads\/2026\/04\/e5db1fa54a6b76c48c2291e2d7b86372-1.jpg","jetpack_sharing_enabled":true,"jetpack-related-posts":[],"_links":{"self":[{"href":"https:\/\/www.vitalibera.org\/community\/wp-json\/wp\/v2\/posts\/7086","targetHints":{"allow":["GET"]}}],"collection":[{"href":"https:\/\/www.vitalibera.org\/community\/wp-json\/wp\/v2\/posts"}],"about":[{"href":"https:\/\/www.vitalibera.org\/community\/wp-json\/wp\/v2\/types\/post"}],"author":[{"embeddable":true,"href":"https:\/\/www.vitalibera.org\/community\/wp-json\/wp\/v2\/users\/2"}],"replies":[{"embeddable":true,"href":"https:\/\/www.vitalibera.org\/community\/wp-json\/wp\/v2\/comments?post=7086"}],"version-history":[{"count":1,"href":"https:\/\/www.vitalibera.org\/community\/wp-json\/wp\/v2\/posts\/7086\/revisions"}],"predecessor-version":[{"id":7090,"href":"https:\/\/www.vitalibera.org\/community\/wp-json\/wp\/v2\/posts\/7086\/revisions\/7090"}],"wp:featuredmedia":[{"embeddable":true,"href":"https:\/\/www.vitalibera.org\/community\/wp-json\/wp\/v2\/media\/7087"}],"wp:attachment":[{"href":"https:\/\/www.vitalibera.org\/community\/wp-json\/wp\/v2\/media?parent=7086"}],"wp:term":[{"taxonomy":"category","embeddable":true,"href":"https:\/\/www.vitalibera.org\/community\/wp-json\/wp\/v2\/categories?post=7086"},{"taxonomy":"post_tag","embeddable":true,"href":"https:\/\/www.vitalibera.org\/community\/wp-json\/wp\/v2\/tags?post=7086"}],"curies":[{"name":"wp","href":"https:\/\/api.w.org\/{rel}","templated":true}]}}