{"id":7092,"date":"2026-04-30T18:12:10","date_gmt":"2026-04-30T16:12:10","guid":{"rendered":"https:\/\/www.vitalibera.org\/community\/?p=7092"},"modified":"2026-04-30T18:16:51","modified_gmt":"2026-04-30T16:16:51","slug":"das-problem-ist-nicht-das-gehirn-das-problem-sind-erwartungen","status":"publish","type":"post","link":"https:\/\/www.vitalibera.org\/community\/2026\/04\/30\/das-problem-ist-nicht-das-gehirn-das-problem-sind-erwartungen\/","title":{"rendered":"Das Problem ist nicht das Gehirn. Das Problem sind Erwartungen"},"content":{"rendered":"\n<div class=\"wp-block-media-text is-stacked-on-mobile\"><figure class=\"wp-block-media-text__media\"><img fetchpriority=\"high\" decoding=\"async\" width=\"310\" height=\"240\" src=\"https:\/\/www.vitalibera.org\/community\/wp-content\/uploads\/2026\/04\/565cd6b3162e0ad2f6e535b0e0464d6a.jpg\" alt=\"\" class=\"wp-image-7093 size-full\" srcset=\"https:\/\/www.vitalibera.org\/community\/wp-content\/uploads\/2026\/04\/565cd6b3162e0ad2f6e535b0e0464d6a.jpg 310w, https:\/\/www.vitalibera.org\/community\/wp-content\/uploads\/2026\/04\/565cd6b3162e0ad2f6e535b0e0464d6a-300x232.jpg 300w\" sizes=\"(max-width: 310px) 100vw, 310px\" \/><\/figure><div class=\"wp-block-media-text__content\">\n<p>Nach einer <a href=\"https:\/\/www.vitalibera.org\/community\/enzyklopaedie\/hirnverletzung\/\" target=\"_self\" title=\"Eine Hirnverletzung (oft als&nbsp;Sch&auml;del-Hirn-Trauma, SHT) ist eine&nbsp;Sch&auml;digung des Gehirns, verursacht durch &auml;u&szlig;ere Gewalteinwirkung (Unfall, Sturz) oder innere Faktoren (Schlaganfall, Tumor). Sie f&uuml;hrt zu k&ouml;rperlichen, kognitiven und verhaltensbezogenen Einschr&auml;nkungen, die oft unsichtbar bleiben. Symptome reichen von Kopfschmerzen bis zu schweren Behinderungen. Wichtige Aspekte der Hirnverletzung: Ursachen:&nbsp;H&auml;ufig durch Schlaganf&auml;lle, Hirnblutungen, Sauerstoffmangel oder St&uuml;rze\/Verkehrsunf&auml;lle (Sch&auml;del-Hirn-Trauma). Formen (SHT):&nbsp;Unterscheidung in&hellip;\" class=\"encyclopedia\">Hirnverletzung<\/a> geraten viele in ein unsichtbares Hamsterrad: Der Alltag l&auml;uft weiter, das Umfeld erwartet Funktionieren &ndash; aber das Nervensystem arbeitet noch im Reparaturmodus.<\/p>\n\n\n\n<p>Energie, Reizfilterung und Planung kosten pl&ouml;tzlich ein Vielfaches. Dieses Modul macht sichtbar, was sonst &uuml;bersehen wird: Warum &Uuml;berforderung kein pers&ouml;nliches Versagen ist, sondern ein Systemproblem. Und wie du Schritt f&uuml;r Schritt wieder zu einem Alltag kommst, der zu deinem Tempo passt.<\/p>\n<\/div><\/div>\n\n\n\n<p><strong>Strategie-Ansatz f&uuml;r <a href=\"https:\/\/www.vitalibera.org\/community\/2026\/04\/19\/wenn-reize-laut-werden-und-menschen-leise\/\">Betroffene<\/a><\/strong><\/p>\n\n\n\n<p>Das Hamsterrad stoppt nicht durch &bdquo;mehr Anstrengung&ldquo;, sondern durch klare Struktur, die dein Nervensystem sch&uuml;tzt. Die L&ouml;sung beginnt damit, dein eigenes Tempo wieder zum Standard zu machen. Du reduzierst Reize, sortierst Aufgaben nach Energie statt nach Erwartungen und setzt Grenzen, die nicht verhandelbar sind. <\/p>\n\n\n\n<p>Schritt f&uuml;r Schritt entsteht ein Alltag, der dich nicht &uuml;berrollt, sondern tr&auml;gt. Nicht zur&uuml;ck ins alte Leben &ndash; sondern vorw&auml;rts in ein Leben, das zu deinem neuen Gehirn passt.<\/p>\n\n\n\n<p><strong>Umgangsstrategie f&uuml;r Angeh&ouml;rige<\/strong><\/p>\n\n\n\n<p>Das Hamsterrad nach der Reha entsteht nicht nur f&uuml;r Betroffene &ndash; auch Angeh&ouml;rige geraten hinein. Man will unterst&uuml;tzen, funktionieren, stark sein, alles zusammenhalten. Doch das Nervensystem des Betroffenen arbeitet in einem anderen Modus, und dein eigenes System versucht mitzuhalten. Die L&ouml;sung beginnt nicht mit &bdquo;mehr tun&ldquo;, sondern mit <em>anders tun<\/em>: Druck rausnehmen, Tempo anpassen, klare Signale statt st&auml;ndiger Erwartungen. Du musst nicht alles verstehen &ndash; du musst nur nicht dr&auml;ngen. <\/p>\n\n\n\n<p>Wenn du Raum gibst, ohne dich selbst zu verlieren, entsteht eine Beziehung, die tr&auml;gt: weniger &Uuml;berforderung, mehr Orientierung, mehr echte N&auml;he.<\/p>\n\n\n\n<div class=\"wp-block-media-text is-stacked-on-mobile is-vertically-aligned-top\" style=\"grid-template-columns:29% auto\"><figure class=\"wp-block-media-text__media\"><img decoding=\"async\" width=\"302\" height=\"277\" src=\"http:\/\/www.vitalibera.org\/community\/wp-content\/uploads\/2026\/03\/tip3.png\" alt=\"\" class=\"wp-image-6087 size-full\" srcset=\"https:\/\/www.vitalibera.org\/community\/wp-content\/uploads\/2026\/03\/tip3.png 302w, https:\/\/www.vitalibera.org\/community\/wp-content\/uploads\/2026\/03\/tip3-300x275.png 300w\" sizes=\"(max-width: 302px) 100vw, 302px\" \/><\/figure><div class=\"wp-block-media-text__content\">\n<p><strong>F&uuml;r Betroffene<\/strong><\/p>\n\n\n\n<p><strong>Mach eine Sache nach deinem Tempo &ndash; und beende sie bewusst, bevor du ersch&ouml;pft bist.<\/strong> Nicht, weil du &bdquo;schonen&ldquo; musst, sondern weil dein Gehirn Energie in kleinen Paketen verarbeitet. Wenn du vorher stoppst, bleibst du steuernd. Wenn du zu sp&auml;t stoppst, &uuml;bernimmt das Nervensystem &ndash; und dann wird alles schwerer.<\/p>\n\n\n\n<p><strong>F&uuml;r Angeh&ouml;rige<\/strong><\/p>\n\n\n\n<p>Gib ein klares Signal, dass kein Tempo eingefordert wird<strong>.<\/strong> <\/p>\n\n\n\n<p>Ein Satz wie <em>&bdquo;Ich bin da, du musst nichts leisten&ldquo;<\/em> nimmt sofort Druck aus der Situation. Das hilft dem Nervensystem des Betroffenen mehr als jede Frage, jeder gut gemeinte Vorschlag oder jedes &bdquo;Wie kann ich helfen?&ldquo;. Wenn du Druck rausnimmst, entsteht Raum &ndash; und in diesem Raum kann der Betroffene selbst bestimmen, was gerade m&ouml;glich ist.<\/p>\n\n\n\n<p><strong>Gruppen (Betroffene und Angeh&ouml;rige)<\/strong><\/p>\n\n\n\n<p>Sprecht euer Tempo klar aus &ndash; ohne zu erkl&auml;ren, ohne zu rechtfertigen. <\/p>\n\n\n\n<p>Wenn Betroffene sagen k&ouml;nnen &bdquo;Das geht gerade&ldquo; oder &bdquo;Das ist zu viel&ldquo;, und Angeh&ouml;rige sagen k&ouml;nnen &bdquo;Ich dr&auml;nge nicht&ldquo; oder &bdquo;Ich brauche eine Pause&ldquo;, entsteht ein gemeinsamer Raum ohne Druck. Nicht perfekt synchron, aber ehrlich genug, dass niemand im Hamsterrad landet.<\/p>\n\n\n\n<p><strong>Gesellschaft\/Aussenstehende<\/strong><\/p>\n\n\n\n<p>Erwartungen runter, Wahrnehmung rauf<strong>.<\/strong> Nicht jede <a href=\"https:\/\/www.vitalibera.org\/community\/enzyklopaedie\/hirnverletzung\/\" target=\"_self\" title=\"Eine Hirnverletzung (oft als&nbsp;Sch&auml;del-Hirn-Trauma, SHT) ist eine&nbsp;Sch&auml;digung des Gehirns, verursacht durch &auml;u&szlig;ere Gewalteinwirkung (Unfall, Sturz) oder innere Faktoren (Schlaganfall, Tumor). Sie f&uuml;hrt zu k&ouml;rperlichen, kognitiven und verhaltensbezogenen Einschr&auml;nkungen, die oft unsichtbar bleiben. Symptome reichen von Kopfschmerzen bis zu schweren Behinderungen. Wichtige Aspekte der Hirnverletzung: Ursachen:&nbsp;H&auml;ufig durch Schlaganf&auml;lle, Hirnblutungen, Sauerstoffmangel oder St&uuml;rze\/Verkehrsunf&auml;lle (Sch&auml;del-Hirn-Trauma). Formen (SHT):&nbsp;Unterscheidung in&hellip;\" class=\"encyclopedia\">Hirnverletzung<\/a> ist sichtbar, aber jede ver&auml;ndert das Tempo. Wer nicht automatisch &bdquo;Funktionieren&ldquo; voraussetzt, sondern zuerst wahrnimmt, entlastet Betroffene sofort &ndash; und verhindert, dass sie in ein Hamsterrad gedr&auml;ngt werden, das sie nicht gew&auml;hlt haben.<\/p>\n<\/div><\/div>\n\n\n\n<p><\/p>\n","protected":false},"excerpt":{"rendered":"<p>Nach einer Hirnverletzung geraten viele in ein unsichtbares Hamsterrad: Der Alltag l\u00e4uft weiter, das Umfeld erwartet Funktionieren \u2013 aber das Nervensystem arbeitet noch im Reparaturmodus. Energie, Reizfilterung und Planung kosten pl\u00f6tzlich ein Vielfaches. Dieses Modul macht sichtbar, was sonst \u00fcbersehen wird: Warum \u00dcberforderung kein pers\u00f6nliches Versagen ist, sondern ein Systemproblem. Und wie du Schritt f\u00fcr &#8230; <a title=\"Das Problem ist nicht das Gehirn. Das Problem sind Erwartungen\" class=\"read-more\" href=\"https:\/\/www.vitalibera.org\/community\/2026\/04\/30\/das-problem-ist-nicht-das-gehirn-das-problem-sind-erwartungen\/\" aria-label=\"Mehr Informationen \u00fcber Das Problem ist nicht das Gehirn. Das Problem sind Erwartungen\">Weiterlesen<\/a><\/p>\n","protected":false},"author":2,"featured_media":7093,"comment_status":"open","ping_status":"open","sticky":false,"template":"","format":"standard","meta":{"cybocfi_hide_featured_image":"yes","_jetpack_memberships_contains_paid_content":false,"footnotes":""},"categories":[492,225],"tags":[],"class_list":["post-7092","post","type-post","status-publish","format-standard","has-post-thumbnail","hentry","category-alltagsnavigation","category-hilfe-fuer-angehoerige"],"yoast_head":"<!-- This site is optimized with the Yoast SEO plugin v27.4 - https:\/\/yoast.com\/product\/yoast-seo-wordpress\/ -->\r\n<title>Das Problem ist nicht das Gehirn. Das Problem sind Erwartungen - vitalibera.org<\/title>\r\n<meta name=\"robots\" content=\"index, follow, max-snippet:-1, max-image-preview:large, max-video-preview:-1\" \/>\r\n<link rel=\"canonical\" href=\"https:\/\/www.vitalibera.org\/community\/2026\/04\/30\/das-problem-ist-nicht-das-gehirn-das-problem-sind-erwartungen\/\" \/>\r\n<meta property=\"og:locale\" content=\"de_DE\" \/>\r\n<meta property=\"og:type\" content=\"article\" \/>\r\n<meta property=\"og:title\" content=\"Das Problem ist nicht das Gehirn. Das Problem sind Erwartungen - vitalibera.org\" \/>\r\n<meta property=\"og:description\" content=\"Nach einer Hirnverletzung geraten viele in ein unsichtbares Hamsterrad: Der Alltag l\u00e4uft weiter, das Umfeld erwartet Funktionieren \u2013 aber das Nervensystem arbeitet noch im Reparaturmodus. Energie, Reizfilterung und Planung kosten pl\u00f6tzlich ein Vielfaches. Dieses Modul macht sichtbar, was sonst \u00fcbersehen wird: Warum \u00dcberforderung kein pers\u00f6nliches Versagen ist, sondern ein Systemproblem. Und wie du Schritt f\u00fcr ... Weiterlesen\" \/>\r\n<meta property=\"og:url\" content=\"https:\/\/www.vitalibera.org\/community\/2026\/04\/30\/das-problem-ist-nicht-das-gehirn-das-problem-sind-erwartungen\/\" \/>\r\n<meta property=\"og:site_name\" content=\"vitalibera.org\" \/>\r\n<meta property=\"article:publisher\" content=\"https:\/\/www.facebook.com\/groups\/2997085857140235\" \/>\r\n<meta property=\"article:published_time\" content=\"2026-04-30T16:12:10+00:00\" \/>\r\n<meta property=\"article:modified_time\" content=\"2026-04-30T16:16:51+00:00\" \/>\r\n<meta property=\"og:image\" content=\"http:\/\/www.vitalibera.org\/community\/wp-content\/uploads\/2026\/04\/565cd6b3162e0ad2f6e535b0e0464d6a.jpg\" \/>\r\n\t<meta property=\"og:image:width\" content=\"310\" \/>\r\n\t<meta property=\"og:image:height\" content=\"240\" \/>\r\n\t<meta property=\"og:image:type\" content=\"image\/jpeg\" \/>\r\n<meta name=\"author\" content=\"Andreas Jecklin\" \/>\r\n<meta name=\"twitter:card\" content=\"summary_large_image\" \/>\r\n<meta name=\"twitter:label1\" content=\"Verfasst von\" \/>\n\t<meta name=\"twitter:data1\" content=\"Andreas Jecklin\" \/>\n\t<meta name=\"twitter:label2\" content=\"Gesch\u00e4tzte Lesezeit\" \/>\n\t<meta name=\"twitter:data2\" content=\"4\u00a0Minuten\" \/>\r\n<script type=\"application\/ld+json\" class=\"yoast-schema-graph\">{\"@context\":\"https:\\\/\\\/schema.org\",\"@graph\":[{\"@type\":\"Article\",\"@id\":\"https:\\\/\\\/www.vitalibera.org\\\/community\\\/2026\\\/04\\\/30\\\/das-problem-ist-nicht-das-gehirn-das-problem-sind-erwartungen\\\/#article\",\"isPartOf\":{\"@id\":\"https:\\\/\\\/www.vitalibera.org\\\/community\\\/2026\\\/04\\\/30\\\/das-problem-ist-nicht-das-gehirn-das-problem-sind-erwartungen\\\/\"},\"author\":{\"name\":\"Andreas Jecklin\",\"@id\":\"https:\\\/\\\/www.vitalibera.org\\\/community\\\/#\\\/schema\\\/person\\\/6712387298421f222ff6d0a2e22c1534\"},\"headline\":\"Das Problem ist nicht das Gehirn. Das Problem sind Erwartungen\",\"datePublished\":\"2026-04-30T16:12:10+00:00\",\"dateModified\":\"2026-04-30T16:16:51+00:00\",\"mainEntityOfPage\":{\"@id\":\"https:\\\/\\\/www.vitalibera.org\\\/community\\\/2026\\\/04\\\/30\\\/das-problem-ist-nicht-das-gehirn-das-problem-sind-erwartungen\\\/\"},\"wordCount\":491,\"commentCount\":0,\"publisher\":{\"@id\":\"https:\\\/\\\/www.vitalibera.org\\\/community\\\/#organization\"},\"image\":{\"@id\":\"https:\\\/\\\/www.vitalibera.org\\\/community\\\/2026\\\/04\\\/30\\\/das-problem-ist-nicht-das-gehirn-das-problem-sind-erwartungen\\\/#primaryimage\"},\"thumbnailUrl\":\"https:\\\/\\\/www.vitalibera.org\\\/community\\\/wp-content\\\/uploads\\\/2026\\\/04\\\/565cd6b3162e0ad2f6e535b0e0464d6a.jpg\",\"articleSection\":[\"Alltagsnavigation\",\"Hilfe f\u00fcr Angeh\u00f6rige\"],\"inLanguage\":\"de\",\"potentialAction\":[{\"@type\":\"CommentAction\",\"name\":\"Comment\",\"target\":[\"https:\\\/\\\/www.vitalibera.org\\\/community\\\/2026\\\/04\\\/30\\\/das-problem-ist-nicht-das-gehirn-das-problem-sind-erwartungen\\\/#respond\"]}]},{\"@type\":\"WebPage\",\"@id\":\"https:\\\/\\\/www.vitalibera.org\\\/community\\\/2026\\\/04\\\/30\\\/das-problem-ist-nicht-das-gehirn-das-problem-sind-erwartungen\\\/\",\"url\":\"https:\\\/\\\/www.vitalibera.org\\\/community\\\/2026\\\/04\\\/30\\\/das-problem-ist-nicht-das-gehirn-das-problem-sind-erwartungen\\\/\",\"name\":\"Das Problem ist nicht das Gehirn. Das Problem sind Erwartungen - vitalibera.org\",\"isPartOf\":{\"@id\":\"https:\\\/\\\/www.vitalibera.org\\\/community\\\/#website\"},\"primaryImageOfPage\":{\"@id\":\"https:\\\/\\\/www.vitalibera.org\\\/community\\\/2026\\\/04\\\/30\\\/das-problem-ist-nicht-das-gehirn-das-problem-sind-erwartungen\\\/#primaryimage\"},\"image\":{\"@id\":\"https:\\\/\\\/www.vitalibera.org\\\/community\\\/2026\\\/04\\\/30\\\/das-problem-ist-nicht-das-gehirn-das-problem-sind-erwartungen\\\/#primaryimage\"},\"thumbnailUrl\":\"https:\\\/\\\/www.vitalibera.org\\\/community\\\/wp-content\\\/uploads\\\/2026\\\/04\\\/565cd6b3162e0ad2f6e535b0e0464d6a.jpg\",\"datePublished\":\"2026-04-30T16:12:10+00:00\",\"dateModified\":\"2026-04-30T16:16:51+00:00\",\"breadcrumb\":{\"@id\":\"https:\\\/\\\/www.vitalibera.org\\\/community\\\/2026\\\/04\\\/30\\\/das-problem-ist-nicht-das-gehirn-das-problem-sind-erwartungen\\\/#breadcrumb\"},\"inLanguage\":\"de\",\"potentialAction\":[{\"@type\":\"ReadAction\",\"target\":[\"https:\\\/\\\/www.vitalibera.org\\\/community\\\/2026\\\/04\\\/30\\\/das-problem-ist-nicht-das-gehirn-das-problem-sind-erwartungen\\\/\"]}]},{\"@type\":\"BreadcrumbList\",\"@id\":\"https:\\\/\\\/www.vitalibera.org\\\/community\\\/2026\\\/04\\\/30\\\/das-problem-ist-nicht-das-gehirn-das-problem-sind-erwartungen\\\/#breadcrumb\",\"itemListElement\":[{\"@type\":\"ListItem\",\"position\":1,\"name\":\"Startseite\",\"item\":\"https:\\\/\\\/www.vitalibera.org\\\/community\\\/\"},{\"@type\":\"ListItem\",\"position\":2,\"name\":\"Das Problem ist nicht das Gehirn. Das Problem sind Erwartungen\"}]},{\"@type\":\"WebSite\",\"@id\":\"https:\\\/\\\/www.vitalibera.org\\\/community\\\/#website\",\"url\":\"https:\\\/\\\/www.vitalibera.org\\\/community\\\/\",\"name\":\"vitalibera.org\",\"description\":\"Mit einer Einschr&auml;nkung gestaltet sich das Leben im Alltag oft schwieriger - hier berichten wir &uuml;ber unsere Erfahrungen und Hilfsmittel um den Alltag so unbeschwert und unkompliziert wie nur m&ouml;glich geniessen zu k&ouml;nnen. Dabei richten wir unseren Fokus gezielt auf Selbst&auml;ndigkeit, Eigenst&auml;ndigkeit und Selbstbestimmung.\",\"publisher\":{\"@id\":\"https:\\\/\\\/www.vitalibera.org\\\/community\\\/#organization\"},\"potentialAction\":[{\"@type\":\"SearchAction\",\"target\":{\"@type\":\"EntryPoint\",\"urlTemplate\":\"https:\\\/\\\/www.vitalibera.org\\\/community\\\/?s={search_term_string}\"},\"query-input\":{\"@type\":\"PropertyValueSpecification\",\"valueRequired\":true,\"valueName\":\"search_term_string\"}}],\"inLanguage\":\"de\"},{\"@type\":\"Organization\",\"@id\":\"https:\\\/\\\/www.vitalibera.org\\\/community\\\/#organization\",\"name\":\"vitalibera.org\",\"url\":\"https:\\\/\\\/www.vitalibera.org\\\/community\\\/\",\"logo\":{\"@type\":\"ImageObject\",\"inLanguage\":\"de\",\"@id\":\"https:\\\/\\\/www.vitalibera.org\\\/community\\\/#\\\/schema\\\/logo\\\/image\\\/\",\"url\":\"https:\\\/\\\/www.vitalibera.org\\\/community\\\/wp-content\\\/uploads\\\/2025\\\/09\\\/cropped-banner.png\",\"contentUrl\":\"https:\\\/\\\/www.vitalibera.org\\\/community\\\/wp-content\\\/uploads\\\/2025\\\/09\\\/cropped-banner.png\",\"width\":991,\"height\":150,\"caption\":\"vitalibera.org\"},\"image\":{\"@id\":\"https:\\\/\\\/www.vitalibera.org\\\/community\\\/#\\\/schema\\\/logo\\\/image\\\/\"},\"sameAs\":[\"https:\\\/\\\/www.facebook.com\\\/groups\\\/2997085857140235\"]},{\"@type\":\"Person\",\"@id\":\"https:\\\/\\\/www.vitalibera.org\\\/community\\\/#\\\/schema\\\/person\\\/6712387298421f222ff6d0a2e22c1534\",\"name\":\"Andreas Jecklin\",\"image\":{\"@type\":\"ImageObject\",\"inLanguage\":\"de\",\"@id\":\"https:\\\/\\\/secure.gravatar.com\\\/avatar\\\/ad516503a11cd5ca435acc9bb6523536?s=96\",\"url\":\"https:\\\/\\\/secure.gravatar.com\\\/avatar\\\/ad516503a11cd5ca435acc9bb6523536?s=96\",\"contentUrl\":\"https:\\\/\\\/secure.gravatar.com\\\/avatar\\\/ad516503a11cd5ca435acc9bb6523536?s=96\",\"caption\":\"Andreas Jecklin\"},\"description\":\"Manchen gab Gott die Kraft Dinge zu ver\u00e4ndern, mir gab er die Kraft zu ertragen was nicht mehr zu \u00e4ndern ist.\",\"url\":\"https:\\\/\\\/www.vitalibera.org\\\/community\\\/author\\\/andy77\\\/\"}]}<\/script>\r\n<!-- \/ Yoast SEO plugin. -->","yoast_head_json":{"title":"Das Problem ist nicht das Gehirn. Das Problem sind Erwartungen - vitalibera.org","robots":{"index":"index","follow":"follow","max-snippet":"max-snippet:-1","max-image-preview":"max-image-preview:large","max-video-preview":"max-video-preview:-1"},"canonical":"https:\/\/www.vitalibera.org\/community\/2026\/04\/30\/das-problem-ist-nicht-das-gehirn-das-problem-sind-erwartungen\/","og_locale":"de_DE","og_type":"article","og_title":"Das Problem ist nicht das Gehirn. Das Problem sind Erwartungen - vitalibera.org","og_description":"Nach einer Hirnverletzung geraten viele in ein unsichtbares Hamsterrad: Der Alltag l\u00e4uft weiter, das Umfeld erwartet Funktionieren \u2013 aber das Nervensystem arbeitet noch im Reparaturmodus. Energie, Reizfilterung und Planung kosten pl\u00f6tzlich ein Vielfaches. Dieses Modul macht sichtbar, was sonst \u00fcbersehen wird: Warum \u00dcberforderung kein pers\u00f6nliches Versagen ist, sondern ein Systemproblem. Und wie du Schritt f\u00fcr ... Weiterlesen","og_url":"https:\/\/www.vitalibera.org\/community\/2026\/04\/30\/das-problem-ist-nicht-das-gehirn-das-problem-sind-erwartungen\/","og_site_name":"vitalibera.org","article_publisher":"https:\/\/www.facebook.com\/groups\/2997085857140235","article_published_time":"2026-04-30T16:12:10+00:00","article_modified_time":"2026-04-30T16:16:51+00:00","og_image":[{"width":310,"height":240,"url":"http:\/\/www.vitalibera.org\/community\/wp-content\/uploads\/2026\/04\/565cd6b3162e0ad2f6e535b0e0464d6a.jpg","type":"image\/jpeg"}],"author":"Andreas Jecklin","twitter_card":"summary_large_image","twitter_misc":{"Verfasst von":"Andreas Jecklin","Gesch\u00e4tzte Lesezeit":"4\u00a0Minuten"},"schema":{"@context":"https:\/\/schema.org","@graph":[{"@type":"Article","@id":"https:\/\/www.vitalibera.org\/community\/2026\/04\/30\/das-problem-ist-nicht-das-gehirn-das-problem-sind-erwartungen\/#article","isPartOf":{"@id":"https:\/\/www.vitalibera.org\/community\/2026\/04\/30\/das-problem-ist-nicht-das-gehirn-das-problem-sind-erwartungen\/"},"author":{"name":"Andreas Jecklin","@id":"https:\/\/www.vitalibera.org\/community\/#\/schema\/person\/6712387298421f222ff6d0a2e22c1534"},"headline":"Das Problem ist nicht das Gehirn. Das Problem sind Erwartungen","datePublished":"2026-04-30T16:12:10+00:00","dateModified":"2026-04-30T16:16:51+00:00","mainEntityOfPage":{"@id":"https:\/\/www.vitalibera.org\/community\/2026\/04\/30\/das-problem-ist-nicht-das-gehirn-das-problem-sind-erwartungen\/"},"wordCount":491,"commentCount":0,"publisher":{"@id":"https:\/\/www.vitalibera.org\/community\/#organization"},"image":{"@id":"https:\/\/www.vitalibera.org\/community\/2026\/04\/30\/das-problem-ist-nicht-das-gehirn-das-problem-sind-erwartungen\/#primaryimage"},"thumbnailUrl":"https:\/\/www.vitalibera.org\/community\/wp-content\/uploads\/2026\/04\/565cd6b3162e0ad2f6e535b0e0464d6a.jpg","articleSection":["Alltagsnavigation","Hilfe f\u00fcr Angeh\u00f6rige"],"inLanguage":"de","potentialAction":[{"@type":"CommentAction","name":"Comment","target":["https:\/\/www.vitalibera.org\/community\/2026\/04\/30\/das-problem-ist-nicht-das-gehirn-das-problem-sind-erwartungen\/#respond"]}]},{"@type":"WebPage","@id":"https:\/\/www.vitalibera.org\/community\/2026\/04\/30\/das-problem-ist-nicht-das-gehirn-das-problem-sind-erwartungen\/","url":"https:\/\/www.vitalibera.org\/community\/2026\/04\/30\/das-problem-ist-nicht-das-gehirn-das-problem-sind-erwartungen\/","name":"Das Problem ist nicht das Gehirn. Das Problem sind Erwartungen - vitalibera.org","isPartOf":{"@id":"https:\/\/www.vitalibera.org\/community\/#website"},"primaryImageOfPage":{"@id":"https:\/\/www.vitalibera.org\/community\/2026\/04\/30\/das-problem-ist-nicht-das-gehirn-das-problem-sind-erwartungen\/#primaryimage"},"image":{"@id":"https:\/\/www.vitalibera.org\/community\/2026\/04\/30\/das-problem-ist-nicht-das-gehirn-das-problem-sind-erwartungen\/#primaryimage"},"thumbnailUrl":"https:\/\/www.vitalibera.org\/community\/wp-content\/uploads\/2026\/04\/565cd6b3162e0ad2f6e535b0e0464d6a.jpg","datePublished":"2026-04-30T16:12:10+00:00","dateModified":"2026-04-30T16:16:51+00:00","breadcrumb":{"@id":"https:\/\/www.vitalibera.org\/community\/2026\/04\/30\/das-problem-ist-nicht-das-gehirn-das-problem-sind-erwartungen\/#breadcrumb"},"inLanguage":"de","potentialAction":[{"@type":"ReadAction","target":["https:\/\/www.vitalibera.org\/community\/2026\/04\/30\/das-problem-ist-nicht-das-gehirn-das-problem-sind-erwartungen\/"]}]},{"@type":"BreadcrumbList","@id":"https:\/\/www.vitalibera.org\/community\/2026\/04\/30\/das-problem-ist-nicht-das-gehirn-das-problem-sind-erwartungen\/#breadcrumb","itemListElement":[{"@type":"ListItem","position":1,"name":"Startseite","item":"https:\/\/www.vitalibera.org\/community\/"},{"@type":"ListItem","position":2,"name":"Das Problem ist nicht das Gehirn. Das Problem sind Erwartungen"}]},{"@type":"WebSite","@id":"https:\/\/www.vitalibera.org\/community\/#website","url":"https:\/\/www.vitalibera.org\/community\/","name":"vitalibera.org","description":"Mit einer Einschr&auml;nkung gestaltet sich das Leben im Alltag oft schwieriger - hier berichten wir &uuml;ber unsere Erfahrungen und Hilfsmittel um den Alltag so unbeschwert und unkompliziert wie nur m&ouml;glich geniessen zu k&ouml;nnen. Dabei richten wir unseren Fokus gezielt auf Selbst&auml;ndigkeit, Eigenst&auml;ndigkeit und Selbstbestimmung.","publisher":{"@id":"https:\/\/www.vitalibera.org\/community\/#organization"},"potentialAction":[{"@type":"SearchAction","target":{"@type":"EntryPoint","urlTemplate":"https:\/\/www.vitalibera.org\/community\/?s={search_term_string}"},"query-input":{"@type":"PropertyValueSpecification","valueRequired":true,"valueName":"search_term_string"}}],"inLanguage":"de"},{"@type":"Organization","@id":"https:\/\/www.vitalibera.org\/community\/#organization","name":"vitalibera.org","url":"https:\/\/www.vitalibera.org\/community\/","logo":{"@type":"ImageObject","inLanguage":"de","@id":"https:\/\/www.vitalibera.org\/community\/#\/schema\/logo\/image\/","url":"https:\/\/www.vitalibera.org\/community\/wp-content\/uploads\/2025\/09\/cropped-banner.png","contentUrl":"https:\/\/www.vitalibera.org\/community\/wp-content\/uploads\/2025\/09\/cropped-banner.png","width":991,"height":150,"caption":"vitalibera.org"},"image":{"@id":"https:\/\/www.vitalibera.org\/community\/#\/schema\/logo\/image\/"},"sameAs":["https:\/\/www.facebook.com\/groups\/2997085857140235"]},{"@type":"Person","@id":"https:\/\/www.vitalibera.org\/community\/#\/schema\/person\/6712387298421f222ff6d0a2e22c1534","name":"Andreas Jecklin","image":{"@type":"ImageObject","inLanguage":"de","@id":"https:\/\/secure.gravatar.com\/avatar\/ad516503a11cd5ca435acc9bb6523536?s=96","url":"https:\/\/secure.gravatar.com\/avatar\/ad516503a11cd5ca435acc9bb6523536?s=96","contentUrl":"https:\/\/secure.gravatar.com\/avatar\/ad516503a11cd5ca435acc9bb6523536?s=96","caption":"Andreas Jecklin"},"description":"Manchen gab Gott die Kraft Dinge zu ver\u00e4ndern, mir gab er die Kraft zu ertragen was nicht mehr zu \u00e4ndern ist.","url":"https:\/\/www.vitalibera.org\/community\/author\/andy77\/"}]}},"jetpack_featured_media_url":"https:\/\/www.vitalibera.org\/community\/wp-content\/uploads\/2026\/04\/565cd6b3162e0ad2f6e535b0e0464d6a.jpg","jetpack_sharing_enabled":true,"jetpack-related-posts":[],"_links":{"self":[{"href":"https:\/\/www.vitalibera.org\/community\/wp-json\/wp\/v2\/posts\/7092","targetHints":{"allow":["GET"]}}],"collection":[{"href":"https:\/\/www.vitalibera.org\/community\/wp-json\/wp\/v2\/posts"}],"about":[{"href":"https:\/\/www.vitalibera.org\/community\/wp-json\/wp\/v2\/types\/post"}],"author":[{"embeddable":true,"href":"https:\/\/www.vitalibera.org\/community\/wp-json\/wp\/v2\/users\/2"}],"replies":[{"embeddable":true,"href":"https:\/\/www.vitalibera.org\/community\/wp-json\/wp\/v2\/comments?post=7092"}],"version-history":[{"count":2,"href":"https:\/\/www.vitalibera.org\/community\/wp-json\/wp\/v2\/posts\/7092\/revisions"}],"predecessor-version":[{"id":7095,"href":"https:\/\/www.vitalibera.org\/community\/wp-json\/wp\/v2\/posts\/7092\/revisions\/7095"}],"wp:featuredmedia":[{"embeddable":true,"href":"https:\/\/www.vitalibera.org\/community\/wp-json\/wp\/v2\/media\/7093"}],"wp:attachment":[{"href":"https:\/\/www.vitalibera.org\/community\/wp-json\/wp\/v2\/media?parent=7092"}],"wp:term":[{"taxonomy":"category","embeddable":true,"href":"https:\/\/www.vitalibera.org\/community\/wp-json\/wp\/v2\/categories?post=7092"},{"taxonomy":"post_tag","embeddable":true,"href":"https:\/\/www.vitalibera.org\/community\/wp-json\/wp\/v2\/tags?post=7092"}],"curies":[{"name":"wp","href":"https:\/\/api.w.org\/{rel}","templated":true}]}}