{"id":7502,"date":"2026-05-23T12:41:48","date_gmt":"2026-05-23T10:41:48","guid":{"rendered":"https:\/\/www.vitalibera.org\/community\/?p=7502"},"modified":"2026-05-23T12:41:54","modified_gmt":"2026-05-23T10:41:54","slug":"raum-fuer-mich-achtsam-mit-meinen-grenzen","status":"publish","type":"post","link":"https:\/\/www.vitalibera.org\/community\/2026\/05\/23\/raum-fuer-mich-achtsam-mit-meinen-grenzen\/","title":{"rendered":"Raum f\u00fcr mich &#8211; Achtsam mit meinen Grenzen"},"content":{"rendered":"\n<div class=\"wp-block-media-text is-stacked-on-mobile\"><figure class=\"wp-block-media-text__media\"><img fetchpriority=\"high\" decoding=\"async\" width=\"307\" height=\"320\" src=\"https:\/\/www.vitalibera.org\/community\/wp-content\/uploads\/2026\/05\/fcd22ae02cd79b3431e900c05672d2ea.jpg\" alt=\"\" class=\"wp-image-7503 size-full\" srcset=\"https:\/\/www.vitalibera.org\/community\/wp-content\/uploads\/2026\/05\/fcd22ae02cd79b3431e900c05672d2ea.jpg 307w, https:\/\/www.vitalibera.org\/community\/wp-content\/uploads\/2026\/05\/fcd22ae02cd79b3431e900c05672d2ea-288x300.jpg 288w\" sizes=\"(max-width: 307px) 100vw, 307px\" \/><\/figure><div class=\"wp-block-media-text__content\">\n<p>Nach einer <a href=\"https:\/\/www.vitalibera.org\/community\/enzyklopaedie\/hirnverletzung\/\" target=\"_self\" title=\"Eine Hirnverletzung (oft als&nbsp;Sch&auml;del-Hirn-Trauma, SHT) ist eine&nbsp;Sch&auml;digung des Gehirns, verursacht durch &auml;u&szlig;ere Gewalteinwirkung (Unfall, Sturz) oder innere Faktoren (Schlaganfall, Tumor). Sie f&uuml;hrt zu k&ouml;rperlichen, kognitiven und verhaltensbezogenen Einschr&auml;nkungen, die oft unsichtbar bleiben. Symptome reichen von Kopfschmerzen bis zu schweren Behinderungen. Wichtige Aspekte der Hirnverletzung: Ursachen:&nbsp;H&auml;ufig durch Schlaganf&auml;lle, Hirnblutungen, Sauerstoffmangel oder St&uuml;rze\/Verkehrsunf&auml;lle (Sch&auml;del-Hirn-Trauma). Formen (SHT):&nbsp;Unterscheidung in&hellip;\" class=\"encyclopedia\">Hirnverletzung<\/a> ver&auml;ndert sich vieles &ndash; manchmal sichtbar, oft unsichtbar. Der <a href=\"https:\/\/www.vitalibera.org\/community\/2026\/04\/30\/lapstacker-transport-gurtsystem-fuer-rollstuehle\/\"><font color=\"blue\"><img src=\"https:\/\/www.vitalibera.org\/community\/wp-content\/images\/link.png\" width=\"20\" height=\"20\"><u>Alltag<\/u><\/font><\/a> braucht mehr Ruhe, mehr Zeit und mehr R&uuml;cksicht auf das, was das eigene Nervensystem gerade leisten kann. Reize, Gespr&auml;che oder Erwartungen, die fr&uuml;her selbstverst&auml;ndlich waren, k&ouml;nnen heute schneller ersch&ouml;pfen. <\/p>\n\n\n\n<p>In dieser Phase werden klare Grenzen zu einem liebevollen Schutzraum. Sie helfen, &Uuml;berforderung zu vermeiden und geben dem K&ouml;rper die M&ouml;glichkeit, sich zu erholen. Grenzen zu setzen bedeutet nicht, sich zur&uuml;ckzuziehen oder weniger zu wollen. Es bedeutet, achtsam mit den eigenen Kr&auml;ften umzugehen und dem Umfeld Orientierung zu geben, damit Begegnungen leichter und verst&auml;ndnisvoller werden.<\/p>\n<\/div><\/div>\n\n\n\n<p>Grenzen klar zu kommunizieren und durchzusetzen ist nach einer <a href=\"https:\/\/www.vitalibera.org\/community\/enzyklopaedie\/hirnverletzung\/\" target=\"_self\" title=\"Eine Hirnverletzung (oft als&nbsp;Sch&auml;del-Hirn-Trauma, SHT) ist eine&nbsp;Sch&auml;digung des Gehirns, verursacht durch &auml;u&szlig;ere Gewalteinwirkung (Unfall, Sturz) oder innere Faktoren (Schlaganfall, Tumor). Sie f&uuml;hrt zu k&ouml;rperlichen, kognitiven und verhaltensbezogenen Einschr&auml;nkungen, die oft unsichtbar bleiben. Symptome reichen von Kopfschmerzen bis zu schweren Behinderungen. Wichtige Aspekte der Hirnverletzung: Ursachen:&nbsp;H&auml;ufig durch Schlaganf&auml;lle, Hirnblutungen, Sauerstoffmangel oder St&uuml;rze\/Verkehrsunf&auml;lle (Sch&auml;del-Hirn-Trauma). Formen (SHT):&nbsp;Unterscheidung in&hellip;\" class=\"encyclopedia\">Hirnverletzung<\/a> kein &bdquo;Nice-to-have&ldquo;, sondern ein medizinisch relevanter Selbstschutz. Dein Nervensystem arbeitet unter anderen Bedingungen: Reize, Tempo, Erwartungen und soziale Dynamiken wirken st&auml;rker. Klare Grenzen sind deshalb kein Egoismus, sondern eine therapeutische Ma&szlig;nahme, die dein Umfeld verstehen muss.<\/p>\n\n\n\n<p>Hier ist ein neurofreundlicher, sofort anwendbarer Leitfaden, der zeigt, wie man Grenzen ruhig, klar und ohne Rechtfertigungsdruck setzt.<\/p>\n\n\n\n<p><strong>Eigene Belastungsgrenzen <a href=\"https:\/\/www.vitalibera.org\/community\/2025\/10\/29\/symptom-check-der-fast-test\/\"><font color=\"blue\"><img src=\"https:\/\/www.vitalibera.org\/community\/wp-content\/images\/link.png\" width=\"20\" height=\"20\"><u>erkennen<\/u><\/font><\/a><\/strong><br><br>Du kannst Grenzen nur kommunizieren, wenn du wei&szlig;t, wo deine Energie- und Reizgrenzen liegen. Achte auf Fr&uuml;hwarnsignale: Druck im Kopf, Wortfindungsprobleme, Gereiztheit, M&uuml;digkeit<\/p>\n\n\n\n<p>Definiere klare Stopps: maximale Gespr&auml;chsdauer, Pausenabst&auml;nde, Reizlevel. Formuliere 1&ndash;2 S&auml;tze, die deine Grenze beschreiben (z.&#8239;B. &bdquo;Ich brauche jetzt Pause&ldquo;)<\/p>\n\n\n\n<p><strong>Grenzen kurz und ohne Rechtfertigung aussprechen<\/strong><br><br>Nach einer <a href=\"https:\/\/www.vitalibera.org\/community\/enzyklopaedie\/hirnverletzung\/\" target=\"_self\" title=\"Eine Hirnverletzung (oft als&nbsp;Sch&auml;del-Hirn-Trauma, SHT) ist eine&nbsp;Sch&auml;digung des Gehirns, verursacht durch &auml;u&szlig;ere Gewalteinwirkung (Unfall, Sturz) oder innere Faktoren (Schlaganfall, Tumor). Sie f&uuml;hrt zu k&ouml;rperlichen, kognitiven und verhaltensbezogenen Einschr&auml;nkungen, die oft unsichtbar bleiben. Symptome reichen von Kopfschmerzen bis zu schweren Behinderungen. Wichtige Aspekte der Hirnverletzung: Ursachen:&nbsp;H&auml;ufig durch Schlaganf&auml;lle, Hirnblutungen, Sauerstoffmangel oder St&uuml;rze\/Verkehrsunf&auml;lle (Sch&auml;del-Hirn-Trauma). Formen (SHT):&nbsp;Unterscheidung in&hellip;\" class=\"encyclopedia\">Hirnverletzung<\/a> ist Einfachheit entscheidend &ndash; kurze S&auml;tze sch&uuml;tzen dein Gehirn. Sag: &bdquo;Ich kann das gerade nicht. Ich brauche eine Pause.&ldquo; Vermeide lange Erkl&auml;rungen &ndash; sie kosten Energie<\/p>\n\n\n\n<ul class=\"wp-block-list\">\n<li>Nutze Ich&#8209;S&auml;tze, keine Entschuldigungen<\/li>\n\n\n\n<li>Wiederhole die Grenze wortgleich, wenn jemand nachfragt<\/li>\n<\/ul>\n\n\n\n<p><strong>Konsequenzen ruhig ank&uuml;ndigen<\/strong><br>Grenzen wirken nur, wenn klar ist, was passiert, wenn sie &uuml;berschritten werden. Sag: &bdquo;Wenn es weitergeht, ziehe ich mich kurz zur&uuml;ck.&ldquo; Konsequenzen sind keine Drohung, sondern Selbstschutz Halte sie klein, realistisch und sofort umsetzbar, Bleib ruhig, auch wenn andere emotional reagieren<\/p>\n\n\n\n<p><strong>Grenze durchsetzen &ndash; ohne Diskussion<\/strong><br>Dein Gehirn braucht Handlung statt Debatte. Wiederhole den Satz maximal zweimal. Dann handle: Pause machen, Raum verlassen, Gespr&auml;ch beenden. Kein Erkl&auml;ren, kein Verteidigen &ndash; das spart kognitive Energie<\/p>\n\n\n\n<p><strong>Nachbesprechen, wenn n&ouml;tig<\/strong><br>Manchmal hilft ein kurzer Austausch, um Missverst&auml;ndnisse zu vermeiden. Sag: &bdquo;Ich habe die Pause gebraucht, weil mein Gehirn schnell &uuml;berlastet. Das ist medizinisch, nicht pers&ouml;nlich.&ldquo;. Halte es sachlich und kurz. Erkl&auml;re, dass Grenzen Teil deiner <a href=\"https:\/\/www.vitalibera.org\/community\/2026\/07\/14\/orientierungslosigkeit-in-der-akutphase-nach-einer-hirnverletzung\/\"><font color=\"blue\"><img src=\"https:\/\/www.vitalibera.org\/community\/wp-content\/images\/link.png\" width=\"20\" height=\"20\"><u>Rehabilitation<\/u><\/font><\/a> sind. Bitte um Unterst&uuml;tzung statt Verst&auml;ndnis zu erzwingen<\/p>\n\n\n\n<div class=\"wp-block-media-text is-stacked-on-mobile is-vertically-aligned-top\" style=\"grid-template-columns:25% auto\"><figure class=\"wp-block-media-text__media\"><img decoding=\"async\" width=\"302\" height=\"277\" src=\"http:\/\/www.vitalibera.org\/community\/wp-content\/uploads\/2026\/03\/tip3.png\" alt=\"\" class=\"wp-image-6087 size-full\" srcset=\"https:\/\/www.vitalibera.org\/community\/wp-content\/uploads\/2026\/03\/tip3.png 302w, https:\/\/www.vitalibera.org\/community\/wp-content\/uploads\/2026\/03\/tip3-300x275.png 300w\" sizes=\"(max-width: 302px) 100vw, 302px\" \/><\/figure><div class=\"wp-block-media-text__content\">\n<p>Grenzen setzen nach einer <a href=\"https:\/\/www.vitalibera.org\/community\/enzyklopaedie\/hirnverletzung\/\" target=\"_self\" title=\"Eine Hirnverletzung (oft als&nbsp;Sch&auml;del-Hirn-Trauma, SHT) ist eine&nbsp;Sch&auml;digung des Gehirns, verursacht durch &auml;u&szlig;ere Gewalteinwirkung (Unfall, Sturz) oder innere Faktoren (Schlaganfall, Tumor). Sie f&uuml;hrt zu k&ouml;rperlichen, kognitiven und verhaltensbezogenen Einschr&auml;nkungen, die oft unsichtbar bleiben. Symptome reichen von Kopfschmerzen bis zu schweren Behinderungen. Wichtige Aspekte der Hirnverletzung: Ursachen:&nbsp;H&auml;ufig durch Schlaganf&auml;lle, Hirnblutungen, Sauerstoffmangel oder St&uuml;rze\/Verkehrsunf&auml;lle (Sch&auml;del-Hirn-Trauma). Formen (SHT):&nbsp;Unterscheidung in&hellip;\" class=\"encyclopedia\">Hirnverletzung<\/a> bedeutet: kurz sprechen, klar bleiben, nicht diskutieren, sondern handeln. Das sch&uuml;tzt dein Gehirn, stabilisiert deinen Alltag und verhindert &Uuml;berlastung.<\/p>\n\n\n\n<p><strong>Sanfte Grenze setzen<\/strong> &mdash; &bdquo;Ich merke, dass mein Kopf gerade mehr Ruhe braucht. Ich mache jetzt eine Pause und komme sp&auml;ter wieder dazu.&ldquo;<\/p>\n\n\n\n<p>Dieser Satz ist freundlich, klar und erkl&auml;rt genug, ohne dich zu rechtfertigen. Er sch&uuml;tzt deine Energie, ohne Konflikte zu erzeugen.<\/p>\n<\/div><\/div>\n","protected":false},"excerpt":{"rendered":"<p>Nach einer Hirnverletzung ver\u00e4ndert sich vieles \u2013 manchmal sichtbar, oft unsichtbar. Der Alltag braucht mehr Ruhe, mehr Zeit und mehr R\u00fccksicht auf das, was das eigene Nervensystem gerade leisten kann. Reize, Gespr\u00e4che oder Erwartungen, die fr\u00fcher selbstverst\u00e4ndlich waren, k\u00f6nnen heute schneller ersch\u00f6pfen. In dieser Phase werden klare Grenzen zu einem liebevollen Schutzraum. Sie helfen, \u00dcberforderung &#8230; <a title=\"Raum f\u00fcr mich &#8211; Achtsam mit meinen Grenzen\" class=\"read-more\" href=\"https:\/\/www.vitalibera.org\/community\/2026\/05\/23\/raum-fuer-mich-achtsam-mit-meinen-grenzen\/\" aria-label=\"Mehr Informationen \u00fcber Raum f\u00fcr mich &#8211; Achtsam mit meinen Grenzen\">Weiterlesen<\/a><\/p>\n","protected":false},"author":2,"featured_media":7503,"comment_status":"closed","ping_status":"open","sticky":false,"template":"","format":"standard","meta":{"cybocfi_hide_featured_image":"yes","_jetpack_newsletter_access":"","_jetpack_dont_email_post_to_subs":false,"_jetpack_newsletter_tier_id":0,"_jetpack_memberships_contains_paywalled_content":false,"_jetpack_feature_clip_id":0,"_jetpack_memberships_contains_paid_content":false,"footnotes":"","jetpack_publicize_message":"","jetpack_publicize_feature_enabled":true,"jetpack_social_post_already_shared":false,"jetpack_social_options":{"image_generator_settings":{"template":"highway","default_image_id":0,"font":"","enabled":false},"version":2},"jetpack_post_was_ever_published":false},"categories":[492,159],"tags":[],"class_list":["post-7502","post","type-post","status-publish","format-standard","has-post-thumbnail","hentry","category-alltagsnavigation","category-fachwissen"],"yoast_head":"<!-- This site is optimized with the Yoast SEO plugin v28.2 - https:\/\/yoast.com\/product\/yoast-seo-wordpress\/ -->\r\n<title>Raum f\u00fcr mich - Achtsam mit meinen Grenzen - vitalibera.org<\/title>\r\n<meta name=\"robots\" content=\"index, follow, max-snippet:-1, max-image-preview:large, max-video-preview:-1\" \/>\r\n<link rel=\"canonical\" href=\"https:\/\/www.vitalibera.org\/community\/2026\/05\/23\/raum-fuer-mich-achtsam-mit-meinen-grenzen\/\" \/>\r\n<meta property=\"og:locale\" content=\"de_DE\" \/>\r\n<meta property=\"og:type\" content=\"article\" \/>\r\n<meta property=\"og:title\" content=\"Raum f\u00fcr mich - Achtsam mit meinen Grenzen - vitalibera.org\" \/>\r\n<meta property=\"og:description\" content=\"Nach einer Hirnverletzung ver\u00e4ndert sich vieles \u2013 manchmal sichtbar, oft unsichtbar. Der Alltag braucht mehr Ruhe, mehr Zeit und mehr R\u00fccksicht auf das, was das eigene Nervensystem gerade leisten kann. Reize, Gespr\u00e4che oder Erwartungen, die fr\u00fcher selbstverst\u00e4ndlich waren, k\u00f6nnen heute schneller ersch\u00f6pfen. In dieser Phase werden klare Grenzen zu einem liebevollen Schutzraum. Sie helfen, \u00dcberforderung ... Weiterlesen\" \/>\r\n<meta property=\"og:url\" content=\"https:\/\/www.vitalibera.org\/community\/2026\/05\/23\/raum-fuer-mich-achtsam-mit-meinen-grenzen\/\" \/>\r\n<meta property=\"og:site_name\" content=\"vitalibera.org\" \/>\r\n<meta property=\"article:publisher\" content=\"https:\/\/www.facebook.com\/groups\/2997085857140235\" \/>\r\n<meta property=\"article:published_time\" content=\"2026-05-23T10:41:48+00:00\" \/>\r\n<meta property=\"article:modified_time\" content=\"2026-05-23T10:41:54+00:00\" \/>\r\n<meta property=\"og:image\" content=\"https:\/\/www.vitalibera.org\/community\/wp-content\/uploads\/2026\/05\/fcd22ae02cd79b3431e900c05672d2ea.jpg\" \/>\r\n\t<meta property=\"og:image:width\" content=\"307\" \/>\r\n\t<meta property=\"og:image:height\" content=\"320\" \/>\r\n\t<meta property=\"og:image:type\" content=\"image\/jpeg\" \/>\r\n<meta name=\"author\" content=\"Andreas Jecklin\" \/>\r\n<meta name=\"twitter:card\" content=\"summary_large_image\" \/>\r\n<meta name=\"twitter:label1\" content=\"Verfasst von\" \/>\n\t<meta name=\"twitter:data1\" content=\"Andreas Jecklin\" \/>\n\t<meta name=\"twitter:label2\" content=\"Gesch\u00e4tzte Lesezeit\" \/>\n\t<meta name=\"twitter:data2\" content=\"4\u00a0Minuten\" \/>\r\n<script type=\"application\/ld+json\" class=\"yoast-schema-graph\">{\"@context\":\"https:\\\/\\\/schema.org\",\"@graph\":[{\"@type\":\"Article\",\"@id\":\"https:\\\/\\\/www.vitalibera.org\\\/community\\\/2026\\\/05\\\/23\\\/raum-fuer-mich-achtsam-mit-meinen-grenzen\\\/#article\",\"isPartOf\":{\"@id\":\"https:\\\/\\\/www.vitalibera.org\\\/community\\\/2026\\\/05\\\/23\\\/raum-fuer-mich-achtsam-mit-meinen-grenzen\\\/\"},\"author\":{\"name\":\"Andreas Jecklin\",\"@id\":\"https:\\\/\\\/www.vitalibera.org\\\/community\\\/#\\\/schema\\\/person\\\/6712387298421f222ff6d0a2e22c1534\"},\"headline\":\"Raum f\u00fcr mich &#8211; Achtsam mit meinen Grenzen\",\"datePublished\":\"2026-05-23T10:41:48+00:00\",\"dateModified\":\"2026-05-23T10:41:54+00:00\",\"mainEntityOfPage\":{\"@id\":\"https:\\\/\\\/www.vitalibera.org\\\/community\\\/2026\\\/05\\\/23\\\/raum-fuer-mich-achtsam-mit-meinen-grenzen\\\/\"},\"wordCount\":485,\"publisher\":{\"@id\":\"https:\\\/\\\/www.vitalibera.org\\\/community\\\/#organization\"},\"image\":{\"@id\":\"https:\\\/\\\/www.vitalibera.org\\\/community\\\/2026\\\/05\\\/23\\\/raum-fuer-mich-achtsam-mit-meinen-grenzen\\\/#primaryimage\"},\"thumbnailUrl\":\"https:\\\/\\\/www.vitalibera.org\\\/community\\\/wp-content\\\/uploads\\\/2026\\\/05\\\/fcd22ae02cd79b3431e900c05672d2ea.jpg\",\"articleSection\":[\"Alltagsnavigation\",\"Fachwissen\"],\"inLanguage\":\"de\"},{\"@type\":\"WebPage\",\"@id\":\"https:\\\/\\\/www.vitalibera.org\\\/community\\\/2026\\\/05\\\/23\\\/raum-fuer-mich-achtsam-mit-meinen-grenzen\\\/\",\"url\":\"https:\\\/\\\/www.vitalibera.org\\\/community\\\/2026\\\/05\\\/23\\\/raum-fuer-mich-achtsam-mit-meinen-grenzen\\\/\",\"name\":\"Raum f\u00fcr mich - Achtsam mit meinen Grenzen - vitalibera.org\",\"isPartOf\":{\"@id\":\"https:\\\/\\\/www.vitalibera.org\\\/community\\\/#website\"},\"primaryImageOfPage\":{\"@id\":\"https:\\\/\\\/www.vitalibera.org\\\/community\\\/2026\\\/05\\\/23\\\/raum-fuer-mich-achtsam-mit-meinen-grenzen\\\/#primaryimage\"},\"image\":{\"@id\":\"https:\\\/\\\/www.vitalibera.org\\\/community\\\/2026\\\/05\\\/23\\\/raum-fuer-mich-achtsam-mit-meinen-grenzen\\\/#primaryimage\"},\"thumbnailUrl\":\"https:\\\/\\\/www.vitalibera.org\\\/community\\\/wp-content\\\/uploads\\\/2026\\\/05\\\/fcd22ae02cd79b3431e900c05672d2ea.jpg\",\"datePublished\":\"2026-05-23T10:41:48+00:00\",\"dateModified\":\"2026-05-23T10:41:54+00:00\",\"breadcrumb\":{\"@id\":\"https:\\\/\\\/www.vitalibera.org\\\/community\\\/2026\\\/05\\\/23\\\/raum-fuer-mich-achtsam-mit-meinen-grenzen\\\/#breadcrumb\"},\"inLanguage\":\"de\",\"potentialAction\":[{\"@type\":\"ReadAction\",\"target\":[\"https:\\\/\\\/www.vitalibera.org\\\/community\\\/2026\\\/05\\\/23\\\/raum-fuer-mich-achtsam-mit-meinen-grenzen\\\/\"]}]},{\"@type\":\"BreadcrumbList\",\"@id\":\"https:\\\/\\\/www.vitalibera.org\\\/community\\\/2026\\\/05\\\/23\\\/raum-fuer-mich-achtsam-mit-meinen-grenzen\\\/#breadcrumb\",\"itemListElement\":[{\"@type\":\"ListItem\",\"position\":1,\"name\":\"Startseite\",\"item\":\"https:\\\/\\\/www.vitalibera.org\\\/community\\\/\"},{\"@type\":\"ListItem\",\"position\":2,\"name\":\"Raum f\u00fcr mich &#8211; Achtsam mit meinen Grenzen\"}]},{\"@type\":\"WebSite\",\"@id\":\"https:\\\/\\\/www.vitalibera.org\\\/community\\\/#website\",\"url\":\"https:\\\/\\\/www.vitalibera.org\\\/community\\\/\",\"name\":\"vitalibera.org\",\"description\":\"Mit einer Einschr&auml;nkung gestaltet sich das Leben im Alltag oft schwieriger - hier berichten wir &uuml;ber unsere Erfahrungen und Hilfsmittel um den Alltag so unbeschwert und unkompliziert wie nur m&ouml;glich geniessen zu k&ouml;nnen. Dabei richten wir unseren Fokus gezielt auf Selbst&auml;ndigkeit, Eigenst&auml;ndigkeit und Selbstbestimmung.\",\"publisher\":{\"@id\":\"https:\\\/\\\/www.vitalibera.org\\\/community\\\/#organization\"},\"potentialAction\":[{\"@type\":\"SearchAction\",\"target\":{\"@type\":\"EntryPoint\",\"urlTemplate\":\"https:\\\/\\\/www.vitalibera.org\\\/community\\\/?s={search_term_string}\"},\"query-input\":{\"@type\":\"PropertyValueSpecification\",\"valueRequired\":true,\"valueName\":\"search_term_string\"}}],\"inLanguage\":\"de\"},{\"@type\":\"Organization\",\"@id\":\"https:\\\/\\\/www.vitalibera.org\\\/community\\\/#organization\",\"name\":\"vitalibera.org\",\"url\":\"https:\\\/\\\/www.vitalibera.org\\\/community\\\/\",\"logo\":{\"@type\":\"ImageObject\",\"inLanguage\":\"de\",\"@id\":\"https:\\\/\\\/www.vitalibera.org\\\/community\\\/#\\\/schema\\\/logo\\\/image\\\/\",\"url\":\"https:\\\/\\\/www.vitalibera.org\\\/community\\\/wp-content\\\/uploads\\\/2025\\\/09\\\/cropped-banner.png\",\"contentUrl\":\"https:\\\/\\\/www.vitalibera.org\\\/community\\\/wp-content\\\/uploads\\\/2025\\\/09\\\/cropped-banner.png\",\"width\":991,\"height\":150,\"caption\":\"vitalibera.org\"},\"image\":{\"@id\":\"https:\\\/\\\/www.vitalibera.org\\\/community\\\/#\\\/schema\\\/logo\\\/image\\\/\"},\"sameAs\":[\"https:\\\/\\\/www.facebook.com\\\/groups\\\/2997085857140235\"]},{\"@type\":\"Person\",\"@id\":\"https:\\\/\\\/www.vitalibera.org\\\/community\\\/#\\\/schema\\\/person\\\/6712387298421f222ff6d0a2e22c1534\",\"name\":\"Andreas Jecklin\",\"image\":{\"@type\":\"ImageObject\",\"inLanguage\":\"de\",\"@id\":\"https:\\\/\\\/secure.gravatar.com\\\/avatar\\\/ad516503a11cd5ca435acc9bb6523536?s=96\",\"url\":\"https:\\\/\\\/secure.gravatar.com\\\/avatar\\\/ad516503a11cd5ca435acc9bb6523536?s=96\",\"contentUrl\":\"https:\\\/\\\/secure.gravatar.com\\\/avatar\\\/ad516503a11cd5ca435acc9bb6523536?s=96\",\"caption\":\"Andreas Jecklin\"},\"description\":\"Manchen gab Gott die Kraft Dinge zu ver\u00e4ndern, mir gab er die Kraft zu ertragen was nicht mehr zu \u00e4ndern ist.\",\"url\":\"https:\\\/\\\/www.vitalibera.org\\\/community\\\/author\\\/andy77\\\/\"}]}<\/script>\r\n<!-- \/ Yoast SEO plugin. -->","yoast_head_json":{"title":"Raum f\u00fcr mich - Achtsam mit meinen Grenzen - vitalibera.org","robots":{"index":"index","follow":"follow","max-snippet":"max-snippet:-1","max-image-preview":"max-image-preview:large","max-video-preview":"max-video-preview:-1"},"canonical":"https:\/\/www.vitalibera.org\/community\/2026\/05\/23\/raum-fuer-mich-achtsam-mit-meinen-grenzen\/","og_locale":"de_DE","og_type":"article","og_title":"Raum f\u00fcr mich - Achtsam mit meinen Grenzen - vitalibera.org","og_description":"Nach einer Hirnverletzung ver\u00e4ndert sich vieles \u2013 manchmal sichtbar, oft unsichtbar. Der Alltag braucht mehr Ruhe, mehr Zeit und mehr R\u00fccksicht auf das, was das eigene Nervensystem gerade leisten kann. Reize, Gespr\u00e4che oder Erwartungen, die fr\u00fcher selbstverst\u00e4ndlich waren, k\u00f6nnen heute schneller ersch\u00f6pfen. In dieser Phase werden klare Grenzen zu einem liebevollen Schutzraum. Sie helfen, \u00dcberforderung ... Weiterlesen","og_url":"https:\/\/www.vitalibera.org\/community\/2026\/05\/23\/raum-fuer-mich-achtsam-mit-meinen-grenzen\/","og_site_name":"vitalibera.org","article_publisher":"https:\/\/www.facebook.com\/groups\/2997085857140235","article_published_time":"2026-05-23T10:41:48+00:00","article_modified_time":"2026-05-23T10:41:54+00:00","og_image":[{"width":307,"height":320,"url":"https:\/\/www.vitalibera.org\/community\/wp-content\/uploads\/2026\/05\/fcd22ae02cd79b3431e900c05672d2ea.jpg","type":"image\/jpeg"}],"author":"Andreas Jecklin","twitter_card":"summary_large_image","twitter_misc":{"Verfasst von":"Andreas Jecklin","Gesch\u00e4tzte Lesezeit":"4\u00a0Minuten"},"schema":{"@context":"https:\/\/schema.org","@graph":[{"@type":"Article","@id":"https:\/\/www.vitalibera.org\/community\/2026\/05\/23\/raum-fuer-mich-achtsam-mit-meinen-grenzen\/#article","isPartOf":{"@id":"https:\/\/www.vitalibera.org\/community\/2026\/05\/23\/raum-fuer-mich-achtsam-mit-meinen-grenzen\/"},"author":{"name":"Andreas Jecklin","@id":"https:\/\/www.vitalibera.org\/community\/#\/schema\/person\/6712387298421f222ff6d0a2e22c1534"},"headline":"Raum f\u00fcr mich &#8211; Achtsam mit meinen Grenzen","datePublished":"2026-05-23T10:41:48+00:00","dateModified":"2026-05-23T10:41:54+00:00","mainEntityOfPage":{"@id":"https:\/\/www.vitalibera.org\/community\/2026\/05\/23\/raum-fuer-mich-achtsam-mit-meinen-grenzen\/"},"wordCount":485,"publisher":{"@id":"https:\/\/www.vitalibera.org\/community\/#organization"},"image":{"@id":"https:\/\/www.vitalibera.org\/community\/2026\/05\/23\/raum-fuer-mich-achtsam-mit-meinen-grenzen\/#primaryimage"},"thumbnailUrl":"https:\/\/www.vitalibera.org\/community\/wp-content\/uploads\/2026\/05\/fcd22ae02cd79b3431e900c05672d2ea.jpg","articleSection":["Alltagsnavigation","Fachwissen"],"inLanguage":"de"},{"@type":"WebPage","@id":"https:\/\/www.vitalibera.org\/community\/2026\/05\/23\/raum-fuer-mich-achtsam-mit-meinen-grenzen\/","url":"https:\/\/www.vitalibera.org\/community\/2026\/05\/23\/raum-fuer-mich-achtsam-mit-meinen-grenzen\/","name":"Raum f\u00fcr mich - Achtsam mit meinen Grenzen - vitalibera.org","isPartOf":{"@id":"https:\/\/www.vitalibera.org\/community\/#website"},"primaryImageOfPage":{"@id":"https:\/\/www.vitalibera.org\/community\/2026\/05\/23\/raum-fuer-mich-achtsam-mit-meinen-grenzen\/#primaryimage"},"image":{"@id":"https:\/\/www.vitalibera.org\/community\/2026\/05\/23\/raum-fuer-mich-achtsam-mit-meinen-grenzen\/#primaryimage"},"thumbnailUrl":"https:\/\/www.vitalibera.org\/community\/wp-content\/uploads\/2026\/05\/fcd22ae02cd79b3431e900c05672d2ea.jpg","datePublished":"2026-05-23T10:41:48+00:00","dateModified":"2026-05-23T10:41:54+00:00","breadcrumb":{"@id":"https:\/\/www.vitalibera.org\/community\/2026\/05\/23\/raum-fuer-mich-achtsam-mit-meinen-grenzen\/#breadcrumb"},"inLanguage":"de","potentialAction":[{"@type":"ReadAction","target":["https:\/\/www.vitalibera.org\/community\/2026\/05\/23\/raum-fuer-mich-achtsam-mit-meinen-grenzen\/"]}]},{"@type":"BreadcrumbList","@id":"https:\/\/www.vitalibera.org\/community\/2026\/05\/23\/raum-fuer-mich-achtsam-mit-meinen-grenzen\/#breadcrumb","itemListElement":[{"@type":"ListItem","position":1,"name":"Startseite","item":"https:\/\/www.vitalibera.org\/community\/"},{"@type":"ListItem","position":2,"name":"Raum f\u00fcr mich &#8211; Achtsam mit meinen Grenzen"}]},{"@type":"WebSite","@id":"https:\/\/www.vitalibera.org\/community\/#website","url":"https:\/\/www.vitalibera.org\/community\/","name":"vitalibera.org","description":"Mit einer Einschr&auml;nkung gestaltet sich das Leben im Alltag oft schwieriger - hier berichten wir &uuml;ber unsere Erfahrungen und Hilfsmittel um den Alltag so unbeschwert und unkompliziert wie nur m&ouml;glich geniessen zu k&ouml;nnen. Dabei richten wir unseren Fokus gezielt auf Selbst&auml;ndigkeit, Eigenst&auml;ndigkeit und Selbstbestimmung.","publisher":{"@id":"https:\/\/www.vitalibera.org\/community\/#organization"},"potentialAction":[{"@type":"SearchAction","target":{"@type":"EntryPoint","urlTemplate":"https:\/\/www.vitalibera.org\/community\/?s={search_term_string}"},"query-input":{"@type":"PropertyValueSpecification","valueRequired":true,"valueName":"search_term_string"}}],"inLanguage":"de"},{"@type":"Organization","@id":"https:\/\/www.vitalibera.org\/community\/#organization","name":"vitalibera.org","url":"https:\/\/www.vitalibera.org\/community\/","logo":{"@type":"ImageObject","inLanguage":"de","@id":"https:\/\/www.vitalibera.org\/community\/#\/schema\/logo\/image\/","url":"https:\/\/www.vitalibera.org\/community\/wp-content\/uploads\/2025\/09\/cropped-banner.png","contentUrl":"https:\/\/www.vitalibera.org\/community\/wp-content\/uploads\/2025\/09\/cropped-banner.png","width":991,"height":150,"caption":"vitalibera.org"},"image":{"@id":"https:\/\/www.vitalibera.org\/community\/#\/schema\/logo\/image\/"},"sameAs":["https:\/\/www.facebook.com\/groups\/2997085857140235"]},{"@type":"Person","@id":"https:\/\/www.vitalibera.org\/community\/#\/schema\/person\/6712387298421f222ff6d0a2e22c1534","name":"Andreas Jecklin","image":{"@type":"ImageObject","inLanguage":"de","@id":"https:\/\/secure.gravatar.com\/avatar\/ad516503a11cd5ca435acc9bb6523536?s=96","url":"https:\/\/secure.gravatar.com\/avatar\/ad516503a11cd5ca435acc9bb6523536?s=96","contentUrl":"https:\/\/secure.gravatar.com\/avatar\/ad516503a11cd5ca435acc9bb6523536?s=96","caption":"Andreas Jecklin"},"description":"Manchen gab Gott die Kraft Dinge zu ver\u00e4ndern, mir gab er die Kraft zu ertragen was nicht mehr zu \u00e4ndern ist.","url":"https:\/\/www.vitalibera.org\/community\/author\/andy77\/"}]}},"jetpack_publicize_connections":[],"jetpack_sharing_enabled":true,"jetpack-related-posts":[{"id":7057,"url":"https:\/\/www.vitalibera.org\/community\/2026\/04\/29\/die-unsichtbaren-stellen-die-aufmerksamkeit-brauchen\/","url_meta":{"origin":7502,"position":0},"title":"Die unsichtbaren Stellen, die Aufmerksamkeit brauchen","author":"Andreas Jecklin","date":"29 April, 2026","format":false,"excerpt":"Nach einer Hirnverletzung ver\u00e4ndern sich nicht nur Kraft, Tempo und Reizverarbeitung \u2013 auch allt\u00e4gliche Situationen k\u00f6nnen pl\u00f6tzlich riskanter werden. Nicht, weil man \u201eunvorsichtig\u201c ist, sondern weil das Gehirn anders reagiert: langsamer, empfindlicher, schneller \u00fcberlastet. Dinge, die fr\u00fcher automatisch funktionierten, brauchen heute bewusste Aufmerksamkeit. Gefahr bedeutet hier nicht Katastrophe. Gefahr bedeutet:\u2026","rel":"","context":"In &quot;Alltagsnavigation&quot;","block_context":{"text":"Alltagsnavigation","link":"https:\/\/www.vitalibera.org\/community\/category\/beitraege\/eingeschraenkt-im-alltag\/alltagsnavigation\/"},"img":{"alt_text":"","src":"https:\/\/i0.wp.com\/www.vitalibera.org\/community\/wp-content\/uploads\/2026\/04\/5a0af2f1123c88ee205fec306ff765f4.jpg?resize=350%2C200&ssl=1","width":350,"height":200,"srcset":"https:\/\/i0.wp.com\/www.vitalibera.org\/community\/wp-content\/uploads\/2026\/04\/5a0af2f1123c88ee205fec306ff765f4.jpg?resize=350%2C200&ssl=1 1x, https:\/\/i0.wp.com\/www.vitalibera.org\/community\/wp-content\/uploads\/2026\/04\/5a0af2f1123c88ee205fec306ff765f4.jpg?resize=525%2C300&ssl=1 1.5x, https:\/\/i0.wp.com\/www.vitalibera.org\/community\/wp-content\/uploads\/2026\/04\/5a0af2f1123c88ee205fec306ff765f4.jpg?resize=700%2C400&ssl=1 2x"},"classes":[]},{"id":6809,"url":"https:\/\/www.vitalibera.org\/community\/2026\/04\/18\/neurologische-grenzen-die-niemand-sieht\/","url_meta":{"origin":7502,"position":1},"title":"Neurologische Grenzen, die niemand sieht","author":"Andreas Jecklin","date":"18 April, 2026","format":false,"excerpt":"Manchmal liegt die gr\u00f6\u00dfte H\u00fcrde nicht in unserem K\u00f6rper oder unserem Gehirn, sondern in der Welt um uns herum. In Formularen, Erwartungen, Abl\u00e4ufen und Blicken, die uns klein machen. Nicht wir sind das Problem \u2014 wir werden behindert. Und genau deshalb brauchen wir R\u00e4ume, in denen wir atmen k\u00f6nnen, uns\u2026","rel":"","context":"In &quot;Alltagsnavigation&quot;","block_context":{"text":"Alltagsnavigation","link":"https:\/\/www.vitalibera.org\/community\/category\/beitraege\/eingeschraenkt-im-alltag\/alltagsnavigation\/"},"img":{"alt_text":"","src":"https:\/\/i0.wp.com\/www.vitalibera.org\/community\/wp-content\/uploads\/2026\/04\/barriere2134.png?resize=350%2C200&ssl=1","width":350,"height":200},"classes":[]},{"id":7092,"url":"https:\/\/www.vitalibera.org\/community\/2026\/04\/30\/das-problem-ist-nicht-das-gehirn-das-problem-sind-erwartungen\/","url_meta":{"origin":7502,"position":2},"title":"Das Problem ist nicht das Gehirn. Das Problem sind Erwartungen","author":"Andreas Jecklin","date":"30 April, 2026","format":false,"excerpt":"Nach einer Hirnverletzung geraten viele in ein unsichtbares Hamsterrad: Der Alltag l\u00e4uft weiter, das Umfeld erwartet Funktionieren \u2013 aber das Nervensystem arbeitet noch im Reparaturmodus. Energie, Reizfilterung und Planung kosten pl\u00f6tzlich ein Vielfaches. Dieses Modul macht sichtbar, was sonst \u00fcbersehen wird: Warum \u00dcberforderung kein pers\u00f6nliches Versagen ist, sondern ein Systemproblem.\u2026","rel":"","context":"In &quot;Alltagsnavigation&quot;","block_context":{"text":"Alltagsnavigation","link":"https:\/\/www.vitalibera.org\/community\/category\/beitraege\/eingeschraenkt-im-alltag\/alltagsnavigation\/"},"img":{"alt_text":"","src":"https:\/\/i0.wp.com\/www.vitalibera.org\/community\/wp-content\/uploads\/2026\/04\/565cd6b3162e0ad2f6e535b0e0464d6a.jpg?resize=350%2C200&ssl=1","width":350,"height":200},"classes":[]},{"id":8990,"url":"https:\/\/www.vitalibera.org\/community\/2026\/08\/07\/leben-ohne-das-damoklesschwert-vertrauen-in-den-alltag-nach-einer-hirnverletzung\/","url_meta":{"origin":7502,"position":3},"title":"Leben ohne das Damoklesschwert \u2013 Vertrauen in den Alltag nach einer Hirnverletzung","author":"Andreas Jecklin","date":"7 August, 2026","format":false,"excerpt":"Nach einer Hirnverletzung f\u00fchlt sich der Alltag oft an, als hinge ein unsichtbares Damoklesschwert \u00fcber einem \u2013 die Angst vor R\u00fcckschl\u00e4gen, \u00dcberforderung oder erneutem Kontrollverlust. Dieses Gef\u00fchl ist verst\u00e4ndlich, aber es darf nicht zum st\u00e4ndigen Begleiter werden. Heilung bedeutet auch, dem K\u00f6rper und dem Leben wieder zu vertrauen. Das Gehirn\u2026","rel":"","context":"In &quot;Fachwissen&quot;","block_context":{"text":"Fachwissen","link":"https:\/\/www.vitalibera.org\/community\/category\/beitraege\/fachwissen\/"},"img":{"alt_text":"","src":"https:\/\/i0.wp.com\/www.vitalibera.org\/community\/wp-content\/uploads\/2026\/08\/damokles153352.png?resize=350%2C200&ssl=1","width":350,"height":200},"classes":[]},{"id":7411,"url":"https:\/\/www.vitalibera.org\/community\/2026\/05\/18\/ernst-genommen-werden-wieder-und-neu\/","url_meta":{"origin":7502,"position":4},"title":"Ernst genommen werden \u2013 wieder und neu","author":"admin","date":"18 Mai, 2026","format":false,"excerpt":"Wenn die eigene Realit\u00e4t angezweifelt wird Nach einer neurologischen Erkrankung ver\u00e4ndert sich nicht nur dein K\u00f6rper oder dein Tempo. Es ver\u00e4ndert sich auch, wie andere dich wahrnehmen. Pl\u00f6tzlich werden deine Grenzen hinterfragt, deine Symptome relativiert, deine Worte weichgezeichnet. Nicht ernst genommen zu werden f\u00fchlt sich an, als w\u00fcrde deine innere\u2026","rel":"","context":"In &quot;Alltagsnavigation&quot;","block_context":{"text":"Alltagsnavigation","link":"https:\/\/www.vitalibera.org\/community\/category\/beitraege\/eingeschraenkt-im-alltag\/alltagsnavigation\/"},"img":{"alt_text":"","src":"https:\/\/i0.wp.com\/www.vitalibera.org\/community\/wp-content\/uploads\/2026\/05\/f22efc3aecb422eada6e79604544670d.jpg?resize=350%2C200&ssl=1","width":350,"height":200},"classes":[]},{"id":7140,"url":"https:\/\/www.vitalibera.org\/community\/2026\/05\/06\/selbstbestimmung-bleibt-auch-nach-hirnerkrankung\/","url_meta":{"origin":7502,"position":5},"title":"Selbstbestimmung bleibt \u2013 auch nach Hirnerkrankung","author":"Andreas Jecklin","date":"6 Mai, 2026","format":false,"excerpt":"Mein Gehirn, meine Regeln\u201c - \u201eNeue Grenzen. Gleiche W\u00fcrde Eine Hirnerkrankung macht Menschen nicht unm\u00fcndig. Sie macht Abl\u00e4ufe sensibler, Grenzen klarer und Bed\u00fcrfnisse sichtbarer. Genau deshalb braucht es keine Bevormundung, sondern Respekt vor dem eigenen inneren Kompass. Selbstbestimmung ist kein Luxus, sondern Schutz: f\u00fcr Energie, Stabilit\u00e4t, W\u00fcrde und Teilhabe. Wer\u2026","rel":"","context":"In &quot;Alltagsnavigation&quot;","block_context":{"text":"Alltagsnavigation","link":"https:\/\/www.vitalibera.org\/community\/category\/beitraege\/eingeschraenkt-im-alltag\/alltagsnavigation\/"},"img":{"alt_text":"","src":"https:\/\/i0.wp.com\/www.vitalibera.org\/community\/wp-content\/uploads\/2026\/05\/a73f317c4cc74cb25fdc9954aa5545aa.jpg?resize=350%2C200&ssl=1","width":350,"height":200,"srcset":"https:\/\/i0.wp.com\/www.vitalibera.org\/community\/wp-content\/uploads\/2026\/05\/a73f317c4cc74cb25fdc9954aa5545aa.jpg?resize=350%2C200&ssl=1 1x, https:\/\/i0.wp.com\/www.vitalibera.org\/community\/wp-content\/uploads\/2026\/05\/a73f317c4cc74cb25fdc9954aa5545aa.jpg?resize=525%2C300&ssl=1 1.5x, https:\/\/i0.wp.com\/www.vitalibera.org\/community\/wp-content\/uploads\/2026\/05\/a73f317c4cc74cb25fdc9954aa5545aa.jpg?resize=700%2C400&ssl=1 2x, https:\/\/i0.wp.com\/www.vitalibera.org\/community\/wp-content\/uploads\/2026\/05\/a73f317c4cc74cb25fdc9954aa5545aa.jpg?resize=1050%2C600&ssl=1 3x"},"classes":[]}],"jetpack_featured_media_url":"https:\/\/www.vitalibera.org\/community\/wp-content\/uploads\/2026\/05\/fcd22ae02cd79b3431e900c05672d2ea.jpg","_links":{"self":[{"href":"https:\/\/www.vitalibera.org\/community\/wp-json\/wp\/v2\/posts\/7502","targetHints":{"allow":["GET"]}}],"collection":[{"href":"https:\/\/www.vitalibera.org\/community\/wp-json\/wp\/v2\/posts"}],"about":[{"href":"https:\/\/www.vitalibera.org\/community\/wp-json\/wp\/v2\/types\/post"}],"author":[{"embeddable":true,"href":"https:\/\/www.vitalibera.org\/community\/wp-json\/wp\/v2\/users\/2"}],"replies":[{"embeddable":true,"href":"https:\/\/www.vitalibera.org\/community\/wp-json\/wp\/v2\/comments?post=7502"}],"version-history":[{"count":0,"href":"https:\/\/www.vitalibera.org\/community\/wp-json\/wp\/v2\/posts\/7502\/revisions"}],"wp:featuredmedia":[{"embeddable":true,"href":"https:\/\/www.vitalibera.org\/community\/wp-json\/wp\/v2\/media\/7503"}],"wp:attachment":[{"href":"https:\/\/www.vitalibera.org\/community\/wp-json\/wp\/v2\/media?parent=7502"}],"wp:term":[{"taxonomy":"category","embeddable":true,"href":"https:\/\/www.vitalibera.org\/community\/wp-json\/wp\/v2\/categories?post=7502"},{"taxonomy":"post_tag","embeddable":true,"href":"https:\/\/www.vitalibera.org\/community\/wp-json\/wp\/v2\/tags?post=7502"}],"curies":[{"name":"wp","href":"https:\/\/api.w.org\/{rel}","templated":true}]}}