{"id":7684,"date":"2026-06-02T10:27:42","date_gmt":"2026-06-02T08:27:42","guid":{"rendered":"https:\/\/www.vitalibera.org\/community\/?p=7684"},"modified":"2026-06-18T11:07:44","modified_gmt":"2026-06-18T09:07:44","slug":"emotionale-dysregulation-nach-hirnverletzung","status":"publish","type":"post","link":"https:\/\/www.vitalibera.org\/community\/2026\/06\/02\/emotionale-dysregulation-nach-hirnverletzung\/","title":{"rendered":"Emotionale Dysregulation nach Hirnverletzung"},"content":{"rendered":"\n<div class=\"wp-block-media-text is-stacked-on-mobile is-vertically-aligned-top\"><figure class=\"wp-block-media-text__media\"><img fetchpriority=\"high\" decoding=\"async\" width=\"735\" height=\"782\" src=\"https:\/\/www.vitalibera.org\/community\/wp-content\/uploads\/2026\/06\/c0f25aedcbd404f8f41f04874c451e7d.jpg\" alt=\"\" class=\"wp-image-7685 size-full\" srcset=\"https:\/\/www.vitalibera.org\/community\/wp-content\/uploads\/2026\/06\/c0f25aedcbd404f8f41f04874c451e7d.jpg 735w, https:\/\/www.vitalibera.org\/community\/wp-content\/uploads\/2026\/06\/c0f25aedcbd404f8f41f04874c451e7d-282x300.jpg 282w\" sizes=\"(max-width: 735px) 100vw, 735px\" \/><\/figure><div class=\"wp-block-media-text__content\">\n<p>Manchmal ver&auml;ndert eine neurologische Verletzung nicht nur den K&ouml;rper, sondern auch das innere Gleichgewicht. Reize werden schneller zu viel, Emotionen kippen abrupt, und vertraute Reaktionen f&uuml;hlen sich pl&ouml;tzlich fremd an. Das ist kein pers&ouml;nliches Versagen, sondern eine Folge der ver&auml;nderten Arbeitsweise des Gehirns.<\/p>\n\n\n\n<p>Hier geht es darum, diese Ver&auml;nderungen verst&auml;ndlich zu machen &ndash; sachlich, respektvoll und ohne Schuldzuweisungen. Wenn wir begreifen, warum Wut, &Uuml;berforderung oder R&uuml;ckzug auftreten, entsteht Raum f&uuml;r Orientierung, Entlastung und neue Handlungsm&ouml;glichkeiten. Schritt f&uuml;r Schritt. In einem Tempo, das f&uuml;r <a href=\"https:\/\/www.vitalibera.org\/community\/2026\/04\/19\/wenn-reize-laut-werden-und-menschen-leise\/\"><font color=\"blue\"><img src=\"https:\/\/www.vitalibera.org\/community\/wp-content\/images\/link.png\" width=\"20\" height=\"20\"><u>Betroffene<\/u><\/font><\/a> und Angeh&ouml;rige machbar ist.<\/p>\n<\/div><\/div>\n\n\n\n<h6 class=\"wp-block-heading\"><strong>1. Gest&ouml;rte Impulskontrolle (Frontallappen)<\/strong><\/h6>\n\n\n\n<p>Der <a href=\"https:\/\/www.vitalibera.org\/community\/enzyklopaedie\/frontallappen\/\" target=\"_self\" title=\"Der Frontallappen, auch Stirnlappen oder&nbsp;Lobus frontalis, ist der gr&ouml;&szlig;te Hirnlappen, der sich im vorderen Teil des Gehirns befindet, direkt hinter der Stirn. Er steuert wichtige Funktionen wie die Planung und Ausf&uuml;hrung von Handlungen, die Kontrolle erlernter Bewegungen (Motorik) sowie komplexe kognitive Prozesse wie Sprache, Denken, Probleml&ouml;sen und Konzentration. Hauptfunktionen Motorik:&nbsp;Steuert Willk&uuml;rbewegungen und erlernte motorische F&auml;higkeiten&hellip;\" class=\"encyclopedia\">Frontallappen<\/a> steuert normalerweise:<\/p>\n\n\n\n<ul class=\"wp-block-list\">\n<li>Impulskontrolle<\/li>\n\n\n\n<li>Emotionsregulation<\/li>\n\n\n\n<li>Sozialverhalten<\/li>\n\n\n\n<li>Perspektivwechsel<\/li>\n<\/ul>\n\n\n\n<p>Ist er verletzt, f&auml;llt die &bdquo;innere Bremse&ldquo; weg &rarr; Reaktionen kommen <strong>schneller, st&auml;rker, ungebremst<\/strong>.<\/p>\n\n\n\n<h6 class=\"wp-block-heading\"><strong>2. &Uuml;berlastetes Alarmsystem (Amygdala)<\/strong><\/h6>\n\n\n\n<p>Die <a href=\"https:\/\/www.vitalibera.org\/community\/enzyklopaedie\/amygdala\/\" target=\"_self\" title='Die Amygdala (Mandelkern) ist ein paariges Kerngebiet im Temporallappen des Gehirns und Teil des&nbsp;limbischen Systems. Sie fungiert als zentrales emotionales Bewertungszentrum, insbesondere f&uuml;r Angst, Furcht, Wut sowie die \"Kampf-oder-Flucht\"-Reaktion. Zudem ist sie entscheidend f&uuml;r das emotionale Ged&auml;chtnis und die Verarbeitung sensorischer Reize.' class=\"encyclopedia\">Amygdala<\/a> feuert bei Stress, Reiz&uuml;berflutung oder Unsicherheit schneller. Wenn die <a href=\"https:\/\/www.vitalibera.org\/community\/enzyklopaedie\/frontallappen\/\" target=\"_self\" title=\"Der Frontallappen, auch Stirnlappen oder&nbsp;Lobus frontalis, ist der gr&ouml;&szlig;te Hirnlappen, der sich im vorderen Teil des Gehirns befindet, direkt hinter der Stirn. Er steuert wichtige Funktionen wie die Planung und Ausf&uuml;hrung von Handlungen, die Kontrolle erlernter Bewegungen (Motorik) sowie komplexe kognitive Prozesse wie Sprache, Denken, Probleml&ouml;sen und Konzentration. Hauptfunktionen Motorik:&nbsp;Steuert Willk&uuml;rbewegungen und erlernte motorische F&auml;higkeiten&hellip;\" class=\"encyclopedia\">Frontallappen<\/a> sie nicht mehr d&auml;mpfen k&ouml;nnen &rarr; <strong>Wutexplosionen<\/strong>.<\/p>\n\n\n\n<h6 class=\"wp-block-heading\"><strong>3. Neurochemische Ver&auml;nderungen<\/strong><\/h6>\n\n\n\n<p>Nach <a href=\"https:\/\/www.vitalibera.org\/community\/enzyklopaedie\/hirnverletzung\/\" target=\"_self\" title=\"Eine Hirnverletzung (oft als&nbsp;Sch&auml;del-Hirn-Trauma, SHT) ist eine&nbsp;Sch&auml;digung des Gehirns, verursacht durch &auml;u&szlig;ere Gewalteinwirkung (Unfall, Sturz) oder innere Faktoren (Schlaganfall, Tumor). Sie f&uuml;hrt zu k&ouml;rperlichen, kognitiven und verhaltensbezogenen Einschr&auml;nkungen, die oft unsichtbar bleiben. Symptome reichen von Kopfschmerzen bis zu schweren Behinderungen. Wichtige Aspekte der Hirnverletzung: Ursachen:&nbsp;H&auml;ufig durch Schlaganf&auml;lle, Hirnblutungen, Sauerstoffmangel oder St&uuml;rze\/Verkehrsunf&auml;lle (Sch&auml;del-Hirn-Trauma). Formen (SHT):&nbsp;Unterscheidung in&hellip;\" class=\"encyclopedia\">Hirnverletzung<\/a>en kann das Gleichgewicht von <a href=\"https:\/\/www.vitalibera.org\/community\/enzyklopaedie\/neurotransmitter\/\" target=\"_self\" title=\"Neurotransmitter sind&nbsp;chemische Botenstoffe, die Informationen zwischen Nervenzellen (Neuronen) &uuml;bertragen.&nbsp;Sie werden an den Kontaktstellen, den&nbsp;Synapsen,&nbsp;freigesetzt und binden an Rezeptoren der n&auml;chsten Zelle, um ein Signal weiterzuleiten, zu erregen oder zu hemmen.&nbsp;Beispiele sind Dopamin, Serotonin und Acetylcholin, die Funktionen wie Stimmung, Ged&auml;chtnis und Bewegung steuern.&nbsp;&nbsp; Funktion Signal&uuml;bertragung:&nbsp; Sie &uuml;bermitteln chemische Signale von einem Neuron zum n&auml;chsten, um&hellip;\" class=\"encyclopedia\">Neurotransmitter<\/a>n wie <strong><a href=\"https:\/\/www.vitalibera.org\/community\/enzyklopaedie\/3647\/\" target=\"_self\" title='Serotonin ist ein&nbsp;wichtiger Botenstoff, der sowohl im Gehirn als auch im K&ouml;rper wirkt und an vielen Funktionen beteiligt ist, darunter Stimmung, Schlaf, Appetit und Verdauung.&nbsp;Es wird oft als \"Gl&uuml;ckshormon\" bezeichnet, weil es die Stimmung positiv beeinflusst, ist aber f&uuml;r weitaus mehr verantwortlich, wie beispielsweise die Schmerzwahrnehmung, das Blutgerinnung, den Blutdruck und die Darmt&auml;tigkeit.&nbsp;Die Produktion von&hellip;' class=\"encyclopedia\">Serotonin<\/a><\/strong> gest&ouml;rt sein &rarr; weniger Impulskontrolle, mehr Reizbarkeit.<\/p>\n\n\n\n<h6 class=\"wp-block-heading\"><strong>4. Psychische Faktoren<\/strong><\/h6>\n\n\n\n<p>Viele Betroffene erleben:<\/p>\n\n\n\n<ul class=\"wp-block-list\">\n<li>Kontrollverlust<\/li>\n\n\n\n<li><a href=\"https:\/\/www.vitalibera.org\/community\/2026\/08\/07\/leben-ohne-das-damoklesschwert-vertrauen-in-den-alltag-nach-einer-hirnverletzung\/\"><font color=\"blue\"><img src=\"https:\/\/www.vitalibera.org\/community\/wp-content\/images\/link.png\" width=\"20\" height=\"20\"><u>Angst<\/u><\/font><\/a><\/li>\n\n\n\n<li>Frustration<\/li>\n\n\n\n<li>Kommunikationsprobleme (z.&#8239;B. <a href=\"https:\/\/www.vitalibera.org\/community\/enzyklopaedie\/aphasie\/\" target=\"_self\" title=\"Eine Aphasie ist eine&nbsp;Sprachst&ouml;rung, die die Beeintr&auml;chtigung von Wortverst&auml;ndnis oder Wortproduktion oder nichtverbalen Entsprechungen von W&ouml;rtern umfasst. Sie resultiert aus einer Funktionsst&ouml;rung der Sprachzentren in der Gro&szlig;hirnrinde und in den Basalganglien oder den verbindenden Bahnen in der wei&szlig;en Substanz. &nbsp;\" class=\"encyclopedia\">Aphasie<\/a>)<\/li>\n\n\n\n<li>Identit&auml;tsstress<\/li>\n<\/ul>\n\n\n\n<p>Diese Faktoren verst&auml;rken Wutreaktionen zus&auml;tzlich.<\/p>\n\n\n\n<h6 class=\"wp-block-heading\"><strong>5. Reiz&uuml;berflutung &amp; Fatigue<\/strong><\/h6>\n\n\n\n<p>Wenn das Gehirn zu viele Reize oder zu wenig Energie hat, kippen Emotionen schneller.<\/p>\n\n\n\n<h6 class=\"wp-block-heading\"><strong>Wie sich Wutausbr&uuml;che typischerweise zeigen<\/strong><\/h6>\n\n\n\n<ul class=\"wp-block-list\">\n<li>Pl&ouml;tzliche, kurze Explosionen<\/li>\n\n\n\n<li>Danach oft Ersch&ouml;pfung oder Scham<\/li>\n\n\n\n<li>Ausl&ouml;ser wirken f&uuml;r Au&szlig;enstehende &bdquo;klein&ldquo;<\/li>\n\n\n\n<li>Betroffene sagen oft: &bdquo;Ich wei&szlig; nicht, warum das passiert&ldquo;<\/li>\n\n\n\n<li>H&auml;ufig in Phasen von &Uuml;berforderung, L&auml;rm, Zeitdruck, Missverst&auml;ndnissen<\/li>\n<\/ul>\n\n\n\n<h5 class=\"wp-block-heading\"><strong>Was wirklich hilft (f&uuml;r Betroffene &amp; Angeh&ouml;rige)<\/strong><\/h5>\n\n\n\n<h6 class=\"wp-block-heading\"><strong>1. Reizschutz &amp; Energiemanagement<\/strong><\/h6>\n\n\n\n<ul class=\"wp-block-list\">\n<li>Weniger Ger&auml;usche, weniger Menschen, weniger Tempo<\/li>\n\n\n\n<li>Klare <a href=\"https:\/\/www.vitalibera.org\/community\/enzyklopaedie\/tagesstruktur\/\" target=\"_self\" title=\"Eine Tagesstruktur ist ein&nbsp;geregelter Ablauf, der dem Tag durch feste Zeiten f&uuml;r Mahlzeiten, Aufgaben und Freizeit Halt, Sicherheit und Orientierung verleiht. Sie hilft, den Alltag aktiv zu gestalten, f&ouml;rdert das emotionale Wohlbefinden und ist essenziell f&uuml;r die Stabilit&auml;t, besonders bei pflegebed&uuml;rftigen Menschen oder in herausfordernden Lebenssituationen.\" class=\"encyclopedia\">Tagesstruktur<\/a><\/li>\n\n\n\n<li>Fr&uuml;hzeitig Pausen einbauen<\/li>\n\n\n\n<li>&bdquo;Energie-Check&ldquo;: <em>Wie viel habe ich heute wirklich?<\/em><\/li>\n<\/ul>\n\n\n\n<h6 class=\"wp-block-heading\"><strong>2. Mini&#8209;Routinen<\/strong><\/h6>\n\n\n\n<p>Gleiche Abl&auml;ufe &rarr; weniger Stress &rarr; weniger emotionale Kipppunkte.<\/p>\n\n\n\n<h6 class=\"wp-block-heading\"><strong>3. Stop&#8209;Atmen&#8209;Benennen<\/strong><\/h6>\n\n\n\n<p>Eine der wirksamsten Sofortstrategien:<\/p>\n\n\n\n<ol start=\"1\" class=\"wp-block-list\">\n<li><strong>Stoppen<\/strong><\/li>\n\n\n\n<li><strong>Atmen<\/strong> (4 Sekunden ein, 6 aus)<\/li>\n\n\n\n<li><strong>Benennen<\/strong>: &bdquo;Das ist ein Symptom, kein Ich.&ldquo;<\/li>\n<\/ol>\n\n\n\n<h6 class=\"wp-block-heading\"><strong>4. Kommunikation vereinfachen<\/strong><\/h6>\n\n\n\n<ul class=\"wp-block-list\">\n<li>Kurze S&auml;tze<\/li>\n\n\n\n<li>Ein Thema pro Gespr&auml;ch<\/li>\n\n\n\n<li>Keine schnellen Entscheidungen verlangen<\/li>\n\n\n\n<li>Missverst&auml;ndnisse nicht pers&ouml;nlich nehmen<\/li>\n<\/ul>\n\n\n\n<h6 class=\"wp-block-heading\"><strong>5. Umfeld entlasten &amp; aufkl&auml;ren<\/strong><\/h6>\n\n\n\n<p>Wissen reduziert Konflikte. Angeh&ouml;rige verstehen besser, dass Wut <strong>neurologisch<\/strong> ist &ndash; nicht b&ouml;se Absicht.<\/p>\n\n\n\n<h6 class=\"wp-block-heading\"><strong>6. Neuropsychologische Therapie<\/strong><\/h6>\n\n\n\n<p>Hilft bei:<\/p>\n\n\n\n<ul class=\"wp-block-list\">\n<li>Impulskontrolle<\/li>\n\n\n\n<li>Emotionsregulation<\/li>\n\n\n\n<li>Reizverarbeitung<\/li>\n\n\n\n<li>Alltagsstrategien<\/li>\n<\/ul>\n\n\n\n<h6 class=\"wp-block-heading\"><strong>7. Wenn Wut gef&auml;hrlich wird<\/strong><\/h6>\n\n\n\n<p>Bei Gefahr f&uuml;r Leib und Leben &rarr; sofort Polizei (110\/117).<\/p>\n\n\n\n<h5 class=\"wp-block-heading\"><strong>Warum das so schwer ist &ndash; und warum es nicht deine Schuld ist<\/strong><\/h5>\n\n\n\n<p>Wutausbr&uuml;che nach <a href=\"https:\/\/www.vitalibera.org\/community\/enzyklopaedie\/hirnverletzung\/\" target=\"_self\" title=\"Eine Hirnverletzung (oft als&nbsp;Sch&auml;del-Hirn-Trauma, SHT) ist eine&nbsp;Sch&auml;digung des Gehirns, verursacht durch &auml;u&szlig;ere Gewalteinwirkung (Unfall, Sturz) oder innere Faktoren (Schlaganfall, Tumor). Sie f&uuml;hrt zu k&ouml;rperlichen, kognitiven und verhaltensbezogenen Einschr&auml;nkungen, die oft unsichtbar bleiben. Symptome reichen von Kopfschmerzen bis zu schweren Behinderungen. Wichtige Aspekte der Hirnverletzung: Ursachen:&nbsp;H&auml;ufig durch Schlaganf&auml;lle, Hirnblutungen, Sauerstoffmangel oder St&uuml;rze\/Verkehrsunf&auml;lle (Sch&auml;del-Hirn-Trauma). Formen (SHT):&nbsp;Unterscheidung in&hellip;\" class=\"encyclopedia\">Hirnverletzung<\/a> sind ein <strong>Symptom des verletzten Gehirns<\/strong>, nicht ein moralisches Versagen. Sie zeigen, dass das System noch im <strong>Reparaturmodus<\/strong> ist &ndash; mit instabilen Bremsen, &uuml;berlasteten Alarmzentren und schwankender Energie.<\/p>\n\n\n\n<div class=\"wp-block-media-text is-stacked-on-mobile\" style=\"grid-template-columns:31% auto\"><figure class=\"wp-block-media-text__media\"><img decoding=\"async\" width=\"302\" height=\"277\" src=\"http:\/\/www.vitalibera.org\/community\/wp-content\/uploads\/2026\/03\/tip3.png\" alt=\"\" class=\"wp-image-6087 size-full\" srcset=\"https:\/\/www.vitalibera.org\/community\/wp-content\/uploads\/2026\/03\/tip3.png 302w, https:\/\/www.vitalibera.org\/community\/wp-content\/uploads\/2026\/03\/tip3-300x275.png 300w\" sizes=\"(max-width: 302px) 100vw, 302px\" \/><\/figure><div class=\"wp-block-media-text__content\">\n<p><strong>Wenn du merkst, dass etwas in dir hochschie&szlig;t, mach innerlich einen kurzen Halt und sag dir: &bdquo;Das ist ein Symptom, kein Ich.&ldquo;<\/strong> Dieser Satz schafft Abstand, nimmt Druck raus und gibt dir ein paar Sekunden, in denen dein System wieder herunterfahren kann.<\/p>\n<\/div><\/div>\n","protected":false},"excerpt":{"rendered":"<p>Manchmal ver\u00e4ndert eine neurologische Verletzung nicht nur den K\u00f6rper, sondern auch das innere Gleichgewicht. Reize werden schneller zu viel, Emotionen kippen abrupt, und vertraute Reaktionen f\u00fchlen sich pl\u00f6tzlich fremd an. Das ist kein pers\u00f6nliches Versagen, sondern eine Folge der ver\u00e4nderten Arbeitsweise des Gehirns. Hier geht es darum, diese Ver\u00e4nderungen verst\u00e4ndlich zu machen \u2013 sachlich, respektvoll &#8230; <a title=\"Emotionale Dysregulation nach Hirnverletzung\" class=\"read-more\" href=\"https:\/\/www.vitalibera.org\/community\/2026\/06\/02\/emotionale-dysregulation-nach-hirnverletzung\/\" aria-label=\"Mehr Informationen \u00fcber Emotionale Dysregulation nach Hirnverletzung\">Weiterlesen<\/a><\/p>\n","protected":false},"author":2,"featured_media":7685,"comment_status":"closed","ping_status":"open","sticky":false,"template":"","format":"standard","meta":{"cybocfi_hide_featured_image":"yes","_jetpack_newsletter_access":"","_jetpack_dont_email_post_to_subs":false,"_jetpack_newsletter_tier_id":0,"_jetpack_memberships_contains_paywalled_content":false,"_jetpack_feature_clip_id":0,"_jetpack_memberships_contains_paid_content":false,"footnotes":"","jetpack_publicize_message":"","jetpack_publicize_feature_enabled":true,"jetpack_social_post_already_shared":false,"jetpack_social_options":{"image_generator_settings":{"template":"highway","default_image_id":0,"font":"","enabled":false},"version":2},"jetpack_post_was_ever_published":false},"categories":[159],"tags":[534,495,532,510,568,521,572,528],"class_list":["post-7684","post","type-post","status-publish","format-standard","has-post-thumbnail","hentry","category-fachwissen","tag-akut","tag-alltag","tag-ambulant","tag-betroffen","tag-eigentraining","tag-fachwissen","tag-krankheitsverarbeitung","tag-psyche"],"yoast_head":"<!-- This site is optimized with the Yoast SEO plugin v28.2 - https:\/\/yoast.com\/product\/yoast-seo-wordpress\/ -->\r\n<title>Emotionale Dysregulation nach Hirnverletzung - vitalibera.org<\/title>\r\n<meta name=\"robots\" content=\"index, follow, max-snippet:-1, max-image-preview:large, max-video-preview:-1\" \/>\r\n<link rel=\"canonical\" href=\"https:\/\/www.vitalibera.org\/community\/2026\/06\/02\/emotionale-dysregulation-nach-hirnverletzung\/\" \/>\r\n<meta property=\"og:locale\" content=\"de_DE\" \/>\r\n<meta property=\"og:type\" content=\"article\" \/>\r\n<meta property=\"og:title\" content=\"Emotionale Dysregulation nach Hirnverletzung - vitalibera.org\" \/>\r\n<meta property=\"og:description\" content=\"Manchmal ver\u00e4ndert eine neurologische Verletzung nicht nur den K\u00f6rper, sondern auch das innere Gleichgewicht. Reize werden schneller zu viel, Emotionen kippen abrupt, und vertraute Reaktionen f\u00fchlen sich pl\u00f6tzlich fremd an. Das ist kein pers\u00f6nliches Versagen, sondern eine Folge der ver\u00e4nderten Arbeitsweise des Gehirns. Hier geht es darum, diese Ver\u00e4nderungen verst\u00e4ndlich zu machen \u2013 sachlich, respektvoll ... Weiterlesen\" \/>\r\n<meta property=\"og:url\" content=\"https:\/\/www.vitalibera.org\/community\/2026\/06\/02\/emotionale-dysregulation-nach-hirnverletzung\/\" \/>\r\n<meta property=\"og:site_name\" content=\"vitalibera.org\" \/>\r\n<meta property=\"article:publisher\" content=\"https:\/\/www.facebook.com\/groups\/2997085857140235\" \/>\r\n<meta property=\"article:published_time\" content=\"2026-06-02T08:27:42+00:00\" \/>\r\n<meta property=\"article:modified_time\" content=\"2026-06-18T09:07:44+00:00\" \/>\r\n<meta property=\"og:image\" content=\"https:\/\/www.vitalibera.org\/community\/wp-content\/uploads\/2026\/06\/c0f25aedcbd404f8f41f04874c451e7d.jpg\" \/>\r\n\t<meta property=\"og:image:width\" content=\"735\" \/>\r\n\t<meta property=\"og:image:height\" content=\"782\" \/>\r\n\t<meta property=\"og:image:type\" content=\"image\/jpeg\" \/>\r\n<meta name=\"author\" content=\"Andreas Jecklin\" \/>\r\n<meta name=\"twitter:card\" content=\"summary_large_image\" \/>\r\n<meta name=\"twitter:label1\" content=\"Verfasst von\" \/>\n\t<meta name=\"twitter:data1\" content=\"Andreas Jecklin\" \/>\n\t<meta name=\"twitter:label2\" content=\"Gesch\u00e4tzte Lesezeit\" \/>\n\t<meta name=\"twitter:data2\" content=\"3\u00a0Minuten\" \/>\r\n<script type=\"application\/ld+json\" class=\"yoast-schema-graph\">{\"@context\":\"https:\\\/\\\/schema.org\",\"@graph\":[{\"@type\":\"Article\",\"@id\":\"https:\\\/\\\/www.vitalibera.org\\\/community\\\/2026\\\/06\\\/02\\\/emotionale-dysregulation-nach-hirnverletzung\\\/#article\",\"isPartOf\":{\"@id\":\"https:\\\/\\\/www.vitalibera.org\\\/community\\\/2026\\\/06\\\/02\\\/emotionale-dysregulation-nach-hirnverletzung\\\/\"},\"author\":{\"name\":\"Andreas Jecklin\",\"@id\":\"https:\\\/\\\/www.vitalibera.org\\\/community\\\/#\\\/schema\\\/person\\\/6712387298421f222ff6d0a2e22c1534\"},\"headline\":\"Emotionale Dysregulation nach Hirnverletzung\",\"datePublished\":\"2026-06-02T08:27:42+00:00\",\"dateModified\":\"2026-06-18T09:07:44+00:00\",\"mainEntityOfPage\":{\"@id\":\"https:\\\/\\\/www.vitalibera.org\\\/community\\\/2026\\\/06\\\/02\\\/emotionale-dysregulation-nach-hirnverletzung\\\/\"},\"wordCount\":467,\"publisher\":{\"@id\":\"https:\\\/\\\/www.vitalibera.org\\\/community\\\/#organization\"},\"image\":{\"@id\":\"https:\\\/\\\/www.vitalibera.org\\\/community\\\/2026\\\/06\\\/02\\\/emotionale-dysregulation-nach-hirnverletzung\\\/#primaryimage\"},\"thumbnailUrl\":\"https:\\\/\\\/www.vitalibera.org\\\/community\\\/wp-content\\\/uploads\\\/2026\\\/06\\\/c0f25aedcbd404f8f41f04874c451e7d.jpg\",\"keywords\":[\"akut\",\"alltag\",\"ambulant\",\"betroffen\",\"eigentraining\",\"fachwissen\",\"krankheitsverarbeitung\",\"psyche\"],\"articleSection\":[\"Fachwissen\"],\"inLanguage\":\"de\"},{\"@type\":\"WebPage\",\"@id\":\"https:\\\/\\\/www.vitalibera.org\\\/community\\\/2026\\\/06\\\/02\\\/emotionale-dysregulation-nach-hirnverletzung\\\/\",\"url\":\"https:\\\/\\\/www.vitalibera.org\\\/community\\\/2026\\\/06\\\/02\\\/emotionale-dysregulation-nach-hirnverletzung\\\/\",\"name\":\"Emotionale Dysregulation nach Hirnverletzung - vitalibera.org\",\"isPartOf\":{\"@id\":\"https:\\\/\\\/www.vitalibera.org\\\/community\\\/#website\"},\"primaryImageOfPage\":{\"@id\":\"https:\\\/\\\/www.vitalibera.org\\\/community\\\/2026\\\/06\\\/02\\\/emotionale-dysregulation-nach-hirnverletzung\\\/#primaryimage\"},\"image\":{\"@id\":\"https:\\\/\\\/www.vitalibera.org\\\/community\\\/2026\\\/06\\\/02\\\/emotionale-dysregulation-nach-hirnverletzung\\\/#primaryimage\"},\"thumbnailUrl\":\"https:\\\/\\\/www.vitalibera.org\\\/community\\\/wp-content\\\/uploads\\\/2026\\\/06\\\/c0f25aedcbd404f8f41f04874c451e7d.jpg\",\"datePublished\":\"2026-06-02T08:27:42+00:00\",\"dateModified\":\"2026-06-18T09:07:44+00:00\",\"breadcrumb\":{\"@id\":\"https:\\\/\\\/www.vitalibera.org\\\/community\\\/2026\\\/06\\\/02\\\/emotionale-dysregulation-nach-hirnverletzung\\\/#breadcrumb\"},\"inLanguage\":\"de\",\"potentialAction\":[{\"@type\":\"ReadAction\",\"target\":[\"https:\\\/\\\/www.vitalibera.org\\\/community\\\/2026\\\/06\\\/02\\\/emotionale-dysregulation-nach-hirnverletzung\\\/\"]}]},{\"@type\":\"BreadcrumbList\",\"@id\":\"https:\\\/\\\/www.vitalibera.org\\\/community\\\/2026\\\/06\\\/02\\\/emotionale-dysregulation-nach-hirnverletzung\\\/#breadcrumb\",\"itemListElement\":[{\"@type\":\"ListItem\",\"position\":1,\"name\":\"Startseite\",\"item\":\"https:\\\/\\\/www.vitalibera.org\\\/community\\\/\"},{\"@type\":\"ListItem\",\"position\":2,\"name\":\"Emotionale Dysregulation nach Hirnverletzung\"}]},{\"@type\":\"WebSite\",\"@id\":\"https:\\\/\\\/www.vitalibera.org\\\/community\\\/#website\",\"url\":\"https:\\\/\\\/www.vitalibera.org\\\/community\\\/\",\"name\":\"vitalibera.org\",\"description\":\"Mit einer Einschr&auml;nkung gestaltet sich das Leben im Alltag oft schwieriger - hier berichten wir &uuml;ber unsere Erfahrungen und Hilfsmittel um den Alltag so unbeschwert und unkompliziert wie nur m&ouml;glich geniessen zu k&ouml;nnen. Dabei richten wir unseren Fokus gezielt auf Selbst&auml;ndigkeit, Eigenst&auml;ndigkeit und Selbstbestimmung.\",\"publisher\":{\"@id\":\"https:\\\/\\\/www.vitalibera.org\\\/community\\\/#organization\"},\"potentialAction\":[{\"@type\":\"SearchAction\",\"target\":{\"@type\":\"EntryPoint\",\"urlTemplate\":\"https:\\\/\\\/www.vitalibera.org\\\/community\\\/?s={search_term_string}\"},\"query-input\":{\"@type\":\"PropertyValueSpecification\",\"valueRequired\":true,\"valueName\":\"search_term_string\"}}],\"inLanguage\":\"de\"},{\"@type\":\"Organization\",\"@id\":\"https:\\\/\\\/www.vitalibera.org\\\/community\\\/#organization\",\"name\":\"vitalibera.org\",\"url\":\"https:\\\/\\\/www.vitalibera.org\\\/community\\\/\",\"logo\":{\"@type\":\"ImageObject\",\"inLanguage\":\"de\",\"@id\":\"https:\\\/\\\/www.vitalibera.org\\\/community\\\/#\\\/schema\\\/logo\\\/image\\\/\",\"url\":\"https:\\\/\\\/www.vitalibera.org\\\/community\\\/wp-content\\\/uploads\\\/2025\\\/09\\\/cropped-banner.png\",\"contentUrl\":\"https:\\\/\\\/www.vitalibera.org\\\/community\\\/wp-content\\\/uploads\\\/2025\\\/09\\\/cropped-banner.png\",\"width\":991,\"height\":150,\"caption\":\"vitalibera.org\"},\"image\":{\"@id\":\"https:\\\/\\\/www.vitalibera.org\\\/community\\\/#\\\/schema\\\/logo\\\/image\\\/\"},\"sameAs\":[\"https:\\\/\\\/www.facebook.com\\\/groups\\\/2997085857140235\"]},{\"@type\":\"Person\",\"@id\":\"https:\\\/\\\/www.vitalibera.org\\\/community\\\/#\\\/schema\\\/person\\\/6712387298421f222ff6d0a2e22c1534\",\"name\":\"Andreas Jecklin\",\"image\":{\"@type\":\"ImageObject\",\"inLanguage\":\"de\",\"@id\":\"https:\\\/\\\/secure.gravatar.com\\\/avatar\\\/ad516503a11cd5ca435acc9bb6523536?s=96\",\"url\":\"https:\\\/\\\/secure.gravatar.com\\\/avatar\\\/ad516503a11cd5ca435acc9bb6523536?s=96\",\"contentUrl\":\"https:\\\/\\\/secure.gravatar.com\\\/avatar\\\/ad516503a11cd5ca435acc9bb6523536?s=96\",\"caption\":\"Andreas Jecklin\"},\"description\":\"Manchen gab Gott die Kraft Dinge zu ver\u00e4ndern, mir gab er die Kraft zu ertragen was nicht mehr zu \u00e4ndern ist.\",\"url\":\"https:\\\/\\\/www.vitalibera.org\\\/community\\\/author\\\/andy77\\\/\"}]}<\/script>\r\n<!-- \/ Yoast SEO plugin. -->","yoast_head_json":{"title":"Emotionale Dysregulation nach Hirnverletzung - vitalibera.org","robots":{"index":"index","follow":"follow","max-snippet":"max-snippet:-1","max-image-preview":"max-image-preview:large","max-video-preview":"max-video-preview:-1"},"canonical":"https:\/\/www.vitalibera.org\/community\/2026\/06\/02\/emotionale-dysregulation-nach-hirnverletzung\/","og_locale":"de_DE","og_type":"article","og_title":"Emotionale Dysregulation nach Hirnverletzung - vitalibera.org","og_description":"Manchmal ver\u00e4ndert eine neurologische Verletzung nicht nur den K\u00f6rper, sondern auch das innere Gleichgewicht. Reize werden schneller zu viel, Emotionen kippen abrupt, und vertraute Reaktionen f\u00fchlen sich pl\u00f6tzlich fremd an. Das ist kein pers\u00f6nliches Versagen, sondern eine Folge der ver\u00e4nderten Arbeitsweise des Gehirns. Hier geht es darum, diese Ver\u00e4nderungen verst\u00e4ndlich zu machen \u2013 sachlich, respektvoll ... Weiterlesen","og_url":"https:\/\/www.vitalibera.org\/community\/2026\/06\/02\/emotionale-dysregulation-nach-hirnverletzung\/","og_site_name":"vitalibera.org","article_publisher":"https:\/\/www.facebook.com\/groups\/2997085857140235","article_published_time":"2026-06-02T08:27:42+00:00","article_modified_time":"2026-06-18T09:07:44+00:00","og_image":[{"width":735,"height":782,"url":"https:\/\/www.vitalibera.org\/community\/wp-content\/uploads\/2026\/06\/c0f25aedcbd404f8f41f04874c451e7d.jpg","type":"image\/jpeg"}],"author":"Andreas Jecklin","twitter_card":"summary_large_image","twitter_misc":{"Verfasst von":"Andreas Jecklin","Gesch\u00e4tzte Lesezeit":"3\u00a0Minuten"},"schema":{"@context":"https:\/\/schema.org","@graph":[{"@type":"Article","@id":"https:\/\/www.vitalibera.org\/community\/2026\/06\/02\/emotionale-dysregulation-nach-hirnverletzung\/#article","isPartOf":{"@id":"https:\/\/www.vitalibera.org\/community\/2026\/06\/02\/emotionale-dysregulation-nach-hirnverletzung\/"},"author":{"name":"Andreas Jecklin","@id":"https:\/\/www.vitalibera.org\/community\/#\/schema\/person\/6712387298421f222ff6d0a2e22c1534"},"headline":"Emotionale Dysregulation nach Hirnverletzung","datePublished":"2026-06-02T08:27:42+00:00","dateModified":"2026-06-18T09:07:44+00:00","mainEntityOfPage":{"@id":"https:\/\/www.vitalibera.org\/community\/2026\/06\/02\/emotionale-dysregulation-nach-hirnverletzung\/"},"wordCount":467,"publisher":{"@id":"https:\/\/www.vitalibera.org\/community\/#organization"},"image":{"@id":"https:\/\/www.vitalibera.org\/community\/2026\/06\/02\/emotionale-dysregulation-nach-hirnverletzung\/#primaryimage"},"thumbnailUrl":"https:\/\/www.vitalibera.org\/community\/wp-content\/uploads\/2026\/06\/c0f25aedcbd404f8f41f04874c451e7d.jpg","keywords":["akut","alltag","ambulant","betroffen","eigentraining","fachwissen","krankheitsverarbeitung","psyche"],"articleSection":["Fachwissen"],"inLanguage":"de"},{"@type":"WebPage","@id":"https:\/\/www.vitalibera.org\/community\/2026\/06\/02\/emotionale-dysregulation-nach-hirnverletzung\/","url":"https:\/\/www.vitalibera.org\/community\/2026\/06\/02\/emotionale-dysregulation-nach-hirnverletzung\/","name":"Emotionale Dysregulation nach Hirnverletzung - vitalibera.org","isPartOf":{"@id":"https:\/\/www.vitalibera.org\/community\/#website"},"primaryImageOfPage":{"@id":"https:\/\/www.vitalibera.org\/community\/2026\/06\/02\/emotionale-dysregulation-nach-hirnverletzung\/#primaryimage"},"image":{"@id":"https:\/\/www.vitalibera.org\/community\/2026\/06\/02\/emotionale-dysregulation-nach-hirnverletzung\/#primaryimage"},"thumbnailUrl":"https:\/\/www.vitalibera.org\/community\/wp-content\/uploads\/2026\/06\/c0f25aedcbd404f8f41f04874c451e7d.jpg","datePublished":"2026-06-02T08:27:42+00:00","dateModified":"2026-06-18T09:07:44+00:00","breadcrumb":{"@id":"https:\/\/www.vitalibera.org\/community\/2026\/06\/02\/emotionale-dysregulation-nach-hirnverletzung\/#breadcrumb"},"inLanguage":"de","potentialAction":[{"@type":"ReadAction","target":["https:\/\/www.vitalibera.org\/community\/2026\/06\/02\/emotionale-dysregulation-nach-hirnverletzung\/"]}]},{"@type":"BreadcrumbList","@id":"https:\/\/www.vitalibera.org\/community\/2026\/06\/02\/emotionale-dysregulation-nach-hirnverletzung\/#breadcrumb","itemListElement":[{"@type":"ListItem","position":1,"name":"Startseite","item":"https:\/\/www.vitalibera.org\/community\/"},{"@type":"ListItem","position":2,"name":"Emotionale Dysregulation nach Hirnverletzung"}]},{"@type":"WebSite","@id":"https:\/\/www.vitalibera.org\/community\/#website","url":"https:\/\/www.vitalibera.org\/community\/","name":"vitalibera.org","description":"Mit einer Einschr&auml;nkung gestaltet sich das Leben im Alltag oft schwieriger - hier berichten wir &uuml;ber unsere Erfahrungen und Hilfsmittel um den Alltag so unbeschwert und unkompliziert wie nur m&ouml;glich geniessen zu k&ouml;nnen. Dabei richten wir unseren Fokus gezielt auf Selbst&auml;ndigkeit, Eigenst&auml;ndigkeit und Selbstbestimmung.","publisher":{"@id":"https:\/\/www.vitalibera.org\/community\/#organization"},"potentialAction":[{"@type":"SearchAction","target":{"@type":"EntryPoint","urlTemplate":"https:\/\/www.vitalibera.org\/community\/?s={search_term_string}"},"query-input":{"@type":"PropertyValueSpecification","valueRequired":true,"valueName":"search_term_string"}}],"inLanguage":"de"},{"@type":"Organization","@id":"https:\/\/www.vitalibera.org\/community\/#organization","name":"vitalibera.org","url":"https:\/\/www.vitalibera.org\/community\/","logo":{"@type":"ImageObject","inLanguage":"de","@id":"https:\/\/www.vitalibera.org\/community\/#\/schema\/logo\/image\/","url":"https:\/\/www.vitalibera.org\/community\/wp-content\/uploads\/2025\/09\/cropped-banner.png","contentUrl":"https:\/\/www.vitalibera.org\/community\/wp-content\/uploads\/2025\/09\/cropped-banner.png","width":991,"height":150,"caption":"vitalibera.org"},"image":{"@id":"https:\/\/www.vitalibera.org\/community\/#\/schema\/logo\/image\/"},"sameAs":["https:\/\/www.facebook.com\/groups\/2997085857140235"]},{"@type":"Person","@id":"https:\/\/www.vitalibera.org\/community\/#\/schema\/person\/6712387298421f222ff6d0a2e22c1534","name":"Andreas Jecklin","image":{"@type":"ImageObject","inLanguage":"de","@id":"https:\/\/secure.gravatar.com\/avatar\/ad516503a11cd5ca435acc9bb6523536?s=96","url":"https:\/\/secure.gravatar.com\/avatar\/ad516503a11cd5ca435acc9bb6523536?s=96","contentUrl":"https:\/\/secure.gravatar.com\/avatar\/ad516503a11cd5ca435acc9bb6523536?s=96","caption":"Andreas Jecklin"},"description":"Manchen gab Gott die Kraft Dinge zu ver\u00e4ndern, mir gab er die Kraft zu ertragen was nicht mehr zu \u00e4ndern ist.","url":"https:\/\/www.vitalibera.org\/community\/author\/andy77\/"}]}},"jetpack_publicize_connections":[],"jetpack_sharing_enabled":true,"jetpack-related-posts":[{"id":8907,"url":"https:\/\/www.vitalibera.org\/community\/2026\/08\/01\/der-wert-eines-menschen-bleibt-egal-was-das-gehirn-erlebt-auch-nach-hirnverletzung\/","url_meta":{"origin":7684,"position":0},"title":"Der Wert eines Menschen bleibt \u2013 egal, was das Gehirn erlebt &#8211; auch nach Hirnverletzung","author":"Andreas Jecklin","date":"1 August, 2026","format":false,"excerpt":"Eine Hirnverletzung, ob durch Schlaganfall, Hirnblutung, Sch\u00e4del\u2011Hirn\u2011Trauma oder Aneurysma, ver\u00e4ndert vieles \u2013 Bewegungen, Sprache, Wahrnehmung, Alltag. Aber sie ver\u00e4ndert nicht den Wert eines Menschen. F\u00e4higkeiten k\u00f6nnen sich wandeln, Ausdrucksformen neu entstehen, doch die W\u00fcrde, die Pers\u00f6nlichkeit und die innere St\u00e4rke bleiben. Das Gehirn kann verletzt sein, aber der Mensch bleibt\u2026","rel":"","context":"In &quot;Fachwissen&quot;","block_context":{"text":"Fachwissen","link":"https:\/\/www.vitalibera.org\/community\/category\/beitraege\/fachwissen\/"},"img":{"alt_text":"","src":"https:\/\/i0.wp.com\/www.vitalibera.org\/community\/wp-content\/uploads\/2026\/08\/ghetto21059.png?resize=350%2C200&ssl=1","width":350,"height":200},"classes":[]},{"id":7789,"url":"https:\/\/www.vitalibera.org\/community\/2026\/06\/06\/wenn-spontaneitaet-zur-herausforderung-wird-leben-nach-einer-hirnverletzung\/","url_meta":{"origin":7684,"position":1},"title":"Wenn Spontaneit\u00e4t zur Herausforderung wird \u2013 Leben nach einer Hirnverletzung","author":"Andreas Jecklin","date":"6 Juni, 2026","format":false,"excerpt":"Nach einer Hirnverletzung ver\u00e4ndert sich nicht nur das, was sichtbar ist \u2013 sondern vor allem die Art, wie das Gehirn im Alltag funktioniert. Dinge, die fr\u00fcher \u201eeinfach so\u201c gingen, wie spontan etwas unternehmen, schnell entscheiden oder flexibel reagieren, k\u00f6nnen pl\u00f6tzlich grosse Anstrengung erfordern. Ursache daf\u00fcr sind h\u00e4ufig Einschr\u00e4nkungen in den\u2026","rel":"","context":"In &quot;Fachwissen&quot;","block_context":{"text":"Fachwissen","link":"https:\/\/www.vitalibera.org\/community\/category\/beitraege\/fachwissen\/"},"img":{"alt_text":"","src":"https:\/\/i0.wp.com\/www.vitalibera.org\/community\/wp-content\/uploads\/2026\/06\/spontan191535.png?resize=350%2C200&ssl=1","width":350,"height":200},"classes":[]},{"id":9262,"url":"https:\/\/www.vitalibera.org\/community\/2026\/08\/25\/wie-viel-wissen-gut-tut-und-wann-es-nach-einer-hirnverletzung-eher-schadet\/","url_meta":{"origin":7684,"position":2},"title":"Wie viel Wissen gut tut \u2013 und wann es nach einer Hirnverletzung eher schadet","author":"Andreas Jecklin","date":"25 August, 2026","format":false,"excerpt":"Nach einer Hirnverletzung ver\u00e4ndert sich nicht nur der K\u00f6rper, sondern auch die Art, wie Informationen verarbeitet werden. Viele Betroffene und Angeh\u00f6rige suchen Halt im Wissen: Sie lesen, recherchieren, fragen nach, wollen verstehen, was passiert ist und wie es weitergeht. Wissen kann beruhigen, Orientierung geben und Selbstvertrauen st\u00e4rken. Doch gleichzeitig kann\u2026","rel":"","context":"In &quot;Fachwissen&quot;","block_context":{"text":"Fachwissen","link":"https:\/\/www.vitalibera.org\/community\/category\/beitraege\/fachwissen\/"},"img":{"alt_text":"","src":"https:\/\/i0.wp.com\/www.vitalibera.org\/community\/wp-content\/uploads\/2026\/08\/learn214715.png?resize=350%2C200&ssl=1","width":350,"height":200},"classes":[]},{"id":7048,"url":"https:\/\/www.vitalibera.org\/community\/2026\/04\/28\/selbstwahrnehmung-klarer-als-frueher-anders-als-frueher\/","url_meta":{"origin":7684,"position":3},"title":"Selbstwahrnehmung: Klarer als fr\u00fcher, anders als fr\u00fcher","author":"Andreas Jecklin","date":"28 April, 2026","format":false,"excerpt":"Nach einer Hirnverletzung ver\u00e4ndert sich nicht nur der K\u00f6rper \u2013 auch die Art, wie man sich selbst wahrnimmt und \u00fcber sich nachdenkt, verschiebt sich. Selbstwahrnehmung wird genauer, direkter, manchmal schonungslos ehrlich. Dinge, die fr\u00fcher im Hintergrund liefen, stehen pl\u00f6tzlich im Vordergrund: Energie, Reize, Grenzen, Stabilit\u00e4t. Selbstreflexion bekommt dadurch eine neue\u2026","rel":"","context":"In &quot;Fachwissen&quot;","block_context":{"text":"Fachwissen","link":"https:\/\/www.vitalibera.org\/community\/category\/beitraege\/fachwissen\/"},"img":{"alt_text":"","src":"https:\/\/i0.wp.com\/www.vitalibera.org\/community\/wp-content\/uploads\/2026\/04\/3241c9579c6126c5f87722ed1aa59ad9.jpg?resize=350%2C200&ssl=1","width":350,"height":200,"srcset":"https:\/\/i0.wp.com\/www.vitalibera.org\/community\/wp-content\/uploads\/2026\/04\/3241c9579c6126c5f87722ed1aa59ad9.jpg?resize=350%2C200&ssl=1 1x, https:\/\/i0.wp.com\/www.vitalibera.org\/community\/wp-content\/uploads\/2026\/04\/3241c9579c6126c5f87722ed1aa59ad9.jpg?resize=525%2C300&ssl=1 1.5x, https:\/\/i0.wp.com\/www.vitalibera.org\/community\/wp-content\/uploads\/2026\/04\/3241c9579c6126c5f87722ed1aa59ad9.jpg?resize=700%2C400&ssl=1 2x"},"classes":[]},{"id":6803,"url":"https:\/\/www.vitalibera.org\/community\/2026\/04\/18\/das-ereignis-war-gross-aber-mein-ich-ist-groesser\/","url_meta":{"origin":7684,"position":4},"title":"Das Ereignis war gross. Aber mein Ich ist gr\u00f6sser!","author":"Andreas Jecklin","date":"18 April, 2026","format":false,"excerpt":"\"Mein Ich bleibt \u2013 auch wenn mein Gehirn sich ver\u00e4ndert.\u201c Ein neurologisches Schicksal ver\u00e4ndert nicht dein Ich, sondern deine Bedingungen \u2013 dein Tempo, deine Energie, deine Ausdrucksweise, deine Routinen. Das \u201eIch\u201c bleibt der Kern, der durch alles hindurch sp\u00fcrbar bleibt: deine Werte, dein Humor, dein Stil, deine Art zu lieben,\u2026","rel":"","context":"In &quot;Alltagsnavigation&quot;","block_context":{"text":"Alltagsnavigation","link":"https:\/\/www.vitalibera.org\/community\/category\/beitraege\/eingeschraenkt-im-alltag\/alltagsnavigation\/"},"img":{"alt_text":"","src":"https:\/\/i0.wp.com\/www.vitalibera.org\/community\/wp-content\/uploads\/2026\/04\/Copilot_20260418_114210.png?resize=350%2C200&ssl=1","width":350,"height":200,"srcset":"https:\/\/i0.wp.com\/www.vitalibera.org\/community\/wp-content\/uploads\/2026\/04\/Copilot_20260418_114210.png?resize=350%2C200&ssl=1 1x, https:\/\/i0.wp.com\/www.vitalibera.org\/community\/wp-content\/uploads\/2026\/04\/Copilot_20260418_114210.png?resize=525%2C300&ssl=1 1.5x, https:\/\/i0.wp.com\/www.vitalibera.org\/community\/wp-content\/uploads\/2026\/04\/Copilot_20260418_114210.png?resize=700%2C400&ssl=1 2x"},"classes":[]},{"id":8629,"url":"https:\/\/www.vitalibera.org\/community\/2026\/07\/17\/wenn-das-wesen-sich-veraendert-angehoerige-zwischen-sorge-verstaendnis-und-orientierung\/","url_meta":{"origin":7684,"position":5},"title":"Wenn das Wesen sich ver\u00e4ndert \u2013 Angeh\u00f6rige zwischen Sorge, Verst\u00e4ndnis und Orientierung","author":"admin","date":"17 Juli, 2026","format":false,"excerpt":"Eine Wesensver\u00e4nderung nach Hirnsch\u00e4digungen ist leider nicht ungew\u00f6hnlich. Sie ist oft Ausdruck der neurologischen Verletzung und nicht einer bewussten Entscheidung der betroffenen Person. F\u00fcr Angeh\u00f6rige ist es deshalb wichtig, zwischen der Erkrankung und der Person selbst zu unterscheiden.","rel":"","context":"In &quot;Hilfe f\u00fcr Angeh\u00f6rige&quot;","block_context":{"text":"Hilfe f\u00fcr Angeh\u00f6rige","link":"https:\/\/www.vitalibera.org\/community\/category\/hilfe-fuer-angehoerige\/"},"img":{"alt_text":"","src":"https:\/\/i0.wp.com\/www.vitalibera.org\/community\/wp-content\/uploads\/2026\/07\/wesen2913.png?resize=350%2C200&ssl=1","width":350,"height":200},"classes":[]}],"jetpack_featured_media_url":"https:\/\/www.vitalibera.org\/community\/wp-content\/uploads\/2026\/06\/c0f25aedcbd404f8f41f04874c451e7d.jpg","_links":{"self":[{"href":"https:\/\/www.vitalibera.org\/community\/wp-json\/wp\/v2\/posts\/7684","targetHints":{"allow":["GET"]}}],"collection":[{"href":"https:\/\/www.vitalibera.org\/community\/wp-json\/wp\/v2\/posts"}],"about":[{"href":"https:\/\/www.vitalibera.org\/community\/wp-json\/wp\/v2\/types\/post"}],"author":[{"embeddable":true,"href":"https:\/\/www.vitalibera.org\/community\/wp-json\/wp\/v2\/users\/2"}],"replies":[{"embeddable":true,"href":"https:\/\/www.vitalibera.org\/community\/wp-json\/wp\/v2\/comments?post=7684"}],"version-history":[{"count":1,"href":"https:\/\/www.vitalibera.org\/community\/wp-json\/wp\/v2\/posts\/7684\/revisions"}],"predecessor-version":[{"id":7686,"href":"https:\/\/www.vitalibera.org\/community\/wp-json\/wp\/v2\/posts\/7684\/revisions\/7686"}],"wp:featuredmedia":[{"embeddable":true,"href":"https:\/\/www.vitalibera.org\/community\/wp-json\/wp\/v2\/media\/7685"}],"wp:attachment":[{"href":"https:\/\/www.vitalibera.org\/community\/wp-json\/wp\/v2\/media?parent=7684"}],"wp:term":[{"taxonomy":"category","embeddable":true,"href":"https:\/\/www.vitalibera.org\/community\/wp-json\/wp\/v2\/categories?post=7684"},{"taxonomy":"post_tag","embeddable":true,"href":"https:\/\/www.vitalibera.org\/community\/wp-json\/wp\/v2\/tags?post=7684"}],"curies":[{"name":"wp","href":"https:\/\/api.w.org\/{rel}","templated":true}]}}