{"id":8456,"date":"2026-07-04T15:36:00","date_gmt":"2026-07-04T13:36:00","guid":{"rendered":"https:\/\/www.vitalibera.org\/community\/?p=8456"},"modified":"2026-07-24T09:46:18","modified_gmt":"2026-07-24T07:46:18","slug":"einhandfreundliche-guertel-fuer-menschen-mit-hemiparese","status":"publish","type":"post","link":"https:\/\/www.vitalibera.org\/community\/2026\/07\/04\/einhandfreundliche-guertel-fuer-menschen-mit-hemiparese\/","title":{"rendered":"Einhandfreundliche G\u00fcrtel f\u00fcr Menschen mit Hemiparese"},"content":{"rendered":"\n<div class=\"wp-block-media-text is-stacked-on-mobile is-vertically-aligned-top\"><figure class=\"wp-block-media-text__media\"><img fetchpriority=\"high\" decoding=\"async\" width=\"371\" height=\"317\" src=\"https:\/\/www.vitalibera.org\/community\/wp-content\/uploads\/2026\/07\/guertel442.png\" alt=\"\" class=\"wp-image-8457 size-full\" srcset=\"https:\/\/www.vitalibera.org\/community\/wp-content\/uploads\/2026\/07\/guertel442.png 371w, https:\/\/www.vitalibera.org\/community\/wp-content\/uploads\/2026\/07\/guertel442-300x256.png 300w\" sizes=\"(max-width: 371px) 100vw, 371px\" \/><\/figure><div class=\"wp-block-media-text__content\">\n<p>F&uuml;r Menschen mit <a href=\"https:\/\/www.vitalibera.org\/community\/enzyklopaedie\/hemiparese\/\" target=\"_self\" title=\"Eine Hemiparese ist eine&nbsp;L&auml;hmung einer K&ouml;rperh&auml;lfte, bei der noch eine Restaktivit&auml;t vorhanden sein kann. Eine Hemiparese entsteht durch Sch&auml;digungen im Gehirn, wie bei einem Schlaganfall oder durch einen Unfall. Es kommt zu einer Verminderung der Kraft in Gesicht, Arm und Bein in einer K&ouml;rperh&auml;lfte.\" class=\"encyclopedia\">Hemiparese<\/a> kann das An- und Ausziehen von Hosen eine t&auml;gliche Herausforderung sein. <\/p>\n\n\n\n<p>Herk&ouml;mmliche G&uuml;rtel mit Dornschlie&szlig;e erfordern oft den Einsatz beider H&auml;nde und eine gute Feinmotorik. Einhandfreundliche G&uuml;rtel, wie Klett-, Magnet- oder Schnellverschlussg&uuml;rtel, erleichtern das selbstst&auml;ndige Ankleiden und f&ouml;rdern die Unabh&auml;ngigkeit im <a href=\"https:\/\/www.vitalibera.org\/community\/2026\/04\/30\/lapstacker-transport-gurtsystem-fuer-rollstuehle\/\"><font color=\"blue\"><img src=\"https:\/\/www.vitalibera.org\/community\/wp-content\/images\/link.png\" width=\"20\" height=\"20\"><u>Alltag<\/u><\/font><\/a>. <\/p>\n\n\n\n<p>Sie sind speziell darauf ausgelegt, mit nur einer <a href=\"https:\/\/www.vitalibera.org\/community\/2026\/08\/10\/fes-und-tens-bei-spastik-und-geschlossener-hand-orientierung-nach-hirnverletzung\/\"><font color=\"blue\"><img src=\"https:\/\/www.vitalibera.org\/community\/wp-content\/images\/link.png\" width=\"20\" height=\"20\"><u>Hand<\/u><\/font><\/a> einfach und sicher bedient zu werden. Adaptierte Verschlusssysteme und elastische Materialien k&ouml;nnen dabei helfen, den Aufwand und die Belastung beim Anziehen deutlich zu reduzieren.<\/p>\n<\/div><\/div>\n\n\n\n<p>Bei <a href=\"https:\/\/www.vitalibera.org\/community\/enzyklopaedie\/hemiparese\/\" target=\"_self\" title=\"Eine Hemiparese ist eine&nbsp;L&auml;hmung einer K&ouml;rperh&auml;lfte, bei der noch eine Restaktivit&auml;t vorhanden sein kann. Eine Hemiparese entsteht durch Sch&auml;digungen im Gehirn, wie bei einem Schlaganfall oder durch einen Unfall. Es kommt zu einer Verminderung der Kraft in Gesicht, Arm und Bein in einer K&ouml;rperh&auml;lfte.\" class=\"encyclopedia\">Hemiparese<\/a> sind oft G&uuml;rtel hilfreich, die mit einer Hand bedient werden k&ouml;nnen:<\/p>\n\n\n\n<ul class=\"wp-block-list\">\n<li>Klettg&uuml;rtel: kein Einf&auml;deln, einfach andr&uuml;cken.<\/li>\n\n\n\n<li>Magnetg&uuml;rtel: schlie&szlig;t sich fast automatisch.<\/li>\n\n\n\n<li>Elastische G&uuml;rtel ohne Schnalle: bleiben dauerhaft an der Hose, kein &Ouml;ffnen\/Schlie&szlig;en n&ouml;tig.<\/li>\n\n\n\n<li>Schnellverschluss-G&uuml;rtel (Clipverschluss): mit einer Hand leichter zu bedienen als klassische Dornschlie&szlig;en.<\/li>\n<\/ul>\n\n\n\n<p>Zus&auml;tzlich k&ouml;nnen Hosen mit Elastikbund oder adaptive <a href=\"https:\/\/www.vitalibera.org\/community\/2026\/07\/04\/adaptive-kleidung-fuer-mehr-selbststaendigkeit-im-alltag-bei-hemiparese\/\"><font color=\"blue\"><img src=\"https:\/\/www.vitalibera.org\/community\/wp-content\/images\/link.png\" width=\"20\" height=\"20\"><u>Kleidung<\/u><\/font><\/a> mit Klett- bzw. Magnetverschl&uuml;ssen den Alltag deutlich erleichtern. Einhand-L&ouml;sungen und adaptive Anziehhilfen werden h&auml;ufig f&uuml;r Menschen nach <a href=\"https:\/\/www.vitalibera.org\/community\/enzyklopaedie\/schlaganfall\/\" target=\"_self\" title=\"Ein Schlaganfall, auch Hirnschlag oder Apoplex genannt, ist eine&nbsp;pl&ouml;tzlich auftretende Durchblutungsst&ouml;rung im Gehirn, die dazu f&uuml;hrt, dass Gehirnzellen nicht mehr ausreichend mit Sauerstoff und N&auml;hrstoffen versorgt werden.&nbsp;Dies kann zu bleibenden Sch&auml;den oder sogar zum Absterben von Hirnzellen f&uuml;hren, wenn die Durchblutung nicht schnell wiederhergestellt wird.\" class=\"encyclopedia\">Schlaganfall<\/a> oder mit <a href=\"https:\/\/www.vitalibera.org\/community\/enzyklopaedie\/hemiparese\/\" target=\"_self\" title=\"Eine Hemiparese ist eine&nbsp;L&auml;hmung einer K&ouml;rperh&auml;lfte, bei der noch eine Restaktivit&auml;t vorhanden sein kann. Eine Hemiparese entsteht durch Sch&auml;digungen im Gehirn, wie bei einem Schlaganfall oder durch einen Unfall. Es kommt zu einer Verminderung der Kraft in Gesicht, Arm und Bein in einer K&ouml;rperh&auml;lfte.\" class=\"encyclopedia\">Hemiparese<\/a> empfohlen.<\/p>\n\n\n\n<h5 class=\"wp-block-heading\"><strong>Welche G&uuml;rtel sind am einfachsten zu bedienen?<\/strong><\/h5>\n\n\n\n<p>F&uuml;r Menschen mit <a href=\"https:\/\/www.vitalibera.org\/community\/enzyklopaedie\/hemiparese\/\" target=\"_self\" title=\"Eine Hemiparese ist eine&nbsp;L&auml;hmung einer K&ouml;rperh&auml;lfte, bei der noch eine Restaktivit&auml;t vorhanden sein kann. Eine Hemiparese entsteht durch Sch&auml;digungen im Gehirn, wie bei einem Schlaganfall oder durch einen Unfall. Es kommt zu einer Verminderung der Kraft in Gesicht, Arm und Bein in einer K&ouml;rperh&auml;lfte.\" class=\"encyclopedia\">Hemiparese<\/a> gelten folgende G&uuml;rtelarten meist als besonders einfach:<\/p>\n\n\n\n<ol class=\"wp-block-list\">\n<li><strong>Elastische G&uuml;rtel ohne klassische Schnalle<\/strong>\n<ul class=\"wp-block-list\">\n<li>Kein &Ouml;ffnen und Schlie&szlig;en erforderlich.<\/li>\n\n\n\n<li>Die Hose kann oft wie eine Jogginghose an- und ausgezogen werden.<\/li>\n<\/ul>\n<\/li>\n\n\n\n<li><strong>Klettg&uuml;rtel<\/strong>\n<ul class=\"wp-block-list\">\n<li>Lassen sich mit einer Hand schlie&szlig;en und anpassen.<\/li>\n\n\n\n<li>Ben&ouml;tigen wenig Kraft und Feinmotorik.<\/li>\n<\/ul>\n<\/li>\n\n\n\n<li><strong>Magnetg&uuml;rtel<\/strong>\n<ul class=\"wp-block-list\">\n<li>Die Verschlussteile finden sich nahezu selbst.<\/li>\n\n\n\n<li>Gut geeignet bei eingeschr&auml;nkter Fingerbeweglichkeit.<\/li>\n<\/ul>\n<\/li>\n\n\n\n<li><strong>Schnellverschluss- oder Clipg&uuml;rtel<\/strong>\n<ul class=\"wp-block-list\">\n<li>Einfacher als eine herk&ouml;mmliche Dornschlie&szlig;e.<\/li>\n\n\n\n<li>Mit etwas &Uuml;bung oft einh&auml;ndig bedienbar.<\/li>\n<\/ul>\n<\/li>\n<\/ol>\n\n\n\n<p><strong>Fazit:<\/strong> Am einfachsten sind meist <strong>elastische G&uuml;rtel<\/strong> und <strong>Klettg&uuml;rtel<\/strong>, da sie nur wenig Kraft, Koordination und Feinmotorik erfordern. Menschen mit st&auml;rkerer Einschr&auml;nkung profitieren oft zus&auml;tzlich von Hosen mit Elastikbund oder adaptiver Kleidung.<\/p>\n\n\n\n<div class=\"wp-block-media-text is-stacked-on-mobile\" style=\"grid-template-columns:33% auto\"><figure class=\"wp-block-media-text__media\"><img decoding=\"async\" width=\"302\" height=\"277\" src=\"http:\/\/www.vitalibera.org\/community\/wp-content\/uploads\/2026\/03\/tip3.png\" alt=\"\" class=\"wp-image-6087 size-full\" srcset=\"https:\/\/www.vitalibera.org\/community\/wp-content\/uploads\/2026\/03\/tip3.png 302w, https:\/\/www.vitalibera.org\/community\/wp-content\/uploads\/2026\/03\/tip3-300x275.png 300w\" sizes=\"(max-width: 302px) 100vw, 302px\" \/><\/figure><div class=\"wp-block-media-text__content\">\n<p>Wenn du den G&uuml;rtel t&auml;glich selbstst&auml;ndig an- und ausziehen m&ouml;chtest, w&auml;hle am besten einen elastischen G&uuml;rtel mit Klett- oder Magnetverschluss. <\/p>\n\n\n\n<p>So brauchst du weniger Kraft und Feinmotorik und kannst den Verschluss meist problemlos mit einer Hand bedienen<\/p>\n<\/div><\/div>\n\n\n\n<h3 class=\"wp-block-heading\">&Uuml;bersicht einhandfreundlicher G&uuml;rtel<\/h3>\n\n\n\n<figure class=\"wp-block-table\"><table class=\"has-fixed-layout\"><tbody><tr><th>G&uuml;rteltyp<\/th><th>Bedienung mit einer Hand<\/th><th>Vorteile<\/th><th>Geeignet bei<\/th><\/tr><tr><th><strong>Elastischer G&uuml;rtel ohne Schnalle<\/strong><\/th><td>&#11088;&#11088;&#11088;&#11088;&#11088;<\/td><td>Kein &Ouml;ffnen und Schlie&szlig;en n&ouml;tig, hoher Tragekomfort<\/td><td>St&auml;rkerer <a href=\"https:\/\/www.vitalibera.org\/community\/enzyklopaedie\/hemiparese\/\" target=\"_self\" title=\"Eine Hemiparese ist eine&nbsp;L&auml;hmung einer K&ouml;rperh&auml;lfte, bei der noch eine Restaktivit&auml;t vorhanden sein kann. Eine Hemiparese entsteht durch Sch&auml;digungen im Gehirn, wie bei einem Schlaganfall oder durch einen Unfall. Es kommt zu einer Verminderung der Kraft in Gesicht, Arm und Bein in einer K&ouml;rperh&auml;lfte.\" class=\"encyclopedia\">Hemiparese<\/a><\/td><\/tr><tr><th><strong>Klettg&uuml;rtel<\/strong><\/th><td>&#11088;&#11088;&#11088;&#11088;&#11088;<\/td><td>Einfach anzupassen, wenig Kraftaufwand<\/td><td>Eingeschr&auml;nkter Feinmotorik<\/td><\/tr><tr><th><strong>Magnetg&uuml;rtel<\/strong><\/th><td>&#11088;&#11088;&#11088;&#11088;<\/td><td>Verschluss findet sich nahezu selbst<\/td><td>Eingeschr&auml;nkter Handfunktion<\/td><\/tr><tr><th><strong>Clip- oder Schnellverschlussg&uuml;rtel<\/strong><\/th><td>&#11088;&#11088;&#11088;&#11088;<\/td><td>Einfacher als eine Dornschlie&szlig;e<\/td><td>Leichter bis mittlerer <a href=\"https:\/\/www.vitalibera.org\/community\/enzyklopaedie\/hemiparese\/\" target=\"_self\" title=\"Eine Hemiparese ist eine&nbsp;L&auml;hmung einer K&ouml;rperh&auml;lfte, bei der noch eine Restaktivit&auml;t vorhanden sein kann. Eine Hemiparese entsteht durch Sch&auml;digungen im Gehirn, wie bei einem Schlaganfall oder durch einen Unfall. Es kommt zu einer Verminderung der Kraft in Gesicht, Arm und Bein in einer K&ouml;rperh&auml;lfte.\" class=\"encyclopedia\">Hemiparese<\/a><\/td><\/tr><tr><th><strong>Klassischer G&uuml;rtel mit Dornschlie&szlig;e<\/strong><\/th><td>&#11088;&#11088;<\/td><td>Weit verbreitet<\/td><td>Nur bei guter Handfunktion<\/td><\/tr><\/tbody><\/table><\/figure>\n","protected":false},"excerpt":{"rendered":"<p>Herk\u00f6mmliche G\u00fcrtel mit Dornschlie\u00dfe erfordern oft den Einsatz beider H\u00e4nde und eine gute Feinmotorik. Einhandfreundliche G\u00fcrtel, wie Klett-, Magnet- oder Schnellverschlussg\u00fcrtel, erleichtern das selbstst\u00e4ndige Ankleiden und f\u00f6rdern die Unabh\u00e4ngigkeit im Alltag.<\/p>\n","protected":false},"author":2,"featured_media":8457,"comment_status":"open","ping_status":"open","sticky":false,"template":"","format":"standard","meta":{"cybocfi_hide_featured_image":"yes","_jetpack_newsletter_access":"","_jetpack_dont_email_post_to_subs":false,"_jetpack_newsletter_tier_id":0,"_jetpack_memberships_contains_paywalled_content":false,"_jetpack_feature_clip_id":0,"_jetpack_memberships_contains_paid_content":false,"footnotes":"","jetpack_publicize_message":"","jetpack_publicize_feature_enabled":true,"jetpack_social_post_already_shared":false,"jetpack_social_options":{"image_generator_settings":{"template":"highway","default_image_id":0,"font":"","enabled":false},"version":2},"jetpack_post_was_ever_published":false},"categories":[76],"tags":[495,532,510,499,538],"class_list":["post-8456","post","type-post","status-publish","format-standard","has-post-thumbnail","hentry","category-kleidung","tag-alltag","tag-ambulant","tag-betroffen","tag-hemiparese","tag-hilfsmittel"],"yoast_head":"<!-- This site is optimized with the Yoast SEO plugin v28.2 - https:\/\/yoast.com\/product\/yoast-seo-wordpress\/ -->\r\n<title>Einhandfreundliche G\u00fcrtel f\u00fcr Menschen mit Hemiparese - vitalibera.org<\/title>\r\n<meta name=\"robots\" content=\"index, follow, max-snippet:-1, max-image-preview:large, max-video-preview:-1\" \/>\r\n<link rel=\"canonical\" href=\"https:\/\/www.vitalibera.org\/community\/2026\/07\/04\/einhandfreundliche-guertel-fuer-menschen-mit-hemiparese\/\" \/>\r\n<meta property=\"og:locale\" content=\"de_DE\" \/>\r\n<meta property=\"og:type\" content=\"article\" \/>\r\n<meta property=\"og:title\" content=\"Einhandfreundliche G\u00fcrtel f\u00fcr Menschen mit Hemiparese - vitalibera.org\" \/>\r\n<meta property=\"og:description\" content=\"Herk\u00f6mmliche G\u00fcrtel mit Dornschlie\u00dfe erfordern oft den Einsatz beider H\u00e4nde und eine gute Feinmotorik. Einhandfreundliche G\u00fcrtel, wie Klett-, Magnet- oder Schnellverschlussg\u00fcrtel, erleichtern das selbstst\u00e4ndige Ankleiden und f\u00f6rdern die Unabh\u00e4ngigkeit im Alltag.\" \/>\r\n<meta property=\"og:url\" content=\"https:\/\/www.vitalibera.org\/community\/2026\/07\/04\/einhandfreundliche-guertel-fuer-menschen-mit-hemiparese\/\" \/>\r\n<meta property=\"og:site_name\" content=\"vitalibera.org\" \/>\r\n<meta property=\"article:publisher\" content=\"https:\/\/www.facebook.com\/groups\/2997085857140235\" \/>\r\n<meta property=\"article:published_time\" content=\"2026-07-04T13:36:00+00:00\" \/>\r\n<meta property=\"article:modified_time\" content=\"2026-07-24T07:46:18+00:00\" \/>\r\n<meta property=\"og:image\" content=\"https:\/\/www.vitalibera.org\/community\/wp-content\/uploads\/2026\/07\/guertel442.png\" \/>\r\n\t<meta property=\"og:image:width\" content=\"371\" \/>\r\n\t<meta property=\"og:image:height\" content=\"317\" \/>\r\n\t<meta property=\"og:image:type\" content=\"image\/png\" \/>\r\n<meta name=\"author\" content=\"Andreas Jecklin\" \/>\r\n<meta name=\"twitter:card\" content=\"summary_large_image\" \/>\r\n<meta name=\"twitter:label1\" content=\"Verfasst von\" \/>\n\t<meta name=\"twitter:data1\" content=\"Andreas Jecklin\" \/>\n\t<meta name=\"twitter:label2\" content=\"Gesch\u00e4tzte Lesezeit\" \/>\n\t<meta name=\"twitter:data2\" content=\"3\u00a0Minuten\" \/>\r\n<script type=\"application\/ld+json\" class=\"yoast-schema-graph\">{\"@context\":\"https:\\\/\\\/schema.org\",\"@graph\":[{\"@type\":\"Article\",\"@id\":\"https:\\\/\\\/www.vitalibera.org\\\/community\\\/2026\\\/07\\\/04\\\/einhandfreundliche-guertel-fuer-menschen-mit-hemiparese\\\/#article\",\"isPartOf\":{\"@id\":\"https:\\\/\\\/www.vitalibera.org\\\/community\\\/2026\\\/07\\\/04\\\/einhandfreundliche-guertel-fuer-menschen-mit-hemiparese\\\/\"},\"author\":{\"name\":\"Andreas Jecklin\",\"@id\":\"https:\\\/\\\/www.vitalibera.org\\\/community\\\/#\\\/schema\\\/person\\\/6712387298421f222ff6d0a2e22c1534\"},\"headline\":\"Einhandfreundliche G\u00fcrtel f\u00fcr Menschen mit Hemiparese\",\"datePublished\":\"2026-07-04T13:36:00+00:00\",\"dateModified\":\"2026-07-24T07:46:18+00:00\",\"mainEntityOfPage\":{\"@id\":\"https:\\\/\\\/www.vitalibera.org\\\/community\\\/2026\\\/07\\\/04\\\/einhandfreundliche-guertel-fuer-menschen-mit-hemiparese\\\/\"},\"wordCount\":441,\"commentCount\":0,\"publisher\":{\"@id\":\"https:\\\/\\\/www.vitalibera.org\\\/community\\\/#organization\"},\"image\":{\"@id\":\"https:\\\/\\\/www.vitalibera.org\\\/community\\\/2026\\\/07\\\/04\\\/einhandfreundliche-guertel-fuer-menschen-mit-hemiparese\\\/#primaryimage\"},\"thumbnailUrl\":\"https:\\\/\\\/www.vitalibera.org\\\/community\\\/wp-content\\\/uploads\\\/2026\\\/07\\\/guertel442.png\",\"keywords\":[\"alltag\",\"ambulant\",\"betroffen\",\"hemiparese\",\"hilfsmittel\"],\"articleSection\":[\"Kleidung\"],\"inLanguage\":\"de\",\"potentialAction\":[{\"@type\":\"CommentAction\",\"name\":\"Comment\",\"target\":[\"https:\\\/\\\/www.vitalibera.org\\\/community\\\/2026\\\/07\\\/04\\\/einhandfreundliche-guertel-fuer-menschen-mit-hemiparese\\\/#respond\"]}]},{\"@type\":\"WebPage\",\"@id\":\"https:\\\/\\\/www.vitalibera.org\\\/community\\\/2026\\\/07\\\/04\\\/einhandfreundliche-guertel-fuer-menschen-mit-hemiparese\\\/\",\"url\":\"https:\\\/\\\/www.vitalibera.org\\\/community\\\/2026\\\/07\\\/04\\\/einhandfreundliche-guertel-fuer-menschen-mit-hemiparese\\\/\",\"name\":\"Einhandfreundliche G\u00fcrtel f\u00fcr Menschen mit Hemiparese - vitalibera.org\",\"isPartOf\":{\"@id\":\"https:\\\/\\\/www.vitalibera.org\\\/community\\\/#website\"},\"primaryImageOfPage\":{\"@id\":\"https:\\\/\\\/www.vitalibera.org\\\/community\\\/2026\\\/07\\\/04\\\/einhandfreundliche-guertel-fuer-menschen-mit-hemiparese\\\/#primaryimage\"},\"image\":{\"@id\":\"https:\\\/\\\/www.vitalibera.org\\\/community\\\/2026\\\/07\\\/04\\\/einhandfreundliche-guertel-fuer-menschen-mit-hemiparese\\\/#primaryimage\"},\"thumbnailUrl\":\"https:\\\/\\\/www.vitalibera.org\\\/community\\\/wp-content\\\/uploads\\\/2026\\\/07\\\/guertel442.png\",\"datePublished\":\"2026-07-04T13:36:00+00:00\",\"dateModified\":\"2026-07-24T07:46:18+00:00\",\"breadcrumb\":{\"@id\":\"https:\\\/\\\/www.vitalibera.org\\\/community\\\/2026\\\/07\\\/04\\\/einhandfreundliche-guertel-fuer-menschen-mit-hemiparese\\\/#breadcrumb\"},\"inLanguage\":\"de\",\"potentialAction\":[{\"@type\":\"ReadAction\",\"target\":[\"https:\\\/\\\/www.vitalibera.org\\\/community\\\/2026\\\/07\\\/04\\\/einhandfreundliche-guertel-fuer-menschen-mit-hemiparese\\\/\"]}]},{\"@type\":\"BreadcrumbList\",\"@id\":\"https:\\\/\\\/www.vitalibera.org\\\/community\\\/2026\\\/07\\\/04\\\/einhandfreundliche-guertel-fuer-menschen-mit-hemiparese\\\/#breadcrumb\",\"itemListElement\":[{\"@type\":\"ListItem\",\"position\":1,\"name\":\"Startseite\",\"item\":\"https:\\\/\\\/www.vitalibera.org\\\/community\\\/\"},{\"@type\":\"ListItem\",\"position\":2,\"name\":\"Einhandfreundliche G\u00fcrtel f\u00fcr Menschen mit Hemiparese\"}]},{\"@type\":\"WebSite\",\"@id\":\"https:\\\/\\\/www.vitalibera.org\\\/community\\\/#website\",\"url\":\"https:\\\/\\\/www.vitalibera.org\\\/community\\\/\",\"name\":\"vitalibera.org\",\"description\":\"Mit einer Einschr&auml;nkung gestaltet sich das Leben im Alltag oft schwieriger - hier berichten wir &uuml;ber unsere Erfahrungen und Hilfsmittel um den Alltag so unbeschwert und unkompliziert wie nur m&ouml;glich geniessen zu k&ouml;nnen. Dabei richten wir unseren Fokus gezielt auf Selbst&auml;ndigkeit, Eigenst&auml;ndigkeit und Selbstbestimmung.\",\"publisher\":{\"@id\":\"https:\\\/\\\/www.vitalibera.org\\\/community\\\/#organization\"},\"potentialAction\":[{\"@type\":\"SearchAction\",\"target\":{\"@type\":\"EntryPoint\",\"urlTemplate\":\"https:\\\/\\\/www.vitalibera.org\\\/community\\\/?s={search_term_string}\"},\"query-input\":{\"@type\":\"PropertyValueSpecification\",\"valueRequired\":true,\"valueName\":\"search_term_string\"}}],\"inLanguage\":\"de\"},{\"@type\":\"Organization\",\"@id\":\"https:\\\/\\\/www.vitalibera.org\\\/community\\\/#organization\",\"name\":\"vitalibera.org\",\"url\":\"https:\\\/\\\/www.vitalibera.org\\\/community\\\/\",\"logo\":{\"@type\":\"ImageObject\",\"inLanguage\":\"de\",\"@id\":\"https:\\\/\\\/www.vitalibera.org\\\/community\\\/#\\\/schema\\\/logo\\\/image\\\/\",\"url\":\"https:\\\/\\\/www.vitalibera.org\\\/community\\\/wp-content\\\/uploads\\\/2025\\\/09\\\/cropped-banner.png\",\"contentUrl\":\"https:\\\/\\\/www.vitalibera.org\\\/community\\\/wp-content\\\/uploads\\\/2025\\\/09\\\/cropped-banner.png\",\"width\":991,\"height\":150,\"caption\":\"vitalibera.org\"},\"image\":{\"@id\":\"https:\\\/\\\/www.vitalibera.org\\\/community\\\/#\\\/schema\\\/logo\\\/image\\\/\"},\"sameAs\":[\"https:\\\/\\\/www.facebook.com\\\/groups\\\/2997085857140235\"]},{\"@type\":\"Person\",\"@id\":\"https:\\\/\\\/www.vitalibera.org\\\/community\\\/#\\\/schema\\\/person\\\/6712387298421f222ff6d0a2e22c1534\",\"name\":\"Andreas Jecklin\",\"image\":{\"@type\":\"ImageObject\",\"inLanguage\":\"de\",\"@id\":\"https:\\\/\\\/secure.gravatar.com\\\/avatar\\\/ad516503a11cd5ca435acc9bb6523536?s=96\",\"url\":\"https:\\\/\\\/secure.gravatar.com\\\/avatar\\\/ad516503a11cd5ca435acc9bb6523536?s=96\",\"contentUrl\":\"https:\\\/\\\/secure.gravatar.com\\\/avatar\\\/ad516503a11cd5ca435acc9bb6523536?s=96\",\"caption\":\"Andreas Jecklin\"},\"description\":\"Manchen gab Gott die Kraft Dinge zu ver\u00e4ndern, mir gab er die Kraft zu ertragen was nicht mehr zu \u00e4ndern ist.\",\"url\":\"https:\\\/\\\/www.vitalibera.org\\\/community\\\/author\\\/andy77\\\/\"}]}<\/script>\r\n<!-- \/ Yoast SEO plugin. -->","yoast_head_json":{"title":"Einhandfreundliche G\u00fcrtel f\u00fcr Menschen mit Hemiparese - vitalibera.org","robots":{"index":"index","follow":"follow","max-snippet":"max-snippet:-1","max-image-preview":"max-image-preview:large","max-video-preview":"max-video-preview:-1"},"canonical":"https:\/\/www.vitalibera.org\/community\/2026\/07\/04\/einhandfreundliche-guertel-fuer-menschen-mit-hemiparese\/","og_locale":"de_DE","og_type":"article","og_title":"Einhandfreundliche G\u00fcrtel f\u00fcr Menschen mit Hemiparese - vitalibera.org","og_description":"Herk\u00f6mmliche G\u00fcrtel mit Dornschlie\u00dfe erfordern oft den Einsatz beider H\u00e4nde und eine gute Feinmotorik. Einhandfreundliche G\u00fcrtel, wie Klett-, Magnet- oder Schnellverschlussg\u00fcrtel, erleichtern das selbstst\u00e4ndige Ankleiden und f\u00f6rdern die Unabh\u00e4ngigkeit im Alltag.","og_url":"https:\/\/www.vitalibera.org\/community\/2026\/07\/04\/einhandfreundliche-guertel-fuer-menschen-mit-hemiparese\/","og_site_name":"vitalibera.org","article_publisher":"https:\/\/www.facebook.com\/groups\/2997085857140235","article_published_time":"2026-07-04T13:36:00+00:00","article_modified_time":"2026-07-24T07:46:18+00:00","og_image":[{"width":371,"height":317,"url":"https:\/\/www.vitalibera.org\/community\/wp-content\/uploads\/2026\/07\/guertel442.png","type":"image\/png"}],"author":"Andreas Jecklin","twitter_card":"summary_large_image","twitter_misc":{"Verfasst von":"Andreas Jecklin","Gesch\u00e4tzte Lesezeit":"3\u00a0Minuten"},"schema":{"@context":"https:\/\/schema.org","@graph":[{"@type":"Article","@id":"https:\/\/www.vitalibera.org\/community\/2026\/07\/04\/einhandfreundliche-guertel-fuer-menschen-mit-hemiparese\/#article","isPartOf":{"@id":"https:\/\/www.vitalibera.org\/community\/2026\/07\/04\/einhandfreundliche-guertel-fuer-menschen-mit-hemiparese\/"},"author":{"name":"Andreas Jecklin","@id":"https:\/\/www.vitalibera.org\/community\/#\/schema\/person\/6712387298421f222ff6d0a2e22c1534"},"headline":"Einhandfreundliche G\u00fcrtel f\u00fcr Menschen mit Hemiparese","datePublished":"2026-07-04T13:36:00+00:00","dateModified":"2026-07-24T07:46:18+00:00","mainEntityOfPage":{"@id":"https:\/\/www.vitalibera.org\/community\/2026\/07\/04\/einhandfreundliche-guertel-fuer-menschen-mit-hemiparese\/"},"wordCount":441,"commentCount":0,"publisher":{"@id":"https:\/\/www.vitalibera.org\/community\/#organization"},"image":{"@id":"https:\/\/www.vitalibera.org\/community\/2026\/07\/04\/einhandfreundliche-guertel-fuer-menschen-mit-hemiparese\/#primaryimage"},"thumbnailUrl":"https:\/\/www.vitalibera.org\/community\/wp-content\/uploads\/2026\/07\/guertel442.png","keywords":["alltag","ambulant","betroffen","hemiparese","hilfsmittel"],"articleSection":["Kleidung"],"inLanguage":"de","potentialAction":[{"@type":"CommentAction","name":"Comment","target":["https:\/\/www.vitalibera.org\/community\/2026\/07\/04\/einhandfreundliche-guertel-fuer-menschen-mit-hemiparese\/#respond"]}]},{"@type":"WebPage","@id":"https:\/\/www.vitalibera.org\/community\/2026\/07\/04\/einhandfreundliche-guertel-fuer-menschen-mit-hemiparese\/","url":"https:\/\/www.vitalibera.org\/community\/2026\/07\/04\/einhandfreundliche-guertel-fuer-menschen-mit-hemiparese\/","name":"Einhandfreundliche G\u00fcrtel f\u00fcr Menschen mit Hemiparese - vitalibera.org","isPartOf":{"@id":"https:\/\/www.vitalibera.org\/community\/#website"},"primaryImageOfPage":{"@id":"https:\/\/www.vitalibera.org\/community\/2026\/07\/04\/einhandfreundliche-guertel-fuer-menschen-mit-hemiparese\/#primaryimage"},"image":{"@id":"https:\/\/www.vitalibera.org\/community\/2026\/07\/04\/einhandfreundliche-guertel-fuer-menschen-mit-hemiparese\/#primaryimage"},"thumbnailUrl":"https:\/\/www.vitalibera.org\/community\/wp-content\/uploads\/2026\/07\/guertel442.png","datePublished":"2026-07-04T13:36:00+00:00","dateModified":"2026-07-24T07:46:18+00:00","breadcrumb":{"@id":"https:\/\/www.vitalibera.org\/community\/2026\/07\/04\/einhandfreundliche-guertel-fuer-menschen-mit-hemiparese\/#breadcrumb"},"inLanguage":"de","potentialAction":[{"@type":"ReadAction","target":["https:\/\/www.vitalibera.org\/community\/2026\/07\/04\/einhandfreundliche-guertel-fuer-menschen-mit-hemiparese\/"]}]},{"@type":"BreadcrumbList","@id":"https:\/\/www.vitalibera.org\/community\/2026\/07\/04\/einhandfreundliche-guertel-fuer-menschen-mit-hemiparese\/#breadcrumb","itemListElement":[{"@type":"ListItem","position":1,"name":"Startseite","item":"https:\/\/www.vitalibera.org\/community\/"},{"@type":"ListItem","position":2,"name":"Einhandfreundliche G\u00fcrtel f\u00fcr Menschen mit Hemiparese"}]},{"@type":"WebSite","@id":"https:\/\/www.vitalibera.org\/community\/#website","url":"https:\/\/www.vitalibera.org\/community\/","name":"vitalibera.org","description":"Mit einer Einschr&auml;nkung gestaltet sich das Leben im Alltag oft schwieriger - hier berichten wir &uuml;ber unsere Erfahrungen und Hilfsmittel um den Alltag so unbeschwert und unkompliziert wie nur m&ouml;glich geniessen zu k&ouml;nnen. Dabei richten wir unseren Fokus gezielt auf Selbst&auml;ndigkeit, Eigenst&auml;ndigkeit und Selbstbestimmung.","publisher":{"@id":"https:\/\/www.vitalibera.org\/community\/#organization"},"potentialAction":[{"@type":"SearchAction","target":{"@type":"EntryPoint","urlTemplate":"https:\/\/www.vitalibera.org\/community\/?s={search_term_string}"},"query-input":{"@type":"PropertyValueSpecification","valueRequired":true,"valueName":"search_term_string"}}],"inLanguage":"de"},{"@type":"Organization","@id":"https:\/\/www.vitalibera.org\/community\/#organization","name":"vitalibera.org","url":"https:\/\/www.vitalibera.org\/community\/","logo":{"@type":"ImageObject","inLanguage":"de","@id":"https:\/\/www.vitalibera.org\/community\/#\/schema\/logo\/image\/","url":"https:\/\/www.vitalibera.org\/community\/wp-content\/uploads\/2025\/09\/cropped-banner.png","contentUrl":"https:\/\/www.vitalibera.org\/community\/wp-content\/uploads\/2025\/09\/cropped-banner.png","width":991,"height":150,"caption":"vitalibera.org"},"image":{"@id":"https:\/\/www.vitalibera.org\/community\/#\/schema\/logo\/image\/"},"sameAs":["https:\/\/www.facebook.com\/groups\/2997085857140235"]},{"@type":"Person","@id":"https:\/\/www.vitalibera.org\/community\/#\/schema\/person\/6712387298421f222ff6d0a2e22c1534","name":"Andreas Jecklin","image":{"@type":"ImageObject","inLanguage":"de","@id":"https:\/\/secure.gravatar.com\/avatar\/ad516503a11cd5ca435acc9bb6523536?s=96","url":"https:\/\/secure.gravatar.com\/avatar\/ad516503a11cd5ca435acc9bb6523536?s=96","contentUrl":"https:\/\/secure.gravatar.com\/avatar\/ad516503a11cd5ca435acc9bb6523536?s=96","caption":"Andreas Jecklin"},"description":"Manchen gab Gott die Kraft Dinge zu ver\u00e4ndern, mir gab er die Kraft zu ertragen was nicht mehr zu \u00e4ndern ist.","url":"https:\/\/www.vitalibera.org\/community\/author\/andy77\/"}]}},"jetpack_publicize_connections":[],"jetpack_sharing_enabled":true,"jetpack-related-posts":[{"id":8461,"url":"https:\/\/www.vitalibera.org\/community\/2026\/07\/04\/adaptive-kleidung-fuer-mehr-selbststaendigkeit-im-alltag-bei-hemiparese\/","url_meta":{"origin":8456,"position":0},"title":"Adaptive Kleidung f\u00fcr mehr Selbstst\u00e4ndigkeit im Alltag bei Hemiparese","author":"Andreas Jecklin","date":"4 Juli, 2026","format":false,"excerpt":"Jeder Schritt zu mehr Selbstst\u00e4ndigkeit z\u00e4hlt. Wenn eine Hemiparese das An- und Ausziehen erschwert, kann die richtige Kleidung einen gro\u00dfen Unterschied machen. Adaptive Mode wurde speziell darauf ausgelegt, den Alltag zu erleichtern und dir mehr Sicherheit, Komfort und Unabh\u00e4ngigkeit zu erm\u00f6glichen.","rel":"","context":"In &quot;Kleidung&quot;","block_context":{"text":"Kleidung","link":"https:\/\/www.vitalibera.org\/community\/category\/beitraege\/eingeschraenkt-im-alltag\/alltag\/kleidung\/"},"img":{"alt_text":"","src":"https:\/\/i0.wp.com\/www.vitalibera.org\/community\/wp-content\/uploads\/2026\/07\/adaptivekleidung5842.png?resize=350%2C200&ssl=1","width":350,"height":200},"classes":[]},{"id":8229,"url":"https:\/\/www.vitalibera.org\/community\/2026\/06\/24\/an-und-auskleiden-bei-hemiparese-nach-schlaganfall-oder-hirnblutung\/","url_meta":{"origin":8456,"position":1},"title":"An\u2011 und Auskleiden bei Hemiparese nach Schlaganfall oder Hirnblutung","author":"Andreas Jecklin","date":"24 Juni, 2026","format":false,"excerpt":"Nach einem Schlaganfall, einer Hirnblutung oder einer anderen Hirnverletzung kann eine Hemiparese (halbseitige L\u00e4hmung) auftreten, die allt\u00e4gliche Aktivit\u00e4ten wie das An- und Ausziehen erheblich erschwert. Betroffene sind h\u00e4ufig in ihrer Beweglichkeit eingeschr\u00e4nkt und m\u00fcssen neue Strategien erlernen, um ihre Selbstst\u00e4ndigkeit m\u00f6glichst zu erhalten. Durch gezielte Techniken, passende Kleidung und eine\u2026","rel":"","context":"In &quot;Kleidung&quot;","block_context":{"text":"Kleidung","link":"https:\/\/www.vitalibera.org\/community\/category\/beitraege\/eingeschraenkt-im-alltag\/alltag\/kleidung\/"},"img":{"alt_text":"","src":"https:\/\/i0.wp.com\/www.vitalibera.org\/community\/wp-content\/uploads\/2026\/06\/image.png?resize=350%2C200&ssl=1","width":350,"height":200},"classes":[]},{"id":9407,"url":"https:\/\/www.vitalibera.org\/community\/2026\/09\/01\/jackenreissverschluss-einhaendig-bedienen-alltagshilfe-bei-hemiparese\/","url_meta":{"origin":8456,"position":2},"title":"Jackenrei\u00dfverschluss einh\u00e4ndig bedienen \u2013 Alltagshilfe bei Hemiparese","author":"Andreas Jecklin","date":"1 September, 2026","format":false,"excerpt":"Nach einer Hirnverletzung mit Hemiparese wird das Schlie\u00dfen oder \u00d6ffnen eines Jackenrei\u00dfverschlusses schnell zu einer allt\u00e4glichen H\u00fcrde. Es geht hier nicht um Training, sondern um praktische Erleichterung, damit du im Alltag selbstst\u00e4ndig bleiben kannst \u2013 ohne Stress, ohne Kraftaufwand und ohne komplizierte Bewegungen. Mit einfachen Handgriffen, einer stabilen K\u00f6rperposition und\u2026","rel":"","context":"In &quot;Kleidung&quot;","block_context":{"text":"Kleidung","link":"https:\/\/www.vitalibera.org\/community\/category\/beitraege\/eingeschraenkt-im-alltag\/alltag\/kleidung\/"},"img":{"alt_text":"","src":"https:\/\/i0.wp.com\/www.vitalibera.org\/community\/wp-content\/uploads\/2026\/09\/reissverschluss180207.png?resize=350%2C200&ssl=1","width":350,"height":200},"classes":[]},{"id":9009,"url":"https:\/\/www.vitalibera.org\/community\/2026\/08\/08\/clever-umfunktioniert-alltagsgegenstaende-als-stille-helfer-bei-hemiparese\/","url_meta":{"origin":8456,"position":3},"title":"Clever umfunktioniert \u2013 Alltagsgegenst\u00e4nde als stille Helfer bei Hemiparese","author":"Andreas Jecklin","date":"8 August, 2026","format":false,"excerpt":"Nach einer Hirnverletzung mit Hemiparese wird der Alltag oft zur Herausforderung: Dinge greifen, \u00f6ffnen, halten \u2013 pl\u00f6tzlich braucht alles neue Wege. Doch genau hier beginnt die kreative Seite der Rehabilitation. Viele Alltagsgegenst\u00e4nde lassen sich umfunktionieren, um die fehlende Hand oder Arm zu ersetzen. Das Ziel ist nicht Perfektion, sondern Selbstst\u00e4ndigkeit\u2026","rel":"","context":"In &quot;Haushalt&quot;","block_context":{"text":"Haushalt","link":"https:\/\/www.vitalibera.org\/community\/category\/beitraege\/eingeschraenkt-im-alltag\/alltag\/haushalt\/"},"img":{"alt_text":"","src":"https:\/\/i0.wp.com\/www.vitalibera.org\/community\/wp-content\/uploads\/2026\/08\/idea0009.png?resize=350%2C200&ssl=1","width":350,"height":200},"classes":[]},{"id":6461,"url":"https:\/\/www.vitalibera.org\/community\/2026\/04\/01\/alltags-hilfsmittel-bei-hemiparese\/","url_meta":{"origin":8456,"position":4},"title":"Alltags-Hilfsmittel bei Hemiparese","author":"Andreas Jecklin","date":"1 April, 2026","format":false,"excerpt":"Die wichtigsten Alltags\u2011Hilfsmittel bei Hemiparese sind jene, die dir einseitige Nutzung erleichtern, Spastik reduzieren und Selbstst\u00e4ndigkeit zur\u00fcckgeben. Besonders hilfreich sind Greifhilfen, Einhand\u2011K\u00fcchenutensilien, Orthesen und Griffverdickungen. Die folgenden Empfehlungen basieren auf aktuellen, verl\u00e4sslichen Quellen und decken die Bereiche Essen, K\u00f6rperpflege, Mobilit\u00e4t und Handfunktion ab. Wichtig: Das ultimativ richtige Hilfsmittel ist immer\u2026","rel":"","context":"In &quot;Alltag&quot;","block_context":{"text":"Alltag","link":"https:\/\/www.vitalibera.org\/community\/category\/beitraege\/eingeschraenkt-im-alltag\/alltag\/"},"img":{"alt_text":"","src":"https:\/\/i0.wp.com\/www.vitalibera.org\/community\/wp-content\/uploads\/2026\/04\/hemi1.png?resize=350%2C200&ssl=1","width":350,"height":200},"classes":[]},{"id":8252,"url":"https:\/\/www.vitalibera.org\/community\/2026\/06\/25\/selbststaendige-zahnpflege-bei-hemiparese-nach-hirnverletzung\/","url_meta":{"origin":8456,"position":5},"title":"Selbstst\u00e4ndige Zahnpflege bei Hemiparese nach Hirnverletzung","author":"Andreas Jecklin","date":"25 Juni, 2026","format":false,"excerpt":"Eine Hirnverletzung mit nachfolgender Hemiparese f\u00fchrt h\u00e4ufig zu erheblichen Einschr\u00e4nkungen in der Alltagsbew\u00e4ltigung. Auch einfache T\u00e4tigkeiten wie die Zahnpflege k\u00f6nnen durch einseitige L\u00e4hmung, verminderte Feinmotorik oder Koordinationsprobleme erschwert sein. Dennoch stellt die selbstst\u00e4ndige Mundhygiene einen wichtigen Bestandteil der Rehabilitation und Lebensqualit\u00e4t dar. Durch gezielte Anpassungen, geeignete Hilfsmittel und therapeutische Unterst\u00fctzung\u2026","rel":"","context":"In &quot;Pflege&quot;","block_context":{"text":"Pflege","link":"https:\/\/www.vitalibera.org\/community\/category\/beitraege\/eingeschraenkt-im-alltag\/alltag\/pflege\/"},"img":{"alt_text":"","src":"https:\/\/i0.wp.com\/www.vitalibera.org\/community\/wp-content\/uploads\/2026\/06\/zahn14.png?resize=350%2C200&ssl=1","width":350,"height":200},"classes":[]}],"jetpack_featured_media_url":"https:\/\/www.vitalibera.org\/community\/wp-content\/uploads\/2026\/07\/guertel442.png","_links":{"self":[{"href":"https:\/\/www.vitalibera.org\/community\/wp-json\/wp\/v2\/posts\/8456","targetHints":{"allow":["GET"]}}],"collection":[{"href":"https:\/\/www.vitalibera.org\/community\/wp-json\/wp\/v2\/posts"}],"about":[{"href":"https:\/\/www.vitalibera.org\/community\/wp-json\/wp\/v2\/types\/post"}],"author":[{"embeddable":true,"href":"https:\/\/www.vitalibera.org\/community\/wp-json\/wp\/v2\/users\/2"}],"replies":[{"embeddable":true,"href":"https:\/\/www.vitalibera.org\/community\/wp-json\/wp\/v2\/comments?post=8456"}],"version-history":[{"count":3,"href":"https:\/\/www.vitalibera.org\/community\/wp-json\/wp\/v2\/posts\/8456\/revisions"}],"predecessor-version":[{"id":8733,"href":"https:\/\/www.vitalibera.org\/community\/wp-json\/wp\/v2\/posts\/8456\/revisions\/8733"}],"wp:featuredmedia":[{"embeddable":true,"href":"https:\/\/www.vitalibera.org\/community\/wp-json\/wp\/v2\/media\/8457"}],"wp:attachment":[{"href":"https:\/\/www.vitalibera.org\/community\/wp-json\/wp\/v2\/media?parent=8456"}],"wp:term":[{"taxonomy":"category","embeddable":true,"href":"https:\/\/www.vitalibera.org\/community\/wp-json\/wp\/v2\/categories?post=8456"},{"taxonomy":"post_tag","embeddable":true,"href":"https:\/\/www.vitalibera.org\/community\/wp-json\/wp\/v2\/tags?post=8456"}],"curies":[{"name":"wp","href":"https:\/\/api.w.org\/{rel}","templated":true}]}}